{"id":205,"date":"2018-12-20T16:05:41","date_gmt":"2018-12-20T16:05:41","guid":{"rendered":"https:\/\/the-travel-bunny-com.lyricalstaging.com\/fr\/?p=205"},"modified":"2026-03-26T08:52:28","modified_gmt":"2026-03-26T08:52:28","slug":"pourquoi-celebrer-noel-a-madrid","status":"publish","type":"post","link":"https:\/\/www.the-travel-bunny.com\/fr\/pourquoi-celebrer-noel-a-madrid\/","title":{"rendered":"Itin\u00e9raire pour No\u00ebl \u00e0 Madrid. Guide des vacances \u00e0 Madrid en hiver 2025"},"content":{"rendered":"\n<div class=\"wp-block-columns are-vertically-aligned-top is-layout-flex wp-container-core-columns-is-layout-9d6595d7 wp-block-columns-is-layout-flex\">\n<div class=\"wp-block-column is-vertically-aligned-top is-layout-flow wp-block-column-is-layout-flow\">\n<p><strong>No\u00ebl \u00e0 Madrid<\/strong> frappe autrement. D\u00e8s que les luminaires s\u2019allument sur Gran V\u00eda et Sol, la ville cesse de faire semblant d\u2019\u00eatre en automne. De fin novembre \u00e0 d\u00e9but janvier, tout change. Les rues restent pleines bien apr\u00e8s minuit. Les habitant\u00b7es font la queue pour le turr\u00f3n et les ch\u00e2taignes grill\u00e9es. Des shows lumineux transforment des quartiers entiers. Si vous prenez au s\u00e9rieux les <strong>voyages de No\u00ebl en Espagne<\/strong>, c\u2019est ici qu\u2019il faut regarder.<\/p>\n\n\n\n<p>Aucune autre ville ne vit <strong>Madrid \u00e0 No\u00ebl<\/strong> comme Madrid. Plus de treize millions de LED couvrent 240 rues. Chaque district participe. Et rien n\u2019est laiss\u00e9 au hasard. Des architectes et designers de haut niveau con\u00e7oivent les installations. Elles s\u2019allument fin novembre et restent actives jusqu\u2019\u00e0 l\u2019\u00c9piphanie.<\/p>\n<\/div>\n\n\n\n<div class=\"wp-block-column is-vertically-aligned-top is-layout-flow wp-block-column-is-layout-flow\" style=\"flex-basis:60%\">\n<div class=\"wp-block-rank-math-toc-block\" id=\"rank-math-toc\"><h2>Guide Visite Madrid \u00e0 No\u00ebl<\/h2><nav><ul><li class=\"\"><a href=\"#when-does-madrid-celebrate-christmas\">C&rsquo;est quand No\u00ebl \u00e0 Madrid ?<\/a><\/li><li class=\"\"><a href=\"#madrid-december-weather-what-to-pack\">M\u00e9t\u00e9o \u00e0 Madrid en d\u00e9cembre et quoi emporter<\/a><\/li><li class=\"\"><a href=\"#madrid-christmas-lights-trails-and-city-decorations\">Illuminations de no\u00ebl \u00e0 Madrid et d\u00e9corations urbaines<\/a><\/li><li class=\"\"><a href=\"#madrids-christmas-markets-with-dates\">March\u00e9s de No\u00ebl Madrid avec dates 2025<\/a><\/li><li class=\"\"><a href=\"#must-book-christmas-attractions\">Attractions \u00e0 r\u00e9server absolument pour No\u00ebl \u00e0 Madrid<\/a><\/li><li class=\"\"><a href=\"#what-to-do-in-madrid-on-christmas-day-dec-25\">Que faire \u00e0 Madrid \u00e0 No\u00ebl le 25 d\u00e9cembre<\/a><\/li><li class=\"\"><a href=\"#local-traditions-festivities-cultural-experiences\">Traditions locales, festivit\u00e9s et exp\u00e9riences culturelles \u00e0 Madrid<\/a><\/li><li class=\"\"><a href=\"#what-to-eat-in-madrid-at-christmas-holiday-foods-seasonal-treats\">Que manger \u00e0 Madrid \u00e0 No\u00ebl. Sp\u00e9cialit\u00e9s et douceurs de saison<\/a><\/li><li class=\"\"><a href=\"#traditions-in-madrid-during-christmas\">Guide H\u00e9bergements No\u00ebl \u00e0 Madrid<\/a><\/li><li class=\"\"><a href=\"#madrid-christmas-shopping-gifts\">Shopping de No\u00ebl \u00e0 Madrid et Id\u00e9es Cadeaux<\/a><\/li><li class=\"\"><a href=\"#family-friendly-christmas-activities\">Activit\u00e9s de No\u00ebl pour les familles \u00e0 Madrid<\/a><\/li><li class=\"\"><a href=\"#madrid-nightlife-music-and-concerts\">Vie nocturne, musique et concerts \u00e0 Madrid<\/a><\/li><li class=\"\"><a href=\"#getting-around-madrid-at-christmas\">Se d\u00e9placer \u00e0 Madrid \u00e0 No\u00ebl<\/a><\/li><li class=\"\"><a href=\"#day-trips-from-madrid-during-the-holiday-season\">Excursions depuis Madrid pendant la saison des f\u00eates<\/a><\/li><li class=\"\"><a href=\"#ch\">Questions fr\u00e9quentes No\u00ebl \u00e0 Madrid<\/a><\/li><li class=\"\"><a href=\"#find-the-joy-of-christmas-in-madrid-a-festive-destination-for-all\">Trouver la joie de No\u00ebl \u00e0 Madrid, une destination festive pour toutes et tous<\/a><\/li><li class=\"\"><a href=\"#about-the-author\">\u00c0 propos des autrices<\/a><\/li><\/ul><\/nav><\/div>\n<\/div>\n<\/div>\n\n\n\n<p><strong>La ville en p\u00e9riode de No\u00ebl reste bruyante<\/strong>, affirm\u00e9e et tourn\u00e9e vers l\u2019ext\u00e9rieur. Oubliez les chemin\u00e9es douillettes. Ici, on boit du chocolat chaud sur les places, on ach\u00e8te des pi\u00e8ces d\u2019artisanat sous des arches illumin\u00e9es et on parle fort au-dessus des fanfares de la Calle Mayor. Envie d\u2019un rythme plus calme? Marchez dans <strong>le parc du Retiro le soir<\/strong>. Ils illuminent tout le parc pour l\u2019hiver.<\/p>\n\n\n\n<p><strong>Le guide de No\u00ebl \u00e0 Madrid de The Travel Bunny<\/strong> vous donne l\u2019essentiel: ce qu\u2019il faut voir, o\u00f9 manger, ce qui reste ouvert le 25, et comment \u00e9viter les foules. Que vous cherchiez des traditions discr\u00e8tes ou un spectacle total, les activit\u00e9s de No\u00ebl Madrid couvrent toutes les envies.<\/p>\n\n\n\n<p>C\u2019est l\u2019un des meilleurs endroits pour se sentir \u00e0 la fois local\u00b7e et \u00e9merveill\u00e9\u00b7e. Si vous visez un <strong>s\u00e9jour de No\u00ebl \u00e0 Madrid<\/strong> avec les lumi\u00e8res, la nourriture et les nuits tardives, commencez ici. Avec une bonne pr\u00e9paration, vous comprendrez pourquoi <strong>les \u00e9v\u00e9nements de No\u00ebl Madrid<\/strong> attirent autant, ann\u00e9e apr\u00e8s ann\u00e9e.<\/p>\n\n\n\n<p>Continuez pour les horaires des march\u00e9s, les ouvertures de restaurants, les parcours de la parade des Rois et des conseils r\u00e9els pris sur le terrain. Voici votre carte pour savoir <strong>o\u00f9 aller \u00e0 Madrid \u00e0 No\u00ebl<\/strong>, jusqu\u2019au dernier churro. Votre organisation pour <strong>que faire \u00e0 Madrid \u00e0 No\u00ebl<\/strong> commence maintenant.<\/p>\n\n\n\n<p class=\"has-pale-cyan-blue-background-color has-background has-small-font-size\"><strong>Remarque:<\/strong> Certains des liens ci-dessous sont des liens d&rsquo;affiliation. Cela signifie que, sans frais suppl\u00e9mentaires pour vous, The Travel Bunny gagnera une petite commission si vous cliquez dessus et effectuez un achat. Merci!<\/p>\n\n\n\n<hr class=\"wp-block-separator has-alpha-channel-opacity\"\/>\n\n\n\n<figure class=\"wp-block-image size-full\"><img loading=\"lazy\" decoding=\"async\" width=\"792\" height=\"294\" src=\"https:\/\/www.the-travel-bunny.com\/fr\/wp-content\/uploads\/sites\/3\/2018\/12\/Marche-de-Noel-Plaza-Mayor-Madrid-nuit-fete.jpg\" alt=\"Vue nocturne du marche de Noel sur la Plaza Mayor a Madrid avec un grand sapin illumine et des stands rouges.\" class=\"wp-image-8248\" title=\"\" srcset=\"https:\/\/www.the-travel-bunny.com\/fr\/wp-content\/uploads\/sites\/3\/2018\/12\/Marche-de-Noel-Plaza-Mayor-Madrid-nuit-fete.jpg 792w, https:\/\/www.the-travel-bunny.com\/fr\/wp-content\/uploads\/sites\/3\/2018\/12\/Marche-de-Noel-Plaza-Mayor-Madrid-nuit-fete-300x111.jpg 300w, https:\/\/www.the-travel-bunny.com\/fr\/wp-content\/uploads\/sites\/3\/2018\/12\/Marche-de-Noel-Plaza-Mayor-Madrid-nuit-fete-768x285.jpg 768w\" sizes=\"auto, (max-width: 792px) 100vw, 792px\" \/><figcaption class=\"wp-element-caption\"><em>La Plaza Mayor se transforme en le march\u00e9 de No\u00ebl Madrid le plus embl\u00e9matique chaque mois de d\u00e9cembre. Les stands lumineux, le g\u00e9ant sapin de No\u00ebl Puerta del Sol et la foule cr\u00e9ent une sc\u00e8ne typique de No\u00ebl \u00e0 Madrid en plein centre historique.<\/em><\/figcaption><\/figure>\n\n\n\n<h2 class=\"wp-block-heading\" id=\"when-does-madrid-celebrate-christmas\">C&rsquo;est quand No\u00ebl \u00e0 Madrid ?<\/h2>\n\n\n\n<p>Comme dans d\u2019autres destinations hivernales tr\u00e8s visit\u00e9es, <strong>Madrid \u00e0 No\u00ebl<\/strong> ne commence pas en d\u00e9cembre. La saison d\u00e9marre mi-novembre et atteint son apog\u00e9e d\u00e9but janvier avec l\u2019arriv\u00e9e de la grande <strong>parade des Rois Mages Madrid<\/strong>. Si vous voyagez \u00e0 cette p\u00e9riode, le calendrier compte vraiment. Certains \u00e9v\u00e9nements de No\u00ebl Madrid ont lieu avant le 25 d\u00e9cembre, d\u2019autres se prolongent apr\u00e8s le nouvel an. Voici un aper\u00e7u complet du <strong>calendrier de No\u00ebl \u00e0 Madrid<\/strong>, avec les dates essentielles pour chaque voyageur ou expatri\u00e9<\/p>\n\n\n\n<div style=\"height:10px\" aria-hidden=\"true\" class=\"wp-block-spacer\"><\/div>\n\n\n\n<h3 class=\"wp-block-heading\" id=\"when-does-madrid-put-up-christmas-lights\">Quand s&rsquo;allument les illuminations de No\u00ebl Madrid?<\/h3>\n\n\n\n<p>Madrid appuie sur l\u2019interrupteur le <strong>22 novembre<\/strong>. C\u2019est ce jour-l\u00e0 que la mairie lance officiellement les <strong><a href=\"https:\/\/www.navidadmadrid.com\/es\/programa\" target=\"_blank\" rel=\"noreferrer noopener\">illuminations de No\u00ebl Madrid<\/a><\/strong>. Plus de treize millions de LED illuminent les rues des vingt et un districts, avec des installations cr\u00e9\u00e9es par de grands designers. Les parcours changent chaque ann\u00e9e, mais des axes majeurs comme Gran V\u00eda, Calle de Alcal\u00e1 et Serrano restent incontournables.<\/p>\n\n\n\n<p>Si vous vous demandez <strong><em>quand voir les lumi\u00e8res de No\u00ebl \u00e0 Madrid<\/em><\/strong>, prenez ce rep\u00e8re. La plupart des quartiers et vitrines sont d\u00e9cor\u00e9s d\u00e8s la troisi\u00e8me semaine de novembre. Les sapins suivent rapidement, y compris le plus attendu sur la Puerta del Sol.<\/p>\n\n\n\n<hr class=\"wp-block-separator has-alpha-channel-opacity is-style-dots\"\/>\n\n\n\n<h3 class=\"wp-block-heading\">Jours de la Constitution et de l\u2019Immacul\u00e9e Conception<\/h3>\n\n\n\n<p><strong>La saison des f\u00eates \u00e0 Madrid<\/strong> s\u2019acc\u00e9l\u00e8re d\u00e9but d\u00e9cembre avec deux jours f\u00e9ri\u00e9s: le <strong>D\u00eda de la Constituci\u00f3n<\/strong> le 6 d\u00e9cembre et <strong>l\u2019Immacul\u00e9e Conception<\/strong> le 8 d\u00e9cembre. Ce long week-end marque le lancement des premiers march\u00e9s de No\u00ebl Madrid, attire les voyageurs nationaux et remplit les boutiques.<\/p>\n\n\n\n<p class=\"has-extra-info-background-color has-background\"><strong>Astuce Voyage Madrid No\u00ebl<\/strong>: Si vous arrivez cette semaine-l\u00e0, r\u00e9servez t\u00f4t. Les trains, h\u00f4tels et vols affichent vite complet<\/p>\n\n\n\n<hr class=\"wp-block-separator has-alpha-channel-opacity is-style-dots\"\/>\n\n\n\n<h3 class=\"wp-block-heading\">Quand commence No\u00ebl \u00e0 Madrid?<\/h3>\n\n\n\n<p><strong>No\u00ebl \u00e0 Madrid commence r\u00e9ellement avec la Nochebuena Madrid du 24 d\u00e9cembre<\/strong>, m\u00eame si les illuminations de No\u00ebl Madrid et les jours f\u00e9ri\u00e9s s\u2019installent plus t\u00f4t. C\u2019est la veille de No\u00ebl et la journ\u00e9e familiale la plus importante de l\u2019ann\u00e9e. En Espagne, c\u2019est le moment o\u00f9 les familles se r\u00e9unissent pour leur grand d\u00eener festif. Les rues se vident, les commerces ferment, le transport public Madrid No\u00ebl ralentit et les personnes qui ne r\u00e9servent pas \u00e0 l\u2019avance se retrouvent souvent devant des restaurants ferm\u00e9s.<\/p>\n\n\n\n<hr class=\"wp-block-separator has-alpha-channel-opacity is-style-dots\"\/>\n\n\n\n<h3 class=\"wp-block-heading\">No\u00ebl \u00e0 Madrid le 25 d\u00e9cembre<\/h3>\n\n\n\n<p><strong>Le jour de No\u00ebl en Espagne reste calme<\/strong>. Le jour de No\u00ebl tombe le 25 d\u00e9cembre et la ville tourne au ralenti. La plupart des magasins et lieux culturels ferment. Certains restaurants d\u2019h\u00f4tel restent ouverts et quelques caf\u00e9s de churros comme San Gin\u00e9s fonctionnent en horaires r\u00e9duits. Ce n\u2019est pas une journ\u00e9e pour improviser, donc v\u00e9rifiez les horaires et r\u00e9servez \u00e0 l\u2019avance.<\/p>\n\n\n\n<hr class=\"wp-block-separator has-alpha-channel-opacity is-style-dots\"\/>\n\n\n\n<h3 class=\"wp-block-heading\">Nouvel An \u00e0 Madrid ou <em>Nochevieja<\/em><\/h3>\n\n\n\n<p><strong>Le r\u00e9veillon \u00e0 Madrid commence le 31 d\u00e9cembre<\/strong>. La plus grande f\u00eate se d\u00e9roule \u00e0 <strong>Puerta del Sol<\/strong>, o\u00f9 des milliers de personnes mangent les 12 raisins \u00e0 minuit. Si vous voulez participer, arrivez t\u00f4t. La police ferme l\u2019acc\u00e8s une fois la place pleine. Le m\u00e9tro Madrid horaires f\u00eates reste ouvert toute la nuit, mais certaines rues ferment. Choisissez un h\u00e9bergement accessible \u00e0 pied ou situ\u00e9 dans les zones de transit ouvertes.<\/p>\n\n\n\n<hr class=\"wp-block-separator has-alpha-channel-opacity is-style-dots\"\/>\n\n\n\n<h3 class=\"wp-block-heading\">Parade des Reyes Magos Madrid<\/h3>\n\n\n\n<p><strong>La parade des Reyes Magos Madrid a lieu le 5 janvier au soir<\/strong>. C\u2019est l\u2019\u00e9v\u00e9nement familial le plus important du <strong>calendrier de No\u00ebl \u00e0 Madrid<\/strong>. Des chars, danseurs et les Trois Rois avancent dans la ville et lancent des bonbons. Le parcours principal suit souvent le Paseo de la Castellana et se termine pr\u00e8s de Cibeles. Attendez-vous \u00e0 des fermetures de rues et \u00e0 une foule dense.<\/p>\n\n\n\n<hr class=\"wp-block-separator has-alpha-channel-opacity is-style-dots\"\/>\n\n\n\n<h3 class=\"wp-block-heading\"><em>D\u00eda de Reyes<\/em> ou \u00c9piphanie<\/h3>\n\n\n\n<p><strong>Le D\u00eda de Reyes du 6 janvier cl\u00f4t la saison de No\u00ebl \u00e0 Madrid<\/strong>. Les enfants espagnols re\u00e7oivent leurs cadeaux des Rois Mages, pas du P\u00e8re No\u00ebl. La plupart des commerces restent ferm\u00e9s. Les boulangeries vendent leur <strong>rosc\u00f3n de reyes Madrid<\/strong> d\u00e8s l\u2019aube et les stocks s\u2019\u00e9puisent vite. Si vous voulez vivre cette <strong><a href=\"https:\/\/www.the-travel-bunny.com\/fr\/coutumes-traditions-de-noel-en-europe\/\" data-type=\"post\" data-id=\"195\">tradition de No\u00ebl<\/a><\/strong>, sortez t\u00f4t et faites la queue dans une pasteler\u00eda locale.<\/p>\n\n\n\n<div style=\"height:10px\" aria-hidden=\"true\" class=\"wp-block-spacer\"><\/div>\n\n\n\n<p><strong>Ces dates structurent le calendrier des \u00e9v\u00e9nements de No\u00ebl \u00e0 Madrid<\/strong>. Si vous pr\u00e9parez un voyage, elles vous aideront \u00e0 organiser vos vols, r\u00e9servations et visites. Certaines des plus belles exp\u00e9riences, comme les march\u00e9s de No\u00ebl Madrid, les spectacles culturels ou les lumi\u00e8res de la ville, commencent bien avant le 25 d\u00e9cembre. D\u2019autres, comme les journ\u00e9es des Rois Mages, prolongent les f\u00eates jusqu\u2019au d\u00e9but de la nouvelle ann\u00e9e.<\/p>\n\n\n\n<hr class=\"wp-block-separator has-alpha-channel-opacity\"\/>\n\n\n\n<figure class=\"wp-block-image size-full\"><img loading=\"lazy\" decoding=\"async\" width=\"792\" height=\"294\" src=\"https:\/\/www.the-travel-bunny.com\/fr\/wp-content\/uploads\/sites\/3\/2018\/12\/Neige-a-Madrid-hiver-rue-residentielle-Noel.jpg\" alt=\"Rue residentielle de Madrid couverte de neige avec arbres et immeubles bordant une allee blanche.\" class=\"wp-image-8250\" title=\"\" srcset=\"https:\/\/www.the-travel-bunny.com\/fr\/wp-content\/uploads\/sites\/3\/2018\/12\/Neige-a-Madrid-hiver-rue-residentielle-Noel.jpg 792w, https:\/\/www.the-travel-bunny.com\/fr\/wp-content\/uploads\/sites\/3\/2018\/12\/Neige-a-Madrid-hiver-rue-residentielle-Noel-300x111.jpg 300w, https:\/\/www.the-travel-bunny.com\/fr\/wp-content\/uploads\/sites\/3\/2018\/12\/Neige-a-Madrid-hiver-rue-residentielle-Noel-768x285.jpg 768w\" sizes=\"auto, (max-width: 792px) 100vw, 792px\" \/><figcaption class=\"wp-element-caption\"><em>De fortes chutes de neige transforment un quartier de Madrid en sc\u00e8ne hivernale rare. Les arbres blancs et les rues silencieuses r\u00e9v\u00e8lent une facette paisible de la ville que peu de visiteurs associent \u00e0 <em>No\u00ebl \u00e0 Madrid<\/em>.<\/em><\/figcaption><\/figure>\n\n\n\n<h2 class=\"wp-block-heading\" id=\"madrid-december-weather-what-to-pack\">M\u00e9t\u00e9o \u00e0 Madrid en d\u00e9cembre et quoi emporter<\/h2>\n\n\n\n<p>Vous pr\u00e9voyez un <strong>s\u00e9jour \u00e0 Madrid pour No\u00ebl<\/strong>? Attendez-vous \u00e0 un ciel lumineux, des soir\u00e9es froides et une fra\u00eecheur s\u00e8che qui tombe d\u00e8s le coucher du soleil. Que vous sortiez pour les illuminations de No\u00ebl ou que vous traversiez les march\u00e9s de No\u00ebl, comprendre la <strong><a href=\"https:\/\/weather.com\/en-GB\/weather\/monthly\/l\/1e17152a1d91d9b48200f253f825e729b741b326883aaf255ed1951091dc4806\" target=\"_blank\" rel=\"noreferrer noopener\">m\u00e9t\u00e9o de d\u00e9cembre \u00e0 Madrid<\/a><\/strong> vous aide \u00e0 pr\u00e9parer la valise id\u00e9ale. Cette section du guide de No\u00ebl de The Travel Bunny explique \u00e0 quoi vous attendre, r\u00e9pond \u00e0 la question <em>neige-t-il \u00e0 Madrid \u00e0 No\u00ebl<\/em> et propose une <strong>liste de v\u00eatements pour Madrid en hiver<\/strong> pour rester au chaud sans trop charger vos bagages.<\/p>\n\n\n\n<div style=\"height:10px\" aria-hidden=\"true\" class=\"wp-block-spacer\"><\/div>\n\n\n\n<h3 class=\"wp-block-heading\">Quel temps \u00e0 Madrid \u00e0 No\u00ebl?<\/h3>\n\n\n\n<p><strong>La m\u00e9t\u00e9o Madrid No\u00ebl<\/strong> surprend souvent les voyageurs. La ville g\u00e8le rarement, mais les temp\u00e9ratures tournent autour de 10\u00b0C le jour et descendent souvent \u00e0 3\u00b0C la nuit. L\u2019hiver est sec et le vent peut renforcer la sensation de froid sur les grandes places ou les avenues comme la Gran V\u00eda. Pr\u00e9voyez des habits d\u2019hiver, sans sortir les chaussures de neige.<\/p>\n\n\n\n<hr class=\"wp-block-separator has-alpha-channel-opacity is-style-dots\"\/>\n\n\n\n<h3 class=\"wp-block-heading\">Fait-il froid \u00e0 Madrid en d\u00e9cembre?<\/h3>\n\n\n\n<p>Oui, <strong>il fait froid \u00e0 Madrid \u00e0 No\u00ebl<\/strong>, surtout si vous venez du sud de <strong><a href=\"https:\/\/www.the-travel-bunny.com\/fr\/categorie\/europe\/espagne\/\" data-type=\"category\" data-id=\"32\">l&rsquo;Espagne<\/a><\/strong> ou des villes c\u00f4ti\u00e8res. L\u2019altitude d\u2019environ 650 m\u00e8tres accentue la morsure du froid. Les matin\u00e9es restent vives et la fra\u00eecheur persiste le soir. M\u00eame si le soleil appara\u00eet souvent, l\u2019air demeure piquant. Toute personne se demandant <strong><em>quelle est la temp\u00e9rature \u00e0 Madrid pendant No\u00ebl?<\/em><\/strong> doit se pr\u00e9parer \u00e0 cet hiver castillan sec.<\/p>\n\n\n\n<hr class=\"wp-block-separator has-alpha-channel-opacity is-style-dots\"\/>\n\n\n\n<h3 class=\"wp-block-heading\">Il neige \u00e0 Madrid \u00e0 No\u00ebl?<\/h3>\n\n\n\n<p>Non, la <strong>neige \u00e0 Madrid en decembre<\/strong> est tr\u00e8s rare. La ville se situe sur un plateau et re\u00e7oit peu de pr\u00e9cipitations en hiver. On peut observer un peu de givre ou un l\u00e9ger gr\u00e9sil une ou deux fois par saison, mais rien qui tienne au sol. Pour un vrai d\u00e9cor enneig\u00e9, mieux vaut pr\u00e9voir une excursion vers la Sierra de Guadarrama.<\/p>\n\n\n\n<hr class=\"wp-block-separator has-alpha-channel-opacity is-style-dots\"\/>\n\n\n\n<h3 class=\"wp-block-heading\">Que porter \u00e0 Madrid en d\u00e9cembre<\/h3>\n\n\n\n<p>Les habitants misent sur les couches. Faites de m\u00eame. Si vous h\u00e9sitez sur <strong>que porter \u00e0 Madrid \u00e0 No\u00ebl<\/strong>, imaginez un haut thermique, un pull, un manteau doubl\u00e9, un jean ou un pantalon chaud et une \u00e9charpe. Ajoutez des gants et un bonnet pour les soir\u00e9es ou si vous pr\u00e9voyez d\u2019admirer les lumi\u00e8res longtemps.<\/p>\n\n\n\n<hr class=\"wp-block-separator has-alpha-channel-opacity is-style-dots\"\/>\n\n\n\n<h3 class=\"wp-block-heading\">Liste de bagages pour l\u2019hiver \u00e0 Madrid<\/h3>\n\n\n\n<p>Voici une base pour votre valise hivernale, pens\u00e9e pour <strong>quoi emporter pour Madrid \u00e0 No\u00ebl<\/strong>:<\/p>\n\n\n\n<ul class=\"wp-block-list\">\n<li>Manteau chaud, id\u00e9alement coupe-vent<\/li>\n\n\n\n<li>\u00c9charpe<\/li>\n\n\n\n<li>Gants<\/li>\n\n\n\n<li>Bottes ou chaussures de marche imperm\u00e9ables<\/li>\n\n\n\n<li>Couches thermiques<\/li>\n\n\n\n<li>Jeans fonc\u00e9s ou pantalon doubl\u00e9<\/li>\n\n\n\n<li>Tenue chic-d\u00e9contract\u00e9e pour les d\u00eeners<\/li>\n\n\n\n<li>Petit parapluie pour les rares bruines<\/li>\n\n\n\n<li>Batterie externe, car le froid vide rapidement les t\u00e9l\u00e9phones<\/li>\n<\/ul>\n\n\n\n<hr class=\"wp-block-separator has-alpha-channel-opacity is-style-dots\"\/>\n\n\n\n<h3 class=\"wp-block-heading\">Que Mettre dans sa Valise pour No\u00ebl \u00e0 Madrid<\/h3>\n\n\n\n<p>Si vous arrivez pendant la <strong>saison de No\u00ebl \u00e0 Madrid<\/strong>, pensez tenue citadine avec chaleur. Savoir <strong>quoi emporter pour Madrid \u00e0 No\u00ebl<\/strong> fait gagner du temps et de la place. Vous n\u2019aurez pas besoin d\u2019\u00e9quipement de neige, mais il vous faudra des options pour les visites et les sorties du soir. Un petit sac bandouli\u00e8re s\u00e9curise mieux vos affaires sur les march\u00e9s de No\u00ebl Madrid et dans le m\u00e9tro. Laissez les talons et les baskets fragiles \u00e0 la maison.<\/p>\n\n\n\n<hr class=\"wp-block-separator has-alpha-channel-opacity is-style-dots\"\/>\n\n\n\n<h3 class=\"wp-block-heading\">Que Porter \u00e0 Madrid en D\u00e9cembre comme les Habitants<\/h3>\n\n\n\n<p>Les Madril\u00e8nes adorent les manteaux. Ils adorent aussi les bottes. Vous verrez tout, du caban en laine \u00e0 la doudoune en cuir. Pour garder du style sans grelotter, prenez exemple sur eux. Vous vous demandez <strong>que porter \u00e0 Madrid en d\u00e9cembre<\/strong> selon les usages locaux? Comptez toujours sur une sensation plus froide que ce qu\u2019indique la m\u00e9t\u00e9o nocturne. Superposez intelligemment et restez \u00e0 l\u2019aise.<\/p>\n\n\n\n<hr class=\"wp-block-separator has-alpha-channel-opacity is-style-dots\"\/>\n\n\n\n<h3 class=\"wp-block-heading\">M\u00e9t\u00e9o Madrid No\u00ebl. Lumi\u00e8re du Jour et Conditions<\/h3>\n\n\n\n<p>La plupart du temps, la <strong>m\u00e9t\u00e9o Madrid No\u00ebl<\/strong> reste ensoleill\u00e9e et vive. La pluie arrive rarement. Les journ\u00e9es sont courtes, avec un coucher de soleil autour de 17h45. Ce rythme impose une planification serr\u00e9e. Pour profiter de la lumi\u00e8re naturelle en photo, sortez en fin de matin\u00e9e. Les soir\u00e9es se pr\u00eatent aux illuminations de No\u00ebl Madrid, aux d\u00eeners et aux promenades dans les march\u00e9s. Prenez toujours un manteau, quelle que soit la pr\u00e9vision!<\/p>\n\n\n\n<hr class=\"wp-block-separator has-alpha-channel-opacity is-style-dots\"\/>\n\n\n\n<h3 class=\"wp-block-heading\">Combien Co\u00fbte Madrid \u00e0 No\u00ebl?<\/h3>\n\n\n\n<p><strong>Le prix de Madrid \u00e0 No\u00ebl<\/strong> d\u00e9pend du moment. Les vols et les h\u00f4tels grimpent de la mi-d\u00e9cembre au 6 janvier. R\u00e9servez t\u00f4t pour \u00e9viter les tarifs de pointe. Les restaurants et caf\u00e9s ne majorent pas vraiment leurs prix, mais certains menus de f\u00eate sont propos\u00e9s \u00e0 co\u00fbt fixe. Les march\u00e9s couvrent plusieurs budgets, m\u00eame si les <strong>cadeaux artisanaux Madrid<\/strong> de qualit\u00e9 ne sont pas donn\u00e9s. Les transports gardent leurs tarifs, mais les taxis se rar\u00e9fient les jours f\u00e9ri\u00e9s.<\/p>\n\n\n\n<hr class=\"wp-block-separator has-alpha-channel-opacity\"\/>\n\n\n\n<figure class=\"wp-block-image size-full\"><img loading=\"lazy\" decoding=\"async\" width=\"792\" height=\"263\" src=\"https:\/\/www.the-travel-bunny.com\/fr\/wp-content\/uploads\/sites\/3\/2021\/06\/Lumieres-de-Noel-a-Madrid.jpg\" alt=\"Illuminations de Noel dans plusieurs rues et sur une facade de Madrid avec motifs lumineux colores.\" class=\"wp-image-1483\" title=\"\" srcset=\"https:\/\/www.the-travel-bunny.com\/fr\/wp-content\/uploads\/sites\/3\/2021\/06\/Lumieres-de-Noel-a-Madrid.jpg 792w, https:\/\/www.the-travel-bunny.com\/fr\/wp-content\/uploads\/sites\/3\/2021\/06\/Lumieres-de-Noel-a-Madrid-300x100.jpg 300w, https:\/\/www.the-travel-bunny.com\/fr\/wp-content\/uploads\/sites\/3\/2021\/06\/Lumieres-de-Noel-a-Madrid-768x255.jpg 768w\" sizes=\"auto, (max-width: 792px) 100vw, 792px\" \/><figcaption class=\"wp-element-caption\"><em>Madrid d\u00e9ploie tout son savoir-faire pour No\u00ebl avec des illuminations dans toute la ville. Des tunnels lumineux aux installations sign\u00e9es dans Chueca en passant par la fa\u00e7ade d\u2019El Corte Ingl\u00e9s, chaque rue apporte quelque chose d\u2019unique \u00e0 la saison.<\/em><\/figcaption><\/figure>\n\n\n\n<h2 class=\"wp-block-heading\" id=\"madrid-christmas-lights-trails-and-city-decorations\">Illuminations de no\u00ebl \u00e0 Madrid et d\u00e9corations urbaines<\/h2>\n\n\n\n<p>Les <strong>illuminations de No\u00ebl Madrid<\/strong> forment le c\u0153ur de la saison. Plus de 13 millions de LED \u00e9clairent 240 rues r\u00e9parties dans les 21 districts, transformant la ville en une immense galerie \u00e0 ciel ouvert. Que vous marchiez avec des ami\u00b7es ou veniez d\u2019arriver comme expatri\u00e9\u00b7e, les lumi\u00e8res suffisent \u00e0 rendre d\u00e9cembre incontournable. Voici comment voir les meilleurs d\u00e9cors, les horaires d\u2019allumage et comment prendre <strong>le bus Naviluz Madrid<\/strong> si vous souhaitez \u00e9viter de tout faire \u00e0 pied.<\/p>\n\n\n\n<div style=\"height:10px\" aria-hidden=\"true\" class=\"wp-block-spacer\"><\/div>\n\n\n\n<h3 class=\"wp-block-heading\">O\u00f9 voir les lumi\u00e8res de No\u00ebl \u00e0 Madrid<\/h3>\n\n\n\n<p>Les lieux les plus visit\u00e9s de la ville figurent parmi <strong>les meilleurs endroits pour admirer les lumi\u00e8res de No\u00ebl \u00e0 Madrid<\/strong>. Commencez par la Plaza de Espa\u00f1a, o\u00f9 vous trouverez <strong>des installations de No\u00ebl Madrid<\/strong> que les habitant\u00b7es traversent volontiers. <strong>Les illuminations de Plaza de Espa\u00f1a<\/strong> incluent des tunnels, des arches traversantes et des installations artistiques avec musique. C\u2019est un point de d\u00e9part plus calme avant de rejoindre les zones les plus fr\u00e9quent\u00e9es.<\/p>\n\n\n\n<p>De l\u00e0, suivez <strong>les lumi\u00e8res de Gran Via Madrid jusqu\u2019\u00e0 la Calle Alcal\u00e1<\/strong>. Ce sont les illuminations les plus photographi\u00e9es de la ville. Vous passerez sous des vagues LED anim\u00e9es, des arches th\u00e9matiques et des fa\u00e7ades couvertes de couleurs. Prenez votre temps et faites une pause pour des churros et chocolat Madrid No\u00ebl ou des marrons chauds.<\/p>\n\n\n\n<blockquote class=\"wp-block-quote is-layout-flow wp-block-quote-is-layout-flow\">\n<p>Vous voulez les meilleures photos sans complications? <strong><a href=\"https:\/\/getyourguide.tpx.lv\/ty15FtSr\" target=\"_blank\" rel=\"noreferrer noopener sponsored\">R\u00e9servez une visite en tuk tuk priv\u00e9 sp\u00e9cial illuminations de No\u00ebl \u00e0 Madrid<\/a><\/strong> et traversez les rues festives en toute tranquillit\u00e9.<\/p>\n<\/blockquote>\n\n\n\n<hr class=\"wp-block-separator has-alpha-channel-opacity is-style-dots\"\/>\n\n\n\n<h3 class=\"wp-block-heading\" id=\"puerta-del-sol-and-calle-preciados\">Sapin de <strong>no\u00ebl Puerta del Sol<\/strong> et Calle Preciados<\/h3>\n\n\n\n<p>Au c\u0153ur du parcours se trouve Puerta del Sol, o\u00f9 se dresse le <strong>sapin de No\u00ebl Puerta del Sol<\/strong>. Ce c\u00f4ne d\u2019acier de 35 m\u00e8tres pulse de couleurs et se synchronise avec les autres installations. Impossible de le manquer, m\u00eame si la foule s\u2019y presse en soir\u00e9e. Les habitant\u00b7es viennent plus tard, vers 22 h.<\/p>\n\n\n\n<p>Deux art\u00e8res majeures partent de Sol. La <strong>Calle Preciados Madrid <strong>No\u00ebl<\/strong><\/strong> est bord\u00e9e de sph\u00e8res suspendues et de rideaux lumineux tendus d\u2019un b\u00e2timent \u00e0 l\u2019autre. Plus pr\u00e8s de Salamanca, la <strong>Calle Goya Madrid <strong>No\u00ebl<\/strong><\/strong> adopte une esth\u00e9tique plus minimaliste, mais les d\u00e9corations de Calle Goya semblent soigneusement compos\u00e9es. Les boutiques de cr\u00e9ateur\u00b7rice\u00b7s y soignent aussi leurs vitrines, ce qui renforce l\u2019ambiance.<\/p>\n\n\n\n<hr class=\"wp-block-separator has-alpha-channel-opacity is-style-dots\"\/>\n\n\n\n<h3 class=\"wp-block-heading\">Illuminations de No\u00ebl dans le Barrio de Salamanca et le Paseo de la Castellana<\/h3>\n\n\n\n<p><strong>Les d\u00e9corations du Barrio de Salamanca<\/strong> se montrent soign\u00e9es, haut de gamme et volontairement styl\u00e9es, parfaites pour toute personne venue <strong>vivre No\u00ebl \u00e0 Madrid<\/strong> dans une atmosph\u00e8re plus feutr\u00e9e. Si vous cherchez des angles photo plus propres ou moins de passage, c\u2019est ici qu\u2019il faut venir. Depuis Goya, vous pouvez traverser vers la section de <strong>Paseo de la Castellana<\/strong> d\u00e9di\u00e9e aux illuminations de No\u00ebl Madrid, o\u00f9 de grands arches traversent les avenues larges. Les lumi\u00e8res restent plus simples, mais le contraste ajoute de la vari\u00e9t\u00e9 \u00e0 votre parcours.<\/p>\n\n\n\n<hr class=\"wp-block-separator has-alpha-channel-opacity is-style-dots\"\/>\n\n\n\n<h3 class=\"wp-block-heading\">Illuminations de No\u00ebl du parc du Retiro<\/h3>\n\n\n\n<p>Nouveaut\u00e9 de ces derni\u00e8res ann\u00e9es, les <strong>illuminations de No\u00ebl<\/strong> <strong>du parc du Retiro<\/strong> proposent maintenant un r\u00e9seau d\u2019all\u00e9es \u00e9clair\u00e9es et de jardins sculpt\u00e9s. C\u2019est l\u2019un des seuls espaces verts de Madrid \u00e0 No\u00ebl dot\u00e9s d\u2019installations officielles. Vous ne trouverez pas de foule ici, surtout apr\u00e8s 20 h. Si vous recherchez des d\u00e9corations de no\u00ebl que les habitant\u00b7e\u00b7s appr\u00e9cient sans stress, Retiro constitue une excellente option. On y ressent l\u2019esprit des <strong>decorations de No\u00ebl Madrid<\/strong> sans la pression des zones touristiques.<\/p>\n\n\n\n<blockquote class=\"wp-block-quote is-layout-flow wp-block-quote-is-layout-flow\">\n<p>Vous voulez une balade festive au c\u0153ur de la lumi\u00e8re du Retiro? <strong><a href=\"https:\/\/getyourguide.tpx.lv\/olptIWOD\" target=\"_blank\" rel=\"noreferrer noopener sponsored\">R\u00e9servez votre visite guid\u00e9e \u00e0 v\u00e9lo des illuminations du parc du Retiro<\/a><\/strong> aujourd\u2019hui.<\/p>\n<\/blockquote>\n\n\n\n<hr class=\"wp-block-separator has-alpha-channel-opacity is-style-dots\"\/>\n\n\n\n<h3 class=\"wp-block-heading\">Itin\u00e9raire libre de Gran V\u00eda \u00e0 Cibeles<\/h3>\n\n\n\n<p>Un itin\u00e9raire simple en autonomie permet de voir plusieurs mises en lumi\u00e8re majeures. <strong>Commencez \u00e0 Plaza de Espa\u00f1a<\/strong>, traversez <strong>Gran V\u00eda<\/strong>, faites une pause \u00e0 Puerta del Sol pour admirer le <strong>sapin de No\u00ebl Puerta del Sol<\/strong>, puis suivez <strong>Calle de Alcal\u00e1 ou Calle Mayor jusqu\u2019\u00e0 Cibeles<\/strong> et terminez dans le <strong>Barrio de Salamanca<\/strong>. Ce parcours demande 60 \u00e0 90 minutes \u00e0 un rythme tranquille. Il couvre une bonne partie des points forts et vous laisse de nombreuses occasions de vous arr\u00eater pour des photos, un chocolat ou des <strong>churros et chocolat Madrid no\u00ebl<\/strong>. Planifiez-le juste apr\u00e8s le coucher du soleil, moment o\u00f9 les lumi\u00e8res s\u2019animent et o\u00f9 les rues restent plus respirables.<\/p>\n\n\n\n<hr class=\"wp-block-separator has-alpha-channel-opacity is-style-dots\"\/>\n\n\n\n<h3 class=\"wp-block-heading\">Visite en bus des lumi\u00e8res de Madrid (Bus Naviluz Madrid)<\/h3>\n\n\n\n<p>Le <strong>Naviluz Madrid<\/strong> est un bus panoramique cr\u00e9\u00e9 pour montrer les <strong>illuminations de No\u00ebl Madrid<\/strong>, mais les avis r\u00e9cents de personnes locales et de voyageurs indiquent qu\u2019il ne tient plus vraiment ses promesses. Il continue d\u2019afficher complet chaque saison, pourtant son parcours actuel et son ambiance g\u00e9n\u00e9rale d\u00e9\u00e7oivent de nombreux habitu\u00e9s du No\u00ebl \u00e0 Madrid.<\/p>\n\n\n\n<p><strong>La r\u00e9duction du temps de parcours pose probl\u00e8me.<\/strong> Bien que la visite soit annonc\u00e9e pour 50 minutes, des passagers r\u00e9cents signalent des trajets de seulement 20 \u00e0 35 minutes. Plusieurs bus ont \u00e9vit\u00e9 des rues majeures comme <strong>les lumi\u00e8res de No\u00ebl de Gran V\u00eda<\/strong>, passant dans des zones peu d\u00e9cor\u00e9es ou compl\u00e8tement sombres. D\u2019autres mentionnent l\u2019absence de narration, de musique festive ou m\u00eame d\u2019orientation minimale. Pour un billet entre 8 et 15 euros, beaucoup jugent que cela ne vaut pas le co\u00fbt.<\/p>\n\n\n\n<p>Les familles esp\u00e9rant une sortie f\u00e9\u00e9rique trouvent souvent l\u2019exp\u00e9rience pr\u00e9cipit\u00e9e et fade. Certain\u00b7e\u00b7s d\u00e9crivent un service client m\u00e9diocre, un embarquement chaotique et des changements de derni\u00e8re minute concernant le point de d\u00e9part. Pour la saison 2025, le d\u00e9part ne se fait plus depuis <strong>Plaza de Col\u00f3n<\/strong>, mais pr\u00e8s du <strong>Mus\u00e9e du Prado<\/strong>, ce qui ajoute de la confusion pour celles et ceux qui connaissaient l\u2019ancienne boucle du bus Naviluz Madrid.<\/p>\n\n\n\n<p><strong>Si vous passez le Madrid \u00e0 No\u00ebl et envisagez le Naviluz, retenez ceci<\/strong>. Les places doivent \u00eatre r\u00e9serv\u00e9es en ligne \u00e0 l\u2019avance, surtout le week-end. Mais mieux vaut ajuster vos attentes ou choisir un itin\u00e9raire \u00e0 pied. Les lumi\u00e8res de <strong>Gran V\u00eda, de Calle Alcal\u00e1 et de Puerta del Sol<\/strong> se d\u00e9couvrent facilement \u00e0 pied et se r\u00e9v\u00e8lent bien plus impressionnantes que ce que beaucoup disent avoir aper\u00e7u depuis le bus.<\/p>\n\n\n\n<p>Pour les familles avec jeunes enfants ou les personnes qui ne peuvent pas marcher longtemps, le Naviluz reste pratique. Pour tout le reste, un<strong> itin\u00e9raire \u00e0 pied entre Plaza de Espa\u00f1a et Cibeles<\/strong> offre plus de libert\u00e9, de meilleures photos et un esprit de f\u00eate bien plus pr\u00e9sent.<\/p>\n\n\n\n<blockquote class=\"wp-block-quote is-layout-flow wp-block-quote-is-layout-flow\">\n<p>Les avis sur le Naviluz continuent de baisser. <strong><a href=\"https:\/\/getyourguide.tpx.lv\/KQOWfOCI\" target=\"_blank\" rel=\"noreferrer noopener sponsored\">Passez au Navibus de Big Bus Madrid<\/a><\/strong> pour une exp\u00e9rience fiable en bus panoramique sur les plus belles illuminations de No\u00ebl Madrid. Le tour n\u2019a re\u00e7u que des avis 5 \u00e9toiles en ce mois de d\u00e9cembre.<\/p>\n<\/blockquote>\n\n\n\n<hr class=\"wp-block-separator has-alpha-channel-opacity is-style-dots\"\/>\n\n\n\n<h3 class=\"wp-block-heading\">Conseils photo pour les d\u00e9corations de No\u00ebl \u00e0 Madrid<\/h3>\n\n\n\n<p><strong>Les spots Instagram les plus populaires pour No\u00ebl \u00e0 Madrid<\/strong> incluent le <strong>sapin de No\u00ebl Puerta del Sol<\/strong>, le tunnel lumineux de <strong>Plaza de Espa\u00f1<\/strong>a, les arches flottantes de la <strong>Calle Alcal\u00e1<\/strong>, ainsi que les rues bord\u00e9es de boutiques du <strong>Barrio Salamanca<\/strong>. La plupart des illuminations de No\u00ebl Madrid se photographient mieux entre 19 h et 20 h, juste apr\u00e8s le cr\u00e9puscule. Les jours de semaine attirent moins de monde. Emportez une batterie externe et activez le mode nuit de votre t\u00e9l\u00e9phone.<\/p>\n\n\n\n<div style=\"height:10px\" aria-hidden=\"true\" class=\"wp-block-spacer\"><\/div>\n\n\n\n<p><strong>Planifier son itin\u00e9raire \u00e0 l\u2019avance fait toute la diff\u00e9rence.<\/strong> Que vous marchiez ou que vous r\u00e9serviez le <strong>bus Naviluz Madrid<\/strong>, admirer les <strong>march\u00e9s de no\u00ebl Madrid<\/strong> et surtout les lumi\u00e8res de la ville reste incontournable. Elles fa\u00e7onnent l\u2019atmosph\u00e8re des f\u00eates et comptent parmi <strong>les meilleures activit\u00e9s de No\u00ebl Madrid gratuites<\/strong>. Tracez un parcours entre les lumi\u00e8res de Gran V\u00eda, Puerta del Sol, et Cibeles pour profiter de ce que la ville offre de meilleur.<\/p>\n\n\n\n<hr class=\"wp-block-separator has-alpha-channel-opacity\"\/>\n\n\n\n<figure class=\"wp-block-image size-full\"><img loading=\"lazy\" decoding=\"async\" width=\"792\" height=\"294\" src=\"https:\/\/www.the-travel-bunny.com\/fr\/wp-content\/uploads\/sites\/3\/2021\/06\/marches-de-Noel-a-Madrid.jpg\" alt=\"Stands decoratifs d\u2019un marche de Noel a Madrid avec peluches et articles d\u2019hiver exposes.\" class=\"wp-image-1482\" title=\"\" srcset=\"https:\/\/www.the-travel-bunny.com\/fr\/wp-content\/uploads\/sites\/3\/2021\/06\/marches-de-Noel-a-Madrid.jpg 792w, https:\/\/www.the-travel-bunny.com\/fr\/wp-content\/uploads\/sites\/3\/2021\/06\/marches-de-Noel-a-Madrid-300x111.jpg 300w, https:\/\/www.the-travel-bunny.com\/fr\/wp-content\/uploads\/sites\/3\/2021\/06\/marches-de-Noel-a-Madrid-768x285.jpg 768w\" sizes=\"auto, (max-width: 792px) 100vw, 792px\" \/><figcaption class=\"wp-element-caption\"><em>Des visiteurs fl\u00e2nent parmi les stands de l\u2019un des march\u00e9s de No\u00ebl de Madrid. Jouets, v\u00eatements d\u2019hiver et d\u00e9corations saisonni\u00e8res cr\u00e9ent un terrain id\u00e9al pour le shopping festif et les cadeaux locaux.<\/em><\/figcaption><\/figure>\n\n\n\n<h2 class=\"wp-block-heading\" id=\"madrids-christmas-markets-with-dates\">March\u00e9s de No\u00ebl Madrid avec dates 2025<\/h2>\n\n\n\n<p><strong>Les march\u00e9s de No\u00ebl Madrid<\/strong> comptent parmi les exp\u00e9riences les plus festives de la saison. De fin novembre \u00e0 d\u00e9but janvier, les places de la ville se remplissent de lumi\u00e8res, de chalets en bois et de produits traditionnels. Que vous veniez pour le shopping, l\u2019observation tranquille des passants ou la d\u00e9gustation de sp\u00e9cialit\u00e9s espagnoles, ces march\u00e9s se placent au c\u0153ur de Madrid \u00e0 No\u00ebl. Vous trouverez ci-dessous les principaux lieux, horaires et points forts 2025 pour savoir o\u00f9 aller et quoi attendre.<\/p>\n\n\n\n<div style=\"height:10px\" aria-hidden=\"true\" class=\"wp-block-spacer\"><\/div>\n\n\n\n<h3 class=\"wp-block-heading\">March\u00e9 de No\u00ebl Plaza Mayor<\/h3>\n\n\n\n<p><strong><a href=\"https:\/\/www.mercadonavidadplazamayor.com\/\" target=\"_blank\" rel=\"noreferrer noopener\">Le march\u00e9 de No\u00ebl Plaza Mayor<\/a><\/strong> reste l\u2019un des plus anciens et des plus embl\u00e9matiques de la capitale. Install\u00e9 sur la place historique en plein centre, il <strong>ouvre le 27 novembre et se termine le 31 d\u00e9cembre<\/strong>. Attendez-vous \u00e0 une centaine de stands vendant figurines pour cr\u00e8ches, costumes festifs, d\u00e9corations et douceurs classiques. Le <strong><strong>Mercado de Navidad Plaza Mayor<\/strong><\/strong> attire de fortes foules le week-end, donc les matin\u00e9es en semaine offrent des passages plus tranquilles et de meilleures photos.<\/p>\n\n\n\n<p>Ce march\u00e9 se distingue par ses <strong>cadeaux artisanaux Madrid<\/strong>, des bougies fa\u00e7onn\u00e9es \u00e0 la main aux figurines en argile. La majorit\u00e9 des stands ouvrent <strong>de 10h30 \u00e0 21h30<\/strong>, avec une fermeture plus tardive les vendredis et samedis. Vous trouverez peu de nourriture sur place, mais l\u2019endroit convient parfaitement \u00e0 toute personne qui se demande <strong><em>que rapporter des march\u00e9s de No\u00ebl de Madrid<\/em><\/strong> si l&rsquo;on recherche un souvenir typiquement culturel.<\/p>\n\n\n\n<blockquote class=\"wp-block-quote is-layout-flow wp-block-quote-is-layout-flow\">\n<p>Vous voulez d\u00e9couvrir plus en profondeur le c\u0153ur festif de la ville? <strong><a href=\"https:\/\/getyourguide.tpx.lv\/GmTgTBYH\" target=\"_blank\" rel=\"noreferrer noopener sponsored\">R\u00e9servez la visite Plaza Mayor de No\u00ebl<\/a><\/strong> pour explorer les meilleurs lieux saisonniers avec un guide local.<\/p>\n<\/blockquote>\n\n\n\n<hr class=\"wp-block-separator has-alpha-channel-opacity is-style-dots\"\/>\n\n\n\n<h3 class=\"wp-block-heading\">Feria de Artesan\u00eda du Paseo de Recoletos<\/h3>\n\n\n\n<p><strong>La Feria Mercado de Artesan\u00eda du Paseo de Recoletos<\/strong> s\u2019\u00e9tend le long du boulevard principal entre Cibeles et la Plaza de Col\u00f3n. C\u2019est un arr\u00eat incontournable pour toute personne int\u00e9ress\u00e9e par <strong><strong>Madrid Artisania Navidad<\/strong><\/strong> et l\u2019artisanat espagnol traditionnel. Les stands mettent en avant la c\u00e9ramique, le travail du bois, le cuir et les arts textiles provenant de toute l\u2019Espagne. L\u2019ambiance se montre plus raffin\u00e9e que festive, parfaite pour les personnes expatri\u00e9es ou les voyageur\u00b7euse\u00b7s en qu\u00eate de <strong>march\u00e9s de No\u00ebl Madrid offrant des cadeaux uniques<\/strong> qui \u00e9vitent l\u2019effet production de masse.<\/p>\n\n\n\n<p>La foire ouvre le 21 novembre et se termine d\u00e9but janvier. Les horaires tournent g\u00e9n\u00e9ralement autour de 11h \u00e0 21h. C\u2019est l\u2019un des meilleurs endroits pour un <strong>shopping de No\u00ebl \u00e0 Madrid<\/strong> de qualit\u00e9 et des trouvailles moins touristiques.<\/p>\n\n\n\n<hr class=\"wp-block-separator has-alpha-channel-opacity is-style-dots\"\/>\n\n\n\n<h3 class=\"wp-block-heading\">March\u00e9 de No\u00ebl Plaza de Col\u00f3n<\/h3>\n\n\n\n<p><strong>Le march\u00e9 de fin d\u2019ann\u00e9e de la Plaza de Col\u00f3n<\/strong> propose un m\u00e9lange de stands gastronomiques, d\u2019activit\u00e9s pour enfants et de boutiques saisonni\u00e8res. Sa particularit\u00e9 repose sur son calendrier. Il ouvre d\u00e9but d\u00e9cembre et reste actif jusqu\u2019au <strong>6 janvier<\/strong>, ce qui en fait l\u2019option la plus durable pour celles et ceux qui restent en ville apr\u00e8s le Nouvel An. Pour une alternative plus calme, <strong>Col\u00f3n demeure le secteur le moins fr\u00e9quent\u00e9<\/strong> compar\u00e9 aux zones centrales, un vrai plus pour quiconque cherche o\u00f9 aller \u00e0 Madrid \u00e0 No\u00ebl.<\/p>\n\n\n\n<p>La programmation varie chaque ann\u00e9e, mais on y trouve g\u00e9n\u00e9ralement des <strong>produits d\u2019hiver \u00e0 Madrid<\/strong> comme charcuterie, nougat, chocolat et vins de saison. Ce march\u00e9 convient aux voyageurs arrivant tard ainsi qu\u2019aux habitant\u00b7e\u00b7s faisant leurs achats de derni\u00e8re minute. Si vous souhaitez visiter un <strong>march\u00e9 de No\u00ebl Madrid apr\u00e8s le 31 d\u00e9cembre<\/strong>, vous ne trouverez pas mieux.<\/p>\n\n\n\n<hr class=\"wp-block-separator has-alpha-channel-opacity is-style-dots\"\/>\n\n\n\n<h3 class=\"wp-block-heading\">March\u00e9s Boutique et Alternatifs<\/h3>\n\n\n\n<p>En dehors des grands p\u00f4les, il y a plusieurs <strong>march\u00e9s de No\u00ebl boutique \u00e0 Madrid en d\u00e9cembre<\/strong>. L\u2019un des plus connus reste le <strong>Mercado del Gato<\/strong>, souvent install\u00e9 dans des lieux comme le Westin Palace ou la Gran V\u00eda. On y d\u00e9couvre une s\u00e9lection pointue, des pi\u00e8ces de mode, des bijoux vintage et des produits gastronomiques. C&rsquo;est une alternative haut de gamme \u00e0 l&rsquo;ambiance de la Plaza Mayor, id\u00e9ale pour ceux qui recherchent <strong>les meilleurs march\u00e9s de No\u00ebl de Madrid<\/strong> avec une touche de modernit\u00e9.<\/p>\n\n\n\n<hr class=\"wp-block-separator has-alpha-channel-opacity is-style-dots\"\/>\n\n\n\n<h3 class=\"wp-block-heading\">Calendrier des March\u00e9s de No\u00ebl \u00e0 Madrid 2025<\/h3>\n\n\n\n<figure class=\"wp-block-table is-style-stripes\" style=\"font-size:15px\"><table class=\"has-fixed-layout\"><thead><tr><th>March\u00e9 de No\u00ebl Madrid<\/th><th>Emplacement<\/th><th>Dates<\/th><th>Horaires<\/th><th>Points forts<\/th><\/tr><\/thead><tbody><tr><td><strong>March\u00e9 Plaza Mayor<\/strong><\/td><td>Plaza Mayor (centre-ville)<\/td><td>27 novembre au 31 d\u00e9cembre 2025<\/td><td>Dim-Jeu 10h-21h; Ven-Sam et veilles 10h-22h<\/td><td><strong>Le march\u00e9 de No\u00ebl Madrid le plus ancien<\/strong>, actif depuis plus de cent ans, compte environ <strong>104 stands<\/strong> consacr\u00e9s aux <strong>d\u00e9corations traditionnelles, figurines de cr\u00e8che, articles humoristiques et autres trouvailles saisonni\u00e8res<\/strong>. Les visiteur\u00b7euse\u00b7s profitent de <strong>douceurs festives<\/strong> et d\u2019un grand sapin de No\u00ebl sur la place. L\u2019ambiance reste familiale et vivante.<\/td><\/tr><tr><td><strong>La Navide\u00f1a<\/strong> (March\u00e9 de la Place d\u2019Espagne)<\/td><td>Plaza de Espa\u00f1a<\/td><td>27 novembre 2025 au 11 janvier 2026<\/td><td>Lun-Ven 12h-22h; Sam, Dim et jours f\u00e9ri\u00e9s 10h-22h<\/td><td><strong>Un v\u00e9ritable village de No\u00ebl<\/strong> avec <strong>40 stands d\u2019artisanat<\/strong>, objets d\u00e9coratifs et id\u00e9es cadeaux artisanales madrid. <strong>Une patinoire de 600 m\u00b2<\/strong>, un sapin interactif illumin\u00e9 et des stands gourmands (<em>El Alpino<\/em>, churros et chocolat madrid no\u00ebl). On y trouve des activit\u00e9s de No\u00ebl Madrid quotidiennes pour les familles: spectacles de patinage, maison du P\u00e8re No\u00ebl, concerts et animations en plein air.<\/td><\/tr><tr><td><strong>March\u00e9 de No\u00ebl de la Place Col\u00f3n<\/strong><\/td><td>Plaza de Col\u00f3n (district Salamanca\/Centro)<\/td><td>28 novembre 2025 au 6 janvier 2026<\/td><td>Tous les jours 11h-22h<\/td><td>Partie int\u00e9grante des \u00e9v\u00e9nements de Bo\u00ebl Madrid <strong>Navidades de Col\u00f3n<\/strong>, avec la patinoire Javier Fern\u00e1ndez de 800 m\u00b2 et plus de 40 stands d\u2019artisanat, douceurs festives et d\u00e9corations. La place accueille une <strong>cr\u00e8che de No\u00ebl Madrid en plein air et un carrousel vintage<\/strong> \u00e0 deux \u00e9tages pour les enfants. Les illuminations de no\u00ebl madrid incluent un ange lumineux g\u00e9ant qui offre une atmosph\u00e8re familiale tr\u00e8s photog\u00e9nique.<\/td><\/tr><tr><td><strong>El Corte Ingl\u00e9s Nuevos Ministerios<\/strong><\/td><td>Devant El Corte Ingl\u00e9s Castellana (Nuevos Ministerios)<\/td><td>13 novembre 2025 au 5 janvier 2026<\/td><td>Lun-Dim 12h-22h; 24 et 31 d\u00e9cembre 12h-17h; <strong>ferm\u00e9 25 d\u00e9cembre et 1er janvier<\/strong><\/td><td>Le <strong>march\u00e9 gourmand embl\u00e9matique<\/strong> du grand magasin, r\u00e9put\u00e9 pour sa <strong>street food de No\u00ebl \u00e0 Madrid<\/strong>: food trucks, sp\u00e9cialit\u00e9s espagnoles comme le <strong>churros et turr\u00f3n Madrid<\/strong>, desserts traditionnels espagnols no\u00ebl, chocolats, options contemporaines et pop-ups de chef\u00b7fe\u00b7s. On y trouve aussi des chalets vendant d\u00e9corations et id\u00e9es cadeaux. Chaque soir, la fa\u00e7ade s\u2019illumine d\u2019un spectacle son et lumi\u00e8re, un classique des illuminations de no\u00ebl madrid.<\/td><\/tr><tr><td><strong>Mercadillo del Gato<\/strong> (march\u00e9 de No\u00ebl couvert pop-up)<\/td><td>C.C. de los Ej\u00e9rcitos, Gran V\u00eda 13<\/td><td>12 d\u00e9cembre 2025 au 6 janvier 2026<\/td><td>Tous les jours 11h-21h (sans fermeture en journ\u00e9e)<\/td><td><strong>Grand bazar couvert<\/strong> d\u00e9di\u00e9 aux cr\u00e9ateur\u00b7rice\u00b7s ind\u00e9pendant\u00b7e\u00b7s. <strong>Plus de 60 stands<\/strong> pr\u00e9sentent mode, accessoires, bijoux, art, cosm\u00e9tiques naturels, jouets et d\u00e9coration. Entr\u00e9e libre. Id\u00e9al pour des <strong>cadeaux artisanaux Madrid uniques <\/strong>dans un b\u00e2timent historique de la Gran V\u00eda.<\/td><\/tr><tr><td><strong>Feria Mercado de Artesan\u00eda<\/strong> (Foire de l\u2019Artisanat)<\/td><td>Paseo de Recoletos (Col\u00f3n-Cibeles stretch)<\/td><td>1 au 30 d\u00e9cembre 2025<\/td><td>Tous les jours 11h-21h (24 d\u00e9cembre jusqu\u2019\u00e0 15h; <strong>ferm\u00e9 le 25 d\u00e9cembre<\/strong>)<\/td><td><strong>Plus de 150 artisan\u00b7e\u00b7s<\/strong> venu\u00b7e\u00b7s de toute l\u2019Espagne exposent bijoux, c\u00e9ramiques, maroquinerie, jouets, poteries et objets en bois. Cette foire en plein air, organis\u00e9e depuis 1988, fait <strong>figure de r\u00e9f\u00e9rence pour l\u2019artisanat espagnol<\/strong>. La promenade s\u2019illumine de d\u00e9corations festives et de musique pour une exp\u00e9rience typique des traditions de no\u00ebl \u00e0 madrid.<\/td><\/tr><\/tbody><\/table><figcaption class=\"wp-element-caption\"><em>Dates des march\u00e9s de No\u00ebl de Madrid pour 2025 m<em>ises \u00e0 jour <\/em><\/em><\/figcaption><\/figure>\n\n\n\n<p><strong><em>Quand commencent les march\u00e9s de No\u00ebl Madrid en 2025?<\/em><\/strong> Le 27 novembre marque l\u2019ouverture du march\u00e9 de la Plaza Mayor, suivi par les autres foires d\u00e9but d\u00e9cembre. Que vous soyez nouvel\u00b7le expat \u00e0 la recherche de d\u00e9corations pour votre appartement ou voyageur\u00b7euse venu\u00b7e chercher un souvenir authentique, les march\u00e9s de No\u00ebl Madrid offrent un vrai caract\u00e8re saisonnier.<\/p>\n\n\n\n<hr class=\"wp-block-separator has-alpha-channel-opacity\"\/>\n\n\n\n<h2 class=\"wp-block-heading\" id=\"must-book-christmas-attractions\">Attractions \u00e0 r\u00e9server absolument pour No\u00ebl \u00e0 Madrid<\/h2>\n\n\n\n<p>Madrid \u00e0 No\u00ebl attire vite la foule. Les <strong>\u00e9v\u00e9nements de No\u00ebl Madrid<\/strong> les plus pris\u00e9s affichent complet plusieurs semaines \u00e0 l\u2019avance, surtout ceux avec capacit\u00e9 limit\u00e9e ou places assign\u00e9es. Si vous pr\u00e9parez votre <strong><a href=\"https:\/\/www.the-travel-bunny.com\/fr\/visiter-a-madrid-en-2-jours\/\" data-type=\"post\" data-id=\"6111\">s\u00e9jour \u00e0 Madrid<\/a><\/strong> maintenant, voici les cinq exp\u00e9riences \u00e0 r\u00e9server pour <strong>que faire \u00e0 Madrid \u00e0 No\u00ebl<\/strong>. Chacune fonctionne sur billetterie, pla\u00eet autant aux habitants qu\u2019aux visiteurs et atteint souvent sa limite d\u00e8s la mi-d\u00e9cembre. Si vous attendez, vous perdez votre chance.<\/p>\n\n\n\n<div style=\"height:10px\" aria-hidden=\"true\" class=\"wp-block-spacer\"><\/div>\n\n\n\n<h3 class=\"wp-block-heading\">Articus Madrid, le Parc de No\u00ebl<\/h3>\n\n\n\n<p><strong>Articus Madrid<\/strong> repr\u00e9sente la plus grande attraction hivernale de la capitale. Install\u00e9 \u00e0 Casa de Campo, ce parc saisonnier r\u00e9unit illuminations artistiques, exp\u00e9riences immersives, stands gourmands et spectacles live dans un m\u00eame espace. L\u2019\u00e9dition de cette ann\u00e9e inclut plusieurs zones payantes, une patinoire et des expositions en int\u00e9rieur. Les familles adorent les activit\u00e9s pens\u00e9es pour les enfants, tandis que les adultes profitent des <strong>cadeaux artisanaux Madrid<\/strong> et de la street food.<\/p>\n\n\n\n<p>Les billets partent vite. Certains week-ends sont complets d\u00e8s la mi-novembre. Si vous voulez une place \u00e0 <strong>Madrid Articus Park<\/strong>, surtout en d\u00e9cembre, r\u00e9servez t\u00f4t.<\/p>\n\n\n\n<hr class=\"wp-block-separator has-alpha-channel-opacity is-style-dots\"\/>\n\n\n\n<h3 class=\"wp-block-heading\">Naturaleza Encendida, le spectacle lumineux du Jardin botanique<\/h3>\n\n\n\n<p><strong>Le spectacle des illuminations de No\u00ebl Naturaleza Encendida<\/strong> figure parmi les plus \u00e9l\u00e9gants <strong>festivals d\u2019hiver de Madrid<\/strong>. Il transforme le Jardin botanique royal en un parcours nocturne compos\u00e9 d\u2019installations lumineuses, de sons d\u2019ambiance et de projections th\u00e9matiques. Chaque \u00e9dition propose un concept in\u00e9dit. L\u2019entr\u00e9e se fait par cr\u00e9neaux pour limiter la foule, ce qui r\u00e9duit aussi la capacit\u00e9 d\u2019accueil. L\u2019exp\u00e9rience s\u00e9duit particuli\u00e8rement les couples et les familles. Si vous cherchez un moment calme au milieu de l\u2019agitation des <strong>\u00e9v\u00e9nements de No\u00ebl Madrid<\/strong>, c\u2019est l\u2019option id\u00e9ale. Les r\u00e9servations ouvrent g\u00e9n\u00e9ralement en octobre.<\/p>\n\n\n\n<hr class=\"wp-block-separator has-alpha-channel-opacity is-style-dots\"\/>\n\n\n\n<figure class=\"wp-block-image size-full\"><img loading=\"lazy\" decoding=\"async\" width=\"792\" height=\"294\" src=\"https:\/\/www.the-travel-bunny.com\/fr\/wp-content\/uploads\/sites\/3\/2018\/12\/Naviluz-Madrid-bus-lumieres-de-Noel-tour.jpg\" alt=\"Bus Naviluz Madrid circulant en ville pour une visite des lumieres de Noel.\" class=\"wp-image-8251\" title=\"\" srcset=\"https:\/\/www.the-travel-bunny.com\/fr\/wp-content\/uploads\/sites\/3\/2018\/12\/Naviluz-Madrid-bus-lumieres-de-Noel-tour.jpg 792w, https:\/\/www.the-travel-bunny.com\/fr\/wp-content\/uploads\/sites\/3\/2018\/12\/Naviluz-Madrid-bus-lumieres-de-Noel-tour-300x111.jpg 300w, https:\/\/www.the-travel-bunny.com\/fr\/wp-content\/uploads\/sites\/3\/2018\/12\/Naviluz-Madrid-bus-lumieres-de-Noel-tour-768x285.jpg 768w\" sizes=\"auto, (max-width: 792px) 100vw, 792px\" \/><figcaption class=\"wp-element-caption\"><em>Le bus Naviluz Madrid pour <em>no\u00ebl \u00e0 madrid<\/em> emm\u00e8ne les passagers admirer les illuminations de No\u00ebl Madrid. Ce bus panoramique circule chaque soir de la fin novembre au d\u00e9but janvier \u00e0 travers des rues d\u00e9cor\u00e9es. Diario de Madrid, <a href=\"https:\/\/creativecommons.org\/licenses\/by\/4.0\/\" target=\"_blank\" rel=\"noreferrer noopener\">CC BY 4.0<\/a>, via Wikimedia Commons<\/em><\/figcaption><\/figure>\n\n\n\n<h3 class=\"wp-block-heading\">Bus Naviluz Madrid<\/h3>\n\n\n\n<p><strong>Le bus de No\u00ebl Naviluz Madrid<\/strong> est un double \u00e9tage qui promet un parcours au c\u0153ur des lumi\u00e8res festives. M\u00eame si beaucoup de visiteurs continuent \u00e0 le r\u00e9server, plusieurs avis en 2024 et 2025 soul\u00e8vent des probl\u00e8mes. Des voyageurs ont signal\u00e9 des dur\u00e9es r\u00e9duites, des points de d\u00e9part modifi\u00e9s et des zones ignor\u00e9es.<\/p>\n\n\n\n<p>Le <strong>bus Naviluz Madrid<\/strong> part d\u00e9sormais pr\u00e8s du Mus\u00e9e du Prado et non plus de la Plaza de Col\u00f3n. Il n\u2019y a ni commentaire audio ni musique et il se peut que l\u2019itin\u00e9raire \u00e9vite Gran V\u00eda. Cela reste une option correcte si vous voyagez avec des enfants ou si vous souhaitez faire une pause dans vos marches. Les billets sont mis en vente fin novembre et disparaissent en quelques jours.<\/p>\n\n\n\n<blockquote class=\"wp-block-quote is-layout-flow wp-block-quote-is-layout-flow\">\n<p>D\u00e9\u00e7u(e) par Naviluz&nbsp;? <strong><a href=\"https:\/\/getyourguide.tpx.lv\/KQOWfOCI\" target=\"_blank\" rel=\"noreferrer noopener sponsored\">Montez \u00e0 bord du Navibus de Big Bus Madrid<\/a><\/strong> pour une exp\u00e9rience plus agr\u00e9able et pittoresque des illuminations de No\u00ebl, avec places assises garanties. Il a re\u00e7u d&rsquo;excellentes critiques en d\u00e9cembre 2025.<\/p>\n<\/blockquote>\n\n\n\n<hr class=\"wp-block-separator has-alpha-channel-opacity is-style-dots\"\/>\n\n\n\n<h3 class=\"wp-block-heading\">Concerts et spectacles de No\u00ebl \u00e0 Madrid<\/h3>\n\n\n\n<p><strong>Les \u00e9v\u00e9nements de No\u00ebl Madrid<\/strong> incluent des concerts, du ballet, du flamenco et des pi\u00e8ces th\u00e9matiques. Des salles populaires comme le <strong>Madrid Teatro Navidad et le Teatro Real<\/strong> pr\u00e9sentent des classiques, souvent Casse Noisette ou des productions espagnoles traditionnelles. Ces spectacles se remplissent vite, surtout les week ends et jours f\u00e9ri\u00e9s. Les billets vont de 15 \u20ac pour les places standard \u00e0 plus de 80 \u20ac pour les acc\u00e8s VIP. Il existe aussi quelques <strong>concerts casinos Madrid<\/strong> et des d\u00eeners flamenco pour le Nouvel An Madrid. Vous trouverez des spectacles de flamenco activit\u00e9s de No\u00ebl Madrid via des plateformes locales ou gr\u00e2ce au concierge de votre h\u00f4tel.<\/p>\n\n\n\n<hr class=\"wp-block-separator has-alpha-channel-opacity is-style-dots\"\/>\n\n\n\n<h3 class=\"wp-block-heading\">\u00c9v\u00e9nements sp\u00e9ciaux \u00e0 Madrid en d\u00e9cembre<\/h3>\n\n\n\n<p>Parmi les <strong>\u00e9v\u00e9nements de No\u00ebl Madrid<\/strong> en d\u00e9cembre, on trouve des festivals de patinage, des soir\u00e9es DJ sur toits et des repr\u00e9sentations uniques dans la ville. <strong>Voyages en train de No\u00ebl \u00e0 Madrid pour les enfants<\/strong> circulent dans certains quartiers et proposent de courtes boucles d\u00e9cor\u00e9es. Quelques quartiers organisent aussi des <strong>pi\u00e8ces de No\u00ebl<\/strong>, mais les billets sont en g\u00e9n\u00e9ral vendus localement et uniquement en espagnol. Si cela vous int\u00e9resse, passez par les centres culturels ou consultez les annonces officielles de l\u2019Ayuntamiento.<\/p>\n\n\n\n<hr class=\"wp-block-separator has-alpha-channel-opacity is-style-dots\"\/>\n\n\n\n<h3 class=\"wp-block-heading\">F\u00eates du Nouvel An \u00e0 Madrid<\/h3>\n\n\n\n<p><strong>Les soir\u00e9es du Nouvel An \u00e0 Madrid<\/strong> comptent parmi les plus anim\u00e9es. La Puerta del Sol accueille le compte \u00e0 rebours principal, avec une entr\u00e9e limit\u00e9e. Beaucoup d\u2019habitants passent la soir\u00e9e sur des rooftops, dans des clubs ou dans des bars d\u2019h\u00f4tels qui proposent boissons, menus sp\u00e9ciaux et musique live. Si vous souhaitez une table garantie et une belle vue, r\u00e9servez avant la mi d\u00e9cembre. Des d\u00eeners \u00e9l\u00e9gants aux pistes de danse ouvertes toute la nuit, presque tous les lieux exigent un billet. Ce sont des \u00e9v\u00e9nements tr\u00e8s demand\u00e9s et les places partent vite.<\/p>\n\n\n\n<blockquote class=\"wp-block-quote is-layout-flow wp-block-quote-is-layout-flow\">\n<p>Vous cherchez la meilleure fa\u00e7on de f\u00eater le r\u00e9veillon \u00e0 Madrid? <strong><a href=\"https:\/\/getyourguide.tpx.lv\/VUdYcdNK\" target=\"_blank\" rel=\"noreferrer noopener sponsored\">R\u00e9servez votre d\u00eener du Nouvel An avec spectacle de flamenco ici<\/a><\/strong>.<\/p>\n<\/blockquote>\n\n\n\n<div style=\"height:10px\" aria-hidden=\"true\" class=\"wp-block-spacer\"><\/div>\n\n\n\n<p>Ces <strong>attractions tr\u00e8s demand\u00e9es \u00e0 Madrid<\/strong> m\u00e9ritent une vraie anticipation. Si vous voulez \u00eatre s\u00fbr d\u2019obtenir vos billets pour <strong>que faire \u00e0 Madrid \u00e0 No\u00ebl<\/strong> et les grands \u00e9v\u00e9nements, r\u00e9servez avant la fin novembre. Cela vaut encore plus pour Articus, Naviluz et Naturaleza Encendida. Une fois complets, ces \u00e9v\u00e9nements rouvrent rarement.<\/p>\n\n\n\n<hr class=\"wp-block-separator has-alpha-channel-opacity\"\/>\n\n\n\n<figure class=\"wp-block-image size-full\"><img loading=\"lazy\" decoding=\"async\" width=\"792\" height=\"294\" src=\"https:\/\/www.the-travel-bunny.com\/fr\/wp-content\/uploads\/sites\/3\/2018\/12\/Gran-Via-Madrid-lumieres-Noel-nuit.jpg\" alt=\"Gran Via Madrid illuminee de decorations de Noel avec batiments historiques eclaires la nuit.\" class=\"wp-image-8252\" title=\"\" srcset=\"https:\/\/www.the-travel-bunny.com\/fr\/wp-content\/uploads\/sites\/3\/2018\/12\/Gran-Via-Madrid-lumieres-Noel-nuit.jpg 792w, https:\/\/www.the-travel-bunny.com\/fr\/wp-content\/uploads\/sites\/3\/2018\/12\/Gran-Via-Madrid-lumieres-Noel-nuit-300x111.jpg 300w, https:\/\/www.the-travel-bunny.com\/fr\/wp-content\/uploads\/sites\/3\/2018\/12\/Gran-Via-Madrid-lumieres-Noel-nuit-768x285.jpg 768w\" sizes=\"auto, (max-width: 792px) 100vw, 792px\" \/><figcaption class=\"wp-element-caption\"><em>Gran V\u00eda brille de lumi\u00e8res de No\u00ebl Madrid superpos\u00e9es et d\u2019illuminations \u00e9l\u00e9gantes sur les fa\u00e7ades pendant les f\u00eates. Cette avenue iconique reste anim\u00e9e jusque tard dans la nuit et offre l\u2019un des meilleurs itin\u00e9raires \u00e0 pied pour profiter des vues festives.<\/em><\/figcaption><\/figure>\n\n\n\n<h2 class=\"wp-block-heading\" id=\"what-to-do-in-madrid-on-christmas-day-dec-25\">Que faire \u00e0 Madrid \u00e0 No\u00ebl le 25 d\u00e9cembre<\/h2>\n\n\n\n<p>La plupart des visiteurs posent la m\u00eame question : <strong><em>que faire \u00e0 Madrid \u00e0 No\u00ebl quand presque tout ferme?<\/em><\/strong> Le 25 d\u00e9cembre \u00e0 Madrid reste une journ\u00e9e calme. Il faut savoir o\u00f9 aller pour \u00e9viter les portes closes. Voici les lieux sur lesquels vous pouvez compter, que vous soyez en voyage pour les f\u00eates ou que vous viviez ici sans programme familial.<\/p>\n\n\n\n<div style=\"height:10px\" aria-hidden=\"true\" class=\"wp-block-spacer\"><\/div>\n\n\n\n<h3 class=\"wp-block-heading\">Qu&rsquo;est-ce qui est ouvert \u00e0 Madrid \u00e0 No\u00ebl ?<\/h3>\n\n\n\n<p>Peu d\u2019endroits restent ouverts, donc organisez-vous. Si vous vous demandez <strong>o\u00f9 aller \u00e0 Madrid \u00e0 No\u00ebl<\/strong> quand la ville tourne au ralenti, voici la liste courte : quelques caf\u00e9s, la majorit\u00e9 des restaurants d\u2019h\u00f4tels, le Retiro et certains bars tr\u00e8s touristiques. <strong>Les mus\u00e9es ferment et la plupart des march\u00e9s de No\u00ebl Madrid en plein air aussi<\/strong>. Grands magasins, centres commerciaux et boutiques gardent leurs rideaux baiss\u00e9s. R\u00e9servez vos repas et vos transports \u00e0 l\u2019avance.<\/p>\n\n\n\n<hr class=\"wp-block-separator has-alpha-channel-opacity is-style-dots\"\/>\n\n\n\n<h3 class=\"wp-block-heading\">Ouvert garanti : Chocolater\u00eda San Gin\u00e9s<\/h3>\n\n\n\n<p>Envie de quelque chose de sucr\u00e9 et central ? Direction <strong>Chocolater\u00eda San Gin\u00e9s<\/strong> pr\u00e8s de Puerta del Sol, ouverte 24 h sur 24, 365 jours par an. C\u2019est l\u2019adresse la plus s\u00fbre pour satisfaire une envie de <strong>churros et chocolat Madrid No\u00ebl<\/strong>. Attendez-vous \u00e0 une file. Les touristes y croisent les habitant\u00b7es quand tout le reste est ferm\u00e9.<\/p>\n\n\n\n<hr class=\"wp-block-separator has-alpha-channel-opacity is-style-dots\"\/>\n\n\n\n<h3 class=\"wp-block-heading\">Balades de No\u00ebl \u00e0 Madrid le 25 d\u00e9cembre<\/h3>\n\n\n\n<p>Besoin d\u2019air frais ? <strong>Le parc du Retiro<\/strong> reste ouvert toute la journ\u00e9e et fait partie des meilleurs choix pour des <strong>balades de Madrid \u00e0 No\u00ebl<\/strong>. Le lac, la roseraie et les all\u00e9es bord\u00e9es d\u2019arbres offrent un d\u00e9cor calme le 25. On y croise des joggeur\u00b7ses, des familles avec poussette et des habitant\u00b7es qui marchent pour dig\u00e9rer leur d\u00eener du 24. Ce n\u2019est pas un \u00e9v\u00e9nement mais l\u2019endroit reste paisible et photog\u00e9nique.<\/p>\n\n\n\n<hr class=\"wp-block-separator has-alpha-channel-opacity is-style-dots\"\/>\n\n\n\n<h3 class=\"wp-block-heading\">Restaurants ouverts le jour de No\u00ebl \u00e0 Madrid<\/h3>\n\n\n\n<p>Ne vous y prenez pas le 25 pour organiser les repas. La plupart des adresses ferment ou n\u2019acceptent que celles et ceux qui ont r\u00e9serv\u00e9. Quelques <strong>restaurants ouverts le jour de No\u00ebl \u00e0 Madrid<\/strong> incluent:<\/p>\n\n\n\n<ul class=\"wp-block-list\">\n<li>La Rotonda (Hotel Westin Palace)<\/li>\n\n\n\n<li>CEBO (Hotel Urban)<\/li>\n\n\n\n<li>Haroma (Heritage Hotel)<\/li>\n\n\n\n<li>Caf\u00e9 de Oriente (pr\u00e8s du Palais Royal)<\/li>\n\n\n\n<li>Dani Brasserie (Four Seasons)<\/li>\n<\/ul>\n\n\n\n<p>All of these offer special menus. Most require prepaid reservations. These are your <strong>guaranteed open restaurants Madrid Christmas<\/strong>, with upscale pricing and formal dress expected. Some hotels also offer <strong>Christmas brunch Madrid<\/strong> options earlier in the day.<\/p>\n\n\n\n<hr class=\"wp-block-separator has-alpha-channel-opacity is-style-dots\"\/>\n\n\n\n<h3 class=\"wp-block-heading\">Itin\u00e9raire du jour de No\u00ebl \u00e0 Madrid<\/h3>\n\n\n\n<p>Pour votre <strong>itin\u00e9raire \u00e0 Madrid le jour de No\u00ebl<\/strong>, ne compliquez rien. Commencez par un chocolat chez San Gin\u00e9s, marchez dans le Retiro ou autour du Palacio Real, prenez un long d\u00e9jeuner dans un restaurant d\u2019h\u00f4tel et reposez-vous. Si vous d\u00e9crochez une place dans l\u2019un des <strong>tours Madrid No\u00ebl<\/strong>, quelques entreprises priv\u00e9es proposent des balades guid\u00e9es ou des routes de tapas au ralenti. Confirmez par t\u00e9l\u00e9phone, car la disponibilit\u00e9 change chaque ann\u00e9e.<\/p>\n\n\n\n<hr class=\"wp-block-separator has-alpha-channel-opacity is-style-dots\"\/>\n\n\n\n<h3 class=\"wp-block-heading\">Que faire \u00e0 Madrid \u00e0 No\u00ebl le 25 d\u00e9cembre<\/h3>\n\n\n\n<p>Si vous voyagez avec des enfants, il reste des <strong>activit\u00e9s de No\u00ebl Madrid<\/strong> tr\u00e8s tranquilles pour les familles. Les <strong>illuminations de No\u00ebl Madrid<\/strong> restent allum\u00e9es et gardent un excellent rendu apr\u00e8s la tomb\u00e9e de la nuit. Certains h\u00f4tels diffusent des films de No\u00ebl dans les espaces communs. Les expats organisent souvent des d\u00eeners participatifs dans des appartements Airbnb ou r\u00e9servent des repas de groupe dans des cha\u00eenes h\u00f4teli\u00e8res internationales.<\/p>\n\n\n\n<hr class=\"wp-block-separator has-alpha-channel-opacity is-style-dots\"\/>\n\n\n\n<h3 class=\"wp-block-heading\">Les transports publics fonctionnent \u00e0 No\u00ebl \u00e0 Madrid?<\/h3>\n\n\n\n<p>Oui, mais en service r\u00e9duit. Les <strong>horaires m\u00e9tro Madrid f\u00eates<\/strong> raccourcissent. La plupart des lignes ferment entre 21h et 22h. Les bus appliquent des horaires de jours f\u00e9ri\u00e9s avec une fr\u00e9quence r\u00e9duite. V\u00e9rifiez toujours les sites officiels de l\u2019EMT et du Metro avant de partir.<\/p>\n\n\n\n<div style=\"height:10px\" aria-hidden=\"true\" class=\"wp-block-spacer\"><\/div>\n\n\n\n<p>Savoir <strong>que manger \u00e0 No\u00ebl \u00e0 Madrid<\/strong> et o\u00f9 aller change tout. La journ\u00e9e reste calme, mais agr\u00e9able et simple \u00e0 parcourir si vous pr\u00e9parez bien. R\u00e9servez en avance, pr\u00e9voyez des plans B et \u00e9vitez de compter sur le hasard pour d\u00eener. Le 25 d\u00e9cembre \u00e0 Madrid sourit \u00e0 celles et ceux qui anticipent.<\/p>\n\n\n\n<hr class=\"wp-block-separator has-alpha-channel-opacity\"\/>\n\n\n\n<figure class=\"wp-block-image size-full\"><img loading=\"lazy\" decoding=\"async\" width=\"792\" height=\"294\" src=\"https:\/\/www.the-travel-bunny.com\/fr\/wp-content\/uploads\/sites\/3\/2018\/12\/Belen-Madrid-creche-traditionnelle-Noel.jpg\" alt=\"Creche de Noel Madrid avec figurines de la Nativite dans une etable eclairee.\" class=\"wp-image-8253\" title=\"\" srcset=\"https:\/\/www.the-travel-bunny.com\/fr\/wp-content\/uploads\/sites\/3\/2018\/12\/Belen-Madrid-creche-traditionnelle-Noel.jpg 792w, https:\/\/www.the-travel-bunny.com\/fr\/wp-content\/uploads\/sites\/3\/2018\/12\/Belen-Madrid-creche-traditionnelle-Noel-300x111.jpg 300w, https:\/\/www.the-travel-bunny.com\/fr\/wp-content\/uploads\/sites\/3\/2018\/12\/Belen-Madrid-creche-traditionnelle-Noel-768x285.jpg 768w\" sizes=\"auto, (max-width: 792px) 100vw, 792px\" \/><figcaption class=\"wp-element-caption\"><em>Les cr\u00e8ches, ou bel\u00e9nes, forment un pilier des traditions de No\u00ebl \u00e0 Madrid. Ces sc\u00e8nes d\u00e9taill\u00e9es apparaissent dans les \u00e9glises, les places et les maisons chaque d\u00e9cembre, un rep\u00e8re familier pour toute personne qui d\u00e9couvre le No\u00ebl \u00e0 Madrid pour la premi\u00e8re fois.<\/em><\/figcaption><\/figure>\n\n\n\n<h2 class=\"wp-block-heading\" id=\"local-traditions-festivities-cultural-experiences\">Traditions locales, festivit\u00e9s et exp\u00e9riences culturelles \u00e0 Madrid<\/h2>\n\n\n\n<p><strong><a href=\"https:\/\/elpais.com\/eps\/2024-12-12\/vivir-la-navidad-en-madrid.html\" target=\"_blank\" rel=\"noreferrer noopener\">Passer No\u00ebl \u00e0 Madrid<\/a><\/strong> ne se limite pas aux march\u00e9s et aux lumi\u00e8res. La ville fonctionne \u00e0 la tradition. Si vous vous demandez <strong><em>quelles sont les traditions de No\u00ebl \u00e0 Madrid<\/em><\/strong>, pr\u00e9parez-vous \u00e0 une combinaison de rituels religieux, de f\u00eates de rue et d\u2019habitudes s\u00e9culaires. Certaines commencent avant le 2 d\u00e9cembre et d\u2019autres se prolongent en janvier. Voici l\u2019essentiel pour saisir les moments les plus significatifs et festifs.<\/p>\n\n\n\n<div style=\"height:10px\" aria-hidden=\"true\" class=\"wp-block-spacer\"><\/div>\n\n\n\n<h3 class=\"wp-block-heading\">La loterie de No\u00ebl El Gordo<\/h3>\n\n\n\n<p>L\u2019un des grands \u00e9v\u00e9nements de la saison repose sur un tirage. <strong>La loterie El Gordo<\/strong> a lieu le 22 d\u00e9cembre et se diffuse en direct dans tout le pays. Officiellement appel\u00e9e <strong><em>la loterie de No\u00ebl El Gordo<\/em><\/strong>, elle constitue la plus grande loterie au monde en valeur de gains. Familles, coll\u00e8gues et ami\u00b7e\u00b7s ach\u00e8tent des billets partag\u00e9s dans l\u2019espoir de gagner ensemble. Les enfants de l\u2019\u00e9cole San Ildefonso chantent les num\u00e9ros \u00e0 la t\u00e9l\u00e9vision nationale. C\u2019est une v\u00e9ritable institution madril\u00e8ne. Si vous \u00eates en ville ce matin-l\u00e0, vous entendrez les bars exploser de joie ou de d\u00e9ception toutes les quelques minutes.<\/p>\n\n\n\n<hr class=\"wp-block-separator has-alpha-channel-opacity is-style-dots\"\/>\n\n\n\n<h3 class=\"wp-block-heading\">Bel\u00e9nes, les cr\u00e8ches de No\u00ebl \u00e0 Madrid<\/h3>\n\n\n\n<p>Pour comprendre certaines <strong>traditions de No\u00ebl \u00e0 Madrid<\/strong>, visitez un <strong>bel\u00e9n Madrid<\/strong>. Ces cr\u00e8ches \u00e9labor\u00e9es vont bien au-del\u00e0 de Marie et Joseph. Elles repr\u00e9sentent des villages miniatures entiers avec rivi\u00e8res, animaux et personnages de fond. Vous verrez des \u00e9l\u00e9ments mobiles, des jeux de lumi\u00e8re et m\u00eame des cycles jour-nuit. Les <strong>cr\u00e8ches de No\u00ebl Madrid<\/strong> les plus connues se trouvent au <strong>Palais de Cibeles, au Palais Royal et \u00e0 la Cath\u00e9drale de l\u2019Almudena<\/strong>.<\/p>\n\n\n\n<p>Vous ne savez pas <strong>o\u00f9 voir les cr\u00e8ches \u00e0 Madrid?<\/strong> Suivez le parcours des Bel\u00e9nes mis en avant par l\u2019Ayuntamiento. Elles ouvrent chaque jour en d\u00e9cembre et l\u2019acc\u00e8s est gratuit, m\u00eame si des files se forment le week-end. C\u2019est l\u2019un des moyens les plus simples et les plus touchants de vivre la culture des f\u00eates madril\u00e8nes.<\/p>\n\n\n\n<blockquote class=\"wp-block-quote is-layout-flow wp-block-quote-is-layout-flow\">\n<p>D\u00e9couvrez Madrid pendant les f\u00eates gr\u00e2ce \u00e0 une <strong><a href=\"https:\/\/getyourguide.tpx.lv\/Q97WPVgS\" target=\"_blank\" rel=\"noreferrer noopener sponsored\">visite guid\u00e9e \u00e0 pied sur le th\u00e8me de No\u00ebl<\/a><\/strong>&nbsp;: cr\u00e8ches, illuminations et march\u00e9s de No\u00ebl vous attendent. Les places sont limit\u00e9es, r\u00e9servez vite pour garantir votre date&nbsp;!<\/p>\n<\/blockquote>\n\n\n\n<hr class=\"wp-block-separator has-alpha-channel-opacity is-style-dots\"\/>\n\n\n\n<h3 class=\"wp-block-heading\">Messe de No\u00ebl et c\u00e9l\u00e9brations du r\u00e9veillon \u00e0 Madrid<\/h3>\n\n\n\n<p><strong>La messe de No\u00ebl \u00e0 Madrid<\/strong> reste un moment fort pour les communaut\u00e9s locales, et beaucoup d\u2019\u00e9glises se remplissent le 24 d\u00e9cembre. Si vous cherchez une <strong>messe \u00e0 Madrid \u00e0 No\u00ebl<\/strong> plus spirituelle, <strong><a href=\"https:\/\/catedraldelaalmudena.es\/en\" target=\"_blank\" rel=\"noreferrer noopener\">la Cath\u00e9drale de l\u2019Almudena<\/a><\/strong> propose une messe du soir ouverte au public. Les amateurs de musique peuvent assister \u00e0 des <strong>messes de No\u00ebl gospel \u00e0 Madrid<\/strong>, avec des chorales venues des \u00c9tats-Unis ou d\u2019Afrique.<\/p>\n\n\n\n<p>Vous vous demandez comment se d\u00e9roule <strong>la messe de minuit \u00e0 Madrid \u00e0 No\u00ebl, ou <em>La Misa del Gallo<\/em><\/strong>? Cette messe de No\u00ebl Madrid attire croyants et visiteurs. Vous \u00eates accueilli comme un invit\u00e9 dans la plupart des \u00e9glises No\u00ebl Madrid. Prenez un manteau et venez t\u00f4t. Les places s\u2019occupent rapidement.<\/p>\n\n\n\n<hr class=\"wp-block-separator has-alpha-channel-opacity is-style-dots\"\/>\n\n\n\n<h3 class=\"wp-block-heading\">Reyes Magos Madrid et la parade de janvier<\/h3>\n\n\n\n<p>Les enfants espagnols ne re\u00e7oivent pas leurs cadeaux le 25 d\u00e9cembre. Ils attendent le <strong>D\u00eda de Reyes<\/strong>, ou Jour des Rois, le 6 janvier. La veille, <strong>le 5 janvier<\/strong>, la ville organise la <strong>Parade des Rois Mages Madrid<\/strong>, une procession spectaculaire qui descend le <strong>Paseo de la Castellana<\/strong>. Les Reyes Magos Madrid lancent des bonbons, suivis de fanfares et de danseurs. Attendez-vous \u00e0 des rues ferm\u00e9es, des foules compactes et \u00e0 une pluie de sucre.<\/p>\n\n\n\n<p>Vous voulez savoir <strong>comment c\u00e9l\u00e9brer les Rois Mages \u00e0 Madrid?<\/strong> Arrivez t\u00f4t pour \u00eatre aux premi\u00e8res loges, surtout avec des enfants. Apportez un sac pour les bonbons et v\u00e9rifiez le <strong>calendrier des Rois Mages Madrid<\/strong> pour organiser votre parcours. La parade reste l\u2019un des moments phares des <strong>\u00e9v\u00e9nements Reyes Magos Madrid<\/strong>, appr\u00e9ci\u00e9e autant par les visiteurs que par les habitants.<\/p>\n\n\n\n<blockquote class=\"wp-block-quote is-layout-flow wp-block-quote-is-layout-flow\">\n<p>Curieux de conna\u00eetre les traditions ailleurs en Europe? <strong>D\u00e9couvrez mon <a href=\"https:\/\/www.the-travel-bunny.com\/fr\/coutumes-traditions-de-noel-en-europe\/\">guide complet sur les coutumes et traditions de No\u00ebl en Europe<\/a><\/strong>, avec des anecdotes locales, des f\u00eates insolites et des pratiques festives rarement expliqu\u00e9es dans les guides classiques.<\/p>\n<\/blockquote>\n\n\n\n<hr class=\"wp-block-separator has-alpha-channel-opacity is-style-dots\"\/>\n\n\n\n<h3 class=\"wp-block-heading\">Les 12 raisins \u00e0 minuit pour le Nouvel An<\/h3>\n\n\n\n<p>Le <strong>Nochevieja<\/strong> ou le r\u00e9veillon madril\u00e8ne tourne autour d\u2019un rituel pr\u00e9cis: manger <strong>12 raisins \u00e0 minuit<\/strong>. Chaque grain symbolise la chance d\u2019un mois \u00e0 venir. Les foules se rassemblent \u00e0 <strong>Puerta del Sol<\/strong> pour suivre le compte \u00e0 rebours officiel, retransmis dans toute l\u2019Espagne. Si vous souhaitez rejoindre la <strong>c\u00e9l\u00e9bration Puerta del Sol Nouvel An<\/strong>, arrivez avant 21h. Les acc\u00e8s ferment d\u00e8s que la place est pleine.<\/p>\n\n\n\n<p>Les raisins se mangent au rythme des douze coups. L\u2019exercice para\u00eet simple, mais surprend souvent. La <strong>tradition des 12 raisins Madrid Nouvel An<\/strong> rassemble tout le pays autour d\u2019un m\u00eame geste.<\/p>\n\n\n\n<hr class=\"wp-block-separator has-alpha-channel-opacity is-style-dots\"\/>\n\n\n\n<h3 class=\"wp-block-heading\">Que faire \u00e0 Madrid le 1er janvier<\/h3>\n\n\n\n<p>Le 1er janvier, la ville ralentit. Beaucoup de boutiques restent ferm\u00e9es et les rues demeurent calmes. Si vous cherchez <strong>que faire \u00e0 madrid le 1er janvier<\/strong> ou juste apr\u00e8s, la r\u00e9ponse vient souvent en trois mots: marcher, manger, r\u00e9cup\u00e9rer. Les parcs, certaines illuminations et quelques caf\u00e9s rouvrent l\u2019apr\u00e8s-midi. San Gin\u00e9s accueille en g\u00e9n\u00e9ral les amateurs de churros et chocolat Madrid No\u00ebl, et les brunchs d\u2019h\u00f4tel permettent de se remettre avant la semaine des Rois.<\/p>\n\n\n\n<div style=\"height:10px\" aria-hidden=\"true\" class=\"wp-block-spacer\"><\/div>\n\n\n\n<p>La Madrid \u00e0 No\u00ebl ne s\u2019arr\u00eate pas au 25 d\u00e9cembre. Elle commence presque \u00e0 ce moment. Entre <strong>el Gordo et les Reyes Magos<\/strong>, ces coutumes fa\u00e7onnent le v\u00e9cu des habitants et l\u2019exp\u00e9rience des voyageurs. Participez, et vous comprendrez pourquoi les <strong>traditions de No\u00ebl Madrid<\/strong> restent dans les m\u00e9moires bien apr\u00e8s la fin des f\u00eates.<\/p>\n\n\n\n<hr class=\"wp-block-separator has-alpha-channel-opacity\"\/>\n\n\n\n<figure class=\"wp-block-image size-full\"><img loading=\"lazy\" decoding=\"async\" width=\"792\" height=\"294\" src=\"https:\/\/www.the-travel-bunny.com\/fr\/wp-content\/uploads\/sites\/3\/2018\/12\/Roscon-de-Reyes-Madrid-patisserie-traditionnelle-Noel.jpg\" alt=\"Roscones de Reyes exposes en vitrine dans une boulangerie de Madrid avec fruits confits et sucre.\" class=\"wp-image-8254\" title=\"\" srcset=\"https:\/\/www.the-travel-bunny.com\/fr\/wp-content\/uploads\/sites\/3\/2018\/12\/Roscon-de-Reyes-Madrid-patisserie-traditionnelle-Noel.jpg 792w, https:\/\/www.the-travel-bunny.com\/fr\/wp-content\/uploads\/sites\/3\/2018\/12\/Roscon-de-Reyes-Madrid-patisserie-traditionnelle-Noel-300x111.jpg 300w, https:\/\/www.the-travel-bunny.com\/fr\/wp-content\/uploads\/sites\/3\/2018\/12\/Roscon-de-Reyes-Madrid-patisserie-traditionnelle-Noel-768x285.jpg 768w\" sizes=\"auto, (max-width: 792px) 100vw, 792px\" \/><figcaption class=\"wp-element-caption\"><em>Le <em>rosc\u00f3n de reyes<\/em> incarne la p\u00e2tisserie embl\u00e9matique de No\u00ebl \u00e0 Madrid et du Jour des Rois. Recouvert de fruits confits et souvent garni de cr\u00e8me, ce g\u00e2teau festif envahit les boulangeries de la ville chaque d\u00e9but janvier.<\/em><\/figcaption><\/figure>\n\n\n\n<h2 data-wp-context---core-fit-text=\"core\/fit-text::{&quot;fontSize&quot;:&quot;&quot;}\" data-wp-init---core-fit-text=\"core\/fit-text::callbacks.init\" data-wp-interactive data-wp-style--font-size=\"core\/fit-text::context.fontSize\" class=\"wp-block-heading has-fit-text\" id=\"what-to-eat-in-madrid-at-christmas-holiday-foods-seasonal-treats\">Que manger \u00e0 Madrid \u00e0 No\u00ebl. Sp\u00e9cialit\u00e9s et douceurs de saison<\/h2>\n\n\n\n<p>Madrid \u00e0 No\u00ebl carbure au sucre, aux fruits de mer et aux d\u00eeners tardifs. Savoir que faire \u00e0 Madrid \u00e0 No\u00ebl inclut aussi de comprendre <strong>que manger \u00e0 No\u00ebl \u00e0 Madrid<\/strong>. Pendant les f\u00eates, ne manquez pas les <strong>sp\u00e9cialit\u00e9s de No\u00ebl \u00e0 Madrid<\/strong> et les meilleures adresses pour les go\u00fbter. Gardez en t\u00eate que de nombreux restaurants ferment lors des soir\u00e9es cl\u00e9s. R\u00e9servez t\u00f4t pour \u00e9viter les d\u00e9ceptions.<\/p>\n\n\n\n<div style=\"height:10px\" aria-hidden=\"true\" class=\"wp-block-spacer\"><\/div>\n\n\n\n<h3 class=\"wp-block-heading\">Quel est le plat principal de No\u00ebl \u00e0 Madrid?<\/h3>\n\n\n\n<p>La r\u00e9ponse d\u00e9pend du jour. Pour la <strong>Nochebuena<\/strong>, le r\u00e9veillon du 24 d\u00e9cembre, les familles se retrouvent autour de grands repas centr\u00e9s sur <strong>l\u2019agneau r\u00f4ti, les fruits de mer ou les deux<\/strong>. Cochon de lait, plateaux de crustac\u00e9s et poissons au four dominent souvent la table. Les entr\u00e9es comprennent <strong>du jam\u00f3n ib\u00e9rico, des planches de fromages et des anchois marin\u00e9s<\/strong>.<\/p>\n\n\n\n<p>Le 6 janvier, les Madril\u00e8nes c\u00e9l\u00e8brent avec un dessert. Le <strong>rosc\u00f3n de reyes Madrid<\/strong>, une brioche en forme de couronne garnie de cr\u00e8me ou de truffe, s\u2019impose dans toutes les vitrines.<\/p>\n\n\n\n<p>Si vous vous demandez <strong><em>quel est le plat principal de No\u00ebl \u00e0 Madrid<\/em><\/strong>, commencez par une viande r\u00f4tie et terminez par une p\u00e2tisserie d\u00e9cor\u00e9e de fruits confits.<\/p>\n\n\n\n<hr class=\"wp-block-separator has-alpha-channel-opacity is-style-dots\"\/>\n\n\n\n<h3 class=\"wp-block-heading\">Sp\u00e9cialit\u00e9s de No\u00ebl Madrid. Ce que les locaux ach\u00e8tent<\/h3>\n\n\n\n<p>En d\u00e9cembre, les march\u00e9s regorgent de <strong>produits traditionnels de No\u00ebl Madrid<\/strong> que les familles madril\u00e8nes ach\u00e8tent chaque ann\u00e9e. Les incontournables incluent le <strong>turr\u00f3n Madrid<\/strong> (nougat aux amandes), les <strong>polvorones Madrid<\/strong> (sabl\u00e9s friables), les <strong>mantecados et les figurines de massepain<\/strong>. On trouve ces douceurs dans les maisons, les bureaux et les caf\u00e9s durant toute la saison. Les supermarch\u00e9s en vendent, mais les versions artisanales sont meilleures. Visez La Mallorquina, El Riojano ou Pasteler\u00eda El Pozo dans le Centro.<\/p>\n\n\n\n<blockquote class=\"wp-block-quote is-layout-flow wp-block-quote-is-layout-flow\">\n<p>Envie de vraies douceurs madril\u00e8nes et de petites histoires locales? <strong><a href=\"https:\/\/getyourguide.tpx.lv\/3BEjSnH8\" target=\"_blank\" rel=\"noreferrer noopener sponsored\">R\u00e9servez une visite gourmande de No\u00ebl \u00e0 Madrid<\/a><\/strong> et laissez-vous guider sans h\u00e9sitation.<\/p>\n<\/blockquote>\n\n\n\n<hr class=\"wp-block-separator has-alpha-channel-opacity is-style-dots\"\/>\n\n\n\n<figure class=\"wp-block-image size-full\"><img loading=\"lazy\" decoding=\"async\" width=\"792\" height=\"294\" src=\"https:\/\/www.the-travel-bunny.com\/fr\/wp-content\/uploads\/sites\/3\/2018\/12\/Churros-chocolat-Madrid-douceur-Noel.jpg\" alt=\"Assiette de churros croustillants servie avec chocolat chaud et sauce caramel dans des coupelles.\" class=\"wp-image-8255\" title=\"\" srcset=\"https:\/\/www.the-travel-bunny.com\/fr\/wp-content\/uploads\/sites\/3\/2018\/12\/Churros-chocolat-Madrid-douceur-Noel.jpg 792w, https:\/\/www.the-travel-bunny.com\/fr\/wp-content\/uploads\/sites\/3\/2018\/12\/Churros-chocolat-Madrid-douceur-Noel-300x111.jpg 300w, https:\/\/www.the-travel-bunny.com\/fr\/wp-content\/uploads\/sites\/3\/2018\/12\/Churros-chocolat-Madrid-douceur-Noel-768x285.jpg 768w\" sizes=\"auto, (max-width: 792px) 100vw, 792px\" \/><figcaption class=\"wp-element-caption\"><em>Les churros avec chocolat chaud comptent parmi les douceurs incontournables de No\u00ebl \u00e0 Madrid. Servis dans des caf\u00e9s partout en ville, ils deviennent encore plus populaires les matins de No\u00ebl et les brunchs du Jour de l\u2019An.<\/em><\/figcaption><\/figure>\n\n\n\n<h3 class=\"wp-block-heading\">Churros et chocolat de No\u00ebl \u00e0 Madrid<\/h3>\n\n\n\n<p>Vous pouvez manger des churros toute l\u2019ann\u00e9e \u00e0 Madrid, mais ils prennent tout leur sens en hiver. <strong>Les churros et chocolat Madrid No\u00ebl<\/strong> attirent particuli\u00e8rement apr\u00e8s une nuit dehors ou avant une tourn\u00e9e des march\u00e9s. Les locaux pr\u00e9f\u00e8rent tremper l\u00e9g\u00e8rement, pas immerger. L\u2019adresse la plus connue reste <strong>San Gin\u00e9s<\/strong>, ouverte 365 jours par an et situ\u00e9e \u00e0 quelques pas de Puerta del Sol. Il y a une file, mais elle avance vite.<\/p>\n\n\n\n<hr class=\"wp-block-separator has-alpha-channel-opacity is-style-dots\"\/>\n\n\n\n<h3 class=\"wp-block-heading\">Rosc\u00f3n de Reyes Madrid en janvier<\/h3>\n\n\n\n<p>Ne partez pas sans go\u00fbter le <strong>rosc\u00f3n de reyes Madrid<\/strong>, servi uniquement autour du 6 janvier. Ce pain en forme d\u2019anneau arrive d\u00e9cor\u00e9 de sucre et de fruits confits. Deux surprises se cachent \u00e0 l\u2019int\u00e9rieur: un petit sujet et une f\u00e8ve. Si vous trouvez le sujet, vous portez la couronne. Si vous tombez sur la f\u00e8ve, vous achetez le g\u00e2teau l\u2019ann\u00e9e suivante.<\/p>\n\n\n\n<p>Des boulangeries comme El Horno de San Onofre et Mallorca proposent des versions garnies de cr\u00e8me fouett\u00e9e ou de chocolat. Commandez \u00e0 l\u2019avance d\u00e9but janvier. Les stocks partent vite.<\/p>\n\n\n\n<hr class=\"wp-block-separator has-alpha-channel-opacity is-style-dots\"\/>\n\n\n\n<h3 class=\"wp-block-heading\">Restaurants pour le d\u00eener de No\u00ebl \u00e0 Madrid<\/h3>\n\n\n\n<p>Si vous pr\u00e9voyez de d\u00eener au restaurant les 24 et 25 d\u00e9cembre, privil\u00e9giez les <strong>restaurants d&rsquo;h\u00f4tels avec d\u00eener de No\u00ebl \u00e0 Madrid<\/strong>. La plupart des \u00e9tablissements ind\u00e9pendants sont ferm\u00e9s les deux soirs. Voici quelques <strong>adresses incontournables pour un d\u00eener de No\u00ebl \u00e0 Madrid<\/strong>&nbsp;:<\/p>\n\n\n\n<ul class=\"wp-block-list\">\n<li><strong>La Terraza del Casino<\/strong>, un restaurant haut de gamme du centre de Madrid, sert un menu de No\u00ebl unique m\u00ealant sp\u00e9cialit\u00e9s r\u00e9gionales venues d\u2019autres pays et plats espagnols classiques. Le lieu offre aussi de superbes vues sur la ville.<\/li>\n\n\n\n<li><strong>La Taberna de Sanl\u00facar<\/strong>. Ce petit restaurant du quartier de Chamber\u00ed est r\u00e9put\u00e9 pour ses sp\u00e9cialit\u00e9s de fruits de mer et constitue une option id\u00e9ale pour un repas de No\u00ebl. L\u2019atmosph\u00e8re chaleureuse et festive renforce le plaisir du moment.<\/li>\n\n\n\n<li><strong>Casa Lucio<\/strong>. Ce restaurant familial embl\u00e9matique de La Latina reste une valeur s\u00fbre pour un repas de No\u00ebl joyeux et met en avant les plats espagnols traditionnels.<\/li>\n\n\n\n<li><strong>Santceloni<\/strong>. Ce restaurant deux \u00e9toiles Michelin, situ\u00e9 dans l\u2019h\u00f4tel Hesperia, propose une exp\u00e9rience gastronomique m\u00e9morable ax\u00e9e sur la cuisine espagnole contemporaine.<\/li>\n\n\n\n<li><strong>El Club Allard<\/strong>, restaurant tendance du quartier de Chamber\u00ed, pr\u00e9sente un menu de No\u00ebl original avec des plats venus de divers horizons. Le d\u00e9cor soign\u00e9 et la cuisine raffin\u00e9e en font un choix solide pour un d\u00e9jeuner festif.<\/li>\n<\/ul>\n\n\n\n<p>Cherchez des <strong>menus sp\u00e9ciaux No\u00ebl Madrid<\/strong> comprenant 5 \u00e0 7 plats, des accords mets vins et des codes vestimentaires \u00e9l\u00e9gants. Pour <strong>r\u00e9server un d\u00eener de No\u00ebl Madrid le 24 d\u00e9cembre<\/strong>, faites votre demande d\u00e9but d\u00e9cembre. Le pr\u00e9paiement est fr\u00e9quent.<\/p>\n\n\n\n<hr class=\"wp-block-separator has-alpha-channel-opacity is-style-dots\"\/>\n\n\n\n<h3 class=\"wp-block-heading\">No\u00ebl v\u00e9g\u00e9talien Madrid. O\u00f9 aller<\/h3>\n\n\n\n<p>Si vous cherchez des <strong>options v\u00e9g\u00e9taliennes No\u00ebl Madrid<\/strong>, essayez Honest Greens ou Level Veggie Bistro. Les deux servent des plats festifs v\u00e9g\u00e9taux et prennent les r\u00e9servations. Beaucoup de restaurants d\u2019h\u00f4tel peuvent adapter leurs menus si vous pr\u00e9venez en avance. N\u2019esp\u00e9rez pas de disponibilit\u00e9s spontan\u00e9es, surtout les 24 et 25 d\u00e9cembre.<\/p>\n\n\n\n<hr class=\"wp-block-separator has-alpha-channel-opacity is-style-dots\"\/>\n\n\n\n<h3 class=\"wp-block-heading\">Visites gastronomiques et tapas de No\u00ebl \u00e0 Madrid<\/h3>\n\n\n\n<p>Vous trouverez peu de bars \u00e0 tapas ouverts en entr\u00e9e libre le jour de No\u00ebl, mais plusieurs agences organisent des <strong>visites de No\u00ebl \u00e0 Madrid avec tapas<\/strong> les jours pr\u00e9c\u00e9dents et suivants. Ces visites incluent des haltes dans des tavernes historiques, des accords vins et des d\u00e9gustations de plats locaux. R\u00e9server un <strong>circuit gastronomique de No\u00ebl \u00e0 Madrid<\/strong> constitue une bonne solution si vous souhaitez un accompagnement dans les rues anim\u00e9es et face aux horaires r\u00e9duits.<\/p>\n\n\n\n<blockquote class=\"wp-block-quote is-layout-flow wp-block-quote-is-layout-flow\">\n<p>Envie de vraies douceurs madril\u00e8nes et de petites histoires locales? <strong><a href=\"https:\/\/getyourguide.tpx.lv\/3BEjSnH8\" target=\"_blank\" rel=\"noreferrer noopener sponsored\">R\u00e9servez un <strong>circuit gastronomique de No\u00ebl \u00e0 Madrid<\/strong><\/a><\/strong> et laissez-vous guider sans h\u00e9sitation.<\/p>\n<\/blockquote>\n\n\n\n<div style=\"height:10px\" aria-hidden=\"true\" class=\"wp-block-spacer\"><\/div>\n\n\n\n<p>Du r\u00f4ti d\u2019agneau au <strong>turr\u00f3n Madrid<\/strong>, les repas de f\u00eates jouent un r\u00f4le central dans l\u2019exp\u00e9rience madril\u00e8ne. Ce n\u2019est pas le moment d\u2019improviser. <strong>Si vous voyagez \u00e0 Madrid pendant la semaine de No\u00ebl, planifiez vos repas pour chaque jour<\/strong>. Les meilleurs plats restent simples, de saison, charg\u00e9s de tradition. C\u2019est ce qui rend les <strong>douceurs typiques espagnoles de No\u00ebl \u00e0 Madrid<\/strong> si marquantes, m\u00eame si vous ne faites que passer.<\/p>\n\n\n\n<hr class=\"wp-block-separator has-alpha-channel-opacity\"\/>\n\n\n\n<figure class=\"wp-block-image size-full\"><img loading=\"lazy\" decoding=\"async\" width=\"792\" height=\"294\" src=\"https:\/\/www.the-travel-bunny.com\/fr\/wp-content\/uploads\/sites\/3\/2018\/12\/Hotel-Madrid-chambre-chaleureuse-Noel.jpg\" alt=\"Chambre d\u2019hotel a Madrid eclairee par deux lampes avec lit double et effets personnels sur les tables de nuit.\" class=\"wp-image-8256\" title=\"\" srcset=\"https:\/\/www.the-travel-bunny.com\/fr\/wp-content\/uploads\/sites\/3\/2018\/12\/Hotel-Madrid-chambre-chaleureuse-Noel.jpg 792w, https:\/\/www.the-travel-bunny.com\/fr\/wp-content\/uploads\/sites\/3\/2018\/12\/Hotel-Madrid-chambre-chaleureuse-Noel-300x111.jpg 300w, https:\/\/www.the-travel-bunny.com\/fr\/wp-content\/uploads\/sites\/3\/2018\/12\/Hotel-Madrid-chambre-chaleureuse-Noel-768x285.jpg 768w\" sizes=\"auto, (max-width: 792px) 100vw, 792px\" \/><figcaption class=\"wp-element-caption\"><em>Trouver le bon h\u00f4tel pour passer No\u00ebl \u00e0 Madrid change tout. Que vous cherchiez une vue festive ou un endroit calme pour souffler, les h\u00e9bergements du centre se remplissent tr\u00e8s vite en d\u00e9cembre.<\/em><\/figcaption><\/figure>\n\n\n\n<h2 class=\"wp-block-heading\" id=\"traditions-in-madrid-during-christmas\">Guide H\u00e9bergements No\u00ebl \u00e0 Madrid<\/h2>\n\n\n\n<p>Trouver <strong>la bonne base pendant No\u00ebl \u00e0 Madrid<\/strong> peut r\u00e9ellement fa\u00e7onner votre s\u00e9jour. Confort, charme ou bon rapport qualit\u00e9-prix, mon <strong>guide d&rsquo;h\u00e9bergement pour No\u00ebl \u00e0 Madrid<\/strong> couvre des h\u00f4tels tr\u00e8s bien not\u00e9s, centraux et ouverts pendant toute la saison. R\u00e9servez t\u00f4t car la demande grimpe fortement d\u00e8s d\u00e9cembre.<\/p>\n\n\n\n<div style=\"height:10px\" aria-hidden=\"true\" class=\"wp-block-spacer\"><\/div>\n\n\n\n<h3 class=\"wp-block-heading\">Meilleurs H\u00f4tels pour No\u00ebl \u00e0 Madrid<\/h3>\n\n\n\n<p>Si vous voulez un endroit calme pr\u00e8s des animations, le <strong><a href=\"https:\/\/booking.tpx.lv\/IEZw95tC\" target=\"_blank\" rel=\"noreferrer noopener sponsored\">Radisson Blu Prado<\/a><\/strong> reste une excellente option. L\u2019h\u00f4tel se trouve juste \u00e0 c\u00f4t\u00e9 du mus\u00e9e du Prado et du parc du Retiro, ce qui vous donne un <strong>acc\u00e8s rapide aux illuminations de No\u00ebl Madrid, aux march\u00e9s de No\u00ebl Madrid et aux balades<\/strong>, sans le bruit des foules. Les chambres sont modernes et l\u2019ambiance reste festive sans exc\u00e8s. Id\u00e9al pour couples ou voyageurs solo. Pour une valeur s\u00fbre et bien situ\u00e9e, r\u00e9servez le Radisson Blu Prado avant que d\u00e9cembre n\u2019affiche complet.<\/p>\n\n\n\n<p>Pour celles et ceux qui veulent se faire plaisir, le <strong><a href=\"https:\/\/booking.tpx.lv\/n1OaK6dU\" target=\"_blank\" rel=\"noreferrer noopener sponsored\">Mandarin Oriental Ritz Madrid Hotel<\/a><\/strong> propose une <strong>\u00e9l\u00e9gance classique avec une d\u00e9coration de No\u00ebl spectaculaire<\/strong> et une terrasse avec vues. L\u2019h\u00f4tel se trouve \u00e0 distance de marche de la Puerta del Sol et du Jardin Botanique. Parfait pour les voyageurs qui veulent un d\u00e9cor saisonnier complet et un service en accord.<\/p>\n\n\n\n<hr class=\"wp-block-separator has-alpha-channel-opacity is-style-dots\"\/>\n\n\n\n<h3 class=\"wp-block-heading\">H\u00f4tels Romantiques Madrid No\u00ebl<\/h3>\n\n\n\n<p>Pour une ambiance boutique, <strong><a href=\"https:\/\/booking.tpx.lv\/cxXbav4H\" target=\"_blank\" rel=\"noreferrer noopener sponsored\">Only YOU Boutique Hotel<\/a><\/strong> \u00e0 Chueca coche toutes les cases. Int\u00e9rieurs \u00e9l\u00e9gants, chemin\u00e9es dans le lounge et carte de cocktails de saison en font l\u2019un des h\u00f4tels les plus recherch\u00e9s par celles et ceux qui cherchent des <strong>h\u00f4tels romantiques \u00e0 Madrid pour No\u00ebl<\/strong>. L\u2019h\u00f4tel reste proche des lumi\u00e8res, bars et restaurants tout en \u00e9tant \u00e0 l\u2019\u00e9cart.<\/p>\n\n\n\n<p><strong><a href=\"https:\/\/booking.tpx.lv\/3rSBo3Ck\" target=\"_blank\" rel=\"noreferrer noopener sponsored\">Gran Hotel Ingl\u00e9s<\/a><\/strong> dans le Barrio de las Letras est une autre valeur s\u00fbre. Cet \u00e9tablissement du XIXe si\u00e8cle soigneusement restaur\u00e9 marie d\u00e9tails historiques et service haut de gamme. Si vous passez <strong>Madrid \u00e0 No\u00ebl en couple<\/strong>, cet h\u00f4tel offre style et emplacement id\u00e9al.<\/p>\n\n\n\n<hr class=\"wp-block-separator has-alpha-channel-opacity is-style-dots\"\/>\n\n\n\n<h3 class=\"wp-block-heading\">H\u00f4tels familiaux Madrid No\u00ebl<\/h3>\n\n\n\n<p>Si vous voyagez avec des enfants, installez-vous au <strong><a href=\"https:\/\/booking.tpx.lv\/3xW7t9si\" target=\"_blank\" rel=\"noreferrer noopener sponsored\">Barcel\u00f3 Torre de Madrid<\/a>, l\u2019un des meilleurs h\u00f4tels familiaux Madrid No\u00ebl<\/strong> pour sa localisation et sa praticit\u00e9. Situ\u00e9 sur Plaza de Espa\u00f1a, il se trouve \u00e0 quelques pas du tunnel d\u2019illuminations de No\u00ebl Madrid, de la patinoire et des march\u00e9s. Les chambres offrent beaucoup d\u2019espace, le petit-d\u00e9jeuner tient la route, et le transport public Madrid No\u00ebl vous attend juste devant l\u2019h\u00f4tel. L\u2019adresse coche toutes les cases si vous cherchez o\u00f9 aller \u00e0 Madrid \u00e0 No\u00ebl en restant proche de l\u2019action.<\/p>\n\n\n\n<p>Le <strong><strong><a href=\"https:\/\/booking.tpx.lv\/YGUzHLcJ\" target=\"_blank\" rel=\"noreferrer noopener sponsored\">Novotel Madrid Center<\/a><\/strong><\/strong> \u00e0 Salamanca propose des chambres quadruples, des menus adapt\u00e9s aux enfants et un acc\u00e8s facile \u00e0 des rues plus calmes. L\u2019h\u00f4tel reste moderne et abordable sans para\u00eetre basique. Bonus int\u00e9ressant: les balades au Retiro pour fatiguer les plus jeunes, parfait si vous pr\u00e9parez un <strong>s\u00e9jour No\u00ebl \u00e0 Madrid en famille<\/strong>.<\/p>\n\n\n\n<hr class=\"wp-block-separator has-alpha-channel-opacity is-style-dots\"\/>\n\n\n\n<h3 class=\"wp-block-heading\">H\u00f4tels pas chers Madrid centre-ville No\u00ebl<\/h3>\n\n\n\n<p>Pour les voyageurs qui surveillent leur budget, <strong><a href=\"https:\/\/booking.tpx.lv\/AAY2qq2n\" target=\"_blank\" rel=\"noreferrer noopener sponsored\">Casual del Teatro Madrid<\/a><\/strong> propose des chambres simples \u00e0 quelques minutes de Sol. L\u2019endroit reste propre, central, et propose souvent des <strong>offres d\u2019h\u00f4tels No\u00ebl \u00e0 Madrid<\/strong> si vous r\u00e9servez avant novembre.<\/p>\n\n\n\n<p>Autre bonne option: <strong><strong><a href=\"https:\/\/booking.tpx.lv\/zqDzi2Gm\" target=\"_blank\" rel=\"noreferrer noopener sponsored\">Hostal Central Palace Madrid<\/a><\/strong><\/strong>, qui donne sur le Palais Royal tout en restant \u00e9tonnamment calme. Si vous cherchez des <strong>h\u00f4tels pas chers centre-ville Madrid No\u00ebl<\/strong> qui ne ressemblent pas \u00e0 un compromis, ces deux adresses d\u00e9passent les attentes.<\/p>\n\n\n\n<div style=\"height:10px\" aria-hidden=\"true\" class=\"wp-block-spacer\"><\/div>\n\n\n\n<p>Vous ne savez pas <strong>o\u00f9 dormir \u00e0 Madrid \u00e0 No\u00ebl?<\/strong> Adaptez votre choix \u00e0 votre style de voyage: escapade romantique, vacances familiales ou city break festif. Toutes ces adresses restent ouvertes pendant la semaine de No\u00ebl. R\u00e9servez sans tarder pour \u00e9viter la flamb\u00e9e des prix de derni\u00e8re minute!<\/p>\n\n\n\n<hr class=\"wp-block-separator has-alpha-channel-opacity\"\/>\n\n\n\n<figure class=\"wp-block-image size-full\"><img loading=\"lazy\" decoding=\"async\" width=\"792\" height=\"294\" src=\"https:\/\/www.the-travel-bunny.com\/fr\/wp-content\/uploads\/sites\/3\/2018\/12\/Shopping-Noel-Madrid-cadeaux-et-souvenirs.jpg\" alt=\"Femme choisissant des chaussettes de Noel dans une boutique de cadeaux a Madrid.\" class=\"wp-image-8257\" title=\"\" srcset=\"https:\/\/www.the-travel-bunny.com\/fr\/wp-content\/uploads\/sites\/3\/2018\/12\/Shopping-Noel-Madrid-cadeaux-et-souvenirs.jpg 792w, https:\/\/www.the-travel-bunny.com\/fr\/wp-content\/uploads\/sites\/3\/2018\/12\/Shopping-Noel-Madrid-cadeaux-et-souvenirs-300x111.jpg 300w, https:\/\/www.the-travel-bunny.com\/fr\/wp-content\/uploads\/sites\/3\/2018\/12\/Shopping-Noel-Madrid-cadeaux-et-souvenirs-768x285.jpg 768w\" sizes=\"auto, (max-width: 792px) 100vw, 792px\" \/><figcaption class=\"wp-element-caption\"><em>Les boutiques de Madrid se remplissent de d\u00e9corations festives et d\u2019id\u00e9es cadeaux tout au long du mois de d\u00e9cembre. Des boules de no\u00ebl \u00e0 l\u2019artisanat local, il y a toujours quelque chose pour toute personne en qu\u00eate du meilleur No\u00ebl \u00e0 Madrid.<\/em><\/figcaption><\/figure>\n\n\n\n<h2 class=\"wp-block-heading\" id=\"madrid-christmas-shopping-gifts\">Shopping de No\u00ebl \u00e0 Madrid et Id\u00e9es Cadeaux<\/h2>\n\n\n\n<p><strong>Madrid vit le shopping de No\u00ebl comme il se doit<\/strong>. On y trouve tout, des cr\u00e9ations artisanales dans des stands \u00e9ph\u00e9m\u00e8res aux grands magasins qui proposent vitrines anim\u00e9es et ventes nocturnes. Si vous \u00eates en ville en d\u00e9cembre, pr\u00e9voyez du temps pour fl\u00e2ner et acheter. C\u2019est le moment id\u00e9al pour d\u00e9nicher des <strong>d\u00e9corations de No\u00ebl \u00e0 Madrid<\/strong>, de l\u2019artisanat local et des douceurs en \u00e9dition limit\u00e9e introuvables le reste de l\u2019ann\u00e9e.<\/p>\n\n\n\n<div style=\"height:10px\" aria-hidden=\"true\" class=\"wp-block-spacer\"><\/div>\n\n\n\n<h3 class=\"wp-block-heading\">Rues de Shopping de No\u00ebl \u00e0 Madrid<\/h3>\n\n\n\n<p>Pour des rues illumin\u00e9es et remplies de stands cadeaux, partez de <strong>Gran V\u00eda<\/strong> et descendez <strong>Calle Preciados jusqu\u2019\u00e0 Puerta del Sol<\/strong>. Ces art\u00e8res centrales regroupent boutiques ind\u00e9pendantes et enseignes connues qui affichent les premi\u00e8res <strong>promotions de No\u00ebl Madrid<\/strong>. Les matin\u00e9es en semaine restent les plus calmes. Vous trouverez \u00e9galement de nombreux <strong>souvenirs de No\u00ebl madril\u00e8nes<\/strong> dans les kiosques et les boutiques sp\u00e9cialis\u00e9es pr\u00e8s de Sol et de la station de m\u00e9tro Opera.<\/p>\n\n\n\n<hr class=\"wp-block-separator has-alpha-channel-opacity is-style-dots\"\/>\n\n\n\n<h3 class=\"wp-block-heading\">Horaires et Vitrines de No\u00ebl El Corte Ingl\u00e9s<\/h3>\n\n\n\n<p>Le grand magasin le plus c\u00e9l\u00e8bre de la ville ne fait rien \u00e0 moiti\u00e9. <strong>L\u2019exposition de no\u00ebl d\u2019El Corte Ingl\u00e9s Castellana<\/strong> propose sc\u00e8nes anim\u00e9es pour enfants, d\u00e9corations g\u00e9antes et un spectacle lumineux qui couvre toute la fa\u00e7ade. Pour toute question sur les <strong>horaires El Corte Ingl\u00e9s No\u00ebl<\/strong>, la plupart des magasins ouvrent de 10 h \u00e0 22 h, avec des r\u00e9ductions horaires les 24 et 31 d\u00e9cembre et fermeture les 25 d\u00e9cembre et 1er janvier.<\/p>\n\n\n\n<p>Vous cherchez les <strong>horaires d&rsquo;ouverture des grands magasins \u00e0 Madrid pendant les f\u00eates<\/strong>, en dehors d&rsquo;El Corte Ingl\u00e9s&nbsp;? La plupart suivent un rythme similaire, mais les petites boutiques ferment parfois plus t\u00f4t sans pr\u00e9venir. V\u00e9rifiez toujours avant de sortir.<\/p>\n\n\n\n<hr class=\"wp-block-separator has-alpha-channel-opacity is-style-dots\"\/>\n\n\n\n<h3 class=\"wp-block-heading\">Cadeaux Artisanaux et Souvenirs de No\u00ebl \u00e0 Madrid<\/h3>\n\n\n\n<p>Les plus beaux <strong>cadeaux artisanaux Madrid<\/strong> viennent des march\u00e9s saisonniers. Cherchez les stands de <strong>Plaza Mayor, Plaza de Espa\u00f1a et Col\u00f3n<\/strong> pour des c\u00e9ramiques, articles en cuir, savons et conserves artisanales. Pour quelque chose de vraiment local, rendez-vous <strong>au Mercado del Gato ou \u00e0 la Feria Mercado de Artesan\u00eda<\/strong> et d\u00e9nichez des pi\u00e8ces uniques.<\/p>\n\n\n\n<p><strong>Les figurines de cr\u00e8che, ou bel\u00e9nes<\/strong>, restent les souvenirs de no\u00ebl les plus authentiques. Peintes \u00e0 la main, elles existent en toutes tailles et proviennent d\u2019ateliers familiaux espagnols. On les voit partout dans les cr\u00e8ches de No\u00ebl Madrid et elles voyagent tr\u00e8s bien en avion.<\/p>\n\n\n\n<hr class=\"wp-block-separator has-alpha-channel-opacity is-style-dots\"\/>\n\n\n\n<h3 class=\"wp-block-heading\">Cadeaux Chocolat\u00e9s et Paniers Gourmands de No\u00ebl<\/h3>\n\n\n\n<p>Pour des cadeaux gourmands, les <strong>cadeaux chocolat No\u00ebl Madrid<\/strong> vont des truffes simples aux bo\u00eetes de turr\u00f3n haut de gamme. La Mallorquina et El Riojano proposent de superbes coffrets \u00e0 longue conservation. Parfaits comme cadeaux d\u2019h\u00f4te ou souvenirs faciles \u00e0 transporter. Vous trouverez aussi des <strong>paniers gourmands No\u00ebl Madrid<\/strong> dans les boutiques gastronomiques et supermarch\u00e9s. Ils comprennent vin, charcuterie, douceurs et sauces, pr\u00eats \u00e0 offrir.<\/p>\n\n\n\n<hr class=\"wp-block-separator has-alpha-channel-opacity is-style-dots\"\/>\n\n\n\n<h3 class=\"wp-block-heading\">Conseils Shopping \u00e0 Madrid en D\u00e9cembre<\/h3>\n\n\n\n<ul class=\"wp-block-list\">\n<li>Gardez vos tickets. Beaucoup de magasins offrent des retours prolong\u00e9s jusqu\u2019\u00e0 la mi-janvier.<\/li>\n\n\n\n<li><strong>Les soldes de No\u00ebl Madrid<\/strong> ne commencent officiellement qu\u2019apr\u00e8s le 6 janvier. Pour de vraies r\u00e9ductions, faites votre shopping apr\u00e8s les Reyes. Avant cette date, les prix restent \u00e9lev\u00e9s sur les produits de saison.<\/li>\n<\/ul>\n\n\n\n<div style=\"height:10px\" aria-hidden=\"true\" class=\"wp-block-spacer\"><\/div>\n\n\n\n<p>Que vous achetiez pour d\u2019autres ou pour vous, le <strong>shopping de No\u00ebl Madrid<\/strong> tient autant \u00e0 l\u2019exp\u00e9rience qu\u2019aux achats. Cherchez d\u00e9corations, artisanat et sp\u00e9cialit\u00e9s que vous ne trouverez pas chez vous. Les plus beaux cadeaux se trouvent souvent sur un coin de rue plut\u00f4t que sur les \u00e9tag\u00e8res.<\/p>\n\n\n\n<hr class=\"wp-block-separator has-alpha-channel-opacity\"\/>\n\n\n\n<figure class=\"wp-block-image size-full\"><img loading=\"lazy\" decoding=\"async\" width=\"792\" height=\"294\" src=\"https:\/\/www.the-travel-bunny.com\/fr\/wp-content\/uploads\/sites\/3\/2018\/12\/Noel-a-Madrid-avec-enfants-ambiance-festive.jpg\" alt=\"Enfant souriant en tenue rouge de Noel devant un sapin decore\" class=\"wp-image-8258\" title=\"\" srcset=\"https:\/\/www.the-travel-bunny.com\/fr\/wp-content\/uploads\/sites\/3\/2018\/12\/Noel-a-Madrid-avec-enfants-ambiance-festive.jpg 792w, https:\/\/www.the-travel-bunny.com\/fr\/wp-content\/uploads\/sites\/3\/2018\/12\/Noel-a-Madrid-avec-enfants-ambiance-festive-300x111.jpg 300w, https:\/\/www.the-travel-bunny.com\/fr\/wp-content\/uploads\/sites\/3\/2018\/12\/Noel-a-Madrid-avec-enfants-ambiance-festive-768x285.jpg 768w\" sizes=\"auto, (max-width: 792px) 100vw, 792px\" \/><figcaption class=\"wp-element-caption\"><em>Madrid offre un large choix d\u2019activit\u00e9s pour les familles pendant les f\u00eates. Entre rencontres avec le P\u00e8re No\u00ebl et illuminations de No\u00ebl Madrid, la ville cr\u00e9e un terrain de jeu id\u00e9al pour c\u00e9l\u00e9brer avec des enfants.<\/em><\/figcaption><\/figure>\n\n\n\n<h2 class=\"wp-block-heading\" id=\"family-friendly-christmas-activities\">Activit\u00e9s de No\u00ebl pour les familles \u00e0 Madrid<\/h2>\n\n\n\n<p><strong>Madrid en decembre<\/strong> fonctionne tr\u00e8s bien pour les familles. Les lumi\u00e8res restent allum\u00e9es tard, les parcs restent ouverts et la ville construit de vraies attractions autour des f\u00eates. Si vous <strong>visitez Madrid avec des enfants pendant la semaine de No\u00ebl<\/strong>, vous ne manquerez jamais d\u2019id\u00e9es. Les activit\u00e9s restent accessibles \u00e0 pied, festives et faciles \u00e0 ins\u00e9rer dans un itin\u00e9raire souple.<\/p>\n\n\n\n<div style=\"height:10px\" aria-hidden=\"true\" class=\"wp-block-spacer\"><\/div>\n\n\n\n<h3 class=\"wp-block-heading\">Patinage sur glace \u00e0 Madrid<\/h3>\n\n\n\n<p><strong>Le patinage \u00e0 Madrid<\/strong> figure parmi les activit\u00e9s incontournables si vos enfants d\u00e9bordent d\u2019\u00e9nergie. La <strong>patinoire de Plaza de Espa\u00f1a<\/strong> reste la plus grande et la plus centrale, entour\u00e9e d\u2019un petit village de No\u00ebl et de stands gourmands. Vous pouvez louer patins, casques et supports pour les plus jeunes. Les files s\u2019allongent vite l\u2019apr\u00e8s-midi, donc le matin reste plus fluide. <strong>D\u2019autres patinoires existent \u00e0 Col\u00f3n et dans la halle couverte de Matadero Madrid<\/strong>, plus petites mais moins fr\u00e9quent\u00e9es.<\/p>\n\n\n\n<hr class=\"wp-block-separator has-alpha-channel-opacity is-style-dots\"\/>\n\n\n\n<h3 class=\"wp-block-heading\">Rencontrer le P\u00e8re No\u00ebl \u00e0 Madrid<\/h3>\n\n\n\n<p>Si vos enfants r\u00eavent d\u2019une immersion totale, pr\u00e9voyez une <strong>rencontre avec P\u00e8re No\u00ebl Madrid<\/strong> dans les espaces d\u00e9di\u00e9s des grands centres commerciaux comme El Corte Ingl\u00e9s Castellana ou La Vaguada. Ces installations fonctionnent de d\u00e9but d\u00e9cembre au 5 janvier, avec cr\u00e9neaux photo et bo\u00eetes pour d\u00e9poser les lettres. Les \u00e9changes avec le P\u00e8re No\u00ebl restent courts mais les d\u00e9cors soign\u00e9s cr\u00e9ent de super souvenirs. Dans certains centres culturels, le P\u00e8re No\u00ebl partage m\u00eame l\u2019espace avec les Reyes Magos Madrid pour une version plus locale des demandes de cadeaux.<\/p>\n\n\n\n<hr class=\"wp-block-separator has-alpha-channel-opacity is-style-dots\"\/>\n\n\n\n<h3 class=\"wp-block-heading\">\u00c9v\u00e9nements de No\u00ebl pour les familles<\/h3>\n\n\n\n<p><strong>Le spectacle de marionnettes Cortylandia<\/strong> appartient aux traditions de No\u00ebl \u00e0 Madrid que les familles retrouvent chaque ann\u00e9e. Install\u00e9 devant El Corte Ingl\u00e9s rue Maestro Victoria, il r\u00e9unit personnages animatroniques, arbres chantants et petites histoires musicales. Les shows, gratuits, se succ\u00e8dent toutes les 15 \u00e0 30 minutes. C\u2019est bruyant, joyeux et parfait si vous cherchez des <strong>\u00e9v\u00e9nements de No\u00ebl Madrid centr\u00e9s enfants.<\/strong><\/p>\n\n\n\n<p>Beaucoup de places proposent aussi des zones d\u00e9di\u00e9es avec man\u00e8ges, structures gonflables et performances th\u00e9matiques. Les programmes varient selon les districts, donc les familles install\u00e9es sur place peuvent consulter la <em>programaci\u00f3n navide\u00f1a<\/em> de leur quartier pour les activit\u00e9s du week-end.<\/p>\n\n\n\n<hr class=\"wp-block-separator has-alpha-channel-opacity is-style-dots\"\/>\n\n\n\n<h3 class=\"wp-block-heading\">D\u00e9fil\u00e9 des Rois Mages et char des enfants<\/h3>\n\n\n\n<p><strong>Le char des enfants pendant la grande parade des Rois Mages Madrid<\/strong> attire beaucoup de monde. Le 5 janvier, les Rois Mages traversent la ville parmi danseurs, lumi\u00e8res et distributions de bonbons. Un char est r\u00e9serv\u00e9 aux plus jeunes et met en sc\u00e8ne des personnages de livres, dessins anim\u00e9s ou univers populaires. Les familles avec tout-petits ou enfants d\u2019\u00e2ge primaire devraient arriver t\u00f4t, pr\u00e9voir un sac pour les sucreries et v\u00e9rifier le parcours avant de se d\u00e9placer.<\/p>\n\n\n\n<hr class=\"wp-block-separator has-alpha-channel-opacity is-style-dots\"\/>\n\n\n\n<h3 class=\"wp-block-heading\">Chasse au Bel\u00e9n Madrid<\/h3>\n\n\n\n<p>Pour une activit\u00e9 plus calme, lancez une <strong>chasse au Bel\u00e9n<\/strong> en autonomie. Beaucoup d\u2019\u00e9glises et de centres culturels installent des cr\u00e8ches complexes avec d\u00e9tails cach\u00e9s et \u00e9l\u00e9ments mobiles. La cath\u00e9drale de l\u2019Almudena, le Palais Royal et le Centro de Cibeles constituent trois bons points de d\u00e9part. Proposez \u00e0 vos enfants de rep\u00e9rer le boulanger, la rivi\u00e8re ou la caravane de chameaux. Cette activit\u00e9 lente mais captivante permet de d\u00e9couvrir la ville tout en se reliant aux <strong>coutumes de No\u00ebl en Espagne<\/strong>.<\/p>\n\n\n\n<div style=\"height:10px\" aria-hidden=\"true\" class=\"wp-block-spacer\"><\/div>\n\n\n\n<p>Madrid se pr\u00eate parfaitement aux balades hivernales en famille. Que vous cherchiez du mouvement, de la d\u00e9couverte tranquille ou du spectaculaire, les <strong>\u00e9v\u00e9nements de No\u00ebl pour les familles<\/strong> sont faciles \u00e0 trouver. Habillez-vous chaudement, gardez des encas \u00e0 port\u00e9e de main et r\u00e9servez quand c\u2019est possible. Le reste suit naturellement.<\/p>\n\n\n\n<hr class=\"wp-block-separator has-alpha-channel-opacity\"\/>\n\n\n\n<figure class=\"wp-block-image size-full\"><img loading=\"lazy\" decoding=\"async\" width=\"792\" height=\"294\" src=\"https:\/\/www.the-travel-bunny.com\/fr\/wp-content\/uploads\/sites\/3\/2018\/12\/Spectacle-flamenco-Madrid-saison-Noel.jpg\" alt=\"Danseuse de flamenco pendant No\u00ebl \u00e0 Madrid illuminee de rouge sur scene avec voile ample et artistes en arriere plan.\" class=\"wp-image-8259\" title=\"\" srcset=\"https:\/\/www.the-travel-bunny.com\/fr\/wp-content\/uploads\/sites\/3\/2018\/12\/Spectacle-flamenco-Madrid-saison-Noel.jpg 792w, https:\/\/www.the-travel-bunny.com\/fr\/wp-content\/uploads\/sites\/3\/2018\/12\/Spectacle-flamenco-Madrid-saison-Noel-300x111.jpg 300w, https:\/\/www.the-travel-bunny.com\/fr\/wp-content\/uploads\/sites\/3\/2018\/12\/Spectacle-flamenco-Madrid-saison-Noel-768x285.jpg 768w\" sizes=\"auto, (max-width: 792px) 100vw, 792px\" \/><figcaption class=\"wp-element-caption\"><em>Les spectacles de flamenco \u00e0 Madrid prennent une touche festive pendant No\u00ebl \u00e0 Madrid. De nombreux tablaos proposent des offres sp\u00e9ciales avec musique, danse et menus de saison.<\/em><\/figcaption><\/figure>\n\n\n\n<h2 class=\"wp-block-heading\" id=\"madrid-nightlife-music-and-concerts\">Vie nocturne, musique et concerts \u00e0 Madrid<\/h2>\n\n\n\n<p>Madrid reste bruyante en d\u00e9cembre. M\u00eame avec les traditions familiales et les d\u00eeners anticip\u00e9s, la ville offre de longues nuits anim\u00e9es par la musique, la danse et des lieux ouverts jusque tard. Si vous \u00eates en ville pendant les f\u00eates et que vous vous demandez que faire \u00e0 Madrid \u00e0 No\u00ebl apr\u00e8s la tomb\u00e9e de la nuit, voici un guide de la <strong>musique live \u00e0 Madrid pendant la p\u00e9riode de No\u00ebl<\/strong>, incluant le flamenco, les concerts classiques et les <strong>soir\u00e9es du r\u00e9veillon madril\u00e8ne<\/strong>.<\/p>\n\n\n\n<div style=\"height:10px\" aria-hidden=\"true\" class=\"wp-block-spacer\"><\/div>\n\n\n\n<h3 class=\"wp-block-heading\">Spectacles de flamenco de No\u00ebl \u00e0 Madrid<\/h3>\n\n\n\n<p>D\u00e9cembre marque un mois fort pour les tablaos. La plupart proposent des <strong>spectacles de flamenco de No\u00ebl \u00e0 Madrid<\/strong> que les voyageurs peuvent r\u00e9server \u00e0 l\u2019avance. Des lieux connus comme Corral de la Morer\u00eda et Cardamomo pr\u00e9sentent des performances saisonni\u00e8res avec musique des f\u00eates et menus sp\u00e9ciaux. <strong>L\u2019ambiance reste intime et intense.<\/strong> Les spectacles se jouent aussi les 24 et 25 d\u00e9cembre mais les places partent vite. R\u00e9serve t\u00f4t si tu veux vivre le <strong>flamenco Madrid \u00e0 No\u00ebl<\/strong> dans une salle de r\u00e9f\u00e9rence.<\/p>\n\n\n\n<blockquote class=\"wp-block-quote is-layout-flow wp-block-quote-is-layout-flow\">\n<p>Tu veux une soir\u00e9e m\u00e9morable \u00e0 Madrid? <strong><a href=\"https:\/\/getyourguide.tpx.lv\/GrrwOHqA\" target=\"_blank\" rel=\"noreferrer noopener sponsored\">R\u00e9serve ton si\u00e8ge au premier rang pour le spectacle Emociones<\/a><\/strong> et ressens chaque battement.<\/p>\n<\/blockquote>\n\n\n\n<hr class=\"wp-block-separator has-alpha-channel-opacity is-style-dots\"\/>\n\n\n\n<h3 class=\"wp-block-heading\">Concerts Classiques et de No\u00ebl<\/h3>\n\n\n\n<p>Si tu pr\u00e9f\u00e8res l\u2019orchestre \u00e0 la danse, il y a de nombreux <strong>concerts de No\u00ebl \u00e0 Madrid<\/strong>, dans toute la ville. De grandes sc\u00e8nes comme l\u2019Auditorio Nacional, la Fundaci\u00f3n Juan March ou le Teatro Monumental programment des <strong>concerts classiques de No\u00ebl Madrid<\/strong> durant les semaines qui pr\u00e9c\u00e8dent le 25. Attends-toi \u00e0 des chants de No\u00ebl, des symphonies et des pi\u00e8ces espagnoles traditionnelles.<\/p>\n\n\n\n<p>Pour l\u2019op\u00e9ra ou le ballet, consulte le <strong>programme de No\u00ebl du Teatro Real<\/strong>. Les repr\u00e9sentations se d\u00e9roulent jusqu\u2019\u00e0 la fin d\u00e9cembre et incluent des spectacles sp\u00e9ciaux comme Casse-Noisette ou des r\u00e9citals saisonniers. Le <strong>programme des op\u00e9ras de No\u00ebl de Madrid<\/strong> est mis \u00e0 jour chaque automne propose aussi des spectacles adapt\u00e9s aux familles et des productions classiques compl\u00e8tes.<\/p>\n\n\n\n<hr class=\"wp-block-separator has-alpha-channel-opacity is-style-dots\"\/>\n\n\n\n<h3 class=\"wp-block-heading\">Nuits Jazz \u00e0 Madrid en D\u00e9cembre<\/h3>\n\n\n\n<p>Des clubs comme Caf\u00e9 Central et Sala Clamores maintiennent leur programmation r\u00e9guli\u00e8re en d\u00e9cembre. <strong>Ces soir\u00e9es offrent un plan tranquille<\/strong> si tu veux boire un verre et \u00e9couter de la  <strong>musique live \u00e0 Madrid <strong>\u00e0<\/strong> No\u00ebl<\/strong> sans affronter les foules. Certains clubs proposent des soir\u00e9es th\u00e9matiques ou invitent des artistes pour les f\u00eates. Consulte les programmes quelques jours avant.<\/p>\n\n\n\n<hr class=\"wp-block-separator has-alpha-channel-opacity is-style-dots\"\/>\n\n\n\n<h3 class=\"wp-block-heading\">\u00c9v\u00e9nements du R\u00e9veillon \u00e0 Madrid<\/h3>\n\n\n\n<p><strong>Les principaux \u00e9v\u00e9nements du R\u00e9veillon \u00e0 Madrid<\/strong> commencent \u00e0 la Puerta del Sol, un classique pour toute personne qui vit <strong>le r\u00e9veillon \u00e0 Madrid<\/strong> ou visite la ville pendant les f\u00eates. Arrive avant 22 h pour trouver une place. Apporte tes <strong>12 raisins<\/strong> ou ach\u00e8te un petit paquet dans les boutiques voisines. \u00c0 minuit, suis l\u2019habitude locale en mangeant un raisin \u00e0 chaque coup de cloche. Fais suivre d\u2019un <strong>toast au cava<\/strong>, la boisson incontournable pour c\u00e9l\u00e9brer.<\/p>\n\n\n\n<p>Apr\u00e8s minuit, les rooftops et les bars prennent le relais. Pour des <strong>soir\u00e9es du nouvel an Madrid<\/strong> plus \u00e9l\u00e9gantes, regarde du c\u00f4t\u00e9 du C\u00edrculo de Bellas Artes ou du rooftop du VP Plaza Espa\u00f1a Design. Ces lieux fonctionnent sur billetterie avec open bar et DJ sets. R\u00e9serve t\u00f4t. Aucun acc\u00e8s sans ticket.<\/p>\n\n\n\n<hr class=\"wp-block-separator has-alpha-channel-opacity is-style-dots\"\/>\n\n\n\n<h3 class=\"wp-block-heading\">\u00c9v\u00e9nements de No\u00ebl au Casino Madrid<\/h3>\n\n\n\n<p>Pour une nuit raffin\u00e9e, les <strong>\u00e9v\u00e9nements de No\u00ebl du Casino Madrid<\/strong> proposent des d\u00eeners \u00e0 prix fixe, des spectacles live et des f\u00eates avec open bar. Cette option convient \u00e0 celles et ceux qui pr\u00e9f\u00e8rent passer toute la soir\u00e9e au m\u00eame endroit. Les tarifs montent haut, mais le service et l\u2019adresse tiennent la route. Une tenue correcte est exig\u00e9e.<\/p>\n\n\n\n<div style=\"height:10px\" aria-hidden=\"true\" class=\"wp-block-spacer\"><\/div>\n\n\n\n<p>Madrid ne se met jamais en pause pour les f\u00eates. Entre <strong>concerts de No\u00ebl Madrid<\/strong>, soir\u00e9es sur les toits et ambiances plus intimistes, la nuit continue. Que tu pr\u00e9f\u00e8res l\u2019op\u00e9ra ou les clubs, anticipe et r\u00e9serve. Les meilleures soir\u00e9es partent vite.<\/p>\n\n\n\n<hr class=\"wp-block-separator has-alpha-channel-opacity is-style-default\"\/>\n\n\n\n<figure class=\"wp-block-image size-full\"><img loading=\"lazy\" decoding=\"async\" width=\"792\" height=\"294\" src=\"https:\/\/www.the-travel-bunny.com\/fr\/wp-content\/uploads\/sites\/3\/2018\/12\/Taxis-Madrid-lumieres-Noel-circulation-nuit.jpg\" alt=\"Taxis de Madrid bloques dans la circulation sous les lumieres de Noel bleues suspendues.\" class=\"wp-image-8260\" title=\"\" srcset=\"https:\/\/www.the-travel-bunny.com\/fr\/wp-content\/uploads\/sites\/3\/2018\/12\/Taxis-Madrid-lumieres-Noel-circulation-nuit.jpg 792w, https:\/\/www.the-travel-bunny.com\/fr\/wp-content\/uploads\/sites\/3\/2018\/12\/Taxis-Madrid-lumieres-Noel-circulation-nuit-300x111.jpg 300w, https:\/\/www.the-travel-bunny.com\/fr\/wp-content\/uploads\/sites\/3\/2018\/12\/Taxis-Madrid-lumieres-Noel-circulation-nuit-768x285.jpg 768w\" sizes=\"auto, (max-width: 792px) 100vw, 792px\" \/><figcaption class=\"wp-element-caption\"><em>La circulation augmente vite en d\u00e9cembre \u00e0 Madrid, surtout le soir. Les rues se remplissent de taxis et de voitures, car habitant\u00b7es et visiteurs partent voir les illuminations de No\u00ebl Madrid.<\/em><\/figcaption><\/figure>\n\n\n\n<h2 class=\"wp-block-heading\" id=\"getting-around-madrid-at-christmas\">Se d\u00e9placer \u00e0 Madrid \u00e0 No\u00ebl<\/h2>\n\n\n\n<p>Les d\u00e9placements pendant No\u00ebl \u00e0 Madrid impliquent quelques ajustements, entre modifications d\u2019horaires et fermetures de rues. Si vous pr\u00e9voyez des visites de mus\u00e9es, des repas de f\u00eate ou des spectacles lumineux, vous devez comprendre comment circuler en ville. Ce guide explique <strong>comment se d\u00e9placer \u00e0 Madrid \u00e0 No\u00ebl<\/strong> avec le m\u00e9tro, les bus et les taxis. Il inclut aussi des conseils pour rejoindre des \u00e9v\u00e9nements comme la parade des Reyes Magos Madrid sans stress.<\/p>\n\n\n\n<div style=\"height:10px\" aria-hidden=\"true\" class=\"wp-block-spacer\"><\/div>\n\n\n\n<h3 class=\"wp-block-heading\">Horaires des transports publics pour No\u00ebl \u00e0 Madrid<\/h3>\n\n\n\n<p>Oui, le <strong>transport public Madrid No\u00ebl<\/strong> fonctionne, mais avec des horaires r\u00e9duits. Le 24 d\u00e9cembre, le m\u00e9tro et les bus EMT s\u2019arr\u00eatent plus t\u00f4t que d\u2019habitude. Les <strong>horaires m\u00e9tro Madrid f\u00eates<\/strong> indiquent que les derniers trains quittent les stations du centre vers 21h30. Pr\u00e9voir d\u2019\u00eatre pr\u00e8s de votre logement vers 21h si vous utilisez les transports publics pour la <strong>Nochebuena Madrid<\/strong>.<\/p>\n\n\n\n<hr class=\"wp-block-separator has-alpha-channel-opacity is-style-dots\"\/>\n\n\n\n<h3 class=\"wp-block-heading\">Les transports publics sont ouverts le jour de No\u00ebl?<\/h3>\n\n\n\n<p>Oui, <strong>les transports publics sont ouverts le jour de No\u00ebl \u00e0 Madrid<\/strong>, mais en service limit\u00e9. Le 25 d\u00e9cembre, bus et m\u00e9tro fonctionnent selon un horaire sp\u00e9cial. Attendez-vous \u00e0 des temps d\u2019attente plus longs et \u00e0 moins de lignes en circulation. Les trains commencent g\u00e9n\u00e9ralement plus tard le matin. V\u00e9rifiez le <strong><a href=\"https:\/\/www.metromadrid.es\/en\" target=\"_blank\" rel=\"noreferrer noopener\">site de Metro de Madrid<\/a><\/strong> avant de sortir. Si vous prenez un vol, pr\u00e9voyez un d\u00e9lai suppl\u00e9mentaire pour les transferts a\u00e9roportuaires.<\/p>\n\n\n\n<hr class=\"wp-block-separator has-alpha-channel-opacity is-style-dots\"\/>\n\n\n\n<h3 class=\"wp-block-heading\">Horaires du m\u00e9tro de Madrid pendant les f\u00eates<\/h3>\n\n\n\n<p>Les <strong>horaires du m\u00e9tro Madrid \u00e0 No\u00ebl<\/strong> changent chaque jour entre le 24 d\u00e9cembre et le 6 janvier. La plupart des lignes suivent les horaires classiques du week-end les jours de semaine non f\u00e9ri\u00e9s, mais ferment plus t\u00f4t le soir du r\u00e9veillon et du nouvel an. Le 31 d\u00e9cembre, le m\u00e9tro circule toute la nuit pour faciliter les c\u00e9l\u00e9brations. Les stations proches de la Puerta del Sol ferment afin de g\u00e9rer les foules, donc v\u00e9rifiez bien les mises \u00e0 jour pour votre ligne.<\/p>\n\n\n\n<hr class=\"wp-block-separator has-alpha-channel-opacity is-style-dots\"\/>\n\n\n\n<h3 class=\"wp-block-heading\">Taxis \u00e0 Madrid \u00e0 No\u00ebl<\/h3>\n\n\n\n<p>Les taxis et les VTC comme Uber et Cabify circulent tous les jours pendant la saison. Cela dit, la demande grimpe autour des heures du d\u00eener et pendant les \u00e9v\u00e9nements de No\u00ebl Madrid les plus fr\u00e9quent\u00e9s. Si vous comptez sur les <strong>taxis \u00e0 Madrid No\u00ebl<\/strong>, r\u00e9servez \u00e0 l\u2019avance quand c\u2019est possible et confirmez toujours le tarif. Les prix augmentent l\u00e9g\u00e8rement les jours f\u00e9ri\u00e9s et pour les trajets tardifs.<\/p>\n\n\n\n<hr class=\"wp-block-separator has-alpha-channel-opacity is-style-dots\"\/>\n\n\n\n<h3 class=\"wp-block-heading\">D\u00e9viations et fermetures pour la Parade des Rois Mages<\/h3>\n\n\n\n<p>La Parade des Rois Mages du 5 janvier est un \u00e9v\u00e9nement de No\u00ebl Madrid majeur qui bloque la circulation sur tout son parcours. Attendez-vous \u00e0 des d\u00e9viations d\u00e8s 16 h jusqu\u2019en soir\u00e9e. Cela touche les bus, les taxis et les voitures priv\u00e9es. Si vous pr\u00e9voyez d\u2019y assister, avancez \u00e0 pied ou utilisez les stations de m\u00e9tro proches mais pas situ\u00e9es dans la zone du d\u00e9fil\u00e9. C\u2019est la soir\u00e9e la plus complexe pour comprendre <strong>comment se d\u00e9placer \u00e0 Madrid pendant la p\u00e9riode de No\u00ebl<\/strong>. Pr\u00e9voyez plus de temps.<\/p>\n\n\n\n<hr class=\"wp-block-separator has-alpha-channel-opacity is-style-dots\"\/>\n\n\n\n<h3 class=\"wp-block-heading\">Les attractions touristiques sont-elles ouvertes le jour de No\u00ebl \u00e0 Madrid ?<\/h3>\n\n\n\n<p><strong>La plupart des attractions touristiques ne sont pas ouvertes le jour de No\u00ebl \u00e0 Madrid<\/strong>. Les grands mus\u00e9es comme le Prado, le Reina Sof\u00eda et le Thyssen ferment le 25 d\u00e9cembre. Certains parcs et plazas restent accessibles, mais gardez les visites int\u00e9rieures pour un autre jour. Des caf\u00e9s, des chocolater\u00edas proposant churros et chocolat Madrid No\u00ebl et quelques restaurants d\u2019h\u00f4tels ouvrent, mais l\u2019ambiance reste calme pour le tourisme.<\/p>\n\n\n\n<div style=\"height:10px\" aria-hidden=\"true\" class=\"wp-block-spacer\"><\/div>\n\n\n\n<p>Se d\u00e9placer pendant les f\u00eates reste faisable si vous planifiez bien. Comprenez le <strong>m\u00e9tro Madrid horaires f\u00eates<\/strong>, attendez-vous \u00e0 un service r\u00e9duit le jour de No\u00ebl et \u00e9vitez de conduire pendant les heures de parade. La ville reste simple \u00e0 parcourir, mais seulement si vous connaissez les horaires.<\/p>\n\n\n\n<hr class=\"wp-block-separator has-alpha-channel-opacity\"\/>\n\n\n\n<figure class=\"wp-block-image size-full\"><img loading=\"lazy\" decoding=\"async\" width=\"792\" height=\"294\" src=\"https:\/\/www.the-travel-bunny.com\/fr\/wp-content\/uploads\/sites\/3\/2018\/12\/excusrion-Segovie-depuis-Madrid-hiver-neige-paysage.jpg\" alt=\"Vue du chateau de Segovie sous la neige avec campagne hivernale en arriere plan.\" class=\"wp-image-8261\" title=\"\" srcset=\"https:\/\/www.the-travel-bunny.com\/fr\/wp-content\/uploads\/sites\/3\/2018\/12\/excusrion-Segovie-depuis-Madrid-hiver-neige-paysage.jpg 792w, https:\/\/www.the-travel-bunny.com\/fr\/wp-content\/uploads\/sites\/3\/2018\/12\/excusrion-Segovie-depuis-Madrid-hiver-neige-paysage-300x111.jpg 300w, https:\/\/www.the-travel-bunny.com\/fr\/wp-content\/uploads\/sites\/3\/2018\/12\/excusrion-Segovie-depuis-Madrid-hiver-neige-paysage-768x285.jpg 768w\" sizes=\"auto, (max-width: 792px) 100vw, 792px\" \/><figcaption class=\"wp-element-caption\"><em>Segovia constitue une escapade hivernale parfaite depuis Madrid. Son ch\u00e2teau digne d\u2019un conte et son aqueduc romain paraissent encore plus impressionnants sous la neige.<\/em><\/figcaption><\/figure>\n\n\n\n<h2 class=\"wp-block-heading\" id=\"day-trips-from-madrid-during-the-holiday-season\">Excursions depuis Madrid pendant la saison des f\u00eates<\/h2>\n\n\n\n<p>Si vous restez plus de trois ou quatre jours, faites une pause loin de la capitale. Plusieurs villes proches proposent des illuminations de No\u00ebl Madrid, des plats d\u2019hiver et des places tranquilles sans la foule des f\u00eates. Ces <strong>excursions d\u2019un jour depuis Madrid en hiver<\/strong> fonctionnent bien en train, en voiture ou en visite guid\u00e9e et offrent un regard plus profond sur les traditions de No\u00ebl \u00e0 Madrid et en Espagne.<\/p>\n\n\n\n<div style=\"height:10px\" aria-hidden=\"true\" class=\"wp-block-spacer\"><\/div>\n\n\n\n<h3 class=\"wp-block-heading\">Exp\u00e9rience de No\u00ebl \u00e0 S\u00e9govie<\/h3>\n\n\n\n<p><strong>S\u00e9govie \u00e0 No\u00ebl<\/strong> s\u2019articule autour de son aqueduc romain. Chaque d\u00e9cembre, il s\u2019illumine de lumi\u00e8res dor\u00e9es qui longent toute l\u2019envergure des arches. Fl\u00e2nez dans la vieille ville en fin d\u2019apr\u00e8s-midi pour profiter de la vue avant le coucher du soleil. Les restaurants autour de la Plaza Mayor servent le <strong>cochon de lait r\u00f4ti<\/strong>, le plat embl\u00e9matique de la ville. N\u2019attendez pas de march\u00e9s de No\u00ebl Madrid, mais les lumi\u00e8res et les paysages cr\u00e9ent une tr\u00e8s belle sortie hivernale. Les <strong>illuminations de No\u00ebl \u00e0 S\u00e9govie<\/strong> restent install\u00e9es jusqu\u2019\u00e0 la semaine des Reyes Magos.<\/p>\n\n\n\n<blockquote class=\"wp-block-quote is-layout-flow wp-block-quote-is-layout-flow\">\n<p>Rendez votre s\u00e9jour \u00e0 Madrid \u00e0 No\u00ebl inoubliable. <strong><a href=\"https:\/\/getyourguide.tpx.lv\/aWbX2B6J\" target=\"_blank\" rel=\"noreferrer noopener sponsored\">Rejoignez cette excursion tr\u00e8s pris\u00e9e \u00e0 S\u00e9govie et Tol\u00e8de<\/a><\/strong> avec prise en charge \u00e0 l\u2019h\u00f4tel.<\/p>\n<\/blockquote>\n\n\n\n<hr class=\"wp-block-separator has-alpha-channel-opacity is-style-dots\"\/>\n\n\n\n<h3 class=\"wp-block-heading\">Tol\u00e8de \u00e0 No\u00ebl<\/h3>\n\n\n\n<p>Peu d\u2019endroits semblent aussi intemporels que <strong>Tol\u00e8de \u00e0 No\u00ebl<\/strong>. La ville m\u00e9di\u00e9vale fortifi\u00e9e installe des guirlandes lumineuses dans ses ruelles \u00e9troites et des cr\u00e8ches grandeur nature sur ses places et devant ses portes. Il existe un <strong>march\u00e9 de No\u00ebl Tol\u00e8de<\/strong> sur la Plaza de Zocodover, ainsi que des concerts le week-end et des vendeurs de chocolat chaud. La ville s\u2019explore surtout \u00e0 pied et reste plus calme que Madrid m\u00eame en p\u00e9riode de pointe. L\u2019office du tourisme organise souvent une <strong>marche de la Nativit\u00e9 m\u00e9di\u00e9vale<\/strong> avec des sc\u00e8nes grandeur nature install\u00e9es dans tout le centre historique.<\/p>\n\n\n\n<hr class=\"wp-block-separator has-alpha-channel-opacity is-style-dots\"\/>\n\n\n\n<h3 class=\"wp-block-heading\">Excursion \u00e0 Alcal\u00e1 de Henares pendant les f\u00eates<\/h3>\n\n\n\n<p>Si vous cherchez quelque chose de proche et tranquille, allez \u00e0 <strong>Alcal\u00e1 de Henares<\/strong>. Connue pour son universit\u00e9 et son lien avec Cervant\u00e8s, cette ville installe un march\u00e9 traditionnel et quelques man\u00e8ges sur sa place centrale. Elle n\u2019est pas envahie par les touristes, ce qui en fait une destination id\u00e9ale pour une promenade d\u00e9tendue. Pour celles et ceux qui se demandent <strong>o\u00f9 aller proche de Madrid \u00e0 No\u00ebl<\/strong>, Alcal\u00e1 offre une option simple, avec des d\u00e9corations lumineuses et un centre historique agr\u00e9able \u00e0 parcourir.<\/p>\n\n\n\n<hr class=\"wp-block-separator has-alpha-channel-opacity is-style-dots\"\/>\n\n\n\n<h3 class=\"wp-block-heading\">Itin\u00e9raire de No\u00ebl dans les villes proches de Madrid<\/h3>\n\n\n\n<p>Pr\u00e9voyez un d\u00e9part en fin de matin\u00e9e et un retour en soir\u00e9e. Les trois villes sont accessibles en Cercan\u00edas ou en trains r\u00e9gionaux depuis Atocha ou Chamart\u00edn. Si vous en visitez plusieurs, commencez par Tol\u00e8de pour l\u2019histoire, puis S\u00e9govie pour la cuisine et les paysages, et terminez par Alcal\u00e1 pour une ambiance d\u00e9contract\u00e9e. Ces <strong>exp\u00e9riences de No\u00ebl dans les villes proches de Madrid<\/strong> donnent acc\u00e8s \u00e0 un rythme plus doux et \u00e0 une vision diff\u00e9rente de la saison en Espagne.<\/p>\n\n\n\n<div style=\"height:10px\" aria-hidden=\"true\" class=\"wp-block-spacer\"><\/div>\n\n\n\n<p>Profitez de la pause des f\u00eates pour explorer les environs de la capitale. Les <strong>excursions d\u2019un jour depuis Madrid en hiver<\/strong> sont festives, abordables et faciles \u00e0 organiser avec ou sans voiture. Les lumi\u00e8res brillent, les menus se font saisonniers et les foules se dispersent d\u00e8s que l\u2019on s\u2019\u00e9loigne un peu.<\/p>\n\n\n\n<hr class=\"wp-block-separator has-alpha-channel-opacity\"\/>\n\n\n\n<figure class=\"wp-block-image size-full\"><img loading=\"lazy\" decoding=\"async\" width=\"792\" height=\"294\" src=\"https:\/\/www.the-travel-bunny.com\/fr\/wp-content\/uploads\/sites\/3\/2018\/12\/Sapin-de-Noel-Puerta-del-Sol-Madrid-jour.jpg\" alt=\"Grand sapin de Noel Puerta del Sol Madrid entoure d\u2019immeubles historiques sous ciel bleu.\" class=\"wp-image-8262\" title=\"\" srcset=\"https:\/\/www.the-travel-bunny.com\/fr\/wp-content\/uploads\/sites\/3\/2018\/12\/Sapin-de-Noel-Puerta-del-Sol-Madrid-jour.jpg 792w, https:\/\/www.the-travel-bunny.com\/fr\/wp-content\/uploads\/sites\/3\/2018\/12\/Sapin-de-Noel-Puerta-del-Sol-Madrid-jour-300x111.jpg 300w, https:\/\/www.the-travel-bunny.com\/fr\/wp-content\/uploads\/sites\/3\/2018\/12\/Sapin-de-Noel-Puerta-del-Sol-Madrid-jour-768x285.jpg 768w\" sizes=\"auto, (max-width: 792px) 100vw, 792px\" \/><figcaption class=\"wp-element-caption\"><em>La Puerta del Sol de Madrid accueille chaque ann\u00e9e l\u2019un des plus grands sapins de no\u00ebl de la ville. Son design m\u00e9tallique moderne brille chaque nuit et devient un rep\u00e8re central des festivit\u00e9s. Le sapin de no\u00ebl Puerta del Sol attire autant les voyageurs que les locaux et symbolise l\u2019esprit des f\u00eates dans la capitale.<\/em><\/figcaption><\/figure>\n\n\n\n<h2 class=\"wp-block-heading\" id=\"ch\">Questions fr\u00e9quentes No\u00ebl \u00e0 Madrid<\/h2>\n\n\n\n<p><strong>Pr\u00e9parer un s\u00e9jour \u00e0 Madrid \u00e0 no\u00ebl<\/strong> soul\u00e8ve toujours des questions. Cette section r\u00e9pond clairement aux interrogations les plus courantes des voyageuses, voyageurs et personnes expatri\u00e9es avant de r\u00e9server. De la nourriture aux foules en passant par les illuminations de No\u00ebl Madrid, voici les r\u00e9ponses les plus pr\u00e9cises et actuelles. Parfait pour la recherche vocale et les d\u00e9cisions rapides.<\/p>\n\n\n<div id=\"rank-math-faq\" class=\"rank-math-block\">\n<div class=\"rank-math-list \">\n<div id=\"faq-question-1764246358398\" class=\"rank-math-list-item\">\n<h3 class=\"rank-math-question \">Madrid est une bonne destination pour les vacances de No\u00ebl?<\/h3>\n<div class=\"rank-math-answer \">\n\n<p>Oui. <strong>Le No\u00ebl \u00e0 Madrid<\/strong> convient si vous aimez les lumi\u00e8res, la nourriture de saison, les traditions familiales et les activit\u00e9s en plein air. La p\u00e9riode s\u2019\u00e9tend de fin novembre \u00e0 d\u00e9but janvier et inclut des <strong>march\u00e9s de No\u00ebl Madrid<\/strong>, des concerts, des parcs \u00e0 th\u00e8me et la parade des Trois Rois. L\u2019ambiance reste festive et fluide, avec beaucoup d\u2019activit\u00e9s chaque jour de la semaine.<\/p>\n\n<\/div>\n<\/div>\n<div id=\"faq-question-1764246378952\" class=\"rank-math-list-item\">\n<h3 class=\"rank-math-question \">\u00c0 quoi ressemble No\u00ebl \u00e0 Madrid?<\/h3>\n<div class=\"rank-math-answer \">\n\n<p><strong>No\u00ebl \u00e0 Madrid m\u00eale temps en famille, \u00e9v\u00e9nements publics et illuminations qui parcourent toute la ville<\/strong>. Vous trouverez de la musique live, des spectacles de marionnettes, des sc\u00e8nes de la Nativit\u00e9 et de la nourriture de saison partout. Les rues restent anim\u00e9es jusqu\u2019\u00e0 tard. Les habitant\u00b7e\u00b7s sortent beaucoup. Attendez-vous \u00e0 des <strong>illuminations de No\u00ebl madrid<\/strong> dans chaque district, \u00e0 des churros nocturnes et \u00e0 tr\u00e8s peu de costumes de P\u00e8re No\u00ebl. L\u2019ambiance reste plus traditionnelle que commerciale.<\/p>\n\n<\/div>\n<\/div>\n<div id=\"faq-question-1764246398307\" class=\"rank-math-list-item\">\n<h3 class=\"rank-math-question \">Comment les locaux c\u00e9l\u00e8brent-ils No\u00ebl \u00e0 Madrid?<\/h3>\n<div class=\"rank-math-answer \">\n\n<p>Les locaux f\u00eatent la <strong>Nochebuena<\/strong> avec un d\u00eener familial le 24 d\u00e9cembre compos\u00e9 de fruits de mer, d\u2019agneau r\u00f4ti et de douceurs. Ils ach\u00e8tent des <strong>billets de loterie pour El Gordo<\/strong>, visitent des cr\u00e8ches appel\u00e9es <em><strong>bel\u00e9nes<\/strong><\/em> et regardent la parade des Reyes Magos le 5 janvier. Les cadeaux arrivent le 6 janvier, pas le 25. La religion et la famille priment sur les d\u00e9corations voyantes.<\/p>\n\n<\/div>\n<\/div>\n<div id=\"faq-question-1764246700658\" class=\"rank-math-list-item\">\n<h3 class=\"rank-math-question \">Madrid a-t-elle un grand march\u00e9 de No\u00ebl?<\/h3>\n<div class=\"rank-math-answer \">\n\n<p>Oui. Le <strong>march\u00e9 de No\u00ebl Plaza Mayor<\/strong> est le plus grand et le plus historique. Vous y trouverez d\u00e9corations, cadeaux humoristiques, figurines et douceurs. Ce n\u2019est pas immense selon les standards allemands, mais c\u2019est central dans l\u2019identit\u00e9 festive de la ville. Pour des <strong>cadeaux artisanaux Madrid<\/strong>, allez \u00e0 Plaza de Espa\u00f1a ou \u00e0 la Feria Mercado de Artesan\u00eda.<\/p>\n\n<\/div>\n<\/div>\n<div id=\"faq-question-1764246746420\" class=\"rank-math-list-item\">\n<h3 class=\"rank-math-question \">Les march\u00e9s sont-ils ouverts \u00e0 Madrid pendant No\u00ebl?<\/h3>\n<div class=\"rank-math-answer \">\n\n<p><strong>Les march\u00e9s de No\u00ebl en plein air sont ferm\u00e9s le 25 d\u00e9cembre et le 1er janvier<\/strong>. Les autres jours, ils suivent des horaires prolong\u00e9s. Les march\u00e9s alimentaires couverts comme Mercado de San Miguel ou San Ant\u00f3n peuvent ouvrir avec des horaires r\u00e9duits. V\u00e9rifiez toujours les horaires du lieu pour le jour pr\u00e9cis. Le 25 d\u00e9cembre, attendez-vous \u00e0 ce que tout soit ferm\u00e9.<\/p>\n\n<\/div>\n<\/div>\n<div id=\"faq-question-1764246837377\" class=\"rank-math-list-item\">\n<h3 class=\"rank-math-question \">O\u00f9 voir les illuminations de No\u00ebl \u00e0 Madrid?<\/h3>\n<div class=\"rank-math-answer \">\n\n<p>Vous pouvez voir les <strong>lumi\u00e8res de No\u00ebl \u00e0 Madrid<\/strong> le long de Gran V\u00eda, Calle Alcal\u00e1 et Plaza de Espa\u00f1a. La Puerta del Sol accueille le <strong>sapin de No\u00ebl Puerta del Sol<\/strong> principal. Le Barrio de Salamanca propose des lumi\u00e8res haut de gamme. Retiro et Plaza de Cibeles offrent aussi de beaux d\u00e9cors. Utilisez la carte officielle ou suivez l\u2019itin\u00e9raire Gran V\u00eda vers Cibeles.<\/p>\n\n<\/div>\n<\/div>\n<div id=\"faq-question-1764246869512\" class=\"rank-math-list-item\">\n<h3 class=\"rank-math-question \">Madrid est bond\u00e9e \u00e0 No\u00ebl?<\/h3>\n<div class=\"rank-math-answer \">\n\n<p><strong>Madrid \u00e0 No\u00ebl attire beaucoup de monde<\/strong>, surtout entre le 22 d\u00e9cembre et le 6 janvier. Puerta del Sol, Gran V\u00eda et Plaza Mayor sont tr\u00e8s fr\u00e9quent\u00e9es en soir\u00e9e. Les week-ends sont plus denses que les jours de semaine. Pour des moments plus calmes, sortez en fin de matin\u00e9e ou apr\u00e8s 22h. Les mus\u00e9es et les parcs restent moins fr\u00e9quent\u00e9s que les zones commer\u00e7antes.<\/p>\n\n<\/div>\n<\/div>\n<div id=\"faq-question-1764246935833\" class=\"rank-math-list-item\">\n<h3 class=\"rank-math-question \">Que faire \u00e0 Madrid \u00e0 No\u00ebl avec des enfants?<\/h3>\n<div class=\"rank-math-answer \">\n\n<p>Visitez le tunnel lumineux et la patinoire de Plaza de Espa\u00f1a, regardez le spectacle Cortylandia pr\u00e8s de Callao et montez dans le train ou le carrousel de No\u00ebl \u00e0 Plaza de Col\u00f3n. Assistez \u00e0 la parade des Reyes le 5 janvier et faites un jeu de piste des bel\u00e9nes. Des spectacles en int\u00e9rieur et des ateliers mus\u00e9aux existent aussi pendant les vacances scolaires.<\/p>\n\n<\/div>\n<\/div>\n<div id=\"faq-question-1764247147582\" class=\"rank-math-list-item\">\n<h3 class=\"rank-math-question \">O\u00f9 sont les meilleurs h\u00f4tels pour No\u00ebl \u00e0 Madrid?<\/h3>\n<div class=\"rank-math-answer \">\n\n<p>Les meilleurs <strong>h\u00f4tels pour No\u00ebl \u00e0 Madrid<\/strong> incluent le Radisson Blu Prado pour le calme, Only YOU Boutique pour les s\u00e9jours romantiques et Barcel\u00f3 Torre de Madrid pour les familles. El Corte Ingl\u00e9s tout proche facilite le <strong>shopping de No\u00ebl Madrid<\/strong> et des rooftops comme celui du VP Plaza Espa\u00f1a organisent des f\u00eates de Nouvel An. R\u00e9servez avant d\u00e9but d\u00e9cembre.<\/p>\n\n<\/div>\n<\/div>\n<div id=\"faq-question-1764247169131\" class=\"rank-math-list-item\">\n<h3 class=\"rank-math-question \">Que porter \u00e0 Madrid pour No\u00ebl?<\/h3>\n<div class=\"rank-math-answer \">\n\n<p>Attendez-vous \u00e0 des maximales autour de 10\u00b0C et des minimales vers 3\u00b0C. Prenez un manteau chaud, une \u00e9charpe, des gants, des chaussures imperm\u00e9ables et des couches. Si vous h\u00e9sitez <strong>que porter \u00e0 Madrid \u00e0 No\u00ebl<\/strong>, suivez les locaux: manteaux fonc\u00e9s, bottes et accessoires d\u2019hiver. Pas besoin d\u2019\u00e9quipement neige, mais une bonne protection contre le vent aide.<\/p>\n\n<\/div>\n<\/div>\n<div id=\"faq-question-1764247191272\" class=\"rank-math-list-item\">\n<h3 class=\"rank-math-question \">Il neige \u00e0 Madrid \u00e0 No\u00ebl?<\/h3>\n<div class=\"rank-math-answer \">\n\n<p><strong>Il neige rarement \u00e0 Madrid \u00e0 No\u00ebl<\/strong>. Vous verrez peut-\u00eatre du givre ou de la pluie, mais la neige reste inhabituelle. Pour en voir, partez en excursion dans la Sierra de Guadarrama.<\/p>\n\n<\/div>\n<\/div>\n<div id=\"faq-question-1764247248521\" class=\"rank-math-list-item\">\n<h3 class=\"rank-math-question \">Peut-on faire du patin \u00e0 glace \u00e0 Madrid?<\/h3>\n<div class=\"rank-math-answer \">\n\n<p>Oui. <strong>Des patinoires apparaissent un peu partout \u00e0 Madrid en d\u00e9cembre<\/strong>. Plaza de Espa\u00f1a accueille la plus grande, suivie de Col\u00f3n et Matadero. La plupart proposent location de patins et protections pour enfants. Ouvertes de fin novembre \u00e0 d\u00e9but janvier.<\/p>\n\n<\/div>\n<\/div>\n<div id=\"faq-question-1764247284036\" class=\"rank-math-list-item\">\n<h3 class=\"rank-math-question \">Peut-on nager \u00e0 Madrid \u00e0 No\u00ebl?<\/h3>\n<div class=\"rank-math-answer \">\n\n<p>Aucune piscine ext\u00e9rieure n\u2019est ouverte, mais <strong>certains h\u00f4tels ont des piscines et spas int\u00e9rieurs<\/strong>. Il fait trop froid pour nager dehors. Consultez les fiches d\u2019h\u00f4tel ou r\u00e9servez une s\u00e9ance spa.<\/p>\n\n<\/div>\n<\/div>\n<div id=\"faq-question-1764247425840\" class=\"rank-math-list-item\">\n<h3 class=\"rank-math-question \">Que mange-t-on \u00e0 No\u00ebl en Espagne?<\/h3>\n<div class=\"rank-math-answer \">\n\n<p>\u00c0 Madrid, on mange fruits de mer, agneau r\u00f4ti, jam\u00f3n ib\u00e9rico et douceurs comme <strong>turr\u00f3n et polvorones Madrid<\/strong>. Le rosc\u00f3n de reyes Madrid arrive le 6 janvier. On les trouve dans les supermarch\u00e9s et p\u00e2tisseries d\u00e8s la mi-d\u00e9cembre.<\/p>\n\n<\/div>\n<\/div>\n<div id=\"faq-question-1764247463655\" class=\"rank-math-list-item\">\n<h3 class=\"rank-math-question \">O\u00f9 trouver des churros et du chocolat \u00e0 No\u00ebl? Les meilleurs churros de No\u00ebl \u00e0 Madrid?<\/h3>\n<div class=\"rank-math-answer \">\n\n<p>Pour les churros et chocolat Madrid No\u00ebl, allez \u00e0 <strong>Chocolater\u00eda San Gin\u00e9s<\/strong>, ouvert tous les jours. Beaucoup de caf\u00e9s en servent, mais San Gin\u00e9s reste l\u2019original. Maestro Churrero et Chocolat Madrid sont d\u2019excellentes alternatives. Vous trouverez aussi des stands de churros sur les march\u00e9s de No\u00ebl pr\u00e8s de Plaza Mayor et Plaza de Espa\u00f1a.<\/p>\n\n<\/div>\n<\/div>\n<div id=\"faq-question-1764247531648\" class=\"rank-math-list-item\">\n<h3 class=\"rank-math-question \">Qu\u2019est-ce qui est ouvert \u00e0 Madrid le jour de No\u00ebl?<\/h3>\n<div class=\"rank-math-answer \">\n\n<p>Seuls quelques caf\u00e9s, churrer\u00edas et restaurants d\u2019h\u00f4tel ouvrent. Retiro reste ouvert pour marcher. Presque tous les mus\u00e9es et magasins sont ferm\u00e9s. R\u00e9servez vos repas et attendez-vous \u00e0 des rues calmes. Le <strong>transport public Madrid No\u00ebl<\/strong> fonctionne avec horaires r\u00e9duits.<\/p>\n\n<\/div>\n<\/div>\n<div id=\"faq-question-1764247549365\" class=\"rank-math-list-item\">\n<h3 class=\"rank-math-question \">Les mus\u00e9es de Madrid sont-ils ouverts \u00e0 No\u00ebl?<\/h3>\n<div class=\"rank-math-answer \">\n\n<p>Non. Le Prado, le Reina Sof\u00eda, le Thyssen et les autres grands mus\u00e9es sont <strong>ferm\u00e9s le 25 d\u00e9cembre et le 1er janvier<\/strong>. Ils rouvrent le 26 d\u00e9cembre et le 2 janvier.<\/p>\n\n<\/div>\n<\/div>\n<div id=\"faq-question-1764247600083\" class=\"rank-math-list-item\">\n<h3 class=\"rank-math-question \">Le Mus\u00e9e du Prado ouvert \u00e0 No\u00ebl?<\/h3>\n<div class=\"rank-math-answer \">\n\n<p>Non, le <strong>mus\u00e9e du Prado n&rsquo;est pas ouvert No\u00ebl<\/strong>. Le mus\u00e9e est ferm\u00e9 les 25 d\u00e9cembre et 1er janvier. V\u00e9rifiez leur site avant votre visite.<\/p>\n\n<\/div>\n<\/div>\n<div id=\"faq-question-1764247649975\" class=\"rank-math-list-item\">\n<h3 class=\"rank-math-question \">Les magasins sont-ils ouverts \u00e0 No\u00ebl \u00e0 Madrid?<\/h3>\n<div class=\"rank-math-answer \">\n\n<p><strong>La plupart des magasins ferment le 25 d\u00e9cembre<\/strong>. Certaines petites \u00e9piceries ou franchises internationales peuvent ouvrir quelques heures. Tout rouvre le 26 d\u00e9cembre avec des horaires normaux ou prolong\u00e9s. Pour un shopping garanti, \u00e9vitez compl\u00e8tement le 25 d\u00e9cembre.<\/p>\n\n<\/div>\n<\/div>\n<\/div>\n<\/div>\n\n\n<hr class=\"wp-block-separator has-alpha-channel-opacity\"\/>\n\n\n\n<h2 data-wp-context---core-fit-text=\"core\/fit-text::{&quot;fontSize&quot;:&quot;&quot;}\" data-wp-init---core-fit-text=\"core\/fit-text::callbacks.init\" data-wp-interactive data-wp-style--font-size=\"core\/fit-text::context.fontSize\" class=\"wp-block-heading has-fit-text\" id=\"find-the-joy-of-christmas-in-madrid-a-festive-destination-for-all\">Trouver la joie de No\u00ebl \u00e0 Madrid, une destination festive pour toutes et tous<\/h2>\n\n\n\n<p><strong><a href=\"https:\/\/www.spain.info\/en\/top\/christmas-traditions-spain\/\" target=\"_blank\" rel=\"noreferrer noopener\">No\u00ebl en Espagne<\/a><\/strong> offre une atmosph\u00e8re unique port\u00e9e par denses traditions culturelles, illuminations de No\u00ebl Madrid, march\u00e9s de No\u00ebl Madrid, et un large \u00e9ventail d\u2019\u00e9v\u00e9nements de No\u00ebl Madrid. Cette ville photog\u00e9nique accueille chaque visiteur dans une ambiance chaleureuse, du march\u00e9 de No\u00ebl Plaza Mayor aux rues d\u00e9cor\u00e9es de guirlandes, sans oublier les sp\u00e9cialit\u00e9s de No\u00ebl \u00e0 Madrid servies \u00e0 chaque coin de rue.<\/p>\n\n\n\n<p><strong>Madrid a tout pour plaire<\/strong>, que vous souhaitiez faire du patin \u00e0 glace dans un parc, assister \u00e0 une messe espagnole traditionnelle de No\u00ebl ou simplement profiter des lumi\u00e8res en savourant un chocolat chaud. Venez d\u00e9couvrir la magie des f\u00eates dans la capitale et cr\u00e9ez des souvenirs durables.<\/p>\n\n\n\n<hr class=\"wp-block-separator has-css-opacity is-style-wide\"\/>\n\n\n\n<h2 class=\"wp-block-heading\" id=\"about-the-author\">\u00c0 propos des autrices<\/h2>\n\n\n\n<div class=\"wp-block-media-text alignwide is-vertically-aligned-top\" style=\"grid-template-columns:15% auto\"><figure class=\"wp-block-media-text__media\"><img loading=\"lazy\" decoding=\"async\" width=\"138\" height=\"140\" src=\"https:\/\/www.the-travel-bunny.com\/fr\/wp-content\/uploads\/sites\/3\/2021\/04\/Mirela-Letailleur-The-Travel-Bunny.jpg\" alt=\"Mirela Letailleur The Travel Bunny\" class=\"wp-image-3498 size-full\" title=\"\"><\/figure><div class=\"wp-block-media-text__content\">\n<p class=\"has-small-font-size\">Hola! Je suis <strong><a href=\"https:\/\/www.the-travel-bunny.com\/fr\/a-propos-du-travel-bunny\/mirela-letailleur\/\">Mirela Letailleur<\/a>, \u00e9crivaine de voyage en Europe<\/strong>. J\u2019aime le voyage lent, la pr\u00e9paration intelligente et l\u2019immersion locale. Sur <em>The Travel Bunny<\/em>, je partage des guides pratiques pour voyager en profondeur. Je parle de budgets malins, d\u2019itin\u00e9raires paisibles et d\u2019exp\u00e9riences culturelles authentiques qui d\u00e9passent les \u00e9vidences. D\u2019origine roumaine et install\u00e9e dans le sud de la France, j\u2019explore depuis des ann\u00e9es les villes europ\u00e9ennes, leurs \u00e9v\u00e9nements saisonniers et leurs habitudes locales pour aider les voyageurs \u00e0 mieux comprendre les lieux.<\/p>\n<\/div><\/div>\n\n\n\n<hr class=\"wp-block-separator has-alpha-channel-opacity is-style-dots\"\/>\n\n\n\n<div class=\"wp-block-media-text alignwide is-vertically-aligned-top\" style=\"grid-template-columns:15% auto\"><figure class=\"wp-block-media-text__media\"><img loading=\"lazy\" decoding=\"async\" width=\"138\" height=\"138\" src=\"https:\/\/www.the-travel-bunny.com\/fr\/wp-content\/uploads\/sites\/3\/2021\/06\/giulia-lopez-auteure-sur-le-blog-voyage-the-travel-bunny.jpg\" alt=\"giulia lopez auteure sur le blog voyage the travel bunny\" class=\"wp-image-1485 size-full\" title=\"\"><\/figure><div class=\"wp-block-media-text__content\">\n<p class=\"has-small-font-size\">Je suis <strong><a href=\"https:\/\/www.the-travel-bunny.com\/fr\/auteur\/giulialop\/\">Giulia Lopez<\/a>, Madril\u00e8ne de naissance<\/strong>, passionn\u00e9e de voyages, de langues et de caf\u00e9 bien cors\u00e9. Quand je ne fais pas de musique ou que je ne pr\u00e9pare pas ma prochaine escapade, j\u2019aide les visiteurs \u00e0 vivre le meilleur de ma ville et de sa r\u00e9gion. Je collabore avec des blogs de voyage, des agences et des op\u00e9rateurs pour offrir un regard local et pr\u00e9cis, notamment sur les lieux culturels, les \u00e9v\u00e9nements saisonniers et la vie quotidienne \u00e0 Madrid.<\/p>\n<\/div><\/div>\n\n\n\n<div style=\"height:10px\" aria-hidden=\"true\" class=\"wp-block-spacer\"><\/div>\n\n\n\n<p class=\"has-background has-small-font-size\" style=\"background-color:#d5edfb\"><strong><a href=\"https:\/\/www.the-travel-bunny.com\/fr\/a-propos-du-travel-bunny\/article-de-blog-invite\/\" data-type=\"page\" data-id=\"20\">Devenez contributeur<\/a><\/strong> sur le blog de voyages The Travel Bunny.<\/p>\n\n\n\n<hr class=\"wp-block-separator has-css-opacity is-style-wide\"\/>\n\n\n<div class=\"wp-block-scriptless-social-sharing-buttons\"><div class=\"scriptlesssocialsharing\"><div class=\"scriptlesssocialsharing__buttons\"><a class=\"button pinterest\" target=\"_blank\" href=\"https:\/\/pinterest.com\/pin\/create\/button\/?url=https%3A%2F%2Fwww.the-travel-bunny.com%2Ffr%2Fpourquoi-celebrer-noel-a-madrid%2F&#038;media=https%3A%2F%2Fwww.the-travel-bunny.com%2Ffr%2Fwp-content%2Fuploads%2Fsites%2F3%2F2021%2F06%2FNoel-a-Madrid-Espagne.jpg&#038;description=Itin%C3%A9raire%20pour%20No%C3%ABl%20%C3%A0%20Madrid.%20Guide%20des%20vacances%20%C3%A0%20Madrid%20en%20hiver%202025\" rel=\"noopener noreferrer nofollow\" data-pin-no-hover=\"true\" data-pin-custom=\"true\" data-pin-do=\"skip\" data-pin-description=\"Itin\u00e9raire pour No\u00ebl \u00e0 Madrid. Guide des vacances \u00e0 Madrid en hiver 2025\"><svg xmlns=\"http:\/\/www.w3.org\/2000\/svg\" viewbox=\"0 0 496 512\" class=\"scriptlesssocialsharing__icon pinterest\" fill=\"currentcolor\" height=\"1em\" width=\"1em\" aria-hidden=\"true\" focusable=\"false\" role=\"img\"><!-- Font Awesome Free 5.15.4 by @fontawesome - https:\/\/fontawesome.com License - https:\/\/fontawesome.com\/license\/free (Icons: CC BY 4.0, Fonts: SIL OFL 1.1, Code: MIT License) --><path d=\"M496 256c0 137-111 248-248 248-25.6 0-50.2-3.9-73.4-11.1 10.1-16.5 25.2-43.5 30.8-65 3-11.6 15.4-59 15.4-59 8.1 15.4 31.7 28.5 56.8 28.5 74.8 0 128.7-68.8 128.7-154.3 0-81.9-66.9-143.2-152.9-143.2-107 0-163.9 71.8-163.9 150.1 0 36.4 19.4 81.7 50.3 96.1 4.7 2.2 7.2 1.2 8.3-3.3.8-3.4 5-20.3 6.9-28.1.6-2.5.3-4.7-1.7-7.1-10.1-12.5-18.3-35.3-18.3-56.6 0-54.7 41.4-107.6 112-107.6 60.9 0 103.6 41.5 103.6 100.9 0 67.1-33.9 113.6-78 113.6-24.3 0-42.6-20.1-36.7-44.8 7-29.5 20.5-61.3 20.5-82.6 0-19-10.2-34.9-31.4-34.9-24.9 0-44.9 25.7-44.9 60.2 0 22 7.4 36.8 7.4 36.8s-24.5 103.8-29 123.2c-5 21.4-3 51.6-.9 71.2C65.4 450.9 0 361.1 0 256 0 119 111 8 248 8s248 111 248 248z\"><\/path><\/svg>\n<span class=\"screen-reader-text\">Share on Pinterest<\/span><\/a><a class=\"button facebook\" target=\"_blank\" href=\"https:\/\/www.facebook.com\/sharer\/sharer.php?u=https%3A%2F%2Fwww.the-travel-bunny.com%2Ffr%2Fpourquoi-celebrer-noel-a-madrid%2F\" rel=\"noopener noreferrer nofollow\"><svg xmlns=\"http:\/\/www.w3.org\/2000\/svg\" viewbox=\"0 0 512 512\" class=\"scriptlesssocialsharing__icon facebook\" fill=\"currentcolor\" height=\"1em\" width=\"1em\" aria-hidden=\"true\" focusable=\"false\" role=\"img\"><!-- Font Awesome Free 5.15.4 by @fontawesome - https:\/\/fontawesome.com License - https:\/\/fontawesome.com\/license\/free (Icons: CC BY 4.0, Fonts: SIL OFL 1.1, Code: MIT License) --><path d=\"M504 256C504 119 393 8 256 8S8 119 8 256c0 123.78 90.69 226.38 209.25 245V327.69h-63V256h63v-54.64c0-62.15 37-96.48 93.67-96.48 27.14 0 55.52 4.84 55.52 4.84v61h-31.28c-30.8 0-40.41 19.12-40.41 38.73V256h68.78l-11 71.69h-57.78V501C413.31 482.38 504 379.78 504 256z\"><\/path><\/svg>\n<span class=\"screen-reader-text\">Share on Facebook<\/span><\/a><a class=\"button linkedin\" target=\"_blank\" href=\"https:\/\/www.linkedin.com\/shareArticle?mini=1&#038;url=https%3A%2F%2Fwww.the-travel-bunny.com%2Ffr%2Fpourquoi-celebrer-noel-a-madrid%2F&#038;title=Itin%C3%A9raire%20pour%20No%C3%ABl%20%C3%A0%20Madrid.%20Guide%20des%20vacances%20%C3%A0%20Madrid%20en%20hiver%202025&#038;source=https%3A%2F%2Fwww.the-travel-bunny.com%2Ffr&#038;summary=No%C3%ABl%20%C3%A0%20Madrid%20propose%20des%20festives%20illuminations%2C%20des%20march%C3%A9s%20et%20des%20%C3%A9v%C3%A9nements%20culturels%20dans%20toute%20la%20ville.%20Du%20sapin%20de%20No%C3%ABl%20de%20la%20Puerta%20del%20Sol%20aux%20stands%20artisanaux%20du%20march%C3%A9%20de%20No%C3%ABl%20Plaza%20Mayor%2C%20Madrid%20%C3%A0%20No%C3%ABl%20offre%20un%20m%C3%A9lange%20vivant%20de%20tradition%20et%20de%20c%C3%A9l%C3%A9bration.%20Go%C3%BBtez%20du%20turr%C3%B3n%20Madrid%2C%20admirez%20des%20cr%C3%A8ches%20de%20No%C3%ABl%20Madrid%2C%20et%20parcourez%20des%20quartiers%20d%C3%A9cor%C3%A9s%20comme%20Gran%20V%C3%ADa%20et%20Salamanca.%20Ne%20manquez%20pas%20des%20moments%20forts%20tels%20que%20la%20parade%20des%20Reyes%20Magos%20Madrid%2C%20Articus%20Park%20et%20les%20churros%20et%20chocolat%20Madrid%20No%C3%ABl%20le%20matin%20du%2025%20d%C3%A9cembre.%20Que%20vous%20voyagiez%20en%20famille%20ou%20en%20solo%2C%20ce%20guide%20r%C3%A9unit%20tout%20ce%20qu%E2%80%99il%20faut%20pour%20profiter%20de%20No%C3%ABl%20%C3%A0%20Madrid%20comme%20une%20personne%20locale%2C%20de%20la%20gastronomie%20aux%20illuminations%20de%20No%C3%ABl%20Madrid%20et%20aux%20traditions%20locales.\" rel=\"noopener noreferrer nofollow\"><svg xmlns=\"http:\/\/www.w3.org\/2000\/svg\" viewbox=\"0 0 448 512\" class=\"scriptlesssocialsharing__icon linkedin\" fill=\"currentcolor\" height=\"1em\" width=\"1em\" aria-hidden=\"true\" focusable=\"false\" role=\"img\"><!-- Font Awesome Free 5.15.4 by @fontawesome - https:\/\/fontawesome.com License - https:\/\/fontawesome.com\/license\/free (Icons: CC BY 4.0, Fonts: SIL OFL 1.1, Code: MIT License) --><path d=\"M416 32H31.9C14.3 32 0 46.5 0 64.3v383.4C0 465.5 14.3 480 31.9 480H416c17.6 0 32-14.5 32-32.3V64.3c0-17.8-14.4-32.3-32-32.3zM135.4 416H69V202.2h66.5V416zm-33.2-243c-21.3 0-38.5-17.3-38.5-38.5S80.9 96 102.2 96c21.2 0 38.5 17.3 38.5 38.5 0 21.3-17.2 38.5-38.5 38.5zm282.1 243h-66.4V312c0-24.8-.5-56.7-34.5-56.7-34.6 0-39.9 27-39.9 54.9V416h-66.4V202.2h63.7v29.2h.9c8.9-16.8 30.6-34.5 62.9-34.5 67.2 0 79.7 44.3 79.7 101.9V416z\"><\/path><\/svg>\n<span class=\"screen-reader-text\">Share on LinkedIn<\/span><\/a><a class=\"button reddit\" target=\"_blank\" href=\"https:\/\/www.reddit.com\/submit?url=https%3A%2F%2Fwww.the-travel-bunny.com%2Ffr%2Fpourquoi-celebrer-noel-a-madrid%2F\" rel=\"noopener noreferrer nofollow\"><svg xmlns=\"http:\/\/www.w3.org\/2000\/svg\" viewbox=\"0 0 512 512\" class=\"scriptlesssocialsharing__icon reddit\" fill=\"currentcolor\" height=\"1em\" width=\"1em\" aria-hidden=\"true\" focusable=\"false\" role=\"img\"><!-- Font Awesome Free 5.15.4 by @fontawesome - https:\/\/fontawesome.com License - https:\/\/fontawesome.com\/license\/free (Icons: CC BY 4.0, Fonts: SIL OFL 1.1, Code: MIT License) --><path d=\"M440.3 203.5c-15 0-28.2 6.2-37.9 15.9-35.7-24.7-83.8-40.6-137.1-42.3L293 52.3l88.2 19.8c0 21.6 17.6 39.2 39.2 39.2 22 0 39.7-18.1 39.7-39.7s-17.6-39.7-39.7-39.7c-15.4 0-28.7 9.3-35.3 22l-97.4-21.6c-4.9-1.3-9.7 2.2-11 7.1L246.3 177c-52.9 2.2-100.5 18.1-136.3 42.8-9.7-10.1-23.4-16.3-38.4-16.3-55.6 0-73.8 74.6-22.9 100.1-1.8 7.9-2.6 16.3-2.6 24.7 0 83.8 94.4 151.7 210.3 151.7 116.4 0 210.8-67.9 210.8-151.7 0-8.4-.9-17.2-3.1-25.1 49.9-25.6 31.5-99.7-23.8-99.7zM129.4 308.9c0-22 17.6-39.7 39.7-39.7 21.6 0 39.2 17.6 39.2 39.7 0 21.6-17.6 39.2-39.2 39.2-22 .1-39.7-17.6-39.7-39.2zm214.3 93.5c-36.4 36.4-139.1 36.4-175.5 0-4-3.5-4-9.7 0-13.7 3.5-3.5 9.7-3.5 13.2 0 27.8 28.5 120 29 149 0 3.5-3.5 9.7-3.5 13.2 0 4.1 4 4.1 10.2.1 13.7zm-.8-54.2c-21.6 0-39.2-17.6-39.2-39.2 0-22 17.6-39.7 39.2-39.7 22 0 39.7 17.6 39.7 39.7-.1 21.5-17.7 39.2-39.7 39.2z\"><\/path><\/svg>\n<span class=\"screen-reader-text\">Share on Reddit<\/span><\/a><a class=\"button bluesky\" target=\"_blank\" href=\"https:\/\/bsky.app\/intent\/compose?text=Itin%C3%A9raire%20pour%20No%C3%ABl%20%C3%A0%20Madrid.%20Guide%20des%20vacances%20%C3%A0%20Madrid%20en%20hiver%202025%3A%20https%3A%2F%2Fwww.the-travel-bunny.com%2Ffr%2Fpourquoi-celebrer-noel-a-madrid%2F\" rel=\"noopener noreferrer nofollow\"><svg xmlns=\"http:\/\/www.w3.org\/2000\/svg\" viewbox=\"0 0 512 512\" class=\"scriptlesssocialsharing__icon bluesky\" fill=\"currentcolor\" height=\"1em\" width=\"1em\" aria-hidden=\"true\" focusable=\"false\" role=\"img\"><!--!Font Awesome Free 6.7.2 by @fontawesome - https:\/\/fontawesome.com License - https:\/\/fontawesome.com\/license\/free Copyright 2025 Fonticons, Inc.--><path d=\"M111.8 62.2C170.2 105.9 233 194.7 256 242.4c23-47.6 85.8-136.4 144.2-180.2c42.1-31.6 110.3-56 110.3 21.8c0 15.5-8.9 130.5-14.1 149.2C478.2 298 412 314.6 353.1 304.5c102.9 17.5 129.1 75.5 72.5 133.5c-107.4 110.2-154.3-27.6-166.3-62.9l0 0c-1.7-4.9-2.6-7.8-3.3-7.8s-1.6 3-3.3 7.8l0 0c-12 35.3-59 173.1-166.3 62.9c-56.5-58-30.4-116 72.5-133.5C100 314.6 33.8 298 15.7 233.1C10.4 214.4 1.5 99.4 1.5 83.9c0-77.8 68.2-53.4 110.3-21.8z\"><\/path><\/svg>\n<span class=\"screen-reader-text\">Share on Bluesky<\/span><\/a><a class=\"button twitter\" target=\"_blank\" href=\"https:\/\/twitter.com\/intent\/tweet?text=Itin%C3%A9raire%20pour%20No%C3%ABl%20%C3%A0%20Madrid.%20Guide%20des%20vacances%20%C3%A0%20Madrid%20en%20hiver%202025&#038;url=https%3A%2F%2Fwww.the-travel-bunny.com%2Ffr%2Fpourquoi-celebrer-noel-a-madrid%2F&#038;via=mirela_iepurela&#038;related=mirela_iepurela\" rel=\"noopener noreferrer nofollow\"><svg xmlns=\"http:\/\/www.w3.org\/2000\/svg\" viewbox=\"0 0 512 512\" class=\"scriptlesssocialsharing__icon twitter\" fill=\"currentcolor\" height=\"1em\" width=\"1em\" aria-hidden=\"true\" focusable=\"false\" role=\"img\"><!--! Font Awesome Pro 6.4.2 by @fontawesome - https:\/\/fontawesome.com License - https:\/\/fontawesome.com\/license (Commercial License) Copyright 2023 Fonticons, Inc. --><path d=\"M389.2 48h70.6L305.6 224.2 487 464H345L233.7 318.6 106.5 464H35.8L200.7 275.5 26.8 48H172.4L272.9 180.9 389.2 48zM364.4 421.8h39.1L151.1 88h-42L364.4 421.8z\"><\/path><\/svg>\n<span class=\"screen-reader-text\">Share on X (Twitter)<\/span><\/a><a class=\"button whatsapp\" target=\"_blank\" href=\"https:\/\/api.whatsapp.com\/send?text=Itin%C3%A9raire%20pour%20No%C3%ABl%20%C3%A0%20Madrid.%20Guide%20des%20vacances%20%C3%A0%20Madrid%20en%20hiver%202025%20%E2%80%94%20https%3A%2F%2Fwww.the-travel-bunny.com%2Ffr%2Fpourquoi-celebrer-noel-a-madrid%2F\" rel=\"noopener noreferrer nofollow\"><svg xmlns=\"http:\/\/www.w3.org\/2000\/svg\" viewbox=\"0 0 448 512\" class=\"scriptlesssocialsharing__icon whatsapp\" fill=\"currentcolor\" height=\"1em\" width=\"1em\" aria-hidden=\"true\" focusable=\"false\" role=\"img\"><!-- Font Awesome Free 5.15.4 by @fontawesome - https:\/\/fontawesome.com License - https:\/\/fontawesome.com\/license\/free (Icons: CC BY 4.0, Fonts: SIL OFL 1.1, Code: MIT License) --><path d=\"M380.9 97.1C339 55.1 283.2 32 223.9 32c-122.4 0-222 99.6-222 222 0 39.1 10.2 77.3 29.6 111L0 480l117.7-30.9c32.4 17.7 68.9 27 106.1 27h.1c122.3 0 224.1-99.6 224.1-222 0-59.3-25.2-115-67.1-157zm-157 341.6c-33.2 0-65.7-8.9-94-25.7l-6.7-4-69.8 18.3L72 359.2l-4.4-7c-18.5-29.4-28.2-63.3-28.2-98.2 0-101.7 82.8-184.5 184.6-184.5 49.3 0 95.6 19.2 130.4 54.1 34.8 34.9 56.2 81.2 56.1 130.5 0 101.8-84.9 184.6-186.6 184.6zm101.2-138.2c-5.5-2.8-32.8-16.2-37.9-18-5.1-1.9-8.8-2.8-12.5 2.8-3.7 5.6-14.3 18-17.6 21.8-3.2 3.7-6.5 4.2-12 1.4-32.6-16.3-54-29.1-75.5-66-5.7-9.8 5.7-9.1 16.3-30.3 1.8-3.7.9-6.9-.5-9.7-1.4-2.8-12.5-30.1-17.1-41.2-4.5-10.8-9.1-9.3-12.5-9.5-3.2-.2-6.9-.2-10.6-.2-3.7 0-9.7 1.4-14.8 6.9-5.1 5.6-19.4 19-19.4 46.3 0 27.3 19.9 53.7 22.6 57.4 2.8 3.7 39.1 59.7 94.8 83.8 35.2 15.2 49 16.5 66.6 13.9 10.7-1.6 32.8-13.4 37.4-26.4 4.6-13 4.6-24.1 3.2-26.4-1.3-2.5-5-3.9-10.5-6.6z\"><\/path><\/svg>\n<span class=\"screen-reader-text\">Share on WhatsApp<\/span><\/a><a class=\"button email\" href=\"mailto:?body=J%27ai%20lu%20cet%20article%20de%20The%20Travel%20Bunny%20et%20je%20voulais%20le%20partager%20avec%20vous.%20Voici%20le%20lien%3A%20https%3A%2F%2Fwww.the-travel-bunny.com%2Ffr%2Fpourquoi-celebrer-noel-a-madrid%2F&#038;subject=Un%20article%20de%20voyage%20que%20j%27ai%20ador%C3%A9%3A%20Itin%C3%A9raire%20pour%20No%C3%ABl%20%C3%A0%20Madrid.%20Guide%20des%20vacances%20%C3%A0%20Madrid%20en%20hiver%202025\" rel=\"noopener noreferrer nofollow\" ><svg xmlns=\"http:\/\/www.w3.org\/2000\/svg\" viewbox=\"0 0 512 512\" class=\"scriptlesssocialsharing__icon email\" fill=\"currentcolor\" height=\"1em\" width=\"1em\" aria-hidden=\"true\" focusable=\"false\" role=\"img\"><!-- Font Awesome Free 5.15.4 by @fontawesome - https:\/\/fontawesome.com License - https:\/\/fontawesome.com\/license\/free (Icons: CC BY 4.0, Fonts: SIL OFL 1.1, Code: MIT License) --><path d=\"M502.3 190.8c3.9-3.1 9.7-.2 9.7 4.7V400c0 26.5-21.5 48-48 48H48c-26.5 0-48-21.5-48-48V195.6c0-5 5.7-7.8 9.7-4.7 22.4 17.4 52.1 39.5 154.1 113.6 21.1 15.4 56.7 47.8 92.2 47.6 35.7.3 72-32.8 92.3-47.6 102-74.1 131.6-96.3 154-113.7zM256 320c23.2.4 56.6-29.2 73.4-41.4 132.7-96.3 142.8-104.7 173.4-128.7 5.8-4.5 9.2-11.5 9.2-18.9v-19c0-26.5-21.5-48-48-48H48C21.5 64 0 85.5 0 112v19c0 7.4 3.4 14.3 9.2 18.9 30.6 23.9 40.7 32.4 173.4 128.7 16.8 12.2 50.2 41.8 73.4 41.4z\"><\/path><\/svg>\n<span class=\"screen-reader-text\">Share on Email<\/span><\/a><\/div><\/div><\/div>\n\n\n<p class=\"has-small-font-size\"><strong>Apr\u00e8s avoir explor\u00e9 <strong>Madrid \u00e0 No\u00ebl<\/strong>, lisez les autres guides du blog de voyage The Travel Bunny<\/strong><br><a href=\"https:\/\/www.the-travel-bunny.com\/fr\/visiter-a-madrid-en-2-jours\/\" data-type=\"post\" data-id=\"6111\">Que visiter \u00e0 Madrid en 2 jours : les incontournables<\/a><br><a href=\"https:\/\/www.the-travel-bunny.com\/fr\/coutumes-traditions-de-noel-en-europe\/\">D\u00e9couvrez les plus magiques coutumes et traditions de No\u00ebl en Europe<\/a><br><a href=\"https:\/\/www.the-travel-bunny.com\/fr\/hotels-romantiques-pour-couples\/\" data-type=\"post\" data-id=\"4754\">H\u00f4tels romantiques, le meilleur h\u00e9bergement pour deux<\/a><\/p>\n","protected":false},"excerpt":{"rendered":"<p>No\u00ebl \u00e0 Madrid propose des festives illuminations, des march\u00e9s et des \u00e9v\u00e9nements culturels dans toute la ville. Du sapin de No\u00ebl de la Puerta del Sol aux stands artisanaux du march\u00e9 de No\u00ebl Plaza Mayor, Madrid \u00e0 No\u00ebl offre un m\u00e9lange vivant de tradition et de c\u00e9l\u00e9bration. Go\u00fbtez du turr\u00f3n Madrid, admirez des cr\u00e8ches de No\u00ebl Madrid, et parcourez des quartiers d\u00e9cor\u00e9s comme Gran V\u00eda et Salamanca. Ne manquez pas des moments forts tels que la parade des Reyes Magos Madrid, Articus Park et les churros et chocolat Madrid No\u00ebl le matin du 25 d\u00e9cembre. Que vous voyagiez en famille ou en solo, ce guide r\u00e9unit tout ce qu\u2019il faut pour profiter de No\u00ebl \u00e0 Madrid comme une personne locale, de la gastronomie aux illuminations de No\u00ebl Madrid et aux traditions locales.<\/p>\n","protected":false},"author":107,"featured_media":1481,"comment_status":"open","ping_status":"open","sticky":false,"template":"","format":"standard","meta":{"footnotes":""},"categories":[32],"tags":[50,59,120,97],"class_list":["post-205","post","type-post","status-publish","format-standard","has-post-thumbnail","hentry","category-espagne","tag-articles-ecrits-par-des-invites","tag-coutumes-et-traditions","tag-madrid","tag-vacances-en-hiver","resize-featured-image"],"_links":{"self":[{"href":"https:\/\/www.the-travel-bunny.com\/fr\/wp-json\/wp\/v2\/posts\/205","targetHints":{"allow":["GET"]}}],"collection":[{"href":"https:\/\/www.the-travel-bunny.com\/fr\/wp-json\/wp\/v2\/posts"}],"about":[{"href":"https:\/\/www.the-travel-bunny.com\/fr\/wp-json\/wp\/v2\/types\/post"}],"author":[{"embeddable":true,"href":"https:\/\/www.the-travel-bunny.com\/fr\/wp-json\/wp\/v2\/users\/107"}],"replies":[{"embeddable":true,"href":"https:\/\/www.the-travel-bunny.com\/fr\/wp-json\/wp\/v2\/comments?post=205"}],"version-history":[{"count":7,"href":"https:\/\/www.the-travel-bunny.com\/fr\/wp-json\/wp\/v2\/posts\/205\/revisions"}],"predecessor-version":[{"id":9142,"href":"https:\/\/www.the-travel-bunny.com\/fr\/wp-json\/wp\/v2\/posts\/205\/revisions\/9142"}],"wp:featuredmedia":[{"embeddable":true,"href":"https:\/\/www.the-travel-bunny.com\/fr\/wp-json\/wp\/v2\/media\/1481"}],"wp:attachment":[{"href":"https:\/\/www.the-travel-bunny.com\/fr\/wp-json\/wp\/v2\/media?parent=205"}],"wp:term":[{"taxonomy":"category","embeddable":true,"href":"https:\/\/www.the-travel-bunny.com\/fr\/wp-json\/wp\/v2\/categories?post=205"},{"taxonomy":"post_tag","embeddable":true,"href":"https:\/\/www.the-travel-bunny.com\/fr\/wp-json\/wp\/v2\/tags?post=205"}],"curies":[{"name":"wp","href":"https:\/\/api.w.org\/{rel}","templated":true}]}}