{"id":6448,"date":"2023-06-20T09:27:00","date_gmt":"2023-06-20T09:27:00","guid":{"rendered":"https:\/\/www.the-travel-bunny.com\/fr\/?p=6448"},"modified":"2026-01-31T10:29:49","modified_gmt":"2026-01-31T10:29:49","slug":"vacances-a-la-voile-en-mediterranee","status":"publish","type":"post","link":"https:\/\/www.the-travel-bunny.com\/fr\/vacances-a-la-voile-en-mediterranee\/","title":{"rendered":"Du r\u00eave \u00e0 la r\u00e9alit\u00e9: vacances \u00e0 la voile en M\u00e9diterran\u00e9e pendant la pand\u00e9mie"},"content":{"rendered":"\n<div class=\"wp-block-columns is-layout-flex wp-container-core-columns-is-layout-9d6595d7 wp-block-columns-is-layout-flex\">\n<div class=\"wp-block-column is-vertically-aligned-center is-layout-flow wp-block-column-is-layout-flow\">\n<p>Avant d&rsquo;\u00eatre marin, j&rsquo;\u00e9tais une femme r\u00eaveuse. Une r\u00eaveuse qui aspirait \u00e0 l&rsquo;air salin, \u00e0 l&rsquo;accalmie rythmique des vagues et \u00e0 l&rsquo;\u00e9tendue sans limites du bleu azur. Il y a une certaine sorte de magie que la mer d\u00e9tient, une attraction qui tire sur la corde sensible de ceux qui osent r\u00eaver. Je n&rsquo;\u00e9tais pas une exception. L&rsquo;attrait de la mer \u00e9tait plus qu&rsquo;un simple murmure \u00e0 mon oreille &#8211; c&rsquo;\u00e9tait un appel rugissant \u00e0 l&rsquo;aventure. Mais comme beaucoup de r\u00eaves, cettes vacances \u00e0 la voile en M\u00e9diterran\u00e9e semblait trop vaste, trop sauvage pour devenir une r\u00e9alit\u00e9. C&rsquo;\u00e9tait jusqu&rsquo;au printemps fatidique de 2018.<\/p>\n<\/div>\n\n\n\n<div class=\"wp-block-column is-vertically-aligned-center is-layout-flow wp-block-column-is-layout-flow\">\n<div class=\"wp-block-rank-math-toc-block\" id=\"rank-math-toc\"><h2>Nos vacances \u00e0 la voile en M\u00e9diterran\u00e9e<\/h2><nav><ul><li class=\"\"><a href=\"#preparatifs-on-apprends-les-ficelles-du-metier\">Pr\u00e9paratifs: On apprends les ficelles du m\u00e9tier<\/a><\/li><li class=\"\"><a href=\"#la-transition-de-la-terre-a-la-mer\">La transition: De la terre \u00e0 la mer<\/a><\/li><li class=\"\"><a href=\"#avant-le-depart-celebrations-et-adieux\">Avant le d\u00e9part: C\u00e9l\u00e9brations et adieux<\/a><\/li><li class=\"\"><a href=\"#tracer-le-cap-mettre-les-voiles-pour-une-aventure-mediterraneenne-dun-an\">Tracer le cap: Mettre les voiles pour une aventure m\u00e9diterran\u00e9enne d&rsquo;un an<\/a><\/li><li class=\"\"><a href=\"#a-propos-de-lauteur\">A propos de l&rsquo;auteur<\/a><\/li><\/ul><\/nav><\/div>\n<\/div>\n<\/div>\n\n\n\n<p>La Gr\u00e8ce, pays connu pour ses ruines antiques et ses olives succulentes, \u00e9tait notre destination de choix. Des <a href=\"https:\/\/www.the-travel-bunny.com\/fr\/voyage-a-athenes-en-famille\/\" data-type=\"post\" data-id=\"217\">vacances en famille et mon copain Mathieu<\/a> nous ont conduits dans la m\u00e9tropole anim\u00e9e d&rsquo;Ath\u00e8nes. Son charme \u00e9tait irr\u00e9sistible, m\u00e9lange enivrant d&rsquo;histoire et de modernit\u00e9. Mais autant la ville nous a captiv\u00e9s, autant mon c\u0153ur aspirait \u00e0 la mer.<\/p>\n\n\n\n<p>Le <a href=\"https:\/\/www.the-travel-bunny.com\/fr\/visite-au-piree-a-change-nos-vies\/\" data-type=\"post\" data-id=\"223\">Pir\u00e9e<\/a>, une ville portuaire situ\u00e9e dans la r\u00e9gion de l&rsquo;Attique, est devenue notre \u00e9vasion de la jungle de b\u00e9ton de la ville. Une promenade impromptue nous a conduits sur la Riviera d&rsquo;Ath\u00e8nes, o\u00f9 la mer, malheureusement, n&rsquo;a pas r\u00e9pondu \u00e0 mes attentes. La plage que nous avons trouv\u00e9e \u00e9tait d\u00e9cevante, loin des eaux cristallines et turquoises auxquelles j&rsquo;\u00e9tais si habitu\u00e9e. Je craignais que Mathieu, un visiteur pour la premi\u00e8re fois en Gr\u00e8ce, n&#8217;emporte avec lui une impression entach\u00e9e de ma mer bien-aim\u00e9e.<\/p>\n\n\n\n<p>Mais la journ\u00e9e a pris une tournure positive. Une terrasse cosy en bord de mer est devenue notre refuge et la sangria notre confort. Alors que nous sirotions le cocktail fruit\u00e9, nos yeux ne pouvaient s&#8217;emp\u00eacher de vagabonder. La vue d&rsquo;une grand-m\u00e8re d\u00e9barquant d&rsquo;un bateau pour rencontrer sa petite-fille en attente a remu\u00e9 quelque chose en nous. Nous fantasmions sur la libert\u00e9 de vivre en mer, de passer nos ann\u00e9es cr\u00e9pusculaires \u00e0 naviguer autour du monde. Mais pourquoi attendre jusque-l\u00e0, avons-nous pens\u00e9. Pourquoi pas maintenant?<\/p>\n\n\n\n<p>Une vague d&rsquo;activit\u00e9s s&rsquo;ensuivit. Mathieu, toujours pratique, a commenc\u00e9 \u00e0 chercher des annonces de voiliers d&rsquo;occasion, et nous avons d\u00e9couvert que poss\u00e9der un bateau \u00e9tait plus faisable que nous ne l&rsquo;avions cru au d\u00e9part. L&rsquo;id\u00e9e de vivre sur un bateau en M\u00e9diterran\u00e9e, \u00e0 deux, \u00e9tait \u00e0 la fois terrifiante et exaltante. J&rsquo;ai ressenti un sentiment d&rsquo;excitation sauvage, un d\u00e9sir f\u00e9roce de transformer ce r\u00eave en r\u00e9alit\u00e9.<\/p>\n\n\n\n<p>C&rsquo;\u00e9tait \u00e0 cette \u00e9poque que j&rsquo;esp\u00e9rais secr\u00e8tement une proposition de Mathieu. J&rsquo;avais r\u00eav\u00e9 de ce moment et je l&rsquo;avais imagin\u00e9 dans ma t\u00eate d&rsquo;innombrables fois. Mais au milieu de notre nouveau r\u00eave de vivre en mer, j&rsquo;ai r\u00e9alis\u00e9 que c&rsquo;\u00e9tait une proposition en soi. C&rsquo;\u00e9tait une proposition de vie d&rsquo;aventure, de r\u00eaves et d&rsquo;ambitions partag\u00e9s, et je l&rsquo;ai accept\u00e9e de tout c\u0153ur.<\/p>\n\n\n\n<p>Ainsi, le dernier jour de novembre, lorsque Mathieu a officiellement fait sa demande, je me suis retrouv\u00e9 \u00e0 dire oui non seulement \u00e0 un mariage, mais \u00e0 une vie de voile en M\u00e9diterran\u00e9e, de vivre notre r\u00eave commun. Notre voyage de r\u00eaveurs \u00e0 marins avait commenc\u00e9 et nous \u00e9tions pr\u00eats \u00e0 affronter tout ce que la mer nous r\u00e9servait.<\/p>\n\n\n\n<hr class=\"wp-block-separator has-alpha-channel-opacity\"\/>\n\n\n\n<h2 class=\"wp-block-heading\" id=\"preparatifs-on-apprends-les-ficelles-du-metier\">Pr\u00e9paratifs: On apprends les ficelles du m\u00e9tier<\/h2>\n\n\n\n<p>Dans le sillage de notre r\u00e9v\u00e9lation ath\u00e9nienne, nous sommes retourn\u00e9s chez nous \u00e0 Bucarest avec un nouveau but. Les r\u00eaves de vacances \u00e0 la voile en M\u00e9diterran\u00e9e remplissaient nos esprits, la promesse d&rsquo;une vie en mer toujours aussi all\u00e9chante. Mais le chemin pour faire de notre r\u00eave une r\u00e9alit\u00e9 n&rsquo;a pas \u00e9t\u00e9 sans d\u00e9fis. Nous savions qu&rsquo;avant de pouvoir nous lancer dans notre aventure \u00e0 la voile en M\u00e9diterran\u00e9e, nous devions litt\u00e9ralement apprendre les ficelles du m\u00e9tier.<\/p>\n\n\n\n<p>Mais les modalit\u00e9s pratiques de l&rsquo;inscription \u00e0 des cours de voile en Roumanie \u00e9taient plus complexes que pr\u00e9vu. La barri\u00e8re de la langue constituait un obstacle important pour Mathieu, dont la connaissance du roumain se limitait aux termes culinaires. Malgr\u00e9 son amour pour la <em>m\u0103m\u0103lig\u0103<\/em> et les <em>sarmale<\/em>, son vocabulaire roumain s&rsquo;est av\u00e9r\u00e9 insuffisant pour les subtilit\u00e9s de la th\u00e9orie de la voile.<\/p>\n\n\n\n<p>Au lieu de cela, nous nous sommes retrouv\u00e9s dans le sud de la France au printemps suivant, o\u00f9 Mathieu a pu suivre les cours dans sa langue natale \u00e0 Fr\u00e9jus, puis passer son permis cabotage \u00e0 Toulon. Nous avons d\u00e9couvert que m\u00eame si un permis de navigation n&rsquo;\u00e9tait pas requis en France, nous en avions besoin pour nos <a href=\"https:\/\/www.the-travel-bunny.com\/fr\/voile-en-croatie-vacances\/\" data-type=\"post\" data-id=\"4730\">vacances de yachting en Croatie<\/a>. Mathieu s&rsquo;est lanc\u00e9 dans les cours, absorbant les connaissances th\u00e9oriques et les comp\u00e9tences pratiques n\u00e9cessaires pour naviguer vers la M\u00e9diterran\u00e9e \u00e0 moteur.<\/p>\n\n\n\n<figure class=\"wp-block-image size-full\"><img loading=\"lazy\" decoding=\"async\" width=\"792\" height=\"294\" src=\"https:\/\/www.the-travel-bunny.com\/fr\/wp-content\/uploads\/sites\/3\/2023\/06\/mirela-letailleur-musee-maritime-toulon.jpg\" alt=\"mirela letailleur mus\u00e9e maritime toulon\" class=\"wp-image-6450\" title=\"\" srcset=\"https:\/\/www.the-travel-bunny.com\/fr\/wp-content\/uploads\/sites\/3\/2023\/06\/mirela-letailleur-musee-maritime-toulon.jpg 792w, https:\/\/www.the-travel-bunny.com\/fr\/wp-content\/uploads\/sites\/3\/2023\/06\/mirela-letailleur-musee-maritime-toulon-300x111.jpg 300w, https:\/\/www.the-travel-bunny.com\/fr\/wp-content\/uploads\/sites\/3\/2023\/06\/mirela-letailleur-musee-maritime-toulon-768x285.jpg 768w\" sizes=\"auto, (max-width: 792px) 100vw, 792px\" \/><figcaption class=\"wp-element-caption\"><em>D\u00e9couverte de la navigation m\u00e9diterran\u00e9enne au Mus\u00e9e National de la Marine \u00e0 Toulon<\/em><\/figcaption><\/figure>\n\n\n\n<p>Pendant ce temps, j&rsquo;ai trouv\u00e9 une solution \u00e0 ma propre situation de formation en Roumanie. <a href=\"https:\/\/www.setsail.ro\/\" target=\"_blank\" rel=\"noreferrer noopener\">SetSail<\/a>, une \u00e9cole de voile recommand\u00e9e par de nombreux amis, est devenue ma gr\u00e2ce salvatrice. Ils m&rsquo;ont propos\u00e9 un cours intensif qui correspondait parfaitement \u00e0 mes besoins. Et la meilleure partie ? Ils ont accept\u00e9 d&rsquo;acueillir Mathieu pour la partie pratique du cours. Nous devions nous voir attribuer un skipper qui donnerait des instructions en anglais, ce qui convenait parfaitement \u00e0 Mathieu. Sa connaissance autodidacte des termes de navigation en anglais, glan\u00e9e au cours d&rsquo;innombrables heures pass\u00e9es \u00e0 parcourir des livres de voile, a finalement port\u00e9 ses fruits.<\/p>\n\n\n\n<p>Ces jours ont \u00e9t\u00e9 un tourbillon d&rsquo;apprentissage et d&rsquo;anticipation. Il y avait beaucoup \u00e0 absorber, de la ma\u00eetrise de l&rsquo;art du nouage \u00e0 la compr\u00e9hension des nuances de la navigation. Mais il a finalement senti que nos aventures \u00e0 la voile n&rsquo;\u00e9taient plus qu&rsquo;un r\u00eave. Ils \u00e9taient \u00e0 notre port\u00e9e. La mer appelait et nous \u00e9tions pr\u00eats \u00e0 r\u00e9pondre, pr\u00eats \u00e0 nous lancer dans notre aventure \u00e0 la voile en M\u00e9diterran\u00e9e. Avec nos permis en poche, nous allions faire un pas de plus vers notre r\u00eave de vivre sur un bateau en M\u00e9diterran\u00e9e.<\/p>\n\n\n\n<hr class=\"wp-block-separator has-alpha-channel-opacity\"\/>\n\n\n\n<figure class=\"wp-block-image size-full\"><img loading=\"lazy\" decoding=\"async\" width=\"792\" height=\"1427\" src=\"https:\/\/www.the-travel-bunny.com\/fr\/wp-content\/uploads\/sites\/3\/2023\/06\/ecole-de-voile-setail-roumanie-limanu.jpg\" alt=\"ecole de voile setail roumanie limanu\" class=\"wp-image-6451\" title=\"\" srcset=\"https:\/\/www.the-travel-bunny.com\/fr\/wp-content\/uploads\/sites\/3\/2023\/06\/ecole-de-voile-setail-roumanie-limanu.jpg 792w, https:\/\/www.the-travel-bunny.com\/fr\/wp-content\/uploads\/sites\/3\/2023\/06\/ecole-de-voile-setail-roumanie-limanu-167x300.jpg 167w, https:\/\/www.the-travel-bunny.com\/fr\/wp-content\/uploads\/sites\/3\/2023\/06\/ecole-de-voile-setail-roumanie-limanu-568x1024.jpg 568w, https:\/\/www.the-travel-bunny.com\/fr\/wp-content\/uploads\/sites\/3\/2023\/06\/ecole-de-voile-setail-roumanie-limanu-768x1384.jpg 768w\" sizes=\"auto, (max-width: 792px) 100vw, 792px\" \/><figcaption class=\"wp-element-caption\"><em>Cours de voile avec SetSail sur la c\u00f4te de la Mer Noire<\/em><\/figcaption><\/figure>\n\n\n\n<h2 class=\"wp-block-heading\" id=\"la-transition-de-la-terre-a-la-mer\">La transition: De la terre \u00e0 la mer<\/h2>\n\n\n\n<p>Juin nous a trouv\u00e9s \u00e0 Limanu, le c\u0153ur d\u00e9bordant d&rsquo;anticipation alors que nous nous lancions dans les cours de voile qui jetteraient les bases de nos vacances \u00e0 la voile en M\u00e9diterran\u00e9e. Il y avait une certaine appr\u00e9hension dans l&rsquo;air, un m\u00e9lange d&rsquo;excitation et de nervosit\u00e9. J&rsquo;avais jongl\u00e9 entre les pr\u00e9paratifs de notre mariage et la th\u00e9orie de la voile que j&rsquo;avais apprise \u00e0 la maison. Ma crainte de ne pas \u00eatre suffisamment pr\u00e9par\u00e9 pour la partie th\u00e9orique s&rsquo;est att\u00e9nu\u00e9e lorsque nous avons appris que nous ne passerions pas l&rsquo;examen th\u00e9orique de l&rsquo;examen de licence pendant ces trois jours.<\/p>\n\n\n\n<p>Les cours \u00e9taient \u00e9tonnamment d\u00e9contract\u00e9s. Les connaissances que j&rsquo;avais minutieusement rassembl\u00e9es au cours des derni\u00e8res semaines m&rsquo;ont aid\u00e9 \u00e0 naviguer facilement dans les sessions th\u00e9oriques, les transformant davantage en une session de r\u00e9vision. Mais la partie pratique \u00e9tait une autre histoire. J&rsquo;\u00e9tais en proie \u00e0 des incertitudes. Aurais-je le mal de mer? Comment pourrais-je, moi qui n&rsquo;ai jamais conduit de voiture, man\u0153uvrer une b\u00eate \u00e0 voile de dix m\u00e8tres de long avec son inertie non n\u00e9gligeable? De plus, je devais passer l&rsquo;examen pratique de l&rsquo;examen de licence apr\u00e8s seulement environ cinq man\u0153uvres en solitaire dans le port, avec l&rsquo;instructeur \u00e0 mes c\u00f4t\u00e9s. La pens\u00e9e \u00e9tait intimidante.<\/p>\n\n\n\n<p>Mais nous avons eu la chance d&rsquo;avoir un skipper incroyable. Il \u00e9tait la quintessence de l&rsquo;expertise d\u00e9tendue, nous instruisant avec d\u00e9sinvolture avec une cigarette dans une main et un verre dans l&rsquo;autre. Pourtant, il \u00e9tait toujours alerte, ses yeux per\u00e7ants ne manquaient de rien, pr\u00eat \u00e0 intervenir \u00e0 tout moment pour nous aider \u00e0 corriger nos erreurs.<\/p>\n\n\n\n<p>\u00c0 ma grande surprise, le test pratique a \u00e9t\u00e9 beaucoup plus facile que je ne le craignais. L&rsquo;examinateur supervisant les man\u0153uvres d&rsquo;une dizaine de stagiaires r\u00e9partis sur quatre voiliers semble satisfait de nos efforts. Quand ce fut mon tour, il a communiqu\u00e9 par radio la fin de l&rsquo;examen, annon\u00e7ant que nous avions tous r\u00e9ussi. Je n&rsquo;ai pas pu m&#8217;emp\u00eacher d&rsquo;\u00eatre un peu d\u00e9\u00e7u en ramenant le bateau au port, laissant la barre \u00e0 mes camarades stagiaires.<\/p>\n\n\n\n<p>Apr\u00e8s le test de fin d&rsquo;\u00e9tudes et la r\u00e9ception des dipl\u00f4mes d&rsquo;inscription \u00e0 l&rsquo;examen th\u00e9orique, nous avons enfin eu un moment pour souffler. Nous avons pass\u00e9 le reste de la journ\u00e9e au restaurant de la marina, partageant des histoires avec un coll\u00e8gue stagiaire. Un autre skipper de l&rsquo;\u00e9cole de voile nous a rejoints, et notre conversation s&rsquo;est tourn\u00e9e vers nos projets d&rsquo;avenir. Et, \u00e0 notre grande surprise, il n&rsquo;a pas \u00e9cart\u00e9 nos aspirations \u00e0 nous lancer dans notre propre aventure \u00e0 la voile en M\u00e9diterran\u00e9e apr\u00e8s seulement quelques jours d&rsquo;entra\u00eenement. En fait, il nous a m\u00eame fait visiter la marina, en nous indiquant le type de voilier qui conviendrait \u00e0 notre budget.<\/p>\n\n\n\n<p>Ce moment a \u00e9t\u00e9 un tournant. Nos projets sont pass\u00e9s du domaine du r\u00eave \u00e0 la r\u00e9alit\u00e9 tangible. Nous avons r\u00e9alis\u00e9 que nous pouvions vraiment le faire, que nous pouvions faire de notre r\u00eave de vacances \u00e0 la voile en M\u00e9diterran\u00e9e une r\u00e9alit\u00e9. Le r\u00e9confort du skipper chevronn\u00e9 nous a remplis de confiance et d&rsquo;excitation retrouv\u00e9es.<\/p>\n\n\n\n<p>Avec des sourires plus brillants qu&rsquo;avant, nous nous sommes s\u00e9par\u00e9s de l&rsquo;instructeur. Il est revenu pr\u00e9parer son voilier pour la r\u00e9gate du lendemain, et nous sommes retourn\u00e9s \u00e0 notre bouteille de vin, nos c\u0153urs palpitant avec la promesse de nos prochaines aventures \u00e0 la voile en M\u00e9diterran\u00e9e. Le r\u00eave de vivre sur un voilier en M\u00e9diterran\u00e9e n&rsquo;\u00e9tait plus seulement un r\u00eave. C&rsquo;\u00e9tait un objectif tangible et r\u00e9alisable, et nous \u00e9tions pr\u00eats \u00e0 le poursuivre.<\/p>\n\n\n\n<hr class=\"wp-block-separator has-alpha-channel-opacity\"\/>\n\n\n\n<figure class=\"wp-block-image size-full\"><img loading=\"lazy\" decoding=\"async\" width=\"792\" height=\"1557\" src=\"https:\/\/www.the-travel-bunny.com\/fr\/wp-content\/uploads\/sites\/3\/2023\/06\/theme-de-voyage-mariage-voile-mediterraneenne.jpg\" alt=\"th\u00e8me de voyage mariage voile m\u00e9diterran\u00e9enne\" class=\"wp-image-6452\" title=\"\" srcset=\"https:\/\/www.the-travel-bunny.com\/fr\/wp-content\/uploads\/sites\/3\/2023\/06\/theme-de-voyage-mariage-voile-mediterraneenne.jpg 792w, https:\/\/www.the-travel-bunny.com\/fr\/wp-content\/uploads\/sites\/3\/2023\/06\/theme-de-voyage-mariage-voile-mediterraneenne-153x300.jpg 153w, https:\/\/www.the-travel-bunny.com\/fr\/wp-content\/uploads\/sites\/3\/2023\/06\/theme-de-voyage-mariage-voile-mediterraneenne-521x1024.jpg 521w, https:\/\/www.the-travel-bunny.com\/fr\/wp-content\/uploads\/sites\/3\/2023\/06\/theme-de-voyage-mariage-voile-mediterraneenne-768x1510.jpg 768w, https:\/\/www.the-travel-bunny.com\/fr\/wp-content\/uploads\/sites\/3\/2023\/06\/theme-de-voyage-mariage-voile-mediterraneenne-781x1536.jpg 781w\" sizes=\"auto, (max-width: 792px) 100vw, 792px\" \/><figcaption class=\"wp-element-caption\"><em>Nos r\u00eaves d&rsquo;aventures \u00e0 la voile en M\u00e9diterran\u00e9e ont \u00e9galement influenc\u00e9 notre mariage<\/em><\/figcaption><\/figure>\n\n\n\n<h2 class=\"wp-block-heading\" id=\"avant-le-depart-celebrations-et-adieux\">Avant le d\u00e9part: C\u00e9l\u00e9brations et adieux<\/h2>\n\n\n\n<p>Au mois d&rsquo;ao\u00fbt, la ville de l&rsquo;amour, Paris, m&rsquo;a fait signe. Mathieu s&rsquo;est fait emballer par ses amis de l&rsquo;a\u00e9roport, un enterrement de vie de gar\u00e7on battant son plein. De mon c\u00f4t\u00e9, j&rsquo;ai saut\u00e9 dans un train du centre-ville, o\u00f9 un tourbillon d&rsquo;activit\u00e9s amusantes planifi\u00e9es par un ami m&rsquo;attendait. L&rsquo;un des moments forts a \u00e9t\u00e9 une journ\u00e9e sur le th\u00e8me nautique o\u00f9, v\u00eatus de t-shirts ray\u00e9s et de chapeaux de marin, nous avons fait une promenade pittoresque en bateau le long de la Seine sur le canal de Saint-Martin. Mathieu, dans une autre ville et m\u00eame un autre pays, a pass\u00e9 une nuit sur un bateau. C&rsquo;\u00e9tait un pr\u00e9curseur appropri\u00e9 pour notre prochaine aventure de voile en M\u00e9diterran\u00e9e.<\/p>\n\n\n\n<p>Notre mariage, m\u00e9lange enchanteur d&rsquo;amour et de voyage, portait la marque de notre passion commune pour la voile et la d\u00e9couverte du monde. Les tables portaient le nom des villes que nous avions visit\u00e9es ensemble, tissant nos exp\u00e9riences partag\u00e9es dans le tissu m\u00eame de la c\u00e9l\u00e9bration. Nos d\u00e9corations florales \u00e9taient orn\u00e9es de plantes White Sails, clin d&rsquo;\u0153il symbolique aux vacances en yacht en M\u00e9diterran\u00e9e dans lesquelles nous nous appr\u00eations \u00e0 embarquer. J&rsquo;ai m\u00eame troqu\u00e9 mon voile de mari\u00e9e contre une casquette de capitaine, d\u00e9clarant \u00e0 tous nos invit\u00e9s que j&rsquo;\u00e9tais pr\u00eate \u00e0 suivre Mathieu jusqu&rsquo;au bout du monde.<\/p>\n\n\n\n<figure class=\"wp-block-image size-full\"><img loading=\"lazy\" decoding=\"async\" width=\"792\" height=\"294\" src=\"https:\/\/www.the-travel-bunny.com\/fr\/wp-content\/uploads\/sites\/3\/2023\/06\/mediterraneen-vacances-chypre-bateau.jpg\" alt=\"m\u00e9diterran\u00e9en vacances chypre bateau\" class=\"wp-image-6453\" title=\"\" srcset=\"https:\/\/www.the-travel-bunny.com\/fr\/wp-content\/uploads\/sites\/3\/2023\/06\/mediterraneen-vacances-chypre-bateau.jpg 792w, https:\/\/www.the-travel-bunny.com\/fr\/wp-content\/uploads\/sites\/3\/2023\/06\/mediterraneen-vacances-chypre-bateau-300x111.jpg 300w, https:\/\/www.the-travel-bunny.com\/fr\/wp-content\/uploads\/sites\/3\/2023\/06\/mediterraneen-vacances-chypre-bateau-768x285.jpg 768w\" sizes=\"auto, (max-width: 792px) 100vw, 792px\" \/><figcaption class=\"wp-element-caption\"><em>Notre lune de miel \u00e0 Chypre n&rsquo;\u00e9tait qu&rsquo;un aper\u00e7u de nos vraies vacances \u00e0 la voile en M\u00e9diterran\u00e9e<\/em><\/figcaption><\/figure>\n\n\n\n<p>Ensuite, nos vacances de lune de miel en M\u00e9diterran\u00e9e \u00e0 Chypre ont \u00e9t\u00e9 un avant-go\u00fbt all\u00e9chant de la grande aventure qui nous attendait. J&rsquo;avais voulu aller <em>\u00ab\u00a0quelque part pr\u00e8s de la mer\u00a0\u00bb<\/em>, et la belle nation insulaire correspondait parfaitement \u00e0 la facture. Bien que notre visite ait \u00e9t\u00e9 limit\u00e9e \u00e0 cinq jours en raison des contraintes de cong\u00e9 de Mathieu, nous savions que notre vraie lune de miel n&rsquo;\u00e9tait que dans quelques mois et qu&rsquo;elle allait durer environ un an.<\/p>\n\n\n\n<p>Avance rapide jusqu&rsquo;en octobre, j&rsquo;ai obtenu mon permis radio, une autre \u00e9tape essentielle dans nos pr\u00e9paratifs pour naviguer en M\u00e9diterran\u00e9e. Et puis, le dernier jour de janvier 2020, j&rsquo;ai relev\u00e9 l&rsquo;un de mes plus grands d\u00e9fis \u00e0 ce jour &#8211; le test th\u00e9orique \u00e0 Gala\u021bi. C&rsquo;\u00e9tait le seul endroit en Roumanie qui organisait des sessions d&rsquo;examens d&rsquo;hiver, et mes parents m&rsquo;y ont gracieusement conduit. Ce fut l&rsquo;un de nos derniers voyages en Roumanie, un pr\u00e9cieux souvenir de nos derniers jours ensemble dans mon pays d&rsquo;origine.<\/p>\n\n\n\n<p>J&rsquo;avais pass\u00e9 des mois \u00e0 me pr\u00e9parer pour l&rsquo;examen th\u00e9orique, mais chaque visite \u00e0 la capitainerie faisait battre mon c\u0153ur. Il y a eu quelques rat\u00e9s en cours de route, comme avoir besoin de deux copies de tous les documents et devoir se d\u00e9mener pour trouver un centre de copie ouvert lorsque celui \u00e0 c\u00f4t\u00e9 de la capitainerie \u00e9tait ferm\u00e9. Mais chaque d\u00e9fi semblait insignifiant lorsque j&rsquo;ai vu un message disant que j&rsquo;avais r\u00e9ussi sur l&rsquo;\u00e9cran de l&rsquo;ordinateur de l&rsquo;examen. Le sentiment de soulagement \u00e9tait \u00e9crasant.<\/p>\n\n\n\n<p>Avec mon permis qui devait \u00eatre post\u00e9 \u00e0 Bucarest, la derni\u00e8re pi\u00e8ce du <em>puzzle<\/em> \u00e9tait tomb\u00e9e en place. Ma famille me le transmettait ensuite en France. Car le 1er f\u00e9vrier, je me suis retrouv\u00e9 dans un avion, \u00e0 destination de Nice. L&rsquo;attente \u00e9tait palpable. Le r\u00eave de vacances \u00e0 la voile en M\u00e9diterran\u00e9e n&rsquo;\u00e9tait plus une aspiration lointaine. C&rsquo;\u00e9tait r\u00e9el, et \u00e7a se passait.<\/p>\n\n\n\n<hr class=\"wp-block-separator has-alpha-channel-opacity\"\/>\n\n\n\n<figure class=\"wp-block-image size-full\"><img loading=\"lazy\" decoding=\"async\" width=\"792\" height=\"294\" src=\"https:\/\/www.the-travel-bunny.com\/fr\/wp-content\/uploads\/sites\/3\/2023\/06\/frejus-st-raphael-ecole-de-voile-cote-dazur.jpg\" alt=\"frejus st raphael \u00e9cole de voile c\u00f4te d&#039;azur\" class=\"wp-image-6454\" title=\"\" srcset=\"https:\/\/www.the-travel-bunny.com\/fr\/wp-content\/uploads\/sites\/3\/2023\/06\/frejus-st-raphael-ecole-de-voile-cote-dazur.jpg 792w, https:\/\/www.the-travel-bunny.com\/fr\/wp-content\/uploads\/sites\/3\/2023\/06\/frejus-st-raphael-ecole-de-voile-cote-dazur-300x111.jpg 300w, https:\/\/www.the-travel-bunny.com\/fr\/wp-content\/uploads\/sites\/3\/2023\/06\/frejus-st-raphael-ecole-de-voile-cote-dazur-768x285.jpg 768w\" sizes=\"auto, (max-width: 792px) 100vw, 792px\" \/><figcaption class=\"wp-element-caption\"><em>Il y a beaucoup de marins qui r\u00eavent de leurs futures vacances \u00e0 la voile en M\u00e9diterran\u00e9e<\/em><\/figcaption><\/figure>\n\n\n\n<h2 class=\"wp-block-heading\" id=\"tracer-le-cap-mettre-les-voiles-pour-une-aventure-mediterraneenne-dun-an\">Tracer le cap: Mettre les voiles pour une aventure m\u00e9diterran\u00e9enne d&rsquo;un an<\/h2>\n\n\n\n<p>Dans le sud de la France, nich\u00e9e dans le paysage verdoyant de Bagnols-en-For\u00eat, la maison de vacances du p\u00e8re de Mathieu deviendra notre base, notre tremplin vers les eaux azur de la M\u00e9diterran\u00e9e. Le village tranquille semblait \u00e0 mille lieues des capitales anim\u00e9es auxquelles nous \u00e9tions habitu\u00e9s, et c&rsquo;est ici, sous son ciel bleu clair et au milieu de ses douces brises, que nous allions commencer notre recherche du voilier parfait. Un qui correspondrait non seulement \u00e0 notre budget, mais tiendrait \u00e9galement la promesse de r\u00e9aliser nos r\u00eaves.<\/p>\n\n\n\n<p>Se lancer dans cette grande aventure n&rsquo;\u00e9tait pas une d\u00e9cision impulsive. Il a fallu des mois de planification minutieuse, de pr\u00e9paration intense et une charge de courage. Les stages de navigation c\u00f4ti\u00e8re, les \u00e9preuves th\u00e9oriques, le brevet radio, chaque \u00e9tape nous a rapproch\u00e9s de notre r\u00eave. Le r\u00eave de vivre en harmonie avec la mer, de sentir le vent dans nos cheveux et d&rsquo;explorer la M\u00e9diterran\u00e9e \u00e0 notre rythme.<\/p>\n\n\n\n<p>A ceux qui r\u00eavent de se lancer dans une aventure similaire, mon conseil est simple. Pr\u00e9parez-vous, mais n&rsquo;oubliez pas de r\u00eaver. Planifiez, mais ne perdez pas de vue l&rsquo;aventure. Le voyage peut \u00eatre sem\u00e9 d&#8217;emb\u00fbches, mais n&rsquo;oubliez pas que chaque grand voyage commence par un seul pas. Il est normal de se sentir d\u00e9pass\u00e9, de remettre en question ses d\u00e9cisions et d&rsquo;avoir peur de l&rsquo;inconnu. Mais faites confiance \u00e0 vos capacit\u00e9s, aux le\u00e7ons que vous avez apprises et \u00e0 la r\u00e9silience de votre esprit.<\/p>\n\n\n\n<p>Naviguer ne consiste pas seulement \u00e0 ma\u00eetriser les vents ou \u00e0 naviguer dans les vagues. Il s&rsquo;agit de la libert\u00e9 d&rsquo;explorer, de d\u00e9couvrir et d&rsquo;exp\u00e9rimenter le monde comme peu d&rsquo;autres le font. Il s&rsquo;agit autant du voyage que de la destination. Et surtout, il s&rsquo;agit des histoires que vous cr\u00e9ez, des souvenirs que vous cr\u00e9ez et de la vie que vous vivez en cours de route.<\/p>\n\n\n\n<p>La suite de notre aventure est aussi vaste et aussi illimit\u00e9e que la mer elle-m\u00eame. Nous sommes impatients de partager notre voyage avec vous, dans l&rsquo;espoir de vous inspirer \u00e0 rejoindre le monde de la voile m\u00e9diterran\u00e9enne et d&rsquo;enflammer la m\u00eame passion pour la voile en vous qui br\u00fble en nous.<\/p>\n\n\n\n<hr class=\"wp-block-separator has-alpha-channel-opacity\"\/>\n\n\n\n<h2 class=\"wp-block-heading\" id=\"a-propos-de-lauteur\">A propos de l&rsquo;auteur<\/h2>\n\n\n\n<div class=\"wp-block-media-text alignwide is-vertically-aligned-top\" style=\"grid-template-columns:15% auto\"><figure class=\"wp-block-media-text__media\"><img loading=\"lazy\" decoding=\"async\" width=\"138\" height=\"140\" src=\"https:\/\/www.the-travel-bunny.com\/fr\/wp-content\/uploads\/sites\/3\/2021\/04\/Mirela-Letailleur-The-Travel-Bunny.jpg\" alt=\"Mirela Letailleur The Travel Bunny\" class=\"wp-image-3498 size-full\" title=\"\"><\/figure><div class=\"wp-block-media-text__content\">\n<p class=\"has-small-font-size\">Habitante dans les charmants paysages du sud de la France, <strong>Mirela Letailleur<\/strong> est une blogueuse de voyage roumaine accomplie qui ma\u00eetrise l&rsquo;art de naviguer en Europe avec un budget limit\u00e9. Sa plateforme, <em>The Travel Bunny<\/em>, regorge d&rsquo;informations inestimables, offrant aux lecteurs un aper\u00e7u intime de la myriade d&rsquo;opportunit\u00e9s de voyages abordables disponibles \u00e0 travers l&rsquo;Europe. L&rsquo;expertise de Mirela dans la cr\u00e9ation de guides de voyage uniques et gratuits l&rsquo;a distingu\u00e9e dans le monde des blogs de voyage, consolidant sa r\u00e9putation de guide ing\u00e9nieuse et de sp\u00e9cialiste du voyage local de confiance.<\/p>\n\n\n\n<p class=\"has-small-font-size\">Ses capacit\u00e9s de r\u00e9solution de probl\u00e8mes sont in\u00e9gal\u00e9es, aidant r\u00e9guli\u00e8rement ses lecteurs \u00e0 surmonter les d\u00e9fis de voyage courants. Alors qu&rsquo;elle se lance dans son aventure la plus audacieuse \u00e0 ce jour, des vacances de 10 mois en M\u00e9diterran\u00e9e sur un voilier, Mirela est pr\u00eate \u00e0 partager ses exp\u00e9riences et ses conseils avec les marins en herbe et les voyageurs. Avec ses conseils, les adeptes peuvent anticiper une mine de connaissances et d&rsquo;inspiration pour leurs propres aventures. Ainsi, que vous soyez un voyageur chevronn\u00e9 ou un passionn\u00e9 de voile m\u00e9diterran\u00e9enne, Mirela Letailleur est la voix de confiance pour concr\u00e9tiser vos r\u00eaves de voyage en Europe.<\/p>\n\n\n\n<p class=\"has-text-align-right has-small-font-size\"><a href=\"https:\/\/www.the-travel-bunny.com\/fr\/a-propos-du-travel-bunny\/mirela-letailleur\/\" class=\"rank-math-link\">En savoir plus sur Mirela Letailleur<\/a><\/p>\n<\/div><\/div>\n\n\n<div class=\"wp-block-scriptless-social-sharing-buttons\"><div class=\"scriptlesssocialsharing\"><div class=\"scriptlesssocialsharing__buttons\"><a class=\"button pinterest\" target=\"_blank\" href=\"https:\/\/pinterest.com\/pin\/create\/button\/?url=https%3A%2F%2Fwww.the-travel-bunny.com%2Ffr%2Fvacances-a-la-voile-en-mediterranee%2F&#038;media=https%3A%2F%2Fwww.the-travel-bunny.com%2Ffr%2Fwp-content%2Fuploads%2Fsites%2F3%2F2023%2F06%2Fvacances-a-la-voile-en-Mediterranee.jpg&#038;description=Du%20r%C3%AAve%20%C3%A0%20la%20r%C3%A9alit%C3%A9%3A%20vacances%20%C3%A0%20la%20voile%20en%20M%C3%A9diterran%C3%A9e%20pendant%20la%20pand%C3%A9mie\" rel=\"noopener noreferrer nofollow\" data-pin-no-hover=\"true\" data-pin-custom=\"true\" data-pin-do=\"skip\" data-pin-description=\"Du r\u00eave \u00e0 la r\u00e9alit\u00e9: vacances \u00e0 la voile en M\u00e9diterran\u00e9e pendant la pand\u00e9mie\"><svg xmlns=\"http:\/\/www.w3.org\/2000\/svg\" viewbox=\"0 0 496 512\" class=\"scriptlesssocialsharing__icon pinterest\" fill=\"currentcolor\" height=\"1em\" width=\"1em\" aria-hidden=\"true\" focusable=\"false\" role=\"img\"><!-- Font Awesome Free 5.15.4 by @fontawesome - https:\/\/fontawesome.com License - https:\/\/fontawesome.com\/license\/free (Icons: CC BY 4.0, Fonts: SIL OFL 1.1, Code: MIT License) --><path d=\"M496 256c0 137-111 248-248 248-25.6 0-50.2-3.9-73.4-11.1 10.1-16.5 25.2-43.5 30.8-65 3-11.6 15.4-59 15.4-59 8.1 15.4 31.7 28.5 56.8 28.5 74.8 0 128.7-68.8 128.7-154.3 0-81.9-66.9-143.2-152.9-143.2-107 0-163.9 71.8-163.9 150.1 0 36.4 19.4 81.7 50.3 96.1 4.7 2.2 7.2 1.2 8.3-3.3.8-3.4 5-20.3 6.9-28.1.6-2.5.3-4.7-1.7-7.1-10.1-12.5-18.3-35.3-18.3-56.6 0-54.7 41.4-107.6 112-107.6 60.9 0 103.6 41.5 103.6 100.9 0 67.1-33.9 113.6-78 113.6-24.3 0-42.6-20.1-36.7-44.8 7-29.5 20.5-61.3 20.5-82.6 0-19-10.2-34.9-31.4-34.9-24.9 0-44.9 25.7-44.9 60.2 0 22 7.4 36.8 7.4 36.8s-24.5 103.8-29 123.2c-5 21.4-3 51.6-.9 71.2C65.4 450.9 0 361.1 0 256 0 119 111 8 248 8s248 111 248 248z\"><\/path><\/svg>\n<span class=\"screen-reader-text\">Share on Pinterest<\/span><\/a><a class=\"button facebook\" target=\"_blank\" href=\"https:\/\/www.facebook.com\/sharer\/sharer.php?u=https%3A%2F%2Fwww.the-travel-bunny.com%2Ffr%2Fvacances-a-la-voile-en-mediterranee%2F\" rel=\"noopener noreferrer nofollow\"><svg xmlns=\"http:\/\/www.w3.org\/2000\/svg\" viewbox=\"0 0 512 512\" class=\"scriptlesssocialsharing__icon facebook\" fill=\"currentcolor\" height=\"1em\" width=\"1em\" aria-hidden=\"true\" focusable=\"false\" role=\"img\"><!-- Font Awesome Free 5.15.4 by @fontawesome - https:\/\/fontawesome.com License - https:\/\/fontawesome.com\/license\/free (Icons: CC BY 4.0, Fonts: SIL OFL 1.1, Code: MIT License) --><path d=\"M504 256C504 119 393 8 256 8S8 119 8 256c0 123.78 90.69 226.38 209.25 245V327.69h-63V256h63v-54.64c0-62.15 37-96.48 93.67-96.48 27.14 0 55.52 4.84 55.52 4.84v61h-31.28c-30.8 0-40.41 19.12-40.41 38.73V256h68.78l-11 71.69h-57.78V501C413.31 482.38 504 379.78 504 256z\"><\/path><\/svg>\n<span class=\"screen-reader-text\">Share on Facebook<\/span><\/a><a class=\"button linkedin\" target=\"_blank\" href=\"https:\/\/www.linkedin.com\/shareArticle?mini=1&#038;url=https%3A%2F%2Fwww.the-travel-bunny.com%2Ffr%2Fvacances-a-la-voile-en-mediterranee%2F&#038;title=Du%20r%C3%AAve%20%C3%A0%20la%20r%C3%A9alit%C3%A9%3A%20vacances%20%C3%A0%20la%20voile%20en%20M%C3%A9diterran%C3%A9e%20pendant%20la%20pand%C3%A9mie&#038;source=https%3A%2F%2Fwww.the-travel-bunny.com%2Ffr\" rel=\"noopener noreferrer nofollow\"><svg xmlns=\"http:\/\/www.w3.org\/2000\/svg\" viewbox=\"0 0 448 512\" class=\"scriptlesssocialsharing__icon linkedin\" fill=\"currentcolor\" height=\"1em\" width=\"1em\" aria-hidden=\"true\" focusable=\"false\" role=\"img\"><!-- Font Awesome Free 5.15.4 by @fontawesome - https:\/\/fontawesome.com License - https:\/\/fontawesome.com\/license\/free (Icons: CC BY 4.0, Fonts: SIL OFL 1.1, Code: MIT License) --><path d=\"M416 32H31.9C14.3 32 0 46.5 0 64.3v383.4C0 465.5 14.3 480 31.9 480H416c17.6 0 32-14.5 32-32.3V64.3c0-17.8-14.4-32.3-32-32.3zM135.4 416H69V202.2h66.5V416zm-33.2-243c-21.3 0-38.5-17.3-38.5-38.5S80.9 96 102.2 96c21.2 0 38.5 17.3 38.5 38.5 0 21.3-17.2 38.5-38.5 38.5zm282.1 243h-66.4V312c0-24.8-.5-56.7-34.5-56.7-34.6 0-39.9 27-39.9 54.9V416h-66.4V202.2h63.7v29.2h.9c8.9-16.8 30.6-34.5 62.9-34.5 67.2 0 79.7 44.3 79.7 101.9V416z\"><\/path><\/svg>\n<span class=\"screen-reader-text\">Share on LinkedIn<\/span><\/a><a class=\"button reddit\" target=\"_blank\" href=\"https:\/\/www.reddit.com\/submit?url=https%3A%2F%2Fwww.the-travel-bunny.com%2Ffr%2Fvacances-a-la-voile-en-mediterranee%2F\" rel=\"noopener noreferrer nofollow\"><svg xmlns=\"http:\/\/www.w3.org\/2000\/svg\" viewbox=\"0 0 512 512\" class=\"scriptlesssocialsharing__icon reddit\" fill=\"currentcolor\" height=\"1em\" width=\"1em\" aria-hidden=\"true\" focusable=\"false\" role=\"img\"><!-- Font Awesome Free 5.15.4 by @fontawesome - https:\/\/fontawesome.com License - https:\/\/fontawesome.com\/license\/free (Icons: CC BY 4.0, Fonts: SIL OFL 1.1, Code: MIT License) --><path d=\"M440.3 203.5c-15 0-28.2 6.2-37.9 15.9-35.7-24.7-83.8-40.6-137.1-42.3L293 52.3l88.2 19.8c0 21.6 17.6 39.2 39.2 39.2 22 0 39.7-18.1 39.7-39.7s-17.6-39.7-39.7-39.7c-15.4 0-28.7 9.3-35.3 22l-97.4-21.6c-4.9-1.3-9.7 2.2-11 7.1L246.3 177c-52.9 2.2-100.5 18.1-136.3 42.8-9.7-10.1-23.4-16.3-38.4-16.3-55.6 0-73.8 74.6-22.9 100.1-1.8 7.9-2.6 16.3-2.6 24.7 0 83.8 94.4 151.7 210.3 151.7 116.4 0 210.8-67.9 210.8-151.7 0-8.4-.9-17.2-3.1-25.1 49.9-25.6 31.5-99.7-23.8-99.7zM129.4 308.9c0-22 17.6-39.7 39.7-39.7 21.6 0 39.2 17.6 39.2 39.7 0 21.6-17.6 39.2-39.2 39.2-22 .1-39.7-17.6-39.7-39.2zm214.3 93.5c-36.4 36.4-139.1 36.4-175.5 0-4-3.5-4-9.7 0-13.7 3.5-3.5 9.7-3.5 13.2 0 27.8 28.5 120 29 149 0 3.5-3.5 9.7-3.5 13.2 0 4.1 4 4.1 10.2.1 13.7zm-.8-54.2c-21.6 0-39.2-17.6-39.2-39.2 0-22 17.6-39.7 39.2-39.7 22 0 39.7 17.6 39.7 39.7-.1 21.5-17.7 39.2-39.7 39.2z\"><\/path><\/svg>\n<span class=\"screen-reader-text\">Share on Reddit<\/span><\/a><a class=\"button bluesky\" target=\"_blank\" href=\"https:\/\/bsky.app\/intent\/compose?text=Du%20r%C3%AAve%20%C3%A0%20la%20r%C3%A9alit%C3%A9%3A%20vacances%20%C3%A0%20la%20voile%20en%20M%C3%A9diterran%C3%A9e%20pendant%20la%20pand%C3%A9mie%3A%20https%3A%2F%2Fwww.the-travel-bunny.com%2Ffr%2Fvacances-a-la-voile-en-mediterranee%2F\" rel=\"noopener noreferrer nofollow\"><svg xmlns=\"http:\/\/www.w3.org\/2000\/svg\" viewbox=\"0 0 512 512\" class=\"scriptlesssocialsharing__icon bluesky\" fill=\"currentcolor\" height=\"1em\" width=\"1em\" aria-hidden=\"true\" focusable=\"false\" role=\"img\"><!--!Font Awesome Free 6.7.2 by @fontawesome - https:\/\/fontawesome.com License - https:\/\/fontawesome.com\/license\/free Copyright 2025 Fonticons, Inc.--><path d=\"M111.8 62.2C170.2 105.9 233 194.7 256 242.4c23-47.6 85.8-136.4 144.2-180.2c42.1-31.6 110.3-56 110.3 21.8c0 15.5-8.9 130.5-14.1 149.2C478.2 298 412 314.6 353.1 304.5c102.9 17.5 129.1 75.5 72.5 133.5c-107.4 110.2-154.3-27.6-166.3-62.9l0 0c-1.7-4.9-2.6-7.8-3.3-7.8s-1.6 3-3.3 7.8l0 0c-12 35.3-59 173.1-166.3 62.9c-56.5-58-30.4-116 72.5-133.5C100 314.6 33.8 298 15.7 233.1C10.4 214.4 1.5 99.4 1.5 83.9c0-77.8 68.2-53.4 110.3-21.8z\"><\/path><\/svg>\n<span class=\"screen-reader-text\">Share on Bluesky<\/span><\/a><a class=\"button twitter\" target=\"_blank\" href=\"https:\/\/twitter.com\/intent\/tweet?text=Du%20r%C3%AAve%20%C3%A0%20la%20r%C3%A9alit%C3%A9%3A%20vacances%20%C3%A0%20la%20voile%20en%20M%C3%A9diterran%C3%A9e%20pendant%20la%20pand%C3%A9mie&#038;url=https%3A%2F%2Fwww.the-travel-bunny.com%2Ffr%2Fvacances-a-la-voile-en-mediterranee%2F&#038;via=mirela_iepurela&#038;related=mirela_iepurela\" rel=\"noopener noreferrer nofollow\"><svg xmlns=\"http:\/\/www.w3.org\/2000\/svg\" viewbox=\"0 0 512 512\" class=\"scriptlesssocialsharing__icon twitter\" fill=\"currentcolor\" height=\"1em\" width=\"1em\" aria-hidden=\"true\" focusable=\"false\" role=\"img\"><!--! Font Awesome Pro 6.4.2 by @fontawesome - https:\/\/fontawesome.com License - https:\/\/fontawesome.com\/license (Commercial License) Copyright 2023 Fonticons, Inc. --><path d=\"M389.2 48h70.6L305.6 224.2 487 464H345L233.7 318.6 106.5 464H35.8L200.7 275.5 26.8 48H172.4L272.9 180.9 389.2 48zM364.4 421.8h39.1L151.1 88h-42L364.4 421.8z\"><\/path><\/svg>\n<span class=\"screen-reader-text\">Share on X (Twitter)<\/span><\/a><a class=\"button whatsapp\" target=\"_blank\" href=\"https:\/\/api.whatsapp.com\/send?text=Du%20r%C3%AAve%20%C3%A0%20la%20r%C3%A9alit%C3%A9%3A%20vacances%20%C3%A0%20la%20voile%20en%20M%C3%A9diterran%C3%A9e%20pendant%20la%20pand%C3%A9mie%20%E2%80%94%20https%3A%2F%2Fwww.the-travel-bunny.com%2Ffr%2Fvacances-a-la-voile-en-mediterranee%2F\" rel=\"noopener noreferrer nofollow\"><svg xmlns=\"http:\/\/www.w3.org\/2000\/svg\" viewbox=\"0 0 448 512\" class=\"scriptlesssocialsharing__icon whatsapp\" fill=\"currentcolor\" height=\"1em\" width=\"1em\" aria-hidden=\"true\" focusable=\"false\" role=\"img\"><!-- Font Awesome Free 5.15.4 by @fontawesome - https:\/\/fontawesome.com License - https:\/\/fontawesome.com\/license\/free (Icons: CC BY 4.0, Fonts: SIL OFL 1.1, Code: MIT License) --><path d=\"M380.9 97.1C339 55.1 283.2 32 223.9 32c-122.4 0-222 99.6-222 222 0 39.1 10.2 77.3 29.6 111L0 480l117.7-30.9c32.4 17.7 68.9 27 106.1 27h.1c122.3 0 224.1-99.6 224.1-222 0-59.3-25.2-115-67.1-157zm-157 341.6c-33.2 0-65.7-8.9-94-25.7l-6.7-4-69.8 18.3L72 359.2l-4.4-7c-18.5-29.4-28.2-63.3-28.2-98.2 0-101.7 82.8-184.5 184.6-184.5 49.3 0 95.6 19.2 130.4 54.1 34.8 34.9 56.2 81.2 56.1 130.5 0 101.8-84.9 184.6-186.6 184.6zm101.2-138.2c-5.5-2.8-32.8-16.2-37.9-18-5.1-1.9-8.8-2.8-12.5 2.8-3.7 5.6-14.3 18-17.6 21.8-3.2 3.7-6.5 4.2-12 1.4-32.6-16.3-54-29.1-75.5-66-5.7-9.8 5.7-9.1 16.3-30.3 1.8-3.7.9-6.9-.5-9.7-1.4-2.8-12.5-30.1-17.1-41.2-4.5-10.8-9.1-9.3-12.5-9.5-3.2-.2-6.9-.2-10.6-.2-3.7 0-9.7 1.4-14.8 6.9-5.1 5.6-19.4 19-19.4 46.3 0 27.3 19.9 53.7 22.6 57.4 2.8 3.7 39.1 59.7 94.8 83.8 35.2 15.2 49 16.5 66.6 13.9 10.7-1.6 32.8-13.4 37.4-26.4 4.6-13 4.6-24.1 3.2-26.4-1.3-2.5-5-3.9-10.5-6.6z\"><\/path><\/svg>\n<span class=\"screen-reader-text\">Share on WhatsApp<\/span><\/a><a class=\"button email\" href=\"mailto:?body=J%27ai%20lu%20cet%20article%20de%20The%20Travel%20Bunny%20et%20je%20voulais%20le%20partager%20avec%20vous.%20Voici%20le%20lien%3A%20https%3A%2F%2Fwww.the-travel-bunny.com%2Ffr%2Fvacances-a-la-voile-en-mediterranee%2F&#038;subject=Un%20article%20de%20voyage%20que%20j%27ai%20ador%C3%A9%3A%20Du%20r%C3%AAve%20%C3%A0%20la%20r%C3%A9alit%C3%A9%3A%20vacances%20%C3%A0%20la%20voile%20en%20M%C3%A9diterran%C3%A9e%20pendant%20la%20pand%C3%A9mie\" rel=\"noopener noreferrer nofollow\" ><svg xmlns=\"http:\/\/www.w3.org\/2000\/svg\" viewbox=\"0 0 512 512\" class=\"scriptlesssocialsharing__icon email\" fill=\"currentcolor\" height=\"1em\" width=\"1em\" aria-hidden=\"true\" focusable=\"false\" role=\"img\"><!-- Font Awesome Free 5.15.4 by @fontawesome - https:\/\/fontawesome.com License - https:\/\/fontawesome.com\/license\/free (Icons: CC BY 4.0, Fonts: SIL OFL 1.1, Code: MIT License) --><path d=\"M502.3 190.8c3.9-3.1 9.7-.2 9.7 4.7V400c0 26.5-21.5 48-48 48H48c-26.5 0-48-21.5-48-48V195.6c0-5 5.7-7.8 9.7-4.7 22.4 17.4 52.1 39.5 154.1 113.6 21.1 15.4 56.7 47.8 92.2 47.6 35.7.3 72-32.8 92.3-47.6 102-74.1 131.6-96.3 154-113.7zM256 320c23.2.4 56.6-29.2 73.4-41.4 132.7-96.3 142.8-104.7 173.4-128.7 5.8-4.5 9.2-11.5 9.2-18.9v-19c0-26.5-21.5-48-48-48H48C21.5 64 0 85.5 0 112v19c0 7.4 3.4 14.3 9.2 18.9 30.6 23.9 40.7 32.4 173.4 128.7 16.8 12.2 50.2 41.8 73.4 41.4z\"><\/path><\/svg>\n<span class=\"screen-reader-text\">Share on Email<\/span><\/a><\/div><\/div><\/div>\n\n\n<p class=\"has-small-font-size\"><strong>Apr\u00e8s avoir lu mon article de blog sur la navigation en M\u00e9diterran\u00e9e, consultez ces articles<\/strong><br><a href=\"https:\/\/www.the-travel-bunny.com\/fr\/location-bateau-en-crete-grece\/\" data-type=\"post\" data-id=\"5049\">Location bateau en Cr\u00e8te : Guide complet pour louer un bateau en Cr\u00e8te<\/a><br><a href=\"https:\/\/www.the-travel-bunny.com\/fr\/navigation-sur-la-cote-du-soleil\/\" data-type=\"post\" data-id=\"4773\">Guide de navigation sur la C\u00f4te du Soleil et le sud de l\u2019Espagne<\/a><br><a href=\"https:\/\/www.the-travel-bunny.com\/fr\/navigation-dans-les-iles-cyclades\/\" data-type=\"post\" data-id=\"662\">Guide de navigation dans les \u00eeles Cyclades en mer \u00c9g\u00e9e<\/a><\/p>\n","protected":false},"excerpt":{"rendered":"<p>Avant d&rsquo;\u00eatre marin, j&rsquo;\u00e9tais une femme r\u00eaveuse. Une r\u00eaveuse qui aspirait \u00e0 l&rsquo;air salin, \u00e0 l&rsquo;accalmie rythmique des vagues et \u00e0 l&rsquo;\u00e9tendue sans limites du bleu azur. Il y a une certaine sorte de magie que la mer d\u00e9tient, une attraction qui tire sur la corde sensible de ceux qui osent r\u00eaver. Je n&rsquo;\u00e9tais pas une exception. L&rsquo;attrait de la mer \u00e9tait plus qu&rsquo;un simple murmure \u00e0 mon oreille &#8211; c&rsquo;\u00e9tait un appel rugissant \u00e0 l&rsquo;aventure. Mais comme beaucoup de r\u00eaves, cettes vacances \u00e0 la voile en M\u00e9diterran\u00e9e semblait trop vaste, trop sauvage pour devenir une r\u00e9alit\u00e9. C&rsquo;\u00e9tait jusqu&rsquo;au printemps &#8230; <\/p>\n<p class=\"read-more-container\"><a title=\"Du r\u00eave \u00e0 la r\u00e9alit\u00e9: vacances \u00e0 la voile en M\u00e9diterran\u00e9e pendant la pand\u00e9mie\" class=\"read-more button\" href=\"https:\/\/www.the-travel-bunny.com\/fr\/vacances-a-la-voile-en-mediterranee\/#more-6448\" aria-label=\"En savoir plus sur Du r\u00eave \u00e0 la r\u00e9alit\u00e9: vacances \u00e0 la voile en M\u00e9diterran\u00e9e pendant la pand\u00e9mie\">Lire plus<\/a><\/p>\n","protected":false},"author":1,"featured_media":6455,"comment_status":"closed","ping_status":"closed","sticky":false,"template":"","format":"standard","meta":{"footnotes":""},"categories":[23],"tags":[80,106,174],"class_list":["post-6448","post","type-post","status-publish","format-standard","has-post-thumbnail","hentry","category-europe","tag-mediterraneen","tag-voile","tag-voilier-puzzle","resize-featured-image"],"_links":{"self":[{"href":"https:\/\/www.the-travel-bunny.com\/fr\/wp-json\/wp\/v2\/posts\/6448","targetHints":{"allow":["GET"]}}],"collection":[{"href":"https:\/\/www.the-travel-bunny.com\/fr\/wp-json\/wp\/v2\/posts"}],"about":[{"href":"https:\/\/www.the-travel-bunny.com\/fr\/wp-json\/wp\/v2\/types\/post"}],"author":[{"embeddable":true,"href":"https:\/\/www.the-travel-bunny.com\/fr\/wp-json\/wp\/v2\/users\/1"}],"replies":[{"embeddable":true,"href":"https:\/\/www.the-travel-bunny.com\/fr\/wp-json\/wp\/v2\/comments?post=6448"}],"version-history":[{"count":5,"href":"https:\/\/www.the-travel-bunny.com\/fr\/wp-json\/wp\/v2\/posts\/6448\/revisions"}],"predecessor-version":[{"id":8771,"href":"https:\/\/www.the-travel-bunny.com\/fr\/wp-json\/wp\/v2\/posts\/6448\/revisions\/8771"}],"wp:featuredmedia":[{"embeddable":true,"href":"https:\/\/www.the-travel-bunny.com\/fr\/wp-json\/wp\/v2\/media\/6455"}],"wp:attachment":[{"href":"https:\/\/www.the-travel-bunny.com\/fr\/wp-json\/wp\/v2\/media?parent=6448"}],"wp:term":[{"taxonomy":"category","embeddable":true,"href":"https:\/\/www.the-travel-bunny.com\/fr\/wp-json\/wp\/v2\/categories?post=6448"},{"taxonomy":"post_tag","embeddable":true,"href":"https:\/\/www.the-travel-bunny.com\/fr\/wp-json\/wp\/v2\/tags?post=6448"}],"curies":[{"name":"wp","href":"https:\/\/api.w.org\/{rel}","templated":true}]}}