{"id":8152,"date":"2025-10-30T11:25:00","date_gmt":"2025-10-30T11:25:00","guid":{"rendered":"https:\/\/www.the-travel-bunny.com\/fr\/?p=8152"},"modified":"2026-04-19T17:06:01","modified_gmt":"2026-04-19T17:06:01","slug":"guide-visiter-cotignac-provence-verte","status":"publish","type":"post","link":"https:\/\/www.the-travel-bunny.com\/fr\/guide-visiter-cotignac-provence-verte\/","title":{"rendered":"Guide complet pour visiter Cotignac. Le village perch\u00e9 de Provence aux march\u00e9s de coings, miracles royaux et grottes troglodytes"},"content":{"rendered":"\n<div class=\"wp-block-columns is-layout-flex wp-container-core-columns-is-layout-9d6595d7 wp-block-columns-is-layout-flex\">\n<div class=\"wp-block-column is-vertically-aligned-top is-layout-flow wp-block-column-is-layout-flow\">\n<p><strong>Apr\u00e8s un arr\u00eat frustrant \u00e0 Sillans-la-Cascade<\/strong>, o\u00f9 les parkings pour camping-cars \u00e9taient bloqu\u00e9s et les virages trop raides pour oser s\u2019y engager, <strong>nous avons finalement atteint Cotignac en fin d\u2019apr\u00e8s-midi, sous un vent d\u2019automne bien proven\u00e7al<\/strong>. La route \u00e0 travers le <strong><a href=\"https:\/\/www.the-travel-bunny.com\/fr\/etiquette\/var-83\/\" data-type=\"post_tag\" data-id=\"189\">Var<\/a><\/strong> semblait interminable apr\u00e8s avoir quitt\u00e9 Sillans, o\u00f9 chaque espace de stationnement paraissait pens\u00e9 pour d\u00e9courager les voyageurs en van. Mais en arrivant \u00e0 Cotignac France, tout a chang\u00e9. Les falaises calcaires luisaient d\u2019un or chaud au-dessus des toits en tuiles, et l\u2019ambiance s\u2019est aussit\u00f4t adoucie. <strong>L\u00e0 o\u00f9 Sillans paraissait ferm\u00e9e aux visiteurs, Cotignac semblait ouverte, paisible, fi\u00e8re d\u2019elle-m\u00eame.<\/strong> Avant m\u00eame de trouver un emplacement pour notre v\u00e9hicule, j\u2019ai senti que ce <strong>village troglodyte de Cotignac<\/strong> avait un autre rythme : plus lent, plus humain, plus accueillant.<\/p>\n\n\n\n<p><strong>Cotignac Provence se niche au c\u0153ur de la <a href=\"https:\/\/www.the-travel-bunny.com\/fr\/etiquette\/provence-verte\/\" data-type=\"post_tag\" data-id=\"188\">Provence Verte<\/a>, entre Draguignan et les Gorges du Verdon<\/strong>. Environ 2 200 habitants vivent ici, blottis sous <strong>le Rocher de Cotignac<\/strong>, une falaise de tuf impressionnante de 400 m\u00e8tres de long et 80 m\u00e8tres de haut, fa\u00e7onn\u00e9e au fil des si\u00e8cles par la <strong>rivi\u00e8re Cassole<\/strong>, que les habitants ont d\u00e9tourn\u00e9e au XVIIIe si\u00e8cle.<\/p>\n<\/div>\n\n\n\n<div class=\"wp-block-column is-vertically-aligned-top is-layout-flow wp-block-column-is-layout-flow\" style=\"flex-basis:55%\">\n<div class=\"wp-block-rank-math-toc-block\" id=\"rank-math-toc\"><h2>Guide Cotignac Provence<\/h2><nav><ul><li class=\"\"><a href=\"#getting-to-cotignac-france-why-we-skipped-sillans-la-cascade\">La route de Cotignac France. Pourquoi nous avons renonc\u00e9 \u00e0 Sillans-la-Cascade<\/a><\/li><li class=\"\"><a href=\"#first-impressions-after-arriving-in-cotignac-by-camper\">Premi\u00e8res impressions apr\u00e8s l&rsquo;arriv\u00e9e \u00e0 Cotignac en camping-car<\/a><\/li><li class=\"\"><a href=\"#our-saturday-visit-to-cotignac-fete-du-coing-preparations-village-walk\">Notre visite du samedi \u00e0 Cotignac. Pr\u00e9paratifs de la F\u00eate du Coing &amp; balade dans le village<\/a><\/li><li class=\"\"><a href=\"#sunday-morning-hiking-visiting-cotignac-troglodyte-caves\">Randonn\u00e9e du dimanche matin et visite des grottes troglodytes de Cotignac<\/a><\/li><li class=\"\"><a href=\"#market-village-life-during-the-fete-du-coing\">Vie du village &amp; march\u00e9 pendant la F\u00eate du Coing<\/a><\/li><li class=\"\"><a href=\"#second-attempt-to-visit-the-waterfall\">Deuxi\u00e8me tentative de voir la Cascade Cassole \/ Gouffre de Cotignac<\/a><\/li><li class=\"\"><a href=\"#the-sanctuary-of-notre-dame-de-graces\">Le Sanctuaire Notre-Dame de Gr\u00e2ces<\/a><\/li><li class=\"\"><a href=\"#afternoon-surprise-equestrian-show-at-the-fete-du-coing\">Surprise de l\u2019apr\u00e8s-midi. Spectacle \u00e9questre \u00e0 la F\u00eate du Coing<\/a><\/li><li class=\"\"><a href=\"#sunday-evening-wind-down-and-return-via-carces\">Retour tranquille par Carc\u00e8s dimanche soir<\/a><\/li><li class=\"\"><a href=\"#practical-cotignac-travel-guide\">Guide touristique Cotignac<\/a><\/li><li class=\"\"><a href=\"#day-trips-and-nearby-villages\">Excursions depuis Cotignac &amp; villages alentours en Provence<\/a><\/li><li class=\"\"><a href=\"#cotignac-guide-for-camper-travelers-real-tips-from-the-road\">Guide Cotignac pour voyageurs en camping-car<\/a><\/li><li class=\"\"><a href=\"#traveling-with-kids-in-cotignac\">Voyager avec des enfants \u00e0 Cotignac<\/a><\/li><li class=\"\"><a href=\"#cotignac-culture-history-highlights\">Culture &amp; patrimoine \u00e0 Cotignac<\/a><\/li><li class=\"\"><a href=\"#photography-best-viewpoints-cotignac\">Photographie &amp; Meilleurs Points de Vue \u00e0 Cotignac<\/a><\/li><li class=\"\"><a href=\"#visit-cotignac-faq\">FAQ pour visiter Cotignac<\/a><\/li><li class=\"\"><a href=\"#why-cotignac-stays-with-you\">Pourquoi visiter Cotignac est une excellente id\u00e9e<\/a><\/li><li class=\"\"><a href=\"#about-the-author\">\u00c0 propos de l\u2019auteure<\/a><\/li><\/ul><\/nav><\/div>\n<\/div>\n<\/div>\n\n\n\n<p>La paroi rocheuse abrite des maisons creus\u00e9es dans la pierre et des ruelles \u00e9troites qui grimpent vers les tours sarrasines de Cotignac, vestiges des fortifications m\u00e9di\u00e9vales. <strong>Depuis 2022, le village porte fi\u00e8rement le label des <em>Plus Beaux Villages de France<\/em><\/strong>, une reconnaissance m\u00e9rit\u00e9e qui ne l\u2019a pourtant pas fig\u00e9 dans une vitrine touristique. Cotignac reste un village vivant, habit\u00e9, profond\u00e9ment enracin\u00e9 dans son territoire.<\/p>\n\n\n\n<p><strong>Ce guide Cotignac repose sur mon propre week-end<\/strong> avec un voyage en camping-car, en famille avec un jeune enfant, sans itin\u00e9raire pr\u00e9d\u00e9fini. Je vous montre comment visiter Cotignac pas \u00e0 pas, y compris o\u00f9 se garer si vous conduisez un grand v\u00e9hicule, ce qu\u2019il faut savoir avant d\u2019emprunter la Balade du Rocher, comment acc\u00e9der aux grottes troglodytes de Cotignac, et surtout o\u00f9 d\u00e9guster une cuisine locale \u00e0 prix honn\u00eate.<\/p>\n\n\n\n<p><strong>You\u2019ll see the market through local eyes, taste quince liqueur at the F\u00eate du Coing, and climb to the sanctuary of Notre-Dame de Gr\u00e2ces or Saint-Joseph du Bessillon<\/strong>, two pilgrimage sites that give Cotignac Provence its soul. I include the small details I wish I\u2019d known, from uneven camper spots to the best light on the cliffs.<\/p>\n\n\n\n<p><strong>Vous d\u00e9couvrirez le march\u00e9 de Cotignac \u00e0 travers le regard des habitants, go\u00fbterez la liqueur de coing pendant la F\u00eate du Coing, et monterez jusqu\u2019aux sanctuaires de Notre-Dame de Gr\u00e2ces et de Saint-Joseph du Bessillon<\/strong>, deux lieux de p\u00e8lerinage qui donnent \u00e0 Cotignac Provence toute sa dimension spirituelle. J\u2019y ai ajout\u00e9 les petits d\u00e9tails que j\u2019aurais aim\u00e9 conna\u00eetre, tel que les emplacements de camping-car en pente, la meilleure lumi\u00e8re sur les falaises, ou les horaires id\u00e9aux pour la visite des grottes de Cotignac.<\/p>\n\n\n\n<p>Si vous pr\u00e9voyez un <strong>s\u00e9jour \u00e0 Cotignac Var<\/strong> ou cherchez un endroit o\u00f9 s\u00e9journer dans la Provence Verte, ce guide marie observations personnelles et informations pr\u00e9cises. Vous y trouverez <strong>l\u2019histoire du village troglodyte<\/strong>, les secrets du <strong>d\u00e9tournement de la Cassole<\/strong>, et les raisons pour lesquelles ce <strong>village perch\u00e9 de Provence<\/strong> continue d\u2019attirer les voyageurs en qu\u00eate d\u2019authenticit\u00e9 et de beaut\u00e9 durable.<\/p>\n\n\n\n<p>Que vous veniez pour une journ\u00e9e, un <strong>week-end \u00e0 Cotignac<\/strong> ou de <strong>vraies vacances en Provence<\/strong>, vous trouverez ici des conseils sinc\u00e8res, des rep\u00e8res pratiques et une exp\u00e9rience v\u00e9cue sur place.<br>En somme, tout ce qu\u2019il faut pour explorer l\u2019un des <strong>plus beaux villages de France<\/strong> avec confiance, respect et curiosit\u00e9.<\/p>\n\n\n\n<p class=\"has-pale-cyan-blue-background-color has-background has-small-font-size\"><strong>Remarque:<\/strong> Certains des liens ci-dessous sont des liens d&rsquo;affiliation. Cela signifie que, sans frais suppl\u00e9mentaires pour vous, The Travel Bunny gagnera une petite commission si vous cliquez dessus et effectuez un achat. Merci!<\/p>\n\n\n\n<hr class=\"wp-block-separator has-alpha-channel-opacity\"\/>\n\n\n\n<figure class=\"wp-block-image size-full\"><img loading=\"lazy\" decoding=\"async\" width=\"792\" height=\"294\" src=\"https:\/\/www.the-travel-bunny.com\/fr\/wp-content\/uploads\/sites\/3\/2025\/10\/Visiter-Cotignac-village-provencal-authentique-en-Provence-Verte-Var.jpg\" alt=\"Vue sur les toits anciens du village de Cotignac en Provence Verte avec le campanile et les collines du Var en arri\u00e8re-plan.\" class=\"wp-image-8162\" title=\"\" srcset=\"https:\/\/www.the-travel-bunny.com\/fr\/wp-content\/uploads\/sites\/3\/2025\/10\/Visiter-Cotignac-village-provencal-authentique-en-Provence-Verte-Var.jpg 792w, https:\/\/www.the-travel-bunny.com\/fr\/wp-content\/uploads\/sites\/3\/2025\/10\/Visiter-Cotignac-village-provencal-authentique-en-Provence-Verte-Var-300x111.jpg 300w, https:\/\/www.the-travel-bunny.com\/fr\/wp-content\/uploads\/sites\/3\/2025\/10\/Visiter-Cotignac-village-provencal-authentique-en-Provence-Verte-Var-768x285.jpg 768w\" sizes=\"auto, (max-width: 792px) 100vw, 792px\" \/><figcaption class=\"wp-element-caption\"><em>Surplombant Cotignac France, le panorama s\u2019\u00e9tend du campanile de Cotignac jusqu\u2019aux oliveraies et vignobles qui ondulent vers les collines de la Provence Verte. C\u2019est une vue intemporelle qui capture toute la chaleur et l\u2019authenticit\u00e9 de ce Plus Beau Village de France.<\/em><\/figcaption><\/figure>\n\n\n\n<h2 class=\"wp-block-heading\" id=\"getting-to-cotignac-france-why-we-skipped-sillans-la-cascade\">La route de Cotignac France. Pourquoi nous avons renonc\u00e9 \u00e0 Sillans-la-Cascade<\/h2>\n\n\n\n<p><strong>Se rendre \u00e0 Cotignac<\/strong> est simple quand on sait \u00e0 quoi s\u2019attendre. Le <strong>village de Cotignac<\/strong>, nich\u00e9 au c\u0153ur de la Provence Verte, se situe <strong>entre Draguignan et les gorges du Verdon<\/strong>, entour\u00e9 de vignes, d\u2019oliviers et de routes de campagne sinueuses. <strong>Conduire jusqu\u2019\u00e0 Cotignac<\/strong> reste la meilleure option, car il n\u2019y a pas de train direct. La plupart des voyageurs arrivent en voiture ou en camping-car apr\u00e8s avoir atterri \u00e0 <strong>l\u2019a\u00e9roport le plus proche, Marseille ou Nice<\/strong>, tous deux \u00e0 environ deux heures.<\/p>\n\n\n\n<p><strong>La route est facile et pittoresque<\/strong>, mais si vous voyagez en camping-car ou van, il faut bien comprendre les restrictions de stationnement dans les plus petits villages proven\u00e7aux. C\u2019est l\u00e0 que notre week-end a commenc\u00e9 \u00e0 se compliquer, avant que Cotignac Var ne nous fasse tout oublier.<\/p>\n\n\n\n<div style=\"height:10px\" aria-hidden=\"true\" class=\"wp-block-spacer\"><\/div>\n\n\n\n<h3 class=\"wp-block-heading\" id=\"our-camper-start-from-bagnols-en-foret\">Notre d\u00e9part en camping-car depuis Bagnols-en-For\u00eat<\/h3>\n\n\n\n<p>Nous sommes partis de <strong><a href=\"https:\/\/www.the-travel-bunny.com\/fr\/bagnols-en-foret-france\/\" data-type=\"post\" data-id=\"7035\">Bagnols-en-For\u00eat<\/a><\/strong> \u00e0 bord de notre camping-car de sept m\u00e8tres, bien approvisionn\u00e9 apr\u00e8s un arr\u00eat dans une zone commerciale \u00e0 <strong>Draguignan<\/strong> pour faire le plein de courses et de bonbons d\u2019Halloween. Le plan \u00e9tait simple : <strong>visiter Sillans-la-Cascade<\/strong>, randonner jusqu\u2019\u00e0 la c\u00e9l\u00e8bre <strong>cascade de Sillans<\/strong>, passer la nuit pr\u00e8s du village, puis continuer vers Cotignac Provence le lendemain.<\/p>\n\n\n\n<p>La travers\u00e9e de la <strong><a href=\"https:\/\/www.the-travel-bunny.com\/fr\/etiquette\/provence-alpes-cote-dazur\/\" data-type=\"post_tag\" data-id=\"180\">Provence<\/a><\/strong> fut paisible, et sous le soleil encore haut, nous \u00e9tions confiants que le stationnement pr\u00e8s des cascades serait tout aussi simple. Apr\u00e8s tout, <strong>la plupart des arr\u00eats de camping-car en France sont accessibles hors saison<\/strong>. Ce que nous ignorions, c\u2019est que le <strong>parking de Sillans-la-Cascade<\/strong> allait mettre notre patience \u00e0 rude \u00e9preuve.<\/p>\n\n\n\n<hr class=\"wp-block-separator has-alpha-channel-opacity is-style-dots\"\/>\n\n\n\n<h3 class=\"wp-block-heading\" id=\"why-we-moved-on\">Pourquoi nous avons quitt\u00e9 Sillans-la-Cascade<\/h3>\n\n\n\n<p>En fin d\u2019apr\u00e8s-midi, le charme de <strong>Sillans-la-Cascade<\/strong> s\u2019\u00e9tait \u00e9vanoui derri\u00e8re une succession de panneaux rouges et blancs <em>\u00ab interdit aux camping-cars \u00bb<\/em>. <strong>Les parkings Place du 8 Mai 1945 et Parking Cascade<\/strong> \u00e9taient ferm\u00e9s aux grands v\u00e9hicules. Le seul espace restant, <strong>Parking du Village<\/strong>, autorisait les camping-cars\u2026 mais avec un obstacle cach\u00e9. La descente facile \u00e9tait bloqu\u00e9e par un \u00e9norme rocher, ne laissant qu\u2019un tron\u00e7on ab\u00eem\u00e9, plongeant \u00e0 angle droit. Nous avons \u00e9valu\u00e9, pris une grande inspiration et rebrouss\u00e9 chemin. <strong>Tout \u00e0 Sillans-la-Cascade semblait con\u00e7u pour d\u00e9courager les camping-cars<\/strong>. Apr\u00e8s une heure \u00e0 tourner en rond, nous avons d\u00e9cid\u00e9 de renoncer.<\/p>\n\n\n\n<p class=\"has-extra-info-background-color has-background\"><strong>Les v\u00e9hicules de grande taille devraient \u00e9viter le stationnement \u00e0 Sillans-la-Cascade<\/strong>. Installez plut\u00f4t votre base \u00e0 Cotignac, qui accueille les camping-cars et propose plusieurs emplacements s\u00fbrs \u00e0 l\u2019ext\u00e9rieur du village troglodyte de Cotignac. Vous pourrez toujours faire la balade du Rocher ou la randonn\u00e9e jusqu\u2019\u00e0 la cascade de Sillans en excursion d\u2019une journ\u00e9e une fois install\u00e9s. Pour celles et ceux qui arrivent de Marseille, Nice ou Aix-en-Provence, il est conseill\u00e9 d\u2019atteindre Cotignac en camping-car avant la tomb\u00e9e de la nuit pour trouver un emplacement plat. C\u2019est le choix le plus malin pour quiconque pratique la vanlife en Provence ou pr\u00e9pare un voyage lent en Provence \u00e0 travers le sud de la France.<\/p>\n\n\n\n<hr class=\"wp-block-separator has-alpha-channel-opacity\"\/>\n\n\n\n<figure class=\"wp-block-image size-full\"><img loading=\"lazy\" decoding=\"async\" width=\"792\" height=\"294\" src=\"https:\/\/www.the-travel-bunny.com\/fr\/wp-content\/uploads\/sites\/3\/2025\/10\/Le-Tailleur-de-Biere-Cotignac-bar-artisanal-Provence-Verte-Var.jpg\" alt=\"Entr\u00e9e du bar Le Tailleur de Bi\u00e8re \u00e0 Cotignac en Provence Verte, avec sa grille en fer forg\u00e9 et sa fa\u00e7ade en pierre typiquement proven\u00e7ale.\" class=\"wp-image-8163\" title=\"\" srcset=\"https:\/\/www.the-travel-bunny.com\/fr\/wp-content\/uploads\/sites\/3\/2025\/10\/Le-Tailleur-de-Biere-Cotignac-bar-artisanal-Provence-Verte-Var.jpg 792w, https:\/\/www.the-travel-bunny.com\/fr\/wp-content\/uploads\/sites\/3\/2025\/10\/Le-Tailleur-de-Biere-Cotignac-bar-artisanal-Provence-Verte-Var-300x111.jpg 300w, https:\/\/www.the-travel-bunny.com\/fr\/wp-content\/uploads\/sites\/3\/2025\/10\/Le-Tailleur-de-Biere-Cotignac-bar-artisanal-Provence-Verte-Var-768x285.jpg 768w\" sizes=\"auto, (max-width: 792px) 100vw, 792px\" \/><figcaption class=\"wp-element-caption\"><em>Nous n\u2019avons pas pu nous emp\u00eacher de rire en d\u00e9couvrant Le Tailleur de Bi\u00e8re. Ce nom est non seulement un jeu de mots malin, mais aussi un clin d\u2019\u0153il \u00e0 notre propre nom de famille, Letailleur. Ce bar de Cotignac incarne \u00e0 la perfection l\u2019humour local, le patrimoine et le bon go\u00fbt.<\/em><\/figcaption><\/figure>\n\n\n\n<h2 class=\"wp-block-heading\" id=\"first-impressions-after-arriving-in-cotignac-by-camper\">Premi\u00e8res impressions apr\u00e8s l&rsquo;arriv\u00e9e \u00e0 Cotignac en camping-car<\/h2>\n\n\n\n<p>D\u00e8s que nous avons atteint <strong>Cotignac Provence<\/strong>, l\u2019atmosph\u00e8re a compl\u00e8tement chang\u00e9. Apr\u00e8s avoir perdu un temps fou \u00e0 man\u0153uvrer dans les virages \u00e9troits et devant les portails ferm\u00e9s \u00e0 Sillans-la-Cascade, notre <strong>week-end en Provence Verte<\/strong> semblait enfin prendre la bonne direction. Le premier regard que j\u2019ai pos\u00e9 sur le village fut pour les <strong>falaises du Rocher de Cotignac<\/strong>, baign\u00e9es par la lumi\u00e8re dor\u00e9e du soleil de l\u2019apr\u00e8s-midi. \u00c0 ce moment-l\u00e0, j\u2019ai compris pourquoi il avait \u00e9t\u00e9 class\u00e9 parmi les <strong><em>Plus Beaux Villages de France<\/em><\/strong> en 2022.<\/p>\n\n\n\n<p><strong>Arriver \u00e0 Cotignac en camping-car<\/strong> fut un v\u00e9ritable soulagement, un sentiment que partagent sans doute tous ceux qui ont d\u00e9j\u00e0 sillonn\u00e9 la Provence \u00e0 la recherche d\u2019un emplacement plat et autoris\u00e9 pour passer la nuit.<\/p>\n\n\n\n<div style=\"height:10px\" aria-hidden=\"true\" class=\"wp-block-spacer\"><\/div>\n\n\n\n<h3 class=\"wp-block-heading\" id=\"parking-reality\">Stationnement \u00e0 Cotignac<\/h3>\n\n\n\n<p><strong>Trouver un parking \u00e0 Cotignac Var<\/strong> demande de la patience et un peu de connaissance locale. Le village troglodyte de Cotignac poss\u00e8de plusieurs parkings officiels, mais <strong>beaucoup sont petits et\/ou limit\u00e9s \u00e0 2 m\u00e8tres de hauteur<\/strong>, ce qui exclut la plupart des camping-cars.<\/p>\n\n\n\n<p><strong>Le parking Lauron Cotignac<\/strong> (Parking 634 Lauron), un grand espace en gravier pr\u00e8s de l\u2019entr\u00e9e basse du village, est souvent la meilleure option. Il devait \u00eatre ferm\u00e9 jusqu\u2019au 24 octobre, mais il l\u2019\u00e9tait encore, pour une raison que nous ignorions \u00e0 ce moment-l\u00e0.<\/p>\n\n\n\n<p>Une autre possibilit\u00e9 pratique est le <strong>parking de l\u2019Office de Tourisme<\/strong>, bien qu\u2019il soit lui aussi r\u00e9serv\u00e9 aux v\u00e9hicules de moins de deux m\u00e8tres de haut. Sans cette contrainte, il serait parfait : l\u00e9g\u00e8rement \u00e0 l\u2019\u00e9cart, plat et bord\u00e9 d\u2019arbres.<\/p>\n\n\n\n<p>Nous avons finalement trouv\u00e9 notre emplacement au <strong>867 chemin de la Colle<\/strong>, indiqu\u00e9 sur <strong>Park4Night Cotignac<\/strong>. Il se situe \u00e0 une quinzaine de minutes \u00e0 pied du centre du village de Cotignac, dans un espace verdoyant proche de la route et de quelques habitations. Aucun panneau n\u2019interdisait les stationnements de nuit, et nous n\u2019avons subi aucun contr\u00f4le pendant notre s\u00e9jour.<\/p>\n\n\n\n<p>Nous nous sommes gar\u00e9s aussi droit que possible, m\u00eame si <strong>le sol \u00e9tait un peu in\u00e9gal<\/strong>. Le camping-car penchait l\u00e9g\u00e8rement, au point que nos pieds se retrouvaient un peu plus hauts que nos t\u00eates pendant la nuit, mais apr\u00e8s le chaos de Sillans, cela nous importait peu.<\/p>\n\n\n\n<p>Bien que proche de la route, <strong>la circulation est faible les week-ends hors saison<\/strong>, ce qui rend l\u2019endroit paisible. L\u2019air sentait le pin et la fum\u00e9e de bois, et pour la premi\u00e8re fois de la journ\u00e9e, nous avons pu respirer et profiter du calme. C\u2019\u00e9tait comme une petite r\u00e9compense apr\u00e8s l\u2019\u00e9preuve de la route.<\/p>\n\n\n\n<p class=\"has-extra-info-background-color has-background\"><strong>Astuce locale Cotignac :<\/strong> Arrivez avant 17 h pour trouver une place, surtout les week-ends ou lors des \u00e9v\u00e9nements comme la F\u00eate du Coing Cotignac. Les parkings du village se remplissent vite quand les visiteurs locaux arrivent pour d\u00eener ou assister aux concerts d\u2019\u00e9t\u00e9 de Cotignac.<\/p>\n\n\n\n<hr class=\"wp-block-separator has-alpha-channel-opacity\"\/>\n\n\n\n<figure class=\"wp-block-image size-full\"><img loading=\"lazy\" decoding=\"async\" width=\"792\" height=\"796\" src=\"https:\/\/www.the-travel-bunny.com\/fr\/wp-content\/uploads\/sites\/3\/2025\/10\/Visiter-Cotignac-ruelles-fleuries-et-couleurs-automne-Provence-Verte.jpg\" alt=\"Ruelles pittoresques de Cotignac en Provence Verte orn\u00e9es de lierre, de vignes et de fa\u00e7ades color\u00e9es aux tons d\u2019automne.\" class=\"wp-image-8164\" title=\"\" srcset=\"https:\/\/www.the-travel-bunny.com\/fr\/wp-content\/uploads\/sites\/3\/2025\/10\/Visiter-Cotignac-ruelles-fleuries-et-couleurs-automne-Provence-Verte.jpg 792w, https:\/\/www.the-travel-bunny.com\/fr\/wp-content\/uploads\/sites\/3\/2025\/10\/Visiter-Cotignac-ruelles-fleuries-et-couleurs-automne-Provence-Verte-298x300.jpg 298w, https:\/\/www.the-travel-bunny.com\/fr\/wp-content\/uploads\/sites\/3\/2025\/10\/Visiter-Cotignac-ruelles-fleuries-et-couleurs-automne-Provence-Verte-150x150.jpg 150w, https:\/\/www.the-travel-bunny.com\/fr\/wp-content\/uploads\/sites\/3\/2025\/10\/Visiter-Cotignac-ruelles-fleuries-et-couleurs-automne-Provence-Verte-768x772.jpg 768w\" sizes=\"auto, (max-width: 792px) 100vw, 792px\" \/><figcaption class=\"wp-element-caption\"><em>Une promenade en fin d\u2019apr\u00e8s-midi dans le vieux village de Cotignac r\u00e9v\u00e8le des fa\u00e7ades couvertes de lierre, des passages vo\u00fbt\u00e9s et des fontaines paisibles illumin\u00e9es par la lumi\u00e8re dor\u00e9e de l\u2019automne. Chaque recoin du village troglodyte de Cotignac semble \u00eatre une toile vivante de charme proven\u00e7al et de cr\u00e9ativit\u00e9.<\/em><\/figcaption><\/figure>\n\n\n\n<h2 class=\"wp-block-heading\" id=\"our-saturday-visit-to-cotignac-fete-du-coing-preparations-village-walk\">Notre visite du samedi \u00e0 Cotignac. Pr\u00e9paratifs de la F\u00eate du Coing &amp; balade dans le village<\/h2>\n\n\n\n<p>Arriver en <strong>automne en Provence<\/strong> signifie des journ\u00e9es plus courtes, une lumi\u00e8re dor\u00e9e et cette tranquillit\u00e9 qui rend les petits villages encore plus vivants. Visiter Cotignac \u00e0 cette p\u00e9riode, c\u2019est d\u00e9couvrir un village d\u00e9j\u00e0 en effervescence avant sa <strong>c\u00e9l\u00e8bre F\u00eate du Coing, le festival annuel du coing<\/strong> qui remplit les ruelles chaque octobre de stands, de musique et du parfum sucr\u00e9 des fruits en train de mijoter.<\/p>\n\n\n\n<p>Pour l\u2019\u00e9dition 2025, pr\u00e9vue les <strong>26 et 27 octobre<\/strong>, le village de Cotignac Provence vibrait d\u00e9j\u00e0 le samedi soir. <strong>Le Cours Gambetta \u00e0 Cotignac<\/strong> \u00e9tait bord\u00e9 de tables pliantes, de tentes et d\u2019empilements de caisses en bois pr\u00eates pour le <strong>march\u00e9 de Cotignac<\/strong> du lendemain. Des b\u00e9n\u00e9voles transportaient des cartons pendant que les commer\u00e7ants accrochaient des banderoles, cr\u00e9ant cette douce attente que seuls les villages authentiques de Provence Verte savent inspirer.<\/p>\n\n\n\n<div style=\"height:10px\" aria-hidden=\"true\" class=\"wp-block-spacer\"><\/div>\n\n\n\n<figure class=\"wp-block-image size-full\"><img loading=\"lazy\" decoding=\"async\" width=\"792\" height=\"829\" src=\"https:\/\/www.the-travel-bunny.com\/fr\/wp-content\/uploads\/sites\/3\/2025\/10\/Balade-du-Rocher-Cotignac-village-troglodyte-Provence-Verte-Var.jpg\" alt=\"Balade sous le Rocher de Cotignac en Provence Verte avec ses ruelles pav\u00e9es, fontaines anciennes et maisons troglodytes adoss\u00e9es \u00e0 la falaise.\" class=\"wp-image-8165\" title=\"\" srcset=\"https:\/\/www.the-travel-bunny.com\/fr\/wp-content\/uploads\/sites\/3\/2025\/10\/Balade-du-Rocher-Cotignac-village-troglodyte-Provence-Verte-Var.jpg 792w, https:\/\/www.the-travel-bunny.com\/fr\/wp-content\/uploads\/sites\/3\/2025\/10\/Balade-du-Rocher-Cotignac-village-troglodyte-Provence-Verte-Var-287x300.jpg 287w, https:\/\/www.the-travel-bunny.com\/fr\/wp-content\/uploads\/sites\/3\/2025\/10\/Balade-du-Rocher-Cotignac-village-troglodyte-Provence-Verte-Var-768x804.jpg 768w\" sizes=\"auto, (max-width: 792px) 100vw, 792px\" \/><figcaption class=\"wp-element-caption\"><em>Fl\u00e2ner sous le Rocher de Cotignac, c\u2019est suivre des ruelles pav\u00e9es \u00e0 l\u2019ombre des figuiers et des vignes, passer devant d\u2019anciennes fontaines de Cotignac et des terrasses en pierre. La falaise domine le village, rappelant combien la nature et la vie villageoise partagent depuis toujours cet espace typiquement proven\u00e7al au c\u0153ur de la Provence Verte.<\/em><\/figcaption><\/figure>\n\n\n\n<h3 class=\"wp-block-heading\" id=\"wandering-under-the-cliff-at-sunset\">Fl\u00e2nerie sous le Rocher de Cotignac<\/h3>\n\n\n\n<p>Nous avons march\u00e9 dans les ruelles au pied de la falaise de tuf alors que la lumi\u00e8re du soleil descendait sur la paroi calcaire. La pierre prenait des reflets orang\u00e9s, l\u2019air se rafra\u00eechissait, et \u00e0 chaque tournant apparaissait une nouvelle affiche annon\u00e7ant la <strong>F\u00eate du Coing Cotignac<\/strong>. Des familles s\u2019attardaient devant les <strong>caf\u00e9s de Cotignac<\/strong>, des enfants couraient entre les tables dress\u00e9es pour le festin du dimanche. L\u2019ambiance \u00e9tait \u00e0 la fois joyeuse et tranquille, comme si le village tout entier respirait calmement avant le grand jour. <strong>C\u2019est ainsi que se vit l\u2019<a href=\"https:\/\/www.the-travel-bunny.com\/fr\/meilleures-vacances-automne\/\">automne en Provence<\/a><\/strong>, loin de la c\u00f4te, parmi les habitants qui pr\u00e9parent leurs traditions avec soin et fiert\u00e9.<\/p>\n\n\n\n<p class=\"has-extra-info-background-color has-background\"><strong>Conseil de voyage :<\/strong> Le meilleur moment pour visiter Cotignac \u00e0 l\u2019automne est le week-end de la F\u00eate du Coing, lorsque les ruelles s\u2019emplissent d\u2019ar\u00f4mes de fruits, de musique et de vin chaud.<\/p>\n\n\n\n<hr class=\"wp-block-separator has-alpha-channel-opacity is-style-dots\"\/>\n\n\n\n<h3 class=\"wp-block-heading\" id=\"the-smell-of-vin-chaud-de-coing\">R\u00eaver d\u2019un Vin Blanc Chaud au Coing<\/h3>\n\n\n\n<p>Devant le <strong>Bar Le Marigny Cotignac<\/strong>, Mathieu a rep\u00e9r\u00e9 une pancarte annon\u00e7ant du <em>vin blanc chaud au coing<\/em>, un vin blanc \u00e9pic\u00e9 et chaud, pr\u00e9par\u00e9 avec les fruits locaux. Le barman a souri en expliquant qu\u2019il \u00e9tait encore en train de fermenter et ne serait pr\u00eat que le lendemain. M\u00eame sans y go\u00fbter, ce petit moment r\u00e9sumait toute l\u2019atmosph\u00e8re du march\u00e9 de Cotignac en automne, avec <strong>de la patience, de la simplicit\u00e9 et un profond respect des savoir-faire locaux<\/strong>.<\/p>\n\n\n\n<hr class=\"wp-block-separator has-alpha-channel-opacity is-style-dots\"\/>\n\n\n\n<figure class=\"wp-block-image size-full\"><img loading=\"lazy\" decoding=\"async\" width=\"792\" height=\"889\" src=\"https:\/\/www.the-travel-bunny.com\/fr\/wp-content\/uploads\/sites\/3\/2025\/10\/Que-faire-a-Cotignac-commerces-et-vignerons-Provence-Verte-Var.jpg\" alt=\"Commerces color\u00e9s, terrasses de caf\u00e9 et enseigne des Vignerons de Cotignac dans le centre du village proven\u00e7al en Provence Verte.\" class=\"wp-image-8166\" title=\"\" srcset=\"https:\/\/www.the-travel-bunny.com\/fr\/wp-content\/uploads\/sites\/3\/2025\/10\/Que-faire-a-Cotignac-commerces-et-vignerons-Provence-Verte-Var.jpg 792w, https:\/\/www.the-travel-bunny.com\/fr\/wp-content\/uploads\/sites\/3\/2025\/10\/Que-faire-a-Cotignac-commerces-et-vignerons-Provence-Verte-Var-267x300.jpg 267w, https:\/\/www.the-travel-bunny.com\/fr\/wp-content\/uploads\/sites\/3\/2025\/10\/Que-faire-a-Cotignac-commerces-et-vignerons-Provence-Verte-Var-768x862.jpg 768w\" sizes=\"auto, (max-width: 792px) 100vw, 792px\" \/><figcaption class=\"wp-element-caption\"><em>Sur le chemin du retour vers le camping-car, nous avons travers\u00e9 les boutiques color\u00e9es de Cotignac, la boulangerie, la boucherie, et l\u2019enseigne Les Vignerons de Cotignac invitant les voyageurs \u00e0 d\u00e9guster les vins locaux. Les rues calmes au cr\u00e9puscule offraient la fin parfaite de notre premi\u00e8re journ\u00e9e en Provence.<\/em><\/figcaption><\/figure>\n\n\n\n<h3 class=\"wp-block-heading\" id=\"evening-in-the-camper\">Soir\u00e9e dans le camping-car<\/h3>\n\n\n\n<p>Lorsque la nuit est tomb\u00e9e, nous avons regagn\u00e9 notre <strong>camping-car stationn\u00e9 \u00e0 l\u2019ext\u00e9rieur du village<\/strong>. Le d\u00eener fut rapide et tranquille, une sorte d\u2019ap\u00e9ro d\u00eenatoire avec ce que nous avions achet\u00e9 \u00e0 Draguignan.<\/p>\n\n\n\n<p>Le coucher de Willy est un petit rituel \u00e0 part. Apr\u00e8s avoir grandi trop vite pour le lit b\u00e9b\u00e9 du camping-car, il dort d\u00e9sormais dans une <strong>petite tente pour tout-petit<\/strong>, install\u00e9e sur les banquettes du salon transform\u00e9es en second lit pour la nuit, tandis que nous nous installons dans le lit \u00e0 l\u2019arri\u00e8re. Mathieu en plaisante souvent, disant qu\u2019il fait du camping dans le camping-car.<\/p>\n\n\n\n<p>Pour nous, c\u2019\u00e9tait un moment important, car <strong>c\u2019\u00e9tait la premi\u00e8re fois qu\u2019il s\u2019endormait sans Papa \u00e0 c\u00f4t\u00e9 de sa tente<\/strong>. Il lui suffisait simplement de savoir que nous \u00e9tions l\u00e0, tout pr\u00e8s. Nous avons m\u00eame eu le temps de regarder un \u00e9pisode de <em>Wayward<\/em> sur Netflix avec nos \u00e9couteurs avant d\u2019\u00e9teindre \u00e0 notre tour.<\/p>\n\n\n\n<p class=\"has-extra-info-background-color has-background\"><strong>Conseil voyage Cotignac :<\/strong> Si vous venez pendant la F\u00eate du Coing Cotignac, garez-vous \u00e0 l\u2019ext\u00e9rieur du centre. La plupart des parkings centraux se transforment alors en zones d\u2019animation ou en espaces de vente. La balade jusqu\u2019au village est courte et paisible, et vous \u00e9viterez d\u2019\u00eatre bloqu\u00e9\u00b7e par les fermetures du march\u00e9.<\/p>\n\n\n\n<p>Cette nuit-l\u00e0, Cotignac, c\u0153ur battant de la <strong>Provence Verte<\/strong>, nous a sembl\u00e9 \u00eatre la <strong>base id\u00e9ale pour un s\u00e9jour en <em>slow travel<\/em><\/strong>. Les banderoles du festival flottaient doucement dans le vent, et le Rocher de Cotignac dominait le village, silencieux et dor\u00e9 sous les r\u00e9verb\u00e8res.<\/p>\n\n\n\n<hr class=\"wp-block-separator has-alpha-channel-opacity\"\/>\n\n\n\n<h2 class=\"wp-block-heading\" id=\"sunday-morning-hiking-visiting-cotignac-troglodyte-caves\">Randonn\u00e9e du dimanche matin et visite des grottes troglodytes de Cotignac<\/h2>\n\n\n\n<p>Le matin \u00e0 Cotignac France commen\u00e7ait doucement. La place du march\u00e9 \u00e9tait d\u00e9j\u00e0 anim\u00e9e, mais la plupart des visiteurs se pr\u00e9paraient encore pour la F\u00eate du Coing. Pour nous, le plan \u00e9tait de randonner avant la foule et d\u2019explorer les <strong>grottes troglodytes de Cotignac<\/strong>, un site embl\u00e9matique de ce village troglodyte de Provence.<\/p>\n\n\n\n<p><strong>Le Rocher de Cotignac<\/strong>, immense paroi de tuf, s\u2019\u00e9l\u00e8ve directement au-dessus des maisons, cachant d\u2019anciennes pi\u00e8ces, des tunnels et des tours creus\u00e9s dans la roche. <strong>Les explorer donne l\u2019impression de traverser les strates de l\u2019histoire du village.<\/strong><\/p>\n\n\n\n<div style=\"height:10px\" aria-hidden=\"true\" class=\"wp-block-spacer\"><\/div>\n\n\n\n<h3 class=\"wp-block-heading\" id=\"morning-start\">D\u00e9but de matin\u00e9e<\/h3>\n\n\n\n<p>Nous avons pris le petit-d\u00e9jeuner dans le camping-car, fen\u00eatres ouvertes sur le son des cloches de l\u2019\u00e9glise. Willy mangeait en regardant les premi\u00e8res voitures peiner \u00e0 se garer pour la f\u00eate. Cette fois, nous avons pris le porte-b\u00e9b\u00e9 et rempli nos gourdes. Nous avons habill\u00e9 Willy plus chaudement que nous, car il n\u2019allait pas bouger autant.<\/p>\n\n\n\n<p>Les <strong>grottes troglodytes de Cotignac<\/strong> ouvrent \u00e0 9h30, alors nous avons eu le temps de nous d\u00e9gourdir les jambes avant la visite. Les matins en Provence Verte sont frais \u00e0 l\u2019automne, parfaits pour marcher au calme dans le village.<\/p>\n\n\n\n<hr class=\"wp-block-separator has-alpha-channel-opacity is-style-dots\"\/>\n\n\n\n<figure class=\"wp-block-image size-full\"><img loading=\"lazy\" decoding=\"async\" width=\"792\" height=\"294\" src=\"https:\/\/www.the-travel-bunny.com\/fr\/wp-content\/uploads\/sites\/3\/2025\/10\/Randonnee-Cotignac-riviere-Cassole-et-nature-Provence-Verte-Var.jpg\" alt=\"Paysages verdoyants de Cotignac en Provence Verte avec vue sur la vall\u00e9e, sentier le long de la rivi\u00e8re Cassole et petit pont de randonn\u00e9e.\" class=\"wp-image-8167\" title=\"\" srcset=\"https:\/\/www.the-travel-bunny.com\/fr\/wp-content\/uploads\/sites\/3\/2025\/10\/Randonnee-Cotignac-riviere-Cassole-et-nature-Provence-Verte-Var.jpg 792w, https:\/\/www.the-travel-bunny.com\/fr\/wp-content\/uploads\/sites\/3\/2025\/10\/Randonnee-Cotignac-riviere-Cassole-et-nature-Provence-Verte-Var-300x111.jpg 300w, https:\/\/www.the-travel-bunny.com\/fr\/wp-content\/uploads\/sites\/3\/2025\/10\/Randonnee-Cotignac-riviere-Cassole-et-nature-Provence-Verte-Var-768x285.jpg 768w\" sizes=\"auto, (max-width: 792px) 100vw, 792px\" \/><figcaption class=\"wp-element-caption\"><em>La premi\u00e8re tentative pour atteindre la cascade de Cotignac nous a conduits le long de la rivi\u00e8re Cassole, sur des sentiers ombrag\u00e9s et de petits ponts qui partent derri\u00e8re la mairie de Cotignac. Le chemin monte doucement au-dessus des vignes et offre de superbes vues sur le village et la campagne de la Provence Verte.<\/em><\/figcaption><\/figure>\n\n\n\n<h3 class=\"wp-block-heading\" id=\"attempt-to-see-the-cascade-cassole\">Premi\u00e8re tentative pour voir la Cascade Cassole \/ Gouffre de Cotignac<\/h3>\n\n\n\n<p>Depuis la Mairie de Cotignac, nous avons suivi un panneau indiquant la cascade de Cotignac, aussi appel\u00e9e <strong>Cascade Cassole ou Gouffre de Cotignac<\/strong>. Le sentier serpente en dehors du bourg, me rappelant une promenade que nous avions faite \u00e0 <strong>Moustiers-Sainte-Marie<\/strong>, l\u2019un des plus beaux villages de France. Puis, le chemin devient boueux \u00e0 mesure que la v\u00e9g\u00e9tation s\u2019\u00e9paissit, jusqu\u2019\u00e0 atteindre un petit pont au sommet de la chute d\u2019eau, l\u00e0 o\u00f9 la Cassole se jette du haut de la falaise. Aucun sentier ne semblait descendre vers le bas de la cascade, et <strong>aucun panneau n\u2019indiquait la direction<\/strong>. Seul le bruit de l\u2019eau qui tombe nous guidait dans cette atmosph\u00e8re myst\u00e9rieuse.<\/p>\n\n\n\n<figure class=\"wp-block-image size-full\"><img loading=\"lazy\" decoding=\"async\" width=\"792\" height=\"846\" src=\"https:\/\/www.the-travel-bunny.com\/fr\/wp-content\/uploads\/sites\/3\/2025\/10\/Balade-du-Rocher-Cotignac-randonnee-familiale-Provence-Verte-Var.jpg\" alt=\"Balade du Rocher \u00e0 Cotignac en Provence Verte, avec vue sur les toits du village, falaises troglodytes et promenade familiale entre nature et patrimoine.\" class=\"wp-image-8168\" title=\"\" srcset=\"https:\/\/www.the-travel-bunny.com\/fr\/wp-content\/uploads\/sites\/3\/2025\/10\/Balade-du-Rocher-Cotignac-randonnee-familiale-Provence-Verte-Var.jpg 792w, https:\/\/www.the-travel-bunny.com\/fr\/wp-content\/uploads\/sites\/3\/2025\/10\/Balade-du-Rocher-Cotignac-randonnee-familiale-Provence-Verte-Var-281x300.jpg 281w, https:\/\/www.the-travel-bunny.com\/fr\/wp-content\/uploads\/sites\/3\/2025\/10\/Balade-du-Rocher-Cotignac-randonnee-familiale-Provence-Verte-Var-768x820.jpg 768w\" sizes=\"auto, (max-width: 792px) 100vw, 792px\" \/><figcaption class=\"wp-element-caption\"><em>La Balade du Rocher \u00e0 Cotignac serpente sous la falaise calcaire \u00e0 travers des jardins, des marches en pierre et des points de vue panoramiques. Ce sentier court et pittoresque offre parmi les plus belles vues sur le village et convient parfaitement aux familles qui souhaitent visiter la Provence \u00e0 pied.<\/em><\/figcaption><\/figure>\n\n\n\n<p>Nous sommes revenues vers le village de Cotignac pour poursuivre la <strong>Balade du Rocher<\/strong>, la randonn\u00e9e du Rocher de Cotignac qui longe les anciennes habitations troglodytiques et rejoint les <strong><a href=\"https:\/\/provence-alpes-cotedazur.com\/decouvrir\/espaces-naturels\/patrimoine-naturel\/table-dorientation-tours-sarrasines-cotignac-fr-5077232\/\" target=\"_blank\" rel=\"noreferrer noopener\">tours sarrasines de Cotignac<\/a><\/strong>. Le sentier \u00e9tait sec et s\u00fbr, bien que par endroits irr\u00e9gulier. Il offrait de magnifiques panoramas sur les toits de tuiles et la plaine verdoyante en contrebas.<\/p>\n\n\n\n<hr class=\"wp-block-separator has-alpha-channel-opacity is-style-dots\"\/>\n\n\n\n<figure class=\"wp-block-image size-full\"><img loading=\"lazy\" decoding=\"async\" width=\"792\" height=\"834\" src=\"https:\/\/www.the-travel-bunny.com\/fr\/wp-content\/uploads\/sites\/3\/2025\/10\/Grottes-troglodytes-Cotignac-visite-du-Rocher-Provence-Verte-Var.jpg\" alt=\"Exploration des grottes troglodytes de Cotignac en Provence Verte avec escaliers \u00e9troits, passages creus\u00e9s dans la falaise et vue sur le village proven\u00e7al.\" class=\"wp-image-8169\" title=\"\" srcset=\"https:\/\/www.the-travel-bunny.com\/fr\/wp-content\/uploads\/sites\/3\/2025\/10\/Grottes-troglodytes-Cotignac-visite-du-Rocher-Provence-Verte-Var.jpg 792w, https:\/\/www.the-travel-bunny.com\/fr\/wp-content\/uploads\/sites\/3\/2025\/10\/Grottes-troglodytes-Cotignac-visite-du-Rocher-Provence-Verte-Var-285x300.jpg 285w, https:\/\/www.the-travel-bunny.com\/fr\/wp-content\/uploads\/sites\/3\/2025\/10\/Grottes-troglodytes-Cotignac-visite-du-Rocher-Provence-Verte-Var-768x809.jpg 768w\" sizes=\"auto, (max-width: 792px) 100vw, 792px\" \/><figcaption class=\"wp-element-caption\"><em>Visiter les grottes troglodytes de Cotignac donne l\u2019impression d\u2019entrer dans un monde cach\u00e9, litt\u00e9ralement taill\u00e9 dans la falaise. Les escaliers anciens, les points de vue et les pi\u00e8ces creus\u00e9es dans la roche r\u00e9v\u00e8lent comment les habitants vivaient autrefois sous les tours sarrasines de Cotignac, avec une vue spectaculaire sur la Provence Verte.<\/em><\/figcaption><\/figure>\n\n\n\n<h3 class=\"wp-block-heading\" id=\"visiting-the-cotignac-caves\">Visiter les grottes de Cotignac<\/h3>\n\n\n\n<p>Vers la fin de la matin\u00e9e, nous avons atteint la billetterie du Rocher de Cotignac. <strong>L\u2019entr\u00e9e co\u00fbte 2,50 \u20ac par adulte et est gratuite pour les enfants de l&rsquo;age de notre fils<\/strong>, payable par carte ou en esp\u00e8ces. Les horaires des grottes troglodytes de Cotignac varient selon la saison, avec des ouvertures plus courtes en hiver. Nous faisions partie des premiers visiteurs du jour, ce qui nous a permis d\u2019explorer les passages \u00e9troits \u00e0 notre rythme et de profiter du calme de la falaise avant l\u2019arriv\u00e9e de la foule.<\/p>\n\n\n\n<p>\u00c0 l\u2019int\u00e9rieur, la lumi\u00e8re changeait constamment \u00e0 mesure que nous grimpions les escaliers de pierre. <strong>Certaines chambres s\u2019ouvraient sur des pi\u00e8ces taill\u00e9es directement dans le calcaire<\/strong>, leurs petites fen\u00eatres perc\u00e9es pour laisser entrer la lumi\u00e8re du soleil. Quelques murs montraient encore <strong>des traces d\u2019enduit \u00e0 la chaux<\/strong> servant autrefois \u00e0 lutter contre l\u2019humidit\u00e9. D\u2019autres pi\u00e8ces donnaient sur des terrasses o\u00f9 les habitants cultivaient des herbes ou montaient la garde. Depuis le balcon du belv\u00e9d\u00e8re, la <strong>vue sur la vall\u00e9e et les toits du village<\/strong> rappelait que cette falaise servait jadis de forteresse naturelle.<\/p>\n\n\n\n<p><strong>Visiter les grottes troglodytes de Cotignac avec un tout-petit<\/strong> a rendu l\u2019exp\u00e9rience encore plus int\u00e9ressante. Les marches \u00e9taient raides et parfois en colima\u00e7on, alors <strong>Mathieu portait Willy<\/strong> une partie du trajet pendant que je g\u00e9rais le porte-b\u00e9b\u00e9. Pr\u00e8s du sommet, nous avons laiss\u00e9 le porte-b\u00e9b\u00e9 pr\u00e8s des marches pour le laisser marcher seul quelques minutes. \u00c0 la descente, Mathieu l\u2019a repris dans ses bras et j\u2019ai suivi avec l\u2019\u00e9quipement vide. <strong>Les rampes m\u00e9talliques aidaient dans les passages \u00e9troits<\/strong>, et l\u2019air frais et humide rendait l\u2019ascension \u00e9tonnamment agr\u00e9able malgr\u00e9 la pente.<\/p>\n\n\n\n<div style=\"height:10px\" aria-hidden=\"true\" class=\"wp-block-spacer\"><\/div>\n\n\n\n<h4 class=\"wp-block-heading\" id=\"histoire-de-cotignac-et-origine-troglodyte\">Histoire de Cotignac &amp; origine troglodyte<\/h4>\n\n\n\n<p>Les grottes elles-m\u00eames racontent l&rsquo;histoire de Cotignac. Bien avant le village actuel, <strong>la rivi\u00e8re Cassole coulait ici, sculptant le calcaire et formant des cavit\u00e9s<\/strong>. Au fil des mill\u00e9naires, le d\u00e9p\u00f4t de tuf a cr\u00e9\u00e9 les surplombs du Rocher de Cotignac, devenus ensuite abris naturels. L\u2019occupation humaine de ces cavit\u00e9s remonte au haut Moyen \u00c2ge.<\/p>\n\n\n\n<p><strong>Vers l\u2019an 1000, un hameau fortifi\u00e9 se d\u00e9veloppa sur le plateau de Saint-Martin<\/strong>, au-dessus de la falaise, et en 1032, un <strong><em>castrum<\/em><\/strong> y fut construit. Ce petit ch\u00e2teau mesurait 24 m\u00e8tres de long, 8 de large et 14 de haut. Lorsque les invasions ravag\u00e8rent la <strong>Provence<\/strong> apr\u00e8s l\u2019\u00e9poque romaine, <strong>les habitants descendirent vivre sous la roche<\/strong>, transformant les grottes pour assurer leur s\u00e9curit\u00e9 et leur survie.<\/p>\n\n\n\n<p>Ces <strong>fortifications m\u00e9di\u00e9vales Cotignac<\/strong> comprennent <strong>deux tours sarrasines<\/strong>, \u00e9rig\u00e9es au XII\u1d49 si\u00e8cle sans ouverture au sol, permettant aux gardes d\u2019observer depuis les hauteurs. Selon les historiens, <strong>des passages secrets reliaient autrefois les tours \u00e0 l\u2019int\u00e9rieur de la falaise<\/strong>. Les grottes servaient \u00e0 prot\u00e9ger les habitants, le b\u00e9tail et les provisions pendant les attaques. On raconte que l\u2019une d\u2019elles \u00e9tait assez vaste pour abriter tout le village et les animaux \u00e0 la fois. \u00c0 l\u2019int\u00e9rieur, on distingue encore <strong>les traces du travail humain<\/strong> avec niches, anciennes chemin\u00e9es, auges d\u2019alimentation et vestiges de colombiers. Certaines grottes furent m\u00eame transform\u00e9es en ateliers, car la <strong>falaise servit de carri\u00e8re jusqu\u2019\u00e0 la fin du XIX\u1d49 si\u00e8cle<\/strong>.<\/p>\n\n\n\n<div style=\"height:10px\" aria-hidden=\"true\" class=\"wp-block-spacer\"><\/div>\n\n\n\n<h4 class=\"wp-block-heading\" id=\"le-rocher-de-cotignac-et-la-vie-autour-de-la-cassole\">Le Rocher de Cotignac et la vie autour de la Cassole<\/h4>\n\n\n\n<p>D\u00e8s le XIV\u1d49 si\u00e8cle, la vie autour du Rocher de Cotignac prosp\u00e9ra. <strong><em>L\u2019Hospice de la Charit\u00e9<\/em> ouvrit ses portes en 1314<\/strong>, et des moulins furent construits contre la falaise, aliment\u00e9s par le d\u00e9tournement de la Cassole. En 1897, Cotignac installa <strong>une petite centrale hydro\u00e9lectrique<\/strong>, devenant l\u2019un des premiers villages du Var \u00e0 disposer de l\u2019\u00e9lectricit\u00e9. Avec le temps, le nombre et l\u2019usage des grottes chang\u00e8rent, mais leur r\u00f4le de refuge et de ressource naturelle fa\u00e7onna durablement l\u2019identit\u00e9 du village.<\/p>\n\n\n\n<p class=\"has-extra-info-background-color has-background\"><strong>Le mot <em>troglodyte<\/em><\/strong> vient du grec ancien et signifie <em>celui qui entre dans un trou<\/em>. Des historiens comme H\u00e9rodote, Diodore de Sicile et Pline l\u2019Ancien l\u2019utilisaient pour d\u00e9signer des peuples vivant dans des abris rocheux naturels. \u00c0 Cotignac, le terme prit un sens plus concret, \u00e9voquant des habitants qui b\u00e2tissaient leurs maisons dans la pierre, choisissant d\u2019adapter la nature plut\u00f4t que de la dominer.<\/p>\n\n\n\n<div style=\"height:10px\" aria-hidden=\"true\" class=\"wp-block-spacer\"><\/div>\n\n\n\n<h4 class=\"wp-block-heading\" id=\"une-visite-courte-mais-inoubliable\">Une visite courte mais inoubliable<\/h4>\n\n\n\n<p><strong>La visite des grottes troglodytes de Cotignac dure environ trente minutes<\/strong>, mais chaque marche r\u00e9v\u00e8le des si\u00e8cles d\u2019histoire et de g\u00e9ologie. Se tenir \u00e0 l\u2019int\u00e9rieur de la falaise, entour\u00e9 de traces d\u2019humanit\u00e9 et de pierre vivante, permet de ressentir \u00e0 quel point les habitants ont toujours v\u00e9cu en harmonie avec leur paysage. Ce n\u2019est pas une visite ordinaire, mais une immersion dans la m\u00e9moire de la Provence Verte, une exp\u00e9rience qui reste grav\u00e9e bien apr\u00e8s avoir quitt\u00e9 la roche pour retrouver la lumi\u00e8re de la place du village.<\/p>\n\n\n\n<p class=\"has-extra-info-background-color has-background\"><strong>Conseils pour la Balade du Rocher \u00e0 Cotignac :<\/strong> Retirez les enfants des porte-b\u00e9b\u00e9s pour la descente. Les plafonds sont bas et les marches peuvent \u00eatre glissantes apr\u00e8s la pluie. Des chaussures plates et antid\u00e9rapantes rendent la balade du Rocher de Cotignac plus s\u00fbre, surtout si vous portez un jeune enfant.<\/p>\n\n\n\n<hr class=\"wp-block-separator has-alpha-channel-opacity\"\/>\n\n\n\n<figure class=\"wp-block-image size-full\"><img loading=\"lazy\" decoding=\"async\" width=\"792\" height=\"1000\" src=\"https:\/\/www.the-travel-bunny.com\/fr\/wp-content\/uploads\/sites\/3\/2025\/10\/Fete-du-Coing-Cotignac-marche-artisanal-Provence-Verte-Var.jpg\" alt=\"Stands de producteurs locaux \u00e0 la F\u00eate du Coing de Cotignac en Provence Verte, avec confitures, liqueurs et produits \u00e0 base de coing.\" class=\"wp-image-8170\" title=\"\" srcset=\"https:\/\/www.the-travel-bunny.com\/fr\/wp-content\/uploads\/sites\/3\/2025\/10\/Fete-du-Coing-Cotignac-marche-artisanal-Provence-Verte-Var.jpg 792w, https:\/\/www.the-travel-bunny.com\/fr\/wp-content\/uploads\/sites\/3\/2025\/10\/Fete-du-Coing-Cotignac-marche-artisanal-Provence-Verte-Var-238x300.jpg 238w, https:\/\/www.the-travel-bunny.com\/fr\/wp-content\/uploads\/sites\/3\/2025\/10\/Fete-du-Coing-Cotignac-marche-artisanal-Provence-Verte-Var-768x970.jpg 768w\" sizes=\"auto, (max-width: 792px) 100vw, 792px\" \/><figcaption class=\"wp-element-caption\"><em>Chaque mois d\u2019octobre, Cotignac c\u00e9l\u00e8bre la F\u00eate du Coing, un week-end festif enti\u00e8rement consacr\u00e9 au coing, le fruit dor\u00e9 de la Provence. Les \u00e9tals envahissent le Cours Gambetta Cotignac avec des confitures, des liqueurs et des sp\u00e9cialit\u00e9s locales, rassemblant tout le village de Cotignac dans une ambiance typiquement proven\u00e7ale.<\/em><\/figcaption><\/figure>\n\n\n\n<h2 class=\"wp-block-heading\" id=\"market-village-life-during-the-fete-du-coing\">Vie du village &amp; march\u00e9 pendant la F\u00eate du Coing<\/h2>\n\n\n\n<p>Le dimanche matin \u00e0 Cotignac Provence ressemblait \u00e0 <strong>une carte postale d\u2019automne<\/strong>. La <strong>F\u00eate du Coing Cotignac<\/strong> est le grand moment de la saison ici, transformant le village troglodyte Cotignac en un m\u00e9lange de march\u00e9, de f\u00eate et de retrouvailles familiales. Pour les habitants, c\u2019est une c\u00e9l\u00e9bration de tout ce que l\u2019on cultive ou pr\u00e9pare \u00e0 partir du coing, ce fruit symbole de patience et de chaleur dans cette partie de la Provence Verte.<\/p>\n\n\n\n<div style=\"height:10px\" aria-hidden=\"true\" class=\"wp-block-spacer\"><\/div>\n\n\n\n<h3 class=\"wp-block-heading\" id=\"cotignac-market-details\">D\u00e9tails du march\u00e9 de Cotignac<\/h3>\n\n\n\n<p>Le <strong>march\u00e9 de Cotignac<\/strong> pendant la f\u00eate s\u2019\u00e9tend sur la place devant la mairie de Cotignac et tout le long du <strong>Cours Gambetta<\/strong>. On y trouve des pots de confiture, des bouteilles de liqueur, des p\u00e2tisseries et des cagettes de fruits frais. Nous avons achet\u00e9 une bouteille de <em><strong>Coing Nature et Saveurs<\/strong><\/em> en digestif, venue d\u2019Artignosc-sur-Verdon, pour environ douze ou quatorze euros. Elle se pr\u00e9sentait dans une simple bouteille en verre, d\u00e9gageant un parfum doux et l\u00e9g\u00e8rement fleuri. La vendeuse nous a vers\u00e9 un petit \u00e9chantillon dans un gobelet en m\u00e9tal et nous a parl\u00e9 de son produit avec un sourire plein de fiert\u00e9.<\/p>\n\n\n\n<p>Nous voulions go\u00fbter les <strong>p\u00e2tes flamb\u00e9es<\/strong>, servies dans les \u00e9normes meules de fromage creus\u00e9es pour y m\u00e9langer les p\u00e2tes chaudes, mais elles n\u2019\u00e9taient pas encore pr\u00eates \u00e0 ce moment-l\u00e0. Nous avons aussi cherch\u00e9 le fameux <strong>vin chaud au coing au Resto du Coing<\/strong>, mais le panneau annon\u00e7ant la boisson avait \u00e9t\u00e9 barr\u00e9 ce matin-l\u00e0.<\/p>\n\n\n\n<hr class=\"wp-block-separator has-alpha-channel-opacity is-style-dots\"\/>\n\n\n\n<h3 class=\"wp-block-heading\" id=\"kids-activities\">Activit\u00e9s pour enfants<\/h3>\n\n\n\n<p>Devant la mairie de Cotignac, les organisateurs avaient install\u00e9 un <strong>grand espace de jeux en bois pour les enfants<\/strong>. L\u2019endroit \u00e9tait superbe, mais pas vraiment adapt\u00e9 \u00e0 notre tout-petit. Les jeux demandaient soit une certaine autonomie pour les plus grands, soit \u00e9taient con\u00e7us pour les b\u00e9b\u00e9s encore au tapis d\u2019\u00e9veil. Nous avons donc observ\u00e9 un moment avant de continuer notre balade dans Cotignac Var.<\/p>\n\n\n\n<p class=\"has-extra-info-background-color has-background\"><strong>Astuce famille Cotignac :<\/strong> Pour les familles en visite \u00e0 d\u2019autres p\u00e9riodes de l\u2019ann\u00e9e, il existe une aire de jeux permanente sur le chemin menant au Sanctuaire Notre-Dame de Gr\u00e2ces Cotignac, une halte bien plus adapt\u00e9e aux jeunes enfants.<\/p>\n\n\n\n<p>Nourrir notre fils pendant la <strong>F\u00eate du Coing Cotignac<\/strong> s\u2019est r\u00e9v\u00e9l\u00e9 \u00eatre un petit d\u00e9fi. M\u00eame s\u2019il mange comme nous, la plupart des plats du march\u00e9 semblaient trop sal\u00e9s pour lui, et le supermarch\u00e9 <strong>Spar Cotignac<\/strong> proposait tr\u00e8s peu d\u2019options adapt\u00e9es aux tout-petits. La gamme <em>Good Go\u00fbt<\/em> y \u00e9tait disponible, mais les prix \u00e9taient, selon moi, nettement plus \u00e9lev\u00e9s qu\u2019ailleurs.<\/p>\n\n\n\n<p>Nous sommes finalement retourn\u00e9s au camping-car pour qu\u2019il puisse y manger. Cela a pris plus de temps que pr\u00e9vu, et nous avons d\u00e9cid\u00e9 d\u2019y d\u00e9jeuner nous aussi. Ce moment de calme \u00e0 bord du van a finalement \u00e9t\u00e9 une bonne pause avant de repartir explorer le village de Cotignac et son patrimoine.<\/p>\n\n\n\n<p class=\"has-extra-info-background-color has-background\"><strong>Conseil F\u00eate du Coing :<\/strong> Emportez des en-cas pour tout-petit et une cuill\u00e8re lors des march\u00e9s en Provence Verte. Ces \u00e9v\u00e9nements mettent l\u2019accent sur la gastronomie traditionnelle, rarement sur les repas enfants. Si vous visitez Cotignac avec des enfants, mieux vaut pr\u00e9voir \u00e0 l\u2019avance.<\/p>\n\n\n\n<p>Nous avons ensuite pris la direction du <strong>Bar Le Marigny Cotignac<\/strong>, o\u00f9 l\u2019on faisait infuser du <strong>vin blanc chaud au coing<\/strong> depuis la veille. Pour quatre euros, nous avons re\u00e7u deux tasses fumantes, parfum\u00e9es d\u2019\u00e9pices et de fruits. La douceur sucr\u00e9e et chaude du vin s\u2019accordait parfaitement avec le vent frais d\u2019octobre.<\/p>\n\n\n\n<p>Cette atmosph\u00e8re chaleureuse et authentique incarne tout ce qui fait le charme de <strong>Cotignac Provence<\/strong> avec la convivialit\u00e9, la gourmandise et ce rythme de <strong>voyage lent en Provence<\/strong> que l\u2019on savoure \u00e0 chaque saison.<\/p>\n\n\n\n<hr class=\"wp-block-separator has-alpha-channel-opacity\"\/>\n\n\n\n<figure class=\"wp-block-image size-full\"><img loading=\"lazy\" decoding=\"async\" width=\"792\" height=\"294\" src=\"https:\/\/www.the-travel-bunny.com\/fr\/wp-content\/uploads\/sites\/3\/2025\/10\/Cascade-Cotignac-riviere-Cassole-balade-nature-Provence-Verte-Var.jpg\" alt=\"Petite cascade sur la rivi\u00e8re Cassole \u00e0 Cotignac entour\u00e9e de rochers couverts de mousse et de v\u00e9g\u00e9tation en Provence Verte.\" class=\"wp-image-8171\" title=\"\" srcset=\"https:\/\/www.the-travel-bunny.com\/fr\/wp-content\/uploads\/sites\/3\/2025\/10\/Cascade-Cotignac-riviere-Cassole-balade-nature-Provence-Verte-Var.jpg 792w, https:\/\/www.the-travel-bunny.com\/fr\/wp-content\/uploads\/sites\/3\/2025\/10\/Cascade-Cotignac-riviere-Cassole-balade-nature-Provence-Verte-Var-300x111.jpg 300w, https:\/\/www.the-travel-bunny.com\/fr\/wp-content\/uploads\/sites\/3\/2025\/10\/Cascade-Cotignac-riviere-Cassole-balade-nature-Provence-Verte-Var-768x285.jpg 768w\" sizes=\"auto, (max-width: 792px) 100vw, 792px\" \/><figcaption class=\"wp-element-caption\"><em>Lors de notre deuxi\u00e8me tentative pour visiter Cotignac et atteindre la cascade, nous avons d\u00e9couvert une plus petite chute d\u2019eau, pr\u00e8s du point o\u00f9 le sentier principal est bloqu\u00e9 par des arbres tomb\u00e9s. C\u2019est un endroit paisible, couvert de mousse, qui offre un aper\u00e7u de la puissance de la rivi\u00e8re Cassole sous la falaise du Rocher de Cotignac.<\/em><\/figcaption><\/figure>\n\n\n\n<h2 class=\"wp-block-heading\" id=\"second-attempt-to-visit-the-waterfall\">Deuxi\u00e8me tentative de voir la Cascade Cassole \/ Gouffre de Cotignac<\/h2>\n\n\n\n<p>Apr\u00e8s le d\u00e9jeuner, nous avons d\u00e9cid\u00e9 d\u2019essayer \u00e0 nouveau de voir la <strong>cascade de Cotignac<\/strong>, cette fois en suivant le sentier qui d\u00e9marre \u00e0 c\u00f4t\u00e9 de la <strong>Police Municipale<\/strong>. Le chemin longe la rivi\u00e8re, \u00e0 l\u2019ombre et au calme, avec des bancs et des tables de pique-nique pr\u00e8s du d\u00e9part. L\u2019endroit semblait prometteur, plus facile \u00e0 suivre et plus d\u00e9gag\u00e9 que celui qui part derri\u00e8re la <strong>mairie de Cotignac<\/strong>. Nous esp\u00e9rions que ce sentier nous m\u00e8nerait enfin au pied de la chute.<\/p>\n\n\n\n<p>Pendant un moment, la balade \u00e9tait magnifique. Puis, l<strong>e chemin le long de la Cassole s\u2019est arr\u00eat\u00e9 net<\/strong>. De gros arbres barraient le passage, et juste apr\u00e8s, un ruban rouge et blanc interdisait l\u2019acc\u00e8s.<\/p>\n\n\n\n<p>William s\u2019\u00e9tait endormi, et pour qu\u2019il reste ainsi, il fallait continuer \u00e0 marcher. Nous avons donc choisi de revenir sur nos pas et de monter jusqu\u2019au sanctuaire de Cotignac.<\/p>\n\n\n\n<hr class=\"wp-block-separator has-alpha-channel-opacity\"\/>\n\n\n\n<h2 class=\"wp-block-heading\" id=\"the-sanctuary-of-notre-dame-de-graces\">Le Sanctuaire Notre-Dame de Gr\u00e2ces<\/h2>\n\n\n\n<p><strong>Visiter le sanctuaire Notre-Dame de Gr\u00e2ces Cotignac<\/strong> marque une transition paisible apr\u00e8s l\u2019animation des ruelles du village. Le sanctuaire est perch\u00e9 sur une colline bord\u00e9e de cypr\u00e8s et de pins, dominant les vignobles et les falaises qui dessinent le paysage de Cotignac Provence. C\u2019est l\u2019une des \u00e9tapes les plus significatives de cette r\u00e9gion de <strong>Provence Verte<\/strong>, non seulement pour les croyant\u00b7e\u00b7s, mais aussi pour toute personne sensible \u00e0 <strong>l\u2019histoire de Cotignac<\/strong> et \u00e0 son <strong>patrimoine spirituel et culturel<\/strong>.<\/p>\n\n\n\n<p>Le site attire des p\u00e8lerins depuis des si\u00e8cles, depuis <strong>l\u2019apparition de la Vierge Marie<\/strong> en 1519, suivie plus tard par la visite de <strong>Louis XIV<\/strong>, qui y laissa une plaque votive en signe de gratitude.<\/p>\n\n\n\n<p class=\"has-extra-info-background-color has-background\"><strong>Conseil voyage Cotignac :<\/strong> Pour une exp\u00e9rience compl\u00e8te, pr\u00e9voyez de combiner la visite du sanctuaire Notre-Dame de Gr\u00e2ces avec la Balade du Rocher de Cotignac, afin de relier patrimoine, spiritualit\u00e9 et nature dans le m\u00eame itin\u00e9raire.<\/p>\n\n\n\n<div style=\"height:10px\" aria-hidden=\"true\" class=\"wp-block-spacer\"><\/div>\n\n\n\n<figure class=\"wp-block-image size-full\"><img loading=\"lazy\" decoding=\"async\" width=\"792\" height=\"294\" src=\"https:\/\/www.the-travel-bunny.com\/fr\/wp-content\/uploads\/sites\/3\/2025\/10\/Chemin-des-Pelerins-Cotignac-sentier-vers-Notre-Dame-de-Graces-Provence-Verte.jpg\" alt=\"Chemin des P\u00e8lerins \u00e0 Cotignac en Provence Verte, bord\u00e9 d\u2019oratoires et menant au sanctuaire Notre-Dame de Gr\u00e2ces.\" class=\"wp-image-8172\" title=\"\" srcset=\"https:\/\/www.the-travel-bunny.com\/fr\/wp-content\/uploads\/sites\/3\/2025\/10\/Chemin-des-Pelerins-Cotignac-sentier-vers-Notre-Dame-de-Graces-Provence-Verte.jpg 792w, https:\/\/www.the-travel-bunny.com\/fr\/wp-content\/uploads\/sites\/3\/2025\/10\/Chemin-des-Pelerins-Cotignac-sentier-vers-Notre-Dame-de-Graces-Provence-Verte-300x111.jpg 300w, https:\/\/www.the-travel-bunny.com\/fr\/wp-content\/uploads\/sites\/3\/2025\/10\/Chemin-des-Pelerins-Cotignac-sentier-vers-Notre-Dame-de-Graces-Provence-Verte-768x285.jpg 768w\" sizes=\"auto, (max-width: 792px) 100vw, 792px\" \/><figcaption class=\"wp-element-caption\"><em>The Chemin des P\u00e8lerins starts beside the Police Municipale and climbs gently through pine forest and olive trees toward the Sanctuary of Notre-Dame de Gr\u00e2ces. Lined with small oratories, this peaceful walk combines nature, devotion, and beautiful views across Cotignac.<\/em><\/figcaption><\/figure>\n\n\n\n<h3 class=\"wp-block-heading\" id=\"reaching-the-sanctuary\">Acc\u00e8s au sanctuaire Notre-Dame de Gr\u00e2ces<\/h3>\n\n\n\n<p>Nous avons commenc\u00e9 notre <strong>balade \u00e0 Cotignac<\/strong> en d\u00e9but d\u2019apr\u00e8s-midi, en prenant la <strong>route situ\u00e9e \u00e0 c\u00f4t\u00e9 de la Police Municipale.<\/strong> Le <strong>chemin vers le sanctuaire<\/strong> grimpe entre les maisons avant de rejoindre le grand escalier menant \u00e0 l\u2019\u00e9glise. La mont\u00e9e est un peu raide mais bien ombrag\u00e9e. Nous avons pr\u00e9f\u00e9r\u00e9 cet itin\u00e9raire \u00e0 la route, sans trottoir et fr\u00e9quent\u00e9e par les voitures.<\/p>\n\n\n\n<p><strong>Le sentier n\u2019est pas adapt\u00e9 aux poussettes<\/strong>, alors nous avons port\u00e9 notre fils dans son porte-b\u00e9b\u00e9. Il est rest\u00e9 endormi, la t\u00eate pos\u00e9e sur ses mains, pendant que nous gravissions les marches en silence. L\u2019air portait une l\u00e9g\u00e8re odeur de r\u00e9sine de pin et de terre s\u00e8che, et les <strong>cloches du village de Cotignac<\/strong> sonnaient doucement en contrebas.<\/p>\n\n\n\n<hr class=\"wp-block-separator has-alpha-channel-opacity is-style-dots\"\/>\n\n\n\n<figure class=\"wp-block-image size-full\"><img loading=\"lazy\" decoding=\"async\" width=\"792\" height=\"804\" src=\"https:\/\/www.the-travel-bunny.com\/fr\/wp-content\/uploads\/sites\/3\/2025\/10\/Sanctuaire-Notre-Dame-de-Graces-Cotignac-lieu-de-pelerinage-Provence-Verte.jpg\" alt=\"Sanctuaire Notre-Dame de Gr\u00e2ces \u00e0 Cotignac en Provence Verte, avec vue panoramique, int\u00e9rieur vo\u00fbt\u00e9 bleu et statues religieuses.\" class=\"wp-image-8173\" title=\"\" srcset=\"https:\/\/www.the-travel-bunny.com\/fr\/wp-content\/uploads\/sites\/3\/2025\/10\/Sanctuaire-Notre-Dame-de-Graces-Cotignac-lieu-de-pelerinage-Provence-Verte.jpg 792w, https:\/\/www.the-travel-bunny.com\/fr\/wp-content\/uploads\/sites\/3\/2025\/10\/Sanctuaire-Notre-Dame-de-Graces-Cotignac-lieu-de-pelerinage-Provence-Verte-296x300.jpg 296w, https:\/\/www.the-travel-bunny.com\/fr\/wp-content\/uploads\/sites\/3\/2025\/10\/Sanctuaire-Notre-Dame-de-Graces-Cotignac-lieu-de-pelerinage-Provence-Verte-768x780.jpg 768w\" sizes=\"auto, (max-width: 792px) 100vw, 792px\" \/><figcaption class=\"wp-element-caption\"><em>Le sanctuaire de Notre-Dame de Gr\u00e2ces \u00e0 Cotignac allie patrimoine spirituel et beaut\u00e9 proven\u00e7ale. \u00c0 l\u2019int\u00e9rieur, les vo\u00fbtes bleues et les reliques s\u00e9culaires honorent la Vierge Marie, tandis qu\u2019\u00e0 l\u2019ext\u00e9rieur, la croix de pierre domine les vall\u00e9es verdoyantes de la Provence Verte.<\/em><\/figcaption><\/figure>\n\n\n\n<h3 class=\"wp-block-heading\" id=\"inside-the-sanctuary\">\u00c0 l\u2019int\u00e9rieur du sanctuaire de Notre-Dame de Gr\u00e2ces<\/h3>\n\n\n\n<p>Le lieu \u00e9tait calme lorsque nous sommes arriv\u00e9s, presque d\u00e9sert. \u00c0 peine franchi le seuil, c\u2019est le plafond qui a capt\u00e9 mon attention. Peint dans des tons profonds de bleu, il est parsem\u00e9 d\u2019\u00e9toiles scintillantes au-dessus de la statue de la Vierge. Le long des murs, des centaines de <strong>plaques votives et de m\u00e9dailles militaires<\/strong> racontent des histoires de gratitude et de foi, laiss\u00e9es par celles et ceux qui croyaient avoir re\u00e7u une aide en ce lieu.<\/p>\n\n\n\n<p>Devant le petit <strong>ex-voto de Louis XIV<\/strong>, j\u2019ai pens\u00e9 \u00e0 toutes les vies qui avaient travers\u00e9 ce sanctuaire. Nous sommes rest\u00e9s l\u00e0 un moment, en silence. Je ne vais pas souvent \u00e0 l\u2019\u00e9glise, mais cette visite avait une autre r\u00e9sonance. Apr\u00e8s toutes <strong>les routes barr\u00e9es et les difficult\u00e9s de stationnement \u00e0 Cotignac<\/strong>, nous nous retrouvions ici, comme guid\u00e9s. \u00c9tait-ce un simple hasard ? Ou bien, comme on le dit souvent, certains endroits nous attirent pour une raison pr\u00e9cise.<\/p>\n\n\n\n<p>Apr\u00e8s des ann\u00e9es \u00e0 tenter de fonder une famille, nous avions enfin notre fils. Et apr\u00e8s tous les impr\u00e9vus de ce <strong>week-end \u00e0 Cotignac<\/strong>, nous avions abouti ici, dans ce lieu o\u00f9 <strong>les familles viennent prier pour avoir un enfant ou remercier pour celui qu\u2019elles ont eu<\/strong>.<\/p>\n\n\n\n<p class=\"has-extra-info-background-color has-background\"><strong>Conseil voyage Cotignac :<\/strong> Le sanctuaire Notre-Dame de Gr\u00e2ces Cotignac est ouvert tous les jours, mais le meilleur moment pour visiter Cotignac est en fin de matin\u00e9e, lorsque le lieu est encore paisible. Pensez \u00e0 apporter un foulard ou une petite veste pour respecter la tenue locale \u00e0 l\u2019int\u00e9rieur du sanctuaire.<\/p>\n\n\n\n<p>Juste apr\u00e8s le sanctuaire se trouve <strong>Saint Joseph du Bessillon<\/strong>, autre site de <strong>p\u00e8lerinage \u00e0 Cotignac<\/strong> li\u00e9 \u00e0 une apparition en 1660. Ces deux sanctuaires font partie d\u2019un m\u00eame itin\u00e9raire spirituel en Provence, illustrant la profondeur de <strong>l\u2019histoire religieuse et du patrimoine de Cotignac<\/strong>, une tradition toujours vivante, m\u00eame pour celles et ceux qui viennent simplement admirer le panorama sur la Provence Verte.<\/p>\n\n\n\n<hr class=\"wp-block-separator has-alpha-channel-opacity\"\/>\n\n\n\n<h2 class=\"wp-block-heading\" id=\"afternoon-surprise-equestrian-show-at-the-fete-du-coing\">Surprise de l\u2019apr\u00e8s-midi. Spectacle \u00e9questre \u00e0 la <strong>F\u00eate du Coing<\/strong><\/h2>\n\n\n\n<p>En d\u00e9but d\u2019apr\u00e8s-midi, Cotignac Provence retrouvait son animation. Le vent s\u2019\u00e9tait lev\u00e9 et les banderoles de la <strong>F\u00eate du Coing Cotignac<\/strong> flottaient le long du <strong>Cours Gambetta Cotignac<\/strong>. Nous savions gr\u00e2ce aux affiches qu\u2019un <strong>spectacle \u00e9questre aurait lieu \u00e0 14h<\/strong>, alors nous avions organis\u00e9 nos balades et la sieste de notre fils en fonction. Apr\u00e8s la visite du sanctuaire Notre-Dame de Gr\u00e2ces Cotignac, nous sommes revenus vers le march\u00e9, arrivant pile \u00e0 temps.<\/p>\n\n\n\n<p>Mais les affiches avec le programme de la F\u00eate du Coing n\u2019indiquaient pas le lieu de la repr\u00e9sentation, et personne ne semblait certain. Nous avons demand\u00e9 au <strong>Resto du Coing<\/strong>, o\u00f9 le personnel a souri avant de nous orienter vers le <strong>Parking 634 Lauron Cotignac<\/strong>, le m\u00eame parking qui avait \u00e9t\u00e9 ferm\u00e9 la veille lors de notre arriv\u00e9e.<\/p>\n\n\n\n<div style=\"height:10px\" aria-hidden=\"true\" class=\"wp-block-spacer\"><\/div>\n\n\n\n<h3 class=\"wp-block-heading\" id=\"discovering-the-show\">D\u00e9couvrir le spectacle<\/h3>\n\n\n\n<p><strong>Le spectacle \u00e9questre de l\u2019<a href=\"https:\/\/www.facebook.com\/chevauxdeprestige\/\" target=\"_blank\" rel=\"noreferrer noopener\">Association Chevaux de Prestige<\/a><\/strong> allait commencer lorsque nous sommes arriv\u00e9s sur place. Les cavaliers, v\u00eatus de costumes mongols ou des couleurs jaune et verte du festival du coing, guidaient de magnifiques chevaux en cercles serr\u00e9s autour des grands platanes. Le bruit r\u00e9gulier des sabots r\u00e9sonnait puissamment sur le sol.<\/p>\n\n\n\n<p>Les familles formaient un cercle tout autour, les enfants assis sur les barri\u00e8res ou sur les \u00e9paules de leurs parents, bien emmitoufl\u00e9s contre le froid. Les chevaux \u00e9voluaient avec une gr\u00e2ce ma\u00eetris\u00e9e, une harmonie naturelle typique de ces <strong>f\u00eates de village en Provence<\/strong> qui perp\u00e9tuent les traditions avec fiert\u00e9.<\/p>\n\n\n\n<hr class=\"wp-block-separator has-alpha-channel-opacity is-style-dots\"\/>\n\n\n\n<h3 class=\"wp-block-heading\" id=\"watching-with-our-toddler\">Regarder avec notre tout-petit<\/h3>\n\n\n\n<p><strong>Notre fils observait, les yeux grands ouverts, silencieux pendant pr\u00e8s de quarante minutes, compl\u00e8tement captiv\u00e9<\/strong>. Chaque fois que les chevaux passaient au trot, il riait et applaudissait parfois. C\u2019\u00e9tait ce genre de moments qui rendent un voyage en famille en Provence si pr\u00e9cieux. <strong>Le vent se renfor\u00e7ait<\/strong> au fil du spectacle et nos doigts commen\u00e7aient \u00e0 geler.<\/p>\n\n\n\n<p>Le d\u00e9fil\u00e9 pr\u00e9vu ensuite devait sans doute continuer le long du <strong>Cours Gambetta<\/strong>, mais nous avons pr\u00e9f\u00e9r\u00e9 y renoncer. \u00c0 la place, nous nous sommes arr\u00eat\u00e9s au <strong>Bar Le Marigny Cotignac<\/strong> pour nous r\u00e9chauffer avec leur fabuleux <strong>vin blanc chaud au coing<\/strong>, infus\u00e9 toute la nuit.<\/p>\n\n\n\n<hr class=\"wp-block-separator has-alpha-channel-opacity is-style-dots\"\/>\n\n\n\n<h3 class=\"wp-block-heading\">Un dernier go\u00fbt de Provence<\/h3>\n\n\n\n<p>J\u2019ai command\u00e9 notre vin chaud \u00e0 emporter. C\u2019est l\u00e0 que j\u2019ai appris qu\u2019ils n\u2019acceptaient pas les paiements par carte en dessous de 15 euros. Et nos deux verres n\u2019en co\u00fbtaient que 8. J\u2019ai donc couru jusqu\u2019au distributeur, retir\u00e9 un peu d\u2019argent, puis suis revenue en vitesse.<\/p>\n\n\n\n<p>Nous avons repris notre marche, les mains autour des gobelets fumants. La place \u00e9tait de nouveau pleine, la musique se m\u00ealant aux rires et aux conversations. <strong>C\u2019\u00e9tait une fin simple et vraie, \u00e0 l\u2019image de Cotignac<\/strong>, ce village troglodyte de Provence Verte o\u00f9 chaque d\u00e9tail semble raconter une histoire.<\/p>\n\n\n\n<hr class=\"wp-block-separator has-alpha-channel-opacity\"\/>\n\n\n\n<figure class=\"wp-block-image size-full\"><img loading=\"lazy\" decoding=\"async\" width=\"792\" height=\"294\" src=\"https:\/\/www.the-travel-bunny.com\/fr\/wp-content\/uploads\/sites\/3\/2025\/10\/Vignobles-Cotignac-Provence-Verte-route-des-vins-du-Var.jpg\" alt=\"Vue panoramique sur les vignobles de Cotignac en Provence Verte avec le village au loin sous un ciel bleu clair.\" class=\"wp-image-8174\" title=\"\" srcset=\"https:\/\/www.the-travel-bunny.com\/fr\/wp-content\/uploads\/sites\/3\/2025\/10\/Vignobles-Cotignac-Provence-Verte-route-des-vins-du-Var.jpg 792w, https:\/\/www.the-travel-bunny.com\/fr\/wp-content\/uploads\/sites\/3\/2025\/10\/Vignobles-Cotignac-Provence-Verte-route-des-vins-du-Var-300x111.jpg 300w, https:\/\/www.the-travel-bunny.com\/fr\/wp-content\/uploads\/sites\/3\/2025\/10\/Vignobles-Cotignac-Provence-Verte-route-des-vins-du-Var-768x285.jpg 768w\" sizes=\"auto, (max-width: 792px) 100vw, 792px\" \/><figcaption class=\"wp-element-caption\"><em>La route de Cotignac \u00e0 Carc\u00e8s s\u2019ouvre sur des rang\u00e9es de vignobles dor\u00e9s, encadr\u00e9s par les collines vertes de la Provence Verte. D\u2019ici, on aper\u00e7oit les toits de tuiles de Carc\u00e8s, paisible village viticole connu pour ses balades autour du lac et ses caves coop\u00e9ratives.<\/em><\/figcaption><\/figure>\n\n\n\n<h2 class=\"wp-block-heading\" id=\"sunday-evening-wind-down-and-return-via-carces\">Retour tranquille par Carc\u00e8s dimanche soir<\/h2>\n\n\n\n<p>\u00c0 mesure que l\u2019apr\u00e8s-midi d\u00e9clinait, nous avons rang\u00e9 le camping-car et pr\u00e9par\u00e9 le retour. Quitter <strong>Cotignac France<\/strong>, apr\u00e8s un week-end aussi riche, avait un go\u00fbt doux-amer.<\/p>\n\n\n\n<div style=\"height:10px\" aria-hidden=\"true\" class=\"wp-block-spacer\"><\/div>\n\n\n\n<h3 class=\"wp-block-heading\" id=\"the-drive-through-carces\">La route \u00e0 travers Carc\u00e8s<\/h3>\n\n\n\n<p>Nous avons quitt\u00e9 Cotignac Provence, travers\u00e9 <strong><a href=\"https:\/\/www.the-travel-bunny.com\/fr\/weekend-a-carces-cascades-de-caramy\/\" data-type=\"post\" data-id=\"7787\">Carc\u00e8s<\/a><\/strong> et long\u00e9 <strong><a href=\"https:\/\/www.the-travel-bunny.com\/fr\/visite-abbaye-du-thoronet-guide-var\/\" data-type=\"post\" data-id=\"7856\">l\u2019abbaye du Thoronet<\/a><\/strong>, en repensant au week-end pass\u00e9 dans cette r\u00e9gion quelques mois plus t\u00f4t. C\u2019\u00e9tait l\u2019itin\u00e9raire le plus pittoresque vers l\u2019autoroute. La route serpentait entre <strong>vignobles, oliveraies et petits murets de pierre<\/strong> qui captaient la lumi\u00e8re du soir. Le camping-car avan\u00e7ait lentement dans les virages \u00e9troits tandis que la lumi\u00e8re passait du dor\u00e9 au rose. <strong>C\u2019\u00e9tait une belle fin de notre road trip en Provence<\/strong>, calme et sereine apr\u00e8s deux journ\u00e9es bien remplies.<\/p>\n\n\n\n<hr class=\"wp-block-separator has-alpha-channel-opacity is-style-dots\"\/>\n\n\n\n<h3 class=\"wp-block-heading\" id=\"looking-back-at-the-weekend\">Retour sur notre week-end \u00e0 Cotignac<\/h3>\n\n\n\n<p>En conduisant, je repensais \u00e0 <strong>la diff\u00e9rence entre Cotignac et Sillans-la-Cascade<\/strong>. Apr\u00e8s les panneaux <em>interdit aux camping-cars<\/em> et les routes barr\u00e9es l\u00e0-bas, l\u2019accueil ouvert du village troglodyte de Cotignac ressortait d\u2019autant plus. <strong>C\u2019est un endroit qui sait accueillir les visiteurs sans perdre son rythme local.<\/strong><\/p>\n\n\n\n<p>J\u2019ai dit \u00e0 Mathieu qu\u2019il faudrait revenir pour d\u2019autres <strong>\u00e9v\u00e9nements \u00e0 Cotignac<\/strong> et rester plus longtemps la prochaine fois, peut-\u00eatre tenter les <strong>balades autour du Rocher de Cotignac<\/strong> que nous n\u2019avions pas pu faire. Ma belle-m\u00e8re et son compagnon avaient manqu\u00e9 la <strong>F\u00eate du Coing Cotignac<\/strong> cette ann\u00e9e, mais l\u2019ont d\u00e9j\u00e0 not\u00e9e pour octobre prochain. Avec Willy un an plus \u00e2g\u00e9, nous pourrons mieux profiter du march\u00e9 du mardi de Cotignac et des restaurants du village, peut-\u00eatre en famille \u00e9largie.<\/p>\n\n\n\n<div style=\"height:10px\" aria-hidden=\"true\" class=\"wp-block-spacer\"><\/div>\n\n\n\n<p><strong>Notre itin\u00e9raire \u00e0 Cotignac<\/strong> s\u2019est termin\u00e9 comme il avait commenc\u00e9, entour\u00e9 des collines de la Provence Verte. Cette courte escapade m\u2019a rappel\u00e9 que les meilleurs voyages ne sont pas ceux o\u00f9 tout se d\u00e9roule parfaitement, mais ceux qui laissent une impression juste, authentique. Cotignac a fait cela. Il a transform\u00e9 un week-end de parkings complets et de d\u00e9tours en <strong>souvenir paisible et sinc\u00e8re<\/strong>, de ceux qui vous donnent envie de revenir avant m\u00eame d\u2019\u00eatre rentr\u00e9 chez vous.<\/p>\n\n\n\n<hr class=\"wp-block-separator has-alpha-channel-opacity\"\/>\n\n\n\n<h2 class=\"wp-block-heading\" id=\"practical-cotignac-travel-guide\">Guide touristique Cotignac<\/h2>\n\n\n\n<p>Pr\u00e9parer votre <strong>voyage \u00e0 Cotignac<\/strong> devient simple d\u00e8s que l\u2019on comprend comment les saisons et la vie d\u2019un <strong>petit village de Provence Verte<\/strong> influencent le quotidien. Cette r\u00e9gion de Provence Verte suit encore le rythme des march\u00e9s, des cloches d\u2019\u00e9glise et des soir\u00e9es d\u2019\u00e9t\u00e9 qui s\u2019\u00e9tirent longtemps sous la chaleur du Sud. Que vous veniez en voiture, en camping-car ou en van de location, ces conseils vous aideront \u00e0 organiser l\u2019\u00e9tape parfaite dans votre <strong>itin\u00e9raire Cotignac<\/strong> ou au cours d\u2019un <strong>road trip en Provence<\/strong> plus long.<\/p>\n\n\n\n<div style=\"height:10px\" aria-hidden=\"true\" class=\"wp-block-spacer\"><\/div>\n\n\n\n<figure class=\"wp-block-image size-full\"><img loading=\"lazy\" decoding=\"async\" width=\"792\" height=\"294\" src=\"https:\/\/www.the-travel-bunny.com\/fr\/wp-content\/uploads\/sites\/3\/2025\/10\/Theatre-du-Rocher-Cotignac-patrimoine-culturel-Provence-Verte-Var.jpg\" alt=\"Ruines en pierre du Th\u00e9\u00e2tre du Rocher de Cotignac adoss\u00e9es \u00e0 la falaise verdoyante en Provence Verte.\" class=\"wp-image-8175\" title=\"\" srcset=\"https:\/\/www.the-travel-bunny.com\/fr\/wp-content\/uploads\/sites\/3\/2025\/10\/Theatre-du-Rocher-Cotignac-patrimoine-culturel-Provence-Verte-Var.jpg 792w, https:\/\/www.the-travel-bunny.com\/fr\/wp-content\/uploads\/sites\/3\/2025\/10\/Theatre-du-Rocher-Cotignac-patrimoine-culturel-Provence-Verte-Var-300x111.jpg 300w, https:\/\/www.the-travel-bunny.com\/fr\/wp-content\/uploads\/sites\/3\/2025\/10\/Theatre-du-Rocher-Cotignac-patrimoine-culturel-Provence-Verte-Var-768x285.jpg 768w\" sizes=\"auto, (max-width: 792px) 100vw, 792px\" \/><figcaption class=\"wp-element-caption\"><em>Le Th\u00e9\u00e2tre du Rocher \u00e0 Cotignac occupe les ruines restaur\u00e9es d\u2019anciens habitats troglodytiques d\u00e9truits par un \u00e9boulement au d\u00e9but du XX\u1d49 si\u00e8cle. Chaque \u00e9t\u00e9, il accueille des concerts et le festival de cin\u00e9ma plein air Les Toiles du Sud sous le Rocher de Cotignac illumin\u00e9.<\/em><\/figcaption><\/figure>\n\n\n\n<h3 class=\"wp-block-heading\" id=\"best-time-to-visit\">Meilleure p\u00e9riode pour visiter Cotignac<\/h3>\n\n\n\n<p>La <strong>meilleure p\u00e9riode pour visiter Cotignac<\/strong> d\u00e9pend du type d\u2019exp\u00e9rience que vous recherchez. Le village b\u00e9n\u00e9ficie d\u2019un <strong>climat m\u00e9diterran\u00e9en<\/strong>, avec des \u00e9t\u00e9s chauds et secs et des hivers doux. En \u00e9t\u00e9, les temp\u00e9ratures peuvent atteindre environ <strong>33\u00b0C<\/strong>, tandis qu\u2019en hiver elles descendent \u00e0 <strong>10\u00b0C<\/strong>. Les saisons les plus agr\u00e9ables restent <strong>le printemps (avril \u00e0 juin) et l\u2019automne (septembre \u00e0 octobre)<\/strong>, lorsque les journ\u00e9es tournent autour de 25 \u00b0C et que les <strong>march\u00e9s de Cotignac<\/strong> sont anim\u00e9s sans \u00eatre bond\u00e9s.<\/p>\n\n\n\n<p><strong><span style=\"text-decoration: underline;\">Le printemps en Provence<\/span><\/strong> est une p\u00e9riode fleurie o\u00f9 les matin\u00e9es de march\u00e9 s\u2019\u00e9tendent sur les terrasses. C\u2019est le moment id\u00e9al pour explorer les falaises troglodytiques de Cotignac, les sentiers, et les vignobles environnants sans subir la chaleur estivale.<\/p>\n\n\n\n<p><strong><a href=\"https:\/\/www.the-travel-bunny.com\/fr\/conseils-vacances-automne\/\">Les march\u00e9s d\u2019automne<\/a><\/strong> sont hauts en couleur, remplis de figues, de raisins et de produits \u00e0 base de coing, annon\u00e7ant la <strong>F\u00eate du Coing de Cotignac<\/strong> en octobre, l\u2019un des \u00e9v\u00e9nements phares du village chaque ann\u00e9e.<\/p>\n\n\n\n<p><strong>L\u2019\u00e9t\u00e9 \u00e0 Cotignac<\/strong> est la saison des festivals et de la vie nocturne. L\u2019un des moments forts est <strong>Les Toiles du Sud<\/strong>, organis\u00e9 au <strong>Th\u00e9\u00e2tre du Rocher<\/strong>, un <strong>cin\u00e9ma plein air \u00e0 Cotignac<\/strong> construit au pied de la falaise. Les projections se d\u00e9roulent en juillet et en ao\u00fbt, transformant la roche en \u00e9cran naturel. Les habitant\u00b7e\u00b7s apportent chaises, en-cas et vin, faisant de cet \u00e9v\u00e9nement l\u2019un des <strong>festivals d\u2019\u00e9t\u00e9 les plus charmants du sud de la France<\/strong>.<\/p>\n\n\n\n<p><strong>L\u2019hiver en Provence<\/strong> est plus calme mais garde tout son charme. Les rues restent agr\u00e9ables \u00e0 parcourir \u00e0 pied, les caf\u00e9s ouverts, et les falaises se parent de belles lumi\u00e8res rasantes. Pour les voyageur\u00b7se\u00b7s au long cours ou les expatri\u00e9\u00b7e\u00b7s, c\u2019est une p\u00e9riode id\u00e9ale pour des promenades paisibles, la visite des sanctuaires de Cotignac comme Notre-Dame de Gr\u00e2ces ou Saint Joseph du Bessillon, et pour appr\u00e9cier le rythme doux de la Provence Verte loin des foules.<\/p>\n\n\n\n<hr class=\"wp-block-separator has-alpha-channel-opacity is-style-dots\"\/>\n\n\n\n<h3 class=\"wp-block-heading\" id=\"getting-around-and-parking\">Se d\u00e9placer et se garer \u00e0 Cotignac Provence<\/h3>\n\n\n\n<p><strong>Se rendre \u00e0 Cotignac<\/strong> et s\u2019y d\u00e9placer est plus simple en voiture. Il n\u2019y a <strong>pas de gare \u00e0 Cotignac<\/strong>, et les liaisons de bus depuis <strong>Brignoles ou Aups<\/strong> sont rares, surtout le week-end. <strong>La conduite est donc essentielle<\/strong>, mais les ruelles \u00e9troites du village demandent un peu d\u2019attention, comme souvent dans le sud de la France. Le stationnement \u00e0 Cotignac reste limit\u00e9 dans le centre, m\u00eame si plusieurs parkings officiels se trouvent en p\u00e9riph\u00e9rie.<\/p>\n\n\n\n<p>Voici un aper\u00e7u pratique de la <strong>carte des parkings de Cotignac<\/strong> :<\/p>\n\n\n\n<ul class=\"wp-block-list\">\n<li><strong>Parking 634 Lauron<\/strong>. Grand parking en gravier pr\u00e8s de l\u2019entr\u00e9e basse du village. Ferm\u00e9 lors des grands \u00e9v\u00e9nements comme la F\u00eate du Coing.<\/li>\n\n\n\n<li><strong>Parking pr\u00e8s de l\u2019<a href=\"https:\/\/la-provence-verte.net\/ot_cotignac\/\" target=\"_blank\" rel=\"noreferrer noopener\">Office de Tourisme de Cotignac<\/a><\/strong>. Central et pratique, mais limit\u00e9 \u00e0 2 m de hauteur. Non adapt\u00e9 aux vans ou camping-cars.<\/li>\n\n\n\n<li><strong>867 chemin de la Colle Cotignac<\/strong>. Le plus adapt\u00e9 aux voyages en van ou en camping-car \u00e0 Cotignac, \u00e0 une quinzaine de minutes \u00e0 pied du centre. Terrain plat, souvent mentionn\u00e9 sur Park4Night, parfait pour une nuit tranquille.<\/li>\n\n\n\n<li><strong>Des petits parkings gratuits<\/strong> se trouvent le long des routes d\u2019acc\u00e8s au village, mais ils se remplissent vite le mardi matin jour de march\u00e9 de Cotignac.<\/li>\n<\/ul>\n\n\n\n<p>Conduire offre une <strong>grande libert\u00e9 pour d\u00e9couvrir les villages de Provence Verte voisins comme Sillans-la-Cascade, Entrecasteaux et Carc\u00e8s<\/strong>. Pour les adeptes de la <strong>vanlife en Provence<\/strong>, il est conseill\u00e9 d\u2019arriver avant la fin d\u2019apr\u00e8s-midi afin de trouver un emplacement plat, et de v\u00e9rifier les fermetures temporaires li\u00e9es aux \u00e9v\u00e9nements.<\/p>\n\n\n\n<p>Cotignac reste accueillant pour les conducteurs et conductrices respectueux\u00b7ses, une qualit\u00e9 qui contribue \u00e0 son charme parmi les <strong>plus beaux villages de Provence Verte<\/strong>.<\/p>\n\n\n\n<hr class=\"wp-block-separator has-alpha-channel-opacity is-style-dots\"\/>\n\n\n\n<h3 class=\"wp-block-heading\" id=\"where-to-stay-in-cotignac\">O\u00f9 dormir \u00e0 Cotignac<\/h3>\n\n\n\n<p>Trouver un <strong>h\u00e9bergement \u00e0 Cotignac<\/strong> varie entre h\u00f4tels-boutiques de charme et s\u00e9jours familiaux \u00e0 petit budget, ce qui permet \u00e0 chacun\u00b7e d\u2019adapter son s\u00e9jour selon son style de voyage. Ce guide Cotignac pr\u00e9sente une s\u00e9lection d\u2019h\u00f4tels, de <strong>locations de villas \u00e0 Cotignac Provence<\/strong>, et de <strong>campings \u00e0 Cotignac<\/strong>, pour vivre pleinement l\u2019exp\u00e9rience du village troglodyte de Cotignac au c\u0153ur de la Provence Verte.<\/p>\n\n\n\n<div style=\"height:10px\" aria-hidden=\"true\" class=\"wp-block-spacer\"><\/div>\n\n\n\n<figure class=\"wp-block-image size-full\"><img loading=\"lazy\" decoding=\"async\" width=\"792\" height=\"294\" src=\"https:\/\/www.the-travel-bunny.com\/fr\/wp-content\/uploads\/sites\/3\/2025\/10\/Hotel-Lou-Calen-Cotignac-restaurant-Provence-Verte-Var.jpg\" alt=\"Vue sur l\u2019h\u00f4tel et restaurant Lou Calen \u00e0 Cotignac en Provence Verte, situ\u00e9 sur la place principale pr\u00e8s de la fontaine.\" class=\"wp-image-8176\" title=\"\" srcset=\"https:\/\/www.the-travel-bunny.com\/fr\/wp-content\/uploads\/sites\/3\/2025\/10\/Hotel-Lou-Calen-Cotignac-restaurant-Provence-Verte-Var.jpg 792w, https:\/\/www.the-travel-bunny.com\/fr\/wp-content\/uploads\/sites\/3\/2025\/10\/Hotel-Lou-Calen-Cotignac-restaurant-Provence-Verte-Var-300x111.jpg 300w, https:\/\/www.the-travel-bunny.com\/fr\/wp-content\/uploads\/sites\/3\/2025\/10\/Hotel-Lou-Calen-Cotignac-restaurant-Provence-Verte-Var-768x285.jpg 768w\" sizes=\"auto, (max-width: 792px) 100vw, 792px\" \/><figcaption class=\"wp-element-caption\"><em>Lou Calen, l\u2019h\u00f4tel \u00e9co-responsable de Cotignac, allie charme proven\u00e7al et design contemporain sur la Place Joseph Sigaud. Son restaurant, sa cave \u00e0 vin et ses terrasses-jardins en font un lieu paisible o\u00f9 s\u00e9journer ou d\u00eener au pied du Rocher de Cotignac.<\/em><\/figcaption><\/figure>\n\n\n\n<h4 class=\"wp-block-heading\" id=\"boutique-luxury-option\">Option Boutique &amp; Luxe<\/h4>\n\n\n\n<p>Commencez par l\u2019<strong><a href=\"https:\/\/booking.tpx.lv\/usjFfpRK\" target=\"_blank\" rel=\"noreferrer noopener sponsored\">h\u00f4tel Lou Calen Cotignac<\/a><\/strong>, un \u00e9co-resort situ\u00e9 au c\u0153ur du village, sur un domaine verdoyant de trois hectares. Avec ses 36 chambres donnant sur les jardins ou sur le village de Cotignac, <strong>sa piscine ext\u00e9rieure et son restaurant \u00e9toil\u00e9 vert Michelin<\/strong>, l\u2019\u00e9tablissement incarne parfaitement l\u2019art de vivre proven\u00e7al. C\u2019est le choix id\u00e9al pour les voyageurs et voyageuses en qu\u00eate de confort, de style, et d\u2019une adresse centrale.<\/p>\n\n\n\n<div style=\"height:10px\" aria-hidden=\"true\" class=\"wp-block-spacer\"><\/div>\n\n\n\n<figure class=\"wp-block-image size-full\"><img loading=\"lazy\" decoding=\"async\" width=\"792\" height=\"294\" src=\"https:\/\/www.the-travel-bunny.com\/fr\/wp-content\/uploads\/sites\/3\/2025\/10\/La-Licorne-Cotignac-maison-hotes-boutique-Provence-Verte-Var.jpg\" alt=\"Fa\u00e7ade fleurie de La Licorne Cotignac, maison d\u2019h\u00f4tes de charme au c\u0153ur du village proven\u00e7al en Provence Verte.\" class=\"wp-image-8177\" title=\"\" srcset=\"https:\/\/www.the-travel-bunny.com\/fr\/wp-content\/uploads\/sites\/3\/2025\/10\/La-Licorne-Cotignac-maison-hotes-boutique-Provence-Verte-Var.jpg 792w, https:\/\/www.the-travel-bunny.com\/fr\/wp-content\/uploads\/sites\/3\/2025\/10\/La-Licorne-Cotignac-maison-hotes-boutique-Provence-Verte-Var-300x111.jpg 300w, https:\/\/www.the-travel-bunny.com\/fr\/wp-content\/uploads\/sites\/3\/2025\/10\/La-Licorne-Cotignac-maison-hotes-boutique-Provence-Verte-Var-768x285.jpg 768w\" sizes=\"auto, (max-width: 792px) 100vw, 792px\" \/><figcaption class=\"wp-element-caption\"><em>Dans une ruelle tranquille au pied du Rocher de Cotignac, La Licorne Cotignac allie le charme proven\u00e7al au confort moderne. Sa fa\u00e7ade pastel, ses vignes grimpantes et son cadre paisible en font un lieu privil\u00e9gi\u00e9 pour les voyageurs en qu\u00eate d\u2019un s\u00e9jour authentique dans un village de Provence.<\/em><\/figcaption><\/figure>\n\n\n\n<h4 class=\"wp-block-heading\" id=\"mid-range-b-b-option\">Option milieu de gamme \/ Chambre d\u2019h\u00f4tes<\/h4>\n\n\n\n<p>Pour un choix de moyenne gamme \u00e0 Cotignac, pensez \u00e0 <strong><strong><a href=\"https:\/\/tripadvisor.tpx.lv\/nk2Pdzjl\" target=\"_blank\" rel=\"noreferrer noopener sponsored\">La Maison du Bonheur B&amp;B<\/a><\/strong><\/strong>, une chambre d\u2019h\u00f4tes conviviale situ\u00e9e \u00e0 quelques minutes du centre du village de Cotignac. Elle propose des chambres confortables avec salle de bain privative, parking gratuit et une atmosph\u00e8re accueillante. C\u2019est une <strong>belle option pour les couples, les petites familles ou les expatri\u00e9\u00b7es<\/strong> recherchant un s\u00e9jour \u00e0 Cotignac plus calme, tout en restant proche des caf\u00e9s et ruelles du village troglodyte de Cotignac.<\/p>\n\n\n\n<p>Autre excellente adresse milieu de gamme, <strong><strong><a href=\"https:\/\/tripadvisor.tpx.lv\/t7NGaKv9\" target=\"_blank\" rel=\"noreferrer noopener\">La Licorne<\/a><\/strong><\/strong>, une maison d\u2019h\u00f4tes \u00e0 Cotignac de style boutique situ\u00e9e \u00e0 proximit\u00e9 du <strong>Cours Gambetta Cotignac<\/strong>. Cette <strong>propri\u00e9t\u00e9 proven\u00e7ale<\/strong> propose des chambres \u00e9l\u00e9gantes et climatis\u00e9es, une terrasse ombrag\u00e9e et une <strong>piscine ext\u00e9rieure<\/strong>, cr\u00e9ant une atmosph\u00e8re \u00e0 la fois centrale et apaisante. \u00c0 distance de marche des restaurants de Cotignac et du march\u00e9 du mardi, La Licorne Cotignac incarne parfaitement l\u2019\u00e9quilibre entre authenticit\u00e9 et confort moderne, id\u00e9ale pour un week-end \u00e0 Cotignac.<\/p>\n\n\n\n<div style=\"height:10px\" aria-hidden=\"true\" class=\"wp-block-spacer\"><\/div>\n\n\n\n<h4 class=\"wp-block-heading\" id=\"family-budget-options-nearby\">Options familiales et \u00e9conomiques \u00e0 proximit\u00e9<\/h4>\n\n\n\n<p>Si vous voyagez avec un jeune enfant ou en camping-car en Provence, ou si vous recherchez plus de flexibilit\u00e9 budg\u00e9taire, explorez les options situ\u00e9es \u00e0 5-10 km de Cotignac Var, dans des villages comme Entrecasteaux ou Carc\u00e8s. Ces localit\u00e9s offrent souvent des <strong><a href=\"https:\/\/booking.tpx.lv\/afikcmDC\" target=\"_blank\" rel=\"noreferrer noopener sponsored\">locations de villas autour de Cotignac<\/a><\/strong>, de grandes maisons familiales avec piscine, et parfois des <strong>campings \u00e0 Cotignac<\/strong> bien \u00e9quip\u00e9s, comme le <strong><a href=\"https:\/\/mairiecotignac.fr\/camping\/\" target=\"_blank\" rel=\"noreferrer noopener sponsored\">Camping Municipal Les Pouverels<\/a><\/strong>. Vous y trouverez <strong>espace et bon rapport qualit\u00e9-prix<\/strong>, tout en restant \u00e0 proximit\u00e9 du <strong>patrimoine de Cotignac<\/strong> et de l\u2019atmosph\u00e8re unique de la <strong>Provence Verte<\/strong>.<\/p>\n\n\n\n<p class=\"has-extra-info-background-color has-background\"><strong>Conseil h\u00e9bergement Cotignac :<\/strong> Lors de votre r\u00e9servation, v\u00e9rifiez la disponibilit\u00e9 de chambres familiales, de lits b\u00e9b\u00e9, le stationnement \u00e0 Cotignac et l\u2019acc\u00e8s \u00e0 la piscine. Les termes comme <em>Airbnb Cotignac<\/em> ou <em>location villa Cotignac avec piscine<\/em> offrent souvent plus de flexibilit\u00e9 que les h\u00f4tels traditionnels.<\/p>\n\n\n\n<hr class=\"wp-block-separator has-alpha-channel-opacity is-style-dots\"\/>\n\n\n\n<h3 class=\"wp-block-heading\" id=\"where-to-eat-drink-in-cotignac\">O\u00f9 Manger et Boire \u00e0 Cotignac<\/h3>\n\n\n\n<p>Explorer la <strong>gastronomie \u00e0 Cotignac<\/strong> signifie choisir entre <strong>authenticit\u00e9 rustique et saveurs raffin\u00e9es<\/strong>. Voici une s\u00e9lection d\u2019adresses pour tous les budgets, en harmonie avec la vie locale des voyageurs et des expatri\u00e9s.<\/p>\n\n\n\n<div style=\"height:10px\" aria-hidden=\"true\" class=\"wp-block-spacer\"><\/div>\n\n\n\n<h4 class=\"wp-block-heading\"><strong>Le Jardin Secret (\u00c9toile Verte Michelin)<\/strong><\/h4>\n\n\n\n<p>Au c\u0153ur de Cotignac Provence, se trouve <strong><a href=\"https:\/\/guide.michelin.com\/\/fr\/fr\/provence-alpes-cote-dazur\/cotignac\/restaurant\/jardin-secret\" target=\"_blank\" rel=\"noreferrer noopener\">Le Jardin Secret<\/a><\/strong>, rattach\u00e9 au domaine Lou Calen Cotignac. Ce <strong>restaurant Michelin Cotignac<\/strong> a obtenu une \u00c9toile Verte pour son engagement envers une cuisine <strong>de saison<\/strong> et durable, avec l\u00e9gumes cueillis \u00e0 l\u2019aube, viandes locales et poissons fra\u00eechement p\u00each\u00e9s.<\/p>\n\n\n\n<p>La terrasse s\u2019\u00e9tend sous les figuiers, dans un parfum d\u2019olivier. Il est conseill\u00e9 de <strong>r\u00e9server \u00e0 l\u2019avance<\/strong> pour savourer une <strong>cuisine proven\u00e7ale<\/strong> \u00e0 la fois locale et sophistiqu\u00e9e.<\/p>\n\n\n\n<div style=\"height:10px\" aria-hidden=\"true\" class=\"wp-block-spacer\"><\/div>\n\n\n\n<figure class=\"wp-block-image size-full\"><img loading=\"lazy\" decoding=\"async\" width=\"792\" height=\"294\" src=\"https:\/\/www.the-travel-bunny.com\/fr\/wp-content\/uploads\/sites\/3\/2025\/10\/Bar-Le-Marigny-et-Cafe-de-lUnion-Cotignac-restaurants-Provence-Verte-Var.jpg\" alt=\"Terrasses anim\u00e9es du Bar Le Marigny et du Caf\u00e9 de l\u2019Union \u00e0 Cotignac en Provence Verte, sous les platanes du Cours Gambetta.\" class=\"wp-image-8178\" title=\"\" srcset=\"https:\/\/www.the-travel-bunny.com\/fr\/wp-content\/uploads\/sites\/3\/2025\/10\/Bar-Le-Marigny-et-Cafe-de-lUnion-Cotignac-restaurants-Provence-Verte-Var.jpg 792w, https:\/\/www.the-travel-bunny.com\/fr\/wp-content\/uploads\/sites\/3\/2025\/10\/Bar-Le-Marigny-et-Cafe-de-lUnion-Cotignac-restaurants-Provence-Verte-Var-300x111.jpg 300w, https:\/\/www.the-travel-bunny.com\/fr\/wp-content\/uploads\/sites\/3\/2025\/10\/Bar-Le-Marigny-et-Cafe-de-lUnion-Cotignac-restaurants-Provence-Verte-Var-768x285.jpg 768w\" sizes=\"auto, (max-width: 792px) 100vw, 792px\" \/><figcaption class=\"wp-element-caption\"><em>Face \u00e0 face sur le Cours Gambetta Cotignac, le Bar Le Marigny et le Caf\u00e9 de l\u2019Union forment le c\u0153ur social du village. Les habitants s\u2019y retrouvent pour un caf\u00e9 du matin, un ap\u00e9ritif d\u2019apr\u00e8s-midi ou un verre de vin pendant la F\u00eate du Coing Cotignac.<\/em><\/figcaption><\/figure>\n\n\n\n<h4 class=\"wp-block-heading\">Bar Le Marigny &amp; Caf\u00e9 de l\u2019Union<\/h4>\n\n\n\n<p>Le <strong>Bar Le Marigny Cotignac<\/strong>, situ\u00e9 en plein centre, est une adresse incontournable pour un caf\u00e9 ou un ap\u00e9ritif, surtout lors des f\u00eates de Cotignac. J\u2019y suis revenue plusieurs fois, notamment pour un <strong>vin chaud de coing<\/strong>, parfait pour observer le rythme du village de la Provence Verte.<\/p>\n\n\n\n<p>C\u00f4t\u00e9 repas, le <strong>Caf\u00e9 de l\u2019Union Cotignac<\/strong> propose des <strong>classiques proven\u00e7aux<\/strong> \u00e0 prix raisonnables, id\u00e9aux pour un d\u00e9jeuner en terrasse ou un d\u00eener sans pr\u00e9tention.<\/p>\n\n\n\n<p class=\"has-extra-info-background-color has-background\"><strong>Astuce locale :<\/strong> Installez-vous en terrasse lors du march\u00e9 du mardi de Cotignac pour profiter de l\u2019ambiance anim\u00e9e du Cours Gambetta.<\/p>\n\n\n\n<div style=\"height:10px\" aria-hidden=\"true\" class=\"wp-block-spacer\"><\/div>\n\n\n\n<h4 class=\"wp-block-heading\">Le Clos des Vignes &amp; d\u00e9gustation chez Mirabeau Wine &amp; Spirits<\/h4>\n\n\n\n<p>Si vous aimez le vin de Provence, faites un d\u00e9tour par <strong>Mirabeau Wine &amp; Spirits Cotignac<\/strong> pour une s\u00e9ance de d\u00e9gustation. La boutique pr\u00e9sente des <strong>ros\u00e9s haut de gamme<\/strong> et invite \u00e0 la d\u00e9couverte du terroir et de l\u2019histoire viticole de la r\u00e9gion.<\/p>\n\n\n\n<p>Apr\u00e8s la d\u00e9gustation, r\u00e9galez-vous \u00e0 <strong>Le Clos des Vignes Cotignac<\/strong>, o\u00f9 les <strong>vins locaux<\/strong> accompagnent les plats du <strong>terroir proven\u00e7al<\/strong>, souvent servis sur des terrasses ombrag\u00e9es surplombant les vignobles de Provence Verte.<\/p>\n\n\n\n<div style=\"height:10px\" aria-hidden=\"true\" class=\"wp-block-spacer\"><\/div>\n\n\n\n<h4 class=\"wp-block-heading\">Moulins \u00e0 Huile &amp; producteurs locaux de Cotignac<\/h4>\n\n\n\n<p>Au-del\u00e0 des restaurants, le <strong>patrimoine gastronomique de Cotignac<\/strong> se d\u00e9couvre chez ses producteurs. Certains <strong>moulins \u00e0 huile de Cotignac<\/strong> ouvrent leurs portes pour des d\u00e9gustations des huiles d\u2019olive fra\u00eechement press\u00e9es, herbes, tapenades et autres produits du terroir.<\/p>\n\n\n\n<p>Pour les expatri\u00e9s ou les voyageurs gourmets, associer <strong>une visite de ces moulins<\/strong> \u00e0 un d\u00eener dans un restaurant r\u00e9put\u00e9 comme Le Jardin Secret ou Le Clos des Vignes enrichit votre <strong>s\u00e9jour \u00e0 Cotignac<\/strong>.<\/p>\n\n\n\n<hr class=\"wp-block-separator has-alpha-channel-opacity is-style-dots\"\/>\n\n\n\n<h3 class=\"wp-block-heading\">Argent, langue, bagages, connectivit\u00e9<\/h3>\n\n\n\n<p><strong>Voyager \u00e0 Cotignac France<\/strong> est simple et agr\u00e9able, m\u00eame pour une premi\u00e8re visite. Le village de Cotignac Provence accueille aussi bien les voyageurs de passage que les r\u00e9sidents de la <strong>Provence Verte<\/strong>, ce qui rend les aspects pratiques comme les paiements, la communication et la connectivit\u00e9 tr\u00e8s faciles \u00e0 g\u00e9rer.<\/p>\n\n\n\n<div style=\"height:10px\" aria-hidden=\"true\" class=\"wp-block-spacer\"><\/div>\n\n\n\n<h4 class=\"wp-block-heading\">Argent &amp; paiements<\/h4>\n\n\n\n<p>Vous n\u2019avez pas besoin de transporter beaucoup d\u2019esp\u00e8ces pour visiter Cotignac. <strong>La plupart des \u00e9tablissements acceptent les cartes bancaires<\/strong>, qu\u2019il s\u2019agisse de restaurants, de caf\u00e9s, de petits stands du march\u00e9 de Cotignac ou m\u00eame du guichet des grottes troglodytes de Cotignac. Comme je l\u2019ai remarqu\u00e9, <strong>les ch\u00e8ques ne sont pas n\u00e9cessaires<\/strong>. Les cartes sont accept\u00e9es partout, y compris pour le ticket grottes Cotignac.<\/p>\n\n\n\n<p>Un <strong>distributeur automatique est situ\u00e9 au milieu du Cours Gambetta<\/strong>, ce qui est pratique pour retirer des euros. Les prix sont typiques de la <strong>Provence rurale<\/strong> : environ 2 \u20ac pour un caf\u00e9, 4 \u20ac pour un verre de vin, et 25 \u00e0 30 \u20ac pour un menu complet \u00e0 trois plats.<\/p>\n\n\n\n<div style=\"height:10px\" aria-hidden=\"true\" class=\"wp-block-spacer\"><\/div>\n\n\n\n<h4 class=\"wp-block-heading\">Langue &amp; communication<\/h4>\n\n\n\n<p>L\u2019anglais est largement compris dans les commerces, restaurants et <strong>h\u00e9bergements \u00e0 Cotignac<\/strong>, mais quelques mots de fran\u00e7ais facilitent toujours les \u00e9changes. Des salutations simples comme <em>Bonjour<\/em>, <em>Merci<\/em> ou <em>L\u2019addition, s\u2019il vous pla\u00eet<\/em> sont tr\u00e8s appr\u00e9ci\u00e9es des habitants.<\/p>\n\n\n\n<p>Les <strong>expatri\u00e9s vivant en Provence Verte<\/strong> alternent souvent entre fran\u00e7ais et anglais, donc inutile de s\u2019inqui\u00e9ter si votre fran\u00e7ais est basique. Les locaux appr\u00e9cient tout effort pour parler leur langue et sont g\u00e9n\u00e9ralement tr\u00e8s accueillants.<\/p>\n\n\n\n<div style=\"height:10px\" aria-hidden=\"true\" class=\"wp-block-spacer\"><\/div>\n\n\n\n<h4 class=\"wp-block-heading\">Que mettre dans sa valise pour Cotignac<\/h4>\n\n\n\n<p>Lorsque vous pr\u00e9parez vos bagages pour un <strong>s\u00e9jour \u00e0 Cotignac<\/strong>, pensez \u00e0 la superposition. Le <strong>climat de Cotignac<\/strong> peut varier rapidement entre soleil et ombre, surtout au printemps et en automne. Mieux vaut pr\u00e9voir plusieurs couches \u00e0 enfiler ou retirer selon les moments de la journ\u00e9e.<br>Des chaussures confortables sont indispensables pour les sentiers autour du <strong>Rocher de Cotignac<\/strong>, et une veste l\u00e9g\u00e8re imperm\u00e9able est utile \u00e0 la fin du mois d\u2019octobre.<\/p>\n\n\n\n<p>Les familles voyageant avec de jeunes enfants devraient emporter de petits accessoires essentiels, tel qu&rsquo;une cuill\u00e8re pour b\u00e9b\u00e9, des collations et des lingettes suppl\u00e9mentaires pour les jours de <strong>march\u00e9 du mardi \u00e0 Cotignac<\/strong>.<\/p>\n\n\n\n<style type=\"text\/css\">@import url(\"https:\/\/assets.mlcdn.com\/fonts.css?version=1760701\");<\/style>\n    <style type=\"text\/css\">\n    \/* LOADER *\/\n    .ml-form-embedSubmitLoad {\n      display: inline-block;\n      width: 20px;\n      height: 20px;\n    }\n\n    .g-recaptcha {\n    transform: scale(1);\n    -webkit-transform: scale(1);\n    transform-origin: 0 0;\n    -webkit-transform-origin: 0 0;\n    height: ;\n    }\n\n    .sr-only {\n      position: absolute;\n      width: 1px;\n      height: 1px;\n      padding: 0;\n      margin: -1px;\n      overflow: hidden;\n      clip: rect(0,0,0,0);\n      border: 0;\n    }\n\n    .ml-form-embedSubmitLoad:after {\n      content: \" \";\n      display: block;\n      width: 11px;\n      height: 11px;\n      margin: 1px;\n      border-radius: 50%;\n      border: 4px solid #fff;\n    border-color: #ffffff #ffffff #ffffff transparent;\n    animation: ml-form-embedSubmitLoad 1.2s linear infinite;\n    }\n    @keyframes ml-form-embedSubmitLoad {\n      0% {\n      transform: rotate(0deg);\n      }\n      100% {\n      transform: rotate(360deg);\n      }\n    }\n      #mlb2-32216960.ml-form-embedContainer {\n        box-sizing: border-box;\n        display: table;\n        margin: 0 auto;\n        position: static;\n        width: 100% !important;\n      }\n      #mlb2-32216960.ml-form-embedContainer h4,\n      #mlb2-32216960.ml-form-embedContainer p,\n      #mlb2-32216960.ml-form-embedContainer span,\n      #mlb2-32216960.ml-form-embedContainer button {\n        text-transform: none !important;\n        letter-spacing: normal !important;\n      }\n      #mlb2-32216960.ml-form-embedContainer .ml-form-embedWrapper {\n        background-color: ;\n        \n        border-width: 0px;\n        border-color: transparent;\n        border-radius: 4px;\n        border-style: solid;\n        box-sizing: border-box;\n        display: inline-block !important;\n        margin: 0;\n        padding: 0;\n        position: relative;\n              }\n      #mlb2-32216960.ml-form-embedContainer .ml-form-embedWrapper.embedPopup,\n      #mlb2-32216960.ml-form-embedContainer .ml-form-embedWrapper.embedDefault { width: 100%; }\n      #mlb2-32216960.ml-form-embedContainer .ml-form-embedWrapper.embedForm { max-width: 100%; width: 100%; }\n      #mlb2-32216960.ml-form-embedContainer .ml-form-align-left { text-align: left; }\n      #mlb2-32216960.ml-form-embedContainer .ml-form-align-center { text-align: center; }\n      #mlb2-32216960.ml-form-embedContainer .ml-form-align-default { display: table-cell !important; vertical-align: middle !important; text-align: center !important; }\n      #mlb2-32216960.ml-form-embedContainer .ml-form-align-right { text-align: right; }\n      #mlb2-32216960.ml-form-embedContainer .ml-form-embedWrapper .ml-form-embedHeader img {\n        border-top-left-radius: 4px;\n        border-top-right-radius: 4px;\n        height: auto;\n        margin: 0 auto !important;\n        max-width: 100%;\n        width: undefinedpx;\n      }\n      #mlb2-32216960.ml-form-embedContainer .ml-form-embedWrapper .ml-form-embedBody,\n      #mlb2-32216960.ml-form-embedContainer .ml-form-embedWrapper .ml-form-successBody {\n        padding: 20px 20px 0 20px;\n      }\n      #mlb2-32216960.ml-form-embedContainer .ml-form-embedWrapper .ml-form-embedBody.ml-form-embedBodyHorizontal {\n        padding-bottom: 0;\n      }\n      #mlb2-32216960.ml-form-embedContainer .ml-form-embedWrapper .ml-form-embedBody .ml-form-embedContent,\n      #mlb2-32216960.ml-form-embedContainer .ml-form-embedWrapper .ml-form-successBody .ml-form-successContent {\n        text-align: left;\n        margin: 0 0 20px 0;\n      }\n      #mlb2-32216960.ml-form-embedContainer .ml-form-embedWrapper .ml-form-embedBody .ml-form-embedContent h4,\n      #mlb2-32216960.ml-form-embedContainer .ml-form-embedWrapper .ml-form-successBody .ml-form-successContent h4 {\n        color: #333333;\n        font-family: 'Open Sans', Arial, Helvetica, sans-serif;\n        font-size: 30px;\n        font-weight: 400;\n        margin: 0 0 10px 0;\n        text-align: left;\n        word-break: break-word;\n      }\n      #mlb2-32216960.ml-form-embedContainer .ml-form-embedWrapper .ml-form-embedBody .ml-form-embedContent p,\n      #mlb2-32216960.ml-form-embedContainer .ml-form-embedWrapper .ml-form-successBody .ml-form-successContent p {\n        color: #333333;\n        font-family: 'Open Sans', Arial, Helvetica, sans-serif;\n        font-size: 14px;\n        font-weight: 400;\n        line-height: 20px;\n        margin: 0 0 10px 0;\n        text-align: left;\n      }\n      #mlb2-32216960.ml-form-embedContainer .ml-form-embedWrapper .ml-form-embedBody .ml-form-embedContent ul,\n      #mlb2-32216960.ml-form-embedContainer .ml-form-embedWrapper .ml-form-embedBody .ml-form-embedContent ol,\n      #mlb2-32216960.ml-form-embedContainer .ml-form-embedWrapper .ml-form-successBody .ml-form-successContent ul,\n      #mlb2-32216960.ml-form-embedContainer .ml-form-embedWrapper .ml-form-successBody .ml-form-successContent ol {\n        color: #333333;\n        font-family: 'Open Sans', Arial, Helvetica, sans-serif;\n        font-size: 14px;\n      }\n      #mlb2-32216960.ml-form-embedContainer .ml-form-embedWrapper .ml-form-embedBody .ml-form-embedContent ol ol,\n      #mlb2-32216960.ml-form-embedContainer .ml-form-embedWrapper .ml-form-successBody .ml-form-successContent ol ol {\n        list-style-type: lower-alpha;\n      }\n      #mlb2-32216960.ml-form-embedContainer .ml-form-embedWrapper .ml-form-embedBody .ml-form-embedContent ol ol ol,\n      #mlb2-32216960.ml-form-embedContainer .ml-form-embedWrapper .ml-form-successBody .ml-form-successContent ol ol ol {\n        list-style-type: lower-roman;\n      }\n      #mlb2-32216960.ml-form-embedContainer .ml-form-embedWrapper .ml-form-embedBody .ml-form-embedContent p a,\n      #mlb2-32216960.ml-form-embedContainer .ml-form-embedWrapper .ml-form-successBody .ml-form-successContent p a {\n        color: #000000;\n        text-decoration: underline;\n      }\n\n      #mlb2-32216960.ml-form-embedContainer .ml-form-embedWrapper .ml-block-form .ml-field-group {\n        text-align: left!important;\n      }\n\n      #mlb2-32216960.ml-form-embedContainer .ml-form-embedWrapper .ml-block-form .ml-field-group label {\n        margin-bottom: 5px;\n        color: #333333;\n        font-size: 14px;\n        font-family: 'Open Sans', Arial, Helvetica, sans-serif;\n        font-weight: bold; font-style: normal; text-decoration: none;;\n        display: inline-block;\n        line-height: 20px;\n      }\n      #mlb2-32216960.ml-form-embedContainer .ml-form-embedWrapper .ml-form-embedBody .ml-form-embedContent p:last-child,\n      #mlb2-32216960.ml-form-embedContainer .ml-form-embedWrapper .ml-form-successBody .ml-form-successContent p:last-child {\n        margin: 0;\n      }\n      #mlb2-32216960.ml-form-embedContainer .ml-form-embedWrapper .ml-form-embedBody form {\n        margin: 0;\n        width: 100%;\n      }\n      #mlb2-32216960.ml-form-embedContainer .ml-form-embedWrapper .ml-form-embedBody .ml-form-formContent,\n      #mlb2-32216960.ml-form-embedContainer .ml-form-embedWrapper .ml-form-embedBody .ml-form-checkboxRow {\n        margin: 0 0 20px 0;\n        width: 100%;\n      }\n      #mlb2-32216960.ml-form-embedContainer .ml-form-embedWrapper .ml-form-embedBody .ml-form-checkboxRow {\n        float: left;\n      }\n      #mlb2-32216960.ml-form-embedContainer .ml-form-embedWrapper .ml-form-embedBody .ml-form-formContent.horozintalForm {\n        margin: 0;\n        padding: 0 0 20px 0;\n        width: 100%;\n        height: auto;\n        float: left;\n      }\n      #mlb2-32216960.ml-form-embedContainer .ml-form-embedWrapper .ml-form-embedBody .ml-form-fieldRow {\n        margin: 0 0 10px 0;\n        width: 100%;\n      }\n      #mlb2-32216960.ml-form-embedContainer .ml-form-embedWrapper .ml-form-embedBody .ml-form-fieldRow.ml-last-item {\n        margin: 0;\n      }\n      #mlb2-32216960.ml-form-embedContainer .ml-form-embedWrapper .ml-form-embedBody .ml-form-fieldRow.ml-formfieldHorizintal {\n        margin: 0;\n      }\n      #mlb2-32216960.ml-form-embedContainer .ml-form-embedWrapper .ml-form-embedBody .ml-form-fieldRow input {\n        background-color: #ffffff !important;\n        color: #333333 !important;\n        border-color: #cccccc;\n        border-radius: 4px !important;\n        border-style: solid !important;\n        border-width: 1px !important;\n        font-family: 'Open Sans', Arial, Helvetica, sans-serif;\n        font-size: 14px !important;\n        height: auto;\n        line-height: 21px !important;\n        margin-bottom: 0;\n        margin-top: 0;\n        margin-left: 0;\n        margin-right: 0;\n        padding: 10px 10px !important;\n        width: 100% !important;\n        box-sizing: border-box !important;\n        max-width: 100% !important;\n      }\n      #mlb2-32216960.ml-form-embedContainer .ml-form-embedWrapper .ml-form-embedBody .ml-form-fieldRow input::-webkit-input-placeholder,\n      #mlb2-32216960.ml-form-embedContainer .ml-form-embedWrapper .ml-form-embedBody .ml-form-horizontalRow input::-webkit-input-placeholder { color: #333333; }\n\n      #mlb2-32216960.ml-form-embedContainer .ml-form-embedWrapper .ml-form-embedBody .ml-form-fieldRow input::-moz-placeholder,\n      #mlb2-32216960.ml-form-embedContainer .ml-form-embedWrapper .ml-form-embedBody .ml-form-horizontalRow input::-moz-placeholder { color: #333333; }\n\n      #mlb2-32216960.ml-form-embedContainer .ml-form-embedWrapper .ml-form-embedBody .ml-form-fieldRow input:-ms-input-placeholder,\n      #mlb2-32216960.ml-form-embedContainer .ml-form-embedWrapper .ml-form-embedBody .ml-form-horizontalRow input:-ms-input-placeholder { color: #333333; }\n\n      #mlb2-32216960.ml-form-embedContainer .ml-form-embedWrapper .ml-form-embedBody .ml-form-fieldRow input:-moz-placeholder,\n      #mlb2-32216960.ml-form-embedContainer .ml-form-embedWrapper .ml-form-embedBody .ml-form-horizontalRow input:-moz-placeholder { color: #333333; }\n\n      #mlb2-32216960.ml-form-embedContainer .ml-form-embedWrapper .ml-form-embedBody .ml-form-fieldRow textarea, #mlb2-32216960.ml-form-embedContainer .ml-form-embedWrapper .ml-form-embedBody .ml-form-horizontalRow textarea {\n        background-color: #ffffff !important;\n        color: #333333 !important;\n        border-color: #cccccc;\n        border-radius: 4px !important;\n        border-style: solid !important;\n        border-width: 1px !important;\n        font-family: 'Open Sans', Arial, Helvetica, sans-serif;\n        font-size: 14px !important;\n        height: auto;\n        line-height: 21px !important;\n        margin-bottom: 0;\n        margin-top: 0;\n        padding: 10px 10px !important;\n        width: 100% !important;\n        box-sizing: border-box !important;\n        max-width: 100% !important;\n      }\n\n      #mlb2-32216960.ml-form-embedContainer .ml-form-embedWrapper .ml-form-embedBody .ml-form-fieldRow .custom-radio .custom-control-label::before, #mlb2-32216960.ml-form-embedContainer .ml-form-embedWrapper .ml-form-embedBody .ml-form-horizontalRow .custom-radio .custom-control-label::before, #mlb2-32216960.ml-form-embedContainer .ml-form-embedWrapper .ml-form-embedBody .ml-form-fieldRow .custom-checkbox .custom-control-label::before, #mlb2-32216960.ml-form-embedContainer .ml-form-embedWrapper .ml-form-embedBody .ml-form-horizontalRow .custom-checkbox .custom-control-label::before, #mlb2-32216960.ml-form-embedContainer .ml-form-embedWrapper .ml-form-embedBody .ml-form-embedPermissions .ml-form-embedPermissionsOptionsCheckbox .label-description::before, #mlb2-32216960.ml-form-embedContainer .ml-form-embedWrapper .ml-form-embedBody .ml-form-interestGroupsRow .ml-form-interestGroupsRowCheckbox .label-description::before, #mlb2-32216960.ml-form-embedContainer .ml-form-embedWrapper .ml-form-embedBody .ml-form-checkboxRow .label-description::before {\n          border-color: #cccccc!important;\n          background-color: #ffffff!important;\n      }\n\n      #mlb2-32216960.ml-form-embedContainer .ml-form-embedWrapper .ml-form-embedBody .ml-form-fieldRow input.custom-control-input[type=\"checkbox\"]{\n        box-sizing: border-box;\n        padding: 0;\n        position: absolute;\n        z-index: -1;\n        opacity: 0;\n        margin-top: 5px;\n        margin-left: -1.5rem;\n        overflow: visible;\n      }\n\n      #mlb2-32216960.ml-form-embedContainer .ml-form-embedWrapper .ml-form-embedBody .ml-form-fieldRow .custom-checkbox .custom-control-label::before, #mlb2-32216960.ml-form-embedContainer .ml-form-embedWrapper .ml-form-embedBody .ml-form-horizontalRow .custom-checkbox .custom-control-label::before, #mlb2-32216960.ml-form-embedContainer .ml-form-embedWrapper .ml-form-embedBody .ml-form-embedPermissions .ml-form-embedPermissionsOptionsCheckbox .label-description::before, #mlb2-32216960.ml-form-embedContainer .ml-form-embedWrapper .ml-form-embedBody .ml-form-interestGroupsRow .ml-form-interestGroupsRowCheckbox .label-description::before, #mlb2-32216960.ml-form-embedContainer .ml-form-embedWrapper .ml-form-embedBody .ml-form-checkboxRow .label-description::before {\n        border-radius: 4px!important;\n      }\n\n\n      #mlb2-32216960.ml-form-embedContainer .ml-form-embedWrapper .ml-form-embedBody .ml-form-checkboxRow input[type=checkbox]:checked~.label-description::after, #mlb2-32216960.ml-form-embedContainer .ml-form-embedWrapper .ml-form-embedBody .ml-form-embedPermissions .ml-form-embedPermissionsOptionsCheckbox input[type=checkbox]:checked~.label-description::after, #mlb2-32216960.ml-form-embedContainer .ml-form-embedWrapper .ml-form-embedBody .ml-form-fieldRow .custom-checkbox .custom-control-input:checked~.custom-control-label::after, #mlb2-32216960.ml-form-embedContainer .ml-form-embedWrapper .ml-form-embedBody .ml-form-horizontalRow .custom-checkbox .custom-control-input:checked~.custom-control-label::after, #mlb2-32216960.ml-form-embedContainer .ml-form-embedWrapper .ml-form-embedBody .ml-form-interestGroupsRow .ml-form-interestGroupsRowCheckbox input[type=checkbox]:checked~.label-description::after {\n        background-image: url(\"data:image\/svg+xml,%3csvg xmlns='http:\/\/www.w3.org\/2000\/svg' viewBox='0 0 8 8'%3e%3cpath fill='%23fff' d='M6.564.75l-3.59 3.612-1.538-1.55L0 4.26 2.974 7.25 8 2.193z'\/%3e%3c\/svg%3e\");\n      }\n\n      #mlb2-32216960.ml-form-embedContainer .ml-form-embedWrapper .ml-form-embedBody .ml-form-fieldRow .custom-radio .custom-control-input:checked~.custom-control-label::after, #mlb2-32216960.ml-form-embedContainer .ml-form-embedWrapper .ml-form-embedBody .ml-form-fieldRow .custom-radio .custom-control-input:checked~.custom-control-label::after {\n        background-image: url(\"data:image\/svg+xml,%3csvg xmlns='http:\/\/www.w3.org\/2000\/svg' viewBox='-4 -4 8 8'%3e%3ccircle r='3' fill='%23fff'\/%3e%3c\/svg%3e\");\n      }\n\n      #mlb2-32216960.ml-form-embedContainer .ml-form-embedWrapper .ml-form-embedBody .ml-form-fieldRow .custom-radio .custom-control-input:checked~.custom-control-label::before, #mlb2-32216960.ml-form-embedContainer .ml-form-embedWrapper .ml-form-embedBody .ml-form-horizontalRow .custom-radio .custom-control-input:checked~.custom-control-label::before, #mlb2-32216960.ml-form-embedContainer .ml-form-embedWrapper .ml-form-embedBody .ml-form-fieldRow .custom-checkbox .custom-control-input:checked~.custom-control-label::before, #mlb2-32216960.ml-form-embedContainer .ml-form-embedWrapper .ml-form-embedBody .ml-form-horizontalRow .custom-checkbox .custom-control-input:checked~.custom-control-label::before, #mlb2-32216960.ml-form-embedContainer .ml-form-embedWrapper .ml-form-embedBody .ml-form-embedPermissions .ml-form-embedPermissionsOptionsCheckbox input[type=checkbox]:checked~.label-description::before, #mlb2-32216960.ml-form-embedContainer .ml-form-embedWrapper .ml-form-embedBody .ml-form-interestGroupsRow .ml-form-interestGroupsRowCheckbox input[type=checkbox]:checked~.label-description::before, #mlb2-32216960.ml-form-embedContainer .ml-form-embedWrapper .ml-form-embedBody .ml-form-checkboxRow input[type=checkbox]:checked~.label-description::before  {\n          border-color: #000000!important;\n          background-color: #000000!important;\n      }\n\n      #mlb2-32216960.ml-form-embedContainer .ml-form-embedWrapper .ml-form-embedBody .ml-form-fieldRow .custom-radio .custom-control-label::before, #mlb2-32216960.ml-form-embedContainer .ml-form-embedWrapper .ml-form-embedBody .ml-form-horizontalRow .custom-radio .custom-control-label::before, #mlb2-32216960.ml-form-embedContainer .ml-form-embedWrapper .ml-form-embedBody .ml-form-fieldRow .custom-radio .custom-control-label::after, #mlb2-32216960.ml-form-embedContainer .ml-form-embedWrapper .ml-form-embedBody .ml-form-horizontalRow .custom-radio .custom-control-label::after, #mlb2-32216960.ml-form-embedContainer .ml-form-embedWrapper .ml-form-embedBody .ml-form-fieldRow .custom-checkbox .custom-control-label::before, #mlb2-32216960.ml-form-embedContainer .ml-form-embedWrapper .ml-form-embedBody .ml-form-fieldRow .custom-checkbox .custom-control-label::after, #mlb2-32216960.ml-form-embedContainer .ml-form-embedWrapper .ml-form-embedBody .ml-form-horizontalRow .custom-checkbox .custom-control-label::before, #mlb2-32216960.ml-form-embedContainer .ml-form-embedWrapper .ml-form-embedBody .ml-form-horizontalRow .custom-checkbox .custom-control-label::after {\n           top: 2px;\n           box-sizing: border-box;\n      }\n\n      #mlb2-32216960.ml-form-embedContainer .ml-form-embedWrapper .ml-form-embedBody .ml-form-embedPermissions .ml-form-embedPermissionsOptionsCheckbox .label-description::before, #mlb2-32216960.ml-form-embedContainer .ml-form-embedWrapper .ml-form-embedBody .ml-form-embedPermissions .ml-form-embedPermissionsOptionsCheckbox .label-description::after, #mlb2-32216960.ml-form-embedContainer .ml-form-embedWrapper .ml-form-embedBody .ml-form-checkboxRow .label-description::before, #mlb2-32216960.ml-form-embedContainer .ml-form-embedWrapper .ml-form-embedBody .ml-form-checkboxRow .label-description::after {\n           top: 0px!important;\n           box-sizing: border-box!important;\n      }\n\n      #mlb2-32216960.ml-form-embedContainer .ml-form-embedWrapper .ml-form-embedBody .ml-form-checkboxRow .label-description::before, #mlb2-32216960.ml-form-embedContainer .ml-form-embedWrapper .ml-form-embedBody .ml-form-checkboxRow .label-description::after {\n        top: 0px!important;\n           box-sizing: border-box!important;\n      }\n\n       #mlb2-32216960.ml-form-embedContainer .ml-form-embedWrapper .ml-form-embedBody .ml-form-interestGroupsRow .ml-form-interestGroupsRowCheckbox .label-description::after {\n            top: 0px!important;\n            box-sizing: border-box!important;\n            position: absolute;\n            left: -1.5rem;\n            display: block;\n            width: 1rem;\n            height: 1rem;\n            content: \"\";\n       }\n\n      #mlb2-32216960.ml-form-embedContainer .ml-form-embedWrapper .ml-form-embedBody .ml-form-interestGroupsRow .ml-form-interestGroupsRowCheckbox .label-description::before {\n        top: 0px!important;\n        box-sizing: border-box!important;\n      }\n\n      #mlb2-32216960.ml-form-embedContainer .ml-form-embedWrapper .ml-form-embedBody .custom-control-label::before {\n          position: absolute;\n          top: 4px;\n          left: -1.5rem;\n          display: block;\n          width: 16px;\n          height: 16px;\n          pointer-events: none;\n          content: \"\";\n          background-color: #ffffff;\n          border: #adb5bd solid 1px;\n          border-radius: 50%;\n      }\n\n      #mlb2-32216960.ml-form-embedContainer .ml-form-embedWrapper .ml-form-embedBody .custom-control-label::after {\n          position: absolute;\n          top: 2px!important;\n          left: -1.5rem;\n          display: block;\n          width: 1rem;\n          height: 1rem;\n          content: \"\";\n      }\n\n      #mlb2-32216960.ml-form-embedContainer .ml-form-embedWrapper .ml-form-embedBody .ml-form-embedPermissions .ml-form-embedPermissionsOptionsCheckbox .label-description::before, #mlb2-32216960.ml-form-embedContainer .ml-form-embedWrapper .ml-form-embedBody .ml-form-interestGroupsRow .ml-form-interestGroupsRowCheckbox .label-description::before, #mlb2-32216960.ml-form-embedContainer .ml-form-embedWrapper .ml-form-embedBody .ml-form-checkboxRow .label-description::before {\n          position: absolute;\n          top: 4px;\n          left: -1.5rem;\n          display: block;\n          width: 16px;\n          height: 16px;\n          pointer-events: none;\n          content: \"\";\n          background-color: #ffffff;\n          border: #adb5bd solid 1px;\n          border-radius: 50%;\n      }\n\n      #mlb2-32216960.ml-form-embedContainer .ml-form-embedWrapper .ml-form-embedBody .ml-form-embedPermissions .ml-form-embedPermissionsOptionsCheckbox .label-description::after {\n          position: absolute;\n          top: 0px!important;\n          left: -1.5rem;\n          display: block;\n          width: 1rem;\n          height: 1rem;\n          content: \"\";\n      }\n\n      #mlb2-32216960.ml-form-embedContainer .ml-form-embedWrapper .ml-form-embedBody .ml-form-checkboxRow .label-description::after {\n          position: absolute;\n          top: 0px!important;\n          left: -1.5rem;\n          display: block;\n          width: 1rem;\n          height: 1rem;\n          content: \"\";\n      }\n\n      #mlb2-32216960.ml-form-embedContainer .ml-form-embedWrapper .ml-form-embedBody .custom-radio .custom-control-label::after {\n          background: no-repeat 50%\/50% 50%;\n      }\n      #mlb2-32216960.ml-form-embedContainer .ml-form-embedWrapper .ml-form-embedBody .custom-checkbox .custom-control-label::after, #mlb2-32216960.ml-form-embedContainer .ml-form-embedWrapper .ml-form-embedBody .ml-form-embedPermissions .ml-form-embedPermissionsOptionsCheckbox .label-description::after, #mlb2-32216960.ml-form-embedContainer .ml-form-embedWrapper .ml-form-embedBody .ml-form-interestGroupsRow .ml-form-interestGroupsRowCheckbox .label-description::after, #mlb2-32216960.ml-form-embedContainer .ml-form-embedWrapper .ml-form-embedBody .ml-form-checkboxRow .label-description::after {\n          background: no-repeat 50%\/50% 50%;\n      }\n\n      #mlb2-32216960.ml-form-embedContainer .ml-form-embedWrapper .ml-form-embedBody .ml-form-fieldRow .custom-control, #mlb2-32216960.ml-form-embedContainer .ml-form-embedWrapper .ml-form-embedBody .ml-form-horizontalRow .custom-control {\n        position: relative;\n        display: block;\n        min-height: 1.5rem;\n        padding-left: 1.5rem;\n      }\n\n      #mlb2-32216960.ml-form-embedContainer .ml-form-embedWrapper .ml-form-embedBody .ml-form-fieldRow .custom-radio .custom-control-input, #mlb2-32216960.ml-form-embedContainer .ml-form-embedWrapper .ml-form-embedBody .ml-form-horizontalRow .custom-radio .custom-control-input, #mlb2-32216960.ml-form-embedContainer .ml-form-embedWrapper .ml-form-embedBody .ml-form-fieldRow .custom-checkbox .custom-control-input, #mlb2-32216960.ml-form-embedContainer .ml-form-embedWrapper .ml-form-embedBody .ml-form-horizontalRow .custom-checkbox .custom-control-input {\n          position: absolute;\n          z-index: -1;\n          opacity: 0;\n          box-sizing: border-box;\n          padding: 0;\n      }\n\n      #mlb2-32216960.ml-form-embedContainer .ml-form-embedWrapper .ml-form-embedBody .ml-form-fieldRow .custom-radio .custom-control-label, #mlb2-32216960.ml-form-embedContainer .ml-form-embedWrapper .ml-form-embedBody .ml-form-horizontalRow .custom-radio .custom-control-label, #mlb2-32216960.ml-form-embedContainer .ml-form-embedWrapper .ml-form-embedBody .ml-form-fieldRow .custom-checkbox .custom-control-label, #mlb2-32216960.ml-form-embedContainer .ml-form-embedWrapper .ml-form-embedBody .ml-form-horizontalRow .custom-checkbox .custom-control-label {\n          color: #000000;\n          font-size: 12px!important;\n          font-family: 'Open Sans', Arial, Helvetica, sans-serif;\n          line-height: 22px;\n          margin-bottom: 0;\n          position: relative;\n          vertical-align: top;\n          font-style: normal;\n          font-weight: 700;\n      }\n\n      #mlb2-32216960.ml-form-embedContainer .ml-form-embedWrapper .ml-form-embedBody .ml-form-fieldRow .custom-select, #mlb2-32216960.ml-form-embedContainer .ml-form-embedWrapper .ml-form-embedBody .ml-form-horizontalRow .custom-select {\n        background-color: #ffffff !important;\n        color: #333333 !important;\n        border-color: #cccccc;\n        border-radius: 4px !important;\n        border-style: solid !important;\n        border-width: 1px !important;\n        font-family: 'Open Sans', Arial, Helvetica, sans-serif;\n        font-size: 14px !important;\n        line-height: 20px !important;\n        margin-bottom: 0;\n        margin-top: 0;\n        padding: 10px 28px 10px 12px !important;\n        width: 100% !important;\n        box-sizing: border-box !important;\n        max-width: 100% !important;\n        height: auto;\n        display: inline-block;\n        vertical-align: middle;\n        background: url('https:\/\/assets.mlcdn.com\/ml\/images\/default\/dropdown.svg') no-repeat right .75rem center\/8px 10px;\n        -webkit-appearance: none;\n        -moz-appearance: none;\n        appearance: none;\n      }\n\n\n      #mlb2-32216960.ml-form-embedContainer .ml-form-embedWrapper .ml-form-embedBody .ml-form-horizontalRow {\n        height: auto;\n        width: 100%;\n        float: left;\n      }\n      .ml-form-formContent.horozintalForm .ml-form-horizontalRow .ml-input-horizontal { width: 70%; float: left; }\n      .ml-form-formContent.horozintalForm .ml-form-horizontalRow .ml-button-horizontal { width: 30%; float: left; }\n      .ml-form-formContent.horozintalForm .ml-form-horizontalRow .ml-button-horizontal.labelsOn { padding-top: 25px;  }\n      .ml-form-formContent.horozintalForm .ml-form-horizontalRow .horizontal-fields { box-sizing: border-box; float: left; padding-right: 10px;  }\n      #mlb2-32216960.ml-form-embedContainer .ml-form-embedWrapper .ml-form-embedBody .ml-form-horizontalRow input {\n        background-color: #ffffff;\n        color: #333333;\n        border-color: #cccccc;\n        border-radius: 4px;\n        border-style: solid;\n        border-width: 1px;\n        font-family: 'Open Sans', Arial, Helvetica, sans-serif;\n        font-size: 14px;\n        line-height: 20px;\n        margin-bottom: 0;\n        margin-top: 0;\n        padding: 10px 10px;\n        width: 100%;\n        box-sizing: border-box;\n        overflow-y: initial;\n      }\n      #mlb2-32216960.ml-form-embedContainer .ml-form-embedWrapper .ml-form-embedBody .ml-form-horizontalRow button {\n        background-color: #b74f30 !important;\n        border-color: #b74f30;\n        border-style: solid;\n        border-width: 1px;\n        border-radius: 4px;\n        box-shadow: none;\n        color: #ffffff !important;\n        cursor: pointer;\n        font-family: 'Open Sans', Arial, Helvetica, sans-serif;\n        font-size: 16px !important;\n        font-weight: 700;\n        line-height: 20px;\n        margin: 0 !important;\n        padding: 10px !important;\n        width: 100%;\n        height: auto;\n      }\n      #mlb2-32216960.ml-form-embedContainer .ml-form-embedWrapper .ml-form-embedBody .ml-form-horizontalRow button:hover {\n        background-color: #333333 !important;\n        border-color: #333333 !important;\n      }\n      #mlb2-32216960.ml-form-embedContainer .ml-form-embedWrapper .ml-form-embedBody .ml-form-checkboxRow input[type=\"checkbox\"] {\n        box-sizing: border-box;\n        padding: 0;\n        position: absolute;\n        z-index: -1;\n        opacity: 0;\n        margin-top: 5px;\n        margin-left: -1.5rem;\n        overflow: visible;\n      }\n      #mlb2-32216960.ml-form-embedContainer .ml-form-embedWrapper .ml-form-embedBody .ml-form-checkboxRow .label-description {\n        color: #000000;\n        display: block;\n        font-family: 'Open Sans', Arial, Helvetica, sans-serif;\n        font-size: 12px;\n        text-align: left;\n        margin-bottom: 0;\n        position: relative;\n        vertical-align: top;\n      }\n      #mlb2-32216960.ml-form-embedContainer .ml-form-embedWrapper .ml-form-embedBody .ml-form-checkboxRow label {\n        font-weight: normal;\n        margin: 0;\n        padding: 0;\n        position: relative;\n        display: block;\n        min-height: 24px;\n        padding-left: 24px;\n\n      }\n      #mlb2-32216960.ml-form-embedContainer .ml-form-embedWrapper .ml-form-embedBody .ml-form-checkboxRow label a {\n        color: #000000;\n        text-decoration: underline;\n      }\n      #mlb2-32216960.ml-form-embedContainer .ml-form-embedWrapper .ml-form-embedBody .ml-form-checkboxRow label p {\n        color: #000000 !important;\n        font-family: 'Open Sans', Arial, Helvetica, sans-serif !important;\n        font-size: 12px !important;\n        font-weight: normal !important;\n        line-height: 18px !important;\n        padding: 0 !important;\n        margin: 0 5px 0 0 !important;\n      }\n      #mlb2-32216960.ml-form-embedContainer .ml-form-embedWrapper .ml-form-embedBody .ml-form-checkboxRow label p:last-child {\n        margin: 0;\n      }\n      #mlb2-32216960.ml-form-embedContainer .ml-form-embedWrapper .ml-form-embedBody .ml-form-embedSubmit {\n        margin: 0 0 20px 0;\n        float: left;\n        width: 100%;\n      }\n      #mlb2-32216960.ml-form-embedContainer .ml-form-embedWrapper .ml-form-embedBody .ml-form-embedSubmit button {\n        background-color: #b74f30 !important;\n        border: none !important;\n        border-radius: 4px !important;\n        box-shadow: none !important;\n        color: #ffffff !important;\n        cursor: pointer;\n        font-family: 'Open Sans', Arial, Helvetica, sans-serif !important;\n        font-size: 16px !important;\n        font-weight: 700 !important;\n        line-height: 21px !important;\n        height: auto;\n        padding: 10px !important;\n        width: 100% !important;\n        box-sizing: border-box !important;\n      }\n      #mlb2-32216960.ml-form-embedContainer .ml-form-embedWrapper .ml-form-embedBody .ml-form-embedSubmit button.loading {\n        display: none;\n      }\n      #mlb2-32216960.ml-form-embedContainer .ml-form-embedWrapper .ml-form-embedBody .ml-form-embedSubmit button:hover {\n        background-color: #333333 !important;\n      }\n      .ml-subscribe-close {\n        width: 30px;\n        height: 30px;\n        background: url('https:\/\/assets.mlcdn.com\/ml\/images\/default\/modal_close.png') no-repeat;\n        background-size: 30px;\n        cursor: pointer;\n        margin-top: -10px;\n        margin-right: -10px;\n        position: absolute;\n        top: 0;\n        right: 0;\n      }\n      .ml-error input, .ml-error textarea, .ml-error select {\n        border-color: red!important;\n      }\n\n      .ml-error .custom-checkbox-radio-list {\n        border: 1px solid red !important;\n        border-radius: 4px;\n        padding: 10px;\n      }\n\n      .ml-error .label-description,\n      .ml-error .label-description p,\n      .ml-error .label-description p a,\n      .ml-error label:first-child {\n        color: #ff0000 !important;\n      }\n\n      #mlb2-32216960.ml-form-embedContainer .ml-form-embedWrapper .ml-form-embedBody .ml-form-checkboxRow.ml-error .label-description p,\n      #mlb2-32216960.ml-form-embedContainer .ml-form-embedWrapper .ml-form-embedBody .ml-form-checkboxRow.ml-error .label-description p:first-letter {\n        color: #ff0000 !important;\n      }\n            @media only screen and (max-width: 540px){\n\n        .ml-form-embedWrapper.embedDefault, .ml-form-embedWrapper.embedPopup { width: 100%!important; }\n        .ml-form-formContent.horozintalForm { float: left!important; }\n        .ml-form-formContent.horozintalForm .ml-form-horizontalRow { height: auto!important; width: 100%!important; float: left!important; }\n        .ml-form-formContent.horozintalForm .ml-form-horizontalRow .ml-input-horizontal { width: 100%!important; }\n        .ml-form-formContent.horozintalForm .ml-form-horizontalRow .ml-input-horizontal > div { padding-right: 0px!important; padding-bottom: 10px; }\n        .ml-form-formContent.horozintalForm .ml-button-horizontal { width: 100%!important; }\n        .ml-form-formContent.horozintalForm .ml-button-horizontal.labelsOn { padding-top: 0px!important; }\n\n      }\n    <\/style>\n\n    \n  \n    \n    \n\n    \n    \n\n    \n    \n\n    \n\n      \n        \n        \n      \n\n      \n        \n        \n      \n\n      \n\n            \n            \n            \n            \n            \n            \n      \n\n      \n\n      \n        \n        \n         \n        \n        \n      \n\n        \n        \n        \n        \n        \n        \n      \n\n       \n\n        \n        \n        \n        \n        \n        \n        \n       \n\n\n      \n        \n        \n        \n        \n  \n\n\n\n  \n        \n        \n        \n      \n\n\n      \n    \n    \n    \n    \n    \n    \n    \n  \n\n  \n        \n        \n        \n        \n        \n      \n\n      \n        \n        \n        \n        \n        \n      \n\n      \n        \n        \n        \n        \n        \n      \n\n       \n\n        \n        \n        \n        \n       \n\n       \n        \n        \n        \n        \n      \n\n      \n        \n        \n        \n        \n        \n        \n        \n       \n\n    \n\n    \n\n\n      \n\n\n      \n\n      \n      \n\n      \n\n      \n\n\n\n\n\n    \n\n      \n    <div id=\"mlb2-32216960\" class=\"ml-form-embedContainer ml-subscribe-form ml-subscribe-form-32216960\">\n      <div class=\"ml-form-align-center \">\n        <div class=\"ml-form-embedWrapper embedForm\">\n\n          \n          \n\n          <div class=\"ml-form-embedBody ml-form-embedBodyDefault row-form\">\n\n            <div class=\"ml-form-embedContent\" style=\" \">\n              \n                <h4><\/h4>\n                <p><br><\/p>\n<p><strong>Pr\u00e9parez vos bagages intelligemment pour l\u2019automne. T\u00e9l\u00e9chargez votre liste de bagages automne gratuite !<\/strong><br>Ne laissez plus jamais un v\u00eatement chaud, un chargeur ou un essentiel de voyage derri\u00e8re vous. <strong>Abonnez-vous \u00e0 la newsletter The Travel Bunny<\/strong> et t\u00e9l\u00e9chargez instantan\u00e9ment votre <strong>liste de bagages vacances d\u2019automne \u00e0 imprimer<\/strong>, con\u00e7ue pour les voyageurs et voyageuses qui souhaitent rester au chaud, organis\u00e9s et sereins.\n\nVous recevrez \u00e9galement des conseils voyage automne, des id\u00e9es vacances automne, ainsi que des offres vacances automne exclusives directement dans votre bo\u00eete mail.<\/p>\n<p><br><\/p>\n              \n            <\/div>\n\n            <form class=\"ml-block-form\" action=\"https:\/\/assets.mailerlite.com\/jsonp\/1408143\/forms\/168523863829776256\/subscribe\" data-code=\"\" method=\"post\" target=\"_blank\">\n              <div class=\"ml-form-formContent\">\n                \n\n                  \n                  <div class=\"ml-form-fieldRow \">\n                    <div class=\"ml-field-group ml-field-name ml-validate-required\">\n\n                      \n\n\n                      <!-- input -->\n                      <input aria-label=\"name\" aria-required=\"true\" type=\"text\" class=\"form-control\" data-inputmask=\"\" name=\"fields[name]\" placeholder=\"Name\" autocomplete=\"given-name\">\n                      <!-- \/input -->\n\n                      <!-- textarea -->\n                      \n                      <!-- \/textarea -->\n\n                      <!-- select -->\n                      \n                      <!-- \/select -->\n\n                      <!-- checkboxes -->\n            \n            <!-- \/checkboxes -->\n\n                      <!-- radio -->\n                      \n                      <!-- \/radio -->\n\n                      <!-- countries -->\n                      \n                      <!-- \/countries -->\n\n\n\n\n\n                    <\/div>\n                  <\/div><div class=\"ml-form-fieldRow ml-last-item\">\n                    <div class=\"ml-field-group ml-field-email ml-validate-email ml-validate-required\">\n\n                      \n\n\n                      <!-- input -->\n                      <input aria-label=\"email\" aria-required=\"true\" type=\"email\" class=\"form-control\" data-inputmask=\"\" name=\"fields[email]\" placeholder=\"Email\" autocomplete=\"email\">\n                      <!-- \/input -->\n\n                      <!-- textarea -->\n                      \n                      <!-- \/textarea -->\n\n                      <!-- select -->\n                      \n                      <!-- \/select -->\n\n                      <!-- checkboxes -->\n            \n            <!-- \/checkboxes -->\n\n                      <!-- radio -->\n                      \n                      <!-- \/radio -->\n\n                      <!-- countries -->\n                      \n                      <!-- \/countries -->\n\n\n\n\n\n                    <\/div>\n                  <\/div>\n                \n              <\/div>\n\n              \n\n              <!-- Privacy policy -->\n              \n              <!-- \/Privacy policy -->\n\n              \n\n              \n\n              \n\n\n\n\n\n\n              \n              <input type=\"hidden\" name=\"ml-submit\" value=\"1\">\n\n              <div class=\"ml-form-embedSubmit\">\n                \n                  <button type=\"submit\" class=\"primary\">Envoyez-moi la liste de bagages automne gratuite !<\/button>\n                \n                <button disabled=\"disabled\" style=\"display: none;\" type=\"button\" class=\"loading\">\n                  <div class=\"ml-form-embedSubmitLoad\"><\/div>\n                  <span class=\"sr-only\">Loading&#8230;<\/span>\n                <\/button>\n              <\/div>\n\n              \n              <input type=\"hidden\" name=\"anticsrf\" value=\"true\">\n            <\/form>\n          <\/div>\n\n          <div class=\"ml-form-successBody row-success\" style=\"display: none\">\n\n            <div class=\"ml-form-successContent\">\n              <h4>V\u00e9rifiez votre bo\u00eete de r\u00e9ception !<\/h4>\n                <p><strong>Votre liste de bagages automne gratuite est en route !<\/strong><\/p>\n              \n            <\/div>\n\n          <\/div>\n        <\/div>\n      <\/div>\n    <\/div>\n\n  \n\n  \n  \n  <script>\n    function ml_webform_success_32216960() {\n      var $ = ml_jQuery || jQuery;\n      $('.ml-subscribe-form-32216960 .row-success').show();\n      $('.ml-subscribe-form-32216960 .row-form').hide();\n    }\n      <\/script>\n  \n  \n      <script src=\"https:\/\/groot.mailerlite.com\/js\/w\/webforms.min.js?v176e10baa5e7ed80d35ae235be3d5024\" type=\"text\/javascript\"><\/script>\n        <script>\n            fetch(\"https:\/\/assets.mailerlite.com\/jsonp\/1408143\/forms\/168523863829776256\/takel\")\n        <\/script>\n\n\n\n<p class=\"has-small-font-size\"><em>Remarque : le contenu de la newsletter et les documents \u00e0 imprimer sont disponibles uniquement en anglais pour le moment.<\/em><\/p>\n\n\n\n<div style=\"height:10px\" aria-hidden=\"true\" class=\"wp-block-spacer\"><\/div>\n\n\n\n<h4 class=\"wp-block-heading\">Connectivit\u00e9 &amp; donn\u00e9es mobiles<\/h4>\n\n\n\n<p>La couverture mobile est fiable dans tout Cotignac et dans la vall\u00e9e environnante, avec un <strong>bon signal mobile Var<\/strong> sur tous les principaux r\u00e9seaux fran\u00e7ais. La plupart des h\u00f4tels, g\u00eetes et caf\u00e9s offrent un acc\u00e8s wifi, souvent sans mot de passe. Les d\u00e9bits de donn\u00e9es sont suffisamment rapides pour le t\u00e9l\u00e9travail ou les appels vid\u00e9o, ce qui fait du village troglodyte de Cotignac une base agr\u00e9able pour les expatri\u00e9\u00b7es ou nomades num\u00e9riques souhaitant rester connect\u00e9s tout en profitant du rythme proven\u00e7al.<\/p>\n\n\n\n<hr class=\"wp-block-separator has-alpha-channel-opacity\"\/>\n\n\n\n<h2 class=\"wp-block-heading\" id=\"day-trips-and-nearby-villages\">Excursions depuis Cotignac &amp; villages alentours en Provence<\/h2>\n\n\n\n<p>Visiter Cotignac est une excellente id\u00e9e si vous souhaitez <strong>explorer la Provence Verte<\/strong>, avec ses routes panoramiques, ses lacs et ses villages perch\u00e9s \u00e0 proximit\u00e9 imm\u00e9diate. Le paysage alterne entre vignobles, oliveraies et falaises calcaires, offrant chaque jour un d\u00e9cor diff\u00e9rent sans passer des heures sur la route. Ces <strong>excursions depuis Cotignac<\/strong> mettent en valeur le meilleur de l\u2019histoire, de la nature et des traditions culinaires de la r\u00e9gion.<\/p>\n\n\n\n<div style=\"height:10px\" aria-hidden=\"true\" class=\"wp-block-spacer\"><\/div>\n\n\n\n<h3 class=\"wp-block-heading\">Sillans-la-Cascade, 7 km<\/h3>\n\n\n\n<p>\u00c0 seulement quinze minutes, la <strong>cascade de Sillans<\/strong> est l\u2019un des sites les plus photographi\u00e9s de la Provence Verte. Les <strong>chutes d\u2019eau de 42 m\u00e8tres<\/strong> se d\u00e9versent dans un bassin turquoise entour\u00e9 d\u2019une for\u00eat dense. Il est conseill\u00e9 de la visiter t\u00f4t le matin, avant que les parkings ne soient pleins. Pr\u00e9voyez des <strong>chaussures de marche<\/strong> et \u00e9vitez les jours suivant de fortes pluies, lorsque les sentiers d\u2019acc\u00e8s peuvent devenir glissants.<\/p>\n\n\n\n<hr class=\"wp-block-separator has-alpha-channel-opacity is-style-dots\"\/>\n\n\n\n<h3 class=\"wp-block-heading\">Entrecasteaux, 12 km<\/h3>\n\n\n\n<p>\u00c0 vingt minutes \u00e0 l\u2019ouest, <strong>Entrecasteaux<\/strong> s\u00e9duit par <strong>son ch\u00e2teau et ses jardins remarquables<\/strong>. Le Ch\u00e2teau d\u2019Entrecasteaux domine la rivi\u00e8re Bresque, et ses jardins \u00e0 la fran\u00e7aise, dessin\u00e9s au XVIII\u1d49 si\u00e8cle, sont ouverts \u00e0 la visite. Le village, calme et pittoresque, abrite de petites ruelles et quelques caf\u00e9s servant des plats r\u00e9gionaux. C\u2019est une excursion d\u2019une demi-journ\u00e9e id\u00e9ale depuis Cotignac Provence, <strong>parfaite pour les passionn\u00e9\u00b7es d\u2019histoire et d\u2019architecture<\/strong>.<\/p>\n\n\n\n<hr class=\"wp-block-separator has-alpha-channel-opacity is-style-dots\"\/>\n\n\n\n<figure class=\"wp-block-image size-full\"><img loading=\"lazy\" decoding=\"async\" width=\"792\" height=\"294\" src=\"https:\/\/www.the-travel-bunny.com\/fr\/wp-content\/uploads\/sites\/3\/2025\/08\/Weekend-a-Carces-Itineraire-Provence-Verte-Cascade-Caramy-Lac-de-Carces.jpg\" alt=\"Weekend \u00e0 Carc\u00e8s Provence Verte. Vue panoramique depuis Carc\u00e8s, village m\u00e9di\u00e9val de Provence Verte, montrant les toits en pierre, la campagne fran\u00e7aise et les collines environnantes\" class=\"wp-image-7795\" title=\"\" srcset=\"https:\/\/www.the-travel-bunny.com\/fr\/wp-content\/uploads\/sites\/3\/2025\/08\/Weekend-a-Carces-Itineraire-Provence-Verte-Cascade-Caramy-Lac-de-Carces.jpg 792w, https:\/\/www.the-travel-bunny.com\/fr\/wp-content\/uploads\/sites\/3\/2025\/08\/Weekend-a-Carces-Itineraire-Provence-Verte-Cascade-Caramy-Lac-de-Carces-300x111.jpg 300w, https:\/\/www.the-travel-bunny.com\/fr\/wp-content\/uploads\/sites\/3\/2025\/08\/Weekend-a-Carces-Itineraire-Provence-Verte-Cascade-Caramy-Lac-de-Carces-768x285.jpg 768w\" sizes=\"auto, (max-width: 792px) 100vw, 792px\" \/><figcaption class=\"wp-element-caption\"><em>Une vue panoramique depuis les rues hautes de Carc\u00e8s, r\u00e9v\u00e9lant les b\u00e2timents en pierre rustique du village m\u00e9di\u00e9val et les collines verdoyantes et vignobles ondulants de la Provence Verte sous un ciel d\u2019\u00e9t\u00e9 partiellement nuageux.<\/em><\/figcaption><\/figure>\n\n\n\n<h3 class=\"wp-block-heading\">Carc\u00e8s, 10 km<\/h3>\n\n\n\n<p>Au sud se trouve <strong>Carc\u00e8s<\/strong>, c\u00e9l\u00e8bre pour son lac et sa cave coop\u00e9rative vinicole. La promenade autour du <strong>lac de Carc\u00e8s<\/strong> est paisible, bord\u00e9e de roseaux et anim\u00e9e par les oiseaux de la r\u00e9gion. \u00c0 la <strong>coop\u00e9rative viticole<\/strong>, on peut d\u00e9guster des vins ros\u00e9s et rouges locaux \u00e0 des prix tr\u00e8s abordables. Le village de Carc\u00e8s poss\u00e8de aussi quelques terrasses ombrag\u00e9es o\u00f9 l\u2019on peut d\u00e9jeuner ou prendre un caf\u00e9 avant de poursuivre son <strong>itin\u00e9raire en Provence<\/strong>.<\/p>\n\n\n\n<hr class=\"wp-block-separator has-alpha-channel-opacity is-style-dots\"\/>\n\n\n\n<h3 class=\"wp-block-heading\">Aups, 20 km<\/h3>\n\n\n\n<p>En direction du nord, vous atteindrez <strong>Aups<\/strong>, une <strong>petite ville de march\u00e9<\/strong> fi\u00e8re de sa tradition de la truffe. Le <strong>march\u00e9 aux truffes d\u2019Aups<\/strong>, organis\u00e9 de d\u00e9cembre \u00e0 mars, attire chefs et habitant\u00b7e\u00b7s de toute la r\u00e9gion. En dehors de la saison de la truffe, Aups reste anim\u00e9e gr\u00e2ce \u00e0 ses galeries d\u2019art, son march\u00e9 du vendredi et ses restaurants proven\u00e7aux o\u00f9 l\u2019on sert du fromage de ch\u00e8vre et du miel produits localement.<\/p>\n\n\n\n<hr class=\"wp-block-separator has-alpha-channel-opacity is-style-dots\"\/>\n\n\n\n<h3 class=\"wp-block-heading\">Salernes, 17 km<\/h3>\n\n\n\n<p>En roulant vers l\u2019ouest, on d\u00e9couvre <strong>Salernes, une ville de poterie<\/strong> o\u00f9 les ateliers bordent les ruelles et o\u00f9 les <strong>fa\u00efences color\u00e9es<\/strong> ornent les fa\u00e7ades. De nombreux artisans ouvrent leurs portes aux visiteurs, ce qui en fait une \u00e9tape id\u00e9ale pour les passionn\u00e9\u00b7e\u00b7s de design ou de savoir-faire artisanal. On peut facilement combiner Salernes avec Entrecasteaux pour une excursion d\u2019une journ\u00e9e \u00e0 travers les villages autour de Cotignac.<\/p>\n\n\n\n<hr class=\"wp-block-separator has-alpha-channel-opacity is-style-dots\"\/>\n\n\n\n<h3 class=\"wp-block-heading\">Tourtour, 25 km<\/h3>\n\n\n\n<p>Surnomm\u00e9 <em>le village dans le ciel<\/em>, <strong>Tourtour<\/strong> domine la vall\u00e9e et offre l\u2019un des <strong>plus beaux panoramas de la Provence Verte<\/strong>. Ses ruelles pav\u00e9es m\u00e8nent \u00e0 de petites galeries d\u2019art, tandis que la place centrale s\u2019anime de caf\u00e9s accueillants. C\u2019est un lieu id\u00e9al pour une visite en fin d\u2019apr\u00e8s-midi, lorsque la lumi\u00e8re dor\u00e9e se d\u00e9pose sur les vignes de Provence.<\/p>\n\n\n\n<hr class=\"wp-block-separator has-alpha-channel-opacity is-style-dots\"\/>\n\n\n\n<figure class=\"wp-block-image size-full\"><img loading=\"lazy\" decoding=\"async\" width=\"792\" height=\"294\" src=\"https:\/\/www.the-travel-bunny.com\/fr\/wp-content\/uploads\/sites\/3\/2025\/08\/Lac-de-Sainte-Croix-Gorges-du-Verdon-Provence.jpg\" alt=\"Vue a\u00e9rienne du lac de Sainte-Croix aux eaux turquoise, entour\u00e9 de collines et routes menant aux Gorges du Verdon en Provence\" class=\"wp-image-7817\" title=\"\" srcset=\"https:\/\/www.the-travel-bunny.com\/fr\/wp-content\/uploads\/sites\/3\/2025\/08\/Lac-de-Sainte-Croix-Gorges-du-Verdon-Provence.jpg 792w, https:\/\/www.the-travel-bunny.com\/fr\/wp-content\/uploads\/sites\/3\/2025\/08\/Lac-de-Sainte-Croix-Gorges-du-Verdon-Provence-300x111.jpg 300w, https:\/\/www.the-travel-bunny.com\/fr\/wp-content\/uploads\/sites\/3\/2025\/08\/Lac-de-Sainte-Croix-Gorges-du-Verdon-Provence-768x285.jpg 768w\" sizes=\"auto, (max-width: 792px) 100vw, 792px\" \/><figcaption class=\"wp-element-caption\"><em>Une vue a\u00e9rienne panoramique du Lac de Sainte-Croix r\u00e9v\u00e8le ses eaux turquoise \u00e9clatantes, bord\u00e9es de collines bois\u00e9es. Un pont traverse le lac, tandis que les routes sinueuses m\u00e8nent vers les Gorges du Verdon, capturant toute la beaut\u00e9 naturelle de cette destination embl\u00e9matique de Provence.<\/em><\/figcaption><\/figure>\n\n\n\n<h3 class=\"wp-block-heading\">Moustiers-Sainte-Marie &amp; Gorges du Verdon, 60 min<\/h3>\n\n\n\n<p><strong>Moustiers-Sainte-Marie &amp; Gorges du Verdon, 60 min<\/strong><\/p>\n\n\n\n<p>Pour une excursion d\u2019une journ\u00e9e compl\u00e8te, prenez la route vers le nord en direction des <strong>Gorges du Verdon<\/strong>. Faites une halte \u00e0 <strong>Moustiers-Sainte-Marie<\/strong>, un village de potiers nich\u00e9 au pied des falaises calcaires. Depuis ce lieu, vous pouvez <strong>louer un kayak sur le Lac de Sainte-Croix<\/strong> ou suivre la <strong>route panoramique de la Corniche<\/strong> pour admirer les vues spectaculaires sur le canyon. Cette escapade m\u00eale nature, culture et facilit\u00e9 d\u2019acc\u00e8s pour un retour tranquille vers votre base \u00e0 Cotignac Provence.<\/p>\n\n\n\n<div style=\"height:10px\" aria-hidden=\"true\" class=\"wp-block-spacer\"><\/div>\n\n\n\n<p>Chacun de ces <strong>villages autour de Cotignac<\/strong> offre une identit\u00e9 singuli\u00e8re, avec cascades, ch\u00e2teaux, ateliers de poterie ou march\u00e9s aux truffes. Ensemble, ils composent un <strong>itin\u00e9raire Provence Verte<\/strong> riche en d\u00e9couvertes et en authenticit\u00e9, \u00e9quilibrant d\u00e9tente et exploration, tout en gardant Cotignac Var comme point de d\u00e9part paisible et central pour votre s\u00e9jour \u00e0 Cotignac.<\/p>\n\n\n\n<hr class=\"wp-block-separator has-alpha-channel-opacity\"\/>\n\n\n\n<figure class=\"wp-block-image size-full\"><img loading=\"lazy\" decoding=\"async\" width=\"792\" height=\"294\" src=\"https:\/\/www.the-travel-bunny.com\/fr\/wp-content\/uploads\/sites\/3\/2025\/10\/Voyage-en-camping-car-Cotignac-famille-Provence-Verte-Var.jpg\" alt=\"Jeune enfant assis au volant d\u2019un camping-car pendant un voyage en famille \u00e0 Cotignac en Provence Verte.\" class=\"wp-image-8179\" title=\"\" srcset=\"https:\/\/www.the-travel-bunny.com\/fr\/wp-content\/uploads\/sites\/3\/2025\/10\/Voyage-en-camping-car-Cotignac-famille-Provence-Verte-Var.jpg 792w, https:\/\/www.the-travel-bunny.com\/fr\/wp-content\/uploads\/sites\/3\/2025\/10\/Voyage-en-camping-car-Cotignac-famille-Provence-Verte-Var-300x111.jpg 300w, https:\/\/www.the-travel-bunny.com\/fr\/wp-content\/uploads\/sites\/3\/2025\/10\/Voyage-en-camping-car-Cotignac-famille-Provence-Verte-Var-768x285.jpg 768w\" sizes=\"auto, (max-width: 792px) 100vw, 792px\" \/><figcaption class=\"wp-element-caption\"><em>Notre petit copilote, pr\u00eat pour la route \u00e0 Cotignac, perch\u00e9 fi\u00e8rement au volant du van avant notre prochaine travers\u00e9e de la Provence. Voyager en famille en van transforme chaque arr\u00eat de village en aventure.<\/em><\/figcaption><\/figure>\n\n\n\n<h2 class=\"wp-block-heading\" id=\"cotignac-guide-for-camper-travelers-real-tips-from-the-road\">Guide Cotignac pour voyageurs en camping-car<\/h2>\n\n\n\n<p><strong>Voyager en camping-car dans la Provence Verte<\/strong> est une exp\u00e9rience enrichissante, mais elle exige une pr\u00e9paration que seule l\u2019exp\u00e9rience enseigne. Cotignac Provence se distingue parmi les villages pittoresques de la r\u00e9gion pour son accueil envers les vans et camping-cars, \u00e0 condition d\u2019anticiper un peu. Cette section rassemble mes conseils honn\u00eates de notre week-end \u00e0 Cotignac, utiles \u00e0 toute personne pratiquant la <strong>vanlife Provence<\/strong> ou d\u00e9couvrant pour la premi\u00e8re fois le <strong>voyage en camping-car \u00e0 Cotignac<\/strong>.<\/p>\n\n\n\n<div style=\"height:10px\" aria-hidden=\"true\" class=\"wp-block-spacer\"><\/div>\n\n\n\n<h3 class=\"wp-block-heading\">Conduite &amp; stationnement \u00e0 Cotignac<\/h3>\n\n\n\n<p>Un v\u00e9hicule de plus de sept m\u00e8tres reste g\u00e9rable \u00e0 Cotignac Var, tant qu\u2019on \u00e9vite le centre historique aux ruelles \u00e9troites. La plupart des parkings du village troglodyte de Cotignac ont une <strong>limite de hauteur de 2 m<\/strong>, y compris celui pr\u00e8s de l\u2019Office de Tourisme. Pour les camping-cars, la meilleure option est le <strong>parking tranquille de nuit au 867 chemin de la Colle<\/strong>, r\u00e9f\u00e9renc\u00e9 sur <strong>Park4Night Cotignac<\/strong>. Il se trouve \u00e0 environ quinze minutes \u00e0 pied du centre, est assez plat pour dormir et gratuit. Nous y avons pass\u00e9 une nuit sans aucun probl\u00e8me. Aucun panneau n\u2019interdisait le stationnement nocturne, et personne n\u2019est venu contr\u00f4ler.<\/p>\n\n\n\n<hr class=\"wp-block-separator has-alpha-channel-opacity is-style-dots\"\/>\n\n\n\n<h3 class=\"wp-block-heading\">Rester discret &amp; respectueux<\/h3>\n\n\n\n<p>Ce week-end-l\u00e0, un voisin gar\u00e9 non loin a utilis\u00e9 des cales pour niveler son camping-car. Nous avons choisi de ne pas le faire. Comme c\u2019\u00e9tait un lieu hors camping, nous avons pr\u00e9f\u00e9r\u00e9 <strong>rester discrets et stationner comme une voiture classique<\/strong>, sans sortir de chaises ni de tables. Personne ne lui a rien dit, mais quand nous faisons du stationnement libre en Provence, nous suivons toujours la r\u00e8gle <strong>si cela ressemble \u00e0 du camping, cela attire l\u2019attention<\/strong>. Cette approche garantit des nuits paisibles en <strong>van \u00e0 Cotignac<\/strong> et contribue \u00e0 de bonnes relations avec les habitants.<\/p>\n\n\n\n<hr class=\"wp-block-separator has-alpha-channel-opacity is-style-dots\"\/>\n\n\n\n<h3 class=\"wp-block-heading\">Conditions &amp; pr\u00e9paration pour camper \u00e0 Cotignac<\/h3>\n\n\n\n<p>Le spot du Chemin de la Colle est calme et pratique, mais basique. Il n\u2019y a <strong>aucun point de service \u00e0 Cotignac<\/strong> pour faire le plein d\u2019eau ou vider les r\u00e9servoirs, donc il faut anticiper avant d\u2019arriver. Apportez de l\u2019eau potable suppl\u00e9mentaire et une batterie externe pour vos appareils si vous n\u2019avez pas de panneaux solaires. Les <strong>nuits d\u2019automne<\/strong> peuvent \u00eatre venteuses : pr\u00e9voyez des <strong>v\u00eatements chauds<\/strong> et une bonne couverture. Le vent fait parfois l\u00e9g\u00e8rement bouger le van, mais cela fait partie de l\u2019exp\u00e9rience proven\u00e7ale authentique.<\/p>\n\n\n\n<p class=\"has-extra-info-background-color has-background\"><strong>Conseil Cotignac Provence<\/strong> : Pour les longs s\u00e9jours, pensez \u00e0 combiner votre halte avec le Camping Municipal Les Pouverels, situ\u00e9 un peu plus loin, pour les services d\u2019eau et d\u2019\u00e9lectricit\u00e9.<\/p>\n\n\n\n<hr class=\"wp-block-separator has-alpha-channel-opacity is-style-dots\"\/>\n\n\n\n<h3 class=\"wp-block-heading\">O\u00f9 ne pas aller avec un grand v\u00e9hicule<\/h3>\n\n\n\n<p>Si vous envisagez d\u2019explorer les alentours, <strong>\u00e9vitez Sillans-la-Cascade avec un camping-car<\/strong>. Presque tous les parkings y sont clairement signal\u00e9s <em>interdit aux camping-cars<\/em>. La route menant au seul parking autoris\u00e9 est <strong>\u00e9troite, pleine de nids-de-poule et comporte un virage serr\u00e9<\/strong>. Il est plus simple de visiter la cascade de Sillans en voiture une fois install\u00e9 \u00e0 Cotignac.<\/p>\n\n\n\n<p class=\"has-extra-info-background-color has-background\"><strong>Conseil camping Cotignac :<\/strong> Consultez toujours Park4Night avant d\u2019arriver pour v\u00e9rifier les fermetures d\u2019\u00e9v\u00e9nements. Pendant la F\u00eate du Coing Cotignac, par exemple, le Parking Lauron \u00e9tait ferm\u00e9 pour le spectacle \u00e9questre. Arriver t\u00f4t dans la journ\u00e9e et observer les panneaux locaux permet d\u2019\u00e9viter bien des tracas lorsqu\u2019on parcourt le r\u00e9seau de parkings nocturnes du Var dans les petits villages.<\/p>\n\n\n\n<p>Cotignac demeure une halte fiable pour les voyageurs pratiquant la <strong>vanlife en Provence<\/strong>. En traitant le village avec le <strong>m\u00eame respect qu\u2019il vous offre<\/strong>, vous d\u00e9couvrirez un havre de paix entour\u00e9 de vignes, d\u2019oliveraies et d\u2019habitants g\u00e9n\u00e9reux.<\/p>\n\n\n\n<p>C\u2019est une base id\u00e9ale pour un <strong>s\u00e9jour \u00e0 Cotignac<\/strong> ou un <strong>week-end en Provence Verte<\/strong>, \u00e0 proximit\u00e9 du Rocher de Cotignac, des grottes troglodytes, et de la rivi\u00e8re Cassole. Ici, le patrimoine de Cotignac se d\u00e9couvre lentement, au rythme du voyage lent en Provence, entre authenticit\u00e9, nature et convivialit\u00e9.<\/p>\n\n\n\n<hr class=\"wp-block-separator has-alpha-channel-opacity\"\/>\n\n\n\n<figure class=\"wp-block-image size-full\"><img loading=\"lazy\" decoding=\"async\" width=\"792\" height=\"294\" src=\"https:\/\/www.the-travel-bunny.com\/fr\/wp-content\/uploads\/sites\/3\/2025\/10\/Cotignac-avec-enfants-voyage-famille-Provence-Verte-Var.jpg\" alt=\"Balade en famille \u00e0 Cotignac en Provence Verte avec un parent et un enfant marchant le long du Rocher et dans les ruelles du village.\" class=\"wp-image-8180\" title=\"\" srcset=\"https:\/\/www.the-travel-bunny.com\/fr\/wp-content\/uploads\/sites\/3\/2025\/10\/Cotignac-avec-enfants-voyage-famille-Provence-Verte-Var.jpg 792w, https:\/\/www.the-travel-bunny.com\/fr\/wp-content\/uploads\/sites\/3\/2025\/10\/Cotignac-avec-enfants-voyage-famille-Provence-Verte-Var-300x111.jpg 300w, https:\/\/www.the-travel-bunny.com\/fr\/wp-content\/uploads\/sites\/3\/2025\/10\/Cotignac-avec-enfants-voyage-famille-Provence-Verte-Var-768x285.jpg 768w\" sizes=\"auto, (max-width: 792px) 100vw, 792px\" \/><figcaption class=\"wp-element-caption\"><em>Explorer Cotignac avec des enfants signifie de lentes balades dans des ruelles pav\u00e9es et le long de sentiers au pied des falaises, o\u00f9 les petites jambes peuvent marcher en toute s\u00e9curit\u00e9. Notre tout-petit adorait saluer les habitants et observer les chats pendant que nous profitions du rythme paisible de la vie familiale en Provence.<\/em><\/figcaption><\/figure>\n\n\n\n<h2 class=\"wp-block-heading\" id=\"traveling-with-kids-in-cotignac\">Voyager avec des enfants \u00e0 Cotignac<\/h2>\n\n\n\n<p><strong>Cotignac Provence<\/strong> est assez petit pour \u00eatre explor\u00e9 facilement, tout en \u00e9tant plein de d\u00e9tails capables de capter l\u2019attention d\u2019un enfant. C&rsquo;est un bon choix surtout pour les familles qui aiment le <strong><em>slow travel<\/em> en Provence<\/strong> et n\u2019h\u00e9sitent pas \u00e0 adapter leur programme selon les siestes et les repas. Les rues sont calmes, <strong>la plupart des ruelles sont pi\u00e9tonnes<\/strong>, et les habitants de Cotignac Var sont toujours pr\u00eats \u00e0 sourire ou \u00e0 \u00e9changer quelques mots. Voici ce qui a rendu notre <strong>s\u00e9jour \u00e0 Cotignac<\/strong> simple et agr\u00e9able en famille.<\/p>\n\n\n\n<div style=\"height:10px\" aria-hidden=\"true\" class=\"wp-block-spacer\"><\/div>\n\n\n\n<h3 class=\"wp-block-heading\">Logistique poussette et porte-b\u00e9b\u00e9 \u00e0 Cotignac<\/h3>\n\n\n\n<p>Utiliser une <strong>poussette \u00e0 Cotignac<\/strong> fonctionne bien dans le centre-village, le long du Cours Gambetta et sur la Place de la Mairie, o\u00f9 le sol est plut\u00f4t plat. D\u00e8s qu\u2019on se dirige vers le Rocher de Cotignac ou le <strong>sanctuaire Notre-Dame de Gr\u00e2ces Cotignac<\/strong>, mieux vaut passer au porte-b\u00e9b\u00e9.<\/p>\n\n\n\n<p>Nous avons gard\u00e9 la poussette pli\u00e9e pour la <strong>Balade du Rocher<\/strong> et pour la <strong>mont\u00e9e vers le sanctuaire<\/strong>. Les escaliers et les chemins pav\u00e9s y sont parfois raides, et le porte-b\u00e9b\u00e9 permet de garder les mains libres.<\/p>\n\n\n\n<p>Pour les familles voyageant avec plusieurs enfants, alterner entre poussette et porte-b\u00e9b\u00e9 facilite les d\u00e9placements sans contrainte<\/p>\n\n\n\n<hr class=\"wp-block-separator has-alpha-channel-opacity is-style-dots\"\/>\n\n\n\n<h3 class=\"wp-block-heading\">Aires de jeux &amp; activit\u00e9s familiales \u00e0 Cotignac<\/h3>\n\n\n\n<p><strong>Cotignac avec enfants<\/strong> offre plusieurs endroits o\u00f9 les plus jeunes peuvent courir et jouer en toute s\u00e9curit\u00e9. Pendant la <strong>F\u00eate du Coing Cotignac<\/strong>, une aire pour enfants temporaire est install\u00e9e pr\u00e8s de la <strong>mairie Cotignac<\/strong>, avec des jeux et jouets en bois typiques de l\u2019artisanat local.<\/p>\n\n\n\n<p>Les jours ordinaires, l\u2019<strong>aire de jeux Cotignac<\/strong> situ\u00e9e sur le chemin menant au sanctuaire reste le meilleur choix. Elle est ombrag\u00e9e, propre et dispose d\u2019un grand espace pour les tout-petits. Nous nous y sommes arr\u00eat\u00e9s en redescendant du <strong>sanctuaire Notre-Dame de Gr\u00e2ces<\/strong>, heureux de trouver un lieu paisible o\u00f9 Willy pouvait jouer avant la marche de retour vers le camping-car.<\/p>\n\n\n\n<hr class=\"wp-block-separator has-alpha-channel-opacity is-style-dots\"\/>\n\n\n\n<figure class=\"wp-block-image size-full\"><img loading=\"lazy\" decoding=\"async\" width=\"792\" height=\"294\" src=\"https:\/\/www.the-travel-bunny.com\/fr\/wp-content\/uploads\/sites\/3\/2025\/10\/Lou-Calen-Cotignac-boutiques-et-art-de-vivre-Provence-Verte-Var.jpg\" alt=\"Terrasse et boutiques locales autour de Lou Calen Cotignac en Provence Verte, avec fa\u00e7ades anciennes et ambiance de village proven\u00e7al.\" class=\"wp-image-8181\" title=\"\" srcset=\"https:\/\/www.the-travel-bunny.com\/fr\/wp-content\/uploads\/sites\/3\/2025\/10\/Lou-Calen-Cotignac-boutiques-et-art-de-vivre-Provence-Verte-Var.jpg 792w, https:\/\/www.the-travel-bunny.com\/fr\/wp-content\/uploads\/sites\/3\/2025\/10\/Lou-Calen-Cotignac-boutiques-et-art-de-vivre-Provence-Verte-Var-300x111.jpg 300w, https:\/\/www.the-travel-bunny.com\/fr\/wp-content\/uploads\/sites\/3\/2025\/10\/Lou-Calen-Cotignac-boutiques-et-art-de-vivre-Provence-Verte-Var-768x285.jpg 768w\" sizes=\"auto, (max-width: 792px) 100vw, 792px\" \/><figcaption class=\"wp-element-caption\"><em>Le rythme paisible de la vie de village \u00e0 Cotignac se d\u00e9ploie autour du Lou Calen Cotignac, o\u00f9 caf\u00e9s, ateliers et petites boutiques comme <em>Les Potriotes<\/em> se fondent dans les fa\u00e7ades de pierre et les vignes grimpantes. Cet environnement intime incarne l\u2019art de vivre proven\u00e7al, lent, accueillant et empreint de charme quotidien.<\/em><\/figcaption><\/figure>\n\n\n\n<h3 class=\"wp-block-heading\">Rythme familial &amp; vie quotidienne<\/h3>\n\n\n\n<p>Notre rythme familial a fa\u00e7onn\u00e9 le week-end. Willy a parcouru une grande partie du samedi dans les ruelles du village troglodyte de Cotignac, saluant les habitants et montrant chaque chien qu\u2019il voyait. Il s\u2019est endormi dans son porte-b\u00e9b\u00e9 pendant la mont\u00e9e vers le sanctuaire Notre-Dame de Gr\u00e2ces, un timing parfait. Pendant son sommeil, nous avons pu visiter calmement et profiter de la vue sans nous presser. Cet \u00e9quilibre a rendu notre <strong>s\u00e9jour \u00e0 Cotignac avec enfants<\/strong> agr\u00e9able pour toute la famille. Le <strong>voyage en famille en Provence<\/strong> devient plus simple lorsque l\u2019on organise les balades en fonction des siestes plut\u00f4t que de vouloir suivre un emploi du temps rigide.<\/p>\n\n\n\n<hr class=\"wp-block-separator has-alpha-channel-opacity is-style-dots\"\/>\n\n\n\n<h3 class=\"wp-block-heading\">Manger avec un tout-petit \u00e0 Cotignac<\/h3>\n\n\n\n<p>Trouver des repas adapt\u00e9s \u00e0 un jeune enfant demande un peu d\u2019organisation, surtout le dimanche. Les plats du <strong>march\u00e9 de Cotignac<\/strong> sont souvent trop sal\u00e9s ou \u00e9pic\u00e9s pour les petits, et les \u00e9piceries comme le Spar du village proposent peu de produits pour b\u00e9b\u00e9s, souvent plus chers que dans les hypermarch\u00e9s. <strong>Apporter sa propre cuill\u00e8re et un petit kit de repas<\/strong> peut vraiment aider. Nous avons nourri Willy dans le camping-car les deux jours, ce qui a fait gagner du temps et \u00e9vit\u00e9 toute frustration.<\/p>\n\n\n\n<div style=\"height:10px\" aria-hidden=\"true\" class=\"wp-block-spacer\"><\/div>\n\n\n\n<p>Cotignac Provence est un excellent choix pour les familles qui privil\u00e9gient des journ\u00e9es calmes et flexibles plut\u00f4t qu\u2019un programme charg\u00e9. Le cadre est s\u00fbr, les habitants sont bienveillants et le paysage \u00e9veille la curiosit\u00e9 des enfants sans les submerger. Avec un bon porte-b\u00e9b\u00e9, quelques encas et une approche ouverte, <strong>visiter Cotignac en famille<\/strong> devient l\u2019une des exp\u00e9riences les plus enrichissantes du sud de la France.<\/p>\n\n\n\n<hr class=\"wp-block-separator has-alpha-channel-opacity\"\/>\n\n\n\n<h2 class=\"wp-block-heading\" id=\"cotignac-culture-history-highlights\">Culture &amp; patrimoine \u00e0 Cotignac<\/h2>\n\n\n\n<p><strong>Cotignac Var<\/strong> porte des si\u00e8cles d\u2019histoire dans les falaises, les fontaines de Cotignac, et les ruelles \u00e9troites. Se promener dans le village troglodyte Cotignac donne l\u2019impression de voyager \u00e0 travers les \u00e2ges, chaque \u00e9poque laissant ses marques dans la pierre ou sur les plaques qui jalonnent le <strong>circuit du patrimoine Cotignac<\/strong>. Voici les principaux points culturels et historiques qui font de Cotignac Provence Verte l\u2019un des plus beaux villages de France et une destination d\u2019une authenticit\u00e9 rare.<\/p>\n\n\n\n<div style=\"height:10px\" aria-hidden=\"true\" class=\"wp-block-spacer\"><\/div>\n\n\n\n<h3 class=\"wp-block-heading\">\u00c9tymologie &amp; origines de Cottinius<\/h3>\n\n\n\n<p>L\u2019<strong>histoire de Cotignac<\/strong> commence \u00e0 l\u2019\u00e9poque romaine. Le nom du village viendrait probablement d\u2019un officier romain nomm\u00e9 <strong><em>Cottinius<\/em> ou <em>Cottinus<\/em><\/strong>, associ\u00e9 au suffixe latin <em><strong>-acum<\/strong><\/em> indiquant la possession d\u2019un domaine. Au fil du temps, <em><strong>Cottiniacum<\/strong><\/em> est devenu <em><strong>Cotignac<\/strong><\/em>. La r\u00e9gion \u00e9tait r\u00e9put\u00e9e pour son sol fertile et ses sources d\u2019eau, qui ont permis le d\u00e9veloppement des vignes, des oliveraies, ainsi que des moulins \u00e0 huile et \u00e0 grain de Cotignac pendant plusieurs si\u00e8cles.<\/p>\n\n\n\n<hr class=\"wp-block-separator has-alpha-channel-opacity is-style-dots\"\/>\n\n\n\n<figure class=\"wp-block-image size-full\"><img loading=\"lazy\" decoding=\"async\" width=\"792\" height=\"294\" src=\"https:\/\/www.the-travel-bunny.com\/fr\/wp-content\/uploads\/sites\/3\/2025\/10\/Moulin-de-Piquet-Cotignac-ancien-moulin-a-huile-Provence-Verte-Var.jpg\" alt=\"Fa\u00e7ade en pierre du Moulin de Piquet \u00e0 Cotignac, ancien moulin \u00e0 huile de Provence avec ses presses en bois pr\u00e9serv\u00e9es.\" class=\"wp-image-8182\" title=\"\" srcset=\"https:\/\/www.the-travel-bunny.com\/fr\/wp-content\/uploads\/sites\/3\/2025\/10\/Moulin-de-Piquet-Cotignac-ancien-moulin-a-huile-Provence-Verte-Var.jpg 792w, https:\/\/www.the-travel-bunny.com\/fr\/wp-content\/uploads\/sites\/3\/2025\/10\/Moulin-de-Piquet-Cotignac-ancien-moulin-a-huile-Provence-Verte-Var-300x111.jpg 300w, https:\/\/www.the-travel-bunny.com\/fr\/wp-content\/uploads\/sites\/3\/2025\/10\/Moulin-de-Piquet-Cotignac-ancien-moulin-a-huile-Provence-Verte-Var-768x285.jpg 768w\" sizes=\"auto, (max-width: 792px) 100vw, 792px\" \/><figcaption class=\"wp-element-caption\"><em>Derri\u00e8re la mairie de Cotignac, le Moulin de Piquet conserve encore les anciennes presses en bois qui servaient autrefois \u00e0 produire l\u2019huile d\u2019olive \u00e0 Cotignac. Ce moulin du XVIII\u1d49 si\u00e8cle fait partie int\u00e9grante du long patrimoine agricole et artisanal de Cotignac.<\/em><\/figcaption><\/figure>\n\n\n\n<h3 class=\"wp-block-heading\">La rivi\u00e8re Cassole &amp; la gestion de l\u2019eau<\/h3>\n\n\n\n<p>La <strong>rivi\u00e8re Cassole<\/strong> a toujours \u00e9t\u00e9 la v\u00e9ritable source de vie de <strong>Cotignac Provence<\/strong>, fa\u00e7onnant \u00e0 la fois son paysage et sa prosp\u00e9rit\u00e9. Bien avant que le village ne prenne sa forme actuelle, le puissant courant de la Cassole a creus\u00e9 la falaise calcaire aujourd\u2019hui connue sous le nom de <strong>Rocher de Cotignac<\/strong>, sculptant les surplombs qui deviendront plus tard les c\u00e9l\u00e8bres grottes troglodytes de Cotignac.<\/p>\n\n\n\n<p>Au XVIII\u1d49 si\u00e8cle, le <strong>d\u00e9tournement de la Cassole<\/strong> a permis d\u2019\u00e9viter les inondations. Ce fut une d\u00e9cision d\u2019ing\u00e9nierie d\u00e9cisive qui autorisa le d\u00e9veloppement s\u00fbr du <strong>village troglodyte de Cotignac<\/strong> au pied de la falaise, tout en irriguant les terres fertiles de la vall\u00e9e environnante.<\/p>\n\n\n\n<p>Le courant d\u00e9tourn\u00e9 alimentait alors un r\u00e9seau de <strong>moulins \u00e0 huile et \u00e0 grain de Cotignac<\/strong>, dont les canaux de pierre et les arches bordent encore aujourd\u2019hui les sentiers ombrag\u00e9s sous le village. Parmi eux, le <strong>Moulin de Piquet<\/strong> se dresse comme le dernier moulin encore debout, t\u00e9moin d\u2019une \u00e9poque o\u00f9 <strong>l\u2019huile d\u2019olive de Cotignac<\/strong> et la farine faisaient vivre l\u2019\u00e9conomie locale.<\/p>\n\n\n\n<p>Le nom <em>Piquet<\/em> vient de l\u2019imp\u00f4t de mouture jadis vers\u00e9 au seigneur du lieu en \u00e9change du broyage du bl\u00e9, un syst\u00e8me rest\u00e9 en vigueur m\u00eame apr\u00e8s que le moulin \u00e0 huile soit pass\u00e9 \u00e0 la communaut\u00e9 en 1521. <strong>On y empilait les olives dans des <em>scourtins<\/em> ronds (paniers tress\u00e9s)<\/strong> press\u00e9s en couches pour extraire la <strong>pr\u00e9cieuse huile vierge<\/strong> qui s\u2019\u00e9coulait ensuite par des rigoles de pierre dans des bassins d\u2019attente.<\/p>\n\n\n\n<p>Au XIX\u1d49 si\u00e8cle, <strong>Cotignac Var<\/strong> comptait plus d\u2019une douzaine de moulins aliment\u00e9s par les courants d\u00e9riv\u00e9s de la Cassole. Cette m\u00eame eau soutenait aussi l\u2019essor <strong>des tanneries de Cotignac et des magnaneries<\/strong>, au c\u0153ur de l\u2019industrie de la soie en Provence, gr\u00e2ce \u00e0 son humidit\u00e9 constante. Elle nourrissait enfin <strong>les jardins plant\u00e9s d\u2019oliviers, de figuiers et de vignes<\/strong>, symboles durables du <strong>rythme rural et de la prosp\u00e9rit\u00e9 proven\u00e7ale<\/strong>.<\/p>\n\n\n\n<p>En <strong>1897<\/strong>, Cotignac entra dans une nouvelle \u00e8re avec la construction, au pied du Rocher de Cotignac, de l\u2019<strong>une des premi\u00e8res centrales hydro\u00e9lectriques de la r\u00e9gion<\/strong>. Gr\u00e2ce \u00e0 un syst\u00e8me de conduites forc\u00e9es dirigeant l\u2019eau de la Cassole vers des turbines, l\u2019installation produisait suffisamment d\u2019\u00e9lectricit\u00e9 pour illuminer les rues et les maisons du village. Le d\u00e9bit variait selon le niveau de la rivi\u00e8re, mais cette innovation fit de Cotignac Provence Verte l\u2019une des premi\u00e8res communaut\u00e9s \u00e9lectrifi\u00e9es de toute la r\u00e9gion.<\/p>\n\n\n\n<p>La municipalit\u00e9 investit aussi dans <strong>un r\u00e9seau d\u2019eau fiable<\/strong>. Au fil des g\u00e9n\u00e9rations, Cotignac acheta des sources, fit construire des conduites souterraines et installa <strong>18 fontaines publiques<\/strong> afin de fournir de l\u2019eau potable \u00e0 chaque quartier. Beaucoup fonctionnent encore aujourd\u2019hui, ajoutant le murmure r\u00e9gulier de leur ruissellement \u00e0 la bande sonore du village.<\/p>\n\n\n\n<p>La <strong>Cassole<\/strong> a m\u00eame influenc\u00e9 la langue et les m\u00e9tiers locaux. En proven\u00e7al, <em>na\u00efs<\/em> signifie bassin. La <strong>Rue des Na\u00efs<\/strong>, qui prolonge la Rue des Marais, abritait autrefois plusieurs bassins o\u00f9 <strong>les charrons et les vanniers faisaient tremper leur bois pour le durcir<\/strong>. L\u2019eau stagnait une grande partie de l\u2019ann\u00e9e, devenant un refuge pour les insectes et les petits vers transparents que les habitants appelaient eux aussi <em>na\u00efs<\/em>, du nom des minuscules cr\u00e9atures d\u2019eau douce vivant dans les eaux peu profondes de la Cassole.<\/p>\n\n\n\n<p>\u00c0 travers les si\u00e8cles, depuis les fortifications m\u00e9di\u00e9vales de Cotignac jusqu\u2019aux turbines hydro\u00e9lectriques, <strong>la rivi\u00e8re Cassole a fa\u00e7onn\u00e9 l\u2019histoire de Cotignac<\/strong>. Son eau a fait tourner les moulins, irrigu\u00e9 les cultures, inspir\u00e9 les artisans et donn\u00e9 son nom \u00e0 des rues enti\u00e8res. Elle a laiss\u00e9 en h\u00e9ritage une m\u00e9moire vivante qui continue de couler au c\u0153ur de la <strong>Provence Verte<\/strong>, rappelant \u00e0 chaque visiteur la puissance tranquille de la nature dans l\u2019un des <strong>plus beaux villages de France<\/strong>.<\/p>\n\n\n\n<hr class=\"wp-block-separator has-alpha-channel-opacity is-style-dots\"\/>\n\n\n\n<figure class=\"wp-block-image size-full\"><img loading=\"lazy\" decoding=\"async\" width=\"792\" height=\"294\" src=\"https:\/\/www.the-travel-bunny.com\/fr\/wp-content\/uploads\/sites\/3\/2025\/10\/Rocher-de-Cotignac-tours-sarrasines-et-grottes-troglodytes-Provence-Verte-Var.jpg\" alt=\"Vue du Rocher de Cotignac en Provence Verte, avec ses falaises perc\u00e9es de grottes troglodytes et les vestiges des tours sarrasines.\" class=\"wp-image-8183\" title=\"\" srcset=\"https:\/\/www.the-travel-bunny.com\/fr\/wp-content\/uploads\/sites\/3\/2025\/10\/Rocher-de-Cotignac-tours-sarrasines-et-grottes-troglodytes-Provence-Verte-Var.jpg 792w, https:\/\/www.the-travel-bunny.com\/fr\/wp-content\/uploads\/sites\/3\/2025\/10\/Rocher-de-Cotignac-tours-sarrasines-et-grottes-troglodytes-Provence-Verte-Var-300x111.jpg 300w, https:\/\/www.the-travel-bunny.com\/fr\/wp-content\/uploads\/sites\/3\/2025\/10\/Rocher-de-Cotignac-tours-sarrasines-et-grottes-troglodytes-Provence-Verte-Var-768x285.jpg 768w\" sizes=\"auto, (max-width: 792px) 100vw, 792px\" \/><figcaption class=\"wp-element-caption\"><em>La falaise troglodytique de Cotignac r\u00e9v\u00e8le des grottes naturelles et d\u2019anciennes habitations creus\u00e9es directement dans la roche calcaire. Autrefois partie int\u00e9grante des fortifications m\u00e9di\u00e9vales de Cotignac, ces formations dominent toujours le paysage sous les c\u00e9l\u00e8bres tours sarrasines de Cotignac.<\/em><\/figcaption><\/figure>\n\n\n\n<h3 class=\"wp-block-heading\">Fortifications troglodytiques &amp; tours sarrasines de Cotignac<\/h3>\n\n\n\n<p>Contrairement \u00e0 la plupart des villages proven\u00e7aux construits sur les hauteurs pour se d\u00e9fendre, Cotignac Provence a choisi une position singuli\u00e8re, directement adoss\u00e9e <strong>au flanc de son Rocher de Cotignac<\/strong>. Cette immense falaise de tuf est devenue \u00e0 la fois mur naturel et fondation vivante du village m\u00e9di\u00e9val. D\u00e8s le <strong>XIII\u1d49 si\u00e8cle<\/strong>, Cotignac Var \u00e9tait devenu un <strong><em>castrum<\/em>, une agglom\u00e9ration fortifi\u00e9e<\/strong> utilisant la roche elle-m\u00eame comme rempart ext\u00e9rieur.<\/p>\n\n\n\n<p>Jusqu\u2019en 1785, quatre portes fortifi\u00e9es contr\u00f4laient l\u2019acc\u00e8s au village : <strong>la Porte de la Puade, la Porte Saint-S\u00e9bastien, la Porte Notre-Dame et la Porte Saint-Martin<\/strong>. Le quartier appel\u00e9 <em><strong>La Puade<\/strong><\/em>, issu du vieux proven\u00e7al d\u00e9signant une odeur forte, faisait r\u00e9f\u00e9rence aux porcheries qui s\u2019y trouvaient autrefois. Le c\u0153ur du village m\u00e9di\u00e9val s\u2019\u00e9tendait au pied de la falaise, sa limite sud correspondant \u00e0 l\u2019actuelle <strong>Place de la Mairie de Cotignac<\/strong>, anciennement <strong><em>Place du March\u00e9<\/em><\/strong>, centre de la vie commer\u00e7ante.<\/p>\n\n\n\n<p>Au sommet, <strong>les deux tours sarrasines<\/strong> marquaient la limite sup\u00e9rieure des <strong>fortifications troglodytiques de Cotignac<\/strong>. Construites principalement en <strong>pierre de tuf locale<\/strong>, un calcaire poreux issu des d\u00e9p\u00f4ts de calcium sur la v\u00e9g\u00e9tation, elles sont uniques en Provence Verte. Ce mat\u00e9riau, l\u00e9ger et facile \u00e0 tailler, a permis d\u2019\u00e9lever les tours directement depuis la falaise qu\u2019elles prot\u00e9geaient. La plus petite tour servait de <strong>poste d\u2019observation<\/strong>, tandis que la plus grande faisait <strong>office de forteresse<\/strong> avec, \u00e0 sa base, une salle vo\u00fbt\u00e9e o\u00f9 l\u2019on entreposait vivres et armes.<\/p>\n\n\n\n<p>Ces tours n\u2019avaient <strong>aucune entr\u00e9e au niveau du sol<\/strong>, ce qui renfor\u00e7ait les <strong>fortifications m\u00e9di\u00e9vales de Cotignac<\/strong>. L\u2019acc\u00e8s se faisait par une ouverture situ\u00e9e plusieurs m\u00e8tres plus haut, accessible gr\u00e2ce \u00e0 une \u00e9chelle amovible que l\u2019on retirait en cas d\u2019attaque. \u00c0 l\u2019int\u00e9rieur, <strong>des fentes \u00e9troites et des fen\u00eatres g\u00e9min\u00e9es<\/strong> (deux ouvertures s\u00e9par\u00e9es par une petite colonne) permettaient \u00e0 la fois d\u2019\u00e9clairer les pi\u00e8ces et d\u2019observer les alentours.<\/p>\n\n\n\n<p>Les recherches arch\u00e9ologiques indiquent que <strong>les tours furent \u00e9rig\u00e9es entre le XIII\u1d49 et le XIV\u1d49 si\u00e8cle<\/strong>, rempla\u00e7ant peut-\u00eatre une structure d\u00e9fensive plus ancienne datant d\u2019environ 1032, \u00e9poque \u00e0 laquelle le premier seigneur fit b\u00e2tir son ch\u00e2teau au pied de la falaise afin de prot\u00e9ger les habitants des incursions et des pillages.<\/p>\n\n\n\n<p>Depuis leur sommet, les gardes surveillaient la <strong>plaine Saint-Martin<\/strong> au nord et les vall\u00e9es descendant vers <strong>Carc\u00e8s et Entrecasteaux<\/strong>. La position du site offrait \u00e0 la communaut\u00e9 <strong>une vue panoramique sur toute la r\u00e9gion<\/strong>, tout en la prot\u00e9geant des envahisseurs et des inondations qui touchaient souvent la vall\u00e9e.<\/p>\n\n\n\n<p>Aujourd\u2019hui, peu de vestiges m\u00e9di\u00e9vaux subsistent, mais une <strong>maison \u00e0 arc en encorbellement dans la Rue Clastre<\/strong> rappelle comment les \u00e9tages sup\u00e9rieurs s\u2019avan\u00e7aient jadis au-dessus de la rue pour agrandir l\u2019espace de vie. Au d\u00e9but du XX\u1d49 si\u00e8cle, <strong>un \u00e9boulement de roches d\u00e9truisit une partie de la Ville Haute<\/strong>, entra\u00eenant la d\u00e9molition de plusieurs b\u00e2timents fragilis\u00e9s dont les ruines forment d\u00e9sormais une partie du <strong>Th\u00e9\u00e2tre du Rocher de Cotignac<\/strong>.<\/p>\n\n\n\n<p>Endommag\u00e9es pendant les <strong>Guerres de Religion<\/strong>, les tours sarrasines se sont lentement d\u00e9grad\u00e9es au fil des si\u00e8cles avant d\u2019\u00eatre enti\u00e8rement restaur\u00e9es en <strong>1994<\/strong> sous la direction de M. Farhner, architecte des B\u00e2timents de France. R\u00e9tablies dans leur \u00e9l\u00e9gance d\u2019origine, elles demeurent aujourd\u2019hui <strong>les fi\u00e8res sentinelles du village troglodyte de Cotignac<\/strong>, t\u00e9moins silencieux de mille ans d\u2019histoire, de r\u00e9silience et d\u2019ing\u00e9niosit\u00e9, veillant sur le patrimoine de Cotignac et sur la vie qui s\u2019est toujours \u00e9panouie sous cette pierre protectrice.<\/p>\n\n\n\n<hr class=\"wp-block-separator has-alpha-channel-opacity is-style-dots\"\/>\n\n\n\n<h3 class=\"wp-block-heading\">Industrie &amp; Patrimoine rural \u00e0 Cotignac Provence<\/h3>\n\n\n\n<p>Au XIXe si\u00e8cle, <strong>Cotignac France<\/strong> \u00e9tait devenu un petit village industrieux, port\u00e9 par l\u2019eau, les champs et l\u2019artisanat. La m\u00eame <strong>rivi\u00e8re Cassole<\/strong> qui sculpta les falaises alimentait aussi les moulins, irriguait les jardins et faisait vivre les ateliers qui fa\u00e7onnaient le quotidien en <strong>Provence Verte<\/strong>.<\/p>\n\n\n\n<div style=\"height:10px\" aria-hidden=\"true\" class=\"wp-block-spacer\"><\/div>\n\n\n\n<h4 class=\"wp-block-heading\">La saison des r\u00e9coltes<\/h4>\n\n\n\n<p>Avant que les vignes et les oliviers ne dominent la vall\u00e9e, Cotignac vivait de ses <strong>moissons de c\u00e9r\u00e9ales<\/strong>. Du Moyen \u00c2ge jusqu\u2019au XVIIIe si\u00e8cle, le pain constituait la base de l\u2019alimentation, et les champs de bl\u00e9 couvraient la majeure partie des terres cultivables. <strong>La p\u00e9riode des moissons repr\u00e9sentait le c\u0153ur de la vie villageoise<\/strong>.<\/p>\n\n\n\n<p>Vers la mi-juillet, les \u00e9quipes de faucheurs travaillaient du lever au coucher du soleil. Un homme coupait le bl\u00e9 avec une faucille courbe (<em>oulame<\/em>), tandis que les femmes et les enfants ramassaient et liaient les gerbes. <strong>Le rythme de la journ\u00e9e \u00e9tait pr\u00e9cis<\/strong> : pause \u00e0 9 h pour le d\u00e9jeuner, \u00e0 13 h pour le repas principal, suivie d\u2019une courte sieste, puis un dernier repos \u00e0 17 h. Pendant les r\u00e9coltes, la viande (rare le reste de l\u2019ann\u00e9e) s\u2019invitait \u00e0 table pour de longs repas communautaires qui transformaient le travail p\u00e9nible en moments de convivialit\u00e9.<\/p>\n\n\n\n<p>Une fois les r\u00e9coltes rassembl\u00e9es, venait le <strong>battage du grain<\/strong>. Le travail commen\u00e7ait seulement apr\u00e8s l\u2019\u00e9vaporation de la ros\u00e9e du matin. Les aires de battage \u00e9taient choisies de mani\u00e8re \u00e0 profiter du vent de l\u2019apr\u00e8s-midi, qui aidait \u00e0 s\u00e9parer la paille du grain. Les chevaux tournaient inlassablement en rond, pi\u00e9tinant les gerbes, tandis que les ouvriers, arm\u00e9s de fourches et de balais de bruy\u00e8re, ramassaient le grain. Les r\u00e9cits du XIXe si\u00e8cle d\u00e9crivent ces journ\u00e9es poussi\u00e9reuses, \u00e9puisantes mais pleines de satisfaction, o\u00f9 fatigue et solidarit\u00e9 se m\u00ealaient dans la chaleur de l\u2019\u00e9t\u00e9 proven\u00e7al.<\/p>\n\n\n\n<div style=\"height:10px\" aria-hidden=\"true\" class=\"wp-block-spacer\"><\/div>\n\n\n\n<h4 class=\"wp-block-heading\">La soie &amp; les tanneries<\/h4>\n\n\n\n<p>Avec la modernisation de l\u2019agriculture, Cotignac Var entra dans <strong>l\u2019\u00e8re de la soie et du cuir<\/strong>. Le village abritait une grande <strong><em>magnanerie<\/em><\/strong> qui employait jusqu\u2019\u00e0 quarante personnes \u00e0 son apog\u00e9e, entre le XIXe et le d\u00e9but du XXe si\u00e8cle. L\u2019\u00e9levage des vers \u00e0 soie suivait un rythme d\u00e9licat. Les \u0153ufs \u00e9taient incub\u00e9s trois semaines dans des pi\u00e8ces chaudes et humides, maintenues \u00e0 24\u00b0C et 60% d\u2019humidit\u00e9, tandis que les ouvri\u00e8res nourrissaient patiemment les vers de feuilles de m\u00fbrier. Des milliers de chenilles exigeaient des centaines d\u2019arbres, et le nettoyage constant des plateaux cr\u00e9ait une rumeur douce, celle du travail quotidien.<\/p>\n\n\n\n<p>Une fois les cocons fil\u00e9s, ils \u00e9taient envoy\u00e9s au <em>grainage<\/em>, o\u00f9 l\u2019on s\u00e9lectionnait les papillons m\u00e2les et femelles destin\u00e9s \u00e0 la reproduction. <strong>Vers 1900, Cotignac figurait parmi les principaux producteurs fran\u00e7ais de graines de soie naturelle<\/strong>, export\u00e9es vers l\u2019Europe, l\u2019Afrique et l\u2019Asie, jusqu\u2019\u00e0 l\u2019arriv\u00e9e des fibres synth\u00e9tiques dans les ann\u00e9es 1950.<\/p>\n\n\n\n<p>Parall\u00e8lement, les <strong>tanneries de Cotignac<\/strong> prosp\u00e9raient le long de la <strong>Rue des Marais<\/strong>, o\u00f9 un canal amenait l\u2019eau directement dans les ateliers. Environ dix tanneries y employaient une cinquantaine d\u2019ouvriers tout au long de l\u2019ann\u00e9e. Elles produisaient des cuirs \u00e9pais destin\u00e9s aux <strong>bottes de l\u2019arm\u00e9e fran\u00e7aise pendant la Premi\u00e8re Guerre mondiale<\/strong>, puis \u00e0 l\u2019exportation vers l\u2019Afrique, Chypre et Singapour.<\/p>\n\n\n\n<p>Le processus \u00e9tait long et m\u00e9ticuleux. Les peaux trempaient dans la chaux pour retirer le poil, \u00e9taient gratt\u00e9es puis immerg\u00e9es durant des mois (parfois des ann\u00e9es) dans des cuves de tanin extrait de l\u2019\u00e9corce de ch\u00eane. Les derni\u00e8res \u00e9tapes d\u2019assouplissement et de teinture utilisaient des <strong>feuilles de sumac<\/strong>, une plante locale recherch\u00e9e pour son pigment naturel. La <strong>r\u00e9putation du cuir de Cotignac<\/strong> dura jusqu\u2019\u00e0 l\u2019apparition des traitements chimiques, qui rendirent ces savoir-faire artisanaux obsol\u00e8tes au milieu du XXe si\u00e8cle.<\/p>\n\n\n\n<p>\u00c0 la fin du XIX<sup>e<\/sup> si\u00e8cle, Cotignac s\u2019imposait comme un <strong>symbole d\u2019innovation rurale en Provence<\/strong>, conciliant travail manuel et d\u00e9buts de la m\u00e9canisation. Bien que les moulins, les tanneries et les magnaneries aient disparu, des traces subsistent : les arches le long des berges, et les r\u00e9cits des familles dont le travail liait champs, falaises et rivi\u00e8res en un m\u00eame patrimoine vivant.<\/p>\n\n\n\n<hr class=\"wp-block-separator has-alpha-channel-opacity is-style-dots\"\/>\n\n\n\n<h3 class=\"wp-block-heading\">Patrimoine architectural &amp; symboles du village<\/h3>\n\n\n\n<p>Fl\u00e2ner dans <strong>Cotignac Provence<\/strong> r\u00e9v\u00e8le comment l\u2019histoire s\u2019inscrit dans chaque rue, fa\u00e7ade et place. L\u2019<strong>architecture de Cotignac<\/strong> m\u00eale charme proven\u00e7al et fiert\u00e9 civique : campanile de Cotignac, cadrans solaires, fontaines de Cotignac, sans oublier l\u2019\u00e9glise Saint-Pierre, la mairie de Cotignac et la finesse des sculptures en pierre. Ces \u00e9l\u00e9ments racontent <strong>l\u2019histoire de Cotignac<\/strong>, celle d\u2019une communaut\u00e9 qui a \u00e9volu\u00e9 avec sa terre sans jamais perdre son identit\u00e9.<\/p>\n\n\n\n<div style=\"height:10px\" aria-hidden=\"true\" class=\"wp-block-spacer\"><\/div>\n\n\n\n<figure class=\"wp-block-image size-full\"><img loading=\"lazy\" decoding=\"async\" width=\"792\" height=\"294\" src=\"https:\/\/www.the-travel-bunny.com\/fr\/wp-content\/uploads\/sites\/3\/2025\/10\/Place-de-la-Mairie-Cotignac-coeur-du-village-Provence-Verte-Var.jpg\" alt=\"Place de la Mairie \u00e0 Cotignac en Provence Verte, entour\u00e9e de maisons color\u00e9es et d\u00e9cor\u00e9e de fanions sous les platanes.\" class=\"wp-image-8184\" title=\"\" srcset=\"https:\/\/www.the-travel-bunny.com\/fr\/wp-content\/uploads\/sites\/3\/2025\/10\/Place-de-la-Mairie-Cotignac-coeur-du-village-Provence-Verte-Var.jpg 792w, https:\/\/www.the-travel-bunny.com\/fr\/wp-content\/uploads\/sites\/3\/2025\/10\/Place-de-la-Mairie-Cotignac-coeur-du-village-Provence-Verte-Var-300x111.jpg 300w, https:\/\/www.the-travel-bunny.com\/fr\/wp-content\/uploads\/sites\/3\/2025\/10\/Place-de-la-Mairie-Cotignac-coeur-du-village-Provence-Verte-Var-768x285.jpg 768w\" sizes=\"auto, (max-width: 792px) 100vw, 792px\" \/><figcaption class=\"wp-element-caption\"><em>La Place de la Mairie est le c\u0153ur de Cotignac Provence, o\u00f9 les fa\u00e7ades pastel, les caf\u00e9s et les oliviers s\u2019alignent sous l\u2019imposante falaise du Rocher de Cotignac. Lors des f\u00eates de Cotignac comme la F\u00eate du Coing Cotignac, la place s\u2019anime de stands, de musique et de toute la vie proven\u00e7ale.<\/em><\/figcaption><\/figure>\n\n\n\n<h4 class=\"wp-block-heading\">La Mairie &amp; l\u2019Ancien Four Communal<\/h4>\n\n\n\n<p>La <strong>mairie de Cotignac<\/strong> occupe un b\u00e2timent du XVI\u1d49 si\u00e8cle, autrefois le <strong>vieux four communal de Cotignac<\/strong>. En 1555, le boulanger y habitait \u00e0 l\u2019\u00e9tage, mais la chaleur du four rendait le lieu invivable. En 1558, le conseil d\u00e9cida donc de vendre la b\u00e2tisse pour la transformer en bureau municipal.<\/p>\n\n\n\n<p>D\u00e8s 1610, le premier \u00e9tage abritait la <strong>salle du conseil<\/strong>, tandis que le rez-de-chauss\u00e9e devenait la salle du <strong>moulin \u00e0 huile Cotignac<\/strong>, surnomm\u00e9e <em><strong>l\u2019\u00e9cole<\/strong><\/em> \u00e0 cause de la petite classe install\u00e9e \u00e0 l\u2019\u00e9tage, \u00e0 c\u00f4t\u00e9 des archives et du tribunal local.<\/p>\n\n\n\n<p>Avec le temps, la mairie de Cotignac s\u2019adapta \u00e0 de nouvelles fonctions, exploitant les <strong>turbines municipales<\/strong> et les premiers syst\u00e8mes \u00e9lectriques. Sa derni\u00e8re r\u00e9novation a su <strong>pr\u00e9server la pierre d\u2019origine tout en modernisant l\u2019int\u00e9rieur<\/strong>, offrant un bel exemple de patrimoine de Cotignac et d\u2019architecture proven\u00e7ale.<\/p>\n\n\n\n<div style=\"height:10px\" aria-hidden=\"true\" class=\"wp-block-spacer\"><\/div>\n\n\n\n<figure class=\"wp-block-image size-full\"><img loading=\"lazy\" decoding=\"async\" width=\"792\" height=\"294\" src=\"https:\/\/www.the-travel-bunny.com\/fr\/wp-content\/uploads\/sites\/3\/2025\/10\/Beffroi-Cotignac-tour-horloge-et-patrimoine-Provence-Verte-Var.jpg\" alt=\"Beffroi de Cotignac en Provence Verte, avec son campanile en fer forg\u00e9 et les fa\u00e7ades color\u00e9es de la place du village.\" class=\"wp-image-8185\" title=\"\" srcset=\"https:\/\/www.the-travel-bunny.com\/fr\/wp-content\/uploads\/sites\/3\/2025\/10\/Beffroi-Cotignac-tour-horloge-et-patrimoine-Provence-Verte-Var.jpg 792w, https:\/\/www.the-travel-bunny.com\/fr\/wp-content\/uploads\/sites\/3\/2025\/10\/Beffroi-Cotignac-tour-horloge-et-patrimoine-Provence-Verte-Var-300x111.jpg 300w, https:\/\/www.the-travel-bunny.com\/fr\/wp-content\/uploads\/sites\/3\/2025\/10\/Beffroi-Cotignac-tour-horloge-et-patrimoine-Provence-Verte-Var-768x285.jpg 768w\" sizes=\"auto, (max-width: 792px) 100vw, 792px\" \/><figcaption class=\"wp-element-caption\"><em>Le beffroi de Cotignac, construit \u00e0 c\u00f4t\u00e9 de la Place de la Mairie, marque l\u2019heure du village depuis le XVe si\u00e8cle. Une petite porte en bois, dissimul\u00e9e dans le passage sous le campanile, indique l\u2019emplacement du premier bureau de poste de Cotignac, ouvert en 1703. Ce d\u00e9tail discret rappelle la longue histoire civique du village et la richesse du patrimoine de Cotignac.<\/em><\/figcaption><\/figure>\n\n\n\n<h4 class=\"wp-block-heading\" id=\"the-campanile-sundial\">Le Campanile &amp; le cadran solaire<\/h4>\n\n\n\n<p>Dominant le vieux village, le <strong>campanile de Cotignac<\/strong> date de <strong>1496<\/strong>. R\u00e9alis\u00e9 en fer forg\u00e9 ajour\u00e9 pour r\u00e9sister au puissant mistral, il couronne la tour de l\u2019horloge publique avec une <strong>\u00e9l\u00e9gance typiquement proven\u00e7ale<\/strong>.<\/p>\n\n\n\n<p>\u00c0 l\u2019origine, un <strong>syst\u00e8me m\u00e9canique de poulies et de c\u00e2bles<\/strong> reliait le m\u00e9canisme de l\u2019horloge \u00e0 un marteau frappant la cloche pour marquer les heures. Ce dispositif, toujours en fonctionnement aujourd\u2019hui, fut simplement \u00e9lectrifi\u00e9 en 1963. Un <strong>cadran solaire<\/strong>, ajout\u00e9 au XVIe si\u00e8cle, orne la fa\u00e7ade inf\u00e9rieure. Les premiers cadrans n\u2019indiquaient pas les heures num\u00e9rot\u00e9es mais seulement <strong>quatre lignes<\/strong> : deux pour le d\u00e9but et la fin de la journ\u00e9e de travail, deux pour les pauses repas.<\/p>\n\n\n\n<p><strong>Restaur\u00e9 en 2007<\/strong>, le campanile demeure <strong>l\u2019un des symboles les plus fiers de Cotignac<\/strong>, reliant le rythme quotidien du village \u00e0 la lumi\u00e8re du soleil proven\u00e7al.<\/p>\n\n\n\n<div style=\"height:10px\" aria-hidden=\"true\" class=\"wp-block-spacer\"><\/div>\n\n\n\n<h4 class=\"wp-block-heading\">Le Cours Gambetta<\/h4>\n\n\n\n<p>Large et ombrag\u00e9, le <strong>Cours Gambetta<\/strong> constitue la <strong>promenade principale de Cotignac<\/strong>, longeant le flanc sud du village. Autrefois propri\u00e9t\u00e9 du <strong>Prince de Cond\u00e9<\/strong> et utilis\u00e9e pour le p\u00e2turage, elle fut achet\u00e9e par la municipalit\u00e9 en <strong>1770<\/strong>, puis plant\u00e9e d\u2019ormes, remplac\u00e9s plus tard par des micocouliers, puis des platanes.<\/p>\n\n\n\n<figure class=\"wp-block-image size-full\"><img loading=\"lazy\" decoding=\"async\" width=\"792\" height=\"294\" src=\"https:\/\/www.the-travel-bunny.com\/fr\/wp-content\/uploads\/sites\/3\/2025\/10\/Fontaines-et-lavoir-Cotignac-patrimoine-eau-Provence-Verte-Var.jpg\" alt=\"Fontaines anciennes et lavoir couvert de Cotignac en Provence Verte, au c\u0153ur du village proven\u00e7al du Var.\" class=\"wp-image-8186\" title=\"\" srcset=\"https:\/\/www.the-travel-bunny.com\/fr\/wp-content\/uploads\/sites\/3\/2025\/10\/Fontaines-et-lavoir-Cotignac-patrimoine-eau-Provence-Verte-Var.jpg 792w, https:\/\/www.the-travel-bunny.com\/fr\/wp-content\/uploads\/sites\/3\/2025\/10\/Fontaines-et-lavoir-Cotignac-patrimoine-eau-Provence-Verte-Var-300x111.jpg 300w, https:\/\/www.the-travel-bunny.com\/fr\/wp-content\/uploads\/sites\/3\/2025\/10\/Fontaines-et-lavoir-Cotignac-patrimoine-eau-Provence-Verte-Var-768x285.jpg 768w\" sizes=\"auto, (max-width: 792px) 100vw, 792px\" \/><figcaption class=\"wp-element-caption\"><em>Cotignac compte dix-huit fontaines publiques, chacune avec sa propre histoire. De la Fontaine de la Cascade et son ancien lavoir \u00e0 la Fontaine des Quatre Saisons sur le Cours Gambetta, l\u2019eau a toujours \u00e9t\u00e9 la force vitale de ce village de Provence Verte.<\/em><\/figcaption><\/figure>\n\n\n\n<p>Au XIX<sup>e<\/sup> si\u00e8cle, le cours devint une avenue bourgeoise bord\u00e9e de demeures \u00e9l\u00e9gantes, d\u2019un lavoir et de deux fontaines : la <strong>Fontaine de la Cascade<\/strong> (1850) et la <strong>Fontaine des Quatre Saisons<\/strong> (install\u00e9e plus tard, bien qu\u2019achet\u00e9e en 1810).<\/p>\n\n\n\n<p>Au d\u00e9but du XXe si\u00e8cle, le Cours abritait le <strong>Cercle des Ouvriers<\/strong> et d\u2019autres cercles sociaux, <strong>pr\u00e9curseurs des caf\u00e9s et bars actuels<\/strong> o\u00f9 les habitants se retrouvent encore \u00e0 l\u2019ombre des arbres pour partager un ap\u00e9ritif.<\/p>\n\n\n\n<p>Aujourd\u2019hui, le Cours Gambetta et la <strong>Place Joseph Sigaud (connue comme Place Neuve)<\/strong>, enti\u00e8rement restaur\u00e9s en 2023, forment le c\u0153ur vibrant de la vie villageoise. C\u2019est l\u2019endroit id\u00e9al pour <strong>fl\u00e2ner, d\u00eener, ou simplement vivre au rythme de la Provence<\/strong>.<\/p>\n\n\n\n<div style=\"height:10px\" aria-hidden=\"true\" class=\"wp-block-spacer\"><\/div>\n\n\n\n<figure class=\"wp-block-image size-full\"><img loading=\"lazy\" decoding=\"async\" width=\"792\" height=\"294\" src=\"https:\/\/www.the-travel-bunny.com\/fr\/wp-content\/uploads\/sites\/3\/2025\/10\/Cariatides-Cotignac-facade-historique-architecture-Provence-Verte-Var.jpg\" alt=\"Fa\u00e7ade \u00e0 cariatides sculpt\u00e9es de Cotignac en Provence Verte, d\u00e9cor architectural typique du patrimoine proven\u00e7al.\" class=\"wp-image-8187\" title=\"\" srcset=\"https:\/\/www.the-travel-bunny.com\/fr\/wp-content\/uploads\/sites\/3\/2025\/10\/Cariatides-Cotignac-facade-historique-architecture-Provence-Verte-Var.jpg 792w, https:\/\/www.the-travel-bunny.com\/fr\/wp-content\/uploads\/sites\/3\/2025\/10\/Cariatides-Cotignac-facade-historique-architecture-Provence-Verte-Var-300x111.jpg 300w, https:\/\/www.the-travel-bunny.com\/fr\/wp-content\/uploads\/sites\/3\/2025\/10\/Cariatides-Cotignac-facade-historique-architecture-Provence-Verte-Var-768x285.jpg 768w\" sizes=\"auto, (max-width: 792px) 100vw, 792px\" \/><figcaption class=\"wp-element-caption\"><em>Les Cariatides de Cotignac, sculpt\u00e9es en 1623, ornent une demeure noble de la Grande Rue et demeurent l\u2019un des \u00e9l\u00e9ments architecturaux les plus remarquables du village troglodyte de Cotignac. Ces statues symbolisent la prosp\u00e9rit\u00e9 de Cotignac au XVII\u1d49 si\u00e8cle et l\u2019\u00e9l\u00e9gance proven\u00e7ale intemporelle propre \u00e0 la Provence Verte.<\/em><\/figcaption><\/figure>\n\n\n\n<h4 class=\"wp-block-heading\">Grande Rue &amp; les Cariatides<\/h4>\n\n\n\n<p>Sur la <strong>Grande Rue<\/strong>, une demeure seigneuriale du XVII\u1d49 si\u00e8cle arbore <strong>trois Cariatides<\/strong>, des statues f\u00e9minines sculpt\u00e9es en 1623 par un riche propri\u00e9taire souhaitant affirmer son rang social. Les figures, drap\u00e9es de longues tuniques et soutenant la toiture de leur t\u00eate, s\u2019inspirent des femmes classiques de <strong><em>Caryae<\/em><\/strong>, dans le P\u00e9loponn\u00e8se. Restaur\u00e9es en 2013, elles ont retrouv\u00e9 toute leur finesse, redonnant \u00e9clat \u00e0 l\u2019une des <strong>fa\u00e7ades les plus photographi\u00e9es de Cotignac Provence<\/strong>.<\/p>\n\n\n\n<div style=\"height:10px\" aria-hidden=\"true\" class=\"wp-block-spacer\"><\/div>\n\n\n\n<figure class=\"wp-block-image size-full\"><img loading=\"lazy\" decoding=\"async\" width=\"792\" height=\"294\" src=\"https:\/\/www.the-travel-bunny.com\/fr\/wp-content\/uploads\/sites\/3\/2025\/10\/Eglise-Saint-Pierre-et-Eglise-de-lAnnonciation-Cotignac-patrimoine-religieux-Provence-Verte.jpg\" alt=\"Int\u00e9rieur de l\u2019\u00e9glise de l\u2019Annonciation \u00e0 Cotignac, avec statues, vitraux color\u00e9s et nef vo\u00fbt\u00e9e de style proven\u00e7al.\" class=\"wp-image-8188\" title=\"\" srcset=\"https:\/\/www.the-travel-bunny.com\/fr\/wp-content\/uploads\/sites\/3\/2025\/10\/Eglise-Saint-Pierre-et-Eglise-de-lAnnonciation-Cotignac-patrimoine-religieux-Provence-Verte.jpg 792w, https:\/\/www.the-travel-bunny.com\/fr\/wp-content\/uploads\/sites\/3\/2025\/10\/Eglise-Saint-Pierre-et-Eglise-de-lAnnonciation-Cotignac-patrimoine-religieux-Provence-Verte-300x111.jpg 300w, https:\/\/www.the-travel-bunny.com\/fr\/wp-content\/uploads\/sites\/3\/2025\/10\/Eglise-Saint-Pierre-et-Eglise-de-lAnnonciation-Cotignac-patrimoine-religieux-Provence-Verte-768x285.jpg 768w\" sizes=\"auto, (max-width: 792px) 100vw, 792px\" \/><figcaption class=\"wp-element-caption\"><em>L\u2019\u00c9glise Saint-Pierre, \u00e9galement connue sous le nom d\u2019\u00c9glise paroissiale de l\u2019Annonciation, fut d\u2019abord construite en 1266 avant d\u2019\u00eatre agrandie aux XVII\u1d49 et XVIII\u1d49 si\u00e8cles. Sa nef vo\u00fbt\u00e9e, son orgue historique et son autel en marbre Louis XV en font l\u2019un des plus remarquables sites du patrimoine de Cotignac.<\/em><\/figcaption><\/figure>\n\n\n\n<h4 class=\"wp-block-heading\">Les \u00e9glises de Cotignac<\/h4>\n\n\n\n<p>Deux \u00e9difices religieux ont fa\u00e7onn\u00e9 l\u2019histoire spirituelle et architecturale de <strong>Cotignac Provence<\/strong> : la <strong>chapelle Saint-Martin<\/strong>, fond\u00e9e au V\u1d49 si\u00e8cle, et l\u2019<strong>\u00c9glise paroissiale de l\u2019Annonciation (\u00c9glise Saint-Pierre)<\/strong>, b\u00e2tie en 1266 au pied du rocher.<\/p>\n\n\n\n<p><strong>Saint-Pierre<\/strong> a remplac\u00e9 d\u2019anciennes chapelles situ\u00e9es dans la plaine au-dessus du village. Agrandie aux XVII\u1d49 et XVIII\u1d49 si\u00e8cles, elle abrite aujourd\u2019hui une collection exceptionnelle de mobilier class\u00e9 : un <strong>autel majeur en marbre Louis XV<\/strong> attribu\u00e9 \u00e0 <strong>Pierre Puget<\/strong>, une cloche en bronze dat\u00e9e de 1524, des fonts baptismaux en marbre du XVI\u1d49 si\u00e8cle, et une \u00e9l\u00e9gante <strong>grille de communion en fer forg\u00e9 du XVII\u1d49 si\u00e8cle<\/strong>.<\/p>\n\n\n\n<p>Son <strong>orgue du XIX\u1d49 si\u00e8cle<\/strong>, construit par Daublaine et Callinet, a \u00e9t\u00e9 restaur\u00e9 \u00e0 plusieurs reprises (la derni\u00e8re entre 1990 et 2004) et emplit la nef d\u2019un son chaud et r\u00e9sonnant. En 2004, l\u2019\u00e9glise a fait l\u2019objet d\u2019une restauration int\u00e9rieure compl\u00e8te avec la r\u00e9novation du sol, de l\u2019\u00e9clairage et du chauffage, afin de pr\u00e9server son atmosph\u00e8re paisible pour les g\u00e9n\u00e9rations futures.<\/p>\n\n\n\n<p><strong>La chapelle Saint-Martin, plus ancien \u00e9difice religieux de Cotignac Var<\/strong>, remonte au V\u1d49 si\u00e8cle et fut agrandie \u00e0 plusieurs reprises pendant plus de six cents ans. Ses fresques du XIV\u1d49 si\u00e8cle repr\u00e9sentent encore des anges et des saints peints dans des tons ocres et terreux. <strong>Jadis principal lieu de culte du village<\/strong>, la chapelle fut peu \u00e0 peu abandonn\u00e9e apr\u00e8s les crues et les invasions qui pouss\u00e8rent les habitants \u00e0 descendre dans la vall\u00e9e. Transform\u00e9e ensuite en grange, elle retrouva une fonction publique apr\u00e8s 1905. Une messe y \u00e9tait c\u00e9l\u00e9br\u00e9e chaque ann\u00e9e \u00e0 la Saint-Martin jusqu\u2019aux ann\u00e9es 1960. Aujourd\u2019hui, elle demeure un t\u00e9moin silencieux de l\u2019histoire de Cotignac et de ses origines spirituelles.<\/p>\n\n\n\n<hr class=\"wp-block-separator has-alpha-channel-opacity is-style-dots\"\/>\n\n\n\n<h3 class=\"wp-block-heading\">Foi et p\u00e8lerinages \u00e0 Notre-Dame de Gr\u00e2ces &amp; Saint Joseph du Bessillon<\/h3>\n\n\n\n<p>Cotignac France est connu comme le <strong>village de la Sainte Famille<\/strong>, le seul lieu au monde o\u00f9 la <strong>Vierge Marie et Saint Joseph sont apparus<\/strong>. Ces apparitions, survenues en 1519 et 1660, ont fait de Cotignac l\u2019un des plus importants <strong>lieux de p\u00e8lerinage de France<\/strong>. Aujourd\u2019hui encore, les visiteurs viennent y chercher d\u00e9votion, paix, nature et m\u00e9moire, au c\u0153ur des vignobles de la Provence Verte.<\/p>\n\n\n\n<div style=\"height:10px\" aria-hidden=\"true\" class=\"wp-block-spacer\"><\/div>\n\n\n\n<figure class=\"wp-block-image size-full\"><img loading=\"lazy\" decoding=\"async\" width=\"792\" height=\"294\" src=\"https:\/\/www.the-travel-bunny.com\/fr\/wp-content\/uploads\/sites\/3\/2025\/10\/Sanctuaire-Notre-Dame-de-Graces-Cotignac-Var-Provence-Verte.jpg\" alt=\"Fa\u00e7ade ocre du sanctuaire Notre-Dame de Gr\u00e2ces \u00e0 Cotignac, entour\u00e9e de cypr\u00e8s et baign\u00e9e de lumi\u00e8re proven\u00e7ale.\" class=\"wp-image-8189\" title=\"\" srcset=\"https:\/\/www.the-travel-bunny.com\/fr\/wp-content\/uploads\/sites\/3\/2025\/10\/Sanctuaire-Notre-Dame-de-Graces-Cotignac-Var-Provence-Verte.jpg 792w, https:\/\/www.the-travel-bunny.com\/fr\/wp-content\/uploads\/sites\/3\/2025\/10\/Sanctuaire-Notre-Dame-de-Graces-Cotignac-Var-Provence-Verte-300x111.jpg 300w, https:\/\/www.the-travel-bunny.com\/fr\/wp-content\/uploads\/sites\/3\/2025\/10\/Sanctuaire-Notre-Dame-de-Graces-Cotignac-Var-Provence-Verte-768x285.jpg 768w\" sizes=\"auto, (max-width: 792px) 100vw, 792px\" \/><figcaption class=\"wp-element-caption\"><em>Le Sanctuaire Notre-Dame de Gr\u00e2ces se dresse paisiblement sur le Mont Verdaille, dominant Cotignac. Sa fa\u00e7ade ocre rayonne sous le soleil de Provence Verte, au c\u0153ur de ce village troglodyte de Cotignac class\u00e9 parmi les plus beaux villages de France. Ce lieu sacr\u00e9, connu pour son apparition mariale de 1519, reste l\u2019un des sites de p\u00e8lerinage les plus aim\u00e9s du sud de la France.<\/em><\/figcaption><\/figure>\n\n\n\n<h4 class=\"wp-block-heading\">Notre-Dame de Gr\u00e2ces &amp; l\u2019apparition de 1519<\/h4>\n\n\n\n<p>Les <strong>10 et 11 ao\u00fbt 1519<\/strong>, la <strong>Vierge Marie<\/strong> apparut au b\u00fbcheron <strong>Jean de la Baume sur le Mont Verdaille<\/strong>, lui demandant de faire <strong>b\u00e2tir un oratoire<\/strong> en son honneur. Les habitants de Cotignac Var ob\u00e9irent, et d\u00e8s le 14 septembre, la premi\u00e8re pierre du sanctuaire fut pos\u00e9e. Rapidement, <strong>Notre-Dame de Gr\u00e2ces<\/strong> se remplit d\u2019ex-voto en remerciement pour les miracles obtenus. En <strong>1521, le pape L\u00e9on X<\/strong> accorda des indulgences \u00e0 ce lieu d\u00e9sormais c\u00e9l\u00e8bre dans l\u2019histoire de Cotignac.<\/p>\n\n\n\n<div style=\"height:10px\" aria-hidden=\"true\" class=\"wp-block-spacer\"><\/div>\n\n\n\n<h4 class=\"wp-block-heading\" id=\"the-royal-connection-louis-xiii-anne-of-austria-louis-xiv\"><strong>Le lien royal avec Louis XIII, Anne d\u2019Autriche &amp; Louis XIV<\/strong><\/h4>\n\n\n\n<p>En <strong>1637<\/strong>, la Vierge apparut \u00e0 quatre reprises au <strong>fr\u00e8re Fiacre<\/strong>, \u00e0 Paris. Elle lui demanda de transmettre \u00e0 la <strong>reine Anne d\u2019Autriche<\/strong> de prier trois neuvaines, dont une \u00e0 <strong>Notre-Dame de Gr\u00e2ces<\/strong>, afin qu\u2019elle puisse enfanter un h\u00e9ritier. Neuf mois plus tard, naissait <strong>Louis XIV<\/strong>.<\/p>\n\n\n\n<p>En <strong>1660<\/strong>, le jeune roi et sa m\u00e8re vinrent \u00e0 Cotignac remercier la Vierge. Le <strong>Sanctuaire de Notre-Dame de Gr\u00e2ces<\/strong> poss\u00e8de encore un escalier monumental menant au sommet, connu sous le nom de <strong><em>l\u2019Escalier Louis XIV<\/em><\/strong>. Le Roi Soleil y d\u00e9posa son cordon bleu devant la statue et autorisa le transfert du <strong>c\u0153ur du fr\u00e8re Fiacre \u00e0 Cotignac<\/strong>. Une plaque royale de cette visite demeure visible \u00e0 l\u2019int\u00e9rieur du sanctuaire.<\/p>\n\n\n\n<div style=\"height:10px\" aria-hidden=\"true\" class=\"wp-block-spacer\"><\/div>\n\n\n\n<h4 class=\"wp-block-heading\"><strong>Le sanctuaire aujourd\u2019hui<\/strong><\/h4>\n\n\n\n<p>Le <strong>ch\u0153ur de l\u2019\u00e9glise, datant de 1534<\/strong>, est d\u2019origine. Le reste du b\u00e2timent fut <strong>reconstruit en 1811<\/strong> apr\u00e8s la R\u00e9volution fran\u00e7aise.<\/p>\n\n\n\n<p>\u00c0 l\u2019int\u00e9rieur, on peut admirer <strong>la peinture miraculeuse<\/strong> de l\u2019apparition faite au fr\u00e8re Fiacre, <strong>la statue de Notre-Dame de Gr\u00e2ces<\/strong>, de superbes vitraux repr\u00e9sentant les visions, ainsi que <strong>l\u2019ex-voto du roi Louis XIV<\/strong>.<\/p>\n\n\n\n<p>Le sanctuaire est anim\u00e9 par les <strong>Fr\u00e8res de Saint-Jean<\/strong>, qui c\u00e9l\u00e8brent chaque jour la messe et les pri\u00e8res, soutenus par l\u2019Association des <strong>P\u00e8lerins de Notre-Dame de Gr\u00e2ces<\/strong>. Sur place, les visiteurs trouvent le <strong>Foyer de la Sainte-Famille<\/strong> pour des repas simples, une boutique de p\u00e8lerin, des jardins et plusieurs belv\u00e9d\u00e8res, dont <strong>la Grande Croix et le Belv\u00e9d\u00e8re pour la Vie<\/strong>, offrant un magnifique panorama sur Cotignac et la vall\u00e9e de la Cassole.<\/p>\n\n\n\n<div style=\"height:10px\" aria-hidden=\"true\" class=\"wp-block-spacer\"><\/div>\n\n\n\n<figure class=\"wp-block-image size-full\"><img loading=\"lazy\" decoding=\"async\" width=\"792\" height=\"294\" src=\"https:\/\/www.the-travel-bunny.com\/fr\/wp-content\/uploads\/sites\/3\/2025\/10\/Sanctuaire-Notre-Dame-de-Graces-Cotignac-salle-Jean-de-la-Baume-Provence-Verte.jpg\" alt=\"Entr\u00e9e de la salle Jean de la Baume au sanctuaire Notre-Dame de Gr\u00e2ces Cotignac, entour\u00e9e de pins et de verdure proven\u00e7ale.\" class=\"wp-image-8190\" title=\"\" srcset=\"https:\/\/www.the-travel-bunny.com\/fr\/wp-content\/uploads\/sites\/3\/2025\/10\/Sanctuaire-Notre-Dame-de-Graces-Cotignac-salle-Jean-de-la-Baume-Provence-Verte.jpg 792w, https:\/\/www.the-travel-bunny.com\/fr\/wp-content\/uploads\/sites\/3\/2025\/10\/Sanctuaire-Notre-Dame-de-Graces-Cotignac-salle-Jean-de-la-Baume-Provence-Verte-300x111.jpg 300w, https:\/\/www.the-travel-bunny.com\/fr\/wp-content\/uploads\/sites\/3\/2025\/10\/Sanctuaire-Notre-Dame-de-Graces-Cotignac-salle-Jean-de-la-Baume-Provence-Verte-768x285.jpg 768w\" sizes=\"auto, (max-width: 792px) 100vw, 792px\" \/><figcaption class=\"wp-element-caption\"><em>Pr\u00e8s de l\u2019\u00e9glise du sanctuaire Notre-Dame de Gr\u00e2ces, les visiteur\u00b7euse\u00b7s peuvent s\u2019arr\u00eater au diorama et \u00e0 la salle de projection Salle Jean de la Baume pour d\u00e9couvrir le r\u00e9cit de l\u2019apparition de 1519. La cour ombrag\u00e9e, marqu\u00e9e par une statue et le charme proven\u00e7al, invite au recueillement entre deux espaces d\u2019exposition, \u00e0 Cotignac, en Provence Verte.<\/em><\/figcaption><\/figure>\n\n\n\n<h4 class=\"wp-block-heading\">Visiter Notre-Dame de Gr\u00e2ces<\/h4>\n\n\n\n<p><strong>Ouvert toute l\u2019ann\u00e9e et gratuit<\/strong>, le sanctuaire se rejoint en voiture ou \u00e0 pied par un sentier de 2 km depuis le village. <strong>L\u2019Escalier Louis XIV<\/strong> comm\u00e9more le p\u00e8lerinage royal, tandis que la <strong>Porte de l\u2019Aum\u00f4ne et la salle du Diorama<\/strong> illustrent 500 ans d\u2019histoire de la foi. Les familles peuvent suivre le <strong><a href=\"https:\/\/baludik.fr\/parcours\/2446-le-sanctuaire-a-travers-les-ages\/\" target=\"_blank\" rel=\"noreferrer noopener\">parcours Baludik<\/a><\/strong>, et les p\u00e8lerin\u00b7e\u00b7s empruntent <strong>le Chemin de Croix et le Parcours des Saints<\/strong> \u00e0 travers des oliveraies et des ch\u00eanes.<\/p>\n\n\n\n<div style=\"height:10px\" aria-hidden=\"true\" class=\"wp-block-spacer\"><\/div>\n\n\n\n<h4 class=\"wp-block-heading\">Saint-Joseph du Bessillon &amp; l\u2019apparition de 1660<\/h4>\n\n\n\n<p>En <strong>juillet 1660<\/strong>, un berger nomm\u00e9 <strong>Gaspard Ricard<\/strong>, \u00e9puis\u00e9 par la soif dans les <strong>collines du Bessillon<\/strong>, s\u2019\u00e9vanouit. Un homme barbu apparut et dit <em>Je suis Joseph. Soul\u00e8ve ce rocher et tu boiras.<\/em> L\u2019eau jaillit dessous, formant la <strong>Fontaine Saint-Joseph<\/strong>, qui coule encore aujourd\u2019hui. Un petit oratoire fut construit cette ann\u00e9e-l\u00e0, puis une <strong>chapelle consacr\u00e9e en 1663<\/strong>, grav\u00e9e d\u2019Isa\u00efe 12,3, <em>Avec joie vous puiserez de l\u2019eau aux sources du salut<\/em>.<\/p>\n\n\n\n<div style=\"height:10px\" aria-hidden=\"true\" class=\"wp-block-spacer\"><\/div>\n\n\n\n<h4 class=\"wp-block-heading\">Le monast\u00e8re et l\u2019accueil des p\u00e8lerin\u00b7e\u00b7s<\/h4>\n\n\n\n<p>Apr\u00e8s des si\u00e8cles de silence, <strong>le site rena\u00eet en 1975 gr\u00e2ce \u00e0 des moniales b\u00e9n\u00e9dictines venues d\u2019Alg\u00e9rie<\/strong>, qui reconstruisent le monast\u00e8re sous la direction de l\u2019architecte Fernand Pouillon. Depuis 2019, il est confi\u00e9 aux <strong>S\u0153urs de Mater Dei, d\u2019Argentine<\/strong>, qui maintiennent un <strong>rythme paisible de messe, d\u2019adoration et d\u2019enseignement<\/strong>. Le monast\u00e8re est ferm\u00e9 aux visiteur\u00b7euse\u00b7s, mais la chapelle reste ouverte chaque jour.<\/p>\n\n\n\n<div style=\"height:10px\" aria-hidden=\"true\" class=\"wp-block-spacer\"><\/div>\n\n\n\n<h4 class=\"wp-block-heading\">Chemin Saint-Joseph &amp; itin\u00e9raire de la Sainte Famille<\/h4>\n\n\n\n<p>Un <strong>parcours de p\u00e8lerinage de 4 km, le <em>Chemin Saint-Joseph<\/em><\/strong>, relie Notre-Dame de Gr\u00e2ces \u00e0 Bessillon. Six petits oratoires ponctuent des m\u00e9ditations sur la vie de Saint Joseph et de la Sainte Famille. Un autre <strong>circuit de 9 km<\/strong> au d\u00e9part du village traverse des vignobles et la <strong>Source Saint-Martin<\/strong>, pour une promenade campagnarde paisible, charg\u00e9e d\u2019histoire et de r\u00e9flexion.<\/p>\n\n\n\n<div style=\"height:10px\" aria-hidden=\"true\" class=\"wp-block-spacer\"><\/div>\n\n\n\n<h4 class=\"wp-block-heading\">Un p\u00e8lerinage vivant en <strong>Provence Verte<\/strong><\/h4>\n\n\n\n<p>Cinq si\u00e8cles apr\u00e8s la premi\u00e8re apparition, <em>Cotignac<\/em> accueille toujours p\u00e8lerin\u00b7e\u00b7s, voyageur\u00b7euse\u00b7s et curieux\u00b7ses. Entre ses <strong>deux sanctuaires<\/strong>, ses sentiers forestiers et ses horizons ouverts, ce petit village proven\u00e7al reste un lieu o\u00f9 la foi et le paysage se r\u00e9pondent, o\u00f9 r\u00e9sonnent encore les r\u00e9cits de rois et de bergers.<\/p>\n\n\n\n<hr class=\"wp-block-separator has-alpha-channel-opacity is-style-dots\"\/>\n\n\n\n<h3 class=\"wp-block-heading\">Cotignac Parcours Patrimoine &amp; \u00e9v\u00e9nements culturels<\/h3>\n\n\n\n<p>La <strong>promenade patrimoniale de Cotignac<\/strong> relie de nombreux monuments en une boucle d\u2019une heure au d\u00e9part de la mairie Cotignac. Des plaques num\u00e9rot\u00e9es expliquent l\u2019histoire des fontaines, des fa\u00e7ades et des ruelles. L\u2019itin\u00e9raire se suit facilement et l\u2019office de tourisme propose un plan imprim\u00e9 gratuit.<\/p>\n\n\n\n<p>Au-del\u00e0 de ses monuments, Cotignac Provence reste anim\u00e9 toute l\u2019ann\u00e9e par des traditions locales qui donnent le rythme du village.<\/p>\n\n\n\n<ul class=\"wp-block-list\">\n<li><strong>En octobre, la F\u00eate du Coing Cotignac<\/strong> investit les rues avec un march\u00e9 artisanal Cotignac, de la musique live et un d\u00e9fil\u00e9 joyeux c\u00e9l\u00e9brant le coing, fruit intimement li\u00e9 au patrimoine proven\u00e7al.<\/li>\n\n\n\n<li><strong>En juillet et ao\u00fbt, le festival Les Toiles du Sud<\/strong> transforme le Th\u00e9\u00e2tre du Rocher en cin\u00e9ma plein air Cotignac, sous la falaise. Films d\u2019animation, s\u00e9ances en version originale et avant-premi\u00e8res en font l\u2019un des rendez-vous culturels incontournables de la r\u00e9gion.<\/li>\n\n\n\n<li><strong>En d\u00e9cembre, l\u2019exposition de cr\u00e8ches proven\u00e7ale<\/strong>s met \u00e0 l\u2019honneur l\u2019artisanat local et l\u2019esprit des f\u00eates, avec des cr\u00e8ches install\u00e9es dans tout le village.<\/li>\n\n\n\n<li><strong>Chaque mardi matin, le march\u00e9 de Cotignac<\/strong> \u00e9clate de couleurs et de parfums. On y trouve lavande, miel, fromages et fruits qui refl\u00e8tent les accents reconnaissables de la Provence Verte et l\u2019ambiance chaleureuse du march\u00e9 du mardi Cotignac.<\/li>\n<\/ul>\n\n\n\n<hr class=\"wp-block-separator has-alpha-channel-opacity\"\/>\n\n\n\n<h2 class=\"wp-block-heading\" id=\"photography-best-viewpoints-cotignac\">Photographie &amp; Meilleurs Points de Vue \u00e0 Cotignac<\/h2>\n\n\n\n<p>Pour les voyageurs passionn\u00e9s de photographie, visiter Cotignac en Provence Verte, class\u00e9 <em><strong><a href=\"https:\/\/www.the-travel-bunny.com\/fr\/etiquette\/villages-de-caractere-du-var\/\" data-type=\"post_tag\" data-id=\"200\">Village de Caract\u00e8re du Var<\/a><\/strong><\/em>, offre un rare m\u00e9lange de drame naturel et de d\u00e9tails villageois. Les falaises, les maisons de pierre et les petites places composent un d\u00e9cor qui change au fil des heures. Chaque moment du jour r\u00e9v\u00e8le une nouvelle facette, du dor\u00e9 doux du lever de soleil sur le Rocher de Cotignac au bleu profond du cr\u00e9puscule sur l\u2019\u00e9glise et le sanctuaire. Que vous voyagiez avec un appareil photo ou un t\u00e9l\u00e9phone, ce guide Cotignac met en lumi\u00e8re les <strong>meilleurs spots pour capturer l\u2019esprit authentique de la Provence Verte<\/strong>.<\/p>\n\n\n\n<div style=\"height:10px\" aria-hidden=\"true\" class=\"wp-block-spacer\"><\/div>\n\n\n\n<figure class=\"wp-block-image size-full\"><img loading=\"lazy\" decoding=\"async\" width=\"792\" height=\"294\" src=\"https:\/\/www.the-travel-bunny.com\/fr\/wp-content\/uploads\/sites\/3\/2025\/10\/Vue-panoramique-Cotignac-depuis-le-Rocher-village-Provence-Verte-Var.jpg\" alt=\"Vue panoramique sur le village de Cotignac en Provence Verte depuis le sommet du Rocher, avec les toits ocres et la vall\u00e9e verdoyante.\" class=\"wp-image-8191\" title=\"\" srcset=\"https:\/\/www.the-travel-bunny.com\/fr\/wp-content\/uploads\/sites\/3\/2025\/10\/Vue-panoramique-Cotignac-depuis-le-Rocher-village-Provence-Verte-Var.jpg 792w, https:\/\/www.the-travel-bunny.com\/fr\/wp-content\/uploads\/sites\/3\/2025\/10\/Vue-panoramique-Cotignac-depuis-le-Rocher-village-Provence-Verte-Var-300x111.jpg 300w, https:\/\/www.the-travel-bunny.com\/fr\/wp-content\/uploads\/sites\/3\/2025\/10\/Vue-panoramique-Cotignac-depuis-le-Rocher-village-Provence-Verte-Var-768x285.jpg 768w\" sizes=\"auto, (max-width: 792px) 100vw, 792px\" \/><figcaption class=\"wp-element-caption\"><em>Depuis le sommet du Rocher de Cotignac, le village d\u00e9voile tout son charme dans un labyrinthe de toits de tuiles encadr\u00e9s d\u2019oliveraies et de cypr\u00e8s. Ce panorama illustre parfaitement pourquoi Cotignac fait partie des Plus Beaux Villages de France.<\/em><\/figcaption><\/figure>\n\n\n\n<h3 class=\"wp-block-heading\">Le Sommet du Rocher<\/h3>\n\n\n\n<p>Le <strong>sommet du Rocher de Cotignac<\/strong> offre le panorama le plus saisissant sur le village et la vall\u00e9e. L\u2019ascension dure environ quinze minutes depuis le centre, en suivant la <strong>Balade du Rocher<\/strong>, un sentier qui serpente entre les grottes troglodytes Cotignac et les <strong>tours sarrasines Cotignac<\/strong>. D\u2019en haut, les toits en terre cuite dessinent un patchwork \u00e9clatant sur fond de falaises calcaires claires.<\/p>\n\n\n\n<p>Le matin t\u00f4t est le moment id\u00e9al pour photographier le panorama du Rocher, lorsque le soleil rasant illumine la pierre de teintes dor\u00e9es et ros\u00e9es. Le chemin, bien balis\u00e9 mais irr\u00e9gulier, en fait <strong>l\u2019un des meilleurs points de vue de Cotignac pour les photographes<\/strong>.<\/p>\n\n\n\n<hr class=\"wp-block-separator has-alpha-channel-opacity is-style-dots\"\/>\n\n\n\n<figure class=\"wp-block-image size-full\"><img loading=\"lazy\" decoding=\"async\" width=\"792\" height=\"294\" src=\"https:\/\/www.the-travel-bunny.com\/fr\/wp-content\/uploads\/sites\/3\/2025\/10\/Cours-Gambetta-Cotignac-cafes-et-galeries-dart-Provence-Verte-Var.jpg\" alt=\"Terrasses de caf\u00e9s et galeries d\u2019art sur le Cours Gambetta \u00e0 Cotignac, au c\u0153ur du village proven\u00e7al en Provence Verte.\" class=\"wp-image-8192\" title=\"\" srcset=\"https:\/\/www.the-travel-bunny.com\/fr\/wp-content\/uploads\/sites\/3\/2025\/10\/Cours-Gambetta-Cotignac-cafes-et-galeries-dart-Provence-Verte-Var.jpg 792w, https:\/\/www.the-travel-bunny.com\/fr\/wp-content\/uploads\/sites\/3\/2025\/10\/Cours-Gambetta-Cotignac-cafes-et-galeries-dart-Provence-Verte-Var-300x111.jpg 300w, https:\/\/www.the-travel-bunny.com\/fr\/wp-content\/uploads\/sites\/3\/2025\/10\/Cours-Gambetta-Cotignac-cafes-et-galeries-dart-Provence-Verte-Var-768x285.jpg 768w\" sizes=\"auto, (max-width: 792px) 100vw, 792px\" \/><figcaption class=\"wp-element-caption\"><em>Le Cours Gambetta anim\u00e9 est le c\u0153ur social de Cotignac Provence, bord\u00e9 de caf\u00e9s, brasseries et petites galeries d\u2019art. Les habitants s\u2019y attardent autour d\u2019un caf\u00e9 sous les platanes tandis que les visiteurs d\u00e9couvrent l\u2019artisanat proven\u00e7al et profitent du rythme paisible du village troglodyte de Cotignac.<\/em><\/figcaption><\/figure>\n\n\n\n<h3 class=\"wp-block-heading\">Terrasses du Cours Gambetta<\/h3>\n\n\n\n<p>Au c\u0153ur du village de Cotignac, le <strong>Cours Gambetta<\/strong> offre une perspective enti\u00e8rement diff\u00e9rente. Les terrasses des caf\u00e9s encadrent la vie quotidienne proven\u00e7ale, entre tintements de verres, conversations anim\u00e9es et enfants jouant autour des <strong>fontaines de Cotignac<\/strong>. D\u2019un point de vue photographique, c\u2019est un lieu id\u00e9al pour des clich\u00e9s spontan\u00e9s et d\u2019ambiance. En fin d\u2019apr\u00e8s-midi, la lumi\u00e8re filtre \u00e0 travers les platanes et dessine des motifs sur les pav\u00e9s. Ces <strong>sc\u00e8nes de rue<\/strong> cr\u00e9ent d\u2019excellents <strong>spots photo Cotignac<\/strong>, r\u00e9v\u00e9lant le rythme du village au-del\u00e0 de ses paysages embl\u00e9matiques.<\/p>\n\n\n\n<hr class=\"wp-block-separator has-alpha-channel-opacity is-style-dots\"\/>\n\n\n\n<figure class=\"wp-block-image size-full\"><img loading=\"lazy\" decoding=\"async\" width=\"792\" height=\"294\" src=\"https:\/\/www.the-travel-bunny.com\/fr\/wp-content\/uploads\/sites\/3\/2025\/10\/Panorama-Cotignac-vue-depuis-Notre-Dame-de-Graces-Provence-Verte-Var.jpg\" alt=\"Vue panoramique depuis le sanctuaire Notre-Dame de Gr\u00e2ces \u00e0 Cotignac, sur les collines verdoyantes de la Provence Verte.\" class=\"wp-image-8193\" title=\"\" srcset=\"https:\/\/www.the-travel-bunny.com\/fr\/wp-content\/uploads\/sites\/3\/2025\/10\/Panorama-Cotignac-vue-depuis-Notre-Dame-de-Graces-Provence-Verte-Var.jpg 792w, https:\/\/www.the-travel-bunny.com\/fr\/wp-content\/uploads\/sites\/3\/2025\/10\/Panorama-Cotignac-vue-depuis-Notre-Dame-de-Graces-Provence-Verte-Var-300x111.jpg 300w, https:\/\/www.the-travel-bunny.com\/fr\/wp-content\/uploads\/sites\/3\/2025\/10\/Panorama-Cotignac-vue-depuis-Notre-Dame-de-Graces-Provence-Verte-Var-768x285.jpg 768w\" sizes=\"auto, (max-width: 792px) 100vw, 792px\" \/><figcaption class=\"wp-element-caption\"><em>Depuis le sanctuaire Notre-Dame de Gr\u00e2ces Cotignac, les photographes peuvent capturer un panorama impressionnant sur les collines bois\u00e9es et les villages de Provence Verte. La terrasse en pierre, silencieuse et baign\u00e9e de lumi\u00e8re du Sud, offre une vue sereine sur le patrimoine naturel de Cotignac.<\/em><\/figcaption><\/figure>\n\n\n\n<h3 class=\"wp-block-heading\">Vues depuis le Sanctuaire<\/h3>\n\n\n\n<p>Depuis les escaliers du sanctuaire, la vue sur le village perch\u00e9 de Cotignac est vaste et apaisante. On aper\u00e7oit les toits, les vignobles et les <strong>falaises du Rocher de Cotignac<\/strong> qui s\u2019\u00e9l\u00e8vent derri\u00e8re. Les visites matinales offrent une lumi\u00e8re douce, tandis que le soir, de longues ombres mettent en valeur la forme de la vall\u00e9e. Pour une composition \u00e9quilibr\u00e9e, il suffit d\u2019int\u00e9grer la balustrade de pierre du sanctuaire au premier plan. \u00c0 l\u2019int\u00e9rieur, les <strong>tons bleut\u00e9s du plafond de l\u2019\u00e9glise Notre-Dame de Gr\u00e2ces<\/strong> se r\u00e9v\u00e8lent particuli\u00e8rement bien \u00e0 la tomb\u00e9e du jour, cr\u00e9ant un contraste chaleureux avec les vues ext\u00e9rieures.<\/p>\n\n\n\n<hr class=\"wp-block-separator has-alpha-channel-opacity is-style-dots\"\/>\n\n\n\n<h3 class=\"wp-block-heading\">Lumi\u00e8re &amp; Timing Photographie Cotignac<\/h3>\n\n\n\n<p>La <strong>m\u00e9t\u00e9o \u00e0 Cotignac<\/strong> change rapidement et la lumi\u00e8re joue un r\u00f4le essentiel dans le rendu des photos. Le matin, elle dore la falaise et souligne les d\u00e9tails des maisons troglodytes creus\u00e9es dans la roche. Vers midi, les ombres disparaissent, rendant les rues du village de Cotignac Var parfaites pour des clich\u00e9s color\u00e9s. En soir\u00e9e, les falaises prennent des teintes gris doux tandis que l\u2019int\u00e9rieur du sanctuaire se teinte de bleu profond, id\u00e9al pour la <strong>photographie en basse lumi\u00e8re<\/strong>. La patience est essentielle : attendre dix minutes peut transformer une photo ordinaire en image parfaite.<\/p>\n\n\n\n<p class=\"has-extra-info-background-color has-background\"><strong>Infos Photographie Cotignac :<\/strong> L\u2019usage de drones est strictement limit\u00e9 \u00e0 proximit\u00e9 des sites religieux, notamment le sanctuaire Notre-Dame de Gr\u00e2ces et la chapelle Saint Joseph du Bessillon Cotignac. Il est important de v\u00e9rifier la r\u00e9glementation des drones en Provence avant tout vol, car Cotignac Provence Verte se situe pr\u00e8s de zones prot\u00e9g\u00e9es.<\/p>\n\n\n\n<p>Chacun de ces <strong>meilleurs points de vue Cotignac<\/strong> offre une perspective unique sur le village, depuis la vie quotidienne du Cours Gambetta Cotignac jusqu\u2019au grand panorama du Rocher de Cotignac. Ensemble, ils font de Cotignac Provence l\u2019un des <strong>plus beaux villages de France<\/strong>, et sans doute l\u2019un des plus photog\u00e9niques du sud du pays.<\/p>\n\n\n\n<hr class=\"wp-block-separator has-alpha-channel-opacity\"\/>\n\n\n\n<h2 class=\"wp-block-heading\" id=\"visit-cotignac-faq\">FAQ pour visiter Cotignac<\/h2>\n\n\n\n<p>Pr\u00e9parer un <strong>s\u00e9jour \u00e0 Cotignac<\/strong> en France suscite souvent les m\u00eames questions pratiques de la part des voyageurs et des expatri\u00e9s. Vous trouverez ci-dessous les r\u00e9ponses les plus compl\u00e8tes, couvrant tout, du transport \u00e0 la m\u00e9t\u00e9o, en passant par les activit\u00e9s familiales et les villages voisins de la Provence Verte.<\/p>\n\n\n<div id=\"rank-math-faq\" class=\"rank-math-block\">\n<div class=\"rank-math-list \">\n<div id=\"faq-question-1761735036160\" class=\"rank-math-list-item\">\n<h3 class=\"rank-math-question \">Cotignac vaut-il la peine d\u2019\u00eatre visit\u00e9 ?<\/h3>\n<div class=\"rank-math-answer \">\n\n<p>Oui. <strong>Visiter Cotignac en Provence est absolument incontournable<\/strong> pour sa rare combinaison de nature, d\u2019histoire et d\u2019authenticit\u00e9. Derri\u00e8re le village se dresse la spectaculaire falaise de tuf (400 m de long, 80 m de haut) qui abrite les <strong>grottes troglodytes de Cotignac<\/strong> et les tours m\u00e9di\u00e9vales. Le march\u00e9 du mardi, la F\u00eate du Coing annuelle et les deux sanctuaires de <strong>Notre-Dame de Gr\u00e2ces et Saint-Joseph du Bessillon<\/strong> attirent les visiteurs en qu\u00eate d\u2019une exp\u00e9rience proven\u00e7ale vraie et spirituelle. Que vous restiez pour un <strong>week-end \u00e0 Cotignac<\/strong> ou envisagiez d\u2019y vivre, le rythme paisible et le cadre pittoresque du village troglodyte de Cotignac en font un excellent choix.<\/p>\n\n<\/div>\n<\/div>\n<div id=\"faq-question-1761735301745\" class=\"rank-math-list-item\">\n<h3 class=\"rank-math-question \">Pourquoi Cotignac est-il connu ?<\/h3>\n<div class=\"rank-math-answer \">\n\n<p>Cotignac Provence est c\u00e9l\u00e8bre pour ses <strong>grottes troglodytes<\/strong>, la Balade du Rocher, son <strong>march\u00e9 du mardi<\/strong>, et le <strong>sanctuaire Notre-Dame de Gr\u00e2ces<\/strong>, lieu de p\u00e8lerinage depuis 1519. Le village c\u00e9l\u00e8bre aussi chaque octobre la <strong>F\u00eate du Coing \u00e0 Cotignac<\/strong>, un \u00e9v\u00e9nement festif m\u00ealant patrimoine, musique et produits du terroir. Class\u00e9 parmi les <em>Plus Beaux Villages de France<\/em>, Cotignac Var charme les visiteurs par son patrimoine historique et son ambiance authentique au c\u0153ur de la Provence Verte.<\/p>\n\n<\/div>\n<\/div>\n<div id=\"faq-question-1761735341533\" class=\"rank-math-list-item\">\n<h3 class=\"rank-math-question \">Faut-il une voiture \u00e0 Cotignac ?<\/h3>\n<div class=\"rank-math-answer \">\n\n<p>Oui, surtout pour les excursions et les d\u00e9placements r\u00e9gionaux. Il n\u2019y a pas de gare \u00e0 Cotignac, et les bus locaux depuis Brignoles ou Aups sont rares. Le village de Cotignac se d\u00e9couvre ais\u00e9ment \u00e0 pied, mais pour explorer les alentours comme <strong>Sillans-la-Cascade, Entrecasteaux, Carc\u00e8s ou Aups<\/strong>, une voiture est indispensable. Louer un v\u00e9hicule reste la meilleure option pour un <strong>itin\u00e9raire en Provence<\/strong> incluant Cotignac, permettant de profiter pleinement de la <strong>route des villages perch\u00e9s<\/strong>.<\/p>\n\n<\/div>\n<\/div>\n<div id=\"faq-question-1761735424561\" class=\"rank-math-list-item\">\n<h3 class=\"rank-math-question \">Quand a lieu le march\u00e9 de Cotignac ?<\/h3>\n<div class=\"rank-math-answer \">\n\n<p>Le <strong>march\u00e9 de Cotignac<\/strong> se tient <strong>tous les mardis matin<\/strong> toute l\u2019ann\u00e9e, sur le Cours Gambetta et la Place de la Mairie, g\u00e9n\u00e9ralement de 8 h \u00e0 13 h. On y trouve des produits du terroir, du fromage, des l\u00e9gumes frais, des savons artisanaux et des sp\u00e9cialit\u00e9s proven\u00e7ales. En octobre, le march\u00e9 du mardi \u00e0 Cotignac s\u2019agrandit \u00e0 l\u2019occasion de la <strong>F\u00eate du Coing<\/strong>, o\u00f9 les stands proposent confitures, p\u00e2tisseries et liqueurs de coing. Arrivez t\u00f4t pour trouver une place de parking \u00e0 Cotignac et profiter d\u2019un caf\u00e9 en terrasse avant l\u2019affluence.<\/p>\n\n<\/div>\n<\/div>\n<div id=\"faq-question-1761735502407\" class=\"rank-math-list-item\">\n<h3 class=\"rank-math-question \">Y a-t-il du stationnement pour les camping-cars \u00e0 Cotignac ?<\/h3>\n<div class=\"rank-math-answer \">\n\n<p>Oui, mais les places sont limit\u00e9es. L\u2019option la plus pratique est <strong>867 chemin de la Colle Cotignac<\/strong>, r\u00e9f\u00e9renc\u00e9e sur <strong>Park4Night Cotignac<\/strong>, o\u00f9 les camping-cars peuvent passer la nuit gratuitement. Le terrain est plat et se situe \u00e0 environ quinze minutes \u00e0 pied du centre du village de Cotignac. Les parkings centraux, comme celui de l\u2019Office de Tourisme de Cotignac, ont une <strong>hauteur limit\u00e9e \u00e0 2 m<\/strong>, donc inadapt\u00e9s aux grands v\u00e9hicules. V\u00e9rifiez toujours les <strong>restrictions lors des f\u00eates de Cotignac<\/strong>, notamment pendant la F\u00eate du Coing, quand le <strong>parking Lauron<\/strong> peut \u00eatre r\u00e9serv\u00e9 aux festivit\u00e9s.<\/p>\n\n<\/div>\n<\/div>\n<div id=\"faq-question-1761735533792\" class=\"rank-math-list-item\">\n<h3 class=\"rank-math-question \">Peut-on visiter les grottes troglodytes de Cotignac avec des enfants ?<\/h3>\n<div class=\"rank-math-answer \">\n\n<p>Oui. Les familles peuvent explorer les <strong>grottes troglodytes de Cotignac<\/strong> en toute s\u00e9curit\u00e9 avec de jeunes enfants, \u00e0 condition qu\u2019ils soient surveill\u00e9s. L\u2019entr\u00e9e co\u00fbte 2,50 \u20ac par adulte, gratuite pour les enfants. Le parcours comprend des escaliers et des passages \u00e9troits, donc mieux vaut un porte-b\u00e9b\u00e9 qu\u2019une poussette. La visite dure environ 30 minutes et se termine par un superbe panorama sur le Rocher de Cotignac et la vall\u00e9e.<\/p>\n\n<\/div>\n<\/div>\n<div id=\"faq-question-1761735554026\" class=\"rank-math-list-item\">\n<h3 class=\"rank-math-question \">L\u2019eau du robinet est-elle potable \u00e0 Cotignac ?<\/h3>\n<div class=\"rank-math-answer \">\n\n<p>Oui. L\u2019eau du robinet est <strong>potable \u00e0 Cotignac<\/strong>. Plusieurs <strong>fontaines de Cotignac<\/strong> diss\u00e9min\u00e9es dans le village fournissent une eau fra\u00eeche et claire, souvent issues de sources anciennes. C\u2019est un moyen \u00e9cologique et pratique de remplir vos bouteilles pendant vos balades \u00e0 Cotignac ou sur la Balade du Rocher.<\/p>\n\n<\/div>\n<\/div>\n<div id=\"faq-question-1761735576559\" class=\"rank-math-list-item\">\n<h3 class=\"rank-math-question \">Que faut-il emporter pour visiter la Provence en automne ?<\/h3>\n<div class=\"rank-math-answer \">\n\n<p>L\u2019<strong>automne en Provence<\/strong> offre des journ\u00e9es douces et des soir\u00e9es fra\u00eeches. Pr\u00e9voyez des v\u00eatements l\u00e9gers et superposables, une veste imperm\u00e9able pour les averses, et des chaussures plates adapt\u00e9es aux ruelles pav\u00e9es et aux sentiers. Les familles devraient aussi pr\u00e9voir des <strong>collations pour enfants<\/strong>, car les march\u00e9s vendent surtout des produits pour adultes.<\/p>\n\n<\/div>\n<\/div>\n<div id=\"faq-question-1761735597271\" class=\"rank-math-list-item\">\n<h3 class=\"rank-math-question \">Quel est l\u2019a\u00e9roport le plus proche de Cotignac ?<\/h3>\n<div class=\"rank-math-answer \">\n\n<p>Les a\u00e9roports les plus proches sont <strong>Marseille Provence<\/strong> (environ 1 h 45 en voiture) et <strong>Nice C\u00f4te d\u2019Azur<\/strong> (environ 2 h). Tous deux proposent des locations de voiture et un acc\u00e8s direct \u00e0 l\u2019autoroute vers le Var. Pour les voyageurs d\u00e9j\u00e0 en France, la gare TGV d\u2019Aix-en-Provence est le principal hub ferroviaire, \u00e0 environ 1 h 30 de route du village de Cotignac.<\/p>\n\n<\/div>\n<\/div>\n<div id=\"faq-question-1761735606832\" class=\"rank-math-list-item\">\n<h3 class=\"rank-math-question \">Quels villages visiter autour de Cotignac ?<\/h3>\n<div class=\"rank-math-answer \">\n\n<p>Plusieurs villages de la Provence Verte autour de Cotigna<strong>c<\/strong> m\u00e9ritent une excursion. <strong>Sillans-la-Cascade<\/strong>, c\u00e9l\u00e8bre pour sa cascade de 42 m\u00e8tres, <strong>Entrecasteaux<\/strong>, avec son ch\u00e2teau et ses jardins, <strong>Carc\u00e8s<\/strong>, pour son lac et sa coop\u00e9rative vinicole, <strong>Aups<\/strong>, r\u00e9put\u00e9 pour son march\u00e9 aux truffes d\u2019hiver.<br \/>Ajoutez \u00e0 cela <strong>Salernes<\/strong> (poterie), <strong>Tourtour<\/strong> (le village dans le ciel) et <strong>Moustiers-Sainte-Marie<\/strong>, porte d\u2019entr\u00e9e des <strong>Gorges du Verdon<\/strong> et du <strong>Lac de Sainte-Croix<\/strong>. Tous sont accessibles en moins d\u2019une heure, faisant de Cotignac Provence une base id\u00e9ale pour explorer les <strong>villages authentiques de Provence<\/strong>.<\/p>\n\n<\/div>\n<\/div>\n<\/div>\n<\/div>\n\n\n<hr class=\"wp-block-separator has-alpha-channel-opacity\"\/>\n\n\n\n<h2 class=\"wp-block-heading\" id=\"why-cotignac-stays-with-you\">Pourquoi visiter Cotignac est une excellente id\u00e9e<\/h2>\n\n\n\n<p><strong>Cotignac Provence<\/strong> fait partie de ces lieux qui s\u2019insinuent doucement sous votre peau. On ne tombe pas sous le charme du village pour un seul monument ou un restaurant particulier, mais pour cette sensation unique quand la foule se dissipe et que le village respire enfin. Il y a ici un rythme qui \u00e9pouse parfaitement l\u2019esprit du <strong>slow travel en Provence<\/strong>. Des matins qui commencent avec l\u2019odeur du caf\u00e9 sur le Cours Gambetta Cotignac, des apr\u00e8s-midis baign\u00e9s d\u2019une <strong>lumi\u00e8re dor\u00e9e sous les falaises du Rocher de Cotignac<\/strong>, et des soir\u00e9es o\u00f9 l\u2019air se rafra\u00eechit juste assez pour rendre la promenade id\u00e9ale.<\/p>\n\n\n\n<p>Ce qui reste le plus en m\u00e9moire, c\u2019est <strong>la fa\u00e7on dont le village vit et r\u00e9agit<\/strong>. Le week-end \u00e0 Cotignac Var, commenc\u00e9 par des routes barr\u00e9es et des d\u00e9tours, s\u2019est termin\u00e9 dans une qui\u00e9tude inattendue, celle qu\u2019on ne trouve que lorsque les plans \u00e9chouent mais que l\u2019exp\u00e9rience, elle, sonne juste. Nous \u00e9tions venus pour une courte escapade, mais nous sommes repartis avec l\u2019impression d\u2019avoir effleur\u00e9 <strong>la vraie Provence<\/strong>, celle qui est g\u00e9n\u00e9reuse, un peu t\u00eatue, et encore guid\u00e9e par <strong>le rythme des saisons<\/strong> plut\u00f4t que par celui des agendas.<\/p>\n\n\n\n<p>Cotignac est vivant de la mani\u00e8re la plus sinc\u00e8re qui soit. C\u2019est un village troglodyte qui vous accueille sans artifice, o\u00f9 les m\u00eames personnes qui vous vendent des fruits au march\u00e9 du mardi de Cotignac vous saluent plus tard depuis une table du Caf\u00e9 de l\u2019Union Cotignac. C\u2019est le genre d\u2019endroit qui fait que les voyageurs et les expatri\u00e9s prolongent leur s\u00e9jour, s\u00e9duits par l\u2019authenticit\u00e9 et la douceur du quotidien. <strong>Cotignac incarne la Provence Verte r\u00eav\u00e9e, vivante, imparfaite, mais bienveillante envers ceux qui prennent le temps de s\u2019attarder.<\/strong><\/p>\n\n\n\n<p>Si vous \u00eates d\u00e9j\u00e0 venu\u00b7e, racontez ce qui vous a marqu\u00e9. Et si vous ne l\u2019avez pas encore fait, <strong>pr\u00e9parez votre visite \u00e0 Cotignac<\/strong> bient\u00f4t. Venez pour le week-end, restez pour l\u2019atmosph\u00e8re et laissez les falaises, les march\u00e9s et la chaleur des habitants vous rappeler pourquoi la Provence authentique a encore tant d\u2019importance.<\/p>\n\n\n\n<hr class=\"wp-block-separator has-alpha-channel-opacity\"\/>\n\n\n\n<h2 class=\"wp-block-heading\" id=\"about-the-author\">\u00c0 propos de l\u2019auteure<\/h2>\n\n\n\n<div class=\"wp-block-media-text alignwide is-vertically-aligned-top\" style=\"grid-template-columns:15% auto\"><figure class=\"wp-block-media-text__media\"><img loading=\"lazy\" decoding=\"async\" width=\"138\" height=\"140\" src=\"https:\/\/www.the-travel-bunny.com\/fr\/wp-content\/uploads\/sites\/3\/2021\/04\/Mirela-Letailleur-The-Travel-Bunny.jpg\" alt=\"Mirela Letailleur The Travel Bunny\" class=\"wp-image-3498 size-full\" title=\"\"><\/figure><div class=\"wp-block-media-text__content\">\n<p class=\"has-small-font-size\">Je suis <strong><a href=\"https:\/\/www.the-travel-bunny.com\/fr\/a-propos-du-travel-bunny\/mirela-letailleur\/\">Mirela Letailleur<\/a><\/strong>, \u00e9crivaine de voyage install\u00e9e en Provence et originaire de Roumanie, cr\u00e9atrice du blog <em>The Travel Bunny<\/em>, o\u00f9 je partage des exp\u00e9riences culturelles, familiales et de voyage lent en Europe. J\u2019habite depuis plusieurs ann\u00e9es dans le Var, au sud de la France, et j\u2019ai explor\u00e9 chaque recoin de la Provence Verte, souvent en camping-car avec mon mari et mon fils. Mes itin\u00e9raires allient sens pratique et authenticit\u00e9, qu\u2019il s\u2019agisse de trouver les bons parkings dans les petits villages, de rep\u00e9rer les meilleurs festivals locaux ou de d\u00e9couvrir des balades familiales accessibles. En tant qu\u2019expatri\u00e9e de longue date en France, j\u2019\u00e9cris des guides qui aident les voyageurs \u00e0 vivre la Provence comme des habitants, avec une approche \u00e9quilibr\u00e9e entre curiosit\u00e9, organisation et respect culturel.<\/p>\n\n\n\n<p class=\"has-small-font-size\">Cotignac occupe une place toute particuli\u00e8re dans mon c\u0153ur. Je l\u2019ai visit\u00e9 \u00e0 la fois comme m\u00e8re et comme professionnelle du voyage, attir\u00e9e par son village troglodyte de Cotignac, la F\u00eate du Coing et son riche patrimoine spirituel. Mon expertise allie regard local et recherche sur le terrain, et chacune des recommandations de ce guide Cotignac repose sur mon exp\u00e9rience personnelle.Que vous soyez voyageur\u00b7se culturel\u00b7le, explorateur\u00b7rice en vanlife ou famille en road trip en Provence, je vous aiderai \u00e0 planifier un s\u00e9jour authentique \u00e0 Cotignac Provence, l\u2019un des plus beaux villages de France et le c\u0153ur spirituel de la Provence Verte.<\/p>\n<\/div><\/div>\n\n\n<div class=\"wp-block-scriptless-social-sharing-buttons\"><div class=\"scriptlesssocialsharing\"><div class=\"scriptlesssocialsharing__buttons\"><a class=\"button pinterest\" target=\"_blank\" href=\"https:\/\/pinterest.com\/pin\/create\/button\/?url=https%3A%2F%2Fwww.the-travel-bunny.com%2Ffr%2Fguide-visiter-cotignac-provence-verte%2F&#038;media=https%3A%2F%2Fwww.the-travel-bunny.com%2Ffr%2Fwp-content%2Fuploads%2Fsites%2F3%2F2025%2F10%2FCotignac-Var-Que-voir-et-faire-dans-ce-village-de-Provence-683x1024.jpg&#038;description=Tu%20pr%C3%A9pares%20un%20s%C3%A9jour%20%C3%A0%20Cotignac%20Var%20%3F%20Voici%20quoi%20voir%2C%20o%C3%B9%20aller%20et%20comment%20profiter%20de%20ce%20village%20de%20Provence%20Verte%20avec%20des%20conseils%20simples%20et%20des%20adresses%20test%C3%A9es.%20cotignac%20var%20%7C%20visiter%20cotignac%20%7C%20que%20faire%20cotignac%20%7C%20village%20provence%20verte%20%7C%20guide%20cotignac%20france\" rel=\"noopener noreferrer nofollow\" data-pin-no-hover=\"true\" data-pin-custom=\"true\" data-pin-do=\"skip\" data-pin-description=\"Tu pr\u00e9pares un s\u00e9jour \u00e0 Cotignac Var ? Voici quoi voir, o\u00f9 aller et comment profiter de ce village de Provence Verte avec des conseils simples et des adresses test\u00e9es. cotignac var | visiter cotignac | que faire cotignac | village provence verte | guide cotignac france\"><svg xmlns=\"http:\/\/www.w3.org\/2000\/svg\" viewbox=\"0 0 496 512\" class=\"scriptlesssocialsharing__icon pinterest\" fill=\"currentcolor\" height=\"1em\" width=\"1em\" aria-hidden=\"true\" focusable=\"false\" role=\"img\"><!-- Font Awesome Free 5.15.4 by @fontawesome - https:\/\/fontawesome.com License - https:\/\/fontawesome.com\/license\/free (Icons: CC BY 4.0, Fonts: SIL OFL 1.1, Code: MIT License) --><path d=\"M496 256c0 137-111 248-248 248-25.6 0-50.2-3.9-73.4-11.1 10.1-16.5 25.2-43.5 30.8-65 3-11.6 15.4-59 15.4-59 8.1 15.4 31.7 28.5 56.8 28.5 74.8 0 128.7-68.8 128.7-154.3 0-81.9-66.9-143.2-152.9-143.2-107 0-163.9 71.8-163.9 150.1 0 36.4 19.4 81.7 50.3 96.1 4.7 2.2 7.2 1.2 8.3-3.3.8-3.4 5-20.3 6.9-28.1.6-2.5.3-4.7-1.7-7.1-10.1-12.5-18.3-35.3-18.3-56.6 0-54.7 41.4-107.6 112-107.6 60.9 0 103.6 41.5 103.6 100.9 0 67.1-33.9 113.6-78 113.6-24.3 0-42.6-20.1-36.7-44.8 7-29.5 20.5-61.3 20.5-82.6 0-19-10.2-34.9-31.4-34.9-24.9 0-44.9 25.7-44.9 60.2 0 22 7.4 36.8 7.4 36.8s-24.5 103.8-29 123.2c-5 21.4-3 51.6-.9 71.2C65.4 450.9 0 361.1 0 256 0 119 111 8 248 8s248 111 248 248z\"><\/path><\/svg>\n<span class=\"screen-reader-text\">Share on Pinterest<\/span><\/a><a class=\"button facebook\" target=\"_blank\" href=\"https:\/\/www.facebook.com\/sharer\/sharer.php?u=https%3A%2F%2Fwww.the-travel-bunny.com%2Ffr%2Fguide-visiter-cotignac-provence-verte%2F\" rel=\"noopener noreferrer nofollow\"><svg xmlns=\"http:\/\/www.w3.org\/2000\/svg\" viewbox=\"0 0 512 512\" class=\"scriptlesssocialsharing__icon facebook\" fill=\"currentcolor\" height=\"1em\" width=\"1em\" aria-hidden=\"true\" focusable=\"false\" role=\"img\"><!-- Font Awesome Free 5.15.4 by @fontawesome - https:\/\/fontawesome.com License - https:\/\/fontawesome.com\/license\/free (Icons: CC BY 4.0, Fonts: SIL OFL 1.1, Code: MIT License) --><path d=\"M504 256C504 119 393 8 256 8S8 119 8 256c0 123.78 90.69 226.38 209.25 245V327.69h-63V256h63v-54.64c0-62.15 37-96.48 93.67-96.48 27.14 0 55.52 4.84 55.52 4.84v61h-31.28c-30.8 0-40.41 19.12-40.41 38.73V256h68.78l-11 71.69h-57.78V501C413.31 482.38 504 379.78 504 256z\"><\/path><\/svg>\n<span class=\"screen-reader-text\">Share on Facebook<\/span><\/a><a class=\"button linkedin\" target=\"_blank\" href=\"https:\/\/www.linkedin.com\/shareArticle?mini=1&#038;url=https%3A%2F%2Fwww.the-travel-bunny.com%2Ffr%2Fguide-visiter-cotignac-provence-verte%2F&#038;title=Guide%20complet%20pour%20visiter%20Cotignac.%20Le%20village%20perch%C3%A9%20de%20Provence%20aux%20march%C3%A9s%20de%20coings%2C%20miracles%20royaux%20et%20grottes%20troglodytes&#038;source=https%3A%2F%2Fwww.the-travel-bunny.com%2Ffr&#038;summary=Cotignac%20France%20est%20un%20village%20perch%C3%A9%20au%20pied%20d%E2%80%99une%20falaise%20au%20c%C5%93ur%20de%20la%20Provence%20Verte%2C%20c%C3%A9l%C3%A8bre%20pour%20ses%20grottes%20troglodytes%2C%20ses%20march%C3%A9s%20anim%C3%A9s%20et%20ses%20sanctuaires%20jumeaux%20de%20p%C3%A8lerinage.%20Ce%20guide%20Cotignac%20complet%20partage%20des%20conseils%20v%C3%A9cus%20lors%20d%E2%80%99un%20v%C3%A9ritable%20week-end%20%C3%A0%20Cotignac%2C%20entre%20stationnement%20pour%20camping-cars%2C%20balades%20adapt%C3%A9es%20aux%20tout-petits%2C%20F%C3%AAte%20du%20Coing%2C%20randonn%C3%A9es%20panoramiques%20et%20d%C3%A9gustations%20de%20vin%20de%20Provence.%20Que%20vous%20pr%C3%A9pariez%20un%20road%20trip%20en%20Provence%20ou%20recherchiez%20une%20exp%C3%A9rience%20de%20slow%20travel%20en%20Provence%2C%20ce%20guide%20Cotignac%20Provence%20couvre%20o%C3%B9%20manger%2C%20o%C3%B9%20dormir%20et%20que%20faire%20%C3%A0%20Cotignac%20Var%2C%20faisant%20de%20lui%20la%20ressource%20essentielle%20pour%20les%20voyageuses%2C%20voyageurs%20et%20expatri%C3%A9%C2%B7e%C2%B7s%20souhaitant%20d%C3%A9couvrir%20l%E2%80%99un%20des%20plus%20beaux%20villages%20de%20France.\" rel=\"noopener noreferrer nofollow\"><svg xmlns=\"http:\/\/www.w3.org\/2000\/svg\" viewbox=\"0 0 448 512\" class=\"scriptlesssocialsharing__icon linkedin\" fill=\"currentcolor\" height=\"1em\" width=\"1em\" aria-hidden=\"true\" focusable=\"false\" role=\"img\"><!-- Font Awesome Free 5.15.4 by @fontawesome - https:\/\/fontawesome.com License - https:\/\/fontawesome.com\/license\/free (Icons: CC BY 4.0, Fonts: SIL OFL 1.1, Code: MIT License) --><path d=\"M416 32H31.9C14.3 32 0 46.5 0 64.3v383.4C0 465.5 14.3 480 31.9 480H416c17.6 0 32-14.5 32-32.3V64.3c0-17.8-14.4-32.3-32-32.3zM135.4 416H69V202.2h66.5V416zm-33.2-243c-21.3 0-38.5-17.3-38.5-38.5S80.9 96 102.2 96c21.2 0 38.5 17.3 38.5 38.5 0 21.3-17.2 38.5-38.5 38.5zm282.1 243h-66.4V312c0-24.8-.5-56.7-34.5-56.7-34.6 0-39.9 27-39.9 54.9V416h-66.4V202.2h63.7v29.2h.9c8.9-16.8 30.6-34.5 62.9-34.5 67.2 0 79.7 44.3 79.7 101.9V416z\"><\/path><\/svg>\n<span class=\"screen-reader-text\">Share on LinkedIn<\/span><\/a><a class=\"button reddit\" target=\"_blank\" href=\"https:\/\/www.reddit.com\/submit?url=https%3A%2F%2Fwww.the-travel-bunny.com%2Ffr%2Fguide-visiter-cotignac-provence-verte%2F\" rel=\"noopener noreferrer nofollow\"><svg xmlns=\"http:\/\/www.w3.org\/2000\/svg\" viewbox=\"0 0 512 512\" class=\"scriptlesssocialsharing__icon reddit\" fill=\"currentcolor\" height=\"1em\" width=\"1em\" aria-hidden=\"true\" focusable=\"false\" role=\"img\"><!-- Font Awesome Free 5.15.4 by @fontawesome - https:\/\/fontawesome.com License - https:\/\/fontawesome.com\/license\/free (Icons: CC BY 4.0, Fonts: SIL OFL 1.1, Code: MIT License) --><path d=\"M440.3 203.5c-15 0-28.2 6.2-37.9 15.9-35.7-24.7-83.8-40.6-137.1-42.3L293 52.3l88.2 19.8c0 21.6 17.6 39.2 39.2 39.2 22 0 39.7-18.1 39.7-39.7s-17.6-39.7-39.7-39.7c-15.4 0-28.7 9.3-35.3 22l-97.4-21.6c-4.9-1.3-9.7 2.2-11 7.1L246.3 177c-52.9 2.2-100.5 18.1-136.3 42.8-9.7-10.1-23.4-16.3-38.4-16.3-55.6 0-73.8 74.6-22.9 100.1-1.8 7.9-2.6 16.3-2.6 24.7 0 83.8 94.4 151.7 210.3 151.7 116.4 0 210.8-67.9 210.8-151.7 0-8.4-.9-17.2-3.1-25.1 49.9-25.6 31.5-99.7-23.8-99.7zM129.4 308.9c0-22 17.6-39.7 39.7-39.7 21.6 0 39.2 17.6 39.2 39.7 0 21.6-17.6 39.2-39.2 39.2-22 .1-39.7-17.6-39.7-39.2zm214.3 93.5c-36.4 36.4-139.1 36.4-175.5 0-4-3.5-4-9.7 0-13.7 3.5-3.5 9.7-3.5 13.2 0 27.8 28.5 120 29 149 0 3.5-3.5 9.7-3.5 13.2 0 4.1 4 4.1 10.2.1 13.7zm-.8-54.2c-21.6 0-39.2-17.6-39.2-39.2 0-22 17.6-39.7 39.2-39.7 22 0 39.7 17.6 39.7 39.7-.1 21.5-17.7 39.2-39.7 39.2z\"><\/path><\/svg>\n<span class=\"screen-reader-text\">Share on Reddit<\/span><\/a><a class=\"button bluesky\" target=\"_blank\" href=\"https:\/\/bsky.app\/intent\/compose?text=Guide%20complet%20pour%20visiter%20Cotignac.%20Le%20village%20perch%C3%A9%20de%20Provence%20aux%20march%C3%A9s%20de%20coings%2C%20miracles%20royaux%20et%20grottes%20troglodytes%3A%20https%3A%2F%2Fwww.the-travel-bunny.com%2Ffr%2Fguide-visiter-cotignac-provence-verte%2F\" rel=\"noopener noreferrer nofollow\"><svg xmlns=\"http:\/\/www.w3.org\/2000\/svg\" viewbox=\"0 0 512 512\" class=\"scriptlesssocialsharing__icon bluesky\" fill=\"currentcolor\" height=\"1em\" width=\"1em\" aria-hidden=\"true\" focusable=\"false\" role=\"img\"><!--!Font Awesome Free 6.7.2 by @fontawesome - https:\/\/fontawesome.com License - https:\/\/fontawesome.com\/license\/free Copyright 2025 Fonticons, Inc.--><path d=\"M111.8 62.2C170.2 105.9 233 194.7 256 242.4c23-47.6 85.8-136.4 144.2-180.2c42.1-31.6 110.3-56 110.3 21.8c0 15.5-8.9 130.5-14.1 149.2C478.2 298 412 314.6 353.1 304.5c102.9 17.5 129.1 75.5 72.5 133.5c-107.4 110.2-154.3-27.6-166.3-62.9l0 0c-1.7-4.9-2.6-7.8-3.3-7.8s-1.6 3-3.3 7.8l0 0c-12 35.3-59 173.1-166.3 62.9c-56.5-58-30.4-116 72.5-133.5C100 314.6 33.8 298 15.7 233.1C10.4 214.4 1.5 99.4 1.5 83.9c0-77.8 68.2-53.4 110.3-21.8z\"><\/path><\/svg>\n<span class=\"screen-reader-text\">Share on Bluesky<\/span><\/a><a class=\"button twitter\" target=\"_blank\" href=\"https:\/\/twitter.com\/intent\/tweet?text=Guide%20complet%20pour%20visiter%20Cotignac.%20Le%20village%20perch%C3%A9%20de%20Provence%20aux%20march%C3%A9s%20de%20coings%2C%20miracles%20royaux%20et%20grottes%20troglodytes&#038;url=https%3A%2F%2Fwww.the-travel-bunny.com%2Ffr%2Fguide-visiter-cotignac-provence-verte%2F&#038;via=mirela_iepurela&#038;related=mirela_iepurela\" rel=\"noopener noreferrer nofollow\"><svg xmlns=\"http:\/\/www.w3.org\/2000\/svg\" viewbox=\"0 0 512 512\" class=\"scriptlesssocialsharing__icon twitter\" fill=\"currentcolor\" height=\"1em\" width=\"1em\" aria-hidden=\"true\" focusable=\"false\" role=\"img\"><!--! Font Awesome Pro 6.4.2 by @fontawesome - https:\/\/fontawesome.com License - https:\/\/fontawesome.com\/license (Commercial License) Copyright 2023 Fonticons, Inc. --><path d=\"M389.2 48h70.6L305.6 224.2 487 464H345L233.7 318.6 106.5 464H35.8L200.7 275.5 26.8 48H172.4L272.9 180.9 389.2 48zM364.4 421.8h39.1L151.1 88h-42L364.4 421.8z\"><\/path><\/svg>\n<span class=\"screen-reader-text\">Share on X (Twitter)<\/span><\/a><a class=\"button whatsapp\" target=\"_blank\" href=\"https:\/\/api.whatsapp.com\/send?text=Guide%20complet%20pour%20visiter%20Cotignac.%20Le%20village%20perch%C3%A9%20de%20Provence%20aux%20march%C3%A9s%20de%20coings%2C%20miracles%20royaux%20et%20grottes%20troglodytes%20%E2%80%94%20https%3A%2F%2Fwww.the-travel-bunny.com%2Ffr%2Fguide-visiter-cotignac-provence-verte%2F\" rel=\"noopener noreferrer nofollow\"><svg xmlns=\"http:\/\/www.w3.org\/2000\/svg\" viewbox=\"0 0 448 512\" class=\"scriptlesssocialsharing__icon whatsapp\" fill=\"currentcolor\" height=\"1em\" width=\"1em\" aria-hidden=\"true\" focusable=\"false\" role=\"img\"><!-- Font Awesome Free 5.15.4 by @fontawesome - https:\/\/fontawesome.com License - https:\/\/fontawesome.com\/license\/free (Icons: CC BY 4.0, Fonts: SIL OFL 1.1, Code: MIT License) --><path d=\"M380.9 97.1C339 55.1 283.2 32 223.9 32c-122.4 0-222 99.6-222 222 0 39.1 10.2 77.3 29.6 111L0 480l117.7-30.9c32.4 17.7 68.9 27 106.1 27h.1c122.3 0 224.1-99.6 224.1-222 0-59.3-25.2-115-67.1-157zm-157 341.6c-33.2 0-65.7-8.9-94-25.7l-6.7-4-69.8 18.3L72 359.2l-4.4-7c-18.5-29.4-28.2-63.3-28.2-98.2 0-101.7 82.8-184.5 184.6-184.5 49.3 0 95.6 19.2 130.4 54.1 34.8 34.9 56.2 81.2 56.1 130.5 0 101.8-84.9 184.6-186.6 184.6zm101.2-138.2c-5.5-2.8-32.8-16.2-37.9-18-5.1-1.9-8.8-2.8-12.5 2.8-3.7 5.6-14.3 18-17.6 21.8-3.2 3.7-6.5 4.2-12 1.4-32.6-16.3-54-29.1-75.5-66-5.7-9.8 5.7-9.1 16.3-30.3 1.8-3.7.9-6.9-.5-9.7-1.4-2.8-12.5-30.1-17.1-41.2-4.5-10.8-9.1-9.3-12.5-9.5-3.2-.2-6.9-.2-10.6-.2-3.7 0-9.7 1.4-14.8 6.9-5.1 5.6-19.4 19-19.4 46.3 0 27.3 19.9 53.7 22.6 57.4 2.8 3.7 39.1 59.7 94.8 83.8 35.2 15.2 49 16.5 66.6 13.9 10.7-1.6 32.8-13.4 37.4-26.4 4.6-13 4.6-24.1 3.2-26.4-1.3-2.5-5-3.9-10.5-6.6z\"><\/path><\/svg>\n<span class=\"screen-reader-text\">Share on WhatsApp<\/span><\/a><a class=\"button email\" href=\"mailto:?body=J%27ai%20lu%20cet%20article%20de%20The%20Travel%20Bunny%20et%20je%20voulais%20le%20partager%20avec%20vous.%20Voici%20le%20lien%3A%20https%3A%2F%2Fwww.the-travel-bunny.com%2Ffr%2Fguide-visiter-cotignac-provence-verte%2F&#038;subject=Un%20article%20de%20voyage%20que%20j%27ai%20ador%C3%A9%3A%20Guide%20complet%20pour%20visiter%20Cotignac.%20Le%20village%20perch%C3%A9%20de%20Provence%20aux%20march%C3%A9s%20de%20coings%2C%20miracles%20royaux%20et%20grottes%20troglodytes\" rel=\"noopener noreferrer nofollow\" ><svg xmlns=\"http:\/\/www.w3.org\/2000\/svg\" viewbox=\"0 0 512 512\" class=\"scriptlesssocialsharing__icon email\" fill=\"currentcolor\" height=\"1em\" width=\"1em\" aria-hidden=\"true\" focusable=\"false\" role=\"img\"><!-- Font Awesome Free 5.15.4 by @fontawesome - https:\/\/fontawesome.com License - https:\/\/fontawesome.com\/license\/free (Icons: CC BY 4.0, Fonts: SIL OFL 1.1, Code: MIT License) --><path d=\"M502.3 190.8c3.9-3.1 9.7-.2 9.7 4.7V400c0 26.5-21.5 48-48 48H48c-26.5 0-48-21.5-48-48V195.6c0-5 5.7-7.8 9.7-4.7 22.4 17.4 52.1 39.5 154.1 113.6 21.1 15.4 56.7 47.8 92.2 47.6 35.7.3 72-32.8 92.3-47.6 102-74.1 131.6-96.3 154-113.7zM256 320c23.2.4 56.6-29.2 73.4-41.4 132.7-96.3 142.8-104.7 173.4-128.7 5.8-4.5 9.2-11.5 9.2-18.9v-19c0-26.5-21.5-48-48-48H48C21.5 64 0 85.5 0 112v19c0 7.4 3.4 14.3 9.2 18.9 30.6 23.9 40.7 32.4 173.4 128.7 16.8 12.2 50.2 41.8 73.4 41.4z\"><\/path><\/svg>\n<span class=\"screen-reader-text\">Share on Email<\/span><\/a><\/div><\/div><\/div>\n\n\n<p class=\"has-small-font-size\"><strong>Apr\u00e8s avoir organis\u00e9 votre <strong>visite de Cotignac<\/strong>, d\u00e9couvrez aussi mes autres <strong>guides sur The Travel Bunny<\/strong><\/strong><br><a href=\"https:\/\/www.the-travel-bunny.com\/fr\/bagnols-en-foret-france\/\" data-type=\"post\" data-id=\"7035\">Bagnols-en-For\u00eat: notre joyau cach\u00e9 dans le Sud de la France<\/a><br><a href=\"https:\/\/www.the-travel-bunny.com\/fr\/train-des-pignes-a-vapeur-paca\/\" data-type=\"post\" data-id=\"7235\">Train des Pignes \u00e0 Vapeur, un voyage hors du temps dans le Sud de la France<\/a><\/p>\n","protected":false},"excerpt":{"rendered":"<p>Cotignac France est un village perch\u00e9 au pied d\u2019une falaise au c\u0153ur de la Provence Verte, c\u00e9l\u00e8bre pour ses grottes troglodytes, ses march\u00e9s anim\u00e9s et ses sanctuaires jumeaux de p\u00e8lerinage. Ce guide Cotignac complet partage des conseils v\u00e9cus lors d\u2019un v\u00e9ritable week-end \u00e0 Cotignac, entre stationnement pour camping-cars, balades adapt\u00e9es aux tout-petits, F\u00eate du Coing, randonn\u00e9es panoramiques et d\u00e9gustations de vin de Provence. Que vous pr\u00e9pariez un road trip en Provence ou recherchiez une exp\u00e9rience de slow travel en Provence, ce guide Cotignac Provence couvre o\u00f9 manger, o\u00f9 dormir et que faire \u00e0 Cotignac Var, faisant de lui la ressource essentielle pour les voyageuses, voyageurs et expatri\u00e9\u00b7e\u00b7s souhaitant d\u00e9couvrir l\u2019un des plus beaux villages de France.<\/p>\n","protected":false},"author":1,"featured_media":8161,"comment_status":"closed","ping_status":"closed","sticky":false,"template":"","format":"standard","meta":{"footnotes":""},"categories":[47],"tags":[198,188,180,100,189,200],"class_list":["post-8152","post","type-post","status-publish","format-standard","has-post-thumbnail","hentry","category-france","tag-play-mobile","tag-provence-verte","tag-provence-alpes-cote-dazur","tag-vacances-en-famille","tag-var-83","tag-villages-de-caractere-du-var","resize-featured-image"],"_links":{"self":[{"href":"https:\/\/www.the-travel-bunny.com\/fr\/wp-json\/wp\/v2\/posts\/8152","targetHints":{"allow":["GET"]}}],"collection":[{"href":"https:\/\/www.the-travel-bunny.com\/fr\/wp-json\/wp\/v2\/posts"}],"about":[{"href":"https:\/\/www.the-travel-bunny.com\/fr\/wp-json\/wp\/v2\/types\/post"}],"author":[{"embeddable":true,"href":"https:\/\/www.the-travel-bunny.com\/fr\/wp-json\/wp\/v2\/users\/1"}],"replies":[{"embeddable":true,"href":"https:\/\/www.the-travel-bunny.com\/fr\/wp-json\/wp\/v2\/comments?post=8152"}],"version-history":[{"count":11,"href":"https:\/\/www.the-travel-bunny.com\/fr\/wp-json\/wp\/v2\/posts\/8152\/revisions"}],"predecessor-version":[{"id":9247,"href":"https:\/\/www.the-travel-bunny.com\/fr\/wp-json\/wp\/v2\/posts\/8152\/revisions\/9247"}],"wp:featuredmedia":[{"embeddable":true,"href":"https:\/\/www.the-travel-bunny.com\/fr\/wp-json\/wp\/v2\/media\/8161"}],"wp:attachment":[{"href":"https:\/\/www.the-travel-bunny.com\/fr\/wp-json\/wp\/v2\/media?parent=8152"}],"wp:term":[{"taxonomy":"category","embeddable":true,"href":"https:\/\/www.the-travel-bunny.com\/fr\/wp-json\/wp\/v2\/categories?post=8152"},{"taxonomy":"post_tag","embeddable":true,"href":"https:\/\/www.the-travel-bunny.com\/fr\/wp-json\/wp\/v2\/tags?post=8152"}],"curies":[{"name":"wp","href":"https:\/\/api.w.org\/{rel}","templated":true}]}}