{"id":10592,"date":"2025-10-30T11:25:00","date_gmt":"2025-10-30T11:25:00","guid":{"rendered":"https:\/\/www.the-travel-bunny.com\/ro\/?p=10592"},"modified":"2025-11-03T10:52:32","modified_gmt":"2025-11-03T10:52:32","slug":"vizita-cotignac-ghid-turistic-provence","status":"publish","type":"post","link":"https:\/\/www.the-travel-bunny.com\/ro\/vizita-cotignac-ghid-turistic-provence\/","title":{"rendered":"Ghid complet Cotignac. Satul din Provence construit \u00een st\u00e2nc\u0103, cu t\u00e2rguri de gutui, miracole regale \u0219i pe\u0219teri trogloditice"},"content":{"rendered":"\n<div class=\"wp-block-columns is-layout-flex wp-container-core-columns-is-layout-9d6595d7 wp-block-columns-is-layout-flex\">\n<div class=\"wp-block-column is-vertically-aligned-top is-layout-flow wp-block-column-is-layout-flow\">\n<p><strong>Dup\u0103 o oprire frustrant\u0103 la Sillans-la-Cascade,<\/strong> care s-a terminat cu o parcare blocat\u0103 pentru autorulote \u0219i o curb\u0103 abrupt\u0103 pe care n-am \u00eendr\u0103znit s\u0103 o \u00eencerc\u0103m, <strong>am ajuns \u00een Cotignac \u00eentr-o dup\u0103-amiaz\u0103 v\u00e2ntoas\u0103 de octombrie<\/strong>. Drumul prin <strong><a href=\"https:\/\/www.the-travel-bunny.com\/ro\/eticheta\/var-83\/\" data-type=\"post_tag\" data-id=\"204\">Var<\/a><\/strong> p\u0103rea f\u0103r\u0103 sf\u00e2r\u0219it dup\u0103 ce am plecat din Sillans, unde fiecare loc de parcare p\u0103rea g\u00e2ndit pentru a \u021bine autorulotele la distan\u021b\u0103. C\u00e2nd am ajuns \u00een Cotignac Fran\u021ba, st\u00e2ncile de calcar str\u0103luceau auriu deasupra acoperi\u0219urilor din \u021bigl\u0103. Atmosfera s-a schimbat imediat. <strong>Sillans-la-Cascade p\u0103rea ostil vizitatorilor cu autorulot\u0103. Cotignac p\u0103rea deschis, calm \u0219i m\u00e2ndru \u00eentr-un mod lini\u0219tit<\/strong>. Chiar \u0219i \u00eenainte s\u0103 g\u0103sim un loc de parcare, am sim\u021bit c\u0103 acest sat are un alt ritm \u2013 mai lent, mai cald \u0219i mai generos cu vizitatorii.<\/p>\n\n\n\n<p><strong>Cotignac Provence se afl\u0103 \u00een inima regiunii <a href=\"https:\/\/www.the-travel-bunny.com\/ro\/eticheta\/provence-verte\/\" data-type=\"post_tag\" data-id=\"205\">Provence Verte<\/a>, \u00eentre Draguignan \u0219i canionul Verdon<\/strong>. Aproximativ 2.200 de locuitori tr\u0103iesc aici, la poalele <strong><em>Rocher de Cotignac<\/em><\/strong>, o st\u00e2nc\u0103 impresionant\u0103 de tuf lung\u0103 de 400 de metri \u0219i \u00eenalt\u0103 de 80, modelat\u0103 de-a lungul secolelor de <strong>r\u00e2ul Cassole<\/strong>, pe care localnicii l-au deviat \u00een secolul al XVIII-lea.<\/p>\n<\/div>\n\n\n\n<div class=\"wp-block-column is-vertically-aligned-top is-layout-flow wp-block-column-is-layout-flow\" style=\"flex-basis:55%\">\n<div class=\"wp-block-rank-math-toc-block\" id=\"rank-math-toc\"><h2>Ghid pentru a vizita Cotignac<\/h2><nav><ul><li class=\"\"><a href=\"#getting-to-cotignac-france-why-we-skipped-sillans-la-cascade\">Cum ajungi la Cotignac. De ce am plecat din Sillans-la-Cascade<\/a><\/li><li class=\"\"><a href=\"#first-impressions-after-arriving-in-cotignac-by-camper\">Primele impresii dup\u0103 sosirea \u00een Cotignac cu autorulota<\/a><\/li><li class=\"\"><a href=\"#our-saturday-visit-to-cotignac-fete-du-coing-preparations-village-walk\">Vizita de s\u00e2mb\u0103t\u0103 \u00een Cotignac. Preg\u0103tirile pentru F\u00eate du Coing &amp; plimbarea prin sat<\/a><\/li><li class=\"\"><a href=\"#sunday-morning-hiking-visiting-cotignac-troglodyte-caves\">Duminic\u0103 \u00een Cotignac. Drume\u021bie \u0219i vizit\u0103 la pe\u0219terile trogloditice Cotignac<\/a><\/li><li class=\"\"><a href=\"#market-village-life-during-the-fete-du-coing\">Via\u021ba satului \u00een timpul F\u00eate du Coing<\/a><\/li><li class=\"\"><a href=\"#second-attempt-to-visit-the-waterfall\">A doua drume\u021bie la Cascade Cassole \/ Gouffre de Cotignac<\/a><\/li><li class=\"\"><a href=\"#the-sanctuary-of-notre-dame-de-graces\">Sanctuarul Notre-Dame de Gr\u00e2ces Cotignac<\/a><\/li><li class=\"\"><a href=\"#afternoon-surprise-equestrian-show-at-the-fete-du-coing\">Supriza de dup\u0103-amiaz\u0103. Spectacol ecvestru la F\u00eate du Coing<\/a><\/li><li class=\"\"><a href=\"#sunday-evening-wind-down-and-return-via-carces\">Duminic\u0103 seara, relaxare \u0219i \u00eentoarcere prin Carc\u00e8s<\/a><\/li><li class=\"\"><a href=\"#practical-cotignac-travel-guide\">Ghid turistic Cotignac<\/a><\/li><li class=\"\"><a href=\"#day-trips-and-nearby-villages\">Excursii de o zi din Cotignac &amp; sate din apropiere \u00een Provence<\/a><\/li><li class=\"\"><a href=\"#cotignac-guide-for-camper-travelers-real-tips-from-the-road\">Ghid Cotignac pentru c\u0103l\u0103torii cu autorulota. Sfaturi de drum<\/a><\/li><li class=\"\"><a href=\"#traveling-with-kids-in-cotignac\">C\u0103l\u0103torind cu copii \u00een Cotignac<\/a><\/li><li class=\"\"><a href=\"#cotignac-culture-history-highlights\">Cultura &amp; istoria din Cotignac<\/a><\/li><li class=\"\"><a href=\"#photography-best-viewpoints-cotignac\">Fotografie \u0219i cele mai bune puncte de belvedere \u00een Cotignac<\/a><\/li><li class=\"\"><a href=\"#visit-cotignac-faq\">\u00centreb\u0103ri frecvente despre vizit\u0103 Cotignac<\/a><\/li><li class=\"\"><a href=\"#why-cotignac-stays-with-you\">De ce o vizit\u0103 Cotignac r\u0103m\u00e2ne cu tine<\/a><\/li><li class=\"\"><a href=\"#despre-autoare\">Despre autoare<\/a><\/li><\/ul><\/nav><\/div>\n<\/div>\n<\/div>\n\n\n\n<p>St\u00e2nca ad\u0103poste\u0219te case s\u0103pate \u00een piatr\u0103 \u0219i alei \u00eenguste care urc\u0103 spre <strong>turnurile sarazine Cotignac<\/strong>. <strong>Din 2022, satul poart\u0103 eticheta <em>Plus Beaux Villages de France<\/em><\/strong>, o distinc\u021bie care \u00eei recunoa\u0219te frumuse\u021bea, dar nu-i schimb\u0103 firea. Este \u00eenc\u0103 un sat viu, locuit, nu un muzeu.<\/p>\n\n\n\n<p><strong>Acest ghid Cotignac se bazeaz\u0103 pe propria mea experien\u021b\u0103 de weekend<\/strong>: o c\u0103l\u0103torie cu autorulota, al\u0103turi de un copil mic, f\u0103r\u0103 planuri stricte, doar dorin\u021ba de a descoperi. \u00ce\u021bi voi ar\u0103ta pas cu pas cum s\u0103 vizitezi Cotignac, unde s\u0103 parchezi dac\u0103 ai un vehicul mare, la ce s\u0103 te a\u0219tep\u021bi pe traseul Balade du Rocher, cum se ajunge la pe\u0219terile trogloditice Cotignac, \u0219i unde g\u0103se\u0219ti m\u00e2ncare autentic\u0103 la pre\u021buri corecte.<\/p>\n\n\n\n<p><strong>Vei vedea pia\u021ba din Cotignac prin ochii localnicilor, vei gusta lichior de gutui la F\u00eate du Coing, \u0219i vei urca la sanctuarul Notre-Dame de Gr\u00e2ces sau Saint-Joseph du Bessillon<\/strong>, dou\u0103 locuri de pelerinaj Cotignac care dau suflet acestui sat din Provence Verte. Am inclus \u0219i detaliile practice pe care mi-ar fi pl\u0103cut s\u0103 le \u0219tiu dinainte: locurile de campare mai pu\u021bin nivelate, momentele zilei cu cea mai bun\u0103 lumin\u0103 pe st\u00e2nc\u0103, \u0219i diferen\u021bele dintre parc\u0103rile gratuite Cotignac.<\/p>\n\n\n\n<p>Dac\u0103 pl\u0103nuie\u0219ti o <strong>vizit\u0103 Cotignac<\/strong> sau cau\u021bi o baz\u0103 de explorare \u00een <strong>Cotignac Var<\/strong>, acest ghid \u00eembin\u0103 observa\u021bii personale cu informa\u021bii precise. Vei afla despre istoria Cotignac, despre <strong>patrimoniul trogloditic<\/strong> \u0219i despre povestea r\u00e2ului Cassole, care a modelat satul. Vei \u00een\u021belege de ce <strong>satul trogloditic Cotignac<\/strong> continu\u0103 s\u0103 atrag\u0103 c\u0103l\u0103tori care caut\u0103 frumuse\u021be cu semnifica\u021bie.<\/p>\n\n\n\n<p>Indiferent dac\u0103 vii pentru o zi, un <strong>weekend \u00een Cotignac<\/strong> sau un <strong>sejur mai lung \u00een Provence Verte<\/strong>, aici vei g\u0103si <strong>sfaturi oneste, recomand\u0103ri practice \u0219i experien\u021be tr\u0103ite personal<\/strong>. Cu alte cuvinte, tot ce ai nevoie pentru a explora <strong>unul dintre <a href=\"https:\/\/www.les-plus-beaux-villages-de-france.org\/fr\/\" target=\"_blank\" rel=\"noreferrer noopener\">cele mai frumoase sate din Fran\u021ba<\/a><\/strong> cu \u00eencredere \u0219i curiozitate.<\/p>\n\n\n\n<p class=\"has-pale-cyan-blue-background-color has-background has-small-font-size\"><strong>Not\u0103:<\/strong>\u00a0Unele dintre linkurile de mai jos sunt linkuri c\u0103tre ofertele partenerilor mei.\u00a0Aceasta \u00eenseamn\u0103 c\u0103, f\u0103r\u0103 costuri suplimentare pentru tine, The Travel Bunny va c\u00e2\u0219tiga un mic comision dac\u0103 achizi\u021bionezi un produs.\u00a0Mul\u021bumesc!<\/p>\n\n\n\n<hr class=\"wp-block-separator has-alpha-channel-opacity\"\/>\n\n\n\n<figure class=\"wp-block-image size-full\"><img loading=\"lazy\" decoding=\"async\" width=\"792\" height=\"294\" src=\"https:\/\/www.the-travel-bunny.com\/ro\/wp-content\/uploads\/sites\/2\/2025\/11\/vizita-Cotignac-ghid-calatorie-Provence-Verte-turism-Franta.jpg\" alt=\"vizita cotignac ghid turistic Provence Verte. Vedere panoramic\u0103 asupra satului Cotignac Provence Verte, cu case din piatr\u0103, acoperi\u0219uri din \u021bigl\u0103 \u0219i coline verzi \u00een fundal\" class=\"wp-image-10604\" title=\"\" srcset=\"https:\/\/www.the-travel-bunny.com\/ro\/wp-content\/uploads\/sites\/2\/2025\/11\/vizita-Cotignac-ghid-calatorie-Provence-Verte-turism-Franta.jpg 792w, https:\/\/www.the-travel-bunny.com\/ro\/wp-content\/uploads\/sites\/2\/2025\/11\/vizita-Cotignac-ghid-calatorie-Provence-Verte-turism-Franta-300x111.jpg 300w, https:\/\/www.the-travel-bunny.com\/ro\/wp-content\/uploads\/sites\/2\/2025\/11\/vizita-Cotignac-ghid-calatorie-Provence-Verte-turism-Franta-768x285.jpg 768w\" sizes=\"auto, (max-width: 792px) 100vw, 792px\" \/><figcaption class=\"wp-element-caption\"><em>Privind Cotignac, Fran\u021ba, panorama se \u00eentinde de la campanila Cotignac p\u00e2n\u0103 la livezile de m\u0103slini \u0219i podgoriile care se pierd \u00een dealurile Provence Verte. Este o priveli\u0219te atemporal\u0103 care surprinde c\u0103ldura \u0219i autenticitatea acestui sat clasat printre cele mai frumoase sate din Fran\u021ba.<\/em><\/figcaption><\/figure>\n\n\n\n<h2 class=\"wp-block-heading\" id=\"getting-to-cotignac-france-why-we-skipped-sillans-la-cascade\">Cum ajungi la Cotignac. De ce am plecat din Sillans-la-Cascade<\/h2>\n\n\n\n<p><strong>Ajungi u\u0219or la Cotignac<\/strong> atunci c\u00e2nd \u0219tii la ce s\u0103 te a\u0219tep\u021bi. Satul se afl\u0103 \u00een inima Provence Verte, <strong>\u00eentre Draguignan \u0219i canionul Verdon<\/strong>, \u00eenconjurat de podgorii, livezi de m\u0103slini \u0219i drumuri de \u021bar\u0103 \u0219erpuite. Cea mai bun\u0103 op\u021biune este <strong>s\u0103 conduci la Cotignac<\/strong>, deoarece nu exist\u0103 tren direct. Cei mai mul\u021bi c\u0103l\u0103tori ajung aici cu ma\u0219ina sau cu autorulota, dup\u0103 ce aterizeaz\u0103 pe <strong>cel mai apropiat aeroport de Cotignac<\/strong>, Marsilia sau Nisa, ambele la aproximativ dou\u0103 ore distan\u021b\u0103.<\/p>\n\n\n\n<p><strong>Drumul este pl\u0103cut \u0219i pitoresc<\/strong>, dar dac\u0103 vrei s\u0103 explorezi \u00een autorulot\u0103 sau van, e important s\u0103 \u0219tii care sunt restric\u021biile de parcare \u00een satele provensale. Aici a \u00eenceput weekendul nostru s\u0103 devin\u0103 imprevizibil, \u00eenainte ca Cotignac Var s\u0103 ne cucereasc\u0103 definitiv.<\/p>\n\n\n\n<div style=\"height:10px\" aria-hidden=\"true\" class=\"wp-block-spacer\"><\/div>\n\n\n\n<h3 class=\"wp-block-heading\" id=\"our-camper-start-from-bagnols-en-foret\">Drumul cu autorulota din Bagnols-en-For\u00eat<\/h3>\n\n\n\n<p>Am plecat din <strong><span style=\"text-decoration: underline;\">Bagnols-en-For\u00eat<\/span><\/strong> \u00een autorulota noastr\u0103 de 7 metri, bine aproviziona\u021bi dup\u0103 o oprire \u00eentr-o zon\u0103 comercial\u0103 din <strong>Draguignan<\/strong>, pentru cump\u0103r\u0103turi \u0219i bomboane de Halloween. Planul era simplu: s\u0103 vizit\u0103m <strong>Sillans-la-Cascade<\/strong>, s\u0103 facem celebrul traseu spre <strong>cascada Sillans<\/strong>, s\u0103 petrecem noaptea \u00een apropierea satului \u0219i s\u0103 continu\u0103m spre <strong>Cotignac Provence<\/strong> a doua zi.<\/p>\n\n\n\n<p>Drumul prin <strong><a href=\"https:\/\/www.the-travel-bunny.com\/ro\/eticheta\/provence-alpes-cote-dazur\/\" data-type=\"post_tag\" data-id=\"198\">Provence<\/a><\/strong> a fost lini\u0219tit, iar cu soarele \u00eenc\u0103 sus pe cer, eram siguri c\u0103 parcarea l\u00e2ng\u0103 cascad\u0103 va fi la fel de u\u0219oar\u0103. \u00cen fond, <strong>majoritatea opririlor pentru c\u0103l\u0103torii cu autorulota \u00een Fran\u021ba sunt u\u0219or accesibile \u00een afara sezonului de v\u00e2rf<\/strong>. Ce nu \u0219tiam era c\u0103 <strong>parcarea din Sillans-la-Cascade<\/strong> avea s\u0103 ne pun\u0103 r\u0103bdarea la \u00eencercare.<\/p>\n\n\n\n<hr class=\"wp-block-separator has-alpha-channel-opacity is-style-dots\"\/>\n\n\n\n<h3 class=\"wp-block-heading\" id=\"why-we-moved-on\">De ce am renun\u021bat la Sillans-la-Cascade<\/h3>\n\n\n\n<p>P\u00e2n\u0103 spre sear\u0103, farmecul din <strong>Sillans-la-Cascade<\/strong> disp\u0103ruse \u00een spatele semnelor ro\u0219ii \u0219i albe cu <em>interzis autorulote<\/em>. <strong>Place du 8 Mai 1945 \u0219i Parking Cascade<\/strong> erau \u00eenchise pentru vehicule mari. Singura op\u021biune r\u0103mas\u0103, <strong>Parking du Village<\/strong>, permitea teoretic accesul autorulotelor, dar ascundea un obstacol serios: cobor\u00e2rea u\u0219oar\u0103 fusese blocat\u0103 cu o piatr\u0103 uria\u0219\u0103, iar singura cale liber\u0103 era un segment de drum rupt, care cobora la un unghi de 90 de grade. Am evaluat situa\u021bia, am respirat ad\u00e2nc \u0219i am f\u0103cut cale \u00eentoars\u0103. <strong>Totul \u00een Sillans-la-Cascade p\u0103rea g\u00e2ndit s\u0103 \u021bin\u0103 autorulotele departe<\/strong>. Dup\u0103 o or\u0103 pierdut\u0103 \u00een cercuri, am decis s\u0103 o ocolim complet.<\/p>\n\n\n\n<p class=\"has-extra-info-background-color has-background\"><strong>Vehiculele mari ar trebui s\u0103 evite parc\u0103rile din Sillans-la-Cascade<\/strong>. Alege \u00een schimb s\u0103 te bazezi \u00een Cotignac, care prime\u0219te cu bra\u021bele deschise c\u0103l\u0103torii \u00een autorulot\u0103 \u0219i ofer\u0103 mai multe spa\u021bii sigure de parcare \u00een afara satului. Po\u021bi face apoi traseul spre cascada Sillans \u00eentr-o excursie de o zi, dup\u0103 ce te-ai instalat confortabil. Pentru cei care vin din Marsilia, Nisa sau Aix-en-Provence, ideal este s\u0103 ajungi la Cotignac cu autorulota \u00eenainte de sear\u0103, ca s\u0103 prinzi un loc plat \u0219i lini\u0219tit. Este cea mai \u00een\u021beleapt\u0103 alegere pentru oricine tr\u0103ie\u0219te experien\u021ba de vanlife Provence sau pl\u0103nuie\u0219te o c\u0103l\u0103torie lent\u0103 prin sudul Fran\u021bei.<\/p>\n\n\n\n<hr class=\"wp-block-separator has-alpha-channel-opacity\"\/>\n\n\n\n<figure class=\"wp-block-image size-full\"><img loading=\"lazy\" decoding=\"async\" width=\"792\" height=\"294\" src=\"https:\/\/www.the-travel-bunny.com\/ro\/wp-content\/uploads\/sites\/2\/2025\/11\/Le-Tailleur-de-Biere-Cotignac-bar-artizanal-Provence-Verte.jpg\" alt=\"Intrarea \u00een Le Tailleur de Bi\u00e8re Cotignac, bar artizanal amenajat \u00eentr-o cl\u0103dire din piatr\u0103 din Cotignac Provence Verte, cu poart\u0103 de fier forjat \u0219i teras\u0103 rustic\u0103\" class=\"wp-image-10606\" title=\"\" srcset=\"https:\/\/www.the-travel-bunny.com\/ro\/wp-content\/uploads\/sites\/2\/2025\/11\/Le-Tailleur-de-Biere-Cotignac-bar-artizanal-Provence-Verte.jpg 792w, https:\/\/www.the-travel-bunny.com\/ro\/wp-content\/uploads\/sites\/2\/2025\/11\/Le-Tailleur-de-Biere-Cotignac-bar-artizanal-Provence-Verte-300x111.jpg 300w, https:\/\/www.the-travel-bunny.com\/ro\/wp-content\/uploads\/sites\/2\/2025\/11\/Le-Tailleur-de-Biere-Cotignac-bar-artizanal-Provence-Verte-768x285.jpg 768w\" sizes=\"auto, (max-width: 792px) 100vw, 792px\" \/><figcaption class=\"wp-element-caption\"><em>Am z\u00e2mbit c\u00e2nd am v\u0103zut Le Tailleur de Bi\u00e8re. Jocul de cuvinte dintre <em>pierre<\/em> (piatr\u0103) \u0219i <em>bi\u00e8re<\/em> (bere) e genial, dar pentru noi a avut \u0219i o rezonan\u021b\u0103 personal\u0103, fiind o trimitere direct\u0103 la numele nostru de familie, <em>Letailleur<\/em>.<\/em><\/figcaption><\/figure>\n\n\n\n<h2 class=\"wp-block-heading\" id=\"first-impressions-after-arriving-in-cotignac-by-camper\">Primele impresii dup\u0103 sosirea \u00een Cotignac cu autorulota<\/h2>\n\n\n\n<p>Din clipa \u00een care am ajuns \u00een <strong>Cotignac Provence<\/strong>, atmosfera s-a schimbat complet. Dup\u0103 ore \u00eentregi pierdute printre curbe str\u00e2mte \u0219i por\u021bi \u00eenchise la Sillans-la-Cascade, <strong>escapada de weekend \u00een Provence<\/strong> a \u00eenceput, \u00een sf\u00e2r\u0219it, s\u0103 prind\u0103 sens. Prima imagine a fost cu st\u00e2ncile de deasupra satului, sc\u0103ldate \u00een lumina aurie a soarelui de amiaz\u0103. Atunci am \u00een\u021beles de ce a fost inclus pe lista <strong>celor mai frumoase sate din Fran\u021ba<\/strong> \u00een 2022.<\/p>\n\n\n\n<p>S\u0103 ajungi \u00een <strong>Cotignac cu autorulota<\/strong> e o adev\u0103rat\u0103 u\u0219urare, un sentiment pe care \u00eel \u00eemp\u0103rt\u0103\u0219e\u0219te orice c\u0103l\u0103tor care a str\u0103b\u0103tut Provence \u00een c\u0103utarea unui loc drept \u0219i sigur unde s\u0103 parcheze.<\/p>\n\n\n\n<div style=\"height:10px\" aria-hidden=\"true\" class=\"wp-block-spacer\"><\/div>\n\n\n\n<h3 class=\"wp-block-heading\" id=\"parking-reality\">Parcare \u00een Cotignac<\/h3>\n\n\n\n<p>S\u0103 g\u0103se\u0219ti <strong>parcare \u00een Cotignac Var<\/strong> cere r\u0103bdare \u0219i un strop de informa\u021bie local\u0103. Satul are mai multe parc\u0103ri oficiale, \u00eens\u0103 multe sunt mici \u0219i\/sau au <strong>limit\u0103 de \u00een\u0103l\u021bime de 2 m<\/strong>, ceea ce le face inaccesibile pentru majoritatea autorulotelor. <strong>Parcarea Lauron Cotignac<\/strong> (Parking 634 Lauron), o zon\u0103 mare de pietri\u0219 aflat\u0103 l\u00e2ng\u0103 intrarea de jos \u00een sat, e de obicei cea mai bun\u0103 op\u021biune. Ar fi trebuit s\u0103 fie deschis\u0103 p\u00e2n\u0103 pe 24 octombrie, dar la momentul vizitei noastre era \u00eenc\u0103 \u00eenchis\u0103, din motive necunoscute.<\/p>\n\n\n\n<p>O alt\u0103 alegere convenabil\u0103 e <strong>parcarea Oficiului de Turism Cotignac<\/strong>, \u00eens\u0103 \u0219i aceasta este limitat\u0103 la vehicule sub doi metri \u00een\u0103l\u021bime. \u00cen rest, ar fi fost perfect\u0103: e lini\u0219tit\u0103, plan\u0103 \u0219i \u00eenconjurat\u0103 de copaci.<\/p>\n\n\n\n<p>P\u00e2n\u0103 la urm\u0103, ne-am g\u0103sit locul la <strong>867 Chemin de la Colle<\/strong>, listat pe <strong>Park4Night Cotignac<\/strong>. Se afl\u0103 la aproximativ cincisprezece minute de mers pe jos p\u00e2n\u0103 \u00een sat, \u00eentr-o zon\u0103 verde, aproape de drum \u0219i de c\u00e2teva case. Nu existau semne care s\u0103 interzic\u0103 oprirea peste noapte \u0219i nimeni nu a f\u0103cut verific\u0103ri pe durata sejurului nostru.<\/p>\n\n\n\n<p>Am parcat c\u00e2t mai drept posibil, de\u0219i <strong>terenul era u\u0219or denivelat<\/strong>. Autorulota se \u00eenclina pu\u021bin, astfel \u00eenc\u00e2t picioarele ne erau mai sus dec\u00e2t capul \u00een timpul somnului, dar dup\u0103 haosul din Sillans, nu ne mai p\u0103sa.<\/p>\n\n\n\n<p>De\u0219i locul e l\u00e2ng\u0103 drum, <strong>traficul este redus \u00een afara sezonului, mai ales \u00een weekenduri<\/strong>. Aerul mirosea a pin \u0219i a fum de lemn, iar pentru prima dat\u0103 \u00een acea zi, ne-am putut relaxa. A fost o mic\u0103 recompens\u0103 pentru toat\u0103 perseveren\u021ba de p\u00e2n\u0103 atunci.<\/p>\n\n\n\n<p class=\"has-extra-info-background-color has-background\"><strong>Sfat local Cotignac<\/strong>: Ajungi \u00eenainte de ora 17:00 ca s\u0103 g\u0103se\u0219ti loc de parcare, mai ales \u00een weekenduri sau \u00een timpul evenimentelor precum F\u00eate du Coing, celebrul festival al gutuilor din Cotignac. Parc\u0103rile din sat se umplu rapid dup\u0103 ce sosesc localnicii pentru cin\u0103 sau pentru concertele de sear\u0103 din Cotignac.<\/p>\n\n\n\n<hr class=\"wp-block-separator has-alpha-channel-opacity\"\/>\n\n\n\n<figure class=\"wp-block-image size-full\"><img loading=\"lazy\" decoding=\"async\" width=\"792\" height=\"796\" src=\"https:\/\/www.the-travel-bunny.com\/ro\/wp-content\/uploads\/sites\/2\/2025\/11\/Strazi-Cotignac-toamna-Provence-Verte-Franta.jpg\" alt=\"Str\u0103zi \u00eenguste \u0219i case acoperite de ieder\u0103 \u00een Cotignac Provence Verte, decorate \u00een culorile toamnei, cu f\u00e2nt\u00e2n\u0103 de piatr\u0103 \u0219i detalii artistice locale\" class=\"wp-image-10607\" title=\"\" srcset=\"https:\/\/www.the-travel-bunny.com\/ro\/wp-content\/uploads\/sites\/2\/2025\/11\/Strazi-Cotignac-toamna-Provence-Verte-Franta.jpg 792w, https:\/\/www.the-travel-bunny.com\/ro\/wp-content\/uploads\/sites\/2\/2025\/11\/Strazi-Cotignac-toamna-Provence-Verte-Franta-298x300.jpg 298w, https:\/\/www.the-travel-bunny.com\/ro\/wp-content\/uploads\/sites\/2\/2025\/11\/Strazi-Cotignac-toamna-Provence-Verte-Franta-150x150.jpg 150w, https:\/\/www.the-travel-bunny.com\/ro\/wp-content\/uploads\/sites\/2\/2025\/11\/Strazi-Cotignac-toamna-Provence-Verte-Franta-768x772.jpg 768w\" sizes=\"auto, (max-width: 792px) 100vw, 792px\" \/><figcaption class=\"wp-element-caption\"><em>O plimbare t\u00e2rzie prin centrul vechi din Cotignac dezv\u0103luie fa\u021bade acoperite de ieder\u0103, pasaje boltite \u0219i f\u00e2nt\u00e2ni lini\u0219tite ce str\u0103lucesc \u00een lumina de toamn\u0103. Fiecare col\u021b din satul trogloditic Cotignac pare o p\u00e2nz\u0103 vie a farmecului \u0219i creativit\u0103\u021bii provensale.<\/em><\/figcaption><\/figure>\n\n\n\n<h2 class=\"wp-block-heading\" id=\"our-saturday-visit-to-cotignac-fete-du-coing-preparations-village-walk\">Vizita de s\u00e2mb\u0103t\u0103 \u00een Cotignac. Preg\u0103tirile pentru F\u00eate du Coing &amp; plimbarea prin sat<\/h2>\n\n\n\n<p>A ajunge \u00een <strong>Provence toamna<\/strong> \u00eenseamn\u0103 zile mai scurte, lumin\u0103 aurie \u0219i o lini\u0219te care face ca satele mici s\u0103 par\u0103 \u0219i mai vii. Cotignac Provence se preg\u0103tea pentru celebra <strong>F\u00eate du Coing, festivalul anual al gutuilor din Provence<\/strong>, care \u00een fiecare octombrie umple aleile cu tarabe, muzic\u0103 \u0219i miros de fructe care fierb \u00eencet.<\/p>\n\n\n\n<p>Pentru edi\u021bia din 2025, programat\u0103 \u00een weekendul 26-27 octombrie, satul Cotignac Var era deja plin de energie s\u00e2mb\u0103t\u0103 seara. <strong>Cours Gambetta Cotignac<\/strong> era aliniat cu mese pliabile, corturi \u0219i gr\u0103mezi de l\u0103zi din lemn preg\u0103tite pentru <strong>pia\u021ba de duminic\u0103<\/strong>. Voluntarii c\u0103rau cutii, iar comercian\u021bii at\u00e2rnau bannere, cre\u00e2nd acea a\u0219teptare t\u0103cut\u0103 pe care doar satele mici din Provence Verte o \u0219tiu construi.<\/p>\n\n\n\n<div style=\"height:10px\" aria-hidden=\"true\" class=\"wp-block-spacer\"><\/div>\n\n\n\n<figure class=\"wp-block-image size-full\"><img loading=\"lazy\" decoding=\"async\" width=\"792\" height=\"829\" src=\"https:\/\/www.the-travel-bunny.com\/ro\/wp-content\/uploads\/sites\/2\/2025\/11\/Plimbare-sub-stanca-Rocher-de-Cotignac-Provence-Verte.jpg\" alt=\"Imagini din plimbarea Balade du Rocher Cotignac, cu str\u0103du\u021be pavate, f\u00e2nt\u00e2ni vechi \u0219i case din piatr\u0103 ascunse sub st\u00e2nca Rocher de Cotignac \u00een Provence Verte\" class=\"wp-image-10608\" title=\"\" srcset=\"https:\/\/www.the-travel-bunny.com\/ro\/wp-content\/uploads\/sites\/2\/2025\/11\/Plimbare-sub-stanca-Rocher-de-Cotignac-Provence-Verte.jpg 792w, https:\/\/www.the-travel-bunny.com\/ro\/wp-content\/uploads\/sites\/2\/2025\/11\/Plimbare-sub-stanca-Rocher-de-Cotignac-Provence-Verte-287x300.jpg 287w, https:\/\/www.the-travel-bunny.com\/ro\/wp-content\/uploads\/sites\/2\/2025\/11\/Plimbare-sub-stanca-Rocher-de-Cotignac-Provence-Verte-768x804.jpg 768w\" sizes=\"auto, (max-width: 792px) 100vw, 792px\" \/><figcaption class=\"wp-element-caption\"><em>Merg\u00e2nd sub Rocher de Cotignac, am urmat alei pietruite umbrite de smochini \u0219i vi\u021b\u0103-de-vie, trec\u00e2nd pe l\u00e2ng\u0103 f\u00e2nt\u00e2ni Cotignac \u0219i terase de piatr\u0103. St\u00e2nca se ridic\u0103 impun\u0103toare deasupra satului, amintindu-\u021bi cum natura \u0219i via\u021ba local\u0103 \u00eempart de secole acela\u0219i spa\u021biu provensal.<\/em><\/figcaption><\/figure>\n\n\n\n<h3 class=\"wp-block-heading\" id=\"wandering-under-the-cliff-at-sunset\">Plimbare sub Rocher de Cotignac<\/h3>\n\n\n\n<p>Am r\u0103t\u0103cit pe aleile aflate sub st\u00e2nca de tuf, \u00een timp ce soarele cobora peste peretele calcaros. Piatra s-a colorat \u00een portocaliu, aerul s-a r\u0103corit, iar la fiecare col\u021b ap\u0103rea c\u00e2te un afi\u0219 nou pentru <strong>festivalul gutuilor Cotignac<\/strong>. Familiile st\u0103teau la pove\u0219ti \u00een fa\u021ba cafenelelor, iar copiii alergau printre mesele preg\u0103tite pentru osp\u0103\u021bul de duminic\u0103. Atmosfera era festiv\u0103, dar relaxat\u0103, ca \u0219i cum \u00eentregul sat \u00ee\u0219i \u021binea respira\u021bia \u00eenainte de marele eveniment. <strong>A\u0219a arat\u0103 <a href=\"https:\/\/www.the-travel-bunny.com\/ro\/cele-mai-bune-vacante-de-toamna\/\" data-type=\"post\" data-id=\"1063\">toamna \u00een Provence<\/a> departe de coast\u0103<\/strong>: autentic\u0103, lini\u0219tit\u0103 \u0219i plin\u0103 de tradi\u021bii vii.<\/p>\n\n\n\n<hr class=\"wp-block-separator has-alpha-channel-opacity is-style-dots\"\/>\n\n\n\n<h3 class=\"wp-block-heading\" id=\"the-smell-of-vin-chaud-de-coing\">Vise cu <em>vin blanc chaud au coing<\/em><\/h3>\n\n\n\n<p>\u00cen fa\u021ba <strong>Bar Le Marigny Cotignac<\/strong>, Mathieu a z\u0103rit un afi\u0219 care anun\u021ba <em>vin blanc chaud au coing<\/em> \u2013 vin alb fiert cu mirodenii \u0219i gutui locale. Barmanul a z\u00e2mbit \u0219i ne-a spus c\u0103 \u00eenc\u0103 fierbe \u0219i va fi gata abia a doua zi. Chiar \u0219i f\u0103r\u0103 s\u0103-l gust\u0103m, momentul a surprins perfect <strong>via\u021ba de toamn\u0103 \u00een Cotignac<\/strong>, r\u0103bd\u0103toare, simpl\u0103 \u0219i dedicat\u0103 lucrurilor f\u0103cute ca alt\u0103dat\u0103.<\/p>\n\n\n\n<hr class=\"wp-block-separator has-alpha-channel-opacity is-style-dots\"\/>\n\n\n\n<figure class=\"wp-block-image size-full\"><img loading=\"lazy\" decoding=\"async\" width=\"792\" height=\"889\" src=\"https:\/\/www.the-travel-bunny.com\/ro\/wp-content\/uploads\/sites\/2\/2025\/11\/Magazine-locale-Les-Vignerons-de-Cotignac-Provence-Verte.jpg\" alt=\"Str\u0103zi colorate \u0219i magazine locale din Cotignac Provence Verte, inclusiv brut\u0103ria, m\u0103cel\u0103ria, flor\u0103ria \u0219i panoul Les Vignerons de Cotignac pentru degustare de vinuri provensale\" class=\"wp-image-10609\" title=\"\" srcset=\"https:\/\/www.the-travel-bunny.com\/ro\/wp-content\/uploads\/sites\/2\/2025\/11\/Magazine-locale-Les-Vignerons-de-Cotignac-Provence-Verte.jpg 792w, https:\/\/www.the-travel-bunny.com\/ro\/wp-content\/uploads\/sites\/2\/2025\/11\/Magazine-locale-Les-Vignerons-de-Cotignac-Provence-Verte-267x300.jpg 267w, https:\/\/www.the-travel-bunny.com\/ro\/wp-content\/uploads\/sites\/2\/2025\/11\/Magazine-locale-Les-Vignerons-de-Cotignac-Provence-Verte-768x862.jpg 768w\" sizes=\"auto, (max-width: 792px) 100vw, 792px\" \/><figcaption class=\"wp-element-caption\"><em>\u00cen drum spre autorulot\u0103, am trecut pe l\u00e2ng\u0103 magazinele colorate din Cotignac, boulangeria, boucheria \u0219i panoul Les Vignerons de Cotignac care \u00eei invit\u0103 pe vizitatori s\u0103 guste vinuri din Provence. Str\u0103du\u021bele lini\u0219tite la apus p\u0103reau \u00eencheierea perfect\u0103 a primei noastre zile \u00een Provence.<\/em><\/figcaption><\/figure>\n\n\n\n<h3 class=\"wp-block-heading\" id=\"evening-in-the-camper\">Seara \u00een autorulot\u0103<\/h3>\n\n\n\n<p>C\u00e2nd s-a l\u0103sat \u00eentunericul, ne-am \u00eentors la <strong>autorulota parcat\u0103 la marginea satului Cotignac<\/strong>. Cina a fost rapid\u0103 \u0219i t\u0103cut\u0103, un mic <em>ap\u00e9ro dinatoire<\/em> cu produse cump\u0103rate din Draguignan.<\/p>\n\n\n\n<p><strong>Somnul lui Willy<\/strong> a devenit un mic ritual \u00een sine. Dup\u0103 ce a crescut \u0219i nu mai \u00eencape \u00een p\u0103tu\u021bul de bebelu\u0219 cump\u0103rat pentru autorulot\u0103, doarme acum \u00eentr-un <strong>cort pentru copii<\/strong>. Acesta e a\u0219ezat deasupra canapelelor din salon, transformate \u00een al doilea pat pentru noapte, \u00een timp ce noi ne instal\u0103m \u00een patul din spate. Mathieu glume\u0219te mereu c\u0103 face camping \u00een camper.<\/p>\n\n\n\n<p>Pentru noi, momentul a fost <strong>important<\/strong>, pentru c\u0103 era prima dat\u0103 c\u00e2nd adormea f\u0103r\u0103 ca tata s\u0103 stea l\u00e2ng\u0103 cortul lui. Faptul c\u0103 \u0219tia c\u0103 suntem aproape i-a fost suficient. \u0218i nou\u0103 ne-a r\u0103mas timp s\u0103 vedem un episod din <em>Wayward<\/em> pe Netflix, \u00een c\u0103\u0219ti, \u00eenainte s\u0103 adormim \u0219i noi.<\/p>\n\n\n\n<p class=\"has-extra-info-background-color has-background\"><strong>Sfaturi de c\u0103l\u0103torie Cotignac<\/strong>: Dac\u0103 vizitezi Cotignac \u00een timpul festivalului gutuilor F\u00eate du Coing Cotignac, parcheaz\u0103 \u00een afara centrului. Majoritatea parc\u0103rilor centrale devin zone pentru tarabe \u0219i evenimente. Plimbarea p\u00e2n\u0103 \u00een sat e scurt\u0103 \u0219i pl\u0103cut\u0103, iar a\u0219a evi\u021bi blocajele cauzate de pia\u021ba artizanal\u0103 din Cotignac.<\/p>\n\n\n\n<p>\u00cen acea noapte, Cotignac a p\u0103rut <strong>baza perfect\u0103 pentru slow travel \u00een Provence Verte<\/strong>. Bannerele festivalului se leg\u0103nau u\u0219or \u00een v\u00e2nt, iar Rocher de Cotignac veghea deasupra satului, auriu \u0219i t\u0103cut sub luminile stradale.<\/p>\n\n\n\n<hr class=\"wp-block-separator has-alpha-channel-opacity\"\/>\n\n\n\n<h2 class=\"wp-block-heading\" id=\"sunday-morning-hiking-visiting-cotignac-troglodyte-caves\">Duminic\u0103 \u00een Cotignac. Drume\u021bie \u0219i vizit\u0103 la pe\u0219terile trogloditice Cotignac<\/h2>\n\n\n\n<p>Diminea\u021ba \u00een Cotignac Fran\u021ba, a \u00eenceput lini\u0219tit. Pia\u021ba satului era deja plin\u0103 de via\u021b\u0103, \u00eens\u0103 majoritatea vizitatorilor se preg\u0103teau \u00eenc\u0103 pentru festivalul gutuilor F\u00eate du Coing. Pentru noi, planul era clar: o drume\u021bie matinal\u0103 \u00eenainte de aglomera\u021bie \u0219i o <strong>vizit\u0103 la pe\u0219terile trogloditice Cotignac<\/strong>, un loc emblematic pentru acest sat trogloditic din Provence. <strong>Rocher de Cotignac<\/strong>, st\u00e2nca impun\u0103toare, se ridic\u0103 direct deasupra caselor, ascunz\u00e2nd \u00eenc\u0103peri vechi, tuneluri \u0219i turnuri s\u0103pate \u00een tuf. <strong>Explorarea lor e ca o c\u0103l\u0103torie prin straturile trecutului satului<\/strong>, o experien\u021b\u0103 \u00een care istoria \u0219i natura se \u00eempletesc firesc.<\/p>\n\n\n\n<div style=\"height:10px\" aria-hidden=\"true\" class=\"wp-block-spacer\"><\/div>\n\n\n\n<h3 class=\"wp-block-heading\" id=\"morning-start\">\u00cenceputul dimine\u021bii<\/h3>\n\n\n\n<p>Am luat micul dejun \u00een autorulot\u0103, cu geamurile deschise spre sunetul clopotelor de la <strong>sanctuarul din Cotignac<\/strong>. Willy m\u00e2nca privind primele ma\u0219ini care se chinuiau s\u0103 g\u0103seasc\u0103 loc de parcare \u00een Cotignac pentru festival. Apoi am preg\u0103tit <strong>port bebeul de drume\u021bie<\/strong> \u0219i am umplut sticlele cu ap\u0103. L-am \u00eembr\u0103cat pe Willy mai gros dec\u00e2t noi, pentru c\u0103 el nu avea s\u0103 se mi\u0219te la fel de mult.<\/p>\n\n\n\n<p><strong>Pe\u0219terile trogloditice Cotignac<\/strong> se deschid la ora 9:30, a\u0219a c\u0103 am avut timp s\u0103 ne dezmor\u021bim picioarele \u00eenainte. Dimine\u021bile de toamn\u0103 \u00een Provence Verte sunt r\u0103coroase \u0219i limpezi, ideale pentru plimb\u0103ri \u00een Cotignac \u0219i \u00eenceputuri lente de zi.<\/p>\n\n\n\n<hr class=\"wp-block-separator has-alpha-channel-opacity is-style-dots\"\/>\n\n\n\n<figure class=\"wp-block-image size-full\"><img loading=\"lazy\" decoding=\"async\" width=\"792\" height=\"294\" src=\"https:\/\/www.the-travel-bunny.com\/ro\/wp-content\/uploads\/sites\/2\/2025\/11\/Traseu-Cotignac-raul-Cassole-si-plimbare-in-natura-Provence.jpg\" alt=\"Peisaje verzi de-a lungul r\u00e2ului Cassole Cotignac, cu poteci umbrite \u0219i priveli\u0219ti asupra satului Cotignac Provence Verte \u00een timpul drume\u021biei spre cascad\u0103\" class=\"wp-image-10610\" title=\"\" srcset=\"https:\/\/www.the-travel-bunny.com\/ro\/wp-content\/uploads\/sites\/2\/2025\/11\/Traseu-Cotignac-raul-Cassole-si-plimbare-in-natura-Provence.jpg 792w, https:\/\/www.the-travel-bunny.com\/ro\/wp-content\/uploads\/sites\/2\/2025\/11\/Traseu-Cotignac-raul-Cassole-si-plimbare-in-natura-Provence-300x111.jpg 300w, https:\/\/www.the-travel-bunny.com\/ro\/wp-content\/uploads\/sites\/2\/2025\/11\/Traseu-Cotignac-raul-Cassole-si-plimbare-in-natura-Provence-768x285.jpg 768w\" sizes=\"auto, (max-width: 792px) 100vw, 792px\" \/><figcaption class=\"wp-element-caption\"><em>Prima \u00eencercare de a ajunge la cascada din Cotignac ne-a purtat de-a lungul r\u00e2ului Cassole, pe poteci umbroase \u0219i poduri mici care pornesc din spatele prim\u0103riei din Cotignac. Traseul urc\u0103 u\u0219or deasupra viilor \u0219i ofer\u0103 o panoram\u0103 superb\u0103 asupra satului \u0219i a regiunii Provence Verte.<\/em><\/figcaption><\/figure>\n\n\n\n<h3 class=\"wp-block-heading\" id=\"attempt-to-see-the-cascade-cassole\">Prima \u00eencercare de a vedea Cascade Cassole \/ Gouffre de Cotignac<\/h3>\n\n\n\n<p>De la Mairie de Cotignac, am urmat un indicator c\u0103tre <strong>cascada din Cotignac<\/strong>, cunoscut\u0103 \u0219i ca <strong><em>Cascade Cassole<\/em> sau <em>Gouffre de Cotignac<\/em><\/strong>. Poteca urc\u0103 u\u0219or, p\u0103r\u0103se\u0219te satul \u0219i m-a f\u0103cut s\u0103 m\u0103 g\u00e2ndesc la o plimbare f\u0103cut\u0103 c\u00e2ndva prin Moustiers-Sainte-Marie. Apoi, drumul devine noroios pe m\u0103sur\u0103 ce p\u0103durea se \u00eendese\u0219te, iar la final ajunge la un mic pod, chiar deasupra pr\u0103pastiei, acolo unde <strong>r\u00e2ul Cassole se pr\u0103bu\u0219e\u0219te \u00een golul st\u00e2ncii de la Cotignac<\/strong>.<\/p>\n\n\n\n<p>Nu am g\u0103sit niciun traseu clar care s\u0103 duc\u0103 la baza cascadei \u0219i nici semne care s\u0103 indice o direc\u021bie. Se auzea doar <strong>vuietul apei care cade<\/strong>.<\/p>\n\n\n\n<figure class=\"wp-block-image size-full\"><img loading=\"lazy\" decoding=\"async\" width=\"792\" height=\"846\" src=\"https:\/\/www.the-travel-bunny.com\/ro\/wp-content\/uploads\/sites\/2\/2025\/11\/Balade-du-Rocher-Cotignac-plimbare-cu-copii-Provence-Verte.jpg\" alt=\"Imagini din Balade du Rocher Cotignac, cu p\u0103rin\u021bi \u0219i copil explor\u00e2nd potecile de sub st\u00e2nc\u0103, gr\u0103dini verzi \u0219i priveli\u0219ti asupra satului Cotignac Provence Verte\" class=\"wp-image-10611\" title=\"\" srcset=\"https:\/\/www.the-travel-bunny.com\/ro\/wp-content\/uploads\/sites\/2\/2025\/11\/Balade-du-Rocher-Cotignac-plimbare-cu-copii-Provence-Verte.jpg 792w, https:\/\/www.the-travel-bunny.com\/ro\/wp-content\/uploads\/sites\/2\/2025\/11\/Balade-du-Rocher-Cotignac-plimbare-cu-copii-Provence-Verte-281x300.jpg 281w, https:\/\/www.the-travel-bunny.com\/ro\/wp-content\/uploads\/sites\/2\/2025\/11\/Balade-du-Rocher-Cotignac-plimbare-cu-copii-Provence-Verte-768x820.jpg 768w\" sizes=\"auto, (max-width: 792px) 100vw, 792px\" \/><figcaption class=\"wp-element-caption\"><em>Balade du Rocher din Cotignac \u0219erpuie\u0219te la poalele impun\u0103toarei st\u00e2nci de calcar Rocher de Cotignac, printre gr\u0103dini, trepte de piatr\u0103 \u0219i puncte de belvedere. Este un traseu scurt \u0219i pitoresc, ideal pentru familii care exploreaz\u0103 Provence pe jos \u0219i vor s\u0103 descopere patrimoniul Cotignac \u00eentr-un ritm relaxat.<\/em><\/figcaption><\/figure>\n\n\n\n<p>Am revenit spre sat \u0219i am continuat <strong>plimbarea Balade du Rocher<\/strong>, drume\u021bia care urc\u0103 deasupra vechilor locuin\u021be trogloditice \u0219i leag\u0103 <strong><a href=\"https:\/\/provence-alpes-cotedazur.com\/en\/get-inspired\/natural-areas\/natural-wealth\/table-dorientation-tours-sarrasines-cotignac-en-5077232\/\" target=\"_blank\" rel=\"noreferrer noopener\">turnurile sarazine din Cotignac<\/a><\/strong>. Poteca era uscat\u0103 \u0219i sigur\u0103, de\u0219i uneori neregulat\u0103. De acolo, vederea asupra acoperi\u0219urilor cu \u021bigl\u0103 \u0219i a c\u00e2mpiei verzi de jos era magnific\u0103, o priveli\u0219te care \u00ee\u021bi aminte\u0219te de ce Cotignac Provence este considerat unul dintre cele mai frumoase sate din Fran\u021ba.<\/p>\n\n\n\n<hr class=\"wp-block-separator has-alpha-channel-opacity is-style-dots\"\/>\n\n\n\n<figure class=\"wp-block-image size-full\"><img loading=\"lazy\" decoding=\"async\" width=\"792\" height=\"834\" src=\"https:\/\/www.the-travel-bunny.com\/ro\/wp-content\/uploads\/sites\/2\/2025\/11\/Pesterile-trogloditice-Cotignac-vizitare-Rocher-Provence.jpg\" alt=\"Imagini din pe\u0219terile trogloditice Cotignac, cu sc\u0103ri \u00een spiral\u0103, pasaje s\u0103pate \u00een st\u00e2nc\u0103 \u0219i panoram\u0103 asupra satului Cotignac Provence Verte\" class=\"wp-image-10612\" title=\"\" srcset=\"https:\/\/www.the-travel-bunny.com\/ro\/wp-content\/uploads\/sites\/2\/2025\/11\/Pesterile-trogloditice-Cotignac-vizitare-Rocher-Provence.jpg 792w, https:\/\/www.the-travel-bunny.com\/ro\/wp-content\/uploads\/sites\/2\/2025\/11\/Pesterile-trogloditice-Cotignac-vizitare-Rocher-Provence-285x300.jpg 285w, https:\/\/www.the-travel-bunny.com\/ro\/wp-content\/uploads\/sites\/2\/2025\/11\/Pesterile-trogloditice-Cotignac-vizitare-Rocher-Provence-768x809.jpg 768w\" sizes=\"auto, (max-width: 792px) 100vw, 792px\" \/><figcaption class=\"wp-element-caption\"><em>Vizitarea pe\u0219terilor trogloditice din Cotignac e ca \u0219i cum ai p\u0103\u0219i \u00eentr-o lume ascuns\u0103, sculptat\u0103 chiar \u00een st\u00e2nc\u0103. Sc\u0103ri antice, puncte de belvedere \u0219i \u00eenc\u0103peri s\u0103pate \u00een piatr\u0103 dezv\u0103luie cum tr\u0103iau odinioar\u0103 localnicii sub turnurile sarazine Cotignac, cu vederi spectaculoase peste Provence.<\/em><\/figcaption><\/figure>\n\n\n\n<h3 class=\"wp-block-heading\" id=\"visiting-the-cotignac-caves\">Vizit\u0103 la Pe\u0219terile din Cotignac<\/h3>\n\n\n\n<p>Pe la mijlocul dimine\u021bii am ajuns la casa de bilete de la Rocher de Cotignac. <strong>Intrarea cost\u0103 2,50 \u20ac de adult, iar pentru copii mici este gratuit\u0103<\/strong>, plata put\u00e2nd fi f\u0103cut\u0103 cu cardul sau numerar. <strong>Programul pe\u0219terilor din Cotignac<\/strong> variaz\u0103 \u00een func\u021bie de anotimp, cu un orar mai scurt iarna. Noi am fost printre primii vizitatori ai zilei, ceea ce ne-a permis s\u0103 explor\u0103m pasajele \u00eenguste \u00een ritmul nostru \u0219i s\u0103 ne bucur\u0103m de lini\u0219tea st\u00e2ncii \u00eenainte s\u0103 soseasc\u0103 mul\u021bimea.<\/p>\n\n\n\n<p>\u00cen interior, lumina se schimba continuu \u00een timp ce urcam sc\u0103rile de piatr\u0103. <strong>C\u00e2teva camere se deschideau direct \u00een st\u00e2nc\u0103, cu ferestre mici t\u0103iate \u00een calcar pentru a aduce lumina soarelui<\/strong>. Unele \u00eenc\u0103peri p\u0103strau urme de tencuial\u0103 de var, folosit\u0103 pentru a combate umezeala, iar altele duceau spre terase unde locuitorii cultivau ierburi aromatice sau st\u0103teau de veghe. Priveli\u0219tea de pe balconul de observa\u021bie se \u00eentindea peste vale \u0219i acoperi\u0219urile de dedesubt, dovad\u0103 c\u0103 st\u00e2nca a fost c\u00e2ndva o fort\u0103rea\u021b\u0103 natural\u0103.<\/p>\n\n\n\n<p>A purta un copil mic prin <strong>pe\u0219terile trogloditice Cotignac<\/strong> a f\u0103cut vizita \u0219i mai interesant\u0103. Sc\u0103rile sunt abrupte \u0219i uneori spiralate, a\u0219a c\u0103 Mathieu l-a purtat pe Willy o parte din drum, iar eu m-am ocupat de rucsac \u0219i port-bebe. Aproape de v\u00e2rf, am l\u0103sat port-bebe-ul l\u00e2ng\u0103 trepte \u0219i l-am l\u0103sat s\u0103 mearg\u0103 singur c\u00e2teva minute. La cobor\u00e2re, Mathieu l-a luat din nou \u00een bra\u021be, iar eu am urmat cu bagajul gol. <strong>Balustradele din zonele \u00eenguste<\/strong> au fost de mare ajutor, iar aerul r\u0103coros \u0219i umed a f\u0103cut urcarea surprinz\u0103tor de pl\u0103cut\u0103, \u00een ciuda pantei.<\/p>\n\n\n\n<div style=\"height:10px\" aria-hidden=\"true\" class=\"wp-block-spacer\"><\/div>\n\n\n\n<h4 class=\"wp-block-heading\">Istoria Cotignac &amp; originea satului trogloditic<\/h4>\n\n\n\n<p>Pe\u0219terile trogloditice din Cotignac spun povestea originii satului Cotignac. Cu mult \u00eenainte de satul de azi, <strong>r\u00e2ul Cassole curgea aici, sculpt\u00e2nd calcarul \u0219i cre\u00e2nd ad\u0103posturi naturale<\/strong>. Pe m\u0103sur\u0103 ce apa depunea tuf calcaros timp de mii de ani, s-a format peretele st\u00e2ncos care a devenit ulterior un refugiu natural. Oamenii au \u00eenceput s\u0103 locuiasc\u0103 \u00een aceste cavit\u0103\u021bi \u00eenc\u0103 din Evul Mediu timpuriu. \u00cen jurul anului 1000, pe platoul Saint-Martin, deasupra st\u00e2ncii, s-a dezvoltat un c\u0103tun fortificat, iar <strong>\u00een 1032 exista deja un <em>castrum<\/em><\/strong>. Micul castel avea 24 de metri lungime, 8 metri l\u0103\u021bime \u0219i 14 metri \u00een\u0103l\u021bime. Dup\u0103 invaziile care au urmat epocii romane, <strong>localnicii s-au mutat sub st\u00e2nc\u0103<\/strong>, adapt\u00e2nd pe\u0219terile pentru siguran\u021b\u0103 \u0219i supravie\u021buire.<\/p>\n\n\n\n<p>Aceste <strong>fortifica\u021bii trogloditice<\/strong> includ dou\u0103 turnuri sarazine Cotignac, ridicate \u00een secolul al XII-lea f\u0103r\u0103 intr\u0103ri la nivelul solului, astfel \u00eenc\u00e2t str\u0103jerii puteau supraveghea totul de sus. Se crede c\u0103 <strong>pasaje secrete legau turnurile de interiorul st\u00e2ncii<\/strong>. Pe\u0219terile ad\u0103posteau locuitorii, animalele \u0219i proviziile \u00een timpul atacurilor. Se spune c\u0103 una dintre ele era suficient de mare \u00eenc\u00e2t s\u0103 ofere ad\u0103post \u00eentregii popula\u021bii \u0219i animalelor lor. \u00cen interior se mai v\u0103d urme de activitate uman\u0103 cu ni\u0219e, hornuri vechi, iesle, ad\u0103posturi pentru porumbei, iar unele \u00eenc\u0103peri au devenit ateliere, deoarece st\u00e2nca a fost folosit\u0103 ca <strong>carier\u0103 p\u00e2n\u0103 la sf\u00e2r\u0219itul secolului al XIX-lea<\/strong>.<\/p>\n\n\n\n<div style=\"height:10px\" aria-hidden=\"true\" class=\"wp-block-spacer\"><\/div>\n\n\n\n<h3 class=\"wp-block-heading\">Mo\u0219tenirea istoric\u0103 &amp; patrimoniul Cotignac<\/h3>\n\n\n\n<p>P\u00e2n\u0103 \u00een secolul al XIV-lea, via\u021ba \u00een jurul Rocher de Cotignac \u00eenflorise. <strong>Hospice de la Charit\u00e9 s-a deschis \u00een 1314<\/strong>, iar morile de ulei \u0219i de cereale Cotignac au fost construite la baza st\u00e2ncii, alimentate de deviarea r\u00e2ului Cassole. \u00cen 1897, <strong>Cotignac a instalat o mic\u0103 central\u0103 hidroelectric\u0103<\/strong>, devenind unul dintre primele sate din zon\u0103 cu electricitate. De-a lungul secolelor, num\u0103rul \u0219i func\u021bia pe\u0219terilor s-au schimbat, \u00eens\u0103 rolul lor de ad\u0103post \u0219i resurs\u0103 a modelat identitatea satului.<\/p>\n\n\n\n<p class=\"has-extra-info-background-color has-background\"><strong>Cuv\u00e2ntul <em>troglodit<\/em><\/strong> provine din greaca veche \u0219i \u00eenseamn\u0103 \u201ecel care intr\u0103 \u00eentr-o gaur\u0103\u201d. Istoricii antici precum Herodot, Diodor din Sicilia \u0219i Pliniu cel B\u0103tr\u00e2n l-au folosit pentru a descrie popoarele nomade din de\u0219ert care tr\u0103iau \u00een ad\u0103posturi naturale. \u00cen Cotignac Provence, termenul a c\u0103p\u0103tat o semnifica\u021bie practic\u0103, desemn\u00e2nd oamenii care \u0219i-au construit locuin\u021bele \u00een piatr\u0103, integr\u00e2ndu-se \u00een natur\u0103 \u00een loc s\u0103 o \u00eenfrunte.<\/p>\n\n\n\n<div style=\"height:10px\" aria-hidden=\"true\" class=\"wp-block-spacer\"><\/div>\n\n\n\n<h4 class=\"wp-block-heading\" id=\"experien\u021ba-vizitei\">Experien\u021ba vizitei<\/h4>\n\n\n\n<p><strong>Vizita pe\u0219terilor trogloditice din Cotignac este scurt\u0103, aproximativ treizeci de minute<\/strong>, dar fiecare pas dezv\u0103luie straturi de istorie \u0219i geologie. \u00cen interiorul st\u00e2ncii, \u00eenconjurat de secole de efort uman, vei sim\u021bi cum locuitorii de alt\u0103dat\u0103 au tr\u0103it \u00een armonie cu peisajul, nu deasupra lui, ci \u00een interiorul lui. Este o experien\u021b\u0103 profund\u0103, care r\u0103m\u00e2ne vie mult timp dup\u0103 ce p\u0103r\u0103se\u0219ti st\u00e2nca \u0219i revii \u00een Pia\u021ba Prim\u0103riei Cotignac, sc\u0103ldat\u0103 \u00een soare.<\/p>\n\n\n\n<p class=\"has-extra-info-background-color has-background\"><strong>Sfaturi Balade du Rocher Cotignac<\/strong>: Scoate copiii din port-bebe la cobor\u00e2re: tavanul este jos, iar treptele pot fi alunecoase dup\u0103 ploaie. \u00cenc\u0103l\u021b\u0103mintea cu talp\u0103 aderent\u0103 face urcarea \u0219i cobor\u00e2rea mai sigure, mai ales dac\u0103 por\u021bi un copil mic.<\/p>\n\n\n\n<hr class=\"wp-block-separator has-alpha-channel-opacity\"\/>\n\n\n\n<figure class=\"wp-block-image size-full\"><img loading=\"lazy\" decoding=\"async\" width=\"792\" height=\"1000\" src=\"https:\/\/www.the-travel-bunny.com\/ro\/wp-content\/uploads\/sites\/2\/2025\/11\/Fete-du-Coing-Cotignac-festival-gutui-Provence-Verte.jpg\" alt=\"Standuri locale la F\u00eate du Coing Cotignac, festivalul gutuilor din Provence Verte, cu produse artizanale, vin fiert de gutui \u0219i dulcea\u021b\u0103 tradi\u021bional\u0103\" class=\"wp-image-10613\" title=\"\" srcset=\"https:\/\/www.the-travel-bunny.com\/ro\/wp-content\/uploads\/sites\/2\/2025\/11\/Fete-du-Coing-Cotignac-festival-gutui-Provence-Verte.jpg 792w, https:\/\/www.the-travel-bunny.com\/ro\/wp-content\/uploads\/sites\/2\/2025\/11\/Fete-du-Coing-Cotignac-festival-gutui-Provence-Verte-238x300.jpg 238w, https:\/\/www.the-travel-bunny.com\/ro\/wp-content\/uploads\/sites\/2\/2025\/11\/Fete-du-Coing-Cotignac-festival-gutui-Provence-Verte-768x970.jpg 768w\" sizes=\"auto, (max-width: 792px) 100vw, 792px\" \/><figcaption class=\"wp-element-caption\"><em>\u00cen fiecare octombrie, Cotignac s\u0103rb\u0103tore\u0219te F\u00eate du Coing, o pia\u021b\u0103 de weekend dedicat\u0103 gutuii, fructul auriu al Proven\u021bei. Tarabele se aliniaz\u0103 de-a lungul Cours Gambetta cu dulce\u021buri, lichioruri \u0219i delicii locale, adun\u00e2nd \u00eentregul sat \u00eentr-un adev\u0103rat spirit provensal.<\/em><\/figcaption><\/figure>\n\n\n\n<h2 class=\"wp-block-heading\" id=\"market-village-life-during-the-fete-du-coing\">Via\u021ba satului \u00een timpul F\u00eate du Coing<\/h2>\n\n\n\n<p>Duminic\u0103 diminea\u021b\u0103, \u00een Cotignac, p\u0103rea c\u0103 intru \u00eentr-o <strong>carte po\u0219tal\u0103 de toamn\u0103 din Provence Verte<\/strong>. Festivalul gutuilor este punctul culminant al sezonului aici, transform\u00e2nd satul \u00eentr-o combina\u021bie de pia\u021b\u0103, s\u0103rb\u0103toare \u0219i reuniune de familie. Pentru localnici, este o celebrare a tot ce se cultiv\u0103 sau se prepar\u0103 din gutuie, fructul care simbolizeaz\u0103 r\u0103bdarea \u0219i c\u0103ldura \u00een aceast\u0103 parte din Provence.<\/p>\n\n\n\n<div style=\"height:10px\" aria-hidden=\"true\" class=\"wp-block-spacer\"><\/div>\n\n\n\n<h3 class=\"wp-block-heading\" id=\"cotignac-market-details\">Pia\u021ba din Cotignac \u00een timpul festivalului<\/h3>\n\n\n\n<p><strong>Pia\u021ba din Cotignac<\/strong> pentru festival se \u00eentindea \u00een fa\u021ba <strong>prim\u0103riei Cotignac<\/strong> \u0219i de-a lungul <strong>Cours Gambetta Cotignac<\/strong>. Pe tarabe se g\u0103seau borcane de gem, sticle de lichior, pr\u0103jituri \u0219i t\u0103vi cu fructe proaspete. Am cump\u0103rat o sticl\u0103 de <strong>digestiv Coing Nature et Saveurs<\/strong> din Artignosc-sur-Verdon, la aproximativ doisprezece sau paisprezece euro. Era \u00eentr-o sticl\u0103 simpl\u0103 de sticl\u0103 \u0219i mirosea dulce, u\u0219or floral.<\/p>\n\n\n\n<p>V\u00e2nz\u0103toarea ne-a turnat pu\u021bin \u00eentr-un mic pahar metalic \u0219i a z\u00e2mbit cu m\u00e2ndrie \u00een timp ce ne povestea despre produsul ei. Acel moment de conexiune autentic\u0103 face parte din farmecul unei vizite la Cotignac.<\/p>\n\n\n\n<p>Am vrut s\u0103 gust\u0103m <strong><em>p\u00e2tes flamb\u00e9es<\/em><\/strong>, dar am trecut pe l\u00e2ng\u0103 ro\u021bile mari de br\u00e2nz\u0103 \u00een care se amesteca pastele fierbin\u021bi \u0219i, din p\u0103cate, \u00eenc\u0103 nu erau gata. C\u0103utam \u0219i <strong>vinul alb fiert cu gutui<\/strong> promis la pop-up-ul <em>Resto du Coing<\/em>, \u00eens\u0103 semnul fusese t\u0103iat \u00een acea diminea\u021b\u0103.<\/p>\n\n\n\n<hr class=\"wp-block-separator has-alpha-channel-opacity is-style-dots\"\/>\n\n\n\n<h3 class=\"wp-block-heading\" id=\"kids-activities\">Activit\u0103\u021bi pentru copii<\/h3>\n\n\n\n<p>\u00cen fa\u021ba prim\u0103riei Cotignac, organizatorii au amenajat un <strong>spa\u021biu cu jocuri din lemn pentru copii<\/strong>. Ar\u0103ta minunat, dar nu era potrivit pentru copilul nostru mic. Jocurile erau fie pentru copii mai mari, care se joac\u0103 \u00een echip\u0103, fie pentru bebelu\u0219i care se t\u00e2r\u0103sc pe saltea, a\u0219a c\u0103 am privit pu\u021bin \u0219i am continuat plimbarea.<\/p>\n\n\n\n<p class=\"has-extra-info-background-color has-background\"><strong>Sfat pentru familii<\/strong>: Dac\u0103 vizitezi Cotignac \u00een alt\u0103 perioad\u0103, exist\u0103 un loc de joac\u0103 permanent pe drumul care duce spre Sanctuarul Notre-Dame de Gr\u00e2ces Cotignac, mult mai potrivit pentru copii mici.<\/p>\n\n\n\n<p>A fost o mic\u0103 provocare s\u0103-l hr\u0103nim pe fiul nostru \u00een timpul <strong>F\u00eate du Coing Cotignac<\/strong>. De\u0219i m\u0103n\u00e2nc\u0103 acelea\u0219i mese ca noi, majoritatea m\u00e2nc\u0103rurilor de la pia\u021b\u0103 p\u0103reau prea s\u0103rate pentru el, iar magazinul Spar din sat avea foarte pu\u021bine op\u021biuni potrivite pentru copii. Gama <em>Good Go\u00fbt<\/em> era disponibil\u0103, dar pre\u021burile erau, sincer, exagerate.<\/p>\n\n\n\n<p>A\u0219a c\u0103 ne-am \u00eentors la autorulot\u0103, ca s\u0103 poat\u0103 m\u00e2nca acolo. Ne-a luat mai mult dec\u00e2t ne a\u0219teptam, a\u0219a c\u0103 am r\u0103mas \u0219i noi s\u0103 lu\u0103m pr\u00e2nzul acolo. Pauza lini\u0219tit\u0103 \u00een van a fost o binecuv\u00e2ntare \u00eenainte s\u0103 ie\u0219im din nou s\u0103 explor\u0103m Cotignac.<\/p>\n\n\n\n<p class=\"has-extra-info-background-color has-background\"><strong>Sfat pentru p\u0103rin\u021bi<\/strong>: Adu gust\u0103ri pentru copii \u0219i o linguri\u021b\u0103 atunci c\u00e2nd mergi la pie\u021be \u00een Provence Verte. Evenimentele tradi\u021bionale, cum este pia\u021ba de mar\u021bi din Cotignac sau F\u00eate du Coing, pun accent pe gastronomie local\u0103, nu pe meniuri pentru bebelu\u0219i, a\u0219a c\u0103 e bine s\u0103 te preg\u0103te\u0219ti din timp dac\u0103 vizitezi Cotignac cu copii.<\/p>\n\n\n\n<hr class=\"wp-block-separator has-alpha-channel-opacity\"\/>\n\n\n\n<figure class=\"wp-block-image size-full\"><img loading=\"lazy\" decoding=\"async\" width=\"792\" height=\"294\" src=\"https:\/\/www.the-travel-bunny.com\/ro\/wp-content\/uploads\/sites\/2\/2025\/11\/Cascada-Cotignac-raul-Cassole-traseu-natura-Provence.jpg\" alt=\"Mic\u0103 cascad\u0103 pe r\u00e2ul Cassole Cotignac, ascuns\u0103 printre st\u00e2nci acoperite de mu\u0219chi \u0219i vegeta\u021bie \u00een Provence Verte\" class=\"wp-image-10614\" title=\"\" srcset=\"https:\/\/www.the-travel-bunny.com\/ro\/wp-content\/uploads\/sites\/2\/2025\/11\/Cascada-Cotignac-raul-Cassole-traseu-natura-Provence.jpg 792w, https:\/\/www.the-travel-bunny.com\/ro\/wp-content\/uploads\/sites\/2\/2025\/11\/Cascada-Cotignac-raul-Cassole-traseu-natura-Provence-300x111.jpg 300w, https:\/\/www.the-travel-bunny.com\/ro\/wp-content\/uploads\/sites\/2\/2025\/11\/Cascada-Cotignac-raul-Cassole-traseu-natura-Provence-768x285.jpg 768w\" sizes=\"auto, (max-width: 792px) 100vw, 792px\" \/><figcaption class=\"wp-element-caption\"><em>La a doua \u00eencercare de a ajunge la cascada din Cotignac, am descoperit o mic\u0103 c\u0103dere de ap\u0103 aproape de locul unde traseul principal este blocat de copaci c\u0103zu\u021bi. E o zon\u0103 lini\u0219tit\u0103, acoperit\u0103 de mu\u0219chi, care \u00ee\u021bi ofer\u0103 o privire asupra puterii r\u00e2ului Cassole sub st\u00e2nca impun\u0103toare a Rocher de Cotignac.<\/em><\/figcaption><\/figure>\n\n\n\n<h2 class=\"wp-block-heading\" id=\"second-attempt-to-visit-the-waterfall\">A doua drume\u021bie la Cascade Cassole \/ Gouffre de Cotignac<\/h2>\n\n\n\n<p>Dup\u0103 pr\u00e2nz, am decis s\u0103 \u00eencerc\u0103m din nou s\u0103 vedem <strong>cascada Cotignac<\/strong>, de data aceasta urm\u00e2nd poteca ce \u00eencepe l\u00e2ng\u0103 <strong>sediul Poli\u021biei Municipale<\/strong>. Traseul merge de-a lungul r\u00e2ului, umbrit \u0219i lini\u0219tit, cu b\u0103nci \u0219i mese de picnic aproape de \u00eenceput. P\u0103rea promi\u021b\u0103tor, mai u\u0219or de urmat \u0219i mai deschis dec\u00e2t cel din spatele prim\u0103riei Cotignac. Speram c\u0103 ne va duce, \u00een sf\u00e2r\u0219it, la baza cascadei.<\/p>\n\n\n\n<p>O vreme, totul a fost minunat. Apoi <strong>poteca de pe malul r\u00e2ului s-a \u00eencheiat brusc<\/strong>. C\u00e2teva trunchiuri masive de copaci c\u0103zuser\u0103 peste ea, iar mai departe, o band\u0103 ro\u0219u-alb\u0103 bloca accesul.<\/p>\n\n\n\n<p>William adormise, iar ca s\u0103 nu se trezeasc\u0103, trebuia s\u0103 continu\u0103m s\u0103 mergem. A\u0219a c\u0103 am hot\u0103r\u00e2t s\u0103 ne \u00eentoarcem \u0219i s\u0103 urc\u0103m spre sanctuarul Notre-Dame de Gr\u00e2ces Cotignac.<\/p>\n\n\n\n<hr class=\"wp-block-separator has-alpha-channel-opacity\"\/>\n\n\n\n<h2 class=\"wp-block-heading\" id=\"the-sanctuary-of-notre-dame-de-graces\"><strong>Sanctuarul Notre-Dame de Gr\u00e2ces Cotignac<\/strong><\/h2>\n\n\n\n<p>O <strong>vizit\u0103 la sanctuarul Notre-Dame de Gr\u00e2ces<\/strong> este o tranzi\u021bie lini\u0219tit\u0103 dup\u0103 agita\u021bia str\u0103du\u021belor din satul Cotignac Provence. L\u0103ca\u0219ul se afl\u0103 pe o colin\u0103 acoperit\u0103 cu chiparo\u0219i \u0219i pini, cu o priveli\u0219te superb\u0103 asupra viilor \u0219i a st\u00e2ncilor care definesc Provence Verte. Este unul dintre cele mai semnificative locuri din zon\u0103, nu doar pentru credincio\u0219i, ci \u0219i pentru oricine e interesat de <strong>istoria Cotignac<\/strong> \u0219i de patrimoniul s\u0103u spiritual \u0219i cultural.<\/p>\n\n\n\n<p>Locul atrage pelerini de secole, \u00eenc\u0103 din 1519, c\u00e2nd s-a raportat <strong>apari\u021bia Fecioarei la Cotignac<\/strong>. Mai t\u00e2rziu, <strong>regele Ludovic al XIV-lea<\/strong> a venit aici \u00een pelerinaj, l\u0103s\u00e2nd o plac\u0103 <em>ex-voto<\/em> \u00een semn de recuno\u0219tin\u021b\u0103.<\/p>\n\n\n\n<div style=\"height:10px\" aria-hidden=\"true\" class=\"wp-block-spacer\"><\/div>\n\n\n\n<figure class=\"wp-block-image size-full\"><img loading=\"lazy\" decoding=\"async\" width=\"792\" height=\"294\" src=\"https:\/\/www.the-travel-bunny.com\/ro\/wp-content\/uploads\/sites\/2\/2025\/11\/Chemin-des-Pelerins-Cotignac-drumul-pelerinilor-Provence.jpg\" alt=\"Imagini de pe Chemin des P\u00e8lerins Cotignac, traseul pietruit prin p\u0103dure care duce la sanctuarul Notre-Dame de Gr\u00e2ces Cotignac, cu mici capele \u0219i icoane\" class=\"wp-image-10615\" title=\"\" srcset=\"https:\/\/www.the-travel-bunny.com\/ro\/wp-content\/uploads\/sites\/2\/2025\/11\/Chemin-des-Pelerins-Cotignac-drumul-pelerinilor-Provence.jpg 792w, https:\/\/www.the-travel-bunny.com\/ro\/wp-content\/uploads\/sites\/2\/2025\/11\/Chemin-des-Pelerins-Cotignac-drumul-pelerinilor-Provence-300x111.jpg 300w, https:\/\/www.the-travel-bunny.com\/ro\/wp-content\/uploads\/sites\/2\/2025\/11\/Chemin-des-Pelerins-Cotignac-drumul-pelerinilor-Provence-768x285.jpg 768w\" sizes=\"auto, (max-width: 792px) 100vw, 792px\" \/><figcaption class=\"wp-element-caption\"><em>Drumul pelerinilor din Cotignac \u00eencepe l\u00e2ng\u0103 sediul Police Municipale \u0219i urc\u0103 lin printre pini \u0219i m\u0103slini spre Sanctuarul Notre-Dame de Gr\u00e2ces. Str\u0103juit de mici oratorii, acest traseu lini\u0219tit \u00eembin\u0103 natura, credin\u021ba \u0219i priveli\u0219tile superbe asupra satului Cotignac.<\/em><\/figcaption><\/figure>\n\n\n\n<h3 class=\"wp-block-heading\" id=\"reaching-the-sanctuary\">Cum ajungi la Sanctuarul Notre-Dame de Gr\u00e2ces<\/h3>\n\n\n\n<p>Am \u00eenceput urcarea spre sanctuar dup\u0103 pr\u00e2nz, pe <strong>drumul de l\u00e2ng\u0103 Poli\u021bia Municipal\u0103<\/strong>. Traseul trece pe l\u00e2ng\u0103 case \u0219i apoi se une\u0219te cu scara principal\u0103 ce duce spre biseric\u0103. E pu\u021bin abrupt, dar umbrit. Am preferat acest drum \u00een locul \u0219oselei, care nu are trotuar \u0219i e destul de circulat\u0103. <strong>Poteca nu este potrivit\u0103 pentru c\u0103rucioare<\/strong>, a\u0219a c\u0103 ne-am purtat b\u0103ie\u021belul \u00een marsupiu. Dormea cu capul sprijinit pe m\u00e2ini, \u00een timp ce urcam treptele \u00een t\u0103cere. Aerul mirosea u\u0219or a r\u0103\u0219in\u0103 de pin \u0219i p\u0103m\u00e2nt uscat, iar clopotele satului trogloditic Cotignac r\u0103sunau undeva \u00een dep\u0103rtare.<\/p>\n\n\n\n<hr class=\"wp-block-separator has-alpha-channel-opacity is-style-dots\"\/>\n\n\n\n<figure class=\"wp-block-image size-full\"><img loading=\"lazy\" decoding=\"async\" width=\"792\" height=\"804\" src=\"https:\/\/www.the-travel-bunny.com\/ro\/wp-content\/uploads\/sites\/2\/2025\/11\/Sanctuarul-Notre-Dame-de-Graces-Cotignac-Provence-Verte.jpg\" alt=\"Interiorul \u0219i exteriorul sanctuarului Notre-Dame de Gr\u00e2ces Cotignac, cu vitralii, altar gotic, curte umbrit\u0103 de pini \u0219i panoram\u0103 asupra Provence Verte\" class=\"wp-image-10616\" title=\"\" srcset=\"https:\/\/www.the-travel-bunny.com\/ro\/wp-content\/uploads\/sites\/2\/2025\/11\/Sanctuarul-Notre-Dame-de-Graces-Cotignac-Provence-Verte.jpg 792w, https:\/\/www.the-travel-bunny.com\/ro\/wp-content\/uploads\/sites\/2\/2025\/11\/Sanctuarul-Notre-Dame-de-Graces-Cotignac-Provence-Verte-296x300.jpg 296w, https:\/\/www.the-travel-bunny.com\/ro\/wp-content\/uploads\/sites\/2\/2025\/11\/Sanctuarul-Notre-Dame-de-Graces-Cotignac-Provence-Verte-768x780.jpg 768w\" sizes=\"auto, (max-width: 792px) 100vw, 792px\" \/><figcaption class=\"wp-element-caption\"><em>Sanctuarul Notre-Dame de Gr\u00e2ces Cotignac une\u0219te patrimoniul spiritual cu frumuse\u021bea natural\u0103 a Provence Verte. \u00cen interior, bol\u021bile albastre \u0219i relicvele vechi de secole o onoreaz\u0103 pe Fecioara Maria, iar afar\u0103, crucea de piatr\u0103 domin\u0103 v\u0103ile verzi din Provence.<\/em><\/figcaption><\/figure>\n\n\n\n<h3 class=\"wp-block-heading\" id=\"inside-the-sanctuary\">\u00cen interiorul sanctuarului Notre-Dame de Gr\u00e2ces<\/h3>\n\n\n\n<p>C\u00e2nd am ajuns, sanctuarul era lini\u0219tit, aproape gol. \u00cen interior, primul lucru care mi-a atras privirea a fost tavanul pictat \u00een nuan\u021be ad\u00e2nci de albastru, cu stele deasupra statuii Fecioarei. Pe pere\u021bi at\u00e2rnau <strong>sute de pl\u0103cu\u021be ex-voto \u0219i medalii militare<\/strong>, fiecare un gest de recuno\u0219tin\u021b\u0103 sau amintire din partea celor care credeau c\u0103 au primit ajutor aici.<\/p>\n\n\n\n<p>Privind <strong>ofranda al lui Ludovic al XIV-lea<\/strong>, m-am g\u00e2ndit la c\u00e2te pove\u0219ti au trecut prin acest loc. Am r\u0103mas acolo o vreme, f\u0103r\u0103 s\u0103 vorbim. Nu sunt o persoan\u0103 care merge des la biseric\u0103, dar <strong>aceast\u0103 vizit\u0103 \u00een Cotignac<\/strong> a avut ceva diferit. Dup\u0103 toate drumurile \u00eenchise \u0219i dificult\u0103\u021bile cu parcarea, am ajuns totu\u0219i aici. Poate a fost o coinciden\u021b\u0103. Sau poate, a\u0219a cum se spune, unele locuri te atrag cu un scop. Dup\u0103 ani de \u00eencerc\u0103ri de a avea un copil, acum \u00eel aveam \u00een bra\u021be. \u0218i dup\u0103 toate obstacolele de la \u00eenceputul weekendului nostru \u00een <strong>Cotignac<\/strong>, am ajuns \u00eentr-un loc unde familiile vin s\u0103 se roage pentru un copil \u0219i s\u0103 mul\u021bumeasc\u0103 pentru cel sau cei primi\u021bi (inclusiv Ludovic al XIV-lea).<\/p>\n\n\n\n<p class=\"has-extra-info-background-color has-background\"><strong>Sfaturi de c\u0103l\u0103torie Cotignac<\/strong>: Sanctuarul Notre-Dame de Gr\u00e2ces Cotignac este deschis zilnic, \u00eens\u0103 cel mai bine e s\u0103 vii spre sf\u00e2r\u0219itul dimine\u021bii, c\u00e2nd nu e aglomerat. Ia cu tine o e\u0219arf\u0103 sau o jachet\u0103 sub\u021bire pentru modestie, \u00eentruc\u00e2t localnicii se \u00eembrac\u0103 cu respect \u00een interior.<\/p>\n\n\n\n<p>Imediat dup\u0103 sanctuar se afl\u0103 <strong>Saint Joseph du Bessillon<\/strong>, un alt loc de <strong>pelerinaj din Cotignac<\/strong> legat de o apari\u021bie din 1660. Ambele sanctuare fac parte din aceea\u0219i rut\u0103 spiritual\u0103 a Cotignacului \u0219i reflect\u0103 <strong>patrimoniul religios din Provence<\/strong>, o tradi\u021bie care continu\u0103 s\u0103 modeleze via\u021ba local\u0103 chiar \u0219i pentru cei care vin doar pentru priveli\u0219tea panoramic\u0103 asupra Cotignacului.<\/p>\n\n\n\n<hr class=\"wp-block-separator has-alpha-channel-opacity\"\/>\n\n\n\n<h2 class=\"wp-block-heading\" id=\"afternoon-surprise-equestrian-show-at-the-fete-du-coing\">Supriza de dup\u0103-amiaz\u0103. Spectacol ecvestru la F\u00eate du Coing<\/h2>\n\n\n\n<p>Pe la pr\u00e2nz, Cotignac Provence prinsese din nou via\u021b\u0103. V\u00e2ntul se \u00eente\u021bise, iar bannerele de la <strong>festivalul gutuilor Cotignac<\/strong> fluturau de-a lungul Cours Gambetta Cotignac. Din afi\u0219e \u0219tiam c\u0103 urma un <strong>spectacol ecvestru la ora 14<\/strong>, a\u0219a c\u0103 ne-am organizat <strong>plimbarea \u00een Cotignac<\/strong> \u0219i somnul copilului \u00een func\u021bie de asta. Dup\u0103 vizita la sanctuarul Notre-Dame de Gr\u00e2ces Cotignac, ne-am \u00eentors spre pia\u021ba din Cotignac, ajung\u00e2nd exact la timp.<\/p>\n\n\n\n<p>Totu\u0219i, afi\u0219ele cu <strong>programul F\u00eate du Coing<\/strong> nu men\u021bionau niciun loc anume pentru spectacol, a\u0219a c\u0103 nimeni nu p\u0103rea sigur unde se va desf\u0103\u0219ura. Am \u00eentrebat la <strong>Resto du Coing<\/strong>, unde personalul ne-a z\u00e2mbit \u0219i ne-a \u00eendrumat spre <strong>parcarea Lauron Cotignac<\/strong>, acela\u0219i loc care fusese \u00eenchis \u00een ziua sosirii noastre.<\/p>\n\n\n\n<div style=\"height:10px\" aria-hidden=\"true\" class=\"wp-block-spacer\"><\/div>\n\n\n\n<h3 class=\"wp-block-heading\" id=\"discovering-the-show\">Descoperirea spectacolului<\/h3>\n\n\n\n<p><strong>Spectacolul ecvestru<\/strong> organizat de <strong><a href=\"https:\/\/www.facebook.com\/chevauxdeprestige\/\" target=\"_blank\" rel=\"noreferrer noopener\">Association Chevaux de Prestige<\/a><\/strong> era pe cale s\u0103 \u00eenceap\u0103 c\u00e2nd am ajuns. C\u0103l\u0103re\u021bii, \u00eembr\u0103ca\u021bi \u00een costume mongole sau \u00een galben \u0219i verdele specific festivalului gutuilor Cotignac, dirijau cai superbi \u00een cercuri str\u00e2nse, sub platanii \u00eenal\u021bi, iar sunetul potcoavelor lovea p\u0103m\u00e2ntul cu putere.<\/p>\n\n\n\n<p>Familiile st\u0103teau pe margini, copiii urca\u021bi pe garduri ori pe umerii p\u0103rin\u021bilor, to\u021bi \u00eenfofoli\u021bi \u00een geci \u00eempotriva frigului. Caii se mi\u0219cau cu o <strong>gra\u021bie ritmic\u0103 \u0219i natural\u0103<\/strong>, genul de spectacol pe care <strong>satele autentice din Provence Verte<\/strong> \u00eel ofer\u0103 cu m\u00e2ndrie, p\u0103str\u00e2nd vie tradi\u021bia.<\/p>\n\n\n\n<hr class=\"wp-block-separator has-alpha-channel-opacity is-style-dots\"\/>\n\n\n\n<h3 class=\"wp-block-heading\" id=\"watching-with-our-toddler\">Privind prin ochii copilului nostru<\/h3>\n\n\n\n<p><strong>Fiul nostru urm\u0103rea fascinat, cu ochii mari \u0219i t\u0103cere deplin\u0103 timp de aproape patruzeci de minute<\/strong>. De fiecare dat\u0103 c\u00e2nd caii treceau prin fa\u021ba noastr\u0103, r\u00e2dea \u0219i b\u0103tea din palme. Era acea bucurie pur\u0103 care face ca o c\u0103l\u0103torie de familie \u00een Provence s\u0103 merite fiecare efort. Pe m\u0103sur\u0103 ce <strong>v\u00e2ntul se \u00eente\u021bea<\/strong>, ne sim\u021beam degetele tot mai reci.<\/p>\n\n\n\n<p>Defilarea care trebuia s\u0103 urmeze probabil continua de-a lungul <strong>Cours Gambetta<\/strong>, dar am decis s\u0103 o s\u0103rim. \u00cen schimb, ne-am oprit la <strong>Bar Le Marigny Cotignac<\/strong> s\u0103 ne \u00eenc\u0103lzim cu fabulosul lor <strong>vin alb fiert cu gutui<\/strong>, preg\u0103tit \u00eenc\u0103 de cu sear\u0103.<\/p>\n\n\n\n<p>Am comandat vinul la pachet. Atunci am aflat c\u0103 nu accept\u0103 pl\u0103\u021bi cu cardul sub 15 euro, iar cele dou\u0103 pahare costau doar 8 euro. A\u0219a c\u0103 am fugit p\u00e2n\u0103 la bancomat, am scos ni\u0219te bani \u0219i m-am \u00eentors \u00een grab\u0103.<\/p>\n\n\n\n<p>Am \u00eenf\u0103\u0219urat m\u00e2inile \u00een jurul paharelor fierbin\u021bi \u00een timp ce mergeam. <strong>Pia\u021ba din Cotignac<\/strong> era din nou plin\u0103, muzica se \u00eempletea cu r\u00e2setele \u0219i vocile oamenilor. Era acel tip de moment simplu, cald \u0219i real care define\u0219te <strong>via\u021ba local\u0103 din Cotignac Var<\/strong>. Cotignac ne oferise un final autentic \u0219i memorabil, o amintire de familie din inima Provence Verte.<\/p>\n\n\n\n<hr class=\"wp-block-separator has-alpha-channel-opacity\"\/>\n\n\n\n<figure class=\"wp-block-image size-full\"><img loading=\"lazy\" decoding=\"async\" width=\"792\" height=\"294\" src=\"https:\/\/www.the-travel-bunny.com\/ro\/wp-content\/uploads\/sites\/2\/2025\/11\/Vedere-sat-Carces-vii-Provence-Verte-Franta.jpg\" alt=\"Vedere panoramic\u0103 spre satul Carc\u00e8s Provence Verte, \u00eenconjurat de vii \u0219i dealuri verzi sub cer senin de toamn\u0103\" class=\"wp-image-10617\" title=\"\" srcset=\"https:\/\/www.the-travel-bunny.com\/ro\/wp-content\/uploads\/sites\/2\/2025\/11\/Vedere-sat-Carces-vii-Provence-Verte-Franta.jpg 792w, https:\/\/www.the-travel-bunny.com\/ro\/wp-content\/uploads\/sites\/2\/2025\/11\/Vedere-sat-Carces-vii-Provence-Verte-Franta-300x111.jpg 300w, https:\/\/www.the-travel-bunny.com\/ro\/wp-content\/uploads\/sites\/2\/2025\/11\/Vedere-sat-Carces-vii-Provence-Verte-Franta-768x285.jpg 768w\" sizes=\"auto, (max-width: 792px) 100vw, 792px\" \/><figcaption class=\"wp-element-caption\"><em>Drumul din Cotignac spre Carc\u00e8s se deschide c\u0103tre r\u00e2nduri de vii aurii, \u00eencadrate de colinele verzi din Provence Verte. De aici po\u021bi vedea acoperi\u0219urile cu \u021bigl\u0103 ale lui Carc\u00e8s, un sat lini\u0219tit al vinului, cunoscut pentru plimb\u0103rile \u00een jurul lacului \u0219i pentru pivni\u021bele sale cooperatiste.<\/em><\/figcaption><\/figure>\n\n\n\n<h2 class=\"wp-block-heading\" id=\"sunday-evening-wind-down-and-return-via-carces\">Duminic\u0103 seara, relaxare \u0219i \u00eentoarcere prin Carc\u00e8s<\/h2>\n\n\n\n<p><strong>Dup\u0103-amiaza s-a topit \u00eencet \u00een apus<\/strong>, iar noi am str\u00e2ns lucrurile din autorulot\u0103 \u0219i ne-am preg\u0103tit de drumul spre cas\u0103. Plecarea din <strong>Cotignac Fran\u021ba<\/strong>, dup\u0103 un weekend at\u00e2t de plin, a avut un gust dulce-amar.<\/p>\n\n\n\n<div style=\"height:10px\" aria-hidden=\"true\" class=\"wp-block-spacer\"><\/div>\n\n\n\n<h3 class=\"wp-block-heading\" id=\"the-drive-through-carces\">Drumul prin Carc\u00e8s<\/h3>\n\n\n\n<p>Am p\u0103r\u0103sit <strong>Cotignac Provence<\/strong> \u0219i am trecut prin <strong><strong><a href=\"https:\/\/www.the-travel-bunny.com\/ro\/weekend-in-carces-cascades-de-caramy\/\" data-type=\"post\" data-id=\"10130\">Carc\u00e8s<\/a><\/strong><\/strong>, trec\u00e2nd \u0219i pe l\u00e2ng\u0103 <strong><a href=\"https:\/\/www.the-travel-bunny.com\/ro\/abatia-thoronet-ghid-abbaye-thoronet\/\" data-type=\"post\" data-id=\"10223\">Aba\u021bia Thoronet<\/a><\/strong>, amintindu-ne de weekendul petrecut acolo cu doar c\u00e2teva luni \u00eenainte. A fost <strong>cea mai pitoreasc\u0103 rut\u0103 spre autostrad\u0103<\/strong>.<\/p>\n\n\n\n<p>Drumul \u0219erpuia printre vii, livezi de m\u0103slini \u0219i mici ziduri de piatr\u0103 care prindeau ultimele raze de apus. Autorulota mergea \u00eencet, iar lumina se schimba din auriu \u00een roz. A fost <strong>un final frumos pentru c\u0103l\u0103toria noastr\u0103 prin Provence<\/strong>, lini\u0219tit \u0219i constant dup\u0103 dou\u0103 zile pline.<\/p>\n\n\n\n<hr class=\"wp-block-separator has-alpha-channel-opacity is-style-dots\"\/>\n\n\n\n<h3 class=\"wp-block-heading\" id=\"looking-back-at-the-weekend\">Privind \u00eenapoi la weekendul nostru \u00een Cotignac<\/h3>\n\n\n\n<p>Pe drumul \u00eenapoi, m\u0103 tot g\u00e2ndeam c\u00e2t de diferit s-a sim\u021bit Cotignac fa\u021b\u0103 de Sillans-la-Cascade. Dup\u0103 semnele <em>f\u0103r\u0103 autorulote<\/em> \u0219i drumurile blocate de acolo, atitudinea deschis\u0103 din Cotignac a ie\u0219it \u0219i mai mult \u00een eviden\u021b\u0103. Este <strong>un sat care prime\u0219te vizitatori f\u0103r\u0103 s\u0103-\u0219i piard\u0103 ritmul local<\/strong>, un exemplu de autenticitate \u00een Provence Verte.<\/p>\n\n\n\n<p>I-am spus lui Mathieu c\u0103 ar trebui s\u0103 ne \u00eentoarcem pentru alte <strong>evenimente \u00een Cotignac<\/strong> \u0219i s\u0103 st\u0103m mai mult data viitoare, poate s\u0103 \u00eencerc\u0103m <strong>traseele de drume\u021bie Cotignac<\/strong> pe care nu le-am reu\u0219it acum. Soacra mea \u0219i partenerul ei au ratat festivalul gutuilor Cotignac F\u00eate du Coing anul acesta, dar l-au trecut deja \u00een calendar pentru octombrie viitor. Cu Willy pu\u021bin mai mare, vom putea s\u0103 ne bucur\u0103m mai bine de pia\u021ba din Cotignac, de restaurantele locale \u0219i de atmosfera de <strong>Provence cu familia<\/strong>, poate chiar \u00eentr-un grup mai mare, de familie extins\u0103.<\/p>\n\n\n\n<div style=\"height:10px\" aria-hidden=\"true\" class=\"wp-block-spacer\"><\/div>\n\n\n\n<p><strong>Itinerarul nostru de weekend \u00een Cotignac<\/strong> s-a \u00eencheiat exact unde a \u00eenceput, \u00eenconjurat de colinele verzi ale Provence Verte. Aceast\u0103 scurt\u0103 escapad\u0103 \u00een Provence mi-a amintit c\u0103 <strong>cele mai bune c\u0103l\u0103torii nu sunt cele perfecte, ci cele care las\u0103 o stare de bine la final<\/strong>. <strong>Cotignac<\/strong> a f\u0103cut exact asta: a transformat un weekend cu parc\u0103ri blocate \u0219i devieri \u00eentr-o amintire calm\u0103 \u0219i autentic\u0103, genul de experien\u021b\u0103 care te face s\u0103-\u021bi planifici \u00eentoarcerea chiar \u00eenainte s\u0103 ajungi acas\u0103.<\/p>\n\n\n\n<hr class=\"wp-block-separator has-alpha-channel-opacity\"\/>\n\n\n\n<h2 class=\"wp-block-heading\" id=\"practical-cotignac-travel-guide\">Ghid turistic Cotignac<\/h2>\n\n\n\n<p>Planificarea unei <strong>vizite Cotignac<\/strong> devine u\u0219oar\u0103 atunci c\u00e2nd \u00een\u021belegi cum anotimpurile \u0219i via\u021ba de zi cu zi dintr-un sat mic din <strong>Provence Verte<\/strong> \u00ee\u021bi pot influen\u021ba c\u0103l\u0103toria. \u00cen aceast\u0103 parte a sudului Fran\u021bei, totul \u00eenc\u0103 se desf\u0103\u0219oar\u0103 \u00een ritmul pie\u021belor locale, al clopotelor bisericii \u0219i al serilor calde care par c\u0103 nu se mai termin\u0103. Fie c\u0103 vii cu ma\u0219ina, cu autorulota sau cu o dub\u0103 \u00eenchiriat\u0103, aceste sfaturi te vor ajuta s\u0103 \u00ee\u021bi planifici oprirea perfect\u0103 \u00eentr-un <strong>itinerar de weekend \u00een Cotignac<\/strong> sau \u00eentr-un tur rutier mai lung prin Provence.<\/p>\n\n\n\n<div style=\"height:10px\" aria-hidden=\"true\" class=\"wp-block-spacer\"><\/div>\n\n\n\n<figure class=\"wp-block-image size-full\"><img loading=\"lazy\" decoding=\"async\" width=\"792\" height=\"294\" src=\"https:\/\/www.the-travel-bunny.com\/ro\/wp-content\/uploads\/sites\/2\/2025\/11\/Theatre-du-Rocher-Cotignac-teatru-in-aer-liber-Provence.jpg\" alt=\"Ruine de piatr\u0103 \u0219i ziduri medievale care formeaz\u0103 Th\u00e9\u00e2tre du Rocher Cotignac, un teatru \u00een aer liber situat la poalele st\u00e2ncii din Cotignac Provence Verte\" class=\"wp-image-10618\" title=\"\" srcset=\"https:\/\/www.the-travel-bunny.com\/ro\/wp-content\/uploads\/sites\/2\/2025\/11\/Theatre-du-Rocher-Cotignac-teatru-in-aer-liber-Provence.jpg 792w, https:\/\/www.the-travel-bunny.com\/ro\/wp-content\/uploads\/sites\/2\/2025\/11\/Theatre-du-Rocher-Cotignac-teatru-in-aer-liber-Provence-300x111.jpg 300w, https:\/\/www.the-travel-bunny.com\/ro\/wp-content\/uploads\/sites\/2\/2025\/11\/Theatre-du-Rocher-Cotignac-teatru-in-aer-liber-Provence-768x285.jpg 768w\" sizes=\"auto, (max-width: 792px) 100vw, 792px\" \/><figcaption class=\"wp-element-caption\"><em>Th\u00e9\u00e2tre du Rocher Cotignac se afl\u0103 printre ruinele restaurate ale vechilor locuin\u021be trogloditice distruse de o pr\u0103bu\u0219ire de st\u00e2nc\u0103 la \u00eenceputul secolului XX. \u00cen fiecare var\u0103, teatrul g\u0103zduie\u0219te concerte \u0219i festivalul de cinema \u00een aer liber Les Toiles du Sud, desf\u0103\u0219urat sub st\u00e2nca luminat\u0103 a Rocherului.<\/em><\/figcaption><\/figure>\n\n\n\n<h3 class=\"wp-block-heading\" id=\"best-time-to-visit\">Cea mai bun\u0103 perioad\u0103 pentru a vizita Cotignac<\/h3>\n\n\n\n<p><strong>Cea mai bun\u0103 perioad\u0103 pentru a vizita Cotignac<\/strong> depinde de experien\u021ba pe care o cau\u021bi. Satul are un climat mediteranean, cu veri fierbin\u021bi \u0219i uscate \u0219i ierni bl\u00e2nde. Vara, temperaturile pot ajunge la aproximativ <strong>33\u00b0C<\/strong>, iar iarna scad p\u00e2n\u0103 la <strong>10\u00b0C<\/strong>. Cele mai pl\u0103cute anotimpuri sunt <strong>prim\u0103vara (aprilie-iunie) \u0219i toamna (septembrie-octombrie)<\/strong>, c\u00e2nd zilele au \u00een jur de 25\u00b0C, iar pie\u021bele sunt animate, dar f\u0103r\u0103 aglomera\u021bie.<\/p>\n\n\n\n<p><strong><a href=\"https:\/\/www.the-travel-bunny.com\/ro\/ghid-de-vacanta-in-provence-primavara\/\" data-type=\"post\" data-id=\"9259\">Prim\u0103vara \u00een Provence<\/a><\/strong> este plin\u0103 de flori \u0219i de dimine\u021bi lungi de pia\u021b\u0103 care se extind pe terasele cafenelelor. Este perioada ideal\u0103 pentru a explora st\u00e2ncile, traseele \u0219i podgoriile din jur f\u0103r\u0103 c\u0103ldura torid\u0103 a verii.<\/p>\n\n\n\n<p><strong><a href=\"https:\/\/www.the-travel-bunny.com\/ro\/sfaturi-vacanta-de-toamna\/\">Toamna \u00een Provence<\/a><\/strong> aduce pie\u021be colorate, pline de smochine, struguri \u0219i produse din gutui, culmin\u00e2nd cu <strong>F\u00eate du Coing<\/strong>, festivalul gutuilor organizat \u00een octombrie, unul dintre cele mai iubite <strong>evenimente Cotignac<\/strong>.<\/p>\n\n\n\n<p><strong>Vara \u00een Cotignac<\/strong> este sezonul de v\u00e2rf pentru festivaluri \u0219i via\u021b\u0103 de noapte. Un moment de neratat este festivalul <strong><em>Les Toiles du Sud<\/em><\/strong>, desf\u0103\u0219urat \u00een <strong>Th\u00e9\u00e2tre du Rocher<\/strong>, teatrul \u00een aer liber construit la poalele st\u00e2ncii. Proiec\u021biile din iulie \u0219i august transform\u0103 peretele de piatr\u0103 \u00eentr-un ecran natural, iar localnicii vin cu scaune, gust\u0103ri \u0219i vin, o atmosfer\u0103 autentic provensal\u0103 care face din acest eveniment <strong>unul dintre cele mai fermec\u0103toare festivaluri de var\u0103 din sudul Fran\u021bei<\/strong>.<\/p>\n\n\n\n<p><strong>Iarna \u00een Provence<\/strong> este mai lini\u0219tit\u0103, dar merit\u0103 luat\u0103 \u00een calcul. Str\u0103zile r\u0103m\u00e2n pl\u0103cute pentru plimb\u0103ri, cafenelele sunt deschise, iar Rocher de Cotignac cap\u0103t\u0103 o frumuse\u021be aparte \u00een lumina joas\u0103 de iarn\u0103. Pentru expa\u021bi sau adep\u021bi ai slow travel Provence, iarna este perfect\u0103 pentru plimb\u0103ri \u00een tihn\u0103, vizite la sanctuare \u0219i redescoperirea ritmului lent al vie\u021bii provensale.<\/p>\n\n\n\n<hr class=\"wp-block-separator has-alpha-channel-opacity is-style-dots\"\/>\n\n\n\n<h3 class=\"wp-block-heading\" id=\"getting-around-and-parking\">Cum ajungi \u0219i unde parchezi \u00een Cotignac<\/h3>\n\n\n\n<p><strong>Cea mai u\u0219oar\u0103 modalitate de a ajunge \u00een Cotignac<\/strong> este cu ma\u0219ina. Satul <strong>nu are gar\u0103<\/strong>, iar leg\u0103turile de autobuz prin <strong>Brignoles sau Aups<\/strong> sunt rare, mai ales \u00een weekend. <strong>Condusul este esen\u021bial<\/strong>, dar fii preg\u0103tit pentru str\u0103zile \u00eenguste tipice sudului Fran\u021bei. Parcarea Cotignac este limitat\u0103 \u00een centru, \u00eens\u0103 exist\u0103 c\u00e2teva locuri oficiale imediat \u00een afara satului.<\/p>\n\n\n\n<p>Parc\u0103ri recomandate \u00een Cotignac:<\/p>\n\n\n\n<ul class=\"wp-block-list\">\n<li><strong>Parking 634 Lauron<\/strong>. Parcare mare, pietruit\u0103, aproape de intrarea inferioar\u0103 a satului. Este \u00eenchis\u0103 \u00een timpul evenimentelor importante, cum ar fi <strong>F\u00eate du Coing<\/strong>.<\/li>\n\n\n\n<li><strong>Parcarea de la <a href=\"https:\/\/la-provence-verte.net\/ot_cotignac\/\" target=\"_blank\" rel=\"noreferrer noopener\">biroul de turism Cotignac<\/a><\/strong>. Pozi\u021bionat\u0103 central \u0219i foarte practic\u0103, \u00eens\u0103 are restric\u021bie de \u00een\u0103l\u021bime de 2 m, deci nu este potrivit\u0103 pentru autorulote sau dube.<\/li>\n\n\n\n<li><strong>867 Chemin de la Colle Cotignac<\/strong>. Cea mai prietenoas\u0103 op\u021biune pentru camping-car Cotignac, la 15 minute de mers pe jos de centru. Teren plat, potrivit pentru o noapte, men\u021bionat frecvent pe Park4Night Cotignac.<\/li>\n\n\n\n<li><strong>Alte parc\u0103ri gratuite mici<\/strong> se afl\u0103 pe drumurile de acces \u00een sat, dar se ocup\u0103 repede, mai ales mar\u021bea, \u00een timpul <strong>pie\u021bei din Cotignac<\/strong>.<\/li>\n<\/ul>\n\n\n\n<p>Condusul \u00ee\u021bi ofer\u0103 libertatea total\u0103 de a vizita <strong>satele din apropiere, precum Sillans-la-Cascade, Entrecasteaux \u0219i Carc\u00e8s<\/strong>. Dac\u0103 practici <strong>vanlife Provence<\/strong>, planific\u0103 sosirea \u00eenainte de amiaz\u0103 pentru a prinde un loc drept \u0219i verific\u0103 mereu posibilele \u00eenchideri cauzate de evenimente. Cotignac Provence r\u0103m\u00e2ne primitor pentru \u0219oferii aten\u021bi care respect\u0103 regulile locale de parcare, un motiv \u00een plus pentru care se remarc\u0103 printre satele din Provence Verte.<\/p>\n\n\n\n<hr class=\"wp-block-separator has-alpha-channel-opacity is-style-dots\"\/>\n\n\n\n<h3 class=\"wp-block-heading\" id=\"where-to-stay-in-cotignac\">Unde s\u0103 te cazezi \u00een Cotignac<\/h3>\n\n\n\n<p>Alegerea unei <strong>caz\u0103ri \u00een Cotignac<\/strong> variaz\u0103 de la hoteluri-boutique de lux la locuri prietenoase pentru familii, potrivite pentru toate bugetele. Po\u021bi g\u0103si u\u0219or locul care se potrive\u0219te stilului t\u0103u de c\u0103l\u0103torie \u00een acest ghid Cotignac dedicat hotelurilor, \u00eenchirierilor de vile Cotignac Provence \u0219i op\u021biunilor de camping Cotignac.<\/p>\n\n\n\n<div style=\"height:10px\" aria-hidden=\"true\" class=\"wp-block-spacer\"><\/div>\n\n\n\n<figure class=\"wp-block-image size-full\"><img loading=\"lazy\" decoding=\"async\" width=\"792\" height=\"294\" src=\"https:\/\/www.the-travel-bunny.com\/ro\/wp-content\/uploads\/sites\/2\/2025\/11\/Hotel-Lou-Calen-Cotignac-cazare-si-restaurant-Provence.jpg\" alt=\"Vedere spre Hotel Lou Calen Cotignac, cl\u0103dire istoric\u0103 renovat\u0103 din Cotignac Provence Verte, cu teras\u0103, restaurant \u0219i f\u00e2nt\u00e2n\u0103 \u00een pia\u021b\u0103\" class=\"wp-image-10619\" title=\"\" srcset=\"https:\/\/www.the-travel-bunny.com\/ro\/wp-content\/uploads\/sites\/2\/2025\/11\/Hotel-Lou-Calen-Cotignac-cazare-si-restaurant-Provence.jpg 792w, https:\/\/www.the-travel-bunny.com\/ro\/wp-content\/uploads\/sites\/2\/2025\/11\/Hotel-Lou-Calen-Cotignac-cazare-si-restaurant-Provence-300x111.jpg 300w, https:\/\/www.the-travel-bunny.com\/ro\/wp-content\/uploads\/sites\/2\/2025\/11\/Hotel-Lou-Calen-Cotignac-cazare-si-restaurant-Provence-768x285.jpg 768w\" sizes=\"auto, (max-width: 792px) 100vw, 792px\" \/><figcaption class=\"wp-element-caption\"><em>Hotelul Lou Calen Cotignac, un boutique eco-hotel cu farmec provensal, combin\u0103 designul modern cu autenticitatea regiunii. Este locul ideal pentru un sejur romantic, o cin\u0103 rafinat\u0103 sau o pauz\u0103 \u00een inima satului.<\/em><\/figcaption><\/figure>\n\n\n\n<h4 class=\"wp-block-heading\" id=\"boutique-luxury-option\">Op\u021biunea Boutique &amp; Luxury<\/h4>\n\n\n\n<p>\u00cencepe-\u021bi \u0219ederea cu <strong><strong><a href=\"https:\/\/booking.tpx.lv\/usjFfpRK\" target=\"_blank\" rel=\"noreferrer noopener sponsored\">Hotel Lou Calen<\/a><\/strong><\/strong>, un eco-resort situat \u00een centrul satului Cotignac Var, pe o proprietate verde de trei hectare. Cele 36 de camere sunt r\u0103sp\u00e2ndite printre gr\u0103dini sau ofer\u0103 vedere c\u0103tre sat, iar <strong>piscina exterioar\u0103<\/strong> adaug\u0103 un plus de relaxare verii provensale. <strong>Restaurantul distins cu Michelin Green Star<\/strong> transform\u0103 experien\u021ba culinar\u0103 \u00eentr-o celebrare a gastronomiei locale \u0219i a produselor din <strong>Provence Verte<\/strong>.<\/p>\n\n\n\n<p><strong>Lou Calen Cotignac<\/strong> ofer\u0103 \u0219i <strong>vile de \u00eenchiriat cu piscin\u0103<\/strong> pe domeniul s\u0103u, o alegere excelent\u0103 pentru familii sau grupuri care vor lux \u0219i intimitate aproape de centru. Aici po\u021bi tr\u0103i esen\u021ba stilului de via\u021b\u0103 provensal autentic, \u00eentre <strong>livezi de m\u0103slini Cotignac<\/strong>, vinuri locale \u0219i seri lini\u0219tite \u00een gr\u0103din\u0103.<\/p>\n\n\n\n<p class=\"has-extra-info-background-color has-background\"><strong>Sfat vacan\u021b\u0103 Cotignac<\/strong>: Rezerv\u0103 cazare din timp, mai ales vara, c\u00e2nd Cotignac Provence atrage vizitatori din toat\u0103 lumea. Dac\u0103 preferi lini\u0219tea, un weekend \u00een Cotignac \u00een prim\u0103var\u0103 sau toamn\u0103 \u00ee\u021bi ofer\u0103 aceea\u0219i frumuse\u021be, dar cu mai pu\u021bini turi\u0219ti \u0219i o atmosfer\u0103 autentic\u0103 de sat provensal.<\/p>\n\n\n\n<div style=\"height:10px\" aria-hidden=\"true\" class=\"wp-block-spacer\"><\/div>\n\n\n\n<figure class=\"wp-block-image size-full\"><img loading=\"lazy\" decoding=\"async\" width=\"792\" height=\"294\" src=\"https:\/\/www.the-travel-bunny.com\/ro\/wp-content\/uploads\/sites\/2\/2025\/11\/La-Licorne-Cotignac-pensiune-boutique-Provence-Verte.jpg\" alt=\"Cl\u0103dire rustic\u0103 cu obloane verzi \u0219i ieder\u0103 la La Licorne Cotignac, pensiune boutique situat\u0103 \u00een centrul satului Cotignac Provence Verte\" class=\"wp-image-10620\" title=\"\" srcset=\"https:\/\/www.the-travel-bunny.com\/ro\/wp-content\/uploads\/sites\/2\/2025\/11\/La-Licorne-Cotignac-pensiune-boutique-Provence-Verte.jpg 792w, https:\/\/www.the-travel-bunny.com\/ro\/wp-content\/uploads\/sites\/2\/2025\/11\/La-Licorne-Cotignac-pensiune-boutique-Provence-Verte-300x111.jpg 300w, https:\/\/www.the-travel-bunny.com\/ro\/wp-content\/uploads\/sites\/2\/2025\/11\/La-Licorne-Cotignac-pensiune-boutique-Provence-Verte-768x285.jpg 768w\" sizes=\"auto, (max-width: 792px) 100vw, 792px\" \/><figcaption class=\"wp-element-caption\"><em>Pe o alee lini\u0219tit\u0103, sub Rocher de Cotignac, La Licorne Cotignac \u00eembin\u0103 farmecul provensal cu confortul modern. Fa\u021bada pastelat\u0103, vi\u021bele c\u0103\u021b\u0103r\u0103toare \u0219i atmosfera calm\u0103 o transform\u0103 \u00eentr-un loc preferat pentru cei care caut\u0103 autenticitate \u00een Cotignac \u0219i vor s\u0103 simt\u0103 ritmul unui sat provensal.<\/em><\/figcaption><\/figure>\n\n\n\n<h4 class=\"wp-block-heading\" id=\"mid-range-b-b-option\">Cazare de nivel mediu \/ Pensiune B&amp;B<\/h4>\n\n\n\n<p>Pentru o variant\u0103 de buget mediu, plin\u0103 de farmec, ia \u00een considerare <strong><strong><a href=\"https:\/\/tripadvisor.tpx.lv\/nk2Pdzjl\" target=\"_blank\" rel=\"noreferrer noopener sponsored\">La Maison du Bonheur B&amp;B<\/a><\/strong><\/strong>. La doar c\u00e2teva minute de centrul satului, aceast\u0103 pensiune ofer\u0103 camere confortabile cu baie privat\u0103, parcare gratuit\u0103 \u0219i o atmosfer\u0103 primitoare. Este o alegere excelent\u0103 pentru <strong>cupluri, familii mici sau expa\u021bi<\/strong> care caut\u0103 lini\u0219te, dar \u0219i acces u\u0219or la cafenelele \u0219i str\u0103du\u021bele din Cotignac Var.<\/p>\n\n\n\n<p>O alt\u0103 op\u021biune excelent\u0103 de gam\u0103 medie este <strong><strong><a href=\"https:\/\/tripadvisor.tpx.lv\/t7NGaKv9\" target=\"_blank\" rel=\"noreferrer noopener\">La Licorne<\/a><\/strong><\/strong>, o cas\u0103 de oaspe\u021bi \u00een stil boutique, situat\u0103 aproape de <strong>Cours Gambetta Cotignac<\/strong>. Proprietatea, cu aer tipic provensal, combin\u0103 camere elegante cu aer condi\u021bionat, o teras\u0103 umbrit\u0103 \u0219i o piscin\u0103 exterioar\u0103, cre\u00e2nd o atmosfer\u0103 relaxant\u0103, central\u0103, dar totodat\u0103 lini\u0219tit\u0103. La c\u00e2\u021biva pa\u0219i de restaurante \u0219i de pia\u021ba din Cotignac, La Licorne Cotignac ofer\u0103 un echilibru \u00eentre autenticitate \u0219i confort modern, perfect\u0103 pentru un <strong>weekend \u00een Cotignac<\/strong>.<\/p>\n\n\n\n<div style=\"height:10px\" aria-hidden=\"true\" class=\"wp-block-spacer\"><\/div>\n\n\n\n<h4 class=\"wp-block-heading\" id=\"family-budget-options-nearby\">Op\u021biuni pentru familii \u0219i bugete reduse \u00een apropiere<\/h4>\n\n\n\n<p>Dac\u0103 <strong>c\u0103l\u0103tore\u0219ti cu un copil mic sau cu autorulota<\/strong>, ori pur \u0219i simplu vrei mai mult\u0103 flexibilitate bugetar\u0103, caut\u0103 op\u021biuni la 5-10 km de Cotignac Provence, \u00een satele din jur precum Entrecasteaux sau Carc\u00e8s. Aici vei g\u0103si <strong><a href=\"https:\/\/booking.tpx.lv\/afikcmDC\" target=\"_blank\" rel=\"noreferrer noopener sponsored\">\u00eenchirieri vile Cotignac<\/a><\/strong>, case spa\u021bioase pentru familii, adesea cu piscin\u0103, \u0219i uneori locuri de <strong>camping Cotignac<\/strong> complet echipate, precum <strong><a href=\"https:\/\/mairiecotignac.fr\/camping\/\" target=\"_blank\" rel=\"noreferrer noopener sponsored\">Camping Municipal Les Pouverels<\/a><\/strong>. Aceste variante ofer\u0103 spa\u021biu, confort \u0219i un raport bun calitate-pre\u021b, p\u0103str\u00e2ndu-te aproape de farmecul satului.<\/p>\n\n\n\n<p class=\"has-extra-info-background-color has-background\"><strong>Sfat pentru cazare Cotignac<\/strong>: C\u00e2nd rezervi, verific\u0103 dac\u0103 exist\u0103 camere de familie, p\u0103tu\u021b pentru bebelu\u0219i, parcare \u0219i acces la piscin\u0103. C\u0103ut\u0103rile precum <em>Airbnb Cotignac<\/em> sau <em>vile cu piscin\u0103 \u00een Cotignac<\/em> ofer\u0103 adesea mai mult\u0103 libertate dec\u00e2t hotelurile clasice.<\/p>\n\n\n\n<hr class=\"wp-block-separator has-alpha-channel-opacity is-style-dots\"\/>\n\n\n\n<h3 class=\"wp-block-heading\" id=\"where-to-eat-drink-in-cotignac\">Unde s\u0103 m\u0103n\u00e2nci \u0219i s\u0103 bei \u00een Cotignac<\/h3>\n\n\n\n<p><strong>Gastronomia \u00een Cotignac<\/strong> \u00eenseamn\u0103 o alegere \u00eentre autenticitatea rustic\u0103 \u0219i rafinamentul culinar. Mai jos g\u0103se\u0219ti recomand\u0103ri pentru toate bugetele, potrivite c\u0103l\u0103torilor \u0219i expa\u021bilor care vor s\u0103 descopere <strong>via\u021ba local\u0103 din Cotignac<\/strong>.<\/p>\n\n\n\n<div style=\"height:10px\" aria-hidden=\"true\" class=\"wp-block-spacer\"><\/div>\n\n\n\n<h4 class=\"wp-block-heading\">Le Jardin Secret (Stea Verde Michelin)<\/h4>\n\n\n\n<p>\u00cen inima <strong>Cotignac Provence<\/strong>, se afl\u0103 <strong><strong><a href=\"https:\/\/guide.michelin.com\/en\/provence-alpes-cote-dazur\/cotignac\/restaurant\/jardin-secret\" target=\"_blank\" rel=\"noreferrer noopener\">Le Jardin Secret<\/a><\/strong><\/strong>, parte a domeniului Lou Calen Cotignac. Acest <strong>restaurant din Cotignac<\/strong> a primit o Stea Verde Michelin pentru buc\u0103t\u0103ria sa sezonier\u0103 \u0219i responsabil\u0103, bazat\u0103 pe legume culese la r\u0103s\u0103rit, carne provenit\u0103 din ferme locale \u0219i pe\u0219te proasp\u0103t.<\/p>\n\n\n\n<p>Terasa se afl\u0103 sub smochini, iar aerul miroase a frunze de m\u0103slin. E bine s\u0103 faci rezervare din timp dac\u0103 vrei s\u0103 te r\u0103sfe\u021bi cu <strong>buc\u0103t\u0103ria provensal\u0103 autentic\u0103<\/strong>, preg\u0103tit\u0103 \u00eentr-un stil elegant \u0219i rafinat.<\/p>\n\n\n\n<div style=\"height:10px\" aria-hidden=\"true\" class=\"wp-block-spacer\"><\/div>\n\n\n\n<figure class=\"wp-block-image size-full\"><img loading=\"lazy\" decoding=\"async\" width=\"792\" height=\"294\" src=\"https:\/\/www.the-travel-bunny.com\/ro\/wp-content\/uploads\/sites\/2\/2025\/11\/Bar-Le-Marigny-si-Cafe-Union-restaurant-Cotignac-Provence.jpg\" alt=\"Strad\u0103 animat\u0103 din Cotignac Provence Verte cu terasele Bar Le Marigny \u0219i Caf\u00e9 de l\u2019Union, decorate cu lumini \u0219i plante sub platanii satului\" class=\"wp-image-10621\" title=\"\" srcset=\"https:\/\/www.the-travel-bunny.com\/ro\/wp-content\/uploads\/sites\/2\/2025\/11\/Bar-Le-Marigny-si-Cafe-Union-restaurant-Cotignac-Provence.jpg 792w, https:\/\/www.the-travel-bunny.com\/ro\/wp-content\/uploads\/sites\/2\/2025\/11\/Bar-Le-Marigny-si-Cafe-Union-restaurant-Cotignac-Provence-300x111.jpg 300w, https:\/\/www.the-travel-bunny.com\/ro\/wp-content\/uploads\/sites\/2\/2025\/11\/Bar-Le-Marigny-si-Cafe-Union-restaurant-Cotignac-Provence-768x285.jpg 768w\" sizes=\"auto, (max-width: 792px) 100vw, 792px\" \/><figcaption class=\"wp-element-caption\"><em>Bar Le Marigny \u0219i Caf\u00e9 de l\u2019Union se afl\u0103 fa\u021b\u0103 \u00een fa\u021b\u0103 pe Cours Gambetta, inima social\u0103 a satului Cotignac. Localnicii se adun\u0103 aici pentru o cafea diminea\u021ba, un aperitiv dup\u0103-amiaza sau un pahar de vin \u00een timpul festivalului gutuilor Cotignac F\u00eate du Coing.<\/em><\/figcaption><\/figure>\n\n\n\n<h4 class=\"wp-block-heading\">Bar Le Marigny &amp; Caf\u00e9 de l\u2019Union<\/h4>\n\n\n\n<p><strong>Bar Le Marigny<\/strong> se afl\u0103 chiar \u00een centrul satului, pe <strong>Cours Gambetta<\/strong>. Este locul preferat al localnicilor pentru cafea, aperitive \u0219i b\u0103uturi relaxate, mai ales \u00een timpul evenimentelor Cotignac precum <strong>F\u00eate du Coing<\/strong>. Noi ne-am oprit aici de mai multe ori, inclusiv pentru un <strong><em>vin fiert de gutui<\/em><\/strong>, \u0219i a fost locul perfect pentru a observa via\u021ba din Cotignac Provence.<\/p>\n\n\n\n<p>Pentru m\u00e2ncare, <strong>Caf\u00e9 de l\u2019Union<\/strong> de al\u0103turi serve\u0219te clasice <strong>preparate provensale<\/strong> la pre\u021buri corecte, ideale pentru un pr\u00e2nz simplu sau o cin\u0103 relaxat\u0103.<\/p>\n\n\n\n<div style=\"height:10px\" aria-hidden=\"true\" class=\"wp-block-spacer\"><\/div>\n\n\n\n<h4 class=\"wp-block-heading\"><strong>Le Clos des Vignes &amp; Degustare de vin la Mirabeau Wine &amp; Spirits<\/strong><\/h4>\n\n\n\n<p>Dac\u0103 preferi vinurile din Provence, opre\u0219te-te la <strong>Mirabeau Wine &amp; Spirits Cotignac<\/strong> pentru o sesiune de degustare. Buticul prezint\u0103 <strong>vinuri ros\u00e9 premium<\/strong> \u0219i invit\u0103 la discu\u021bii despre terroir, soiuri de struguri \u0219i <strong>istoria viticol\u0103 a regiunii<\/strong>.<\/p>\n\n\n\n<p>Dup\u0103 degustare, po\u021bi lua masa la <strong>Le Clos des Vignes Cotignac<\/strong>, unde vinurile locale se \u00eembin\u0103 armonios cu preparate regionale, adesea servite pe terase umbrite cu vedere spre vii.<\/p>\n\n\n\n<div style=\"height:10px\" aria-hidden=\"true\" class=\"wp-block-spacer\"><\/div>\n\n\n\n<h4 class=\"wp-block-heading\">Mori de ulei din Cotignac \u0219i produc\u0103tori locali<\/h4>\n\n\n\n<p>Dincolo de restaurante, <strong>produc\u0103torii locali din Cotignac<\/strong> joac\u0103 un rol important. Unele <strong>mori de ulei din Cotignac<\/strong> \u00ee\u0219i deschid por\u021bile vizitatorilor \u0219i ofer\u0103 s\u0103li de degustare unde po\u021bi savura ulei de m\u0103sline din Cotignac proasp\u0103t presat, ierburi aromatice \u0219i tapenade delicioase. Pentru expa\u021bi sau pentru c\u0103l\u0103torii pasiona\u021bi de gastronomie, a combina o <strong>vizit\u0103 \u00een Cotignac<\/strong> cu o cin\u0103 la un restaurant de top face experien\u021ba mai bogat\u0103 \u0219i mai autentic\u0103.<\/p>\n\n\n\n<hr class=\"wp-block-separator has-alpha-channel-opacity is-style-dots\"\/>\n\n\n\n<h3 class=\"wp-block-heading\">Bani, limb\u0103, bagaje, conectivitate<\/h3>\n\n\n\n<p><strong>C\u0103l\u0103toria \u00een Cotignac Provence<\/strong> este simpl\u0103 \u0219i pl\u0103cut\u0103, chiar \u0219i pentru cei care vin pentru prima dat\u0103. Satul este bine adaptat at\u00e2t pentru turi\u0219tii afla\u021bi \u00een trecere, c\u00e2t \u0219i pentru expa\u021bii care tr\u0103iesc \u00een Provence Verte, astfel \u00eenc\u00e2t aspecte practice precum pl\u0103\u021bile, comunicarea \u0219i conexiunea la internet nu ridic\u0103 probleme.<\/p>\n\n\n\n<div style=\"height:10px\" aria-hidden=\"true\" class=\"wp-block-spacer\"><\/div>\n\n\n\n<h4 class=\"wp-block-heading\">Bani &amp; pl\u0103\u021bi<\/h4>\n\n\n\n<p>Nu este nevoie s\u0103 ai mult numerar \u00een Cotignac Var. Majoritatea locurilor accept\u0103 plata cu cardul, de la restaurante \u0219i cafenele p\u00e2n\u0103 la tarabele din pia\u021ba din Cotignac \u0219i chiar la casa de bilete a pe\u0219terilor trogloditice din Cotignac. Din experien\u021ba mea, nu ai nevoie de cecuri. <strong>Cardurile sunt acceptate peste tot, inclusiv la vizita la pe\u0219teri<\/strong>.<\/p>\n\n\n\n<p>\u00cen Pia\u021ba Prim\u0103riei Cotignac, l\u00e2ng\u0103 prim\u0103ria Cotignac, exist\u0103 un <strong>bancomat<\/strong> unde po\u021bi retrage euro. Pre\u021burile sunt tipice pentru <strong>satele din Provence Verte<\/strong>: o cafea cost\u0103 aproximativ 2 \u20ac, un pahar de vin 4 \u20ac, iar un meniu complet de trei feluri 25-30 \u20ac.<\/p>\n\n\n\n<div style=\"height:10px\" aria-hidden=\"true\" class=\"wp-block-spacer\"><\/div>\n\n\n\n<h4 class=\"wp-block-heading\">Limb\u0103 &amp; comunicare<\/h4>\n\n\n\n<p>Engleza este destul de bine \u00een\u021beleas\u0103 \u00een magazine, restaurante \u0219i spa\u021bii de cazare din Cotignac, \u00eens\u0103 folosirea c\u00e2torva <strong>expresii \u00een francez\u0103<\/strong> ajut\u0103 mult. Saluturi simple precum <em>Bonjour<\/em>, <em>Merci<\/em> sau <em>L\u2019addition, s\u2019il vous pla\u00eet<\/em> creeaz\u0103 mereu o leg\u0103tur\u0103 bun\u0103 cu localnicii. Expa\u021bii stabili\u021bi \u00een zon\u0103 amestec\u0103 adesea franceza \u0219i engleza, deci nu te \u00eengrijora dac\u0103 franceza ta e de baz\u0103. Locuitorii apreciaz\u0103 orice efort de a le vorbi \u00een limba lor.<\/p>\n\n\n\n<div style=\"height:10px\" aria-hidden=\"true\" class=\"wp-block-spacer\"><\/div>\n\n\n\n<h4 class=\"wp-block-heading\">Ce s\u0103 pui \u00een bagaj pentru Cotignac<\/h4>\n\n\n\n<p>C\u00e2nd \u00ee\u021bi preg\u0103te\u0219ti <strong>bagajul pentru o vizit\u0103 Cotignac<\/strong>, g\u00e2nde\u0219te-te la straturi. Clima din Cotignac se schimb\u0103 rapid \u00eentre soare \u0219i umbr\u0103, mai ales prim\u0103vara \u0219i toamna. \u00cen aceste anotimpuri este ideal s\u0103 ai haine pe care le po\u021bi ad\u0103uga sau da jos dup\u0103 nevoie. <strong>Pantofii comozi<\/strong> sunt esen\u021biali pentru plimb\u0103rile \u00een Cotignac sau pentru trasee precum Balade du Rocher, iar o jachet\u0103 sub\u021bire de ploaie e util\u0103 la final de octombrie.<\/p>\n\n\n\n<p>Familiile care c\u0103l\u0103toresc cu copii mici ar trebui s\u0103 includ\u0103 obiecte practice care fac diferen\u021ba, precum o linguri\u021b\u0103 de bebelu\u0219, gust\u0103ri \u0219i \u0219erve\u021bele suplimentare pentru zilele de pia\u021b\u0103 \u00een Cotignac.<\/p>\n\n\n\n<style type=\"text\/css\">@import url(\"https:\/\/assets.mlcdn.com\/fonts.css?version=1760701\");<\/style>\n    <style type=\"text\/css\">\n    \/* LOADER *\/\n    .ml-form-embedSubmitLoad {\n      display: inline-block;\n      width: 20px;\n      height: 20px;\n    }\n\n    .g-recaptcha {\n    transform: scale(1);\n    -webkit-transform: scale(1);\n    transform-origin: 0 0;\n    -webkit-transform-origin: 0 0;\n    height: ;\n    }\n\n    .sr-only {\n      position: absolute;\n      width: 1px;\n      height: 1px;\n      padding: 0;\n      margin: -1px;\n      overflow: hidden;\n      clip: rect(0,0,0,0);\n      border: 0;\n    }\n\n    .ml-form-embedSubmitLoad:after {\n      content: \" \";\n      display: block;\n      width: 11px;\n      height: 11px;\n      margin: 1px;\n      border-radius: 50%;\n      border: 4px solid #fff;\n    border-color: #ffffff #ffffff #ffffff transparent;\n    animation: ml-form-embedSubmitLoad 1.2s linear infinite;\n    }\n    @keyframes ml-form-embedSubmitLoad {\n      0% {\n      transform: rotate(0deg);\n      }\n      100% {\n      transform: rotate(360deg);\n      }\n    }\n      #mlb2-32216960.ml-form-embedContainer {\n        box-sizing: border-box;\n        display: table;\n        margin: 0 auto;\n        position: static;\n        width: 100% !important;\n      }\n      #mlb2-32216960.ml-form-embedContainer h4,\n      #mlb2-32216960.ml-form-embedContainer p,\n      #mlb2-32216960.ml-form-embedContainer span,\n      #mlb2-32216960.ml-form-embedContainer button {\n        text-transform: none !important;\n        letter-spacing: normal !important;\n      }\n      #mlb2-32216960.ml-form-embedContainer .ml-form-embedWrapper {\n        background-color: ;\n        \n        border-width: 0px;\n        border-color: transparent;\n        border-radius: 4px;\n        border-style: solid;\n        box-sizing: border-box;\n        display: inline-block !important;\n        margin: 0;\n        padding: 0;\n        position: relative;\n              }\n      #mlb2-32216960.ml-form-embedContainer .ml-form-embedWrapper.embedPopup,\n      #mlb2-32216960.ml-form-embedContainer .ml-form-embedWrapper.embedDefault { width: 100%; }\n      #mlb2-32216960.ml-form-embedContainer .ml-form-embedWrapper.embedForm { max-width: 100%; width: 100%; }\n      #mlb2-32216960.ml-form-embedContainer .ml-form-align-left { text-align: left; }\n      #mlb2-32216960.ml-form-embedContainer .ml-form-align-center { text-align: center; }\n      #mlb2-32216960.ml-form-embedContainer .ml-form-align-default { display: table-cell !important; vertical-align: middle !important; text-align: center !important; }\n      #mlb2-32216960.ml-form-embedContainer .ml-form-align-right { text-align: right; }\n      #mlb2-32216960.ml-form-embedContainer .ml-form-embedWrapper .ml-form-embedHeader img {\n        border-top-left-radius: 4px;\n        border-top-right-radius: 4px;\n        height: auto;\n        margin: 0 auto !important;\n        max-width: 100%;\n        width: undefinedpx;\n      }\n      #mlb2-32216960.ml-form-embedContainer .ml-form-embedWrapper .ml-form-embedBody,\n      #mlb2-32216960.ml-form-embedContainer .ml-form-embedWrapper .ml-form-successBody {\n        padding: 20px 20px 0 20px;\n      }\n      #mlb2-32216960.ml-form-embedContainer .ml-form-embedWrapper .ml-form-embedBody.ml-form-embedBodyHorizontal {\n        padding-bottom: 0;\n      }\n      #mlb2-32216960.ml-form-embedContainer .ml-form-embedWrapper .ml-form-embedBody .ml-form-embedContent,\n      #mlb2-32216960.ml-form-embedContainer .ml-form-embedWrapper .ml-form-successBody .ml-form-successContent {\n        text-align: left;\n        margin: 0 0 20px 0;\n      }\n      #mlb2-32216960.ml-form-embedContainer .ml-form-embedWrapper .ml-form-embedBody .ml-form-embedContent h4,\n      #mlb2-32216960.ml-form-embedContainer .ml-form-embedWrapper .ml-form-successBody .ml-form-successContent h4 {\n        color: #333333;\n        font-family: 'Open Sans', Arial, Helvetica, sans-serif;\n        font-size: 30px;\n        font-weight: 400;\n        margin: 0 0 10px 0;\n        text-align: left;\n        word-break: break-word;\n      }\n      #mlb2-32216960.ml-form-embedContainer .ml-form-embedWrapper .ml-form-embedBody .ml-form-embedContent p,\n      #mlb2-32216960.ml-form-embedContainer .ml-form-embedWrapper .ml-form-successBody .ml-form-successContent p {\n        color: #333333;\n        font-family: 'Open Sans', Arial, Helvetica, sans-serif;\n        font-size: 14px;\n        font-weight: 400;\n        line-height: 20px;\n        margin: 0 0 10px 0;\n        text-align: left;\n      }\n      #mlb2-32216960.ml-form-embedContainer .ml-form-embedWrapper .ml-form-embedBody .ml-form-embedContent ul,\n      #mlb2-32216960.ml-form-embedContainer .ml-form-embedWrapper .ml-form-embedBody .ml-form-embedContent ol,\n      #mlb2-32216960.ml-form-embedContainer .ml-form-embedWrapper .ml-form-successBody .ml-form-successContent ul,\n      #mlb2-32216960.ml-form-embedContainer .ml-form-embedWrapper .ml-form-successBody .ml-form-successContent ol {\n        color: #333333;\n        font-family: 'Open Sans', Arial, Helvetica, sans-serif;\n        font-size: 14px;\n      }\n      #mlb2-32216960.ml-form-embedContainer .ml-form-embedWrapper .ml-form-embedBody .ml-form-embedContent ol ol,\n      #mlb2-32216960.ml-form-embedContainer .ml-form-embedWrapper .ml-form-successBody .ml-form-successContent ol ol {\n        list-style-type: lower-alpha;\n      }\n      #mlb2-32216960.ml-form-embedContainer .ml-form-embedWrapper .ml-form-embedBody .ml-form-embedContent ol ol ol,\n      #mlb2-32216960.ml-form-embedContainer .ml-form-embedWrapper .ml-form-successBody .ml-form-successContent ol ol ol {\n        list-style-type: lower-roman;\n      }\n      #mlb2-32216960.ml-form-embedContainer .ml-form-embedWrapper .ml-form-embedBody .ml-form-embedContent p a,\n      #mlb2-32216960.ml-form-embedContainer .ml-form-embedWrapper .ml-form-successBody .ml-form-successContent p a {\n        color: #000000;\n        text-decoration: underline;\n      }\n\n      #mlb2-32216960.ml-form-embedContainer .ml-form-embedWrapper .ml-block-form .ml-field-group {\n        text-align: left!important;\n      }\n\n      #mlb2-32216960.ml-form-embedContainer .ml-form-embedWrapper .ml-block-form .ml-field-group label {\n        margin-bottom: 5px;\n        color: #333333;\n        font-size: 14px;\n        font-family: 'Open Sans', Arial, Helvetica, sans-serif;\n        font-weight: bold; font-style: normal; text-decoration: none;;\n        display: inline-block;\n        line-height: 20px;\n      }\n      #mlb2-32216960.ml-form-embedContainer .ml-form-embedWrapper .ml-form-embedBody .ml-form-embedContent p:last-child,\n      #mlb2-32216960.ml-form-embedContainer .ml-form-embedWrapper .ml-form-successBody .ml-form-successContent p:last-child {\n        margin: 0;\n      }\n      #mlb2-32216960.ml-form-embedContainer .ml-form-embedWrapper .ml-form-embedBody form {\n        margin: 0;\n        width: 100%;\n      }\n      #mlb2-32216960.ml-form-embedContainer .ml-form-embedWrapper .ml-form-embedBody .ml-form-formContent,\n      #mlb2-32216960.ml-form-embedContainer .ml-form-embedWrapper .ml-form-embedBody .ml-form-checkboxRow {\n        margin: 0 0 20px 0;\n        width: 100%;\n      }\n      #mlb2-32216960.ml-form-embedContainer .ml-form-embedWrapper .ml-form-embedBody .ml-form-checkboxRow {\n        float: left;\n      }\n      #mlb2-32216960.ml-form-embedContainer .ml-form-embedWrapper .ml-form-embedBody .ml-form-formContent.horozintalForm {\n        margin: 0;\n        padding: 0 0 20px 0;\n        width: 100%;\n        height: auto;\n        float: left;\n      }\n      #mlb2-32216960.ml-form-embedContainer .ml-form-embedWrapper .ml-form-embedBody .ml-form-fieldRow {\n        margin: 0 0 10px 0;\n        width: 100%;\n      }\n      #mlb2-32216960.ml-form-embedContainer .ml-form-embedWrapper .ml-form-embedBody .ml-form-fieldRow.ml-last-item {\n        margin: 0;\n      }\n      #mlb2-32216960.ml-form-embedContainer .ml-form-embedWrapper .ml-form-embedBody .ml-form-fieldRow.ml-formfieldHorizintal {\n        margin: 0;\n      }\n      #mlb2-32216960.ml-form-embedContainer .ml-form-embedWrapper .ml-form-embedBody .ml-form-fieldRow input {\n        background-color: #ffffff !important;\n        color: #333333 !important;\n        border-color: #cccccc;\n        border-radius: 4px !important;\n        border-style: solid !important;\n        border-width: 1px !important;\n        font-family: 'Open Sans', Arial, Helvetica, sans-serif;\n        font-size: 14px !important;\n        height: auto;\n        line-height: 21px !important;\n        margin-bottom: 0;\n        margin-top: 0;\n        margin-left: 0;\n        margin-right: 0;\n        padding: 10px 10px !important;\n        width: 100% !important;\n        box-sizing: border-box !important;\n        max-width: 100% !important;\n      }\n      #mlb2-32216960.ml-form-embedContainer .ml-form-embedWrapper .ml-form-embedBody .ml-form-fieldRow input::-webkit-input-placeholder,\n      #mlb2-32216960.ml-form-embedContainer .ml-form-embedWrapper .ml-form-embedBody .ml-form-horizontalRow input::-webkit-input-placeholder { color: #333333; }\n\n      #mlb2-32216960.ml-form-embedContainer .ml-form-embedWrapper .ml-form-embedBody .ml-form-fieldRow input::-moz-placeholder,\n      #mlb2-32216960.ml-form-embedContainer .ml-form-embedWrapper .ml-form-embedBody .ml-form-horizontalRow input::-moz-placeholder { color: #333333; }\n\n      #mlb2-32216960.ml-form-embedContainer .ml-form-embedWrapper .ml-form-embedBody .ml-form-fieldRow input:-ms-input-placeholder,\n      #mlb2-32216960.ml-form-embedContainer .ml-form-embedWrapper .ml-form-embedBody .ml-form-horizontalRow input:-ms-input-placeholder { color: #333333; }\n\n      #mlb2-32216960.ml-form-embedContainer .ml-form-embedWrapper .ml-form-embedBody .ml-form-fieldRow input:-moz-placeholder,\n      #mlb2-32216960.ml-form-embedContainer .ml-form-embedWrapper .ml-form-embedBody .ml-form-horizontalRow input:-moz-placeholder { color: #333333; }\n\n      #mlb2-32216960.ml-form-embedContainer .ml-form-embedWrapper .ml-form-embedBody .ml-form-fieldRow textarea, #mlb2-32216960.ml-form-embedContainer .ml-form-embedWrapper .ml-form-embedBody .ml-form-horizontalRow textarea {\n        background-color: #ffffff !important;\n        color: #333333 !important;\n        border-color: #cccccc;\n        border-radius: 4px !important;\n        border-style: solid !important;\n        border-width: 1px !important;\n        font-family: 'Open Sans', Arial, Helvetica, sans-serif;\n        font-size: 14px !important;\n        height: auto;\n        line-height: 21px !important;\n        margin-bottom: 0;\n        margin-top: 0;\n        padding: 10px 10px !important;\n        width: 100% !important;\n        box-sizing: border-box !important;\n        max-width: 100% !important;\n      }\n\n      #mlb2-32216960.ml-form-embedContainer .ml-form-embedWrapper .ml-form-embedBody .ml-form-fieldRow .custom-radio .custom-control-label::before, #mlb2-32216960.ml-form-embedContainer .ml-form-embedWrapper .ml-form-embedBody .ml-form-horizontalRow .custom-radio .custom-control-label::before, #mlb2-32216960.ml-form-embedContainer .ml-form-embedWrapper .ml-form-embedBody .ml-form-fieldRow .custom-checkbox .custom-control-label::before, #mlb2-32216960.ml-form-embedContainer .ml-form-embedWrapper .ml-form-embedBody .ml-form-horizontalRow .custom-checkbox .custom-control-label::before, #mlb2-32216960.ml-form-embedContainer .ml-form-embedWrapper .ml-form-embedBody .ml-form-embedPermissions .ml-form-embedPermissionsOptionsCheckbox .label-description::before, #mlb2-32216960.ml-form-embedContainer .ml-form-embedWrapper .ml-form-embedBody .ml-form-interestGroupsRow .ml-form-interestGroupsRowCheckbox .label-description::before, #mlb2-32216960.ml-form-embedContainer .ml-form-embedWrapper .ml-form-embedBody .ml-form-checkboxRow .label-description::before {\n          border-color: #cccccc!important;\n          background-color: #ffffff!important;\n      }\n\n      #mlb2-32216960.ml-form-embedContainer .ml-form-embedWrapper .ml-form-embedBody .ml-form-fieldRow input.custom-control-input[type=\"checkbox\"]{\n        box-sizing: border-box;\n        padding: 0;\n        position: absolute;\n        z-index: -1;\n        opacity: 0;\n        margin-top: 5px;\n        margin-left: -1.5rem;\n        overflow: visible;\n      }\n\n      #mlb2-32216960.ml-form-embedContainer .ml-form-embedWrapper .ml-form-embedBody .ml-form-fieldRow .custom-checkbox .custom-control-label::before, #mlb2-32216960.ml-form-embedContainer .ml-form-embedWrapper .ml-form-embedBody .ml-form-horizontalRow .custom-checkbox .custom-control-label::before, #mlb2-32216960.ml-form-embedContainer .ml-form-embedWrapper .ml-form-embedBody .ml-form-embedPermissions .ml-form-embedPermissionsOptionsCheckbox .label-description::before, #mlb2-32216960.ml-form-embedContainer .ml-form-embedWrapper .ml-form-embedBody .ml-form-interestGroupsRow .ml-form-interestGroupsRowCheckbox .label-description::before, #mlb2-32216960.ml-form-embedContainer .ml-form-embedWrapper .ml-form-embedBody .ml-form-checkboxRow .label-description::before {\n        border-radius: 4px!important;\n      }\n\n\n      #mlb2-32216960.ml-form-embedContainer .ml-form-embedWrapper .ml-form-embedBody .ml-form-checkboxRow input[type=checkbox]:checked~.label-description::after, #mlb2-32216960.ml-form-embedContainer .ml-form-embedWrapper .ml-form-embedBody .ml-form-embedPermissions .ml-form-embedPermissionsOptionsCheckbox input[type=checkbox]:checked~.label-description::after, #mlb2-32216960.ml-form-embedContainer .ml-form-embedWrapper .ml-form-embedBody .ml-form-fieldRow .custom-checkbox .custom-control-input:checked~.custom-control-label::after, #mlb2-32216960.ml-form-embedContainer .ml-form-embedWrapper .ml-form-embedBody .ml-form-horizontalRow .custom-checkbox .custom-control-input:checked~.custom-control-label::after, #mlb2-32216960.ml-form-embedContainer .ml-form-embedWrapper .ml-form-embedBody .ml-form-interestGroupsRow .ml-form-interestGroupsRowCheckbox input[type=checkbox]:checked~.label-description::after {\n        background-image: url(\"data:image\/svg+xml,%3csvg xmlns='http:\/\/www.w3.org\/2000\/svg' viewBox='0 0 8 8'%3e%3cpath fill='%23fff' d='M6.564.75l-3.59 3.612-1.538-1.55L0 4.26 2.974 7.25 8 2.193z'\/%3e%3c\/svg%3e\");\n      }\n\n      #mlb2-32216960.ml-form-embedContainer .ml-form-embedWrapper .ml-form-embedBody .ml-form-fieldRow .custom-radio .custom-control-input:checked~.custom-control-label::after, #mlb2-32216960.ml-form-embedContainer .ml-form-embedWrapper .ml-form-embedBody .ml-form-fieldRow .custom-radio .custom-control-input:checked~.custom-control-label::after {\n        background-image: url(\"data:image\/svg+xml,%3csvg xmlns='http:\/\/www.w3.org\/2000\/svg' viewBox='-4 -4 8 8'%3e%3ccircle r='3' fill='%23fff'\/%3e%3c\/svg%3e\");\n      }\n\n      #mlb2-32216960.ml-form-embedContainer .ml-form-embedWrapper .ml-form-embedBody .ml-form-fieldRow .custom-radio .custom-control-input:checked~.custom-control-label::before, #mlb2-32216960.ml-form-embedContainer .ml-form-embedWrapper .ml-form-embedBody .ml-form-horizontalRow .custom-radio .custom-control-input:checked~.custom-control-label::before, #mlb2-32216960.ml-form-embedContainer .ml-form-embedWrapper .ml-form-embedBody .ml-form-fieldRow .custom-checkbox .custom-control-input:checked~.custom-control-label::before, #mlb2-32216960.ml-form-embedContainer .ml-form-embedWrapper .ml-form-embedBody .ml-form-horizontalRow .custom-checkbox .custom-control-input:checked~.custom-control-label::before, #mlb2-32216960.ml-form-embedContainer .ml-form-embedWrapper .ml-form-embedBody .ml-form-embedPermissions .ml-form-embedPermissionsOptionsCheckbox input[type=checkbox]:checked~.label-description::before, #mlb2-32216960.ml-form-embedContainer .ml-form-embedWrapper .ml-form-embedBody .ml-form-interestGroupsRow .ml-form-interestGroupsRowCheckbox input[type=checkbox]:checked~.label-description::before, #mlb2-32216960.ml-form-embedContainer .ml-form-embedWrapper .ml-form-embedBody .ml-form-checkboxRow input[type=checkbox]:checked~.label-description::before  {\n          border-color: #000000!important;\n          background-color: #000000!important;\n      }\n\n      #mlb2-32216960.ml-form-embedContainer .ml-form-embedWrapper .ml-form-embedBody .ml-form-fieldRow .custom-radio .custom-control-label::before, #mlb2-32216960.ml-form-embedContainer .ml-form-embedWrapper .ml-form-embedBody .ml-form-horizontalRow .custom-radio .custom-control-label::before, #mlb2-32216960.ml-form-embedContainer .ml-form-embedWrapper .ml-form-embedBody .ml-form-fieldRow .custom-radio .custom-control-label::after, #mlb2-32216960.ml-form-embedContainer .ml-form-embedWrapper .ml-form-embedBody .ml-form-horizontalRow .custom-radio .custom-control-label::after, #mlb2-32216960.ml-form-embedContainer .ml-form-embedWrapper .ml-form-embedBody .ml-form-fieldRow .custom-checkbox .custom-control-label::before, #mlb2-32216960.ml-form-embedContainer .ml-form-embedWrapper .ml-form-embedBody .ml-form-fieldRow .custom-checkbox .custom-control-label::after, #mlb2-32216960.ml-form-embedContainer .ml-form-embedWrapper .ml-form-embedBody .ml-form-horizontalRow .custom-checkbox .custom-control-label::before, #mlb2-32216960.ml-form-embedContainer .ml-form-embedWrapper .ml-form-embedBody .ml-form-horizontalRow .custom-checkbox .custom-control-label::after {\n           top: 2px;\n           box-sizing: border-box;\n      }\n\n      #mlb2-32216960.ml-form-embedContainer .ml-form-embedWrapper .ml-form-embedBody .ml-form-embedPermissions .ml-form-embedPermissionsOptionsCheckbox .label-description::before, #mlb2-32216960.ml-form-embedContainer .ml-form-embedWrapper .ml-form-embedBody .ml-form-embedPermissions .ml-form-embedPermissionsOptionsCheckbox .label-description::after, #mlb2-32216960.ml-form-embedContainer .ml-form-embedWrapper .ml-form-embedBody .ml-form-checkboxRow .label-description::before, #mlb2-32216960.ml-form-embedContainer .ml-form-embedWrapper .ml-form-embedBody .ml-form-checkboxRow .label-description::after {\n           top: 0px!important;\n           box-sizing: border-box!important;\n      }\n\n      #mlb2-32216960.ml-form-embedContainer .ml-form-embedWrapper .ml-form-embedBody .ml-form-checkboxRow .label-description::before, #mlb2-32216960.ml-form-embedContainer .ml-form-embedWrapper .ml-form-embedBody .ml-form-checkboxRow .label-description::after {\n        top: 0px!important;\n           box-sizing: border-box!important;\n      }\n\n       #mlb2-32216960.ml-form-embedContainer .ml-form-embedWrapper .ml-form-embedBody .ml-form-interestGroupsRow .ml-form-interestGroupsRowCheckbox .label-description::after {\n            top: 0px!important;\n            box-sizing: border-box!important;\n            position: absolute;\n            left: -1.5rem;\n            display: block;\n            width: 1rem;\n            height: 1rem;\n            content: \"\";\n       }\n\n      #mlb2-32216960.ml-form-embedContainer .ml-form-embedWrapper .ml-form-embedBody .ml-form-interestGroupsRow .ml-form-interestGroupsRowCheckbox .label-description::before {\n        top: 0px!important;\n        box-sizing: border-box!important;\n      }\n\n      #mlb2-32216960.ml-form-embedContainer .ml-form-embedWrapper .ml-form-embedBody .custom-control-label::before {\n          position: absolute;\n          top: 4px;\n          left: -1.5rem;\n          display: block;\n          width: 16px;\n          height: 16px;\n          pointer-events: none;\n          content: \"\";\n          background-color: #ffffff;\n          border: #adb5bd solid 1px;\n          border-radius: 50%;\n      }\n\n      #mlb2-32216960.ml-form-embedContainer .ml-form-embedWrapper .ml-form-embedBody .custom-control-label::after {\n          position: absolute;\n          top: 2px!important;\n          left: -1.5rem;\n          display: block;\n          width: 1rem;\n          height: 1rem;\n          content: \"\";\n      }\n\n      #mlb2-32216960.ml-form-embedContainer .ml-form-embedWrapper .ml-form-embedBody .ml-form-embedPermissions .ml-form-embedPermissionsOptionsCheckbox .label-description::before, #mlb2-32216960.ml-form-embedContainer .ml-form-embedWrapper .ml-form-embedBody .ml-form-interestGroupsRow .ml-form-interestGroupsRowCheckbox .label-description::before, #mlb2-32216960.ml-form-embedContainer .ml-form-embedWrapper .ml-form-embedBody .ml-form-checkboxRow .label-description::before {\n          position: absolute;\n          top: 4px;\n          left: -1.5rem;\n          display: block;\n          width: 16px;\n          height: 16px;\n          pointer-events: none;\n          content: \"\";\n          background-color: #ffffff;\n          border: #adb5bd solid 1px;\n          border-radius: 50%;\n      }\n\n      #mlb2-32216960.ml-form-embedContainer .ml-form-embedWrapper .ml-form-embedBody .ml-form-embedPermissions .ml-form-embedPermissionsOptionsCheckbox .label-description::after {\n          position: absolute;\n          top: 0px!important;\n          left: -1.5rem;\n          display: block;\n          width: 1rem;\n          height: 1rem;\n          content: \"\";\n      }\n\n      #mlb2-32216960.ml-form-embedContainer .ml-form-embedWrapper .ml-form-embedBody .ml-form-checkboxRow .label-description::after {\n          position: absolute;\n          top: 0px!important;\n          left: -1.5rem;\n          display: block;\n          width: 1rem;\n          height: 1rem;\n          content: \"\";\n      }\n\n      #mlb2-32216960.ml-form-embedContainer .ml-form-embedWrapper .ml-form-embedBody .custom-radio .custom-control-label::after {\n          background: no-repeat 50%\/50% 50%;\n      }\n      #mlb2-32216960.ml-form-embedContainer .ml-form-embedWrapper .ml-form-embedBody .custom-checkbox .custom-control-label::after, #mlb2-32216960.ml-form-embedContainer .ml-form-embedWrapper .ml-form-embedBody .ml-form-embedPermissions .ml-form-embedPermissionsOptionsCheckbox .label-description::after, #mlb2-32216960.ml-form-embedContainer .ml-form-embedWrapper .ml-form-embedBody .ml-form-interestGroupsRow .ml-form-interestGroupsRowCheckbox .label-description::after, #mlb2-32216960.ml-form-embedContainer .ml-form-embedWrapper .ml-form-embedBody .ml-form-checkboxRow .label-description::after {\n          background: no-repeat 50%\/50% 50%;\n      }\n\n      #mlb2-32216960.ml-form-embedContainer .ml-form-embedWrapper .ml-form-embedBody .ml-form-fieldRow .custom-control, #mlb2-32216960.ml-form-embedContainer .ml-form-embedWrapper .ml-form-embedBody .ml-form-horizontalRow .custom-control {\n        position: relative;\n        display: block;\n        min-height: 1.5rem;\n        padding-left: 1.5rem;\n      }\n\n      #mlb2-32216960.ml-form-embedContainer .ml-form-embedWrapper .ml-form-embedBody .ml-form-fieldRow .custom-radio .custom-control-input, #mlb2-32216960.ml-form-embedContainer .ml-form-embedWrapper .ml-form-embedBody .ml-form-horizontalRow .custom-radio .custom-control-input, #mlb2-32216960.ml-form-embedContainer .ml-form-embedWrapper .ml-form-embedBody .ml-form-fieldRow .custom-checkbox .custom-control-input, #mlb2-32216960.ml-form-embedContainer .ml-form-embedWrapper .ml-form-embedBody .ml-form-horizontalRow .custom-checkbox .custom-control-input {\n          position: absolute;\n          z-index: -1;\n          opacity: 0;\n          box-sizing: border-box;\n          padding: 0;\n      }\n\n      #mlb2-32216960.ml-form-embedContainer .ml-form-embedWrapper .ml-form-embedBody .ml-form-fieldRow .custom-radio .custom-control-label, #mlb2-32216960.ml-form-embedContainer .ml-form-embedWrapper .ml-form-embedBody .ml-form-horizontalRow .custom-radio .custom-control-label, #mlb2-32216960.ml-form-embedContainer .ml-form-embedWrapper .ml-form-embedBody .ml-form-fieldRow .custom-checkbox .custom-control-label, #mlb2-32216960.ml-form-embedContainer .ml-form-embedWrapper .ml-form-embedBody .ml-form-horizontalRow .custom-checkbox .custom-control-label {\n          color: #000000;\n          font-size: 12px!important;\n          font-family: 'Open Sans', Arial, Helvetica, sans-serif;\n          line-height: 22px;\n          margin-bottom: 0;\n          position: relative;\n          vertical-align: top;\n          font-style: normal;\n          font-weight: 700;\n      }\n\n      #mlb2-32216960.ml-form-embedContainer .ml-form-embedWrapper .ml-form-embedBody .ml-form-fieldRow .custom-select, #mlb2-32216960.ml-form-embedContainer .ml-form-embedWrapper .ml-form-embedBody .ml-form-horizontalRow .custom-select {\n        background-color: #ffffff !important;\n        color: #333333 !important;\n        border-color: #cccccc;\n        border-radius: 4px !important;\n        border-style: solid !important;\n        border-width: 1px !important;\n        font-family: 'Open Sans', Arial, Helvetica, sans-serif;\n        font-size: 14px !important;\n        line-height: 20px !important;\n        margin-bottom: 0;\n        margin-top: 0;\n        padding: 10px 28px 10px 12px !important;\n        width: 100% !important;\n        box-sizing: border-box !important;\n        max-width: 100% !important;\n        height: auto;\n        display: inline-block;\n        vertical-align: middle;\n        background: url('https:\/\/assets.mlcdn.com\/ml\/images\/default\/dropdown.svg') no-repeat right .75rem center\/8px 10px;\n        -webkit-appearance: none;\n        -moz-appearance: none;\n        appearance: none;\n      }\n\n\n      #mlb2-32216960.ml-form-embedContainer .ml-form-embedWrapper .ml-form-embedBody .ml-form-horizontalRow {\n        height: auto;\n        width: 100%;\n        float: left;\n      }\n      .ml-form-formContent.horozintalForm .ml-form-horizontalRow .ml-input-horizontal { width: 70%; float: left; }\n      .ml-form-formContent.horozintalForm .ml-form-horizontalRow .ml-button-horizontal { width: 30%; float: left; }\n      .ml-form-formContent.horozintalForm .ml-form-horizontalRow .ml-button-horizontal.labelsOn { padding-top: 25px;  }\n      .ml-form-formContent.horozintalForm .ml-form-horizontalRow .horizontal-fields { box-sizing: border-box; float: left; padding-right: 10px;  }\n      #mlb2-32216960.ml-form-embedContainer .ml-form-embedWrapper .ml-form-embedBody .ml-form-horizontalRow input {\n        background-color: #ffffff;\n        color: #333333;\n        border-color: #cccccc;\n        border-radius: 4px;\n        border-style: solid;\n        border-width: 1px;\n        font-family: 'Open Sans', Arial, Helvetica, sans-serif;\n        font-size: 14px;\n        line-height: 20px;\n        margin-bottom: 0;\n        margin-top: 0;\n        padding: 10px 10px;\n        width: 100%;\n        box-sizing: border-box;\n        overflow-y: initial;\n      }\n      #mlb2-32216960.ml-form-embedContainer .ml-form-embedWrapper .ml-form-embedBody .ml-form-horizontalRow button {\n        background-color: #b74f30 !important;\n        border-color: #b74f30;\n        border-style: solid;\n        border-width: 1px;\n        border-radius: 4px;\n        box-shadow: none;\n        color: #ffffff !important;\n        cursor: pointer;\n        font-family: 'Open Sans', Arial, Helvetica, sans-serif;\n        font-size: 16px !important;\n        font-weight: 700;\n        line-height: 20px;\n        margin: 0 !important;\n        padding: 10px !important;\n        width: 100%;\n        height: auto;\n      }\n      #mlb2-32216960.ml-form-embedContainer .ml-form-embedWrapper .ml-form-embedBody .ml-form-horizontalRow button:hover {\n        background-color: #333333 !important;\n        border-color: #333333 !important;\n      }\n      #mlb2-32216960.ml-form-embedContainer .ml-form-embedWrapper .ml-form-embedBody .ml-form-checkboxRow input[type=\"checkbox\"] {\n        box-sizing: border-box;\n        padding: 0;\n        position: absolute;\n        z-index: -1;\n        opacity: 0;\n        margin-top: 5px;\n        margin-left: -1.5rem;\n        overflow: visible;\n      }\n      #mlb2-32216960.ml-form-embedContainer .ml-form-embedWrapper .ml-form-embedBody .ml-form-checkboxRow .label-description {\n        color: #000000;\n        display: block;\n        font-family: 'Open Sans', Arial, Helvetica, sans-serif;\n        font-size: 12px;\n        text-align: left;\n        margin-bottom: 0;\n        position: relative;\n        vertical-align: top;\n      }\n      #mlb2-32216960.ml-form-embedContainer .ml-form-embedWrapper .ml-form-embedBody .ml-form-checkboxRow label {\n        font-weight: normal;\n        margin: 0;\n        padding: 0;\n        position: relative;\n        display: block;\n        min-height: 24px;\n        padding-left: 24px;\n\n      }\n      #mlb2-32216960.ml-form-embedContainer .ml-form-embedWrapper .ml-form-embedBody .ml-form-checkboxRow label a {\n        color: #000000;\n        text-decoration: underline;\n      }\n      #mlb2-32216960.ml-form-embedContainer .ml-form-embedWrapper .ml-form-embedBody .ml-form-checkboxRow label p {\n        color: #000000 !important;\n        font-family: 'Open Sans', Arial, Helvetica, sans-serif !important;\n        font-size: 12px !important;\n        font-weight: normal !important;\n        line-height: 18px !important;\n        padding: 0 !important;\n        margin: 0 5px 0 0 !important;\n      }\n      #mlb2-32216960.ml-form-embedContainer .ml-form-embedWrapper .ml-form-embedBody .ml-form-checkboxRow label p:last-child {\n        margin: 0;\n      }\n      #mlb2-32216960.ml-form-embedContainer .ml-form-embedWrapper .ml-form-embedBody .ml-form-embedSubmit {\n        margin: 0 0 20px 0;\n        float: left;\n        width: 100%;\n      }\n      #mlb2-32216960.ml-form-embedContainer .ml-form-embedWrapper .ml-form-embedBody .ml-form-embedSubmit button {\n        background-color: #b74f30 !important;\n        border: none !important;\n        border-radius: 4px !important;\n        box-shadow: none !important;\n        color: #ffffff !important;\n        cursor: pointer;\n        font-family: 'Open Sans', Arial, Helvetica, sans-serif !important;\n        font-size: 16px !important;\n        font-weight: 700 !important;\n        line-height: 21px !important;\n        height: auto;\n        padding: 10px !important;\n        width: 100% !important;\n        box-sizing: border-box !important;\n      }\n      #mlb2-32216960.ml-form-embedContainer .ml-form-embedWrapper .ml-form-embedBody .ml-form-embedSubmit button.loading {\n        display: none;\n      }\n      #mlb2-32216960.ml-form-embedContainer .ml-form-embedWrapper .ml-form-embedBody .ml-form-embedSubmit button:hover {\n        background-color: #333333 !important;\n      }\n      .ml-subscribe-close {\n        width: 30px;\n        height: 30px;\n        background: url('https:\/\/assets.mlcdn.com\/ml\/images\/default\/modal_close.png') no-repeat;\n        background-size: 30px;\n        cursor: pointer;\n        margin-top: -10px;\n        margin-right: -10px;\n        position: absolute;\n        top: 0;\n        right: 0;\n      }\n      .ml-error input, .ml-error textarea, .ml-error select {\n        border-color: red!important;\n      }\n\n      .ml-error .custom-checkbox-radio-list {\n        border: 1px solid red !important;\n        border-radius: 4px;\n        padding: 10px;\n      }\n\n      .ml-error .label-description,\n      .ml-error .label-description p,\n      .ml-error .label-description p a,\n      .ml-error label:first-child {\n        color: #ff0000 !important;\n      }\n\n      #mlb2-32216960.ml-form-embedContainer .ml-form-embedWrapper .ml-form-embedBody .ml-form-checkboxRow.ml-error .label-description p,\n      #mlb2-32216960.ml-form-embedContainer .ml-form-embedWrapper .ml-form-embedBody .ml-form-checkboxRow.ml-error .label-description p:first-letter {\n        color: #ff0000 !important;\n      }\n            @media only screen and (max-width: 540px){\n\n        .ml-form-embedWrapper.embedDefault, .ml-form-embedWrapper.embedPopup { width: 100%!important; }\n        .ml-form-formContent.horozintalForm { float: left!important; }\n        .ml-form-formContent.horozintalForm .ml-form-horizontalRow { height: auto!important; width: 100%!important; float: left!important; }\n        .ml-form-formContent.horozintalForm .ml-form-horizontalRow .ml-input-horizontal { width: 100%!important; }\n        .ml-form-formContent.horozintalForm .ml-form-horizontalRow .ml-input-horizontal > div { padding-right: 0px!important; padding-bottom: 10px; }\n        .ml-form-formContent.horozintalForm .ml-button-horizontal { width: 100%!important; }\n        .ml-form-formContent.horozintalForm .ml-button-horizontal.labelsOn { padding-top: 0px!important; }\n\n      }\n    <\/style>\n\n    \n  \n    \n    \n\n    \n    \n\n    \n    \n\n    \n\n      \n        \n        \n      \n\n      \n        \n        \n      \n\n      \n\n            \n            \n            \n            \n            \n            \n      \n\n      \n\n      \n        \n        \n         \n        \n        \n      \n\n        \n        \n        \n        \n        \n        \n      \n\n       \n\n        \n        \n        \n        \n        \n        \n        \n       \n\n\n      \n        \n        \n        \n        \n  \n\n\n\n  \n        \n        \n        \n      \n\n\n      \n    \n    \n    \n    \n    \n    \n    \n  \n\n  \n        \n        \n        \n        \n        \n      \n\n      \n        \n        \n        \n        \n        \n      \n\n      \n        \n        \n        \n        \n        \n      \n\n       \n\n        \n        \n        \n        \n       \n\n       \n        \n        \n        \n        \n      \n\n      \n        \n        \n        \n        \n        \n        \n        \n       \n\n    \n\n    \n\n\n      \n\n\n      \n\n      \n      \n\n      \n\n      \n\n\n\n\n\n    \n\n      \n    <div id=\"mlb2-32216960\" class=\"ml-form-embedContainer ml-subscribe-form ml-subscribe-form-32216960\">\n      <div class=\"ml-form-align-center \">\n        <div class=\"ml-form-embedWrapper embedForm\">\n\n          \n          \n\n          <div class=\"ml-form-embedBody ml-form-embedBodyDefault row-form\">\n\n            <div class=\"ml-form-embedContent\" style=\" \">\n              \n                <h4><\/h4>\n                <p><br><\/p>\n<p><strong>\u00cempacheteaz\u0103 mai inteligent pentru toamn\u0103. Prime\u0219te gratuit Lista de bagaje pentru vacan\u021ba de toamn\u0103!<\/strong><br>Nu mai uita niciodat\u0103 un strat de haine, un \u00eenc\u0103rc\u0103tor sau un obiect esen\u021bial de c\u0103l\u0103torie. <strong>Aboneaz\u0103-te la newsletterul The Travel Bunny<\/strong>\u0219i descarc\u0103 imediat <strong>Lista de bagaje pentru vacan\u021ba de toamn\u0103<\/strong>, un material imprimabil creat pentru c\u0103l\u0103torii adev\u0103ra\u021bi care vor s\u0103 r\u0103m\u00e2n\u0103 organiza\u021bi, confortabili \u0219i f\u0103r\u0103 stres \u00een sezonul de toamn\u0103. Vei primi \u0219i sfaturi de c\u0103l\u0103torie pentru vacan\u021ba de toamn\u0103, idei de destina\u021bii de toamn\u0103 \u0219i oferte exclusive pentru vacan\u021be de toamn\u0103 direct \u00een inboxul t\u0103u.<\/p>\n<p><br><\/p>\n              \n            <\/div>\n\n            <form class=\"ml-block-form\" action=\"https:\/\/assets.mailerlite.com\/jsonp\/1408143\/forms\/168523863829776256\/subscribe\" data-code=\"\" method=\"post\" target=\"_blank\">\n              <div class=\"ml-form-formContent\">\n                \n\n                  \n                  <div class=\"ml-form-fieldRow \">\n                    <div class=\"ml-field-group ml-field-name ml-validate-required\">\n\n                      \n\n\n                      <!-- input -->\n                      <input aria-label=\"name\" aria-required=\"true\" type=\"text\" class=\"form-control\" data-inputmask=\"\" name=\"fields[name]\" placeholder=\"Name\" autocomplete=\"given-name\">\n                      <!-- \/input -->\n\n                      <!-- textarea -->\n                      \n                      <!-- \/textarea -->\n\n                      <!-- select -->\n                      \n                      <!-- \/select -->\n\n                      <!-- checkboxes -->\n            \n            <!-- \/checkboxes -->\n\n                      <!-- radio -->\n                      \n                      <!-- \/radio -->\n\n                      <!-- countries -->\n                      \n                      <!-- \/countries -->\n\n\n\n\n\n                    <\/div>\n                  <\/div><div class=\"ml-form-fieldRow ml-last-item\">\n                    <div class=\"ml-field-group ml-field-email ml-validate-email ml-validate-required\">\n\n                      \n\n\n                      <!-- input -->\n                      <input aria-label=\"email\" aria-required=\"true\" type=\"email\" class=\"form-control\" data-inputmask=\"\" name=\"fields[email]\" placeholder=\"Email\" autocomplete=\"email\">\n                      <!-- \/input -->\n\n                      <!-- textarea -->\n                      \n                      <!-- \/textarea -->\n\n                      <!-- select -->\n                      \n                      <!-- \/select -->\n\n                      <!-- checkboxes -->\n            \n            <!-- \/checkboxes -->\n\n                      <!-- radio -->\n                      \n                      <!-- \/radio -->\n\n                      <!-- countries -->\n                      \n                      <!-- \/countries -->\n\n\n\n\n\n                    <\/div>\n                  <\/div>\n                \n              <\/div>\n\n              \n\n              <!-- Privacy policy -->\n              \n              <!-- \/Privacy policy -->\n\n              \n\n              \n\n              \n\n\n\n\n\n\n              \n              <input type=\"hidden\" name=\"ml-submit\" value=\"1\">\n\n              <div class=\"ml-form-embedSubmit\">\n                \n                  <button type=\"submit\" class=\"primary\">Trimite-mi Lista gratuit\u0103 pentru vacan\u021ba de toamn\u0103!<\/button>\n                \n                <button disabled=\"disabled\" style=\"display: none;\" type=\"button\" class=\"loading\">\n                  <div class=\"ml-form-embedSubmitLoad\"><\/div>\n                  <span class=\"sr-only\">Loading&#8230;<\/span>\n                <\/button>\n              <\/div>\n\n              \n              <input type=\"hidden\" name=\"anticsrf\" value=\"true\">\n            <\/form>\n          <\/div>\n\n          <div class=\"ml-form-successBody row-success\" style=\"display: none\">\n\n            <div class=\"ml-form-successContent\">\n              \n                <h4>Verific\u0103-\u021bi inboxul!<\/h4>\n                <p><strong>Lista ta gratuit\u0103 pentru vacan\u021ba de toamn\u0103 este pe drum!<\/strong><\/p>\n              \n            <\/div>\n\n          <\/div>\n        <\/div>\n      <\/div>\n    <\/div>\n\n  \n\n  \n  \n  <script>\n    function ml_webform_success_32216960() {\n      var $ = ml_jQuery || jQuery;\n      $('.ml-subscribe-form-32216960 .row-success').show();\n      $('.ml-subscribe-form-32216960 .row-form').hide();\n    }\n      <\/script>\n  \n  \n      <script src=\"https:\/\/groot.mailerlite.com\/js\/w\/webforms.min.js?v176e10baa5e7ed80d35ae235be3d5024\" type=\"text\/javascript\"><\/script>\n        <script>\n            fetch(\"https:\/\/assets.mailerlite.com\/jsonp\/1408143\/forms\/168523863829776256\/takel\")\n        <\/script>\n\n\n\n<div style=\"height:10px\" aria-hidden=\"true\" class=\"wp-block-spacer\"><\/div>\n\n\n\n<h4 class=\"wp-block-heading\">Conectivitate &amp; utilizarea telefonului mobil<\/h4>\n\n\n\n<p>Acoperirea re\u021belei mobile este fiabil\u0103 \u00een tot Cotignac \u0219i \u00een valea \u00eenconjur\u0103toare, cu <strong>semnal bun pe toate re\u021belele mari franceze<\/strong>. Majoritatea hotelurilor, g\u00eetelor \u0219i cafenelelor ofer\u0103 acces <strong>wifi gratuit \u00een Cotignac<\/strong>, adesea f\u0103r\u0103 parol\u0103. Viteza datelor este suficient\u0103 pentru munc\u0103 la distan\u021b\u0103 sau apeluri video, ceea ce face satul o baz\u0103 confortabil\u0103 pentru expa\u021bi sau nomazi digitali care vor s\u0103 r\u0103m\u00e2n\u0103 conecta\u021bi f\u0103r\u0103 s\u0103 renun\u021be la ritmul provensal de via\u021b\u0103.<\/p>\n\n\n\n<hr class=\"wp-block-separator has-alpha-channel-opacity\"\/>\n\n\n\n<h2 class=\"wp-block-heading\" id=\"day-trips-and-nearby-villages\">Excursii de o zi din Cotignac &amp; sate din apropiere \u00een Provence<\/h2>\n\n\n\n<p>Cotignac Fran\u021ba este o <strong>baz\u0103 ideal\u0103 pentru a vizita Provence Verte<\/strong>, cu drumuri pitore\u0219ti, lacuri \u0219i sate coco\u021bate, toate la doar c\u00e2\u021biva kilometri distan\u021b\u0103. Peisajul alterneaz\u0103 \u00eentre vii, livezi de m\u0103slini \u0219i faleze calcaroase, oferindu-\u021bi experien\u021be diferite \u00een fiecare zi f\u0103r\u0103 s\u0103 petreci ore \u00eentregi pe drum. Aceste <strong>excursii de o zi din Cotignac Provence<\/strong> scot \u00een eviden\u021b\u0103 cele mai frumoase aspecte ale din istoria, natura \u0219i tradi\u021biile culinare ale regiunii.<\/p>\n\n\n\n<div style=\"height:10px\" aria-hidden=\"true\" class=\"wp-block-spacer\"><\/div>\n\n\n\n<h3 class=\"wp-block-heading\">Sillans-la-Cascade, 7 km<\/h3>\n\n\n\n<p>La doar cincisprezece minute de sat, <strong>cascada Sillans-la-Cascade<\/strong> este una dintre cele mai fotografiate cascade din Provence Verte. C\u0103derea de ap\u0103 de 42 de metri se vars\u0103 \u00eentr-un bazin turcoaz \u00eenconjurat de p\u0103dure deas\u0103. <strong>Cel mai bine este s\u0103 o vizitezi diminea\u021ba devreme<\/strong>, \u00eenainte ca parc\u0103rile s\u0103 se umple. Poart\u0103 \u00eenc\u0103l\u021b\u0103minte de drume\u021bie \u0219i evit\u0103 zona dup\u0103 ploi abundente, c\u00e2nd potecile devin alunecoase.<\/p>\n\n\n\n<hr class=\"wp-block-separator has-alpha-channel-opacity is-style-dots\"\/>\n\n\n\n<h3 class=\"wp-block-heading\">Entrecasteaux, 12 km<\/h3>\n\n\n\n<p>Condu dou\u0103zeci de minute spre vest pentru a descoperi <strong>Entrecasteaux<\/strong>, un mic sat faimos pentru <strong>castelul \u0219i gr\u0103dinile sale<\/strong>. Ch\u00e2teau d\u2019Entrecasteaux domin\u0103 r\u00e2ul Bresque, iar gr\u0103dinile sale simetrice, amenajate \u00een secolul al XVIII-lea, sunt deschise vizitatorilor. Satul \u00een sine este lini\u0219tit, cu str\u0103du\u021be \u00eenguste \u0219i c\u00e2teva cafenele unde se servesc preparate regionale. Este o excursie de jum\u0103tate de zi u\u0219oar\u0103 din Cotignac Var, perfect\u0103 pentru <strong>pasiona\u021bii de istorie \u0219i arhitectur\u0103 Cotignac<\/strong>.<\/p>\n\n\n\n<hr class=\"wp-block-separator has-alpha-channel-opacity is-style-dots\"\/>\n\n\n\n<figure class=\"wp-block-image size-full\"><img loading=\"lazy\" decoding=\"async\" width=\"792\" height=\"294\" src=\"https:\/\/www.the-travel-bunny.com\/ro\/wp-content\/uploads\/sites\/2\/2025\/08\/Weekend-in-Carces-Provence-Verte-Cascade-Caramy-trasee-drumetie-Var.jpg\" alt=\"Weekend in Carc\u00e8s. Vedere panoramic\u0103 din Carc\u00e8s Fran\u021ba cu case de piatr\u0103 proven\u00e7ale vegeta\u021bie verde \u0219i fundal montan l\u00e2ng\u0103 Lacul Carc\u00e8s \u0219i Cascada Caramy\" class=\"wp-image-10139\" title=\"\" srcset=\"https:\/\/www.the-travel-bunny.com\/ro\/wp-content\/uploads\/sites\/2\/2025\/08\/Weekend-in-Carces-Provence-Verte-Cascade-Caramy-trasee-drumetie-Var.jpg 792w, https:\/\/www.the-travel-bunny.com\/ro\/wp-content\/uploads\/sites\/2\/2025\/08\/Weekend-in-Carces-Provence-Verte-Cascade-Caramy-trasee-drumetie-Var-300x111.jpg 300w, https:\/\/www.the-travel-bunny.com\/ro\/wp-content\/uploads\/sites\/2\/2025\/08\/Weekend-in-Carces-Provence-Verte-Cascade-Caramy-trasee-drumetie-Var-768x285.jpg 768w\" sizes=\"auto, (max-width: 792px) 100vw, 792px\" \/><figcaption class=\"wp-element-caption\"><em>O priveli\u0219te pitoreasc\u0103 din str\u0103du\u021bele de sus ale satului Carc\u00e8s, unde casele de piatr\u0103 rustic\u0103 ale satului medieval se \u00eempletesc cu viile \u0219i colinele verzi ale Provence Verte ce se \u00eentind \u00een dep\u0103rtare sub un cer de var\u0103, par\u021bial \u00eennorat.<\/em><\/figcaption><\/figure>\n\n\n\n<h3 class=\"wp-block-heading\">Carc\u00e8s, 10 km<\/h3>\n\n\n\n<p>Spre sud se afl\u0103 <strong>Carc\u00e8s<\/strong>, cunoscut pentru lacul s\u0103u \u0219i pentru crama cooperativ\u0103. <strong>Lacul Carc\u00e8s<\/strong> ofer\u0103 o plimbare relaxant\u0103, \u00eenconjurat\u0103 de stuf \u0219i p\u0103s\u0103ri acvatice, iar <strong>cooperativa viticol\u0103<\/strong> organizeaz\u0103 degust\u0103ri de vinuri din Provence, mai ales de ros\u00e9 \u0219i ro\u0219u, la pre\u021buri prietenoase. Satul are c\u00e2teva terase umbrite unde po\u021bi savura un pr\u00e2nz sau o cafea \u00eenainte de a continua traseul t\u0103u prin Provence Verte.<\/p>\n\n\n\n<hr class=\"wp-block-separator has-alpha-channel-opacity is-style-dots\"\/>\n\n\n\n<h3 class=\"wp-block-heading\">Aups, 20 km<\/h3>\n\n\n\n<p>La nord se afl\u0103 <strong>Aups, un or\u0103\u0219el de pia\u021b\u0103<\/strong> renumit pentru tradi\u021bia trufelor. <strong>Pia\u021ba de trufe din Aups<\/strong> are loc \u00eentre decembrie \u0219i martie \u0219i atrage buc\u0103tari \u0219i localnici din toat\u0103 regiunea. \u00cen afara sezonului de trufe, satul r\u0103m\u00e2ne animat, cu galerii de art\u0103, o pia\u021b\u0103 vinerea \u0219i restaurante provensale tradi\u021bionale care servesc br\u00e2nzeturi de capr\u0103 \u0219i miere local\u0103.<\/p>\n\n\n\n<hr class=\"wp-block-separator has-alpha-channel-opacity is-style-dots\"\/>\n\n\n\n<h3 class=\"wp-block-heading\">Salernes, 17 km<\/h3>\n\n\n\n<p>O scurt\u0103 c\u0103l\u0103torie spre vest te duce la <strong>Salernes, un sat al ol\u0103ritului<\/strong> unde atelierele se aliniaz\u0103 de-a lungul str\u0103zilor, iar fa\u021badele sunt decorate cu pl\u0103ci ceramice colorate. Mul\u021bi me\u0219te\u0219ugari \u00ee\u0219i deschid atelierele vizitatorilor, ceea ce face din Salernes o oprire perfect\u0103 pentru cei pasiona\u021bi de artizanat Cotignac \u0219i design. Po\u021bi combina vizita cu Entrecasteaux pentru un circuit complet prin <strong>satele din jurul Cotignac<\/strong>.<\/p>\n\n\n\n<hr class=\"wp-block-separator has-alpha-channel-opacity is-style-dots\"\/>\n\n\n\n<h3 class=\"wp-block-heading\">Tourtour, 25 km<\/h3>\n\n\n\n<p>Supranumit <em>satul din cer<\/em>, <strong>Tourtour<\/strong> se ridic\u0103 deasupra v\u0103ii \u0219i ofer\u0103 <strong>una dintre cele mai spectaculoase panorame din Provence Verte<\/strong>. Str\u0103zile pietruite duc spre mici galerii de art\u0103, iar pia\u021ba central\u0103 este plin\u0103 de cafenele primitoare. Este ideal s\u0103 \u00eel vizitezi dup\u0103-amiaza t\u00e2rziu, c\u00e2nd lumina aurie se revars\u0103 peste vii \u0219i creeaz\u0103 o atmosfer\u0103 de vis.<\/p>\n\n\n\n<hr class=\"wp-block-separator has-alpha-channel-opacity is-style-dots\"\/>\n\n\n\n<figure class=\"wp-block-image size-full\"><img loading=\"lazy\" decoding=\"async\" width=\"792\" height=\"294\" src=\"https:\/\/www.the-travel-bunny.com\/ro\/wp-content\/uploads\/sites\/2\/2025\/08\/lacul-Sainte-Croix-Provence-lac-turcoaz-turism-natura-cheile-Verdon-sudul-Frantei-excursii-Provence.jpg\" alt=\"Lacul Sainte Croix cu ape turcoaz la intrarea in cheile Verdon destinatie populara in Provence sudul Frantei\" class=\"wp-image-10161\" title=\"\" srcset=\"https:\/\/www.the-travel-bunny.com\/ro\/wp-content\/uploads\/sites\/2\/2025\/08\/lacul-Sainte-Croix-Provence-lac-turcoaz-turism-natura-cheile-Verdon-sudul-Frantei-excursii-Provence.jpg 792w, https:\/\/www.the-travel-bunny.com\/ro\/wp-content\/uploads\/sites\/2\/2025\/08\/lacul-Sainte-Croix-Provence-lac-turcoaz-turism-natura-cheile-Verdon-sudul-Frantei-excursii-Provence-300x111.jpg 300w, https:\/\/www.the-travel-bunny.com\/ro\/wp-content\/uploads\/sites\/2\/2025\/08\/lacul-Sainte-Croix-Provence-lac-turcoaz-turism-natura-cheile-Verdon-sudul-Frantei-excursii-Provence-768x285.jpg 768w\" sizes=\"auto, (max-width: 792px) 100vw, 792px\" \/><figcaption class=\"wp-element-caption\"><em>O vedere aerian\u0103 panoramic\u0103 asupra Lacului Sainte-Croix, cu apele sale turcoaz intense \u00eenconjurate de dealuri \u00eemp\u0103durite, un pod care traverseaz\u0103 lacul \u0219i drumuri \u0219erpuite ce duc spre Cheile Verdon, surprinz\u00e2nd frumuse\u021bea natural\u0103 a uneia dintre cele mai emblematice destina\u021bii din Provence.<\/em><\/figcaption><\/figure>\n\n\n\n<h3 class=\"wp-block-heading\"><strong>Moustiers-Sainte-Marie \u0219i Cheile Verdon, 60 de minute<\/strong><\/h3>\n\n\n\n<p>Pentru o excursie de o zi \u00eentreag\u0103, porne\u0219te cu ma\u0219ina timp de aproximativ o or\u0103 spre nord, \u00een direc\u021bia <strong>Cheilor Verdon<\/strong>. Opre\u0219te-te \u00een <strong>Moustiers-Sainte-Marie<\/strong>, un sat al ceramicii situat la poalele st\u00e2ncilor de calcar, considerat unul dintre cele mai frumoase sate din Fran\u021ba. De acolo, po\u021bi \u00eenchiria un <strong>caiac pe Lacul Sainte-Croix<\/strong> sau po\u021bi urma <strong>drumul panoramic Corniche<\/strong> pentru priveli\u0219ti spectaculoase asupra canionului. Aceast\u0103 excursie combin\u0103 natura, cultura \u0219i accesul u\u0219or \u00eenapoi spre baza ta din Cotignac Provence.<\/p>\n\n\n\n<div style=\"height:10px\" aria-hidden=\"true\" class=\"wp-block-spacer\"><\/div>\n\n\n\n<p>Fiecare dintre aceste <strong>sate din jurul Cotignacului<\/strong> are o identitate proprie, fie c\u0103 e vorba despre cascade, castele, ateliere de ceramic\u0103 sau pie\u021be de trufe. \u00cempreun\u0103, ele contureaz\u0103 un <strong>itinerar Provence Verte<\/strong> bogat \u0219i echilibrat, \u00een care relaxarea se \u00eembin\u0103 cu descoperirea, av\u00e2nd mereu Cotignac drept punct de plecare lini\u0219tit \u0219i autentic.<\/p>\n\n\n\n<hr class=\"wp-block-separator has-alpha-channel-opacity\"\/>\n\n\n\n<figure class=\"wp-block-image size-full\"><img loading=\"lazy\" decoding=\"async\" width=\"792\" height=\"294\" src=\"https:\/\/www.the-travel-bunny.com\/ro\/wp-content\/uploads\/sites\/2\/2025\/11\/Calatorie-cu-autorulota-Cotignac-Provence-cu-familia.jpg\" alt=\"Copil mic la volanul unei autorulote parcate \u00een Cotignac Provence Verte, simbol al unei c\u0103l\u0103torii de familie \u00een Provence\" class=\"wp-image-10622\" title=\"\" srcset=\"https:\/\/www.the-travel-bunny.com\/ro\/wp-content\/uploads\/sites\/2\/2025\/11\/Calatorie-cu-autorulota-Cotignac-Provence-cu-familia.jpg 792w, https:\/\/www.the-travel-bunny.com\/ro\/wp-content\/uploads\/sites\/2\/2025\/11\/Calatorie-cu-autorulota-Cotignac-Provence-cu-familia-300x111.jpg 300w, https:\/\/www.the-travel-bunny.com\/ro\/wp-content\/uploads\/sites\/2\/2025\/11\/Calatorie-cu-autorulota-Cotignac-Provence-cu-familia-768x285.jpg 768w\" sizes=\"auto, (max-width: 792px) 100vw, 792px\" \/><figcaption class=\"wp-element-caption\"><em>Micul nostru copilot, preg\u0103tindu-se de drum \u00een Cotignac, st\u0103tea m\u00e2ndru la volanul autorulotei \u00eenainte de urm\u0103toarea noastr\u0103 aventur\u0103 prin Provence. C\u0103l\u0103toria \u00een familie cu vanul transform\u0103 fiecare oprire \u00eentr-un sat \u00eentr-o nou\u0103 aventur\u0103 de descoperit.<\/em><\/figcaption><\/figure>\n\n\n\n<h2 class=\"wp-block-heading\" id=\"cotignac-guide-for-camper-travelers-real-tips-from-the-road\">Ghid Cotignac pentru c\u0103l\u0103torii cu autorulota. Sfaturi de drum<\/h2>\n\n\n\n<p><strong>C\u0103l\u0103toria cu autorulota prin Provence Verte<\/strong> e o experien\u021b\u0103 minunat\u0103, dar vine cu detalii pe care doar practica le dezv\u0103luie. Cotignac Provence se remarc\u0103 printre <strong>cele mai frumoase sate din Fran\u021ba<\/strong>, fiind o destina\u021bie primitoare pentru vanuri \u0219i camping-caruri, cu condi\u021bia s\u0103 planifici din timp. \u00cen acest capitol, am adunat sfaturile mele sincere dintr-un weekend petrecut aici, utile pentru oricine face <strong>vanlife Provence<\/strong> sau viziteaz\u0103 Cotignac Var pentru prima dat\u0103 cu autorulota.<\/p>\n\n\n\n<div style=\"height:10px\" aria-hidden=\"true\" class=\"wp-block-spacer\"><\/div>\n\n\n\n<h3 class=\"wp-block-heading\">Condus &amp; parcare \u00een Cotignac<\/h3>\n\n\n\n<p><strong>Un vehicul de peste \u0219apte metri<\/strong> e u\u0219or de manevrat \u00een Cotignac, at\u00e2ta timp c\u00e2t evi\u021bi centrul istoric, ale c\u0103rui str\u0103du\u021be sunt \u00eenguste. Majoritatea parc\u0103rilor din sat au <strong>limit\u0103 de \u00een\u0103l\u021bime de 2 metri<\/strong>, inclusiv cea de l\u00e2ng\u0103 Oficiul de Turism. Pentru autorulote, cea mai bun\u0103 op\u021biune este parcarea lini\u0219tit\u0103 de la <strong>867 Chemin de la Colle Cotignac<\/strong>, listat\u0103 pe Park4Night Cotignac. Se afl\u0103 la aproximativ cincisprezece minute de mers pe jos de centru, terenul este drept, perfect pentru dormit, \u0219i e gratuit\u0103. Am r\u0103mas acolo o noapte f\u0103r\u0103 nicio problem\u0103. Nu existau semne care s\u0103 interzic\u0103 sta\u021bionarea pe timp de noapte, iar nimeni nu a venit s\u0103 verifice.<\/p>\n\n\n\n<hr class=\"wp-block-separator has-alpha-channel-opacity is-style-dots\"\/>\n\n\n\n<h3 class=\"wp-block-heading\">Parcheaz\u0103 discret &amp; respectuos<\/h3>\n\n\n\n<p>\u00cen acel weekend, un vecin parcat aproape de noi a folosit pene pentru a-\u0219i nivela autorulota. Noi am ales s\u0103 nu o facem. Fiind un loc off-camping, <strong>am preferat s\u0103 ne p\u0103str\u0103m discre\u021bia \u0219i s\u0103 st\u0103m parca\u021bi ca oricare alt vehicul<\/strong>, f\u0103r\u0103 scaune sau mese afar\u0103. Nimeni nu i-a spus nimic, dar regula noastr\u0103 e simpl\u0103: <strong>dac\u0103 pare camping, atrage aten\u021bia<\/strong>. Aceast\u0103 atitudine face ca o noapte \u00een van la Cotignac s\u0103 fie lipsit\u0103 de stres \u0219i contribuie la men\u021binerea unei rela\u021bii bune cu localnicii.<\/p>\n\n\n\n<hr class=\"wp-block-separator has-alpha-channel-opacity is-style-dots\"\/>\n\n\n\n<h3 class=\"wp-block-heading\">Condi\u021bii de camping Cotignac &amp; preg\u0103tire<\/h3>\n\n\n\n<p>Locul de la Chemin de la Colle este lini\u0219tit \u0219i convenabil, dar ofer\u0103 doar facilit\u0103\u021bi de baz\u0103. <strong>Nu exist\u0103 puncte de service \u00een Cotignac<\/strong> pentru alimentarea cu ap\u0103 sau golirea rezervoarelor, deci e important s\u0103 te preg\u0103te\u0219ti dinainte. Ia cu tine suficient\u0103 ap\u0103 potabil\u0103 \u0219i o baterie extern\u0103 pentru dispozitive dac\u0103 nu ai panouri solare. Nop\u021bile de toamn\u0103 pot fi v\u00e2ntoase, a\u0219a c\u0103 preg\u0103te\u0219te <strong>straturi c\u0103lduroase<\/strong> \u0219i o p\u0103tur\u0103 bun\u0103. V\u00e2ntul poate mi\u0219ca u\u0219or autorulota, dar face parte din autenticitatea unei nop\u021bi \u00een Provence.<\/p>\n\n\n\n<hr class=\"wp-block-separator has-alpha-channel-opacity is-style-dots\"\/>\n\n\n\n<h3 class=\"wp-block-heading\">Unde s\u0103 NU mergi<\/h3>\n\n\n\n<p>Dac\u0103 vrei s\u0103 explorezi \u00eemprejurimile, <strong>evit\u0103 Sillans-la-Cascade cu un vehicul mare<\/strong>. Aproape toate parc\u0103rile sunt marcate clar cu <em>interzis autorulotelor<\/em>. Drumul c\u0103tre singura parcare destinat\u0103 acestora este \u00eengust, cu o curb\u0103 str\u00e2ns\u0103 \u0219i multe gropi. E mai simplu s\u0103 vizitezi <strong>cascada Sillans<\/strong> cu ma\u0219ina, dup\u0103 ce te-ai instalat \u00een Cotignac.<\/p>\n\n\n\n<p class=\"has-extra-info-background-color has-background\"><strong>Sfaturi de camping Cotignac<\/strong>: Verific\u0103 mereu Park4Night \u00eenainte de sosire pentru actualiz\u0103ri privind evenimentele locale. \u00cen timpul festivalului gutuilor Cotignac (F\u00eate du Coing), de exemplu, parcarea Lauron Cotignac a fost \u00eenchis\u0103 pentru un spectacol ecvestru. S\u0103 ajungi devreme \u0219i s\u0103 urm\u0103re\u0219ti semnele locale te poate scuti de multe nepl\u0103ceri c\u00e2nd circuli prin re\u021beaua de parc\u0103ri pentru autorulote din satele Var.<\/p>\n\n\n\n<p><strong>Cotignac<\/strong> r\u0103m\u00e2ne o oprire de \u00eencredere pentru c\u0103l\u0103torii responsabili care <strong>exploreaz\u0103 Provence Verte cu autorulota<\/strong>. Respect\u0103 satul la fel cum te respect\u0103 el pe tine \u0219i vei descoperi o baz\u0103 lini\u0219tit\u0103, pitoreasc\u0103, \u00eenconjurat\u0103 de vii, livezi de m\u0103slini \u0219i de unii dintre cei mai primitori oameni din sudul Fran\u021bei.<\/p>\n\n\n\n<hr class=\"wp-block-separator has-alpha-channel-opacity\"\/>\n\n\n\n<figure class=\"wp-block-image size-full\"><img loading=\"lazy\" decoding=\"async\" width=\"792\" height=\"294\" src=\"https:\/\/www.the-travel-bunny.com\/ro\/wp-content\/uploads\/sites\/2\/2025\/11\/Cotignac-cu-copii-calatorie-de-familie-Provence-Verte.jpg\" alt=\"P\u0103rin\u021bi \u0219i copil merg\u00e2nd pe str\u0103zile \u0219i potecile din Cotignac Provence Verte, printre case din piatr\u0103 \u0219i st\u00e2nca Rocher de Cotignac\" class=\"wp-image-10623\" title=\"\" srcset=\"https:\/\/www.the-travel-bunny.com\/ro\/wp-content\/uploads\/sites\/2\/2025\/11\/Cotignac-cu-copii-calatorie-de-familie-Provence-Verte.jpg 792w, https:\/\/www.the-travel-bunny.com\/ro\/wp-content\/uploads\/sites\/2\/2025\/11\/Cotignac-cu-copii-calatorie-de-familie-Provence-Verte-300x111.jpg 300w, https:\/\/www.the-travel-bunny.com\/ro\/wp-content\/uploads\/sites\/2\/2025\/11\/Cotignac-cu-copii-calatorie-de-familie-Provence-Verte-768x285.jpg 768w\" sizes=\"auto, (max-width: 792px) 100vw, 792px\" \/><figcaption class=\"wp-element-caption\"><em>A explora Cotignac cu copii \u00eenseamn\u0103 plimb\u0103ri lente printre str\u0103du\u021be pietruite \u0219i poteci de st\u00e2nc\u0103 unde cei mici pot merge \u00een siguran\u021b\u0103. Copilul nostru a fost \u00eenc\u00e2ntat s\u0103 salute localnicii \u0219i s\u0103 caute pisici, iar noi ne-am bucurat de ritmul lini\u0219tit al vie\u021bii de familie \u00een Provence.<\/em><\/figcaption><\/figure>\n\n\n\n<h2 class=\"wp-block-heading\" id=\"traveling-with-kids-in-cotignac\">C\u0103l\u0103torind cu copii \u00een Cotignac<\/h2>\n\n\n\n<p><strong>Cotignac Provence<\/strong> este suficient de mic pentru a fi descoperit u\u0219or, dar plin de detalii care capteaz\u0103 aten\u021bia copiilor. Este un sat prietenos pentru familii, mai ales pentru cei care practic\u0103 <em>slow travel<\/em> \u0219i adapteaz\u0103 programul \u00een func\u021bie de somnurile \u0219i mesele celor mici. Str\u0103zile sunt lini\u0219tite, multe sunt pietonale, iar localnicii z\u00e2mbesc mereu \u0219i stau bucuros la pove\u0219ti. Iat\u0103 ce ne-a ajutat s\u0103 transform\u0103m <strong>c\u0103l\u0103toria de familie \u00een Cotignac<\/strong> \u00eentr-o experien\u021b\u0103 simpl\u0103 \u0219i pl\u0103cut\u0103.<\/p>\n\n\n\n<div style=\"height:10px\" aria-hidden=\"true\" class=\"wp-block-spacer\"><\/div>\n\n\n\n<h3 class=\"wp-block-heading\">C\u0103ruciorul &amp; marsupiul \u00een Cotignac<\/h3>\n\n\n\n<p>A folosi un <strong>c\u0103rucior \u00een Cotignac Var<\/strong> este u\u0219or \u00een centru, de-a lungul <strong>Cours Gambetta<\/strong> \u0219i \u00een Pia\u021ba Prim\u0103riei Cotignac, unde suprafa\u021ba este aproape plan\u0103. C\u00e2nd te apropii \u00eens\u0103 de st\u00e2nci sau de sanctuarul Notre-Dame de Gr\u00e2ces, este mai bine s\u0103 treci la marsupiu.<\/p>\n\n\n\n<p>Noi am p\u0103strat c\u0103ruciorul pliat pentru <strong>plimbarea Balade du Rocher<\/strong> \u0219i pentru urcarea spre <strong>Notre-Dame de Gr\u00e2ces Cotignac<\/strong>. Sc\u0103rile \u0219i potecile pietruite sunt abrupte pe alocuri, iar un marsupiu \u00ee\u021bi las\u0103 m\u00e2inile libere.<\/p>\n\n\n\n<p>Pentru familiile cu mai mul\u021bi copii, alternarea \u00eentre c\u0103rucior \u0219i marsupiu face <strong>vizita Cotignac<\/strong> mult mai flexibil\u0103, f\u0103r\u0103 sentimentul c\u0103 mobilitatea e limitat\u0103.<\/p>\n\n\n\n<hr class=\"wp-block-separator has-alpha-channel-opacity is-style-dots\"\/>\n\n\n\n<h3 class=\"wp-block-heading\">Locuri de joac\u0103 &amp; activit\u0103\u021bi pentru familii \u00een Provence<\/h3>\n\n\n\n<p><strong>Cotignac cu copii<\/strong> are c\u00e2teva locuri sigure unde cei mici pot alerga \u00een voie. \u00cen timpul <strong>festivalului gutuilor Cotignac (F\u00eate du Coing)<\/strong>, zona de l\u00e2ng\u0103 prim\u0103ria Cotignac devine un spa\u021biu temporar pentru copii, cu jocuri din lemn \u0219i activit\u0103\u021bi artizanale. \u00cen restul anului, <strong>locul de joac\u0103 de pe drumul spre sanctuar<\/strong> este cea mai bun\u0103 alegere: umbrit, curat \u0219i cu destul spa\u021biu pentru ca cei mici s\u0103 se joace liber.<\/p>\n\n\n\n<hr class=\"wp-block-separator has-alpha-channel-opacity is-style-dots\"\/>\n\n\n\n<figure class=\"wp-block-image size-full\"><img loading=\"lazy\" decoding=\"async\" width=\"792\" height=\"294\" src=\"https:\/\/www.the-travel-bunny.com\/ro\/wp-content\/uploads\/sites\/2\/2025\/11\/Lou-Calen-Cotignac-viata-de-sat-Franta-si-buticuri-Provence.jpg\" alt=\"Terasa de la Lou Calen Cotignac cu buticuri locale, biciclet\u0103 de ora\u0219 \u0219i decor provensal \u00een centrul satului Cotignac Provence Verte\" class=\"wp-image-10624\" title=\"\" srcset=\"https:\/\/www.the-travel-bunny.com\/ro\/wp-content\/uploads\/sites\/2\/2025\/11\/Lou-Calen-Cotignac-viata-de-sat-Franta-si-buticuri-Provence.jpg 792w, https:\/\/www.the-travel-bunny.com\/ro\/wp-content\/uploads\/sites\/2\/2025\/11\/Lou-Calen-Cotignac-viata-de-sat-Franta-si-buticuri-Provence-300x111.jpg 300w, https:\/\/www.the-travel-bunny.com\/ro\/wp-content\/uploads\/sites\/2\/2025\/11\/Lou-Calen-Cotignac-viata-de-sat-Franta-si-buticuri-Provence-768x285.jpg 768w\" sizes=\"auto, (max-width: 792px) 100vw, 792px\" \/><figcaption class=\"wp-element-caption\"><em>Ritmul lini\u0219tit al satului Cotignac prinde via\u021b\u0103 \u00een jurul hotelului Lou Calen Cotignac, unde cafenelele, atelierele \u0219i micile magazine precum Les Potriotes se \u00eembin\u0103 armonios cu fa\u021badele de piatr\u0103 \u0219i vi\u021ba de vie care urc\u0103 pe pere\u021bi.<\/em><\/figcaption><\/figure>\n\n\n\n<h3 class=\"wp-block-heading\">Ritmul familiei &amp; cursul Zilei<\/h3>\n\n\n\n<p>Ritmul nostru de familie a modelat weekendul. Willy a petrecut aproape toat\u0103 ziua de s\u00e2mb\u0103t\u0103 plimb\u00e2ndu-se pe str\u0103du\u021bele satului, salut\u00e2nd localnicii \u0219i ar\u0103t\u00e2nd cu entuziasm spre fiecare c\u00e2ine care trecea. A adormit \u00een port-bebe \u00een timpul urc\u0103rii spre <strong>sanctuarul Notre-Dame de Gr\u00e2ces Cotignac<\/strong>, ceea ce s-a dovedit o sincronizare perfect\u0103. C\u00e2t timp dormea, am putut vizita Cotignac \u00een lini\u0219te \u0219i admira panorama f\u0103r\u0103 grab\u0103. Acest echilibru a f\u0103cut ca <strong>vizita \u00een Cotignac cu copii<\/strong> s\u0103 fie pl\u0103cut\u0103 pentru toat\u0103 familia. <strong>C\u0103l\u0103toriile de familie \u00een Provence<\/strong> devin mai simple atunci c\u00e2nd planifici plimb\u0103rile \u00een jurul somnurilor, nu \u00een jurul unui program rigid.<\/p>\n\n\n\n<hr class=\"wp-block-separator has-alpha-channel-opacity is-style-dots\"\/>\n\n\n\n<h3 class=\"wp-block-heading\">M\u00e2ncatul cu copii mici \u00een Cotignac<\/h3>\n\n\n\n<p>A g\u0103si mese potrivite pentru un copil mic cere pu\u021bin\u0103 organizare, mai ales duminica. M\u00e2ncarea din <strong>pia\u021ba din Cotignac<\/strong> este adesea prea s\u0103rat\u0103 sau condimentat\u0103 pentru cei mici, iar magazinele alimentare din sat, precum Spar, ofer\u0103 pu\u021bine produse pentru bebelu\u0219i, de obicei mai scumpe dec\u00e2t \u00een supermarketurile mari. S\u0103 ai la tine o linguri\u021b\u0103 \u0219i un mic set de mas\u0103 ajut\u0103 mult. Noi i-am dat lui Willy s\u0103 m\u0103n\u00e2nce \u00een autorulot\u0103 \u00een ambele zile, ceea ce ne-a economisit timp \u0219i ne-a scutit de stres.<\/p>\n\n\n\n<div style=\"height:10px\" aria-hidden=\"true\" class=\"wp-block-spacer\"><\/div>\n\n\n\n<p>Cotignac Provence este o alegere excelent\u0103 pentru familiile care prefer\u0103 zile calme, flexibile, \u00een locul itinerariilor \u00eenc\u0103rcate. <strong>Satul Cotignac<\/strong> este sigur, localnicii sunt amabili, iar peisajul men\u021bine curiozitatea copiilor f\u0103r\u0103 s\u0103 \u00eei cople\u0219easc\u0103. Cu un port-bebe confortabil, c\u00e2teva gust\u0103ri \u0219i un plan deschis, <strong>Cotignac cu copii<\/strong> devine una dintre cele mai frumoase experien\u021be de familie din sudul Fran\u021bei.<\/p>\n\n\n\n<hr class=\"wp-block-separator has-alpha-channel-opacity\"\/>\n\n\n\n<h2 class=\"wp-block-heading\" id=\"cotignac-culture-history-highlights\">Cultura &amp; istoria din Cotignac<\/h2>\n\n\n\n<p><strong>Viziteaz\u0103 Cotignac<\/strong> \u0219i descoper\u0103 un sat care poart\u0103 \u00een st\u00e2ncile sale, \u00een f\u00e2nt\u00e2ni \u0219i \u00een aleile \u00eenguste secole de istorie. <strong>Cotignac Provence<\/strong> te poart\u0103 printre epoci, fiecare marcat\u0103 de detalii sculptate \u00een piatr\u0103 sau gravate pe pl\u0103cu\u021bele care te ghideaz\u0103 de-a lungul <strong>traseului patrimonial<\/strong>. Mai jos g\u0103se\u0219ti principalele repere culturale \u0219i istorice care fac din Cotignac Var una dintre cele mai autentice destina\u021bii din <strong>Provence Verte<\/strong>.<\/p>\n\n\n\n<div style=\"height:10px\" aria-hidden=\"true\" class=\"wp-block-spacer\"><\/div>\n\n\n\n<h3 class=\"wp-block-heading\">Etimologia &amp; originile lui Cottinius<\/h3>\n\n\n\n<p><strong>Istoria Cotignac<\/strong> \u00eencepe cu romanii. Se crede c\u0103 numele satului provine de la un ofi\u021ber roman pe nume <strong><em>Cottinius<\/em> sau <em>Cottinus<\/em><\/strong>, combinat cu sufixul latin <em><strong>-acum<\/strong><\/em>, folosit pentru a marca proprietatea asupra terenurilor. \u00cen timp, denumirea s-a transformat din <em><strong>Cotiniacum<\/strong><\/em> \u00een <em><strong>Cotignac<\/strong><\/em>. Zona era apreciat\u0103 pentru solul fertil \u0219i izvoarele bogate, care au sus\u021binut timp de secole viile, m\u0103slinii \u0219i morile.<\/p>\n\n\n\n<hr class=\"wp-block-separator has-alpha-channel-opacity is-style-dots\"\/>\n\n\n\n<figure class=\"wp-block-image size-full\"><img loading=\"lazy\" decoding=\"async\" width=\"792\" height=\"294\" src=\"https:\/\/www.the-travel-bunny.com\/ro\/wp-content\/uploads\/sites\/2\/2025\/11\/Moulin-de-Piquet-Cotignac-moara-de-ulei-istoric-Provence.jpg\" alt=\"Fa\u021bada din piatr\u0103 a Moulin de Piquet Cotignac, veche moar\u0103 de ulei de m\u0103sline din Cotignac Provence Verte, cu prese din lemn p\u0103strate \u00een zid\" class=\"wp-image-10625\" title=\"\" srcset=\"https:\/\/www.the-travel-bunny.com\/ro\/wp-content\/uploads\/sites\/2\/2025\/11\/Moulin-de-Piquet-Cotignac-moara-de-ulei-istoric-Provence.jpg 792w, https:\/\/www.the-travel-bunny.com\/ro\/wp-content\/uploads\/sites\/2\/2025\/11\/Moulin-de-Piquet-Cotignac-moara-de-ulei-istoric-Provence-300x111.jpg 300w, https:\/\/www.the-travel-bunny.com\/ro\/wp-content\/uploads\/sites\/2\/2025\/11\/Moulin-de-Piquet-Cotignac-moara-de-ulei-istoric-Provence-768x285.jpg 768w\" sizes=\"auto, (max-width: 792px) 100vw, 792px\" \/><figcaption class=\"wp-element-caption\"><em>\u00cen spatele prim\u0103riei Cotignac, moara de ulei Moulin de Piquet p\u0103streaz\u0103 \u0219i ast\u0103zi vechile prese de lemn care produceau ulei de m\u0103sline Cotignac pentru localnici. Aceast\u0103 moar\u0103 din secolul al XVIII-lea face parte din lungul lan\u021b al patrimoniului agricol \u0219i me\u0219te\u0219ug\u0103resc al satului, unde tradi\u021biile legate de mori de ulei Cotignac \u0219i mori de cereale Cotignac au fost odinioar\u0103 inima economiei locale.<\/em><\/figcaption><\/figure>\n\n\n\n<h3 class=\"wp-block-heading\">R\u00e2ul Cassole &amp; gestionarea apei<\/h3>\n\n\n\n<p><strong>R\u00e2ul Cassole<\/strong> a fost dintotdeauna sursa de via\u021b\u0103 a satului <strong>Cotignac France<\/strong>, model\u00e2nd peisajul \u0219i aduc\u00e2nd prosperitate. Cu mult \u00eenainte ca satul s\u0103 prind\u0103 forma actual\u0103, debitul puternic al Cassolei a sculptat st\u00e2nca de calcar cunoscut\u0103 ast\u0103zi drept <strong><em>Rocher de Cotignac<\/em><\/strong>, form\u00e2nd surplombe naturale care aveau s\u0103 devin\u0103 mai t\u00e2rziu <strong>pe\u0219teri trogloditice Cotignac<\/strong>.<\/p>\n\n\n\n<p><strong>Devierea Cassolei din secolul al XVIII-lea<\/strong> a fost un moment decisiv: a prevenit inunda\u021biile \u0219i a permis extinderea satului la poalele st\u00e2ncii, asigur\u00e2nd \u00een acela\u0219i timp irigarea terenurilor fertile din vale.<\/p>\n\n\n\n<p>Curentul deviat alimenta o re\u021bea de <strong>mori de ulei \u0219i cereale<\/strong>, ale c\u0103ror canale \u0219i arcade de piatr\u0103 se mai pot vedea \u0219i ast\u0103zi pe c\u0103r\u0103rile umbrite de sub sat. Dintre toate, <strong>Moulin de Piquet<\/strong> r\u0103m\u00e2ne ultima moar\u0103 activ\u0103 din Cotignac, o amintire vie a vremurilor \u00een care <strong>uleiul de m\u0103sline \u0219i f\u0103ina<\/strong> sus\u021bineau economia local\u0103.<\/p>\n\n\n\n<p>Numele <em>Piquet<\/em> provine din taxa de m\u0103cinare pe care locuitorii o <strong>pl\u0103teau odinioar\u0103 o tax\u0103 seniorului satului pentru a-\u0219i m\u0103cina gr\u00e2ul<\/strong>, un sistem care a supravie\u021buit chiar \u0219i dup\u0103 ce moara a trecut \u00een proprietatea comunit\u0103\u021bii, \u00een 1521. Aici, m\u0103slinele erau a\u0219ezate \u00een straturi \u00een <strong>co\u0219uri rotunde \u00eempletite, numite <em>scourtins<\/em><\/strong>, iar uleiul virgin curgea prin rigolele de piatr\u0103 \u00een bazinele de colectare.<\/p>\n\n\n\n<p>P\u00e2n\u0103 \u00een secolul al XIX-lea, Cotignac avea peste o duzin\u0103 de mori alimentate de apele deviate ale Cassolei. Acela\u0219i curs de ap\u0103 a sus\u021binut ulterior <strong>t\u0103b\u0103c\u0103rii Cotignac \u0219i sericicultura Cotignac<\/strong>, industrii care se bazau pe umiditatea constant\u0103 pentru prelucrarea pieilor \u0219i cre\u0219terea viermilor de m\u0103tase. Apele acelea <strong>hr\u0103neau \u0219i gr\u0103dini pline de m\u0103slini, smochini \u0219i vii<\/strong>, simboluri durabile ale ritmului rural \u0219i ale prosperit\u0103\u021bii provensale.<\/p>\n\n\n\n<p>\u00cen <strong>1897<\/strong>, Cotignac a intrat \u00eentr-o nou\u0103 er\u0103, construind una dintre <strong>primele centrale hidroelectrice din regiune,<\/strong> la baza Rocher de Cotignac. Folosind un sistem de conducte care direc\u021bionau apa Cassolei c\u0103tre turbine, instala\u021bia genera suficient curent pentru a lumina str\u0103zile \u0219i locuin\u021bele. Produc\u021bia varia \u00een func\u021bie de nivelul apei, dar satul a devenit astfel una dintre primele comunit\u0103\u021bi electrificate din Provence.<\/p>\n\n\n\n<p>Prim\u0103ria a investit \u0219i \u00eentr-o <strong>re\u021bea sigur\u0103 de ap\u0103 potabil\u0103<\/strong>. De-a lungul genera\u021biilor, Cotignac a cump\u0103rat izvoare, a construit conducte subterane \u0219i a instalat <strong>18 f\u00e2nt\u00e2ni Cotignac<\/strong> pentru a asigura ap\u0103 curat\u0103 fiec\u0103rui cartier. Multe dintre ele func\u021bioneaz\u0103 \u0219i ast\u0103zi, complet\u00e2nd peisajul sonor al satului cu murmurul lor constant.<\/p>\n\n\n\n<p>R\u00e2ul Cassole a influen\u021bat chiar \u0219i limbajul \u0219i me\u0219te\u0219ugurile locale. \u00cen provensal\u0103, <em>na\u00efs<\/em> \u00eenseamn\u0103 <em>bazin<\/em>. <strong>Rue des Na\u00efs<\/strong>, care continu\u0103 Rue des Marais, g\u0103zduia odinioar\u0103 mai multe bazine unde <strong>rotarii \u0219i \u00eempletitorii de co\u0219uri \u00ee\u0219i \u00eenmuiau lemnul<\/strong> pentru a-l \u00eent\u0103ri. Apa stagna aici mare parte din an, devenind ad\u0103post pentru insecte \u0219i mici viermi transparen\u021bi, numi\u021bi tot <em>na\u00efs<\/em>, dup\u0103 creaturile acvatice din apele pu\u021bin ad\u00e2nci ale Cassolei.<\/p>\n\n\n\n<p>De-a lungul tuturor epocilor, de la mori medievale la turbine hidroelectrice, <strong>r\u00e2ul Cassole a definit identitatea satului<\/strong>. Apele sale au pus \u00een mi\u0219care industrii, au hr\u0103nit culturi \u0219i au dat nume str\u0103zilor, l\u0103s\u00e2nd \u00een urm\u0103 un patrimoniu Cotignac viu, care continu\u0103 s\u0103 curg\u0103 prin inima Provence Verte.<\/p>\n\n\n\n<hr class=\"wp-block-separator has-alpha-channel-opacity is-style-dots\"\/>\n\n\n\n<figure class=\"wp-block-image size-full\"><img loading=\"lazy\" decoding=\"async\" width=\"792\" height=\"294\" src=\"https:\/\/www.the-travel-bunny.com\/ro\/wp-content\/uploads\/sites\/2\/2025\/11\/Rocher-de-Cotignac-turnuri-sarazine-si-pesteri-trogloditice-Provence.jpg\" alt=\"St\u00e2nca Rocher de Cotignac cu pe\u0219teri trogloditice \u0219i turnuri sarazine Cotignac, \u00eenconjurat\u0103 de vegeta\u021bie mediteranean\u0103 \u00een Provence Verte\" class=\"wp-image-10626\" title=\"\" srcset=\"https:\/\/www.the-travel-bunny.com\/ro\/wp-content\/uploads\/sites\/2\/2025\/11\/Rocher-de-Cotignac-turnuri-sarazine-si-pesteri-trogloditice-Provence.jpg 792w, https:\/\/www.the-travel-bunny.com\/ro\/wp-content\/uploads\/sites\/2\/2025\/11\/Rocher-de-Cotignac-turnuri-sarazine-si-pesteri-trogloditice-Provence-300x111.jpg 300w, https:\/\/www.the-travel-bunny.com\/ro\/wp-content\/uploads\/sites\/2\/2025\/11\/Rocher-de-Cotignac-turnuri-sarazine-si-pesteri-trogloditice-Provence-768x285.jpg 768w\" sizes=\"auto, (max-width: 792px) 100vw, 792px\" \/><figcaption class=\"wp-element-caption\"><em>St\u00e2nca trogloditic\u0103 din Cotignac dezv\u0103luie pe\u0219teri naturale \u0219i locuin\u021be str\u0103vechi s\u0103pate direct \u00een calcar. Odinioar\u0103 parte din fortifica\u021biile medievale ale satului, aceste forma\u021biuni continu\u0103 s\u0103 domine orizontul sub turnurile sarazine Cotignac.<\/em><\/figcaption><\/figure>\n\n\n\n<h3 class=\"wp-block-heading\">Fortifica\u021biile trogloditice &amp; turnurile sarazine din Cotignac<\/h3>\n\n\n\n<p>Spre deosebire de majoritatea <strong>satelor provensale<\/strong> care s-au a\u0219ezat pe v\u00e2rfuri de deal pentru protec\u021bie, Cotignac Provence a ales o pozi\u021bie neobi\u0219nuit\u0103, construit\u0103 direct \u00een <strong>flancurile Rocher de Cotignac<\/strong>. Aceast\u0103 vast\u0103 st\u00e2nc\u0103 de tuf a devenit \u00een acela\u0219i timp zid natural \u0219i funda\u021bie vie pentru satul medieval. <strong>\u00cen secolul al XIII-lea<\/strong>, Cotignac devenise un <strong><em>castrum<\/em>, adic\u0103 o a\u0219ezare fortificat\u0103<\/strong> care folosea st\u00e2nca \u00eens\u0103\u0219i ca linie exterioar\u0103 de ap\u0103rare.<\/p>\n\n\n\n<p>P\u00e2n\u0103 \u00een anul 1785, patru por\u021bi fortificate controlau accesul \u00een sat: <strong>Porte de la Puade, Porte Saint-S\u00e9bastien, Porte Notre-Dame \u0219i Porte Saint-Martin<\/strong>. Zona cunoscut\u0103 drept <em><strong>La Puade<\/strong><\/em>, derivat\u0103 dintr-un vechi cuv\u00e2nt provensal ce \u00eensemna <em>miros puternic<\/em>, f\u0103cea trimitere la grajdurile de porci care se aflau odinioar\u0103 acolo. Inima satului medieval se \u00eentindea la poalele st\u00e2ncii, cu limita sudic\u0103 \u00een apropierea actualei <strong>Pia\u021ba Prim\u0103riei Cotignac<\/strong> (<em>Place de la Mairie<\/em>), denumit\u0103 alt\u0103dat\u0103 <em>Place du March\u00e9<\/em>, pia\u021ba de t\u00e2rguri \u0219i schimburi.<\/p>\n\n\n\n<p>La v\u00e2rf, <strong>cele dou\u0103 turnuri sarazine<\/strong> marcau limita superioar\u0103 a <strong>fortifica\u021biilor trogloditice Cotignac<\/strong>. Construite \u00een mare parte din <strong>piatr\u0103 de tuf local\u0103<\/strong>, un tip de calcar poros format prin depunerea lent\u0103 a calciului pe mu\u0219chi \u0219i vegeta\u021bie, ele sunt unice \u00een Provence. Materialul, u\u0219or \u0219i maleabil, a permis ridicarea turnurilor direct din st\u00e2nca pe care o p\u0103zeau. Turnul mai mic servea drept <strong>turn de observa\u021bie<\/strong>, iar cel mare era <strong>o fort\u0103rea\u021b\u0103<\/strong> cu o camer\u0103 boltit\u0103 la baz\u0103, folosit\u0103 pentru depozitarea proviziilor \u0219i armelor.<\/p>\n\n\n\n<p>Aceste <strong>fortifica\u021bii Cotignac<\/strong> nu aveau intrare la nivelul solului, ceea ce sporea securitatea satului trogloditic Cotignac. Accesul se f\u0103cea printr-o deschidere situat\u0103 la c\u00e2\u021biva metri deasupra solului, la care se ajungea cu o scar\u0103 mobil\u0103 ce putea fi retras\u0103 \u00een caz de atac. \u00cen interior, fante \u00eenguste \u0219i <strong>ferestre geminate<\/strong> (dou\u0103 deschideri separate de o mic\u0103 coloan\u0103 central\u0103) asigurau at\u00e2t lumina natural\u0103, c\u00e2t \u0219i vizibilitatea strategic\u0103 asupra zonei.<\/p>\n\n\n\n<p>Cercet\u0103rile arheologice sugereaz\u0103 c\u0103 turnurile sarazine Cotignac au fost construite <strong>\u00eentre secolele XIII \u0219i XIV<\/strong>, posibil \u00eenlocuind o <strong>structur\u0103 defensiv\u0103 anterioar\u0103<\/strong>, ridicat\u0103 \u00een jurul anului 1032, c\u00e2nd primul senior local \u0219i-a construit castelul la poalele st\u00e2ncii pentru a-i proteja pe locuitori de raiduri \u0219i invazii.<\/p>\n\n\n\n<p>De sus, str\u0103jerii puteau supraveghea at\u00e2t <strong>c\u00e2mpia Saint-Martin<\/strong>, la nord, c\u00e2t \u0219i v\u0103ile care se \u00eentindeau spre sud, c\u0103tre <strong>Carc\u00e8s \u0219i Entrecasteaux<\/strong>. Pozi\u021bia strategic\u0103 a oferit comunit\u0103\u021bii control vizual complet asupra regiunii, al\u0103turi de protec\u021bie \u00eempotriva invadatorilor \u0219i a inunda\u021biilor ce afectau adesea valea.<\/p>\n\n\n\n<p>Ast\u0103zi, doar pu\u021bine vestigii medievale mai pot fi v\u0103zute, \u00eens\u0103 o <strong>cas\u0103 cu arc dublu sprijinit pe console<\/strong> de pe Rue Clastre aminte\u0219te cum etajele superioare se prelungeau peste strad\u0103 pentru a extinde spa\u021biul de locuit. \u00cen secolul al XX-lea, o <strong>alunecare de roci<\/strong> a distrus o parte din Ora\u0219ul de Sus, ceea ce a dus la demolarea mai multor cl\u0103diri instabile, ale c\u0103ror ruine fac ast\u0103zi parte din Th\u00e9\u00e2tre du Rocher, <strong>teatrul \u00een aer liber din Cotignac<\/strong>.<\/p>\n\n\n\n<p><strong>Turnurile sarazine Cotignac<\/strong> au suferit daune \u00een timpul <strong>R\u0103zboaielor Religioase<\/strong> \u0219i au continuat s\u0103 se degradeze timp de secole, p\u00e2n\u0103 la restaurarea complet\u0103 din <strong>1994<\/strong>, realizat\u0103 sub supravegherea arhitectului Farhner de la <em>Les B\u00e2timents de France<\/em>. Restaurate \u00een gra\u021bia lor original\u0103, aceste turnuri r\u0103m\u00e2n m\u00e2ndrele santinele ale Cotignacului, martori t\u0103cu\u021bi ai unei istorii de o mie de ani, a rezilien\u021bei, ingeniozit\u0103\u021bii \u0219i vie\u021bii tr\u0103ite sub st\u00e2nca protectoare care a modelat mereu istoria Cotignac.<\/p>\n\n\n\n<hr class=\"wp-block-separator has-alpha-channel-opacity is-style-dots\"\/>\n\n\n\n<h3 class=\"wp-block-heading\">Industrie &amp; patrimoniu rural \u00een Cotignac<\/h3>\n\n\n\n<p>P\u00e2n\u0103 \u00een secolul al XIX-lea, Cotignac se transformase \u00eentr-un mic sat harnic, alimentat de ap\u0103, c\u00e2mpuri \u0219i me\u0219te\u0219uguri. Acela\u0219i <strong>r\u00e2u Cassole<\/strong>, care a sculptat st\u00e2ncile, punea \u00een mi\u0219care <strong>mori de cereale \u00een Cotignac<\/strong>, iriga gr\u0103dinile \u0219i sus\u021binea atelierele care d\u0103deau ritm vie\u021bii cotidiene \u00een Provence Verte.<\/p>\n\n\n\n<div style=\"height:10px\" aria-hidden=\"true\" class=\"wp-block-spacer\"><\/div>\n\n\n\n<h4 class=\"wp-block-heading\">Sezonul recoltei<\/h4>\n\n\n\n<p>\u00cenainte ca viile \u0219i m\u0103slinii s\u0103 domine valea, via\u021ba \u00een Cotignac Var se baza pe <strong>recoltele de cereale<\/strong>. Din Evul Mediu \u0219i p\u00e2n\u0103 \u00een secolul al XVIII-lea, p\u00e2inea era hrana de baz\u0103, iar c\u00e2mpurile cu gr\u00e2ne acopereau cea mai mare parte din terenurile fertile. <strong>Recolta era centrul vie\u021bii satului.<\/strong><\/p>\n\n\n\n<p>La mijlocul lunii iulie, echipe de secer\u0103tori lucrau de la r\u0103s\u0103rit p\u00e2n\u0103 la apus. Un b\u0103rbat t\u0103ia gr\u00e2ul cu o <strong>secer\u0103 curbat\u0103 (<em>oulame<\/em>)<\/strong>, \u00een timp ce femeile \u0219i copiii adunau \u0219i legau snopii. Ritmul zilei era precis: pauz\u0103 la ora 9 pentru micul dejun, alta la ora 13 pentru pr\u00e2nz, urmat\u0103 de o scurt\u0103 siest\u0103, \u0219i o ultim\u0103 odihn\u0103 la ora 17. \u00cen timpul seceri\u0219ului, carnea (rar\u0103 \u00een restul anului) f\u0103cea parte din mesele zilnice, servite la mese comune lungi, unde munca grea devenea prilej de comunitate \u0219i bucurie \u00eemp\u0103rt\u0103\u0219it\u0103.<\/p>\n\n\n\n<p>Dup\u0103 adunarea recoltelor, \u00eencepea <strong>treieratul<\/strong>. Munca pornea doar dup\u0103 ce roua dimine\u021bii se usca. <strong>Arenele de treierat<\/strong> erau amplasate acolo unde v\u00e2ntul de dup\u0103-amiaz\u0103 ajuta la separarea paielor de gr\u00e2u. Caii se roteau la nesf\u00e2r\u0219it, c\u0103lc\u00e2nd snopii, \u00een timp ce lucr\u0103torii foloseau furci \u0219i m\u0103turi din iarb\u0103 de eric\u0103 pentru a cur\u0103\u021ba paiele \u0219i a aduna boabele. <strong>M\u0103rturiile din secolul al XIX-lea<\/strong> vorbesc despre un amestec de oboseal\u0103 \u0219i satisfac\u021bie care marca aceste zile fierbin\u021bi \u0219i pr\u0103fuite, grele, dar mereu \u00eemp\u0103r\u021bite cu ceilal\u021bi.<\/p>\n\n\n\n<div style=\"height:10px\" aria-hidden=\"true\" class=\"wp-block-spacer\"><\/div>\n\n\n\n<h4 class=\"wp-block-heading\">M\u0103tase &amp; t\u0103b\u0103c\u0103rii<\/h4>\n\n\n\n<p>Odat\u0103 cu modernizarea agriculturii, Cotignac a intrat \u00een <strong>epoca m\u0103t\u0103sii \u0219i a t\u0103b\u0103c\u0103riei<\/strong>. Satul a g\u0103zduit o mare <strong><strong><strong><em>magnanerie<\/em><\/strong><\/strong><\/strong>, o ferm\u0103 de viermi de m\u0103tase care, la apogeu, \u00een secolul al XIX-lea \u0219i \u00eenceputul secolului al XX-lea, angaja aproximativ patruzeci de persoane. <strong>Activitatea ur\u00adma un ritm delicat<\/strong>, ou\u0103le fiind incubate timp de trei s\u0103pt\u0103m\u00e2ni \u00een \u00eenc\u0103peri calde \u0219i umede, men\u021binute la 24\u00b0C \u0219i 60% umiditate, \u00een timp ce lucr\u0103torii hr\u0103neau cu grij\u0103 viermii cu frunze de dud. Mii de viermi de m\u0103tase aveau nevoie de sute de copaci, iar cur\u0103\u021barea zilnic\u0103 a t\u0103vilor crea un zumzet lini\u0219tit al muncii ne\u00eentrerupte.<\/p>\n\n\n\n<p>Dup\u0103 filare, coconi erau trimi\u0219i la unitatea de grainaj, unde masculii \u0219i femelele fluturilor erau selec\u021biona\u021bi pentru reproducere. <strong>\u00cen jurul anului 1900, Cotignac se num\u0103ra printre principalii produc\u0103tori de semin\u021be naturale de m\u0103tase<\/strong> din Fran\u021ba, export\u00e2nd \u00een Europa, Africa \u0219i Asia, p\u00e2n\u0103 c\u00e2nd fibrele sintetice au \u00eenlocuit m\u0103tasea \u00een anii 1950.<\/p>\n\n\n\n<p>\u00centre timp, <strong>t\u0103b\u0103c\u0103riile din Cotignac<\/strong> prosperau de-a lungul <strong>Rue des Marais<\/strong>, unde un canal aducea apa direct \u00een ateliere. \u00cen jur de zece t\u0103b\u0103c\u0103rii func\u021bionau aici, angaj\u00e2nd aproximativ cincizeci de muncitori pe tot parcursul anului. Specializarea lor erau pieile groase, <strong>folosite pentru cizmele armatei franceze \u00een timpul Primului R\u0103zboi Mondial<\/strong> \u0219i, mai t\u00e2rziu, pentru export \u00een Africa, Cipru \u0219i Singapore.<\/p>\n\n\n\n<p><strong>Procesul de t\u0103b\u0103cire era lung \u0219i meticulos.<\/strong> Pieile erau \u00eenmuiate \u00een var pentru a \u00eendep\u0103rta p\u0103rul, apoi cur\u0103\u021bate \u0219i scufundate luni \u00eentregi (uneori chiar ani) \u00een butoaie cu tanin extras din scoar\u021b\u0103 de stejar. Etapele finale de \u00eenmuiere \u0219i vopsire foloseau <strong>frunze de sumac<\/strong>, o plant\u0103 local\u0103 pre\u021buit\u0103 pentru pigmentul s\u0103u natural. <strong>Reputa\u021bia Cotignacului pentru piele durabil\u0103<\/strong> a rezistat p\u00e2n\u0103 la mijlocul secolului XX, c\u00e2nd tratamentele chimice au f\u0103cut inutile metodele tradi\u021bionale.<\/p>\n\n\n\n<p>By the end of the 19th century, <strong>Cotignac stood as a symbol of rural innovation in Provence<\/strong>, balancing manual labour with early technology. Though the mills, tanneries, and silk farms have vanished, traces remain in the arches along the riverbanks and in the stories of families whose work connected the village\u2019s fields, cliffs, and water into one living whole.<\/p>\n\n\n\n<p><strong>La sf\u00e2r\u0219itul secolului al XIX-lea, Cotignac devenise un simbol al inova\u021biei rurale \u00een Provence<\/strong>, reu\u0219ind s\u0103 \u00eembine munca manual\u0103 cu tehnologia timpurie. De\u0219i mori de ulei, t\u0103b\u0103c\u0103rii \u0219i ferme de m\u0103tase nu mai exist\u0103, urmele lor pot fi v\u0103zute \u00een arcadele de pe malurile r\u00e2ului Cassole \u0219i \u00een pove\u0219tile familiilor care au legat c\u00e2mpurile, st\u00e2ncile \u0219i apele satului \u00eentr-un \u00eentreg viu.<\/p>\n\n\n\n<hr class=\"wp-block-separator has-alpha-channel-opacity is-style-dots\"\/>\n\n\n\n<h3 class=\"wp-block-heading\">Patrimoniul arhitectural &amp; simbolurile satului<\/h3>\n\n\n\n<p>C\u00e2nd <strong>vizitezi Cotignac Provence<\/strong>, observi cum <strong>istoria se a\u0219az\u0103 \u00een straturi<\/strong> peste str\u0103zi, fa\u021bade \u0219i pie\u021be. Arhitectura Cotignac combin\u0103 farmecul provensal cu secole de m\u00e2ndrie civic\u0103, de la <strong>campanila Cotignac<\/strong> \u0219i cele <strong>18 f\u00e2nt\u00e2ni publice<\/strong>, p\u00e2n\u0103 la biserica Sf\u00e2ntul Petru Cotignac, prim\u0103rie \u0219i sculpturile \u00een piatr\u0103 care \u00eempodobesc centrul satului.<\/p>\n\n\n\n<p><strong>Fiecare detaliu poveste\u0219te leg\u0103tura comunit\u0103\u021bii cu p\u0103m\u00e2ntul \u0219i timpul.<\/strong> Aici, patrimoniul Cotignac e o expresie a unei identit\u0103\u021bi vii, p\u0103strat\u0103 cu grij\u0103 de locuitori \u0219i redescoperit\u0103 de fiecare turist care alege s\u0103 viziteze Cotignac pe jos, s\u0103 se opreasc\u0103 \u00een <strong>Cours Gambetta<\/strong> sau s\u0103 contemple panorama de la Rocher de Cotignac.<\/p>\n\n\n\n<div style=\"height:10px\" aria-hidden=\"true\" class=\"wp-block-spacer\"><\/div>\n\n\n\n<figure class=\"wp-block-image size-full\"><img loading=\"lazy\" decoding=\"async\" width=\"792\" height=\"294\" src=\"https:\/\/www.the-travel-bunny.com\/ro\/wp-content\/uploads\/sites\/2\/2025\/11\/Place-de-la-Mairie-Cotignac-piata-primariei-satului-Provence-Verte.jpg\" alt=\"Place de la Mairie Cotignac, pia\u021b\u0103 central\u0103 colorat\u0103 din Cotignac Provence Verte, cu cl\u0103diri provensale, stegule\u021be Octombrie Roz \u0219i platani umbro\u0219i\" class=\"wp-image-10627\" title=\"\" srcset=\"https:\/\/www.the-travel-bunny.com\/ro\/wp-content\/uploads\/sites\/2\/2025\/11\/Place-de-la-Mairie-Cotignac-piata-primariei-satului-Provence-Verte.jpg 792w, https:\/\/www.the-travel-bunny.com\/ro\/wp-content\/uploads\/sites\/2\/2025\/11\/Place-de-la-Mairie-Cotignac-piata-primariei-satului-Provence-Verte-300x111.jpg 300w, https:\/\/www.the-travel-bunny.com\/ro\/wp-content\/uploads\/sites\/2\/2025\/11\/Place-de-la-Mairie-Cotignac-piata-primariei-satului-Provence-Verte-768x285.jpg 768w\" sizes=\"auto, (max-width: 792px) 100vw, 792px\" \/><figcaption class=\"wp-element-caption\"><em>Place de la Mairie este inima satului Cotignac France, unde fa\u021badele pastelate, cafenelele \u0219i m\u0103slinii se aliniaz\u0103 sub st\u00e2nca impun\u0103toare Rocher de Cotignac. \u00cen timpul s\u0103rb\u0103torilor de sat precum festivalul gutuilor Cotignac, F\u00eate du Coing, pia\u021ba se umple de tarabe, muzic\u0103 \u0219i via\u021b\u0103 provensal\u0103 autentic\u0103.<\/em><\/figcaption><\/figure>\n\n\n\n<h4 class=\"wp-block-heading\">Prim\u0103ria &amp; vechiul cuptor comunal Cotignac<\/h4>\n\n\n\n<p><strong>Prim\u0103ria Cotignac (Mairie de Cotignac)<\/strong> se afl\u0103 \u00eentr-o cl\u0103dire din secolul al XVI-lea care a fost ini\u021bial <strong>vechiul cuptor comunal Cotignac<\/strong>. \u00cen 1555, brutarul locuia la etaj, dar c\u0103ldura cuptorului f\u0103cea spa\u021biul imposibil de locuit, a\u0219a c\u0103 \u00een 1558 consiliul satului a aprobat v\u00e2nzarea cl\u0103dirii \u0219i transformarea ei \u00een sediu administrativ.<\/p>\n\n\n\n<p>P\u00e2n\u0103 \u00een 1610, la etaj func\u021biona sala consiliului, iar la parter se afla <strong>camera morii de ulei<\/strong>, numit\u0103 <em><strong>l\u2019\u00e9cole<\/strong><\/em> sau <em>\u0219coala<\/em>, dup\u0103 mica sal\u0103 de clas\u0103 de la etaj, situat\u0103 l\u00e2ng\u0103 arhiv\u0103 \u0219i tribunalul local. De-a lungul timpului, <strong>prim\u0103ria Cotignac<\/strong> s-a adaptat la noi roluri, g\u0103zduind turbine municipale \u0219i primele sisteme electrice. \u00cen cea mai recent\u0103 renovare, zid\u0103ria original\u0103 a fost p\u0103strat\u0103, iar interiorul modernizat cu grij\u0103.<\/p>\n\n\n\n<div style=\"height:10px\" aria-hidden=\"true\" class=\"wp-block-spacer\"><\/div>\n\n\n\n<figure class=\"wp-block-image size-full\"><img loading=\"lazy\" decoding=\"async\" width=\"792\" height=\"294\" src=\"https:\/\/www.the-travel-bunny.com\/ro\/wp-content\/uploads\/sites\/2\/2025\/11\/Turnul-cu-ceas-Cotignac-beffroi-campanile-patrimoniu-Provence-Verte.jpg\" alt=\"Turnul cu ceas Cotignac situat \u00een pia\u021ba central\u0103, cu cl\u0103diri provensale colorate, cadran solar \u0219i poart\u0103 medieval\u0103 din Cotignac Provence Verte\" class=\"wp-image-10628\" title=\"\" srcset=\"https:\/\/www.the-travel-bunny.com\/ro\/wp-content\/uploads\/sites\/2\/2025\/11\/Turnul-cu-ceas-Cotignac-beffroi-campanile-patrimoniu-Provence-Verte.jpg 792w, https:\/\/www.the-travel-bunny.com\/ro\/wp-content\/uploads\/sites\/2\/2025\/11\/Turnul-cu-ceas-Cotignac-beffroi-campanile-patrimoniu-Provence-Verte-300x111.jpg 300w, https:\/\/www.the-travel-bunny.com\/ro\/wp-content\/uploads\/sites\/2\/2025\/11\/Turnul-cu-ceas-Cotignac-beffroi-campanile-patrimoniu-Provence-Verte-768x285.jpg 768w\" sizes=\"auto, (max-width: 792px) 100vw, 792px\" \/><figcaption class=\"wp-element-caption\"><em>Al\u0103turi de Place de la Mairie, se ridic\u0103 turnul cu ceas Cotignac, care m\u0103soar\u0103 timpul locuitorilor \u00eenc\u0103 din secolul al XV-lea. O mic\u0103 u\u0219\u0103 de lemn ascuns\u0103 sub pasajul campanilei Cotignac marcheaz\u0103 locul unde s-a deschis \u00een 1703 primul oficiu po\u0219tal Cotignac, o amintire a vechii vie\u021bi civice a satului.<\/em><\/figcaption><\/figure>\n\n\n\n<h4 class=\"wp-block-heading\" id=\"the-campanile-sundial\">Campanila &amp; cadranul solar Cotignac<\/h4>\n\n\n\n<p>Deasupra centrului vechi se ridic\u0103 <strong>campanila Cotignac<\/strong>, dat\u00e2nd din <strong>1496<\/strong>. Construit\u0103 din fier forjat deschis, pentru a rezista v\u00e2ntului mistral, campanila \u00eencununeaz\u0103 <strong>turnul cu ceas<\/strong> cu o elegan\u021b\u0103 tipic provensal\u0103.<\/p>\n\n\n\n<p>Ini\u021bial, <strong>un sistem de scripe\u021bi \u0219i cabluri<\/strong> lega mecanismul ceasului de un ciocan care lovea clopotul la fiecare or\u0103, un dispozitiv care func\u021bioneaz\u0103 \u0219i ast\u0103zi, electrificat \u00een 1963. Sub el, pe fa\u021bad\u0103, se afl\u0103 un <strong>cadran solar Cotignac<\/strong>, ad\u0103ugat \u00een secolul al XVI-lea. Primele cadrane nu aveau cifre, ci doar patru linii care marcau \u00eenceputul \u0219i sf\u00e2r\u0219itul zilei de lucru, plus dou\u0103 pentru pauzele de mas\u0103.<\/p>\n\n\n\n<p><strong>Restaurat\u0103 \u00een 2007<\/strong>, campanila r\u0103m\u00e2ne unul dintre cele mai iubite simboluri ale satului, leg\u00e2nd <strong>ritmul zilnic al Cotignacului<\/strong> de soarele Provencei.<\/p>\n\n\n\n<div style=\"height:10px\" aria-hidden=\"true\" class=\"wp-block-spacer\"><\/div>\n\n\n\n<h4 class=\"wp-block-heading\"><strong>Cours Gambetta<\/strong><\/h4>\n\n\n\n<p>Larga <strong>Cours Gambetta Cotignac<\/strong>, principala promenad\u0103 a satului, se \u00eentinde pe partea sudic\u0103 a localit\u0103\u021bii. Odat\u0103 proprietate a <strong>Prin\u021bului de Cond\u00e9<\/strong> \u0219i folosit\u0103 pentru p\u0103\u0219unat, zona a fost cump\u0103rat\u0103 de <strong>consiliul satului<\/strong> \u00een 1770 \u0219i \u00eempodobit\u0103 cu ulmi, apoi cu frasini \u0219i, mai t\u00e2rziu, cu platani.<\/p>\n\n\n\n<p>Ast\u0103zi, Cours Gambetta e locul unde localnicii \u0219i vizitatorii se \u00eent\u00e2lnesc pentru o cafea la Caf\u00e9 de l\u2019Union sau un aperitiv la Bar Le Marigny Cotignac, bucur\u00e2ndu-se de <strong>stilul de via\u021b\u0103 provensal<\/strong> autentic.<\/p>\n\n\n\n<figure class=\"wp-block-image size-full\"><img loading=\"lazy\" decoding=\"async\" width=\"792\" height=\"294\" src=\"https:\/\/www.the-travel-bunny.com\/ro\/wp-content\/uploads\/sites\/2\/2025\/11\/Fantani-Cotignac-patrimoniu-vechi-spalator-Provence-lavoir.jpg\" alt=\"Trei dintre cele mai frumoase f\u00e2nt\u00e2ni Cotignac \u0219i vechiul sp\u0103l\u0103tor comunal, elemente de patrimoniu din Cotignac Provence Verte\" class=\"wp-image-10629\" title=\"\" srcset=\"https:\/\/www.the-travel-bunny.com\/ro\/wp-content\/uploads\/sites\/2\/2025\/11\/Fantani-Cotignac-patrimoniu-vechi-spalator-Provence-lavoir.jpg 792w, https:\/\/www.the-travel-bunny.com\/ro\/wp-content\/uploads\/sites\/2\/2025\/11\/Fantani-Cotignac-patrimoniu-vechi-spalator-Provence-lavoir-300x111.jpg 300w, https:\/\/www.the-travel-bunny.com\/ro\/wp-content\/uploads\/sites\/2\/2025\/11\/Fantani-Cotignac-patrimoniu-vechi-spalator-Provence-lavoir-768x285.jpg 768w\" sizes=\"auto, (max-width: 792px) 100vw, 792px\" \/><figcaption class=\"wp-element-caption\"><em>Cotignac are 18 f\u00e2nt\u00e2ni publice, fiecare cu propria poveste. De la F\u00e2nt\u00e2na Cascade \u0219i vechiul <em>lavoir<\/em> p\u00e2n\u0103 la F\u00e2nt\u00e2na celor Patru Anotimpuri de pe Cours Gambetta, apa a fost dintotdeauna seva vie a acestui sat provensal.<\/em><\/figcaption><\/figure>\n\n\n\n<p>P\u00e2n\u0103 \u00een secolul al XIX-lea, aceast\u0103 arter\u0103 devenise un <strong>bulevard burghez<\/strong> m\u0103rginit de case elegante, un sp\u0103l\u0103tor comunal \u0219i dou\u0103 f\u00e2nt\u00e2ni: <strong>F\u00e2nt\u00e2na Cascade<\/strong> (1850) \u0219i <strong>F\u00e2nt\u00e2na celor Patru Anotimpuri<\/strong>, instalat\u0103 mai t\u00e2rziu, de\u0219i cump\u0103rat\u0103 \u00een 1810.<\/p>\n\n\n\n<p>La \u00eenceputul secolului XX, aici func\u021biona <strong><em>Cercle des Ouvriers<\/em><\/strong>, al\u0103turi de alte cluburi sociale, predecesorii actualelor <strong>cafenele \u0219i baruri din Cotignac<\/strong>, unde localnicii se \u00eent\u00e2lnesc \u00eenc\u0103 pentru un aperitiv sub copaci.<\/p>\n\n\n\n<p>Ast\u0103zi, Cours Gambetta \u0219i <strong>Place Joseph Sigaud (Place Neuve)<\/strong>, complet restaurate \u00een 2023, formeaz\u0103 inima vie\u021bii satului, locul perfect pentru o plimbare, o cin\u0103 sau pur \u0219i simplu pentru a tr\u0103i \u00een ritmul provensal.<\/p>\n\n\n\n<div style=\"height:10px\" aria-hidden=\"true\" class=\"wp-block-spacer\"><\/div>\n\n\n\n<figure class=\"wp-block-image size-full\"><img loading=\"lazy\" decoding=\"async\" width=\"792\" height=\"294\" src=\"https:\/\/www.the-travel-bunny.com\/ro\/wp-content\/uploads\/sites\/2\/2025\/11\/Cariatidele-Cotignac-arhitectura-istorica-Provence-Verte.jpg\" alt=\"Fa\u021bada cu Cariatidele Cotignac, element decorativ al arhitecturii istorice din Cotignac Provence Verte, cu obloane albe \u0219i detalii sculptate\" class=\"wp-image-10630\" title=\"\" srcset=\"https:\/\/www.the-travel-bunny.com\/ro\/wp-content\/uploads\/sites\/2\/2025\/11\/Cariatidele-Cotignac-arhitectura-istorica-Provence-Verte.jpg 792w, https:\/\/www.the-travel-bunny.com\/ro\/wp-content\/uploads\/sites\/2\/2025\/11\/Cariatidele-Cotignac-arhitectura-istorica-Provence-Verte-300x111.jpg 300w, https:\/\/www.the-travel-bunny.com\/ro\/wp-content\/uploads\/sites\/2\/2025\/11\/Cariatidele-Cotignac-arhitectura-istorica-Provence-Verte-768x285.jpg 768w\" sizes=\"auto, (max-width: 792px) 100vw, 792px\" \/><figcaption class=\"wp-element-caption\"><em>Cariatidele din Cotignac, sculptate \u00een 1623, \u00eempodobesc o cas\u0103 nobil\u0103 de pe Grande Rue \u0219i r\u0103m\u00e2n unul dintre cele mai remarcabile detalii de arhitectur\u0103 Cotignac. Aceste statui simbolizeaz\u0103 prosperitatea secolului al XVII-lea \u0219i elegan\u021ba atemporal\u0103 a Provencei.<\/em><\/figcaption><\/figure>\n\n\n\n<h4 class=\"wp-block-heading\">Grande Rue &amp; Cariatidele<\/h4>\n\n\n\n<p>Pe <strong>Grande Rue<\/strong>, o impun\u0103toare cas\u0103 din secolul al XVII-lea afi\u0219eaz\u0103 trei <strong>Cariatide<\/strong>, statui feminine sculptate \u00een <strong>1623<\/strong> de un proprietar bogat pentru a-\u0219i afirma statutul social. Siluetele, \u00eembr\u0103cate \u00een robe fluide \u0219i sus\u021bin\u00e2nd acoperi\u0219ul pe capetele lor, au fost inspirate de femeile clasice din <strong><em>Caryae<\/em><\/strong>, Peloponez.<\/p>\n\n\n\n<p>Restaurate \u00een 2013, aceste sculpturi \u0219i-au rec\u0103p\u0103tat detaliile rafinate, redevenind <strong>una dintre cele mai fotografiate fa\u021bade din Cotignac<\/strong>.<\/p>\n\n\n\n<div style=\"height:10px\" aria-hidden=\"true\" class=\"wp-block-spacer\"><\/div>\n\n\n\n<figure class=\"wp-block-image size-full\"><img loading=\"lazy\" decoding=\"async\" width=\"792\" height=\"294\" src=\"https:\/\/www.the-travel-bunny.com\/ro\/wp-content\/uploads\/sites\/2\/2025\/11\/Biserica-Buna-Vestire-Cotignac-Eglise-Saint-Pierre-Provence.jpg\" alt=\"Interiorul bisericii Buna Vestire Cotignac (Eglise Saint-Pierre), cu statui religioase, vitralii \u0219i altar baroc \u00een Cotignac Provence Verte\" class=\"wp-image-10631\" title=\"\" srcset=\"https:\/\/www.the-travel-bunny.com\/ro\/wp-content\/uploads\/sites\/2\/2025\/11\/Biserica-Buna-Vestire-Cotignac-Eglise-Saint-Pierre-Provence.jpg 792w, https:\/\/www.the-travel-bunny.com\/ro\/wp-content\/uploads\/sites\/2\/2025\/11\/Biserica-Buna-Vestire-Cotignac-Eglise-Saint-Pierre-Provence-300x111.jpg 300w, https:\/\/www.the-travel-bunny.com\/ro\/wp-content\/uploads\/sites\/2\/2025\/11\/Biserica-Buna-Vestire-Cotignac-Eglise-Saint-Pierre-Provence-768x285.jpg 768w\" sizes=\"auto, (max-width: 792px) 100vw, 792px\" \/><figcaption class=\"wp-element-caption\"><em>Biserica Sf\u00e2ntul Petru, cunoscut\u0103 \u0219i ca Biserica Parohial\u0103 Buna Vestire Cotignac, a fost construit\u0103 ini\u021bial \u00een anul 1266 \u0219i extins\u0103 \u00een secolele XVII \u0219i XVIII. Nava sa boltit\u0103, orga istoric\u0103 \u0219i altarul de marmur\u0103 \u00een stil Ludovic al XV-lea o transform\u0103 \u00eentr-unul dintre cele mai valoroase obiective de patrimoniu Cotignac.<\/em><\/figcaption><\/figure>\n\n\n\n<h4 class=\"wp-block-heading\">Bisericile din Cotignac<\/h4>\n\n\n\n<p>Dou\u0103 l\u0103ca\u0219uri de cult au modelat peisajul spiritual \u0219i arhitectural al Cotignacului: <strong>Capela Sf\u00e2ntul Martin Cotignac<\/strong>, fondat\u0103 \u00een secolul al V-lea, \u0219i <strong>Biserica Buna Vestire Cotignac (\u00c9glise Saint-Pierre)<\/strong>, construit\u0103 \u00een 1266 la poalele falezei.<\/p>\n\n\n\n<p><strong>Biserica Sf\u00e2ntul Petru din Cotignac<\/strong> a \u00eenlocuit capelele mai vechi aflate \u00een c\u00e2mpia de deasupra satului. Extins\u0103 \u00een secolele XVII \u0219i XVIII, biserica ad\u0103poste\u0219te o colec\u021bie excep\u021bional\u0103 de mobilier istoric \u00eenregistrat: un <strong>altar de marmur\u0103 Ludovic al XV-lea<\/strong> atribuit sculptorului Pierre Puget, un clopot de bronz din 1524, o cristelni\u021b\u0103 de marmur\u0103 din secolul al XVI-lea \u0219i o <strong>balustrad\u0103 de fier forjat din secolul al XVII-lea<\/strong>.<\/p>\n\n\n\n<p>Orga sa din secolul al XIX-lea, construit\u0103 de Daublaine \u0219i Callinet \u0219i restaurat\u0103 de mai multe ori (ultima dat\u0103 \u00eentre 1990 \u0219i 2004), umple nava cu un sunet cald \u0219i profund. \u00cen anul 2004, biserica a trecut printr-o restaurare interioar\u0103 complet\u0103, cu refacerea pardoselii, ilumin\u0103rii \u0219i \u00eenc\u0103lzirii, p\u0103str\u00e2nd <strong>atmosfera de lini\u0219te<\/strong> care define\u0219te locul pentru genera\u021biile viitoare.<\/p>\n\n\n\n<p><strong>Capela Sf\u00e2ntul Martin Cotignac, cel mai vechi edificiu religios al satului<\/strong>, dateaz\u0103 din secolul al V-lea \u0219i a fost extins\u0103 \u00een mod repetat timp de \u0219ase secole. Frescele sale din secolul al XIV-lea \u00eenf\u0103\u021bi\u0219eaz\u0103 \u00eenc\u0103 \u00eengeri \u0219i sfin\u021bi picta\u021bi \u00een tonuri calde, de p\u0103m\u00e2nt. Odinioar\u0103 principalul loc de cult al comunit\u0103\u021bii, capela a fost abandonat\u0103 treptat dup\u0103 inunda\u021bii \u0219i invazii care i-au for\u021bat pe locuitori s\u0103 se mute \u00een vale. Mai t\u00e2rziu, a fost folosit\u0103 ca hambar, revenind la uz public dup\u0103 1905. Aici se celebra anual Sf\u00e2nta Liturghie de ziua Sf\u00e2ntului Martin p\u00e2n\u0103 \u00een anii 1960, iar ast\u0103zi capela r\u0103m\u00e2ne un martor t\u0103cut al istoriei Cotignacului.<\/p>\n\n\n\n<hr class=\"wp-block-separator has-alpha-channel-opacity is-style-dots\"\/>\n\n\n\n<h3 class=\"wp-block-heading\">Credin\u021b\u0103 &amp; pelerinaje la Notre-Dame de Gr\u00e2ces &amp; Saint Joseph du Bessillon<\/h3>\n\n\n\n<p>Cotignac Provence este cunoscut drept <strong><em>satul Sfintei Familii<\/em><\/strong>, fiind <strong>singurul loc din lume unde au ap\u0103rut Fecioara Maria \u0219i Sf\u00e2ntul Iosif<\/strong>. Aceste apari\u021bii, \u00een 1519 \u0219i 1660, au transformat locul \u00eentr-unul dintre cele mai importante centre de pelerinaj din Fran\u021ba.<\/p>\n\n\n\n<p>Ast\u0103zi, cei care viziteaz\u0103 Cotignac vin pentru <strong>credin\u021b\u0103, lini\u0219te, natur\u0103 \u0219i istorie<\/strong>, \u00een mijlocul viei \u0219i livezilor din Provence Verte. Satul \u0219i \u00eemprejurimile sale, de la sanctuarul Notre-Dame de Gr\u00e2ces Cotignac p\u00e2n\u0103 la Saint Joseph du Bessillon, p\u0103streaz\u0103 vie amintirea acestor evenimente sacre \u0219i ofer\u0103 o experien\u021b\u0103 spiritual\u0103 unic\u0103 pentru oricine \u00ee\u0219i dore\u0219te o escapad\u0103 autentic\u0103 \u00een Provence.<\/p>\n\n\n\n<div style=\"height:10px\" aria-hidden=\"true\" class=\"wp-block-spacer\"><\/div>\n\n\n\n<figure class=\"wp-block-image size-full\"><img loading=\"lazy\" decoding=\"async\" width=\"792\" height=\"294\" src=\"https:\/\/www.the-travel-bunny.com\/ro\/wp-content\/uploads\/sites\/2\/2025\/11\/vizita-Notre-Dame-de-Graces-Cotignac-sanctuar-pelerinaj-Provence.jpg\" alt=\"Cl\u0103direa galben\u0103 a sanctuarului Notre-Dame de Gr\u00e2ces Cotignac, \u00eenconjurat\u0103 de chiparo\u0219i \u0219i pini, sub cer senin de Provence Verte\" class=\"wp-image-10632\" title=\"\" srcset=\"https:\/\/www.the-travel-bunny.com\/ro\/wp-content\/uploads\/sites\/2\/2025\/11\/vizita-Notre-Dame-de-Graces-Cotignac-sanctuar-pelerinaj-Provence.jpg 792w, https:\/\/www.the-travel-bunny.com\/ro\/wp-content\/uploads\/sites\/2\/2025\/11\/vizita-Notre-Dame-de-Graces-Cotignac-sanctuar-pelerinaj-Provence-300x111.jpg 300w, https:\/\/www.the-travel-bunny.com\/ro\/wp-content\/uploads\/sites\/2\/2025\/11\/vizita-Notre-Dame-de-Graces-Cotignac-sanctuar-pelerinaj-Provence-768x285.jpg 768w\" sizes=\"auto, (max-width: 792px) 100vw, 792px\" \/><figcaption class=\"wp-element-caption\"><em>Sanctuarul Notre-Dame de Gr\u00e2ces se \u00eenal\u021b\u0103 lini\u0219tit pe Mont Verdaille, deasupra satului Cotignac, iar fa\u021bada sa ocru str\u0103luce\u0219te sub soarele provensal. Acest loc sf\u00e2nt, cunoscut pentru apari\u021bia Fecioarei Maria din 1519, r\u0103m\u00e2ne p\u00e2n\u0103 ast\u0103zi o destina\u021bie iubit\u0103 de pelerini \u00een sudul Fran\u021bei, un reper al turismului religios \u00een Provence \u0219i o oprire esen\u021bial\u0103 pentru oricine vrea s\u0103 viziteze Cotignac.<\/em><\/figcaption><\/figure>\n\n\n\n<h4 class=\"wp-block-heading\">Notre-Dame de Gr\u00e2ces &amp; apari\u021bia din 1519<\/h4>\n\n\n\n<p>\u00cen zilele de <strong>10 \u0219i 11 august 1519, Fecioara Maria<\/strong> i s-a ar\u0103tat t\u0103ietorului de lemne <strong>Jean de la Baume pe Mont Verdaille<\/strong>, cer\u00e2ndu-i s\u0103 se construiasc\u0103 un oratoriu \u00een cinstea ei. S\u0103tenii au ascultat \u0219i, pe 14 septembrie, a fost pus\u0103 <strong>prima piatr\u0103 a sanctuarului Notre-Dame de Gr\u00e2ces<\/strong>. Cur\u00e2nd, locul s-a umplut de ofrande aduse \u00een semn de recuno\u0219tin\u021b\u0103 pentru miracolele \u00eenf\u0103ptuite, iar \u00een 1521, Papa <strong>Leon al X-lea<\/strong> a acordat indulgen\u021be pentru acest sanctuar.<\/p>\n\n\n\n<p>Dac\u0103 te pasioneaz\u0103 istoria Cotignac \u0219i tradi\u021biile spirituale ale Provence Verte, o oprire la sanctuarul Cotignac \u00ee\u021bi va oferi o perspectiv\u0103 unic\u0103 asupra patrimoniului religios din Provence.<\/p>\n\n\n\n<div style=\"height:10px\" aria-hidden=\"true\" class=\"wp-block-spacer\"><\/div>\n\n\n\n<h4 class=\"wp-block-heading\" id=\"the-royal-connection-louis-xiii-anne-of-austria-louis-xiv\">Leg\u0103tura Regal\u0103. Ludovic al XIII-lea, Ana de Austria &amp; Ludovic al XIV-lea<\/h4>\n\n\n\n<p>\u00cen anul 1637, <strong>Fecioara Maria a ap\u0103rut de patru ori fratelui Fiacre la Paris<\/strong>, cer\u00e2ndu-i s\u0103-i transmit\u0103 reginei Ana de Austria s\u0103 se roage trei novene (una dintre ele c\u0103tre <strong>Notre-Dame de Gr\u00e2ces<\/strong>), pentru a putea avea un mo\u0219tenitor. Nou\u0103 luni mai t\u00e2rziu, s-a n\u0103scut <strong>Ludovic al XIV-lea<\/strong>.<\/p>\n\n\n\n<p>\u00cen 1660, <strong>t\u00e2n\u0103rul rege \u0219i mama sa au venit \u00een pelerinaj la sanctuarul Notre-Dame de Gr\u00e2ces Cotignac<\/strong> pentru a mul\u021bumi. Sanctuarul Cotignac, aflat pe Mont Verdaille, are o scar\u0103 care urc\u0103 pe munte \u0219i care se nume\u0219te <em><strong>L\u2019Escalier Louis XIV<\/strong><\/em>. Regele Soare \u0219i-a depus cordonul albastru la picioarele Fecioarei \u0219i a autorizat <strong>transferul inimii fratelui Fiacre la Cotignac<\/strong>. O plac\u0103 regal\u0103 din acea vizit\u0103 poate fi \u00eenc\u0103 v\u0103zut\u0103 \u00een interiorul sanctuarului.<\/p>\n\n\n\n<div style=\"height:10px\" aria-hidden=\"true\" class=\"wp-block-spacer\"><\/div>\n\n\n\n<h4 class=\"wp-block-heading\">Sanctuarul ast\u0103zi<\/h4>\n\n\n\n<p><strong>Corul bisericii (1534)<\/strong> este original, iar restul construc\u021biei a fost reconstruit \u00een <strong>1811<\/strong>, dup\u0103 Revolu\u021bia Francez\u0103.<\/p>\n\n\n\n<p>\u00cen interior, vei descoperi <strong>pictura miraculoas\u0103<\/strong> a apari\u021biei c\u0103tre fratele Fiacre, <strong>statuia Notre-Dame de Gr\u00e2ces<\/strong>, vitralii care ilustreaz\u0103 viziunile sfinte, dar \u0219i <strong>ofranda lui Ludovic al XIV-lea<\/strong>.<\/p>\n\n\n\n<p>Sanctuarul Cotignac este administrat de <strong>Fr\u00e8res de Saint-Jean<\/strong>, care celebreaz\u0103 zilnic Sf\u00e2nta Liturghie \u0219i rug\u0103ciunea, sus\u021binu\u021bi de <strong>Asocia\u021bia P\u00e8lerins de Notre-Dame de Gr\u00e2ces<\/strong>.<\/p>\n\n\n\n<p>Pe terenul sanctuarului g\u0103se\u0219ti <strong>Foyer de la Sainte-Famille<\/strong>, unde po\u021bi lua o mas\u0103 simpl\u0103, un mic butic pentru pelerini, gr\u0103dini lini\u0219tite \u0219i puncte de belvedere spectaculoase, precum <strong>Grande Croix \u0219i Belv\u00e9d\u00e8re pour la Vie<\/strong>, de unde po\u021bi admira o vedere panoramic\u0103 asupra satului Cotignac \u0219i asupra Provence Verte.<\/p>\n\n\n\n<div style=\"height:10px\" aria-hidden=\"true\" class=\"wp-block-spacer\"><\/div>\n\n\n\n<figure class=\"wp-block-image size-full\"><img loading=\"lazy\" decoding=\"async\" width=\"792\" height=\"294\" src=\"https:\/\/www.the-travel-bunny.com\/ro\/wp-content\/uploads\/sites\/2\/2025\/11\/Sala-Jean-de-la-Baume-sanctuar-Notre-Dame-de-Graces-Cotignac.jpg\" alt=\"Cl\u0103dire provensal\u0103 cu obloane verzi \u0219i statuie religioas\u0103 la intrarea \u00een sala Jean de la Baume din cadrul sanctuarului Notre-Dame de Gr\u00e2ces Cotignac\" class=\"wp-image-10633\" title=\"\" srcset=\"https:\/\/www.the-travel-bunny.com\/ro\/wp-content\/uploads\/sites\/2\/2025\/11\/Sala-Jean-de-la-Baume-sanctuar-Notre-Dame-de-Graces-Cotignac.jpg 792w, https:\/\/www.the-travel-bunny.com\/ro\/wp-content\/uploads\/sites\/2\/2025\/11\/Sala-Jean-de-la-Baume-sanctuar-Notre-Dame-de-Graces-Cotignac-300x111.jpg 300w, https:\/\/www.the-travel-bunny.com\/ro\/wp-content\/uploads\/sites\/2\/2025\/11\/Sala-Jean-de-la-Baume-sanctuar-Notre-Dame-de-Graces-Cotignac-768x285.jpg 768w\" sizes=\"auto, (max-width: 792px) 100vw, 792px\" \/><figcaption class=\"wp-element-caption\"><em>L\u00e2ng\u0103 biserica din sanctuarul Notre-Dame de Gr\u00e2ces, po\u021bi trece pe la diorama \u0219i sala de film Salle Jean de la Baume ca s\u0103 afli povestea apari\u021biei din 1519. Curtea umbrit\u0103, marcat\u0103 de o statuie \u0219i farmec provensal, te invit\u0103 la reculegere.<\/em><\/figcaption><\/figure>\n\n\n\n<h4 class=\"wp-block-heading\">Vizit\u0103 Notre-Dame de Gr\u00e2ces<\/h4>\n\n\n\n<p><strong>Sanctuarul este deschis tot anul \u0219i vizitarea este gratuit\u0103.<\/strong> Po\u021bi ajunge cu ma\u0219ina sau pe jos, pe un traseu de 2 km din sat. <strong>Escalier Louis XIV<\/strong> aminte\u0219te de pelerinajul regal, iar <strong>Porte de l\u2019Aum\u00f4ne \u0219i Sala Diorama<\/strong> ilustreaz\u0103 500 de ani de istorie a credin\u021bei. Familiile se pot bucura de <strong><a href=\"https:\/\/baludik.fr\/parcours\/2446-le-sanctuaire-a-travers-les-ages\/\" target=\"_blank\" rel=\"noreferrer noopener\">traseul Baludik<\/a><\/strong>, iar pelerinii urmeaz\u0103 <strong>Drumul Crucii \u0219i Drumul Sfin\u021bilor<\/strong> printre m\u0103slini \u0219i stejari. Viziteaz\u0103 Cotignac pe jos \u0219i include acest popas \u00een propriul t\u0103u <strong>ghid Cotignac<\/strong>.<\/p>\n\n\n\n<div style=\"height:10px\" aria-hidden=\"true\" class=\"wp-block-spacer\"><\/div>\n\n\n\n<h4 class=\"wp-block-heading\">Saint-Joseph du Bessillon &amp; apari\u021bia din 1660<\/h4>\n\n\n\n<p><strong>\u00cen iulie 1660<\/strong>, un p\u0103stor pe nume <strong>Gaspard Ricard<\/strong> a le\u0219inat de sete pe colinele Bessillon. Un b\u0103rbat cu barb\u0103 a ap\u0103rut \u0219i a spus: <em>Sunt Iosif. Ridic\u0103 piatra aceea \u0219i bea.<\/em> Apa a \u021b\u00e2\u0219nit de dedesubt \u0219i a format <strong>Fontaine Saint-Joseph<\/strong>, care curge \u0219i ast\u0103zi. Un mic oratoriu a fost ridicat chiar \u00een acel an, urmat de <strong>o capel\u0103 consacrat\u0103 \u00een 1663<\/strong>, gravat\u0103 cu Isaia 12:3 <em>Cu bucurie ve\u021bi scoate ap\u0103 din izvoarele m\u00e2ntuirii<\/em>. Dac\u0103 te intereseaz\u0103 spiritualitate Cotignac sau turism religios Provence, locul face parte din drumul pelerinilor Cotignac \u0219i din tradi\u021bia satului Sfintei Familii.<\/p>\n\n\n\n<div style=\"height:10px\" aria-hidden=\"true\" class=\"wp-block-spacer\"><\/div>\n\n\n\n<h4 class=\"wp-block-heading\">M\u0103n\u0103stirea &amp; primirea pelerinilor<\/h4>\n\n\n\n<p>Dup\u0103 secole de lini\u0219te, locul a ren\u0103scut \u00een 1975 prin <strong>maicile benedictine din Algeria<\/strong>, care au reconstruit m\u0103n\u0103stirea sub \u00eendrumarea arhitectului Fernand Pouillon. <strong>Din 2019<\/strong>, situl este \u00eengrijit de <strong>Surorile Mater Dei din Argentina<\/strong>, care p\u0103streaz\u0103 un ritm discret de Liturghie, Adora\u021bie \u0219i catehez\u0103. M\u0103n\u0103stirea este \u00eenchis\u0103 vizitatorilor, \u00eens\u0103 <strong>capela r\u0103m\u00e2ne deschis\u0103 zilnic<\/strong>. Acest spa\u021biu completeaz\u0103 istoria Cotignac \u0219i patrimoniul s\u0103u spiritual din Cotignac Provence.<\/p>\n\n\n\n<div style=\"height:10px\" aria-hidden=\"true\" class=\"wp-block-spacer\"><\/div>\n\n\n\n<h4 class=\"wp-block-heading\">Chemin Saint-Joseph &amp; traseul Sfintei Familii<\/h4>\n\n\n\n<p><strong>Chemin Saint-Joseph, un traseu de pelerinaj de 4 km<\/strong>, leag\u0103 Notre-Dame de Gr\u00e2ces de Bessillon. \u0218ase mici oratorii marcheaz\u0103 momente de medita\u021bie asupra vie\u021bii Sf\u00e2ntului Iosif \u0219i a Sfintei Familii, un adev\u0103rat drumul Sf\u00e2ntului Iosif Cotignac. <strong>Un alt circuit de 9 km<\/strong> din sat trece pe l\u00e2ng\u0103 vii \u0219i <strong>Sursa Saint-Martin<\/strong>, oferind o plimbare lini\u0219tit\u0103 prin \u021barin\u0103, plin\u0103 de istorie \u0219i reflec\u021bie. Include-l \u00een itinerar Cotignac dac\u0103 practici slow travel Provence.<\/p>\n\n\n\n<div style=\"height:10px\" aria-hidden=\"true\" class=\"wp-block-spacer\"><\/div>\n\n\n\n<h4 class=\"wp-block-heading\">Un pelerinaj viu \u00een Provence Verte<\/h4>\n\n\n\n<p>La cinci secole dup\u0103 prima apari\u021bie, Cotignac continu\u0103 s\u0103 primeasc\u0103 pelerini, c\u0103l\u0103tori \u0219i curio\u0219i. \u00centre <strong>cele dou\u0103 sanctuare<\/strong>, poteci de p\u0103dure \u0219i orizonturi deschise, acest sat provensal r\u0103m\u00e2ne un loc unde credin\u021ba \u0219i peisajul se \u00eempletesc, unde pove\u0219tile regilor \u0219i ale p\u0103storilor \u00eenc\u0103 r\u0103sun\u0103 \u00een v\u00e2nt. Pentru tine, ca vizitator, este un reper pentru ce s\u0103 faci \u00een Cotignac \u0219i un capitol important \u00een patrimoniu Cotignac.<\/p>\n\n\n\n<hr class=\"wp-block-separator has-alpha-channel-opacity is-style-dots\"\/>\n\n\n\n<h3 class=\"wp-block-heading\">Traseul de patrimoniu Cotignac &amp; evenimente culturale<\/h3>\n\n\n\n<p><strong>Traseul de patrimoniu din Cotignac<\/strong> leag\u0103 multe dintre aceste repere \u00eentr-un circuit de o or\u0103, cu plecare de la prim\u0103rie Cotignac. Pl\u0103cu\u021be numerotate explic\u0103 istoria din spatele f\u00e2nt\u00e2nilor, fa\u021badelor \u0219i aleilor. Traseul este u\u0219or de urm\u0103rit, iar oficiul de turism ofer\u0103 o hart\u0103 tip\u0103rit\u0103 gratuit\u0103. Este o pies\u0103 util\u0103 \u00een orice ghid complet Cotignac.<\/p>\n\n\n\n<p><strong>Dincolo de monumente, Cotignac r\u0103m\u00e2ne animat tot anul<\/strong>, cu tradi\u021bii locale care dau ritm satului:<\/p>\n\n\n\n<ul class=\"wp-block-list\">\n<li><strong>\u00cen octombrie<\/strong>, <strong>F\u00eate du Coing<\/strong> umple str\u0103zile cu t\u00e2rg artizanal, muzic\u0103 live \u0219i o parad\u0103 vesel\u0103 dedicat\u0103 gutuii, fruct ad\u00e2nc \u00eenr\u0103d\u0103cinat \u00een patrimoniul provensal. Evenimentul este un reper \u00een evenimente Cotignac \u0219i evenimente Provence Verte.<\/li>\n\n\n\n<li><strong>\u00cen iulie \u0219i august<\/strong>, <strong>Festivalul <em>Les Toiles du Sud<\/em><\/strong> transform\u0103 Th\u00e9\u00e2tre du Rocher, teatrul \u00een aer liber de sub st\u00e2nc\u0103, \u00eentr-un cinema de var\u0103. Filme de anima\u021bie, proiec\u021bii \u00een versiune original\u0103 \u0219i premiere \u00eel fac unul dintre evenimentele culturale de neratat din regiune, perfecte pentru un weekend \u00een Cotignac.<\/li>\n\n\n\n<li><strong>\u00cen decembrie, expozi\u021bia de cre\u0219e provensale<\/strong> aduce la via\u021b\u0103 m\u0103iestria local\u0103 \u0219i spiritul s\u0103rb\u0103torilor, cu scenete ale Na\u0219terii expuse prin tot satul, un motiv excelent s\u0103 vizitezi Provence Verte iarna.<\/li>\n\n\n\n<li><strong>\u00cen fiecare mar\u021bi diminea\u021ba, pia\u021ba din Cotignac<\/strong> explodeaz\u0103 de culori \u0219i arome. G\u0103se\u0219ti tarabe cu lavand\u0103, miere, br\u00e2nzeturi \u0219i fructe care reflect\u0103 accentele inconfundabile ale Provence Verte. Dac\u0103 pl\u0103nuie\u0219ti un sejur Cotignac, pia\u021ba de mar\u021bi merit\u0103 pus\u0103 pe list\u0103 c\u00e2nd vizitezi Cotignac Var.<\/li>\n<\/ul>\n\n\n\n<hr class=\"wp-block-separator has-alpha-channel-opacity\"\/>\n\n\n\n<h2 class=\"wp-block-heading\" id=\"photography-best-viewpoints-cotignac\">Fotografie \u0219i cele mai bune puncte de belvedere \u00een Cotignac<\/h2>\n\n\n\n<p>Pentru c\u0103l\u0103torii pasiona\u021bi de fotografie, Cotignac Provence, sat clasat <em><a href=\"https:\/\/www.the-travel-bunny.com\/ro\/eticheta\/villages-de-caractere-du-var\/\" data-type=\"post_tag\" data-id=\"214\"><strong>Village de Caract\u00e8re du Var<\/strong><\/a><\/em>, ofer\u0103 o combina\u021bie rar\u0103 \u00eentre dramatism natural \u0219i detaliu arhitectural autentic. <strong>Faleza, casele de piatr\u0103 \u0219i pie\u021bele mici creeaz\u0103 o scenografie care se transform\u0103 odat\u0103 cu lumina.<\/strong> Fiecare moment al zilei scoate la iveal\u0103 altceva: de la aurul cald al r\u0103s\u0103ritului peste st\u00e2nc\u0103 p\u00e2n\u0103 la albastrul intens al amurgului pe biseric\u0103 \u0219i sanctuar. Fie c\u0103 por\u021bi un aparat foto sau doar telefonul, acest ghid Cotignac \u00ee\u021bi arat\u0103 cele mai inspirate locuri unde po\u021bi surprinde esen\u021ba Provence Verte.<\/p>\n\n\n\n<div style=\"height:10px\" aria-hidden=\"true\" class=\"wp-block-spacer\"><\/div>\n\n\n\n<figure class=\"wp-block-image size-full\"><img loading=\"lazy\" decoding=\"async\" width=\"792\" height=\"294\" src=\"https:\/\/www.the-travel-bunny.com\/ro\/wp-content\/uploads\/sites\/2\/2025\/11\/Vedere-Cotignac-de-pe-Rocher-sat-Provence-Verte.jpg\" alt=\"Vedere panoramic\u0103 asupra satului Cotignac Provence Verte de pe Rocher de Cotignac, cu acoperi\u0219uri din \u021bigl\u0103 \u0219i coline verzi \u00een dep\u0103rtare\" class=\"wp-image-10634\" title=\"\" srcset=\"https:\/\/www.the-travel-bunny.com\/ro\/wp-content\/uploads\/sites\/2\/2025\/11\/Vedere-Cotignac-de-pe-Rocher-sat-Provence-Verte.jpg 792w, https:\/\/www.the-travel-bunny.com\/ro\/wp-content\/uploads\/sites\/2\/2025\/11\/Vedere-Cotignac-de-pe-Rocher-sat-Provence-Verte-300x111.jpg 300w, https:\/\/www.the-travel-bunny.com\/ro\/wp-content\/uploads\/sites\/2\/2025\/11\/Vedere-Cotignac-de-pe-Rocher-sat-Provence-Verte-768x285.jpg 768w\" sizes=\"auto, (max-width: 792px) 100vw, 792px\" \/><figcaption class=\"wp-element-caption\"><em>De sus, din v\u00e2rful Rocher de Cotignac, satul \u00ee\u0219i dezv\u0103luie farmecul deplin \u00eentr-un labirint de acoperi\u0219uri ro\u0219ii \u00eencadrate de livezi de m\u0103slini \u0219i chiparo\u0219i. Aceast\u0103 vedere panoramic\u0103 explic\u0103 de ce satul se afl\u0103 pe lista celor mai frumoase sate din Fran\u021ba.<\/em><\/figcaption><\/figure>\n\n\n\n<h3 class=\"wp-block-heading\">V\u00e2rful st\u00e2ncii din Cotignac<\/h3>\n\n\n\n<p>V\u00e2rful <strong>Rocher de Cotignac<\/strong> ofer\u0103 cea mai impresionant\u0103 panoram\u0103 asupra satului \u0219i a v\u0103ii. Urcu\u0219ul dureaz\u0103 aproximativ cincisprezece minute din centru, urm\u00e2nd traseul <strong>plimbarea Balade du Rocher<\/strong>, care \u0219erpuie\u0219te printre pe\u0219teri trogloditice Cotignac \u0219i <strong>turnurile sarazine<\/strong>. De sus, acoperi\u0219urile de teracot\u0103 par o p\u00e2nz\u0103 \u00een nuan\u021be de ro\u0219u \u0219i ocru, a\u0219ezat\u0103 la poalele st\u00e2ncii de calcar deschis. Diminea\u021ba devreme este momentul ideal pentru fotografii cu panorama Rocherului, c\u00e2nd soarele jos coloreaz\u0103 piatra \u00een tonuri de auriu \u0219i roz. Poteca este denivelat\u0103, dar bine marcat\u0103, ceea ce o face unul dintre <strong>cele mai bune puncte de belvedere Cotignac<\/strong> pentru pasiona\u021bii de fotografie.<\/p>\n\n\n\n<hr class=\"wp-block-separator has-alpha-channel-opacity is-style-dots\"\/>\n\n\n\n<figure class=\"wp-block-image size-full\"><img loading=\"lazy\" decoding=\"async\" width=\"792\" height=\"294\" src=\"https:\/\/www.the-travel-bunny.com\/ro\/wp-content\/uploads\/sites\/2\/2025\/11\/Cours-Gambetta-Cotignac-cafenele-magazine-de-arta-Provence.jpg\" alt=\"Terase animate \u0219i magazine de art\u0103 pe Cours Gambetta Cotignac, strada principal\u0103 din Cotignac Provence Verte, decorat\u0103 cu copaci \u0219i flori\" class=\"wp-image-10635\" title=\"\" srcset=\"https:\/\/www.the-travel-bunny.com\/ro\/wp-content\/uploads\/sites\/2\/2025\/11\/Cours-Gambetta-Cotignac-cafenele-magazine-de-arta-Provence.jpg 792w, https:\/\/www.the-travel-bunny.com\/ro\/wp-content\/uploads\/sites\/2\/2025\/11\/Cours-Gambetta-Cotignac-cafenele-magazine-de-arta-Provence-300x111.jpg 300w, https:\/\/www.the-travel-bunny.com\/ro\/wp-content\/uploads\/sites\/2\/2025\/11\/Cours-Gambetta-Cotignac-cafenele-magazine-de-arta-Provence-768x285.jpg 768w\" sizes=\"auto, (max-width: 792px) 100vw, 792px\" \/><figcaption class=\"wp-element-caption\"><em>Cours Gambetta este inima social\u0103 a satului Cotignac, m\u0103rginit de cafenele, braserii \u0219i mici galerii de art\u0103. Localnicii z\u0103bovesc la o cafea sub platani, iar vizitatorii descoper\u0103 artizanat provensal \u0219i se bucur\u0103 de ritmul relaxat al vie\u021bii de sat.<\/em><\/figcaption><\/figure>\n\n\n\n<h3 class=\"wp-block-heading\">Terasele de pe Cours Gambetta<\/h3>\n\n\n\n<p>\u00cen centrul satului, <strong>Cours Gambetta Cotignac<\/strong> ofer\u0103 o perspectiv\u0103 complet diferit\u0103. Terasele cafenelelor surprind via\u021ba provensal\u0103 de zi cu zi: pahare care se ciocnesc, oameni care stau la pove\u0219ti, copii care se joac\u0103 \u00een jurul <strong>f\u00e2nt\u00e2nilor din Cotignac<\/strong>. Din punct de vedere fotografic, este locul ideal pentru imagini spontane pline de atmosfer\u0103. Lumina bl\u00e2nd\u0103 de dup\u0103-amiaz\u0103 filtreaz\u0103 printre frunzele platanilor \u0219i deseneaz\u0103 modele pe caldar\u00e2m. Aceste scene de strad\u0103 sunt perfecte pentru <strong>poze autentice din Provence<\/strong>, ilustr\u00e2nd ritmul din Cotignac Provence dincolo de peisajele evidente.<\/p>\n\n\n\n<hr class=\"wp-block-separator has-alpha-channel-opacity is-style-dots\"\/>\n\n\n\n<figure class=\"wp-block-image size-full\"><img loading=\"lazy\" decoding=\"async\" width=\"792\" height=\"294\" src=\"https:\/\/www.the-travel-bunny.com\/ro\/wp-content\/uploads\/sites\/2\/2025\/11\/Vedere-de-la-sanctuarul-Notre-Dame-de-Graces-Cotignac-Provence.jpg\" alt=\"Priveli\u0219te panoramic\u0103 asupra colinelor verzi din Provence Verte, v\u0103zut\u0103 de la sanctuarul Notre-Dame de Gr\u00e2ces Cotignac\" class=\"wp-image-10636\" title=\"\" srcset=\"https:\/\/www.the-travel-bunny.com\/ro\/wp-content\/uploads\/sites\/2\/2025\/11\/Vedere-de-la-sanctuarul-Notre-Dame-de-Graces-Cotignac-Provence.jpg 792w, https:\/\/www.the-travel-bunny.com\/ro\/wp-content\/uploads\/sites\/2\/2025\/11\/Vedere-de-la-sanctuarul-Notre-Dame-de-Graces-Cotignac-Provence-300x111.jpg 300w, https:\/\/www.the-travel-bunny.com\/ro\/wp-content\/uploads\/sites\/2\/2025\/11\/Vedere-de-la-sanctuarul-Notre-Dame-de-Graces-Cotignac-Provence-768x285.jpg 768w\" sizes=\"auto, (max-width: 792px) 100vw, 792px\" \/><figcaption class=\"wp-element-caption\"><em>De la sanctuarul Notre-Dame de Gr\u00e2ces Cotignac, fotografii pot surprinde priveli\u0219ti ample asupra dealurilor \u00eemp\u0103durite \u0219i a satelor din Provence Verte. Terasa de piatr\u0103, lini\u0219tit\u0103 \u0219i sc\u0103ldat\u0103 \u00een lumina sudului, ofer\u0103 o perspectiv\u0103 senin\u0103 asupra peisajului din jurul satului.<\/em><\/figcaption><\/figure>\n\n\n\n<h3 class=\"wp-block-heading\">Vederi de la Sanctuarul Notre-Dame de Gr\u00e2ces<\/h3>\n\n\n\n<p>De pe <strong>sc\u0103rile sanctuarului<\/strong>, panorama asupra satului este larg\u0103 \u0219i lini\u0219tit\u0103. Se v\u0103d acoperi\u0219urile, podgoriile \u0219i st\u00e2ncile care se ridic\u0103 \u00een spatele lor. Diminea\u021ba, lumina moale accentueaz\u0103 culorile, iar seara umbrele lungi scot \u00een eviden\u021b\u0103 forma v\u0103ii. Pentru o compozi\u021bie echilibrat\u0103, include \u00een cadru balustrada de piatr\u0103 a sanctuarului. \u00cen interior, <strong>tonurile albastre ale plafonului<\/strong> se aprind frumos \u00een lumina cald\u0103 de apus, oferind un contrast pl\u0103cut cu exteriorul.<\/p>\n\n\n\n<hr class=\"wp-block-separator has-alpha-channel-opacity is-style-dots\"\/>\n\n\n\n<h3 class=\"wp-block-heading\">Lumin\u0103 &amp; momente potrivite pentru fotografie \u00een Cotignac<\/h3>\n\n\n\n<p><strong>Vremea \u00een Cotignac<\/strong> se schimb\u0103 rapid, iar lumina joac\u0103 un rol esen\u021bial \u00een fotografie. Diminea\u021ba, lumina aurie m\u00e2ng\u00e2ie Rocher de Cotignac, eviden\u021biind detaliile caselor trogloditice. \u00cen jurul amiezii, umbrele dispar, iar str\u0103du\u021bele devin perfecte pentru imagini pline de culoare. Seara, st\u00e2ncile cap\u0103t\u0103 nuan\u021be gri catifelat, iar interiorul sanctuarului Notre-Dame de Gr\u00e2ces reflect\u0103 tonuri de albastru profund, ideale pentru fotografii la lumin\u0103 redus\u0103. <strong>R\u0103bdarea e cheia<\/strong>. Uneori, zece minute pot transforma o fotografie obi\u0219nuit\u0103 \u00eentr-una perfect\u0103.<\/p>\n\n\n\n<p class=\"has-extra-info-background-color has-background\"><strong>Informa\u021bii utile pentru fotografie \u00een Cotignac<\/strong>: Utilizarea dronelor este strict limitat\u0103 \u00een apropierea locurilor de cult, inclusiv la sanctuarul Notre-Dame de Gr\u00e2ces \u0219i capela Saint Joseph du Bessillon Cotignac. Verific\u0103 \u00eentotdeauna regulile pentru drone Provence \u00eenainte de zbor, deoarece Cotignac Var se afl\u0103 l\u00e2ng\u0103 zone protejate.<\/p>\n\n\n\n<p>Fiecare dintre aceste <strong>puncte de belvedere din Cotignac<\/strong> ofer\u0103 o perspectiv\u0103 unic\u0103: de la via\u021ba de zi cu zi de pe <strong>Cours Gambetta<\/strong> p\u00e2n\u0103 la panorama grandioas\u0103 de pe <strong>Rocher de Cotignac<\/strong>. \u00cempreun\u0103, transform\u0103 <strong>vizita \u00een Cotignac<\/strong> \u00eentr-o experien\u021b\u0103 vizual\u0103 memorabil\u0103 \u0219i fac din acest <strong>sat trogloditic din Provence<\/strong> unul dintre cele mai fotogenice locuri din sudul Fran\u021bei.<\/p>\n\n\n\n<hr class=\"wp-block-separator has-alpha-channel-opacity\"\/>\n\n\n\n<h2 class=\"wp-block-heading\" id=\"visit-cotignac-faq\">\u00centreb\u0103ri frecvente despre vizit\u0103 Cotignac<\/h2>\n\n\n\n<p>Planificarea unei <strong>c\u0103l\u0103torii \u00een Cotignac, Fran\u021ba<\/strong> ridic\u0103 adesea acelea\u0219i \u00eentreb\u0103ri practice pentru turi\u0219ti \u0219i expa\u021bi. Mai jos g\u0103se\u0219ti cele mai complete r\u0103spunsuri, de la transport \u0219i logistic\u0103 de familie p\u00e2n\u0103 la vreme \u0219i atrac\u021bii din \u00eemprejurimi.<\/p>\n\n\n<div id=\"rank-math-faq\" class=\"rank-math-block\">\n<div class=\"rank-math-list \">\n<div id=\"faq-question-1761735036160\" class=\"rank-math-list-item\">\n<h3 class=\"rank-math-question \">Merit\u0103 s\u0103 vizitezi Cotignac?<\/h3>\n<div class=\"rank-math-answer \">\n\n<p>Da. <strong>Cotignac merit\u0103 vizitat<\/strong> pentru combina\u021bia rar\u0103 de natur\u0103, istorie \u0219i autenticitate. \u00cen spatele satului se afl\u0103 peretele de tuf vulcanic (lung de 400 m, \u00eenalt de 80 m) care ad\u0103poste\u0219te <strong>pe\u0219teri trogloditice Cotignac<\/strong> \u0219i turnuri vechi. Pia\u021ba s\u0103pt\u0103m\u00e2nal\u0103, festivalul gutuilor Cotignac (F\u00eate du Coing) \u0219i <strong>santuarele Notre-Dame de Gr\u00e2ces \u0219i Saint-Joseph du Bessillon<\/strong> atrag vizitatori \u00een c\u0103utarea unei experien\u021be autentice provensale.<br \/>Fie c\u0103 stai un weekend sau te g\u00e2nde\u0219ti s\u0103 te relochezi, ritmul relaxat \u0219i peisajul spectaculos fac din Cotignac Provence o alegere excelent\u0103.<\/p>\n\n<\/div>\n<\/div>\n<div id=\"faq-question-1761735301745\" class=\"rank-math-list-item\">\n<h3 class=\"rank-math-question \">Pentru ce este cunoscut Cotignac?<\/h3>\n<div class=\"rank-math-answer \">\n\n<p>Cotignac Var este faimos pentru <strong>pe\u0219terile sale trogloditice<\/strong> \u0219i pentru plimbarea Balade du Rocher, o rut\u0103 spectaculoas\u0103 sub st\u00e2nc\u0103. De asemenea, satul se m\u00e2ndre\u0219te cu <strong>pia\u021ba de mar\u021bi din Cotignac<\/strong>, activ\u0103 de secole, \u0219i cu <strong>sanctuarul Notre-Dame de Gr\u00e2ces<\/strong>, loc de pelerinaj Cotignac \u00eenc\u0103 din 1519.<br \/>\u00cen fiecare octombrie, localnicii celebreaz\u0103 <strong>F\u00eate du Coing<\/strong>, eveniment dedicat gutuilor, iar satul se bucur\u0103 de titlul de unul dintre <strong>cele mai frumoase sate din Fran\u021ba<\/strong>.<\/p>\n\n<\/div>\n<\/div>\n<div id=\"faq-question-1761735341533\" class=\"rank-math-list-item\">\n<h3 class=\"rank-math-question \">Ai nevoie de ma\u0219in\u0103 \u00een Cotignac?<\/h3>\n<div class=\"rank-math-answer \">\n\n<p>Da, mai ales dac\u0103 vrei s\u0103 faci excursii de o zi \u00een Provence Verte. Nu exist\u0103 gar\u0103 \u00een Cotignac, iar autobuzele din Brignoles sau Aups circul\u0103 rar. Satul se poate vizita u\u0219or pe jos, \u00eens\u0103 pentru a descoperi atrac\u021biile din jur, cum ar fi <strong>Sillans-la-Cascade, Entrecasteaux, Carc\u00e8s sau Aups<\/strong>, ai nevoie de o ma\u0219in\u0103.<br \/><strong>\u00cenchirierea unei ma\u0219ini<\/strong> este cea mai bun\u0103 op\u021biune pentru un itinerar Cotignac complet, parte dintr-un <strong>traseu Provence<\/strong> mai amplu.<\/p>\n\n<\/div>\n<\/div>\n<div id=\"faq-question-1761735424561\" class=\"rank-math-list-item\">\n<h3 class=\"rank-math-question \">C\u00e2nd are loc pia\u021ba din Cotignac?<\/h3>\n<div class=\"rank-math-answer \">\n\n<p><strong>Pia\u021ba din Cotignac are loc \u00een fiecare mar\u021bi diminea\u021b\u0103<\/strong>, tot anul, pe Cours Gambetta \u0219i Place de la Mairie Cotignac, de obicei \u00eentre 8:00 \u0219i 13:00. Aici g\u0103se\u0219ti produse locale, br\u00e2nzeturi, fructe, legume \u0219i artizanat.<br \/>\u00cen octombrie, pia\u021ba se extinde pentru <strong>festivalul gutuilor Cotignac<\/strong>, cu tarabe pline de gemuri, lichioruri \u0219i dulciuri din gutui.<br \/>Sose\u0219te devreme pentru a prinde loc de <strong>parcare Cotignac<\/strong> \u0219i bucur\u0103-te de o cafea la Caf\u00e9 de l\u2019Union sau Bar Le Marigny \u00eenainte de aglomera\u021bie.<\/p>\n\n<\/div>\n<\/div>\n<div id=\"faq-question-1761735502407\" class=\"rank-math-list-item\">\n<h3 class=\"rank-math-question \">Exist\u0103 parcare pentru autorulote?<\/h3>\n<div class=\"rank-math-answer \">\n\n<p>Da, dar locurile sunt limitate. Cea mai sigur\u0103 op\u021biune este <strong>867 Chemin de la Colle Cotignac<\/strong>, listat\u0103 pe <strong>Park4Night Cotignac<\/strong>, unde po\u021bi sta peste noapte gratuit. Zona este plat\u0103 \u0219i se afl\u0103 la aproximativ cincisprezece minute de mers pe jos de centrul satului.<br \/>Parc\u0103rile centrale, inclusiv cele din apropierea <strong>Oficiului de Turism Cotignac<\/strong>, au limit\u0103 de \u00een\u0103l\u021bime de 2 m, deci nu sunt potrivite pentru vehicule mari.<br \/>Verific\u0103 din timp eventualele restric\u021bii de circula\u021bie, mai ales \u00een timpul F\u00eate du Coing, c\u00e2nd parcarea Lauron Cotignac poate fi ocupat\u0103 de activit\u0103\u021bile festivalului.<\/p>\n\n<\/div>\n<\/div>\n<div id=\"faq-question-1761735533792\" class=\"rank-math-list-item\">\n<h3 class=\"rank-math-question \">Po\u021bi vizita pe\u0219terile din Cotignac cu copii?<\/h3>\n<div class=\"rank-math-answer \">\n\n<p>Da. <strong>Vizita la pe\u0219terile trogloditice Cotignac<\/strong> este sigur\u0103 pentru familii cu copii, cu condi\u021bia ca ace\u0219tia s\u0103 fie supraveghea\u021bi. Biletul cost\u0103 2,50 \u20ac pentru adul\u021bi, iar copiii au intrarea gratuit\u0103.<br \/>Traseul include sc\u0103ri \u0219i pasaje \u00eenguste, a\u0219a c\u0103 un sistem de purtare este mai potrivit dec\u00e2t un c\u0103rucior. Vizita dureaz\u0103 aproximativ treizeci de minute \u0219i se \u00eencheie cu o <strong>vedere panoramic\u0103 Cotignac<\/strong> superb\u0103 asupra acoperi\u0219urilor \u0219i v\u0103ii.<\/p>\n\n<\/div>\n<\/div>\n<div id=\"faq-question-1761735554026\" class=\"rank-math-list-item\">\n<h3 class=\"rank-math-question \">Apa de la robinet este potabil\u0103 \u00een Cotignac?<\/h3>\n<div class=\"rank-math-answer \">\n\n<p>Da. <strong>Apa de la robinet \u00een Cotignac<\/strong> este sigur\u0103 pentru consum, iar mai multe <strong>f\u00e2nt\u00e2ni Cotignac<\/strong> se afl\u0103 r\u0103sp\u00e2ndite prin sat. Multe dintre ele dateaz\u0103 de secole \u0219i ofer\u0103 \u00eenc\u0103 ap\u0103 rece \u0219i proasp\u0103t\u0103. Este o metod\u0103 ecologic\u0103 de a-\u021bi reumple sticla \u00een timp ce explorezi satul pe jos.<\/p>\n\n<\/div>\n<\/div>\n<div id=\"faq-question-1761735576559\" class=\"rank-math-list-item\">\n<h3 class=\"rank-math-question \">Ce s\u0103 pui \u00een bagaj toamna pentru o vizit\u0103 \u00een Provence?<\/h3>\n<div class=\"rank-math-answer \">\n\n<p><strong>Toamna \u00een Provence<\/strong> aduce zile bl\u00e2nde \u0219i seri r\u0103coroase. Pune \u00een bagaj straturi sub\u021biri de haine care se adapteaz\u0103 u\u0219or la schimb\u0103rile rapide de temperatur\u0103, o jachet\u0103 impermeabil\u0103 pentru ploile ocazionale \u0219i pantofi comozi, cu talp\u0103 plat\u0103, potrivi\u021bi pentru pietri\u0219 sau poteci. Dac\u0103 c\u0103l\u0103tore\u0219ti cu familia, ia cu tine o linguri\u021b\u0103 pentru bebelu\u0219i \u0219i gust\u0103ri pentru cei mici, deoarece pia\u021ba din Cotignac \u0219i <strong>pie\u021bele din Provence<\/strong> ofer\u0103 \u00een principal produse pentru adul\u021bi.<\/p>\n\n<\/div>\n<\/div>\n<div id=\"faq-question-1761735597271\" class=\"rank-math-list-item\">\n<h3 class=\"rank-math-question \">Care este cel mai apropiat aeroport de Cotignac?<\/h3>\n<div class=\"rank-math-answer \">\n\n<p>Cele mai apropiate aeroporturi sunt <strong>Aeroportul Marseille Provence<\/strong> (aproximativ o or\u0103 \u0219i 45 de minute cu ma\u0219ina) \u0219i <strong>Aeroportul Nice C\u00f4te d\u2019Azur<\/strong> (\u00een jur de 2 ore). Ambele ofer\u0103 servicii de \u00eenchiriere auto \u0219i acces direct la autostrad\u0103 spre Cotignac Var. Dac\u0103 vii din Fran\u021ba, <strong>gara TGV Aix-en-Provence<\/strong> este cel mai apropiat nod feroviar important, aflat la circa 90 de minute distan\u021b\u0103 cu ma\u0219ina.<\/p>\n\n<\/div>\n<\/div>\n<div id=\"faq-question-1761735606832\" class=\"rank-math-list-item\">\n<h3 class=\"rank-math-question \">Ce sate se afl\u0103 \u00een apropiere de Cotignac?<\/h3>\n<div class=\"rank-math-answer \">\n\n<p>Mai multe sate fermec\u0103toare din jurul Cotignac Provence sunt perfecte pentru excursii de o zi. Viziteaz\u0103 <strong>Sillans-la-Cascade<\/strong> pentru cascada sa de 42 de metri, <strong>Entrecasteaux<\/strong> pentru castelul \u0219i gr\u0103dinile sale, <strong>Carc\u00e8s<\/strong> pentru lacul \u0219i cooperativa de vinuri, \u0219i <strong>Aups<\/strong> pentru pia\u021ba de trufe din sezonul de iarn\u0103. Po\u021bi explora \u0219i <strong>Salernes<\/strong>, renumit pentru ceramica sa, <strong>Tourtour<\/strong>, supranumit <em>satul din cer<\/em>, \u0219i <strong>Moustiers-Sainte-Marie<\/strong>, poarta de intrare spre <strong>Cheile Verdon \u0219i Lacul Sainte-Croix<\/strong>. Toate se afl\u0103 la cel mult o or\u0103 de mers cu ma\u0219ina, ceea ce face din Cotignac o baz\u0103 excelent\u0103 pentru a vizita Provence Verte.<\/p>\n\n<\/div>\n<\/div>\n<\/div>\n<\/div>\n\n\n<hr class=\"wp-block-separator has-alpha-channel-opacity\"\/>\n\n\n\n<h2 class=\"wp-block-heading\" id=\"why-cotignac-stays-with-you\">De ce o vizit\u0103 Cotignac r\u0103m\u00e2ne cu tine<\/h2>\n\n\n\n<p><strong>Cotignac Provence<\/strong> este unul dintre acele locuri care \u00ee\u021bi intr\u0103 \u00een suflet \u00eencet, f\u0103r\u0103 s\u0103-\u021bi dai seama. Nu te \u00eendr\u0103goste\u0219ti de el pentru un singur obiectiv sau un restaurant anume, ci pentru <strong>felul \u00een care se simte<\/strong> atunci c\u00e2nd turi\u0219tii dispar \u0219i satul respir\u0103 din nou. Aici exist\u0103 un ritm care se potrive\u0219te perfect cu ideea de <strong>slow travel Provence<\/strong>. Dimine\u021bile \u00eencep cu mirosul de cafea pe <strong>Cours Gambetta Cotignac<\/strong>, dup\u0103-amiezile se topesc \u00een lumina aurie de sub st\u00e2ncile Rocher de Cotignac, iar serile r\u0103coroase te \u00eembie la plimb\u0103ri lini\u0219tite, c\u00e2nd totul devine echilibrat \u0219i autentic.<\/p>\n\n\n\n<p><strong>Ceea ce r\u0103m\u00e2ne cel mai puternic este atmosfera satului.<\/strong> Un <strong>weekend \u00een Cotignac<\/strong> care a \u00eenceput cu drumuri blocate \u0219i devieri s-a terminat cu o lini\u0219te plin\u0103 de satisfac\u021bie, genul de stare pe care o g\u0103se\u0219ti doar atunci c\u00e2nd planurile se destram\u0103, dar experien\u021ba devine memorabil\u0103. Venisem pentru o scurt\u0103 evadare, dar am plecat cu senza\u021bia c\u0103 am atins <strong>adev\u0103rata Provence<\/strong>, cea <strong>generoas\u0103, pu\u021bin \u00eenc\u0103p\u0103\u021b\u00e2nat\u0103 \u0219i condus\u0103 de anotimpuri, nu de program\u0103ri.<\/strong><\/p>\n\n\n\n<p><strong>Cotignac Var<\/strong> tr\u0103ie\u0219te \u00een cel mai autentic mod posibil. Este un <strong>sat provensal<\/strong> care te prime\u0219te f\u0103r\u0103 s\u0103 poarte o masc\u0103, unde aceia\u0219i oameni care \u00ee\u021bi v\u00e2nd fructe \u00een <strong>pia\u021ba din Cotignac<\/strong> \u00ee\u021bi fac mai t\u00e2rziu cu m\u00e2na de la o mas\u0103 de la <strong>Caf\u00e9 de l\u2019Union Cotignac<\/strong> sau <strong>Bar Le Marigny Cotignac<\/strong>. Este genul de loc care \u00eei face pe c\u0103l\u0103tori \u0219i expa\u021bi s\u0103 r\u0103m\u00e2n\u0103 mai mult dec\u00e2t au pl\u0103nuit, atra\u0219i de <strong>ritmul lent \u0219i onest al vie\u021bii de zi cu zi.<\/strong> Este <strong>Provence Verte<\/strong> visat\u0103: <strong>vie, imperfect\u0103 \u0219i bl\u00e2nd\u0103<\/strong> cu cei care aleg s\u0103 r\u0103m\u00e2n\u0103 pu\u021bin mai mult.<\/p>\n\n\n\n<p>Dac\u0103 ai fost deja aici, poveste\u0219te ce \u021bi-a r\u0103mas \u00een minte. Iar dac\u0103 nu ai ajuns \u00eenc\u0103, planific\u0103-\u021bi c\u00e2t mai cur\u00e2nd o <strong>vizit\u0103 Cotignac<\/strong>. <strong>Viziteaz\u0103 Cotignac<\/strong> pentru un weekend, dar r\u0103m\u00e2i pentru senza\u021bia pe care \u021bi-o las\u0103. Las\u0103 <strong>st\u00e2ncile Rocher de Cotignac<\/strong>, <strong>pia\u021ba de mar\u021bi Cotignac<\/strong> \u0219i c\u0103ldura oamenilor s\u0103-\u021bi aminteasc\u0103 <strong>de ce Provence \u00eenc\u0103 conteaz\u0103.<\/strong><\/p>\n\n\n\n<hr class=\"wp-block-separator has-alpha-channel-opacity\"\/>\n\n\n\n<h2 class=\"wp-block-heading\" id=\"despre-autoare\">Despre autoare<\/h2>\n\n\n\n<div class=\"wp-block-media-text alignwide is-stacked-on-mobile is-vertically-aligned-top\" style=\"grid-template-columns:15% auto\"><figure class=\"wp-block-media-text__media\"><img loading=\"lazy\" decoding=\"async\" width=\"138\" height=\"140\" src=\"https:\/\/www.the-travel-bunny.com\/ro\/wp-content\/uploads\/sites\/2\/2021\/05\/Mirela-Letailleur-or-The-Travel-Bunny.jpg\" alt=\"Mirela Letailleur sau The Travel Bunny\" class=\"wp-image-481 size-full\" title=\"\"><\/figure><div class=\"wp-block-media-text__content\">\n<p class=\"has-small-font-size\">Sunt <strong><a href=\"https:\/\/www.the-travel-bunny.com\/ro\/despre-travel-bunny\/mirela-letailleur\/\">Mirela Letailleur<\/a><\/strong>, autoare de c\u0103l\u0103torii din Rom\u00e2nia stabilit\u0103 \u00een <strong>Provence<\/strong>, \u0219i creatoarea blogului <em>The Travel Bunny<\/em>, unde \u00eemp\u0103rt\u0103\u0219esc experien\u021be culturale, de familie \u0219i de slow travel tr\u0103ite direct \u00een Europa. Tr\u0103iesc de ani buni \u00een regiunea Var din sudul Fran\u021bei \u0219i am explorat fiecare col\u021b al Provence Verte, de multe ori cu autorulota, al\u0103turi de so\u021bul \u0219i fiul meu. Ca expat stabilit de mult timp \u00een Fran\u021ba, scriu ghiduri care te ajut\u0103 s\u0103 tr\u0103ie\u0219ti Provence ca un localnic, \u00eentr-un echilibru \u00eentre curiozitate, organizare \u0219i respect cultural.<\/p>\n\n\n\n<p class=\"has-small-font-size\">Cotignac are un loc special \u00een inima mea. Am vizitat satul at\u00e2t ca mam\u0103, c\u00e2t \u0219i ca profesionist \u00een turism, atras\u0103 de pe\u0219terile trogloditice Cotignac, de festivalul gutuilor Cotignac F\u00eate du Coing, \u0219i de profunzimea tradi\u021biilor sale de pelerinaj Cotignac. Experien\u021ba mea \u00eembin\u0103 cunoa\u0219terea local\u0103 cu cercetarea direct\u0103 pe teren, iar fiecare recomandare din acest ghid Cotignac se bazeaz\u0103 pe experien\u021b\u0103 personal\u0103.<\/p>\n<\/div><\/div>\n\n\n<div class=\"wp-block-scriptless-social-sharing-buttons\"><div class=\"scriptlesssocialsharing\"><div class=\"scriptlesssocialsharing__buttons no-icons\"><a class=\"button facebook\" target=\"_blank\" href=\"https:\/\/www.facebook.com\/sharer\/sharer.php?u=https%3A%2F%2Fwww.the-travel-bunny.com%2Fro%2Fvizita-cotignac-ghid-turistic-provence%2F\" rel=\"noopener noreferrer nofollow\"><span class=\"sss-name\"><span class=\"screen-reader-text\">Share on <\/span>Facebook<\/span><\/a><a class=\"button twitter\" target=\"_blank\" href=\"https:\/\/twitter.com\/intent\/tweet?text=Ghid%20complet%20Cotignac.%20Satul%20din%20Provence%20construit%20%C3%AEn%20st%C3%A2nc%C4%83%2C%20cu%20t%C3%A2rguri%20de%20gutui%2C%20miracole%20regale%20%C8%99i%20pe%C8%99teri%20trogloditice&#038;url=https%3A%2F%2Fwww.the-travel-bunny.com%2Fro%2Fvizita-cotignac-ghid-turistic-provence%2F&#038;via=mirela_iepurela&#038;related=mirela_iepurela\" rel=\"noopener noreferrer nofollow\"><span class=\"sss-name\"><span class=\"screen-reader-text\">Share on <\/span>X (Twitter)<\/span><\/a><a class=\"button pinterest\" target=\"_blank\" href=\"https:\/\/pinterest.com\/pin\/create\/button\/?url=https%3A%2F%2Fwww.the-travel-bunny.com%2Fro%2Fvizita-cotignac-ghid-turistic-provence%2F&#038;media=https%3A%2F%2Fwww.the-travel-bunny.com%2Fro%2Fwp-content%2Fuploads%2Fsites%2F2%2F2025%2F11%2FVizita-Cotignac-France-ghid-turistic-sat-trogloditic-Provence-Verte.jpg&#038;description=Ghid%20complet%20Cotignac.%20Satul%20din%20Provence%20construit%20%C3%AEn%20st%C3%A2nc%C4%83%2C%20cu%20t%C3%A2rguri%20de%20gutui%2C%20miracole%20regale%20%C8%99i%20pe%C8%99teri%20trogloditice\" rel=\"noopener noreferrer nofollow\" data-pin-no-hover=\"true\" data-pin-custom=\"true\" data-pin-do=\"skip\" data-pin-description=\"Ghid complet Cotignac. Satul din Provence construit \u00een st\u00e2nc\u0103, cu t\u00e2rguri de gutui, miracole regale \u0219i pe\u0219teri trogloditice\"><span class=\"sss-name\"><span class=\"screen-reader-text\">Share on <\/span>Pinterest<\/span><\/a><a class=\"button whatsapp\" target=\"_blank\" href=\"https:\/\/api.whatsapp.com\/send?text=Ghid%20complet%20Cotignac.%20Satul%20din%20Provence%20construit%20%C3%AEn%20st%C3%A2nc%C4%83%2C%20cu%20t%C3%A2rguri%20de%20gutui%2C%20miracole%20regale%20%C8%99i%20pe%C8%99teri%20trogloditice%20%E2%80%94%20https%3A%2F%2Fwww.the-travel-bunny.com%2Fro%2Fvizita-cotignac-ghid-turistic-provence%2F\" rel=\"noopener noreferrer nofollow\"><span class=\"sss-name\"><span class=\"screen-reader-text\">Share on <\/span>WhatsApp<\/span><\/a><a class=\"button email\" href=\"mailto:?body=Am%20citit%20acest%20articol%20de%20vacan%C8%9B%C4%83%20%C8%99i%20m-am%20g%C3%A2ndit%20la%20tine.%20Iat%C4%83%20%C8%99i%20link-ul%3A%20https%3A%2F%2Fwww.the-travel-bunny.com%2Fro%2Fvizita-cotignac-ghid-turistic-provence%2F&#038;subject=Promit%20c%C4%83%20o%20s%C4%83%20%C3%AE%C8%9Bi%20plac%C4%83%3A%20Ghid%20complet%20Cotignac.%20Satul%20din%20Provence%20construit%20%C3%AEn%20st%C3%A2nc%C4%83%2C%20cu%20t%C3%A2rguri%20de%20gutui%2C%20miracole%20regale%20%C8%99i%20pe%C8%99teri%20trogloditice\" rel=\"noopener noreferrer nofollow\" ><span class=\"sss-name\"><span class=\"screen-reader-text\">Share on <\/span>Email<\/span><\/a><\/div><\/div><\/div>\n\n\n<p class=\"has-small-font-size\"><strong>Dup\u0103 ce \u00ee\u021bi planifici vizita \u00een Cotignac Provence, descoper\u0103 \u0219i celelalte ghiduri de pe The Travel Bunny<\/strong><br><em>[\u00cen cur\u00e2nd]<\/em><\/p>\n","protected":false},"excerpt":{"rendered":"<p>Cotignac Fran\u021ba este un sat coco\u021bat pe st\u00e2nc\u0103, aflat \u00een inima regiunii Provence Verte, cunoscut pentru pe\u0219terile trogloditice Cotignac, pie\u021bele pline de via\u021b\u0103 \u0219i cele dou\u0103 sanctuare de pelerinaj. Acest ghid complet Cotignac \u00ee\u021bi ofer\u0103 sfaturi autentice dintr-un weekend real petrecut \u00een zon\u0103, de la parcarea pentru autorulote \u00een Cotignac \u0219i plimb\u0103rile u\u0219oare potrivite pentru copii mici, p\u00e2n\u0103 la festivalul gutuilor Cotignac \u2013 F\u00eate du Coing, drume\u021biile panoramice \u0219i degust\u0103rile de vin Cotignac.<\/p>\n<p>Indiferent dac\u0103 pl\u0103nuie\u0219ti un road trip prin Provence sau cau\u021bi o experien\u021b\u0103 autentic\u0103 de slow travel \u00een Provence, acest ghid Cotignac Var \u00ee\u021bi arat\u0103 unde s\u0103 m\u0103n\u00e2nci, unde s\u0103 te cazezi \u0219i ce s\u0103 explorezi \u00een jurul satului. Este resursa perfect\u0103 pentru c\u0103l\u0103tori \u0219i expa\u021bi care vor s\u0103 descopere unul dintre cele mai frumoase sate din Fran\u021ba.<\/p>\n","protected":false},"author":1,"featured_media":10605,"comment_status":"closed","ping_status":"closed","sticky":false,"template":"","format":"standard","meta":{"footnotes":""},"categories":[30],"tags":[212,205,198,60,204,214],"class_list":["post-10592","post","type-post","status-publish","format-standard","has-post-thumbnail","hentry","category-franta","tag-play-mobile","tag-provence-verte","tag-provence-alpes-cote-dazur","tag-vacante-cu-familia","tag-var-83","tag-villages-de-caractere-du-var","resize-featured-image"],"_links":{"self":[{"href":"https:\/\/www.the-travel-bunny.com\/ro\/wp-json\/wp\/v2\/posts\/10592","targetHints":{"allow":["GET"]}}],"collection":[{"href":"https:\/\/www.the-travel-bunny.com\/ro\/wp-json\/wp\/v2\/posts"}],"about":[{"href":"https:\/\/www.the-travel-bunny.com\/ro\/wp-json\/wp\/v2\/types\/post"}],"author":[{"embeddable":true,"href":"https:\/\/www.the-travel-bunny.com\/ro\/wp-json\/wp\/v2\/users\/1"}],"replies":[{"embeddable":true,"href":"https:\/\/www.the-travel-bunny.com\/ro\/wp-json\/wp\/v2\/comments?post=10592"}],"version-history":[{"count":10,"href":"https:\/\/www.the-travel-bunny.com\/ro\/wp-json\/wp\/v2\/posts\/10592\/revisions"}],"predecessor-version":[{"id":10637,"href":"https:\/\/www.the-travel-bunny.com\/ro\/wp-json\/wp\/v2\/posts\/10592\/revisions\/10637"}],"wp:featuredmedia":[{"embeddable":true,"href":"https:\/\/www.the-travel-bunny.com\/ro\/wp-json\/wp\/v2\/media\/10605"}],"wp:attachment":[{"href":"https:\/\/www.the-travel-bunny.com\/ro\/wp-json\/wp\/v2\/media?parent=10592"}],"wp:term":[{"taxonomy":"category","embeddable":true,"href":"https:\/\/www.the-travel-bunny.com\/ro\/wp-json\/wp\/v2\/categories?post=10592"},{"taxonomy":"post_tag","embeddable":true,"href":"https:\/\/www.the-travel-bunny.com\/ro\/wp-json\/wp\/v2\/tags?post=10592"}],"curies":[{"name":"wp","href":"https:\/\/api.w.org\/{rel}","templated":true}]}}