{"id":11858,"date":"2026-08-25T09:00:00","date_gmt":"2026-08-25T09:00:00","guid":{"rendered":"https:\/\/www.the-travel-bunny.com\/ro\/?p=11858"},"modified":"2026-09-04T11:27:25","modified_gmt":"2026-09-04T11:27:25","slug":"toamna-in-provence-ghid-calatorie","status":"publish","type":"post","link":"https:\/\/www.the-travel-bunny.com\/ro\/toamna-in-provence-ghid-calatorie\/","title":{"rendered":"Toamna \u00een Provence. Ghid local pentru septembrie, octombrie \u0219i noiembrie \u00een sudul Fran\u021bei"},"content":{"rendered":"\n<div class=\"wp-block-columns is-layout-flex wp-container-core-columns-is-layout-8f761849 wp-block-columns-is-layout-flex\">\n<div class=\"wp-block-column is-vertically-aligned-top is-layout-flow wp-block-column-is-layout-flow\">\n<p class=\"wp-block-paragraph\"><strong>Toamna \u00een Provence este o expresie u\u0219or \u00een\u0219el\u0103toare. \u00cen septembrie, vara \u00eenc\u0103 n-a primit ordinul de evacuare.<\/strong> Vacan\u021ba \u0219colar\u0103 se termin\u0103, familiile cu copii mai mari pleac\u0103, reapar locurile de parcare, terasele restaurantelor se lini\u0219tesc, iar Mediterana este \u00eenc\u0103 suficient de cald\u0103 pentru \u00eenot.<\/p>\n\n\n\n<p class=\"wp-block-paragraph\">Locuiesc \u00een <strong>Provence-Alpes-C\u00f4te d&#8217;Azur<\/strong> din prim\u0103vara lui 2021, dup\u0103 ce am venit aici \u00een mod regulat \u00eencep\u00e2nd din 2017 \u0219i am petrecut c\u00e2teva luni \u00een regiune \u00een 2020. Am observat c\u0103 <strong>Provence \u00een toamn\u0103 se schimb\u0103 mai repede dec\u00e2t las\u0103 calendarul s\u0103 se \u00een\u021beleag\u0103<\/strong>.<\/p>\n<\/div>\n\n\n\n<div class=\"wp-block-column is-vertically-aligned-top is-layout-flow wp-block-column-is-layout-flow\" style=\"flex-basis:53%\">\n<div class=\"wp-block-rank-math-toc-block\" style=\"font-size:15px\" id=\"rank-math-toc\"><h2>Provence toamna ghid local<\/h2><nav><ul><li class=\"\"><a href=\"#este-toamna-o-perioada-buna-pentru-a-vizita-provence-raspunsul-meu-ca-localnica\">Este toamna o perioad\u0103 bun\u0103 pentru a vizita Provence? R\u0103spunsul meu ca localnic\u0103<\/a><\/li><li class=\"\"><a href=\"#vremea-in-provence-toamna-cum-sunt-cu-adevarat-lunile-septembrie-octombrie-\u0219i-noiembrie-aici\">Vremea \u00een Provence toamna. Cum sunt cu adev\u0103rat lunile septembrie, octombrie \u0219i noiembrie aici<\/a><\/li><li class=\"\"><a href=\"#cum-arata-de-fapt-toamna-in-provence\">Cum arat\u0103 de fapt toamna \u00een Provence<\/a><\/li><li class=\"\"><a href=\"#calendarul-recoltelor-de-toamna-in-provence-vin-trufe-masline-castane-\u0219i-altele\">Calendarul recoltelor de toamn\u0103 \u00een Provence. Vin, trufe, m\u0103sline, castane \u0219i altele<\/a><\/li><li class=\"\"><a href=\"#trufe-masline-castane-gutui-ciuperci-\u0219i-\u0219ofran\">Trufe, m\u0103sline, castane, gutui, ciuperci \u0219i \u0219ofran<\/a><\/li><li class=\"\"><a href=\"#unde-sa-mergi-in-provence-toamna\">Unde s\u0103 mergi \u00een Provence toamna<\/a><\/li><li class=\"\"><a href=\"#drume\u021bii-inot-\u0219i-naviga\u021bie-in-provence-toamna\">Drume\u021bii, \u00eenot \u0219i naviga\u021bie \u00een Provence toamna<\/a><\/li><li class=\"\"><a href=\"#cum-sa-planifici-o-calatorie-in-provence-toamna\">Cum s\u0103 planifici o c\u0103l\u0103torie \u00een Provence toamna<\/a><\/li><li class=\"\"><a href=\"#intrebari-frecvente-despre-toamna-in-provence\">\u00centreb\u0103ri frecvente despre toamna \u00een Provence<\/a><\/li><li class=\"\"><a href=\"#despre-autoare\">Despre autoare<\/a><\/li><\/ul><\/nav><\/div>\n<\/div>\n<\/div>\n\n\n\n<p class=\"wp-block-paragraph\">Septembrie este luna mea preferat\u0103 aici. (Recunosc, sunt pu\u021bin p\u0103rtinitoare, fiind luna mea de na\u0219tere.) <strong>Provence \u00een septembrie p\u0103streaz\u0103 multe dintre lucrurile care \u00eemi plac \u00een iunie<\/strong>, dar cu dup\u0103-amiezi mai r\u0103coroase \u0219i o mare care a avut toat\u0103 vara la dispozi\u021bie s\u0103 se \u00eenc\u0103lzeasc\u0103. Vizitatorii mai \u00een v\u00e2rst\u0103, bunicii care c\u0103l\u0103toresc cu copii care \u00eenc\u0103 nu merg la \u0219coal\u0103 \u0219i oamenii care nu depind de calendarul \u0219colar \u00eenlocuiesc o mare parte dintre turi\u0219tii din august. \u00cen general, \u0219i pre\u021burile \u00eencep s\u0103 scad\u0103. <strong>Toamna \u00een Provence \u00eencepe cu \u00eenot, terase deschise \u0219i localnici care \u00ee\u0219i recupereaz\u0103 treptat locurile ocupate p\u00e2n\u0103 la refuz cu doar c\u00e2teva s\u0103pt\u0103m\u00e2ni \u00eenainte.<\/strong><\/p>\n\n\n\n<p class=\"wp-block-paragraph\"><strong>Provence \u00een octombrie<\/strong> intr\u0103 \u00eentr-o perioad\u0103 intermediar\u0103, mai greu de anticipat. \u00cen ultimii ani, vremea din octombrie \u00een Provence a r\u0103mas adesea suficient de apropiat\u0103 de var\u0103 pentru tricouri \u00een timpul zilei, iar eu am \u00eenotat chiar \u0219i \u00een prima s\u0103pt\u0103m\u00e2n\u0103 a lunii. \u00cen acela\u0219i timp, <strong>campingurile \u00eencep s\u0103 se \u00eenchid\u0103, restaurantele reduc zilele de func\u021bionare sau meniurile, iar afacerile sezoniere \u00ee\u0219i \u00eencetinesc activitatea<\/strong>. O <strong>vizit\u0103 \u00een Provence toamna<\/strong> devine mai simpl\u0103 din punct de vedere practic, mai ales c\u00e2nd vine vorba despre parcare \u0219i aglomera\u021bie, dar verificarea zilelor de deschidere devine tot mai important\u0103.<\/p>\n\n\n\n<p class=\"wp-block-paragraph\">\u00cen <strong>Provence \u00een noiembrie<\/strong>, schimbarea este mai evident\u0103. Ziua poate fi \u00eenc\u0103 destul de bl\u00e2nd\u0103 pentru m\u00e2neci scurte, dar serile se r\u0103cesc repede. <strong>\u00cen<\/strong> <strong><span style=\"text-decoration: underline;\">Pays de Fayence<\/span>, fumul din co\u0219urile de fum \u00eencepe s\u0103 reapar\u0103 spre sf\u00e2r\u0219itul lui octombrie<\/strong>, iar eu prefer s\u0103 aerisesc casa \u00eenainte de sf\u00e2r\u0219itul dup\u0103-amiezii, dac\u0103 nu vreau ca dormitorul s\u0103 miroas\u0103 a \u0219emineul altcuiva. Pentru mine, sezonul de \u00eenot s-a terminat p\u00e2n\u0103 atunci, dar, evident, \u00eenc\u0103 vei vedea localnici \u00een Mediteran\u0103. Nu cred c\u0103 am ajuns \u00eenc\u0103 la acel nivel de cet\u0103\u021benie provensal\u0103.<\/p>\n\n\n\n<p class=\"wp-block-paragraph\">\u0218i peisajul are nevoie de pu\u021bin\u0103 ajustare a a\u0219tept\u0103rilor. <strong>Toamna \u00een Provence rareori aduce p\u0103duri \u00eentregi de frunze ro\u0219ii \u0219i portocalii<\/strong>. \u00cen Pays de Fayence \u0219i de-a lungul unei mari p\u0103r\u021bi a coastei mediteraneene, vegeta\u021bia \u00eencepe adesea s\u0103 se \u00eeng\u0103lbeneasc\u0103 \u0219i chiar s\u0103-\u0219i piard\u0103 frunzele \u00eenc\u0103 din timpul verilor uscate.<\/p>\n\n\n\n<p class=\"wp-block-paragraph\"><strong><a href=\"https:\/\/www.the-travel-bunny.com\/ro\/categorie\/europa\/romania\/\">Venind din Rom\u00e2nia<\/a>, mie mi se pare c\u0103 sf\u00e2r\u0219itul toamnei \u00een Provence seam\u0103n\u0103 mai mult cu \u00eenceputul toamnei din Europa de Est<\/strong> dec\u00e2t cu schimbarea profund\u0103 de sezon cu care am crescut. Aici, toamna se face sim\u021bit\u0103 prin nop\u021bi mai r\u0103coroase, vii culese, ciuperci care apar dup\u0103 ploaie, co\u0219uri cu castane, m\u0103sline pe ramuri \u0219i, \u00een cele din urm\u0103, miros de fum de lemne.<\/p>\n\n\n\n<p class=\"wp-block-paragraph\">Aceast\u0103 evolu\u021bie a sezonului explic\u0103 <strong>de ce o vacan\u021b\u0103 de toamn\u0103 \u00een Provence merit\u0103 analizat\u0103 lun\u0103 cu lun\u0103<\/strong>. Septembrie este excelent pentru \u00eenot, podgorii, mese \u00een aer liber \u0219i pentru cei care vor var\u0103 f\u0103r\u0103 presiunea sezonului de v\u00e2rf. Octombrie aduce apoi evenimente legate de recolt\u0103, drume\u021bii, sezonul ciupercilor, petreceri de Halloween \u0219i primele reduceri serioase ale programului unit\u0103\u021bilor sezoniere. \u00cen final, noiembrie r\u0103spl\u0103te\u0219te oamenii care prefer\u0103 ora\u0219ele \u0219i satele lini\u0219tite, m\u00e2ncarea, pie\u021bele, plimb\u0103rile \u0219i via\u021ba de zi cu zi \u00een locul timpului petrecut pe plaj\u0103.<\/p>\n\n\n\n<p class=\"wp-block-paragraph\"><strong>O c\u0103l\u0103torie \u00een Provence toamna se schimb\u0103 \u0219i \u00een func\u021bie de zona pe care o alegi<\/strong>. Coasta poate r\u0103m\u00e2ne animat\u0103 p\u00e2n\u0103 t\u00e2rziu \u00een octombrie, \u00een timp ce satele din interior se lini\u0219tesc mai devreme. Drume\u021biile devin mai u\u0219oare dup\u0103 ce trece c\u0103ldura cea mai dur\u0103 a verii \u0219i masivele se redeschid, de\u0219i sezonul de v\u00e2n\u0103toare aduce propriile restric\u021bii pe anumite trasee. Pie\u021bele locale continu\u0103 pe tot parcursul sezonului, iar cazare se g\u0103se\u0219te \u00een continuare chiar dac\u0103 multe propriet\u0103\u021bi strict sezoniere se \u00eenchid dup\u0103 septembrie.<\/p>\n\n\n\n<p class=\"wp-block-paragraph\"><strong>Ghidul turistic Provence toamna 2026 de la The Travel Bunny<\/strong> va separa aceste diferen\u021be, \u00een loc s\u0103 trateze toate cele trei luni ca pe un singur sezon intermediar \u00een care totul ar fi aproximativ la fel. Voi compara vremea, posibilit\u0103\u021bile de \u00eenot, culorile de toamn\u0103, recoltele, pie\u021bele, drume\u021biile, naviga\u021bia, cazarea, aglomera\u021bia, \u00eenchiderile sezoniere \u0219i schimb\u0103rile practice pe care le-am observat locuind aici tot anul. Consider\u0103-l un <strong>ghid de c\u0103l\u0103torie Provence toamn\u0103 2026<\/strong> suficient de detaliat \u00eenc\u00e2t s\u0103 te ajute s\u0103 alegi nu doar dac\u0103 merit\u0103 s\u0103 <strong>vizitezi Provence toamna<\/strong>, ci \u0219i care parte a sezonului se potrive\u0219te cu adev\u0103rat c\u0103l\u0103toriei pe care o vrei.<\/p>\n\n\n\n<p class=\"has-text-color has-link-color has-small-font-size wp-elements-1 wp-block-paragraph\" style=\"color:#083a59\"><strong>Not\u0103:<\/strong>&nbsp;Unele dintre linkurile de mai jos sunt linkuri c\u0103tre ofertele partenerilor mei.&nbsp;Aceasta \u00eenseamn\u0103 c\u0103, f\u0103r\u0103 costuri suplimentare pentru tine, The Travel Bunny va c\u00e2\u0219tiga un mic comision dac\u0103 achizi\u021bionezi un produs.&nbsp;Mul\u021bumesc!<\/p>\n\n\n\n<hr class=\"wp-block-separator has-alpha-channel-opacity\"\/>\n\n\n\n<figure class=\"wp-block-image size-full\"><img loading=\"lazy\" decoding=\"async\" width=\"792\" height=\"294\" src=\"https:\/\/www.the-travel-bunny.com\/ro\/wp-content\/uploads\/sites\/2\/2026\/08\/Provence-Toamna-Vale-Podgorii-Munti-Vedere-Panoramica.jpg\" alt=\"Vale din Provence toamna, cu podgorii, terenuri agricole, p\u0103duri \u0219i mun\u021bi sub un cer senin \u0219i albastru.\" class=\"wp-image-11875\" title=\"\" srcset=\"https:\/\/www.the-travel-bunny.com\/ro\/wp-content\/uploads\/sites\/2\/2026\/08\/Provence-Toamna-Vale-Podgorii-Munti-Vedere-Panoramica.jpg 792w, https:\/\/www.the-travel-bunny.com\/ro\/wp-content\/uploads\/sites\/2\/2026\/08\/Provence-Toamna-Vale-Podgorii-Munti-Vedere-Panoramica-300x111.jpg 300w, https:\/\/www.the-travel-bunny.com\/ro\/wp-content\/uploads\/sites\/2\/2026\/08\/Provence-Toamna-Vale-Podgorii-Munti-Vedere-Panoramica-768x285.jpg 768w\" sizes=\"auto, (max-width: 792px) 100vw, 792px\" \/><figcaption class=\"wp-element-caption\"><em>Cea mai bun\u0103 perioad\u0103 pentru a vizita Provence \u00een toamn\u0103 depinde de ceea ce vrei de la acest sezon. Zilele senine, zonele rurale mai lini\u0219tite, culorile viilor \u0219i vremea bl\u00e2nd\u0103 fac din septembrie \u0219i octombrie luni deosebit de potrivite.<\/em><\/figcaption><\/figure>\n\n\n\n<h2 id=\"este-toamna-o-perioada-buna-pentru-a-vizita-provence-raspunsul-meu-ca-localnica\" class=\"wp-block-heading\">Este toamna o perioad\u0103 bun\u0103 pentru a vizita Provence? R\u0103spunsul meu ca localnic\u0103<\/h2>\n\n\n\n<p class=\"wp-block-paragraph\"><strong>Da, cred c\u0103 toamna este una dintre cele mai bune perioade pentru a vizita Provence<\/strong>, iar dintre toate lunile eu a\u0219 alege septembrie. P\u0103strezi o bun\u0103 parte din vremea cald\u0103, Mediterana a avut toat\u0103 vara la dispozi\u021bie s\u0103 se \u00eenc\u0103lzeasc\u0103, aglomera\u021bia din vacan\u021ba \u0219colar\u0103 se retrage, iar pre\u021burile \u00eencep, \u00een general, s\u0103 scad\u0103. Dup\u0103 ce am <strong><a href=\"https:\/\/www.the-travel-bunny.com\/ro\/eticheta\/provence-alpes-cote-dazur\/\" data-type=\"post_tag\" data-id=\"198\">am locuit \u00een Provence-Alpes-C\u00f4te d&#8217;Azur<\/a><\/strong> \u00een ultimii aproape cinci ani, am constatat c\u0103 <strong>cea mai bun\u0103 perioad\u0103 pentru a vizita Provence toamna \u00eencepe surprinz\u0103tor de devreme<\/strong>. Practic, \u00eencepe odat\u0103 cu noul an \u0219colar din septembrie, c\u00e2nd mare parte din turi\u0219tii din august pleac\u0103 acas\u0103.<\/p>\n\n\n\n<p class=\"wp-block-paragraph\">Recomandarea mea privind <strong>cea mai bun\u0103 perioad\u0103 pentru Provence<\/strong> vine \u00eens\u0103 cu o precizare important\u0103. Toamna de aici poate \u00eensemna vacan\u021be foarte diferite. Septembrie apar\u021bine \u00eenc\u0103 par\u021bial verii, octombrie oscileaz\u0103 \u00eentre zile de plaj\u0103 \u0219i sezonul recoltelor, iar noiembrie este mult mai lini\u0219tit, mai ales dup\u0103 ce unit\u0103\u021bile de cazare \u0219i afacerile sezoniere \u00ee\u0219i reduc perioadele de func\u021bionare. Prin urmare, <strong>cea mai bun\u0103 lun\u0103 pentru a vizita Provence<\/strong> depinde de ceea ce vrei s\u0103 faci, de\u0219i <strong>pentru mine septembrie c\u00e2\u0219tig\u0103 deta\u0219at<\/strong>.<\/p>\n\n\n\n<p class=\"wp-block-paragraph\"><strong>Ideea unui sezon intermediar \u00een Provence este adesea simplificat\u0103 prea mult<\/strong>. La \u00eenceputul lui septembrie, vremea poate sem\u0103na \u00eenc\u0103 foarte mult cu cea din plin sezon, dar profilul vizitatorilor se schimb\u0103 aproape imediat. Familiile care depind de calendarul \u0219colar pleac\u0103 primele. \u00cen locul lor apar tot mai des cupluri mai \u00een v\u00e2rst\u0103, bunici care c\u0103l\u0103toresc cu copii foarte mici \u0219i oameni care \u00ee\u0219i pot programa vacan\u021bele \u00een afara vacan\u021belor \u0219colare. Iar localnicii \u00eencep din nou s\u0103 circule prin propriile ora\u0219e \u0219i sate.<\/p>\n\n\n\n<p class=\"has-extra-info-background-color has-background wp-block-paragraph\"><strong>Provence \u00een extrasezon este deosebit de potrivit\u0103 pentru cei c\u0103rora lunile iulie \u0219i august li se par prea c\u0103lduroase, scumpe sau aglomerate<\/strong>. Restaurantele sunt \u00eenc\u0103 active, plajele nu s-au golit complet, iar coasta nu a intrat \u00eenc\u0103 \u00een ritmul de iarn\u0103. Mie \u00eemi este \u0219i mai u\u0219or s\u0103 c\u0103l\u0103toresc prin regiune prim\u0103vara \u0219i toamna, pentru c\u0103 traficul rutier scade suficient \u00eenc\u00e2t excursiile de o zi \u0219i g\u0103sirea unui loc de parcare s\u0103 devin\u0103 mai pu\u021bin obositoare.<\/p>\n\n\n\n<p class=\"wp-block-paragraph\"><strong>Spre sf\u00e2r\u0219itul toamnei, extrasezonul s-a instalat deja \u00een Provence<\/strong>. Noiembrie are un ritm foarte diferit de septembrie, cu seri mai reci \u0219i mai pu\u021bine afaceri sezoniere deschise zilnic. Avantajul este spa\u021biul. Mult spa\u021biu, oriunde mergi. Dezavantajul este c\u0103 trebuie s\u0103 verifici programul de func\u021bionare, deoarece multe campinguri, restaurante, localuri de pe plaj\u0103 \u0219i caz\u0103ri sezoniere se \u00eenchid \u00een extrasezon.<\/p>\n\n\n\n<p class=\"wp-block-paragraph\">Tocmai aceast\u0103 diferen\u021b\u0103, \u00eempreun\u0103 cu priorit\u0103\u021bile tale, determin\u0103 <strong>care este cea mai bun\u0103 perioad\u0103 s\u0103 mergi \u00een Provence<\/strong>. Vara are \u00een continuare cele mai lungi zile, cele mai multe afaceri \u0219i atrac\u021bii sezoniere deschise \u0219i atmosfera clasic\u0103 de vacan\u021b\u0103 la mare. <strong><a href=\"https:\/\/www.the-travel-bunny.com\/ro\/ghid-de-vacanta-in-provence-primavara\/\" data-type=\"post\" data-id=\"9259\">Provence prim\u0103vara<\/a><\/strong> \u00eenseamn\u0103 mai mult\u0103 verdea\u021b\u0103, flori \u0219i temperaturi pl\u0103cute pentru activit\u0103\u021bi \u00een aer liber. Toamna aduce, la \u00eenceputul sezonului, o mare \u00eenc\u0103 \u00eenc\u0103lzit\u0103 de var\u0103, apoi recolte, condi\u021bii mai bune pentru drume\u021bii, parcare mai u\u0219oar\u0103 \u0219i revenirea treptat\u0103 la via\u021ba obi\u0219nuit\u0103 a localnicilor.<\/p>\n\n\n\n<p class=\"has-extra-info-background-color has-background wp-block-paragraph\"><strong>Este toamna o perioad\u0103 bun\u0103 pentru Provence?<\/strong> Categoric. \u00cen opinia mea, septembrie este cea mai echilibrat\u0103 lun\u0103, cu o mare \u00eenc\u0103 pl\u0103cut\u0103 pentru \u00eenot, vreme bun\u0103 \u0219i mai pu\u021bin\u0103 aglomera\u021bie. Octombrie este ideal pentru drume\u021bii \u0219i vacan\u021be axate pe gastronomie, c\u00e2nd temperaturile \u00eencep s\u0103 scad\u0103, iar noiembrie este mult mai lini\u0219tit \u0219i se potrive\u0219te mai bine pentru c\u0103l\u0103torii lente, pie\u021be \u0219i produse de sezon dec\u00e2t pentru zile petrecute pe plaj\u0103.<\/p>\n\n\n\n<div style=\"height:25px\" aria-hidden=\"true\" class=\"wp-block-spacer\"><\/div>\n\n\n\n<figure class=\"wp-block-image size-full\"><img loading=\"lazy\" decoding=\"async\" width=\"792\" height=\"905\" src=\"https:\/\/www.the-travel-bunny.com\/ro\/wp-content\/uploads\/sites\/2\/2026\/08\/Septembrie-Octombrie-Noiembrie-Provence-Toamna-Comparatie.jpg\" alt=\"Compara\u021bie \u00eentre septembrie, octombrie \u0219i noiembrie \u00een Provence, cu informa\u021bii despre vreme, aglomera\u021bie, \u00eenot, recolte, culori de toamn\u0103 \u0219i perioadele potrivite pentru c\u0103l\u0103torie.\" class=\"wp-image-11876\" title=\"\" srcset=\"https:\/\/www.the-travel-bunny.com\/ro\/wp-content\/uploads\/sites\/2\/2026\/08\/Septembrie-Octombrie-Noiembrie-Provence-Toamna-Comparatie.jpg 792w, https:\/\/www.the-travel-bunny.com\/ro\/wp-content\/uploads\/sites\/2\/2026\/08\/Septembrie-Octombrie-Noiembrie-Provence-Toamna-Comparatie-263x300.jpg 263w, https:\/\/www.the-travel-bunny.com\/ro\/wp-content\/uploads\/sites\/2\/2026\/08\/Septembrie-Octombrie-Noiembrie-Provence-Toamna-Comparatie-768x878.jpg 768w\" sizes=\"auto, (max-width: 792px) 100vw, 792px\" \/><figcaption class=\"wp-element-caption\"><em>Provence \u00een septembrie, octombrie \u0219i noiembrie \u00eenseamn\u0103 trei tipuri diferite de c\u0103l\u0103torie, de la \u00eenot \u00een Mediterana \u00eenc\u0103lzit\u0103 de var\u0103 p\u00e2n\u0103 la festivaluri ale recoltei \u0219i trufe \u00een noiembrie. Compara\u021bia de mai jos te ajut\u0103 s\u0103 alegi luna care se potrive\u0219te cel mai bine priorit\u0103\u021bilor tale.<\/em><\/figcaption><\/figure>\n\n\n\n<h3 id=\"septembrie-octombrie-sau-noiembrie-ce-luna-sa-alegi\" class=\"wp-block-heading\">Septembrie, octombrie sau noiembrie. Ce lun\u0103 s\u0103 alegi?<\/h3>\n\n\n\n<p class=\"wp-block-paragraph\">Alege septembrie dac\u0103 vrei cele mai multe op\u021biuni, octombrie pentru drume\u021bii \u0219i sezonul recoltelor, iar noiembrie pentru ora\u0219e \u0219i sate lini\u0219tite, m\u00e2ncare \u0219i un ritm mai lent. <strong>Dup\u0103 mai multe toamne petrecute<\/strong> <strong><span style=\"text-decoration: underline;\">locuind \u00een Fran\u021ba<\/span>, eu tot septembrie a\u0219 alege<\/strong>, f\u0103r\u0103 prea multe ezit\u0103ri. Octombrie ar veni pe locul al doilea, iar noiembrie este o alegere f\u0103cut\u0103 inten\u021bionat, nu un premiu de consolare.<\/p>\n\n\n\n<p class=\"wp-block-paragraph\"><strong>Septembrie este o lun\u0103 bun\u0103 pentru a vizita Provence dac\u0103 vrei condi\u021bii de var\u0103 f\u0103r\u0103 aglomera\u021bia din plin sezon<\/strong>. \u0218colile din Fran\u021ba re\u00eencep la \u00eenceputul lunii, iar schimbarea se vede repede. Familiile care depind de calendarul \u0219colar pleac\u0103, drumurile se elibereaz\u0103, g\u0103sirea unui loc de parcare devine mai pu\u021bin competitiv\u0103, iar plajele pierd mare parte din mul\u021bimea din august. \u00cen schimb, vei vedea mai mul\u021bi p\u0103rin\u021bi cu bebelu\u0219i \u00een c\u0103rucior, cupluri mai \u00een v\u00e2rst\u0103 \u0219i bunici care c\u0103l\u0103toresc cu copii care \u00eenc\u0103 nu merg la \u0219coal\u0103.<\/p>\n\n\n\n<p class=\"wp-block-paragraph\">O <strong>vizit\u0103 \u00een Provence \u00een septembrie<\/strong> are \u0219i un avantaj pe care iunie nu \u00eel poate oferi. Mediterana s-a \u00eenc\u0103lzit toat\u0103 vara. <strong>Pentru mine, Provence \u00een septembrie este ca iunie, dar cu o mare mai bun\u0103 pentru \u00eenot.<\/strong> Temperaturile din timpul zilei devin, de obicei, mai u\u0219or de suportat, iar zilele de plaj\u0103 r\u0103m\u00e2n c\u00e2t se poate de realiste \u0219i foarte pl\u0103cute. Eu aleg luna aceasta pentru coast\u0103, pie\u021be, mese \u00een aer liber, podgorii \u0219i zile mai lungi petrecute afar\u0103, f\u0103r\u0103 s\u0103-mi construiesc \u00eentregul program \u00een jurul celor mai fierbin\u021bi ore ale dup\u0103-amiezii.<\/p>\n\n\n\n<p class=\"wp-block-paragraph\">Alegerea \u00eentre <strong>Provence septembrie sau octombrie<\/strong> devine mai pu\u021bin evident\u0103 dac\u0103 \u00eenotul nu este important pentru tine. Septembrie ofer\u0103 mai mult\u0103 siguran\u021b\u0103 pentru zilele de plaj\u0103 \u0219i pentru afacerile sezoniere \u00eenc\u0103 deschise, \u00een timp ce octombrie aduce temperaturi mai bune pentru mers pe jos \u0219i mai multe evenimente legate de recolt\u0103. Celebra recoltare a strugurilor are loc de la sf\u00e2r\u0219itul lui august p\u00e2n\u0103 spre jum\u0103tatea lui octombrie, a\u0219a c\u0103 ambele luni se suprapun cu sezonul de <em>vendange<\/em>.<\/p>\n\n\n\n<p class=\"wp-block-paragraph\">Diferen\u021ba dintre o vizit\u0103 \u00een Provence \u00een septembrie \u0219i una \u00een octombrie se observ\u0103 mai ales la campinguri, afacerile de pe coast\u0103 \u0219i restaurante. \u00cen septembrie, aproape toat\u0103 infrastructura de var\u0103 \u00eenc\u0103 este activ\u0103. <strong>\u00cen octombrie, multe campinguri se \u00eenchid, iar restaurantele trec tot mai des la un program redus sau la meniuri mai scurte<\/strong>. Cazare se g\u0103se\u0219te \u00een continuare, dar este mult mai \u00een\u021belept s\u0103 verifici zilele reale de func\u021bionare dec\u00e2t s\u0103 te bazezi pe ceea ce afi\u0219a Google \u00een iulie.<\/p>\n\n\n\n<p class=\"wp-block-paragraph\">Asta nu \u00eenseamn\u0103 c\u0103 octombrie este mohor\u00e2t. Dimpotriv\u0103. <strong>Octombrie este o lun\u0103 bun\u0103 pentru a vizita Provence<\/strong> dac\u0103 vrei drume\u021bii, evenimente \u00een sate, podgorii, ciuperci, castane, gutui \u0219i c\u0103l\u0103torii axate pe gastronomie. \u00cen ultimii ani, luna octombrie a r\u0103mas adesea surprinz\u0103tor de apropiat\u0103 de var\u0103 \u00een timpul zilei acolo unde locuiesc eu, iar eu am \u00eenotat chiar \u0219i \u00een prima s\u0103pt\u0103m\u00e2n\u0103 a lunii.<\/p>\n\n\n\n<p class=\"has-extra-info-background-color has-background wp-block-paragraph\"><strong>Este Provence ok de vizitat \u00een octombrie?<\/strong> Da, mai ales dac\u0103 nu ai nevoie de vreme de plaj\u0103 garantat\u0103. <strong><a href=\"https:\/\/www.the-travel-bunny.com\/ro\/eticheta\/mediterana\/\" data-type=\"post_tag\" data-id=\"79\">Coasta Mediteranei<\/a><\/strong> poate r\u0103m\u00e2ne bl\u00e2nd\u0103, \u00een timp ce plimb\u0103rile \u0219i drume\u021biile \u00een interiorul regiunii devin mult mai pl\u0103cute dup\u0103 ar\u0219i\u021ba verii. \u0218i accesul de toamn\u0103 \u00een zonele naturale se \u00eembun\u0103t\u0103\u021be\u0219te dup\u0103 reducerea restric\u021biilor impuse vara din cauza riscului de incendiu, de\u0219i sezonul de v\u00e2n\u0103toare \u00ee\u021bi mai d\u0103 un motiv s\u0103 verifici condi\u021biile locale \u00eenainte s\u0103 alegi un traseu.<\/p>\n\n\n\n<p class=\"wp-block-paragraph\">Lista practic\u0103 a lucrurilor de f\u0103cut \u00een <strong>Provence \u00een septembrie \u0219i octombrie<\/strong> se suprapune destul de mult. \u00cen ambele luni po\u021bi merge la pie\u021be, vizita podgorii, face drume\u021bii, explora sate, m\u00e2nca afar\u0103 \u00een zilele calde \u0219i petrece timp pe malul Mediteranei.<\/p>\n\n\n\n<p class=\"wp-block-paragraph\">Compara\u021bia <strong>Provence septembrie sau octombrie pentru vizitatori<\/strong> se schimb\u0103 \u0219i \u00een func\u021bie de vacan\u021bele \u0219colare. Septembrie este deosebit de atractiv dac\u0103 po\u021bi c\u0103l\u0103tori dup\u0103 <em>rentr\u00e9e<\/em>, deoarece o mare parte dintre familiile franceze \u0219i str\u0103ine care vin \u00een vacan\u021b\u0103 au plecat deja. \u00cen octombrie, <strong>traficul turistic intern poate cre\u0219te din nou \u00een timpul vacan\u021bei \u0219colare de<\/strong> <strong><em>Toussaint<\/em><\/strong>. Familiile locale care au lucrat \u00een sezon pot, \u00een sf\u00e2r\u0219it, s\u0103 plece \u0219i ele, a\u0219a c\u0103 ideea de <em>lini\u0219te<\/em> merit\u0103 un mic asterisc. Datele despre turismul din Provence pentru perioadele precedente de Toussaint au ar\u0103tat o <strong><a href=\"https:\/\/provence-alpes-cotedazur.com\/app\/uploads\/crt-paca\/2025\/12\/Bilan-des-vacances-de-la-Toussaint-2025.pdf\" target=\"_blank\" rel=\"noreferrer noopener\">cre\u0219tere clar\u0103 a num\u0103rului de vizitatori francezi \u00een vacan\u021ba de Toussaint<\/a><\/strong>.<\/p>\n\n\n\n<p class=\"wp-block-paragraph\">Noiembrie schimb\u0103 mult mai serios datele problemei. <strong>Provence \u00een noiembrie<\/strong> a l\u0103sat \u00een urm\u0103 sezonul de plaj\u0103 \u0219i intr\u0103 \u00eentr-un ritm local mai lini\u0219tit. Dup\u0103-amiezile \u00eensorite pot fi \u00eenc\u0103 suficient de bl\u00e2nde pentru un tricou \u00een locurile ad\u0103postite, mai ales aproape de coast\u0103, dar serile se r\u0103cesc repede.<\/p>\n\n\n\n<p class=\"wp-block-paragraph\"><strong>Merit\u0103 s\u0103 vizitezi Provence \u00een noiembrie<\/strong> dac\u0103 \u00ee\u021bi dore\u0219ti \u00een mod special lini\u0219te, nu o versiune mai ieftin\u0103 a lunii septembrie. Satele sunt mai lini\u0219tite, trufele \u00eencep s\u0103 reapar\u0103 \u00een pie\u021bele regionale, recoltarea m\u0103slinelor devine mai intens\u0103, iar drume\u021biile r\u0103m\u00e2n pl\u0103cute \u00eentre episoadele scurte de ploaie.<\/p>\n\n\n\n<p class=\"wp-block-paragraph\">Un set util de <strong>sfaturi de c\u0103l\u0103torie Provence noiembrie<\/strong> trebuie s\u0103 spun\u0103 \u0219i ce dispare din peisajul turistic. Multe unit\u0103\u021bi de cazare sezoniere s-au \u00eenchis deja, unele restaurante sunt deschise mai pu\u021bine zile pe s\u0103pt\u0103m\u00e2n\u0103, iar afacerile de pe coast\u0103 care depind de vizitatorii de var\u0103 pot r\u0103m\u00e2ne \u00eenchise p\u00e2n\u0103 \u00een prim\u0103var\u0103. <strong>Ora\u0219e precum Aix-en-Provence, <span style=\"text-decoration: underline;\">Marseille<\/span>, Avignon \u0219i Arles \u00ee\u021bi ofer\u0103 mai multe op\u021biuni deschise tot anul<\/strong> dec\u00e2t micile sta\u021biuni, mai ales dac\u0103 restaurantele \u0219i muzeele au un rol important \u00een planurile tale.<\/p>\n\n\n\n<p class=\"wp-block-paragraph\"><strong>Merit\u0103 s\u0103 vizitezi Provence \u00een octombrie<\/strong> \u0219i exist\u0103 foarte pu\u021bine rezerve pentru cei care c\u0103l\u0103toresc independent. Noiembrie cere pu\u021bin mai mult\u0103 flexibilitate. Sunt dou\u0103 tipuri diferite de vacan\u021b\u0103. \u00cen octombrie ai \u00eenc\u0103 \u0219anse rezonabile la dup\u0103-amiezi calde \u0219i, la \u00eenceputul lunii, chiar la pu\u021bin timp petrecut \u00een mare. \u00cen noiembrie, eu mi-a\u0219 organiza c\u0103l\u0103toria \u00een jurul pie\u021belor, satelor, ora\u0219elor, plimb\u0103rilor, m\u00e2nc\u0103rii, podgoriilor, muzeelor \u0219i excursiilor \u00een interiorul regiunii.<\/p>\n\n\n\n<p class=\"has-extra-info-background-color has-background wp-block-paragraph\"><strong>Sfaturi de c\u0103l\u0103torie pentru Provence \u00een noiembrie:<\/strong> programeaz\u0103 opririle \u00een aer liber mai devreme \u00een cursul zilei, verific\u0103 zilele \u00een care restaurantele sunt deschise \u00eenainte s\u0103 traversezi regiunea cu ma\u0219ina \u0219i \u021bine \u00een ma\u0219in\u0103 un strat mai c\u0103lduros, chiar dac\u0103 la pr\u00e2nz ai stat la soare \u00een m\u00e2nec\u0103 scurt\u0103.<\/p>\n\n\n\n<p class=\"wp-block-paragraph\">Vremea mediteranean\u0103 de toamn\u0103 se poate schimba brusc, iar <strong><a href=\"https:\/\/meteofrance.com\/meteo-a-z\/lautomne\" target=\"_blank\" rel=\"noreferrer noopener\">M\u00e9t\u00e9o-France descrie toamna<\/a><\/strong> drept un sezon \u00een care perioadele bl\u00e2nde alterneaz\u0103 cu episoade mai reci \u0219i mai ploioase, inclusiv cu ploi mediteraneene care pot deveni intense.<\/p>\n\n\n\n<p class=\"wp-block-paragraph\"><strong>C\u00e2t dureaz\u0103 toamna \u00een Provence depinde de ce \u00een\u021belegi prin toamn\u0103, lunile din calendar sau ceea ce sim\u021bi efectiv afar\u0103.<\/strong> Toamna meteorologic\u0103 acoper\u0103 septembrie, octombrie \u0219i noiembrie, dar Provence nu trece ordonat de la var\u0103 la iarn\u0103 dup\u0103 calendar. Dup\u0103 cum spuneam, septembrie se comport\u0103 adesea ca o versiune mai bl\u00e2nd\u0103 a verii, iar octombrie poate continua surprinz\u0103tor de mult \u00een acela\u0219i registru. Abia \u00een noiembrie schimbarea de sezon devine greu de ignorat.<\/p>\n\n\n\n<p class=\"wp-block-paragraph\">De aceea, <strong>Provence \u00een septembrie r\u0103m\u00e2ne prima mea recomandare<\/strong>. P\u0103strezi o mare parte din avantajele verii \u0219i scapi de o mare parte din aglomera\u021bia ei.<\/p>\n\n\n\n<hr class=\"wp-block-separator has-alpha-channel-opacity is-style-dots\"\/>\n\n\n\n<figure class=\"wp-block-image size-full\"><img loading=\"lazy\" decoding=\"async\" width=\"792\" height=\"294\" src=\"https:\/\/www.the-travel-bunny.com\/ro\/wp-content\/uploads\/sites\/2\/2026\/08\/Forcalquier-Provence-Toamna-Sat-Provencal-Panorama.jpg\" alt=\"Forcalquier toamna, cu centrul istoric al satului provensal, dealuri \u00eemp\u0103durite \u0219i vegeta\u021bie ar\u0103mie \u00een Haute-Provence.\" class=\"wp-image-11877\" title=\"\" srcset=\"https:\/\/www.the-travel-bunny.com\/ro\/wp-content\/uploads\/sites\/2\/2026\/08\/Forcalquier-Provence-Toamna-Sat-Provencal-Panorama.jpg 792w, https:\/\/www.the-travel-bunny.com\/ro\/wp-content\/uploads\/sites\/2\/2026\/08\/Forcalquier-Provence-Toamna-Sat-Provencal-Panorama-300x111.jpg 300w, https:\/\/www.the-travel-bunny.com\/ro\/wp-content\/uploads\/sites\/2\/2026\/08\/Forcalquier-Provence-Toamna-Sat-Provencal-Panorama-768x285.jpg 768w\" sizes=\"auto, (max-width: 792px) 100vw, 792px\" \/><figcaption class=\"wp-element-caption\"><em>Forcalquier toamna arat\u0103 partea mai lini\u0219tit\u0103 a Provence din interiorul regiunii, dup\u0103 aglomera\u021bia verii. Cei atra\u0219i de c\u0103l\u0103toriile \u00een Provence \u00een extrasezon vor g\u0103si ora\u0219e istorice, temperaturi mai pl\u0103cute pentru plimb\u0103ri \u0219i un ritm local mai lent.<\/em><\/figcaption><\/figure>\n\n\n\n<h3 id=\"cui-ii-va-placea-provence-toamna-\u0219i-cine-ar-trebui-sa-aleaga-alt-sezon\" class=\"wp-block-heading\">Cui \u00eei va pl\u0103cea Provence toamna \u0219i cine ar trebui s\u0103 aleag\u0103 alt sezon?<\/h3>\n\n\n\n<p class=\"wp-block-paragraph\"><strong>Toamna este deosebit de potrivit\u0103 pentru cei care vor s\u0103 vad\u0103 Provence dup\u0103 ce regiunea \u00eenceteaz\u0103 s\u0103 se str\u0103duiasc\u0103 at\u00e2t de mult pentru turi\u0219ti.<\/strong> Locurile celebre sunt tot acolo, dar via\u021ba de zi cu zi devine mai u\u0219or de observat \u00een jurul lor. Vei g\u0103si pie\u021be unde localnicii \u00ee\u0219i cump\u0103r\u0103 cina, \u00een locul autocarelor \u00eentregi de turi\u0219ti veni\u021bi s\u0103 cumpere s\u0103pun. Dup\u0103 ploaie, potecile prin p\u0103dure se umplu de oameni care caut\u0103 ciuperci cu co\u0219uri \u00eempletite \u00een m\u00e2n\u0103. Calendarele satelor se mut\u0103 spre s\u0103rb\u0103tori gastronomice locale, evenimente organizate de asocia\u021bii, petreceri de Halloween \u0219i orice a reu\u0219it cineva s\u0103 pun\u0103 la cale \u00een <em>salle des f\u00eates<\/em>.<\/p>\n\n\n\n<p class=\"wp-block-paragraph\">De aceea, <strong>toamna este deosebit de pl\u0103cut\u0103 pentru cei care revin \u00een Provence<\/strong>. Cine se \u00eentoarce dup\u0103 o prim\u0103 vacan\u021b\u0103 de var\u0103 \u0219tie deja c\u0103 Gordes exist\u0103 \u0219i nu mai are nevoie s\u0103 petreac\u0103 \u0219apte zile bif\u00e2nd numele satelor celebre. \u00cen schimb, poate acorda mai mult\u0103 aten\u021bie localit\u0103\u021bilor mici, produc\u0103torilor locali, pie\u021belor s\u0103pt\u0103m\u00e2nale \u0219i vie\u021bii cotidiene din Provence, care se vede mult mai greu \u00een plin sezon turistic.<\/p>\n\n\n\n<p class=\"wp-block-paragraph\"><strong>\u0218i cuplurile au parte de o vacan\u021b\u0103 mult mai simpl\u0103 aici dup\u0103 ce se r\u0103re\u0219te aglomera\u021bia verii.<\/strong> <strong>Activit\u0103\u021bile de toamn\u0103 \u00een Provence pentru cupluri<\/strong> nu au nevoie de prea mult\u0103 regie. O diminea\u021b\u0103 la pia\u021b\u0103 se poate prelungi cu un pr\u00e2nz \u00een apropiere, po\u021bi opri ma\u0219ina pentru c\u0103 ai nimerit peste o s\u0103rb\u0103toare \u00eentr-un sat, iar dup\u0103-amiaza poate continua f\u0103r\u0103 calcule permanente legate de cozi \u0219i rezerv\u0103ri. Asta mi se pare o baz\u0103 mult mai bun\u0103 pentru o <strong>escapad\u0103 romantic\u0103 \u00een Provence toamna<\/strong> dec\u00e2t ni\u0219te petale de trandafir aranjate pe patul hotelului de cineva care, evident, a mai f\u0103cut figura asta de c\u00e2teva ori \u00eenainte de pr\u00e2nz.<\/p>\n\n\n\n<p class=\"wp-block-paragraph\">Familiile descoper\u0103 o alt\u0103 versiune a toamnei. <strong>Evenimentele de toamn\u0103 \u00een Provence pentru familii vin adesea din calendarele locale<\/strong>, nu de la marile atrac\u021bii turistice. \u00cen zona mea, Halloweenul este luat suficient de \u00een serios \u00eenc\u00e2t <strong><a href=\"https:\/\/www.facebook.com\/profile.php?id=100080418577256\" target=\"_blank\" rel=\"noreferrer noopener\">Carrefour Contact din localitate<\/a><\/strong> organizeaz\u0103 anual un concurs de costume \u0219i, \u00een ultimii ani, \u0219i un concurs de decorat dovleci.<\/p>\n\n\n\n<p class=\"has-extra-info-background-color has-background wp-block-paragraph\"><strong>Interpretarea francez\u0103 a Halloweenului este reconfortant de strict\u0103.<\/strong> Costumele de Halloween trebuie s\u0103 fie \u00eenfrico\u0219\u0103toare. Dac\u0103 apari \u00eembr\u0103cat ca o prin\u021bes\u0103 f\u0103r\u0103 nicio urm\u0103 vizibil\u0103 de nenorocire supranatural\u0103, e clar c\u0103 n-ai \u00een\u021beles tema.<\/p>\n\n\n\n<p class=\"wp-block-paragraph\"><strong>Pentru Provence toamna cu copii, cel mai simplu este s\u0103 alegi activit\u0103\u021bile din via\u021ba local\u0103.<\/strong> Soacra mea \u00eel ia pe fiul nostru la cules de castane, iar dup\u0103 ploaie vezi frecvent oameni plec\u00e2nd pe poteci cu co\u0219uri pentru ciuperci. Sunt obiceiuri sezoniere absolut normale aici, al\u0103turi de pie\u021bele din sate \u0219i evenimentele comunit\u0103\u021bii, iar pentru copii sunt mult mai concrete dec\u00e2t s\u0103 fie plimba\u021bi prin \u00eenc\u0103 un centru istoric pentru c\u0103 itinerarul unui adult spune c\u0103 ar trebui s\u0103 aprecieze piatra romanic\u0103 \u00eenainte de gustare&#8230;<\/p>\n\n\n\n<p class=\"wp-block-paragraph\"><strong>Toamna este foarte potrivit\u0103 \u0219i pentru bunicii care c\u0103l\u0103toresc cu copii foarte mici<\/strong>, care \u00eenc\u0103 nu au \u00eenceput \u0219coala. Se pot deplasa prin regiune dup\u0103 ce familiile franceze au revenit la rutina obi\u0219nuit\u0103, dar g\u0103sesc \u00een continuare destule activit\u0103\u021bi locale \u0219i pre\u021buri mai mici. Oricum, copiii at\u00e2t de mici rareori au nevoie de programe elaborate. O pia\u021b\u0103, un loc de joac\u0103, o castan\u0103, o vizit\u0103 la ferm\u0103 \u0219i ceva care implic\u0103 un tractor pot ocupa o parte surprinz\u0103tor de mare din zi.<\/p>\n\n\n\n<p class=\"wp-block-paragraph\"><strong>Pentru expa\u021bii care locuiesc aici, Provence toamna arat\u0103 o regiune diferit\u0103 de cea pe care o \u00eent\u00e2lnesc cei mai mul\u021bi vizitatori \u00een iulie.<\/strong> Turismul sezonier trece \u00een plan secund, iar obiceiurile de tot anul revin \u00een prim-plan. \u00cencepi s\u0103 observi ce pie\u021be folosesc localnicii cu adev\u0103rat, ce afaceri depind de reziden\u021bi, unde \u00ee\u0219i petrec familiile weekendurile \u0219i c\u00e2t de repede se poate lini\u0219ti un sat din interiorul regiunii dup\u0103 ce toat\u0103 lumea pleac\u0103 acas\u0103 la cin\u0103.<\/p>\n\n\n\n<p class=\"wp-block-paragraph\"><strong>Via\u021ba de expat \u00een Provence toamna<\/strong> este util\u0103 \u0219i pentru oricine se g\u00e2nde\u0219te s\u0103 se mute \u00een regiune. Vara face aproape orice loc din <strong><a href=\"https:\/\/www.the-travel-bunny.com\/ro\/categorie\/europa\/franta\/\">sudul Fran\u021bei<\/a><\/strong> s\u0103 par\u0103 foarte sociabil, pentru c\u0103 terasele sunt pline \u0219i str\u0103zile r\u0103m\u00e2n animate p\u00e2n\u0103 t\u00e2rziu. Toamna \u00ee\u021bi arat\u0103 mult mai bine cum arat\u0103 via\u021ba obi\u0219nuit\u0103. Vezi ritmul s\u0103pt\u0103m\u00e2nii, nu versiunea de vacan\u021b\u0103, mai ales \u00een zonele din interior precum Pays de Fayence.<\/p>\n\n\n\n<p class=\"wp-block-paragraph\">Orice <strong>ghid pentru rom\u00e2nii care vor s\u0103 se mute \u00een Provence<\/strong> ar trebui s\u0103 \u021bin\u0103 cont \u0219i de <strong>felul \u00een care via\u021ba social\u0103 devine mai local\u0103 odat\u0103 cu venirea toamnei<\/strong>. Evenimentele pentru expa\u021bii din Provence sunt, de obicei, acelea\u0219i la care particip\u0103 \u0219i restul lumii: <em>f\u00eates<\/em> \u00een sate, pie\u021be ale produc\u0103torilor, competi\u021bii sportive, activit\u0103\u021bi legate de \u0219coli, s\u0103rb\u0103tori gastronomice \u0219i \u00eent\u00e2lniri ale asocia\u021biilor locale. <strong>Cea mai util\u0103 abordare este integrarea<\/strong>, nu c\u0103utarea unui calendar paralel rezervat special str\u0103inilor.<\/p>\n\n\n\n<p class=\"wp-block-paragraph\"><strong><a href=\"https:\/\/provence-alpes-cotedazur.com\/que-faire\/sortir\/toutes-les-sorties\/marche-paysan-de-la-ferme-du-laquet-tourrettes-fr-5018905\/\" target=\"_blank\" rel=\"noreferrer noopener\">March\u00e9 Paysan din Tourrettes<\/a><\/strong>, \u00een Pays de Fayence, este un exemplu bun de loc la care m\u0103 refer. Nu este o atrac\u021bie inventat\u0103 pentru vizitatori. Face parte din economia alimentar\u0103 local\u0103, tocmai de aceea este util dac\u0103 vrei s\u0103 \u00een\u021belegi cum \u00ee\u0219i fac cump\u0103r\u0103turile \u0219i cum m\u0103n\u00e2nc\u0103 oamenii de aici \u00een realitate.<\/p>\n\n\n\n<p class=\"wp-block-paragraph\">Un <strong>ghid de c\u0103l\u0103torie \u00een extrasezon \u00een Provence pentru expa\u021bi<\/strong>, inclusiv unul axat pe lux, are nevoie de o defini\u021bie la fel de realist\u0103 a luxului. Toamna, valoarea vine adesea din spa\u021biu, timp \u0219i acces, nu din servicii ostentative. \u00ce\u021bi po\u021bi construi ziua \u00een jurul unui pr\u00e2nz lung, al unei vizite la un produc\u0103tor, al unei pie\u021be sau al unui sat lini\u0219tit, f\u0103r\u0103 s\u0103 organizezi totul \u00een jurul aglomera\u021biei din plin sezon. \u00cen schimb, trebuie s\u0103 te intereseze regiunea \u00een sine. Nu te a\u0219tepta ca toate serviciile de var\u0103 s\u0103 r\u0103m\u00e2n\u0103 disponibile special pentru tine.<\/p>\n\n\n\n<p class=\"wp-block-paragraph\"><strong>Locurile \u00een care merg localnicii din Provence toamna<\/strong> sunt, de fapt, mult mai pu\u021bin misterioase dec\u00e2t ar putea suna. Mergem la pie\u021be, \u00een p\u0103duri, la reuniuni de familie, la evenimente \u00een sate, la activit\u0103\u021bi sportive, la podgorii, la magazine \u0219i la restaurante pe care le cunoa\u0219tem deja. Pe aici culegem castane, iar cumnatul meu merge dup\u0103 ciuperci sau la v\u00e2n\u0103toare. (Poate pleca \u00een p\u0103dure \u0219i se poate \u00eentoarce cu o mas\u0103 \u00eentreag\u0103, inclusiv desertul.) Via\u021ba local\u0103 nu se mut\u0103 \u00eentr-un sat provensal secret imediat ce pleac\u0103 turi\u0219tii.<\/p>\n\n\n\n<p class=\"wp-block-paragraph\"><strong>Cei c\u0103rora le place acest ritm obi\u0219nuit vor prefera probabil toamna \u00een locul verii de v\u00e2rf.<\/strong> Oamenii care vor divertisment permanent, atmosfera t\u00e2rzie a sta\u021biunilor, cluburi de plaj\u0103 \u00een plin\u0103 activitate sau un program construit \u00een jurul atrac\u021biilor strict sezoniere se vor sim\u021bi mai bine vara. \u0218i familiile ai c\u0103ror copii vor piscine, tobogane \u0219i anima\u021bie organizat\u0103 \u00een campinguri pot considera sezonul de v\u00e2rf o alegere mai potrivit\u0103.<\/p>\n\n\n\n<p class=\"wp-block-paragraph\">\u0218i cei care vin pentru prima dat\u0103 \u0219i reduc Provence la lanurile de lavand\u0103 ar trebui s\u0103 aleag\u0103 o perioad\u0103 mai timpurie. Toamna ofer\u0103 mai mult din via\u021ba de zi cu zi, dar <strong>nu \u00ee\u021bi va da fotografiile cu c\u00e2mpuri mov de lavand\u0103<\/strong> pe care le-ai salvat de ani \u00eentregi. Nu c\u00e2\u0219tigi nimic aleg\u00e2nd sezonul gre\u0219it doar pentru c\u0103 cineva l-a descris drept autentic.<\/p>\n\n\n\n<p class=\"wp-block-paragraph\">Pentru mine, <strong>toamna le arat\u0103 turi\u0219tilor \u0219i expa\u021bilor mult mai clar cum tr\u0103ie\u0219te Provence atunci c\u00e2nd sunt mai pu\u021bini oameni care \u00eencearc\u0103 s\u0103 consume totul deodat\u0103<\/strong>. Iar asta este cu at\u00e2t mai valoros dac\u0103 deja cuno\u0219ti versiunea de carte po\u0219tal\u0103 \u0219i vrei s\u0103 \u00een\u021belegi locul din spatele ei.<\/p>\n\n\n\n<hr class=\"wp-block-separator has-alpha-channel-opacity\"\/>\n\n\n\n<h2 id=\"vremea-in-provence-toamna-cum-sunt-cu-adevarat-lunile-septembrie-octombrie-\u0219i-noiembrie-aici\" class=\"wp-block-heading\">Vremea \u00een Provence toamna. Cum sunt cu adev\u0103rat lunile septembrie, octombrie \u0219i noiembrie aici<\/h2>\n\n\n\n<p class=\"wp-block-paragraph\"><strong>Vremea \u00een Provence toamna este bl\u00e2nd\u0103 dup\u0103 standardele Europei de Nord, dar cuv\u00e2ntul<\/strong> <strong><em>bl\u00e2nd\u0103<\/em><\/strong> <strong>ascunde varia\u021bii surprinz\u0103tor de mari.<\/strong> Am petrecut suficiente toamne aici \u00eenc\u00e2t s\u0103 nu m\u0103 mai bazez doar pe calendar. O dup\u0103-amiaz\u0103 \u00eensorit\u0103 poate fi \u00eenc\u0103 potrivit\u0103 pentru tricou, iar seara te trimite \u00eenapoi \u00een cas\u0103 dup\u0103 \u00eenc\u0103 un strat de haine. Septembrie, octombrie \u0219i noiembrie formeaz\u0103 toamna meteorologic\u0103, o perioad\u0103 de trecere de la c\u0103ldura verii spre condi\u021bii mai reci \u0219i mai ploioase. De la un an la altul, schimbarea poate veni treptat sau destul de brusc.<\/p>\n\n\n\n<p class=\"wp-block-paragraph\"><strong>Vremea de toamn\u0103 din Provence pe care o cunosc din Pays de Fayence<\/strong> \u00eencepe, de obicei, s\u0103 se schimbe la capetele zilei. Dimine\u021bile devin mai r\u0103coroase, iar serile se scurteaz\u0103 repede. Spre sf\u00e2r\u0219itul lui octombrie, \u0219emineele \u00eencep din nou s\u0103 fie folosite, iar dup\u0103 l\u0103sarea \u00eentunericului mirosul de lemn ars intr\u0103 pe ferestrele deschise. \u00cen timpul zilei poate r\u0103m\u00e2ne \u00eens\u0103 suficient de cald \u00eenc\u00e2t hainele potrivite la micul dejun s\u0103 nu-\u021bi spun\u0103 mare lucru despre ce vei vrea s\u0103 por\u021bi la cin\u0103.<\/p>\n\n\n\n<p class=\"wp-block-paragraph\"><strong>Geografia complic\u0103 \u0219i mai mult clima din Provence toamna.<\/strong> Mediterana tempereaz\u0103 temperaturile de-a lungul coastei, \u00een timp ce v\u0103ile din interior \u0219i zonele aflate la altitudine se r\u0103cesc mai repede, mai ales noaptea. \u00cen Fran\u021ba, temperaturile de toamn\u0103 \u0219i iarn\u0103 scad, \u00een general, odat\u0103 cu dep\u0103rtarea de Mediteran\u0103. Asta explic\u0103 de ce Cassis, interiorul departamentului Vaucluse, Pays de Fayence \u0219i versan\u021bii din jurul Mont Ventoux pot avea condi\u021bii foarte diferite \u00een aceea\u0219i s\u0103pt\u0103m\u00e2n\u0103.<\/p>\n\n\n\n<p class=\"wp-block-paragraph\"><strong>Vremea de toamn\u0103 pe Riviera Francez\u0103 r\u0103m\u00e2ne adesea mai bl\u00e2nd\u0103<\/strong> dec\u00e2t \u00een interiorul regiunii, mai ales aproape de mare. Asta nu \u00eenseamn\u0103 c\u0103 fiecare zi pe coast\u0103 este calm\u0103 \u0219i \u00eensorit\u0103. Toamna este \u0219i <strong>principalul sezon al episoadelor de ploi mediteraneene<\/strong>, c\u00e2nd apa foarte cald\u0103 a m\u0103rii alimenteaz\u0103 aerul umed \u0219i poate provoca ploi intense \u00eentr-un interval scurt. Aceste episoade apar cel mai frecvent <strong>din septembrie p\u00e2n\u0103 la jum\u0103tatea lui decembrie<\/strong> \u0219i pot aduce \u00een c\u00e2teva ore sau zile echivalentul cantit\u0103\u021bii de ploaie din mai multe luni.<\/p>\n\n\n\n<p class=\"wp-block-paragraph\">Merit\u0103 s\u0103 \u00een\u021belegi acest tipar, pentru c\u0103 media lunar\u0103 a precipita\u021biilor spune doar o parte din poveste. Provence poate trece prin perioade lungi de vreme uscat\u0103 \u0219i luminoas\u0103, apoi poate primi o mare parte din ploaia unei luni \u00eentr-un singur episod. <strong>Ploile toren\u021biale pot inunda drumurile joase, transforma potecile \u00een noroi \u0219i face traseele st\u00e2ncoase alunecoase.<\/strong> Drume\u021biile devin mai pl\u0103cute dup\u0103 ce scade c\u0103ldura verii, dar dup\u0103 ploi serioase tratez piatra expus\u0103 \u0219i potecile cu mult\u0103 argil\u0103 cu mult mai mult\u0103 pruden\u021b\u0103 dec\u00e2t ar sugera aspectul lor aparent inofensiv.<\/p>\n\n\n\n<p class=\"wp-block-paragraph\">Apoi vine v\u00e2ntul. <strong>Mistralul<\/strong> traverseaz\u0103 valea inferioar\u0103 a Ronului \u0219i Provence \u00eenainte de a ajunge \u00een anumite zone ale coastei mediteraneene. Este un v\u00e2nt uscat \u0219i turbulent, cu viteze medii care <strong>pot ajunge la aproximativ 50 km\/h \u0219i rafale de 80-100 km\/h sau chiar mai mult<\/strong>. Cur\u0103\u021b\u0103 adesea norii \u0219i las\u0103 \u00een urm\u0103 un cer de o claritate extraordinar\u0103, excelent pentru vizibilitate \u0219i mult mai pu\u021bin pl\u0103cut dac\u0103 \u00eencerci s\u0103 m\u0103n\u00e2nci afar\u0103 \u00een timp ce \u021bii \u0219erve\u021belele s\u0103 nu zboare.<\/p>\n\n\n\n<p class=\"wp-block-paragraph\">Nici Mistralul nu afecteaz\u0103 Provence \u00een mod uniform. Bate <strong>cel mai puternic de-a lungul culoarului Ronului<\/strong>, inclusiv \u00een zonele din jurul Orange, Avignon, Arles \u0219i Istres, apoi \u00ee\u0219i schimb\u0103 direc\u021bia spre Marseille \u0219i <strong><a href=\"https:\/\/www.the-travel-bunny.com\/ro\/eticheta\/var-83\/\" data-type=\"post_tag\" data-id=\"204\">coasta din Var<\/a><\/strong>. \u00cen zona Nice, v\u00e2ntul puternic de nord-vest comparabil este <em>Tramontane<\/em>. Diferen\u021ba regional\u0103 merit\u0103 re\u021binut\u0103 atunci c\u00e2nd compari vremea de toamn\u0103 de pe Riviera Francez\u0103 cu cea din vestul Provence-ului.<\/p>\n\n\n\n<p class=\"wp-block-paragraph\">Prin urmare, o singur\u0103 <strong>temperatur\u0103 pentru Provence toamna<\/strong> spune foarte pu\u021bin dac\u0103 nu \u0219tii locul, ora din zi \u0219i altitudinea. <strong>Dup\u0103-amiezile de pe coast\u0103 pot r\u0103m\u00e2ne calde, \u00een timp ce nop\u021bile din interior se r\u0103cesc brusc.<\/strong> O teras\u0103 ferit\u0103 de v\u00e2nt poate fi foarte pl\u0103cut\u0103 la pr\u00e2nz, iar un punct de belvedere expus devine rece imediat ce \u00eencepe s\u0103 bat\u0103 v\u00e2ntul. Eu aleg haine care se pot purta \u00een straturi, pentru c\u0103 temperatura de la ora 14 \u0219i cea de dup\u0103 apus pot cere garderobe complet diferite.<\/p>\n\n\n\n<p class=\"wp-block-paragraph\"><strong>P\u0103streaz\u0103-\u021bi programul flexibil \u0219i te vei bucura mai u\u0219or de vremea \u0219i temperaturile din Provence toamna.<\/strong> Cele mai multe zile nu aduc nimic dramatic, iar perioadele lungi cu soare sunt c\u00e2t se poate de posibile. Verific\u0103 prognoza \u00een fiecare diminea\u021b\u0103, apoi consult\u0103 <strong><a href=\"https:\/\/vigilance.meteofrance.fr\/fr\" target=\"_blank\" rel=\"noreferrer noopener\">alertele M\u00e9t\u00e9o-France<\/a><\/strong> c\u00e2nd sunt anun\u021bate ploi puternice sau v\u00e2nt intens. Condi\u021biile mediteraneene \u00ee\u021bi pot schimba rapid planurile, mai ales pe drumurile expuse, traseele de drume\u021bie, potecile de coast\u0103 \u0219i rutele montane.<\/p>\n\n\n\n<p class=\"wp-block-paragraph\"><strong>Tocmai imprevizibilitatea asta este unul dintre motivele pentru care \u00eemi place toamna aici.<\/strong> Vara \u00ee\u021bi ofer\u0103 adesea c\u0103ldur\u0103 f\u0103r\u0103 prea multe negocieri. Toamna, \u00een schimb, are opinii.<\/p>\n\n\n\n<div style=\"height:25px\" aria-hidden=\"true\" class=\"wp-block-spacer\"><\/div>\n\n\n\n<figure class=\"wp-block-image size-full\"><img loading=\"lazy\" decoding=\"async\" width=\"792\" height=\"594\" src=\"https:\/\/www.the-travel-bunny.com\/ro\/wp-content\/uploads\/sites\/2\/2026\/08\/Vremea-Provence-Toamna-Mistral-Septembrie-Octombrie-Noiembrie.jpg\" alt=\"Infografic despre vremea \u00een Provence toamna \u0219i Mistral, cu temperaturi pentru septembrie, octombrie \u0219i noiembrie, zile ploioase, temperatura m\u0103rii \u0219i sfaturi practice pentru v\u00e2nt.\" class=\"wp-image-11878\" title=\"\" srcset=\"https:\/\/www.the-travel-bunny.com\/ro\/wp-content\/uploads\/sites\/2\/2026\/08\/Vremea-Provence-Toamna-Mistral-Septembrie-Octombrie-Noiembrie.jpg 792w, https:\/\/www.the-travel-bunny.com\/ro\/wp-content\/uploads\/sites\/2\/2026\/08\/Vremea-Provence-Toamna-Mistral-Septembrie-Octombrie-Noiembrie-300x225.jpg 300w, https:\/\/www.the-travel-bunny.com\/ro\/wp-content\/uploads\/sites\/2\/2026\/08\/Vremea-Provence-Toamna-Mistral-Septembrie-Octombrie-Noiembrie-768x576.jpg 768w\" sizes=\"auto, (max-width: 792px) 100vw, 792px\" \/><figcaption class=\"wp-element-caption\"><em>Vremea de toamn\u0103 din Provence trece de la zilele calde din septembrie la condi\u021biile mai r\u0103coroase din noiembrie, iar Mistralul poate schimba rapid temperatura resim\u021bit\u0103 \u0219i planurile \u00een aer liber. Acest ghid compar\u0103 mediile lunare \u0219i explic\u0103 la ce s\u0103 te a\u0219tep\u021bi de la v\u00e2ntul Mistral \u00een Provence toamna.<\/em><\/figcaption><\/figure>\n\n\n\n<h3 class=\"wp-block-heading\">Temperaturi, ploi, Mistral \u0219i ore de lumin\u0103 \u00een fiecare lun\u0103<\/h3>\n\n\n\n<p class=\"wp-block-paragraph\"><strong>Cea mai mare schimbare a vremii de toamn\u0103 \u00een Provence se simte \u00eentre diminea\u021b\u0103 \u0219i sear\u0103<\/strong>, nu ordonat de la o lun\u0103 la alta. Dup\u0103-amiezile din septembrie apar\u021bin \u00eenc\u0103 \u00een mare parte verii, octombrie aduce varia\u021bii mai mari, iar \u00een noiembrie frigul de dup\u0103 apus devine greu de ignorat. Nici o <strong>temperatur\u0103 medie pentru Provence \u00een septembrie, octombrie \u0219i noiembrie<\/strong> nu spune mare lucru f\u0103r\u0103 context geografic. Marseille, pe malul Mediteranei, Aix-en-Provence, mai departe de coast\u0103, \u0219i zonele mai \u00eenalte din Verdon rareori au aceea\u0219i vreme \u00een aceea\u0219i zi.<\/p>\n\n\n\n<p class=\"wp-block-paragraph\">Ca reper util pentru coast\u0103, <strong>normalele climatologice oficiale folosite \u00een prezent de M\u00e9t\u00e9o-France se bazeaz\u0103 pe perioada 1991-2020<\/strong>, de\u0219i institu\u021bia precizeaz\u0103 c\u0103 acestea sunt deja u\u0219or mai reci dec\u00e2t clima actual\u0103. La Marseille, temperatura medie este de aproximativ 20\u00b0C \u00een septembrie, 16,3\u00b0C \u00een octombrie \u0219i 11,9\u00b0C \u00een noiembrie. Maximele medii din timpul zilei scad de la 24,8\u00b0C \u00een septembrie la 20,3\u00b0C \u00een octombrie \u0219i 15,5\u00b0C \u00een noiembrie.<\/p>\n\n\n\n<figure class=\"wp-block-table is-style-stripes\" style=\"font-size:15px\"><table class=\"has-fixed-layout\"><thead><tr><th class=\"has-text-align-left\" data-align=\"left\">Luna<\/th><th class=\"has-text-align-center\" data-align=\"center\">Maxima medie la Marseille<\/th><th class=\"has-text-align-center\" data-align=\"center\">Minima medie la Marseille<\/th><th class=\"has-text-align-center\" data-align=\"center\">Precipita\u021bii medii<\/th><th class=\"has-text-align-left\" data-align=\"left\">Durata aproximativ\u0103 a zilei<\/th><\/tr><\/thead><tbody><tr><td class=\"has-text-align-left\" data-align=\"left\"><strong>Septembrie<\/strong><\/td><td class=\"has-text-align-center\" data-align=\"center\">24.8\u00b0C<\/td><td class=\"has-text-align-center\" data-align=\"center\">15.2\u00b0C<\/td><td class=\"has-text-align-center\" data-align=\"center\">76.8 mm<\/td><td class=\"has-text-align-left\" data-align=\"left\">13 h 11 min la \u00eenceputul lunii, sc\u0103z\u00e2nd spre 11 h 45 min<\/td><\/tr><tr><td class=\"has-text-align-left\" data-align=\"left\"><strong>Octombrie<\/strong><\/td><td class=\"has-text-align-center\" data-align=\"center\">20.3\u00b0C<\/td><td class=\"has-text-align-center\" data-align=\"center\">12.3\u00b0C<\/td><td class=\"has-text-align-center\" data-align=\"center\">90.6 mm<\/td><td class=\"has-text-align-left\" data-align=\"left\">11 h 44 min la \u00eenceputul lunii, sc\u0103z\u00e2nd spre 10 h 17 min<\/td><\/tr><tr><td class=\"has-text-align-left\" data-align=\"left\"><strong>Noiembrie<\/strong><\/td><td class=\"has-text-align-center\" data-align=\"center\">15.5\u00b0C<\/td><td class=\"has-text-align-center\" data-align=\"center\">8.3\u00b0C<\/td><td class=\"has-text-align-center\" data-align=\"center\">83.1 mm<\/td><td class=\"has-text-align-left\" data-align=\"left\">10 h 17 min la \u00eenceputul lunii, sc\u0103z\u00e2nd p\u00e2n\u0103 la aproximativ 9 h 15 min<\/td><\/tr><\/tbody><\/table><\/figure>\n\n\n\n<p class=\"wp-block-paragraph\">Valorile pentru temperatur\u0103 \u0219i precipita\u021bii de mai sus folosesc <strong><a href=\"https:\/\/www.infoclimat.fr\/climatologie\/normales-records\/1991-2020\/marseille-marignane-marseille-provence\/valeurs\/07650.html\" target=\"_blank\" rel=\"noreferrer noopener\">normalele climatologice 1991-2020 pentru Marseille<\/a><\/strong> ca reper mediteranean, iar durata zilei se bazeaz\u0103 pe <strong><a href=\"https:\/\/www.timeanddate.com\/sun\/@6447142\" target=\"_blank\" rel=\"noreferrer noopener\">datele din 2026 privind r\u0103s\u0103ritul \u0219i apusul la Marseille<\/a><\/strong>. Provence se \u00eentinde mult spre interior \u0219i include diferen\u021be importante de altitudine, a\u0219a c\u0103 folose\u0219te acest tabel ca punct de referin\u021b\u0103, nu ca prognoz\u0103 pentru \u00eentreaga regiune.<\/p>\n\n\n\n<p class=\"wp-block-paragraph\"><strong>Vremea \u00een Provence \u00een septembrie p\u0103streaz\u0103 \u00eenc\u0103 bine amprenta verii.<\/strong> \u00centr-un septembrie obi\u0219nuit, maximele diurne la Marseille se apropie de 25\u00b0C, iar media lunar\u0103 r\u0103m\u00e2ne \u00een jur de 20\u00b0C. Asta explic\u0103 de ce <strong>vremea Provence septembrie<\/strong> pe care am prins-o eu permite adesea zile la plaj\u0103, pr\u00e2nzuri \u00een aer liber \u0219i plimb\u0103ri seara f\u0103r\u0103 c\u0103ldura ap\u0103s\u0103toare din iulie sau august.<\/p>\n\n\n\n<p class=\"wp-block-paragraph\"><strong>Vremea din Provence \u00een septembrie nu este \u00eens\u0103 garantat uscat\u0103.<\/strong> La Marseille cad \u00een medie aproximativ 77 mm de precipita\u021bii \u00een septembrie, concentrate \u00een relativ pu\u021bine zile ploioase, iar episoadele de ploi mediteraneene pot ap\u0103rea deja \u00een aceast\u0103 lun\u0103. \u00cen septembrie 2025, de exemplu, M\u00e9t\u00e9o-France a \u00eenregistrat 145 mm la Mandelieu-la-Napoule, 141 mm la Fr\u00e9jus \u0219i 95 mm la Mons \u00een timpul unui episod sever. Ideea important\u0103 este c\u0103 o singur\u0103 furtun\u0103 poate reprezenta o parte enorm\u0103 din totalul precipita\u021biilor unei luni.<\/p>\n\n\n\n<p class=\"wp-block-paragraph\"><strong>Vremea \u00een Provence \u00een octombrie r\u0103m\u00e2ne bl\u00e2nd\u0103<\/strong>, dar devine mai riscant s\u0103 presupui c\u0103 vei avea condi\u021bii de var\u0103. Maxima normal\u0103 din timpul zilei la Marseille este \u00een jur de 20\u00b0C, \u00een timp ce la Aix-en-Provence temperaturile sunt de aproximativ 22\u00b0C ziua \u0219i 12\u00b0C noaptea. <strong>Vremea din Aix-en-Provence \u00een octombrie<\/strong> ofer\u0103 un reper bun pentru interiorul regiunii. Dup\u0103-amiezile pl\u0103cute r\u0103m\u00e2n frecvente, dar la micul dejun \u0219i la cin\u0103 \u00eencepi tot mai des s\u0103 ai nevoie de \u00eenc\u0103 un strat de haine.<\/p>\n\n\n\n<p class=\"wp-block-paragraph\"><strong>Vremea Provence octombrie<\/strong> pe care am cunoscut-o \u00een ultimii ani a r\u0103mas adesea surprinz\u0103tor de cald\u0103. Observa\u021bia mea personal\u0103 se potrive\u0219te bine cu mediile climatice, dar mediile ascund diferen\u021bele mari de la o or\u0103 la alta. O teras\u0103 ad\u0103postit\u0103 la pr\u00e2nz \u0219i o strad\u0103 expus\u0103 dup\u0103 apus pot p\u0103rea din dou\u0103 anotimpuri diferite.<\/p>\n\n\n\n<p class=\"wp-block-paragraph\"><strong>Octombrie poate fi considerat\u0103 o lun\u0103 ploioas\u0103 \u00een Provence<\/strong>, dup\u0103 standardele mediteraneene. Normala 1991-2020 pentru Marseille este de aproximativ 91 mm, mai mult dec\u00e2t \u00een septembrie. Septembrie \u0219i octombrie sunt luni asociate cu episoade de precipita\u021bii mediteraneene intense \u00een sud-estul Fran\u021bei. Acestea apar atunci c\u00e2nd aerul cald \u0219i umed venit dinspre Mediteran\u0103 alimenteaz\u0103 furtuni puternice, adesea \u00eentr-un interval scurt.<\/p>\n\n\n\n<p class=\"has-extra-info-background-color has-background wp-block-paragraph\"><strong>Plou\u0103 mult \u00een Provence \u00een octombrie?<\/strong> Depinde foarte mult de an. Octombrie 2024 arat\u0103 bine de ce o medie lunar\u0103 nu trebuie interpretat\u0103 ca o promisiune. \u00centre 24 \u0219i 27 octombrie, M\u00e9t\u00e9o-France a \u00eenregistrat 337 mm la Le Luc, 286,4 mm la Vidauban, 182,2 mm la Draguignan \u0219i 149,1 mm la Fr\u00e9jus. La Vidauban au c\u0103zut 119 mm \u00eentr-o singur\u0103 or\u0103!<\/p>\n\n\n\n<p class=\"wp-block-paragraph\"><strong>Ploile din Provence \u00een octombrie vin adesea \u00een episoade<\/strong> \u0219i rareori \u00eenseamn\u0103 o burni\u021b\u0103 cenu\u0219ie care continu\u0103 la nesf\u00e2r\u0219it. Po\u021bi avea mai multe zile uscate, urmate de o ploaie toren\u021bial\u0103 care schimb\u0103 \u00een c\u00e2teva ore starea drumurilor, nivelul r\u00e2urilor \u0219i suprafa\u021ba traseelor de drume\u021bie. <strong><span style=\"text-decoration: underline;\">M\u00e9t\u00e9o-France are sistemul Vigilance<\/span><\/strong> tocmai pentru astfel de riscuri, a\u0219a c\u0103 o alert\u0103 portocalie sau ro\u0219ie merit\u0103 mai mult\u0103 aten\u021bie dec\u00e2t itinerarul pe care \u00eel stabilise\u0219i ini\u021bial.<\/p>\n\n\n\n<p class=\"wp-block-paragraph\">O vizit\u0103 la <strong>Gorges du Verdon \u00een octombrie<\/strong> adaug\u0103 \u0219i altitudinea \u00een ecua\u021bia vremii. Cheile se afl\u0103 \u00een interiorul regiunii, \u00eentre departamentele Var \u0219i Alpes-de-Haute-Provence, iar zonele din jurul La Palud-sur-Verdon sunt mult mai sus dec\u00e2t Marseille sau Aix.<\/p>\n\n\n\n<p class=\"wp-block-paragraph\">Eu recomand septembrie \u0219i octombrie pentru vizite \u00een extrasezon la Gorges du Verdon. <strong>Toamna este o perioad\u0103 bun\u0103 pentru traseul Blanc-Martel.<\/strong> Dimine\u021bile mai reci, punctele de belvedere expuse \u0219i \u00eentunericul care vine mai devreme trebuie totu\u0219i luate \u00een calcul \u00eenainte de o drume\u021bie lung\u0103.<\/p>\n\n\n\n<p class=\"wp-block-paragraph\"><strong>Vremea Provence noiembrie aduce, \u00een sf\u00e2r\u0219it, o r\u0103cire clar\u0103<\/strong>, mai ales dup\u0103 apus. La Marseille, maxima medie din noiembrie este \u00eenc\u0103 de aproximativ 15,5\u00b0C, iar minima medie de 8,3\u00b0C. \u00cen zonele ad\u0103postite de pe coast\u0103, un pr\u00e2nz \u00eensorit poate r\u0103m\u00e2ne surprinz\u0103tor de bl\u00e2nd. \u00cen interior \u0219i la altitudine, temperaturile scad mai mult.<\/p>\n\n\n\n<p class=\"has-extra-info-background-color has-background wp-block-paragraph\"><strong>C\u00e2t de frig se face \u00een Provence toamna?<\/strong> De-a lungul coastei mediteraneene, nop\u021bile r\u0103m\u00e2n relativ bl\u00e2nde, \u00een timp ce v\u0103ile din interior \u0219i zonele mai \u00eenalte se r\u0103cesc mult mai tare dup\u0103 apus.<\/p>\n\n\n\n<p class=\"wp-block-paragraph\">Noiembrie r\u0103m\u00e2ne relativ bl\u00e2nd l\u00e2ng\u0103 Mediteran\u0103, \u00een timp ce zonele mai \u00eenalte din jurul Verdonului sau Mont Ventoux se apropie mult mai mult de condi\u021biile de \u00eenceput de iarn\u0103. Toamna meteorologic\u0103 poate aduce chiar \u0219i primele ninsori p\u00e2n\u0103 \u00een noiembrie \u00een regiunile mai reci ale Fran\u021bei.<\/p>\n\n\n\n<p class=\"wp-block-paragraph\"><strong>C\u00e2t de frig este \u00een Provence \u00een noiembrie?<\/strong> Pe coasta din zona Marseille, temperaturile normale din timpul nop\u021bii sunt, \u00een medie, pu\u021bin peste 8\u00b0C. <strong>C\u00e2t de frig se face \u00een Provence \u00een luna noiembrie<\/strong> depinde \u00eens\u0103 foarte mult de loc, cu nop\u021bi mai bl\u00e2nde pe litoralul mediteranean \u0219i temperaturi sensibil mai sc\u0103zute \u00een interior \u0219i la altitudini mai mari.<\/p>\n\n\n\n<p class=\"wp-block-paragraph\">\u00cen compara\u021bie cu vara, <strong>\u00een Provence plou\u0103 mult mai mult \u00een noiembrie<\/strong>. Noiembrie este cea mai ploioas\u0103 lun\u0103 \u00een mai multe regiuni ale Fran\u021bei, inclusiv Provence-Alpes-C\u00f4te d&#8217;Azur, iar la Marseille media este de aproximativ 83 mm. Din nou, frecven\u021ba \u0219i intensitatea sunt dou\u0103 lucruri diferite. \u0218apte zile cu ploi obi\u0219nuite \u0219i un singur episod mediteranean toren\u021bial pot produce vacan\u021be foarte diferite, chiar dac\u0103 totalurile lunare sunt similare.<\/p>\n\n\n\n<p class=\"wp-block-paragraph\"><strong>Durata zilei merit\u0103 aproape la fel de mult\u0103 aten\u021bie ca temperatura.<\/strong> La Marseille sunt aproximativ 13 ore \u0219i 11 minute de lumin\u0103 pe 1 septembrie, circa 11 ore \u0219i 44 de minute pe 1 octombrie \u0219i aproximativ 10 ore \u0219i 17 minute pe 1 noiembrie. P\u00e2n\u0103 pe 30 noiembrie, ziua scade la aproximativ 9 ore \u0219i 15 minute. O plimbare de trei ore \u00eenceput\u0103 f\u0103r\u0103 grab\u0103 dup\u0103 pr\u00e2nz \u00een septembrie devine mult mai greu de strecurat \u00een program la sf\u00e2r\u0219itul lui noiembrie.<\/p>\n\n\n\n<p class=\"has-extra-info-background-color has-background wp-block-paragraph\"><strong>\u0218i ora se schimb\u0103 pe 25 octombrie 2026.<\/strong> Fran\u021ba continental\u0103 revine la ora standard la 3 diminea\u021ba, c\u00e2nd ceasurile se dau \u00eenapoi cu o or\u0103. Dup\u0103 schimbarea orei, apusul apare brusc mai devreme pe ceas, chiar dac\u0103 scurtarea sezonier\u0103 a zilei r\u0103m\u00e2ne treptat\u0103. \u021aine cont de aceast\u0103 dat\u0103 dac\u0103 pl\u0103nuie\u0219ti drumuri cu ma\u0219ina, drume\u021bii sau vizite \u00een aer liber la sf\u00e2r\u0219itul lui octombrie.<\/p>\n\n\n\n<p class=\"wp-block-paragraph\">Apoi avem <strong>Mistralul \u00een Provence toamna<\/strong>, care nu pare deloc impresionat de temperatura pl\u0103cut\u0103 afi\u0219at\u0103 de aplica\u021bia meteo. Acest v\u00e2nt regional uscat \u0219i turbulent traverseaz\u0103 valea inferioar\u0103 a Ronului \u0219i Provence. Este adesea mai puternic iarna \u0219i prim\u0103vara, dar apare \u0219i toamna.<\/p>\n\n\n\n<p class=\"wp-block-paragraph\"><strong>V\u00e2ntul Mistral \u00een Provence toamna<\/strong> trebuie luat \u00een calcul mai ales <strong>\u00een jurul Orange, Avignon, Arles, Istres, Marseille \u0219i de-a lungul coastei vestice a Provence-ului<\/strong>. Direc\u021bia lui se schimb\u0103 spre sud, devenind nord-vestic\u0103 \u00een zona Marseille \u0219i mai vestic\u0103 de-a lungul coastei din Var. Zonele din jurul Orange, Avignon, Istres \u0219i Arles sunt deosebit de expuse.<\/p>\n\n\n\n<p class=\"has-extra-info-background-color has-background wp-block-paragraph\"><strong>Prognoza pentru Mistral \u00een Provence toamna:<\/strong> A\u0219teapt\u0103-te la cer mai senin, expunere mult mai mare la v\u00e2nt \u00een punctele de belvedere \u0219i pe traseele de coast\u0103, mare mai agitat\u0103 \u0219i o temperatur\u0103 resim\u021bit\u0103 considerabil mai pu\u021bin prietenoas\u0103 dup\u0103 ce \u00eencepe s\u0103 bat\u0103. Mistralul cur\u0103\u021b\u0103 adesea norii pentru c\u0103 este un v\u00e2nt uscat, a\u0219a c\u0103 soarele nu \u00eenseamn\u0103 neap\u0103rat condi\u021bii confortabile pentru activit\u0103\u021bi \u00een aer liber.<\/p>\n\n\n\n<p class=\"wp-block-paragraph\"><strong>Sc\u0103derile de temperatur\u0103 din Provence toamna sunt cel mai u\u0219or de subestimat dup\u0103 o dup\u0103-amiaz\u0103 cald\u0103.<\/strong> Odat\u0103 ce sezonul \u00eenainteaz\u0103, diferen\u021ba dintre pr\u00e2nz \u0219i sear\u0103 devine tot mai mare, iar zilele mai scurte \u0219i episoadele de v\u00e2nt puternic accentueaz\u0103 contrastul. Tocmai de aceea \u021bin o jachet\u0103 la \u00eendem\u00e2n\u0103 chiar \u0219i atunci c\u00e2nd, la pr\u00e2nz, noiembrie pare s\u0103 fi uitat \u00een ce lun\u0103 suntem.<\/p>\n\n\n\n<hr class=\"wp-block-separator has-alpha-channel-opacity is-style-dots\"\/>\n\n\n\n<figure class=\"wp-block-image size-full\"><img loading=\"lazy\" decoding=\"async\" width=\"792\" height=\"294\" src=\"https:\/\/www.the-travel-bunny.com\/ro\/wp-content\/uploads\/sites\/2\/2026\/08\/Bagaj-Provence-Toamna-Haine-Septembrie-Octombrie-Noiembrie.jpg\" alt=\"Valiz\u0103 deschis\u0103 cu haine pliate \u0219i straturi c\u0103lduroase pentru o c\u0103l\u0103torie \u00een Provence toamna, inclusiv pantaloni, pulovere \u0219i \u00eembr\u0103c\u0103minte pentru vreme schimb\u0103toare.\" class=\"wp-image-11880\" title=\"\" srcset=\"https:\/\/www.the-travel-bunny.com\/ro\/wp-content\/uploads\/sites\/2\/2026\/08\/Bagaj-Provence-Toamna-Haine-Septembrie-Octombrie-Noiembrie.jpg 792w, https:\/\/www.the-travel-bunny.com\/ro\/wp-content\/uploads\/sites\/2\/2026\/08\/Bagaj-Provence-Toamna-Haine-Septembrie-Octombrie-Noiembrie-300x111.jpg 300w, https:\/\/www.the-travel-bunny.com\/ro\/wp-content\/uploads\/sites\/2\/2026\/08\/Bagaj-Provence-Toamna-Haine-Septembrie-Octombrie-Noiembrie-768x285.jpg 768w\" sizes=\"auto, (max-width: 792px) 100vw, 792px\" \/><figcaption class=\"wp-element-caption\"><em>Ce s\u0103 pui \u00een bagaj pentru Provence \u00een toamn\u0103 depinde de lun\u0103, cu haine mai u\u0219oare \u00een septembrie \u0219i variante mai c\u0103lduroase spre noiembrie. Blugii comozi, puloverele \u0219i hainele care pot fi purtate \u00een straturi te ajut\u0103 s\u0103 te adaptezi mai u\u0219or la diferen\u021bele dintre temperaturile din timpul zilei \u0219i cele de sear\u0103.<\/em><\/figcaption><\/figure>\n\n\n\n<h3 class=\"wp-block-heading\">Ce s\u0103 pui \u00een bagaj \u0219i ce s\u0103 por\u021bi \u00een Provence toamna<\/h3>\n\n\n\n<p class=\"wp-block-paragraph\"><strong>Bagajul pentru Provence toamna \u00eenseamn\u0103, \u00eenainte de toate, haine pe care le po\u021bi combina \u00een straturi.<\/strong> \u00cen dup\u0103-amiezile din septembrie pot fi suficiente pantalonii scur\u021bi \u0219i un tricou, \u00een timp ce dimine\u021bile din octombrie cer o jachet\u0103 u\u0219oar\u0103, iar serile din noiembrie ceva mai c\u0103lduros. <strong>Toamna este un sezon al contrastelor<\/strong>, cu perioade calde alternate cu zile mai reci \u0219i mai ploioase, a\u0219a c\u0103 este mai practic s\u0103 creezi mai multe combina\u021bii dintr-un num\u0103r redus de haine dec\u00e2t s\u0103 preg\u0103te\u0219ti c\u00e2te o \u021binut\u0103 complet\u0103 pentru fiecare zi.<\/p>\n\n\n\n<p class=\"wp-block-paragraph\"><strong>Lista mea de bagaj pentru Provence toamna<\/strong> ar \u00eencepe cu tricouri, unul sau dou\u0103 topuri cu m\u00e2nec\u0103 lung\u0103, pantaloni u\u0219ori sau blugi, un pulover sub\u021bire sau un cardigan, o jachet\u0103 care protejeaz\u0103 de v\u00e2nt, un strat exterior impermeabil, \u00eenc\u0103l\u021b\u0103minte \u00eenchis\u0103 \u0219i comod\u0103 pentru mers, ochelari de soare \u0219i costum de baie la \u00eenceputul sezonului. Adaug\u0103 lenjerie \u0219i \u0219osete \u00een func\u021bie de durata c\u0103l\u0103toriei, \u00een loc s\u0103 transformi valiza \u00eentr-un mic depozit de textile pentru o s\u0103pt\u0103m\u00e2n\u0103 \u00een Fran\u021ba.<\/p>\n\n\n\n<figure class=\"wp-block-table is-style-stripes\" style=\"font-size:15px\"><table class=\"has-fixed-layout\"><thead><tr><th class=\"has-text-align-left\" data-align=\"left\">Luna<\/th><th class=\"has-text-align-left\" data-align=\"left\">Haine pentru timpul zilei<\/th><th class=\"has-text-align-left\" data-align=\"left\">Diminea\u021ba \u0219i seara<\/th><th class=\"has-text-align-left\" data-align=\"left\">\u00cen plus<\/th><\/tr><\/thead><tbody><tr><td class=\"has-text-align-left\" data-align=\"left\"><strong>Septembrie<\/strong><\/td><td class=\"has-text-align-left\" data-align=\"left\">Tricou, pantaloni scur\u021bi, fust\u0103, rochie sau pantaloni u\u0219ori<\/td><td class=\"has-text-align-left\" data-align=\"left\">Pulover sub\u021bire, cardigan sau c\u0103ma\u0219\u0103 purtat\u0103 peste tricou<\/td><td class=\"has-text-align-left\" data-align=\"left\">Costum de baie, ochelari de soare, protec\u021bie solar\u0103<\/td><\/tr><tr><td class=\"has-text-align-left\" data-align=\"left\"><strong>Octombrie<\/strong><\/td><td class=\"has-text-align-left\" data-align=\"left\">Tricou sau top cu m\u00e2nec\u0103 lung\u0103, cu pantaloni u\u0219ori sau blugi<\/td><td class=\"has-text-align-left\" data-align=\"left\">Pulover \u0219i geac\u0103 u\u0219oar\u0103<\/td><td class=\"has-text-align-left\" data-align=\"left\">Geac\u0103 impermeabil\u0103, \u00eenc\u0103l\u021b\u0103minte \u00eenchis\u0103<\/td><\/tr><tr><td class=\"has-text-align-left\" data-align=\"left\"><strong>Noiembrie<\/strong><\/td><td class=\"has-text-align-left\" data-align=\"left\">M\u00e2neci lungi, pantaloni, strat intermediar u\u0219or<\/td><td class=\"has-text-align-left\" data-align=\"left\">Geac\u0103 mai c\u0103lduroas\u0103 sau \u00eenc\u0103 un strat tricotat<\/td><td class=\"has-text-align-left\" data-align=\"left\">Protec\u021bie pentru ploaie, \u00eenc\u0103l\u021b\u0103minte \u0219i \u0219osete mai c\u0103lduroase<\/td><\/tr><\/tbody><\/table><figcaption class=\"wp-element-caption\"><em>Lista de bagaj pentru Provence toamna<\/em><\/figcaption><\/figure>\n\n\n\n<p class=\"wp-block-paragraph\"><strong>Ce s\u0103 por\u021bi \u00een Provence \u00een septembrie<\/strong> depinde par\u021bial de c\u00e2t de departe ajungi de Mediteran\u0103. \u00cen zona coastei din Var \u0219i \u00een Pays de Fayence, eu petrec multe zile de septembrie \u00een <strong>haine obi\u0219nuite de var\u0103<\/strong>. \u0218i costumul de baie merit\u0103 un loc \u00een valiz\u0103. Marea Mediteran\u0103 a acumulat c\u0103ldur\u0103 toat\u0103 vara, unul dintre motivele pentru care eu prefer septembrie \u00een locul lui iunie pentru \u00eenot.<\/p>\n\n\n\n<p class=\"wp-block-paragraph\">Chiar \u0219i \u00een septembrie este bine s\u0103 ai la tine un al doilea strat sub\u021bire. Temperaturile scad dup\u0103 apus, mai ales \u00een interiorul regiunii, iar cina pe o teras\u0103 expus\u0103 nu seam\u0103n\u0103 deloc cu pr\u00e2nzul \u00een plin soare. <strong>Un cardigan, un pulover sub\u021bire sau o c\u0103ma\u0219\u0103 purtat\u0103 peste tricou<\/strong> sunt suficiente pentru majoritatea acestor schimb\u0103ri f\u0103r\u0103 s\u0103 ocupe jum\u0103tate din valiz\u0103.<\/p>\n\n\n\n<p class=\"wp-block-paragraph\">Calculul pentru <strong>ce s\u0103 por\u021bi \u00een Provence toamna<\/strong> se schimb\u0103 \u00een octombrie. Un tricou sub un pulover sub\u021bire sau o c\u0103ma\u0219\u0103 purtat\u0103 deschis\u0103 \u00ee\u021bi permite s\u0103 renun\u021bi la straturi c\u00e2nd se \u00eenc\u0103lze\u0219te dup\u0103-amiaza. <strong>Blugii, pantalonii chino, pantalonii u\u0219ori, rochiile purtate cu un strat suplimentar \u0219i \u00eenc\u0103l\u021b\u0103mintea \u00eenchis\u0103<\/strong> se potrivesc bine sezonului. Hainele grele de iarn\u0103 sunt exagerate pentru majoritatea c\u0103l\u0103toriilor din octombrie la altitudine joas\u0103, dar o jachet\u0103 serioas\u0103 este util\u0103 \u00een jurul Mont Ventoux, \u00een Verdon \u0219i \u00een alte zone mai \u00eenalte.<\/p>\n\n\n\n<p class=\"wp-block-paragraph\"><strong>Ce haine s\u0103 pui \u00een bagaj pentru Provence \u00een octombrie<\/strong> depinde \u0219i de ploaie. Furtunile mediteraneene de toamn\u0103 pot aduce cantit\u0103\u021bi mari de ap\u0103 \u00eentr-un timp scurt, a\u0219a c\u0103 o <strong>jachet\u0103 impermeabil\u0103 \u0219i u\u0219oar\u0103<\/strong> este mai util\u0103 dec\u00e2t o colec\u021bie de straturi elegante care nu te protejeaz\u0103 deloc de ap\u0103. <strong>Gluga este deosebit de practic\u0103<\/strong> atunci c\u00e2nd bate v\u00e2ntul. Rafalele de Mistral \u0219i umbrelele au opinii diferite despre cine conduce situa\u021bia.<\/p>\n\n\n\n<p class=\"wp-block-paragraph\">Pentru <strong>ce s\u0103 por\u021bi diminea\u021ba \u0219i seara \u00een Provence toamna<\/strong>, octombrie arat\u0103 bine diferen\u021ba dintre momentele zilei. Diminea\u021ba, \u00eencepe cu un tricou sau un top sub\u021bire cu m\u00e2nec\u0103 lung\u0103, peste care po\u021bi pune un pulover, cardigan, polar sau o c\u0103ma\u0219\u0103 mai groas\u0103, apoi o jachet\u0103 u\u0219oar\u0103 dac\u0103 este nevoie. P\u00e2n\u0103 la pr\u00e2nz, o parte din \u021binut\u0103 ajunge adesea \u00eemp\u0103turit\u0103 pe sp\u0103tarul scaunului.<\/p>\n\n\n\n<p class=\"wp-block-paragraph\"><strong>Ce s\u0103 por\u021bi \u00een Provence \u00een octombrie seara<\/strong> cere pu\u021bin mai mult respect pentru sc\u0103derea temperaturii. \u00cenc\u0103l\u021b\u0103mintea \u00eenchis\u0103, pantalonii, un strat tricotat \u0219i o jachet\u0103 fac cinele \u00een aer liber mult mai confortabile, mai ales \u00een interiorul regiunii. O dup\u0103-amiaz\u0103 suficient de cald\u0103 pentru m\u00e2neci scurte nu garanteaz\u0103 o plimbare la fel de cald\u0103 spre cas\u0103 dup\u0103 cin\u0103.<\/p>\n\n\n\n<p class=\"wp-block-paragraph\">Asta face destul de simpl\u0103 \u00eentrebarea <strong>ce s\u0103 pui \u00een bagaj pentru Provence \u00een octombrie<\/strong>. Ia haine pe care le po\u021bi purta \u00een straturi, o jachet\u0103 impermeabil\u0103, \u00eenc\u0103l\u021b\u0103minte \u00eenchis\u0103 \u0219i comod\u0103, un strat mai c\u0103lduros \u0219i protec\u021bie solar\u0103. P\u0103streaz\u0103 costumul de baie dac\u0103 vii la \u00eenceputul lunii sau stai aproape de Mediteran\u0103. Eu am \u00eenotat \u00een prima s\u0103pt\u0103m\u00e2n\u0103 din octombrie, dar nu mi-a\u0219 organiza \u00eentreaga vacan\u021b\u0103 \u00een jurul ideii c\u0103 vremea de plaj\u0103 este garantat\u0103.<\/p>\n\n\n\n<p class=\"wp-block-paragraph\">\u00cen noiembrie ai nevoie de ceva mai mult\u0103 protec\u021bie \u00eempotriva frigului, f\u0103r\u0103 s\u0103 fie cazul s\u0103 \u00eempachetezi echipament pentru o expedi\u021bie alpin\u0103 dac\u0103 r\u0103m\u00e2i la altitudine joas\u0103. <strong>Ce s\u0103 por\u021bi \u00een Provence \u00een toamn\u0103<\/strong> \u00een aceast\u0103 perioad\u0103 \u00eenseamn\u0103 pantaloni lungi, \u00eenc\u0103l\u021b\u0103minte \u00eenchis\u0103, m\u00e2neci lungi, un pulover sau alt strat intermediar \u0219i o jachet\u0103 potrivit\u0103 pentru dimine\u021bi \u0219i seri. Pe coast\u0103, unele dup\u0103-amiezi pot r\u0103m\u00e2ne suficient de bl\u00e2nde pentru tricou, \u00een timp ce nop\u021bile din interior \u00ee\u021bi reamintesc destul de eficient ce lun\u0103 scrie \u00een calendar.<\/p>\n\n\n\n<p class=\"wp-block-paragraph\"><strong>\u00cenc\u0103l\u021b\u0103mintea merit\u0103 mai mult\u0103 aten\u021bie dac\u0103 ai inclus drume\u021bii \u00een plan.<\/strong> De exemplu, <strong><a href=\"https:\/\/www.calanques-parcnational.fr\/en\/walks-and-hikes\" target=\"_blank\" rel=\"noreferrer noopener\">Parc national des Calanques recomand\u0103 \u00eenc\u0103l\u021b\u0103minte de drume\u021bie<\/a><\/strong> \u0219i avertizeaz\u0103 \u00eempotriva \u00eenc\u0103l\u021b\u0103mintei deschise pe traseele st\u00e2ncoase. Parcul recomand\u0103 \u0219i cel pu\u021bin 1,5 litri de ap\u0103 de persoan\u0103 pentru o plimbare de o jum\u0103tate de zi, deoarece \u00een interiorul Calanques nu exist\u0103 puncte cu ap\u0103 potabil\u0103. Toamna reduce o parte din c\u0103ldura verii, dar nu face calcarul mai pu\u021bin ascu\u021bit sau mai pu\u021bin alunecos.<\/p>\n\n\n\n<p class=\"has-extra-info-background-color has-background wp-block-paragraph\"><strong>Protec\u021bia solar\u0103 r\u0103m\u00e2ne necesar\u0103 \u0219i \u00een bagajul de toamn\u0103!<\/strong> Eu recomand ochelari de soare, haine care protejeaz\u0103 pielea \u0219i protec\u021bie solar\u0103 pentru ie\u0219irile \u00een aer liber, deoarece traseele expuse din Provence ofer\u0103 pu\u021bin\u0103 umbr\u0103. O briz\u0103 r\u0103coroas\u0103 poate ascunde foarte conving\u0103tor for\u021ba soarelui p\u00e2n\u0103 c\u00e2nd, c\u00e2teva ore mai t\u00e2rziu, fa\u021ba ta prezint\u0103 dovezile f\u0103r\u0103 prea mult\u0103 discre\u021bie.<\/p>\n\n\n\n<p class=\"wp-block-paragraph\">O <strong>list\u0103 de bagaj Provence toamn\u0103 pentru femei<\/strong> nu are nevoie de alte reguli climatice. Rochiile u\u0219oare \u0219i fustele r\u0103m\u00e2n practice \u00een zilele calde din septembrie, iar pantalonii, blugii, dresurile, cardiganele \u0219i o jachet\u0103 rezistent\u0103 la ploaie devin tot mai utile \u00een octombrie \u0219i noiembrie. \u00cenc\u0103l\u021b\u0103mintea \u00eenchis\u0103 \u0219i comod\u0103 merit\u0103 prioritate dac\u0103 itinerarul include str\u0103zi de sat, pie\u021be, localit\u0103\u021bi coco\u021bate pe deal sau trasee de drume\u021bie. Pavajul provensal nu are prea mult\u0103 mil\u0103 pentru pantofii ale\u0219i \u00een primul r\u00e2nd fiindc\u0103 ar\u0103tau bine l\u00e2ng\u0103 valiz\u0103&#8230;<\/p>\n\n\n\n<p class=\"wp-block-paragraph\">O <strong>list\u0103 de bagaj Provence toamn\u0103 pentru b\u0103rba\u021bi<\/strong> urmeaz\u0103 aproape aceea\u0219i logic\u0103. Tricourile, tricourile polo sau c\u0103m\u0103\u0219ile, pantalonii u\u0219ori, blugii, o c\u0103ma\u0219\u0103 mai groas\u0103 sau un pulover sub\u021bire, o jachet\u0103 impermeabil\u0103 \u0219i \u00eenc\u0103l\u021b\u0103mintea comod\u0103 pentru mers acoper\u0103 majoritatea c\u0103l\u0103toriilor la altitudine joas\u0103. Pantalonii scur\u021bi r\u0103m\u00e2n utili \u00een septembrie \u0219i, uneori, chiar mai t\u00e2rziu \u00een perioadele calde de pe coast\u0103. Pentru serile din noiembrie sau opririle la altitudine mai mare, adaug\u0103 doar un strat mai c\u0103lduros.<\/p>\n\n\n\n<p class=\"wp-block-paragraph\">Cele mai bune <strong>recomand\u0103ri de echipament pentru c\u0103l\u0103torie \u00een Provence toamna<\/strong> depind \u0219i de zonele incluse \u00een itinerar. Marseille, Cassis, <strong><a href=\"https:\/\/www.the-travel-bunny.com\/ro\/eticheta\/saint-raphael\/\" data-type=\"post_tag\" data-id=\"207\">Saint-Rapha\u00ebl<\/a><\/strong> \u0219i C\u00f4te d&#8217;Azur sunt mai puternic influen\u021bate de Mediteran\u0103 dec\u00e2t interiorul departamentului Vaucluse sau zonele mai \u00eenalte din Verdon. O valiz\u0103 preg\u0103tit\u0103 exclusiv pentru vremea din Nice devine prea optimist\u0103 c\u00e2nd traseul urc\u0103 spre drumuri montane \u0219i platouri \u00eenalte.<\/p>\n\n\n\n<p class=\"wp-block-paragraph\">Pune \u00een bagaj mai \u00eent\u00e2i \u00eenc\u0103l\u021b\u0103mintea potrivit\u0103, hainele pentru straturi \u0219i o jachet\u0103 impermeabil\u0103 u\u0219oar\u0103, abia apoi \u021binutele mai elaborate de sezon. Cam asta \u00eenseamn\u0103 <strong>ce s\u0103 iei \u00een bagaj pentru Provence toamna<\/strong>. \u00cembrac\u0103-te pentru partea cald\u0103 a zilei, ia cu tine stratul de care vei avea nevoie trei ore mai t\u00e2rziu \u0219i \u021bine minte c\u0103 Provence are un talent aparte de a face ca alegerea vestimentar\u0103 de diminea\u021b\u0103 s\u0103 par\u0103 fie exagerat\u0103, fie complet insuficient\u0103 p\u00e2n\u0103 la ora pr\u00e2nzului.<\/p>\n\n\n\n<hr class=\"wp-block-separator has-alpha-channel-opacity\"\/>\n\n\n\n<figure class=\"wp-block-image size-full\"><img loading=\"lazy\" decoding=\"async\" width=\"792\" height=\"294\" src=\"https:\/\/www.the-travel-bunny.com\/ro\/wp-content\/uploads\/sites\/2\/2026\/08\/Provence-Toamna-Campuri-Aurii-Peisaj-Rural.jpg\" alt=\"Peisaj rural din Provence toamna, cu c\u00e2mpuri aurii, vegeta\u021bie uscat\u0103, dealuri \u00eemp\u0103durite \u0219i mun\u021bi sub nori de toamn\u0103.\" class=\"wp-image-11881\" title=\"\" srcset=\"https:\/\/www.the-travel-bunny.com\/ro\/wp-content\/uploads\/sites\/2\/2026\/08\/Provence-Toamna-Campuri-Aurii-Peisaj-Rural.jpg 792w, https:\/\/www.the-travel-bunny.com\/ro\/wp-content\/uploads\/sites\/2\/2026\/08\/Provence-Toamna-Campuri-Aurii-Peisaj-Rural-300x111.jpg 300w, https:\/\/www.the-travel-bunny.com\/ro\/wp-content\/uploads\/sites\/2\/2026\/08\/Provence-Toamna-Campuri-Aurii-Peisaj-Rural-768x285.jpg 768w\" sizes=\"auto, (max-width: 792px) 100vw, 792px\" \/><figcaption class=\"wp-element-caption\"><em>Toamna \u00een Provence \u00eenseamn\u0103 adesea iarb\u0103 aurie, terenuri uscate \u0219i lumin\u0103 bl\u00e2nd\u0103, nu p\u0103duri aprinse \u00een culori. Acest cadru arat\u0103 partea mai discret\u0103 a felului \u00een care arat\u0103 de fapt toamna \u00een Provence.<\/em><\/figcaption><\/figure>\n\n\n\n<h2 id=\"cum-arata-de-fapt-toamna-in-provence\" class=\"wp-block-heading\">Cum arat\u0103 de fapt toamna \u00een Provence<\/h2>\n\n\n\n<p class=\"wp-block-paragraph\"><strong>Toamna \u00een Provence este mult mai pu\u021bin portocalie dec\u00e2t las\u0103 s\u0103 se cread\u0103 multe fotografii.<\/strong> De-a lungul unei mari p\u0103r\u021bi a coastei din Var, schimbarea de sezon poate fi surprinz\u0103tor de discret\u0103. Pinii mediteraneeni, m\u0103slinii, stejarii ve\u0219nic verzi \u0219i vegeta\u021bia de tip <em>garrigue<\/em> p\u0103streaz\u0103 mult verde, iar plantele afectate de o var\u0103 fierbinte \u0219i secetoas\u0103 pot \u00eencepe s\u0103 se \u00eeng\u0103lbeneasc\u0103 \u00eenainte s\u0103 vin\u0103 septembrie. <strong>Peisajele Provence toamna<\/strong> nu \u00ee\u0219i schimb\u0103 brusc paleta doar pentru c\u0103 a venit toamna \u00een calendar.<\/p>\n\n\n\n<p class=\"wp-block-paragraph\"><strong>Cresc\u00e2nd \u00een Rom\u00e2nia, eram obi\u0219nuit\u0103 ca toamna s\u0103 vin\u0103 \u00een culori.<\/strong> Mergeam \u00een fiecare an la munte ca s\u0103 v\u0103d p\u0103durile devenind galbene, portocalii \u0219i ro\u0219ii, iar chiar \u0219i c\u00e2nd locuiam \u00een Bucure\u0219ti, ocoleam prin parcuri doar ca s\u0103 urm\u0103resc schimbarea sezonului.<\/p>\n\n\n\n<p class=\"wp-block-paragraph\">Asta \u00eemi lipse\u0219te aici. \u00cen Provence, mai ales \u00een Pays de Fayence \u0219i de-a lungul coastei mediteraneene, culorile frunzelor de toamn\u0103 sunt mai pu\u021bin spectaculoase. La temperaturi, \u00eens\u0103, compara\u021bia se inverseaz\u0103. <strong>Sf\u00e2r\u0219itul toamnei \u00een Provence \u00eemi aminte\u0219te adesea de \u00eenceputul toamnei \u00een Rom\u00e2nia<\/strong>, cu zile bl\u00e2nde care continu\u0103 \u00eentr-o perioad\u0103 \u00een care acas\u0103 m-a\u0219 a\u0219tepta deja la mult mai mult frig.<\/p>\n\n\n\n<p class=\"wp-block-paragraph\">Fotografiile cu Provence toamna \u00een care dealuri \u00eentregi par s\u0103 ard\u0103 \u00een ro\u0219u \u0219i auriu spun, a\u0219adar, doar o parte din poveste. Astfel de cadre <em>exist\u0103<\/em>, mai ales \u00een jurul podgoriilor \u0219i al p\u0103durilor de foioase, dar nu reprezint\u0103 fiecare col\u021b al regiunii. <strong>\u00cen partea mea din Var, eu nu a\u0219 pleca la drum a\u0219tept\u00e2ndu-m\u0103 la versan\u021bi acoperi\u021bi complet de frunzi\u0219 colorat.<\/strong> A\u0219 fotografia mai degrab\u0103 contrastul dintre ierburile uscate, pinii verde-\u00eenchis, satele din piatr\u0103 deschis\u0103 la culoare, viile care \u00eencep s\u0103-\u0219i schimbe nuan\u021ba \u0219i Mediterana care continu\u0103, cu \u00eenc\u0103p\u0103\u021b\u00e2nare, s\u0103 arate a var\u0103.<\/p>\n\n\n\n<p class=\"wp-block-paragraph\"><strong>Podgoriile sunt printre cele mai sigure subiecte pentru fotografie \u00een Provence toamna<\/strong>, fiindc\u0103 se schimb\u0103 vizibil mai mult dec\u00e2t vegeta\u021bia de <em>garrigue<\/em> din jur. Po\u021bi vedea vii \u00een culori de toamn\u0103 \u00een Luberon, Alpilles, Camargue \u0219i la poalele Mont Ventoux, unde frunzele trec prin tonuri de galben, cupru \u0219i ro\u0219u \u00eenainte ca vi\u021ba s\u0103 intre \u00een repaus vegetativ.<\/p>\n\n\n\n<p class=\"wp-block-paragraph\">\u0218i arhitectura ajut\u0103. Roussillon \u0219i Rustrel au tot anul st\u00e2nci de ocru \u0219i culori minerale, iar sate precum Gordes, Bonnieux \u0219i Les Baux-de-Provence reunesc \u00een acela\u0219i cadru calcar, acoperi\u0219uri din \u021bigl\u0103, str\u0103zi \u00eenguste \u0219i terenuri agricole. Sunt <strong>locuri foto \u00een Provence toamna<\/strong> foarte potrivite pentru c\u0103 sezonul adaug\u0103 culorile viilor \u0219i o vegeta\u021bie mai domolit\u0103 f\u0103r\u0103 s\u0103 depind\u0103 de frunzi\u0219 forestier dramatic pentru ca fotografia s\u0103 aib\u0103 impact. Ocrul din jurul Roussillon \u0219i Rustrel provine din depozite minerale bogate \u00een fier, a\u0219a c\u0103 tonurile de ro\u0219u \u0219i portocaliu r\u0103m\u00e2n vizibile mult dup\u0103 ce frunzele de toamn\u0103 au c\u0103zut.<\/p>\n\n\n\n<p class=\"wp-block-paragraph\">Lumina schimb\u0103 fotografiile la fel de mult ca vegeta\u021bia. <strong>Fotografia \u00een Provence toamna beneficiaz\u0103 de un soare mai jos pe cer dec\u00e2t vara<\/strong>, ceea ce creeaz\u0103 umbre mai lungi peste vii, zidurile satelor, livezile de m\u0103slini \u0219i culmile st\u00e2ncoase. Lumina dur\u0103, aproape vertical\u0103, pe care \u00eencerc s\u0103 o evit la pr\u00e2nz vara ocup\u0103 o parte mai mic\u0103 din zi. Calcarul deschis la culoare tot cere aten\u021bie la expunere, dar toamna ai mai multe ore \u00een care textura r\u0103m\u00e2ne vizibil\u0103 \u00een loc s\u0103 fie aplatizat\u0103 de un soare aproape direct deasupra capului.<\/p>\n\n\n\n<p class=\"wp-block-paragraph\">\u0218i celebra <strong>lumin\u0103 aurie din Provence<\/strong> merit\u0103 mai pu\u021bin\u0103 mitologie \u0219i pu\u021bin\u0103 planificare. Nu este o substan\u021b\u0103 suspendat\u0103 permanent deasupra regiunii, care a\u0219teapt\u0103 s\u0103 apar\u0103 fotografii. Lumina cald\u0103 apare c\u00e2nd soarele este jos, iar toamna aduce pur \u0219i simplu aceste unghiuri mai devreme \u00een cursul zilei.<\/p>\n\n\n\n<p class=\"has-extra-info-background-color has-background wp-block-paragraph\"><strong>Sfat pentru fotografie \u00een Provence toamna:<\/strong> Pentru ora de aur \u00een Provence toamna, verific\u0103 orele de r\u0103s\u0103rit \u0219i apus pentru data \u0219i locul exact. Nu te baza pe regula generic\u0103 \u201ecu o or\u0103 \u00eenainte de apus\u201d. Dealurile \u0219i mun\u021bii pot bloca lumina direct\u0103 cu mult \u00eenainte de ora oficial\u0103 a apusului.<\/p>\n\n\n\n<p class=\"wp-block-paragraph\">ilele cu Mistral dau fotografiilor un caracter complet diferit. Acest v\u00e2nt puternic din Provence poate aduce <strong>o vizibilitate excep\u021bional\u0103 spre culmile \u00eendep\u0103rtate \u0219i Mediteran\u0103<\/strong>, de\u0219i acela\u0219i cer foarte senin poate p\u0103rea destul de gol \u00eentr-o fotografie dac\u0103 speri la un apus dramatic.<\/p>\n\n\n\n<p class=\"wp-block-paragraph\">Dup\u0103 ploaie, schimbarea vizual\u0103 merge \u00een direc\u021bia opus\u0103. Trunchiurile \u00eentunecate de ap\u0103, calcarul ud, tonurile mai bogate ale solului, str\u0103zile cu b\u0103l\u021bi din sate \u0219i norii prin\u0219i \u00een jurul dealurilor pot da fotografiilor de toamn\u0103 o profunzime care lipse\u0219te uneori dintr-un \u0219ir nesf\u00e2r\u0219it de zile cu cer albastru. Eu a\u0219 a\u0219tepta ca drumurile \u0219i traseele s\u0103 fie din nou sigure \u00eenainte s\u0103 ies pe st\u00e2nci alunecoase, dar din punct de vedere fotografic, o furtun\u0103 care \u00eencepe s\u0103 se destrame ofer\u0103 adesea mai mult\u0103 varietate dec\u00e2t o dup\u0103-amiaz\u0103 complet senin\u0103.<\/p>\n\n\n\n<p class=\"has-extra-info-background-color has-background wp-block-paragraph\"><strong>Cel mai bun moment pentru fotografie \u00een Provence toamna:<\/strong> Diminea\u021ba devreme favorizeaz\u0103 cea\u021ba \u00een v\u0103ile din interior \u0219i str\u0103zile lini\u0219tite ale satelor. Spre sf\u00e2r\u0219itul dup\u0103-amiezii, lumina devine mai cald\u0103 peste piatr\u0103 \u0219i podgorii. Dup\u0103 ploaie, p\u0103durile \u0219i zonele agricole cap\u0103t\u0103 mai mult\u0103 profunzime. Vremea senin\u0103 dup\u0103 Mistral este excelent\u0103 pentru priveli\u0219ti la mare distan\u021b\u0103. Nu exist\u0103 o or\u0103 universal\u0103 care transform\u0103 orice loc \u00eentr-o carte po\u0219tal\u0103. Pentru asta exist\u0103 filtrele din Lightroom.<\/p>\n\n\n\n<p class=\"wp-block-paragraph\"><strong>Cele mai bune locuri foto din Provence toamna<\/strong> se schimb\u0103 odat\u0103 cu sezonul. \u00cen septembrie, aproape de Mediteran\u0103, fotografiile arat\u0103 \u00eenc\u0103 \u00een mare parte a sf\u00e2r\u0219it de var\u0103. \u00cen octombrie, viile \u0219i foioasele din interior aduc culori de sezon mai evidente. \u00cen noiembrie, unele zone devin mai austere, cu vii gola\u0219e, c\u00e2mpuri agricole \u00een tonuri stinse, p\u0103duri mai \u00eentunecate \u0219i sate unde fumul din co\u0219uri \u00eencepe s\u0103 apar\u0103 din nou spre sear\u0103.<\/p>\n\n\n\n<p class=\"wp-block-paragraph\"><strong>Cele mai bune spoturi foto \u00een Provence \u00een toamn\u0103<\/strong> sunt locurile unde se suprapun mai multe elemente vizuale:<\/p>\n\n\n\n<ul class=\"wp-block-list\">\n<li>podgoriile de sub Mont Ventoux<\/li>\n\n\n\n<li>drumurile dintre Bonnieux \u0219i Lourmarin<\/li>\n\n\n\n<li>zona cu ocru din jurul Roussillon \u0219i Rustrel<\/li>\n\n\n\n<li>terenurile agricole din jurul Alpilles<\/li>\n\n\n\n<li>unele zone din Camargue.<\/li>\n<\/ul>\n\n\n\n<p class=\"has-extra-info-background-color has-background wp-block-paragraph\"><strong>Locuri \u0219i sfaturi pentru fotografie \u00een Provence toamna:<\/strong> Dac\u0103 pleci pe coasta mediteranean\u0103 \u00een c\u0103utarea frunzi\u0219ului specific Europei de Nord, ai \u0219anse mari s\u0103 faci un drum lung \u0219i s\u0103 te \u00eentorci cu mai multe fotografii cu pini care arat\u0103 exact ca \u00een august.<\/p>\n\n\n\n<p class=\"wp-block-paragraph\">Toamna apare altfel \u00een Provence. Viile \u00ee\u0219i schimb\u0103 primele culoarea, c\u00e2mpurile recoltate cap\u0103t\u0103 tonuri de pai \u0219i brun-auriu, umbrele se lungesc, piatra se \u00eenc\u0103lze\u0219te \u00een lumina t\u00e2rzie, iar coasta p\u0103streaz\u0103 culorile verii mult dup\u0103 ce restul Europei a acceptat deja venirea toamnei.<\/p>\n\n\n\n<div style=\"height:25px\" aria-hidden=\"true\" class=\"wp-block-spacer\"><\/div>\n\n\n\n<h3 id=\"unde-gase\u0219ti-culori-de-toamna-in-provence-luberon-alpilles-ventoux-\u0219i-verdon\" class=\"wp-block-heading\">Unde g\u0103se\u0219ti culori de toamn\u0103 \u00een Provence: Luberon, Alpilles, Ventoux \u0219i Verdon<\/h3>\n\n\n\n<p class=\"wp-block-paragraph\"><strong>\u00cemi lipse\u0219te o toamn\u0103 cu adev\u0103rat colorat\u0103.<\/strong> \u00cen Provence, zilele calde din octombrie nu vin neap\u0103rat cu frunzi\u0219ul intens colorat cu care am crescut \u00een Rom\u00e2nia.<\/p>\n\n\n\n<p class=\"wp-block-paragraph\">\u00cen Pays de Fayence \u0219i de-a lungul unei mari p\u0103r\u021bi a coastei mediteraneene, <strong>culorile de toamn\u0103 din Provence pot fi surprinz\u0103tor de discrete<\/strong>. Pinii, m\u0103slinii, stejarii ve\u0219nic verzi \u0219i alte plante mediteraneene p\u0103streaz\u0103 \u00eentinse suprafe\u021be verzi, iar seceta din timpul verii poate \u00eeng\u0103lbeni ierburile \u0219i arbu\u0219tii \u00eenainte s\u0103 \u00eenceap\u0103 septembrie.<\/p>\n\n\n\n<p class=\"wp-block-paragraph\">Totu\u0219i, <strong>frunzele de toamn\u0103 din Provence merit\u0103 c\u0103utate<\/strong> \u00een zonele cu podgorii, p\u0103duri de foioase, altitudini mai mari \u0219i v\u0103i mai r\u0103coroase din interior.<\/p>\n\n\n\n<p class=\"wp-block-paragraph\">Momentul difer\u0103 \u0219i \u00een func\u021bie de altitudine \u0219i vreme, dar <strong>frunzele \u00eencep, \u00een general, s\u0103 se coloreze \u00een Provence \u00een luna octombrie<\/strong>, mai ales \u00een interiorul regiunii. Octombrie este perioada \u00een care frunzi\u0219ul arborilor \u0219i arbu\u0219tilor trece spre galben, ro\u0219u \u0219i portocaliu \u00eenainte s\u0103 \u00eenceap\u0103 s\u0103 cad\u0103. \u00cen noiembrie apar tot mai multe ramuri gola\u0219e \u00een zonele mai reci.<\/p>\n\n\n\n<p class=\"wp-block-paragraph\">Pentru <strong>cele mai bune locuri pentru culorile toamnei \u00een Provence<\/strong>, eu a\u0219 merge \u00een Luberon, la Mont Ventoux \u0219i \u00een Verdon \u00eenainte s\u0103-mi pun speran\u021bele \u00een coasta mediteranean\u0103. Alpilles arat\u0103 foarte bine \u00een fotografii toamna, dar p\u0103durile de aici au o propor\u021bie mare de pin de Alep \u0219i stejar ve\u0219nic verde, a\u0219a c\u0103 nu ofer\u0103 acelea\u0219i \u00eentinderi ample de frunzi\u0219 de foioase.<\/p>\n\n\n\n<div style=\"height:25px\" aria-hidden=\"true\" class=\"wp-block-spacer\"><\/div>\n\n\n\n<figure class=\"wp-block-image size-full\"><img loading=\"lazy\" decoding=\"async\" width=\"792\" height=\"294\" src=\"https:\/\/www.the-travel-bunny.com\/ro\/wp-content\/uploads\/sites\/2\/2026\/08\/Gordes-Luberon-Provence-Toamna-Culori-de-Toamna.jpg\" alt=\"Gordes \u00een Luberon toamna, cu case din piatr\u0103 ridicate pe st\u00e2nc\u0103, vegeta\u021bie \u00een nuan\u021be aurii \u0219i ro\u0219iatice \u0219i dealurile Provence \u00een fundal.\" class=\"wp-image-11882\" title=\"\" srcset=\"https:\/\/www.the-travel-bunny.com\/ro\/wp-content\/uploads\/sites\/2\/2026\/08\/Gordes-Luberon-Provence-Toamna-Culori-de-Toamna.jpg 792w, https:\/\/www.the-travel-bunny.com\/ro\/wp-content\/uploads\/sites\/2\/2026\/08\/Gordes-Luberon-Provence-Toamna-Culori-de-Toamna-300x111.jpg 300w, https:\/\/www.the-travel-bunny.com\/ro\/wp-content\/uploads\/sites\/2\/2026\/08\/Gordes-Luberon-Provence-Toamna-Culori-de-Toamna-768x285.jpg 768w\" sizes=\"auto, (max-width: 792px) 100vw, 792px\" \/><figcaption class=\"wp-element-caption\"><em>Culorile de toamn\u0103 din Luberon dau satului Gordes un aspect mai cald \u0219i mai domol, \u00eentr-unul dintre cele mai fotogenice sate din Provence. Cadrul surprinde Gordes toamna, cu primele frunze colorate, lumin\u0103 aurie \u0219i satul ridicat deasupra v\u0103ii.<\/em><\/figcaption><\/figure>\n\n\n\n<h4 class=\"wp-block-heading\">Culorile de toamn\u0103 din Luberon<\/h4>\n\n\n\n<p class=\"wp-block-paragraph\"><strong>Luberon toamna<\/strong> ofer\u0103 una dintre cele mai reu\u0219ite combina\u021bii de <strong>vii colorate, foioase, livezi, p\u0103m\u00e2nt descoperit \u0219i piatra deschis\u0103 la culoare a satelor<\/strong>. Agricultura are aici un rol vizual important. Viile, m\u0103slinii, pomii fructiferi, p\u0103\u0219unile \u0219i p\u0103durile definesc mare parte din aspectul zonei agricole. Octombrie marcheaz\u0103 principala trecere spre frunzi\u0219 galben, portocaliu \u0219i ro\u0219u.<\/p>\n\n\n\n<p class=\"wp-block-paragraph\">O <strong>c\u0103l\u0103torie \u00een Luberon \u00een octombrie<\/strong> este, prin urmare, o alegere mult mai sigur\u0103 pentru culorile toamnei dec\u00e2t \u00eenceputul lui septembrie. Dup\u0103 recolt\u0103, viile din Luberon trec prin nuan\u021be de galben, cupru \u0219i ro\u0219u, iar foioasele de-a lungul drumurilor de \u021bar\u0103 \u0219i de pe versan\u021bii mai jo\u0219i adaug\u0103 alte tonuri de sezon.<\/p>\n\n\n\n<p class=\"has-extra-info-background-color has-background wp-block-paragraph\"><strong>Sfatul The Travel Bunny pentru Provence:<\/strong> recomand plimb\u0103rile de toamn\u0103 prin podgoriile din Luberon, Ventoux \u0219i Valea Ronului dac\u0103 speri la acel tip de toamn\u0103 \u00een care versan\u021bi \u00eentregi \u00ee\u0219i schimb\u0103 culoarea.<\/p>\n\n\n\n<p class=\"wp-block-paragraph\">Cele mai bune <strong>locuri perfecte pentru fotografie de peisaj \u00een Luberon<\/strong> \u00een perioada frunzi\u0219ului de toamn\u0103 sunt cele unde viile \u0219i vegeta\u021bia de foioase apar al\u0103turi de forme de relief recognoscibile sau de arhitectura satelor. Drumurile \u0219i potecile prin <strong>zonele viticole din jurul Bonnieux, Lourmarin, Gordes \u0219i Roussillon<\/strong> ofer\u0103 mult mai mult context de sezon dec\u00e2t un singur copac fotografiat l\u00e2ng\u0103 o parcare, cu speran\u021ba c\u0103 nimeni nu va observa.<\/p>\n\n\n\n<p class=\"wp-block-paragraph\"><strong>Culorile toamnei \u00een Luberon<\/strong> se potrivesc deosebit de bine \u0219i cu <strong>Roussillon \u0219i zona cu ocru din jurul Rustrel<\/strong>, pentru c\u0103 ro\u0219ul \u0219i portocaliul mineral r\u0103m\u00e2n vizibile indiferent de frunzi\u0219. Colorado Proven\u00e7al din Rustrel r\u0103m\u00e2ne deschis p\u00e2n\u0103 \u00een noiembrie \u00een 2026, dac\u0103 vremea permite, de\u0219i programul se scurteaz\u0103 considerabil odat\u0103 cu reducerea orelor de lumin\u0103.<\/p>\n\n\n\n<div style=\"height:25px\" aria-hidden=\"true\" class=\"wp-block-spacer\"><\/div>\n\n\n\n<h4 class=\"wp-block-heading\">Alpilles toamna<\/h4>\n\n\n\n<p class=\"wp-block-paragraph\"><strong><a href=\"https:\/\/www.the-travel-bunny.com\/ro\/eticheta\/vallee-des-baux-alpilles\/\" data-type=\"post_tag\" data-id=\"210\">Les Alpilles<\/a><\/strong> <strong>sunt mai pu\u021bin sigure dac\u0103 urm\u0103re\u0219ti frunzi\u0219ul clasic de toamn\u0103 din Provence<\/strong>, iar asta merit\u0103 \u0219tiut \u00eenainte s\u0103-\u021bi construie\u0219ti o zi \u00eentreag\u0103 de fotografie \u00een jurul culorilor de sezon. P\u0103durea mediteranean\u0103 domin\u0103 mare parte din masiv, \u00een special pinul de Alep \u0219i stejarul ve\u0219nic verde. Aceste specii p\u0103streaz\u0103 aspectul verde-cenu\u0219iu at\u00e2t de familiar \u00een Provence \u0219i toamna, \u00een loc s\u0103 formeze suprafe\u021be mari de p\u0103dure portocalie.<\/p>\n\n\n\n<p class=\"wp-block-paragraph\"><strong>Eu a\u0219 merge \u00een Alpilles mai degrab\u0103 pentru peisajele agricole de toamn\u0103.<\/strong> Podgoriile, livezile de m\u0103slini, culmile de calcar, drumurile agricole \u0219i por\u021biunile de vegeta\u021bie de foioase creeaz\u0103 <strong>peisaje de toamn\u0103 \u00een Provence<\/strong> mai discrete \u00een jurul localit\u0103\u021bilor <strong>Saint-R\u00e9my-de-Provence, Eygali\u00e8res, Maussane-les-Alpilles, <a href=\"https:\/\/www.the-travel-bunny.com\/ro\/excursie-les-baux-de-provence-ghid\/\" data-type=\"post\" data-id=\"10458\">Les Baux-de-Provence<\/a> \u0219i Aureille<\/strong>. Alpilles este una dintre marile zone produc\u0103toare de m\u0103sline, cu peste 350.000 de m\u0103slini, al\u0103turi de podgorii bine stabilite \u00een Vall\u00e9e des Baux.<\/p>\n\n\n\n<p class=\"wp-block-paragraph\">Regiunea Alpilles este mai potrivit\u0103 pentru <strong>peisaje mediteraneene de toamn\u0103<\/strong> dec\u00e2t pentru p\u0103duri cu frunzi\u0219 dens colorat, a\u0219a c\u0103 eu a\u0219 alege Verdon sau Mont Ventoux dac\u0103 prioritatea ta sunt p\u0103durile \u00een culori de sezon.<\/p>\n\n\n\n<div style=\"height:25px\" aria-hidden=\"true\" class=\"wp-block-spacer\"><\/div>\n\n\n\n<figure class=\"wp-block-image size-full\"><img loading=\"lazy\" decoding=\"async\" width=\"792\" height=\"294\" src=\"https:\/\/www.the-travel-bunny.com\/ro\/wp-content\/uploads\/sites\/2\/2026\/08\/Mont-Ventoux-Toamna-Provence-Culori-de-Toamna.jpg\" alt=\"Mont Ventoux toamna, cu v\u00e2rful \u0219i turnul de observa\u021bie deasupra versan\u021bilor gola\u0219i, p\u0103durilor \u0219i vegeta\u021biei \u00een culori de sezon din Provence.\" class=\"wp-image-11883\" title=\"\" srcset=\"https:\/\/www.the-travel-bunny.com\/ro\/wp-content\/uploads\/sites\/2\/2026\/08\/Mont-Ventoux-Toamna-Provence-Culori-de-Toamna.jpg 792w, https:\/\/www.the-travel-bunny.com\/ro\/wp-content\/uploads\/sites\/2\/2026\/08\/Mont-Ventoux-Toamna-Provence-Culori-de-Toamna-300x111.jpg 300w, https:\/\/www.the-travel-bunny.com\/ro\/wp-content\/uploads\/sites\/2\/2026\/08\/Mont-Ventoux-Toamna-Provence-Culori-de-Toamna-768x285.jpg 768w\" sizes=\"auto, (max-width: 792px) 100vw, 792px\" \/><figcaption class=\"wp-element-caption\"><em>Mont Ventoux toamna are un aspect auster, cu v\u00e2rful alb \u0219i gola\u0219 ridic\u00e2ndu-se deasupra p\u0103durilor mai \u00eentunecate. Acest peisaj montan arat\u0103 o alt\u0103 fa\u021b\u0103 a culorilor de toamn\u0103 din Provence, modelat\u0103 de altitudine, lumin\u0103 \u0219i priveli\u0219tile larg deschise.<\/em><\/figcaption><\/figure>\n\n\n\n<h4 class=\"wp-block-heading\">Mont Ventoux toamna<\/h4>\n\n\n\n<p class=\"wp-block-paragraph\"><strong>Mont Ventoux toamna aduce o schimbare de sezon mai pronun\u021bat\u0103<\/strong>, pentru c\u0103 altitudinea \u00eenseamn\u0103 temperaturi mai sc\u0103zute \u0219i o vegeta\u021bie mai divers\u0103. Sezonul de toamn\u0103 \u00eencepe aici \u00een septembrie \u0219i continu\u0103 \u00een octombrie. \u00cen aceast\u0103 perioad\u0103, zona cap\u0103t\u0103 culori de sezon \u0219i g\u0103zduie\u0219te <strong><a href=\"https:\/\/en.vaison-ventoux-provence.com\/explore-vaison-ventoux-provence\/our-highlights\/ventoux-saveurs-festival\/\" target=\"_blank\" rel=\"noreferrer noopener\">evenimentele anuale Ventoux Saveurs<\/a><\/strong>.<\/p>\n\n\n\n<p class=\"wp-block-paragraph\">Versan\u021bii mai jo\u0219i \u0219i podgoriile din jur \u00ee\u021bi permit s\u0103 vezi \u0219i \u00eentinderi mari de <strong>vii din Provence toamna<\/strong>, mai ales \u00een zona <strong><a href=\"https:\/\/aoc-ventoux.com\/en\/appellation-aoc-ventoux-en\/\" target=\"_blank\" rel=\"noreferrer noopener\">denumirii AOC Ventoux<\/a><\/strong> \u0219i \u00een regiunile viticole vecine din Valea Ronului. Aici, r\u00e2ndurile de vi\u021b\u0103 pot trece de la verde la galben, portocaliu \u0219i ro\u0219u, cu Mont Ventoux ridic\u00e2ndu-se \u00een fundal. Fotografia cap\u0103t\u0103 astfel at\u00e2t semne clare ale sezonului, c\u00e2t \u0219i un reper geografic imediat recognoscibil.<\/p>\n\n\n\n<p class=\"wp-block-paragraph\">Zona Ventoux este una dintre recomand\u0103rile mele principale dintre <strong>cele mai bune locuri pentru culorile toamnei \u00een sudul Fran\u021bei<\/strong>, dac\u0103 vrei s\u0103 r\u0103m\u00e2i \u00een Provence. Altitudinea, p\u0103durile, viile, satele \u0219i terenurile agricole se afl\u0103 la distan\u021be relativ mici unele de altele, a\u0219a c\u0103 un loc unde frunzi\u0219ul \u00eenc\u0103 nu arat\u0103 grozav nu \u00ee\u021bi compromite \u00eentreaga zi.<\/p>\n\n\n\n<div style=\"height:25px\" aria-hidden=\"true\" class=\"wp-block-spacer\"><\/div>\n\n\n\n<h4 class=\"wp-block-heading\">Culorile de toamn\u0103 din Verdon<\/h4>\n\n\n\n<p class=\"wp-block-paragraph\"><strong>Verdon este locul pe care eu l-a\u0219 alege pentru culori adev\u0103rate de p\u0103dure.<\/strong> Aproximativ 63% din Parc naturel r\u00e9gional du Verdon este acoperit de p\u0103dure, ceea ce \u00eei ofer\u0103 deja un avantaj fa\u021b\u0103 de mare parte din coasta mediteranean\u0103 mai uscat\u0103.<\/p>\n\n\n\n<p class=\"wp-block-paragraph\"><strong>Recomand \u00een mod special traseul Blanc-Martel toamna<\/strong> pentru culorile intense ale copacilor din chei. Traseul se desf\u0103\u0219oar\u0103 \u00eentre Chalet de la Maline, l\u00e2ng\u0103 La Palud-sur-Verdon, \u0219i Couloir Samson, aproape de Rougon, iar vegeta\u021bia de foioase apare pe fundalul pere\u021bilor palizi de calcar \u0219i al apei albastru-verzui a r\u00e2ului Verdon.<\/p>\n\n\n\n<p class=\"wp-block-paragraph\">O excursie la <strong>Gorges du Verdon \u00een octombrie<\/strong> are, a\u0219adar, \u0219anse mult mai mari s\u0103 ofere peisajele de toamn\u0103 care mie \u00eemi lipsesc din copil\u0103rie. Altitudinea mai r\u0103coroas\u0103, suprafe\u021bele \u00eentinse de p\u0103dure, st\u00e2ncile \u0219i apa fac schimbarea de sezon mai u\u0219or de fotografiat dec\u00e2t de-a lungul unei mari p\u0103r\u021bi a coastei din Var.<\/p>\n\n\n\n<p class=\"wp-block-paragraph\"><strong>Verdon toamna<\/strong> are \u0219i un avantaj vizual care nu depinde \u00een \u00eentregime de frunze. R\u00e2ul, pere\u021bii de calcar, p\u0103durile, platourile agricole \u0219i satele creeaz\u0103 contraste puternice de culoare pe tot parcursul anului. C\u00e2nd copacii \u00eencep s\u0103 se coloreze, toamna adaug\u0103 \u00eenc\u0103 un strat imaginii, f\u0103r\u0103 ca \u00eentreaga scen\u0103 s\u0103 depind\u0103 exclusiv de frunzi\u0219.<\/p>\n\n\n\n<p class=\"wp-block-paragraph\">Pentru fotografii care compar\u0103 <strong>unde vezi culori de toamn\u0103 \u00een Provence<\/strong>, eu a\u0219 pune Verdon printre primele op\u021biuni pentru p\u0103duri, Mont Ventoux pentru altitudine \u0219i varietate, iar Luberon pentru combina\u021bia de podgorii, sate \u0219i terenuri agricole. Alpilles merit\u0103 luat \u00een calcul mai ales dac\u0103 preferi peisajele mediteraneene cu accente selective de culoare, nu p\u0103duri dense de foioase.<\/p>\n\n\n\n<p class=\"has-extra-info-background-color has-background wp-block-paragraph\"><strong>Frunzele de toamn\u0103 din Provence pot crea o impresie \u00een\u0219el\u0103toare online.<\/strong> Fotografiile f\u0103cute \u00een Verdon sau \u00een jurul Mont Ventoux pot l\u0103sa impresia c\u0103 \u00eentreaga regiune devine portocalie \u00een octombrie. Dac\u0103 mergi spre sud, c\u0103tre Mediteran\u0103, p\u0103durile de pini, livezile de m\u0103slini, vegeta\u021bia de tuf\u0103ri\u0219 \u0219i plantele afectate de secet\u0103 spun o poveste cu totul diferit\u0103.<\/p>\n\n\n\n<p class=\"wp-block-paragraph\"><strong>Cele mai intense culori de toamn\u0103 din Provence apar, de regul\u0103, \u00een interiorul regiunii \u0219i la altitudini mai mari<\/strong>, mai ales acolo unde p\u0103durile de foioase se \u00eent\u00e2lnesc cu podgorii \u0219i alte terenuri cultivate.<\/p>\n\n\n\n<hr class=\"wp-block-separator has-alpha-channel-opacity is-style-dots\"\/>\n\n\n\n<h3 id=\"nu-acesta-nu-este-sezonul-lavandei-ce-vei-vedea-in-schimb\" class=\"wp-block-heading\">Nu, acesta nu este sezonul lavandei! Ce vei vedea \u00een schimb<\/h3>\n\n\n\n<p class=\"wp-block-paragraph\"><strong>Lavanda nu \u00eenflore\u0219te \u00een Provence toamna.<\/strong> Principala perioad\u0103 de \u00eenflorire este de la jum\u0103tatea lui iunie p\u00e2n\u0103 la \u00eenceputul lui august, cu apogeul de obicei la \u00eenceputul lui iulie \u0219i cu o \u00eenflorire ceva mai t\u00e2rzie la altitudini mai mari. P\u00e2n\u0103 \u00een septembrie, celebrele c\u00e2mpuri mov din Valensole, Plateau d\u2019Albion, Luberon \u0219i Haute-Provence au fost deja recoltate.<\/p>\n\n\n\n<p class=\"wp-block-paragraph\"><strong>Dup\u0103 ce dispare lavanda, Provence pierde \u0219irurile mov care domin\u0103 at\u00e2t de multe fotografii de var\u0103<\/strong>, dar zona rural\u0103 nu r\u0103m\u00e2ne lipsit\u0103 de interes vizual. Schimbarea se vede foarte clar pe Plateau de Valensole. Vara, ma\u0219inile opresc pe marginea drumurilor pentru fotografii, iar r\u00e2ndurile de lavand\u0103 devin destina\u021bia \u00een sine.<\/p>\n\n\n\n<p class=\"wp-block-paragraph\">Toamna, c\u00e2mpurile recoltate din Valensole las\u0103 loc p\u0103m\u00e2ntului gol sau cultivat, cerealelor, migdalilor \u0219i culorilor schimb\u0103toare ale terenurilor agricole. \u00cen noiembrie, Valensole are c\u00e2mpuri arate \u00een nuan\u021be de ocru sub ceruri albastre \u0219i senine, o imagine mult mai lini\u0219tit\u0103 dec\u00e2t spectacolul lavandei din iulie. Merit\u0103 s\u0103 \u0219tii asta \u00eenainte s\u0103 faci un ocol important din Aix-en-Provence sau de pe coast\u0103 a\u0219tept\u00e2ndu-te s\u0103 g\u0103se\u0219ti c\u00e2mpuri mov.<\/p>\n\n\n\n<p class=\"wp-block-paragraph\">\u00cen alte p\u0103r\u021bi ale regiunii, <strong>toamna mut\u0103 aten\u021bia spre podgorii, livezi de m\u0103slini, pomi fructiferi, p\u0103duri, soluri ocru \u0219i terenuri agricole deja recoltate<\/strong>. Frunzele vi\u021bei \u00ee\u0219i schimb\u0103 treptat culoarea \u00een interiorul regiunii, m\u0103slinele r\u0103m\u00e2n pe ramuri \u00eenainte de recoltare, iar c\u00e2mpurile din jurul satelor arat\u0103 partea practic\u0103 a calendarului agricol, nu doar cele c\u00e2teva s\u0103pt\u0103m\u00e2ni care apar cel mai des \u00een fotografii.<\/p>\n\n\n\n<p class=\"wp-block-paragraph\">S-ar putea s\u0103 mai vezi <strong>plante izolate de lavand\u0103 sau tufe s\u0103lbatice \u00een timpul plimb\u0103rilor<\/strong>, pentru c\u0103 lavanda cre\u0219te natural \u00een anumite zone din Provence, pe dealuri calcaroase aflate la aproximativ 500-1.700 de metri altitudine, dar \u0219i pe terenuri cultivate. Totu\u0219i, aceste plante r\u0103zle\u021be sunt foarte diferite de un c\u00e2mp comercial \u00eenflorit care se \u00eentinde pe Plateau de Valensole.<\/p>\n\n\n\n<p class=\"wp-block-paragraph\"><strong>Mai este lavand\u0103 \u00een Provence toamna?<\/strong> Po\u021bi \u00eent\u00e2lni plante izolate, dar <strong>lavanda Provence toamna nu \u00eenseamn\u0103 c\u00e2mpuri mov \u00eenflorite<\/strong>. Dac\u0103 lanurile de lavand\u0103 sunt esen\u021biale pentru c\u0103l\u0103toria ta, vino \u00een iunie sau iulie. Toamna g\u0103se\u0219ti o alt\u0103 versiune a regiunii, cu terenuri recoltate, vii care \u00ee\u0219i schimb\u0103 culoarea, m\u0103sline, castane, ciuperci, p\u0103m\u00e2nt ocru \u0219i sate care au revenit la ritmul obi\u0219nuit al sezonului.<\/p>\n\n\n\n<hr class=\"wp-block-separator has-alpha-channel-opacity\"\/>\n\n\n\n<figure class=\"wp-block-image size-full\"><img loading=\"lazy\" decoding=\"async\" width=\"792\" height=\"990\" src=\"https:\/\/www.the-travel-bunny.com\/ro\/wp-content\/uploads\/sites\/2\/2026\/08\/Calendar-Recolte-Provence-Toamna-Struguri-Masline-Trufe.jpg\" alt=\"Calendar al recoltelor de toamn\u0103 \u00een Provence, cu perioade pentru struguri, m\u0103sline, trufe negre, castane, gutui, ciuperci s\u0103lbatice, \u0219ofran \u0219i vin nou din septembrie p\u00e2n\u0103 \u00een noiembrie.\" class=\"wp-image-11884\" title=\"\" srcset=\"https:\/\/www.the-travel-bunny.com\/ro\/wp-content\/uploads\/sites\/2\/2026\/08\/Calendar-Recolte-Provence-Toamna-Struguri-Masline-Trufe.jpg 792w, https:\/\/www.the-travel-bunny.com\/ro\/wp-content\/uploads\/sites\/2\/2026\/08\/Calendar-Recolte-Provence-Toamna-Struguri-Masline-Trufe-240x300.jpg 240w, https:\/\/www.the-travel-bunny.com\/ro\/wp-content\/uploads\/sites\/2\/2026\/08\/Calendar-Recolte-Provence-Toamna-Struguri-Masline-Trufe-768x960.jpg 768w\" sizes=\"auto, (max-width: 792px) 100vw, 792px\" \/><figcaption class=\"wp-element-caption\"><em>Calendarul recoltelor de toamn\u0103 din Provence \u00eencepe \u00een septembrie cu strugurii, continu\u0103 \u00een octombrie cu castane \u0219i \u0219ofran, iar \u00een noiembrie ajunge la m\u0103sline \u0219i trufe negre. Perioadele exacte difer\u0103 \u00een func\u021bie de altitudine, precipita\u021bii, denumirea de origine \u0219i condi\u021biile locale de cultivare.<\/em><\/figcaption><\/figure>\n\n\n\n<h2 id=\"calendarul-recoltelor-de-toamna-in-provence-vin-trufe-masline-castane-\u0219i-altele\" class=\"wp-block-heading\">Calendarul recoltelor de toamn\u0103 \u00een Provence. Vin, trufe, m\u0103sline, castane \u0219i altele<\/h2>\n\n\n\n<p class=\"wp-block-paragraph\"><strong>Sezonul recoltelor schimb\u0103 Provence mai repede dec\u00e2t o face vremea.<\/strong> Septembrie \u00eencepe cu culesul strugurilor, octombrie aduce castane, gutui, ciuperci, mere \u0219i \u0219ofran, iar p\u00e2n\u0103 \u00een noiembrie culesul m\u0103slinelor este deja \u00een desf\u0103\u0219urare \u00een multe zone \u0219i primele trufe negre de iarn\u0103 reapar \u00een pie\u021be. Succesiunea difer\u0103 \u00een func\u021bie de altitudine, precipita\u021bii, soi \u0219i produc\u0103tor, dar toamna este perioada \u00een care agricultura devine deosebit de vizibil\u0103 \u00een via\u021ba local\u0103 de zi cu zi.<\/p>\n\n\n\n<p class=\"wp-block-paragraph\">Cel mai simplu mod de a \u00een\u021belege recoltele alimentare din Provence este s\u0103 mergi la o pia\u021b\u0103 s\u0103pt\u0103m\u00e2nal\u0103. Toamna, tarabele se umplu treptat cu <strong>struguri Muscat, smochine, mere, castane, gutui, ciuperci, m\u0103sline, miere, br\u00e2nzeturi<\/strong> \u0219i produse f\u0103cute din ceea ce tocmai s-a cules din c\u00e2mpuri \u0219i livezi. Printre alimentele de sezon din regiune g\u0103se\u0219ti \u0219i smochine, gutui, vin \u0219i alte produse locale.<\/p>\n\n\n\n<p class=\"has-extra-info-background-color has-background wp-block-paragraph\"><strong>Ce fructe sunt de sezon \u00een Provence toamna<\/strong> se schimb\u0103 de la o s\u0103pt\u0103m\u00e2n\u0103 la alta. Strugurii \u0219i smochinele apar mai ales la \u00eenceputul sezonului, merele continu\u0103 bine \u00een octombrie, iar gutuile vin ceva mai t\u00e2rziu. La Domaine de la Portani\u00e8re, l\u00e2ng\u0103 Collobri\u00e8res, de exemplu, vizitatorii pot culege opt soiuri de mere \u00een septembrie \u0219i octombrie.<\/p>\n\n\n\n<p class=\"wp-block-paragraph\">Partea din <strong>gastronomia Provence toamna<\/strong> care mi se pare cea mai interesant\u0103 nu vine neap\u0103rat din restaurante. O pung\u0103 cu castane culese \u00een familie, ciuperci aduse acas\u0103 dup\u0103 ploaie, struguri proaspe\u021bi cump\u0103ra\u021bi din pia\u021b\u0103 sau m\u0103sline care se coc \u00eencet \u00een copaci spun mai multe despre calendarul agricol dec\u00e2t un meniu de degustare elaborat cu \u0219ase luni \u00eenainte.<\/p>\n\n\n\n<p class=\"wp-block-paragraph\"><strong>Ce m\u00e2ncare de toamn\u0103 s\u0103 \u00eencerci \u00een Provence<\/strong> depinde, a\u0219adar, de ceea ce este cu adev\u0103rat \u00een sezon \u00een zona unde stai. \u00cen Var, castanele sunt str\u00e2ns legate de Massif des Maures \u0219i Collobri\u00e8res, iar recoltarea lor se \u00eentinde din septembrie p\u00e2n\u0103 \u00een noiembrie. \u00cen jurul Ventoux \u0219i \u00een Vaucluse, florile de \u0219ofran se culeg spre sf\u00e2r\u0219itul lui octombrie, \u00een timp ce recolta de m\u0103sline \u00eencepe adesea mai t\u00e2rziu \u00een toamn\u0103 \u0219i continu\u0103 spre iarn\u0103.<\/p>\n\n\n\n<p class=\"wp-block-paragraph\">Vinul este primul domeniu \u00een care toamna devine vizibil aglomerat\u0103 \u00een Provence. <em>Vendanges<\/em>, culesul strugurilor, \u00eencepe de obicei \u00een septembrie, de\u0219i unele domenii continu\u0103 \u0219i \u00een octombrie, deoarece soiurile ajung la maturitate \u00een momente diferite. Pentru c\u00e2teva s\u0103pt\u0103m\u00e2ni, <strong>podgoriile se umplu de l\u0103zi, tractoare \u0219i activitate \u00een crame<\/strong>, iar oamenii petrec ceva mai pu\u021bin timp poz\u00e2nd l\u00e2ng\u0103 vi\u021b\u0103 dec\u00e2t ar l\u0103sa bro\u0219urile turistice s\u0103 se cread\u0103. Unele crame permit vizitatorilor s\u0103 vad\u0103 o parte din recolt\u0103 prin tururi speciale sau zile de participare, ceea ce \u00ee\u021bi ofer\u0103 <strong>o ocazie rar\u0103 s\u0103 vezi latura agricol\u0103 a vinului provensal<\/strong> \u00eenainte ca totul s\u0103 ajung\u0103 frumos \u00eembuteliat \u0219i etichetat.<\/p>\n\n\n\n<p class=\"wp-block-paragraph\">Tocmai de aceea, cele mai bune <strong>experien\u021be gastronomice \u00een Provence toamna<\/strong> cu m\u00e2ncare \u0219i vin se g\u0103sesc adesea la podgorii, produc\u0103tori, mori \u0219i pie\u021be, nu \u00een s\u0103li de restaurant formale. Po\u021bi gusta must proasp\u0103t \u00een timpul <em>vendanges<\/em>, vizita o moar\u0103 de ulei de m\u0103sline mai t\u00e2rziu \u00een sezon sau cump\u0103ra crem\u0103 de castane la c\u00e2\u021biva kilometri de p\u0103durile unde au fost culese fructele. Astfel de experien\u021be leag\u0103 m\u00e2ncarea de un loc \u0219i de un moment precis al anului, \u00een loc s\u0103 reduc\u0103 Provence la o list\u0103 de preparate.<\/p>\n\n\n\n<p class=\"wp-block-paragraph\"><strong>Buc\u0103t\u0103ria Provence toamna<\/strong> devine \u0219i mai consistent\u0103 odat\u0103 cu \u00eenaintarea sezonului. La \u00eenceputul toamnei \u00eenc\u0103 apar ro\u0219ii, ierburi aromatice, fructe \u0219i preparate la gr\u0103tar r\u0103mase din ritmul verii, dar s\u0103pt\u0103m\u00e2nile urm\u0103toare aduc <strong>ciuperci, castane, dovleac, v\u00e2nat \u00een unele restaurante, sosuri mai consistente, ulei de m\u0103sline \u0219i, \u00een cele din urm\u0103, trufe<\/strong>. Schimbarea este treptat\u0103, \u00eenc\u0103 un motiv pentru care mesele din septembrie \u0219i cele din noiembrie pot ar\u0103ta foarte diferit, de\u0219i ambele apar\u021bin aceluia\u0219i sezon.<\/p>\n\n\n\n<p class=\"has-extra-info-background-color has-background wp-block-paragraph\"><strong>Nu ignora \u0219ofranul.<\/strong> Se cultiv\u0103 \u0219i \u00een cantonul \u00een care locuiesc eu, iar \u00een Provence-Alpes-C\u00f4te d&#8217;Azur perioada principal\u0103 de recoltare vine spre sf\u00e2r\u0219itul lui octombrie. Florile de <em>Crocus sativus<\/em> sunt culese manual diminea\u021ba devreme, \u00eenainte s\u0103 se deterioreze. Apoi stigmatele sunt separate \u0219i uscate, ceea ce explic\u0103 destul de bine de ce o cantitate minuscul\u0103 cost\u0103 at\u00e2t de mult.<\/p>\n\n\n\n<p class=\"wp-block-paragraph\"><strong>Experien\u021bele culinare \u00een Provence toamna<\/strong> devin \u0219i mai interesante atunci c\u00e2nd un sat organizeaz\u0103 un eveniment \u00een jurul unei recolte. Am fost la <strong><a href=\"https:\/\/www.the-travel-bunny.com\/ro\/vizita-cotignac-ghid-turistic-provence\/\" data-type=\"post\" data-id=\"10592\">s\u0103rb\u0103toarea gutuii din Cotignac<\/a><\/strong>, unde un fruct pe care majoritatea oamenilor \u00eel cump\u0103r\u0103 rar prime\u0219te o zi \u00eentreag\u0103 de aten\u021bie. <strong>\u00cen jurul Collobri\u00e8res, festivalurile castanelor<\/strong> domin\u0103 calendarul. Oamenii vin pentru fructe, produc\u0103tori \u0219i festivalul \u00een sine, iar ceva ce \u00een mod normal se culege prin dealuri devine brusc principalul motiv pentru care satul se umple de lume.<\/p>\n\n\n\n<p class=\"wp-block-paragraph\"><strong>Restaurantele din Provence toamna<\/strong> reflect\u0103 \u0219i ele o parte din aceast\u0103 schimbare de sezon, de\u0219i programele devin mai pu\u021bin previzibile dup\u0103 sf\u00e2r\u0219itul verii. <strong>Eu acord mai mult\u0103 aten\u021bie preparatelor zilei, meniurilor mai scurte \u0219i felurilor sezoniere<\/strong> cu ciuperci, castane, v\u00e2nat, dovleac sau trufe spre sf\u00e2r\u0219itul toamnei. Un meniu redus nu este neap\u0103rat un dezavantaj dac\u0103 buc\u0103t\u0103ria folose\u0219te ceea ce exist\u0103 local, \u00een loc s\u0103 p\u0103streze din iner\u021bie meniul de var\u0103.<\/p>\n\n\n\n<p class=\"wp-block-paragraph\"><strong>Ce s\u0103 m\u0103n\u00e2nci \u00een Provence toamna<\/strong> \u021bine mai pu\u021bin de g\u0103sirea unui singur preparat celebru \u0219i mai mult de urm\u0103rirea calendarului. \u00cencepe cu struguri, smochine \u0219i primele produse ale recoltei. Continu\u0103 cu castane, gutui, ciuperci, mere \u0219i \u0219ofran. \u00cencheie cu m\u0103sline \u0219i revenirea trufelor negre de iarn\u0103. Provence respect\u0103 foarte bine sezonalitatea, iar dovada se vede \u00een l\u0103zile din pie\u021be, \u00een podgorii, livezi \u0219i p\u0103duri \u0219i, uneori destul de incomod, \u00een lucrurile care \u00eencep s\u0103 cad\u0103 chiar \u00een propria gr\u0103din\u0103.<\/p>\n\n\n\n<div style=\"height:25px\" aria-hidden=\"true\" class=\"wp-block-spacer\"><\/div>\n\n\n\n<figure class=\"wp-block-image size-full\"><img loading=\"lazy\" decoding=\"async\" width=\"792\" height=\"294\" src=\"https:\/\/www.the-travel-bunny.com\/ro\/wp-content\/uploads\/sites\/2\/2026\/08\/Vendange-Provence-Recolta-Strugurilor-Podgorii-Toamna.jpg\" alt=\"Culesul strugurilor \u00een Provence toamna, cu l\u0103zi pline de struguri ro\u0219ii proasp\u0103t recolta\u021bi \u0219i lucr\u0103tori printre r\u00e2ndurile unei podgorii.\" class=\"wp-image-11885\" title=\"\" srcset=\"https:\/\/www.the-travel-bunny.com\/ro\/wp-content\/uploads\/sites\/2\/2026\/08\/Vendange-Provence-Recolta-Strugurilor-Podgorii-Toamna.jpg 792w, https:\/\/www.the-travel-bunny.com\/ro\/wp-content\/uploads\/sites\/2\/2026\/08\/Vendange-Provence-Recolta-Strugurilor-Podgorii-Toamna-300x111.jpg 300w, https:\/\/www.the-travel-bunny.com\/ro\/wp-content\/uploads\/sites\/2\/2026\/08\/Vendange-Provence-Recolta-Strugurilor-Podgorii-Toamna-768x285.jpg 768w\" sizes=\"auto, (max-width: 792px) 100vw, 792px\" \/><figcaption class=\"wp-element-caption\"><em>Vendange transform\u0103 r\u00e2ndurile de vi\u021b\u0103 \u00een centrul activit\u0103\u021bii, cu oameni care culeg rapid \u0219i l\u0103zi care se umplu cu struguri. Recolta strugurilor \u00een Provence este unul dintre cele mai clare semne c\u0103 podgoriile din Provence au intrat \u00een cea mai animat\u0103 perioad\u0103 a toamnei.<\/em><\/figcaption><\/figure>\n\n\n\n<h3 class=\"wp-block-heading\">Vendange \u00een Provence. C\u00e2nd \u0219i unde po\u021bi vedea culesul strugurilor<\/h3>\n\n\n\n<p class=\"wp-block-paragraph\">Am v\u0103zut de mai multe ori cum \u00eencepe sezonul recoltelor prin Provence, de\u0219i eu \u00eenc\u0103 nu am participat la o <em>vendange<\/em>. <strong>Culesul viilor \u00een Provence<\/strong> se observ\u0103 mai \u00eent\u00e2i pe drumuri. Tractoarele apar \u00eentre sate, remorcile transport\u0103 strugurii spre crame, iar podgorii care cu o s\u0103pt\u0103m\u00e2n\u0103 \u00eenainte p\u0103reau neatinse au dintr-odat\u0103 r\u00e2nduri deja culese.<\/p>\n\n\n\n<p class=\"has-extra-info-background-color has-background wp-block-paragraph\"><strong>\u00cen timpul culesului strugurilor \u00een Provence<\/strong>, podgoriile sunt mult mai animate dec\u00e2t de obicei, cu echipe la lucru, l\u0103zi care se umplu \u0219i struguri care ajung rapid \u00een cram\u0103, \u00een timp ce sala de degustare trece clar pe plan secund.<\/p>\n\n\n\n<p class=\"wp-block-paragraph\"><strong>Sezonul pentru recolta strugurilor \u00een Provence \u00eencepe de obicei de la sf\u00e2r\u0219itul lui august \u0219i continu\u0103 \u00een septembrie<\/strong>, dar nu exist\u0103 o dat\u0103 comun\u0103 pentru \u00eentreaga regiune. Soiurile care se coc mai t\u00e2rziu \u0219i anumite parcele pot \u021bine echipele ocupate p\u00e2n\u0103 \u00een octombrie \u00een unii ani. Soiul de strugure, altitudinea, expunerea, c\u0103ldura din timpul verii, precipita\u021biile \u0219i stilul de vin influen\u021beaz\u0103 toate momentul recolt\u0103rii. A\u0219adar, <strong>c\u00e2nd \u00eencepe recolta strugurilor \u00een Provence<\/strong> difer\u0103 de la un domeniu la altul.<\/p>\n\n\n\n<p class=\"wp-block-paragraph\">\u0218i <strong>c\u00e2nd \u00eencepe culesul viilor \u00een Provence<\/strong> difer\u0103 \u00eentre denumirile de origine. Mourv\u00e8dre, soiul emblematic din Bandol, de exemplu, se coace t\u00e2rziu. Are nevoie de timp pentru a ajunge la maturitate deplin\u0103, iar soarele, influen\u021ba m\u0103rii, solurile \u0219i v\u00e2nturile dominante ale denumirii Bandol \u00eel ajut\u0103 s\u0103 ajung\u0103 acolo.<\/p>\n\n\n\n<p class=\"wp-block-paragraph\">Asta explic\u0103 \u0219i <strong>c\u00e2t dureaz\u0103 culesul strugurilor, vendange, \u00een Provence<\/strong>. Un domeniu mare rareori recolteaz\u0103 toate parcelele \u00een aceea\u0219i diminea\u021b\u0103. Soiurile \u0219i terenurile diferite ating maturitatea dorit\u0103 \u00een momente diferite. La Ch\u00e2teauneuf-du-Pape, de exemplu, \u00een 2020 primii struguri albi au fost cule\u0219i \u00een a treia s\u0103pt\u0103m\u00e2n\u0103 din august, iar recolta a continuat p\u00e2n\u0103 la jum\u0103tatea lui octombrie. A fost un singur an, nu un calendar de reutilizat \u00een fiecare sezon, dar arat\u0103 c\u00e2t de mult se poate prelungi uneori procesul.<\/p>\n\n\n\n<p class=\"has-extra-info-background-color has-background wp-block-paragraph\"><strong>Perioada \u00een care are loc vendange \u00een Provence<\/strong> este cel mai u\u0219or de prins \u00een septembrie, mai ales \u00eentr-o c\u0103l\u0103torie de mai multe zile. La \u00eenceputul lunii ai \u0219anse bune s\u0103 g\u0103se\u0219ti domenii care abia \u00eencep recoltarea. La jum\u0103tatea lui septembrie e\u0219ti, de regul\u0103, chiar \u00een plin\u0103 activitate, iar spre sf\u00e2r\u0219itul lunii \u00eenc\u0103 exist\u0103 multe posibilit\u0103\u021bi, mai ales la propriet\u0103\u021bile care cultiv\u0103 mai multe soiuri sau au parcele mai \u00eenalte \u0219i mai r\u0103coroase.<\/p>\n\n\n\n<p class=\"wp-block-paragraph\"><strong>Cea mai bun\u0103 perioad\u0103 pentru a vedea culesul strugurilor \u00een Provence este, a\u0219adar, aproximativ \u00een primele trei s\u0103pt\u0103m\u00e2ni din septembrie<\/strong>, cu suficient\u0103 flexibilitate \u00een program. Eu nu mi-a\u0219 organiza \u00eentreaga vacan\u021b\u0103 \u00een jurul unei singure date de recoltare estimate cu luni \u00eenainte. Strugurii au obiceiul enervant de a se coace dup\u0103 vreme, nu dup\u0103 rezerv\u0103rile la hotel.<\/p>\n\n\n\n<p class=\"wp-block-paragraph\">Ca s\u0103 verifici <strong>c\u00e2nd are loc culesul strugurilor \u00een Provence<\/strong> la o anumit\u0103 cram\u0103, consult\u0103 calendarul domeniului cu pu\u021bin timp \u00eenainte de vizit\u0103. Evenimentele legate de recolt\u0103 au loc \u00een func\u021bie de maturitatea strugurilor, \u0219i pe bun\u0103 dreptate. Un telefon sau un e-mail trimis domeniului cu c\u00e2teva zile \u00eenainte \u00ee\u021bi ofer\u0103 o imagine mult mai corect\u0103 dec\u00e2t presupunerea c\u0103 datele de anul trecut se repet\u0103 automat.<\/p>\n\n\n\n<p class=\"wp-block-paragraph\"><strong>Unde vezi culesul strugurilor \u00een Provence<\/strong> depinde de stilul de vin \u0219i de peisajele pe care le cau\u021bi. Principala familie Vins de Provence include C\u00f4tes de Provence, Coteaux d\u2019Aix-en-Provence \u0219i Coteaux Varois en Provence.<\/p>\n\n\n\n<p class=\"wp-block-paragraph\">Regiunea viticol\u0103 pentru care este cunoscut\u0103 Provence depinde \u0219i de c\u00e2t de strict folose\u0219ti termenul <em>regiune<\/em>, dar <strong>AOC C\u00f4tes de Provence este numele pe care cei mai mul\u021bi vizitatori interna\u021bionali \u00eel asociaz\u0103 cu vinurile provensale<\/strong>. Denumirea cuprinde mai multe terroir-uri distincte, printre care Sainte-Victoire, Fr\u00e9jus, La Londe, Pierrefeu \u0219i Notre-Dame des Anges, a\u0219a c\u0103 un <strong>drum al vinului prin Provence<\/strong> se schimb\u0103 vizibil de la o zon\u0103 la alta chiar \u0219i \u00een interiorul C\u00f4tes de Provence.<\/p>\n\n\n\n<p class=\"wp-block-paragraph\">Printre <strong>cele mai bune regiuni viticole de vizitat \u00een Provence toamna<\/strong>, eu a\u0219 include \u0219i Bandol, Alpilles \u00een jurul AOP Les Baux-de-Provence, zona Ventoux \u0219i Ch\u00e2teauneuf-du-Pape dac\u0103 traseul t\u0103u ajunge p\u00e2n\u0103 \u00een Vaucluse. (Ch\u00e2teauneuf-du-Pape apar\u021bine regiunii viticole sudice a Ronului, dar geografic \u0219i cultural e\u0219ti tot \u00een Provence.)<\/p>\n\n\n\n<p class=\"wp-block-paragraph\">Exist\u0103 o diferen\u021b\u0103 real\u0103 \u00eentre a rezerva <strong>tururi de vin \u00een Provence<\/strong> \u00eentr-o perioad\u0103 obi\u0219nuit\u0103 \u0219i a vizita podgoriile \u00een timpul recoltei. La o degustare normal\u0103 vezi, de regul\u0103, rutina obi\u0219nuit\u0103 din cram\u0103 \u0219i vinuri deja terminate. <strong>Tururile prin podgoriile din Provence \u00een timpul culesului strugurilor<\/strong> pot include sortarea \u00een plin\u0103 desf\u0103\u0219urare, rezervoare cu vin aflat \u00een fermenta\u021bie, must proasp\u0103t, utilaje de recoltare \u0219i angaja\u021bi ocupa\u021bi cu munca lor real\u0103. Ultimul detaliu merit\u0103 pu\u021bin respect. Septembrie este interesant tocmai pentru c\u0103 oamenii din crame lucreaz\u0103.<\/p>\n\n\n\n<p class=\"wp-block-paragraph\">Cei care vor un <strong>ghid pentru participare la culesul viilor \u00een Provence<\/strong>, nu doar s\u0103 priveasc\u0103 de la marginea unei podgorii, au o op\u021biune bun\u0103 \u00een Vaucluse. Aceast\u0103 experien\u021b\u0103 de recoltare dureaz\u0103 trei ore \u0219i include culesul strugurilor, zdrobirea lor cu picioarele \u00een butoaie mari de stejar, explica\u021bii despre diferen\u021bele dintre soiurile \u0219i vinurile locale, apoi br\u00e2nzeturi, p\u00e2t\u00e9, mezeluri, vin ro\u0219u, ulei de m\u0103sline \u0219i ulei cu trufe. Datele sunt disponibile \u00een septembrie, dac\u0103 vremea permite, iar rezervarea cu cel pu\u021bin o s\u0103pt\u0103m\u00e2n\u0103 \u00eenainte este recomandat\u0103. <strong><a href=\"https:\/\/getyourguide.tpx.lv\/qWe5oddJ\" target=\"_blank\" rel=\"noreferrer noopener sponsored\">Rezerv\u0103 experien\u021ba de cules al strugurilor \u00een Provence<\/a><\/strong><\/p>\n\n\n\n<div data-gyg-href=\"https:\/\/widget.getyourguide.com\/default\/availability.frame\" data-gyg-tour-id=\"57415\" data-gyg-locale-code=\"en-US\" data-gyg-currency=\"EUR\" data-gyg-widget=\"availability\" data-gyg-variant=\"horizontal\" data-gyg-partner-id=\"4YUCECT\" data-gyg-cmp=\"Provence_autumn\"><span>Powered by <a target=\"_blank\" rel=\"sponsored noopener\" href=\"https:\/\/www.getyourguide.com\/provence-l32433\/\">GetYourGuide<\/a><\/span><\/div>\n\n\n\n<p class=\"wp-block-paragraph\">Aceasta este varianta rezonabil\u0103 dac\u0103 vrei s\u0103 participi la recolt\u0103 ca turist. Rezerv\u0103 o activitate organizat\u0103 de produc\u0103tori sau \u00eempreun\u0103 cu ei, \u00een loc s\u0103 apari la marginea unei vii \u0219i s\u0103 speri c\u0103 entuziasmul t\u0103u se calific\u0103 drept experien\u021b\u0103 agricol\u0103. Culesul este o munc\u0103 fizic\u0103, desf\u0103\u0219urat\u0103 contra cronometru, iar podgoriile sunt propriet\u0103\u021bi private.<\/p>\n\n\n\n<p class=\"wp-block-paragraph\"><strong>Cele mai bune podgorii de vizitat \u00een Provence toamna \u00een timpul recoltei<\/strong> sunt cele care anun\u021b\u0103 clar vizite de <em>vendange<\/em>, tururi ale cramei sau evenimente de recoltare pentru perioada \u00een care vii. De exemplu, <strong><a href=\"https:\/\/provence-alpes-cotedazur.com\/que-faire\/activites\/atelier-vendanges-et-biodynamie-avec-le-chateau-pesquie-mormoiron-fr-2872230\/\" target=\"_blank\" rel=\"noreferrer noopener\">Ch\u00e2teau Pesqui\u00e9<\/a><\/strong> <strong>\u0219i<\/strong> <strong><a href=\"https:\/\/www.provenceguide.com\/fetes-et-manifestations\/mont-ventoux\/vendangeur-dun-jour-domaine-fontaine-du-clos\/provence-5697901-1.html\" target=\"_blank\" rel=\"noreferrer noopener\">Domaine Fontaine du Clos<\/a><\/strong> au programe de recoltare confirmate pentru 2026. Din punct de vedere practic, asta le ofer\u0103 un avantaj fa\u021b\u0103 de un domeniu celebru care propune doar degustarea obi\u0219nuit\u0103, \u00een timp ce toat\u0103 lumea din spatele u\u0219ii cramei este prea ocupat\u0103 pentru conversa\u021bii.<\/p>\n\n\n\n<p class=\"wp-block-paragraph\">C\u00e2nd alegi <strong>cele mai bune podgorii de vizitat \u00een Provence toamna<\/strong> \u00een afara s\u0103pt\u0103m\u00e2nilor de v\u00e2rf ale recolt\u0103rii, verific\u0103 zilele de deschidere, dac\u0103 rezervarea este obligatorie, limbile disponibile \u0219i tipul de vizit\u0103. Unele domenii continu\u0103 degust\u0103rile normale pe toat\u0103 durata recolt\u0103rii, \u00een timp ce altele reduc accesul vizitatorilor pentru c\u0103 fiecare pereche de m\u00e2ini este necesar\u0103 \u00een alt\u0103 parte.<\/p>\n\n\n\n<p class=\"has-extra-info-background-color has-background wp-block-paragraph\"><strong>O degustare de vinuri \u00een Provence toamna, \u00een timpul recoltei, devine deosebit de interesant\u0103<\/strong> dac\u0103 po\u021bi gusta must sau vin aflat \u00eenc\u0103 \u00een fermenta\u021bie. Vinul finit \u00ee\u021bi arat\u0103 rezultatul unei recolte anterioare. Mustul \u00een fermenta\u021bie \u00ee\u021bi arat\u0103 recolta actual\u0103 la jum\u0103tatea drumului spre vin, \u00eentr-o versiune mai tulbure, mai dezordonat\u0103 \u0219i mult mai pu\u021bin lustruit\u0103.<\/p>\n\n\n\n<p class=\"wp-block-paragraph\">P\u00e2n\u0103 \u00een octombrie, <strong>degust\u0103rile de vinuri \u00een Provence toamna<\/strong> devin mai lini\u0219tite la multe domenii, chiar dac\u0103 \u00een crame activitatea continu\u0103. Este o perioad\u0103 bun\u0103 pentru <strong>turism vinicol \u00een Provence<\/strong> dac\u0103 te intereseaz\u0103 mai pu\u021bin s\u0103 vezi culesul propriu-zis \u0219i preferi conversa\u021bii mai lungi, s\u0103li de degustare mai lini\u0219tite \u0219i vii care \u00eencep s\u0103-\u0219i schimbe culoarea.<\/p>\n\n\n\n<p class=\"has-extra-info-background-color has-background wp-block-paragraph\"><strong>Este luna octombrie potrivit\u0103 pentru vizitat crame \u00een Provence?<\/strong> Da. Octombrie este excelent pentru peisajele viticole \u0219i degust\u0103ri, dar ofer\u0103 mai pu\u021bine garan\u021bii dec\u00e2t septembrie c\u0103 vei vedea culesul \u00een plin\u0103 desf\u0103\u0219urare. Unele recolte continu\u0103 \u0219i \u00een octombrie, \u00een timp ce la alte domenii toat\u0103 activitatea s-a mutat deja \u00een cram\u0103.<\/p>\n\n\n\n<p class=\"wp-block-paragraph\"><strong>Tururile de vin \u00een Provence toamna<\/strong> sunt \u0219i mai u\u0219or de personalizat dup\u0103 ce scade num\u0103rul vizitatorilor din timpul verii. O jum\u0103tate de zi cu unul sau dou\u0103 domenii \u00ee\u021bi las\u0103 suficient timp la fiecare oprire. Patru sau cinci crame \u00eentr-o singur\u0103 zi \u00eei ofer\u0103 \u00een schimb \u0219oferului desemnat o cunoa\u0219tere neobi\u0219nuit de detaliat\u0103 a parc\u0103rilor din regiune.<\/p>\n\n\n\n<div data-gyg-href=\"https:\/\/widget.getyourguide.com\/default\/activities.frame\" data-gyg-locale-code=\"en-US\" data-gyg-widget=\"activities\" data-gyg-number-of-items=\"3\" data-gyg-cmp=\"Provence_autumn\" data-gyg-partner-id=\"4YUCECT\" data-gyg-q=\"provence wine tours\"><span>Powered by <a target=\"_blank\" rel=\"sponsored noopener\" href=\"https:\/\/www.getyourguide.com\/\">GetYourGuide<\/a><\/span><\/div>\n\n\n\n<div style=\"height:10px\" aria-hidden=\"true\" class=\"wp-block-spacer\"><\/div>\n\n\n\n<div style=\"height:25px\" aria-hidden=\"true\" class=\"wp-block-spacer\"><\/div>\n\n\n\n<h4 class=\"wp-block-heading\">Bandol toamna<\/h4>\n\n\n\n<p class=\"wp-block-paragraph\">\u00cen opinia mea, Bandol este o destina\u021bie care merit\u0103 urm\u0103rit\u0103 \u00eendeaproape. Un tur dedicat <strong>recoltei strugurilor \u00een Bandol<\/strong> te duce din ora\u0219ul de pe litoral spre interior, la podgoriile din jurul localit\u0103\u021bilor La Cadi\u00e8re-d\u2019Azur, Le Castellet, Le Beausset, Saint-Cyr-sur-Mer \u0219i comunele \u00eenvecinate.<\/p>\n\n\n\n<p class=\"wp-block-paragraph\"><strong>Recolta pentru vinurile ros\u00e9 din Bandol<\/strong> \u00eencepe odat\u0103 cu acelea\u0219i <em>vendanges<\/em> ca pentru vinurile ro\u0219ii \u0219i albe ale denumirii. C\u00e2\u021biva viticultori \u00eencep culesul manual \u00eenc\u0103 de la sf\u00e2r\u0219itul lui august, dar <strong>septembrie este principala lun\u0103 pentru recolt\u0103<\/strong>. Mourv\u00e8dre, soiul cel mai str\u00e2ns asociat cu Bandol, se coace t\u00e2rziu \u0219i intr\u0103 at\u00e2t \u00een compozi\u021bia vinurilor ros\u00e9, c\u00e2t \u0219i a celor ro\u0219ii, a\u0219a c\u0103 viticultorii a\u0219teapt\u0103 ca fiecare parcel\u0103 s\u0103 ating\u0103 maturitatea dorit\u0103 \u00een loc s\u0103 culeag\u0103 totul deodat\u0103.<\/p>\n\n\n\n<p class=\"wp-block-paragraph\"><strong>Bandol toamna<\/strong> arat\u0103 \u0219i foarte diferit fa\u021b\u0103 de plin sezon estival. Viile cap\u0103t\u0103 nuan\u021be ro\u0219iatice, iar zona viticol\u0103 din jur combin\u0103 terase cultivate, dealuri joase \u0219i Mediterana aflat\u0103 \u00een apropiere.<\/p>\n\n\n\n<p class=\"has-extra-info-background-color has-background wp-block-paragraph\">Pentru <strong>degustare de vinuri \u00een Bandol \u00een sezonul de toamn\u0103<\/strong>, exist\u0103 \u0219i o variant\u0103 simpl\u0103 dac\u0103 nu vrei s\u0103 organizezi vizite la mai multe domenii. Oenoth\u00e8que des Vins de Bandol din ora\u0219 reune\u0219te vinuri de la produc\u0103tori din \u00eentreaga denumire \u0219i ofer\u0103 degust\u0103ri \u0219i v\u00e2nzare. Este un loc util pentru a compara domeniile \u00eenainte s\u0103 hot\u0103r\u0103\u0219ti \u00een ce direc\u021bie pleci mai departe cu ma\u0219ina.<\/p>\n\n\n\n<div style=\"height:25px\" aria-hidden=\"true\" class=\"wp-block-spacer\"><\/div>\n\n\n\n<h4 class=\"wp-block-heading\">Podgoriile din Alpilles toamna<\/h4>\n\n\n\n<p class=\"wp-block-paragraph\">Mai spre vest, Alpilles ofer\u0103 una dintre cele mai reu\u0219ite combina\u021bii pentru un traseu cu ma\u0219ina, cu vii, livezi de m\u0103slini, calcar \u0219i sate. <strong><a href=\"https:\/\/www.lesbauxdeprovence.com\/decouvrir\/art-de-vivre\/terroir\/\" target=\"_blank\" rel=\"noreferrer noopener\">AOP Les Baux-de-Provence<\/a><\/strong> acoper\u0103 277 de hectare \u0219i 12 domenii, iar \u00eentreaga suprafa\u021b\u0103 cultivat\u0103 este ecologic\u0103 \u00eencep\u00e2nd cu recolta din 2023.<\/p>\n\n\n\n<p class=\"wp-block-paragraph\">Pentru <strong>trasee rutiere prin podgoriile din Alpilles \u00een timpul recoltei<\/strong>, eu mi-a\u0219 construi ziua \u00een jurul localit\u0103\u021bilor Saint-R\u00e9my-de-Provence, Les Baux-de-Provence, Maussane-les-Alpilles \u0219i Mouri\u00e8s, apoi a\u0219 rezerva unul sau dou\u0103 domenii \u00een loc s\u0103 opresc oriunde apare o vie l\u00e2ng\u0103 drum. Vehiculele folosite la recolt\u0103 au nevoie de acces, iar drumurile \u00eenguste din Provence au deja suficient\u0103 personalitate f\u0103r\u0103 ca cineva s\u0103 parcheze creativ l\u00e2ng\u0103 un tractor.<\/p>\n\n\n\n<div style=\"height:25px\" aria-hidden=\"true\" class=\"wp-block-spacer\"><\/div>\n\n\n\n<figure class=\"wp-block-image size-full\"><img loading=\"lazy\" decoding=\"async\" width=\"792\" height=\"294\" src=\"https:\/\/www.the-travel-bunny.com\/ro\/wp-content\/uploads\/sites\/2\/2026\/08\/Chateauneuf-du-Pape-Toamna-Podgorii-Provence-Castel.jpg\" alt=\"Ch\u00e2teauneuf-du-Pape toamna, cu ruinele castelului medieval \u00eenconjurate de podgorii \u0219i arbori \u00een nuan\u021be aurii \u0219i ruginii din Provence.\" class=\"wp-image-11886\" title=\"\" srcset=\"https:\/\/www.the-travel-bunny.com\/ro\/wp-content\/uploads\/sites\/2\/2026\/08\/Chateauneuf-du-Pape-Toamna-Podgorii-Provence-Castel.jpg 792w, https:\/\/www.the-travel-bunny.com\/ro\/wp-content\/uploads\/sites\/2\/2026\/08\/Chateauneuf-du-Pape-Toamna-Podgorii-Provence-Castel-300x111.jpg 300w, https:\/\/www.the-travel-bunny.com\/ro\/wp-content\/uploads\/sites\/2\/2026\/08\/Chateauneuf-du-Pape-Toamna-Podgorii-Provence-Castel-768x285.jpg 768w\" sizes=\"auto, (max-width: 792px) 100vw, 792px\" \/><figcaption class=\"wp-element-caption\"><em>Ch\u00e2teauneuf-du-Pape toamna cap\u0103t\u0103 nuan\u021be aurii \u00een vii \u0219i lumin\u0103 cald\u0103, \u00eentr-unul dintre cele mai recognoscibile peisaje viticole din Provence. Ruinele de pe deal \u0219i podgoriile din jur fac din aceast\u0103 zon\u0103 o oprire bun\u0103 pentru degustare de vinuri \u00een Ch\u00e2teauneuf-du-Pape toamna \u0219i pentru culorile de sezon din Provence.<\/em><\/figcaption><\/figure>\n\n\n\n<h4 id=\"chateauneuf-du-pape-in-autumn\" class=\"wp-block-heading\">Ch\u00e2teauneuf-du-Pape in autumn<\/h4>\n\n\n\n<p class=\"wp-block-paragraph\"><strong>Ch\u00e2teauneuf-du-Pape toamna<\/strong> ofer\u0103 o experien\u021b\u0103 viticol\u0103 complet diferit\u0103. <strong><a href=\"https:\/\/syndicat-cotesdeprovence.com\/aoc\/\" target=\"_blank\" rel=\"noreferrer noopener\">AOC<\/a><\/strong> acoper\u0103 3.150 de hectare \u00een Ch\u00e2teauneuf-du-Pape, B\u00e9darrides, Courth\u00e9zon, Orange \u0219i Sorgues, cu o produc\u021bie format\u0103 din aproximativ 93% vin ro\u0219u \u0219i 7% vin alb. Calendarul oficial pentru 2026 include <strong><a href=\"https:\/\/www.chateauneuf.com\/agenda\/le-grand-banquet-des-vendanges\/\" target=\"_blank\" rel=\"noreferrer noopener\">Grand Banquet des Vendanges<\/a><\/strong> pe 4 septembrie, iar evenimentele dedicate vinului continu\u0103 \u0219i \u00een octombrie.<\/p>\n\n\n\n<p class=\"wp-block-paragraph\">O vizit\u0103 la Ch\u00e2teauneuf-du-Pape toamna este util\u0103 dac\u0103 vrei s\u0103 <strong>compari podgoriile din Provence, dominate de ros\u00e9, cu tradi\u021bia vinurilor ro\u0219ii din sudul V\u0103ii Ronului<\/strong>. Diferen\u021ba se simte imediat \u00een pahar. Traseul r\u0103m\u00e2ne \u0219i coerent din punct de vedere geografic, pentru c\u0103 Ch\u00e2teauneuf-du-Pape se afl\u0103 \u00een Vaucluse, \u00eentre Avignon, Orange, Ron \u0219i Mont Ventoux.<\/p>\n\n\n\n<p class=\"wp-block-paragraph\"><strong>Degustarea vinurilor din Ch\u00e2teauneuf-du-Pape toamna<\/strong> este u\u0219or de organizat dup\u0103 \u00eencheierea culesului propriu-zis. Mai multe domenii p\u0103streaz\u0103 program de toamn\u0103 \u0219i ofer\u0103 degust\u0103ri la proprietate \u0219i experien\u021be de turism vinicol.<\/p>\n\n\n\n<div style=\"height:25px\" aria-hidden=\"true\" class=\"wp-block-spacer\"><\/div>\n\n\n\n<h4 class=\"wp-block-heading\">Beaujolais Nouveau 2026 e joi, 19 noiembrie<\/h4>\n\n\n\n<p class=\"wp-block-paragraph\"><strong>Ziua Beaujolais Nouveau este una dintre acele tradi\u021bii viticole franceze care au dep\u0103\u0219it grani\u021bele propriei regiuni \u0219i au devenit un ritual na\u021bional.<\/strong> Din anii 1950, lansarea primului Beaujolais al anului a crescut p\u00e2n\u0103 la dimensiunea unui eveniment interna\u021bional, iar Beaujolais Nouveau reprezint\u0103 ast\u0103zi peste 20% din produc\u021bia podgoriilor din regiune. Vinul este un <em>vin primeur<\/em>, produs din struguri Gamay recolta\u021bi \u00een acela\u0219i an \u0219i lansat la doar c\u00e2teva s\u0103pt\u0103m\u00e2ni dup\u0103 cules. Este f\u0103cut s\u0103 fie <strong>t\u00e2n\u0103r, fructat, simplu \u0219i potrivit pentru b\u0103ut \u00eempreun\u0103 cu al\u021bii<\/strong>.<\/p>\n\n\n\n<p class=\"wp-block-paragraph\"><strong>Beaujolais Nouveau apare \u00eentotdeauna \u00een a treia zi de joi din noiembrie<\/strong>, care \u00een 2026 cade pe 19 noiembrie. Data este stabilit\u0103 prin reglement\u0103rile franceze \u00eenc\u0103 din 1985, iar vinul provine exclusiv din Beaujolais \u0219i Beaujolais-Villages, mult la nord de Provence, dar momentul este marcat \u00een toat\u0103 Fran\u021ba. Magazinele de vin pun sticlele la vedere, restaurantele organizeaz\u0103 seri \u00een jurul lans\u0103rii, iar familiile \u0219i grupurile de prieteni folosesc ocazia ca motiv s\u0103 deschid\u0103 mai multe etichete \u0219i s\u0103 le compare.<\/p>\n\n\n\n<p class=\"wp-block-paragraph\">\u00cen familia noastr\u0103, <strong>ziua Beaujolais Nouveau<\/strong> a devenit una dintre micile tradi\u021bii anuale care marcheaz\u0103 sf\u00e2r\u0219itul toamnei. \u00cenainte s\u0103 avem un copil mic alerg\u00e2nd prin jur, ie\u0219eam la un restaurant din zon\u0103. Acum g\u0103zduie\u0219te cineva acas\u0103, ceea ce este considerabil mai simplu cu un copil mic care nu manifest\u0103 niciun interes pentru discu\u021bii despre Gamay.<\/p>\n\n\n\n<p class=\"wp-block-paragraph\">Eu nu mi-a\u0219 organiza o c\u0103l\u0103torie viticol\u0103 \u00een Provence \u00een jurul Beaujolais Nouveau, fiindc\u0103 apar\u021bine unei regiuni viticole complet diferite. Totu\u0219i, <strong>a\u0219 p\u0103stra liber\u0103 ziua de joi, 19 noiembrie 2026, dac\u0103 e\u0219ti \u00een Provence \u0219i \u00ee\u021bi plac astfel de ritualuri sezoniere<\/strong>. Magazinele de vin, restaurantele, barurile \u0219i familiile din toat\u0103 Fran\u021ba particip\u0103, iar pentru scurt timp noua recolt\u0103 ajunge un subiect obi\u0219nuit de conversa\u021bie peste tot.<\/p>\n\n\n\n<div style=\"height:25px\" aria-hidden=\"true\" class=\"wp-block-spacer\"><\/div>\n\n\n\n<p class=\"wp-block-paragraph\">Un <strong>itinerar de degustare de vin \u0219i trufe \u00een Valea Ronului<\/strong> se potrive\u0219te la sf\u00e2r\u0219itul sezonului, nu \u00een timpul <em>vendanges<\/em> din septembrie. Spre sf\u00e2r\u0219itul lui noiembrie, trufele negre de iarn\u0103 \u00eencep s\u0103 reapar\u0103 \u00een pie\u021bele din Provence, iar cramele r\u0103m\u00e2n deschise pentru degust\u0103ri. Eu a\u0219 trata sezonul trufelor ca pe o c\u0103l\u0103torie gastronomic\u0103 separat\u0103, la final de toamn\u0103, pentru c\u0103 este imposibil s\u0103 combini perioada de v\u00e2rf a culesului strugurilor cu v\u00e2rful sezonului trufelor negre dac\u0103 nu stai \u00een regiune c\u00e2teva luni.<\/p>\n\n\n\n<p class=\"wp-block-paragraph\"><strong>Cele mai bune experien\u021be cu vin \u0219i m\u00e2ncare \u00een Provence toamna<\/strong> vin din respectarea calendarului sezonier, f\u0103r\u0103 s\u0103 \u00eencerci s\u0103 for\u021bezi lucrurile. Vinul r\u0103m\u00e2ne disponibil tot anul, dar recolta propriu-zis\u0103, nu.<\/p>\n\n\n\n<hr class=\"wp-block-separator has-alpha-channel-opacity is-style-dots\"\/>\n\n\n\n<figure class=\"wp-block-image size-full\"><img loading=\"lazy\" decoding=\"async\" width=\"792\" height=\"990\" src=\"https:\/\/www.the-travel-bunny.com\/ro\/wp-content\/uploads\/sites\/2\/2026\/08\/Calendar-Gastronomic-Provence-Toamna-Septembrie-Octombrie-Noiembrie.jpg\" alt=\"Calendar gastronomic de toamn\u0103 \u00een Provence cu struguri, smochine, castane, ciuperci, gutui, \u0219ofran, m\u0103sline \u0219i trufe negre pentru septembrie, octombrie \u0219i noiembrie.\" class=\"wp-image-11887\" title=\"\" srcset=\"https:\/\/www.the-travel-bunny.com\/ro\/wp-content\/uploads\/sites\/2\/2026\/08\/Calendar-Gastronomic-Provence-Toamna-Septembrie-Octombrie-Noiembrie.jpg 792w, https:\/\/www.the-travel-bunny.com\/ro\/wp-content\/uploads\/sites\/2\/2026\/08\/Calendar-Gastronomic-Provence-Toamna-Septembrie-Octombrie-Noiembrie-240x300.jpg 240w, https:\/\/www.the-travel-bunny.com\/ro\/wp-content\/uploads\/sites\/2\/2026\/08\/Calendar-Gastronomic-Provence-Toamna-Septembrie-Octombrie-Noiembrie-768x960.jpg 768w\" sizes=\"auto, (max-width: 792px) 100vw, 792px\" \/><figcaption class=\"wp-element-caption\"><em>Toamna gastronomic\u0103 \u00een Provence \u00eencepe \u00een septembrie cu struguri \u0219i smochine, continu\u0103 \u00een octombrie cu castane, ciuperci \u0219i gutui, apoi ajunge \u00een noiembrie la trufe, m\u0103sline \u0219i \u0219ofran. Calendarul arat\u0103 \u0219i ce po\u021bi m\u00e2nca \u00een Provence toamna la pie\u021be \u0219i restaurante, de la degust\u0103ri legate de recolt\u0103 p\u00e2n\u0103 la preparate cu v\u00e2nat \u0219i tarte de sezon.<\/em><\/figcaption><\/figure>\n\n\n\n<h2 id=\"trufe-masline-castane-gutui-ciuperci-\u0219i-\u0219ofran\" class=\"wp-block-heading\">Trufe, m\u0103sline, castane, gutui, ciuperci \u0219i \u0219ofran<\/h2>\n\n\n\n<p class=\"wp-block-paragraph\">Recoltele de toamn\u0103 din Provence nu vin toate odat\u0103. <strong>Castanele \u0219i ciupercile apar mai ales \u00een octombrie<\/strong>, iar gutuile \u0219i \u0219ofranul ating perioada lor principal\u0103 cam \u00een acela\u0219i timp. M\u0103slinele se culeg mai t\u00e2rziu \u00een toamn\u0103, iar trufele negre abia prind sf\u00e2r\u0219itul sezonului, activitatea serioas\u0103 \u00eencep\u00e2nd spre finalul lui noiembrie. Prin urmare, o c\u0103l\u0103torie gastronomic\u0103 \u00een Provence la \u00eenceputul lui octombrie arat\u0103 foarte diferit de una f\u0103cut\u0103 \u0219ase s\u0103pt\u0103m\u00e2ni mai t\u00e2rziu.<\/p>\n\n\n\n<div style=\"height:25px\" aria-hidden=\"true\" class=\"wp-block-spacer\"><\/div>\n\n\n\n<h4 class=\"wp-block-heading\">Sezonul trufelor \u00een Provence<\/h4>\n\n\n\n<p class=\"wp-block-paragraph\"><strong>Care sunt lunile din sezonul trufelor \u00een Fran\u021ba?<\/strong> <strong>Sezonul trufelor \u00een Fran\u021ba<\/strong> depinde de specia despre care vorbim. Trufa neagr\u0103 de iarn\u0103, <em>Tuber melanosporum<\/em>, se recolteaz\u0103 \u00een Var din noiembrie p\u00e2n\u0103 \u00een martie, iar perioada cea mai bogat\u0103 a recoltei este din ianuarie p\u00e2n\u0103 spre jum\u0103tatea lui martie. Trufele de var\u0103, <em>Tuber aestivum<\/em> sau <em>Tuber uncinatum<\/em>, apar\u021bin unei alte specii \u0219i unui alt sezon. Pentru trufa neagr\u0103 asociat\u0103 cu Provence, g\u00e2nde\u0219te-te cel mai devreme la sf\u00e2r\u0219itul lui noiembrie \u0219i apoi la lunile de iarn\u0103.<\/p>\n\n\n\n<p class=\"has-extra-info-background-color has-background wp-block-paragraph\"><strong>C\u00e2nd \u00eencepe sezonul trufelor \u00een Provence?<\/strong> <strong>Sezonul trufelor \u00een Provence<\/strong> \u00eencepe suficient de t\u00e2rziu \u00eenc\u00e2t septembrie \u0219i cea mai mare parte din octombrie s\u0103 nu aib\u0103 relevan\u021b\u0103 pentru <em>Tuber melanosporum<\/em>. Sf\u00e2r\u0219itul lui noiembrie este cea mai bun\u0103 variant\u0103 dac\u0103 vrei primele pie\u021be \u0219i primele ie\u0219iri la trufe din sezonul de iarn\u0103, de\u0219i partea mai bogat\u0103 a recoltei vine ulterior.<\/p>\n\n\n\n<p class=\"wp-block-paragraph\">C\u0103utarea trufelor \u00een Provence se nume\u0219te <em>cavage<\/em>, adic\u0103 g\u0103sirea \u0219i scoaterea lor din p\u0103m\u00e2nt, de obicei cu ajutorul unui c\u00e2ine dresat. <strong>V\u00e2n\u0103toarea de trufe \u00een Provence<\/strong> are loc pe terenuri private cultivate pentru trufe, nu prin plimb\u0103ri \u00eent\u00e2mpl\u0103toare prin p\u0103dure. Ciuperca se dezvolt\u0103 sub p\u0103m\u00e2nt \u00een asociere cu arbori-gazd\u0103, mai ales stejari, iar g\u0103sirea ei este o munc\u0103 agricol\u0103 care cere experien\u021b\u0103.<\/p>\n\n\n\n<p class=\"wp-block-paragraph\"><strong>Unde po\u021bi merge la v\u00e2n\u0103toare de trufe l\u00e2ng\u0103 Aix-en-Provence?<\/strong> Les Pastras din Cadenet, \u00een sudul Luberonului, este una dintre cele mai simple op\u021biuni pentru o astfel de experien\u021b\u0103 aproape de Aix-en-Provence. Vei petrece trei ore <strong>urm\u0103rind c\u00e2ini dresa\u021bi pentru g\u0103sirea trufelor<\/strong> prin planta\u021bie \u0219i <strong>degust\u00e2nd aperitive cu trufe, Champagne, ulei de m\u0103sline \u0219i ulei cu trufe<\/strong>. Tururile de iarn\u0103 au loc din noiembrie p\u00e2n\u0103 la jum\u0103tatea lui martie, iar cele de var\u0103 din mai p\u00e2n\u0103 \u00een septembrie. Ghidul vorbe\u0219te englez\u0103.<\/p>\n\n\n\n<p class=\"wp-block-paragraph\"><strong><a href=\"https:\/\/getyourguide.tpx.lv\/i8FEjzIE\" target=\"_blank\" rel=\"noreferrer noopener sponsored\">Rezerv\u0103 experien\u021ba de v\u00e2n\u0103toare de trufe din Provence la Cadenet<\/a><\/strong>. Cadenet se afl\u0103 la aproximativ 40 de minute de gara Aix-en-Provence TGV, a\u0219a c\u0103 excursia poate fi inclus\u0103 u\u0219or \u00eentr-o zi prin Luberon f\u0103r\u0103 s\u0103 ocupe \u00eentregul itinerar.<\/p>\n\n\n\n<div data-gyg-href=\"https:\/\/widget.getyourguide.com\/default\/availability.frame\" data-gyg-tour-id=\"25246\" data-gyg-locale-code=\"en-US\" data-gyg-currency=\"EUR\" data-gyg-widget=\"availability\" data-gyg-variant=\"horizontal\" data-gyg-partner-id=\"4YUCECT\" data-gyg-cmp=\"Provence_autumn\"><span>Powered by <a target=\"_blank\" rel=\"sponsored noopener\" href=\"https:\/\/www.getyourguide.com\/provence-l32433\/\">GetYourGuide<\/a><\/span><\/div>\n\n\n\n<p class=\"wp-block-paragraph\">Pentru <strong>tururi de v\u00e2n\u0103toare de trufe negre \u00een Provence \u00een noiembrie<\/strong>, eu a\u0219 rezerva din timp, pentru c\u0103 este pu\u021bin probabil ca o ferm\u0103 s\u0103 mai aib\u0103 locuri libere dup\u0103 \u00eenceperea sezonului. Noiembrie este chiar \u00eenceputul recoltei de iarn\u0103, a\u0219a c\u0103 datele depind de maturitatea trufelor \u0219i de fiecare produc\u0103tor. Les Pastras precizeaz\u0103 explicit c\u0103 tururile sale de iarn\u0103 au loc din noiembrie p\u00e2n\u0103 \u00een martie.<\/p>\n\n\n\n<p class=\"wp-block-paragraph\">Cele mai bune op\u021biuni pentru <strong>pia\u021ba de trufe din Fran\u021ba toamna<\/strong> apar chiar la sf\u00e2r\u0219itul sezonului. Aups, \u00een Haut-Var, aproape de Verdon, deschide pia\u021ba de trufe negre din 2026 joi, 26 noiembrie 2026, apoi o organizeaz\u0103 \u00een fiecare joi diminea\u021b\u0103 c\u00e2t timp exist\u0103 produc\u021bie, \u00een general p\u00e2n\u0103 \u00een februarie sau chiar martie. Pia\u021ba vinde <em>Tuber melanosporum<\/em> direct publicului \u0219i se \u00eencheie c\u00e2nd s-au v\u00e2ndut trufele, uneori cu mult \u00eenainte de pr\u00e2nz.<\/p>\n\n\n\n<p class=\"wp-block-paragraph\">Aups merit\u0103 \u0219i ca excursie fiindc\u0103 <strong>Maison de la Truffe d&#8217;Aups et du Verdon<\/strong> este deschis\u0103 tot anul, cu excep\u021bia perioadelor de \u00eenchidere anun\u021bate pentru s\u0103rb\u0103tori. Are spa\u021biu muzeal, magazin \u0219i degust\u0103ri, a\u0219a c\u0103 \u00ee\u021bi ofer\u0103 ceva de f\u0103cut \u0219i dac\u0103 ajungi \u00eenainte s\u0103 \u00eenceap\u0103 pie\u021bele de trufe \u00een aer liber din Provence.<\/p>\n\n\n\n<p class=\"wp-block-paragraph\"><strong>Pia\u021ba de trufe din Richerenches<\/strong>, \u00een Enclave des Papes, este cel\u0103lalt nume important de re\u021binut. Richerenches este un sat cunoscut at\u00e2t pentru viticultur\u0103, c\u00e2t \u0219i pentru trufe, iar pia\u021ba de iarn\u0103 are loc s\u00e2mb\u0103ta diminea\u021ba \u00een sezonul rece, de la sf\u00e2r\u0219itul lui noiembrie p\u00e2n\u0103 la jum\u0103tatea lui martie.<\/p>\n\n\n\n<p class=\"wp-block-paragraph\">Exist\u0103 \u0219i o variant\u0103 util\u0103 dac\u0103 vrei s\u0103 \u0219tii <strong>de unde cumperi trufe negre proaspete din Richerenches<\/strong> f\u0103r\u0103 s\u0103 depinzi de calendarul pie\u021bei. Maison Valayer anun\u021b\u0103 v\u00e2nzarea de trufe proaspete \u00eentre 14 noiembrie \u0219i sf\u00e2r\u0219itul lui decembrie 2026, la pre\u021buri stabilite \u00een func\u021bie de cursul pie\u021bei.<\/p>\n\n\n\n<div style=\"height:25px\" aria-hidden=\"true\" class=\"wp-block-spacer\"><\/div>\n\n\n\n<h4 class=\"wp-block-heading\">Recolta m\u0103slinelor \u00een Provence<\/h4>\n\n\n\n<p class=\"wp-block-paragraph\"><strong>Recolta m\u0103slinelor \u00een Provence<\/strong> \u00eencepe de la sf\u00e2r\u0219itul lui octombrie \u0219i continu\u0103 \u00een noiembrie \u0219i decembrie, \u00een func\u021bie de soi, loc, gradul de coacere \u0219i tipul de ulei pe care \u00eel urm\u0103re\u0219te produc\u0103torul. La Domaine Oliversion din Cucuron, m\u0103slinele sunt primite pentru procesare din 25 octombrie p\u00e2n\u0103 \u00een decembrie, iar Domaine l&#8217;Authentique, l\u00e2ng\u0103 Mont Ventoux, organizeaz\u0103 culesul \u00een noiembrie \u0219i decembrie.<\/p>\n\n\n\n<p class=\"wp-block-paragraph\"><strong>C\u00e2nd \u00eencepe recolta m\u0103slinelor \u00een Provence?<\/strong> Noiembrie este luna cea mai sigur\u0103 dac\u0103 vrei s\u0103 vezi morile \u0219i produc\u0103torii \u00een plin\u0103 activitate. Unii \u00eencep recoltarea \u00een a doua jum\u0103tate a lui octombrie, \u00een timp ce al\u021bii a\u0219teapt\u0103 p\u00e2n\u0103 \u00een noiembrie.<\/p>\n\n\n\n<p class=\"wp-block-paragraph\">Anul acesta am \u0219i un motiv mult mai personal s\u0103 urm\u0103resc <strong>recolta de m\u0103sline din Provence<\/strong>. Ne-am mutat \u00eentr-o cas\u0103 cu doi m\u0103slini frumo\u0219i, am\u00e2ndoi plini de fructe, a\u0219a c\u0103 \u00eei urm\u0103resc cu aten\u021bia cuiva care s-a trezit brusc cu responsabilit\u0103\u021bi agricole f\u0103r\u0103 s\u0103 fi citit mai \u00eent\u00e2i toate instruc\u021biunile.<\/p>\n\n\n\n<p class=\"wp-block-paragraph\">Dac\u0103 vrei s\u0103 <strong>vezi cum se transform\u0103 m\u0103slinele \u00een ulei<\/strong>, \u00een loc s\u0103 admiri copacii de pe marginea drumului, viziteaz\u0103 o moar\u0103 activ\u0103 \u00een timpul recoltei. Mai jos sunt c\u00e2teva tururi care includ vizite la mori de ulei sau sesiuni de cules organizate cu programare.<\/p>\n\n\n\n<div data-gyg-href=\"https:\/\/widget.getyourguide.com\/default\/activities.frame\" data-gyg-locale-code=\"en-US\" data-gyg-widget=\"activities\" data-gyg-number-of-items=\"3\" data-gyg-cmp=\"Provence_autumn\" data-gyg-partner-id=\"4YUCECT\" data-gyg-q=\"provence olive oil mill\"><span>Powered by <a target=\"_blank\" rel=\"sponsored noopener\" href=\"https:\/\/www.getyourguide.com\/s\/%3Fq=%C3%89guilles&amp;lc=151641&amp;et=1389192&amp;searchSource=3&amp;src=search_bar\">GetYourGuide<\/a><\/span><\/div>\n\n\n\n<div style=\"height:25px\" aria-hidden=\"true\" class=\"wp-block-spacer\"><\/div>\n\n\n\n<h4 id=\"sezonul-castanelor-in-provence-\u0219i-castagnades\" class=\"wp-block-heading\">Sezonul castanelor \u00een Provence \u0219i <em>Castagnades<\/em><\/h4>\n\n\n\n<p class=\"wp-block-paragraph\"><strong>Vinul nou din Provence toamna<\/strong> \u00eencepe s\u0103 apar\u0103 \u0219i la s\u0103rb\u0103torile locale ale recoltei, odat\u0103 ce fermenta\u021bia este \u00een desf\u0103\u0219urare. \u00cen Var, festivalurile castanelor \u0219i <em>castagnades<\/em> includ adesea degust\u0103ri de <em>vin nouveau<\/em> al\u0103turi de produse regionale, a\u0219a c\u0103 p\u00e2n\u0103 \u00een octombrie calendarul gastronomic \u0219i cel viticol se \u00eent\u00e2lnesc foarte firesc.<\/p>\n\n\n\n<p class=\"wp-block-paragraph\"><strong>Castanele din Provence<\/strong> sunt mult mai apropiate de via\u021ba mea obi\u0219nuit\u0103 de toamn\u0103. Soacra mea \u00eel ia pe fiul meu la cules de castane, iar <strong>Massif des Maures<\/strong> este una dintre principalele zone produc\u0103toare de castane din Var. \u00cen Collobri\u00e8res, La Garde-Freinet, Gonfaron, Les Mayons \u0219i Pignans exist\u0103 aproximativ 2.000 de hectare de castanete.<\/p>\n\n\n\n<p class=\"wp-block-paragraph\">Un <strong>festival al castanelor \u00een Provence<\/strong> este aici mai degrab\u0103 parte dintr-un \u00eentreg circuit sezonier dec\u00e2t o curiozitate izolat\u0103. Mai multe sate din Massif des Maures organizeaz\u0103 s\u0103rb\u0103tori de toamn\u0103, dar <strong>festivalul castanelor din Collobri\u00e8res<\/strong> este principalul reper local. \u00cen 2026, <strong>festivalul castanelor Collobri\u00e8res<\/strong> are loc duminic\u0103, pe 11, 18 \u0219i 25 octombrie.<\/p>\n\n\n\n<p class=\"wp-block-paragraph\">\u00cen jurul localit\u0103\u021bii Collobri\u00e8res, sezonul castanelor ajunge s\u0103 domine calendarul. Oamenii vin pentru castane, produc\u0103tori \u0219i festivalul \u00een sine, iar ceva ce \u00een mod normal se culege prin dealuri devine brusc principalul motiv pentru care satul se umple de lume.<\/p>\n\n\n\n<p class=\"wp-block-paragraph\">Calendarul mai larg al festivalurilor de castane din Provence include \u0219i sate precum <strong>Gonfaron, La Garde-Freinet, Les Mayons \u0219i Pignans<\/strong>. La aceste s\u0103rb\u0103tori apar frecvent pie\u021be, castane coapte, produse pe baz\u0103 de castane, standuri agricole \u0219i <em>vin nouveau<\/em>.<\/p>\n\n\n\n<div style=\"height:25px\" aria-hidden=\"true\" class=\"wp-block-spacer\"><\/div>\n\n\n\n<h4 class=\"wp-block-heading\">Culesul ciupercilor \u00een Provence<\/h4>\n\n\n\n<p class=\"wp-block-paragraph\">Ciupercile vin cu mult mai pu\u021bin\u0103 organizare \u0219i cu mult mai mult secret. <strong>Culesul ciupercilor \u00een Provence<\/strong> \u00eencepe s\u0103 devin\u0103 vizibil dup\u0103 ploile de toamn\u0103, c\u00e2nd pe potecile din p\u0103dure apar dintr-odat\u0103 oameni cu co\u0219uri. Eu am norocul ca cumnatul meu s\u0103 fie foarte priceput la g\u0103sit ciuperci. Locurile exacte sunt p\u0103strate cam cu aceea\u0219i grij\u0103 ca parolele de Netflix.<\/p>\n\n\n\n<p class=\"wp-block-paragraph\">Prin urmare, <strong>unde g\u0103se\u0219ti hribi \u0219i<\/strong> <em><strong>c\u00e8pes<\/strong><\/em> <strong>\u00een p\u0103durile din Provence<\/strong> este o informa\u021bie pe care nu am de g\u00e2nd s\u0103 pretind c\u0103 ar trebui pus\u0103 pe o hart\u0103 public\u0103. Condi\u021biile se schimb\u0103 \u00een func\u021bie de precipita\u021bii, altitudine, sol \u0219i speciile de arbori, iar locurile productive sunt adesea cunoscute doar de localnici \u0219i nu sunt anun\u021bate nic\u0103ieri. Indiciul util este momentul. Dup\u0103 o ploaie serioas\u0103 de toamn\u0103, oamenii cu co\u0219uri \u00eencep s\u0103 apar\u0103 repede pe poteci.<\/p>\n\n\n\n<p class=\"wp-block-paragraph\">Exist\u0103 \u0219i c\u00e2teva reguli. \u00cen p\u0103durile de stat din Fran\u021ba, <strong><a href=\"https:\/\/www.onf.fr\/vivre-la-foret\/que-faire-en-foret\/regles-et-bonnes-pratiques-en-foret\/%2B\/2891%3A%3Aconseils-precautions-comment-bien-cueillir-champignons-et-chataignes-en-foret.html\" target=\"_blank\" rel=\"noreferrer noopener\">Office national des for\u00eats<\/a><\/strong> <strong>permite culesul ciupercilor pentru consum familial \u00een limita a 5 litri de persoan\u0103 pe zi<\/strong>, dac\u0103 nu se aplic\u0103 reguli locale mai stricte. \u00cen p\u0103durile private ai nevoie de permisiunea proprietarului. ONF recomand\u0103 \u0219i s\u0103 la\u0219i \u00een pace ciupercile pe care nu le po\u021bi identifica \u0219i s\u0103 verifici activitatea de v\u00e2n\u0103toare \u00eenainte s\u0103 intri \u00een zone unde au loc partide de v\u00e2n\u0103toare.<\/p>\n\n\n\n<div style=\"height:25px\" aria-hidden=\"true\" class=\"wp-block-spacer\"><\/div>\n\n\n\n<figure class=\"wp-block-image size-full\"><img loading=\"lazy\" decoding=\"async\" width=\"792\" height=\"294\" src=\"https:\/\/www.the-travel-bunny.com\/ro\/wp-content\/uploads\/sites\/2\/2026\/08\/Recolta-Sofran-Provence-Toamna-Flori-de-Sofran.jpg\" alt=\"Flori violete de \u0219ofran proasp\u0103t culese \u00een Provence toamna, \u021binute \u00een palme deasupra solului uscat al c\u00e2mpului.\" class=\"wp-image-11888\" title=\"\" srcset=\"https:\/\/www.the-travel-bunny.com\/ro\/wp-content\/uploads\/sites\/2\/2026\/08\/Recolta-Sofran-Provence-Toamna-Flori-de-Sofran.jpg 792w, https:\/\/www.the-travel-bunny.com\/ro\/wp-content\/uploads\/sites\/2\/2026\/08\/Recolta-Sofran-Provence-Toamna-Flori-de-Sofran-300x111.jpg 300w, https:\/\/www.the-travel-bunny.com\/ro\/wp-content\/uploads\/sites\/2\/2026\/08\/Recolta-Sofran-Provence-Toamna-Flori-de-Sofran-768x285.jpg 768w\" sizes=\"auto, (max-width: 792px) 100vw, 792px\" \/><figcaption class=\"wp-element-caption\"><em>Recolta de \u0219ofran din Provence \u00eencepe cu delicatele flori mov de crocus, culese manual direct de pe c\u00e2mp. Prim-planul surprinde una dintre tradi\u021biile gastronomice distincte ale toamnei provensale \u0219i o recolt\u0103 mic\u0103, dar valoroas\u0103.<\/em><\/figcaption><\/figure>\n\n\n\n<h4 id=\"recolta-de-\u0219ofran-in-provence\" class=\"wp-block-heading\">Recolta de \u0219ofran \u00een Provence<\/h4>\n\n\n\n<p class=\"wp-block-paragraph\"><strong>Recolta de \u0219ofran din Provence<\/strong> are o perioad\u0103 mult mai scurt\u0103. Florile de <em>Crocus sativus<\/em> se deschid spre sf\u00e2r\u0219itul lui octombrie \u0219i \u00eenceputul lui noiembrie, a\u0219a c\u0103 recoltarea dureaz\u0103 aproximativ trei s\u0103pt\u0103m\u00e2ni. Apoi stigmatele ro\u0219ii sunt desprinse manual.<\/p>\n\n\n\n<p class=\"wp-block-paragraph\"><strong>\u0218ofranul se cultiv\u0103 \u0219i \u00een cantonul \u00een care locuiesc eu<\/strong>, lucru care \u00eenc\u0103 m\u0103 surprinde pu\u021bin, fiindc\u0103 mirodenia finit\u0103 apare \u00een cantit\u0103\u021bi at\u00e2t de mici \u00eenc\u00e2t este u\u0219or s\u0103 ui\u021bi c\u0103 \u00eencepe, de fapt, ca o cultur\u0103 agricol\u0103 pe c\u00e2mp. Faptul c\u0103 trebuie culese florile \u0219i separate cele trei stigmate ro\u0219ii din fiecare explic\u0103 \u00eens\u0103 destul de bine pre\u021bul.<\/p>\n\n\n\n<div style=\"height:25px\" aria-hidden=\"true\" class=\"wp-block-spacer\"><\/div>\n\n\n\n<h4 id=\"festivalul-gutuilor-din-cotignac\" class=\"wp-block-heading\">Festivalul gutuilor din Cotignac<\/h4>\n\n\n\n<p class=\"wp-block-paragraph\">Gutuile au propria lor s\u0103rb\u0103toare la Cotignac. <strong><a href=\"https:\/\/www.the-travel-bunny.com\/ro\/vizita-cotignac-ghid-turistic-provence\/#Via%C8%9Ba-satului-%C3%AEn-timpul-F%C3%AAte-du-Coing\">Am fost la F\u00eate du Coing din Cotignac<\/a><\/strong> \u0219i \u00eemi place faptul c\u0103 un fruct demodat \u0219i \u00eenc\u0103p\u0103\u021b\u00e2nat prime\u0219te o zi \u00eentreag\u0103 din via\u021ba satului, \u00een loc s\u0103 fie transformat discret \u00eentr-un jeleu delicios \u0219i apoi uitat. Cotignac s\u0103rb\u0103tore\u0219te gutuia cu tarabe de pia\u021b\u0103, m\u00e2ncare, produc\u0103tori locali \u0219i Confr\u00e9rie du Coing.<\/p>\n\n\n\n<p class=\"wp-block-paragraph\"><strong>F\u00eate du Coing din Cotignac din 2026 are loc duminic\u0103, 25 octombrie, de la ora 9.00.<\/strong> Programul anun\u021bat \u00een prezent include un t\u00e2rg de artizanat, preparate cu gutui, o parad\u0103 \u0219i un spectacol ecvestru, iar programul detaliat era \u00eenc\u0103 \u00een curs de definitivare la momentul redact\u0103rii.<\/p>\n\n\n\n<p class=\"has-extra-info-background-color has-background wp-block-paragraph\"><strong>Sfatul local The Travel Bunny:<\/strong> Acest weekend de la sf\u00e2r\u0219itul lui octombrie \u00ee\u021bi pune \u00een fa\u021b\u0103 o alegere neobi\u0219nuit de dificil\u0103 dac\u0103 \u00ee\u021bi plac festivalurile gastronomice regionale. Cotignac s\u0103rb\u0103tore\u0219te gutuia pe 25 octombrie, iar Collobri\u00e8res organizeaz\u0103 \u00een aceea\u0219i zi ultima duminic\u0103 a festivalului castanelor din 2026. Va trebui s\u0103 alegi. Provence mai creeaz\u0103 din c\u00e2nd \u00een c\u00e2nd mici probleme de program.<\/p>\n\n\n\n<hr class=\"wp-block-separator has-alpha-channel-opacity\"\/>\n\n\n\n<h3 id=\"pie\u021be-de-toamna-evenimente-viticole-\u0219i-festivaluri-gastronomice-in-jurul-carora-merita-sa-\u021bi-organizezi-calatoria\" class=\"wp-block-heading\">Pie\u021be de toamn\u0103, evenimente viticole \u0219i festivaluri gastronomice \u00een jurul c\u0103rora merit\u0103 s\u0103-\u021bi organizezi c\u0103l\u0103toria<\/h3>\n\n\n\n<p class=\"wp-block-paragraph\">Toamna, Provence \u00eencepe s\u0103-\u0219i umple calendarul cu evenimente dedicate lucrurilor care tocmai au ie\u0219it din vie, livad\u0103, stupin\u0103, planta\u021bie de m\u0103slini sau p\u0103dure. Eu acord mai mult\u0103 aten\u021bie acestor date locale dec\u00e2t divertismentului sezonier generic. O <em>f\u00eate<\/em> s\u0103teasc\u0103 dedicat\u0103 unei singure recolte spune, de obicei, destul de multe despre ceea ce cultiv\u0103 oamenii din zon\u0103, ce m\u0103n\u00e2nc\u0103 \u0219i ce consider\u0103 suficient de important \u00eenc\u00e2t s\u0103-i dedice o duminic\u0103 \u00eentreag\u0103.<\/p>\n\n\n\n<p class=\"wp-block-paragraph\">Pentru <strong>festivaluri \u0219i evenimente Provence toamn\u0103 2026<\/strong>, includ doar date deja publicate de organizatori, prim\u0103rii sau oficii de turism. Mai multe s\u0103rb\u0103tori tradi\u021bionale au \u00eenc\u0103 programe par\u021biale \u00een momentul \u00een care scriu, \u00een august 2026.<\/p>\n\n\n\n<figure class=\"wp-block-table is-style-stripes\" style=\"font-size:15px\"><table class=\"has-fixed-layout\"><thead><tr><th class=\"has-text-align-left\" data-align=\"left\">Data \u00een 2026<\/th><th class=\"has-text-align-left\" data-align=\"left\">Localitatea<\/th><th class=\"has-text-align-left\" data-align=\"left\">Festival sau pia\u021b\u0103<\/th><th class=\"has-text-align-left\" data-align=\"left\">Ce se \u00eent\u00e2mpl\u0103<\/th><\/tr><\/thead><tbody><tr><td class=\"has-text-align-left\" data-align=\"left\"><strong>6 septembrie<\/strong><\/td><td class=\"has-text-align-left\" data-align=\"left\">Viol\u00e8s, Vaucluse<\/td><td class=\"has-text-align-left\" data-align=\"left\">F\u00eate des Vendanges, Domaine des Favards<\/td><td class=\"has-text-align-left\" data-align=\"left\">Confirmat. Atelier de recoltare de la ora 10.00, vizit\u0103 \u00een cram\u0103, degustare de vinuri ecologice, apoi pr\u00e2nz de la ora 13.00. Pre\u021b pentru adul\u021bi 40 \u20ac, pentru copii 10 \u20ac. Rezervarea este obligatorie.<\/td><\/tr><tr><td class=\"has-text-align-left\" data-align=\"left\"><strong>6 septembrie<\/strong><\/td><td class=\"has-text-align-left\" data-align=\"left\">Saint-Cyr-sur-Mer, Var<\/td><td class=\"has-text-align-left\" data-align=\"left\">F\u00eate des Vendanges, Domaine Pieracci<\/td><td class=\"has-text-align-left\" data-align=\"left\">Confirmat, \u00eentre 11.00 \u0219i 16.00. Vizitatorii particip\u0103 la culesul strugurilor \u0219i gust\u0103 must proasp\u0103t \u00eenainte de barul de vinuri, muzic\u0103 \u0219i pr\u00e2nz. Pre\u021b pentru adul\u021bi 69 \u20ac.<\/td><\/tr><tr><td class=\"has-text-align-left\" data-align=\"left\"><strong>12, 19, 26 septembrie<\/strong><\/td><td class=\"has-text-align-left\" data-align=\"left\">Mormoiron, Vaucluse<\/td><td class=\"has-text-align-left\" data-align=\"left\">Vizite speciale de recolt\u0103 la Ch\u00e2teau Pesqui\u00e9<\/td><td class=\"has-text-align-left\" data-align=\"left\">Confirmat, \u00eentre 9.30 \u0219i 14.00. Vizit\u0103 \u00een vie \u0219i cram\u0103, must proasp\u0103t, vin aflat \u00een fermenta\u021bie, mostre din butoi \u0219i picnic. 55 \u20ac de persoan\u0103.<\/td><\/tr><tr><td class=\"has-text-align-left\" data-align=\"left\"><strong>13 septembrie<\/strong><\/td><td class=\"has-text-align-left\" data-align=\"left\">Biot, Alpes-Maritimes<\/td><td class=\"has-text-align-left\" data-align=\"left\">F\u00eate des Vendanges<\/td><td class=\"has-text-align-left\" data-align=\"left\">Confirmat, \u00eentre 10.00 \u0219i 17.00. Binecuv\u00e2ntarea strugurilor, patrimoniul soiului Servan, degustare de <em>vin nouveau<\/em>, pia\u021b\u0103 provensal\u0103, muzic\u0103, dans \u0219i folclor.<\/td><\/tr><tr><td class=\"has-text-align-left\" data-align=\"left\"><strong>19 septembrie<\/strong><\/td><td class=\"has-text-align-left\" data-align=\"left\">B\u00e9doin, Vaucluse<\/td><td class=\"has-text-align-left\" data-align=\"left\"><em>Vendange<\/em> educativ\u0103 Ventoux Saveurs<\/td><td class=\"has-text-align-left\" data-align=\"left\">Confirmat, \u00eentre 10.00 \u0219i 12.00. Participare practic\u0103 la recolt\u0103 \u00een via educativ\u0103 Vignerons du Mont Ventoux.<\/td><\/tr><tr><td class=\"has-text-align-left\" data-align=\"left\"><strong>19 septembrie<\/strong><\/td><td class=\"has-text-align-left\" data-align=\"left\">La Londe-les-Maures, Var<\/td><td class=\"has-text-align-left\" data-align=\"left\">F\u00eate des Vendanges<\/td><td class=\"has-text-align-left\" data-align=\"left\">Data este confirmat\u0103, \u00eentre 9.00 \u0219i 17.00. S\u0103rb\u0103toare dedicat\u0103 viticulturii locale \u0219i tradi\u021biilor artizanale \u00een Place Charles-Camoin. Programul detaliat pentru 2026 nu este \u00eenc\u0103 confirmat.<\/td><\/tr><tr><td class=\"has-text-align-left\" data-align=\"left\"><strong>19-20 septembrie<\/strong><\/td><td class=\"has-text-align-left\" data-align=\"left\">Mouri\u00e8s, Bouches-du-Rh\u00f4ne<\/td><td class=\"has-text-align-left\" data-align=\"left\">A 54-a F\u00eate des Olives Vertes<\/td><td class=\"has-text-align-left\" data-align=\"left\">Confirmat. Pia\u021b\u0103 regional\u0103, expozi\u021bii, concursuri de spart m\u0103sline \u0219i de a\u00efoli, parad\u0103 provensal\u0103, muzic\u0103, brocante, tradi\u021bii din Camargue \u0219i cursa Olives Vertes.<\/td><\/tr><tr><td class=\"has-text-align-left\" data-align=\"left\"><strong>3-4 octombrie<\/strong><\/td><td class=\"has-text-align-left\" data-align=\"left\">Les Arcs-sur-Argens, Var<\/td><td class=\"has-text-align-left\" data-align=\"left\">A 33-a F\u00eate du Miel<\/td><td class=\"has-text-align-left\" data-align=\"left\">Date confirmate, \u00eentre 9.00 \u0219i 19.00. Apicultori profesioni\u0219ti, degust\u0103ri de miere, demonstra\u021bii cu stupi, activit\u0103\u021bi pentru copii, m\u00e2ncare \u0219i produc\u0103tori. Programul detaliat pentru 2026 nu este \u00eenc\u0103 confirmat.<\/td><\/tr><tr><td class=\"has-text-align-left\" data-align=\"left\"><strong>11, 18, 25 octombrie<\/strong><\/td><td class=\"has-text-align-left\" data-align=\"left\">Collobri\u00e8res, Var<\/td><td class=\"has-text-align-left\" data-align=\"left\">F\u00eates de la Ch\u00e2taigne et du Terroir<\/td><td class=\"has-text-align-left\" data-align=\"left\">Confirmat. Ziua de 11 octombrie este dedicat\u0103 produc\u0103torilor din Var, 18 octombrie are o tem\u0103 interna\u021bional\u0103 cu delega\u021bii \u0219i folclor, iar 25 octombrie este dedicat\u0103 artizanilor \u0219i meseriilor tradi\u021bionale.<\/td><\/tr><tr><td class=\"has-text-align-left\" data-align=\"left\"><strong>18 octombrie<\/strong><\/td><td class=\"has-text-align-left\" data-align=\"left\">Camps-la-Source, Var<\/td><td class=\"has-text-align-left\" data-align=\"left\">F\u00eate de la Ch\u00e2taigne, du Vin et des Produits du Terroir<\/td><td class=\"has-text-align-left\" data-align=\"left\">Data este confirmat\u0103. Sunt anun\u021bate castane, \u0219ofran, miere, ulei de m\u0103sline, vin, br\u00e2nzeturi, mezeluri \u0219i alte produse locale. Orele \u0219i programul complet pentru 2026 nu sunt \u00eenc\u0103 confirmate.<\/td><\/tr><tr><td class=\"has-text-align-left\" data-align=\"left\"><strong>18 octombrie<\/strong><\/td><td class=\"has-text-align-left\" data-align=\"left\">Jausiers, Alpes-de-Haute-Provence<\/td><td class=\"has-text-align-left\" data-align=\"left\">F\u00eate de la Courge<\/td><td class=\"has-text-align-left\" data-align=\"left\">Confirmat, \u00eentre 9.00 \u0219i 17.00. Pia\u021b\u0103 de dovleci, produse locale, muzic\u0103, vide-grenier, activit\u0103\u021bi pentru copii \u0219i cursa anual\u0103 de capre.<\/td><\/tr><tr><td class=\"has-text-align-left\" data-align=\"left\"><strong>18, 25 octombrie \u0219i 8 noiembrie<\/strong><\/td><td class=\"has-text-align-left\" data-align=\"left\">La Garde-Freinet, Var<\/td><td class=\"has-text-align-left\" data-align=\"left\">F\u00eate de la Ch\u00e2taigne<\/td><td class=\"has-text-align-left\" data-align=\"left\">Confirmat, \u00eentre 9.00 \u0219i 18.00. Castane, castane coapte, produse locale \u0219i activit\u0103\u021bi. Evenimentele \u00een aer liber depind de condi\u021bii meteo favorabile.<\/td><\/tr><tr><td class=\"has-text-align-left\" data-align=\"left\"><strong>24 octombrie<\/strong><\/td><td class=\"has-text-align-left\" data-align=\"left\">Saorge, Alpes-Maritimes<\/td><td class=\"has-text-align-left\" data-align=\"left\">F\u00eate de la Ch\u00e2taigne<\/td><td class=\"has-text-align-left\" data-align=\"left\">Confirmat, \u00eentre 15.00 \u0219i 23.30. Castane, <em>brousse<\/em>, vin fiert, apoi mas\u0103 cu gr\u0103tar \u0219i dans seara.<\/td><\/tr><tr><td class=\"has-text-align-left\" data-align=\"left\"><strong>25 octombrie<\/strong><\/td><td class=\"has-text-align-left\" data-align=\"left\">Cotignac, Var<\/td><td class=\"has-text-align-left\" data-align=\"left\">F\u00eate du Coing<\/td><td class=\"has-text-align-left\" data-align=\"left\">Data este confirmat\u0103, de la ora 9.00. Edi\u021bia din 2026 va include s\u0103rb\u0103toarea tradi\u021bional\u0103 a gutuii, t\u00e2rg de artizanat, parad\u0103 \u0219i un moment ecvestru. Programul complet pentru 2026 este \u00eenc\u0103 \u00een preg\u0103tire.<\/td><\/tr><tr><td class=\"has-text-align-left\" data-align=\"left\"><strong>8 noiembrie<\/strong><\/td><td class=\"has-text-align-left\" data-align=\"left\">La Garde-Freinet, Var<\/td><td class=\"has-text-align-left\" data-align=\"left\">F\u00eate de la Ch\u00e2taigne<\/td><td class=\"has-text-align-left\" data-align=\"left\">Confirmat, \u00eentre 9.00 \u0219i 18.00. Ultima duminic\u0103 din 2026 dedicat\u0103 pie\u021bei castanelor la La Garde-Freinet, dac\u0103 vremea permite.<\/td><\/tr><tr><td class=\"has-text-align-left\" data-align=\"left\"><strong>19 noiembrie<\/strong><\/td><td class=\"has-text-align-left\" data-align=\"left\">Avignon, Vaucluse<\/td><td class=\"has-text-align-left\" data-align=\"left\">Mill\u00e9vin<\/td><td class=\"has-text-align-left\" data-align=\"left\">Data \u0219i orele sunt confirmate, \u00eentre 18.00 \u0219i 21.00. Noua recolt\u0103 C\u00f4tes du Rh\u00f4ne, viticultori, comercian\u021bi de vin, parad\u0103 a confreriilor, degust\u0103ri \u0219i muzic\u0103. Locul exact pentru 2026 apare \u00eenc\u0103 drept <em>lieu \u00e0 venir<\/em>, deci nu este confirmat.<\/td><\/tr><tr><td class=\"has-text-align-left\" data-align=\"left\"><strong>Estimativ 21 noiembrie<\/strong><\/td><td class=\"has-text-align-left\" data-align=\"left\">Richerenches, Vaucluse<\/td><td class=\"has-text-align-left\" data-align=\"left\">Ban des Truffes \u0219i deschiderea pie\u021bei de trufe de iarn\u0103<\/td><td class=\"has-text-align-left\" data-align=\"left\"><strong>Dat\u0103 estimat\u0103, \u00eenc\u0103 neconfirmat\u0103.<\/strong> Richerenches organizeaz\u0103 oficial Ban des Truffes \u00een s\u00e2mb\u0103ta de dup\u0103 15 noiembrie. \u00cen 2026, aceast\u0103 regul\u0103 indic\u0103 s\u00e2mb\u0103t\u0103, 21 noiembrie. Programul obi\u0219nuit include pia\u021ba, parada Confr\u00e9rie du Diamant Noir, degustare de omlet\u0103 cu trufe \u0219i demonstra\u021bie de <em>cavage<\/em>.<\/td><\/tr><tr><td class=\"has-text-align-left\" data-align=\"left\"><strong>26 noiembrie<\/strong><\/td><td class=\"has-text-align-left\" data-align=\"left\">Aups, Var<\/td><td class=\"has-text-align-left\" data-align=\"left\">Deschiderea pie\u021bei de trufe negre<\/td><td class=\"has-text-align-left\" data-align=\"left\">Confirmat de la ora 9.00. Prima pia\u021b\u0103 cu <em>Tuber melanosporum<\/em> din sezonul 2026-2027. Continu\u0103 apoi joia diminea\u021ba c\u00e2t timp exist\u0103 produc\u021bie, iar pia\u021ba se \u00eenchide mai devreme dac\u0103 se v\u00e2nd toate trufele.<\/td><\/tr><\/tbody><\/table><figcaption class=\"wp-element-caption\"><em>Calendarul festivalurilor de toamn\u0103 din Provence 2026<\/em><\/figcaption><\/figure>\n\n\n\n<p class=\"wp-block-paragraph\">Dintre <strong>festivalurile de toamn\u0103 din Provence<\/strong>, eu a\u0219 acorda prioritate localit\u0103\u021bii Mouri\u00e8s pentru m\u0103sline, Collobri\u00e8res pentru castane, Cotignac pentru gutui \u0219i Avignon pentru vin. Fiecare are la baz\u0103 o recolt\u0103 sau o b\u0103utur\u0103 str\u00e2ns legat\u0103 de zona din jur. Cele mai bune festivaluri de toamn\u0103 din Provence sunt, de obicei, cele care au sens \u00een locul respectiv chiar \u0219i f\u0103r\u0103 afi\u0219ul evenimentului.<\/p>\n\n\n\n<p class=\"has-extra-info-background-color has-background wp-block-paragraph\"><strong>Sfatul local The Travel Bunny:<\/strong> Dintre toate aceste evenimente Provence toamn\u0103, Collobri\u00e8res cere cea mai mult\u0103 aten\u021bie la trafic. Dac\u0103 ai rezervat vizite \u00een castanete \u00een duminicile de festival, ajungi \u00een Collobri\u00e8res p\u00e2n\u0103 la ora 9.00, din cauza num\u0103rului mare de participan\u021bi. Dac\u0103 intri cu ma\u0219ina \u00een Massif des Maures pe 11, 18 sau 25 octombrie, merit\u0103 s\u0103 pleci devreme.<\/p>\n\n\n\n<p class=\"wp-block-paragraph\">Cele mai bune <strong>evenimente Provence octombrie<\/strong> creeaz\u0103 \u0219i o problem\u0103 u\u0219or absurd\u0103 pe 25 octombrie. Collobri\u00e8res organizeaz\u0103 a treia duminic\u0103 dedicat\u0103 castanelor, La Garde-Freinet are propria <em>F\u00eate de la Ch\u00e2taigne<\/em>, iar Cotignac s\u0103rb\u0103tore\u0219te gutuia \u00een aceea\u0219i zi. Eu am fost deja la <strong>festivalul gutuilor din Cotignac<\/strong>, \u00een timp ce Collobri\u00e8res este \u00eenc\u0103 pe lista mea. Se pare c\u0103 turismul gastronomic de toamn\u0103 \u00een Var se transform\u0103, la un moment dat, \u00eentr-un exerci\u021biu de organizare a programului.<\/p>\n\n\n\n<p class=\"wp-block-paragraph\">Acestea sunt \u0219i <strong>evenimente de toamn\u0103 \u00een Provence foarte potrivite pentru familii<\/strong>. Les Arcs are activit\u0103\u021bi pentru copii \u00een jurul albinelor, Jausiers transform\u0103 dovleacul \u00eentr-o zi \u00eentreag\u0103 pentru familie, iar festivalurile castanelor sunt u\u0219or de \u00een\u021beles chiar \u0219i pentru copiii mici, fiindc\u0103 \u00een centrul \u00eentregii pove\u0219ti exist\u0103 ceva foarte concret de m\u00e2ncat. Fiul meu merge deja la cules de castane cu soacra mea, a\u0219a c\u0103 aceast\u0103 activitate de toamn\u0103 nu necesit\u0103 prea multe explica\u021bii \u00een familia noastr\u0103.<\/p>\n\n\n\n<p class=\"has-extra-info-background-color has-background wp-block-paragraph\"><strong>Recomandarea The Travel Bunny:<\/strong> dac\u0103 ar trebui s\u0103 aleg un singur festival al recoltei din Provence \u00een septembrie, Mouri\u00e8s ar fi primul pe lista mea. F\u00eate des Olives Vertes marcheaz\u0103 \u00eenceputul perioadei locale de <em>olivades<\/em> \u00een Vall\u00e9e des Baux. Tradi\u021bia figureaz\u0103 \u00een inventarul na\u021bional francez al patrimoniului cultural imaterial din 2019.<\/p>\n\n\n\n<p class=\"wp-block-paragraph\"><strong>Festivalurile din Provence \u00een octombrie<\/strong> devin mult mai axate pe m\u00e2ncare dup\u0103 jum\u0103tatea lunii. Castanele domin\u0103 Var, mierea \u00ee\u0219i prime\u0219te propriul weekend la Les Arcs, dovlecii preiau Jausiers, iar Cotignac \u00eencheie luna cu gutui. Acestea sunt <strong>festivalurile de toamn\u0103 din Provence pe care merit\u0103 s\u0103 le iei \u00een calcul<\/strong> dac\u0103 m\u00e2ncarea de sezon este unul dintre motivele pentru care c\u0103l\u0103tore\u0219ti.<\/p>\n\n\n\n<div style=\"height:25px\" aria-hidden=\"true\" class=\"wp-block-spacer\"><\/div>\n\n\n\n<h4 class=\"wp-block-heading\">Festivalul Mill\u00e9vin din Avignon pe 19 noiembrie 2026<\/h4>\n\n\n\n<p class=\"wp-block-paragraph\"><strong>Festivalul Mill\u00e9vin din Avignon<\/strong> are loc joi, 19 noiembrie 2026, \u00eentre orele 18.00 \u0219i 21.00. Marcheaz\u0103 lansarea noii recolte C\u00f4tes du Rh\u00f4ne, cu produc\u0103tori, comercian\u021bi de vin, confrerii viticole, muzic\u0103 \u0219i degust\u0103ri \u00een centrul ora\u0219ului Avignon. Intrarea este gratuit\u0103, iar degust\u0103rile se pl\u0103tesc.<\/p>\n\n\n\n<p class=\"wp-block-paragraph\">\u00cen 2026, <strong>19 noiembrie este \u0219i<\/strong> <strong><span style=\"text-decoration: underline;\">Ziua Beaujolais Nouveau<\/span><\/strong>. Beaujolais se afl\u0103 la c\u00e2teva ore spre nord de Provence, \u00een timp ce Mill\u00e9vin este dedicat clar vinurilor C\u00f4tes du Rh\u00f4ne, a\u0219a c\u0103 \u00een aceea\u0219i zi de joi po\u021bi \u00eent\u00e2lni dou\u0103 tradi\u021bii franceze diferite legate de vinul nou, f\u0103r\u0103 s\u0103 pretindem c\u0103 sunt acela\u0219i lucru.<\/p>\n\n\n\n<p class=\"wp-block-paragraph\"><strong>Ce evenimente au loc la Avignon cu ocazia festivalului Mill\u00e9vin<\/strong> este destul de simplu de rezumat. Ajungi suficient de devreme ca s\u0103 te plimbi prin centrul istoric, m\u0103n\u00e2nci \u00eenainte s\u0103 \u00eenceap\u0103 degust\u0103rile de sear\u0103, apoi intri \u00een atmosfera festivalului de la ora 18.00.<\/p>\n\n\n\n<p class=\"wp-block-paragraph\"><strong>Avignon Mus\u00e9es organizeaz\u0103 \u00een aceea\u0219i sear\u0103 \u0219i una dintre deschiderile sale gratuite p\u00e2n\u0103 t\u00e2rziu<\/strong>, \u00eentre 18.00 \u0219i 21.00, la Mus\u00e9e Lapidaire. Este o alternativ\u0103 bun\u0103 pentru cei care nu beau, pentru familii sau pentru oricine \u0219i-a manifestat deja suficient entuziasmul la standurile de vin.<\/p>\n\n\n\n<div style=\"height:25px\" aria-hidden=\"true\" class=\"wp-block-spacer\"><\/div>\n\n\n\n<figure class=\"wp-block-image size-full\"><img loading=\"lazy\" decoding=\"async\" width=\"792\" height=\"294\" src=\"https:\/\/www.the-travel-bunny.com\/ro\/wp-content\/uploads\/sites\/2\/2026\/08\/Masline-Provence-Piata-Toamna-Produse-Locale.jpg\" alt=\"M\u0103sline verzi \u0219i negre condimentate expuse la o pia\u021b\u0103 din Provence, cu l\u0103m\u00e2ie, ierburi aromatice \u0219i pre\u021buri afi\u0219ate pe kilogram.\" class=\"wp-image-11889\" title=\"\" srcset=\"https:\/\/www.the-travel-bunny.com\/ro\/wp-content\/uploads\/sites\/2\/2026\/08\/Masline-Provence-Piata-Toamna-Produse-Locale.jpg 792w, https:\/\/www.the-travel-bunny.com\/ro\/wp-content\/uploads\/sites\/2\/2026\/08\/Masline-Provence-Piata-Toamna-Produse-Locale-300x111.jpg 300w, https:\/\/www.the-travel-bunny.com\/ro\/wp-content\/uploads\/sites\/2\/2026\/08\/Masline-Provence-Piata-Toamna-Produse-Locale-768x285.jpg 768w\" sizes=\"auto, (max-width: 792px) 100vw, 792px\" \/><figcaption class=\"wp-element-caption\"><em>Pie\u021bele din Provence toamna r\u0103m\u00e2n active pe tot parcursul sezonului, cu m\u0103sline, br\u00e2nzeturi, miere, fructe, legume \u0219i alte specialit\u0103\u021bi regionale pe tarabe. Pie\u021bele s\u0103pt\u0103m\u00e2nale se num\u0103r\u0103 printre cele mai bune pie\u021be locale din Provence \u00een sezonul de toamn\u0103 dac\u0103 vrei s\u0103 vezi ce cump\u0103r\u0103 \u0219i ce m\u0103n\u00e2nc\u0103 oamenii de aici.<\/em><\/figcaption><\/figure>\n\n\n\n<h4 id=\"pie\u021bele-din-provence-care-continua-saptamanal-toamna\" class=\"wp-block-heading\">Pie\u021bele din Provence care continu\u0103 s\u0103pt\u0103m\u00e2nal toamna<\/h4>\n\n\n\n<p class=\"wp-block-paragraph\">S\u0103rb\u0103torile organizate o singur\u0103 dat\u0103 sunt doar o parte din calendar. <strong>Pie\u021bele Provence toamn\u0103<\/strong> continu\u0103 \u00een septembrie, octombrie \u0219i noiembrie, adesea cu mai pu\u021bini vizitatori dec\u00e2t vara \u0219i cu o imagine mult mai clar\u0103 asupra produselor cu adev\u0103rat de sezon.<\/p>\n\n\n\n<p class=\"wp-block-paragraph\"><strong>Cele mai bune pie\u021be \u00een Provence \u00een toamn\u0103<\/strong> sunt cele unde produc\u0103torii locali \u00eenc\u0103 ocup\u0103 un loc vizibil, f\u0103r\u0103 s\u0103 dispar\u0103 printre haine, accesorii \u0219i obiecte de uz casnic importate. Pentru cump\u0103r\u0103turi alimentare, eu a\u0219 pune <strong>Vaison-la-Romaine \u0219i Saint-R\u00e9my-de-Provence<\/strong> sus pe list\u0103, apoi a\u0219 ad\u0103uga pie\u021be mai mici ale produc\u0103torilor \u00een func\u021bie de zona \u00een care stai.<\/p>\n\n\n\n<p class=\"wp-block-paragraph\">Cele mai bune pie\u021be locale din Provence pentru m\u00e2ncare r\u0103spl\u0103tesc \u0219i trezitul devreme. Produc\u0103torii au cantit\u0103\u021bi limitate de ciuperci, smochine, castane, ro\u0219ii t\u00e2rzii, struguri, br\u00e2nzeturi, miere \u0219i orice altceva este gata \u00een s\u0103pt\u0103m\u00e2na respectiv\u0103. Aceea\u0219i pia\u021b\u0103 la 8.30 diminea\u021ba \u0219i aproape de ora \u00eenchiderii poate oferi dou\u0103 experien\u021be de cump\u0103r\u0103turi foarte diferite.<\/p>\n\n\n\n<div style=\"height:25px\" aria-hidden=\"true\" class=\"wp-block-spacer\"><\/div>\n\n\n\n<h4 id=\"vaison-la-romaine-markets-in-october\" class=\"wp-block-heading\">Pie\u021bele din Vaison-la-Romaine \u00een octombrie 2026<\/h4>\n\n\n\n<p class=\"wp-block-paragraph\"><strong>Pie\u021bele tradi\u021bionale de produse locale din Vaison-la-Romaine<\/strong> au loc \u00een fiecare mar\u021bi \u0219i s\u00e2mb\u0103t\u0103 diminea\u021ba, \u00eentre 8.00 \u0219i 12.00. \u00cen octombrie 2026, asta \u00eenseamn\u0103 mar\u021bi pe 6, 13, 20 \u0219i 27 octombrie, plus s\u00e2mb\u0103t\u0103 pe 3, 10, 17, 24 \u0219i 31 octombrie. Produc\u0103torii respect\u0103 o cart\u0103 privind provenien\u021ba \u0219i calitatea, iar pe tarabe g\u0103se\u0219ti fructe \u0219i legume de sezon, produse lactate \u0219i alte alimente locale.<\/p>\n\n\n\n<p class=\"wp-block-paragraph\">Mar\u021bea are loc \u0219i pia\u021ba provensal\u0103 mult mai mare din Vaison, r\u0103sp\u00e2ndit\u0103 prin centrul ora\u0219ului \u0219i deschis\u0103 oficial p\u00e2n\u0103 \u00een jurul orei 13.00. <strong>Tradi\u021bia pie\u021bei de aici dateaz\u0103 din 1483<\/strong>, iar \u00een plin sezon actuala pia\u021b\u0103 poate ajunge la c\u00e2teva sute de tarabe. Dac\u0103 m\u00e2ncarea este principalul t\u0103u interes, eu a\u0219 c\u0103uta mai \u00eent\u00e2i zona produc\u0103torilor \u0219i a\u0219 l\u0103sa \u0219osetele \u0219i ustensilele de buc\u0103t\u0103rie pentru mai t\u00e2rziu.<\/p>\n\n\n\n<div style=\"height:25px\" aria-hidden=\"true\" class=\"wp-block-spacer\"><\/div>\n\n\n\n<h4 id=\"pie\u021bele-din-saint-remy-de-provence-in-toamna-lui-2026\" class=\"wp-block-heading\">Pie\u021bele din Saint-R\u00e9my-de-Provence \u00een toamna lui 2026<\/h4>\n\n\n\n<p class=\"wp-block-paragraph\"><strong>Pia\u021ba din Saint-R\u00e9my-de-Provence<\/strong> are dou\u0103 variante toamna. Marea pia\u021b\u0103 provensal\u0103 ocup\u0103 centrul localit\u0103\u021bii \u00een fiecare miercuri, \u00eentre 8.00 \u0219i 13.00, iar o pia\u021b\u0103 mai mic\u0103 a produc\u0103torilor are loc \u00een fiecare s\u00e2mb\u0103t\u0103, tot \u00eentre 8.00 \u0219i 13.00, pe tot parcursul anului.<\/p>\n\n\n\n<p class=\"wp-block-paragraph\">Pentru m\u00e2ncare, eu prefer pia\u021ba produc\u0103torilor de s\u00e2mb\u0103t\u0103. Pentru atmosfer\u0103 \u0219i r\u0103sfoit printre tarabe, miercurea este evenimentul mai mare. Este una dintre acele zile de pia\u021b\u0103 din Provence \u00een care alegerea zilei dup\u0103 ceea ce cau\u021bi te scute\u0219te de mult\u0103 plimbare printre tarabe care nu au nicio leg\u0103tur\u0103 cu pr\u00e2nzul.<\/p>\n\n\n\n<div style=\"height:25px\" aria-hidden=\"true\" class=\"wp-block-spacer\"><\/div>\n\n\n\n<h4 class=\"wp-block-heading\">L&#8217;Isle-sur-la-Sorgue pentru m\u00e2ncare, ceramic\u0103, brocante \u0219i antichit\u0103\u021bi<\/h4>\n\n\n\n<p class=\"wp-block-paragraph\">L&#8217;Isle-sur-la-Sorgue \u00ee\u0219i p\u0103streaz\u0103 pia\u021ba provensal\u0103 \u00een fiecare joi \u0219i duminic\u0103, \u00eentre 7.00 \u0219i 13.00, pe tot parcursul anului 2026, cu <strong>aproximativ 230 de expozan\u021bi \u00een cea mai mare configura\u021bie<\/strong>. Pia\u021ba de duminic\u0103 devine extrem de aglomerat\u0103 vara, a\u0219a c\u0103 eu recomand joia dac\u0103 preferi, ca mine, o diminea\u021b\u0103 mai simpl\u0103. Toamna situa\u021bia se \u00eembun\u0103t\u0103\u021be\u0219te considerabil.<\/p>\n\n\n\n<p class=\"wp-block-paragraph\"><strong>Cump\u0103r\u0103turile de antichit\u0103\u021bi la L&#8217;Isle-sur-la-Sorgue toamna<\/strong> sunt deosebit de u\u0219or de combinat cu pia\u021ba de duminic\u0103, deoarece pia\u021ba alimentar\u0103 \u0219i provensal\u0103 coincide cu <strong>brocante-ul organizat tot anul pe Avenue des Quatre Otages<\/strong>, deschis \u00eentre 8.00 \u0219i 18.00. Po\u021bi cump\u0103ra legume, br\u00e2nzeturi, ceramic\u0103, mobilier vechi, vesel\u0103 \u0219i ceva complet inutil \u00eenainte de pr\u00e2nz, f\u0103r\u0103 s\u0103 mai mu\u021bi ma\u0219ina.<\/p>\n\n\n\n<p class=\"wp-block-paragraph\">Tocmai combina\u021bia asta este motivul pentru care eu nu a\u0219 reduce pie\u021bele locale din Provence toamna la simple cump\u0103r\u0103turi alimentare. \u00cen locuri precum L&#8217;Isle-sur-la-Sorgue, o diminea\u021b\u0103 de pia\u021b\u0103 \u00eenseamn\u0103 \u0219i ceramic\u0103, textile, antichit\u0103\u021bi, terase de cafenea \u0219i acel foarte serios obicei francez de a examina obiecte pe care, cu cinci minute \u00eenainte, nimeni nu inten\u021biona s\u0103 le cumpere.<\/p>\n\n\n\n<p class=\"wp-block-paragraph\">Calendarul de <strong>evenimente Provence toamn\u0103<\/strong> se lini\u0219te\u0219te spre sf\u00e2r\u0219itul lui noiembrie, dar partea gastronomic\u0103 devine din nou mai interesant\u0103 c\u00e2nd apar primele trufe negre. Aups \u00ee\u0219i deschide pia\u021ba de trufe de iarn\u0103 pe 26 noiembrie, iar Richerenches \u00eencepe sezonul trufelor \u00een jurul jum\u0103t\u0103\u021bii lunii noiembrie.<\/p>\n\n\n\n<p class=\"wp-block-paragraph\">Calendarul de <strong>festivaluri de toamn\u0103 Provence<\/strong> este unul dintre motivele pentru care toamna r\u0103m\u00e2ne sezonul meu preferat. Septembrie \u00eencepe cu struguri \u0219i m\u0103sline verzi, octombrie trece la miere, castane, dovleac \u0219i gutui, iar noiembrie se \u00eencheie cu vin nou \u0219i primele trufe negre. Numele festivalurilor sunt minunat de directe. \u0218tii exact ce a venit toat\u0103 lumea s\u0103 m\u0103n\u00e2nce!<\/p>\n\n\n\n<hr class=\"wp-block-separator has-alpha-channel-opacity\"\/>\n\n\n\n<figure class=\"wp-block-image size-full\"><img loading=\"lazy\" decoding=\"async\" width=\"792\" height=\"990\" src=\"https:\/\/www.the-travel-bunny.com\/ro\/wp-content\/uploads\/sites\/2\/2026\/08\/Harta-Culori-de-Toamna-Provence-Luberon-Verdon-Ventoux.jpg\" alt=\"Hart\u0103 a culorilor de toamn\u0103 din Provence, cu perioadele recomandate pentru Mont Ventoux, Luberon, Alpilles, Verdon, Vaucluse \u0219i Massif des Maures.\" class=\"wp-image-11890\" title=\"\" srcset=\"https:\/\/www.the-travel-bunny.com\/ro\/wp-content\/uploads\/sites\/2\/2026\/08\/Harta-Culori-de-Toamna-Provence-Luberon-Verdon-Ventoux.jpg 792w, https:\/\/www.the-travel-bunny.com\/ro\/wp-content\/uploads\/sites\/2\/2026\/08\/Harta-Culori-de-Toamna-Provence-Luberon-Verdon-Ventoux-240x300.jpg 240w, https:\/\/www.the-travel-bunny.com\/ro\/wp-content\/uploads\/sites\/2\/2026\/08\/Harta-Culori-de-Toamna-Provence-Luberon-Verdon-Ventoux-768x960.jpg 768w\" sizes=\"auto, (max-width: 792px) 100vw, 792px\" \/><figcaption class=\"wp-element-caption\"><em>Cele mai bune locuri de vizitat \u00een Provence toamna se schimb\u0103 odat\u0103 cu culorile viilor \u0219i p\u0103durilor din diferite zone ale regiunii. Folose\u0219te harta pentru a planifica unde s\u0103 vezi culorile de toamn\u0103 \u00een Provence de la sf\u00e2r\u0219itul lui septembrie p\u00e2n\u0103 la jum\u0103tatea lui noiembrie.<\/em><\/figcaption><\/figure>\n\n\n\n<h2 id=\"unde-sa-mergi-in-provence-toamna\" class=\"wp-block-heading\">Unde s\u0103 mergi \u00een Provence toamna<\/h2>\n\n\n\n<p class=\"wp-block-paragraph\">Nu privi niciodat\u0103 Provence ca pe o singur\u0103 destina\u021bie, mai ales toamna. Pe coast\u0103 poate fi \u00eenc\u0103 suficient de cald pentru pr\u00e2nz \u00een aer liber, \u00een timp ce \u00een Verdon dimine\u021bile au devenit deja mai reci. Viile \u00ee\u0219i schimb\u0103 culoarea \u00eenaintea unei mari p\u0103r\u021bi din vegeta\u021bia mediteranean\u0103. Satele mici devin mai u\u0219or de vizitat dup\u0103 ce se r\u0103resc mul\u021bimile din timpul verii, iar ora\u0219e precum Aix-en-Provence, Avignon, Arles \u0219i Marseille au suficient\u0103 via\u021b\u0103 pe tot parcursul anului \u00eenc\u00e2t s\u0103 salveze chiar \u0219i o zi ploioas\u0103.<\/p>\n\n\n\n<p class=\"wp-block-paragraph\"><strong>Satele din Provence toamna pe care eu le-a\u0219 pune pe primul plan se afl\u0103 \u00een principal \u00een Luberon \u0219i Alpilles.<\/strong> Gordes, Roussillon, Bonnieux, Lourmarin, Saint-R\u00e9my-de-Provence, Les Baux-de-Provence, Eygali\u00e8res \u0219i Maussane-les-Alpilles sunt toate alegeri bune dac\u0103 te g\u00e2nde\u0219ti la <strong>ce s\u0103 vezi \u00een Provence toamna<\/strong>. \u00cen zona Saint-R\u00e9my, Les Baux, Mouri\u00e8s, Eygali\u00e8res, Fontvieille \u0219i Maussane sunt zece sate, legate \u00eentre ele de podgorii, livezi de m\u0103slini, pie\u021be \u0219i trasee de plimbare.<\/p>\n\n\n\n<p class=\"wp-block-paragraph\"><strong>Cele mai bune sate de vizitat \u00een Provence \u00een toamn\u0103<\/strong> sunt \u0219i cele ale c\u0103ror \u00eemprejurimi devin mai interesante odat\u0103 cu sezonul. Viile din Luberon \u00eencep s\u0103-\u0219i schimbe culoarea, livezile de m\u0103slini intr\u0103 din nou \u00een prim-plan \u00eenainte de recolt\u0103, iar temperaturile mai sc\u0103zute fac plimb\u0103rile prin satele de pe dealuri mult mai suportabile dec\u00e2t \u00een iulie.<\/p>\n\n\n\n<p class=\"has-extra-info-background-color has-background wp-block-paragraph\"><strong>Sfatul The Travel Bunny:<\/strong> Dintre cele mai frumoase sate din Provence de vizitat toamna, eu a\u0219 pune sus pe list\u0103 Gordes, Bonnieux, Roussillon, Les Baux-de-Provence \u0219i Eygali\u00e8res, dar a\u0219 alege \u00eentre ele \u00een func\u021bie de restul itinerarului din ziua respectiv\u0103.<\/p>\n\n\n\n<p class=\"wp-block-paragraph\"><strong>Cele mai frumoase sate din Provence toamna nu sunt \u00eentotdeauna \u0219i cele mai cunoscute.<\/strong> Mouri\u00e8s devine deosebit de interesant \u00een perioada recoltei de m\u0103sline, iar sate mai mici din Alpilles, precum Aureille, Fontvieille \u0219i Maussane, \u00ee\u021bi arat\u0103 mai u\u0219or via\u021ba local\u0103 dup\u0103 ce turismul de var\u0103 se retrage. Eygali\u00e8res \u00ee\u0219i p\u0103streaz\u0103 pia\u021ba de vineri, iar podgoriile \u0219i livezile de m\u0103slini din jur fac ca oprirea aici s\u0103 se integreze firesc \u00eentr-o zi mai ampl\u0103, nu s\u0103 r\u0103m\u00e2n\u0103 o vizit\u0103 izolat\u0103 \u00eentr-un sat.<\/p>\n\n\n\n<p class=\"wp-block-paragraph\">Printre <strong>atrac\u021biile turistice din Provence toamna<\/strong> se num\u0103r\u0103 \u0219i ora\u0219ele. <strong>Aix-en-Provence, Avignon, Arles \u0219i Marseille<\/strong> au muzee, restaurante, pie\u021be, monumente \u0219i suficiente variante la interior pentru a salva orice dup\u0103-amiaz\u0103 ploioas\u0103. Eu a\u0219 alege tot mai des aceste locuri spre sf\u00e2r\u0219itul sezonului, c\u00e2nd satele turistice mai mici \u00eencep s\u0103 reduc\u0103 zilele de func\u021bionare, iar apusurile timpurii fac itinerarele rurale lungi mai pu\u021bin tentante.<\/p>\n\n\n\n<p class=\"wp-block-paragraph\"><strong>Cele mai bune locuri de vizitat \u00een Provence \u00een octombrie<\/strong> sunt r\u0103sp\u00e2ndite pe o zon\u0103 mult mai mare. \u00cen aceast\u0103 lun\u0103, eu a\u0219 combina f\u0103r\u0103 probleme o zi prin satele din Luberon cu podgorii, a\u0219 petrece o alt\u0103 zi \u00een Alpilles, apoi a\u0219 merge spre Verdon sau spre coasta mediteranean\u0103 dac\u0103 prognoza este favorabil\u0103. Octombrie se potrive\u0219te foarte bine acestui tip de c\u0103l\u0103torie mixt\u0103, pentru c\u0103 pe coast\u0103 po\u021bi avea \u00eenc\u0103 vreme cald\u0103, \u00een timp ce \u00een interiorul regiunii toamna este deja mult mai vizibil\u0103.<\/p>\n\n\n\n<p class=\"wp-block-paragraph\">Aix-en-Provence este o baz\u0103 practic\u0103 dac\u0103 nu vrei s\u0103 schimbi hotelul \u00een fiecare sear\u0103. <strong>Excursiile de o zi din Aix-en-Provence toamna<\/strong> pot ajunge \u00een Luberon, Alpilles, Cassis, Verdon, Avignon, Arles \u0219i \u00een regiunile viticole din apropiere. <strong><a href=\"https:\/\/www.aixenprovencetourism.com\/en\/\" target=\"_blank\" rel=\"noreferrer noopener\">Oficiul de turism din Aix-en-Provence<\/a><\/strong> organizeaz\u0103 \u00een prezent excursii din ora\u0219 c\u0103tre toate aceste zone, ceea ce este util dac\u0103 nu vrei s\u0103 \u00eenchiriezi o ma\u0219in\u0103.<\/p>\n\n\n\n<p class=\"wp-block-paragraph\"><strong>Excursiile de o zi din Avignon toamna<\/strong> se potrivesc \u00een mod natural mai bine cu partea vestic\u0103 a regiunii. Luberon, Ch\u00e2teauneuf-du-Pape, Saint-R\u00e9my-de-Provence, Les Baux-de-Provence, Alpilles \u0219i siturile romane din jurul Ronului se integreaz\u0103 mai bine \u00eentr-un itinerar pornind de aici dec\u00e2t de pe C\u00f4te d&#8217;Azur. Avignon este \u0219i o baz\u0103 potrivit\u0103 mai t\u00e2rziu \u00een toamn\u0103, pentru c\u0103 ora\u0219ul r\u0103m\u00e2ne activ dup\u0103 ce micile sta\u021biuni sezoniere au \u00eenceput deja s\u0103-\u0219i reduc\u0103 activitatea.<\/p>\n\n\n\n<p class=\"wp-block-paragraph\">Acestea sunt zonele principale \u00een jurul c\u0103rora eu a\u0219 construi un <strong>ghid complet despre ce s\u0103 vizitezi \u00een Provence toamna<\/strong>. Urm\u0103toarea alegere \u021bine mai pu\u021bin de clasarea fiec\u0103rui ora\u0219 \u0219i sat provensal de la primul p\u00e2n\u0103 la al dou\u0103zecilea loc \u0219i mai mult de potrivirea fiec\u0103rei zone cu luna, vremea \u0219i tipul de zi pe care \u00eel vrei cu adev\u0103rat.<\/p>\n\n\n\n<div style=\"height:25px\" aria-hidden=\"true\" class=\"wp-block-spacer\"><\/div>\n\n\n\n<h3 class=\"wp-block-heading\">Satele din Luberon \u0219i Alpilles. Gordes, Roussillon, Bonnieux, Saint-R\u00e9my \u0219i Les Baux<\/h3>\n\n\n\n<p class=\"wp-block-paragraph\">O zi reu\u0219it\u0103 prin <strong>Luberon toamna<\/strong> are nevoie de mai pu\u021bine sate dec\u00e2t sugereaz\u0103 majoritatea itinerarelor. <strong>Gordes, Roussillon, Bonnieux, M\u00e9nerbes, Lacoste \u0219i Lourmarin<\/strong> sunt suficient de apropiate pe hart\u0103 \u00eenc\u00e2t s\u0103 te tenteze s\u0103 le bifezi pe toate ca pe ni\u0219te Pokemoni. \u00cen realitate, str\u0103zile abrupte, dimine\u021bile de pia\u021b\u0103, pr\u00e2nzul, parcarea \u0219i drumurile mici dintre sate consum\u0103 foarte eficient orele zilei. Eu a\u0219 alege cel mult dou\u0103 sau trei locuri \u0219i a\u0219 petrece restul timpului prin zona rural\u0103 dintre ele.<\/p>\n\n\n\n<p class=\"wp-block-paragraph\"><strong>Luberon toamna<\/strong> este deosebit de pl\u0103cut fiindc\u0103 satele nu mai trebuie s\u0103 concureze at\u00e2t de agresiv cu traficul de var\u0103. Podgoriile, livezile \u0219i terenurile agricole \u00ee\u021bi dau destule motive s\u0103 prive\u0219ti pe geam, iar temperaturile mai sc\u0103zute fac str\u0103zile satelor coco\u021bate pe dealuri mult mai u\u0219or de parcurs.<\/p>\n\n\n\n<p class=\"has-extra-info-background-color has-background wp-block-paragraph\"><strong>Sfatul The Travel Bunny din experien\u021b\u0103 local\u0103:<\/strong> Parc naturel r\u00e9gional du Luberon men\u021bine o <strong><a href=\"https:\/\/www.cheminsdesparcs.fr\/search?practices=1%2C2%2C3%2C4&amp;districts=17\" target=\"_blank\" rel=\"noreferrer noopener\">re\u021bea ampl\u0103 de trasee marcate prin Chemins des Parcs<\/a><\/strong>. G\u0103se\u0219ti acolo lungimea traseului, durata, diferen\u021ba de nivel, dificultatea, h\u0103r\u021bi, detalii de acces, parc\u0103ri, avertismente \u0219i fi\u0219e de traseu desc\u0103rcabile pentru <strong>cele mai bune drume\u021bii \u00een Luberon toamna<\/strong> \u0219i \u00een restul anului.<\/p>\n\n\n\n<p class=\"wp-block-paragraph\">O <strong>c\u0103l\u0103torie \u00een Luberon \u00een octombrie<\/strong> este o alegere foarte bun\u0103 dac\u0103 plimb\u0103rile prin sate \u0219i podgoriile sunt mai importante pentru tine dec\u00e2t \u00eenotul. Octombrie ofer\u0103 \u0219i o suprapunere util\u0103 \u00eentre pie\u021be \u00eenc\u0103 active, atrac\u021bii deschise, perioada recoltelor \u0219i primele culori intense ale toamnei.<\/p>\n\n\n\n<p class=\"wp-block-paragraph\">Eu a\u0219 construi un <strong>itinerar prin Luberon toamna<\/strong> concentr\u00e2ndu-m\u0103 pe c\u00e2te o parte a v\u0103ii. Gordes \u0219i Roussillon se potrivesc firesc \u00een aceea\u0219i zi fiindc\u0103 sunt apropiate, iar Bonnieux, Lacoste \u0219i M\u00e9nerbes formeaz\u0103 un alt grup compact, mai spre sud \u0219i vest. Dac\u0103 adaugi \u0219i Lourmarin \u00een aceea\u0219i zi, trebuie s\u0103 traversezi Petit Luberon prin Combe de Lourmarin. Se poate, dar ziua dedicat\u0103 satelor ajunge s\u0103 \u00eensemne destul de mult condus.<\/p>\n\n\n\n<div style=\"height:25px\" aria-hidden=\"true\" class=\"wp-block-spacer\"><\/div>\n\n\n\n<h4 id=\"gordes-toamna\" class=\"wp-block-heading\">Gordes toamna<\/h4>\n\n\n\n<p class=\"wp-block-paragraph\"><strong>Gordes toamna<\/strong> r\u0103m\u00e2ne aglomerat dup\u0103 standardele unui sat provensal, dar diferen\u021ba fa\u021b\u0103 de plin sezon este considerabil\u0103. Satul se ridic\u0103 deasupra v\u0103ii Calavon, iar o mare parte din vizit\u0103 presupune str\u0103zi abrupte din piatr\u0103. Mar\u021bea diminea\u021ba este zi de pia\u021b\u0103, a\u0219a c\u0103 eu fie a\u0219 ajunge devreme \u0219i a\u0219 r\u0103m\u00e2ne pentru pia\u021b\u0103, fie a\u0219 alege alt\u0103 zi dac\u0103 mi-a\u0219 dori o vizit\u0103 c\u00e2t mai lini\u0219tit\u0103.<\/p>\n\n\n\n<p class=\"wp-block-paragraph\">O vizit\u0103 la <strong>Gordes, sat provensal toamna<\/strong>, \u00ee\u021bi ofer\u0103 \u0219i acces la <strong>Gorges de V\u00e9roncle, \u00eentre Gordes \u0219i Murs<\/strong>. Cheile se \u00eentind pe 7,5 km \u0219i p\u0103streaz\u0103 ruinele a zece vechi mori de f\u0103in\u0103, iar traseele de mers pe jos pornesc din Gordes, Murs sau din parcarea Grailles. \u00cen opinia mea, este o utilizare mai bun\u0103 a unei dimine\u021bi senine de toamn\u0103 dec\u00e2t trei ore petrecute f\u0103c\u00e2nd ture printre magazinele de suveniruri.<\/p>\n\n\n\n<p class=\"wp-block-paragraph\">Pentru un <strong>itinerar de toamn\u0103 \u00een Gordes<\/strong>, eu a\u0219 combina satul fie cu Gorges de V\u00e9roncle, fie cu Roussillon, aflat \u00een apropiere, \u00een loc s\u0103 mai adaug \u00eenc\u0103 patru sate \u00een aceea\u0219i zi. Gordes \u00een sine este mic, dar zona rural\u0103 din jur d\u0103 sens vizitei. Priveli\u0219tea asupra v\u0103ii se apreciaz\u0103 \u0219i mai bine dup\u0103 ce ai trecut cu ma\u0219ina prin podgoriile, livezile \u0219i c\u00e2mpurile de jos.<\/p>\n\n\n\n<div style=\"height:25px\" aria-hidden=\"true\" class=\"wp-block-spacer\"><\/div>\n\n\n\n<figure class=\"wp-block-image size-full\"><img loading=\"lazy\" decoding=\"async\" width=\"792\" height=\"294\" src=\"https:\/\/www.the-travel-bunny.com\/ro\/wp-content\/uploads\/sites\/2\/2026\/08\/Roussillon-Provence-Toamna-Stanci-Ocru-Luberon.jpg\" alt=\"St\u00e2ncile de ocru din Roussillon, \u00een Luberon, cu forma\u021biuni portocalii \u0219i ro\u0219iatice \u00eenconjurate de p\u0103dure verde \u0219i dealurile Provence.\" class=\"wp-image-11891\" title=\"\" srcset=\"https:\/\/www.the-travel-bunny.com\/ro\/wp-content\/uploads\/sites\/2\/2026\/08\/Roussillon-Provence-Toamna-Stanci-Ocru-Luberon.jpg 792w, https:\/\/www.the-travel-bunny.com\/ro\/wp-content\/uploads\/sites\/2\/2026\/08\/Roussillon-Provence-Toamna-Stanci-Ocru-Luberon-300x111.jpg 300w, https:\/\/www.the-travel-bunny.com\/ro\/wp-content\/uploads\/sites\/2\/2026\/08\/Roussillon-Provence-Toamna-Stanci-Ocru-Luberon-768x285.jpg 768w\" sizes=\"auto, (max-width: 792px) 100vw, 792px\" \/><figcaption class=\"wp-element-caption\"><em>Roussillon toamna r\u0103m\u00e2ne \u00eenc\u0103 foarte verde la \u00eenceputul sezonului, iar celebrele st\u00e2nci de ocru atrag cea mai mare parte a aten\u021biei. Este o oprire clasic\u0103 pentru un traseu cu ma\u0219ina prin Luberon \u0219i Alpilles toamna, mai ales \u00eenainte s\u0103 apar\u0103 culorile mai t\u00e2rzii ale sezonului.<\/em><\/figcaption><\/figure>\n\n\n\n<h4 id=\"roussillon-toamna\" class=\"wp-block-heading\">Roussillon toamna<\/h4>\n\n\n\n<p class=\"wp-block-paragraph\"><strong>Roussillon toamna<\/strong> are o palet\u0103 complet diferit\u0103. Satul se afl\u0103 \u00een zona ocrului din Luberon, iar <strong>traseul de ocru din Roussillon, Sentier des Ocres<\/strong>, trece prin fostele cariere chiar l\u00e2ng\u0103 sat. Traseul r\u0103m\u00e2ne deschis pe tot parcursul lunii octombrie, \u00eentre 10.00 \u0219i 17.00, cu ultima intrare la 16.30, dac\u0103 vremea permite. \u00centre 1 \u0219i 15 noiembrie, programul se scurteaz\u0103 la 11.00-16.00. Intrarea cost\u0103 3,50 \u20ac pentru adul\u021bi.<\/p>\n\n\n\n<p class=\"wp-block-paragraph\"><strong>Ocrul din Roussillon toamna<\/strong> are tocmai avantajul c\u0103 nu depinde de frunzi\u0219. Chiar \u0219i \u00eentr-un an \u00een care copacii nu ofer\u0103 mare lucru, st\u00e2ncile p\u0103streaz\u0103 nuan\u021be minerale de ro\u0219u, ruginiu, portocaliu \u0219i galben. Circuitul scurt \u0219i cel lung dureaz\u0103 aproximativ 30-60 de minute, a\u0219a c\u0103 po\u021bi combina traseul cu vizita satului f\u0103r\u0103 s\u0103 transformi \u00eentreaga zi \u00eentr-o drume\u021bie.<\/p>\n\n\n\n<div style=\"height:25px\" aria-hidden=\"true\" class=\"wp-block-spacer\"><\/div>\n\n\n\n<h4 id=\"bonnieux-toamna\" class=\"wp-block-heading\">Bonnieux toamna<\/h4>\n\n\n\n<p class=\"wp-block-paragraph\">Bonnieux este satul pe care eu l-a\u0219 alege pentru pozi\u021bia \u00eenalt\u0103, pia\u021b\u0103 \u0219i priveli\u0219ti peste vale, f\u0103r\u0103 aglomera\u021bia \u0219i intensitatea din Gordes. <strong>Bonnieux toamna<\/strong> este cel mai pl\u0103cut vinerea diminea\u021ba, c\u00e2nd pia\u021ba s\u0103pt\u0103m\u00e2nal\u0103 umple <strong>Place du Terrail \u0219i Rue d&#8217;Ittenheim<\/strong> cu produc\u0103tori \u0219i artizani locali. Satul vechi urc\u0103 abrupt spre biserica de sus, de unde se deschid priveli\u0219ti spre Lacoste, Monts de Vaucluse \u0219i Mont Ventoux.<\/p>\n\n\n\n<p class=\"wp-block-paragraph\">Bonnieux are \u0219i o oprire viticol\u0103 practic\u0103 \u00een afara satului. <strong>BOR\u00c9LIS, Cave de Bonnieux<\/strong>, r\u0103m\u00e2ne deschis p\u00e2n\u0103 pe 31 octombrie 2026, apoi se redeschide din 3 noiembrie cu programul de iarn\u0103. Degust\u0103rile sunt gratuite, iar crama se afl\u0103 la aproximativ 100 de metri de <strong>pista verde Calavon<\/strong>.<\/p>\n\n\n\n<div style=\"height:25px\" aria-hidden=\"true\" class=\"wp-block-spacer\"><\/div>\n\n\n\n<p class=\"wp-block-paragraph\"><strong>Cele mai bune drume\u021bii \u00een Luberon toamna<\/strong> depind de c\u00e2t de solicitant vrei s\u0103 fie traseul. Gorges de V\u00e9roncle combin\u0103 st\u00e2nci, mori vechi \u0219i o cheie propriu-zis\u0103 aproape de Gordes. Pentru zile mai scurte, traseele mai u\u0219oare printre vii \u0219i pe l\u00e2ng\u0103 sate sunt o alegere mai bun\u0103.<\/p>\n\n\n\n<p class=\"wp-block-paragraph\">Alegerea locului unde s\u0103 stai \u00een Valea Luberon toamna depinde de c\u00e2t de mult vrei s\u0103 conduci seara. Apt este practic pentru pie\u021be, servicii \u0219i acces c\u0103tre mai multe sate. Bonnieux \u0219i M\u00e9nerbes pot fi baze mai lini\u0219tite. Gordes este convenabil pentru partea de nord a v\u0103ii, dar de obicei cost\u0103 mai mult. Lourmarin este cea mai bun\u0103 alegere dac\u0103 planurile tale includ Aix-en-Provence sau sudul Luberonului.<\/p>\n\n\n\n<p class=\"has-extra-info-background-color has-background wp-block-paragraph\"><strong>Sfatul The Travel Bunny pentru Luberon:<\/strong> mai t\u00e2rziu \u00een toamn\u0103, eu a\u0219 prefera o localitate cu restaurante deschise tot anul \u00een locul unui c\u0103tun minuscul unde op\u021biunile pentru cin\u0103 dispar p\u00e2n\u0103 mar\u021bi.<\/p>\n\n\n\n<div style=\"height:25px\" aria-hidden=\"true\" class=\"wp-block-spacer\"><\/div>\n\n\n\n<h4 id=\"ghid-pentru-alpilles-toamna\" class=\"wp-block-heading\">Ghid pentru Alpilles toamna<\/h4>\n\n\n\n<p class=\"wp-block-paragraph\">Eu mi-a\u0219 construi excursia prin Alpilles \u00een jurul localit\u0103\u021bilor <strong>Saint-R\u00e9my-de-Provence, Les Baux-de-Provence, Maussane-les-Alpilles, Mouri\u00e8s \u0219i Eygali\u00e8res<\/strong>. Aici, culmile de calcar, livezile de m\u0103slini, podgoriile, drumurile agricole \u0219i satele unde via\u021ba local\u0103 r\u0103m\u00e2ne activ\u0103 \u0219i dup\u0103 var\u0103 se succed pe tot parcursul traseului.<\/p>\n\n\n\n<p class=\"wp-block-paragraph\"><strong>Saint-R\u00e9my-de-Provence<\/strong> este cea mai simpl\u0103 baz\u0103 \u00een Alpilles, pentru c\u0103 are magazine, restaurante, situri romane, pie\u021be \u0219i drumuri directe spre Les Baux, Eygali\u00e8res \u0219i Avignon. <strong>Pia\u021ba de toamn\u0103 din Saint-R\u00e9my<\/strong> are loc \u00een fiecare miercuri, \u00eentre 8.00 \u0219i 13.00, \u0219i se \u00eentinde prin Place de la R\u00e9publique \u0219i centrul istoric. O pia\u021b\u0103 mai mic\u0103 a produc\u0103torilor are loc \u0219i \u00een fiecare s\u00e2mb\u0103t\u0103 diminea\u021ba, pe tot parcursul anului.<\/p>\n\n\n\n<p class=\"wp-block-paragraph\"><strong>Eu a\u0219 alege miercurea<\/strong> pentru o diminea\u021b\u0103 \u00eentreag\u0103 de pia\u021b\u0103, apoi a\u0219 pleca din Saint-R\u00e9my dup\u0103 pr\u00e2nz. Pia\u021ba mare are ierburi aromatice, m\u0103sline, ulei, fructe, legume, miere, flori, haine \u0219i obiecte pentru cas\u0103. S\u00e2mb\u0103ta este mai potrivit\u0103 dac\u0103 principalul scop este s\u0103 cumperi m\u00e2ncare direct de la produc\u0103torii locali, \u00een loc s\u0103 petreci o or\u0103 examin\u00e2nd c\u0103m\u0103\u0219i din in pe care nu aveai nicio inten\u021bie s\u0103 le cumperi.<\/p>\n\n\n\n<p class=\"wp-block-paragraph\"><strong>Les Baux-de-Provence<\/strong> merit\u0103 explorat \u0219i dincolo de satul fortificat. Mai multe domenii viticole \u0219i produc\u0103toare de ulei de m\u0103sline se afl\u0103 chiar \u00een jurul promontoriului calcaros, inclusiv <strong>Mas de la Dame \u0219i Mas Sainte Berthe<\/strong>, iar Moulin Castelas produce ulei de m\u0103sline \u00een apropiere.<\/p>\n\n\n\n<p class=\"wp-block-paragraph\">Pentru un <strong>traseu turistic prin Alpilles<\/strong> \u00een perioada recoltei, cele mai utile drumuri leag\u0103 Saint-R\u00e9my de Les Baux, Maussane, Mouri\u00e8s \u0219i Eygali\u00e8res. Eu a\u0219 porni din Saint-R\u00e9my, a\u0219 cobor\u00ee spre Les Baux, a\u0219 continua prin Maussane \u0219i Mouri\u00e8s, apoi a\u0219 reveni \u00een bucl\u0103 spre Eygali\u00e8res. Traseul trece pe l\u00e2ng\u0103 podgorii, livezi de m\u0103slini \u0219i mai multe domenii, printre care Mas de la Dame l\u00e2ng\u0103 Les Baux, Mas de Gourgonnier la Mouri\u00e8s \u0219i Domaine de la Vallongue aproape de Eygali\u00e8res.<\/p>\n\n\n\n<p class=\"wp-block-paragraph\"><strong>Mouri\u00e8s devine deosebit de interesant mai t\u00e2rziu \u00een toamn\u0103<\/strong>, pentru c\u0103 aici m\u0103slinii fac parte din agricultura de zi cu zi, nu sunt doar copaci decorativi planta\u021bi \u00een jurul piscinelor hotelurilor. Eygali\u00e8res \u00eencheie traseul \u00eentr-un ritm mai lini\u0219tit, cu podgorii \u0219i livezi de m\u0103slini \u00een jurul satului \u0219i o pia\u021b\u0103 provensal\u0103 mare \u00een fiecare vineri diminea\u021ba.<\/p>\n\n\n\n<p class=\"wp-block-paragraph\"><strong>Eu a\u0219 \u00eemp\u0103r\u021bi Luberon \u0219i Alpilles \u00een zile separate<\/strong>. Pe o hart\u0103 regional\u0103 par apropiate, dar fiecare zon\u0103 merit\u0103 timp \u0219i \u00een afara satelor cunoscute. Toamna, drumurile, podgoriile, pie\u021bele, livezile de m\u0103slini \u0219i traseele dintre numele celebre sunt adesea chiar motivul pentru care eu a\u0219 merge acolo.<\/p>\n\n\n\n<hr class=\"wp-block-separator has-alpha-channel-opacity is-style-dots\"\/>\n\n\n\n<h3 class=\"wp-block-heading\">Aix-en-Provence, Avignon \u0219i Arles. Cele mai bune alegeri c\u00e2nd sezonul devine mai lini\u0219tit<\/h3>\n\n\n\n<p class=\"wp-block-paragraph\">Dup\u0103 ce satele mai mici \u00eencep s\u0103 reduc\u0103 zilele de deschidere, eu a\u0219 muta o parte din c\u0103l\u0103toria de toamn\u0103 spre Aix-en-Provence, Avignon \u0219i Arles. Sunt ora\u0219e cu <strong>muzee, pie\u021be, restaurante, monumente \u0219i locuitori pe tot parcursul anului<\/strong>, suficiente pentru a umple f\u0103r\u0103 probleme o dup\u0103-amiaz\u0103 ploioas\u0103 sau o zi de luni din noiembrie, f\u0103r\u0103 s\u0103 fii nevoit s\u0103-\u021bi reorganizezi \u00eentreaga zi din cauza unei singure u\u0219i \u00eenchise.<\/p>\n\n\n\n<div style=\"height:25px\" aria-hidden=\"true\" class=\"wp-block-spacer\"><\/div>\n\n\n\n<h4 id=\"aix-en-provence-toamna\" class=\"wp-block-heading\">Aix-en-Provence toamna<\/h4>\n\n\n\n<p class=\"wp-block-paragraph\">C\u0103l\u0103toriile la <strong>Aix-en-Provence toamna<\/strong> sunt <strong>cel mai u\u0219or de organizat \u00een septembrie \u0219i octombrie<\/strong>, c\u00e2nd zilele sunt \u00eenc\u0103 suficient de lungi pentru centrul istoric, zona Sainte-Victoire \u0219i unul sau dou\u0103 muzee, f\u0103r\u0103 s\u0103 te gr\u0103be\u0219ti. Ora\u0219ul poate fi \u0219i o baz\u0103 practic\u0103 dac\u0103 preferi s\u0103 despachetezi o singur\u0103 dat\u0103 \u0219i s\u0103 faci excursii de aici prin zonele rurale.<\/p>\n\n\n\n<p class=\"wp-block-paragraph\">Un sejur \u00een Aix-en-Provence \u00een octombrie are un avantaj deosebit \u00een 2026. Atelier des Lauves, ultimul atelier al lui C\u00e9zanne, s-a redeschis pe 4 iulie dup\u0103 restaurare \u0219i r\u0103m\u00e2ne deschis p\u00e2n\u0103 pe 31 octombrie. \u00cen octombrie, \u00eel po\u021bi vizita zilnic \u00eentre 10.00 \u0219i 17.00, cu ultima plecare la ora 16.00. Biletele la tarif \u00eentreg cost\u0103 \u00eentre 9,50 \u20ac \u0219i 15 \u20ac, \u00een func\u021bie de tipul vizitei, iar rezervarea este recomandat\u0103 insistent, deoarece num\u0103rul de locuri este limitat.<\/p>\n\n\n\n<p class=\"wp-block-paragraph\"><strong>Vizitarea atelierului lui C\u00e9zanne din Aix-en-Provence toamna<\/strong> cap\u0103t\u0103 mai mult sens c\u00e2nd \u0219tii ce reprezint\u0103 \u00eenc\u0103perea. C\u00e9zanne a construit atelierul pe colina Lauves \u00een 1901 \u0219i a lucrat aici \u00een ultimii patru ani ai vie\u021bii. Mobilierul, materialele de pictur\u0103 \u0219i obiectele familiare au r\u0103mas \u00een interior, inclusiv deschiderea \u00eenalt\u0103 t\u0103iat\u0103 \u00een peretele nordic, prin care putea scoate \u0219i introduce p\u00e2nze de mari dimensiuni.<\/p>\n\n\n\n<p class=\"has-extra-info-background-color has-background wp-block-paragraph\"><strong>Sfatul The Travel Bunny pentru Aix:<\/strong> Perioada vizitei merit\u0103 verificat\u0103 atent dac\u0103 vacan\u021ba ta se prelunge\u0219te \u00een noiembrie. Atelier des Lauves se \u00eenchide dup\u0103 31 octombrie, a\u0219a c\u0103 eu l-a\u0219 vizita mai devreme, \u00een loc s\u0103-l p\u0103strez pentru partea cea mai lini\u0219tit\u0103 a c\u0103l\u0103toriei. Aix-ul lui C\u00e9zanne are trei situri principale, completate de Bastide du Jas de Bouffan \u0219i Carri\u00e8res de Bib\u00e9mus.<\/p>\n\n\n\n<p class=\"wp-block-paragraph\">Aix este \u0219i una dintre bazele mai u\u0219or de folosit \u00een Provence f\u0103r\u0103 ma\u0219in\u0103. <strong>Excursiile de o zi cu plecare din Aix-en-Provence toamna<\/strong> pot include satele din Luberon, domenii viticole \u0219i combina\u021bii \u00eentre Gordes, Roussillon, Lourmarin \u0219i Fontaine-de-Vaucluse.<\/p>\n\n\n\n<p class=\"wp-block-paragraph\"><strong>Excursiile de o zi \u00een Provence toamna din Aix<\/strong> r\u0103m\u00e2n o idee bun\u0103 \u0219i dup\u0103 ce sezonul excursiilor estivale s-a lini\u0219tit. Avignon, Pont du Gard, Luberon \u0219i Alpilles se num\u0103r\u0103 \u0219i ele printre destina\u021biile la care po\u021bi ajunge din Aix. Dac\u0103 nu-\u021bi place s\u0103 conduci pe drumurile \u00eenguste dintre sate sau preferi ca altcineva s\u0103 se ocupe de degust\u0103rile de vin \u0219i de parcare, Aix este una dintre bazele mai potrivite pentru toamn\u0103.<\/p>\n\n\n\n<div style=\"height:25px\" aria-hidden=\"true\" class=\"wp-block-spacer\"><\/div>\n\n\n\n<h4 id=\"avignon-toamna\" class=\"wp-block-heading\">Avignon toamna<\/h4>\n\n\n\n<p class=\"wp-block-paragraph\"><strong>Avignon toamna<\/strong> este baza pe care eu a\u0219 alege-o pentru partea de vest a regiunii Provence. <strong>Ch\u00e2teauneuf-du-Pape, Alpilles, Saint-R\u00e9my-de-Provence, Luberon \u0219i Pont du Gard<\/strong> sunt toate mai u\u0219or accesibile de aici dec\u00e2t de pe coasta mediteranean\u0103.<\/p>\n\n\n\n<p class=\"wp-block-paragraph\">O c\u0103l\u0103torie la Avignon \u00een octombrie \u00ee\u021bi ofer\u0103 \u00eenc\u0103 o gam\u0103 larg\u0103 de sate \u0219i regiuni viticole \u00een apropiere, iar noiembrie aduce un alt motiv pentru a r\u0103m\u00e2ne aici. Mill\u00e9vin ocup\u0103 centrul ora\u0219ului Avignon joi, 19 noiembrie 2026, \u00eentre orele 18.00 \u0219i 21.00. Festivalul celebreaz\u0103 <strong>lansarea noii recolte C\u00f4tes du Rh\u00f4ne<\/strong> cu viticultori, comercian\u021bi de vin, confrerii viticole, muzic\u0103 \u0219i degust\u0103ri contra cost. Participarea este gratuit\u0103.<\/p>\n\n\n\n<p class=\"has-extra-info-background-color has-background wp-block-paragraph\"><strong>Ce po\u021bi face \u00een Avignon \u00een timpul festivalului Mill\u00e9vin:<\/strong> Eu a\u0219 petrece dup\u0103-amiaza prin centrul istoric \u0219i la Palais des Papes, a\u0219 m\u00e2nca \u00eenainte ca festivalul s\u0103 se aglomereze, apoi a\u0219 merge la Mill\u00e9vin c\u00e2nd \u00eencep degust\u0103rile.<\/p>\n\n\n\n<p class=\"wp-block-paragraph\">Alege cazarea \u00eentr-una dintre <strong>cele mai bune baze pentru excursii de o zi \u00een Provence toamna din Avignon<\/strong>. Saint-R\u00e9my-de-Provence \u0219i Les Baux se afl\u0103 spre sud, \u00een direc\u021bia Alpilles, Ch\u00e2teauneuf-du-Pape este la nord, iar Luberon se \u00eentinde spre est. Petreci astfel mai pu\u021bin timp travers\u00e2nd Provence \u0219i mai mult \u00een zona pe care chiar ai venit s\u0103 o vizitezi.<\/p>\n\n\n\n<p class=\"wp-block-paragraph\">Pont du Gard este o excursie foarte bun\u0103 din Avignon. <strong>Vizitarea apeductului Pont du Gard toamna f\u0103r\u0103 mul\u021bimile de turi\u0219ti<\/strong> \u00eenseamn\u0103 \u0219i temperaturi mult mai pl\u0103cute pentru mers dec\u00e2t \u00een plin\u0103 var\u0103. Situl arheologic \u00een aer liber r\u0103m\u00e2ne accesibil zilnic \u00eentre 8.00 \u0219i miezul nop\u021bii, iar muzeul \u0219i celelalte spa\u021bii de vizitare sunt deschise \u00eentre 9.00 \u0219i 18.00 \u00een octombrie. Aceste spa\u021bii interioare se \u00eenchid pentru iarn\u0103 \u00eencep\u00e2nd cu 2 noiembrie.<\/p>\n\n\n\n<p class=\"wp-block-paragraph\">Diferen\u021ba aceasta este <strong>important\u0103 dac\u0103 vizitezi locul \u00een noiembrie<\/strong>. Apeductul roman \u0219i situl exterior r\u0103m\u00e2n accesibile, dar dup\u0103 1 noiembrie muzeul, cinematograful, spa\u021biul Ludo pentru copii \u0219i expozi\u021bia temporar\u0103 nu mai fac parte din vizit\u0103. Parcarea cost\u0103 9 \u20ac pe vehicul pentru \u00eentreaga zi.<\/p>\n\n\n\n<div style=\"height:25px\" aria-hidden=\"true\" class=\"wp-block-spacer\"><\/div>\n\n\n\n<h4 id=\"arles-pentru-situri-romane-muzee-\u0219i-o-zi-mai-lini\u0219tita-in-ora\u0219\" class=\"wp-block-heading\">Arles pentru situri romane, muzee \u0219i o zi mai lini\u0219tit\u0103 \u00een ora\u0219<\/h4>\n\n\n\n<p class=\"wp-block-paragraph\"><strong>Arles toamna<\/strong> este unul dintre cele mai bune locuri de vizitat c\u00e2nd vremea devine mai pu\u021bin previzibil\u0103, pentru c\u0103 ora\u0219ul are suficiente situri arheologice romane \u0219i muzee \u00eenc\u00e2t s\u0103-\u021bi umple o zi \u00eentreag\u0103 f\u0103r\u0103 s\u0103 depinzi de o singur\u0103 atrac\u021bie \u00een aer liber. Amfiteatrul r\u0103m\u00e2ne deschis pe tot parcursul toamnei, \u00eentre 9.00 \u0219i 18.00 \u00een octombrie \u0219i \u00eentre 10.30 \u0219i 16.30 din 2 noiembrie p\u00e2n\u0103 \u00een februarie.<\/p>\n\n\n\n<p class=\"wp-block-paragraph\">Grupul de <strong>monumente romane din Arles<\/strong> este neobi\u0219nuit de compact. Amfiteatrul, teatrul antic, cryptoportiques, Alyscamps \u0219i Mus\u00e9e d\u00e9partemental Arles antique sunt at\u00e2t de apropiate \u00eentre ele \u00eenc\u00e2t po\u021bi alege \u00een func\u021bie de vreme, f\u0103r\u0103 s\u0103 urmezi un itinerar rigid. Muzeul arheologic r\u0103m\u00e2ne deschis \u00eentre 9.30 \u0219i 18.00 pe tot parcursul anului 2026, cu excep\u021bia zilelor de mar\u021bi \u0219i a c\u00e2torva s\u0103rb\u0103tori legale, printre care 1 noiembrie.<\/p>\n\n\n\n<p class=\"wp-block-paragraph\">Octombrie 2026 are \u0219i un weekend dedicat patrimoniului. <strong>Les Monument&#8217;Arles are loc \u00eentre 16 \u0219i 18 octombrie<\/strong>, cu spectacole organizate \u00een interiorul monumentelor istorice, incluse \u00een biletul obi\u0219nuit de intrare, \u00een timp ce spectacolele de deschidere \u0219i \u00eenchidere sunt gratuite. Po\u021bi include acest eveniment de toamn\u0103 \u00eentr-o zi prin ora\u0219, mai ales c\u0103 decorul face deja jum\u0103tate din treab\u0103.<\/p>\n\n\n\n<p class=\"wp-block-paragraph\"><strong>Programul mai scurt din noiembrie merit\u0103 luat \u00een serios.<\/strong> Amfiteatrul din Arles se \u00eenchide la 16.30 \u00een noiembrie, cu ultima intrare la ora 16.00. Dac\u0103 ajungi dup\u0103 un pr\u00e2nz lung \u0219i presupui c\u0103 monumentele romane \u021bin acela\u0219i program ca mesele mediteraneene, Roma \u0219i-a \u00eenchis deja por\u021bile pentru dup\u0103-amiaz\u0103.<\/p>\n\n\n\n<div style=\"height:25px\" aria-hidden=\"true\" class=\"wp-block-spacer\"><\/div>\n\n\n\n<h4 class=\"wp-block-heading\">Camargue din Arles, cu flamingo, cai \u0219i zone umede s\u0103lbatice<\/h4>\n\n\n\n<p class=\"wp-block-paragraph\">Arles \u00ee\u021bi pune \u0219i Camargue imediat la sud. Parc naturel r\u00e9gional de Camargue se \u00eentinde pe teritoriile <strong>Arles, Saintes-Maries-de-la-Mer \u0219i Port-Saint-Louis-du-Rh\u00f4ne<\/strong>, \u00eentr-o delt\u0103 a Ronului de peste 100.000 de hectare. Este o excursie regional\u0103 \u00een toat\u0103 regula, nu un <strong><span style=\"text-decoration: underline;\">mic ocol pentru o fotografie cu o singur\u0103 pas\u0103re roz<\/span><\/strong>.<\/p>\n\n\n\n<p class=\"wp-block-paragraph\"><strong>Flamingii din Camargue toamna<\/strong> pot fi v\u0103zu\u021bi \u00een timpul vizitei, pentru c\u0103 r\u0103m\u00e2n \u00een regiune tot anul. Din septembrie p\u00e2n\u0103 \u00een noiembrie, p\u0103s\u0103rile tinere \u00eencep s\u0103 zboare, iar coloniile se reorganizeaz\u0103 \u00eenainte de iarn\u0103, \u00een timp ce unele exemplare migreaz\u0103 ulterior spre Spania \u0219i Africa de Nord. Toamna este una dintre perioadele \u00een care pot fi v\u0103zute grupuri mari \u00eenainte ca o parte din popula\u021bie s\u0103 se disperseze.<\/p>\n\n\n\n<p class=\"wp-block-paragraph\"><strong>Cea mai bun\u0103 perioad\u0103 pentru a vizita Camargue pentru flamingo<\/strong> depinde de ceea ce vrei s\u0103 vezi. Prim\u0103vara aduce ritualurile de \u00eemperechere \u0219i cuib\u0103ritul, vara puii st\u00e2ngaci, iar toamna \u00eenseamn\u0103 juvenili, activitate migratorie, temperaturi mai sc\u0103zute \u0219i observarea p\u0103s\u0103rilor f\u0103r\u0103 c\u0103ldura verii. <strong>Parc naturel r\u00e9gional de Camargue<\/strong> se afl\u0103 \u0219i pe una dintre marile rute de migra\u021bie ale p\u0103s\u0103rilor din nordul Europei spre Africa, cu peste 150.000 de p\u0103s\u0103ri acvatice care trec anual prin zon\u0103.<\/p>\n\n\n\n<p class=\"wp-block-paragraph\">Pentru observa\u021bie de aproape, <strong>Parc ornithologique de Pont de Gau, l\u00e2ng\u0103 Saintes-Maries-de-la-Mer<\/strong>, este alegerea cea mai simpl\u0103. Este deschis \u00een fiecare zi a anului \u0219i are 60 de hectare de mla\u0219tini, iazuri, stuf\u0103ri\u0219uri \u0219i trasee de mers pe jos, inclusiv 2,8 km de poteci accesibile \u00een sectorul sudic. Sute de flamingo sunt prezente aici \u00een mod regulat.<\/p>\n\n\n\n<p class=\"wp-block-paragraph\"><strong>Cum po\u021bi vedea caii din Camargue \u0219i flamingii toamna<\/strong> depinde de c\u00e2t\u0103 independen\u021b\u0103 vrei. Domaine de la Palissade, aproape de gura Ronului, r\u0103m\u00e2ne deschis de miercuri p\u00e2n\u0103 duminic\u0103, \u00eentre 9.00 \u0219i 17.00, \u00een octombrie \u0219i noiembrie 2026, iar plimb\u0103rile c\u0103lare pot fi rezervate p\u00e2n\u0103 \u00een noiembrie.<\/p>\n\n\n\n<p class=\"wp-block-paragraph\"><strong>Safariurile ghidate cu vehicule 4&#215;4 prin Camargue<\/strong> sunt o alt\u0103 variant\u0103 practic\u0103 din Arles sau Saintes-Maries-de-la-Mer. Po\u021bi rezerva excursii pe tot parcursul anului prin mla\u0219tini \u0219i zone de p\u0103\u0219unat, unde caii din Camargue, taurii \u0219i p\u0103s\u0103rile s\u0103lbatice fac parte din traseu. Unele pleac\u0103 direct din Arles, ceea ce face ora\u0219ul deosebit de util dac\u0103 nu vrei s\u0103 r\u0103m\u00e2i peste noapte \u00een delt\u0103.<\/p>\n\n\n\n<div data-gyg-href=\"https:\/\/widget.getyourguide.com\/default\/activities.frame\" data-gyg-locale-code=\"en-US\" data-gyg-widget=\"activities\" data-gyg-number-of-items=\"3\" data-gyg-cmp=\"Provence_autumn\" data-gyg-partner-id=\"4YUCECT\" data-gyg-q=\"camargue 4x4\"><span>Powered by <a target=\"_blank\" rel=\"sponsored noopener\" href=\"https:\/\/www.getyourguide.com\/s\/%3Fq=Le+Grau-du-Roi&amp;lc=32564&amp;et=400989&amp;searchSource=3&amp;src=search_bar\">GetYourGuide<\/a><\/span><\/div>\n\n\n\n<p class=\"wp-block-paragraph\"><strong>Caii din Camargue<\/strong> sunt animale domestice crescute \u00een regim extensiv, nu <strong><a href=\"https:\/\/www.the-travel-bunny.com\/ro\/100-de-motive-pentru-a-vizita-romania\/#1-delta-dunarii\">cai s\u0103lbatici ca \u00een Delta Dun\u0103rii<\/a><\/strong> care umbl\u0103 liberi doar ca s\u0103 apar\u0103 \u00een fotografiile vizitatorilor. Caii din Camargue sunt o ras\u0103 local\u0103 crescut\u0103 extensiv, care pa\u0219te \u00een mla\u0219tini \u0219i pe terenurile mai aspre din prim\u0103var\u0103 p\u00e2n\u0103 \u00een toamn\u0103 \u0219i este folosit\u0103 tot mai mult pentru plimb\u0103ri c\u0103lare prin Delta Ronului.<\/p>\n\n\n\n<p class=\"wp-block-paragraph\">Diferen\u021ba merit\u0103 re\u021binut\u0103, pentru c\u0103 <strong>Camargue r\u0103m\u00e2ne o regiune agricol\u0103<\/strong>. Orez\u0103riile, animalele la p\u0103\u0219unat, v\u00e2n\u0103toarea, recoltarea stufului, pescuitul, produc\u021bia de sare \u0219i conservarea naturii \u00eempart aceea\u0219i delt\u0103. Toamna \u00ee\u021bi arat\u0103 aceast\u0103 convie\u021buire mai clar, dup\u0103 ce turismul estival se lini\u0219te\u0219te.<\/p>\n\n\n\n<div style=\"height:25px\" aria-hidden=\"true\" class=\"wp-block-spacer\"><\/div>\n\n\n\n<p class=\"wp-block-paragraph\">Aix, Avignon \u0219i Arles rezolv\u0103 fiecare alt\u0103 problem\u0103 de sf\u00e2r\u0219it de sezon. Aix te prime\u0219te cu art\u0103, pie\u021be, restaurante \u0219i excursii u\u0219oare spre est p\u00e2n\u0103 \u00een octombrie. <strong>Avignon toamna<\/strong> \u00ee\u021bi pune la \u00eendem\u00e2n\u0103 podgoriile din Valea Ronului, Luberon, Alpilles \u0219i Pont du Gard. Arles are siturile romane \u00eentr-o direc\u021bie \u0219i Camargue \u00een cealalt\u0103. <strong>P\u00e2n\u0103 \u00een noiembrie, eu a\u0219 alege unul dintre aceste ora\u0219e drept baz\u0103 \u0219i a\u0219 face excursii spre satele mai lini\u0219tite<\/strong>, \u00een loc s\u0103 stau \u00eentr-un loc minuscul \u0219i s\u0103-mi petrec seara studiind u\u0219a \u00eencuiat\u0103 a singurului restaurant din localitate.<\/p>\n\n\n\n<hr class=\"wp-block-separator has-alpha-channel-opacity is-style-dots\"\/>\n\n\n\n<h3 class=\"wp-block-heading\">Cassis, Bandol, Marseille \u0219i coasta mediteranean\u0103<\/h3>\n\n\n\n<p class=\"wp-block-paragraph\">Coasta este locul unde toamna se instaleaz\u0103 cel mai t\u00e2rziu. Eu am g\u0103sit plajele vizibil mai lini\u0219tite dup\u0103 var\u0103, parcarea mai u\u0219oar\u0103 \u0219i multe restaurante \u00eenc\u0103 deschise, de\u0219i programele reduse \u0219i meniurile mai scurte \u00eencep s\u0103 apar\u0103 mai t\u00e2rziu \u00een sezon. Am \u00eenotat \u0219i \u00een prima s\u0103pt\u0103m\u00e2n\u0103 din octombrie f\u0103r\u0103 s\u0103 regret imediat decizia, unul dintre motivele pentru care continui s\u0103 sus\u021bin at\u00e2t de entuziast septembrie \u0219i \u00eenceputul lui octombrie.<\/p>\n\n\n\n<div style=\"height:25px\" aria-hidden=\"true\" class=\"wp-block-spacer\"><\/div>\n\n\n\n<h4 class=\"wp-block-heading\">Cassis \u00een octombrie<\/h4>\n\n\n\n<p class=\"wp-block-paragraph\">Un <strong>ghid turistic pentru Cassis toamna<\/strong> \u00eencepe cu avantajul evident. Calanques sunt mai u\u0219or de vizitat dup\u0103 \u00eencheierea perioadei estivale cu risc ridicat de incendii. Parc national des Calanques este, \u00een general, deschis \u00eentre 1 octombrie \u0219i 31 mai, cu excep\u021bia unor \u00eenchideri extraordinare, \u00een timp ce restric\u021biile de acces din timpul verii se aplic\u0103 din iunie p\u00e2n\u0103 \u00een septembrie.<\/p>\n\n\n\n<p class=\"wp-block-paragraph\"><strong>Cassis \u00een octombrie<\/strong> este o alegere deosebit de bun\u0103 dac\u0103 <strong>Port-Miou, Port-Pin sau En-Vau<\/strong> sunt printre priorit\u0103\u021bile c\u0103l\u0103toriei tale. Port-Miou se afl\u0103 la aproximativ 30 de minute de mers pe jos din centrul localit\u0103\u021bii Cassis, iar Port-Pin este mai departe pe traseu. Temperaturile de toamn\u0103 fac aceste plimb\u0103ri mult mai suportabile dec\u00e2t o dup\u0103-amiaz\u0103 de iulie, de\u0219i calcarul r\u0103m\u00e2ne st\u00e2ncos \u0219i poate deveni alunecos dup\u0103 ploaie.<\/p>\n\n\n\n<p class=\"has-extra-info-background-color has-background wp-block-paragraph\"><strong>Merit\u0103 s\u0103 vizitezi Cassis \u00een octombrie?<\/strong> Da. Eu a\u0219 alege octombrie \u00een locul plinului verii pentru drume\u021bii \u0219i pentru port, cu excep\u021bia cazului \u00een care scopul principal al c\u0103l\u0103toriei este s\u0103 ai \u00eenot garantat. Tururile cu barca prin Calanques pleac\u0103 din Cassis \u0219i pe tot parcursul anului, dac\u0103 vremea permite, cu mai pu\u021bine curse iarna. Circuitele standard dureaz\u0103 de la aproximativ o or\u0103 pentru trei calanques p\u00e2n\u0103 la peste dou\u0103 ore pentru traseele mai lungi.<\/p>\n\n\n\n<div data-gyg-href=\"https:\/\/widget.getyourguide.com\/default\/activities.frame\" data-gyg-locale-code=\"en-US\" data-gyg-widget=\"activities\" data-gyg-number-of-items=\"3\" data-gyg-cmp=\"Provence_autumn\" data-gyg-partner-id=\"4YUCECT\" data-gyg-q=\"Boat tours through the Calanques\"><span>Powered by <a target=\"_blank\" rel=\"sponsored noopener\" href=\"https:\/\/www.getyourguide.com\/\">GetYourGuide<\/a><\/span><\/div>\n\n\n\n<p class=\"wp-block-paragraph\">Cassis cere totu\u0219i pu\u021bin\u0103 aten\u021bie la vreme. O zi \u00eensorit\u0103 \u0219i f\u0103r\u0103 v\u00e2nt este foarte bun\u0103 pentru o excursie cu barca, dar Mistralul poate schimba rapid starea m\u0103rii, iar operatorii anuleaz\u0103 plec\u0103rile c\u00e2nd condi\u021biile se \u00eenr\u0103ut\u0103\u021besc. Eu a\u0219 verifica \u00een ziua respectiv\u0103 dac\u0103 b\u0103rcile ies pe mare \u00eenainte s\u0103 traversez Provence pentru o anumit\u0103 curs\u0103.<\/p>\n\n\n\n<div style=\"height:25px\" aria-hidden=\"true\" class=\"wp-block-spacer\"><\/div>\n\n\n\n<h4 class=\"wp-block-heading\">Bandol dup\u0103 var\u0103<\/h4>\n\n\n\n<p class=\"wp-block-paragraph\"><strong>Bandol toamna<\/strong> \u00ee\u0219i p\u0103streaz\u0103 o mare parte din via\u021ba de pe coast\u0103, fiindc\u0103 Bandol este un ora\u0219 activ tot anul, nu o sta\u021biune construit\u0103 exclusiv \u00een jurul lunilor iulie \u0219i august. Faleza, pia\u021ba, plajele \u0219i podgoriile din apropiere r\u0103m\u00e2n interesante \u0219i dup\u0103 ce scade agita\u021bia verii.<\/p>\n\n\n\n<p class=\"wp-block-paragraph\">Octombrie este deosebit de pl\u0103cut <strong>\u00een jurul plajei Ren\u00e9cros<\/strong> \u0219i al golfule\u021belor mai mici din vestul ora\u0219ului. Ren\u00e9cros este mai lini\u0219tit\u0103 toamna dec\u00e2t vara, iar vremea bl\u00e2nd\u0103 din octombrie \u00eenc\u0103 aduce oameni pe plaj\u0103. Asta corespunde cu ceea ce v\u0103d, \u00een general, de-a lungul coastei din Var. Dup\u0103 ce familiile revin la programul \u0219colar, o plaj\u0103 obi\u0219nuit\u0103 \u00eencepe din nou s\u0103 arate ca o plaj\u0103, nu ca un exerci\u021biu complicat de g\u0103sire a unui loc pentru prosop. Totu\u0219i, vara lui 2026 mi s-a p\u0103rut pu\u021bin aglomerat\u0103.<\/p>\n\n\n\n<p class=\"wp-block-paragraph\">Bandol \u00ee\u021bi ofer\u0103 \u0219i posibilitatea s\u0103 mergi spre interior dac\u0103 marea devine agitat\u0103. <strong>Podgoriile din jurul La Cadi\u00e8re-d\u2019Azur, Le Castellet, Le Beausset \u0219i Saint-Cyr-sur-Mer<\/strong> se afl\u0103 imediat \u00een spatele coastei, a\u0219a c\u0103 o diminea\u021b\u0103 cu v\u00e2nt l\u00e2ng\u0103 ap\u0103 se poate transforma \u00eentr-o zi dedicat\u0103 vinului f\u0103r\u0103 s\u0103 petreci jum\u0103tate de dup\u0103-amiaz\u0103 \u00een ma\u0219in\u0103.<\/p>\n\n\n\n<p class=\"wp-block-paragraph\"><strong>Traseul de coast\u0103<\/strong> este un alt motiv pentru care \u00eemi place ideea de Bandol mai t\u00e2rziu \u00een an. Recomand traseele de mers pe jos toamna, inclusiv Bandol Classic \u0219i poteca de coast\u0103 spre golfule\u021bele din vest. Temperaturile mai sc\u0103zute fac aceste plimb\u0103ri mult mai u\u0219oare dec\u00e2t \u00een c\u0103ldura din plin sezon.<\/p>\n\n\n\n<div style=\"height:25px\" aria-hidden=\"true\" class=\"wp-block-spacer\"><\/div>\n\n\n\n<h4 class=\"wp-block-heading\">Marseille \u00een octombrie<\/h4>\n\n\n\n<p class=\"wp-block-paragraph\"><strong>Marseille \u00een octombrie<\/strong> ofer\u0103 cea mai mare flexibilitate pe aceast\u0103 por\u021biune de coast\u0103. Ora\u0219ul r\u0103m\u00e2ne pe deplin activ, \u00een timp ce \u00een Calanques \u00eencepe sezonul mai potrivit pentru drume\u021bii, iar Vieux-Port continu\u0103 s\u0103 fie punct de plecare pentru excursii pe mare spre insule \u0219i Calanques.<\/p>\n\n\n\n<p class=\"wp-block-paragraph\">Calanques din jurul <strong>Les Goudes, Callelongue, Marseilleveyre, Sugiton \u0219i En-Vau<\/strong> devin mult mai potrivite pentru mers pe jos odat\u0103 cu \u00eenceputul toamnei. Eu recomand Calanques toamna, dup\u0103 ce aglomera\u021bia \u0219i c\u0103ldura verii s-au redus. Marseilleveyre, de exemplu, se afl\u0103 la aproximativ o or\u0103 de mers pe jos din Callelongue, \u00een timp ce Sugiton presupune o plimbare mai lung\u0103 prin teren expus.<\/p>\n\n\n\n<p class=\"wp-block-paragraph\">\u00cen octombrie mai circul\u0103 \u0219i o parte din transportul sezonier. <strong>Navetele maritime din Marseille<\/strong> \u00eentre Vieux-Port, Pointe Rouge \u0219i L\u2019Estaque func\u021bioneaz\u0103 din aprilie p\u00e2n\u0103 \u00een octombrie, oferindu-\u021bi \u00eenc\u0103 o modalitate de a vedea ora\u0219ul de pe ap\u0103 \u00eenainte s\u0103 intre \u00een vigoare programul de iarn\u0103.<\/p>\n\n\n\n<p class=\"wp-block-paragraph\">Mai t\u00e2rziu \u00een toamn\u0103, ai putea <strong>alege Marseille \u00een locul unei localit\u0103\u021bi mici de coast\u0103<\/strong> dac\u0103 restaurantele, muzeele, pie\u021bele \u0219i op\u021biunile de sear\u0103 sunt importante pentru tine. Un port pesc\u0103resc lini\u0219tit are farmecul lui p\u00e2n\u0103 la cin\u0103, c\u00e2nd singurul restaurant pe care \u00eel alesese\u0219i \u00een minte a decis c\u0103 octombrie \u00eenseamn\u0103 \u00eenchis mar\u021bea, miercurea \u0219i, aparent, ori de c\u00e2te ori ajungi fl\u0103m\u00e2nd.<\/p>\n\n\n\n<div style=\"height:25px\" aria-hidden=\"true\" class=\"wp-block-spacer\"><\/div>\n\n\n\n<h4 id=\"porquerolles-\u0219i-port-cros-dupa-aglomera\u021bia-verii\" class=\"wp-block-heading\">Porquerolles \u0219i Port-Cros dup\u0103 aglomera\u021bia verii<\/h4>\n\n\n\n<p class=\"wp-block-paragraph\"><strong>Insulele de Hy\u00e8res toamna<\/strong> devin foarte atractive deoarece feriboturile continu\u0103 s\u0103 circule \u0219i dup\u0103 perioada de v\u00e2rf a vacan\u021belor, de\u0219i frecven\u021ba curselor scade.<\/p>\n\n\n\n<p class=\"wp-block-paragraph\">O excursie cu barca la <strong>Port-Cros toamna<\/strong> r\u0103m\u00e2ne u\u0219or de organizat \u00een octombrie 2026. \u00centre 28 septembrie \u0219i 1 noiembrie, ai o plecare la ora 9.00 din Hy\u00e8res \u0219i retur la 16.30 din Port-Cros, f\u0103r\u0103 curse mar\u021bea \u0219i joia. Biletul dus-\u00eentors pentru adul\u021bi cost\u0103 29 \u20ac. Cursele pot fi afectate \u00een continuare de vreme sau de condi\u021bii tehnice.<\/p>\n\n\n\n<p class=\"wp-block-paragraph\">Programul \u00ee\u021bi ofer\u0103 aproximativ <strong>o zi \u00eentreag\u0103 pe Port-Cros<\/strong>, dar \u00eenseamn\u0103 \u0219i c\u0103 pierderea feribotului de \u00eentoarcere este o problem\u0103 mult mai serioas\u0103 dec\u00e2t \u00een plin sezon. Eu a\u0219 ajunge devreme \u00een port \u0219i a\u0219 verifica din nou orarul \u00een ziua plec\u0103rii.<\/p>\n\n\n\n<p class=\"has-extra-info-background-color has-background wp-block-paragraph\"><strong>Sfat pentru naviga\u021bie la Porquerolles toamna:<\/strong> Port-Cros are \u0219i un mic port de agrement, iar biroul portuar este deschis \u00eentre 8.00 \u0219i 12.00 \u0219i \u00eentre 15.00 \u0219i 18.00 \u00een septembrie \u0219i octombrie. Zona ecologic\u0103 de acostare din Bagaud r\u0103m\u00e2ne \u00een func\u021biune p\u00e2n\u0103 pe 15 octombrie, dup\u0103 care se schimb\u0103 organizarea sezonier\u0103.<\/p>\n\n\n\n<p class=\"wp-block-paragraph\"><strong>Naviga\u021bia \u00een jurul insulei Porquerolles \u00een octombrie<\/strong> este realist\u0103, dar ancorarea \u0219i naviga\u021bia sunt \u00een continuare strict reglementate deoarece insula face parte din Parc national de Port-Cros. Parcul public\u0103 <strong><span style=\"text-decoration: underline;\">h\u0103r\u021bi dedicate reglement\u0103rilor maritime din 2026 pentru Porquerolles<\/span><\/strong>, cu reguli privind viteza, naviga\u021bia \u0219i ancorarea.<\/p>\n\n\n\n<p class=\"wp-block-paragraph\"><strong>Feriboturile publice spre Porquerolles r\u0103m\u00e2n frecvente<\/strong> p\u00e2n\u0103 spre sf\u00e2r\u0219itul lui octombrie. \u00centre 21 septembrie \u0219i 1 noiembrie 2026, exist\u0103 mai multe plec\u0103ri zilnice din Tour Fondue, pe peninsula Giens, iar ultima curs\u0103 de \u00eentoarcere, la 18.30, este disponibil\u0103 p\u00e2n\u0103 pe 25 octombrie. Dup\u0103 aceast\u0103 dat\u0103, ultima plecare \u00eenapoi este mai devreme.<\/p>\n\n\n\n<p class=\"wp-block-paragraph\">Asta face din octombrie o alegere bun\u0103 pentru <strong>o zi pe insula Porquerolles toamna<\/strong>. Ai \u00eenc\u0103 suficiente curse \u00eenc\u00e2t s\u0103 nu fii nevoit s\u0103 preg\u0103te\u0219ti orarul ca pe o opera\u021biune militar\u0103, iar num\u0103rul de vizitatori este mult sub nivelul din plin\u0103 var\u0103.<\/p>\n\n\n\n<div style=\"height:25px\" aria-hidden=\"true\" class=\"wp-block-spacer\"><\/div>\n\n\n\n<h4 class=\"wp-block-heading\">Naviga\u021bia de-a lungul acestei coaste toamna<\/h4>\n\n\n\n<p class=\"wp-block-paragraph\">Eu nu am navigat pe coasta provensal\u0103 toamna, dar am navigat \u00een aceste ape prim\u0103vara \u0219i vara, iar geografia de baz\u0103 r\u0103m\u00e2ne aceea\u0219i. Marseille \u0219i Cassis ofer\u0103 acces la Calanques, Bandol se afl\u0103 l\u00e2ng\u0103 o regiune viticol\u0103 important\u0103, iar Hy\u00e8res este poarta fireasc\u0103 spre Porquerolles \u0219i Port-Cros.<\/p>\n\n\n\n<p class=\"wp-block-paragraph\"><strong>Cele mai bune localit\u0103\u021bi de coast\u0103 din sudul Fran\u021bei pentru naviga\u021bie toamna<\/strong> depind de ceea ce vrei s\u0103 g\u0103se\u0219ti la \u021b\u0103rm. Marseille ofer\u0103 cea mai mare varietate pentru aprovizionare, repara\u021bii, restaurante \u0219i servicii urbane. Cassis ofer\u0103 acces direct la partea estic\u0103 a Calanques, dar are spa\u021biu limitat pentru ambarca\u021biunile vizitatorilor. Bandol are un port compact \u0219i acces u\u0219or spre podgorii. Hy\u00e8res pune \u00celes d\u2019Hy\u00e8res la mic\u0103 distan\u021b\u0103.<\/p>\n\n\n\n<p class=\"wp-block-paragraph\"><strong>Disponibilitatea locurilor de acostare toamna<\/strong> merit\u0103 \u0219i ea privit\u0103 realist. Vizitatorii de var\u0103 pleac\u0103, dar proprietarii locali de ambarca\u021biuni revin la locurile lor anuale, a\u0219a c\u0103 o coast\u0103 mai lini\u0219tit\u0103 nu \u00eenseamn\u0103 automat pontoane goale \u00een toate porturile. Eu a\u0219 contacta porturile din timp, \u00een loc s\u0103 presupun c\u0103 octombrie \u00eenseamn\u0103 locuri libere peste tot.<\/p>\n\n\n\n<p class=\"wp-block-paragraph\">Mistralul este cel\u0103lalt motiv pentru care eu a\u0219 <strong>p\u0103stra flexibil un plan de naviga\u021bie toamna<\/strong>. O prognoz\u0103 bun\u0103 \u0219i o diminea\u021b\u0103 pl\u0103cut\u0103 \u00een port nu garanteaz\u0103 aceea\u0219i stare a m\u0103rii mai t\u00e2rziu \u00een cursul zilei. Insulele, Calanques \u0219i travers\u0103rile expuse sunt mult mai u\u0219or de apreciat c\u00e2nd alegi ziua dup\u0103 vreme, \u00een loc s\u0103 \u00eencerci s\u0103 convingi vremea s\u0103 respecte o rezervare la hotel.<\/p>\n\n\n\n<p class=\"wp-block-paragraph\">Acesta este avantajul mai larg al coastei mediteraneene toamna. Cassis devine mai u\u0219or de parcurs pe jos, <strong>Bandol toamna<\/strong> revine la un ritm local mai calm, Marseille \u00ee\u0219i p\u0103streaz\u0103 via\u021ba urban\u0103, iar insulele din Hy\u00e8res r\u0103m\u00e2n accesibile mult dup\u0103 ce aglomera\u021bia verii a plecat acas\u0103.<\/p>\n\n\n\n<hr class=\"wp-block-separator has-alpha-channel-opacity\"\/>\n\n\n\n<h2 id=\"drume\u021bii-inot-\u0219i-naviga\u021bie-in-provence-toamna\" class=\"wp-block-heading\">Drume\u021bii, \u00eenot \u0219i naviga\u021bie \u00een Provence toamna<\/h2>\n\n\n\n<p class=\"wp-block-paragraph\">Toamna este perioada \u00een care Provence devine mult mai u\u0219or de savurat \u00een aer liber. C\u0103ldura verii se domole\u0219te, multe restric\u021bii legate de riscul de incendiu se relaxeaz\u0103 dup\u0103 septembrie, marea r\u0103m\u00e2ne cald\u0103 la \u00eenceputul toamnei, iar traseele care \u00een iulie p\u0103reau u\u0219or absurde devin din nou tentante. Dintre toate <strong>activit\u0103\u021bile din Provence toamna<\/strong>, drume\u021biile, \u00eenotul, ciclismul \u0219i timpul petrecut pe ap\u0103 arat\u0103 cel mai clar schimbarea de sezon.<\/p>\n\n\n\n<p class=\"wp-block-paragraph\">Septembrie p\u0103streaz\u0103 \u00eenc\u0103 un picior \u00een var\u0103. <strong>Ce s\u0103 faci \u00een Provence \u00een septembrie<\/strong> depinde mult de vreme, dar \u00eenotul, plimb\u0103rile pe coast\u0103, excursiile pe insule, ciclismul \u0219i drume\u021biile mai scurte r\u0103m\u00e2n toate posibile. \u00cen unii ani eu \u00eenc\u0103 \u00eenot \u00een octombrie, a\u0219a c\u0103 sigur nu a\u0219 pune costumul de baie deoparte doar pentru c\u0103 \u00een calendar scrie septembrie.<\/p>\n\n\n\n<p class=\"wp-block-paragraph\">\u00cen octombrie, \u00eens\u0103, balan\u021ba se mut\u0103 mai mult spre interiorul regiunii. Printre <strong>cele mai bune lucruri de f\u0103cut \u00een Provence toamna<\/strong> intr\u0103 acum plimb\u0103rile mai lungi prin Calanques, Luberon, Alpilles \u0219i Verdon, unde temperaturile mai sc\u0103zute fac diferen\u021ba de nivel \u0219i traseele expuse mult mai pu\u021bin obositoare. Parc national des Calanques este deschis tot anul, iar principalele restric\u021bii sezoniere de acces din cauza riscului de incendiu se aplic\u0103 \u00eentre 1 iunie \u0219i 30 septembrie, de\u0219i pot exista \u00een continuare \u00eenchideri excep\u021bionale.<\/p>\n\n\n\n<p class=\"wp-block-paragraph\"><strong>Drume\u021biile \u00een Provence toamna devin mai pl\u0103cute din octombrie \u00eencolo.<\/strong> Eu recomand aceast\u0103 perioad\u0103 pentru trasee prin Calanques, Verdon, Alpilles, podgorii \u0219i alte zone naturale, \u00een mare parte fiindc\u0103 a trecut c\u0103ldura cea mai puternic\u0103 a verii.<\/p>\n\n\n\n<p class=\"wp-block-paragraph\">Drume\u021biile de toamn\u0103 \u00een Provence vin totu\u0219i cu un avertisment important. <strong>Sezonul de v\u00e2n\u0103toare este \u00een desf\u0103\u0219urare<\/strong>, iar eu v\u0103d \u00een mod regulat cum afecteaz\u0103 accesul la traseele din zona \u00een care locuiesc. Verific\u0103 anun\u021burile locale \u00eenainte s\u0103 pleci, mai ales \u00een p\u0103duri \u0219i zone rurale, \u0219i schimb\u0103 traseul dac\u0103 are loc o partid\u0103 de v\u00e2n\u0103toare. Nu presupune c\u0103 to\u021bi cei \u00eembr\u0103ca\u021bi \u00een portocaliu fluorescent \u00ee\u0219i vor organiza activitatea \u00een jurul plimb\u0103rii tale. Au avut loc accidente.<\/p>\n\n\n\n<p class=\"wp-block-paragraph\"><strong>Ce po\u021bi face \u00een Provence toamna<\/strong> nu se rezum\u0103 nici la drume\u021bii lungi. Exist\u0103 \u0219i trasee mai u\u0219oare pe coast\u0103 \u0219i pe insule, f\u0103r\u0103 s\u0103 transformi ziua \u00eentr-o expedi\u021bie. Port-Cros are aproximativ 30 km de trasee marcate, iar Porquerolles aproximativ 51 km. Potecile din parcul na\u021bional sunt foarte pl\u0103cute toamna \u0219i chiar iarna, c\u00e2nd num\u0103rul vizitatorilor este mai mic.<\/p>\n\n\n\n<p class=\"wp-block-paragraph\">Ciclismul are acela\u0219i avantaj sezonier. <strong>Ciclismul \u00een Provence toamna<\/strong> devine mai simplu imediat ce o tur\u0103 nu mai \u00eenseamn\u0103 s\u0103-\u021bi organizezi toat\u0103 ziua ca s\u0103 evi\u021bi c\u0103ldura maxim\u0103 de dup\u0103-amiaz\u0103. Porquerolles are patru itinerare marcate pentru biciclet\u0103, iar traseele prin podgorii, Luberon \u0219i poalele Mont Ventoux devin mult mai atr\u0103g\u0103toare dup\u0103 sc\u0103derea temperaturilor.<\/p>\n\n\n\n<p class=\"wp-block-paragraph\">Vacan\u021bele pe coast\u0103 r\u0103m\u00e2n pl\u0103cute mai mult timp dec\u00e2t se a\u0219teapt\u0103 mul\u021bi vizitatori. Printre <strong>lucrurile de f\u0103cut \u00een Provence \u00een octombrie<\/strong>, \u00eenotul poate r\u0103m\u00e2ne pe list\u0103 la \u00eenceputul lunii, mai ales dup\u0103 un septembrie cald. \u0218i naviga\u021bia este posibil\u0103, de\u0219i Mistralul \u0219i zilele mai scurte cer mai mult\u0103 aten\u021bie dec\u00e2t \u00een timpul verii.<\/p>\n\n\n\n<p class=\"wp-block-paragraph\">P\u00e2n\u0103 \u00een octombrie, lista cu <strong>ce s\u0103 faci \u00een Provence toamna<\/strong> devine pl\u0103cut de variat\u0103. Po\u021bi merge prin Calanques, pedala prin regiunile viticole, \u00eenota c\u00e2nd condi\u021biile permit sau pleca spre Porquerolles \u0219i Port-Cros pentru o zi mai lini\u0219tit\u0103 pe insule. Eu prefer libertatea asta fa\u021b\u0103 de plin sezon, c\u00e2nd c\u0103ldura \u0219i regulile legate de riscul de incendiu pot decide jum\u0103tate din itinerar \u00eenainte de micul dejun.<\/p>\n\n\n\n<p class=\"wp-block-paragraph\">Acestea sunt activit\u0103\u021bile care fac toamna \u00een Provence cu adev\u0103rat diferit\u0103 de var\u0103, <strong>nu doar mai ieftin\u0103<\/strong>. Sec\u021biunile urm\u0103toare intr\u0103 \u00een detaliu \u00een traseele concrete, condi\u021biile pentru \u00eenot, zonele bune pentru ciclism, regulile de naviga\u021bie, Mistral, ancorare \u0219i restric\u021biile legate de Posidonia, fiindc\u0103 fiecare merit\u0103 recomand\u0103ri ceva mai utile dec\u00e2t <em>ia \u00eenc\u0103l\u021b\u0103minte comod\u0103 \u0219i bucur\u0103-te de aer liber<\/em>.<\/p>\n\n\n\n<div style=\"height:25px\" aria-hidden=\"true\" class=\"wp-block-spacer\"><\/div>\n\n\n\n<h3 id=\"calanques-verdon-\u0219i-mont-ventoux-pentru-drume\u021bii-\u0219i-ciclism-toamna\" class=\"wp-block-heading\">Calanques, Verdon \u0219i Mont Ventoux pentru drume\u021bii \u0219i ciclism toamna<\/h3>\n\n\n\n<p class=\"wp-block-paragraph\">Eu v\u0103d cicli\u0219ti pe drumurile din Provence tot anul, inclusiv iarna, dar pedalatul devine vizibil mai u\u0219or imediat ce dispare c\u0103ldura serioas\u0103 a verii. La fel se \u00eent\u00e2mpl\u0103 \u0219i cu mersul pe jos. <strong>Drume\u021biile \u00een Provence toamna<\/strong> \u00ee\u021bi permit s\u0103 alegi trasee mai lungi f\u0103r\u0103 s\u0103 organizezi fiecare urcare \u00een func\u021bie de umbr\u0103 \u0219i de o plecare la prima or\u0103, iar <strong>ciclismul \u00een Provence toamna<\/strong> readuce drumurile printre vii, trec\u0103torile montane \u0219i traseele prin chei \u00een ore mai confortabile ale zilei.<\/p>\n\n\n\n<p class=\"wp-block-paragraph\"><strong>Cele mai bune trasee de drume\u021bii \u00een Provence \u00een toamn\u0103<\/strong> depind mult de altitudine \u0219i de vremea din zilele precedente. \u00cen jurul ora\u0219ului Marseille, toamna favorizeaz\u0103 traseele expuse pe calcar, cu vedere spre mare. Luberon are relief montan mai domol \u0219i vechi poteci rurale. Verdon intr\u0103 mult mai repede \u00een condi\u021bii montane propriu-zise, iar Mont Ventoux are nevoie de propria prognoz\u0103 chiar \u0219i atunci c\u00e2nd \u00een satele de la poale este o dup\u0103-amiaz\u0103 bl\u00e2nd\u0103.<\/p>\n\n\n\n<div style=\"height:25px\" aria-hidden=\"true\" class=\"wp-block-spacer\"><\/div>\n\n\n\n<h4 class=\"wp-block-heading\">Drume\u021bii \u00een Calanques toamna<\/h4>\n\n\n\n<p class=\"wp-block-paragraph\">Eu prefer <strong>drume\u021biile \u00een Calanques toamna<\/strong> \u00een locul celor din plin sezon. Sistemul sezonier de restric\u021bionare a accesului din cauza riscului de incendiu \u00een masivele din Bouches-du-Rh\u00f4ne se aplic\u0103 \u00eentre 1 iunie \u0219i 30 septembrie, iar \u00een zilele cu risc ro\u0219u sunt posibile \u00eenchideri zilnice. <strong>Calanques sunt deschise \u00een octombrie<\/strong> \u00een condi\u021bii normale, de\u0219i r\u0103m\u00e2n posibile \u00eenchideri de urgen\u021b\u0103 \u0219i restric\u021bii excep\u021bionale din cauza vremii.<\/p>\n\n\n\n<p class=\"wp-block-paragraph\">Octombrie redeschide posibilitatea unor <strong>trasee de drume\u021bie \u00een Calanques de Marseille toamna<\/strong> foarte bune, de la Callelongue \u0219i Marseilleveyre p\u00e2n\u0103 la Port-Miou, Port-Pin, En-Vau \u0219i accesurile din interior spre Sugiton. Dintre <strong>cele mai bune drume\u021bii \u00een Provence \u00een octombrie<\/strong>, eu a\u0219 alege un traseu prin Calanques \u00eentr-o zi uscat\u0103 \u0219i f\u0103r\u0103 v\u00e2nt puternic, \u00een loc s\u0103 \u00eel stabilesc cu s\u0103pt\u0103m\u00e2ni \u00eenainte \u0219i s\u0103 m\u0103 \u021bin \u00eenc\u0103p\u0103\u021b\u00e2nat de plan dup\u0103 ploi abundente.<\/p>\n\n\n\n<p class=\"wp-block-paragraph\"><strong>Vremea pentru drume\u021bii \u00een Calanques de Marseille toamna<\/strong> merit\u0103 luat\u0103 \u00een serios chiar \u0219i c\u00e2nd temperaturile par confortabile. Fii atent la v\u00e2ntul puternic \u0219i la piatra alunecoas\u0103 dup\u0103 ploaie, pentru c\u0103 terenul este montan. Aici nu vorbim despre o plimbare u\u0219oar\u0103 pe malul m\u0103rii, a\u0219a c\u0103 ai nevoie de \u00eenc\u0103l\u021b\u0103minte potrivit\u0103 pentru drume\u021bii, un traseu preg\u0103tit dinainte \u0219i cel pu\u021bin 1,5 litri de ap\u0103 pentru o jum\u0103tate de zi.<\/p>\n\n\n\n<p class=\"wp-block-paragraph\">Toamna dispare \u0219i una dintre complica\u021biile verii la Sugiton. Sistemul de rezervare pentru vizitatori protejeaz\u0103 Sugiton \u0219i Pierres Tomb\u00e9es \u00een perioada cea mai aglomerat\u0103, dar vizitele din octombrie sunt \u00een afara principalelor date din plin sezon \u00een care rezervarea este obligatorie. Eu a\u0219 verifica totu\u0219i <strong><a href=\"https:\/\/www.calanques-parcnational.fr\/en\/my-calanques\" target=\"_blank\" rel=\"noreferrer noopener\">aplica\u021bia Mes Calanques<\/a><\/strong> \u00eenainte s\u0103 plec din Marseille, pentru c\u0103 informa\u021biile locale despre acces se mai schimb\u0103.<\/p>\n\n\n\n<div style=\"height:25px\" aria-hidden=\"true\" class=\"wp-block-spacer\"><\/div>\n\n\n\n<h4 id=\"luberon-pe-jos-dupa-vara\" class=\"wp-block-heading\">Luberon pe jos dup\u0103 var\u0103<\/h4>\n\n\n\n<p class=\"wp-block-paragraph\"><strong>Cele mai bune drume\u021bii \u00een Luberon toamna<\/strong> variaz\u0103 de la poteci scurte \u00een afara localit\u0103\u021bii Gordes p\u00e2n\u0103 la trasee solicitante prin Gorges de V\u00e9roncle. Circuitul complet V\u00e9roncle \u00eentre Gordes \u0219i Murs are 14,8 km, dureaz\u0103 aproximativ cinci ore \u0219i acumuleaz\u0103 \u00een jur de 540 de metri diferen\u021b\u0103 de nivel. Traseul este dificil, cu por\u021biuni \u00eenguste \u0219i expuse, o trecere cu scar\u0103, cobor\u00e2ri pe st\u00e2nc\u0103 \u0219i sectoare alunecoase.<\/p>\n\n\n\n<p class=\"has-extra-info-background-color has-background wp-block-paragraph\"><strong>Avertisment pentru drume\u021bii \u00een Luberon:<\/strong> Nu intra pe traseul complet V\u00e9roncle \u00een timpul ploii sau imediat dup\u0103 o furtun\u0103, fiindc\u0103 anumite por\u021biuni din ravin\u0103 devin periculoase. Un traseu mai scurt din Gordes spre Moulin Jean-de-Marre are 3,9 km \u0219i dureaz\u0103 aproximativ o or\u0103, fiind o alternativ\u0103 mai u\u0219oar\u0103 dac\u0103 o zi \u00eentreag\u0103 prin chei \u021bi se pare prea mult.<\/p>\n\n\n\n<p class=\"wp-block-paragraph\">Tocmai de aceea nu pot spune c\u0103 exist\u0103 un singur traseu care s\u0103 fie cel mai bun pentru toat\u0103 lumea. <strong>Cele mai bune trasee de drume\u021bii \u00een Provence \u00een toamn\u0103<\/strong> sunt adesea cele potrivite cu vremea din ultimele 48 de ore, \u00eenc\u0103l\u021b\u0103mintea pe care o ai \u0219i c\u00e2t chef ai de calcar dup\u0103 ploaie.<\/p>\n\n\n\n<div style=\"height:25px\" aria-hidden=\"true\" class=\"wp-block-spacer\"><\/div>\n\n\n\n<h4 id=\"gorges-du-verdon-in-octombrie\" class=\"wp-block-heading\">Gorges du Verdon \u00een octombrie<\/h4>\n\n\n\n<p class=\"wp-block-paragraph\"><strong>Gorges du Verdon \u00een octombrie<\/strong> este una dintre alegerile mele preferate pentru drume\u021bii de toamn\u0103, mai ales dup\u0103 ce scade num\u0103rul vizitatorilor fa\u021b\u0103 de var\u0103. Recomand <strong>traseul Blanc-Martel toamna<\/strong>, c\u00e2nd vegeta\u021bia din chei \u00eencepe s\u0103-\u0219i schimbe culoarea, iar poteca este mai pu\u021bin circulat\u0103 dec\u00e2t \u00een plin sezon.<\/p>\n\n\n\n<p class=\"wp-block-paragraph\">O drume\u021bie prin Verdon toamna cere \u00eens\u0103 mai mult\u0103 preg\u0103tire dec\u00e2t o plimbare relaxat\u0103 pe coast\u0103. Unele zone ale parcului regional se apropie de 2.000 de metri altitudine, condi\u021biile montane se pot schimba rapid, iar furtunile sunt frecvente. Toamna \u00een Fran\u021ba este un sezon de tranzi\u021bie, cu perioade bl\u00e2nde alternate de episoade mai reci \u0219i mai ploioase, uneori foarte brusc.<\/p>\n\n\n\n<p class=\"wp-block-paragraph\">De aceea, <strong>vremea pentru vizitarea cheilor Gorges du Verdon \u00een luna octombrie<\/strong> trebuie verificat\u0103 pentru zona \u0219i ziua exact\u0103. Nu te baza pe temperaturile din Marseille sau Nice. La Palud-sur-Verdon se afl\u0103 mult mai \u00een interior \u0219i la o altitudine considerabil mai mare dec\u00e2t coasta mediteranean\u0103. O dup\u0103-amiaz\u0103 de tricou l\u00e2ng\u0103 mare \u00ee\u021bi spune surprinz\u0103tor de pu\u021bin despre condi\u021biile din ad\u00e2ncul cheilor.<\/p>\n\n\n\n<p class=\"wp-block-paragraph\"><strong>Traseul Blanc-Martel<\/strong> este drume\u021bia emblematic\u0103 pentru toamn\u0103. \u00centre Chalet de la Maline \u0219i Point Sublime sunt aproximativ 15 km, cu circa 5 ore \u0219i 30 de minute de mers, f\u0103r\u0103 opriri. Traseul include tuneluri, sc\u0103ri, por\u021biuni expuse \u0219i o urcare final\u0103. Pune \u00een rucsac o lantern\u0103 frontal\u0103, pentru c\u0103 unele tuneluri sunt \u00eentunecate.<\/p>\n\n\n\n<p class=\"has-extra-info-background-color has-background wp-block-paragraph\"><strong>Ocolire pe traseul Blanc-Martel:<\/strong> \u00cen urma unei c\u0103deri de pietre \u00een apropiere de Couloir Samson, ultima por\u021biune spre Point Sublime este \u00eenchis\u0103 temporar. Drume\u021bii continu\u0103 pe RD23A \u0219i apoi pe GR49. Traseul Blanc-Martel \u00een sine r\u0103m\u00e2ne accesibil.<\/p>\n\n\n\n<p class=\"wp-block-paragraph\">\u00centre 18 septembrie \u0219i 1 noiembrie, <strong>naveta Blanc-Martel<\/strong> circul\u0103 vinerea, s\u00e2mb\u0103ta, duminica \u0219i \u00een zilele de s\u0103rb\u0103toare legal\u0103. Rezervarea este recomandat\u0103 insistent, deoarece traseul este liniar, iar naveta leag\u0103 La Palud-sur-Verdon de punctele de \u00eenceput \u0219i de final.<\/p>\n\n\n\n<div style=\"height:25px\" aria-hidden=\"true\" class=\"wp-block-spacer\"><\/div>\n\n\n\n<h4 class=\"wp-block-heading\">Ciclism pe Mont Ventoux toamna<\/h4>\n\n\n\n<p class=\"wp-block-paragraph\">O tur\u0103 pe Mont Ventoux toamna are un <strong>avantaj enorm fa\u021b\u0103 de plin sezon<\/strong>. Temperaturile mai sc\u0103zute elimin\u0103 m\u0103car una dintre sursele de suferin\u021b\u0103 dintr-o ascensiune care ofer\u0103 deja suficiente dificult\u0103\u021bi de una singur\u0103.<\/p>\n\n\n\n<p class=\"wp-block-paragraph\"><strong>Ciclismul pe Mont Ventoux toamna<\/strong> r\u0103m\u00e2ne \u00eens\u0103 o provocare serioas\u0103. Urcarea din B\u00e9doin are 21,8 km, cu 1.598 de metri diferen\u021b\u0103 de nivel \u0219i o pant\u0103 medie de 7,5%, iar unele por\u021biuni ajung la 15%. Ruta din Malauc\u00e8ne are 21 km \u0219i 1.575 de metri de urcare. Din Sault, traseul este mai lung, 25,6 km, dar acumuleaz\u0103 1.210 metri diferen\u021b\u0103 de nivel, cu o pant\u0103 medie de 5% \u00eenainte de por\u021biunea final\u0103 mult mai grea de deasupra Chalet Reynard.<\/p>\n\n\n\n<p class=\"wp-block-paragraph\">Vremea bl\u00e2nd\u0103 face <strong>traseele de ciclism pe Mont Ventoux \u00een condi\u021bii de toamn\u0103<\/strong> mai pl\u0103cute la altitudini mai mici, dar v\u00e2rful are propriul climat. Diferen\u021bele de temperatur\u0103 pot ajunge la aproximativ 10\u00b0C \u00eentre partea inferioar\u0103 a drumului \u0219i zona de sus, iar ultimii 6 km deasupra Chalet Reynard sunt foarte expu\u0219i v\u00e2ntului. Ia cu tine un strat rezistent la v\u00e2nt chiar dac\u0103 la plecarea din B\u00e9doin este cald.<\/p>\n\n\n\n<p class=\"wp-block-paragraph\">Dintre <strong>cele mai bune trasee de biciclet\u0103 \u00een Provence toamna<\/strong>, Gorges de la Nesque este o alternativ\u0103 excelent\u0103 dac\u0103 nu vrei s\u0103 urci p\u00e2n\u0103 pe v\u00e2rful Ventoux. Circuitul rutier marcat din Villes-sur-Auzon are peste 64 km \u0219i 974 de metri diferen\u021b\u0103 de nivel, trec\u00e2nd pe drumul prin chei, prin tuneluri, pe l\u00e2ng\u0103 puncte panoramice, Monieux \u0219i podgoriile din Ventoux. Urcarea lung\u0103 prin chei este progresiv\u0103 \u0219i nu are brutalitatea ascensiunii pe Ventoux.<\/p>\n\n\n\n<p class=\"wp-block-paragraph\"><strong>Turul complet al Mont Ventoux este o alt\u0103 variant\u0103 pentru cicli\u0219tii bine antrena\u021bi<\/strong> care vor s\u0103 ocoleasc\u0103 masivul f\u0103r\u0103 s\u0103 urce direct p\u00e2n\u0103 la observator. Traseul oficial de dou\u0103 zile are 117 km \u0219i \u00eenconjoar\u0103 masivul prin B\u00e9doin, Malauc\u00e8ne, Sault, Gorges de la Nesque, valea Toulourenc \u0219i Plateau d&#8217;Albion.<\/p>\n\n\n\n<p class=\"has-extra-info-background-color has-background wp-block-paragraph\"><strong>Este Mont Ventoux deschis pentru ma\u0219ini toamna?<\/strong> Drumul spre v\u00e2rf r\u0103m\u00e2ne \u00een mod normal accesibil \u00een octombrie \u0219i \u00eentr-o parte din noiembrie, \u00een func\u021bie de z\u0103pad\u0103, ghea\u021b\u0103, v\u00e2nt \u0219i data anual\u0103 a \u00eenchiderii de iarn\u0103. Accesul la v\u00e2rf este posibil, \u00een general, de la jum\u0103tatea lui aprilie p\u00e2n\u0103 la jum\u0103tatea lui noiembrie. \u00cen 2025, \u00eenchiderea de iarn\u0103 a \u00eenceput pe 18 noiembrie.<\/p>\n\n\n\n<p class=\"wp-block-paragraph\">Chiar \u0219i dup\u0103 \u00eenchiderea drumului spre v\u00e2rf, accesul la altitudini mai mici continu\u0103 de obicei p\u00e2n\u0103 la <strong>Chalet Reynard dinspre sud \u0219i Mont Serein dinspre nord<\/strong>, dac\u0103 permit condi\u021biile montane. Odat\u0103 cu intrarea \u00een regimul de iarn\u0103, se schimb\u0103 \u0219i cerin\u021bele privind echiparea vehiculului.<\/p>\n\n\n\n<p class=\"wp-block-paragraph\">Diferen\u021ba dintre condi\u021biile din vale \u0219i cele de la altitudine este principalul lucru pe care eu l-a\u0219 \u021bine minte c\u00e2nd petreci timp \u00een aer liber aici toamna. Coasta, Luberon, Verdon \u0219i Ventoux pot avea toate soare \u00een aceea\u0219i zi, dar vor cere lucruri complet diferite de la \u00eenc\u0103l\u021b\u0103mintea, bicicleta, hainele \u0219i traseul pe care le alegi.<\/p>\n\n\n\n<hr class=\"wp-block-separator has-alpha-channel-opacity is-style-dots\"\/>\n\n\n\n<h3 class=\"wp-block-heading\">Mai este suficient de cald \u00een Provence pentru \u00eenot \u00een septembrie sau octombrie?<\/h3>\n\n\n\n<p class=\"wp-block-paragraph\"><strong>Mai este suficient de cald \u00een Provence pentru \u00eenot \u00een septembrie?<\/strong> Da, mai ales de-a lungul coastelor din Var \u0219i Bouches-du-Rh\u00f4ne. Pentru mine, septembrie este \u00eenc\u0103 lun\u0103 de plaj\u0103. Mediterana a avut toat\u0103 vara la dispozi\u021bie s\u0103 se \u00eenc\u0103lzeasc\u0103, familiile legate de calendarul \u0219colar s-au \u00eentors \u00een mare parte acas\u0103, iar apa r\u0103m\u00e2ne de obicei pl\u0103cut\u0103 mult dup\u0103 \u00eenceputul lunii.<\/p>\n\n\n\n<p class=\"wp-block-paragraph\">\u00cen zona Bandol, temperatura medie a m\u0103rii \u00een septembrie din ultimul deceniu este de aproximativ 22,4\u00b0C. La Cassis este aproape identic\u0103, \u00een jur de 22,2\u00b0C. Mediile acestea explic\u0103 de ce <strong>plajele din Provence \u00een septembrie<\/strong> au \u00eenc\u0103 destui oameni \u00een ap\u0103 chiar \u0219i dup\u0103 \u00eencheierea celor mai aglomerate s\u0103pt\u0103m\u00e2ni de vacan\u021b\u0103.<\/p>\n\n\n\n<p class=\"wp-block-paragraph\">Dintre <strong>cele mai bune plaje din Provence \u00eenc\u0103 deschise \u00een septembrie<\/strong>, eu a\u0219 include Ren\u00e9cros \u0219i Plage Centrale din Bandol, plus Grande Mer \u0219i Bestouan din Cassis. Plage Centrale din Bandol este deschis\u0103 tot anul, iar la Cassis serviciul de salvamari continu\u0103 pe Grande Mer \u0219i Bestouan pe tot parcursul lunii septembrie, cu program redus spre sf\u00e2r\u0219itul lunii.<\/p>\n\n\n\n<p class=\"wp-block-paragraph\">La \u00eenceput de octombrie, vremea este mai pu\u021bin previzibil\u0103, dar <strong>po\u021bi \u00eenota \u00een Provence \u00een octombrie<\/strong> \u00een continuare \u00een perioadele calde. Eu am intrat \u00een mare \u00een prima s\u0103pt\u0103m\u00e2n\u0103 din octombrie \u0219i apa mi s-a p\u0103rut bun\u0103 pentru \u00eenot. \u00cen perioada aceea, diferen\u021ba mai mare se simte adesea c\u00e2nd ie\u0219i din ap\u0103, mai ales dup\u0103 ce umbra de dup\u0103-amiaz\u0103 t\u00e2rziu ajunge pe plaj\u0103.<\/p>\n\n\n\n<p class=\"wp-block-paragraph\"><strong>Temperatura obi\u0219nuit\u0103 a m\u0103rii \u00een Provence \u00een octombrie<\/strong>, \u00een apropiere de Cassis \u0219i Bandol, este \u00een jur de 20\u00b0C. Datele istorice pentru ambele localit\u0103\u021bi arat\u0103 medii apropiate de aceast\u0103 valoare, de\u0219i de la o zi la alta pot exista diferen\u021be considerabile.<\/p>\n\n\n\n<p class=\"wp-block-paragraph\">Mistralul merit\u0103 mai mult\u0103 aten\u021bie dec\u00e2t data din calendar. Un episod prelungit de Mistral \u00eempinge apa mai cald\u0103 de la suprafa\u021b\u0103 \u00een larg \u0219i aduce spre coast\u0103 ap\u0103 rece din ad\u00e2ncime. <strong>Temperatura m\u0103rii de-a lungul coastei vestice a Provence poate sc\u0103dea brusc<\/strong> dup\u0103 c\u00e2teva zile cu v\u00e2nt, chiar \u0219i sub un cer perfect senin. O dup\u0103-amiaz\u0103 cald\u0103 de octombrie nu garanteaz\u0103 o mare la fel de cald\u0103.<\/p>\n\n\n\n<p class=\"wp-block-paragraph\">Furtunile de toamn\u0103 creeaz\u0103 o alt\u0103 problem\u0103 practic\u0103. Dup\u0103 ploi abundente, scurgerile de ap\u0103 pot duce uneori la <strong>interdic\u021bii temporare de \u00eemb\u0103iere pe coasta din Var<\/strong>. Evit\u0103 \u00eenotul \u00een timpul furtunilor \u0219i timp de 48 de ore dup\u0103 ele, deoarece apa de scurgere poate afecta calitatea apei de coast\u0103. \u00cen august 2026, mai multe plaje din Bandol au fost \u00eenchise temporar dup\u0103 ploi puternice \u0219i o deversare de ape uzate, un motiv suficient de bun s\u0103 verifici anun\u021burile prim\u0103riei despre plaje dup\u0103 vreme rea!<\/p>\n\n\n\n<p class=\"wp-block-paragraph\">Septembrie este alegerea mai sigur\u0103 dac\u0103 \u00eenotul este o parte important\u0103 a c\u0103l\u0103toriei tale. La \u00eenceput de octombrie po\u021bi prinde \u00eenc\u0103 vreme bun\u0103 de plaj\u0103, dar spre sf\u00e2r\u0219itul lunii devine mult mai pu\u021bin sigur. P\u00e2n\u0103 \u00een noiembrie, eu las marea celor care \u00eenoat\u0103 aici tot anul \u0219i care, \u00een mod clar, au ajuns la un nivel de devotament pe care eu \u00eenc\u0103 nu l-am atins.<\/p>\n\n\n\n<hr class=\"wp-block-separator has-alpha-channel-opacity is-style-dots\"\/>\n\n\n\n<h3 class=\"wp-block-heading\">Naviga\u021bie prin Calanques \u0219i \u00celes d\u2019Hy\u00e8res. Mistral, ancorare \u0219i regulile pentru Posidonia<\/h3>\n\n\n\n<p class=\"wp-block-paragraph\">Toamna reduce o parte din presiunea verii de pe coasta provensal\u0103, dar regulile maritime r\u0103m\u00e2n acelea\u0219i. <strong>Naviga\u021bia \u00een Provence toamna<\/strong> \u00eenseamn\u0103 \u00een continuare s\u0103 verifici zonele protejate, restric\u021biile de ancorare, prognoza marin\u0103 \u0219i disponibilitatea locurilor \u00een port \u00eenainte s\u0103 alegi cea mai atr\u0103g\u0103toare golfule\u021b de pe hart\u0103. Soarele din octombrie nu \u021bine locul citirii regulamentelor.<\/p>\n\n\n\n<p class=\"wp-block-paragraph\">Naviga\u021bia \u00een Provence toamna cere \u0219i o abordare diferit\u0103 \u00een privin\u021ba v\u00e2ntului. <strong>Mistralul este un v\u00e2nt regional turbulent \u0219i uscat<\/strong>, cu viteze medii care pot ajunge la 50 km\/h \u0219i rafale de 80 p\u00e2n\u0103 la 100 km\/h, uneori chiar mai puternice. \u00cen zona Marseille, Mistralul vine \u00een general dinspre nord-vest. De-a lungul coastei din Var, direc\u021bia devine mai degrab\u0103 vestic\u0103. Un episod de Mistral poate dura uneori c\u00e2teva zile sau chiar mai mult de o s\u0103pt\u0103m\u00e2n\u0103.<\/p>\n\n\n\n<p class=\"has-extra-info-background-color has-background wp-block-paragraph\"><strong>Este octombrie bun pentru naviga\u021bie \u00een Provence?<\/strong> Adesea, da. Septembrie \u0219i octombrie ofer\u0103 o combina\u021bie util\u0103 de temperaturi \u00eenc\u0103 pl\u0103cute ale m\u0103rii, suficiente ore de lumin\u0103 \u0219i mai pu\u021bin trafic specific vacan\u021belor. Totu\u0219i, e mai prudent s\u0103 incluzi \u00een itinerar \u0219i o zi pe uscat pentru cazul \u00een care bate v\u00e2ntul.<\/p>\n\n\n\n<div style=\"height:25px\" aria-hidden=\"true\" class=\"wp-block-spacer\"><\/div>\n\n\n\n<h4 id=\"naviga\u021bie-prin-calanques-de-la-marseille-la-cassis\" class=\"wp-block-heading\">Naviga\u021bie prin Calanques, de la Marseille la Cassis<\/h4>\n\n\n\n<p class=\"wp-block-paragraph\"><strong>Naviga\u021bia \u00een Calanques toamna<\/strong> te poart\u0103 de-a lungul uneia dintre cele mai interesante por\u021biuni de coast\u0103 din apropiere de Marseille, dar golfurile celebre nu sunt automat \u0219i locuri unde ai voie s\u0103 ancorezi. Zona marin\u0103 a Parc national des Calanques se \u00eentinde dinspre Frioul, trece pe l\u00e2ng\u0103 Marseille \u0219i Cassis \u0219i continu\u0103 spre La Ciotat, cu sectoare distincte care reglementeaz\u0103 accesul, viteza, ancorarea, pescuitul \u0219i debarcarea.<\/p>\n\n\n\n<p class=\"has-extra-info-background-color has-background wp-block-paragraph\"><strong>Sfat pentru naviga\u021bie \u00een Parc national des Calanques:<\/strong> toamna nu suspend\u0103 regulile de protec\u021bie marin\u0103. La En-Vau \u0219i Port-Pin ancorarea este interzis\u0103, iar \u00een anumite zone ale parcului sunt interzise \u0219i naviga\u021bia sau debarcarea. Parcul pune la dispozi\u021bie o <strong><a href=\"https:\/\/cartotheque.calanques-parcnational.fr\/index.php\/view\/map\/?project=reglementation_mer&amp;repository=usages\" target=\"_blank\" rel=\"noreferrer noopener\">hart\u0103 interactiv\u0103 cu reglement\u0103rile maritime<\/a><\/strong>, unde apar zonele cu restric\u021bii, geamandurile ecologice, paji\u0219tile de Posidonia, zonele de acces spre porturi \u0219i f\u00e2\u0219ia de 300 de metri de la coast\u0103.<\/p>\n\n\n\n<p class=\"wp-block-paragraph\"><strong>Regulile de ancorare \u00een Parc national des Calanques toamna<\/strong> protejeaz\u0103 iarba de mare Posidonia pe tot parcursul anului. Regula general\u0103 aplicat\u0103 \u00een Mediterana interzice ancorarea acolo unde ancora sau lan\u021bul ar deteriora vegeta\u021bia marin\u0103 protejat\u0103. \u00cen Calanques exist\u0103 zone desemnate pentru ancorare pe nisip \u0219i, \u00een anumite locuri, sisteme de acostare ecologic\u0103.<\/p>\n\n\n\n<p class=\"wp-block-paragraph\">Aceste <strong>reguli de ancorare pentru protec\u021bia ierbii de mare Posidonia \u00een Calanques<\/strong> merit\u0103 \u00een\u021belese \u00eenainte s\u0103 ie\u0219i pe mare. <strong><a href=\"https:\/\/www.the-travel-bunny.com\/ro\/vizita-posidonia-antibes-muzeu\/\" data-type=\"post\" data-id=\"11689\">Posidonia<\/a><\/strong> este o plant\u0103 cu flori mediteranean\u0103 protejat\u0103, nu o simpl\u0103 alg\u0103. O ancor\u0103 aruncat\u0103 \u00eentr-o paji\u0219te, urmat\u0103 de un lan\u021b care m\u0103tur\u0103 fundul m\u0103rii c\u00e2nd barca se rote\u0219te \u00een jurul punctului de ancorare, distruge exact habitatul pe care aceste reguli \u00eencearc\u0103 s\u0103-l protejeze.<\/p>\n\n\n\n<p class=\"wp-block-paragraph\"><strong>Cassis are zone autorizate de ancorare marcate<\/strong> pentru ambarca\u021biunile cu lungimea sub 24 de metri. Parcul a instalat geamanduri \u00een larg pentru a delimita limita exterioar\u0103, iar \u00een zonele respective ancorarea este permis\u0103 \u00eentre coast\u0103 \u0219i acele marcaje. Ambarca\u021biunile de 24 de metri sau mai lungi sunt supuse unor restric\u021bii mai stricte de ancorare \u00een cadrul sistemului mediteranean de protec\u021bie a ierbii de mare.<\/p>\n\n\n\n<p class=\"wp-block-paragraph\"><strong>Reglement\u0103rile maritime \u0219i naviga\u021bia \u00een Calanques \u00een luna octombrie<\/strong> fac \u0219i diferen\u021ba \u00eentre naviga\u021bia privat\u0103 \u0219i activit\u0103\u021bile comerciale. Ambarca\u021biunile comerciale de transport pasageri care opereaz\u0103 \u00een zona marin\u0103 central\u0103 au nevoie de autoriza\u021bia parcului, iar \u00eenchirierea profesional\u0103 de b\u0103rci cu motor \u00een aceast\u0103 zon\u0103 este limitat\u0103 la operatorii autoriza\u021bi.<\/p>\n\n\n\n<p class=\"wp-block-paragraph\">O <strong>\u00eenchiriere de barc\u0103 pentru Calanques din Marseille toamna<\/strong> cere, prin urmare, \u00eenc\u0103 o verificare \u00eenainte de plat\u0103. Dac\u0103 \u00eenchiriezi o barc\u0103 cu motor care va intra \u00een zona marin\u0103 protejat\u0103, verific\u0103 firma \u00een informa\u021biile de autorizare publicate de Parc national des Calanques \u0219i nu presupune c\u0103 toate ofertele de \u00eenchiriere din Marseille permit acela\u0219i acces.<\/p>\n\n\n\n<p class=\"wp-block-paragraph\">Un <strong>traseu cu velierul din Marseille spre Cassis toamna<\/strong> trece \u00een mod firesc pe l\u00e2ng\u0103 unele dintre cele mai cunoscute locuri de pe coast\u0103, dar eu a\u0219 planifica opririle posibile dup\u0103 harta maritim\u0103 oficial\u0103, nu dup\u0103 fotografiile cu En-Vau. Din perspectiva unui skipper, un golf superb \u00een care ancorarea este interzis\u0103 r\u0103m\u00e2ne, \u00een principal, un loc superb pe l\u00e2ng\u0103 care continui s\u0103 navighezi.<\/p>\n\n\n\n<p class=\"wp-block-paragraph\">Dintre <strong>cele mai bune ie\u0219iri cu velierul din Marseille toamna<\/strong>, o excursie mai scurt\u0103 spre Frioul \u00ee\u021bi las\u0103 suficient timp pentru un v\u00e2nt imprevizibil, \u00een timp ce o zi mai lung\u0103 prin Calanques p\u00e2n\u0103 la Cassis cere o fereastr\u0103 meteo mai bun\u0103 \u0219i o plecare mai devreme. Dac\u0103 vrei s\u0103 te bucuri de <strong>naviga\u021bia \u00een Marseille toamna<\/strong>, p\u0103streaz\u0103 planul flexibil.<\/p>\n\n\n\n<p class=\"wp-block-paragraph\"><strong>Naviga\u021bia din Marseille \u00een octombrie<\/strong> te pune direct \u00een teritoriul Mistralului. \u00cen zona Marseille, Mistralul bate \u00een principal din sectorul nord-vestic \u0219i poate aduce rafale puternice \u00een episoadele bine instalate. <strong><a href=\"https:\/\/meteofrance.com\/meteo-marine\" target=\"_blank\" rel=\"noreferrer noopener\">Verific\u0103 prognoza marin\u0103 oficial\u0103 pentru coast\u0103<\/a><\/strong> \u00een zona Marseille-La Ciotat \u00eenainte de plecare. Nu te baza pe o aplica\u021bie meteo general\u0103 pentru Marseille doar pentru c\u0103 \u00ee\u021bi arat\u0103 un soare galben \u0219i vesel.<\/p>\n\n\n\n<div style=\"height:25px\" aria-hidden=\"true\" class=\"wp-block-spacer\"><\/div>\n\n\n\n<h4 class=\"wp-block-heading\">Porquerolles \u0219i Port-Cros \u00een cadrul regulilor maritime din 2026<\/h4>\n\n\n\n<p class=\"wp-block-paragraph\"><strong>Naviga\u021bia \u00een insulele Hy\u00e8res toamna<\/strong> are loc \u00een interiorul \u0219i \u00een jurul Parc national de Port-Cros, unde h\u0103r\u021bi maritime separate pentru 2026 acoper\u0103 Porquerolles \u0219i Port-Cros. Aceste h\u0103r\u021bi indic\u0103 regulile actuale privind circula\u021bia, viteza \u0219i ancorarea \u00een jurul fiec\u0103rei insule.<\/p>\n\n\n\n<p class=\"wp-block-paragraph\"><strong>Naviga\u021bia la Porquerolles \u00een octombrie<\/strong> are un avantaj sezonier. Mai multe restric\u021bii valabile doar vara \u00een jurul plajelor \u0219i punctelor de debarcare se \u00eencheie dup\u0103 septembrie, dar zonele protejate permanent r\u0103m\u00e2n \u00een vigoare. Planific\u0103 traseul folosind <strong><a href=\"https:\/\/www.portcros-parcnational.fr\/fr\/le-parc-national-de-port-cros\/la-reglementation\/reglementation-en-mer\/activites-nautiques\" target=\"_blank\" rel=\"noreferrer noopener\">harta maritim\u0103 Porquerolles 2026<\/a><\/strong>.<\/p>\n\n\n\n<p class=\"wp-block-paragraph\">Parcul preg\u0103te\u0219te un nou sistem de ancorare pentru nordul insulei Porquerolles, prev\u0103zut pentru 2028. Documentele proiectului includ viitoare geamanduri ecologice \u0219i zone de ancorare pe nisip, inclusiv \u00een sectoarele din apropiere de Notre-Dame, La Courtade \u0219i Plage d\u2019Argent. Aceste planuri pentru viitor nu reprezint\u0103 regulile valabile \u00een 2026.<\/p>\n\n\n\n<p class=\"wp-block-paragraph\"><strong>Condi\u021biile de naviga\u021bie \u00eentre Hy\u00e8res \u0219i Porquerolles \u00een octombrie \u0219i noiembrie<\/strong> depind foarte mult de direc\u021bia v\u00e2ntului \u0219i de starea m\u0103rii. Coasta din Var prime\u0219te Mistralul \u00een principal dinspre vest, iar episoadele mai puternice pot dura uneori c\u00e2teva zile. O prognoz\u0103 pentru Hy\u00e8res sau Porquerolles este mai util\u0103 dec\u00e2t una pentru interiorul departamentului Var.<\/p>\n\n\n\n<p class=\"wp-block-paragraph\"><strong>Prognoza meteo \u0219i v\u00e2ntul Mistral la Porquerolles toamna<\/strong>, mai ales \u00een noiembrie, cer mai mult\u0103 flexibilitate, fiindc\u0103 zilele sunt mai scurte, iar Mistralul tinde s\u0103 se intensifice odat\u0103 cu apropierea iernii. Frecven\u021ba \u0219i intensitatea Mistralului sunt mai mari iarna \u0219i prim\u0103vara. Noiembrie este suficient de aproape de aceast\u0103 tranzi\u021bie \u00eenc\u00e2t prognoza marin\u0103 din ziua respectiv\u0103 s\u0103 fie mai important\u0103 dec\u00e2t orice medie climatic\u0103 lunar\u0103.<\/p>\n\n\n\n<p class=\"wp-block-paragraph\">O <strong>excursie cu barca la Port-Cros toamna<\/strong> cere \u0219i mai mult\u0103 aten\u021bie la programul portului. Biroul portuar din Port-Cros este deschis \u00eentre 8.00 \u0219i 12.00 \u0219i \u00eentre 15.00 \u0219i 18.00 \u00een septembrie \u0219i octombrie. Parcul na\u021bional public\u0103 separat <strong><a href=\"https:\/\/www.portcros-parcnational.fr\/sites\/portcros-parcnational.fr\/files\/2026-05\/2026_FR_PORTCROS_REGLEMENTATION%20MARINE%20-%20avec%20ZMEL_KM_web.pdf\" target=\"_blank\" rel=\"noreferrer noopener\">regulile maritime din 2026 pentru ambarca\u021biunile din jurul Port-Cros<\/a><\/strong>, care acoper\u0103 ancorarea, circula\u021bia \u0219i viteza.<\/p>\n\n\n\n<p class=\"wp-block-paragraph\">Pentru <strong>ancoraje lini\u0219tite pe Coasta de Azur \u00een luna octombrie<\/strong>, eu a\u0219 verifica mai \u00eent\u00e2i Rade d\u2019Agay, l\u00e2ng\u0103 Saint-Rapha\u00ebl, \u0219i zonele reglementate de acostare din jurul Port-Cros. ZMEL Bagaud are patru sectoare deosebit de utile, Nord Bagaud, Sud Bagaud, Anse Saint-Pierre \u0219i Anse Fausse Monnaie, cu geamanduri ecologice disponibile p\u00e2n\u0103 pe 15 octombrie.<\/p>\n\n\n\n<p class=\"wp-block-paragraph\">\u00cen jurul insulei Porquerolles, <strong>golfuri ad\u0103postite precum Langoustier \u0219i Bon Renaud<\/strong> sunt atr\u0103g\u0103toare c\u00e2nd vremea este stabil\u0103, dar h\u0103r\u021bile actuale de ancorare trebuie verificate \u00eenainte s\u0103 arunci ancora, fiindc\u0103 protejarea paji\u0219tilor de Posidonia are prioritate fa\u021b\u0103 de g\u0103sirea unei por\u021biuni de ap\u0103 care pare liber\u0103.<\/p>\n\n\n\n<div style=\"height:25px\" aria-hidden=\"true\" class=\"wp-block-spacer\"><\/div>\n\n\n\n<h4 class=\"wp-block-heading\">Ce porturi din Provence sunt cele mai bune baze pentru naviga\u021bie toamna?<\/h4>\n\n\n\n<p class=\"wp-block-paragraph\">Dintre <strong>cele mai bune localit\u0103\u021bi de coast\u0103 din sudul Fran\u021bei pentru naviga\u021bie toamna<\/strong>, Marseille, Hy\u00e8res \u0219i Saint-Tropez se potrivesc unor tipuri destul de diferite de ie\u0219iri pe mare. Marseille ofer\u0103 acces direct spre Frioul \u0219i Calanques, Hy\u00e8res este punctul firesc de plecare spre Porquerolles \u0219i Port-Cros, iar Saint-Tropez te plaseaz\u0103 \u00een Golful Saint-Tropez \u0219i \u00een zona de naviga\u021bie din estul departamentului Var.<\/p>\n\n\n\n<p class=\"wp-block-paragraph\">Situa\u021bia din <strong>porturile de agrement din Provence toamna<\/strong> este mai pu\u021bin evident\u0103 dec\u00e2t ar putea sugera plajele mai lini\u0219tite. Vizitatorii de var\u0103 pleac\u0103, dar proprietarii locali de ambarca\u021biuni revin la locurile lor anuale. Pentru un loc de tranzit, merit\u0103 deci s\u0103 suni din timp, mai ales \u00een porturile mici, unde capacitatea pentru vizitatori este limitat\u0103. O teras\u0103 de restaurant pe jum\u0103tate goal\u0103 nu \u00ee\u021bi spune nimic util despre locurile disponibile la ponton \u00een seara aceea.<\/p>\n\n\n\n<p class=\"wp-block-paragraph\">Naviga\u021bia pe Coasta de Azur toamna devine <strong>deosebit de interesant\u0103 \u00een jurul Saint-Tropez la sf\u00e2r\u0219itul lui septembrie<\/strong>. Ora\u0219ul g\u0103zduie\u0219te unul dintre marile evenimente de naviga\u021bie din Mediterana exact c\u00e2nd aglomera\u021bia vacan\u021belor de var\u0103 \u00eencepe s\u0103 dispar\u0103.<\/p>\n\n\n\n<div style=\"height:25px\" aria-hidden=\"true\" class=\"wp-block-spacer\"><\/div>\n\n\n\n<h4 class=\"wp-block-heading\">Datele Les Voiles de Saint-Tropez \u0219i de unde po\u021bi urm\u0103ri regata \u00een 2026<\/h4>\n\n\n\n<p class=\"wp-block-paragraph\"><strong>Les Voiles de Saint-Tropez<\/strong> are loc de s\u00e2mb\u0103t\u0103, 26 septembrie, p\u00e2n\u0103 duminic\u0103, 4 octombrie 2026. A 28-a edi\u021bie aduce \u00een Golful Saint-Tropez peste 250 de iahturi clasice, moderne \u0219i Maxi, inclusiv aproape 50 de Maxi \u0219i revenirea iahturilor din clasa J.<\/p>\n\n\n\n<p class=\"wp-block-paragraph\"><strong>Regata de la Saint-Tropez din septembrie<\/strong> \u00eencepe cu \u00eenscrierile \u0219i sosirea ambarca\u021biunilor pe 26 \u0219i 27 septembrie. Cursele \u00eencep luni, 28 septembrie, pentru flotele Modern \u0219i Maxi, iar iahturile clasice li se al\u0103tur\u0103 din 29 septembrie. Competi\u021bia continu\u0103 p\u00e2n\u0103 s\u00e2mb\u0103t\u0103, 3 octombrie, urmat\u0103 de ceremonia final\u0103 de premiere pentru categoriile Modern \u0219i Classic duminic\u0103, 4 octombrie.<\/p>\n\n\n\n<p class=\"has-extra-info-background-color has-background wp-block-paragraph\"><strong>Datele Les Voiles de Saint-Tropez \u0219i de unde po\u021bi urm\u0103ri regata:<\/strong> Multe starturi au loc chiar \u00een fa\u021ba localit\u0103\u021bii Saint-Tropez \u0219i a M\u00f4le Jean R\u00e9veille. Citadelle \u0219i Chapelle Sainte-Anne ofer\u0103 puncte de observa\u021bie de la \u00een\u0103l\u021bime asupra golfului, iar digul portului este un loc bun pentru a vedea ambarca\u021biunile la plecare \u0219i la \u00eentoarcere. Starturile \u00eencep \u00een general \u00een jurul orei 11.00, \u00een func\u021bie de vreme, iahturile ies din port \u00een jurul orei 9.00, iar primele ambarca\u021biuni pot reveni \u00eencep\u00e2nd aproximativ cu ora 15.00.<\/p>\n\n\n\n<p class=\"wp-block-paragraph\"><strong>Village des Voiles de pe M\u00f4le Jean R\u00e9veille<\/strong> are acces gratuit. \u00cen 2026, satul evenimentului este deschis zilnic \u00eentre 26 septembrie \u0219i 4 octombrie, \u00een general \u00eentre 9.00 \u0219i 21.00, cu \u00eenchidere mai devreme, la 17.00, \u00een ultima duminic\u0103.<\/p>\n\n\n\n<p class=\"wp-block-paragraph\">Eu \u00eenc\u0103 nu am participat la <strong>Les Voiles de Saint-Tropez<\/strong>, dar acesta este evenimentul de naviga\u021bie de toamn\u0103 pe care l-a\u0219 alege dac\u0103 scopul ar fi s\u0103 urm\u0103resc cursele, nu s\u0103 fiu la c\u00e2rm\u0103. Cum traseele de concurs se schimb\u0103 \u00een func\u021bie de vremea din fiecare zi, urm\u0103rirea lor de la Citadelle, Sainte-Anne sau din port evit\u0103 \u0219i ideea mult mai pu\u021bin tentant\u0103 de a plasa o barc\u0103 de croazier\u0103 oriunde \u00een apropierea unei flote de Maxi aflate \u00een curs\u0103.<\/p>\n\n\n\n<p class=\"wp-block-paragraph\"><strong>Naviga\u021bia cu velierul \u00een sudul Fran\u021bei \u00een septembrie \u0219i octombrie<\/strong> vine cu avantajele apei \u00eenc\u0103 calde, ale unui calendar consacrat de regate, ale unor zile de croazier\u0103 mai lini\u0219tite \u00een afara s\u0103pt\u0103m\u00e2nilor cu evenimente \u0219i ale accesului la insule \u0219i coast\u0103 protejat\u0103 mult dup\u0103 \u00eencheierea vacan\u021belor \u0219colare. Compromisul este c\u0103 toamna trebuie s\u0103 fii mai atent la v\u00e2nt, programul porturilor, zonele de ancorare \u0219i durata zilei.<\/p>\n\n\n\n<p class=\"wp-block-paragraph\">Eu a\u0219 accepta f\u0103r\u0103 probleme acest compromis. Un plan bun de <strong>naviga\u021bie \u00een Provence toamna<\/strong> las\u0103 loc pentru o zi cu Mistral petrecut\u0103 la \u021b\u0103rm \u0219i trateaz\u0103 regulile privind Posidonia ca pe o parte normal\u0103 a bunei practici marin\u0103re\u0219ti, nu ca pe un inconvenient inventat dup\u0103 tip\u0103rirea h\u0103r\u021bii.<\/p>\n\n\n\n<hr class=\"wp-block-separator has-alpha-channel-opacity\"\/>\n\n\n\n<h2 id=\"cum-sa-planifici-o-calatorie-in-provence-toamna\" class=\"wp-block-heading\">Cum s\u0103 planifici o c\u0103l\u0103torie \u00een Provence toamna<\/h2>\n\n\n\n<p class=\"wp-block-paragraph\">Prima decizie c\u00e2nd stabile\u0219ti <strong>cum s\u0103 planifici o c\u0103l\u0103torie \u00een Provence toamna<\/strong> este cea geografic\u0103. Provence se \u00eentinde de la Avignon \u0219i Alpilles, prin Luberon \u0219i Verdon, p\u00e2n\u0103 la Marseille, coasta din Var \u0219i insulele mediteraneene. Dac\u0103 \u00eencerci s\u0103 acoperi toate aceste zone dintr-un singur hotel, ajungi s\u0103 petreci zile \u00eentregi pe drum. <strong>Eu a\u0219 alege una sau dou\u0103 baze<\/strong>, apoi a\u0219 organiza fiecare zi \u00een jurul satelor apropiate, pie\u021belor, drume\u021biilor, podgoriilor sau coastei.<\/p>\n\n\n\n<p class=\"wp-block-paragraph\">Un <strong>itinerar \u00een Provence toamna de patru zile<\/strong> cere pu\u021bin\u0103 disciplin\u0103. O singur\u0103 baz\u0103 bine aleas\u0103 \u00ee\u021bi las\u0103 suficient timp pentru un ora\u0219, zona rural\u0103 din apropiere \u0219i c\u00e2teva excursii de o zi, f\u0103r\u0103 s\u0103 petreci jum\u0103tate din c\u0103l\u0103torie schimb\u00e2nd hotelurile. <strong>\u0218apte zile<\/strong> \u00ee\u021bi permit s\u0103 alegi dou\u0103 baze. <strong>Zece zile<\/strong> \u00ee\u021bi ofer\u0103 o marj\u0103 util\u0103 de manevr\u0103 c\u00e2nd ploaia, Mistralul, orarele reduse ale feriboturilor sau programul mai scurt din noiembrie \u00ee\u021bi dau peste cap planul ini\u021bial.<\/p>\n\n\n\n<p class=\"has-extra-info-background-color has-background wp-block-paragraph\"><strong>De c\u00e2te zile ai nevoie \u00een Provence toamna<\/strong> depinde \u00een primul r\u00e2nd de distan\u021be. Patru zile sunt suficiente pentru o singur\u0103 parte a regiunii, iar o s\u0103pt\u0103m\u00e2n\u0103 \u00ee\u021bi permite s\u0103 combini confortabil dou\u0103 zone distincte. Pentru o c\u0103l\u0103torie mai ampl\u0103, care s\u0103 includ\u0103 Luberon sau Alpilles \u00eempreun\u0103 cu litoralul mediteranean, Verdon sau Camargue, eu a\u0219 planifica zece zile \u00een Provence.<\/p>\n\n\n\n<p class=\"wp-block-paragraph\">Cel mai bun <strong>circuit prin Provence toamna<\/strong> p\u0103streaz\u0103 \u0219i zilele petrecute \u00een aer liber suficient de flexibile. Eu a\u0219 evita s\u0103 fixez cu luni \u00eenainte fiecare drume\u021bie, excursie cu barca \u0219i drum montan \u00eentr-o anumit\u0103 zi. Pie\u021bele \u0219i evenimentele cu bilet au date fixe. \u00cen schimb, drume\u021biile prin Calanques, excursiile pe insule, Mont Ventoux \u0219i Verdon pot fi mutate \u00een ziua cu prognoza cea mai sigur\u0103.<\/p>\n\n\n\n<p class=\"wp-block-paragraph\">Aix-en-Provence este o baz\u0103 practic\u0103 pentru centrul \u0219i estul regiunii. <strong>Excursiile de o zi \u00een Provence toamna din Aix<\/strong> pot include Luberon, Alpilles, Arles, Avignon, Cassis, Verdon \u0219i regiunile viticole.<\/p>\n\n\n\n<p class=\"wp-block-paragraph\">Avignon este mai potrivit pentru jum\u0103tatea vestic\u0103 a regiunii. <strong>Excursiile de o zi \u00een Provence toamna din Avignon<\/strong> ajung u\u0219or la Gordes, Roussillon, Saint-R\u00e9my-de-Provence, Les Baux-de-Provence, Pont du Gard, podgorii \u0219i alte zone din Luberon \u0219i Alpilles. Po\u021bi planifica <strong>circuite turistice prin Provence toamna<\/strong> pe tot parcursul sezonului, inclusiv excursii de o zi care leag\u0103 mai multe dintre aceste locuri.<\/p>\n\n\n\n<p class=\"wp-block-paragraph\">Mai t\u00e2rziu \u00een toamn\u0103, eu a\u0219 \u00eenclina tot mai mult spre Aix, Avignon, Arles sau Marseille ca baze pentru cazare. Satele mici merit\u0103 vizitate \u00een continuare, dar restaurantele, atrac\u021biile, feriboturile \u0219i afacerile sezoniere \u00eencep s\u0103 reduc\u0103 zilele \u0219i orele de deschidere. O baz\u0103 mai animat\u0103 \u00ee\u021bi ofer\u0103 un loc unde chiar ai ce face atunci c\u00e2nd un plan de noiembrie se termin\u0103 mai devreme dec\u00e2t te a\u0219teptai.<\/p>\n\n\n\n<div style=\"height:25px\" aria-hidden=\"true\" class=\"wp-block-spacer\"><\/div>\n\n\n\n<figure class=\"wp-block-image size-full\"><img loading=\"lazy\" decoding=\"async\" width=\"792\" height=\"561\" src=\"https:\/\/www.the-travel-bunny.com\/ro\/wp-content\/uploads\/sites\/2\/2026\/08\/Itinerarii-Provence-Toamna-3-5-7-Zile-Road-Trip.jpg\" alt=\"Infografic cu itinerarii de toamn\u0103 \u00een Provence pentru 3, 5 \u0219i 7 zile, cu trasee prin Aix-en-Provence, Luberon, Alpilles, Cassis, Avignon, Arles \u0219i Camargue.\" class=\"wp-image-11892\" title=\"\" srcset=\"https:\/\/www.the-travel-bunny.com\/ro\/wp-content\/uploads\/sites\/2\/2026\/08\/Itinerarii-Provence-Toamna-3-5-7-Zile-Road-Trip.jpg 792w, https:\/\/www.the-travel-bunny.com\/ro\/wp-content\/uploads\/sites\/2\/2026\/08\/Itinerarii-Provence-Toamna-3-5-7-Zile-Road-Trip-300x213.jpg 300w, https:\/\/www.the-travel-bunny.com\/ro\/wp-content\/uploads\/sites\/2\/2026\/08\/Itinerarii-Provence-Toamna-3-5-7-Zile-Road-Trip-768x544.jpg 768w\" sizes=\"auto, (max-width: 792px) 100vw, 792px\" \/><figcaption class=\"wp-element-caption\"><em>Planific\u0103 un itinerar \u00een Provence toamna pentru 5 zile \u00een jurul Aix-en-Provence, Cassis, Luberon, Alpilles \u0219i Avignon. Varianta mai lung\u0103, un circuit de 7 zile prin Provence toamna, adaug\u0103 Arles, Camargue sau Verdon \u0219i las\u0103 timp pentru schimb\u0103rile de vreme.<\/em><\/figcaption><\/figure>\n\n\n\n<h3 id=\"itinerarii-de-3-5-\u0219i-7-zile-in-provence-toamna\" class=\"wp-block-heading\">Itinerarii de 3, 5 \u0219i 7 zile \u00een Provence toamna<\/h3>\n\n\n\n<p class=\"wp-block-paragraph\">Trei zile sunt suficiente pentru o zon\u0103 restr\u00e2ns\u0103 din Provence. Cinci zile \u00ee\u021bi permit s\u0103 legi dou\u0103 zone \u00eenvecinate f\u0103r\u0103 s\u0103 transformi ma\u0219ina \u00eenchiriat\u0103 \u00een cazare. \u00cen cele din urm\u0103, \u0219apte zile sunt suficiente pentru coast\u0103, podgorii, sate \u0219i un ora\u0219 mai mare, cu condi\u021bia s\u0103 rezi\u0219ti tenta\u021biei de a traversa regiunea \u00een fiecare diminea\u021b\u0103.<\/p>\n\n\n\n<p class=\"wp-block-paragraph\"><strong>Noi explor\u0103m cel mai mult \u00eemprejurimile prim\u0103vara \u0219i toamna<\/strong>, iar eu a\u0219 organiza aceste trasee \u00een acela\u0219i fel. Pie\u021bele \u0219i festivalurile cu date fixe intr\u0103 primele \u00een calendar. Drume\u021biile, excursiile cu barca \u0219i drumurile montane r\u0103m\u00e2n flexibile p\u00e2n\u0103 c\u00e2nd prognoza devine clar\u0103.<\/p>\n\n\n\n<div style=\"height:25px\" aria-hidden=\"true\" class=\"wp-block-spacer\"><\/div>\n\n\n\n<h4 class=\"wp-block-heading\">Itinerar de trei zile \u00een Provence toamna<\/h4>\n\n\n\n<p class=\"wp-block-paragraph\">Pentru un <strong>itinerar de trei zile \u00een Provence toamna<\/strong>, eu a\u0219 folosi Aix-en-Provence drept baz\u0103 \u00een septembrie sau octombrie. Aix \u00ee\u021bi ofer\u0103 restaurante \u0219i muzee deschise seara, iar Luberon \u0219i coasta mediteranean\u0103 se afl\u0103 la o distan\u021b\u0103 rezonabil\u0103 pentru excursii de o zi. Po\u021bi lega \u0219i Aix de Luberon \u0219i Alpilles prin regiunile viticole.<\/p>\n\n\n\n<ul class=\"wp-block-list\">\n<li><strong>Ziua 1<\/strong> este pentru Aix-en-Provence. Plimb\u0103-te prin centrul vechi, viziteaz\u0103 locurile legate de C\u00e9zanne dac\u0103 datele tale sunt \u00eenainte de \u00eenchiderile sezoniere, treci prin pia\u021b\u0103, apoi las\u0103 dup\u0103-amiaza liber\u0103 pentru Sainte-Victoire sau un domeniu viticol din apropiere.<\/li>\n\n\n\n<li><strong>Ziua 2<\/strong> este un itinerar prin Luberon toamna \u00een variant\u0103 concentrat\u0103. Alege dou\u0103 sate. Gordes \u0219i Roussillon se combin\u0103 bine, iar Bonnieux \u0219i Lourmarin sunt o alt\u0103 pereche logic\u0103. Po\u021bi \u00eencerca s\u0103 ajungi \u00een zilele de pia\u021b\u0103, Gordes mar\u021bea, Roussillon joia, Lourmarin vinerea \u0219i Apt s\u00e2mb\u0103ta.<\/li>\n\n\n\n<li><strong>Ziua 3<\/strong> depinde de lun\u0103. \u00cen septembrie sau la \u00eenceput de octombrie, eu a\u0219 merge spre Cassis \u0219i Calanques. Mai t\u00e2rziu \u00een octombrie, Alpilles este o alegere mai bun\u0103. \u00cen noiembrie, a\u0219 \u00eenlocui coasta cu Avignon, Arles sau o regiune viticol\u0103, cu excep\u021bia cazului \u00een care prognoza promite o zi senin\u0103 la Mediteran\u0103.<\/li>\n<\/ul>\n\n\n\n<p class=\"wp-block-paragraph\">Un <strong>itinerar \u00een Provence \u00een septembrie<\/strong> ar trebui s\u0103 p\u0103streze <strong>\u00eenotul \u0219i coasta printre priorit\u0103\u021bi<\/strong>. \u00cen mare parte din zona mediteranean\u0103, septembrie \u00eenc\u0103 aduce temperaturi de var\u0103, iar culesul strugurilor d\u0103 zilelor petrecute \u00een interiorul regiunii un caracter clar sezonier. <em>Vendange<\/em> \u0219i Les Voiles de Saint-Tropez sunt dou\u0103 dintre marile evenimente ale lunii septembrie.<\/p>\n\n\n\n<div style=\"height:25px\" aria-hidden=\"true\" class=\"wp-block-spacer\"><\/div>\n\n\n\n<h4 class=\"wp-block-heading\">Itinerar de cinci zile \u00een Provence toamna<\/h4>\n\n\n\n<p class=\"wp-block-paragraph\">Un <strong>itinerar de 5 zile \u00een Provence toamna<\/strong> \u00ee\u021bi ofer\u0103 suficient timp pentru dou\u0103 baze. Eu a\u0219 petrece dou\u0103 nop\u021bi \u00een zona Aix-en-Provence, apoi trei \u00een jurul Avignon, Saint-R\u00e9my-de-Provence sau \u00een vestul Luberonului.<\/p>\n\n\n\n<ul class=\"wp-block-list\">\n<li><strong>Ziua 1<\/strong> r\u0103m\u00e2ne \u00een Aix-en-Provence.<\/li>\n\n\n\n<li><strong>Ziua 2<\/strong> te duce spre sud, c\u0103tre Cassis, \u00een septembrie sau octombrie, cu o drume\u021bie prin Calanques sau o excursie cu barca, \u00een func\u021bie de v\u00e2nt \u0219i de starea m\u0103rii.<\/li>\n\n\n\n<li><strong>Ziua 3<\/strong> te mut\u0103 spre vest prin Luberon. Gordes, Roussillon, Bonnieux sau Lourmarin sunt alegeri bune. Alege o singur\u0103 pia\u021b\u0103 local\u0103 sau o oprire la un domeniu viticol \u00een loc s\u0103 alergi prin toate satele celebre. Petrece noaptea mai aproape de Avignon sau Saint-R\u00e9my, \u00een loc s\u0103 conduci \u00eenapoi p\u00e2n\u0103 la Aix.<\/li>\n\n\n\n<li><strong>Ziua 4<\/strong> este pentru Alpilles. Saint-R\u00e9my-de-Provence, Les Baux-de-Provence, Maussane-les-Alpilles \u0219i domeniile produc\u0103toare de ulei de m\u0103sline \u0219i vin din jur se combin\u0103 firesc \u00eentr-o singur\u0103 zi.<\/li>\n\n\n\n<li><strong>Ziua 5<\/strong> o petreci \u00een zona Avignon. Palais des Papes \u0219i centrul istoric ocup\u0103 o parte din zi, iar Ch\u00e2teauneuf-du-Pape sau Pont du Gard se adaug\u0103 u\u0219or \u00een afara ora\u0219ului. Dac\u0103 nu ai ma\u0219in\u0103 \u00eenchiriat\u0103 \u0219i vrei s\u0103 ajungi \u00eentr-o parte mai larg\u0103 din vestul Provence, po\u021bi rezerva \u0219i excursii de o zi \u00eentreag\u0103 care combin\u0103 Gordes, Roussillon, Saint-R\u00e9my, Les Baux \u0219i Pont du Gard.<\/li>\n<\/ul>\n\n\n\n<p class=\"wp-block-paragraph\">Acest <strong>itinerar \u00een Provence toamna pentru 5 zile<\/strong> combin\u0103 coasta, ora\u0219ele, satele, podgoriile \u0219i Alpilles f\u0103r\u0103 s\u0103 schimbi hotelul \u00een fiecare sear\u0103. Eu a\u0219 renun\u021ba la Verdon dac\u0103 nu \u00eenlocuie\u0219ti complet una dintre celelalte zone. Dac\u0103 adaugi \u0219i Verdon peste toate acestea, c\u0103l\u0103toria ta de cinci zile se transform\u0103 \u00eentr-o colec\u021bie de priveli\u0219ti v\u0103zute prin parbriz.<\/p>\n\n\n\n<div style=\"height:14px\" aria-hidden=\"true\" class=\"wp-block-spacer\"><\/div>\n\n\n\n<h4 class=\"wp-block-heading\">Itinerar de \u0219apte zile \u00een Provence toamna<\/h4>\n\n\n\n<p class=\"wp-block-paragraph\">Un <strong>itinerar \u00een Provence toamna pentru 7 zile<\/strong> \u00ee\u021bi permite s\u0103 adaugi Arles \u0219i Camargue sau Verdon. Eu a\u0219 alege doar una dintre aceste destina\u021bii, \u00een loc s\u0103 \u00eencerc s\u0103 le \u00eenghesui pe am\u00e2ndou\u0103.<\/p>\n\n\n\n<p class=\"wp-block-paragraph\">Pentru un <strong>road trip de 7 zile prin Provence toamna<\/strong>, eu a\u0219 \u00eencepe cu dou\u0103 nop\u021bi \u00een zona Aix sau Marseille, a\u0219 continua cu dou\u0103 nop\u021bi \u00een Luberon \u0219i a\u0219 \u00eencheia cu trei nop\u021bi \u00een jurul Avignon, Saint-R\u00e9my sau Arles.<\/p>\n\n\n\n<ul class=\"wp-block-list\">\n<li><strong>Ziua 1<\/strong> este pentru Aix-en-Provence sau Marseille. Aix este potrivit pentru locurile legate de C\u00e9zanne \u0219i \u00ee\u021bi ofer\u0103 acces u\u0219or spre interiorul regiunii Provence. Marseille te duce la celebrul Vieux-Port, la muzee \u0219i spre Calanques.<\/li>\n\n\n\n<li><strong>Ziua 2<\/strong> merge spre Cassis \u0219i Calanques \u00een septembrie sau octombrie. \u00cen noiembrie, eu a\u0219 p\u0103stra Marseille, dar a\u0219 \u00eenlocui o zi lung\u0103 pe coast\u0103 cu muzee, Aix sau podgoriile din apropiere dac\u0103 v\u00e2ntul sau ploaia nu arat\u0103 bine.<\/li>\n\n\n\n<li><strong>Ziua 3<\/strong> intr\u0103 \u00een Luberon. Alege o pia\u021b\u0103 \u00een func\u021bie de ziua s\u0103pt\u0103m\u00e2nii, apoi combin\u0103 satul unde are loc pia\u021ba cu o oprire \u00een apropiere. Gordes cu Roussillon sau Bonnieux cu Lourmarin \u00ee\u021bi ofer\u0103 suficient\u0103 varietate f\u0103r\u0103 s\u0103 ajungi s\u0103 iei pr\u00e2nzul privind volanul.<\/li>\n\n\n\n<li><strong>Ziua 4<\/strong> r\u0103m\u00e2ne \u00een Luberon pentru drume\u021bii, podgorii sau sate mai mici. Toamna este unul dintre cele mai bune anotimpuri pentru mers pe jos \u00een Provence, inclusiv pe traseele din Alpilles \u0219i din alte zone naturale protejate.<\/li>\n\n\n\n<li><strong>Ziua 5<\/strong> merge spre Saint-R\u00e9my \u0219i Les Baux. Domeniile cu m\u0103slini \u0219i podgoriile dau traseului un caracter agricol mai pronun\u021bat toamna, iar Mouri\u00e8s devine deosebit de interesant \u00een perioada recolt\u0103rii m\u0103slinelor. Po\u021bi rezerva \u0219i o vizit\u0103 de toamn\u0103 \u00eentr-o livad\u0103 de m\u0103slini din zona Mouri\u00e8s.<\/li>\n\n\n\n<li><strong>Ziua 6<\/strong> este pentru Arles \u0219i Camargue dac\u0103 te atrag fauna s\u0103lbatic\u0103, patrimoniul roman sau traseele plate pentru biciclet\u0103.<\/li>\n\n\n\n<li><strong>Ziua 7<\/strong> se \u00eencheie \u00een Avignon, Ch\u00e2teauneuf-du-Pape sau la Pont du Gard. Ultima noapte \u00een apropiere de Avignon este practic\u0103 dac\u0103 \u00ee\u021bi continui c\u0103l\u0103toria spre nord cu trenul.<\/li>\n<\/ul>\n\n\n\n<p class=\"wp-block-paragraph\">Acest <strong>itinerar \u00een Provence toamna pentru 7 zile<\/strong> mai are un avantaj. Una dintre zilele \u00een aer liber poate fi mutat\u0103. Dac\u0103 Mistralul \u00ee\u021bi stric\u0103 planurile pentru Cassis, po\u021bi p\u0103stra coasta pentru mai t\u00e2rziu. Dac\u0103 plou\u0103 \u00een Luberon, po\u021bi petrece ziua \u00een Aix sau Avignon. O s\u0103pt\u0103m\u00e2n\u0103 las\u0103 prognozei mai pu\u021bin\u0103 putere asupra \u00eentregii c\u0103l\u0103torii.<\/p>\n\n\n\n<div style=\"height:25px\" aria-hidden=\"true\" class=\"wp-block-spacer\"><\/div>\n\n\n\n<h4 class=\"wp-block-heading\">Cum a\u0219 modifica traseul \u00een octombrie<\/h4>\n\n\n\n<p class=\"wp-block-paragraph\">Un <strong>itinerar \u00een Provence \u00een octombrie<\/strong> este varianta cel mai u\u0219or de echilibrat. Eu a\u0219 acorda mai mult timp drume\u021biilor, a\u0219 p\u0103stra o zi pe coast\u0103 \u0219i a\u0219 folosi festivalurile sau pie\u021bele sezoniere pentru a decide \u00een ce zile merg \u00een zonele rurale.<\/p>\n\n\n\n<p class=\"wp-block-paragraph\">Octombrie face \u0219i <strong>Collobri\u00e8res \u0219i Massif des Maures<\/strong> mai interesante, fiindc\u0103 sezonul castanelor domin\u0103 c\u00e2teva dintre duminicile lunii. Po\u021bi merge la festivalul castanelor din Collobri\u00e8res, unul dintre evenimentele reprezentative ale lunii octombrie \u00een Provence.<\/p>\n\n\n\n<p class=\"wp-block-paragraph\">Eu a\u0219 p\u0103stra \u0219i <strong>Verdon ca alternativ\u0103<\/strong>. O prognoz\u0103 bun\u0103 \u00ee\u021bi ofer\u0103 o zi pl\u0103cut\u0103 pentru drume\u021bii, iar vremea proast\u0103 la munte este un motiv la fel de bun s\u0103 r\u0103m\u00e2i la altitudini mai mici, unde podgoriile, satele \u0219i ora\u0219ele \u00ee\u021bi las\u0103 destule op\u021biuni.<\/p>\n\n\n\n<div style=\"height:25px\" aria-hidden=\"true\" class=\"wp-block-spacer\"><\/div>\n\n\n\n<h4 class=\"wp-block-heading\">Cum a\u0219 modifica traseul \u00een noiembrie<\/h4>\n\n\n\n<p class=\"wp-block-paragraph\">Un <strong>itinerar \u00een Provence \u00een noiembrie<\/strong> are nevoie de baze mai bine alese. Aix, Avignon, Arles \u0219i Marseille \u00ee\u021bi ofer\u0103 suficiente op\u021biuni pentru sear\u0103 dup\u0103 ce satele mai mici \u00eencep s\u0103 reduc\u0103 programul sezonier.<\/p>\n\n\n\n<p class=\"wp-block-paragraph\">Sf\u00e2r\u0219itul lui noiembrie schimb\u0103 \u0219i calendarul gastronomic. <strong>Aups \u00ee\u0219i deschide pia\u021ba de trufe negre din 2026<\/strong> joi, 26 noiembrie, la ora 9.00, iar v\u00e2nzarea trufelor de iarn\u0103 continu\u0103 joia diminea\u021ba at\u00e2t timp c\u00e2t exist\u0103 produc\u021bie. Pia\u021ba se \u00eenchide dup\u0103 v\u00e2nzarea trufelor din ziua respectiv\u0103, uneori cu mult \u00eenainte de pr\u00e2nz.<\/p>\n\n\n\n<p class=\"wp-block-paragraph\">Un <strong>itinerar de degustare de vin \u0219i trufe \u00een Provence toamna<\/strong> este ideal de la sf\u00e2r\u0219itul lui noiembrie. Trufele negre proaspete de iarn\u0103 nu sunt o atrac\u021bie de septembrie sau octombrie. Eu a\u0219 organiza traseul \u00een jurul Avignon, Enclave des Papes sau Haut-Var.<\/p>\n\n\n\n<p class=\"has-extra-info-background-color has-background wp-block-paragraph\"><strong>Sfatul local The Travel Bunny:<\/strong> Richerenches combin\u0103 deosebit de bine vinul \u0219i trufele. Satul se afl\u0103 \u00een Enclave des Papes, unde podgoriile \u0219i terenurile cu trufe ocup\u0103 aceea\u0219i zon\u0103 agricol\u0103. Culesul strugurilor este deja \u00eencheiat c\u00e2nd \u00eencepe sezonul trufelor.<\/p>\n\n\n\n<p class=\"wp-block-paragraph\"><strong>Ban des Truffes<\/strong>, evenimentul anual de deschidere a sezonului, are loc \u00een s\u00e2mb\u0103ta de dup\u0103 15 noiembrie, ceea ce plaseaz\u0103 edi\u021bia din 2026 pe 21 noiembrie. Programul include \u00een mod tradi\u021bional pia\u021ba de trufe, procesiunea Confr\u00e9rie du Diamant Noir, degustarea de omlet\u0103 cu trufe \u0219i o demonstra\u021bie de <em>cavage<\/em>.<\/p>\n\n\n\n<div style=\"height:25px\" aria-hidden=\"true\" class=\"wp-block-spacer\"><\/div>\n\n\n\n<h4 class=\"wp-block-heading\">Prelungirea c\u0103l\u0103toriei la 10 zile<\/h4>\n\n\n\n<p class=\"wp-block-paragraph\">Un <strong>road trip prin Provence toamna pentru 10 zile<\/strong> \u00ee\u021bi permite, \u00een sf\u00e2r\u0219it, s\u0103 adaugi Verdon f\u0103r\u0103 s\u0103 tai din timpul alocat Luberonului, Alpilles sau coastei. Eu a\u0219 petrece dou\u0103 nop\u021bi \u00een jurul Marseille sau Cassis, dou\u0103 \u00een Aix, dou\u0103 sau trei \u00een Luberon, apoi a\u0219 \u00eencheia \u00een zona Avignon, Saint-R\u00e9my sau Arles.<\/p>\n\n\n\n<p class=\"wp-block-paragraph\">Zilele suplimentare \u00ee\u021bi permit \u0219i s\u0103 \u00eencetine\u0219ti ritmul \u00een func\u021bie de programul pie\u021belor locale. Acela\u0219i sat vizitat \u00een diminea\u021ba pie\u021bei s\u0103pt\u0103m\u00e2nale \u0219i \u00eentr-o dup\u0103-amiaz\u0103 lini\u0219tit\u0103 ofer\u0103 dou\u0103 experien\u021be foarte diferite. Organiza\u021bia regional\u0103 de turism din Provence men\u021bine un <strong><a href=\"https:\/\/provence-alpes-cotedazur.com\/que-faire\/sortir\/les-marches-en-provence-alpes-cote-dazur\/\" target=\"_blank\" rel=\"noreferrer noopener\">calendar actualizat al pie\u021belor din regiune<\/a><\/strong>, pe care merit\u0103 s\u0103-l verifici dup\u0103 ce ai stabilit unde vei dormi.<\/p>\n\n\n\n<p class=\"wp-block-paragraph\">Eu a\u0219 p\u0103stra a zecea zi drept rezerv\u0103 pentru vreme, f\u0103r\u0103 s\u0103-i atribui cu luni \u00eenainte \u00eenc\u0103 un loc celebru. Toamna \u00een Provence cere pu\u021bin spa\u021biu liber \u00een program. Un Mistral serios, o furtun\u0103 la munte sau un pr\u00e2nz lung c\u0103ruia pur \u0219i simplu nu vrei s\u0103-i pui cap\u0103t au talentul de a edita singure itinerariile prea ambi\u021bioase.<\/p>\n\n\n\n<hr class=\"wp-block-separator has-alpha-channel-opacity is-style-dots\"\/>\n\n\n\n<figure class=\"wp-block-image size-full\"><img loading=\"lazy\" decoding=\"async\" width=\"792\" height=\"990\" src=\"https:\/\/www.the-travel-bunny.com\/ro\/wp-content\/uploads\/sites\/2\/2026\/08\/Provence-Toamna-Cu-Masina-Sau-Fara-Masina-Planner-Transport.jpg\" alt=\"Infografic pentru o c\u0103l\u0103torie \u00een Provence toamna, compar\u00e2nd varianta cu ma\u0219in\u0103 \u0219i f\u0103r\u0103 ma\u0219in\u0103 pentru Luberon, Alpilles, Verdon, Aix-en-Provence, Avignon, Arles \u0219i Marseille.\" class=\"wp-image-11893\" title=\"\" srcset=\"https:\/\/www.the-travel-bunny.com\/ro\/wp-content\/uploads\/sites\/2\/2026\/08\/Provence-Toamna-Cu-Masina-Sau-Fara-Masina-Planner-Transport.jpg 792w, https:\/\/www.the-travel-bunny.com\/ro\/wp-content\/uploads\/sites\/2\/2026\/08\/Provence-Toamna-Cu-Masina-Sau-Fara-Masina-Planner-Transport-240x300.jpg 240w, https:\/\/www.the-travel-bunny.com\/ro\/wp-content\/uploads\/sites\/2\/2026\/08\/Provence-Toamna-Cu-Masina-Sau-Fara-Masina-Planner-Transport-768x960.jpg 768w\" sizes=\"auto, (max-width: 792px) 100vw, 792px\" \/><figcaption class=\"wp-element-caption\"><em>Un road trip prin Provence toamna cu ma\u0219ina \u00ee\u021bi ofer\u0103 acces mai u\u0219or la Luberon, Alpilles, Verdon, podgorii \u0219i sate din zonele rurale. Un itinerar \u00een Provence toamna f\u0103r\u0103 ma\u0219in\u0103 se potrive\u0219te deosebit de bine pentru Aix-en-Provence, Avignon, Arles \u0219i Marseille.<\/em><\/figcaption><\/figure>\n\n\n\n<h3 class=\"wp-block-heading\">Ai nevoie de ma\u0219in\u0103? Road trip sau Provence f\u0103r\u0103 ma\u0219in\u0103<\/h3>\n\n\n\n<p class=\"wp-block-paragraph\"><strong>Ma\u0219ina \u00ee\u021bi ofer\u0103 mult\u0103 libertate \u00een zonele rurale din Provence<\/strong>, mai ales \u00een Luberon, Alpilles \u0219i Verdon, dar \u0219i pentru domeniile viticole, satele mici \u0219i festivalurile de toamn\u0103. Pentru o c\u0103l\u0103torie concentrat\u0103 pe Aix-en-Provence, Avignon, Arles, Marseille sau coast\u0103, po\u021bi alege \u0219i trenul ori autobuzul. Decizia depinde, \u00een esen\u021b\u0103, de locurile \u00een care vrei s\u0103-\u021bi petreci timpul.<\/p>\n\n\n\n<p class=\"wp-block-paragraph\">Un <strong>road trip prin Provence<\/strong> merit\u0103 planificat dac\u0103 satele \u0219i zonele rurale ocup\u0103 cea mai mare parte a itinerarului. Gordes, Roussillon, Bonnieux, Eygali\u00e8res, Mouri\u00e8s, Les Baux-de-Provence \u0219i domeniile viticole mai mici sunt mai u\u0219or de combinat c\u00e2nd tu decizi ora plec\u0103rii, nu orarul regional de transport.<\/p>\n\n\n\n<p class=\"wp-block-paragraph\">Toamna face condusul considerabil mai u\u0219or. Din experien\u021ba mea, <strong>traficul rutier exist\u0103 \u00een continuare, dar este mai redus dec\u00e2t vara<\/strong>, iar \u00een multe locuri g\u0103se\u0219ti mai u\u0219or parcare. Un <strong>road trip prin Provence toamna<\/strong> \u00eenseamn\u0103 mai pu\u021bin timp petrecut \u00eenv\u00e2rtindu-te prin parc\u0103rile satelor \u0219i mai mult\u0103 libertate s\u0103 opre\u0219ti c\u00e2nd o podgorie, o pia\u021b\u0103 sau o priveli\u0219te de pe marginea drumului merit\u0103 zece minute.<\/p>\n\n\n\n<p class=\"wp-block-paragraph\">Un <strong>road trip prin Provence \u00een octombrie<\/strong> este deosebit de practic, deoarece atrac\u021biile rurale, pie\u021bele, cramele \u0219i zonele pentru drume\u021bii sunt \u00eenc\u0103 active, \u00een timp ce aglomera\u021bia verii s-a redus \u00een mare parte. \u00cen octombrie ai \u0219i suficiente ore de lumin\u0103 pentru drumurile dintre Luberon, Alpilles \u0219i coast\u0103, f\u0103r\u0103 ca fiecare \u00eentoarcere s\u0103 se transforme \u00eentr-un condus pe \u00eentuneric.<\/p>\n\n\n\n<p class=\"wp-block-paragraph\">Pentru cel mai bun <strong>traseu auto prin Provence toamna<\/strong>, eu a\u0219 p\u0103stra distan\u021bele zilnice rezonabile. A\u0219 grupa Gordes cu Roussillon, Saint-R\u00e9my cu Les Baux \u0219i Cassis cu Marseille, ca s\u0103 evit deplas\u0103rile \u00eenainte \u0219i \u00eenapoi \u00eentre nume celebre \u00eempr\u0103\u0219tiate pe hart\u0103. Provence pare mic\u0103 p\u00e2n\u0103 observi c\u0103 traseul t\u0103u traverseaz\u0103 trei lan\u021buri muntoase diferite \u0219i o \u00een\u0219iruire de drumuri departamentale.<\/p>\n\n\n\n<p class=\"wp-block-paragraph\">Un road trip cu ma\u0219ina te ajut\u0103 \u0219i s\u0103 te adaptezi mai u\u0219or la schimb\u0103rile de vreme. O zi cu v\u00e2nt \u00een Calanques se poate transforma \u00eentr-o zi prin podgorii. Ploaia din zona Verdon te poate trimite spre Aix sau Avignon. O diminea\u021b\u0103 senin\u0103 \u00ee\u021bi permite s\u0103 revii la activit\u0103\u021bile \u00een aer liber. Rezerv\u0103rile fixe pentru transport \u00ee\u021bi las\u0103 mai pu\u021bin spa\u021biu pentru asemenea schimb\u0103ri.<\/p>\n\n\n\n<p class=\"wp-block-paragraph\"><strong>Cum s\u0103 planifici un road trip prin Provence toamna<\/strong> devine mai simplu c\u00e2nd alegi cazarea pe zone geografice. Dou\u0103 sau trei nop\u021bi \u00een jurul Aix sau Marseille, urmate de Luberon, apoi Avignon sau Saint-R\u00e9my, reduc drumurile repetate pe acelea\u0219i por\u021biuni. Eu a\u0219 prefera s\u0103 schimb hotelul de dou\u0103 ori \u00eentr-o s\u0103pt\u0103m\u00e2n\u0103 dec\u00e2t s\u0103 traversez zilnic aceea\u0219i bucat\u0103 de autostrad\u0103.<\/p>\n\n\n\n<div style=\"height:25px\" aria-hidden=\"true\" class=\"wp-block-spacer\"><\/div>\n\n\n\n<h4 class=\"wp-block-heading\">Condusul \u00een timpul recolt\u0103rii strugurilor \u0219i m\u0103slinelor<\/h4>\n\n\n\n<p class=\"wp-block-paragraph\"><strong>Condusul prin Provence \u00een timpul recoltelor de toamn\u0103<\/strong> \u00eenseamn\u0103 s\u0103 \u021bii minte c\u0103 drumurile dintre vii \u0219i livezile de m\u0103slini sunt \u0219i trasee agricole de lucru. \u00cen perioada <em>vendange<\/em>, tractoarele, remorcile, vehiculele domeniilor \u0219i echipele de recoltare folosesc drumuri pe care vizitatorii le trateaz\u0103 adesea drept scurt\u0103turi pitore\u0219ti. Las\u0103 suficient loc vehiculelor agricole, evit\u0103 s\u0103 opre\u0219ti \u00een dreptul intr\u0103rilor \u00een podgorii \u0219i p\u0103streaz\u0103 libere drumurile private ale domeniilor, cu excep\u021bia cazului \u00een care indicatoarele invit\u0103 vizitatorii s\u0103 intre.<\/p>\n\n\n\n<p class=\"wp-block-paragraph\">Cel mai pl\u0103cut <strong>traseu cu ma\u0219ina prin podgoriile din Alpilles toamna<\/strong>, \u00een perioada recoltei, leag\u0103 Saint-R\u00e9my-de-Provence, Les Baux-de-Provence, Maussane-les-Alpilles, Mouri\u00e8s \u0219i Eygali\u00e8res. \u00cen aceast\u0103 zon\u0103 g\u0103se\u0219ti domenii viticole \u0219i produc\u0103tori de ulei de m\u0103sline, inclusiv Mas de la Dame l\u00e2ng\u0103 Les Baux, Mas de Gourgonnier \u00een Mouri\u00e8s \u0219i Domaine de la Vallongue l\u00e2ng\u0103 Eygali\u00e8res.<\/p>\n\n\n\n<p class=\"wp-block-paragraph\"><strong>\u0218i parcarea devine mai pu\u021bin enervant\u0103<\/strong> \u00een afara plinului sezon. Po\u021bi parca gratuit la boulodrome \u00een Mouri\u00e8s, iar la intrarea vestic\u0103 \u00een Eygali\u00e8res exist\u0103 dou\u0103 parc\u0103ri mari \u0219i gratuite. Les Baux-de-Provence r\u0103m\u00e2ne excep\u021bia mai incomod\u0103, fiindc\u0103 satul continu\u0103 s\u0103 atrag\u0103 mul\u021bi vizitatori \u0219i dup\u0103 lunile iulie \u0219i august.<\/p>\n\n\n\n<div style=\"height:25px\" aria-hidden=\"true\" class=\"wp-block-spacer\"><\/div>\n\n\n\n<h4 class=\"wp-block-heading\">Provence f\u0103r\u0103 ma\u0219in\u0103<\/h4>\n\n\n\n<p class=\"wp-block-paragraph\">Un <strong>itinerar \u00een Provence toamna f\u0103r\u0103 ma\u0219in\u0103<\/strong> este realist doar dac\u0103 alegi baza potrivit\u0103. Aix-en-Provence, Marseille, Avignon, Arles, Cassis, Bandol \u0219i multe dintre localit\u0103\u021bile mai mari sunt deservite de trenuri sau autobuze regionale. Dificult\u0103\u021bile \u00eencep c\u00e2nd \u00eencerci s\u0103 combini \u00een aceea\u0219i zi mai multe sate coco\u021bate pe dealuri, crame izolate \u0219i puncte de plecare pentru drume\u021bii.<\/p>\n\n\n\n<p class=\"wp-block-paragraph\"><strong>Luberon are transport public mai bun<\/strong> dec\u00e2t ai putea crede dup\u0103 caracterul s\u0103u rural. Apt are leg\u0103turi cu Aix-en-Provence prin linia ZOU 909, cu Avignon prin linia 915, cu Gordes prin linia 917, cu Bonnieux prin linia 918 \u0219i cu L&#8217;Isle-sur-la-Sorgue prin linia 914. Biroul de turism Pays d&#8217;Apt promoveaz\u0103 \u0219i un <strong><a href=\"https:\/\/www.luberon-apt.fr\/sejour-sans-voiture-en-pays-d-apt-luberon\" target=\"_blank\" rel=\"noreferrer noopener\">sejur f\u0103r\u0103 ma\u0219in\u0103 cu baza \u00een Apt<\/a><\/strong>.<\/p>\n\n\n\n<p class=\"wp-block-paragraph\">La Roussillon po\u021bi ajunge cu liniile ZOU 917 \u0219i 989, cu sta\u021bia la Place Jean Eynard, aproape de sat \u0219i de Sentier des Ocres. Linia 989 circul\u0103 la cerere \u00een zona Pays d&#8217;Apt \u0219i necesit\u0103 rezervare \u00een avans, deci vorbim despre transport public care vine cu teme pentru acas\u0103, nu despre un autobuz urban \u00een care te urci lini\u0219tit dup\u0103 pr\u00e2nz.<\/p>\n\n\n\n<p class=\"has-extra-info-background-color has-background wp-block-paragraph\"><strong>Apt este o baz\u0103 rural\u0103 surprinz\u0103tor de practic\u0103<\/strong> pentru un itinerar prin Provence f\u0103r\u0103 aglomera\u021bia verii. Ai leg\u0103turi cu autobuzul spre Gordes, Roussillon, Bonnieux, Avignon \u0219i Aix, plus trasee de ciclism prin \u021binutul ocrului. Totu\u0219i, o c\u0103l\u0103torie prin Luberon f\u0103r\u0103 ma\u0219in\u0103 cere organizare din timp.<\/p>\n\n\n\n<p class=\"wp-block-paragraph\">Compromisul este frecven\u021ba curselor. Autobuzele regionale deservesc \u00een primul r\u00e2nd locuitorii \u0219i abia apoi itinerariile turistice. O zi f\u0103r\u0103 ma\u0219in\u0103 \u00eenseamn\u0103 de obicei o singur\u0103 destina\u021bie principal\u0103, nu trei sate legate \u00eentre ele prin timpi de transfer excesiv de optimi\u0219ti.<\/p>\n\n\n\n<div style=\"height:25px\" aria-hidden=\"true\" class=\"wp-block-spacer\"><\/div>\n\n\n\n<h4 class=\"wp-block-heading\">Cum ajungi \u00een Provence de la Aeroportul din Nice toamna<\/h4>\n\n\n\n<p class=\"wp-block-paragraph\"><strong>Cum ajungi \u00een Provence de la Aeroportul din Nice toamna<\/strong> depinde de prima baz\u0103 aleas\u0103. A\u00e9roport Nice C\u00f4te d&#8217;Azur are leg\u0103tur\u0103 direct\u0103 cu nodul de transport Grand Ar\u00e9nas, iar gara Nice Saint-Augustin se afl\u0103 la mai pu\u021bin de 500 de metri de Terminalul 1 \u0219i la aproximativ \u0219apte minute de mers pe jos. Liniile de tramvai 2 \u0219i B leag\u0103 gratuit ambele terminale ale aeroportului de Grand Ar\u00e9nas.<\/p>\n\n\n\n<p class=\"wp-block-paragraph\"><strong>Pentru Marseille<\/strong>, trenurile TER circul\u0103 direct din Nice Saint-Augustin spre Marseille Saint-Charles, iar aeroportul indic\u0103 aproximativ o plecare pe or\u0103 \u00een timpul s\u0103pt\u0103m\u00e2nii pe axa Marseille-Toulon-Nice. Din Marseille, leg\u0103turile feroviare \u0219i cu autobuzul continu\u0103 spre Aix, Arles, Avignon \u0219i alte zone din vestul Provence.<\/p>\n\n\n\n<p class=\"has-extra-info-background-color has-background wp-block-paragraph\">Pentru a economisi timp, <strong><a href=\"https:\/\/omio.tpx.lv\/yxWQYIlN\" target=\"_blank\" rel=\"noreferrer noopener sponsored\">verific\u0103 zborurile spre A\u00e9roport Marseille Provence<\/a><\/strong>.<\/p>\n\n\n\n<p class=\"wp-block-paragraph\"><strong>Aix-en-Provence<\/strong> are \u0219i o leg\u0103tur\u0103 regional\u0103 direct\u0103. Linia ZOU Express 60 leag\u0103 Nice de Aix-en-Provence, cu un orar specific publicat \u00eencep\u00e2nd cu 1 septembrie 2026. Nodul de transport de la Aeroportul din Nice include linia 60 spre Aix-en-Provence printre serviciile care pleac\u0103 din Grand Ar\u00e9nas, aflat la distan\u021b\u0103 de mers pe jos de Terminalul 1.<\/p>\n\n\n\n<p class=\"wp-block-paragraph\"><strong>Pentru Avignon sau vestul Luberonului<\/strong>, eu a\u0219 lua trenul spre vest \u00een loc s\u0103 \u00eenchiriez o ma\u0219in\u0103 la Nice \u0219i s\u0103 petrec imediat c\u00e2teva ore travers\u00e2nd regiunea. Ia ma\u0219ina mai aproape de zona unde \u00eencepe s\u0103 fie cu adev\u0103rat util\u0103 pentru drumurile rurale. \u00cen felul acesta, vehiculul scump \u00eencepe s\u0103-\u0219i justifice costul cam \u00een acela\u0219i moment \u00een care transportul public \u00eencepe s\u0103 devin\u0103 incomod.<\/p>\n\n\n\n<hr class=\"wp-block-separator has-alpha-channel-opacity is-style-dots\"\/>\n\n\n\n<figure class=\"wp-block-image size-full\"><img loading=\"lazy\" decoding=\"async\" width=\"792\" height=\"594\" src=\"https:\/\/www.the-travel-bunny.com\/ro\/wp-content\/uploads\/sites\/2\/2026\/08\/Provence-Noiembrie-Ce-Ramane-Deschis-Ghid-Toamna.jpg\" alt=\"Infografic despre ce r\u0103m\u00e2ne deschis \u00een Provence \u00een noiembrie, cu informa\u021bii despre restaurante, pie\u021be, transport, hoteluri, crame, atrac\u021bii, programe reduse \u0219i cele mai bune baze pentru sf\u00e2r\u0219itul toamnei.\" class=\"wp-image-11894\" title=\"\" srcset=\"https:\/\/www.the-travel-bunny.com\/ro\/wp-content\/uploads\/sites\/2\/2026\/08\/Provence-Noiembrie-Ce-Ramane-Deschis-Ghid-Toamna.jpg 792w, https:\/\/www.the-travel-bunny.com\/ro\/wp-content\/uploads\/sites\/2\/2026\/08\/Provence-Noiembrie-Ce-Ramane-Deschis-Ghid-Toamna-300x225.jpg 300w, https:\/\/www.the-travel-bunny.com\/ro\/wp-content\/uploads\/sites\/2\/2026\/08\/Provence-Noiembrie-Ce-Ramane-Deschis-Ghid-Toamna-768x576.jpg 768w\" sizes=\"auto, (max-width: 792px) 100vw, 792px\" \/><figcaption class=\"wp-element-caption\"><em>C\u0103l\u0103toriile \u00een Provence \u00een extrasezon devin mai u\u0219or de organizat c\u00e2nd \u0219tii ce servicii continu\u0103 \u0219i \u00een noiembrie. Aix-en-Provence, Avignon, Arles, Marseille \u0219i Saint-R\u00e9my-de-Provence sunt baze sigure pentru cazare \u00een Provence toamna \u0219i pentru restaurante.<\/em><\/figcaption><\/figure>\n\n\n\n<h3 class=\"wp-block-heading\">Unde s\u0103 stai, ce r\u0103m\u00e2ne deschis \u0219i ce se schimb\u0103 \u00een noiembrie<\/h3>\n\n\n\n<p class=\"wp-block-paragraph\"><strong>Unde s\u0103 stai \u00een Provence toamna<\/strong> devine o alegere tot mai important\u0103 odat\u0103 cu \u00eenaintarea sezonului. \u00cen septembrie, po\u021bi rezerva \u00eenc\u0103 hoteluri pe coast\u0103, cazare \u00eentr-un <em>mas<\/em> provensal \u0219i propriet\u0103\u021bi viticole. Octombrie ofer\u0103 cea mai larg\u0103 varietate \u00een Luberon \u0219i Alpilles. \u00cen noiembrie, Aix-en-Provence, Avignon, Arles, Saint-R\u00e9my-de-Provence \u0219i Marseille sunt alegeri mai sigure, pentru c\u0103 hotelurile \u0219i restaurantele deschise tot anul elimin\u0103 o bun\u0103 parte din incertitudine.<\/p>\n\n\n\n<p class=\"wp-block-paragraph\">Recomandarea mea pentru <strong>unde s\u0103 te cazezi \u00een Provence \u00een toamn\u0103<\/strong> depinde de lun\u0103. Alege zonele rurale \u00een septembrie \u0219i octombrie dac\u0103 dimine\u021bile la \u021bar\u0103, podgoriile, pie\u021bele \u0219i drume\u021biile sunt \u00een centrul c\u0103l\u0103toriei tale. De la sf\u00e2r\u0219itul lui octombrie, alege o localitate activ\u0103 tot anul dac\u0103 pentru tine sunt la fel de importante o cin\u0103 \u00een apropiere, muzeele, magazinele \u0219i posibilitatea de a schimba u\u0219or planul \u00eentr-o zi ploioas\u0103.<\/p>\n\n\n\n<p class=\"wp-block-paragraph\">Printre <strong>cele mai bune sate pentru cazare \u00een Provence toamna<\/strong> se num\u0103r\u0103 Saint-R\u00e9my-de-Provence, Bonnieux, Lourmarin \u0219i Gordes. Dintre acestea, Saint-R\u00e9my are cele mai multe servicii disponibile tot anul, Bonnieux \u0219i Lourmarin sunt baze foarte bune \u00een Luberon la \u00eenceputul toamnei, iar Gordes te pune aproape de Roussillon, Murs \u0219i nordul Luberonului, de\u0219i cazarea tinde s\u0103 fie mai scump\u0103.<\/p>\n\n\n\n<p class=\"wp-block-paragraph\">Dintre localit\u0103\u021bile mici potrivite pentru cazare \u00een Provence toamna, eu a\u0219 ad\u0103uga Apt \u0219i L&#8217;Isle-sur-la-Sorgue. Apt \u00ee\u021bi ofer\u0103 acces u\u0219or spre Bonnieux, Roussillon, Saignon \u0219i satele din estul Luberonului, iar L&#8217;Isle-sur-la-Sorgue are restaurante, anticariate, o pia\u021b\u0103 important\u0103 duminica, gar\u0103 \u0219i leg\u0103turi mai simple spre Avignon.<\/p>\n\n\n\n<div style=\"height:25px\" aria-hidden=\"true\" class=\"wp-block-spacer\"><\/div>\n\n\n\n<h4 class=\"wp-block-heading\">Hoteluri pentru o c\u0103l\u0103torie de toamn\u0103 \u00een Provence<\/h4>\n\n\n\n<p class=\"wp-block-paragraph\">Pentru Aix-en-Provence, <strong><a href=\"https:\/\/booking.tpx.lv\/xdtjoEu5\" target=\"_blank\" rel=\"noreferrer noopener sponsored\">Villa Gallici<\/a><\/strong> este o alegere excelent\u0103 de lux, deschis\u0103 tot anul. Hotelul are 23 de camere \u0219i suite, terase private sau gr\u0103dini pentru mai multe categorii de cazare, restaurant, sal\u0103 de fitness, saun\u0103, jacuzzi \u0219i spa. Atelier des Lauves al lui C\u00e9zanne se afl\u0103 la doar c\u00e2teva sute de metri, a\u0219a c\u0103 \u00eel po\u021bi include u\u0219or \u00eentr-un itinerar de toamn\u0103 dedicat lui C\u00e9zanne f\u0103r\u0103 s\u0103 stai \u00een cea mai aglomerat\u0103 parte a centrului istoric.<\/p>\n\n\n\n<p class=\"wp-block-paragraph\">Pentru o baz\u0103 mai central\u0103 \u00een Aix, <strong><a href=\"https:\/\/agoda.tpx.lv\/9LBSJrlw\" target=\"_blank\" rel=\"noreferrer noopener sponsored\">Aquabella Hotel &amp; Spa<\/a><\/strong> r\u0103m\u00e2ne deschis tot anul, chiar \u00een centrul istoric. Proprietatea are 112 camere, spa senzorial, restaurant, gr\u0103din\u0103 \u0219i acces u\u0219or pe jos spre Cath\u00e9drale Saint-Sauveur \u0219i ora\u0219ul vechi. <strong>Piscina exterioar\u0103 \u00eenc\u0103lzit\u0103<\/strong> se \u00eenchide dup\u0103 septembrie, un detaliu important dac\u0103 rezervi pentru octombrie sau noiembrie, \u00een timp ce spa-ul r\u0103m\u00e2ne disponibil pe durata sejurului.<\/p>\n\n\n\n<p class=\"wp-block-paragraph\">\u00cen Avignon, <strong><a href=\"https:\/\/booking.tpx.lv\/Cj6fQ3L2\" target=\"_blank\" rel=\"noreferrer noopener sponsored\">La Mirande<\/a><\/strong> este genul de cazare pentru care pl\u0103te\u0219ti serios \u00een plus. Hotelul se afl\u0103 chiar l\u00e2ng\u0103 Palais des Papes \u0219i ocup\u0103 fosta re\u0219edin\u021b\u0103 istoric\u0103 a unui cardinal, cu 26 de camere decorate individual, textile de epoc\u0103, restaurant gastronomic, cursuri de g\u0103tit \u0219i <strong>masa buc\u0103tarului Table Haute<\/strong>.<\/p>\n\n\n\n<p class=\"wp-block-paragraph\">O cazare \u00een Luberon arat\u0103 cu totul diferit la <strong><a href=\"https:\/\/booking.tpx.lv\/DhLyv92u\" target=\"_blank\" rel=\"noreferrer noopener sponsored\">Coquillade Provence<\/a><\/strong>. Domeniul se \u00eentinde printre podgorii, livezi de m\u0103slini \u0219i p\u0103dure l\u00e2ng\u0103 Gargas \u0219i are un spa mare, centru pentru ciclism, mai multe restaurante \u0219i propriul domeniu viticol. \u00cen octombrie 2026 sunt programate <strong>un weekend dedicat recoltei \u0219i, separat, un retreat de wellness<\/strong>, ceea ce face Coquillade deosebit de interesant pentru cei care vor o cazare legat\u0103 direct de sezonul recoltelor de toamn\u0103 din Provence.<\/p>\n\n\n\n<p class=\"wp-block-paragraph\">Pentru Alpilles, <strong><a href=\"https:\/\/agoda.tpx.lv\/LGbV9x81\" target=\"_blank\" rel=\"noreferrer noopener sponsored\">Le Vallon de Valrugues Hotel Spa &amp; Villas<\/a><\/strong> este una dintre cele mai bune alegeri spre sf\u00e2r\u0219itul sezonului. Proprietatea este deschis\u0103 tot anul \u0219i se afl\u0103 la doar zece minute de mers pe jos de centrul Saint-R\u00e9my. Are camere, suite, \u0219apte vile private, spa, piscin\u0103 interioar\u0103 \u00eenc\u0103lzit\u0103, saun\u0103, hamam \u0219i transfer local gratuit. <strong>Piscina exterioar\u0103 \u00eenc\u0103lzit\u0103<\/strong> r\u0103m\u00e2ne \u00een mod normal deschis\u0103 p\u00e2n\u0103 pe 30 octombrie, dac\u0103 vremea permite.<\/p>\n\n\n\n<p class=\"wp-block-paragraph\">O baz\u0103 mai simpl\u0103 \u00een Luberon este <strong><a href=\"https:\/\/hotels.tpx.lv\/ieJ81HQ3\" target=\"_blank\" rel=\"noreferrer noopener sponsored\">Le Relais du Luberon<\/a><\/strong>, \u00een Coustellet-Maubec. Acest aparthotel este deschis din aprilie p\u00e2n\u0103 \u00een noiembrie \u0219i ofer\u0103 <strong>camere, dar \u0219i studiouri cu chicinet\u0103<\/strong>, plus parcare privat\u0103 securizat\u0103. Gordes, Fontaine-de-Vaucluse, L&#8217;Isle-sur-la-Sorgue, Apt \u0219i Roussillon se afl\u0103 toate la distan\u021be practice cu ma\u0219ina.<\/p>\n\n\n\n<p class=\"wp-block-paragraph\">Locul acesta este unul dintre r\u0103spunsurile mele mai practice la \u00eentrebarea <strong>unde s\u0103 te cazezi \u00een Valea Luberon \u00een luna octombrie<\/strong>. Coustellet nu are decorul de carte po\u0219tal\u0103 din Gordes, dar magazinele alimentare, drumurile, parcarea \u0219i pozi\u021bia central\u0103 devin tot mai utile \u00eentr-o c\u0103l\u0103torie de mai multe zile.<\/p>\n\n\n\n<div style=\"height:25px\" aria-hidden=\"true\" class=\"wp-block-spacer\"><\/div>\n\n\n\n<h4 class=\"wp-block-heading\">Cazare \u00eentr-un <em>mas<\/em> tradi\u021bional \u0219i vile de toamn\u0103<\/h4>\n\n\n\n<p class=\"wp-block-paragraph\">Dac\u0103 vrei <strong>cazare \u00eentr-un<\/strong> <em><strong>mas<\/strong><\/em> <strong>provensal toamna<\/strong>, merit\u0103 s\u0103 te ui\u021bi la <strong><a href=\"https:\/\/agoda.tpx.lv\/XH3xsD2D\" target=\"_blank\" rel=\"noreferrer noopener sponsored\">Le Mas de la Rose<\/a><\/strong>. Proprietatea ocup\u0103 cl\u0103diri restaurate din secolul al XVII-lea, pe un domeniu \u00eentins l\u00e2ng\u0103 Eygali\u00e8res, cu m\u0103slini, gr\u0103dini, piscin\u0103, teren de tenis, biciclete, restaurant \u0219i vedere spre Alpilles. Sezonul 2026 se \u00eencheie pe 31 octombrie, iar \u00eenchirierea integral\u0103 a propriet\u0103\u021bii este disponibil\u0103 la cerere.<\/p>\n\n\n\n<p class=\"wp-block-paragraph\">Octombrie este \u0219i mai avantajos financiar dec\u00e2t septembrie, f\u0103r\u0103 s\u0103 fie nevoie s\u0103 cit\u0103m un tarif pe noapte care se poate schimba. La Le Mas de la Rose, sejururile private din octombrie intr\u0103 \u00eentr-o categorie sezonier\u0103 mai ieftin\u0103 dec\u00e2t cele din septembrie, iar cerin\u021bele privind num\u0103rul minim de nop\u021bi devin mai flexibile \u00een cursul lunii.<\/p>\n\n\n\n<p class=\"wp-block-paragraph\">O <strong>vil\u0103 de lux \u00een Provence toamna<\/strong> este o alegere mai bun\u0103 pentru familii sau grupuri care vor dormitoare separate, buc\u0103t\u0103rie, spa\u021biu exterior privat \u0219i mai pu\u021bine mese la restaurant. <strong><a href=\"https:\/\/agoda.tpx.lv\/LGbV9x81\" target=\"_blank\" rel=\"noreferrer noopener sponsored\">Le Vallon de Valrugues<\/a><\/strong> are \u0219apte vile private l\u00e2ng\u0103 Saint-R\u00e9my, cu servicii hoteliere \u0219i acces la spa, ceea ce elimin\u0103 multe dintre inconvenientele unei vile izolate.<\/p>\n\n\n\n<p class=\"wp-block-paragraph\"><strong>C\u00e2t cost\u0103 \u00eenchirierea unei vile provensale toamna<\/strong> depinde de proprietate \u0219i perioad\u0103, dar tarifele pentru vilele de lux scad de obicei dup\u0103 v\u00e2rful verii, iar cererea din septembrie r\u0103m\u00e2ne adesea mai mare dec\u00e2t \u00een octombrie \u0219i noiembrie. Eu a\u0219 compara, pe l\u00e2ng\u0103 pre\u021bul caz\u0103rii, \u00eenc\u0103lzirea, perioada \u00een care piscina este \u00eenc\u0103lzit\u0103, serviciile de menaj, taxele de cur\u0103\u021benie, num\u0103rul minim de nop\u021bi \u0219i garan\u021bia. O cas\u0103 din piatr\u0103 care pare mai ieftin\u0103 \u00ee\u0219i pierde pu\u021bin farmecul c\u00e2nd \u00eenc\u0103lzirea din noiembrie apare pe factur\u0103 ca supliment costisitor.<\/p>\n\n\n\n<p class=\"wp-block-paragraph\">Acela\u0219i lucru este valabil \u0219i pentru <strong>\u00eenchirierea unei vile de lux \u00een Provence toamna<\/strong>, \u00een perioada recoltelor. O proprietate \u00eentre vii sau livezi de m\u0103slini \u00ee\u021bi ofer\u0103 acces u\u0219or la domenii \u0219i evenimente gastronomice, \u00een timp ce o vil\u0103 cu servicii l\u00e2ng\u0103 Saint-R\u00e9my sau \u00een Luberon evit\u0103 drumurile lungi dup\u0103 cin\u0103.<\/p>\n\n\n\n<p class=\"wp-block-paragraph\"><strong>Vilele de \u00eenchiriat \u00een Provence \u00een septembrie<\/strong> r\u0103m\u00e2n populare deoarece vremea cald\u0103 permite \u00eenc\u0103 folosirea piscinelor, teraselor \u0219i mesele \u00een aer liber. <strong><a href=\"https:\/\/booking.tpx.lv\/IbiZr2pD\" target=\"_blank\" rel=\"noreferrer noopener sponsored\">Vilele din Provence toamna<\/a><\/strong> ofer\u0103 un raport mai bun \u00eentre pre\u021b \u0219i cazare mai t\u00e2rziu \u00een sezon, de\u0219i dup\u0103 octombrie trebuie s\u0103 verifici mai atent p\u00e2n\u0103 c\u00e2nd este \u00eenc\u0103lzit\u0103 piscina \u0219i ce restaurante sezoniere s-au \u00eenchis.<\/p>\n\n\n\n<div style=\"height:25px\" aria-hidden=\"true\" class=\"wp-block-spacer\"><\/div>\n\n\n\n<h4 class=\"wp-block-heading\">\u00cen ce lun\u0103 ai cea mai bun\u0103 alegere de cazare?<\/h4>\n\n\n\n<p class=\"wp-block-paragraph\"><strong>Hotelurile din Provence \u00een septembrie<\/strong> func\u021bioneaz\u0103 \u00eenc\u0103 aproape dup\u0103 programul de var\u0103, mai ales \u00een Cassis, Bandol, Saint-Tropez, Hy\u00e8res \u0219i Luberon. Disponibilitatea cre\u0219te dup\u0103 vacan\u021bele \u0219colare, dar evenimentele viticole, nun\u021bile, apa \u00eenc\u0103 pl\u0103cut\u0103 pentru \u00eenot \u0219i vizitatorii de sf\u00e2r\u0219it de sezon men\u021bin ocupate weekendurile cele mai c\u0103utate.<\/p>\n\n\n\n<p class=\"wp-block-paragraph\">\u00cen octombrie, propriet\u0103\u021bile rurale sunt \u00eenc\u0103 deschise, iar cererea s-a redus dup\u0103 septembrie, ceea ce \u00ee\u021bi ofer\u0103 o selec\u021bie bun\u0103 dintre <strong>cele mai bune hoteluri din Provence \u00een octombrie<\/strong>. <strong><a href=\"https:\/\/booking.tpx.lv\/DhLyv92u\" target=\"_blank\" rel=\"noreferrer noopener sponsored\">Coquillade Provence<\/a><\/strong> se potrive\u0219te c\u0103l\u0103toriilor axate pe vin \u0219i ciclism \u00een Luberon, <strong><a href=\"https:\/\/agoda.tpx.lv\/XH3xsD2D\" target=\"_blank\" rel=\"noreferrer noopener sponsored\">Le Mas de la Rose<\/a><\/strong> ofer\u0103 experien\u021ba unui <em>mas<\/em> \u00een Alpilles, iar <strong><a href=\"https:\/\/agoda.tpx.lv\/LGbV9x81\" target=\"_blank\" rel=\"noreferrer noopener sponsored\">Le Vallon de Valrugues<\/a><\/strong> din Saint-R\u00e9my este o alegere mai sigur\u0103 dac\u0103 inten\u021bionezi s\u0103 r\u0103m\u00e2i p\u00e2n\u0103 spre sf\u00e2r\u0219itul lui octombrie.<\/p>\n\n\n\n<p class=\"wp-block-paragraph\"><strong>Hotelurile din Provence cu cele mai bune tarife toamna<\/strong> se schimb\u0103 \u00een func\u021bie de ziua s\u0103pt\u0103m\u00e2nii \u0219i de calendarul evenimentelor, a\u0219a c\u0103 exemplele cu pre\u021buri fixe se \u00eenvechesc repede. Re\u021bine mai degrab\u0103 tiparul sezonier. Sf\u00e2r\u0219itul lui octombrie \u0219i noiembrie ofer\u0103 \u00een general tarife mai bune \u00een ora\u0219e \u0219i \u00een sta\u021biunile deschise tot anul, \u00een timp ce septembrie p\u0103streaz\u0103 o bun\u0103 parte din cererea de sf\u00e2r\u0219it de var\u0103.<\/p>\n\n\n\n<p class=\"wp-block-paragraph\"><strong><a href=\"https:\/\/booking.tpx.lv\/U8EoBqkX\" target=\"_blank\" rel=\"noreferrer noopener sponsored\">Cele mai bune oferte de cazare \u00een Provence toamna<\/a><\/strong> apar \u0219i pentru sejururile mai lungi. O vil\u0103 \u00eenchiriat\u0103 pentru o s\u0103pt\u0103m\u00e2n\u0103, un studio \u00eentr-un aparthotel sau un apartament cu servicii \u00eencepe s\u0103 aib\u0103 mai mult sens c\u00e2nd adaugi la buget micul dejun, parcarea, sp\u0103latul rufelor \u0219i mesele la restaurant.<\/p>\n\n\n\n<div style=\"height:25px\" aria-hidden=\"true\" class=\"wp-block-spacer\"><\/div>\n\n\n\n<h4 class=\"wp-block-heading\">Unde s\u0103 stai pentru culorile de toamn\u0103<\/h4>\n\n\n\n<p class=\"wp-block-paragraph\"><strong>Unde s\u0103 te cazezi \u00een Provence pentru culorile de toamn\u0103<\/strong> depinde de ceea ce te a\u0219tep\u021bi s\u0103 vezi. Coasta mediteranean\u0103 are mult mai pu\u021bine frunze colorate dec\u00e2t nordul sau estul Europei. Podgoriile din Luberon \u0219i Alpilles arat\u0103 o schimbare sezonier\u0103 mai pronun\u021bat\u0103, iar Verdon \u0219i zonele mai \u00eenalte din interior au suprafe\u021be mai mari de p\u0103dure de foioase care \u00ee\u0219i schimb\u0103 culoarea.<\/p>\n\n\n\n<p class=\"wp-block-paragraph\"><strong>Gargas, Bonnieux, Apt \u0219i zonele rurale din jurul Luberonului<\/strong> sunt baze bune pentru culorile podgoriilor. <strong><a href=\"https:\/\/booking.tpx.lv\/DhLyv92u\" target=\"_blank\" rel=\"noreferrer noopener sponsored\">Coquillade Provence<\/a><\/strong> are o pozi\u021bie deosebit de bun\u0103 printre vii, l\u00e2ng\u0103 Gargas. Pentru culori mai intense \u00een p\u0103dure, eu a\u0219 merge spre Verdon, accept\u00e2nd \u00een schimb vreme mai rece \u0219i mai pu\u021bine op\u021biuni de cazare \u0219i restaurante spre sf\u00e2r\u0219itul sezonului.<\/p>\n\n\n\n<div style=\"height:25px\" aria-hidden=\"true\" class=\"wp-block-spacer\"><\/div>\n\n\n\n<h4 class=\"wp-block-heading\">Restaurante pe care merit\u0103 s\u0103 le \u0219tii odat\u0103 cu venirea lui noiembrie<\/h4>\n\n\n\n<p class=\"wp-block-paragraph\"><strong>Cele mai bune restaurante din Provence \u00een toamn\u0103<\/strong> nu sunt neap\u0103rat acelea\u0219i adrese de var\u0103 cu cele mai frumoase terase. \u00cen noiembrie, zilele \u00een care po\u021bi conta c\u0103 restaurantul este deschis devin \u0219i ele un criteriu de alegere.<\/p>\n\n\n\n<p class=\"wp-block-paragraph\"><strong>Les Caves Henri IV din Aix-en-Provence<\/strong> se afl\u0103 la c\u00e2teva minute de mers pe jos de Cours Mirabeau. \u00cen pivni\u021be boltite care dateaz\u0103 de la sf\u00e2r\u0219itul secolului al XV-lea, po\u021bi \u00eencerca preparatele chef-ului Thomas Roret, axate pe buc\u0103t\u0103ria francez\u0103 de sezon. Restaurantul este deschis de mar\u021bi p\u00e2n\u0103 s\u00e2mb\u0103t\u0103. Miercurea este \u00eenchis la pr\u00e2nz.<\/p>\n\n\n\n<p class=\"wp-block-paragraph\"><strong>Le Gibolin<\/strong> este o alt\u0103 adres\u0103 util\u0103 \u00een noiembrie. Micul restaurant se afl\u0103 \u00een centrul istoric din Arles, meniul se schimb\u0103 \u00een func\u021bie de sezon, iar localul r\u0103m\u00e2ne deschis tot anul, de mar\u021bi p\u00e2n\u0103 s\u00e2mb\u0103t\u0103. Cina este servit\u0103 de miercuri p\u00e2n\u0103 s\u00e2mb\u0103t\u0103.<\/p>\n\n\n\n<p class=\"wp-block-paragraph\">\u0218i \u00een Saint-R\u00e9my ai o op\u021biune sigur\u0103 pentru cin\u0103 la <strong>Canto Cigalo<\/strong>, \u00een Le Vallon de Valrugues. Restaurantul serve\u0219te pr\u00e2nzul \u0219i cina tot anul, lucru util dup\u0103 o zi prin Alpilles, c\u00e2nd restaurantele din satele mai mici \u0219i-au redus deja zilele de func\u021bionare.<\/p>\n\n\n\n<p class=\"wp-block-paragraph\">Acesta este tipul de restaurante din Provence pe care eu l-a\u0219 prefera spre sf\u00e2r\u0219itul toamnei. Pentru <strong>cele mai bune restaurante deschise \u00een Provence \u00een noiembrie<\/strong>, eu a\u0219 organiza mai \u00eent\u00e2i cinele \u00een Aix, Avignon, Arles \u0219i Saint-R\u00e9my, apoi a\u0219 ad\u0103uga restaurantele din sate numai dup\u0103 ce le verific programul s\u0103pt\u0103m\u00e2nal actual.<\/p>\n\n\n\n<div style=\"height:25px\" aria-hidden=\"true\" class=\"wp-block-spacer\"><\/div>\n\n\n\n<figure class=\"wp-block-image size-full\"><img loading=\"lazy\" decoding=\"async\" width=\"792\" height=\"1188\" src=\"https:\/\/www.the-travel-bunny.com\/ro\/wp-content\/uploads\/sites\/2\/2026\/08\/Expat-Provence-Extrasezon-Lista-Locuinta-Transport-Viata-Locala.jpg\" alt=\"Infografic pentru expa\u021bi \u00een Provence \u00een extrasezon, cu recomand\u0103ri despre locuin\u021b\u0103 \u0219i \u00eenc\u0103lzire, provizii, transport, acte, comunitate \u0219i stil de via\u021b\u0103 toamna \u0219i iarna.\" class=\"wp-image-11895\" title=\"\" srcset=\"https:\/\/www.the-travel-bunny.com\/ro\/wp-content\/uploads\/sites\/2\/2026\/08\/Expat-Provence-Extrasezon-Lista-Locuinta-Transport-Viata-Locala.jpg 792w, https:\/\/www.the-travel-bunny.com\/ro\/wp-content\/uploads\/sites\/2\/2026\/08\/Expat-Provence-Extrasezon-Lista-Locuinta-Transport-Viata-Locala-200x300.jpg 200w, https:\/\/www.the-travel-bunny.com\/ro\/wp-content\/uploads\/sites\/2\/2026\/08\/Expat-Provence-Extrasezon-Lista-Locuinta-Transport-Viata-Locala-683x1024.jpg 683w, https:\/\/www.the-travel-bunny.com\/ro\/wp-content\/uploads\/sites\/2\/2026\/08\/Expat-Provence-Extrasezon-Lista-Locuinta-Transport-Viata-Locala-768x1152.jpg 768w\" sizes=\"auto, (max-width: 792px) 100vw, 792px\" \/><figcaption class=\"wp-element-caption\"><em>Pia\u021ba imobiliar\u0103 \u0219i chiriile din Provence pentru expa\u021bi toamna vin cu alegeri practice legate de \u00eenc\u0103lzire, transport, servicii locale \u0219i \u00eenchirieri pe termen mai lung. Acest ghid pentru expa\u021bi despre via\u021ba \u00een Provence toamna acoper\u0103 \u0219i actele, via\u021ba comunit\u0103\u021bii \u0219i adaptarea la un ritm sezonier mai lini\u0219tit.<\/em><\/figcaption><\/figure>\n\n\n\n<h4 class=\"wp-block-heading\">Sejururi mai lungi \u0219i pia\u021ba chiriilor toamna<\/h4>\n\n\n\n<p class=\"wp-block-paragraph\"><strong>Pia\u021ba locuin\u021belor pentru expa\u021bi \u00een Provence \u00een lunile de toamn\u0103<\/strong> cere o abordare diferit\u0103 de rezervarea unei caz\u0103ri pentru vacan\u021b\u0103. Toamna apar \u0219i variante mobilate pe termen mediu, pe l\u00e2ng\u0103 contractele clasice de \u00eenchiriere anual\u0103, mai ales pentru persoanele care r\u0103m\u00e2n c\u00e2teva luni pentru munc\u0103, studii, formare sau o misiune profesional\u0103 temporar\u0103.<\/p>\n\n\n\n<p class=\"wp-block-paragraph\">Un <strong><a href=\"https:\/\/www.service-public.gouv.fr\/particuliers\/vosdroits\/F34759\" target=\"_blank\" rel=\"noreferrer noopener\">bail mobilit\u00e9 \u00een Fran\u021ba<\/a><\/strong> permite \u00eenchirierea unei locuin\u021be mobilate pentru o perioad\u0103 de una p\u00e2n\u0103 la zece luni de c\u0103tre chiria\u0219i eligibili, inclusiv studen\u021bi, stagiari, ucenici \u0219i persoane aflate \u00eentr-o misiune profesional\u0103 temporar\u0103. Contractul nu poate fi re\u00eennoit \u0219i nu presupune plata unei garan\u021bii, de\u0219i poate fi solicitat un garant.<\/p>\n\n\n\n<p class=\"has-extra-info-background-color has-background wp-block-paragraph\"><strong>Sfatul local The Travel Bunny:<\/strong> Pentru un sejur de o lun\u0103 sau mai mult, compar\u0103 apartamentele mobilate, aparthotelurile, vilele \u0219i contractele eligibile de \u00eenchiriere pe termen mediu \u00eenainte s\u0103 prelunge\u0219ti pur \u0219i simplu o rezervare la hotel. Cazarea \u00een Provence toamna devine mult mai u\u0219or de evaluat dup\u0103 ce \u0219tii clar scopul \u0219i durata \u0219ederii.<\/p>\n\n\n\n<p class=\"wp-block-paragraph\"><strong>Unde s\u0103 stai \u00een Provence toamna<\/strong> se schimb\u0103 \u00eentre septembrie \u0219i noiembrie. \u00cen septembrie ai \u00eenc\u0103 multe variante at\u00e2t \u00een zonele rurale, c\u00e2t \u0219i pe coast\u0103, octombrie este perioada cea mai potrivit\u0103 pentru propriet\u0103\u021bile din Luberon \u0219i Alpilles, iar \u00een noiembrie merit\u0103 s\u0103 alegi o baz\u0103 activ\u0103 tot anul, cu restaurante \u00een apropiere, \u00eenc\u0103lzirea deja rezolvat\u0103 \u0219i suficiente locuri deschise \u00een jur \u00eenc\u00e2t o zi ploioas\u0103 de mar\u021bi s\u0103 nu devin\u0103 o problem\u0103.<\/p>\n\n\n\n<hr class=\"wp-block-separator has-alpha-channel-opacity is-style-dots\"\/>\n\n\n\n<h3 class=\"wp-block-heading\">Aglomera\u021bia, vacan\u021ba de Toussaint \u0219i rezerv\u0103rile. C\u00e2nd toamna nu este chiar lini\u0219tit\u0103<\/h3>\n\n\n\n<p class=\"wp-block-paragraph\"><strong>Aglomera\u021bia \u00een Provence toamna<\/strong> nu seam\u0103n\u0103 deloc cu cea din iulie \u0219i august, dar nici toamna nu este uniform pustie. Din experien\u021ba mea, cea mai mare schimbare apare imediat dup\u0103 <em>rentr\u00e9e<\/em>, c\u00e2nd familiile dependente de calendarul \u0219colar dispar de pe plaje, din sate \u0219i de la atrac\u021bii. \u00cen septembrie r\u0103m\u00e2n mai ales cuplurile, persoanele mai \u00een v\u00e2rst\u0103, bunicii cu copii mai mici \u0219i localnicii care profit\u0103 de vremea cald\u0103 f\u0103r\u0103 traficul din vacan\u021bele \u0219colare.<\/p>\n\n\n\n<p class=\"wp-block-paragraph\"><strong>Este Provence aglomerat \u00een septembrie?<\/strong> De obicei, mult mai pu\u021bin dec\u00e2t vara, mai ales dup\u0103 prima s\u0103pt\u0103m\u00e2n\u0103. Coasta \u00eenc\u0103 atrage oameni care vin s\u0103 \u00eenoate, iar regiunile viticole r\u0103m\u00e2n animate \u00een jurul evenimentelor legate de recolt\u0103. Saint-Tropez este o excep\u021bie evident\u0103 \u00een timpul Les Voiles de Saint-Tropez, \u00eentre 26 septembrie \u0219i 4 octombrie 2026. Sunt a\u0219teptate aproximativ 250 de iahturi, a\u0219a c\u0103 \u00een acele zile cazarea \u0219i restaurantele din jurul Golfului Saint-Tropez trebuie rezervate din timp.<\/p>\n\n\n\n<p class=\"wp-block-paragraph\">Po\u021bi avea parte de <strong>Provence f\u0103r\u0103 aglomera\u021bie \u00een septembrie \u0219i octombrie<\/strong> fiindc\u0103 \u0219coala a re\u00eenceput, iar temperatura m\u0103rii \u0219i vremea din timpul zilei favorizeaz\u0103 \u00eenc\u0103 activit\u0103\u021bile \u00een aer liber. <strong>Aceasta este perioada care \u00eemi place cel mai mult aici.<\/strong> G\u0103se\u0219ti mai u\u0219or parcare, plajele sunt aproape goale, iar str\u0103zile satelor \u00eenceteaz\u0103 s\u0103 se comporte ca \u0219i cum toat\u0103 Europa ar fi ales aceea\u0219i zi de mar\u021bi.<\/p>\n\n\n\n<p class=\"wp-block-paragraph\">Octombrie cere pu\u021bin mai mult\u0103 nuan\u021b\u0103. <strong>Este Provence aglomerat \u00een octombrie?<\/strong> \u00cen cea mai mare parte a lunii, situa\u021bia r\u0103m\u00e2ne u\u0219or de gestionat, dar weekendurile cu evenimente \u0219i vacan\u021ba \u0219colar\u0103 francez\u0103 pot schimba rapid atmosfera \u00eentr-un anumit loc. Festivalurile castanelor, evenimentele viticole, pie\u021bele \u0219i marile regate creeaz\u0103 v\u00e2rfuri locale scurte de aglomera\u021bie, f\u0103r\u0103 ca \u00eentreaga regiune s\u0103 revin\u0103 la condi\u021biile din plin sezon.<\/p>\n\n\n\n<p class=\"wp-block-paragraph\"><strong>Vacan\u021ba de Toussaint \u00een Provence<\/strong> \u00eencepe dup\u0103 terminarea cursurilor s\u00e2mb\u0103t\u0103, 17 octombrie 2026, \u0219i dureaz\u0103 p\u00e2n\u0103 la reluarea \u0219colii luni, 2 noiembrie. Aix-Marseille \u0219i Nice apar\u021bin Zonei B, de\u0219i \u00een 2026 datele vacan\u021bei de Toussaint sunt acelea\u0219i \u00een toate zonele \u0219colare din Fran\u021ba metropolitan\u0103.<\/p>\n\n\n\n<p class=\"wp-block-paragraph\"><strong>Eu nu observ o cre\u0219tere dramatic\u0103 a aglomera\u021biei de Toussaint<\/strong> \u00een zona din Var \u00een care locuiesc. Remarc mai degrab\u0103 o revenire modest\u0103 a familiilor \u0219i ceea ce pare s\u0103 fie o activitate ceva mai intens\u0103 din partea celor care \u00ee\u0219i folosesc a doua locuin\u021b\u0103. Datele regionale arat\u0103 totu\u0219i un efect real al vacan\u021bei. \u00cen timpul Toussaint 2025, gradul mediu de ocupare al caz\u0103rilor din Provence-Alpes-C\u00f4te d&#8217;Azur a fost de 61%, \u00een timp ce primele dou\u0103 s\u0103pt\u0103m\u00e2ni din octombrie \u00eenregistraser\u0103 deja o cerere mai mare dec\u00e2t \u00een anul precedent.<\/p>\n\n\n\n<p class=\"wp-block-paragraph\">\u0218i anul anterior a ar\u0103tat acela\u0219i tipar, privit din alt unghi. \u00cen timpul Toussaint 2024, gradul de ocupare al hotelurilor din regiune a ajuns la 63%, iar activitatea turistic\u0103 a crescut \u00een vacan\u021ba \u0219colar\u0103 dup\u0103 un septembrie mai lini\u0219tit. \u0218i num\u0103rul vizitatorilor interna\u021bionali a crescut \u00een perioada vacan\u021bei.<\/p>\n\n\n\n<p class=\"wp-block-paragraph\">De aceea, <strong>cea mai bun\u0103 perioad\u0103 pentru a evita aglomera\u021bia \u00een Provence este de obicei de la jum\u0103tatea lui septembrie p\u00e2n\u0103 \u00een prima jum\u0103tate a lui octombrie<\/strong>, \u00een afara weekendurilor cu evenimente importante. La \u00eenceput de noiembrie se face din nou mai lini\u0219te dup\u0103 \u00eencheierea vacan\u021bei de Toussaint, dar atunci programul redus \u0219i \u00eenchiderile sezoniere \u00eencep s\u0103 aib\u0103 o influen\u021b\u0103 mai mare asupra c\u0103l\u0103toriei.<\/p>\n\n\n\n<p class=\"wp-block-paragraph\">Pentru un <strong>itinerar turistic prin Provence f\u0103r\u0103 aglomera\u021bia de var\u0103<\/strong>, programeaz\u0103 vizitele \u00een satele celebre, la pie\u021be \u0219i \u00een localit\u0103\u021bile de coast\u0103 \u00een timpul s\u0103pt\u0103m\u00e2nii, c\u00e2nd este posibil. Gordes \u00eentr-o zi f\u0103r\u0103 pia\u021b\u0103, Cassis dup\u0103 \u00eencheierea perioadei de restric\u021bii estivale de acces din cauza incendiilor sau Saint-R\u00e9my \u00een afara orelor pie\u021bei de miercuri vor fi, de obicei, mai u\u0219or de vizitat dec\u00e2t acelea\u0219i locuri \u00een intervalul lor s\u0103pt\u0103m\u00e2nal cel mai aglomerat.<\/p>\n\n\n\n<p class=\"has-extra-info-background-color has-background wp-block-paragraph\"><strong>Este Provence mai ieftin\u0103 toamna, \u00een extrasezon?<\/strong> De obicei da, comparativ cu plin sezonul de var\u0103, mai ales spre sf\u00e2r\u0219itul lui octombrie \u0219i \u00een noiembrie, dar toamna nu este o perioad\u0103 continu\u0103 de chilipiruri. \u00cen septembrie cererea r\u0103m\u00e2ne ridicat\u0103 pe coast\u0103 \u0219i \u00een regiunile viticole. Weekendurile cu festivaluri, vacan\u021bele \u0219colare \u0219i propriet\u0103\u021bile de lux men\u021bin \u0219i ele tarifele ridicate \u00een anumite locuri.<\/p>\n\n\n\n<p class=\"wp-block-paragraph\"><strong>Cele mai bune oferte de vacan\u021b\u0103 \u0219i cazare \u00een Provence toamna<\/strong> tind s\u0103 apar\u0103 dup\u0103 weekendurile cele mai aglomerate din septembrie \u0219i din nou dup\u0103 \u00eencheierea vacan\u021bei de Toussaint. Compar\u0103 mai multe date pentru acela\u0219i sejur \u0219i nu presupune c\u0103 simpla schimbare a lunii aduce automat un pre\u021b mai mic. Uneori, mutarea rezerv\u0103rii cu dou\u0103 sau trei nop\u021bi schimb\u0103 considerabil tariful \u00een jurul festivalurilor \u0219i vacan\u021belor \u0219colare.<\/p>\n\n\n\n<p class=\"wp-block-paragraph\"><strong>Hotelurile din Provence cu cele mai bune tarife toamna<\/strong> tind s\u0103 se g\u0103seasc\u0103 \u00een ora\u0219ele active tot anul \u0219i \u00een localit\u0103\u021bile mai mari, odat\u0103 ce propriet\u0103\u021bile rurale \u00eencep s\u0103-\u0219i reduc\u0103 activitatea sezonier\u0103. Aix-en-Provence, Avignon, Arles \u0219i Marseille ofer\u0103 o selec\u021bie mai larg\u0103 de hoteluri \u00een noiembrie, \u00een timp ce propriet\u0103\u021bile mici din Luberon sau de pe coast\u0103 \u00eencep tot mai des s\u0103 se \u00eenchid\u0103 ori s\u0103 limiteze zilele de func\u021bionare.<\/p>\n\n\n\n<p class=\"wp-block-paragraph\">Acesta este adev\u0103ratul avantaj al <strong>c\u0103l\u0103toriilor \u00een Provence \u00een extrasezon<\/strong>. Renun\u021bi la predictibilitatea verii \u0219i c\u00e2\u0219tigi spa\u021biu. Da, unele restaurante \u00eenchid mai devreme, feriboturile circul\u0103 mai rar, iar hotelurile rurale reduc zilele de func\u021bionare, dar drumurile devin mai u\u0219or de parcurs, satele mai lini\u0219tite, iar rezerv\u0103rile se fac cu mai pu\u021bin\u0103 competi\u021bie \u00een afara vacan\u021belor \u0219i a datelor cu evenimente. Pentru mine, schimbul acesta merit\u0103!<\/p>\n\n\n\n<hr class=\"wp-block-separator has-alpha-channel-opacity\"\/>\n\n\n\n<h2 id=\"intrebari-frecvente-despre-toamna-in-provence\" class=\"wp-block-heading\">\u00centreb\u0103ri frecvente despre toamna \u00een Provence<\/h2>\n\n\n\n<p class=\"wp-block-paragraph\">Dac\u0103 alegi \u00eentre septembrie, octombrie \u0219i noiembrie, c\u00e2teva aspecte practice \u00ee\u021bi pot decide c\u0103l\u0103toria \u00een Provence mai repede dec\u00e2t \u00eenc\u0103 o list\u0103 de sate. Vremea, ploaia, \u00eenotul, perioadele de recoltare, trufele, hainele, Calanques, transportul \u0219i programul redus de la sf\u00e2r\u0219itul sezonului apar frecvent \u00een planificare, fiindc\u0103 fiecare lun\u0103 se comport\u0103 diferit.<\/p>\n\n\n<div id=\"rank-math-faq\" class=\"rank-math-block\">\n<div class=\"rank-math-list \">\n<div id=\"faq-question-1787653952918\" class=\"rank-math-list-item\">\n<h3 class=\"rank-math-question \">Este toamna o perioad\u0103 bun\u0103 pentru a vizita Provence?<\/h3>\n<div class=\"rank-math-answer \">\n\n<p><strong>Da, este toamna o perioad\u0103 bun\u0103 pentru Provence, dar momentul ideal depinde de priorit\u0103\u021bile tale.<\/strong> Septembrie este cea mai bun\u0103 alegere pentru \u00eenot \u0219i sezonul recoltelor. Octombrie favorizeaz\u0103 drume\u021biile, podgoriile, festivalurile \u0219i satele mai lini\u0219tite. Noiembrie este mai potrivit pentru ora\u0219e, m\u0103sline, primele trufe negre \u0219i un ritm mult mai lent.<br \/><strong>Cum este Provence toamna<\/strong> se schimb\u0103 \u0219i foarte mult de la o lun\u0103 la alta. Septembrie seam\u0103n\u0103 \u00eenc\u0103 cu sf\u00e2r\u0219itul verii. Octombrie este o perioad\u0103 de tranzi\u021bie. Noiembrie aduce zile mai scurte, seri mai reci, mai pu\u021bine afaceri sezoniere deschise \u0219i mai pu\u021bini vizitatori.<\/p>\n\n<\/div>\n<\/div>\n<div id=\"faq-question-1787654059318\" class=\"rank-math-list-item\">\n<h3 class=\"rank-math-question \">Care este cea mai bun\u0103 lun\u0103 pentru a vizita Provence toamna?<\/h3>\n<div class=\"rank-math-answer \">\n\n<p>Septembrie este, pentru mine, <strong>cea mai bun\u0103 perioad\u0103 pentru a vizita Provence \u00een toamn\u0103<\/strong>. Apa m\u0103rii este \u00eenc\u0103 pl\u0103cut\u0103, culesul strugurilor este \u00een desf\u0103\u0219urare, majoritatea afacerilor sezoniere r\u0103m\u00e2n deschise, iar aglomera\u021bia verii dispare \u00een mare parte dup\u0103 <em>rentr\u00e9e<\/em>.<br \/>Totu\u0219i, <strong>care este cea mai bun\u0103 perioad\u0103 s\u0103 mergi \u00een Provence<\/strong> depinde de ceea ce vrei de la c\u0103l\u0103torie. Alege septembrie pentru \u00eenot, naviga\u021bie, podgorii \u0219i seri mai calde. Alege octombrie pentru drume\u021bii, festivaluri gastronomice, culorile viilor \u0219i road trip-uri. Alege noiembrie pentru ora\u0219e mai lini\u0219tite, recolta m\u0103slinelor, primele trufe negre \u0219i un ritm mai lent.<\/p>\n\n<\/div>\n<\/div>\n<div id=\"faq-question-1787654096520\" class=\"rank-math-list-item\">\n<h3 class=\"rank-math-question \">Este septembrie o lun\u0103 bun\u0103 pentru a vizita Provence?<\/h3>\n<div class=\"rank-math-answer \">\n\n<p><strong>Da, septembrie este o lun\u0103 bun\u0103 pentru a vizita Provence.<\/strong> Are multe dintre avantajele care \u00eemi plac \u00een iunie, dar Mediterana a avut deja toat\u0103 vara s\u0103 se \u00eenc\u0103lzeasc\u0103. Num\u0103rul vizitatorilor scade dup\u0103 <em>rentr\u00e9e<\/em>, \u00een timp ce plajele, restaurantele, pie\u021bele, cramele \u0219i activit\u0103\u021bile \u00een aer liber r\u0103m\u00e2n active.<\/p>\n\n<\/div>\n<\/div>\n<div id=\"faq-question-1787654141736\" class=\"rank-math-list-item\">\n<h3 class=\"rank-math-question \">Este octombrie o lun\u0103 bun\u0103 pentru a vizita Provence?<\/h3>\n<div class=\"rank-math-answer \">\n\n<p>Da, dar cu un alt tip de plan. <strong>Merit\u0103 s\u0103 vizitezi Provence \u00een noiembrie<\/strong> dac\u0103 \u00ee\u021bi plac ora\u0219ele lini\u0219tite, m\u00e2ncarea local\u0103, uleiul de m\u0103sline, primele trufe negre, muzeele \u0219i pr\u00e2nzurile lungi. Eu mi-a\u0219 alege baza \u00een Aix-en-Provence, Avignon, Arles, Marseille sau Saint-R\u00e9my, nu \u00eentr-un sat mic \u0219i foarte sezonier.<br \/>Unele hoteluri rurale, campinguri, afaceri de pe plaj\u0103 \u0219i restaurante \u00ee\u0219i reduc deja programul \u00een aceast\u0103 perioad\u0103.<\/p>\n\n<\/div>\n<\/div>\n<div id=\"faq-question-1787654193707\" class=\"rank-math-list-item\">\n<h3 class=\"rank-math-question \">Merit\u0103 s\u0103 vizitezi Provence \u00een noiembrie?<\/h3>\n<div class=\"rank-math-answer \">\n\n<p>Yes, with a different plan. <strong>Provence is worth visiting in November<\/strong> if you enjoy quiet towns, local food, olive oil, early black truffles, museums, and long lunches. I&#8217;d base myself in Aix-en-Provence, Avignon, Arles, Marseille, or Saint-R\u00e9my rather than a tiny seasonal village.<br \/>Some countryside hotels, campgrounds, beach businesses, and restaurants reduce their schedules by then.<\/p>\n\n<\/div>\n<\/div>\n<div id=\"faq-question-1787654234370\" class=\"rank-math-list-item\">\n<h3 class=\"rank-math-question \">Cum este vremea \u00een Provence \u00een septembrie?<\/h3>\n<div class=\"rank-math-answer \">\n\n<p><strong>Vremea \u00een Provence \u00een septembrie<\/strong> seam\u0103n\u0103 mai degrab\u0103 cu sf\u00e2r\u0219itul verii dec\u00e2t cu o toamn\u0103 clasic\u0103. La Marignane, l\u00e2ng\u0103 Marseille, maxima diurn\u0103 normal\u0103 pentru septembrie calculat\u0103 de M\u00e9t\u00e9o-France pentru perioada 1991-2020 este de 25,9\u00b0C. V\u0103ile din interior \u0219i zonele mai \u00eenalte difer\u0103, iar serile se r\u0103cesc mai repede dec\u00e2t pe coast\u0103.<br \/>\u00cen septembrie, eu \u00eenc\u0103 port f\u0103r\u0103 probleme haine de var\u0103 afar\u0103.<\/p>\n\n<\/div>\n<\/div>\n<div id=\"faq-question-1787654332333\" class=\"rank-math-list-item\">\n<h3 class=\"rank-math-question \">Cum este vremea \u00een Provence \u00een octombrie?<\/h3>\n<div class=\"rank-math-answer \">\n\n<p><strong>Vremea \u00een Provence \u00een octombrie<\/strong> depinde mult de loc \u0219i de sistemul meteo din s\u0103pt\u0103m\u00e2na respectiv\u0103. La Marignane, maxima diurn\u0103 normal\u0103 scade la 21,3\u00b0C \u00een octombrie, \u00een timp ce zonele mai \u00eenalte, precum Verdon \u0219i Mont Ventoux, se r\u0103cesc mult mai repede.<br \/>Pentru <strong>vremea \u0219i temperaturile din Provence toamna<\/strong>, \u00eembrac\u0103-te \u00een straturi \u0219i planific\u0103 zilele \u00een aer liber \u00een func\u021bie de prognoz\u0103. Nu toate dup\u0103-amiezile din octombrie sunt la fel de calde ca \u00een septembrie.<\/p>\n\n<\/div>\n<\/div>\n<div id=\"faq-question-1787654420098\" class=\"rank-math-list-item\">\n<h3 class=\"rank-math-question \">C\u00e2t de frig este \u00een Provence toamna?<\/h3>\n<div class=\"rank-math-answer \">\n\n<p><strong>C\u00e2t de frig este \u00een Provence toamna<\/strong> depinde de altitudine. Coasta mediteranean\u0103 r\u0103m\u00e2ne bl\u00e2nd\u0103 mult mai mult timp dec\u00e2t Verdon, Ventoux sau poalele Alpilor. \u00cen zona Marignane, maxima diurn\u0103 normal\u0103 scade de la 25,9\u00b0C \u00een septembrie la 15,7\u00b0C \u00een noiembrie.<br \/><strong>C\u00e2t de frig este \u00een Provence \u00een noiembrie<\/strong> depinde \u0219i de momentul zilei. Eu am purtat \u00eenc\u0103 tricou \u00een dup\u0103-amiezi \u00eensorite de noiembrie \u00een Var, apoi am vrut haine mult mai c\u0103lduroase dup\u0103 apus.<\/p>\n\n<\/div>\n<\/div>\n<div id=\"faq-question-1787654803617\" class=\"rank-math-list-item\">\n<h3 class=\"rank-math-question \">Plou\u0103 mult \u00een Provence \u00een octombrie?<\/h3>\n<div class=\"rank-math-answer \">\n\n<p><strong>C\u00e2t de ploios este octombrie \u00een Provence<\/strong> \u021bine mai pu\u021bin de ploi m\u0103runte \u0219i continue \u0219i mai mult de posibilitatea unor episoade de precipita\u021bii intense. Episoadele mediteraneene apar cel mai frecvent din septembrie p\u00e2n\u0103 la jum\u0103tatea lui decembrie \u0219i pot aduce uneori, \u00een c\u00e2teva ore sau zile, cantitatea de precipita\u021bii din mai multe luni.<br \/><strong>Octombrie face parte din principalul sezon al ploilor abundente din sud-estul Fran\u021bei<\/strong>, dar multe zile de octombrie r\u0103m\u00e2n uscate \u0219i \u00eensorite.<\/p>\n\n<\/div>\n<\/div>\n<div id=\"faq-question-1787655038928\" class=\"rank-math-list-item\">\n<h3 class=\"rank-math-question \">Plou\u0103 mult \u00een Provence \u00een noiembrie?<\/h3>\n<div class=\"rank-math-answer \">\n\n<p><strong>Noiembrie este, \u00een medie, cea mai ploioas\u0103 lun\u0103<\/strong> \u00een mai multe regiuni, inclusiv Provence-Alpes-C\u00f4te d&#8217;Azur, de\u0219i <strong>precipita\u021biile apar adesea \u00een episoade<\/strong>, nu sub forma unei ploi u\u0219oare \u0219i continue.<br \/>Eu a\u0219 p\u0103stra o zi flexibil\u0103 pentru activit\u0103\u021bi \u00een interior \u00eentr-un itinerar de noiembrie, \u00een loc s\u0103 presupun c\u0103 urmeaz\u0103 trei s\u0103pt\u0103m\u00e2ni de cer gri \u0219i s\u0103 anulez c\u0103l\u0103toria \u00een Provence.<\/p>\n\n<\/div>\n<\/div>\n<div id=\"faq-question-1787655077380\" class=\"rank-math-list-item\">\n<h3 class=\"rank-math-question \">La ce s\u0103 te a\u0219tep\u021bi de la Mistral toamna?<\/h3>\n<div class=\"rank-math-answer \">\n\n<p><strong>Mistralul \u00een Provence toamna<\/strong> poate schimba brusc at\u00e2t senza\u021bia termic\u0103, c\u00e2t \u0219i starea m\u0103rii. Mistralul este un v\u00e2nt regional uscat, cu viteze medii care pot ajunge la 50 km\/h \u0219i rafale de 80 p\u00e2n\u0103 la 100 km\/h, uneori chiar mai puternice.<br \/>Chiar \u0219i \u00eentr-o zi \u00eensorit\u0103 cu Mistral ai nevoie de <strong>un strat exterior rezistent la v\u00e2nt<\/strong>, mai ales \u00een jurul Avignon, Arles, Marseille, Alpilles \u0219i pe coasta vestic\u0103 din Var.<\/p>\n\n<\/div>\n<\/div>\n<div id=\"faq-question-1787655155234\" class=\"rank-math-list-item\">\n<h3 class=\"rank-math-question \">Cum s\u0103 te \u00eembraci \u00een Provence toamna?<\/h3>\n<div class=\"rank-math-answer \">\n\n<p><strong>Cum s\u0103 te \u00eembraci \u00een Provence toamna<\/strong> \u00eencepe cu straturile. Pune \u00een bagaj tricouri, un pulover sub\u021bire, un strat intermediar mai c\u0103lduros pentru sf\u00e2r\u0219itul toamnei, o jachet\u0103 impermeabil\u0103, \u00eenc\u0103l\u021b\u0103minte \u00eenchis\u0103 \u0219i comod\u0103, ochelari de soare \u0219i ceva rezistent la v\u00e2nt pentru zilele cu Mistral.<br \/>Adaug\u0103 bocanci sau pantofi de drume\u021bie pentru traseele st\u00e2ncoase \u0219i un costum de baie \u00een septembrie sau la \u00eenceput de octombrie. Dac\u0103 te g\u00e2nde\u0219ti <strong>ce s\u0103 pui \u00een bagaj pentru Provence \u00een octombrie<\/strong>, nu te baza doar pe cea mai ridicat\u0103 temperatur\u0103 din prognoz\u0103. Cina are talentul s\u0103-\u021bi aminteasc\u0103 rapid de hainele pe care le-ai l\u0103sat acas\u0103.<\/p>\n\n<\/div>\n<\/div>\n<div id=\"faq-question-1787655193446\" class=\"rank-math-list-item\">\n<h3 class=\"rank-math-question \">Ce s\u0103 pui \u00een bagaj pentru Provence \u00een octombrie?<\/h3>\n<div class=\"rank-math-answer \">\n\n<p><strong>Ce s\u0103 iei \u00een bagaj pentru Provence \u00een octombrie<\/strong> cere mai mult\u0103 varietate dec\u00e2t \u00een septembrie. Eu iau tricouri, bluze cu m\u00e2nec\u0103 lung\u0103, un pulover, un strat exterior impermeabil, pantofi \u00eenchi\u0219i \u0219i comozi pentru mers \u0219i o e\u0219arf\u0103 u\u0219oar\u0103 sau un strat care protejeaz\u0103 de v\u00e2nt.<br \/>\u0218i costumul de baie poate merita pu\u021bin loc \u00een bagaj. O zi de plaj\u0103 \u00een octombrie r\u0103m\u00e2ne perfect posibil\u0103, mai ales la \u00eenceputul lunii.<\/p>\n\n<\/div>\n<\/div>\n<div id=\"faq-question-1787655236628\" class=\"rank-math-list-item\">\n<h3 class=\"rank-math-question \">Cum s\u0103 te \u00eembraci \u00een Provence toamna?<\/h3>\n<div class=\"rank-math-answer \">\n\n<p><strong>Cum s\u0103 te \u00eembraci \u00een Provence toamna<\/strong> depinde de lun\u0103 \u0219i altitudine, nu de reguli de mod\u0103. \u00cen septembrie, hainele de var\u0103 sunt adesea confortabile \u00een timpul zilei, octombrie cere straturi, iar \u00een noiembrie ai nevoie de haine mai c\u0103lduroase diminea\u021ba \u0219i seara.<br \/><strong>Cum s\u0103 te \u00eembraci \u00een Provence \u00een septembrie<\/strong> poate \u00eensemna \u00eenc\u0103 sandale, rochii, pantaloni scur\u021bi \u0219i tricouri \u00een zilele calde, plus un strat mai c\u0103lduros pentru sear\u0103.<br \/><strong>Cum s\u0103 te \u00eembraci \u00een Provence \u00een octombrie<\/strong> \u00eenseamn\u0103 mai degrab\u0103 pantaloni, \u00eenc\u0103l\u021b\u0103minte \u00eenchis\u0103, tricouri purtate sub pulovere sub\u021biri \u0219i un strat pentru ploaie sau v\u00e2nt.<\/p>\n\n<\/div>\n<\/div>\n<div id=\"faq-question-1787655289607\" class=\"rank-math-list-item\">\n<h3 class=\"rank-math-question \">C\u00e2nd \u00eencepe recolta strugurilor \u00een Provence?<\/h3>\n<div class=\"rank-math-answer \">\n\n<p><strong>C\u00e2nd \u00eencepe recolta strugurilor \u00een Provence<\/strong> variaz\u0103 \u00een func\u021bie de denumirea de origine, soi, gradul de coacere \u0219i vremea din anul respectiv. Septembrie este perioada de v\u00e2rf pentru <em>vendange<\/em> \u00een Provence, de\u0219i \u00een unele locuri culesul \u00eencepe \u00eenc\u0103 de la sf\u00e2r\u0219itul lui august. Totu\u0219i, \u00een 2026, activit\u0103\u021bile pentru vizitatori legate de recolt\u0103 sunt programate pe tot parcursul lui septembrie \u0219i p\u00e2n\u0103 la jum\u0103tatea lui octombrie.<\/p>\n\n<\/div>\n<\/div>\n<div id=\"faq-question-1787655355213\" class=\"rank-math-list-item\">\n<h3 class=\"rank-math-question \">C\u00e2nd \u00eencepe culesul viilor \u00een Provence?<\/h3>\n<div class=\"rank-math-answer \">\n\n<p><strong>Culesul strugurilor \u00een Provence<\/strong> nu \u00eencepe la aceea\u0219i dat\u0103 \u00een \u00eentreaga regiune. Podgoriile de pe coast\u0103, parcelele mai calde, soiurile de struguri \u0219i particularit\u0103\u021bile fiec\u0103rui an ajung la maturitate \u00een ritmuri diferite.<br \/>Pentru planificare, o perioad\u0103 bun\u0103 este <strong>de la sf\u00e2r\u0219itul lui august p\u00e2n\u0103 la sf\u00e2r\u0219itul lui septembrie<\/strong>, iar parcelele mai t\u00e2rzii continu\u0103 dup\u0103 aceea. Data exact\u0103 de \u00eenceput este stabilit\u0103 \u00een func\u021bie de maturitatea strugurilor, nu dup\u0103 un calendar turistic fix.<\/p>\n\n<\/div>\n<\/div>\n<div id=\"faq-question-1787655540687\" class=\"rank-math-list-item\">\n<h3 class=\"rank-math-question \">C\u00e2t dureaz\u0103 <em>vendange<\/em> \u00een Provence?<\/h3>\n<div class=\"rank-math-answer \">\n\n<p><strong>C\u00e2t dureaz\u0103 culesul strugurilor \u00een Provence<\/strong> difer\u0103 de la un domeniu la altul. O anumit\u0103 podgorie poate recolta timp de c\u00e2teva zile sau c\u00e2teva s\u0103pt\u0103m\u00e2ni, \u00een timp ce sezonul regional se \u00eentinde de la sf\u00e2r\u0219itul verii p\u00e2n\u0103 \u00een octombrie.<br \/>De exemplu, <strong><a href=\"https:\/\/famillechaudiere.com\/activite\/visite-vendange\/\" target=\"_blank\" rel=\"noreferrer noopener\">Ch\u00e2teau Pesqui\u00e9<\/a><\/strong> programeaz\u0103 atelierul s\u0103u din 2026 dedicat recoltei \u0219i viticulturii biodinamice \u00eentre 15 septembrie \u0219i 15 octombrie, iar datele exacte sunt ajustate \u00een func\u021bie de recolt\u0103.<\/p>\n\n<\/div>\n<\/div>\n<div id=\"faq-question-1787655753882\" class=\"rank-math-list-item\">\n<h3 class=\"rank-math-question \">Pot turi\u0219tii s\u0103 participe la culesul strugurilor \u00een Provence?<\/h3>\n<div class=\"rank-math-answer \">\n\n<p>Da. La Les Pastras, \u00een Cadenet, \u00een sudul Luberonului, turi\u0219tii au o op\u021biune \u00een care chiar particip\u0103. Experien\u021ba de trei ore <strong><a href=\"https:\/\/getyourguide.tpx.lv\/qWe5oddJ\" target=\"_blank\" rel=\"noreferrer noopener sponsored\">Grape Stomping in Provence<\/a><\/strong> se desf\u0103\u0219oar\u0103 \u00eentre 1 \u0219i 30 septembrie, dac\u0103 vremea permite. Culegi struguri, afli cum sunt cultiva\u021bi \u0219i transforma\u021bi \u00een vin, apoi intri \u00een butoaie vechi \u0219i mari din stejar pentru zdrobirea strugurilor cu picioarele.<br \/>Dup\u0103 aceea, ferma serve\u0219te un <strong>bufet cu br\u00e2nzeturi, p\u00e2t\u00e9, mezeluri \u0219i vin ro\u0219u<\/strong>, urmat de degust\u0103ri de uleiuri de m\u0103sline \u0219i de trufe produse acolo. Alege experien\u021ba aceasta \u00een locul unei vizite standard de cram\u0103 dac\u0103 vrei s\u0103 participi la sezonul recoltei, nu doar s\u0103 ascul\u021bi explica\u021bii l\u00e2ng\u0103 un rezervor din inox.<\/p>\n\n<\/div>\n<\/div>\n<div id=\"faq-question-1787658204811\" class=\"rank-math-list-item\">\n<h3 class=\"rank-math-question \">C\u00e2nd \u00eencepe sezonul trufelor \u00een Provence?<\/h3>\n<div class=\"rank-math-answer \">\n\n<p><strong>C\u00e2nd \u00eencepe sezonul trufelor \u00een Provence<\/strong> depinde de tipul de truf\u0103 despre care vorbim. \u00cen sezonul rece, este vorba despre trufa neagr\u0103 de iarn\u0103, <em>Tuber melanosporum<\/em>.<br \/><strong>Sezonul v\u00e2n\u0103torii de trufe \u00een Provence<\/strong> \u00eencepe de la jum\u0103tatea lui noiembrie \u0219i devine mai intens \u00een timpul iernii. Pia\u021ba de trufe din Richerenches este programat\u0103 aproximativ de la jum\u0103tatea lui noiembrie p\u00e2n\u0103 la jum\u0103tatea lui martie, iar Aups \u00ee\u0219i deschide pia\u021ba de trufe negre din 2026 pe 26 noiembrie.<br \/>Noiembrie marcheaz\u0103 \u00eenceputul sezonului, nu perioada sa de v\u00e2rf.<\/p>\n\n<\/div>\n<\/div>\n<div id=\"faq-question-1787658325791\" class=\"rank-math-list-item\">\n<h3 class=\"rank-math-question \">C\u00e2nd \u00eencepe recolta m\u0103slinelor \u00een Provence?<\/h3>\n<div class=\"rank-math-answer \">\n\n<p><strong>C\u00e2nd \u00eencepe recolta m\u0103slinelor \u00een Provence<\/strong> depinde de soi, loc \u0219i de tipul de ulei sau m\u0103sline de mas\u0103 produse. \u00cen unele locuri, culesul \u00eencepe la sf\u00e2r\u0219itul lui octombrie, \u00een timp ce multe m\u0103sline destinate uleiului sunt recoltate \u00een noiembrie \u0219i chiar \u00een timpul iernii.<br \/>La Moulin d\u2019\u00c9guilles, l\u00e2ng\u0103 Aix, produc\u0103torii locali \u00eencep s\u0103 aduc\u0103 m\u0103sline de la sf\u00e2r\u0219itul lui octombrie. \u00cen Hy\u00e8res, L\u2019Olive du Verger indic\u0103 maturitatea deplin\u0103 \u00een jurul celei de-a treia s\u0103pt\u0103m\u00e2ni din noiembrie pentru unul dintre uleiurile sale.<br \/>Dac\u0103 vrei s\u0103 vizitezi regiunea <strong>c\u00e2nd \u00eencepe recolta m\u0103slinelor \u00een Provence<\/strong>, sf\u00e2r\u0219itul lui octombrie este cel mai devreme reper util pentru planificare, iar \u00een noiembrie ai \u0219anse mult mai mari s\u0103 vezi recoltarea \u0219i presarea \u00een plin\u0103 desf\u0103\u0219urare.<\/p>\n\n<\/div>\n<\/div>\n<div id=\"faq-question-1787658431679\" class=\"rank-math-list-item\">\n<h3 class=\"rank-math-question \">Po\u021bi \u00eenota \u00een Provence \u00een octombrie?<\/h3>\n<div class=\"rank-math-answer \">\n\n<p>Da, <strong>po\u021bi \u00eenota \u00een Provence \u00een octombrie<\/strong>, dac\u0103 \u021bii cont de c\u00e2t de bine tolerezi apa mai rece \u0219i verifici vremea chiar \u00eenainte de c\u0103l\u0103torie.<br \/>Temperatura medie a m\u0103rii toamna este \u00een jur de 20\u00b0C, iar <strong>perioada de \u00eenot specific\u0103 unei veri prelungite continu\u0103 adesea \u0219i \u00een octombrie<\/strong>. Eu am \u00eenotat \u00een prima s\u0103pt\u0103m\u00e2n\u0103 din octombrie \u0219i apa mi s-a p\u0103rut foarte pl\u0103cut\u0103.<\/p>\n\n<\/div>\n<\/div>\n<div id=\"faq-question-1787658507858\" class=\"rank-math-list-item\">\n<h3 class=\"rank-math-question \">Mai este suficient de cald \u00een Provence pentru \u00eenot \u00een septembrie?<\/h3>\n<div class=\"rank-math-answer \">\n\n<p><strong>Da, \u00een Provence este \u00eenc\u0103 suficient de cald pentru \u00eenot \u00een septembrie<\/strong> de-a lungul coastei mediteraneene. Septembrie este una dintre perioadele mele preferate pentru \u00eenot \u00een mare, fiindc\u0103 apa p\u0103streaz\u0103 c\u0103ldura verii, iar cea mai mare parte a aglomera\u021biei din vacan\u021be a disp\u0103rut. Septembrie este o lun\u0103 confortabil\u0103 pentru \u00eenot la \u00eenceput de toamn\u0103.<\/p>\n\n<\/div>\n<\/div>\n<div id=\"faq-question-1787658563146\" class=\"rank-math-list-item\">\n<h3 class=\"rank-math-question \">Sunt Calanques deschise \u00een octombrie?<\/h3>\n<div class=\"rank-math-answer \">\n\n<p><strong>Da, Calanques sunt deschise \u00een octombrie<\/strong> \u00een condi\u021bii normale. Sistemul anual de restric\u021bii de acces din Bouches-du-Rh\u00f4ne din cauza riscului de incendiu se aplic\u0103 \u00eentre 1 iunie \u0219i 30 septembrie. \u00cen afara acestei perioade, parcul na\u021bional r\u0103m\u00e2ne deschis tot anul, de\u0219i pot exista \u00een continuare \u00eenchideri excep\u021bionale.<br \/>Eu a\u0219 <strong><a href=\"https:\/\/www.marseille-tourisme.com\/en\/discover-marseille\/nature\/the-calanques-of-marseille\/how-to-access-the-calanques\/access-rules-to-the-calanques\/\" target=\"_blank\" rel=\"noreferrer noopener\">verifica informa\u021biile oficiale privind accesul \u00een Calanques<\/a><\/strong> \u0219i vremea chiar \u00een ziua respectiv\u0103 \u00eenainte de o drume\u021bie.<\/p>\n\n<\/div>\n<\/div>\n<div id=\"faq-question-1787658663677\" class=\"rank-math-list-item\">\n<h3 class=\"rank-math-question \">Merit\u0103 s\u0103 vizitezi Cassis \u00een octombrie?<\/h3>\n<div class=\"rank-math-answer \">\n\n<p><strong>Da, merit\u0103 s\u0103 vizitezi Cassis \u00een octombrie<\/strong> dac\u0103 te intereseaz\u0103 satul, Calanques, Cap Canaille, plimb\u0103rile, fotografia sau o coast\u0103 mai lini\u0219tit\u0103.<br \/><strong>Septembrie \u0219i octombrie \u00een Cassis<\/strong> aduc temperaturi mai bl\u00e2nde \u0219i mai pu\u021bini vizitatori, iar \u00een octombrie \u0219i noiembrie lumina poate fi foarte bun\u0103 \u00een afara perioadelor de vacan\u021b\u0103.<br \/>\u00cenotul r\u0103m\u00e2ne posibil \u00een perioadele calde, de\u0219i drume\u021biile sunt un motiv mai bun s\u0103 alegi octombrie \u00een locul verii.<\/p>\n\n<\/div>\n<\/div>\n<div id=\"faq-question-1787658737049\" class=\"rank-math-list-item\">\n<h3 class=\"rank-math-question \">Este octombrie bun pentru naviga\u021bie \u00een Provence?<\/h3>\n<div class=\"rank-math-answer \">\n\n<p>Da, dac\u0103 p\u0103strezi datele flexibile. <strong>Octombrie este bun pentru naviga\u021bie \u00een Provence<\/strong> atunci c\u00e2nd prognoza marin\u0103 este favorabil\u0103. Traficul specific vacan\u021belor scade, iar marea p\u0103streaz\u0103 \u00eenc\u0103 din c\u0103ldura verii, dar Mistralul poate schimba rapid condi\u021biile.<br \/>\u00cen Calanques, <strong>toamna nu schimb\u0103 regulile de ancorare<\/strong>. Ambarca\u021biunile trebuie s\u0103 respecte zonele \u00een care ancorarea este interzis\u0103, restric\u021biile pentru motoare, limita de 5 noduri \u00een f\u00e2\u0219ia de 300 de metri \u0219i m\u0103surile de protec\u021bie a paji\u0219tilor de Posidonia.<\/p>\n\n<\/div>\n<\/div>\n<div id=\"faq-question-1787658828674\" class=\"rank-math-list-item\">\n<h3 class=\"rank-math-question \">Unde vezi culori de toamn\u0103 \u00een Provence?<\/h3>\n<div class=\"rank-math-answer \">\n\n<p><strong>Unde vezi culori de toamn\u0103 \u00een Provence<\/strong> depinde de c\u00e2t de mult\u0103 culoare te a\u0219tep\u021bi s\u0103 g\u0103se\u0219ti. \u00cen Luberon, podgoriile cap\u0103t\u0103 nuan\u021be de ro\u0219u \u0219i auriu \u00een jurul Gordes, Bonnieux, M\u00e9nerbes \u0219i Roussillon. Verdon, Mont Ventoux \u0219i v\u0103ile mai \u00eenalte din interior ofer\u0103 o schimbare mai pronun\u021bat\u0103 a frunzi\u0219ului foios.<br \/><strong>Eu nu a\u0219 alege coasta mediteranean\u0103 pentru frunzi\u0219ul de toamn\u0103.<\/strong> Dup\u0103 o var\u0103 provensal\u0103 uscat\u0103, o mare parte din vegeta\u021bia de coast\u0103 r\u0103m\u00e2ne verde tot anul sau arat\u0103 deja ars\u0103 de soare.<\/p>\n\n<\/div>\n<\/div>\n<div id=\"faq-question-1787658874516\" class=\"rank-math-list-item\">\n<h3 class=\"rank-math-question \">C\u00e2nd se coloreaz\u0103 frunzele \u00een Provence?<\/h3>\n<div class=\"rank-math-answer \">\n\n<p><strong>C\u00e2nd se coloreaz\u0103 frunzele \u00een Provence<\/strong> depinde de altitudine \u0219i de tipul de plant\u0103. Viile \u00eencep s\u0103-\u0219i schimbe culoarea \u00een octombrie, iar zonele mai \u00eenalte \u0219i mai r\u0103coroase din interior trec \u00een general prin aceast\u0103 schimbare mai devreme \u0219i mai intens dec\u00e2t coasta.<br \/><strong>De la sf\u00e2r\u0219itul lui octombrie p\u00e2n\u0103 la \u00eenceputul lui noiembrie<\/strong> ai \u0219anse mai bune s\u0103 vezi culori de toamn\u0103 pe suprafe\u021be mai mari \u00een Luberon, Verdon \u0219i zona Ventoux. Momentul exact se schimb\u0103 \u00een fiecare an \u00een func\u021bie de temperatur\u0103, precipita\u021bii \u0219i altitudine.<br \/>\u00cenc\u0103 \u00eemi lipsesc culorile intense ale toamnelor rom\u00e2ne\u0219ti \u00een care am crescut. Provence nu ofer\u0103 acela\u0219i spectacol la aceea\u0219i scar\u0103.<\/p>\n\n<\/div>\n<\/div>\n<div id=\"faq-question-1787659193158\" class=\"rank-math-list-item\">\n<h3 class=\"rank-math-question \">Mai este lavand\u0103 \u00een Provence toamna?<\/h3>\n<div class=\"rank-math-answer \">\n\n<p>Nu. <strong>Lavanda nu mai \u00eenflore\u0219te \u00een Provence toamna<\/strong>, iar aceasta este una dintre a\u0219tept\u0103rile pe care merit\u0103 s\u0103 le corectezi \u00eenainte s\u0103 rezervi zborurile.<br \/>Lavanda \u0219i lavandinul \u00eenfloresc \u00eentre iunie \u0219i august, iar \u00een zone importante precum Valensole perioada de \u00eenflorire \u00eencepe la \u00eenceputul verii. P\u00e2n\u0103 toamna, c\u00e2mpurile cultivate comercial au fost deja recoltate.<br \/>\u0218ofranul \u00eenlocuie\u0219te lavanda ca una dintre culturile violete ale toamnei \u00een Provence.<\/p>\n\n<\/div>\n<\/div>\n<div id=\"faq-question-1787659238354\" class=\"rank-math-list-item\">\n<h3 class=\"rank-math-question \">De c\u00e2te zile ai nevoie \u00een Provence toamna?<\/h3>\n<div class=\"rank-math-answer \">\n\n<p><strong>De c\u00e2te zile ai nevoie s\u0103 vizitezi Provence toamna<\/strong> depinde de zona pe care vrei s\u0103 o acoperi. Trei zile sunt suficiente pentru o baz\u0103 \u0219i excursii de o zi \u00een apropiere. Cinci zile \u00ee\u021bi permit s\u0103 combini dou\u0103 zone \u00eenvecinate. \u0218apte zile \u00ee\u021bi ofer\u0103 suficient timp pentru Luberon, Alpilles, un ora\u0219 \u0219i fie coasta, fie Camargue.<br \/>Eu a\u0219 planifica zece zile \u00eenainte s\u0103 adaug Verdon \u0219i mai multe zone de coast\u0103 \u00een acela\u0219i road trip.<\/p>\n\n<\/div>\n<\/div>\n<div id=\"faq-question-1787659268440\" class=\"rank-math-list-item\">\n<h3 class=\"rank-math-question \">Ai nevoie de ma\u0219in\u0103 \u00een Provence toamna?<\/h3>\n<div class=\"rank-math-answer \">\n\n<p><strong>Ai nevoie de ma\u0219in\u0103 \u00een Provence toamna<\/strong> pentru satele rurale \u0219i crame. Gordes, Roussillon, satele mai mici din Alpilles, podgoriile, punctele de plecare pentru drume\u021bii \u0219i Verdon sunt mai u\u0219or de vizitat cu ma\u0219ina.<br \/>Aix, Marseille, Avignon, Arles \u0219i mai multe localit\u0103\u021bi mari au leg\u0103turi bune prin serviciile TER \u0219i ZOU, deci o c\u0103l\u0103torie cu baza \u00een ora\u0219e este realist\u0103 \u0219i f\u0103r\u0103 s\u0103 conduci.<\/p>\n\n<\/div>\n<\/div>\n<div id=\"faq-question-1787659316185\" class=\"rank-math-list-item\">\n<h3 class=\"rank-math-question \">Este Provence aglomerat\u0103 \u00een septembrie sau octombrie?<\/h3>\n<div class=\"rank-math-answer \">\n\n<p>Septembrie devine <strong>vizibil mai lini\u0219tit dup\u0103 re\u00eenceperea \u0219colii \u00een Fran\u021ba<\/strong>. Octombrie este \u0219i mai lini\u0219tit \u00een afara festivalurilor \u0219i a vacan\u021bei \u0219colare de Toussaint.<br \/>Eu v\u0103d diferen\u021ba aici \u00een fiecare an. Familiile dispar rapid dup\u0103 \u00eenceperea anului \u0219colar, parcarea devine mai u\u0219oar\u0103, iar plajele se golesc. Weekendurile cu evenimente r\u0103m\u00e2n excep\u021bia, mai ales festivalurile castanelor, evenimentele viticole \u0219i Les Voiles de Saint-Tropez.<\/p>\n\n<\/div>\n<\/div>\n<div id=\"faq-question-1787659369878\" class=\"rank-math-list-item\">\n<h3 class=\"rank-math-question \">Ce festivaluri au loc \u00een Provence toamna?<\/h3>\n<div class=\"rank-math-answer \">\n\n<p>Septembrie aduce s\u0103rb\u0103tori legate de culesul strugurilor \u0219i evenimente dedicate vinului. Octombrie este dominat de castane, miere, gutui, dovleci \u0219i produse locale. \u00cen noiembrie, aten\u021bia se mut\u0103 spre vinul nou, uleiul de m\u0103sline \u0219i trufele negre.<br \/>Pentru 2026, c\u00e2teva date utile sunt F\u00eate du Coing din Cotignac pe 25 octombrie, Mill\u00e9vin \u00een Avignon pe 19 noiembrie \u0219i deschiderea pie\u021bei de trufe negre din Aups pe 26 noiembrie.<\/p>\n\n<\/div>\n<\/div>\n<div id=\"faq-question-1787659405568\" class=\"rank-math-list-item\">\n<h3 class=\"rank-math-question \">Ce r\u0103m\u00e2ne deschis \u00een Provence \u00een noiembrie?<\/h3>\n<div class=\"rank-math-answer \">\n\n<p><strong>Ora\u0219ele mari r\u0103m\u00e2n cele mai sigure baze \u00een noiembrie.<\/strong> Aix-en-Provence, Avignon, Arles \u0219i Marseille p\u0103streaz\u0103 active tot anul muzeele, restaurantele, magazinele, pie\u021bele, hotelurile \u0219i transportul.<br \/>Sta\u021biunile mici de pe coast\u0103, campingurile, restaurantele sezoniere \u0219i propriet\u0103\u021bile rurale reduc zilele de func\u021bionare sau se \u00eenchid complet. Verific\u0103 separat fiecare restaurant \u0219i atrac\u021bie din zonele rurale \u00eenainte s\u0103 construie\u0219ti o zi \u00eentreag\u0103 din itinerar \u00een jurul unei singure adrese.<\/p>\n\n<\/div>\n<\/div>\n<div id=\"faq-question-1787659431196\" class=\"rank-math-list-item\">\n<h3 class=\"rank-math-question \">Unde s\u0103 te cazezi pentru o c\u0103l\u0103torie \u00een Provence toamna?<\/h3>\n<div class=\"rank-math-answer \">\n\n<p>Septembrie ofer\u0103 cea mai larg\u0103 alegere de cazare pe coast\u0103 \u0219i \u00een regiunile viticole. Octombrie este foarte potrivit pentru Luberon \u0219i Alpilles. \u00cen noiembrie, eu a\u0219 prefera Aix-en-Provence, Avignon, Arles, Marseille sau Saint-R\u00e9my-de-Provence.<br \/><strong>Pentru o prim\u0103 c\u0103l\u0103torie mai lung\u0103, eu a\u0219 alege dou\u0103 baze<\/strong>, \u00een loc s\u0103 schimb cazarea \u00een fiecare sear\u0103. Provence devine mult mai u\u0219or de explorat c\u00e2nd harta \u00eenceteaz\u0103 s\u0103-\u021bi dicteze unde iei micul dejun.<\/p>\n\n<\/div>\n<\/div>\n<\/div>\n<\/div>\n\n\n<hr class=\"wp-block-separator has-alpha-channel-opacity\"\/>\n\n\n\n<h2 id=\"despre-autoare\" class=\"wp-block-heading\">Despre autoare<\/h2>\n\n\n\n<div class=\"wp-block-media-text alignwide is-stacked-on-mobile is-vertically-aligned-top\" style=\"grid-template-columns:15% auto\"><figure class=\"wp-block-media-text__media\"><img loading=\"lazy\" decoding=\"async\" width=\"138\" height=\"140\" src=\"https:\/\/www.the-travel-bunny.com\/ro\/wp-content\/uploads\/sites\/2\/2021\/05\/Mirela-Letailleur-or-The-Travel-Bunny.jpg\" alt=\"Mirela Letailleur sau The Travel Bunny\" class=\"wp-image-481 size-full\" title=\"\"><\/figure><div class=\"wp-block-media-text__content\">\n<p class=\"has-small-font-size wp-block-paragraph\"><strong>Bun\u0103! Eu sunt <a href=\"https:\/\/www.the-travel-bunny.com\/ro\/despre-travel-bunny\/mirela-letailleur\/\">Mirela Letailleur<\/a>, scriitoare de c\u0103l\u0103torie n\u0103scut\u0103 \u00een Rom\u00e2nia, stabilit\u0103 \u00een Provence-Alpes-C\u00f4te d\u2019Azur \u0219i fondatoarea The Travel Bunny<\/strong>. Explorez sudul Fran\u021bei pe tot parcursul anului, cu un interes deosebit pentru toamna \u00een Provence, pie\u021bele locale, podgorii, festivalurile recoltelor, satele de pe dealuri, traseele de drume\u021bie \u0219i coasta mediteranean\u0103.<\/p>\n\n\n\n<p class=\"has-small-font-size wp-block-paragraph\">Sfaturile mele de c\u0103l\u0103torie despre Provence vin din faptul c\u0103 locuiesc aici \u0219i v\u0103d cum septembrie, octombrie \u0219i noiembrie schimb\u0103 regiunea \u00een moduri diferite. Scriu despre detaliile practice pe care le folosesc \u0219i eu, de la \u00eenotul p\u00e2n\u0103 la \u00eenceput de octombrie \u0219i planurile adaptate Mistralului p\u00e2n\u0103 la alegerea satelor mai lini\u0219tite, evenimentelor gastronomice sezoniere, traseelor cu ma\u0219ina \u0219i locurilor care merit\u0103 vizitate dup\u0103 plecarea aglomera\u021biei de var\u0103.<\/p>\n<\/div><\/div>\n\n\n<div class=\"wp-block-scriptless-social-sharing-buttons\"><div class=\"scriptlesssocialsharing\"><div class=\"scriptlesssocialsharing__buttons no-icons\"><a class=\"button facebook\" target=\"_blank\" href=\"https:\/\/www.facebook.com\/sharer\/sharer.php?u=https%3A%2F%2Fwww.the-travel-bunny.com%2Fro%2Ftoamna-in-provence-ghid-calatorie%2F\" rel=\"noopener noreferrer nofollow\"><span class=\"sss-name\"><span class=\"screen-reader-text\">Share on <\/span>Facebook<\/span><\/a><a class=\"button twitter\" target=\"_blank\" href=\"https:\/\/twitter.com\/intent\/tweet?text=Toamna%20%C3%AEn%20Provence.%20Ghid%20local%20pentru%20septembrie%2C%20octombrie%20%C8%99i%20noiembrie%20%C3%AEn%20sudul%20Fran%C8%9Bei&#038;url=https%3A%2F%2Fwww.the-travel-bunny.com%2Fro%2Ftoamna-in-provence-ghid-calatorie%2F&#038;via=mirela_iepurela&#038;related=mirela_iepurela\" rel=\"noopener noreferrer nofollow\"><span class=\"sss-name\"><span class=\"screen-reader-text\">Share on <\/span>X (Twitter)<\/span><\/a><a class=\"button pinterest\" target=\"_blank\" href=\"https:\/\/pinterest.com\/pin\/create\/button\/?url=https%3A%2F%2Fwww.the-travel-bunny.com%2Fro%2Ftoamna-in-provence-ghid-calatorie%2F&#038;media=https%3A%2F%2Fwww.the-travel-bunny.com%2Fro%2Fwp-content%2Fuploads%2Fsites%2F2%2F2026%2F08%2FToamna-in-Provence-Sat-Cotignac-Culori-de-Toamna.jpg&#038;description=Toamna%20%C3%AEn%20Provence.%20Ghid%20local%20pentru%20septembrie%2C%20octombrie%20%C8%99i%20noiembrie%20%C3%AEn%20sudul%20Fran%C8%9Bei\" rel=\"noopener noreferrer nofollow\" data-pin-no-hover=\"true\" data-pin-custom=\"true\" data-pin-do=\"skip\" data-pin-description=\"Toamna \u00een Provence. Ghid local pentru septembrie, octombrie \u0219i noiembrie \u00een sudul Fran\u021bei\"><span class=\"sss-name\"><span class=\"screen-reader-text\">Share on <\/span>Pinterest<\/span><\/a><a class=\"button whatsapp\" target=\"_blank\" href=\"https:\/\/api.whatsapp.com\/send?text=Toamna%20%C3%AEn%20Provence.%20Ghid%20local%20pentru%20septembrie%2C%20octombrie%20%C8%99i%20noiembrie%20%C3%AEn%20sudul%20Fran%C8%9Bei%20%E2%80%94%20https%3A%2F%2Fwww.the-travel-bunny.com%2Fro%2Ftoamna-in-provence-ghid-calatorie%2F\" rel=\"noopener noreferrer nofollow\"><span class=\"sss-name\"><span class=\"screen-reader-text\">Share on <\/span>WhatsApp<\/span><\/a><a class=\"button email\" href=\"mailto:?body=Am%20citit%20acest%20articol%20de%20vacan%C8%9B%C4%83%20%C8%99i%20m-am%20g%C3%A2ndit%20la%20tine.%20Iat%C4%83%20%C8%99i%20link-ul%3A%20https%3A%2F%2Fwww.the-travel-bunny.com%2Fro%2Ftoamna-in-provence-ghid-calatorie%2F&#038;subject=Promit%20c%C4%83%20o%20s%C4%83%20%C3%AE%C8%9Bi%20plac%C4%83%3A%20Toamna%20%C3%AEn%20Provence.%20Ghid%20local%20pentru%20septembrie%2C%20octombrie%20%C8%99i%20noiembrie%20%C3%AEn%20sudul%20Fran%C8%9Bei\" rel=\"noopener noreferrer nofollow\" ><span class=\"sss-name\"><span class=\"screen-reader-text\">Share on <\/span>Email<\/span><\/a><\/div><\/div><\/div>\n\n\n<p class=\"has-small-font-size wp-block-paragraph\"><strong>Dup\u0103 ce ai planificat vizita \u00een Provence \u00een toamn\u0103, consult\u0103 aceste ghiduri de c\u0103l\u0103torie PACA pe The Travel Bunny<\/strong><br><a href=\"https:\/\/www.the-travel-bunny.com\/ro\/ghid-de-vacanta-in-provence-primavara\/\" data-type=\"post\" data-id=\"9259\">Provence prim\u0103vara: Un ghid de c\u0103l\u0103torie complet scris de o localnic\u0103<\/a><\/p>\n\n\n\n<p class=\"wp-block-paragraph\"><\/p>\n","protected":false},"excerpt":{"rendered":"<p>Toamna \u00een Provence este anotimpul meu preferat pentru \u00eenotul \u00een marea \u00eenc\u0103 pl\u0103cut\u0103 din septembrie, culorile podgoriilor \u00een octombrie, satele mai lini\u0219tite, festivalurile recoltelor, drume\u021biile \u0219i trufele din noiembrie. \u00cen acest ghid pentru 2026, \u00ee\u021bi ar\u0103t cum este Provence din septembrie p\u00e2n\u0103 \u00een noiembrie, cu informa\u021bii despre vreme, Mistral, temperatura m\u0103rii, recolta strugurilor \u0219i a m\u0103slinelor, pie\u021be, festivaluri gastronomice, accesul \u00een Calanques, naviga\u021bie, road trip-uri, hoteluri \u0219i sfaturi practice pentru bagaj. Compar \u0219i cele mai bune locuri de cazare, perioadele c\u00e2nd aglomera\u021bia revine odat\u0103 cu vacan\u021ba de Toussaint \u0219i luna care se potrive\u0219te cel mai bine c\u0103l\u0103toriei tale. Folose\u0219te experien\u021ba mea local\u0103 din Provence pentru a planifica mai bine zilele de toamn\u0103 \u00een Aix, Avignon, Arles, Cassis, Luberon, Alpilles \u0219i satele de pe coasta mediteranean\u0103.<\/p>\n","protected":false},"author":1,"featured_media":11874,"comment_status":"closed","ping_status":"closed","sticky":false,"template":"","format":"standard","meta":{"footnotes":""},"categories":[30],"tags":[211,215,205,198,54,51,204],"class_list":["post-11858","post","type-post","status-publish","format-standard","has-post-thumbnail","hentry","category-franta","tag-bouches-du-rhone-13","tag-drome-26","tag-provence-verte","tag-provence-alpes-cote-dazur","tag-vacante-pentru-gurmanzi","tag-vacante-toamna","tag-var-83","resize-featured-image"],"_links":{"self":[{"href":"https:\/\/www.the-travel-bunny.com\/ro\/wp-json\/wp\/v2\/posts\/11858","targetHints":{"allow":["GET"]}}],"collection":[{"href":"https:\/\/www.the-travel-bunny.com\/ro\/wp-json\/wp\/v2\/posts"}],"about":[{"href":"https:\/\/www.the-travel-bunny.com\/ro\/wp-json\/wp\/v2\/types\/post"}],"author":[{"embeddable":true,"href":"https:\/\/www.the-travel-bunny.com\/ro\/wp-json\/wp\/v2\/users\/1"}],"replies":[{"embeddable":true,"href":"https:\/\/www.the-travel-bunny.com\/ro\/wp-json\/wp\/v2\/comments?post=11858"}],"version-history":[{"count":18,"href":"https:\/\/www.the-travel-bunny.com\/ro\/wp-json\/wp\/v2\/posts\/11858\/revisions"}],"predecessor-version":[{"id":11900,"href":"https:\/\/www.the-travel-bunny.com\/ro\/wp-json\/wp\/v2\/posts\/11858\/revisions\/11900"}],"wp:featuredmedia":[{"embeddable":true,"href":"https:\/\/www.the-travel-bunny.com\/ro\/wp-json\/wp\/v2\/media\/11874"}],"wp:attachment":[{"href":"https:\/\/www.the-travel-bunny.com\/ro\/wp-json\/wp\/v2\/media?parent=11858"}],"wp:term":[{"taxonomy":"category","embeddable":true,"href":"https:\/\/www.the-travel-bunny.com\/ro\/wp-json\/wp\/v2\/categories?post=11858"},{"taxonomy":"post_tag","embeddable":true,"href":"https:\/\/www.the-travel-bunny.com\/ro\/wp-json\/wp\/v2\/tags?post=11858"}],"curies":[{"name":"wp","href":"https:\/\/api.w.org\/{rel}","templated":true}]}}