{"id":1263,"date":"2020-04-14T08:00:31","date_gmt":"2020-04-14T08:00:31","guid":{"rendered":"https:\/\/the-travel-bunny-com.lyricalstaging.com\/ro\/?p=1263"},"modified":"2026-01-29T16:27:31","modified_gmt":"2026-01-29T16:27:31","slug":"ghid-de-vacanta-in-kortrijk-belgia","status":"publish","type":"post","link":"https:\/\/www.the-travel-bunny.com\/ro\/ghid-de-vacanta-in-kortrijk-belgia\/","title":{"rendered":"Mic ghid de vacan\u021b\u0103 \u00een Kortrijk, Belgia"},"content":{"rendered":"\n<div class=\"wp-block-columns is-layout-flex wp-container-core-columns-is-layout-9d6595d7 wp-block-columns-is-layout-flex\">\n<div class=\"wp-block-column is-vertically-aligned-center is-layout-flow wp-block-column-is-layout-flow\">\n<p>Kortrijk, Belgia, este un ora\u0219 istoric situat \u00een Flandra de Vest.&nbsp;Situat pe r\u00e2ul Leie, Kortrijk a fost stabilit pentru prima dat\u0103 de romani sub numele de Cortoriacum, motiv pentru care ora\u0219ul este cunoscut \u0219i sub numele de Courtrai.&nbsp;C\u00e2nd mergi \u00een vacan\u021b\u0103 \u00een Kortrijk, vei descoperi un ora\u0219 vibrant, \u00eenconjurat de multe alte locuri faimoase, atrac\u021bii turistice \u0219i ora\u0219e preferate de turi\u0219ti \u00een Belgia.<\/p>\n<\/div>\n\n\n\n<div class=\"wp-block-column is-vertically-aligned-center is-layout-flow wp-block-column-is-layout-flow\">\n<div class=\"wp-block-rank-math-toc-block\" id=\"rank-math-toc\"><h2>Ghid de vacan\u021b\u0103 \u00een Kortrijk, Belgia<\/h2><nav><ul><li class=\"\"><a href=\"#atrac\u021bii-\u0219i-obiective-turistice-in-kortrijk-belgia\">Atrac\u021bii \u0219i obiective turistice \u00een Kortrijk, Belgia<\/a><\/li><li class=\"\"><a href=\"#ce-sa-faci-intr-o-vacan\u021ba-in-kortrijk-belgia\">Ce s\u0103 faci \u00eentr-o vacan\u021b\u0103 \u00een Kortrijk, Belgia<\/a><\/li><li class=\"\"><a href=\"#ce-\u0219i-unde-sa-mananci-in-kortrijk-belgia\">Ce \u0219i unde s\u0103 m\u0103n\u00e2nci \u00een Kortrijk, Belgia<\/a><\/li><li class=\"\"><a href=\"#via\u021ba-culturala-din-kortrijk\">Via\u021ba cultural\u0103 din Kortrijk<\/a><\/li><li class=\"\"><a href=\"#despre-autoare\">Despre autoare<\/a><\/li><\/ul><\/nav><\/div>\n<\/div>\n<\/div>\n\n\n\n<p>Ora\u0219ele cele mai apropiate de Kortrijk includ Halluin, Menen, Neuville-en-Ferrain, Roncq \u0219i Wevelgem.&nbsp;Alte ora\u0219e celebre din vecin\u0103tatea Kortrijk sunt&nbsp;<a href=\"https:\/\/www.the-travel-bunny.com\/ro\/vacanta-in-anvers\/\" class=\"rank-math-link\">Anvers<\/a>,&nbsp;<a href=\"https:\/\/www.the-travel-bunny.com\/ro\/vacanta-in-bruges\/\" class=\"rank-math-link\">Bruges<\/a>,&nbsp;<a href=\"https:\/\/www.the-travel-bunny.com\/ro\/vacanta-in-bruxelles\/\" class=\"rank-math-link\">Bruxelles<\/a>,&nbsp;<a href=\"https:\/\/www.the-travel-bunny.com\/ro\/vacanta-in-gent-belgia\/\" class=\"rank-math-link\">Gent<\/a>, Lige, Mechelen, Mons, Namur \u0219i Ostend.<\/p>\n\n\n\n<p>Renumit pentru fabricarea sa de textile, Kortrijk a \u00eenceput s\u0103 produc\u0103 at\u00e2t dantel\u0103, c\u00e2t \u0219i lenjerie \u00eenc\u0103 din secolul al XIV-lea.&nbsp;C\u00e2nd mergi \u00een vacan\u021b\u0103 \u00een Kortrijk Belgia, vei observa c\u0103 ora\u0219ul g\u0103zduie\u0219te \u00eenc\u0103 multe fabrici.<\/p>\n\n\n\n<p>Groeningstraat din 1906 sau&nbsp;<a href=\"https:\/\/evenimentulistoric.ro\/o-lupta-stranie-batalia-pintenilor-de-aur.html\" target=\"_blank\" aria-label=\" (opens in a new tab)\" rel=\"noreferrer noopener\" class=\"rank-math-link\">B\u0103t\u0103lia pintenilor de aur<\/a>&nbsp;a avut loc de fapt foarte aproape de vechiul Kortrijk, iar ora\u0219ul a construit un memorial,chiar la est de Grote Markt.<\/p>\n\n\n\n<hr class=\"wp-block-separator has-css-opacity is-style-wide\"\/>\n\n\n\n<h2 class=\"wp-block-heading\" id=\"atrac\u021bii-\u0219i-obiective-turistice-in-kortrijk-belgia\">Atrac\u021bii \u0219i obiective turistice \u00een Kortrijk, Belgia<\/h2>\n\n\n\n<p>C\u00e2nd mergi \u00een vacan\u021b\u0103 Kortrijk \u00een Belgia, ar trebui s\u0103 mergi la&nbsp;<strong>Muzeul Stedelijk Voor Schone Kunsten (Muzeul Municipal de Arte Frumoase)<\/strong>, care g\u0103zduie\u0219te una dintre cele mai bune <a href=\"https:\/\/www.the-travel-bunny.com\/ro\/ghiduri-de-calatorie\/roma-ghid-turistic\/muzee-galerii-de-arta-roma\/\">galerii<\/a> de art\u0103 din Belgia. Acest muzeu expune picturile remarcabile ale pictorului Roeland Savery din secolul al XVI-lea, precum \u0219i lucr\u0103rile altor pictori celebri. \u00cen plus, \u00een interior vei g\u0103si o varietate de obiecte arheologice, ceramic\u0103 \u0219i por\u021belan. \u0218i, pentru c\u0103 muzeul este situat \u00eentr-o cas\u0103 patrician\u0103 din secolul al XVII-lea, vei putea aprecia frumuse\u021bea uluitoare a arhitecturii renascentiste. Muzeul Stedelijk Voor Schone Kunsten este deschis de s\u00e2mb\u0103t\u0103 p\u00e2n\u0103 joi.<\/p>\n\n\n\n<p>\u00cen inima ora\u0219ului Kortrijk, po\u021bi explora&nbsp;<strong>Grote Markt<\/strong>, o atrac\u021bie turistic\u0103 important\u0103.&nbsp;Acolo, vei vedea Memorialul Primului R\u0103zboi Mondial, r\u0103m\u0103\u0219i\u021bele halei de haine \u0219i Clopotni\u021ba din Grote Markt.&nbsp;Tot \u00een aceast\u0103 <a href=\"https:\/\/www.the-travel-bunny.com\/ro\/ghiduri-de-calatorie\/roma-ghid-turistic\/piete-din-roma\/\">pia\u021b\u0103<\/a>, vei g\u0103si Stadhuis (Prim\u0103ria), cu o parte din arhitectura sa gotic\u0103 original\u0103 \u0219i un num\u0103r mare de statui \u00een interiorul cl\u0103dirii.<\/p>\n\n\n\n<p>Nu \u00een ultimul r\u00e2nd, mergi la&nbsp;<strong>Broeltorens<\/strong>&nbsp;c\u00e2nd e\u0219ti \u00een vacan\u021b\u0103 \u00een Kortrijk.&nbsp;Broeltorenii sunt de fapt dou\u0103 mari turnuri de fortifica\u021bie din secolele XII \u0219i XIII.<\/p>\n\n\n\n<hr class=\"wp-block-separator has-css-opacity is-style-wide\"\/>\n\n\n\n<h2 class=\"wp-block-heading\" id=\"ce-sa-faci-intr-o-vacan\u021ba-in-kortrijk-belgia\">Ce s\u0103 faci \u00eentr-o vacan\u021b\u0103 \u00een Kortrijk, Belgia<\/h2>\n\n\n\n<p>C\u00e2nd e\u0219ti \u00een vacan\u021b\u0103 \u00een Kortrijk, Belgia, ar trebui <strong>s\u0103&nbsp;faci o plimbare pe l\u00e2ng\u0103 r\u00e2ul Leie sau s\u0103 admiri numeroasele <a href=\"https:\/\/www.the-travel-bunny.com\/ro\/cele-mai-vizitate-atractii-turistice\/\">atrac\u021bii turistice<\/a> ale ora\u0219ului istoric<\/strong>.&nbsp;De obicei, cei care au fost deja \u00een Kortrijk au adorat arhitectura ora\u0219ului \u0219i s\u0103 viziteze Poarta Menin din anul 1927, memorialul solda\u021bilor britanici care \u0219i-au pierdut via\u021ba \u00een Primul R\u0103zboi Mondial, Biserica Maicii Domnului, Broeltowers \u0219i Grand Place.<\/p>\n\n\n\n<p>Biserica Maicii Domnului este cea mai veche cl\u0103dire pe care o vei vedea c\u00e2nd e\u0219ti \u00een vacan\u021b\u0103 \u00een Kortrijk.&nbsp;Mai mult, \u00een interiorul Bisericii Maicii Domnului vei g\u0103si portretele tuturor conduc\u0103torilor din Flandra.&nbsp;Afar\u0103, vei descoperi r\u0103m\u0103\u0219i\u021bele castelului original care odinioar\u0103 \u00eenconjura aceast\u0103 biseric\u0103.<\/p>\n\n\n\n<p>C\u00e2t e\u0219ti \u00een vacan\u021b\u0103 \u00een Kortrijk mai po\u021bi vedea \u0219i cl\u0103diri precum Palatul Justi\u021biei.&nbsp;\u00cen contrast izbitor \u00een ceea ce prive\u0219te arhitectura centrului vechi, acestea confer\u0103 ora\u0219ului Kortrijk un aspect modern.<\/p>\n\n\n\n<hr class=\"wp-block-separator has-css-opacity is-style-wide\"\/>\n\n\n\n<figure class=\"wp-block-image size-large\"><img loading=\"lazy\" decoding=\"async\" width=\"792\" height=\"294\" src=\"https:\/\/www.the-travel-bunny.com\/ro\/wp-content\/uploads\/sites\/2\/2021\/05\/mananca-vafe-belgiene-in-kortrijk-belgia.jpg\" alt=\"mananca vafe belgiene in kortrijk belgia\" class=\"wp-image-2405\" title=\"Vizita\u021bi Kortrijk, Belgia: ghid de c\u0103l\u0103torie Swift 2\" srcset=\"https:\/\/www.the-travel-bunny.com\/ro\/wp-content\/uploads\/sites\/2\/2021\/05\/mananca-vafe-belgiene-in-kortrijk-belgia.jpg 792w, https:\/\/www.the-travel-bunny.com\/ro\/wp-content\/uploads\/sites\/2\/2021\/05\/mananca-vafe-belgiene-in-kortrijk-belgia-300x111.jpg 300w, https:\/\/www.the-travel-bunny.com\/ro\/wp-content\/uploads\/sites\/2\/2021\/05\/mananca-vafe-belgiene-in-kortrijk-belgia-768x285.jpg 768w\" sizes=\"auto, (max-width: 792px) 100vw, 792px\" \/><figcaption class=\"wp-element-caption\"><em>Ce <a href=\"https:\/\/www.the-travel-bunny.com\/ro\/ce-sa-mananci-la-bruxelles-belgia\/\">s\u0103 m\u0103n\u00e2nci<\/a> \u00eentr-o vacan\u021b\u0103 \u00een Kortrijk<\/em><\/figcaption><\/figure>\n\n\n\n<h2 class=\"wp-block-heading\" id=\"ce-\u0219i-unde-sa-mananci-in-kortrijk-belgia\">Ce \u0219i unde s\u0103 m\u0103n\u00e2nci \u00een Kortrijk, Belgia<\/h2>\n\n\n\n<p>Pentru turi\u0219tii care doresc s\u0103 guste cea mai bun\u0103 m\u00e2ncare din Belgia, cele mai renumite specialit\u0103\u021bi sunt&nbsp;<strong>andive \u00een sos Bechamel, c\u00e2rna\u021bi \u0219i \u0219unc\u0103 din Ardenne, vafe belgiene, midii cu cartofi pr\u0103ji\u021bi \u0219i, bine\u00een\u021beles, bomboane de <a href=\"https:\/\/www.the-travel-bunny.com\/ro\/totul-despre-ciocolata-belgiana\/\">ciocolat\u0103 belgian\u0103<\/a><\/strong>.<\/p>\n\n\n\n<p>\u00cen timp ce vizitezi Belgia, \u00ee\u021bi recomand, de asemenea, s\u0103 \u00eencerci o&nbsp;<strong>bere belgian\u0103 de renume mondial<\/strong>: sunt disponibile peste 400 de&nbsp;beri&nbsp;diferite, inclusiv beri din fructe, Stella Artois, Leffe, Hoegaarden \u0219i Duvel, printre multe altele.<\/p>\n\n\n\n<p><strong>Cafe Rouge<\/strong>&nbsp;are tot ce \u00ee\u0219i dore\u0219te un c\u0103l\u0103tor fl\u0103m\u00e2nd.&nbsp;Mai mult, are o arhitectur\u0103 ultra-modern\u0103, cu un decor elegant.&nbsp;Este renumit\u0103 pentru ceaiul s\u0103u, servit cu o felie de tort \u0219i bomboane de ciocolat\u0103.&nbsp;La Cafe Rouge ar trebui s\u0103 \u00eencerci fondue, chipsuri de cartofi aroma\u021bi, supe, salate, vafe servite cu fructe proaspete \u0219i cr\u00e8me br\u00fbl\u00e9e, printre alte op\u021biuni <a href=\"https:\/\/www.the-travel-bunny.com\/ro\/experiente-culinare-in-europa\/\">culinare<\/a> rafinate.<\/p>\n\n\n\n<p>O alt\u0103 op\u021biune este&nbsp;<strong>La Dolce Vita<\/strong>, un restaurant italian situat l\u00e2ng\u0103 gar\u0103.&nbsp;Acolo vei g\u0103si pizza delicioas\u0103 \u0219i tagliatelle, printre alte feluri de m\u00e2ncare fine.&nbsp;\u0218i, dac\u0103 dai o fug\u0103 p\u00e2n\u0103 la Wevelgem din apropiere, ar trebui s\u0103 iei masa la&nbsp;<strong><a href=\"https:\/\/www.restaurantbiggles.be\/\" target=\"_blank\" aria-label=\" (opens in a new tab)\" rel=\"noreferrer noopener nofollow\" class=\"rank-math-link\">Biggles<\/a><\/strong>, un restaurant renumit pentru serviciile sale rafinate \u0219i atmosfera pl\u0103cut\u0103.<\/p>\n\n\n\n<p>La sf\u00e2r\u0219itul zilei, bucur\u0103-te de un pahar de vin bun \u00eentr-una dintre numeroasele cafenele belgiene, deoarece majoritatea sunt autorizate s\u0103 v\u00e2nd\u0103 alcool.<\/p>\n\n\n\n<hr class=\"wp-block-separator has-css-opacity is-style-wide\"\/>\n\n\n\n<h2 class=\"wp-block-heading\" id=\"via\u021ba-culturala-din-kortrijk\">Via\u021ba cultural\u0103 din Kortrijk<\/h2>\n\n\n\n<p>Via\u021ba de noapte din Kortrijk are multe de oferit dac\u0103 vrei distrac\u021bie \u0219i divertisment pentru adul\u021bi.&nbsp;\u00cen plus, c\u00e2nd e\u0219ti \u00een vacan\u021b\u0103 \u00een Kortrijk, ai acces la o mul\u021bime de facilit\u0103\u021bi de agrement de l\u00e2ng\u0103 Bruxelles, cum ar fi teatre, cinematografe, discoteci \u0219i locuri pentru evenimente.&nbsp;Cele trei locuri pe care le ador pentru c\u0103 au \u00eentotdeauna evenimente interesante sunt&nbsp;Le Fuse,&nbsp;<a aria-label=\" (opens in a new tab)\" class=\"rank-math-link\" href=\"https:\/\/www.jeuxdhiver.be\/fr\" target=\"_blank\" rel=\"noreferrer noopener nofollow\">Les Jeux d&#8217;Hiver<\/a>&nbsp;\u0219i&nbsp;The Music Village.<\/p>\n\n\n\n<p>Dac\u0103 vrei s\u0103 petreci timp \u00een aer liber,&nbsp;<strong>\u00ee\u021bi recomand s\u0103 vizitezi&nbsp;<strong>Landhuis &#8216;t Hooghe<\/strong>&nbsp;(Castelul &#8216;t Hooghe)<\/strong>, unde po\u021bi aprecia frumuse\u021bea Gr\u0103dinii Interna\u021bionale de Trandafiri.&nbsp;Landhuis &#8216;t Hooghe ar acces liber pentru vizitatori, iar familiile \u00ee\u0219i pot petrece ziua \u00een mijlocul naturii, admir\u00e2nd o priveli\u0219te minunat\u0103.<\/p>\n\n\n\n<p>Toate atrac\u021biile turistice din Kortrijk sunt u\u0219or accesibile.&nbsp;\u00cen plus, po\u021bi vizita obiective turistice \u0219i din alte ora\u0219e importante din Belgia, lu\u00e2nd trenul sau \u00eenchiriind o ma\u0219in\u0103.&nbsp;Dac\u0103 ai o vacan\u021b\u0103 \u00een Kotrijk mai lung\u0103, ar trebui s\u0103 mergi cu bicicleta de-a lungul r\u00e2ului Leie pentru a te bucura de aerul proasp\u0103t \u0219i de priveli\u0219tile superbe.&nbsp;\u00cen esen\u021b\u0103, indiferent de tipul de transport pe care \u00eel preferi, vei g\u0103si multe <a href=\"https:\/\/www.the-travel-bunny.com\/ro\/de-facut-in-italia\/\">de f\u0103cut<\/a>, <a href=\"https:\/\/www.the-travel-bunny.com\/ro\/locuri-de-vazut-in-roma-vacanta\/\">de v\u0103zut<\/a> \u0219i de savurat \u00eentr-o vacan\u021b\u0103 \u00een Kortrijk, Belgia.<\/p>\n\n\n\n<hr class=\"wp-block-separator has-css-opacity is-style-wide\"\/>\n\n\n\n<h2 class=\"wp-block-heading\" id=\"despre-autoare\">Despre autoare<\/h2>\n\n\n\n<div class=\"wp-block-media-text alignwide is-stacked-on-mobile\" style=\"grid-template-columns:15% auto\"><figure class=\"wp-block-media-text__media\"><img loading=\"lazy\" decoding=\"async\" width=\"138\" height=\"138\" src=\"https:\/\/www.the-travel-bunny.com\/ro\/wp-content\/uploads\/sites\/2\/2021\/05\/olivia-peeters-autoare-pe-blogul-de-calatorii-the-travel-bunny.jpg\" alt=\"olivia peeters autoare pe blogul de calatorii the travel bunny\" class=\"wp-image-2364 size-full\" title=\"\"><\/figure><div class=\"wp-block-media-text__content\">\n<p><strong>Olivia Peeters<\/strong> s-a n\u0103scut \u00een Belgia \u0219i este pasionat\u0103 de c\u0103l\u0103torii sustenabile. Este cea mai fericit\u0103 \u00een timp ce navigheaz\u0103, face drume\u021bii, merge cu bicicleta sau face orice alte activit\u0103\u021bi sportive \u00een aer liber.<\/p>\n<\/div><\/div>\n\n\n\n<p class=\"has-background\" style=\"background-color:#d5edfb\">\u0218i tu po\u021bi scrie pe blogul The Travel Bunny. <strong><a href=\"https:\/\/www.the-travel-bunny.com\/ro\/despre-travel-bunny\/contribuitor-blog\/\" class=\"rank-math-link\">Trimite-mi un articol de c\u0103l\u0103torie<\/a>!<\/strong><\/p>\n\n\n<div class=\"wp-block-scriptless-social-sharing-buttons\"><div class=\"scriptlesssocialsharing\"><div class=\"scriptlesssocialsharing__buttons no-icons\"><a class=\"button facebook\" target=\"_blank\" href=\"https:\/\/www.facebook.com\/sharer\/sharer.php?u=https%3A%2F%2Fwww.the-travel-bunny.com%2Fro%2Fghid-de-vacanta-in-kortrijk-belgia%2F\" rel=\"noopener noreferrer nofollow\"><span class=\"sss-name\"><span class=\"screen-reader-text\">Share on <\/span>Facebook<\/span><\/a><a class=\"button twitter\" target=\"_blank\" href=\"https:\/\/twitter.com\/intent\/tweet?text=Mic%20ghid%20de%20vacan%C8%9B%C4%83%20%C3%AEn%20Kortrijk%2C%20Belgia&#038;url=https%3A%2F%2Fwww.the-travel-bunny.com%2Fro%2Fghid-de-vacanta-in-kortrijk-belgia%2F&#038;via=mirela_iepurela&#038;related=mirela_iepurela\" rel=\"noopener noreferrer nofollow\"><span class=\"sss-name\"><span class=\"screen-reader-text\">Share on <\/span>X (Twitter)<\/span><\/a><a class=\"button pinterest\" target=\"_blank\" href=\"https:\/\/pinterest.com\/pin\/create\/button\/?url=https%3A%2F%2Fwww.the-travel-bunny.com%2Fro%2Fghid-de-vacanta-in-kortrijk-belgia%2F&#038;media=https%3A%2F%2Fwww.the-travel-bunny.com%2Fro%2Fwp-content%2Fuploads%2Fsites%2F2%2F2021%2F05%2Fvacanta-in-kortrijk-belgia.jpg&#038;description=Mic%20ghid%20de%20vacan%C8%9B%C4%83%20%C3%AEn%20Kortrijk%2C%20Belgia\" rel=\"noopener noreferrer nofollow\" data-pin-no-hover=\"true\" data-pin-custom=\"true\" data-pin-do=\"skip\" data-pin-description=\"Mic ghid de vacan\u021b\u0103 \u00een Kortrijk, Belgia\"><span class=\"sss-name\"><span class=\"screen-reader-text\">Share on <\/span>Pinterest<\/span><\/a><a class=\"button whatsapp\" target=\"_blank\" href=\"https:\/\/api.whatsapp.com\/send?text=Mic%20ghid%20de%20vacan%C8%9B%C4%83%20%C3%AEn%20Kortrijk%2C%20Belgia%20%E2%80%94%20https%3A%2F%2Fwww.the-travel-bunny.com%2Fro%2Fghid-de-vacanta-in-kortrijk-belgia%2F\" rel=\"noopener noreferrer nofollow\"><span class=\"sss-name\"><span class=\"screen-reader-text\">Share on <\/span>WhatsApp<\/span><\/a><a class=\"button email\" href=\"mailto:?body=Am%20citit%20acest%20articol%20de%20vacan%C8%9B%C4%83%20%C8%99i%20m-am%20g%C3%A2ndit%20la%20tine.%20Iat%C4%83%20%C8%99i%20link-ul%3A%20https%3A%2F%2Fwww.the-travel-bunny.com%2Fro%2Fghid-de-vacanta-in-kortrijk-belgia%2F&#038;subject=Promit%20c%C4%83%20o%20s%C4%83%20%C3%AE%C8%9Bi%20plac%C4%83%3A%20Mic%20ghid%20de%20vacan%C8%9B%C4%83%20%C3%AEn%20Kortrijk%2C%20Belgia\" rel=\"noopener noreferrer nofollow\" ><span class=\"sss-name\"><span class=\"screen-reader-text\">Share on <\/span>Email<\/span><\/a><\/div><\/div><\/div>\n\n\n<p class=\"has-small-font-size\"><strong>Mai multe articole de c\u0103l\u0103torie de pe blogul The Travel Bunny<\/strong><br><a class=\"rank-math-link\" href=\"https:\/\/www.the-travel-bunny.com\/best-things-to-do-in-belgium\/\"><\/a><a class=\"rank-math-link\" href=\"https:\/\/www.the-travel-bunny.com\/ro\/ghid-de-vacanta-in-genk-belgia\/\">Ghid de vacan\u021b\u0103 \u00een Genk, Belgia<\/a><br><a class=\"rank-math-link\" href=\"https:\/\/www.the-travel-bunny.com\/best-things-to-do-in-bruges\/\"><\/a><a href=\"https:\/\/www.the-travel-bunny.com\/ro\/prima-excursie-in-europa-ca-student\/\">Excursie<\/a><a class=\"rank-math-link\" href=\"https:\/\/www.the-travel-bunny.com\/ro\/excursie-in-bruges\/\"> \u00een Bruges cu bere \u0219i ciocolat\u0103 belgian\u0103<\/a><br><a class=\"rank-math-link\" href=\"https:\/\/www.the-travel-bunny.com\/ro\/dupa-amiaza-in-gent-belgia\/\">Cum s\u0103 petreci o dup\u0103-amiaz\u0103 \u00een Gent<\/a><\/p>\n","protected":false},"excerpt":{"rendered":"<p>Kortrijk, Belgia, este un ora\u0219 istoric situat \u00een Flandra de Vest.&nbsp;Situat pe r\u00e2ul Leie, Kortrijk a fost stabilit pentru prima dat\u0103 de romani sub numele de Cortoriacum, motiv pentru care ora\u0219ul este cunoscut \u0219i sub numele de Courtrai.&nbsp;C\u00e2nd mergi \u00een vacan\u021b\u0103 \u00een Kortrijk, vei descoperi un ora\u0219 vibrant, \u00eenconjurat de multe alte locuri faimoase, atrac\u021bii turistice \u0219i ora\u0219e preferate de turi\u0219ti \u00een Belgia. Ora\u0219ele cele mai apropiate de Kortrijk includ Halluin, Menen, Neuville-en-Ferrain, Roncq \u0219i Wevelgem.&nbsp;Alte ora\u0219e celebre din vecin\u0103tatea Kortrijk sunt&nbsp;Anvers,&nbsp;Bruges,&nbsp;Bruxelles,&nbsp;Gent, Lige, Mechelen, Mons, Namur \u0219i Ostend. Renumit pentru fabricarea sa de textile, Kortrijk a \u00eenceput s\u0103 produc\u0103 at\u00e2t &#8230; <\/p>\n<p class=\"read-more-container\"><a title=\"Mic ghid de vacan\u021b\u0103 \u00een Kortrijk, Belgia\" class=\"read-more button\" href=\"https:\/\/www.the-travel-bunny.com\/ro\/ghid-de-vacanta-in-kortrijk-belgia\/#more-1263\" aria-label=\"Cite\u0219te mai multe despre Mic ghid de vacan\u021b\u0103 \u00een Kortrijk, Belgia\">Read more<\/a><\/p>\n","protected":false},"author":153,"featured_media":2404,"comment_status":"closed","ping_status":"closed","sticky":false,"template":"","format":"standard","meta":{"footnotes":""},"categories":[26],"tags":[130],"class_list":["post-1263","post","type-post","status-publish","format-standard","has-post-thumbnail","hentry","category-belgia","tag-articole-scrise-de-invitati","resize-featured-image"],"_links":{"self":[{"href":"https:\/\/www.the-travel-bunny.com\/ro\/wp-json\/wp\/v2\/posts\/1263","targetHints":{"allow":["GET"]}}],"collection":[{"href":"https:\/\/www.the-travel-bunny.com\/ro\/wp-json\/wp\/v2\/posts"}],"about":[{"href":"https:\/\/www.the-travel-bunny.com\/ro\/wp-json\/wp\/v2\/types\/post"}],"author":[{"embeddable":true,"href":"https:\/\/www.the-travel-bunny.com\/ro\/wp-json\/wp\/v2\/users\/153"}],"replies":[{"embeddable":true,"href":"https:\/\/www.the-travel-bunny.com\/ro\/wp-json\/wp\/v2\/comments?post=1263"}],"version-history":[{"count":3,"href":"https:\/\/www.the-travel-bunny.com\/ro\/wp-json\/wp\/v2\/posts\/1263\/revisions"}],"predecessor-version":[{"id":10978,"href":"https:\/\/www.the-travel-bunny.com\/ro\/wp-json\/wp\/v2\/posts\/1263\/revisions\/10978"}],"wp:featuredmedia":[{"embeddable":true,"href":"https:\/\/www.the-travel-bunny.com\/ro\/wp-json\/wp\/v2\/media\/2404"}],"wp:attachment":[{"href":"https:\/\/www.the-travel-bunny.com\/ro\/wp-json\/wp\/v2\/media?parent=1263"}],"wp:term":[{"taxonomy":"category","embeddable":true,"href":"https:\/\/www.the-travel-bunny.com\/ro\/wp-json\/wp\/v2\/categories?post=1263"},{"taxonomy":"post_tag","embeddable":true,"href":"https:\/\/www.the-travel-bunny.com\/ro\/wp-json\/wp\/v2\/tags?post=1263"}],"curies":[{"name":"wp","href":"https:\/\/api.w.org\/{rel}","templated":true}]}}