{"id":1285,"date":"2020-04-30T08:00:16","date_gmt":"2020-04-30T08:00:16","guid":{"rendered":"https:\/\/the-travel-bunny-com.lyricalstaging.com\/ro\/?p=1285"},"modified":"2026-01-29T16:38:57","modified_gmt":"2026-01-29T16:38:57","slug":"destinatii-vacanta-pe-yacht-in-croatia","status":"publish","type":"post","link":"https:\/\/www.the-travel-bunny.com\/ro\/destinatii-vacanta-pe-yacht-in-croatia\/","title":{"rendered":"15 destina\u021bii pentru o vacan\u021b\u0103 pe yacht \u00een Croa\u021bia"},"content":{"rendered":"\n<div class=\"wp-block-columns is-layout-flex wp-container-core-columns-is-layout-9d6595d7 wp-block-columns-is-layout-flex\">\n<div class=\"wp-block-column is-vertically-aligned-center is-layout-flow wp-block-column-is-layout-flow\">\n<p>O vacan\u021b\u0103 pe yacht \u00een Croa\u021bia de-a lungul coastei sale atr\u0103g\u0103toare este o experien\u021b\u0103 uimitoare!&nbsp;Industria turistic\u0103 a \u021b\u0103rii a crescut datorit\u0103 industriilor croate de naviga\u021bie \u0219i iahting.&nbsp;Cu peste 1.000 de insule \u0219i o coast\u0103 lung\u0103 de 5.000 de kilometri, \u00ee\u021bi po\u021bi face o prim\u0103 idee despre ce po\u021bi g\u0103si \u00een aceast\u0103 destina\u021bie de sailing.&nbsp;A\u0219adar, nu este de mirare c\u0103 majoritatea c\u0103l\u0103torilor vor s\u0103 experimenteze o vacan\u021b\u0103 pe yacht \u00een Croa\u021bia!<\/p>\n<\/div>\n\n\n\n<div class=\"wp-block-column is-vertically-aligned-center is-layout-flow wp-block-column-is-layout-flow\">\n<div class=\"wp-block-rank-math-toc-block\" id=\"rank-math-toc\"><h2>Vacan\u021b\u0103 pe yacht \u00een Croa\u021bia<\/h2><nav><ul><li class=\"\"><a href=\"#loca\u021bia-\u0219i-condi\u021biile-meteorologice\">Loca\u021bia \u0219i condi\u021biile meteorologice<\/a><\/li><li class=\"\"><a href=\"#unde-sa-mergi-pentru-o-vacan\u021ba-pe-yacht-in-croa\u021bia\">Unde s\u0103 mergi pentru o vacan\u021b\u0103 pe yacht \u00een Croa\u021bia<\/a><\/li><li class=\"\"><a href=\"#mancare-\u0219i-vinuri-de-gustat-in-vacan\u021ba-pe-yacht-in-croa\u021bia\">M\u00e2ncare \u0219i vinuri de gustat \u00een vacan\u021ba pe yacht \u00een Croa\u021bia<\/a><\/li><li class=\"\"><a href=\"#despre-autoare\">Despre autoare<\/a><\/li><\/ul><\/nav><\/div>\n<\/div>\n<\/div>\n\n\n\n<hr class=\"wp-block-separator has-css-opacity is-style-wide\"\/>\n\n\n\n<h2 class=\"wp-block-heading\" id=\"loca\u021bia-\u0219i-condi\u021biile-meteorologice\">Loca\u021bia \u0219i condi\u021biile meteorologice<\/h2>\n\n\n\n<p>Croa\u021bia este situat\u0103 la Marea Adriatic\u0103, vizavi de Italia, \u00een regiunea nordic\u0103 a Mediteranei.&nbsp;A ap\u0103rut pentru prima dat\u0103 pe harta interna\u021bional\u0103 a Europei \u00een 1992, dup\u0103 destr\u0103marea Iugoslaviei \u00een urma unui r\u0103zboi civil s\u00e2ngeros.<\/p>\n\n\n\n<p>Clima este caracteristic\u0103 Mediteranei \u0219i garanteaz\u0103 vacan\u021be distractive pe tot parcursul anului.&nbsp;De\u0219i po\u021bi explora apele 365 de zile pe an,&nbsp;<strong>este mai sigur s\u0103 navighezi de-a lungul coastei croate din aprilie p\u00e2n\u0103 \u00een octombrie<\/strong>, c\u00e2nd vremea este \u00een general bun\u0103 \u0219i marea este de obicei calm\u0103.&nbsp;Prim\u0103vara devreme este de obicei furtunoas\u0103.<\/p>\n\n\n\n<p><strong>Cel mai bun moment pentru o vacan\u021b\u0103 pe yacht \u00een Croa\u021bia este \u00eenceputul verii<\/strong>, cu v\u00e2nt puternic mai ales dinspre S\/SE \u00een mai \u0219i iunie. Diminea\u021ba este de obicei calm\u0103, iar v\u00e2ntul se ridic\u0103 la aproximativ 15-20 de noduri dup\u0103-amiaza.<\/p>\n\n\n\n<p>Lunile iulie \u0219i august ofer\u0103 condi\u021bii mai calme, care sunt OK pentru cei care nu sunt deranja\u021bi de utilizarea motorului \u00een timp ce navigheaz\u0103.&nbsp;Temperaturile de var\u0103 variaz\u0103 \u00eentre 26 \u0219i 30\u00b0 C, cu o temperatur\u0103 a m\u0103rii \u00een jur de 25\u00b0 C.<\/p>\n\n\n\n<hr class=\"wp-block-separator has-css-opacity is-style-wide\"\/>\n\n\n\n<h2 class=\"wp-block-heading\" id=\"unde-sa-mergi-pentru-o-vacan\u021ba-pe-yacht-in-croa\u021bia\">Unde s\u0103 mergi pentru o vacan\u021b\u0103 pe yacht \u00een Croa\u021bia<\/h2>\n\n\n\n<figure class=\"wp-block-image size-large\"><img loading=\"lazy\" decoding=\"async\" width=\"792\" height=\"294\" src=\"https:\/\/www.the-travel-bunny.com\/ro\/wp-content\/uploads\/sites\/2\/2021\/05\/porec-cu-velierul-croatia.jpg\" alt=\"porec cu velierul croatia\" class=\"wp-image-2464\" title=\"Navigarea \u00een Croa\u021bia: peste 15 destina\u021bii de v\u0103zut cu barca 2\" srcset=\"https:\/\/www.the-travel-bunny.com\/ro\/wp-content\/uploads\/sites\/2\/2021\/05\/porec-cu-velierul-croatia.jpg 792w, https:\/\/www.the-travel-bunny.com\/ro\/wp-content\/uploads\/sites\/2\/2021\/05\/porec-cu-velierul-croatia-300x111.jpg 300w, https:\/\/www.the-travel-bunny.com\/ro\/wp-content\/uploads\/sites\/2\/2021\/05\/porec-cu-velierul-croatia-768x285.jpg 768w\" sizes=\"auto, (max-width: 792px) 100vw, 792px\" \/><figcaption class=\"wp-element-caption\"><em>Vacan\u021b\u0103 pe yacht \u00een Croa\u021bia \u00een Pore\u010d<\/em><\/figcaption><\/figure>\n\n\n\n<h3 class=\"wp-block-heading\" id=\"porec\">Pore\u010d<\/h3>\n\n\n\n<p>Pore\u010d se afl\u0103 pe coasta de vest a Croa\u021biei, de-a lungul Capului Istria.&nbsp;Este&nbsp;<strong>portul perfect pentru a merge pe insula Sf. Nicolae<\/strong> \u00eentr-o vacan\u021b\u0103 pe yacht \u00een Croa\u021bia.<\/p>\n\n\n\n<p>Clima de aici este bl\u00e2nd\u0103.&nbsp;Spre deosebire de alte regiuni din Croa\u021bia,&nbsp;<strong>c\u0103ldura verii nu este prea dur\u0103 \u00een Pore\u010d<\/strong>. Cea mai fierbinte lun\u0103 este august, iar cea mai rece lun\u0103 este ianuarie. Temperatura m\u0103rii la Pore\u010d este \u00een jur de 28\u00b0 C vara, prin urmare nu prea fierbinte \u0219i nici prea rece.<\/p>\n\n\n\n<p>Aceast\u0103 destina\u021bie de c\u0103l\u0103torie este&nbsp;<strong>ideal\u0103 pentru \u00eenot, snorkeling \u0219i\/sau relaxare \u00een apropierea velierului<\/strong>. Principalele atrac\u021bii turistice sunt <a href=\"https:\/\/www.the-travel-bunny.com\/ro\/ghiduri-de-calatorie\/roma-ghid-turistic\/catedrale-bazilici-biserici-din-roma\/\">Bazilica<\/a> Eufrasian\u0103, Dieta Istriana, Pia\u021ba Roman\u0103 Marafor \u0219i str\u0103zile antice Cardo Maximus \u0219i Decumanus.<\/p>\n\n\n\n<hr class=\"wp-block-separator has-css-opacity is-style-wide\"\/>\n\n\n\n<h3 class=\"wp-block-heading\" id=\"insulele-brijuni\">Insulele Brijuni<\/h3>\n\n\n\n<p>C\u00e2ndva re\u0219edin\u021ba de var\u0103 a&nbsp;pre\u0219edintelui Tito, <a href=\"https:\/\/amfostacolo.ro\/impresii9.php?iid=15239&amp;d=descopera-peninsula-istria--excursii-si-calatorii\" target=\"_blank\" aria-label=\"Insulele Brijuni (opens in a new tab)\" rel=\"noreferrer noopener\" class=\"rank-math-link\">Insulele Brijuni<\/a>&nbsp;<strong>au fost \u00eenchise pentru publicul larg<\/strong>.&nbsp;\u00cen zilele noastre, acestea sunt deschise pentru cei care \u00ee\u0219i doresc o vacan\u021b\u0103 pe yacht \u00een Croa\u021bia.&nbsp;Cu toate acestea, re\u021bine c\u0103 mai toate cl\u0103dirile sunt pu\u021bin uzate, deoarece s-au cheltuit foarte pu\u021bini bani pentru \u00eentre\u021binerea lor de la moartea pre\u0219edintelui.<\/p>\n\n\n\n<p>Insulele Brijuni sunt de fapt dou\u0103 insule mai mari \u0219i 12 insule mai mici.&nbsp;\u00cen 1983, li s-a acordat statutul de&nbsp;<strong>parc na\u021bional<\/strong>.&nbsp;Cea mai mare insul\u0103 este Veli Brijun, la doar 2 kilometri distan\u021b\u0103 de coast\u0103.&nbsp;Este foarte verde, acoperit\u0103 cu mult\u0103 vegeta\u021bie.<\/p>\n\n\n\n<hr class=\"wp-block-separator has-css-opacity is-style-wide\"\/>\n\n\n\n<figure class=\"wp-block-image size-large\"><img loading=\"lazy\" decoding=\"async\" width=\"792\" height=\"294\" src=\"https:\/\/www.the-travel-bunny.com\/ro\/wp-content\/uploads\/sites\/2\/2021\/05\/losinj-in-concediu-pe-yacht-in-croatia.jpg\" alt=\"losinj in concediu pe yacht in croatia\" class=\"wp-image-2465\" title=\"Navigarea \u00een Croa\u021bia: peste 15 destina\u021bii de v\u0103zut cu barca 3\" srcset=\"https:\/\/www.the-travel-bunny.com\/ro\/wp-content\/uploads\/sites\/2\/2021\/05\/losinj-in-concediu-pe-yacht-in-croatia.jpg 792w, https:\/\/www.the-travel-bunny.com\/ro\/wp-content\/uploads\/sites\/2\/2021\/05\/losinj-in-concediu-pe-yacht-in-croatia-300x111.jpg 300w, https:\/\/www.the-travel-bunny.com\/ro\/wp-content\/uploads\/sites\/2\/2021\/05\/losinj-in-concediu-pe-yacht-in-croatia-768x285.jpg 768w\" sizes=\"auto, (max-width: 792px) 100vw, 792px\" \/><figcaption class=\"wp-element-caption\"><em>Mali Lo\u0161inj, probabil cel mai frumos port din Marea Adriatic\u0103<\/em><\/figcaption><\/figure>\n\n\n\n<h3 class=\"wp-block-heading\" id=\"insulele-losinj-\u0219i-cres\">Insulele Lo\u0161inj \u0219i Cres<\/h3>\n\n\n\n<p>Ocup\u00e2nd aproximativ 400 de kilometri p\u0103tra\u021bi, Cres este a doua cea mai mare insul\u0103 din Marea Adriatic\u0103.&nbsp;Este asociat\u0103 cu Lo\u0161inj \u0219i cu 28 de insule mai mici.<\/p>\n\n\n\n<p>Portul&nbsp;<strong>Mali Lo\u0161inj<\/strong>&nbsp;este considerat a fi cel mai frumos din Marea Adriatic\u0103.&nbsp;<strong>Golful \u010cikat<\/strong>, bine cunoscut pentru plaj\u0103 \u0219i windsurfing , este o alt\u0103 destina\u021bie de c\u0103l\u0103torie preferat\u0103 de mul\u021bi turi\u0219ti.&nbsp;<strong>Ora\u0219ul Cres<\/strong>&nbsp;este, de asemenea, renumit \u0219i este similar cu satele italiene, deoarece a fost sub st\u0103p\u00e2nirea vene\u021bian\u0103 mai multe secole.&nbsp;Pentru cei care caut\u0103 locuri mai lini\u0219tite, recomand o vizit\u0103 \u00een ora\u0219ul&nbsp;<strong>Veli Lo\u0161inj<\/strong>.<\/p>\n\n\n\n<p>C\u00e2nd te afli aici \u00eentr-o vacan\u021b\u0103 pe yacht \u00een Croa\u021bia, opre\u0219te \u0219i pe Insula Susak.&nbsp;Localnicii s\u0103i au propriul dialect, care nu este u\u0219or de \u00een\u021beles de al\u021bi croa\u021bi.&nbsp;Iar femeile poart\u0103 fuste scurte multicolore, jambiere ro\u0219ii \u0219i bluze albe.<\/p>\n\n\n\n<hr class=\"wp-block-separator has-css-opacity is-style-wide\"\/>\n\n\n\n<figure class=\"wp-block-image size-large\"><img loading=\"lazy\" decoding=\"async\" width=\"792\" height=\"294\" src=\"https:\/\/www.the-travel-bunny.com\/ro\/wp-content\/uploads\/sites\/2\/2021\/05\/insula-krk-in-vacanta-pe-velier-in-croatia.jpg\" alt=\"insula krk in vacanta pe velier in croatia\" class=\"wp-image-2466\" title=\"Navigarea \u00een Croa\u021bia: peste 15 destina\u021bii de v\u0103zut cu barca 4\" srcset=\"https:\/\/www.the-travel-bunny.com\/ro\/wp-content\/uploads\/sites\/2\/2021\/05\/insula-krk-in-vacanta-pe-velier-in-croatia.jpg 792w, https:\/\/www.the-travel-bunny.com\/ro\/wp-content\/uploads\/sites\/2\/2021\/05\/insula-krk-in-vacanta-pe-velier-in-croatia-300x111.jpg 300w, https:\/\/www.the-travel-bunny.com\/ro\/wp-content\/uploads\/sites\/2\/2021\/05\/insula-krk-in-vacanta-pe-velier-in-croatia-768x285.jpg 768w\" sizes=\"auto, (max-width: 792px) 100vw, 792px\" \/><figcaption class=\"wp-element-caption\"><em>Vacan\u021b\u0103 pe yacht \u00een Croa\u021bia pe Insula Krk<\/em><\/figcaption><\/figure>\n\n\n\n<h3 class=\"wp-block-heading\" id=\"insula-krk\">Insula Krk<\/h3>\n\n\n\n<p>Krk este cea mai mare insul\u0103 din Marea Adriatic\u0103, ocup\u00e2nd 405,78 kilometri p\u0103tra\u021bi.&nbsp;Este, de asemenea, una dintre cele mai populate insule din lume.&nbsp;Conectat\u0103 la continent printr-un pod, este \u0219i plin\u0103 de turi\u0219ti.<\/p>\n\n\n\n<p>Nu este cea mai uimitoare sau cea mai verde insul\u0103 din lume, dar este totu\u0219i un loc interesant de <a href=\"https:\/\/www.the-travel-bunny.com\/ro\/100-de-motive-pentru-a-vizita-romania\/\">vizitat<\/a> atunci c\u00e2nd e\u0219ti \u00eentr-o vacan\u021b\u0103 pe yacht \u00een Croa\u021bia.&nbsp;Principalele ora\u0219e de explorat sunt&nbsp;<strong>Ba\u0161ka, Krk \u00een sine, Malinska, Omi\u0161alj, Punat \u0219i Vrbnik<\/strong>.<\/p>\n\n\n\n<hr class=\"wp-block-separator has-css-opacity is-style-wide\"\/>\n\n\n\n<figure class=\"wp-block-image size-large\"><img loading=\"lazy\" decoding=\"async\" width=\"792\" height=\"294\" src=\"https:\/\/www.the-travel-bunny.com\/ro\/wp-content\/uploads\/sites\/2\/2021\/05\/insula-rab-calatorie-pe-velier-in-croatia.jpg\" alt=\"insula rab calatorie pe velier in croatia\" class=\"wp-image-2467\" title=\"Navigarea \u00een Croa\u021bia: peste 15 destina\u021bii de v\u0103zut cu barca 5\" srcset=\"https:\/\/www.the-travel-bunny.com\/ro\/wp-content\/uploads\/sites\/2\/2021\/05\/insula-rab-calatorie-pe-velier-in-croatia.jpg 792w, https:\/\/www.the-travel-bunny.com\/ro\/wp-content\/uploads\/sites\/2\/2021\/05\/insula-rab-calatorie-pe-velier-in-croatia-300x111.jpg 300w, https:\/\/www.the-travel-bunny.com\/ro\/wp-content\/uploads\/sites\/2\/2021\/05\/insula-rab-calatorie-pe-velier-in-croatia-768x285.jpg 768w\" sizes=\"auto, (max-width: 792px) 100vw, 792px\" \/><figcaption class=\"wp-element-caption\"><em>Vacan\u021b\u0103 pe yacht \u00een Croa\u021bia pe Insula Rab<\/em><\/figcaption><\/figure>\n\n\n\n<h3 class=\"wp-block-heading\" id=\"insula-rab\">Insula Rab<\/h3>\n\n\n\n<p>O vacan\u021b\u0103 pe yacht \u00een Croa\u021bia la Rab te va duce la una dintre cele mai verzi insule din Marea Adriatic\u0103 \u0219i poate una dintre cele mai magice.&nbsp;Acoperit\u0103 cu p\u0103duri de pini, are \u0219i plaje frumoase cu nisip.<\/p>\n\n\n\n<p><strong>Ora\u0219ul Rab<\/strong>, sta\u021biunea principal\u0103, este plin\u0103 de case medievale, fiind fondat\u0103 \u00een secolul al XIII-lea de vene\u021bieni. Zidurile vechi ale ora\u0219ului sunt \u00eenc\u0103 vizibile \u00een unele locuri.<\/p>\n\n\n\n<hr class=\"wp-block-separator has-css-opacity is-style-wide\"\/>\n\n\n\n<figure class=\"wp-block-image size-large\"><img loading=\"lazy\" decoding=\"async\" width=\"792\" height=\"294\" src=\"https:\/\/www.the-travel-bunny.com\/ro\/wp-content\/uploads\/sites\/2\/2021\/05\/insula-pag-island-calatorie-pe-mare-in-croatia.jpg\" alt=\"insula pag island calatorie pe mare in croatia\" class=\"wp-image-2468\" title=\"Navigarea \u00een Croa\u021bia: peste 15 destina\u021bii de v\u0103zut cu barca 6\" srcset=\"https:\/\/www.the-travel-bunny.com\/ro\/wp-content\/uploads\/sites\/2\/2021\/05\/insula-pag-island-calatorie-pe-mare-in-croatia.jpg 792w, https:\/\/www.the-travel-bunny.com\/ro\/wp-content\/uploads\/sites\/2\/2021\/05\/insula-pag-island-calatorie-pe-mare-in-croatia-300x111.jpg 300w, https:\/\/www.the-travel-bunny.com\/ro\/wp-content\/uploads\/sites\/2\/2021\/05\/insula-pag-island-calatorie-pe-mare-in-croatia-768x285.jpg 768w\" sizes=\"auto, (max-width: 792px) 100vw, 792px\" \/><figcaption class=\"wp-element-caption\"><em>Vacan\u021b\u0103 pe yacht \u00een Croa\u021bia pe Insula Pag<\/em><\/figcaption><\/figure>\n\n\n\n<h3 class=\"wp-block-heading\" id=\"insula-pag\">Insula Pag<\/h3>\n\n\n\n<p>Pag este a doua cea mai mare insul\u0103 din Marea Adriatic\u0103.&nbsp;Nu are mult\u0103 vegeta\u021bie din cauza v\u00e2nturilor puternice Bora.&nbsp;Cu toate acestea, Pag are mult farmec.&nbsp;Ora\u0219ul Pag este frumos conservat, iar insula este bine cunoscut\u0103 pentru confec\u021bionarea dantelei.<\/p>\n\n\n\n<hr class=\"wp-block-separator has-css-opacity is-style-wide\"\/>\n\n\n\n<h3 class=\"wp-block-heading\" id=\"primosten\">Primosten<\/h3>\n\n\n\n<p>Primosten este una dintre cele mai populare sta\u021biuni de pe coasta Adriaticii.&nbsp;Se m\u00e2ndre\u0219te cu tot ce-i mai bun din vechea Croa\u021bie \u0219i cu str\u0103zile sale \u00eenguste din centrul vechi al ora\u0219ului, pe mica peninsul\u0103 deluroas\u0103.<\/p>\n\n\n\n<hr class=\"wp-block-separator has-css-opacity is-style-wide\"\/>\n\n\n\n<figure class=\"wp-block-image size-large\"><img loading=\"lazy\" decoding=\"async\" width=\"792\" height=\"294\" src=\"https:\/\/www.the-travel-bunny.com\/ro\/wp-content\/uploads\/sites\/2\/2021\/05\/insulele-kornati-concediu-pe-mare-in-croatia.jpg\" alt=\"insulele kornati concediu pe mare in croatia\" class=\"wp-image-2469\" title=\"Navigarea \u00een Croa\u021bia: peste 15 destina\u021bii de v\u0103zut cu barca 7\" srcset=\"https:\/\/www.the-travel-bunny.com\/ro\/wp-content\/uploads\/sites\/2\/2021\/05\/insulele-kornati-concediu-pe-mare-in-croatia.jpg 792w, https:\/\/www.the-travel-bunny.com\/ro\/wp-content\/uploads\/sites\/2\/2021\/05\/insulele-kornati-concediu-pe-mare-in-croatia-300x111.jpg 300w, https:\/\/www.the-travel-bunny.com\/ro\/wp-content\/uploads\/sites\/2\/2021\/05\/insulele-kornati-concediu-pe-mare-in-croatia-768x285.jpg 768w\" sizes=\"auto, (max-width: 792px) 100vw, 792px\" \/><figcaption class=\"wp-element-caption\"><em>Vacan\u021b\u0103 pe yacht \u00een Croa\u021bia pe Insulele Kornati<\/em><\/figcaption><\/figure>\n\n\n\n<h3 class=\"wp-block-heading\" id=\"insulele-kornati\">Insulele Kornati<\/h3>\n\n\n\n<p><strong>140 de insule \u00eentinse pe 300 de kilometri p\u0103tra\u021bi<\/strong>&nbsp;alc\u0103tuiesc arhipelagul Kornati.&nbsp;Cea mai mare parte a zonei este un parc na\u021bional, cu multe golfuri \u0219i ape albastre cristaline.<\/p>\n\n\n\n<p>Astronau\u021bii au identificat acest loc ca fiind locul cu <strong>cea&nbsp;mai albastr\u0103 ap\u0103 de pe P\u0103m\u00e2nt v\u0103zut\u0103 din spa\u021biu,<\/strong>&nbsp;astfel \u00eenc\u00e2t o vacan\u021b\u0103 pe yacht \u00een Croa\u021bia \u00een jurul insulelor Kornati este o experien\u021b\u0103 frumoas\u0103.&nbsp;\u00cen plus, George Bernard Shaw a spus c\u0103&nbsp;<em><strong>&#8222;\u00een ultima zi a Crea\u021biei, Dumnezeu a dorit s\u0103-\u0219i \u00eencununeze lucrarea \u0219i astfel a creat Insulele Kornati din lacrimi, stele \u0219i respira\u021bie\u201d.<\/strong><\/em><\/p>\n\n\n\n<p>Cea mai mare parte a regiunii apar\u021bine locuitorilor insulei Murter care vin s\u0103-\u0219i \u00eengrijeasc\u0103 aici planta\u021biile de m\u0103slini, podgoriile \u0219i livezile.&nbsp;Locuiesc \u00een cabane \u00een timpul sezonului agricol, dar nu exist\u0103 o popula\u021bie permanent\u0103.<\/p>\n\n\n\n<p><strong>Hramina&nbsp;este un port de agrement privat de pe insula Murter,<\/strong>&nbsp;cu facilit\u0103\u021bi decente, inclusiv c\u00e2teva restaurante.<\/p>\n\n\n\n<hr class=\"wp-block-separator has-css-opacity is-style-wide\"\/>\n\n\n\n<h3 class=\"wp-block-heading\" id=\"insula-dugi-otok\">Insula Dugi Otok<\/h3>\n\n\n\n<p>Dugi Otok g\u0103zduie\u0219te&nbsp;<strong>magnificul golf Tela\u0161\u0107ica<\/strong>.&nbsp;Micul&nbsp;<strong>sat pesc\u0103resc Sali<\/strong>&nbsp;este renumit pentru activit\u0103\u021bile sale de var\u0103, cu tradi\u021bii locale, cu o curs\u0103 de m\u0103gari distractiv\u0103 \u0219i o parad\u0103 de vase iluminate.&nbsp;\u0218i, \u00eenconjurat de pini \u0219i planta\u021bii de m\u0103slini, Brbinj este \u00eenc\u0103 o oprire lini\u0219tit\u0103, ad\u0103postit\u0103, atunci c\u00e2nd mergi \u00eentr-o vacan\u021b\u0103 pe yacht \u00een Croa\u021bia.<\/p>\n\n\n\n<hr class=\"wp-block-separator has-css-opacity is-style-wide\"\/>\n\n\n\n<figure class=\"wp-block-image size-large\"><img loading=\"lazy\" decoding=\"async\" width=\"792\" height=\"294\" src=\"https:\/\/www.the-travel-bunny.com\/ro\/wp-content\/uploads\/sites\/2\/2021\/05\/insula-brac-in-vacanta-pe-velier-in-croatia.jpg\" alt=\"insula brac in vacanta pe velier in croatia\" class=\"wp-image-2470\" title=\"Navigarea \u00een Croa\u021bia: peste 15 destina\u021bii de v\u0103zut cu barca 8\" srcset=\"https:\/\/www.the-travel-bunny.com\/ro\/wp-content\/uploads\/sites\/2\/2021\/05\/insula-brac-in-vacanta-pe-velier-in-croatia.jpg 792w, https:\/\/www.the-travel-bunny.com\/ro\/wp-content\/uploads\/sites\/2\/2021\/05\/insula-brac-in-vacanta-pe-velier-in-croatia-300x111.jpg 300w, https:\/\/www.the-travel-bunny.com\/ro\/wp-content\/uploads\/sites\/2\/2021\/05\/insula-brac-in-vacanta-pe-velier-in-croatia-768x285.jpg 768w\" sizes=\"auto, (max-width: 792px) 100vw, 792px\" \/><figcaption class=\"wp-element-caption\"><em>Zlatni Rat (Cornul de Aur sau Capul de Aur) de pe insula Bra\u010d<\/em><\/figcaption><\/figure>\n\n\n\n<h3 class=\"wp-block-heading\" id=\"insula-brac\">Insula Bra\u010d<\/h3>\n\n\n\n<p>Bra\u010d este cea mai mare insul\u0103 din Dalma\u021bia Central\u0103 \u0219i a treia cea mai mare insul\u0103 din Marea Adriatic\u0103.&nbsp;Este, de asemenea, una dintre cele mai \u00eensorite, cu 2.700 de ore de soare \u00een fiecare an.<\/p>\n\n\n\n<p>Insula Bra\u010d este renumit\u0103 pentru smochine, ulei de m\u0103sline, vin, nectarine \u0219i alte fructe.&nbsp;Cu toate acestea, produsul-cheie  car merge c\u0103tre export este faimoasa&nbsp;<a href=\"https:\/\/ro.wikipedia.org\/wiki\/Bra%C4%8D\" target=\"_blank\" aria-label=\" (opens in a new tab)\" rel=\"noreferrer noopener nofollow\" class=\"rank-math-link\">piatr\u0103 Bra\u010d<\/a>&nbsp;din care au fost f\u0103cute multe cl\u0103diri din lume, inclusiv Casa Alb\u0103 din Washington DC.<\/p>\n\n\n\n<p>Se spune c\u0103&nbsp;<strong>Bol<\/strong>&nbsp;are cea mai frumoas\u0103 plaj\u0103 din Marea Adriatic\u0103.&nbsp;Alte <a href=\"https:\/\/www.the-travel-bunny.com\/ro\/statiuni-de-schi-din-lake-tahoe\/\">sta\u021biuni<\/a> pe care ar trebui s\u0103 le descoperi \u00eentr-o vacan\u021b\u0103 pe yacht \u00een Croa\u021bia \u00een jurul acestei zone sunt Zlatni Rat (Cornul de Aur sau Capul de Aur), Milna, Sumartin, Supetar \u0219i Sutivan.<\/p>\n\n\n\n<p>\u0218i, deoarece ne afl\u0103m \u00een jude\u021bul Split-Dalma\u021bia,&nbsp;<strong>nu rata ora\u0219ul Split de pe continent<\/strong>.&nbsp;Este un sit al Patrimoniului Mondial UNESCO, renumit pentru Palatul \u00cemp\u0103ratului Diocle\u021bian.<\/p>\n\n\n\n<hr class=\"wp-block-separator has-css-opacity is-style-wide\"\/>\n\n\n\n<figure class=\"wp-block-image size-large\"><img loading=\"lazy\" decoding=\"async\" width=\"792\" height=\"294\" src=\"https:\/\/www.the-travel-bunny.com\/ro\/wp-content\/uploads\/sites\/2\/2021\/05\/insula-hvar-navigatie-in-croatia.jpg\" alt=\"insula hvar navigatie in croatia\" class=\"wp-image-2471\" title=\"Navigarea \u00een Croa\u021bia: peste 15 destina\u021bii de v\u0103zut cu barca 9\" srcset=\"https:\/\/www.the-travel-bunny.com\/ro\/wp-content\/uploads\/sites\/2\/2021\/05\/insula-hvar-navigatie-in-croatia.jpg 792w, https:\/\/www.the-travel-bunny.com\/ro\/wp-content\/uploads\/sites\/2\/2021\/05\/insula-hvar-navigatie-in-croatia-300x111.jpg 300w, https:\/\/www.the-travel-bunny.com\/ro\/wp-content\/uploads\/sites\/2\/2021\/05\/insula-hvar-navigatie-in-croatia-768x285.jpg 768w\" sizes=\"auto, (max-width: 792px) 100vw, 792px\" \/><figcaption class=\"wp-element-caption\"><em>Vacan\u021b\u0103 pe yacht \u00een Croa\u021bia pe <a href=\"https:\/\/www.the-travel-bunny.com\/ro\/eticheta\/insula-hvar\/\">Insula Hvar<\/a><\/em><\/figcaption><\/figure>\n\n\n\n<h3 class=\"wp-block-heading\" id=\"insula-hvar\">Insula Hvar<\/h3>\n\n\n\n<p>Hvar este a patra cea mai mare insul\u0103 din Marea Adriatic\u0103 \u0219i este chiar mai \u00eensorit\u0103 dec\u00e2t Bra\u010d.&nbsp;Cu toate acestea, are parte de suficient\u0103 ploaie pentru a-\u0219i men\u021bine vegeta\u021bia verde \u0219i pentru a-\u0219i dezvolta&nbsp;<strong>podgoriile minunate \u0219i c\u00e2mpurile frumoase de lavand\u0103, maghiran, rozmarin, salvie \u0219i cimbru<\/strong>.&nbsp;Nu este de mirare c\u0103&nbsp;<a href=\"https:\/\/www.the-travel-bunny.com\/ro\/insula-hvar-din-croatia\/\" class=\"rank-math-link\">insula Hvar din Croa\u021bia<\/a>&nbsp;miroase ca un magazin de plante medicinale diminea\u021ba!<\/p>\n\n\n\n<p>Principalele sta\u021biuni pe care \u021bi le recomand \u00een zon\u0103 c\u00e2nd e\u0219ti \u00eentr-o vacan\u021b\u0103 pe yacht \u00een Croa\u021bia sunt ora\u0219ul Hvar, Jelsa, Stari Grad, Su\u0107uraj \u0219i Vrboska.<\/p>\n\n\n\n<hr class=\"wp-block-separator has-css-opacity is-style-wide\"\/>\n\n\n\n<figure class=\"wp-block-image size-large\"><img loading=\"lazy\" decoding=\"async\" width=\"792\" height=\"294\" src=\"https:\/\/www.the-travel-bunny.com\/ro\/wp-content\/uploads\/sites\/2\/2021\/05\/insula-vis-calatorie-cu-barca-in-croatia.jpg\" alt=\"insula vis calatorie cu barca in croatia\" class=\"wp-image-2472\" title=\"Navigarea \u00een Croa\u021bia: peste 15 destina\u021bii de v\u0103zut cu barca 10\" srcset=\"https:\/\/www.the-travel-bunny.com\/ro\/wp-content\/uploads\/sites\/2\/2021\/05\/insula-vis-calatorie-cu-barca-in-croatia.jpg 792w, https:\/\/www.the-travel-bunny.com\/ro\/wp-content\/uploads\/sites\/2\/2021\/05\/insula-vis-calatorie-cu-barca-in-croatia-300x111.jpg 300w, https:\/\/www.the-travel-bunny.com\/ro\/wp-content\/uploads\/sites\/2\/2021\/05\/insula-vis-calatorie-cu-barca-in-croatia-768x285.jpg 768w\" sizes=\"auto, (max-width: 792px) 100vw, 792px\" \/><figcaption class=\"wp-element-caption\"><em>Vacan\u021b\u0103 pe yacht \u00een Croa\u021bia pe Insula Vis<\/em><\/figcaption><\/figure>\n\n\n\n<h3 class=\"wp-block-heading\" id=\"insula-vis\">Insula Vis<\/h3>\n\n\n\n<p>Aceasta este cea mai vestic\u0103 dintre marile insule croate \u0219i este situat\u0103 la doar 38 de kilometri de continent.&nbsp;\u00cen cel de-Al Doilea R\u0103zboi Mondial, Insula Vis g\u0103zduia o baz\u0103 britanic\u0103 important\u0103.&nbsp;Apoi,&nbsp;<strong>\u00eentre 1945 \u0219i 1990, Vis a fost \u00eenchis\u0103 publicului<\/strong>&nbsp;de armata iugoslav\u0103.<\/p>\n\n\n\n<p>\u00cenfiin\u021bat \u00een 397 \u00ee.Hr.,&nbsp;<strong>ora\u0219ul Vis<\/strong>&nbsp;este cea mai veche a\u0219ezare din Dalma\u021bia.&nbsp;\u00cempreun\u0103 cu&nbsp;<strong>Komi\u017ea<\/strong>, este unul dintre cele mai mari ora\u0219e de pe insul\u0103.<\/p>\n\n\n\n<p>Unele dintre cele&nbsp;<strong>mai bune vinuri croate<\/strong>&nbsp;sunt f\u0103cute pe insula Vis, precum&nbsp;<em>Plavac Mali<\/em>&nbsp;\u0219i&nbsp;<em>Vugava<\/em>.<\/p>\n\n\n\n<hr class=\"wp-block-separator has-css-opacity is-style-wide\"\/>\n\n\n\n<figure class=\"wp-block-image size-large\"><img loading=\"lazy\" decoding=\"async\" width=\"792\" height=\"294\" src=\"https:\/\/www.the-travel-bunny.com\/ro\/wp-content\/uploads\/sites\/2\/2021\/05\/korcula-vacanta-pe-barca-in-croatia.jpg\" alt=\"korcula vacanta pe barca in croatia\" class=\"wp-image-2473\" title=\"Navigarea \u00een Croa\u021bia: peste 15 destina\u021bii de v\u0103zut cu barca 11\" srcset=\"https:\/\/www.the-travel-bunny.com\/ro\/wp-content\/uploads\/sites\/2\/2021\/05\/korcula-vacanta-pe-barca-in-croatia.jpg 792w, https:\/\/www.the-travel-bunny.com\/ro\/wp-content\/uploads\/sites\/2\/2021\/05\/korcula-vacanta-pe-barca-in-croatia-300x111.jpg 300w, https:\/\/www.the-travel-bunny.com\/ro\/wp-content\/uploads\/sites\/2\/2021\/05\/korcula-vacanta-pe-barca-in-croatia-768x285.jpg 768w\" sizes=\"auto, (max-width: 792px) 100vw, 792px\" \/><figcaption class=\"wp-element-caption\"><em>Kor\u010dula sau Micul Dubrovnik<\/em><\/figcaption><\/figure>\n\n\n\n<h3 class=\"wp-block-heading\" id=\"insula-korcula\">Insula Kor\u010dula<\/h3>\n\n\n\n<p>Insula Kor\u010dula este renumit\u0103 pentru p\u0103durile sale dese.&nbsp;\u00cen plus, <strong>aici s-a n\u0103scut faimosul explorator&nbsp;Marco Polo<\/strong>, iar casa lui r\u0103m\u00e2ne \u00een picioare p\u00e2n\u0103 \u00een prezent.<\/p>\n\n\n\n<p>Sta\u021biunile-cheie <a href=\"https:\/\/www.the-travel-bunny.com\/ro\/locuri-de-vizitat-in-sicilia-italia\/\">de vizitat<\/a> atunci c\u00e2nd e\u0219ti \u00eentr-o vacan\u021b\u0103 pe yacht \u00een Croa\u021bia sunt&nbsp;<strong>Kor\u010dula sau&nbsp;<em>Micul Dubrovnik<\/em><\/strong>, Vela Luka \u0219i Lumbarda.<\/p>\n\n\n\n<hr class=\"wp-block-separator has-css-opacity is-style-wide\"\/>\n\n\n\n<h3 class=\"wp-block-heading\" id=\"ston\">Ston<\/h3>\n\n\n\n<p>Pe continent, Ston este&nbsp;<strong>unul dintre <a href=\"https:\/\/www.the-travel-bunny.com\/ro\/cele-mai-frumoase-orase-din-olanda\/\">cele mai frumoase<\/a> ora\u0219e fortificate pe care le vei vedea vreodat\u0103<\/strong>.&nbsp;Este renumit pentru monumentele sale culturale \u0219i zidurile defensive impresionante.<\/p>\n\n\n\n<p>Restaurantele locale servesc preparate delicioase din fructe de mare proaspete.&nbsp;Mergi \u00eentr-o vacan\u021b\u0103 pe yacht \u00een Croa\u021bia p\u00e2n\u0103 la Ston, savureaz\u0103 un pr\u00e2nz gustos, apoi petrece dup\u0103-amiaza pe plaja de nisip limitat\u0103 de m\u0103slini.<\/p>\n\n\n\n<hr class=\"wp-block-separator has-css-opacity is-style-wide\"\/>\n\n\n\n<figure class=\"wp-block-image size-large\"><img loading=\"lazy\" decoding=\"async\" width=\"792\" height=\"294\" src=\"https:\/\/www.the-travel-bunny.com\/ro\/wp-content\/uploads\/sites\/2\/2021\/05\/insula-mljet-in-concediu-pe-velier-in-croatia.jpg\" alt=\"insula mljet in concediu pe velier in croatia\" class=\"wp-image-2474\" title=\"Navigarea \u00een Croa\u021bia: peste 15 destina\u021bii de v\u0103zut cu barca 12\" srcset=\"https:\/\/www.the-travel-bunny.com\/ro\/wp-content\/uploads\/sites\/2\/2021\/05\/insula-mljet-in-concediu-pe-velier-in-croatia.jpg 792w, https:\/\/www.the-travel-bunny.com\/ro\/wp-content\/uploads\/sites\/2\/2021\/05\/insula-mljet-in-concediu-pe-velier-in-croatia-300x111.jpg 300w, https:\/\/www.the-travel-bunny.com\/ro\/wp-content\/uploads\/sites\/2\/2021\/05\/insula-mljet-in-concediu-pe-velier-in-croatia-768x285.jpg 768w\" sizes=\"auto, (max-width: 792px) 100vw, 792px\" \/><figcaption class=\"wp-element-caption\"><em>Vacan\u021b\u0103 pe yacht \u00een Croa\u021bia pe Insula <\/em>Mljet<\/figcaption><\/figure>\n\n\n\n<h3 class=\"wp-block-heading\" id=\"insula-mljet\">Insula Mljet<\/h3>\n\n\n\n<p>Situat\u0103 la 37 de kilometri vest de Dubrovnik, Insula Mljet este cea mai sudic\u0103 insul\u0103 mare din Croa\u021bia.&nbsp;<strong>Legenda spune c\u0103 Odiseu s-a \u00eendr\u0103gostit de Insula Mljet<\/strong>&nbsp;\u0219i a tr\u0103it aici timp de \u0219apte ani.<\/p>\n\n\n\n<p>Jum\u0103tatea de vest a insulei este un parc na\u021bional \u0219i peste dou\u0103 treimi din Mljet sunt acoperite de p\u0103duri.&nbsp;Pe coasta de sud, po\u021bi g\u0103si numeroase&nbsp;<strong>ancoraje bune \u0219i plaje cu nisip<\/strong>, dintre care cea mai bun\u0103 este Saplunara.<\/p>\n\n\n\n<hr class=\"wp-block-separator has-css-opacity is-style-wide\"\/>\n\n\n\n<h3 class=\"wp-block-heading\" id=\"insulele-elafit-kolocep-lopud-\u0219i-sipan\">Insulele Elafit: Kolocep, Lopud \u0219i Sipan<\/h3>\n\n\n\n<p>\u00cen vremurile str\u0103vechi, aceste insule&nbsp;g\u0103zduiau&nbsp;o popula\u021bie mare de c\u0103prioare, motiv pentru care \u0219i-au luat numele din termenul grecesc&nbsp;<em>elafos<\/em>, adic\u0103&nbsp;<em>c\u0103prioare<\/em>.<\/p>\n\n\n\n<p>De fapt, exist\u0103&nbsp;<strong>\u0219ase insule \u00een grup<\/strong>&nbsp;\u0219i se spune c\u0103 cei mai iscusi\u021bi marinari s-au n\u0103scut aici.&nbsp;Sunt <a href=\"https:\/\/www.the-travel-bunny.com\/ro\/cele-mai-frumoase-orase-din-olanda\/\">foarte frumoase<\/a> \u0219i trebuie s\u0103 le vizitezi c\u00e2t e\u0219ti \u00een vacan\u021b\u0103 pe yacht \u00een Croa\u021bia.&nbsp;Lopud este pu\u021bin mai mult de dou\u0103 dealuri legate de o vale frumoas\u0103.&nbsp;\u0218i nu rata Sunj Beach, o plaj\u0103 izolat\u0103 cu nisip alb, perfect\u0103 pentru o baie!<\/p>\n\n\n\n<hr class=\"wp-block-separator has-css-opacity is-style-wide\"\/>\n\n\n\n<figure class=\"wp-block-image size-large\"><img loading=\"lazy\" decoding=\"async\" width=\"792\" height=\"294\" src=\"https:\/\/www.the-travel-bunny.com\/ro\/wp-content\/uploads\/sites\/2\/2021\/05\/dubrovnik-in-vacanta-pe-mare-in-croatia.jpg\" alt=\"dubrovnik in vacanta pe mare in croatia\" class=\"wp-image-2475\" title=\"Navigarea \u00een Croa\u021bia: peste 15 destina\u021bii de v\u0103zut cu barca 13\" srcset=\"https:\/\/www.the-travel-bunny.com\/ro\/wp-content\/uploads\/sites\/2\/2021\/05\/dubrovnik-in-vacanta-pe-mare-in-croatia.jpg 792w, https:\/\/www.the-travel-bunny.com\/ro\/wp-content\/uploads\/sites\/2\/2021\/05\/dubrovnik-in-vacanta-pe-mare-in-croatia-300x111.jpg 300w, https:\/\/www.the-travel-bunny.com\/ro\/wp-content\/uploads\/sites\/2\/2021\/05\/dubrovnik-in-vacanta-pe-mare-in-croatia-768x285.jpg 768w\" sizes=\"auto, (max-width: 792px) 100vw, 792px\" \/><figcaption class=\"wp-element-caption\"><em>Vacan\u021b\u0103 pe yacht \u00een Croa\u021bia \u00een Dubrovnik<\/em><\/figcaption><\/figure>\n\n\n\n<h3 class=\"wp-block-heading\" id=\"dubrovnik\">Dubrovnik<\/h3>\n\n\n\n<p><a href=\"https:\/\/www.the-travel-bunny.com\/ro\/vizita-in-dubrovnik-croatia\/\" class=\"rank-math-link\">Dubrovnik<\/a> este un ora\u0219 fortificat din secolul al XIII-lea conservat perfect.&nbsp;Zidurile antice \u00eenconjoar\u0103 ora\u0219ul vechi, cuprinz\u00e2nd un&nbsp;<strong>amestec fascinant de arhitectur\u0103 renascentist\u0103, gotic\u0103 \u0219i baroc\u0103<\/strong>.&nbsp;Zidurile abrupte \u0219i turlele se ridic\u0103 dramatic din frumoasele pie\u021be pline de baruri, pie\u021be \u0219i restaurante.&nbsp;Nu este de mirare c\u0103 \u00eentregul ora\u0219 este un sit al Patrimoniului Mondial UNESCO!<\/p>\n\n\n\n<p>Dac\u0103 vrei o vacan\u021b\u0103 pe yacht \u00een Croa\u021bia c\u0103tre regiunile sudice, \u00eencepe-\u021bi c\u0103l\u0103toria din portul Dubrovnik.&nbsp;Este una dintre <a href=\"https:\/\/www.the-travel-bunny.com\/ro\/cele-mai-vizitate-atractii-turistice\/\">cele mai vizitate atrac\u021bii turistice<\/a> din Croa\u021bia, \u00een special pentru pasiona\u021bii de yachting, datorit\u0103 apropierii sale de Marea Adriatic\u0103.&nbsp;De regul\u0103, ar trebui s\u0103 aloci cel pu\u021bin o s\u0103pt\u0103m\u00e2n\u0103 pentru a merge de la Dubrovnik la Split \u0219i dou\u0103 s\u0103pt\u0103m\u00e2ni dac\u0103 trebuie s\u0103 \u00eencepi \u0219i s\u0103 termini \u00een acela\u0219i port de agrement.<\/p>\n\n\n\n<hr class=\"wp-block-separator has-css-opacity is-style-wide\"\/>\n\n\n\n<figure class=\"wp-block-image size-large\"><img loading=\"lazy\" decoding=\"async\" width=\"792\" height=\"294\" src=\"https:\/\/www.the-travel-bunny.com\/ro\/wp-content\/uploads\/sites\/2\/2021\/05\/mancare-croata-traditionala.jpg\" alt=\"mancare croata traditionala\" class=\"wp-image-2476\" title=\"Navigarea \u00een Croa\u021bia: peste 15 destina\u021bii de v\u0103zut cu barca 14\" srcset=\"https:\/\/www.the-travel-bunny.com\/ro\/wp-content\/uploads\/sites\/2\/2021\/05\/mancare-croata-traditionala.jpg 792w, https:\/\/www.the-travel-bunny.com\/ro\/wp-content\/uploads\/sites\/2\/2021\/05\/mancare-croata-traditionala-300x111.jpg 300w, https:\/\/www.the-travel-bunny.com\/ro\/wp-content\/uploads\/sites\/2\/2021\/05\/mancare-croata-traditionala-768x285.jpg 768w\" sizes=\"auto, (max-width: 792px) 100vw, 792px\" \/><\/figure>\n\n\n\n<h2 class=\"wp-block-heading\" id=\"mancare-\u0219i-vinuri-de-gustat-in-vacan\u021ba-pe-yacht-in-croa\u021bia\">M\u00e2ncare \u0219i vinuri de gustat \u00een vacan\u021ba pe yacht \u00een Croa\u021bia<\/h2>\n\n\n\n<p>Buc\u0103t\u0103ria croat\u0103 este \u00een mod tradi\u021bional mediteranean\u0103, cu pe\u0219tele proasp\u0103t, fructele de mare, legumele \u0219i uleiul de m\u0103sline ocup\u00e2nd locul central.<\/p>\n\n\n\n<p>Speciile de pe\u0219ti includ&nbsp;<em><strong>Zubatac<\/strong><\/em>,&nbsp;<strong><em>\u0160par<\/em><\/strong>,&nbsp;<strong><em>Sku\u0161a<\/em><\/strong>&nbsp;(stavrid),&nbsp;<strong><em>Srdela<\/em><\/strong>&nbsp;(sardine) \u0219i&nbsp;<strong><em>Brancin<\/em><\/strong>.&nbsp;Vei g\u0103si, de asemenea, <strong><em>Sipa<\/em><\/strong>&nbsp;(sepie), caracati\u021b\u0103 \u0219i calmar, homari, midii, stridii \u0219i creve\u021bi.&nbsp;Se servesc la gr\u0103tar sau \u00een tocan\u0103 \u0219i risotto.<\/p>\n\n\n\n<p>Mielul este, de asemenea, foarte apreciat, \u00een special atunci c\u00e2nd este copt la jar.&nbsp;Exist\u0103, de asemenea, c\u00e2teva feluri de m\u00e2ncare croate fascinante, iar c\u00e2teva pot fi g\u0103site doar pe unele insule.&nbsp;Ele trebuie fie c\u0103utate, fie evitate.&nbsp;Un astfel de exemplu este&nbsp;<strong><em>Vitalac<\/em>&nbsp;din insula Bra\u010d<\/strong>.&nbsp;Se prepar\u0103 din organele s\u0103rate ale mielului, a\u0219ezate pe o frig\u0103ruie, apoi \u00eenf\u0103\u0219urate \u00een prapurul animalului \u00eenainte de a fi pr\u0103jite.&nbsp;Evident, aceasta nu este ideea tuturor de desf\u0103tare culinar\u0103!<\/p>\n\n\n\n<p>Regiunile cu o cantitate abundent\u0103 de ap\u0103 dulce, cum ar fi Trillj \u0219i bazinele r\u00e2urilor Neretva \u0219i Cetina, sunt bine cunoscute pentru preparatele <a href=\"https:\/\/www.the-travel-bunny.com\/ro\/experiente-culinare-in-europa\/\">culinare<\/a> cu broa\u0219te, anghil\u0103 \u0219i crab.<\/p>\n\n\n\n<p>Pag \u0219i Dubrovnik produc br\u00e2nz\u0103 de oaie excelent\u0103.&nbsp;Cea de pe insula Pag este cunoscut\u0103 sub numele de&nbsp;<strong><em>Pa\u0161ki sir<\/em><\/strong>&nbsp; \u0219i este o br\u00e2nz\u0103 tare, cu o arom\u0103 distinct\u0103.&nbsp;Gustul s\u0103u special provine din practica frec\u0103rii br\u00e2nzei cu ulei de m\u0103sline \u0219i cenu\u0219\u0103 \u00eenainte de a o l\u0103sa la maturat.&nbsp;\u00cen plus, oile de pe Pag au o alimenta\u021bie care con\u021bine multe ierburi s\u0103lbatice, cum ar fi salvia.<\/p>\n\n\n\n<p>Deserturile dalmate sunt, de asemenea, ceva ce trebuie s\u0103 \u00eencerci \u00een timp ce e\u0219ti \u00een vacan\u021b\u0103 pe yacht \u00een Croa\u021bia. Cele mai frecvent utilizate ingrediente sunt migdalele, ou\u0103le, mierea, fructele locale, smochinele uscate \u0219i stafidele. Caut\u0103&nbsp;<em><strong>Orehnja\u010da<\/strong><\/em>&nbsp;(p\u00e2ine dulce cu nuci sau mac) \u0219i&nbsp;<em><strong>Pala\u010dinke<\/strong><\/em>&nbsp;(cl\u0103tite cu gem sau ciocolat\u0103).<\/p>\n\n\n\n<p>Nu \u00een ultimul r\u00e2nd, vinurile dalmate au fost foarte apreciate din cele mai vechi timpuri.&nbsp;Vinurile faimoase includ&nbsp;<em><strong>Babi\u0107<\/strong><\/em>&nbsp;din Primo\u0161ten,&nbsp;<strong><em>Dinga\u010d<\/em>&nbsp;\u0219i&nbsp;<em>Postup<\/em><\/strong>&nbsp;din Peninsula Pelje\u0161ac \u0219i&nbsp;<em><strong>Plan\u010di\u0107<\/strong><\/em>&nbsp;din Insula Hvar.&nbsp;Exist\u0103, de asemenea, c\u00e2teva coniacuri \u0219i lichioruri locale bune de c\u0103utat c\u00e2t e\u0219ti \u00een vacan\u021b\u0103 pe yacht \u00een Croa\u021bia!<\/p>\n\n\n\n<br>\n\n\n\n<p>Dup\u0103 cum po\u021bi vedea, ai o mul\u021bime de locuri de descoperit \u00eentr-o vacan\u021b\u0103 pe yacht \u00een Croa\u021bia.&nbsp;Indiferent unde alegi s\u0103 merge\u021bi, asigur\u0103-te c\u0103 acorzi suficient timp pentru a explora locurile.&nbsp;Ah, \u0219i nu uita s\u0103 \u00eencerci <a href=\"https:\/\/www.the-travel-bunny.com\/ro\/mancarea-din-chiang-mai-thailanda\/\">m\u00e2ncarea<\/a> \u0219i b\u0103uturile locale c\u00e2t e\u0219ti \u00een vacan\u021b\u0103 pe yacht \u00een Croa\u021bia!<\/p>\n\n\n\n<hr class=\"wp-block-separator has-css-opacity is-style-wide\"\/>\n\n\n\n<h2 class=\"wp-block-heading\" id=\"despre-autoare\">Despre autoare<\/h2>\n\n\n\n<div class=\"wp-block-media-text alignwide is-stacked-on-mobile is-vertically-aligned-top\" style=\"grid-template-columns:15% auto\"><figure class=\"wp-block-media-text__media\"><img loading=\"lazy\" decoding=\"async\" width=\"138\" height=\"140\" src=\"https:\/\/www.the-travel-bunny.com\/ro\/wp-content\/uploads\/sites\/2\/2021\/05\/Mirela-Letailleur-or-The-Travel-Bunny.jpg\" alt=\"Mirela Letailleur sau The Travel Bunny\" class=\"wp-image-481 size-full\" title=\"\"><\/figure><div class=\"wp-block-media-text__content\">\n<p><strong><strong><strong>Mirela Letailleur<\/strong><\/strong><\/strong>&nbsp;este un blogger de c\u0103l\u0103torii din Rom\u00e2nia care locuie\u0219te \u00een Sudul Fran\u021bei. Ea scrie pe blogul de c\u0103l\u0103torii The Travel Bunny despre vacan\u021be la pre\u021buri accesibile \u00een Europa. A creat \u0219i c\u00e2teva&nbsp;<a href=\"https:\/\/www.the-travel-bunny.com\/ro\/ghiduri-de-calatorie\/roma-ghid-turistic\/\">ghiduri turistice<\/a>&nbsp;gratuite \u0219i ador\u0103 s\u0103 ia rolul de ghid local c\u00e2nd viziteaz\u0103 ora\u0219e din Rom\u00e2nia cu prieteni str\u0103ini. Iubitoare de cafea.<\/p>\n\n\n\n<p class=\"has-text-align-right has-small-font-size\"><a href=\"https:\/\/www.the-travel-bunny.com\/ro\/despre-travel-bunny\/mirela-letailleur\/\" class=\"rank-math-link\">Mai multe despre Mirela Letailleur<\/a><\/p>\n<\/div><\/div>\n\n\n<div class=\"wp-block-scriptless-social-sharing-buttons\"><div class=\"scriptlesssocialsharing\"><div class=\"scriptlesssocialsharing__buttons no-icons\"><a class=\"button facebook\" target=\"_blank\" href=\"https:\/\/www.facebook.com\/sharer\/sharer.php?u=https%3A%2F%2Fwww.the-travel-bunny.com%2Fro%2Fdestinatii-vacanta-pe-yacht-in-croatia%2F\" rel=\"noopener noreferrer nofollow\"><span class=\"sss-name\"><span class=\"screen-reader-text\">Share on <\/span>Facebook<\/span><\/a><a class=\"button twitter\" target=\"_blank\" href=\"https:\/\/twitter.com\/intent\/tweet?text=15%20destina%C8%9Bii%20pentru%20o%20vacan%C8%9B%C4%83%20pe%20yacht%20%C3%AEn%20Croa%C8%9Bia&#038;url=https%3A%2F%2Fwww.the-travel-bunny.com%2Fro%2Fdestinatii-vacanta-pe-yacht-in-croatia%2F&#038;via=mirela_iepurela&#038;related=mirela_iepurela\" rel=\"noopener noreferrer nofollow\"><span class=\"sss-name\"><span class=\"screen-reader-text\">Share on <\/span>X (Twitter)<\/span><\/a><a class=\"button pinterest\" target=\"_blank\" href=\"https:\/\/pinterest.com\/pin\/create\/button\/?url=https%3A%2F%2Fwww.the-travel-bunny.com%2Fro%2Fdestinatii-vacanta-pe-yacht-in-croatia%2F&#038;media=https%3A%2F%2Fwww.the-travel-bunny.com%2Fro%2Fwp-content%2Fuploads%2Fsites%2F2%2F2021%2F05%2Fvacanta-pe-yacht-in-croatia.jpg&#038;description=15%20destina%C8%9Bii%20pentru%20o%20vacan%C8%9B%C4%83%20pe%20yacht%20%C3%AEn%20Croa%C8%9Bia\" rel=\"noopener noreferrer nofollow\" data-pin-no-hover=\"true\" data-pin-custom=\"true\" data-pin-do=\"skip\" data-pin-description=\"15 destina\u021bii pentru o vacan\u021b\u0103 pe yacht \u00een Croa\u021bia\"><span class=\"sss-name\"><span class=\"screen-reader-text\">Share on <\/span>Pinterest<\/span><\/a><a class=\"button whatsapp\" target=\"_blank\" href=\"https:\/\/api.whatsapp.com\/send?text=15%20destina%C8%9Bii%20pentru%20o%20vacan%C8%9B%C4%83%20pe%20yacht%20%C3%AEn%20Croa%C8%9Bia%20%E2%80%94%20https%3A%2F%2Fwww.the-travel-bunny.com%2Fro%2Fdestinatii-vacanta-pe-yacht-in-croatia%2F\" rel=\"noopener noreferrer nofollow\"><span class=\"sss-name\"><span class=\"screen-reader-text\">Share on <\/span>WhatsApp<\/span><\/a><a class=\"button email\" href=\"mailto:?body=Am%20citit%20acest%20articol%20de%20vacan%C8%9B%C4%83%20%C8%99i%20m-am%20g%C3%A2ndit%20la%20tine.%20Iat%C4%83%20%C8%99i%20link-ul%3A%20https%3A%2F%2Fwww.the-travel-bunny.com%2Fro%2Fdestinatii-vacanta-pe-yacht-in-croatia%2F&#038;subject=Promit%20c%C4%83%20o%20s%C4%83%20%C3%AE%C8%9Bi%20plac%C4%83%3A%2015%20destina%C8%9Bii%20pentru%20o%20vacan%C8%9B%C4%83%20pe%20yacht%20%C3%AEn%20Croa%C8%9Bia\" rel=\"noopener noreferrer nofollow\" ><span class=\"sss-name\"><span class=\"screen-reader-text\">Share on <\/span>Email<\/span><\/a><\/div><\/div><\/div>\n\n\n<p class=\"has-small-font-size\"><strong>Alte articole pe care \u021bi le recomand de pe blogul The Travel Bunny<\/strong><br><a href=\"https:\/\/www.the-travel-bunny.com\/ro\/vacanta-in-croatia-alpi-adriatica\/\" class=\"rank-math-link\">Vacan\u021b\u0103 \u00een Croa\u021bia \u00eentre Alpi \u0219i Marea Adriatic\u0103<\/a><\/p>\n","protected":false},"excerpt":{"rendered":"<p>O vacan\u021b\u0103 pe yacht \u00een Croa\u021bia de-a lungul coastei sale atr\u0103g\u0103toare este o experien\u021b\u0103 uimitoare!&nbsp;Industria turistic\u0103 a \u021b\u0103rii a crescut datorit\u0103 industriilor croate de naviga\u021bie \u0219i iahting.&nbsp;Cu peste 1.000 de insule \u0219i o coast\u0103 lung\u0103 de 5.000 de kilometri, \u00ee\u021bi po\u021bi face o prim\u0103 idee despre ce po\u021bi g\u0103si \u00een aceast\u0103 destina\u021bie de sailing.&nbsp;A\u0219adar, nu este de mirare c\u0103 majoritatea c\u0103l\u0103torilor vor s\u0103 experimenteze o vacan\u021b\u0103 pe yacht \u00een Croa\u021bia! Loca\u021bia \u0219i condi\u021biile meteorologice Croa\u021bia este situat\u0103 la Marea Adriatic\u0103, vizavi de Italia, \u00een regiunea nordic\u0103 a Mediteranei.&nbsp;A ap\u0103rut pentru prima dat\u0103 pe harta interna\u021bional\u0103 a Europei \u00een 1992, dup\u0103 &#8230; <\/p>\n<p class=\"read-more-container\"><a title=\"15 destina\u021bii pentru o vacan\u021b\u0103 pe yacht \u00een Croa\u021bia\" class=\"read-more button\" href=\"https:\/\/www.the-travel-bunny.com\/ro\/destinatii-vacanta-pe-yacht-in-croatia\/#more-1285\" aria-label=\"Cite\u0219te mai multe despre 15 destina\u021bii pentru o vacan\u021b\u0103 pe yacht \u00een Croa\u021bia\">Read more<\/a><\/p>\n","protected":false},"author":190,"featured_media":2462,"comment_status":"closed","ping_status":"closed","sticky":false,"template":"","format":"standard","meta":{"footnotes":""},"categories":[28],"tags":[87,77],"class_list":["post-1285","post","type-post","status-publish","format-standard","has-post-thumbnail","hentry","category-croatia","tag-insula-hvar","tag-navigatie","resize-featured-image"],"_links":{"self":[{"href":"https:\/\/www.the-travel-bunny.com\/ro\/wp-json\/wp\/v2\/posts\/1285","targetHints":{"allow":["GET"]}}],"collection":[{"href":"https:\/\/www.the-travel-bunny.com\/ro\/wp-json\/wp\/v2\/posts"}],"about":[{"href":"https:\/\/www.the-travel-bunny.com\/ro\/wp-json\/wp\/v2\/types\/post"}],"author":[{"embeddable":true,"href":"https:\/\/www.the-travel-bunny.com\/ro\/wp-json\/wp\/v2\/users\/190"}],"replies":[{"embeddable":true,"href":"https:\/\/www.the-travel-bunny.com\/ro\/wp-json\/wp\/v2\/comments?post=1285"}],"version-history":[{"count":2,"href":"https:\/\/www.the-travel-bunny.com\/ro\/wp-json\/wp\/v2\/posts\/1285\/revisions"}],"predecessor-version":[{"id":10989,"href":"https:\/\/www.the-travel-bunny.com\/ro\/wp-json\/wp\/v2\/posts\/1285\/revisions\/10989"}],"wp:featuredmedia":[{"embeddable":true,"href":"https:\/\/www.the-travel-bunny.com\/ro\/wp-json\/wp\/v2\/media\/2462"}],"wp:attachment":[{"href":"https:\/\/www.the-travel-bunny.com\/ro\/wp-json\/wp\/v2\/media?parent=1285"}],"wp:term":[{"taxonomy":"category","embeddable":true,"href":"https:\/\/www.the-travel-bunny.com\/ro\/wp-json\/wp\/v2\/categories?post=1285"},{"taxonomy":"post_tag","embeddable":true,"href":"https:\/\/www.the-travel-bunny.com\/ro\/wp-json\/wp\/v2\/tags?post=1285"}],"curies":[{"name":"wp","href":"https:\/\/api.w.org\/{rel}","templated":true}]}}