{"id":1287,"date":"2020-05-01T08:00:17","date_gmt":"2020-05-01T08:00:17","guid":{"rendered":"https:\/\/the-travel-bunny-com.lyricalstaging.com\/ro\/?p=1287"},"modified":"2022-11-14T16:35:52","modified_gmt":"2022-11-14T16:35:52","slug":"cravata-istoric","status":"publish","type":"post","link":"https:\/\/www.the-travel-bunny.com\/ro\/cravata-istoric\/","title":{"rendered":"Cravata: Scurt istoric &#038; 10 detalii interesante"},"content":{"rendered":"\n<p>Croa\u021bia este \u021bara \u00een care s-a n\u0103scut cravata, care este, de asemenea, simbolul s\u0103u cultural na\u021bional.&nbsp;Chiar \u0219i cuv\u00e2ntul provine din cuv\u00e2ntul<em>&nbsp;<\/em>lor pentru&nbsp;<em>Croat&nbsp;(hrvat)<\/em>.&nbsp;A\u0219adar, nu este de mirare c\u0103 Croa\u021bia ia \u00een serios aceast\u0103 tradi\u021bie!<\/p>\n\n\n\n<p>\u021aara se m\u00e2ndre\u0219te, de asemenea, cu o institu\u021bie academic\u0103 care cerceteaz\u0103 trecutul acestui articol de \u00eembr\u0103c\u0103minte. Cravata a ap\u0103rut pe vremea R\u0103zboiului de 30 de ani, c\u00e2nd fetele croate au \u00eennodat e\u0219arfe \u00een jurul g\u00e2tului iubi\u021bilor \u00eenainte ca ace\u0219tia s\u0103 plece la lupt\u0103. Erau dovezi ale devo\u021biunii \u0219i dragostei pe care le-o purtau&nbsp;Cravata a atras \u0219i aten\u021bia cavaleriei franceze, iar moda a prins \u0219i la Paris. Acolo, cravata a devenit un accesoriu interna\u021bional.<\/p>\n\n\n\n<p>Timpul a trecut \u0219i acest stil a traversat canalul c\u0103tre Anglia, unde domnii au g\u0103sit hainele mai la mod\u0103 c\u00e2nd purtaau ceva la g\u00e2t.&nbsp;Aceste e\u0219arfe sau&nbsp;<em>cravate<\/em>&nbsp;erau purtate \u00een a\u0219a fel \u00eenc\u00e2t b\u0103rbatul s\u0103-\u0219i poat\u0103 mi\u0219ca capul f\u0103r\u0103 a-\u0219i \u00eentoarce \u00eentregul corp.<\/p>\n\n\n\n<p>Cravatele au devenit o parte important\u0103 a garderobelor b\u0103rb\u0103te\u0219ti \u00een toat\u0103 Europa \u0219i, \u00eenainte de R\u0103zboiul Civil, au ajuns peste Atlantic.&nbsp;La \u00eenceputul secolului XX, cravatele americane erau \u00een competi\u021bie cu cele din Europa.&nbsp;Din p\u0103cate, \u00een anii 1960 a existat o sc\u0103dere a purt\u0103rii cravatei, deoarece \u00eembr\u0103c\u0103mintea formal\u0103 s-a desprins de tradi\u021bie.&nbsp;Cu toate acestea, \u00een anii 1970, purtarea cravatelor a devenit din nou la mod\u0103.<\/p>\n\n\n\n<p>Niciun alt articol din garderoba unui b\u0103rbat nu s-a \u00eembun\u0103t\u0103\u021bit la fel de mult precum cravata.&nbsp;Din anii 1960 p\u00e2n\u0103 la \u00eenceputul anilor 1970, cravatele au crescut cu o l\u0103\u021bime de 5 inci, iar apoi cravatele late au devenit la mod\u0103. Ast\u0103zi, l\u0103\u021bimea corect\u0103 a unei cravate, care nu va demoda niciodat\u0103, este de 3 inci. De fapt, at\u00e2ta timp c\u00e2t propor\u021biile hainelor pentru b\u0103rba\u021bi r\u0103m\u00e2ne fidel\u0103 formei lor corporale, l\u0103\u021bimea cravatei va fi, de asemenea, echilibrat\u0103 corespunz\u0103tor.<\/p>\n\n\n\n<p class=\"has-background\" style=\"background-color:#fffaec\"><strong>Pentru cele mai bune cravate din Croa\u021bia, mergi la Croata!<\/strong><br><a aria-label=\" (opens in a new tab)\" class=\"rank-math-link\" href=\"https:\/\/www.croata.com\/\" target=\"_blank\" rel=\"noreferrer noopener nofollow\">Croata<\/a>&nbsp;este o cas\u0103 de mod\u0103 renumit\u0103 care vinde haine purtate de demnitari \u0219i vedete, dar \u0219i de oameni obi\u0219nui\u021bi.&nbsp;Mergi la unul dintre magazinele lor pentru cravate, e\u0219arfe \u0219i \u0219aluri din cea mai bun\u0103 m\u0103tase, cu modele frumoase inspirate din arta local\u0103 veche.&nbsp;(M-am dus la magazinul lor din Dubrovnik \u0219i am cump\u0103rat o cravat\u0103 frumoas\u0103 pentru ziua de na\u0219tere a tat\u0103lui meu. Din p\u0103cate, mi-a fost furat\u0103 din <a href=\"https:\/\/www.the-travel-bunny.com\/ro\/bagajul-dat-la-cala\/\">bagajele<\/a> \u00eenregistrate c\u00e2nd am zburat cu Air Serbia.)<\/p>\n\n\n\n<hr class=\"wp-block-separator has-css-opacity is-style-wide\"\/>\n\n\n\n<figure class=\"wp-block-image size-large\"><img loading=\"lazy\" decoding=\"async\" width=\"792\" height=\"294\" src=\"https:\/\/www.the-travel-bunny.com\/ro\/wp-content\/uploads\/sites\/2\/2021\/05\/cravata-in-istorie.jpg\" alt=\"cravata in istorie\" class=\"wp-image-2479\" title=\"Cravate history \u0219i 10 fapte interesante despre cravat\u0103 2\" srcset=\"https:\/\/www.the-travel-bunny.com\/ro\/wp-content\/uploads\/sites\/2\/2021\/05\/cravata-in-istorie.jpg 792w, https:\/\/www.the-travel-bunny.com\/ro\/wp-content\/uploads\/sites\/2\/2021\/05\/cravata-in-istorie-300x111.jpg 300w, https:\/\/www.the-travel-bunny.com\/ro\/wp-content\/uploads\/sites\/2\/2021\/05\/cravata-in-istorie-768x285.jpg 768w\" sizes=\"auto, (max-width: 792px) 100vw, 792px\" \/><\/figure>\n\n\n\n<h2 class=\"wp-block-heading\">Detalii interesante despre cravat\u0103<\/h2>\n\n\n\n<ul class=\"wp-block-list\">\n<li>\u00cen 1993, Mary Beloff a inventat o fund\u0103 din lemn \u0219i a sus\u021binut c\u0103 termitele \u0219i focul sunt singurele lucruri de care trebuie s\u0103 te temi \u00een timp ce o por\u021bi.<\/li>\n\n\n\n<li>Cravatele britanice aveau, \u00een general, dungi care se \u00eentindeau din st\u00e2nga sus la dreapta jos, \u00een timp ce dungile de pe cravatele americane erau invers, de la dreapta sus la st\u00e2nga jos.<\/li>\n\n\n\n<li>La un moment dat \u00een istorie, simpla atingere a cravatei unui b\u0103rbat a fost cauz\u0103 pentru un duel.<\/li>\n\n\n\n<li>Englezii au creat articole de purtat la g\u00e2t at\u00e2t de groase \u00eenc\u00e2t puteau chiar s\u0103-i apere de t\u0103i\u0219ul unei s\u0103bii.<\/li>\n\n\n\n<li>Ast\u0103zi, po\u021bi achizi\u021biona o cravat\u0103 antiglon\u021b care poate opri un glon\u021b de 9 mm.<\/li>\n\n\n\n<li>Americanii cheltuiesc mai mult de 1 miliard de dolari pe an cump\u0103r\u00e2nd 100 de milioane de cravate uimitoare.<\/li>\n\n\n\n<li>Cravata Bolo este cravata oficial\u0103 din Arizona, SUA.<\/li>\n\n\n\n<li>Pentru o cravat\u0103 de m\u0103tase de bun\u0103 calitate sunt necesari aproximativ 110 coconi de viermi de m\u0103tase.<\/li>\n\n\n\n<li>\u00cen \u00eentreaga lume, cravata este considerat\u0103 a fi cel mai popular cadou pentru ta\u021bi.<\/li>\n\n\n\n<li>O persoan\u0103 care colec\u021bioneaz\u0103 cravate se nume\u0219te&nbsp;<em><a aria-label=\" (opens in a new tab)\" rel=\"noreferrer noopener\" href=\"http:\/\/grabatologistshandbook.blogspot.com\/2010\/12\/what-is-grabatology.html\" target=\"_blank\" class=\"rank-math-link\">Grabatologist<\/a><\/em>.<\/li>\n<\/ul>\n\n\n\n<hr class=\"wp-block-separator has-css-opacity is-style-wide\"\/>\n\n\n\n<h2 class=\"wp-block-heading\">Despre autoare<\/h2>\n\n\n\n<div class=\"wp-block-media-text alignwide is-stacked-on-mobile is-vertically-aligned-top\" style=\"grid-template-columns:15% auto\"><figure class=\"wp-block-media-text__media\"><img loading=\"lazy\" decoding=\"async\" width=\"138\" height=\"140\" src=\"https:\/\/www.the-travel-bunny.com\/ro\/wp-content\/uploads\/sites\/2\/2021\/05\/Mirela-Letailleur-or-The-Travel-Bunny.jpg\" alt=\"Mirela Letailleur sau The Travel Bunny\" class=\"wp-image-481 size-full\" title=\"\"><\/figure><div class=\"wp-block-media-text__content\">\n<p><strong><strong><strong>Mirela Letailleur<\/strong><\/strong><\/strong>&nbsp;este un blogger de c\u0103l\u0103torii din Rom\u00e2nia care locuie\u0219te \u00een Sudul Fran\u021bei. Ea scrie pe blogul de c\u0103l\u0103torii The Travel Bunny despre vacan\u021be la pre\u021buri accesibile \u00een Europa. A creat \u0219i c\u00e2teva&nbsp;<a href=\"https:\/\/www.the-travel-bunny.com\/ro\/ghiduri-de-calatorie\/roma-ghid-turistic\/\">ghiduri turistice<\/a>&nbsp;gratuite \u0219i ador\u0103 s\u0103 ia rolul de ghid local c\u00e2nd viziteaz\u0103 ora\u0219e din Rom\u00e2nia cu prieteni str\u0103ini. Iubitoare de cafea.<\/p>\n\n\n\n<p class=\"has-text-align-right has-small-font-size\"><a href=\"https:\/\/www.the-travel-bunny.com\/ro\/despre-travel-bunny\/mirela-letailleur\/\" class=\"rank-math-link\">Mai multe despre Mirela Letailleur<\/a><\/p>\n<\/div><\/div>\n\n\n<div class=\"wp-block-scriptless-social-sharing-buttons\"><div class=\"scriptlesssocialsharing\"><div class=\"scriptlesssocialsharing__buttons no-icons\"><a class=\"button facebook\" target=\"_blank\" href=\"https:\/\/www.facebook.com\/sharer\/sharer.php?u=https%3A%2F%2Fwww.the-travel-bunny.com%2Fro%2Fcravata-istoric%2F\" rel=\"noopener noreferrer nofollow\"><span class=\"sss-name\"><span class=\"screen-reader-text\">Share on <\/span>Facebook<\/span><\/a><a class=\"button twitter\" target=\"_blank\" href=\"https:\/\/twitter.com\/intent\/tweet?text=Cravata%3A%20Scurt%20istoric%20%26%2010%20detalii%20interesante&#038;url=https%3A%2F%2Fwww.the-travel-bunny.com%2Fro%2Fcravata-istoric%2F&#038;via=mirela_iepurela&#038;related=mirela_iepurela\" rel=\"noopener noreferrer nofollow\"><span class=\"sss-name\"><span class=\"screen-reader-text\">Share on <\/span>X (Twitter)<\/span><\/a><a class=\"button pinterest\" target=\"_blank\" href=\"https:\/\/pinterest.com\/pin\/create\/button\/?url=https%3A%2F%2Fwww.the-travel-bunny.com%2Fro%2Fcravata-istoric%2F&#038;media=https%3A%2F%2Fwww.the-travel-bunny.com%2Fro%2Fwp-content%2Fuploads%2Fsites%2F2%2F2021%2F05%2Fcravata-istorie.jpg&#038;description=Cravata%3A%20Scurt%20istoric%20%26%2010%20detalii%20interesante\" rel=\"noopener noreferrer nofollow\" data-pin-no-hover=\"true\" data-pin-custom=\"true\" data-pin-do=\"skip\" data-pin-description=\"Cravata: Scurt istoric &#038; 10 detalii interesante\"><span class=\"sss-name\"><span class=\"screen-reader-text\">Share on <\/span>Pinterest<\/span><\/a><a class=\"button whatsapp\" target=\"_blank\" href=\"https:\/\/api.whatsapp.com\/send?text=Cravata%3A%20Scurt%20istoric%20%26%2010%20detalii%20interesante%20%E2%80%94%20https%3A%2F%2Fwww.the-travel-bunny.com%2Fro%2Fcravata-istoric%2F\" rel=\"noopener noreferrer nofollow\"><span class=\"sss-name\"><span class=\"screen-reader-text\">Share on <\/span>WhatsApp<\/span><\/a><a class=\"button email\" href=\"mailto:?body=Am%20citit%20acest%20articol%20de%20vacan%C8%9B%C4%83%20%C8%99i%20m-am%20g%C3%A2ndit%20la%20tine.%20Iat%C4%83%20%C8%99i%20link-ul%3A%20https%3A%2F%2Fwww.the-travel-bunny.com%2Fro%2Fcravata-istoric%2F&#038;subject=Promit%20c%C4%83%20o%20s%C4%83%20%C3%AE%C8%9Bi%20plac%C4%83%3A%20Cravata%3A%20Scurt%20istoric%20%26%2010%20detalii%20interesante\" rel=\"noopener noreferrer nofollow\" ><span class=\"sss-name\"><span class=\"screen-reader-text\">Share on <\/span>Email<\/span><\/a><\/div><\/div><\/div>\n\n\n<p class=\"has-small-font-size\"><strong>Cite\u0219te aceste articole de c\u0103l\u0103torii \u00eenainte de vacan\u021ba \u00een Croa\u021bia<\/strong><br><a href=\"https:\/\/www.the-travel-bunny.com\/ro\/vizita-in-dubrovnik-croatia\/\" class=\"rank-math-link\">Vizit\u0103 \u00een Dubrovnik, Croa\u021bia: C\u0103l\u0103torie cu plusuri \u0219i minusuri<\/a><br><a href=\"https:\/\/www.the-travel-bunny.com\/ro\/vacanta-in-croatia-alpi-adriatica\/\" class=\"rank-math-link\">Vacan\u021b\u0103 \u00een Croa\u021bia \u00eentre Alpi \u0219i Marea Adriatic\u0103<\/a><br><a href=\"https:\/\/www.the-travel-bunny.com\/ro\/destinatii-vacanta-pe-yacht-in-croatia\/\" class=\"rank-math-link\">15 destina\u021bii pentru o vacan\u021b\u0103 pe yacht \u00een Croa\u021bia<\/a><\/p>\n","protected":false},"excerpt":{"rendered":"<p>Croa\u021bia este \u021bara \u00een care s-a n\u0103scut cravata, care este, de asemenea, simbolul s\u0103u cultural na\u021bional.&nbsp;Chiar \u0219i cuv\u00e2ntul provine din cuv\u00e2ntul&nbsp;lor pentru&nbsp;Croat&nbsp;(hrvat).&nbsp;A\u0219adar, nu este de mirare c\u0103 Croa\u021bia ia \u00een serios aceast\u0103 tradi\u021bie! \u021aara se m\u00e2ndre\u0219te, de asemenea, cu o institu\u021bie academic\u0103 care cerceteaz\u0103 trecutul acestui articol de \u00eembr\u0103c\u0103minte. Cravata a ap\u0103rut pe vremea R\u0103zboiului de 30 de ani, c\u00e2nd fetele croate au \u00eennodat e\u0219arfe \u00een jurul g\u00e2tului iubi\u021bilor \u00eenainte ca ace\u0219tia s\u0103 plece la lupt\u0103. Erau dovezi ale devo\u021biunii \u0219i dragostei pe care le-o purtau&nbsp;Cravata a atras \u0219i aten\u021bia cavaleriei franceze, iar moda a prins \u0219i la Paris. Acolo, &#8230; <\/p>\n<p class=\"read-more-container\"><a title=\"Cravata: Scurt istoric &#038; 10 detalii interesante\" class=\"read-more button\" href=\"https:\/\/www.the-travel-bunny.com\/ro\/cravata-istoric\/#more-1287\" aria-label=\"Cite\u0219te mai multe despre Cravata: Scurt istoric &#038; 10 detalii interesante\">Read more<\/a><\/p>\n","protected":false},"author":190,"featured_media":2478,"comment_status":"closed","ping_status":"closed","sticky":false,"template":"","format":"standard","meta":{"footnotes":""},"categories":[28],"tags":[],"class_list":["post-1287","post","type-post","status-publish","format-standard","has-post-thumbnail","hentry","category-croatia","resize-featured-image"],"_links":{"self":[{"href":"https:\/\/www.the-travel-bunny.com\/ro\/wp-json\/wp\/v2\/posts\/1287","targetHints":{"allow":["GET"]}}],"collection":[{"href":"https:\/\/www.the-travel-bunny.com\/ro\/wp-json\/wp\/v2\/posts"}],"about":[{"href":"https:\/\/www.the-travel-bunny.com\/ro\/wp-json\/wp\/v2\/types\/post"}],"author":[{"embeddable":true,"href":"https:\/\/www.the-travel-bunny.com\/ro\/wp-json\/wp\/v2\/users\/190"}],"replies":[{"embeddable":true,"href":"https:\/\/www.the-travel-bunny.com\/ro\/wp-json\/wp\/v2\/comments?post=1287"}],"version-history":[{"count":1,"href":"https:\/\/www.the-travel-bunny.com\/ro\/wp-json\/wp\/v2\/posts\/1287\/revisions"}],"predecessor-version":[{"id":8325,"href":"https:\/\/www.the-travel-bunny.com\/ro\/wp-json\/wp\/v2\/posts\/1287\/revisions\/8325"}],"wp:featuredmedia":[{"embeddable":true,"href":"https:\/\/www.the-travel-bunny.com\/ro\/wp-json\/wp\/v2\/media\/2478"}],"wp:attachment":[{"href":"https:\/\/www.the-travel-bunny.com\/ro\/wp-json\/wp\/v2\/media?parent=1287"}],"wp:term":[{"taxonomy":"category","embeddable":true,"href":"https:\/\/www.the-travel-bunny.com\/ro\/wp-json\/wp\/v2\/categories?post=1287"},{"taxonomy":"post_tag","embeddable":true,"href":"https:\/\/www.the-travel-bunny.com\/ro\/wp-json\/wp\/v2\/tags?post=1287"}],"curies":[{"name":"wp","href":"https:\/\/api.w.org\/{rel}","templated":true}]}}