{"id":1319,"date":"2020-06-02T08:00:22","date_gmt":"2020-06-02T08:00:22","guid":{"rendered":"https:\/\/the-travel-bunny-com.lyricalstaging.com\/ro\/?p=1319"},"modified":"2026-01-30T08:14:23","modified_gmt":"2026-01-30T08:14:23","slug":"cum-planifici-calatorii-vara","status":"publish","type":"post","link":"https:\/\/www.the-travel-bunny.com\/ro\/cum-planifici-calatorii-vara\/","title":{"rendered":"C\u0103l\u0103torii vara: Cum s\u0103 planifici vacan\u021ba din sezonul cald"},"content":{"rendered":"\n<div class=\"wp-block-columns is-layout-flex wp-container-core-columns-is-layout-9d6595d7 wp-block-columns-is-layout-flex\">\n<div class=\"wp-block-column is-vertically-aligned-center is-layout-flow wp-block-column-is-layout-flow\">\n<p>Un num\u0103r semnificativ de c\u0103l\u0103tori solo, cupluri \u0219i familii doresc s\u0103 se bucure de un fel de c\u0103l\u0103torii vara, \u00een fiecare an (chiar \u0219i \u00een 2020 \u0219i 2021!). Vacan\u021bele de var\u0103 sunt at\u00e2t de populare \u00eenc\u00e2t probabil \u0219i tu vrei s\u0103 pleci \u00eentr-una. Dar trebuie s\u0103 faci mai multe alegeri \u00eenainte de a pleca \u00eentr-o <a href=\"https:\/\/www.the-travel-bunny.com\/ro\/vacanta-de-vara-cu-copiii\/\">vacan\u021b\u0103 de var\u0103<\/a>. S\u0103 le trecem \u00eempreun\u0103 \u00een revist\u0103, iar eu te voi ajuta s\u0103 \u00ee\u021bi planifici urm\u0103toarele c\u0103l\u0103torii vara \u00een cel mai scurt timp!<\/p>\n<\/div>\n\n\n\n<div class=\"wp-block-column is-vertically-aligned-center is-layout-flow wp-block-column-is-layout-flow\">\n<div class=\"wp-block-rank-math-toc-block\" id=\"rank-math-toc\"><h2>Cum planifici c\u0103l\u0103torii vara<\/h2><nav><ul><li class=\"\"><a href=\"#destina\u021bii-pentru-calatorii-vara\">Destina\u021bii pentru c\u0103l\u0103torii vara<\/a><\/li><li class=\"\"><a href=\"#planifica-\u021bi-vacan\u021ba-de-vara\">Planific\u0103-\u021bi vacan\u021ba de var\u0103<\/a><\/li><li class=\"\"><a href=\"#cum-ajungi-la-destina\u021bia-ta-de-calatorie-vara\">Cum ajungi la destina\u021bia ta de c\u0103l\u0103torie vara<\/a><ul><li class=\"\"><a href=\"#cu-ma\u0219ina-in-calatorii-vara\">Cu ma\u0219ina \u00een c\u0103l\u0103torii vara<\/a><\/li><li class=\"\"><a href=\"#calatorii-vara-cu-avionul\">C\u0103l\u0103torii vara cu avionul<\/a><\/li><li class=\"\"><a href=\"#calatorii-vara-cu-trenul-sau-autobuzul\">C\u0103l\u0103torii vara cu trenul sau autobuzul <\/a><\/li><\/ul><\/li><li class=\"\"><a href=\"#rezerva-cazare-pentru-vacan\u021ba-ta-de-vara\">Rezerv\u0103 cazare pentru vacan\u021ba ta de var\u0103<\/a><\/li><li class=\"\"><a href=\"#despre-autoare\">Despre autoare<\/a><\/li><\/ul><\/nav><\/div>\n<\/div>\n<\/div>\n\n\n\n<hr class=\"wp-block-separator has-css-opacity is-style-wide\"\/>\n\n\n\n<h2 class=\"wp-block-heading\" id=\"destina\u021bii-pentru-calatorii-vara\">Destina\u021bii pentru c\u0103l\u0103torii vara<\/h2>\n\n\n\n<p>Destina\u021biile pentru c\u0103l\u0103torii vara este cele mai dezb\u0103tute alegeri, deoarece implic\u0103 evaluarea unei mari variet\u0103\u021bi de factori.&nbsp;Astfel de considera\u021bii pot include dac\u0103 pleci \u00eentr-o&nbsp;<a class=\"rank-math-link\" href=\"https:\/\/www.the-travel-bunny.com\/ro\/vacanta-de-vara-cu-familia\/\">vacan\u021b\u0103 de var\u0103 cu familia<\/a>, v\u00e2rstele copiilor \u0219i costul transportului.&nbsp;\u021ain\u00e2nd cont de ace\u0219ti factori vei putea alege <a href=\"https:\/\/www.the-travel-bunny.com\/ro\/destinatii-de-vacanta-in-australia\/\">destina\u021bii<\/a> pentru c\u0103l\u0103torii vara care se potrivesc cel mai bine nevoilor tale.<\/p>\n\n\n\n<hr class=\"wp-block-separator has-css-opacity is-style-wide\"\/>\n\n\n\n<figure class=\"wp-block-image size-large\"><img loading=\"lazy\" decoding=\"async\" width=\"792\" height=\"294\" src=\"https:\/\/www.the-travel-bunny.com\/ro\/wp-content\/uploads\/sites\/2\/2021\/05\/planificare-calatorii-vara.jpg\" alt=\"planificare calatorii vara\" class=\"wp-image-2587\" title=\"C\u0103l\u0103torii de var\u0103: Cum s\u0103 v\u0103 planifica\u021bi vacan\u021ba 2\" srcset=\"https:\/\/www.the-travel-bunny.com\/ro\/wp-content\/uploads\/sites\/2\/2021\/05\/planificare-calatorii-vara.jpg 792w, https:\/\/www.the-travel-bunny.com\/ro\/wp-content\/uploads\/sites\/2\/2021\/05\/planificare-calatorii-vara-300x111.jpg 300w, https:\/\/www.the-travel-bunny.com\/ro\/wp-content\/uploads\/sites\/2\/2021\/05\/planificare-calatorii-vara-768x285.jpg 768w\" sizes=\"auto, (max-width: 792px) 100vw, 792px\" \/><figcaption class=\"wp-element-caption\"><em>Planificarea vacan\u021bei de var\u0103<\/em><\/figcaption><\/figure>\n\n\n\n<h2 class=\"wp-block-heading\" id=\"planifica-\u021bi-vacan\u021ba-de-vara\">Planific\u0103-\u021bi vacan\u021ba de var\u0103<\/h2>\n\n\n\n<p>Dup\u0103 ce ai selectat o destina\u021bie de vacan\u021b\u0103 de var\u0103, ar trebui s\u0103 faci o rezervare.&nbsp;Un num\u0103r semnificativ de <a href=\"https:\/\/www.the-travel-bunny.com\/ro\/ghiduri-de-calatorie\/roma-ghid-turistic\/gradini-parcuri-din-roma\/\">parcuri<\/a> de distrac\u021bii, campinguri \u0219i hoteluri nu au nevoie de o rezervare \u00een avans.&nbsp;Cu toate acestea, e\u0219ti \u00eentotdeauna \u00eencurajat(\u0103) s\u0103 faci una.&nbsp;Destina\u021biile populare pentru c\u0103l\u0103torii vara se pot umple rapid cu vizitatori.&nbsp;F\u0103r\u0103 aranjamente adecvate, po\u021bi r\u0103m\u00e2ne f\u0103r\u0103 cazare.<\/p>\n\n\n\n<p>C\u00e2nd vine vorba de rezervarea vacan\u021bei de var\u0103, un num\u0103r mare de c\u0103l\u0103tori apeleaz\u0103 la un agent de turism. Agen\u021bii de turism sunt persoane specializate \u00een planificarea \u0219i organizarea de excursii pentru clien\u021bii lor. Ace\u0219ti exper\u021bi \u00een c\u0103l\u0103torii sunt la mare c\u0103utare deoarece le permit clien\u021bilor lor s\u0103 petreac\u0103 mai mult timp v\u0103z\u00e2ndu-\u0219i de vie\u021bil lor, \u00een loc s\u0103 cerceteze \u0219i s\u0103 programeze totul pentru c\u0103l\u0103toriii vara sau\u00een alte perioade ale anului.<\/p>\n\n\n\n<p>Dac\u0103 tuturor li s-ar oferi aceast\u0103 op\u021biune, mul\u021bi ar alege s\u0103 foloseasc\u0103 serviciile unui agent de turism.&nbsp;Dar, ca majoritatea serviciilor, acestea sunt contra cost.&nbsp;Deci, dac\u0103 vrei s\u0103 planifici c\u0103l\u0103torii vara cu bani pu\u021bini, ar trebui s\u0103 \u00ee\u021bi faci rezerv\u0103rile pe cont propriu.<\/p>\n\n\n\n<p>Unii oameni petrec zile (chiar s\u0103pt\u0103m\u00e2ni!) c\u0103ut\u00e2nd destina\u021bia potrivit\u0103 pentru vacan\u021ba de var\u0103 \u0219i rezerv\u00e2nd cazarea perfect\u0103. De\u0219i selectarea unei <a href=\"https:\/\/www.the-travel-bunny.com\/ro\/destinatii-din-italia\/\">destina\u021bii<\/a> de c\u0103l\u0103torie de var\u0103 este crucial\u0103, este de asemenea important s\u0103 \u0219tii cum vei ajunge acolo.<\/p>\n\n\n\n<hr class=\"wp-block-separator has-css-opacity is-style-wide\"\/>\n\n\n\n<figure class=\"wp-block-image size-large\"><img loading=\"lazy\" decoding=\"async\" width=\"792\" height=\"294\" src=\"https:\/\/www.the-travel-bunny.com\/ro\/wp-content\/uploads\/sites\/2\/2021\/05\/calatorii-vara-cu-masina.jpg\" alt=\"calatorii vara cu masina\" class=\"wp-image-2588\" title=\"C\u0103l\u0103torii de var\u0103: Cum s\u0103 v\u0103 planifica\u021bi vacan\u021ba 3\" srcset=\"https:\/\/www.the-travel-bunny.com\/ro\/wp-content\/uploads\/sites\/2\/2021\/05\/calatorii-vara-cu-masina.jpg 792w, https:\/\/www.the-travel-bunny.com\/ro\/wp-content\/uploads\/sites\/2\/2021\/05\/calatorii-vara-cu-masina-300x111.jpg 300w, https:\/\/www.the-travel-bunny.com\/ro\/wp-content\/uploads\/sites\/2\/2021\/05\/calatorii-vara-cu-masina-768x285.jpg 768w\" sizes=\"auto, (max-width: 792px) 100vw, 792px\" \/><figcaption class=\"wp-element-caption\"><em>C\u0103l\u0103torii vara cu ma\u0219ina<\/em><\/figcaption><\/figure>\n\n\n\n<h2 class=\"wp-block-heading\" id=\"cum-ajungi-la-destina\u021bia-ta-de-calatorie-vara\">Cum ajungi la destina\u021bia ta de c\u0103l\u0103torie vara<\/h2>\n\n\n\n<p>Ai mai multe modalit\u0103\u021bi de a ajunge la o destina\u021bie de c\u0103l\u0103torie, indiferent dac\u0103 este \u00een \u021bar\u0103 sau \u00een str\u0103in\u0103tate. Pentru a determina ce metod\u0103 de c\u0103l\u0103torie se potrive\u0219te cel mai bine nevoilor tale, te \u00eencurajez s\u0103 arunci o privire mai jos \u0219i s\u0103 evaluezi toate op\u021biunile disponibile.<\/p>\n\n\n\n<br>\n\n\n\n<h3 class=\"wp-block-heading\" id=\"cu-ma\u0219ina-in-calatorii-vara\">Cu ma\u0219ina \u00een c\u0103l\u0103torii vara<\/h3>\n\n\n\n<p>Mersul cu ma\u0219ina este una dintre cele mai comune metode de c\u0103l\u0103torie \u00een vacan\u021ba de var\u0103.&nbsp;Multe persoane \u0219i familii aleg s\u0103 conduc\u0103 oriunde c\u0103l\u0103toresc.&nbsp;De\u0219i \u00een zilele noastre probabil consider\u0103m c\u0103 zborurile cu avionul sunt cele mai populare, de obicei nu sunt.&nbsp;Primul lucru de luat \u00een considerare este c\u0103 nu toat\u0103 lumealocuie\u0219te aproape de un <a href=\"https:\/\/www.the-travel-bunny.com\/ro\/ghiduri-de-calatorie\/atena-ghid-turistic\/cum-ajungi-in-atena-de-la-aeroport\/\">aeroport<\/a>. \u0218i nu po\u021bi nici s\u0103 zbori oriunde vrei.<\/p>\n\n\n\n<p>C\u00e2nd inten\u021bionezi s\u0103 conduci ca s[ ajungi la <a href=\"https:\/\/www.the-travel-bunny.com\/ro\/destinatii-ecoturistice\/\">destina\u021bii<\/a> pentru c\u0103l\u0103torii vara, ia \u00een considerare urm\u0103torii factori:<\/p>\n\n\n\n<ul class=\"wp-block-list\">\n<li><strong>Cheltuielile de c\u0103l\u0103torie<\/strong><br>Exist\u0103 \u00eentotdeauna o grij\u0103 legat\u0103 de pre\u021burile combustibilului, iar c\u0103l\u0103toriile de var\u0103 au avut \u00eentotdeauna o corela\u021bie cu o cre\u0219tere a pre\u021bului benzinei\/motorineri.&nbsp;Te sf\u0103tuiesc s\u0103 calculezi costul aproximativ al combustibilului \u00eenainte de a pl\u0103nui s\u0103 conduci \u00een c\u0103l\u0103torii vara, deoarece costul benzinei\/motorinei nu merit\u0103 \u00eentotdeauna.<\/li>\n\n\n\n<li><strong>Uzura ma\u0219inii<\/strong><br>Cu c\u00e2t distan\u021ba parcurs\u0103 este mai mare, cu at\u00e2t ma\u0219ina va fi mai pu\u021bin valoroas\u0103.&nbsp;Mul\u021bi cred \u00een mod fals c\u0103 nu exist\u0103 nicio corela\u021bie \u00eentre vacan\u021ba \u00een familie \u0219i valoarea ma\u0219inii de familie.&nbsp;Dar c\u00e2nd vehiculul are foarte mul\u021bi kilometri, valoarea acestuia scade.&nbsp;Aceast\u0103 valoare este important\u0103 atunci c\u00e2nd \u00eencerci s\u0103 revinzi vehiculul sau s\u0103 \u00eel oferi la schimb.<\/li>\n<\/ul>\n\n\n\n<hr class=\"wp-block-separator has-css-opacity is-style-wide\"\/>\n\n\n\n<h3 class=\"wp-block-heading\" id=\"calatorii-vara-cu-avionul\">C\u0103l\u0103torii vara cu avionul<\/h3>\n\n\n\n<p>Dac\u0103 \u00ee\u021bi dai seama c\u0103 mersul cu ma\u0219ina nu este cea mai bun\u0103 alternativ\u0103, vezi ce alterntive ai pentru c\u0103l\u0103torii vara cu avionul.&nbsp;De \u00eendat\u0103 ce se vor relua zborurile zilnice peste tot, probabil c\u0103 vei g\u0103si mai multe variante care \u00ee\u021bi vor permite s\u0103 ajungi direct la destina\u021bia pentru vacan\u021b\u0103 de var\u0103.<\/p>\n\n\n\n<p>Ai putea \u0219i s\u0103 cau\u021bi ni\u0219te reduceri online.&nbsp;Pe l\u00e2ng\u0103 promo\u021biile conven\u021bionale ale companiilor aeriene, exist\u0103 o varietate de <a href=\"https:\/\/www.the-travel-bunny.com\/ro\/statiuni-de-schi-din-lake-tahoe\/\">sta\u021biuni<\/a> de vacan\u021b\u0103 care sunt afiliate cu anumite companii aeriene.&nbsp;Rezerv\u00e2nd bilete de avion, po\u021bi ob\u021bine, de asemenea, reduceri substan\u021biale la hoteluri sau restaurante luxoase \u00een timpul vacan\u021bei.<\/p>\n\n\n\n<p>Cel mai mare avantaj al zborului pentru a ajunge la destina\u021bia ta de var\u0103 este c\u0103 vei ajunge mai repede dec\u00e2t cu orice alt mijloc de transport.<\/p>\n\n\n\n<hr class=\"wp-block-separator has-css-opacity is-style-wide\"\/>\n\n\n\n<h3 class=\"wp-block-heading\" id=\"calatorii-vara-cu-trenul-sau-autobuzul\">C\u0103l\u0103torii vara cu trenul sau autobuzul <\/h3>\n\n\n\n<p>Biletele de avion \u0219i c\u0103l\u0103toriile rutiere nu sunt \u00eentotdeauna ieftine.&nbsp;Dac\u0103 nu \u021bi le po\u021bi permite, nu \u00eenseamn\u0103 c\u0103 nu vei putea s\u0103 te bucuri de un concediu vara.&nbsp;Po\u021bi ajunge ajunge la destina\u021bi \u0219i aleg\u00e2nd trenul sau autobuzul pentru c\u0103l\u0103torii vara.&nbsp;\u0218i, de\u0219i acestea nu sunt cele mai pline de farmec metode de c\u0103l\u0103torie, ele sunt adesea <a href=\"https:\/\/www.the-travel-bunny.com\/ro\/cele-mai-ieftine-tari-din-europa\/\" class=\"rank-math-link\">cele mai ieftine<\/a>.<\/p>\n\n\n\n<p>S-ar putea s\u0103 fi ales cu u\u0219urin\u021b\u0103 cea mai bun\u0103 destina\u021bie de vacan\u021b\u0103, dar dac\u0103 nu ai cum s\u0103 ajungi acolo, vacan\u021ba ta poate fi gata \u00eenainte s\u0103 fi \u00eenceput.&nbsp;Cu pu\u021bin\u0103 munc\u0103 \u0219i c\u00e2teva decizii, vei g\u0103si cel mai bun mod de a face c\u0103l\u0103orii vara cu stil.<\/p>\n\n\n\n<hr class=\"wp-block-separator has-css-opacity is-style-wide\"\/>\n\n\n\n<figure class=\"wp-block-image size-large\"><img loading=\"lazy\" decoding=\"async\" width=\"792\" height=\"294\" src=\"https:\/\/www.the-travel-bunny.com\/ro\/wp-content\/uploads\/sites\/2\/2021\/05\/camping-vara-cu-cortul-la-munte.jpg\" alt=\"camping vara cu cortul la munte\" class=\"wp-image-2589\" title=\"C\u0103l\u0103torii de var\u0103: Cum s\u0103 v\u0103 planifica\u021bi vacan\u021ba 4\" srcset=\"https:\/\/www.the-travel-bunny.com\/ro\/wp-content\/uploads\/sites\/2\/2021\/05\/camping-vara-cu-cortul-la-munte.jpg 792w, https:\/\/www.the-travel-bunny.com\/ro\/wp-content\/uploads\/sites\/2\/2021\/05\/camping-vara-cu-cortul-la-munte-300x111.jpg 300w, https:\/\/www.the-travel-bunny.com\/ro\/wp-content\/uploads\/sites\/2\/2021\/05\/camping-vara-cu-cortul-la-munte-768x285.jpg 768w\" sizes=\"auto, (max-width: 792px) 100vw, 792px\" \/><figcaption class=\"wp-element-caption\"><em>Chiar dac\u0103 ai planificat s\u0103 campezi \u00een aceast\u0103 var\u0103, tot trebuie s\u0103 faci unele rezerv\u0103ri \u00een avans<\/em><\/figcaption><\/figure>\n\n\n\n<h2 class=\"wp-block-heading\" id=\"rezerva-cazare-pentru-vacan\u021ba-ta-de-vara\">Rezerv\u0103 cazare pentru vacan\u021ba ta de var\u0103<\/h2>\n\n\n\n<p>C\u00e2nd vine vorba de \u00eennopt\u0103ri, majoritatea oamenilor ar alege un hotel, dar nu toat\u0103 lumea.&nbsp;Un num\u0103r semnificativ de familii \u0219i persoane se bucur\u0103 de vacan\u021be \u00een mijlocul naturii. \u0218i astfel de concedii implic\u0103 mersul cu cortul \u0219i campingul \u00een aer liber. Campingurile publice \u0219i parcurile na\u021bionale au adesea o suprafa\u021b\u0103 limitat\u0103 unde se permite amplasarea cortului. Dac\u0103 faci o rezervare \u00een avans, ai un loc garantat pentru a \u00ee\u021bi instala cortul sau a parca rulota \u00een vacan\u021ba de var\u0103.<\/p>\n\n\n\n<p>Cu excep\u021bia cazului \u00een care stai la cort\/rulot\u0103, va trebui s\u0103 <a href=\"https:\/\/www.the-travel-bunny.com\/ro\/vacante-ieftine-in-croaziere\/\">rezervi<\/a> o camer\u0103 de hotel.&nbsp;\u0218i, cu c\u00e2teva excep\u021bii, ar trebui s\u0103 \u00ee\u021bi po\u021bi face rezerv\u0103rile online.<\/p>\n\n\n\n<p>Pentru a rezerva o destina\u021bie de vacan\u021b\u0103 popular\u0103 cu reducere, ar trebui s\u0103 consul\u021bi ofertele de pe site-urile de turism. Aceste site-uri web tind s\u0103 ofere reduceri de cazare, zboruri \u0219i chiar \u0219i la restaurante din \u00eentreaga lume.<\/p>\n\n\n\n<blockquote class=\"wp-block-quote is-layout-flow wp-block-quote-is-layout-flow\">\n<p>Urm\u0103re\u0219te <strong><a href=\"https:\/\/www.facebook.com\/travelling.bunny\/\" target=\"_blank\" aria-label=\" (opens in a new tab)\" rel=\"noreferrer noopener\" class=\"rank-math-link\">The Travel Bunny pe Facebook<\/a><\/strong>&nbsp;\u0219i fii atent\u0103 la reducerile \u0219i ofertele de vacan\u021b\u0103!<\/p>\n<\/blockquote>\n\n\n\n<p>Dac\u0103 vrei s\u0103 folose\u0219ti ofertele mele pentru c\u0103l\u0103torii cu bani pu\u021bini \/ un agent de turism calificat sau vrei s\u0103 \u00ee\u021bi faci propriile rezerv\u0103ri pentru c\u0103l\u0103torii vara, \u00ee\u021bi recomand s\u0103 urmezi to\u021bi pa\u0219ii necesari pentru a \u00ee\u021bi planifica <a href=\"https:\/\/www.the-travel-bunny.com\/ro\/sfaturi-de-vacanta-vara\/\">vacan\u021ba de var\u0103<\/a>. Este gre\u0219it s\u0103 speri c\u0103 vor avea o camer\u0103 pentru tine \u00een cea mai c\u0103utat\u0103 destina\u021bie pentru c\u0103l\u0103torii vara. Este o gre\u0219eal\u0103 scump\u0103 care ar putea s\u0103-\u021bi strice concediul.&nbsp;Evit-o \u0219i rezerv\u0103-\u021bi <a href=\"https:\/\/www.the-travel-bunny.com\/ro\/vacanta-de-vara-in-michigan\/\">vacan\u021ba de var\u0103<\/a> \u00een avans!<\/p>\n\n\n\n<hr class=\"wp-block-separator has-css-opacity is-style-wide\"\/>\n\n\n\n<h2 class=\"wp-block-heading\" id=\"despre-autoare\">Despre autoare<\/h2>\n\n\n\n<div class=\"wp-block-media-text alignwide is-stacked-on-mobile is-vertically-aligned-top\" style=\"grid-template-columns:15% auto\"><figure class=\"wp-block-media-text__media\"><img loading=\"lazy\" decoding=\"async\" width=\"138\" height=\"140\" src=\"https:\/\/www.the-travel-bunny.com\/ro\/wp-content\/uploads\/sites\/2\/2021\/05\/Mirela-Letailleur-or-The-Travel-Bunny.jpg\" alt=\"Mirela Letailleur sau The Travel Bunny\" class=\"wp-image-481 size-full\" title=\"\"><\/figure><div class=\"wp-block-media-text__content\">\n<p><strong><strong><strong>Mirela Letailleur<\/strong><\/strong><\/strong>&nbsp;este un blogger de c\u0103l\u0103torii din Rom\u00e2nia care locuie\u0219te \u00een Sudul Fran\u021bei. Ea scrie pe blogul de c\u0103l\u0103torii The Travel Bunny despre vacan\u021be la pre\u021buri accesibile \u00een Europa. A creat \u0219i c\u00e2teva&nbsp;<a href=\"https:\/\/www.the-travel-bunny.com\/ro\/ghiduri-de-calatorie\/roma-ghid-turistic\/\">ghiduri turistice<\/a>&nbsp;gratuite \u0219i ador\u0103 s\u0103 ia rolul de ghid local c\u00e2nd viziteaz\u0103 ora\u0219e din Rom\u00e2nia cu prieteni str\u0103ini. Iubitoare de cafea.<\/p>\n\n\n\n<p class=\"has-text-align-right has-small-font-size\"><a href=\"https:\/\/www.the-travel-bunny.com\/ro\/despre-travel-bunny\/mirela-letailleur\/\" class=\"rank-math-link\">Mai multe despre Mirela Letailleur<\/a><\/p>\n<\/div><\/div>\n\n\n<div class=\"wp-block-scriptless-social-sharing-buttons\"><div class=\"scriptlesssocialsharing\"><div class=\"scriptlesssocialsharing__buttons no-icons\"><a class=\"button facebook\" target=\"_blank\" href=\"https:\/\/www.facebook.com\/sharer\/sharer.php?u=https%3A%2F%2Fwww.the-travel-bunny.com%2Fro%2Fcum-planifici-calatorii-vara%2F\" rel=\"noopener noreferrer nofollow\"><span class=\"sss-name\"><span class=\"screen-reader-text\">Share on <\/span>Facebook<\/span><\/a><a class=\"button twitter\" target=\"_blank\" href=\"https:\/\/twitter.com\/intent\/tweet?text=C%C4%83l%C4%83torii%20vara%3A%20Cum%20s%C4%83%20planifici%20vacan%C8%9Ba%20din%20sezonul%20cald&#038;url=https%3A%2F%2Fwww.the-travel-bunny.com%2Fro%2Fcum-planifici-calatorii-vara%2F&#038;via=mirela_iepurela&#038;related=mirela_iepurela\" rel=\"noopener noreferrer nofollow\"><span class=\"sss-name\"><span class=\"screen-reader-text\">Share on <\/span>X (Twitter)<\/span><\/a><a class=\"button pinterest\" target=\"_blank\" href=\"https:\/\/pinterest.com\/pin\/create\/button\/?url=https%3A%2F%2Fwww.the-travel-bunny.com%2Fro%2Fcum-planifici-calatorii-vara%2F&#038;media=https%3A%2F%2Fwww.the-travel-bunny.com%2Fro%2Fwp-content%2Fuploads%2Fsites%2F2%2F2021%2F05%2Fcalatorii-vara.jpg&#038;description=C%C4%83l%C4%83torii%20vara%3A%20Cum%20s%C4%83%20planifici%20vacan%C8%9Ba%20din%20sezonul%20cald\" rel=\"noopener noreferrer nofollow\" data-pin-no-hover=\"true\" data-pin-custom=\"true\" data-pin-do=\"skip\" data-pin-description=\"C\u0103l\u0103torii vara: Cum s\u0103 planifici vacan\u021ba din sezonul cald\"><span class=\"sss-name\"><span class=\"screen-reader-text\">Share on <\/span>Pinterest<\/span><\/a><a class=\"button whatsapp\" target=\"_blank\" href=\"https:\/\/api.whatsapp.com\/send?text=C%C4%83l%C4%83torii%20vara%3A%20Cum%20s%C4%83%20planifici%20vacan%C8%9Ba%20din%20sezonul%20cald%20%E2%80%94%20https%3A%2F%2Fwww.the-travel-bunny.com%2Fro%2Fcum-planifici-calatorii-vara%2F\" rel=\"noopener noreferrer nofollow\"><span class=\"sss-name\"><span class=\"screen-reader-text\">Share on <\/span>WhatsApp<\/span><\/a><a class=\"button email\" href=\"mailto:?body=Am%20citit%20acest%20articol%20de%20vacan%C8%9B%C4%83%20%C8%99i%20m-am%20g%C3%A2ndit%20la%20tine.%20Iat%C4%83%20%C8%99i%20link-ul%3A%20https%3A%2F%2Fwww.the-travel-bunny.com%2Fro%2Fcum-planifici-calatorii-vara%2F&#038;subject=Promit%20c%C4%83%20o%20s%C4%83%20%C3%AE%C8%9Bi%20plac%C4%83%3A%20C%C4%83l%C4%83torii%20vara%3A%20Cum%20s%C4%83%20planifici%20vacan%C8%9Ba%20din%20sezonul%20cald\" rel=\"noopener noreferrer nofollow\" ><span class=\"sss-name\"><span class=\"screen-reader-text\">Share on <\/span>Email<\/span><\/a><\/div><\/div><\/div>\n\n\n<p class=\"has-small-font-size\"><strong>Alte articole pe care \u021bi le recomand de pe blogul The Travel Bunny<\/strong><br><a href=\"https:\/\/www.the-travel-bunny.com\/ro\/gaseste-bilete-de-avion-ieftine\/\">Cum g\u0103se\u0219ti bilete de avion ieftine c\u0103tre orice destina\u021bie<\/a><br><a href=\"https:\/\/www.the-travel-bunny.com\/ro\/bagaj-cu-cortul-la-munte\/\">De ce am nevoie c\u00e2nd plec cu cortul la munte?<\/a><\/p>\n","protected":false},"excerpt":{"rendered":"<p>Un num\u0103r semnificativ de c\u0103l\u0103tori solo, cupluri \u0219i familii doresc s\u0103 se bucure de un fel de c\u0103l\u0103torii vara, \u00een fiecare an (chiar \u0219i \u00een 2020 \u0219i 2021!). Vacan\u021bele de var\u0103 sunt at\u00e2t de populare \u00eenc\u00e2t probabil \u0219i tu vrei s\u0103 pleci \u00eentr-una. Dar trebuie s\u0103 faci mai multe alegeri \u00eenainte de a pleca \u00eentr-o vacan\u021b\u0103 de var\u0103. S\u0103 le trecem \u00eempreun\u0103 \u00een revist\u0103, iar eu te voi ajuta s\u0103 \u00ee\u021bi planifici urm\u0103toarele c\u0103l\u0103torii vara \u00een cel mai scurt timp! Destina\u021bii pentru c\u0103l\u0103torii vara Destina\u021biile pentru c\u0103l\u0103torii vara este cele mai dezb\u0103tute alegeri, deoarece implic\u0103 evaluarea unei mari variet\u0103\u021bi de &#8230; <\/p>\n<p class=\"read-more-container\"><a title=\"C\u0103l\u0103torii vara: Cum s\u0103 planifici vacan\u021ba din sezonul cald\" class=\"read-more button\" href=\"https:\/\/www.the-travel-bunny.com\/ro\/cum-planifici-calatorii-vara\/#more-1319\" aria-label=\"Cite\u0219te mai multe despre C\u0103l\u0103torii vara: Cum s\u0103 planifici vacan\u021ba din sezonul cald\">Read more<\/a><\/p>\n","protected":false},"author":190,"featured_media":2586,"comment_status":"closed","ping_status":"closed","sticky":false,"template":"","format":"standard","meta":{"footnotes":""},"categories":[47],"tags":[50],"class_list":["post-1319","post","type-post","status-publish","format-standard","has-post-thumbnail","hentry","category-sfaturi-de-calatorie","tag-vacante-vara","resize-featured-image"],"_links":{"self":[{"href":"https:\/\/www.the-travel-bunny.com\/ro\/wp-json\/wp\/v2\/posts\/1319","targetHints":{"allow":["GET"]}}],"collection":[{"href":"https:\/\/www.the-travel-bunny.com\/ro\/wp-json\/wp\/v2\/posts"}],"about":[{"href":"https:\/\/www.the-travel-bunny.com\/ro\/wp-json\/wp\/v2\/types\/post"}],"author":[{"embeddable":true,"href":"https:\/\/www.the-travel-bunny.com\/ro\/wp-json\/wp\/v2\/users\/190"}],"replies":[{"embeddable":true,"href":"https:\/\/www.the-travel-bunny.com\/ro\/wp-json\/wp\/v2\/comments?post=1319"}],"version-history":[{"count":2,"href":"https:\/\/www.the-travel-bunny.com\/ro\/wp-json\/wp\/v2\/posts\/1319\/revisions"}],"predecessor-version":[{"id":11007,"href":"https:\/\/www.the-travel-bunny.com\/ro\/wp-json\/wp\/v2\/posts\/1319\/revisions\/11007"}],"wp:featuredmedia":[{"embeddable":true,"href":"https:\/\/www.the-travel-bunny.com\/ro\/wp-json\/wp\/v2\/media\/2586"}],"wp:attachment":[{"href":"https:\/\/www.the-travel-bunny.com\/ro\/wp-json\/wp\/v2\/media?parent=1319"}],"wp:term":[{"taxonomy":"category","embeddable":true,"href":"https:\/\/www.the-travel-bunny.com\/ro\/wp-json\/wp\/v2\/categories?post=1319"},{"taxonomy":"post_tag","embeddable":true,"href":"https:\/\/www.the-travel-bunny.com\/ro\/wp-json\/wp\/v2\/tags?post=1319"}],"curies":[{"name":"wp","href":"https:\/\/api.w.org\/{rel}","templated":true}]}}