{"id":1393,"date":"2021-01-26T11:34:32","date_gmt":"2021-01-26T11:34:32","guid":{"rendered":"https:\/\/the-travel-bunny-com.lyricalstaging.com\/ro\/?p=1393"},"modified":"2026-03-27T13:13:36","modified_gmt":"2026-03-27T13:13:36","slug":"destinatii-de-vacanta-in-2021","status":"publish","type":"post","link":"https:\/\/www.the-travel-bunny.com\/ro\/destinatii-de-vacanta-in-2021\/","title":{"rendered":"Cele mai bune destina\u021bii de vacan\u021b\u0103 \u00een 2021"},"content":{"rendered":"\n<div class=\"wp-block-columns is-layout-flex wp-container-core-columns-is-layout-9d6595d7 wp-block-columns-is-layout-flex\">\n<div class=\"wp-block-column is-vertically-aligned-center is-layout-flow wp-block-column-is-layout-flow\">\n<p>\u0218tiu c\u0103 lucrurile nu stau bine pentru c\u0103l\u0103tori \u00een zilele noastre, dar nu stric\u0103 s\u0103 visezi pu\u021bin, nu? De asemenea, sunt con\u0219tient\u0103 de faptul c\u0103 toate aceste restric\u021bii care sunt puse pentru a ne p\u0103stra pe to\u021bi \u00een siguran\u021b\u0103 s-ar putea s\u0103 devin\u0103 \u0219i mai severe, a\u0219a c\u0103 vizitarea oric\u0103rei <a href=\"https:\/\/www.the-travel-bunny.com\/ro\/destinatii-ecoturistice\/\">destina\u021bii<\/a> de vacan\u021b\u0103 \u00een 2021 va fi un bonus nea\u0219teptat. Acestea fiind spuse, s\u0103 vis\u0103m pu\u021bin \u0219i s\u0103 ne prefacem un pic c\u0103 totul este \u00een regul\u0103. A\u0219adar, continu\u0103 s\u0103 cite\u0219ti pentru a descoperi care ar fi cele mai bune <a href=\"https:\/\/www.the-travel-bunny.com\/ro\/destinatii-de-vacanta-in-australia\/\">destina\u021bii<\/a> de vacan\u021b\u0103 \u00een 2021 pentru mine sau, cu alte cuvinte, ce <a href=\"https:\/\/www.the-travel-bunny.com\/ro\/destinatii-din-italia\/\">destina\u021bii<\/a> mi-a\u0219 dori s\u0103 rev\u0103d \u00een siguran\u021b\u0103.<\/p>\n<\/div>\n\n\n\n<div class=\"wp-block-column is-vertically-aligned-center is-layout-flow wp-block-column-is-layout-flow\">\n<div class=\"wp-block-rank-math-toc-block\" id=\"rank-math-toc\"><h2>Destina\u021bii de vacan\u021b\u0103 2021<\/h2><nav><ul><li class=\"\"><a href=\"#londra\">Londra<\/a><\/li><li class=\"\"><a href=\"#dublin\">Dublin<\/a><\/li><li class=\"\"><a href=\"#berlin\">Berlin<\/a><\/li><li class=\"\"><a href=\"#grecia-oriunde-in-grecia\">Grecia, oriunde \u00een Grecia!<\/a><\/li><li class=\"\"><a href=\"#despre-autoare\">Despre autoare<\/a><\/li><\/ul><\/nav><\/div>\n<\/div>\n<\/div>\n\n\n\n<p class=\"has-pale-cyan-blue-background-color has-background has-small-font-size\"><strong>Articol scris \u00een cadrul unei colabor\u0103ri cu Hotels.com, dar toate opiniile \u00eemi apar\u021bin.<\/strong><\/p>\n\n\n\n<hr class=\"wp-block-separator has-css-opacity is-style-wide\"\/>\n\n\n\n<figure class=\"wp-block-image size-large\"><img loading=\"lazy\" decoding=\"async\" width=\"792\" height=\"294\" src=\"https:\/\/www.the-travel-bunny.com\/ro\/wp-content\/uploads\/sites\/2\/2021\/05\/mirela-the-travel-bunny-la-word-on-the-water-in-londra.jpg\" alt=\"mirela the travel bunny la word on the water in londra\" class=\"wp-image-2862\" title=\"\" srcset=\"https:\/\/www.the-travel-bunny.com\/ro\/wp-content\/uploads\/sites\/2\/2021\/05\/mirela-the-travel-bunny-la-word-on-the-water-in-londra.jpg 792w, https:\/\/www.the-travel-bunny.com\/ro\/wp-content\/uploads\/sites\/2\/2021\/05\/mirela-the-travel-bunny-la-word-on-the-water-in-londra-300x111.jpg 300w, https:\/\/www.the-travel-bunny.com\/ro\/wp-content\/uploads\/sites\/2\/2021\/05\/mirela-the-travel-bunny-la-word-on-the-water-in-londra-768x285.jpg 768w\" sizes=\"auto, (max-width: 792px) 100vw, 792px\" \/><figcaption class=\"wp-element-caption\"><em>Cele mai bune destina\u021bii de vacan\u021b\u0103 \u00een 2021: Londra. Mirela The Travel Bunny la Word on the Water, barja cu c\u0103r\u021bi din Londra<\/em><\/figcaption><\/figure>\n\n\n\n<h2 class=\"wp-block-heading\" id=\"londra\">Londra<\/h2>\n\n\n\n<p>Nu am v\u0103zut multe locuri din Marea Britanie, dar am fost la Londra de mai multe ori, at\u00e2t cu munca, c\u00e2t \u0219i pentru a-mi vizita cea mai bun\u0103 prieten\u0103 care a locuit acolo mul\u021bi ani. Am stat at\u00e2t la prietena mea, c\u00e2t \u0219i \u00een <a href=\"https:\/\/uk.hotels.com\/re1735370\/hotels-in-london-city-centre-united-kingdom\/\" target=\"_blank\" aria-label=\" (opens in a new tab)\" rel=\"noreferrer noopener sponsored\" class=\"rank-math-link\">hoteluri din Londra<\/a>, dar de fiecare dat\u0103 am g\u0103sit ora\u0219ul uimitor \u0219i mi-am g\u0103sit locul imediat. Nu exista nici o urm\u0103 de <em>stiff upper lip<\/em>, ci dimpotriv\u0103: oamenii sunt incredibil de politico\u0219i \u0219i s-au oferit s\u0103 m\u0103 ajut chiar \u0219i la cea mai mic\u0103 privire confuz\u0103 pe care o afi\u0219am \u00eentr-o intersec\u021bie.<\/p>\n\n\n\n<p>\u00cen plus, au existat alte dou\u0103 chestii care m-au surprins c\u00e2nd am vizitat Londra pentru prima dat\u0103.<\/p>\n\n\n\n<p>\u00cen primul r\u00e2nd, toat\u0103 lumea spune c\u0103 m\u00e2ncarea britanic\u0103 este&#8230; na\u0219pa. Dar sunt foarte pu\u021bine destina\u021bii de c\u0103l\u0103torie \u00een care am savurat <a href=\"https:\/\/www.the-travel-bunny.com\/ro\/mancarea-din-chiang-mai-thailanda\/\">m\u00e2ncarea<\/a> la fel de mult ca \u00een Londra. M\u00e2ncare etiopian\u0103 \u0219i Thai Kanom Krok \u00een Borough Market, burgeri mici de ciuperci absolut uimitori \u00een <a href=\"https:\/\/www.the-travel-bunny.com\/ro\/ghiduri-de-calatorie\/roma-ghid-turistic\/piete-din-roma\/\">Pia\u021ba<\/a> Camden, bagel cu carne de vit\u0103 s\u0103rat\u0103 \u00een Shoreditch, <em>fish and chips<\/em> pe South Bank, cel mai bun mic dejun englezesc l\u00e2ng\u0103 Bethnal Green \u0219i ceai delicios cu <em>scones <\/em>\u00een galeria Hayes. \u0218i nicio xcursie la Londra nu este complet\u0103 pentru mine f\u0103r\u0103 o vizit\u0103 la <a aria-label=\" (opens in a new tab)\" class=\"rank-math-link\" href=\"https:\/\/www.churchillarmskensington.co.uk\/food\" target=\"_blank\" rel=\"noreferrer noopener nofollow\">The Churchill Arms<\/a> din Notting Hill!<\/p>\n\n\n\n<p>\u00cen al doilea r\u00e2nd, am auzit mereu c\u0103 Londra este scump\u0103. F\u0103r\u0103 s\u0103 \u021bin cont de cazarea \u00een Londra (pentru c\u0103 fie am stat la prietena mea din copil\u0103rie, fie angajatorul meu a pl\u0103tit pentru asta), am g\u0103sit Londra destul de accesibil\u0103. Oricum, mai pu\u021bin costisitoare dec\u00e2t Parisul, dup\u0103 p\u0103rerea mea.<\/p>\n\n\n\n<p>Da, sigur, o halb\u0103 de bere \u00eentr-un pub nu este tocmai ieftin\u0103, dar este mai tare dec\u00e2t cea de tip lager, deci nu po\u021bi s\u0103 bei aceea\u0219i cantitate (f\u0103r\u0103 a-\u021bi fi r\u0103u). De asemenea, whiskyul este mai accesibil la pre\u021b fa\u021b\u0103 de \u00een \u200b\u200balte \u021b\u0103ri. \u0218i m\u00e2nc\u00e2nd \u00een <em>food markets<\/em> ajungi s\u0103 iei o mas\u0103 fantastic\u0103 pentru foarte pu\u021bini bani \u00een compara\u021bie cu ie\u0219itul la un restaurant. Nu \u00een ultimul r\u00e2nd, exist\u0103 at\u00e2t de multe locuri gratuite de <a href=\"https:\/\/www.the-travel-bunny.com\/ro\/100-de-motive-pentru-a-vizita-romania\/\">vizitat<\/a> \u00eenc\u00e2t este dificil s\u0103 planifici s\u0103 le vezi pe toate \u00eentr-o singur\u0103 c\u0103l\u0103torie!<\/p>\n\n\n\n<p>De ce altceva mai ai nevoie pentru a pune Londra pe lista ta cu de destina\u021bii de vacan\u021b\u0103 \u00een 2021?<\/p>\n\n\n\n<p class=\"has-background\" style=\"background-color:#fffaec\">Da, ca \u0219i cum toate riscurile pentru s\u0103n\u0103tate nu ar fi suficient de rele, s-a \u00eent\u00e2mplat \u0219i Brexit. Dar suntm dintr-o \u021bar\u0103 care a devenit parte a Uniunii Europene destul de t\u00e2rziu \u00een compara\u021bie cu altele, a\u0219a c\u0103 am \u0219tim cum este f\u0103r\u0103 liber\u0103 circula\u021bie \u0219i cu control la frontiere. \u00cenc\u0103 mai p\u0103\u021bim asta, chiar dac\u0103 este \u00een mare parte o formalitate, deoarece Rom\u00e2nia nu face parte \u00eenc\u0103 din Schengen.<br><br>\u00cens\u0103, \u00een calitate de europeni, \u00eenc\u0103 nu trebuie s\u0103 ne ocup\u0103m de vize sau s\u0103 facem rost de invita\u021bii scrise de la cet\u0103\u021benii britanici pentru a traversa canalul. Deci, at\u00e2ta timp c\u00e2t ne obi\u0219nuim cu ideea c\u0103 trebuie s\u0103 fim pu\u021bin mai r\u0103bd\u0103tori la grani\u021b\u0103 \u0219i s\u0103 plec\u0103m de acas\u0103 preg\u0103ti\u021bi psihic \u0219i emo\u021bional pentru aceasta, Marea Britanie este \u00eenc\u0103 un loc pe care ar trebui s\u0103-l ad\u0103ugi printre destina\u021biile de vacan\u021b\u0103 \u00een 2021 (dup\u0103 ce este sigur s\u0103 c\u0103l\u0103tore\u0219ti acolo, desigur.)<\/p>\n\n\n\n<hr class=\"wp-block-separator has-css-opacity is-style-wide\"\/>\n\n\n\n<figure class=\"wp-block-image size-large\"><img loading=\"lazy\" decoding=\"async\" width=\"792\" height=\"294\" src=\"https:\/\/www.the-travel-bunny.com\/ro\/wp-content\/uploads\/sites\/2\/2021\/05\/mathieu-letailleur-la-whiskey-museum-in-dublin-irlanda.jpg\" alt=\"mathieu letailleur la whiskey museum in dublin irlanda\" class=\"wp-image-2863\" title=\"\" srcset=\"https:\/\/www.the-travel-bunny.com\/ro\/wp-content\/uploads\/sites\/2\/2021\/05\/mathieu-letailleur-la-whiskey-museum-in-dublin-irlanda.jpg 792w, https:\/\/www.the-travel-bunny.com\/ro\/wp-content\/uploads\/sites\/2\/2021\/05\/mathieu-letailleur-la-whiskey-museum-in-dublin-irlanda-300x111.jpg 300w, https:\/\/www.the-travel-bunny.com\/ro\/wp-content\/uploads\/sites\/2\/2021\/05\/mathieu-letailleur-la-whiskey-museum-in-dublin-irlanda-768x285.jpg 768w\" sizes=\"auto, (max-width: 792px) 100vw, 792px\" \/><figcaption class=\"wp-element-caption\"><em>Cele mai bune destina\u021bii de vacan\u021b\u0103 \u00een 2021: Dublin. \u00cen poza de mai sus: Mathieu la Irish Whiskey Museum<\/em><\/figcaption><\/figure>\n\n\n\n<h2 class=\"wp-block-heading\" id=\"dublin\">Dublin<\/h2>\n\n\n\n<p>R\u0103m\u00e2nem de cealalt\u0103 parte a Canalului M\u00e2necii \u00een timp ce continu\u0103m s\u0103 explor\u0103m destina\u021bii de c\u0103l\u0103torie din 2021 \u0219i hai s\u0103 vis\u0103m pu\u021bin la capitala Irlandei. Am mers acolo o singur\u0103 dat\u0103 pentru un weekend prelungit, cu Mathieu. El a fost de mai multe ori \u00een Irlanda \u0219i vorbe\u0219te \u00eentotdeauna cu drag de fiecare experien\u021b\u0103. (Cred c\u0103 doar de Japonia este mai ata\u0219at dec\u00e2t de Irlanda.)<\/p>\n\n\n\n<p>Oricum, \u00een timp ce st\u0103team \u00eentr-un pub, ascultam muzic\u0103 irlandez\u0103 live \u0219i tot gustam dintr-un pahar de whisky genial, am avut revela\u021bia c\u0103 p\u00e2n\u0103 \u00een acel moment \u00een niciun alt loc nu m\u0103 sim\u021bisem at\u00e2t de repede ca acas\u0103. Irlandezii sunt uimitori \u0219i \u00eemi plac puburile lor la nebunie. Atmosfera, deliciosul whisky care nu cost\u0103 o avere \u0219i berea Guinness (aia pe care nu o trimit dincolo de grani\u021b\u0103)\u2026 ce nu este de iubit la Dublin, de fapt?<\/p>\n\n\n\n<p>Pe l\u00e2ng\u0103 acestea, este \u00eenc\u0103 o destina\u021bie \u00een care am adorat m\u00e2ncarea. Ne amintim cu drag de vizita noastr\u0103 la Temple Bar Market \u0219i de pl\u0103cinta umplut\u0103 cu carne de vit\u0103 marinat\u0103 \u00een Guinness de la <a aria-label=\"Pieman (opens in a new tab)\" href=\"https:\/\/www.thepieman.ie\/\" target=\"_blank\" rel=\"noreferrer noopener nofollow\" class=\"rank-math-link\">Pieman<\/a>. \u00cen plus, mi-a pl\u0103cut sloganul acestuia din urm\u0103: <em>Look into my pies!<\/em><\/p>\n\n\n\n<p>Totu\u0219i, c\u00e2nd c\u0103l\u0103torim \u00eempreun\u0103 nu ne petrecem tot timpul m\u00e2nc\u00e2nd \u0219i b\u00e2nd ceva (de\u0219i sunt aspecte importante). Mergem mult pe jos pentru a vedea obiectivele turistice \u0219i crede-m\u0103 c\u00e2nd spun c\u0103 sunt o mul\u021bime de lucruri interesante <a href=\"https:\/\/www.the-travel-bunny.com\/ro\/locuri-de-vazut-in-roma-vacanta\/\">de v\u0103zut<\/a> \u00een Dublin. A\u0219adar, \u021bine minte capitala Irlandei c\u00e2nd te g\u00e2nde\u0219ti la destina\u021bii de vacan\u021b\u0103 \u00een 2021 pe care s\u0103 le (re)vizitezi!<\/p>\n\n\n\n<hr class=\"wp-block-separator has-css-opacity is-style-wide\"\/>\n\n\n\n<figure class=\"wp-block-image size-large\"><img loading=\"lazy\" decoding=\"async\" width=\"792\" height=\"294\" src=\"https:\/\/www.the-travel-bunny.com\/ro\/wp-content\/uploads\/sites\/2\/2021\/05\/mathieu-letailleur-si-mirela-the-travel-bunny-in-berlin-bundestag.jpg\" alt=\"mathieu letailleur si mirela the travel bunny in berlin bundestag\" class=\"wp-image-2864\" title=\"\" srcset=\"https:\/\/www.the-travel-bunny.com\/ro\/wp-content\/uploads\/sites\/2\/2021\/05\/mathieu-letailleur-si-mirela-the-travel-bunny-in-berlin-bundestag.jpg 792w, https:\/\/www.the-travel-bunny.com\/ro\/wp-content\/uploads\/sites\/2\/2021\/05\/mathieu-letailleur-si-mirela-the-travel-bunny-in-berlin-bundestag-300x111.jpg 300w, https:\/\/www.the-travel-bunny.com\/ro\/wp-content\/uploads\/sites\/2\/2021\/05\/mathieu-letailleur-si-mirela-the-travel-bunny-in-berlin-bundestag-768x285.jpg 768w\" sizes=\"auto, (max-width: 792px) 100vw, 792px\" \/><figcaption class=\"wp-element-caption\"><em>Cele mai bune destina\u021bii de vacan\u021b\u0103 \u00een 2021: Berlin. Mirela \u0219i Mathieu Letailleur \u00een liftul de la Bundestag<\/em><\/figcaption><\/figure>\n\n\n\n<h2 class=\"wp-block-heading\" id=\"berlin\">Berlin<\/h2>\n\n\n\n<p>Niciodat\u0103 nu m-am a\u0219teptat s\u0103 \u00eemi fie dor de Berlin. Dar s-a \u00eent\u00e2mplat, de mai multe ori, motiv pentru care \u00eel adaug pe lista mea cu destina\u021bii de vacan\u021b\u0103 \u00een 2021 pe care sper s\u0103 le rev\u0103d. La prima mea vizit\u0103, am mers cu p\u0103rin\u021bii mei \u0219i, de\u0219i eram adult, nu prea am socializat cu oamenii de v\u00e2rsta mea. A\u0219a c\u0103 a \u00eenceput s\u0103 \u00eemi fie dor de obiectivele turistice din Berlin, nu de oamenii pe care i-am cunoscut acolo.<\/p>\n\n\n\n<p>Celelalte d\u0103\u021bi c\u00e2nd am c\u0103l\u0103torit \u00een Berlin, am fost cu Mathieu \u0219i m-am bucurat de o vacan\u021b\u0103 \u00een capitala Germaniei mai potrivit\u0103 v\u00e2rstei. De exemplu, ultima <a href=\"https:\/\/www.the-travel-bunny.com\/ro\/prima-excursie-in-europa-ca-student\/\">excursie<\/a> \u00een Berlin a fost \u00een 2019, de Halloween. Am mers acolo pentru a ne \u00eent\u00e2lni cu unul dintre cei mai apropia\u021bi prieteni ai lui Mathieu \u0219i am ajuns la o petrecere <em>Dia de los Muertos<\/em> plin\u0103 de expa\u021bi latini nebuni, combinat\u0103 cu o zi de na\u0219tere, plus o comemorare a unei pisici moarte.<\/p>\n\n\n\n<p>Berlinul este nebun (\u0219i o spun ca pe un compliment!). Este \u0219i incredibil de divers. \u0218i nu vorbesc doar despre oamenii care locuiesc acolo, ci despre ora\u0219 \u00een sine. Vezi cl\u0103diri vechi conectate la trecutul \u00eentunecat al Berlinului, dar \u0219i arhitectur\u0103 modern\u0103 \u0219i art\u0103 stradal\u0103 maiestuoas\u0103. \u0218i, la fel ca \u00een Londra, vei g\u0103si cu siguran\u021b\u0103 c\u00e2teva op\u021biuni interesante \u00een meniurile majorit\u0103\u021bii restaurantelor din Berlin.<\/p>\n\n\n\n<p>O parte din mine iube\u0219te Berlinul pentru c\u0103 pot oric\u00e2t de ciudat\u0103 vreau s\u0103 fiu \u0219i tot s\u0103 simt c\u0103 acolo mi-e locul. De\u0219i nu schimb nimic la comportamentul meu, \u00een Berlin m\u0103 simt mai liber\u0103, mai pu\u021bin \u00eenc\u0103tu\u0219at\u0103 de ce vrea societatea de la mine. Pentru c\u0103 Berlin = libertate. Este un ora\u0219 perfect pentru a-l ad\u0103uga pe lista ta cu destina\u021bii de vacan\u021b\u0103 \u00een 2021 pentru a te relaxa odat\u0103 cu dispari\u021bia restric\u021biilor.<\/p>\n\n\n\n<p class=\"has-background\" style=\"background-color:#fffaec\">Dac\u0103 \u00ee\u021bi lipse\u0219te \u0219i \u021bie Berlin, \u00ee\u021bi recomand s\u0103 te ui\u021bi la <a href=\"https:\/\/www.imdb.com\/title\/tt4863504\/\" target=\"_blank\" aria-label=\"Ku&#039;damm 56 (opens in a new tab)\" rel=\"noreferrer noopener nofollow\" class=\"rank-math-link\">Ku&#8217;damm 56<\/a> pe HBO Go \ud83d\ude09<\/p>\n\n\n\n<hr class=\"wp-block-separator has-css-opacity is-style-wide\"\/>\n\n\n\n<figure class=\"wp-block-image size-large\"><img loading=\"lazy\" decoding=\"async\" width=\"792\" height=\"294\" src=\"https:\/\/www.the-travel-bunny.com\/ro\/wp-content\/uploads\/sites\/2\/2021\/05\/plaja-orkos-pe-insula-paxos-grecia.jpg\" alt=\"plaja orkos pe insula paxos grecia\" class=\"wp-image-2865\" title=\"\" srcset=\"https:\/\/www.the-travel-bunny.com\/ro\/wp-content\/uploads\/sites\/2\/2021\/05\/plaja-orkos-pe-insula-paxos-grecia.jpg 792w, https:\/\/www.the-travel-bunny.com\/ro\/wp-content\/uploads\/sites\/2\/2021\/05\/plaja-orkos-pe-insula-paxos-grecia-300x111.jpg 300w, https:\/\/www.the-travel-bunny.com\/ro\/wp-content\/uploads\/sites\/2\/2021\/05\/plaja-orkos-pe-insula-paxos-grecia-768x285.jpg 768w\" sizes=\"auto, (max-width: 792px) 100vw, 792px\" \/><figcaption class=\"wp-element-caption\"><em>Cele mai bune destina\u021bii de vacan\u021b\u0103 \u00een 2021: oriunde \u00een Grecia. \u00cen poza de mai sus: Plaja Orkos de pe Insula Paxos<\/em><\/figcaption><\/figure>\n\n\n\n<h2 class=\"wp-block-heading\" id=\"grecia-oriunde-in-grecia\">Grecia, oriunde \u00een Grecia!<\/h2>\n\n\n\n<p>Dup\u0103 cum probabil \u0219tii de pe <a aria-label=\"Instagram (opens in a new tab)\" class=\"rank-math-link\" href=\"https:\/\/www.instagram.com\/mirela_iepurela\/\" target=\"_blank\" rel=\"noreferrer noopener\">Instagram<\/a>, <a aria-label=\"Twitter (opens in a new tab)\" class=\"rank-math-link\" href=\"https:\/\/twitter.com\/mirela_iepurela\" target=\"_blank\" rel=\"noreferrer noopener\">Twitter<\/a> sau <a aria-label=\"Facebook (opens in a new tab)\" class=\"rank-math-link\" href=\"https:\/\/www.facebook.com\/travelling.bunny\" target=\"_blank\" rel=\"noreferrer noopener\">Facebook<\/a>, am avut norocul s\u0103 petrecem cea mai mare parte a anului 2020 navig\u00e2nd pe Marea Mediteran\u0103. \u0218i, de\u0219i am petrecut ceva timp \u00een Grecia, aproape \u00een fiecare var\u0103 c\u00e2nd eram copil, \u00eenc\u0103 nu am descoperit partea ionic\u0103 a \u021b\u0103rii \u0219i insulele din Golful Saronic. \u0218i am v\u0103zut foarte pu\u021bin din Ciclade \u0219i Peloponez, a\u0219a c\u0103 sigur trebuie s\u0103 m\u0103 \u00eentorc \u0219i s\u0103 v\u0103d mai multe.<\/p>\n\n\n\n<p>Desigur, am fost surprins\u0103 de peisaje \u0219i de apele incredibil de albastre. Cine nu ar fi? Dar exist\u0103 multe alte locuri \u00een Europa \u00een care plajele sunt probabil la fel de uimitoare ca \u00een Grecia. Cu toate acestea, nu toate celelalte locuri au acela\u0219i stil de via\u021b\u0103 lent sau pre\u021burile mici pe care le vei g\u0103si \u00een Grecia. Ah, \u0219i astfel de ape albastre g\u0103se\u0219ti rar f\u0103r\u0103 rechini, dar \u00een Grecia ace\u0219tia nu sunt o problem\u0103!<\/p>\n\n\n\n<p>Chiar dac\u0103 am c\u0103l\u0103torit cu propriul <a class=\"rank-math-link\" href=\"https:\/\/www.the-travel-bunny.com\/ro\/velier-bavaria-350-de-vanzare-grecia\/\">velier \u00een Grecia<\/a>, am observat \u0219i am fost uimit\u0103 de c\u00e2t de u\u0219or este s\u0103 mergi pe orice insul\u0103 din Grecia. \u00cen <a href=\"https:\/\/www.the-travel-bunny.com\/ro\/eticheta\/marea-ionica\/\">Marea Ionic\u0103<\/a>, po\u021bi veni cu un feribot din Italia sau <strong><a href=\"https:\/\/www.the-travel-bunny.com\/ro\/categorie\/europa\/albania\/\">Albania<\/a><\/strong> c\u0103tre Igoumenitsa sau po\u021bi ateriza \u00een Preveza sau po\u021bi pur \u0219i simplu s\u0103 vii cu ma\u0219ina \u0219i s\u0103 iei un feribot c\u0103tre oricare dintre insulele mari. Iar pe Lefkada, treci doar un pod de pe continent \u0219i e\u0219ti deja pe insul\u0103. Iar cu pre\u021buri de \u20ac12 pentru o traversare cu ma\u0219ina, travers\u0103rile cu <a href=\"https:\/\/www.the-travel-bunny.com\/ro\/lacul-koman-feribot-albania\/\">feribotul<\/a> de pe o insul\u0103 pe alta sunt foarte convenabile.<\/p>\n\n\n\n<p>Acela\u0219i lucru este valabil \u0219i pentru <a href=\"https:\/\/www.the-travel-bunny.com\/ro\/eticheta\/marea-egee\/\">Marea Egee<\/a>, unde, pe l\u00e2ng\u0103 feriboturile mari, exist\u0103 \u0219i <em>Flying Dolphins<\/em>, care transport\u0103 doar pasageri \u0219i un <a href=\"https:\/\/www.the-travel-bunny.com\/ro\/lucruri-esentiale-in-bagaj\/\">bagaj<\/a> sau dou\u0103 de persoan\u0103. V\u0103z\u00e2nd toate aceste op\u021biuni, am decis s\u0103 nu risc\u0103m s\u0103 pierdem timpul bloca\u021bi de v\u00e2nturile puternice din <a href=\"https:\/\/www.the-travel-bunny.com\/ro\/navigatie-in-insulele-ciclade-egee\/\">Insulele Ciclade<\/a> \u0219i am petrecut ultimele s\u0103pt\u0103m\u00e2ni navig\u00e2nd \u00een Golful Saronic. Vom vedea Cicladele alt\u0103 dat\u0103, fie cu un camper pe feribot, fie zbur\u00e2nd \u00een <a class=\"rank-math-link\" href=\"https:\/\/www.the-travel-bunny.com\/ro\/ghiduri-de-calatorie\/atena-ghid-turistic\/\"><strong>Atena<\/strong><\/a> cu c\u00e2te un rucsac \u0219i mut\u00e2ndu-ne din insul\u0103 \u00een insul\u0103 cu <em>Flying Dolphin<\/em>.<\/p>\n\n\n\n<p>O alt\u0103 chestie pe care am \u00eenv\u0103\u021bat-o este c\u0103 la sf\u00e2r\u0219itul lunii octombrie vremea din Grecia este \u00eenc\u0103 bun\u0103 pentru a purta haine sub\u021biri de plaj\u0103 \u0219i pentru a \u00eenota \u00een mare. A fost prima dat\u0103 c\u00e2nd am stat \u00een Grecia at\u00e2t de t\u00e2rziu \u0219i \u00eemi pot imagina c\u00e2t de uimitoare sunt temperaturile din sudul Peloponezului sau Creta chiar \u0219i mai t\u00e2rziu \u00een toamn\u0103.<\/p>\n\n\n\n<p>\u0218i voi mai ad\u0103uga ceva despre Grecia: mi s-a p\u0103rut incredibil de sigur s\u0103 fiu acolo \u00een 2020, acesta fiind principalul motiv pentru care aceast\u0103 \u021bar\u0103 este pe lista mea de destina\u021bii de vacan\u021b\u0103 \u00een 2021. Adic\u0103, pe l\u00e2ng\u0103 faptul c\u0103 ofer\u0103 acces doar c\u0103l\u0103torilor cu teste PCR negative, oamenii care conduc \u00eentreprinderi chiar au respectat restric\u021biile. <\/p>\n\n\n\n<p>Mai mult, localnicii \u0219i-au f\u0103cut partea lor chiar \u0219i f\u0103r\u0103 ca autorit\u0103\u021bile s\u0103 impun\u0103 m\u0103suri suplimentare. De exemplu, c\u00e2nd am ajuns la Zakynthos, cu doar c\u00e2teva zile \u00eenainte, ei au anun\u021bat c\u00e2teva cazuri. \u0218i \u00eei vedeai deja pe localnici purt\u00e2nd m\u0103\u0219ti afar\u0103. Am v\u0103zut acela\u0219i lucru \u0219i pe Aegina: oameni care purtau m\u0103\u0219ti afar\u0103, mai ales dac\u0103 mergeau pe biciclete sau scutere. \u0218i asta a fost cu pu\u021bin \u00eenainte de a impune reguli mai severe \u00een Attica, care din fericire s-au aplicat imediat dup\u0103 plecarea noastr\u0103.<\/p>\n\n\n\n<p>Deci, \u00een opinia mea, Grecia este una dintre acele destina\u021biile de vacan\u021b\u0103 \u00een 2021 pe care le po\u021bi ad\u0103uga pe lista ta, chiar dac\u0103 haosul de acum nu a trecut complet p\u00e2n\u0103 la sf\u00e2r\u0219itul anului. Cu condi\u021bia s\u0103 respec\u021bi regulile \u0219i s\u0103 faci tot ce \u00ee\u021bi st\u0103 \u00een putin\u021b\u0103 pentru a te men\u021bine \u00een siguran\u021b\u0103 \u0219i a \u00eei proteja \u0219i pe ceilal\u021bi atunci c\u00e2nd c\u0103l\u0103tore\u0219ti. Pentru c\u0103, \u00een calitate de c\u0103l\u0103tori, este datoria noastr\u0103 s\u0103 respect\u0103m \u0219i s\u0103 protej\u0103m localnicii \u0219i locurile pe care le vizit\u0103m, \u00een general.<\/p>\n\n\n\n<p class=\"has-background\" style=\"background-color:#fffaec\">Dac\u0103 \u00ee\u021bi lipse\u0219te \u0219i \u021bie Grecia, \u00ee\u021bi recomand s\u0103 cite\u0219ti (\u0219i\/sau s\u0103 vezi) <em>Zorba Grecul<\/em> \u0219i <em>Mandolina C\u0103pitanului Corelli<\/em> p\u00e2n\u0103 c\u00e2nd vei ajunge \u00een destina\u021biile de vacan\u021b\u0103 \u00een 2021.<\/p>\n\n\n\n<p>F\u0103r\u0103 s\u0103 ne lungim, hai s\u0103 ne facem partea pentru ca aceste momente dificile s\u0103 treac\u0103 mai repede \u0219i, \u00een acest fel, poate putem vizita mai multe destina\u021bii de vacan\u021b\u0103 \u00een 2021. R\u0103m\u00e2i \u00een siguran\u021b\u0103, dar r\u0103m\u00e2i \u0219i plin(\u0103) de speran\u021b\u0103!<\/p>\n\n\n\n<p>Tu la ce destina\u021bii de vacan\u021b\u0103 \u00een 2021 visezi pentru c\u00e2nd este sigur s\u0103 c\u0103l\u0103tore\u0219ti din nou?<\/p>\n\n\n\n<hr class=\"wp-block-separator has-css-opacity is-style-wide\"\/>\n\n\n\n<h2 class=\"wp-block-heading\" id=\"despre-autoare\">Despre autoare<\/h2>\n\n\n\n<div class=\"wp-block-media-text alignwide is-stacked-on-mobile is-vertically-aligned-top\" style=\"grid-template-columns:15% auto\"><figure class=\"wp-block-media-text__media\"><img loading=\"lazy\" decoding=\"async\" width=\"138\" height=\"140\" src=\"https:\/\/www.the-travel-bunny.com\/ro\/wp-content\/uploads\/sites\/2\/2021\/05\/Mirela-Letailleur-or-The-Travel-Bunny.jpg\" alt=\"Mirela Letailleur sau The Travel Bunny\" class=\"wp-image-481 size-full\" title=\"\"><\/figure><div class=\"wp-block-media-text__content\">\n<p><strong><strong><strong>Mirela Letailleur<\/strong><\/strong><\/strong>&nbsp;este un blogger de c\u0103l\u0103torii din Rom\u00e2nia care locuie\u0219te \u00een Sudul Fran\u021bei. Ea scrie pe blogul de c\u0103l\u0103torii The Travel Bunny despre vacan\u021be la pre\u021buri accesibile \u00een Europa. A creat \u0219i c\u00e2teva&nbsp;<a href=\"https:\/\/www.the-travel-bunny.com\/ro\/ghiduri-de-calatorie\/roma-ghid-turistic\/\">ghiduri turistice<\/a>&nbsp;gratuite \u0219i ador\u0103 s\u0103 ia rolul de ghid local c\u00e2nd viziteaz\u0103 ora\u0219e din Rom\u00e2nia cu prieteni str\u0103ini. Iubitoare de cafea.<\/p>\n\n\n\n<p class=\"has-text-align-right has-small-font-size\"><a href=\"https:\/\/www.the-travel-bunny.com\/ro\/despre-travel-bunny\/mirela-letailleur\/\" class=\"rank-math-link\">Mai multe despre Mirela Letailleur<\/a><\/p>\n<\/div><\/div>\n\n\n<div class=\"wp-block-scriptless-social-sharing-buttons\"><div class=\"scriptlesssocialsharing\"><div class=\"scriptlesssocialsharing__buttons no-icons\"><a class=\"button facebook\" target=\"_blank\" href=\"https:\/\/www.facebook.com\/sharer\/sharer.php?u=https%3A%2F%2Fwww.the-travel-bunny.com%2Fro%2Fdestinatii-de-vacanta-in-2021%2F\" rel=\"noopener noreferrer nofollow\"><span class=\"sss-name\"><span class=\"screen-reader-text\">Share on <\/span>Facebook<\/span><\/a><a class=\"button twitter\" target=\"_blank\" href=\"https:\/\/twitter.com\/intent\/tweet?text=Cele%20mai%20bune%20destina%C8%9Bii%20de%20vacan%C8%9B%C4%83%20%C3%AEn%202021&#038;url=https%3A%2F%2Fwww.the-travel-bunny.com%2Fro%2Fdestinatii-de-vacanta-in-2021%2F&#038;via=mirela_iepurela&#038;related=mirela_iepurela\" rel=\"noopener noreferrer nofollow\"><span class=\"sss-name\"><span class=\"screen-reader-text\">Share on <\/span>X (Twitter)<\/span><\/a><a class=\"button pinterest\" target=\"_blank\" href=\"https:\/\/pinterest.com\/pin\/create\/button\/?url=https%3A%2F%2Fwww.the-travel-bunny.com%2Fro%2Fdestinatii-de-vacanta-in-2021%2F&#038;media=https%3A%2F%2Fwww.the-travel-bunny.com%2Fro%2Fwp-content%2Fuploads%2Fsites%2F2%2F2021%2F05%2Fdestinatii-de-vacanta-in-2021.jpg&#038;description=Cele%20mai%20bune%20destina%C8%9Bii%20de%20vacan%C8%9B%C4%83%20%C3%AEn%202021\" rel=\"noopener noreferrer nofollow\" data-pin-no-hover=\"true\" data-pin-custom=\"true\" data-pin-do=\"skip\" data-pin-description=\"Cele mai bune destina\u021bii de vacan\u021b\u0103 \u00een 2021\"><span class=\"sss-name\"><span class=\"screen-reader-text\">Share on <\/span>Pinterest<\/span><\/a><a class=\"button whatsapp\" target=\"_blank\" href=\"https:\/\/api.whatsapp.com\/send?text=Cele%20mai%20bune%20destina%C8%9Bii%20de%20vacan%C8%9B%C4%83%20%C3%AEn%202021%20%E2%80%94%20https%3A%2F%2Fwww.the-travel-bunny.com%2Fro%2Fdestinatii-de-vacanta-in-2021%2F\" rel=\"noopener noreferrer nofollow\"><span class=\"sss-name\"><span class=\"screen-reader-text\">Share on <\/span>WhatsApp<\/span><\/a><a class=\"button email\" href=\"mailto:?body=Am%20citit%20acest%20articol%20de%20vacan%C8%9B%C4%83%20%C8%99i%20m-am%20g%C3%A2ndit%20la%20tine.%20Iat%C4%83%20%C8%99i%20link-ul%3A%20https%3A%2F%2Fwww.the-travel-bunny.com%2Fro%2Fdestinatii-de-vacanta-in-2021%2F&#038;subject=Promit%20c%C4%83%20o%20s%C4%83%20%C3%AE%C8%9Bi%20plac%C4%83%3A%20Cele%20mai%20bune%20destina%C8%9Bii%20de%20vacan%C8%9B%C4%83%20%C3%AEn%202021\" rel=\"noopener noreferrer nofollow\" ><span class=\"sss-name\"><span class=\"screen-reader-text\">Share on <\/span>Email<\/span><\/a><\/div><\/div><\/div>\n\n\n<p class=\"has-small-font-size\"><strong>Alte articole pe care \u021bi le recomand de pe blogul de c\u0103l\u0103torii The Travel Bunny<\/strong><br><a class=\"rank-math-link\" href=\"https:\/\/www.the-travel-bunny.com\/ro\/industria-turismului-in-viitor\/\">Unde va fi industria turismului peste 1 an?<\/a><br><a href=\"https:\/\/www.the-travel-bunny.com\/ro\/vacanta-de-vara-cu-familia\/\">De ce s\u0103 planifici o vacan\u021b\u0103 de var\u0103 cu familia \u00een 2021<\/a><br><a href=\"https:\/\/www.the-travel-bunny.com\/ro\/cele-mai-vizitate-atractii-turistice\/\">Top 50 cele mai vizitate atrac\u021bii turistice din lume<\/a><\/p>\n","protected":false},"excerpt":{"rendered":"<p>\u0218tiu c\u0103 lucrurile nu stau bine pentru c\u0103l\u0103tori \u00een zilele noastre, dar nu stric\u0103 s\u0103 visezi pu\u021bin, nu? De asemenea, sunt con\u0219tient\u0103 de faptul c\u0103 toate aceste restric\u021bii care sunt puse pentru a ne p\u0103stra pe to\u021bi \u00een siguran\u021b\u0103 s-ar putea s\u0103 devin\u0103 \u0219i mai severe, a\u0219a c\u0103 vizitarea oric\u0103rei destina\u021bii de vacan\u021b\u0103 \u00een 2021 va fi un bonus nea\u0219teptat. Acestea fiind spuse, s\u0103 vis\u0103m pu\u021bin \u0219i s\u0103 ne prefacem un pic c\u0103 totul este \u00een regul\u0103. A\u0219adar, continu\u0103 s\u0103 cite\u0219ti pentru a descoperi care ar fi cele mai bune destina\u021bii de vacan\u021b\u0103 \u00een 2021 pentru mine sau, cu alte &#8230; <\/p>\n<p class=\"read-more-container\"><a title=\"Cele mai bune destina\u021bii de vacan\u021b\u0103 \u00een 2021\" class=\"read-more button\" href=\"https:\/\/www.the-travel-bunny.com\/ro\/destinatii-de-vacanta-in-2021\/#more-1393\" aria-label=\"Cite\u0219te mai multe despre Cele mai bune destina\u021bii de vacan\u021b\u0103 \u00een 2021\">Read more<\/a><\/p>\n","protected":false},"author":190,"featured_media":2860,"comment_status":"closed","ping_status":"closed","sticky":false,"template":"","format":"standard","meta":{"footnotes":""},"categories":[22],"tags":[100,80,54],"class_list":["post-1393","post","type-post","status-publish","format-standard","has-post-thumbnail","hentry","category-europa","tag-continut-sponsorizat","tag-marea-ionica","tag-vacante-pentru-gurmanzi","resize-featured-image"],"_links":{"self":[{"href":"https:\/\/www.the-travel-bunny.com\/ro\/wp-json\/wp\/v2\/posts\/1393","targetHints":{"allow":["GET"]}}],"collection":[{"href":"https:\/\/www.the-travel-bunny.com\/ro\/wp-json\/wp\/v2\/posts"}],"about":[{"href":"https:\/\/www.the-travel-bunny.com\/ro\/wp-json\/wp\/v2\/types\/post"}],"author":[{"embeddable":true,"href":"https:\/\/www.the-travel-bunny.com\/ro\/wp-json\/wp\/v2\/users\/190"}],"replies":[{"embeddable":true,"href":"https:\/\/www.the-travel-bunny.com\/ro\/wp-json\/wp\/v2\/comments?post=1393"}],"version-history":[{"count":4,"href":"https:\/\/www.the-travel-bunny.com\/ro\/wp-json\/wp\/v2\/posts\/1393\/revisions"}],"predecessor-version":[{"id":11582,"href":"https:\/\/www.the-travel-bunny.com\/ro\/wp-json\/wp\/v2\/posts\/1393\/revisions\/11582"}],"wp:featuredmedia":[{"embeddable":true,"href":"https:\/\/www.the-travel-bunny.com\/ro\/wp-json\/wp\/v2\/media\/2860"}],"wp:attachment":[{"href":"https:\/\/www.the-travel-bunny.com\/ro\/wp-json\/wp\/v2\/media?parent=1393"}],"wp:term":[{"taxonomy":"category","embeddable":true,"href":"https:\/\/www.the-travel-bunny.com\/ro\/wp-json\/wp\/v2\/categories?post=1393"},{"taxonomy":"post_tag","embeddable":true,"href":"https:\/\/www.the-travel-bunny.com\/ro\/wp-json\/wp\/v2\/tags?post=1393"}],"curies":[{"name":"wp","href":"https:\/\/api.w.org\/{rel}","templated":true}]}}