{"id":4293,"date":"2021-08-09T08:00:00","date_gmt":"2021-08-09T08:00:00","guid":{"rendered":"https:\/\/www.the-travel-bunny.com\/ro\/?p=4293"},"modified":"2026-01-30T08:50:07","modified_gmt":"2026-01-30T08:50:07","slug":"sfaturi-de-calatorie-dupa-vaccinare","status":"publish","type":"post","link":"https:\/\/www.the-travel-bunny.com\/ro\/sfaturi-de-calatorie-dupa-vaccinare\/","title":{"rendered":"Sfaturi de c\u0103l\u0103torie dup\u0103 vaccinare pentru vacan\u021be \u00een pandemie"},"content":{"rendered":"\n<div class=\"wp-block-columns is-layout-flex wp-container-core-columns-is-layout-9d6595d7 wp-block-columns-is-layout-flex\">\n<div class=\"wp-block-column is-vertically-aligned-center is-layout-flow wp-block-column-is-layout-flow\">\n<p>Dup\u0103 ce am stat acas\u0103 aproape un an \u00eentreg din cauza pandemiei, ne dorim cu to\u021bii s\u0103 c\u0103l\u0103torim.&nbsp;Fie c\u0103 iube\u0219ti s\u0103 mergi \u00een str\u0103in\u0103tate sau vrei s\u0103-\u021bi vezi prietenul care locuie\u0219te \u00een alt jude\u021b, pun pariu c\u0103 abia a\u0219tep\u021bi s\u0103 urci \u00eentr-un avion sau tren \u0219i s\u0103 c\u0103l\u0103tore\u0219ti departe. Cum mai multe \u021b\u0103ri se deschid, po\u021bi \u00eencepe s\u0103 \u00ee\u021bi faci planuri pentru a \u00eencepe c\u0103l\u0103toria c\u00e2t mai cur\u00e2nd posibil.&nbsp;Cu toate acestea, pandemia nu s-a \u00eencheiat \u00eenc\u0103, a\u0219a c\u0103 orice c\u0103l\u0103torie dup\u0103 vaccinare vine cu anumite precau\u021bii.<\/p>\n<\/div>\n\n\n\n<div class=\"wp-block-column is-vertically-aligned-center is-layout-flow wp-block-column-is-layout-flow\">\n<div class=\"wp-block-rank-math-toc-block\" id=\"rank-math-toc\"><h2>Sfaturi de c\u0103l\u0103torie dup\u0103 vaccinare<\/h2><nav><ul><li class=\"\"><a href=\"#cand-sa-planifici-o-calatorie-dupa-vaccinare\">C\u00e2nd s\u0103 planifici o c\u0103l\u0103torie dup\u0103 vaccinare<\/a><\/li><li class=\"\"><a href=\"#calatorii-cu-ma\u0219ina-in-pandemie\">C\u0103l\u0103torii cu ma\u0219ina \u00een pandemie<\/a><ul><li class=\"\"><a href=\"#limiteaza-numarul-pasagerilor\">Limiteaz\u0103 num\u0103rul pasagerilor<\/a><\/li><\/ul><\/li><li class=\"\"><a href=\"#calatorii-cu-avionul-in-pandemie\">C\u0103l\u0103torii cu avionul \u00een pandemie<\/a><\/li><li class=\"\"><a href=\"#cazare-in-timpul-pandemiei\">Cazare \u00een timpul pandemiei<\/a><\/li><li class=\"\"><a href=\"#faq-question-1637147639960\">Pot c\u0103l\u0103tori dup\u0103 vaccinul COVID?\u0218i este sigur s\u0103 c\u0103l\u0103tore\u0219ti dup\u0103 vaccinul COVID?<\/a><\/li><li class=\"\"><a href=\"#faq-question-1637147996208\">Unde po\u021bi c\u0103l\u0103tori f\u0103r\u0103 restric\u021bii?<\/a><\/li><li class=\"\"><a href=\"#sfaturi-de-calatorie-dupa-vaccinare-de-la\">Sfaturi de c\u0103l\u0103torie dup\u0103 vaccinare de la\u2026<\/a><\/li><\/ul><\/nav><\/div>\n<\/div>\n<\/div>\n\n\n\n<p>Mul\u021bi oameni sunt deja vaccina\u021bi acum cu schema complet\u0103.&nbsp;Cu toate acestea, exist\u0103 \u00eenc\u0103 pericole.&nbsp;Din p\u0103cate, vaccinarea nu \u00eenseamn\u0103 c\u0103 e\u0219ti 100% protejat(\u0103) de virus.&nbsp;Suntem \u00eenc\u0103 \u00een mijlocul unei pandemii, chiar dac\u0103 ai voie s\u0103 mergi din nou la restaurantele preferate.&nbsp;C\u0103l\u0103toria \u00een aceast\u0103 perioad\u0103 necesit\u0103 o abordare mai prudent\u0103 dec\u00e2t \u00eenainte, dar po\u021bi pleca \u00een c\u0103l\u0103torie dup\u0103 vaccinare \u0219i reduce la minimum riscurile pentru tine \u0219i pentru ceilal\u021bi.<\/p>\n\n\n\n<p class=\"has-pale-cyan-blue-background-color has-background has-small-font-size\"><strong>Not\u0103:<\/strong>&nbsp;Unele dintre linkurile de mai jos sunt linkuri c\u0103tre ofertele partenerilor mei.&nbsp;Aceasta \u00eenseamn\u0103 c\u0103, f\u0103r\u0103 costuri suplimentare pentru tine, The Travel Bunny va c\u00e2\u0219tiga un mic comision dac\u0103 achizi\u021bionezi un produs.&nbsp;Mul\u021bumesc!<\/p>\n\n\n\n<hr class=\"wp-block-separator has-css-opacity\"\/>\n\n\n<div class=\"wp-block-image\">\n<figure class=\"aligncenter size-full\"><img loading=\"lazy\" decoding=\"async\" width=\"792\" height=\"294\" src=\"https:\/\/www.the-travel-bunny.com\/ro\/wp-content\/uploads\/sites\/2\/2021\/11\/sfaturi-de-calatorie-dupa-vaccinare.jpg\" alt=\"sfaturi de calatorie dupa vaccinare\" class=\"wp-image-4482\" title=\"plan de c\u0103l\u0103torie dup\u0103 vaccinare\" srcset=\"https:\/\/www.the-travel-bunny.com\/ro\/wp-content\/uploads\/sites\/2\/2021\/11\/sfaturi-de-calatorie-dupa-vaccinare.jpg 792w, https:\/\/www.the-travel-bunny.com\/ro\/wp-content\/uploads\/sites\/2\/2021\/11\/sfaturi-de-calatorie-dupa-vaccinare-300x111.jpg 300w, https:\/\/www.the-travel-bunny.com\/ro\/wp-content\/uploads\/sites\/2\/2021\/11\/sfaturi-de-calatorie-dupa-vaccinare-768x285.jpg 768w\" sizes=\"auto, (max-width: 792px) 100vw, 792px\" \/><figcaption class=\"wp-element-caption\"><em>Realizarea planului de c\u0103l\u0103torie dup\u0103 vaccinare<\/em><\/figcaption><\/figure>\n<\/div>\n\n\n<h2 class=\"wp-block-heading\" id=\"cand-sa-planifici-o-calatorie-dupa-vaccinare\">C\u00e2nd s\u0103 planifici o c\u0103l\u0103torie dup\u0103 vaccinare<\/h2>\n\n\n\n<p>C\u00e2nd \u00eencepi planul de c\u0103l\u0103torie dup\u0103 vaccinare, indiferent dac\u0103 faci o c\u0103l\u0103torie scurt\u0103 sau te mu\u021bi \u00een alt ora\u0219, ar trebui s\u0103 fii proactiv(\u0103).&nbsp;Ia \u00een considerare unde mergi, astfel \u00eenc\u00e2t s\u0103 \u0219tii dac\u0103 este posibil ca persoanele cu care vei fi \u00een contact s\u0103 fi fost vaccinate sau nu.&nbsp;Multe \u021b\u0103ri au eliminat purtatul m\u0103\u0219tilor sanitate chiar \u0219i pentru cei care nu sunt vaccina\u021bi, deci este important s\u0103 \u0219tii c\u0103 po\u021bi reprezenta un risc mai ridicat pentru aceste persoane.<\/p>\n\n\n\n<p>De asemenea, ar trebui s\u0103 iei \u00een considerare cine merge cu tine \u00een aceast\u0103 c\u0103l\u0103torie dup\u0103 vaccinare.&nbsp;Chiar dac\u0103 sunt vaccina\u021bi, vezi dac\u0103 aceast\u0103 vacan\u021b\u0103 este riscant\u0103 pentru ei.&nbsp;(Pe l\u00e2ng\u0103 c\u0103 e vorba de oameni dragi care au de suferit, nimeni nu va petrece un concediu pl\u0103cut dac\u0103 trebuie petrecut \u00een carantin\u0103 sau, \u0219i mai r\u0103u, la spital.) De exemplu, cei cu astm \u0219i alte afec\u021biuni de s\u0103n\u0103tate sunt considera\u021bi cu risc ridicat, indiferent dac\u0103 sunt vaccina\u021bi sau nu.<\/p>\n\n\n\n<p>Nu spunem c\u0103 trebuie s\u0103 fii la fel de strict(\u0103) ca \u0219i \u00een iunie anul trecut.&nbsp;Cu toate acestea, este \u00eenc\u0103 important s\u0103 te asigura\u021bi c\u0103 sunte\u021bi \u00een siguran\u021b\u0103 indiferent de motive.&nbsp;Dac\u0103 vei fi aproape de str\u0103ini, p\u0103streaz\u0103 distan\u021ba de siguran\u021b\u0103 \u0219i poart\u0103 masca \u00een interior sau \u00een spa\u021biile aglomerate din aer liber. De asemenea, spal\u0103-te frecvent pe m\u00e2ini \u0219i nu \u00ee\u021bi atinge fa\u021ba.<\/p>\n\n\n\n<hr class=\"wp-block-separator has-css-opacity\"\/>\n\n\n<div class=\"wp-block-image\">\n<figure class=\"aligncenter size-full\"><img loading=\"lazy\" decoding=\"async\" width=\"792\" height=\"294\" src=\"https:\/\/www.the-travel-bunny.com\/ro\/wp-content\/uploads\/sites\/2\/2021\/11\/sfaturi-de-vacanta-in-pandemie.jpg\" alt=\"sfaturi de vacanta in pandemie\" class=\"wp-image-4483\" title=\"conducerea dup\u0103 vaccinul covid necesar pentru c\u0103l\u0103torie\" srcset=\"https:\/\/www.the-travel-bunny.com\/ro\/wp-content\/uploads\/sites\/2\/2021\/11\/sfaturi-de-vacanta-in-pandemie.jpg 792w, https:\/\/www.the-travel-bunny.com\/ro\/wp-content\/uploads\/sites\/2\/2021\/11\/sfaturi-de-vacanta-in-pandemie-300x111.jpg 300w, https:\/\/www.the-travel-bunny.com\/ro\/wp-content\/uploads\/sites\/2\/2021\/11\/sfaturi-de-vacanta-in-pandemie-768x285.jpg 768w\" sizes=\"auto, (max-width: 792px) 100vw, 792px\" \/><figcaption class=\"wp-element-caption\"><em>C\u0103l\u0103torii dup\u0103 vaccinare cu ma\u0219ina<\/em><\/figcaption><\/figure>\n<\/div>\n\n\n<h2 class=\"wp-block-heading\" id=\"calatorii-cu-ma\u0219ina-in-pandemie\">C\u0103l\u0103torii cu ma\u0219ina \u00een pandemie<\/h2>\n\n\n\n<p>Mul\u021bi oameni aleg s\u0103 renun\u021be la avioane \u0219i s\u0103 c\u0103l\u0103toreasc\u0103 cu ma\u0219ina, mai ales dac\u0103 prefer\u0103 s\u0103 admire peisaje \u00een ciuda timpului de deplasare mai \u00eendelungat.&nbsp;Condusul devine acum o variant\u0103 mai sigur\u0103, deoarece \u00een timpul deplas\u0103rii vei fi doar \u00een preajma celor din cercul apropiat, cum ar fi membrii familiei \u0219i prietenii.&nbsp;C\u0103l\u0103torind cu un grup mai mic, este mai pu\u021bin probabil s\u0103 iei microbi \u0219i mai u\u0219or s\u0103 g\u0103se\u0219ti modalit\u0103\u021bi de a p\u0103stra normele de igien\u0103 ridicate.<\/p>\n\n\n\n<p>\u00cenainte de a pleca la drum, cur\u0103\u021b\u0103 \u0219i dezinfecteaz\u0103 vehiculul pe care \u00eel vei\/ve\u021bi folosi pentru aventura ta\/voastr\u0103 de c\u0103l\u0103torie dup\u0103 vaccinare.&nbsp;\u0218terge toate suprafe\u021bele din ma\u0219in\u0103 \u0219i piesele pe care oamenii le vor atinge cel mai des, cum ar fi centurile de siguran\u021b\u0103 \u0219i m\u00e2nerele u\u0219ilor. Ar trebui s\u0103 p\u0103strezi \u0219i c\u00e2teva \u0219erve\u021bele antibacteriene \u0219i gel dezinfectant la \u00eendem\u00e2n\u0103, astfel \u00eenc\u00e2t s\u0103 pute\u021bi continua s\u0103 \u0219terge\u021bi interiorul ma\u0219inii la nevoie.<\/p>\n\n\n\n<div style=\"height:10px\" aria-hidden=\"true\" class=\"wp-block-spacer\"><\/div>\n\n\n\n<h3 class=\"wp-block-heading\" id=\"limiteaza-numarul-pasagerilor\">Limiteaz\u0103 num\u0103rul pasagerilor<\/h3>\n\n\n\n<p>Po\u021bi limita num\u0103rul de persoane care c\u0103l\u0103toresc cu tine \u00een ma\u0219in\u0103 \u0219i, de asemenea, nu stric\u0103 s\u0103 purta\u021bi \u0219i m\u0103\u0219ti.&nbsp;Re\u021bine c\u0103, de\u0219i tu e\u0219ti vaccinat(\u0103), prietenii t\u0103i s-ar putea s\u0103 nu fie, deci pot lua mult mai u\u0219or virusul, chiar \u0219i de la tine, care poate e\u0219ti purt\u0103tor f\u0103r\u0103 simptome.<\/p>\n\n\n\n<p>Indiferent unde v\u0103 \u00eendrepta\u021bi, ar trebui s\u0103 desemnezi o persoan\u0103 care s\u0103 se ocupe de lucruri precum alimentarea cu combustibil \u0219i achizi\u021bionarea snacksurilor, astfel \u00eenc\u00e2t toat\u0103 lumea s\u0103 nu fie expus\u0103 simultan \u00een mod inutil.&nbsp;Acesta persoan\u0103 ar trebui s\u0103 fie, de preferin\u021b\u0103, cineva deja vaccinat.&nbsp;La urma urmei, nu \u0219tii c\u00e2te persoane dintr-un loc nou sunt vaccinate \u0219i s-ar putea s\u0103 nu \u0219tii nici c\u00e2t de prevalent este virusul acolo.<\/p>\n\n\n\n<hr class=\"wp-block-separator has-css-opacity\"\/>\n\n\n<div class=\"wp-block-image\">\n<figure class=\"aligncenter size-full\"><img loading=\"lazy\" decoding=\"async\" width=\"792\" height=\"294\" src=\"https:\/\/www.the-travel-bunny.com\/ro\/wp-content\/uploads\/sites\/2\/2021\/11\/restrictii-de-calatorie-in-avion.jpg\" alt=\"restrictii de calatorie in avion\" class=\"wp-image-4484\" title=\"restric\u021bii de c\u0103l\u0103torie cu vaccin covid pentru luarea avionului\" srcset=\"https:\/\/www.the-travel-bunny.com\/ro\/wp-content\/uploads\/sites\/2\/2021\/11\/restrictii-de-calatorie-in-avion.jpg 792w, https:\/\/www.the-travel-bunny.com\/ro\/wp-content\/uploads\/sites\/2\/2021\/11\/restrictii-de-calatorie-in-avion-300x111.jpg 300w, https:\/\/www.the-travel-bunny.com\/ro\/wp-content\/uploads\/sites\/2\/2021\/11\/restrictii-de-calatorie-in-avion-768x285.jpg 768w\" sizes=\"auto, (max-width: 792px) 100vw, 792px\" \/><figcaption class=\"wp-element-caption\"><em>C\u0103l\u0103torie dup\u0103 vaccinare: atunci c\u00e2nd iei avionul, te po\u021bi confrunta cu restric\u021bii de c\u0103l\u0103torie mai severe<\/em><\/figcaption><\/figure>\n<\/div>\n\n\n<h2 class=\"wp-block-heading\" id=\"calatorii-cu-avionul-in-pandemie\">C\u0103l\u0103torii cu avionul \u00een pandemie<\/h2>\n\n\n\n<p>Acum c\u0103 mai mul\u021bi oameni sunt vaccina\u021bi, zborurile nu au r\u0103mas la fel de ieftine ca anul trecut.&nbsp;Cu toate acestea, acum sunt mai mul\u021bi c\u0103l\u0103tori care aleg s\u0103 se deplaseze cu avionul, deci este important s\u0103 te protejezi \u00een continuare, chiar dac\u0103 e\u0219ti vaccinat(\u0103).&nbsp;Dac\u0103 decizi s\u0103 zbori cu avionul la destina\u021bie, va trebui s\u0103 por\u021bi masc\u0103 at\u00e2t pe aeroport, c\u00e2t \u0219i \u00een aeronav\u0103.<\/p>\n\n\n\n<p>Aeroporturile sunt aglomerate \u0219i pline de oameni sosi\u021bi din locuri diferite, a\u0219a c\u0103 ia-\u021bi m\u0103suri de precau\u021bie pentru c\u0103l\u0103torie dup\u0103 vaccinare \u0219i c\u00e2nd te afli \u00een <a href=\"https:\/\/www.the-travel-bunny.com\/ro\/ghiduri-de-calatorie\/atena-ghid-turistic\/cum-ajungi-in-atena-de-la-aeroport\/\">aeroport<\/a>.&nbsp;De exemplu, spal\u0103-te pe m\u00e2ini dup\u0103 manipularea banilor sau cardului \u0219i \u00eenainte de a m\u00e2nca \u0219i p\u0103streaz\u0103 distan\u021b de siguran\u021b\u0103.<\/p>\n\n\n\n<p>Din fericire, avioanele au filtre HEPA care cur\u0103\u021b\u0103 aerul.&nbsp;De c\u00e2nd a lovit pandemia, companiile aeriene au \u00eenceput s\u0103 cure\u021be mai temeinic avioanele (sau cel pu\u021bin a\u0219a pretind) pentru a oferi mai mult\u0103 siguran\u021b\u0103 pasagerilor care pleac\u0103 \u00een c\u0103l\u0103torie dup\u0103 vaccinare sau testare.<\/p>\n\n\n\n<hr class=\"wp-block-separator has-css-opacity\"\/>\n\n\n<div class=\"wp-block-image\">\n<figure class=\"aligncenter size-full\"><img loading=\"lazy\" decoding=\"async\" width=\"792\" height=\"294\" src=\"https:\/\/www.the-travel-bunny.com\/ro\/wp-content\/uploads\/sites\/2\/2021\/11\/cazare-vacanta-in-pandemie.jpg\" alt=\"cazare vacanta in pandemie\" class=\"wp-image-4485\" title=\"liniile directoare de c\u0103l\u0103torie pe CD\" srcset=\"https:\/\/www.the-travel-bunny.com\/ro\/wp-content\/uploads\/sites\/2\/2021\/11\/cazare-vacanta-in-pandemie.jpg 792w, https:\/\/www.the-travel-bunny.com\/ro\/wp-content\/uploads\/sites\/2\/2021\/11\/cazare-vacanta-in-pandemie-300x111.jpg 300w, https:\/\/www.the-travel-bunny.com\/ro\/wp-content\/uploads\/sites\/2\/2021\/11\/cazare-vacanta-in-pandemie-768x285.jpg 768w\" sizes=\"auto, (max-width: 792px) 100vw, 792px\" \/><figcaption class=\"wp-element-caption\"><em>Urmeaz\u0103 sfaturi de c\u0103l\u0103torie dup\u0103 vaccinare pentru a rezerva cazare \u00een condi\u021bii de siguran\u021b\u0103<\/em><\/figcaption><\/figure>\n<\/div>\n\n\n<h2 class=\"wp-block-heading\" id=\"cazare-in-timpul-pandemiei\">Cazare \u00een timpul pandemiei<\/h2>\n\n\n\n<p>C\u00e2nd c\u0103l\u0103tore\u0219ti pentru mai multe zile, trebuie s\u0103 te \u0219i cazezi undeva.&nbsp;Ai de ales \u00eentre hoteluri \u0219i apartamente sau chiar vile \u0219i oricare dintre acestea poate fi o cazare sigur\u0103 \u00een timpul pandemiei.&nbsp;Sunt mai sigure dac\u0103 e\u0219ti vaccinat(\u0103), dar asta nu \u00eenseamn\u0103 c\u0103 e\u0219ti pe deplin protejat(\u0103).&nbsp;Dac\u0103 dore\u0219ti s\u0103 fii extrem de precaut(\u0103) \u00eentr-o c\u0103l\u0103torie dup\u0103 vaccinare, \u00ee\u021bi po\u021bi dezinfecta camera de hotel sau apartamentul \u00eenchiriat\/vila \u00eenchiriat\u0103 imediat ce ajungi acolo, pentru a te asigura c\u0103 vei dormi \u00eentr-un spa\u021biu curat \u0219i sigur.<\/p>\n\n\n\n<p>Majoritatea caz\u0103rilor au avut un protocol de cur\u0103\u021bare \u00eenc\u0103 de la \u00eenceputul pandemiei \u0219i au continuat s\u0103 \u00eel urmeze.&nbsp;Dac\u0103 te \u00eengrijoreaz\u0103 cur\u0103\u021benia locului \u00een care te cazezi, po\u021bi \u00eentreba c\u00e2t de des cur\u0103\u021b\u0103 camerele \u0219i cum.<\/p>\n\n\n\n<hr class=\"wp-block-separator has-css-opacity\"\/>\n\n\n<div id=\"rank-math-faq\" class=\"rank-math-block\">\n<div class=\"rank-math-list \">\n<div id=\"faq-question-1637147639960\" class=\"rank-math-list-item\">\n<h2 class=\"rank-math-question \">Pot c\u0103l\u0103tori dup\u0103 vaccinul COVID?<br>\u0218i este sigur s\u0103 c\u0103l\u0103tore\u0219ti dup\u0103 vaccinul COVID?<\/h2>\n<div class=\"rank-math-answer \">\n<img loading=\"lazy\" decoding=\"async\" width=\"792\" height=\"294\" src=\"https:\/\/www.the-travel-bunny.com\/ro\/wp-content\/uploads\/sites\/2\/2021\/11\/cand-poti-calatori-dupa-vaccin.jpg\" class=\"alignright\" alt=\"cand poti calatori dupa vaccin\" title=\"\">\n<p>At\u00e2ta timp c\u00e2t e\u0219ti vaccinat(\u0103) cu schema complet\u0103, ceea ce \u00eenseamn\u0103 c\u0103 au trecut cel pu\u021bin 7 zile de la ultima doz\u0103, atunci se consider\u0103, \u00een general, c\u0103 este sigur s\u0103 c\u0103l\u0103tore\u0219ti.\u00a0\u00cen cele din urm\u0103, depinde de tine dac\u0103 vrei sau nu s\u0103 \u00eencerci o c\u0103l\u0103torie dup\u0103 vaccinare.\u00a0Vaccinul face c\u0103l\u0103toria mai sigur\u0103, deci dac\u0103 nu e\u0219ti vaccinat(\u0103), este o idee bun\u0103 s\u0103 te asiguri c\u0103 te vaccinezi cu toate dozele \u00eenainte de urm\u0103toarea c\u0103l\u0103torie \u00een pandemie.<\/p>\n<p>Dac\u0103 nu e\u0219ti vaccinat(\u0103), depinde de tine c\u00e2t de sigur\u0103 \u00ee\u021bi va di vacan\u021ba \u00een pandemie.\u00a0Trebuie s\u0103 te protejezi dac\u0103 nu ai primit vaccinul \u0219i unele <a href=\"https:\/\/www.the-travel-bunny.com\/ro\/destinatii-de-vacanta-in-australia\/\">destina\u021bii<\/a> au restric\u021bii de c\u0103l\u0103torie care sunt ridicate doar pentru cei care au vaccinul anti-COVID.\u00a0Dac\u0103 e\u0219ti considerat(\u0103) parte dintr-o categorie de risc ridicat, este momentul s\u0103 \u00ee\u021bi programezi vaccinul, astfel \u00eenc\u00e2t s\u0103 ai \u0219anse mai mari s\u0103 r\u0103m\u00e2i s\u0103n\u0103tos\/s\u0103n\u0103toas\u0103, c\u00e2t timp continu\u0103m s\u0103 lupt\u0103m \u00eempotriva virusului.<\/p>\n<p>Indiferent dac\u0103 e\u0219ti vaccinat(\u0103) sau nu, este important ca persoanele care c\u0103l\u0103toresc interna\u021bional s\u0103 acorde aten\u021bie \u0219tirilor legate de virusul de la destina\u021bia c\u0103tre care se \u00eendreapt\u0103.\u00a0Odat\u0103 cu r\u0103sp\u00e2ndirea de noi variante, nu \u0219tii la ce s\u0103 te a\u0219tep\u021bi dac\u0103 nu te informezi corespunz\u0103tor.<\/p>\n\n<\/div>\n<\/div>\n<\/div>\n<\/div>\n\n\n<p><\/p>\n\n\n\n<hr class=\"wp-block-separator has-css-opacity\"\/>\n\n\n<div id=\"rank-math-faq\" class=\"rank-math-block\">\n<div class=\"rank-math-list \">\n<div id=\"faq-question-1637147996208\" class=\"rank-math-list-item\">\n<h2 class=\"rank-math-question \">Unde po\u021bi c\u0103l\u0103tori f\u0103r\u0103 restric\u021bii?<\/h2>\n<div class=\"rank-math-answer \">\n\n<p>Multe \u021b\u0103ri din \u00eentreaga lume \u00ee\u0219i redeschid \u00eencet frontierele pentru c\u0103l\u0103torii interna\u021bionali;\u00a0\u0219i, de\u0219i m\u0103\u0219tile, distan\u021barea social\u0103, testele \u0219i restric\u021biile COVID vor r\u0103m\u00e2ne probabil de baz\u0103 pentru o perioad\u0103 \u00eendelungat\u0103 de timp, exist\u0103 mai multe <a href=\"https:\/\/www.the-travel-bunny.com\/ro\/destinatii-ecoturistice\/\">destina\u021bii<\/a> deschise acum \u00een compara\u021bie cu \u200b\u200bultimele 18 luni.<\/p>\n<p><strong>Pentru toate destina\u021biile \u00een care po\u021bi c\u0103l\u0103tori f\u0103r\u0103 restric\u021bii chiar acum, consult\u0103 platforma gratuit\u0103 <a href=\"https:\/\/borderless.safetywing.com\/?referenceID=thetravelbunny&amp;utm_source=thetravelbunny&amp;utm_medium=Ambassador\" target=\"_blank\" rel=\"noreferrer noopener sponsored\">BORDERLESS<\/a> creat\u0103 de SafetyWing.<\/strong> \u0218i oriunde te hot\u0103r\u0103\u0219ti s\u0103 mergi, r\u0103m\u00e2i \u00een siguran\u021b\u0103!<\/p>\n\n<\/div>\n<\/div>\n<\/div>\n<\/div>\n\n\n<hr class=\"wp-block-separator has-css-opacity\"\/>\n\n\n\n<h2 class=\"wp-block-heading\" id=\"sfaturi-de-calatorie-dupa-vaccinare-de-la\">Sfaturi de c\u0103l\u0103torie dup\u0103 vaccinare de la\u2026<\/h2>\n\n\n\n<div class=\"wp-block-media-text alignwide is-stacked-on-mobile\" style=\"grid-template-columns:15% auto\"><figure class=\"wp-block-media-text__media\"><img loading=\"lazy\" decoding=\"async\" width=\"138\" height=\"138\" src=\"https:\/\/www.the-travel-bunny.com\/ro\/wp-content\/uploads\/sites\/2\/2021\/11\/matt-casadona-autor-pe-blogul-de-calatorii-the-travel-bunny.jpg\" alt=\"matt casadona autor pe blogul de calatorii the travel bunny\" class=\"wp-image-4487 size-full\" title=\"\"><\/figure><div class=\"wp-block-media-text__content\">\n<p><strong>Matt Casadona<\/strong>&nbsp;este licen\u021biat \u00een administrarea afacerilor, cu focus pe marketing \u0219i psihologie.&nbsp;Matt este pasionat de marketing \u0219i strategii de afaceri \u0219i se bucur\u0103 de via\u021ba din San Diego, de c\u0103l\u0103torii \u0219i de muzic\u0103.<\/p>\n<\/div><\/div>\n\n\n\n<p class=\"has-background\" style=\"background-color:#d5edfb\">\u0218i tu po\u021bi scrie pe blogul de c\u0103l\u0103torii The Travel Bunny. Afl\u0103 <a href=\"https:\/\/www.the-travel-bunny.com\/ro\/despre-travel-bunny\/contribuitor-blog\/\" data-type=\"page\" data-id=\"30\">cum po\u021bi deveni contribuitor<\/a>!<\/p>\n\n\n<div class=\"wp-block-scriptless-social-sharing-buttons\"><div class=\"scriptlesssocialsharing\"><div class=\"scriptlesssocialsharing__buttons no-icons\"><a class=\"button facebook\" target=\"_blank\" href=\"https:\/\/www.facebook.com\/sharer\/sharer.php?u=https%3A%2F%2Fwww.the-travel-bunny.com%2Fro%2Fsfaturi-de-calatorie-dupa-vaccinare%2F\" rel=\"noopener noreferrer nofollow\"><span class=\"sss-name\"><span class=\"screen-reader-text\">Share on <\/span>Facebook<\/span><\/a><a class=\"button twitter\" target=\"_blank\" href=\"https:\/\/twitter.com\/intent\/tweet?text=Sfaturi%20de%20c%C4%83l%C4%83torie%20dup%C4%83%20vaccinare%20pentru%20vacan%C8%9Be%20%C3%AEn%20pandemie&#038;url=https%3A%2F%2Fwww.the-travel-bunny.com%2Fro%2Fsfaturi-de-calatorie-dupa-vaccinare%2F&#038;via=mirela_iepurela&#038;related=mirela_iepurela\" rel=\"noopener noreferrer nofollow\"><span class=\"sss-name\"><span class=\"screen-reader-text\">Share on <\/span>X (Twitter)<\/span><\/a><a class=\"button pinterest\" target=\"_blank\" href=\"https:\/\/pinterest.com\/pin\/create\/button\/?url=https%3A%2F%2Fwww.the-travel-bunny.com%2Fro%2Fsfaturi-de-calatorie-dupa-vaccinare%2F&#038;media=https%3A%2F%2Fwww.the-travel-bunny.com%2Fro%2Fwp-content%2Fuploads%2Fsites%2F2%2F2021%2F11%2Fcalatorie-dupa-vaccinare.jpg&#038;description=Sfaturi%20de%20c%C4%83l%C4%83torie%20dup%C4%83%20vaccinare%20pentru%20vacan%C8%9Be%20%C3%AEn%20pandemie\" rel=\"noopener noreferrer nofollow\" data-pin-no-hover=\"true\" data-pin-custom=\"true\" data-pin-do=\"skip\" data-pin-description=\"Sfaturi de c\u0103l\u0103torie dup\u0103 vaccinare pentru vacan\u021be \u00een pandemie\"><span class=\"sss-name\"><span class=\"screen-reader-text\">Share on <\/span>Pinterest<\/span><\/a><a class=\"button whatsapp\" target=\"_blank\" href=\"https:\/\/api.whatsapp.com\/send?text=Sfaturi%20de%20c%C4%83l%C4%83torie%20dup%C4%83%20vaccinare%20pentru%20vacan%C8%9Be%20%C3%AEn%20pandemie%20%E2%80%94%20https%3A%2F%2Fwww.the-travel-bunny.com%2Fro%2Fsfaturi-de-calatorie-dupa-vaccinare%2F\" rel=\"noopener noreferrer nofollow\"><span class=\"sss-name\"><span class=\"screen-reader-text\">Share on <\/span>WhatsApp<\/span><\/a><a class=\"button email\" href=\"mailto:?body=Am%20citit%20acest%20articol%20de%20vacan%C8%9B%C4%83%20%C8%99i%20m-am%20g%C3%A2ndit%20la%20tine.%20Iat%C4%83%20%C8%99i%20link-ul%3A%20https%3A%2F%2Fwww.the-travel-bunny.com%2Fro%2Fsfaturi-de-calatorie-dupa-vaccinare%2F&#038;subject=Promit%20c%C4%83%20o%20s%C4%83%20%C3%AE%C8%9Bi%20plac%C4%83%3A%20Sfaturi%20de%20c%C4%83l%C4%83torie%20dup%C4%83%20vaccinare%20pentru%20vacan%C8%9Be%20%C3%AEn%20pandemie\" rel=\"noopener noreferrer nofollow\" ><span class=\"sss-name\"><span class=\"screen-reader-text\">Share on <\/span>Email<\/span><\/a><\/div><\/div><\/div>\n\n\n<p class=\"has-small-font-size\"><strong>Alte articole despre vacan\u021be \u00een pandemie<\/strong><br><a href=\"https:\/\/www.the-travel-bunny.com\/ro\/asigurarea-de-calatorie-safetywing\/\">De ce am ales asigurarea de c\u0103l\u0103torie SafetyWing \u00een timpul pandemiei<\/a><br><a href=\"https:\/\/www.the-travel-bunny.com\/ro\/vacanta-de-vara-cu-familia\/\">De ce s\u0103 planifici o vacan\u021b\u0103 de var\u0103 cu familia \u00een 2021<\/a><br><a href=\"https:\/\/www.the-travel-bunny.com\/ro\/destinatii-de-vacanta-in-2021\/\">Cele mai bune destina\u021bii de vacan\u021b\u0103 \u00een 2021<\/a><\/p>\n","protected":false},"excerpt":{"rendered":"<p>Dup\u0103 ce am stat acas\u0103 aproape un an \u00eentreg din cauza pandemiei, ne dorim cu to\u021bii s\u0103 c\u0103l\u0103torim.&nbsp;Fie c\u0103 iube\u0219ti s\u0103 mergi \u00een str\u0103in\u0103tate sau vrei s\u0103-\u021bi vezi prietenul care locuie\u0219te \u00een alt jude\u021b, pun pariu c\u0103 abia a\u0219tep\u021bi s\u0103 urci \u00eentr-un avion sau tren \u0219i s\u0103 c\u0103l\u0103tore\u0219ti departe. Cum mai multe \u021b\u0103ri se deschid, po\u021bi \u00eencepe s\u0103 \u00ee\u021bi faci planuri pentru a \u00eencepe c\u0103l\u0103toria c\u00e2t mai cur\u00e2nd posibil.&nbsp;Cu toate acestea, pandemia nu s-a \u00eencheiat \u00eenc\u0103, a\u0219a c\u0103 orice c\u0103l\u0103torie dup\u0103 vaccinare vine cu anumite precau\u021bii. Mul\u021bi oameni sunt deja vaccina\u021bi acum cu schema complet\u0103.&nbsp;Cu toate acestea, exist\u0103 \u00eenc\u0103 pericole.&nbsp;Din &#8230; <\/p>\n<p class=\"read-more-container\"><a title=\"Sfaturi de c\u0103l\u0103torie dup\u0103 vaccinare pentru vacan\u021be \u00een pandemie\" class=\"read-more button\" href=\"https:\/\/www.the-travel-bunny.com\/ro\/sfaturi-de-calatorie-dupa-vaccinare\/#more-4293\" aria-label=\"Cite\u0219te mai multe despre Sfaturi de c\u0103l\u0103torie dup\u0103 vaccinare pentru vacan\u021be \u00een pandemie\">Read more<\/a><\/p>\n","protected":false},"author":56,"featured_media":4480,"comment_status":"closed","ping_status":"closed","sticky":false,"template":"","format":"standard","meta":{"footnotes":""},"categories":[47],"tags":[130,142],"class_list":["post-4293","post","type-post","status-publish","format-standard","has-post-thumbnail","hentry","category-sfaturi-de-calatorie","tag-articole-scrise-de-invitati","tag-sanatate","resize-featured-image"],"_links":{"self":[{"href":"https:\/\/www.the-travel-bunny.com\/ro\/wp-json\/wp\/v2\/posts\/4293","targetHints":{"allow":["GET"]}}],"collection":[{"href":"https:\/\/www.the-travel-bunny.com\/ro\/wp-json\/wp\/v2\/posts"}],"about":[{"href":"https:\/\/www.the-travel-bunny.com\/ro\/wp-json\/wp\/v2\/types\/post"}],"author":[{"embeddable":true,"href":"https:\/\/www.the-travel-bunny.com\/ro\/wp-json\/wp\/v2\/users\/56"}],"replies":[{"embeddable":true,"href":"https:\/\/www.the-travel-bunny.com\/ro\/wp-json\/wp\/v2\/comments?post=4293"}],"version-history":[{"count":1,"href":"https:\/\/www.the-travel-bunny.com\/ro\/wp-json\/wp\/v2\/posts\/4293\/revisions"}],"predecessor-version":[{"id":11096,"href":"https:\/\/www.the-travel-bunny.com\/ro\/wp-json\/wp\/v2\/posts\/4293\/revisions\/11096"}],"wp:featuredmedia":[{"embeddable":true,"href":"https:\/\/www.the-travel-bunny.com\/ro\/wp-json\/wp\/v2\/media\/4480"}],"wp:attachment":[{"href":"https:\/\/www.the-travel-bunny.com\/ro\/wp-json\/wp\/v2\/media?parent=4293"}],"wp:term":[{"taxonomy":"category","embeddable":true,"href":"https:\/\/www.the-travel-bunny.com\/ro\/wp-json\/wp\/v2\/categories?post=4293"},{"taxonomy":"post_tag","embeddable":true,"href":"https:\/\/www.the-travel-bunny.com\/ro\/wp-json\/wp\/v2\/tags?post=4293"}],"curies":[{"name":"wp","href":"https:\/\/api.w.org\/{rel}","templated":true}]}}