{"id":578,"date":"2018-04-13T18:43:06","date_gmt":"2018-04-13T18:43:06","guid":{"rendered":"https:\/\/the-travel-bunny-com.lyricalstaging.com\/ro\/?p=578"},"modified":"2025-11-29T06:52:42","modified_gmt":"2025-11-29T06:52:42","slug":"litoral-in-muntenegru-barca-budva","status":"publish","type":"post","link":"https:\/\/www.the-travel-bunny.com\/ro\/litoral-in-muntenegru-barca-budva\/","title":{"rendered":"Pe litoral \u00een Muntenegru: Cu barca la Budva"},"content":{"rendered":"\n<div class=\"wp-block-columns is-layout-flex wp-container-core-columns-is-layout-9d6595d7 wp-block-columns-is-layout-flex\">\n<div class=\"wp-block-column is-vertically-aligned-center is-layout-flow wp-block-column-is-layout-flow\">\n<p>Din Albania, am continuat s\u0103 c\u0103l\u0103torim pe <strong>litoral \u00een Muntenegru<\/strong>.<\/p>\n\n\n\n<p>Am ajuns \u00een apropierea litoralului dup\u0103-amiaza, \u00eentr-o zi cu adev\u0103rat c\u0103lduroas\u0103. Ana \u0219i cu mine st\u0103team pe iarb\u0103, la umbr\u0103, \u00een timp ce Tim c\u0103uta un loc s\u0103 ne caz\u0103m. Dar totul era ocupat, a\u0219a c\u0103 a trebuit s\u0103 c\u0103ut\u0103m \u00een mai multe ora\u0219e p\u00e2n\u0103 am g\u0103sit cazare \u00een Muntenegru.<\/p>\n\n\n\n<p>Ne-am cazat l\u00e2nc\u0103 plaja Buljarica, unul dintre pu\u021binele locuri \u00eenc\u0103 nesufocate de turi\u0219ti pe litoral \u00een Muntenegru.<\/p>\n<\/div>\n\n\n\n<div class=\"wp-block-column is-vertically-aligned-center is-layout-flow wp-block-column-is-layout-flow\">\n<div class=\"wp-block-rank-math-toc-block\" id=\"rank-math-toc\"><h2>Vacan\u021b\u0103 pe litoral \u00een Muntenegru<\/h2><nav><ul><li class=\"\"><a href=\"#faq-question-1670925792328\">Este sigur s\u0103 mergi \u00een Muntenegru?<\/a><\/li><li class=\"\"><a href=\"#faq-question-1674130216414\">C\u00e2t cost\u0103 o vacan\u021b\u0103 \u00een Muntenegru la mare?<\/a><\/li><li class=\"\"><a href=\"#faq-question-1674131029040\">Cum te deplasezi \u00een Muntenegru?<\/a><\/li><li class=\"\"><a href=\"#plaja-buljarica-pe-litoral-in-muntenegru\">Plaja Buljarica pe litoral \u00een Muntenegru<\/a><\/li><li class=\"\"><a href=\"#petrovac\">Petrovac<\/a><\/li><li class=\"\"><a href=\"#plimbare-cu-barca-in-budva-\u0219i-inapoi\">Plimbare cu barca \u00een Budva \u0219i \u00eenapoi<\/a><\/li><li class=\"\"><a href=\"#ce-parte-din-plimbarea-cu-barca-la-budva-\u021bi-a-placut-cel-mai-mult\">Ce \u021bi-a pl\u0103cut cel mai mult din plimbarea cu barca la Budva?<\/a><\/li><li class=\"\"><a href=\"#despre-autoare\">Despre autoare<\/a><\/li><\/ul><\/nav><\/div>\n<\/div>\n<\/div>\n\n\n\n<hr class=\"wp-block-separator has-css-opacity is-style-wide\"\/>\n\n\n<div id=\"rank-math-faq\" class=\"rank-math-block\">\n<div class=\"rank-math-list \">\n<div id=\"faq-question-1670925792328\" class=\"rank-math-list-item\">\n<h2 class=\"rank-math-question \">Este sigur s\u0103 mergi \u00een Muntenegru?<\/h2>\n<div class=\"rank-math-answer \">\n\n<p>\u00cen ciuda trecutului s\u0103u turbulent, <strong>Muntenegru este o destina\u021bie sigur\u0103<\/strong>. Dar este \u00eentotdeauna o idee bun\u0103 s\u0103 r\u0103m\u00e2ni vigilent(\u0103) \u0219i s\u0103 \u00ee\u021bi iei m\u0103suri de precau\u021bie pentru a \u00ee\u021bi asigura lucrurile, deoarece, la fel ca \u00een multe alte ora\u0219e din lume, \u00een ora\u0219ele din Muntenegru ai putea \u00eent\u00e2mpina probleme cu furturi m\u0103runte, cer\u0219etorie \u0219i ho\u021bi de buzunare.<\/p>\n<p>\u00cen general, \u00eenainte de a vizita un loc nou, este \u00een\u021belept s\u0103 faci c\u00e2teva cercet\u0103ri \u0219i s\u0103 te informezi de la autorit\u0103\u021bile locale sau de pe <a href=\"https:\/\/www.mae.ro\/travel-conditions\" target=\"_blank\" rel=\"noreferrer noopener\">site-ul MAE<\/a>.<\/p>\n\n<\/div>\n<\/div>\n<\/div>\n<\/div>\n\n\n<hr class=\"wp-block-separator has-alpha-channel-opacity\"\/>\n\n\n<div id=\"rank-math-faq\" class=\"rank-math-block\">\n<div class=\"rank-math-list \">\n<div id=\"faq-question-1674130216414\" class=\"rank-math-list-item\">\n<h2 class=\"rank-math-question \">C\u00e2t cost\u0103 o vacan\u021b\u0103 \u00een Muntenegru la mare?<\/h2>\n<div class=\"rank-math-answer \">\n\n<p>Muntenegru este o comoar\u0103 ascuns\u0103 \u00een Balcani \u0219i nu este un secret c\u0103 devine din ce \u00een ce mai c\u0103utat\u0103 de c\u0103l\u0103tori. Dar unul dintre cele mai bune aspecte despre aceast\u0103 \u021bar\u0103 este c\u0103 este \u00eenc\u0103 relativ ieftin\u0103 \u00een compara\u021bie cu alte destina\u021bii europene.<\/p>\n<p>Cazarea \u00een Muntenegru variaz\u0103 de la <a href=\"https:\/\/www.the-travel-bunny.com\/ro\/hosteluri-hoteluri-ieftine\/\">hosteluri<\/a> \u0219i pensiuni ieftine p\u00e2n\u0103 la sta\u021biuni de lux. Pre\u021burile \u00eencep de la aproximativ 10-15 EUR pe noapte pentru o camer\u0103 de baz\u0103 de pensiune \u0219i ajung p\u00e2n\u0103 la 100 EUR sau mai mult pe noapte pentru o camer\u0103 de hotel de lux.<\/p>\n<p>M\u00e2ncarea la restaurant \u00een Muntenegru este, de asemenea, foarte accesibil\u0103 ca pre\u021b. O mas\u0103 la un restaurant local va costa \u00een mod obi\u0219nuit \u00een jur de 7-15 EUR \u0219i po\u021bi g\u0103si m\u00e2ncare local\u0103 delicioas\u0103 la v\u00e2nz\u0103torii ambulan\u021bi pentru \u0219i mai pu\u021bin.<\/p>\n<p>Transportul \u00een Muntenegru este relativ ieftin. O c\u0103l\u0103torie cu autocarul sau cu trenul dintr-un un ora\u0219 \u00een altul te va costa de obicei \u00een jur de 5-10 EUR<br \/>.<br \/>\u00cen general, Muntenegru ofer\u0103 un raport calitate-pre\u021b excelent. Vei descoperi c\u0103 po\u021bi explora aceast\u0103 \u021bar\u0103 frumoas\u0103 f\u0103r\u0103 s\u0103 \u00ee\u021bi faci griji \u00een leg\u0103tur\u0103 cu pre\u021buri Muntenegru. \u0218i cu frumuse\u021bea sa natural\u0103 uimitoare, cultura fascinant\u0103 \u0219i localnicii prieteno\u0219i, Muntenegru este o destina\u021bie care merit\u0103 cu siguran\u021b\u0103 vizitat\u0103!<\/p>\n\n<\/div>\n<\/div>\n<\/div>\n<\/div>\n\n\n<hr class=\"wp-block-separator has-alpha-channel-opacity\"\/>\n\n\n<div id=\"rank-math-faq\" class=\"rank-math-block\">\n<div class=\"rank-math-list \">\n<div id=\"faq-question-1674131029040\" class=\"rank-math-list-item\">\n<h2 class=\"rank-math-question \">Cum te deplasezi \u00een Muntenegru?<\/h2>\n<div class=\"rank-math-answer \">\n\n<p>Deplasarea \u00een Muntenegru este relativ u\u0219oar\u0103, cu o varietate de op\u021biuni de transport disponibile.<\/p>\n<p>Una dintre cele mai bune op\u021biuni este cu ma\u0219ina, deoarece \u00ee\u021bi permite s\u0103 explorezi \u021bara \u00een propriul ritm \u0219i s\u0103 vezi unele dintre zonele mai \u00eendep\u0103rtate, care nu sunt u\u0219or accesibile cu transportul public. De asemenea, este u\u0219or s\u0103 \u00eenchiriezi o ma\u0219in\u0103 \u00een Muntenegru dac\u0103 nu vii cu ma\u0219ina personal\u0103. Ai la dispozi\u021bie mai multe companii interna\u021bionale \u0219i locale de \u00eenchiriere de ma\u0219ini.<\/p>\n<p>Autobuzele sunt o alt\u0103 op\u021biune pentru deplasarea \u00een Muntenegru. Sistemul de autobuze este bine dezvoltat, cu rute regulate care leag\u0103 toate localit\u0103\u021bile importante. Autobuzele sunt \u00een general confortabile \u0219i fiabile \u0219i sunt, de asemenea, cea mai ieftin\u0103 op\u021biune.<\/p>\n<p>Trenurile sunt mai pu\u021bin frecvente \u00een Muntenegru, dar pot fi o op\u021biune bun\u0103 pentru a c\u0103l\u0103tori \u00eentre ora\u0219e mari precum Podgorica \u0219i Bar. Cu toate acestea, re\u021beaua de trenuri nu este la fel de extins\u0103 precum cea de autobuze, iar trenurile sunt mai pu\u021bin frecvente.<\/p>\n<p>O alt\u0103 variant\u0103 este cu barca. Sunt mai multe trasee populare pentru turi\u0219ti, precum cel de la Bar p\u00e2n\u0103 la frumoasa insul\u0103 Sveti Stefan.<\/p>\n<p>\u00cen general, Muntenegru ofer\u0103 o varietate de op\u021biuni de transport pentru deplasarea \u00een \u021bar\u0103, fie cu ma\u0219ina, autobuzul, trenul sau barca. Este foarte u\u0219or s\u0103 g\u0103se\u0219ti un mod de transport care se potrive\u0219te bugetului \u0219i stilului t\u0103u de c\u0103l\u0103torie.<\/p>\n\n<\/div>\n<\/div>\n<\/div>\n<\/div>\n\n\n<hr class=\"wp-block-separator has-alpha-channel-opacity\"\/>\n\n\n\n<figure class=\"wp-block-image size-large\"><img loading=\"lazy\" decoding=\"async\" width=\"792\" height=\"294\" src=\"https:\/\/www.the-travel-bunny.com\/ro\/wp-content\/uploads\/sites\/2\/2021\/05\/plaja-buljarica-pe-litoral-in-muntenegru.jpg\" alt=\"plaja buljarica pe litoral in muntenegru\" class=\"wp-image-580\" title=\"\" srcset=\"https:\/\/www.the-travel-bunny.com\/ro\/wp-content\/uploads\/sites\/2\/2021\/05\/plaja-buljarica-pe-litoral-in-muntenegru.jpg 792w, https:\/\/www.the-travel-bunny.com\/ro\/wp-content\/uploads\/sites\/2\/2021\/05\/plaja-buljarica-pe-litoral-in-muntenegru-300x111.jpg 300w, https:\/\/www.the-travel-bunny.com\/ro\/wp-content\/uploads\/sites\/2\/2021\/05\/plaja-buljarica-pe-litoral-in-muntenegru-768x285.jpg 768w\" sizes=\"auto, (max-width: 792px) 100vw, 792px\" \/><figcaption class=\"wp-element-caption\"><em>Plaj\u0103 Muntenegru mare: Plaja Buljarica<\/em><\/figcaption><\/figure>\n\n\n\n<h2 class=\"wp-block-heading\" id=\"plaja-buljarica-pe-litoral-in-muntenegru\">Plaja Buljarica pe litoral \u00een Muntenegru<\/h2>\n\n\n\n<p>Am \u00eemp\u0103r\u021bit o camer\u0103 foarte mic\u0103 la plaja Buljarica, cu un pat dublu \u00eengust \u0219i \u00eenc\u0103 un pat de o persoan\u0103. \u00cen jurul patului, aveam doar spa\u021biul necesar pentru a trece c\u00e2te unul. Iar hotelul era cam kitschos.<\/p>\n\n\n\n<p>Cu toate acestea, familia care \u00eel conducea era foarte dr\u0103gu\u021b\u0103. Ambii erau rom\u00e2ni, dar s-au stabilit l\u00e2ng\u0103 <a href=\"https:\/\/amfostacolo.ro\/im.php?id=95198\" target=\"_blank\" aria-label=\"plaja Buljarica (opens in a new tab)\" rel=\"noreferrer noopener\" class=\"rank-math-link\">plaja Buljarica<\/a> pentru c\u0103 s-a dovedit a fi mai profitabil.<\/p>\n\n\n\n<div style=\"height:10px\" aria-hidden=\"true\" class=\"wp-block-spacer\"><\/div>\n\n\n\n<h3 class=\"wp-block-heading\" id=\"calatore\u0219te-pe-litoral-in-muntenegru-pentru-a-te-logodi\">C\u0103l\u0103tore\u0219te pe litoral \u00een Muntenegru pentru a te logodi!<\/h3>\n\n\n\n<p>So\u021bia proprietarului a fost foarte amuzant\u0103. S-a tot pl\u00e2ns de fiul ei, care locuia la Berlin \u0219i era cam de v\u00e2rsta noastr\u0103. Nu putea g\u0103si o fat\u0103 potrivit\u0103. Ea \u0219i-a dorit <em>una muncitoare ca cele din Rom\u00e2nia<\/em>. De asemenea, doamna a vrut s\u0103 ne pun\u0103 \u00een leg\u0103tur\u0103 cu el, pentru a vorbi Skype, cu speran\u021ba de a se c\u0103s\u0103tori cu una din noi \u00een cur\u00e2nd! Nu am luat niciodat\u0103 leg\u0103tura cu tipul, dar sunt sigur\u0103 c\u0103 mama lui i-a g\u0103sit mireas\u0103 destul de repede, av\u00e2nd \u00een vedere toate avantajele financiare pe care le oferea.<\/p>\n\n\n\n<p>\u00cen ciuda p\u0103r\u021bii cu pe\u021bitul, a fost un loc de cazare lini\u0219tit, cu un mic dejun excelent.<\/p>\n\n\n\n<hr class=\"wp-block-separator has-css-opacity is-style-dots\"\/>\n\n\n\n<h3 class=\"wp-block-heading\" id=\"avantajele-plajei-buljarica\">Avantajele plajei Buljarica<\/h3>\n\n\n\n<p>Eram la o distan\u021b\u0103 de mers pe jos de plaja minunat\u0103 \u0219i (surprinz\u0103tor!) nu era at\u00e2t de aglomerat\u0103.<\/p>\n\n\n\n<p>Plaja este destul de st\u00e2ncoas\u0103, a\u0219a c\u0103 te sf\u0103tuiesc s\u0103 por\u021bi ni\u0219te pantofi speciali de cauciuc. Dac\u0103 nu \u00ee\u021bi iei de acas\u0103, \u00eei vei putea cump\u0103ra de la una dintre tarabele din apropierea plajei.<\/p>\n\n\n\n<p>Sub ap\u0103, terenul e la fel de st\u00e2ncos ca pe uscat. \u0218i exist\u0103, de asemenea, arici de mare, plus ni\u0219te pe\u0219ti \u0219i ceva vegeta\u021bie. Po\u021bi \u00eencerca un pic de snorkeling, doar pentru distrac\u021bie!<\/p>\n\n\n\n<hr class=\"wp-block-separator has-css-opacity is-style-wide\"\/>\n\n\n\n<figure class=\"wp-block-image size-large\"><img loading=\"lazy\" decoding=\"async\" width=\"792\" height=\"294\" src=\"https:\/\/www.the-travel-bunny.com\/ro\/wp-content\/uploads\/sites\/2\/2021\/05\/petrovac-pe-litoral-in-muntenegru.jpg\" alt=\"petrovac pe litoral in muntenegru\" class=\"wp-image-581\" title=\"\" srcset=\"https:\/\/www.the-travel-bunny.com\/ro\/wp-content\/uploads\/sites\/2\/2021\/05\/petrovac-pe-litoral-in-muntenegru.jpg 792w, https:\/\/www.the-travel-bunny.com\/ro\/wp-content\/uploads\/sites\/2\/2021\/05\/petrovac-pe-litoral-in-muntenegru-300x111.jpg 300w, https:\/\/www.the-travel-bunny.com\/ro\/wp-content\/uploads\/sites\/2\/2021\/05\/petrovac-pe-litoral-in-muntenegru-768x285.jpg 768w\" sizes=\"auto, (max-width: 792px) 100vw, 792px\" \/><figcaption class=\"wp-element-caption\"><em>Muntenegru litoral: Petrovac<\/em><\/figcaption><\/figure>\n\n\n\n<h2 class=\"wp-block-heading\" id=\"petrovac\">Petrovac<\/h2>\n\n\n\n<p>Dup\u0103-amiaza, c\u00e2nd este pu\u021bin mai \u00eensorit, mergi pe jos de la plaja Buljarica la Petrovac. Pe partea de nord a plajei exist\u0103 o potec\u0103 care traverseaz\u0103 st\u00e2nca, printr-o zon\u0103 \u00eemp\u0103durit\u0103.<\/p>\n\n\n\n<p>Vei \u00eent\u00e2lni mai \u00eent\u00e2i plaja Lucice. \u0218i vei observa rapid c\u0103 este o plaj\u0103 mai frumoas\u0103, cu tobogan de ap\u0103, dar este \u0219i super aglomerat\u0103. Personal, am g\u0103sit num\u0103rul de oameni \u0219i zgomotul cam enervante.<\/p>\n\n\n\n<p>\u00cen Petrovac, vei g\u0103si locuri frumoase unde s\u0103 <a href=\"https:\/\/www.the-travel-bunny.com\/ro\/unde-mananci-in-amsterdam\/\">m\u0103n\u00e2nci<\/a> sau s\u0103 bei ceva. Op\u021biunile de cazare sunt mai luxoase, iar colegii care au stat mai mult c\u00e2nd au fost pe litoral \u00een Muntenegru au spus c\u0103 este destul de accesibil.<\/p>\n\n\n\n<p>Dup\u0103 un pr\u00e2nz t\u00e2rziu, drumul de \u00eentoarcere c\u0103tre plaja Buljarica poate p\u0103rea lung, dar nu te \u00eengrijora, vei g\u0103si o mul\u021bime de locuri pentru a te odihni \u0219i a admira de sus \u00eemprejurimile.<\/p>\n\n\n\n<p>Te po\u021bi \u00eentoarce oric\u00e2nd \u00een portul Petrovac pentru plimb\u0103rile zilnice cu barca spre Budva.<\/p>\n\n\n\n<hr class=\"wp-block-separator has-css-opacity is-style-wide\"\/>\n\n\n\n<figure class=\"wp-block-image size-large\"><img loading=\"lazy\" decoding=\"async\" width=\"792\" height=\"294\" src=\"https:\/\/www.the-travel-bunny.com\/ro\/wp-content\/uploads\/sites\/2\/2021\/05\/plimbare-cu-barca-la-budva-muntenegru.jpg\" alt=\"plimbare cu barca la budva muntenegru\" class=\"wp-image-583\" title=\"\" srcset=\"https:\/\/www.the-travel-bunny.com\/ro\/wp-content\/uploads\/sites\/2\/2021\/05\/plimbare-cu-barca-la-budva-muntenegru.jpg 792w, https:\/\/www.the-travel-bunny.com\/ro\/wp-content\/uploads\/sites\/2\/2021\/05\/plimbare-cu-barca-la-budva-muntenegru-300x111.jpg 300w, https:\/\/www.the-travel-bunny.com\/ro\/wp-content\/uploads\/sites\/2\/2021\/05\/plimbare-cu-barca-la-budva-muntenegru-768x285.jpg 768w\" sizes=\"auto, (max-width: 792px) 100vw, 792px\" \/><figcaption class=\"wp-element-caption\"><em>Pe litoral \u00een Muntenegru cu barca spre plaje Budva<\/em><\/figcaption><\/figure>\n\n\n\n<h2 class=\"wp-block-heading\" id=\"plimbare-cu-barca-in-budva-\u0219i-inapoi\">Plimbare cu barca \u00een Budva \u0219i \u00eenapoi<\/h2>\n\n\n\n<p>\u00cen cazul \u00een care revii la Petrovac  diminea\u021ba devreme, vei putea s\u0103 iei barca p\u00e2n\u0103 \u00een Budva, unul dintre cele mai uimitoare \u0219i cunoscute ora\u0219e de pe litoral \u00een Muntenegru.<\/p>\n\n\n\n<p>Ca \u0219i \u00een cazul plimb\u0103rii <a href=\"https:\/\/www.the-travel-bunny.com\/ro\/lacul-koman-feribot-albania\/\" class=\"rank-math-link\">cu feribotul pe Lacul Koman<\/a>, nu uita s\u0103 c\u0103u\u021bi pu\u021bin\u0103 umbr\u0103. Poart\u0103 protec\u021bie solar\u0103 \u0219i o \u0219apc\u0103, p\u0103l\u0103rie sau e\u0219arf\u0103 pe cap \u0219i hidrateaz\u0103-te constant. Aceasta este o plimbare lung\u0103 cu barca \u0219i vei sta mult sub soare. De asemenea, ia-\u021bi costumul de baie sub haine, deoarece vor fi mai multe opriri pentru \u00eenot.<\/p>\n\n\n\n<p>Te rog s\u0103 \u021bii cont c\u0103 aceast\u0103 barc\u0103 destul de mic\u0103 spre Budva c\u0103l\u0103tore\u0219te repede \u0219i s-ar putea s\u0103 ai un pic r\u0103u de mare, a\u0219a cum a p\u0103\u021bit Ana. Dac\u0103 \u0219tii c\u0103 ai aceast\u0103 sensibilitate, te sf\u0103tuiesc s\u0103 iei c\u00e2teva pastile speciale la tine sau s\u0103 \u00eenghi\u021bi una \u00een avans.<\/p>\n\n\n\n<p>Revenind, te vor uimi priveli\u0219tile minunate ale litoralului st\u00e2ncos \u0219i vei avea parte de c\u00e2teva opriri interesante pe parcurs.<\/p>\n\n\n\n<div style=\"height:10px\" aria-hidden=\"true\" class=\"wp-block-spacer\"><\/div>\n\n\n\n<figure class=\"wp-block-image size-large\"><img loading=\"lazy\" decoding=\"async\" width=\"792\" height=\"294\" src=\"https:\/\/www.the-travel-bunny.com\/ro\/wp-content\/uploads\/sites\/2\/2021\/05\/sveti-stefan-pe-litoral-in-muntenegru.jpg\" alt=\"sveti stefan pe litoral in muntenegru\" class=\"wp-image-584\" title=\"\" srcset=\"https:\/\/www.the-travel-bunny.com\/ro\/wp-content\/uploads\/sites\/2\/2021\/05\/sveti-stefan-pe-litoral-in-muntenegru.jpg 792w, https:\/\/www.the-travel-bunny.com\/ro\/wp-content\/uploads\/sites\/2\/2021\/05\/sveti-stefan-pe-litoral-in-muntenegru-300x111.jpg 300w, https:\/\/www.the-travel-bunny.com\/ro\/wp-content\/uploads\/sites\/2\/2021\/05\/sveti-stefan-pe-litoral-in-muntenegru-768x285.jpg 768w\" sizes=\"auto, (max-width: 792px) 100vw, 792px\" \/><figcaption class=\"wp-element-caption\"><em>Plaje Muntenegru: Insula Sveti Stefan<\/em><\/figcaption><\/figure>\n\n\n\n<h3 class=\"wp-block-heading\" id=\"sveti-stefan-sau-insula-sfantul-\u0219tefan\">Sveti Stefan sau Insula Sf\u00e2ntul \u0218tefan<\/h3>\n\n\n\n<p>\u00cen timpul <a href=\"https:\/\/www.the-travel-bunny.com\/ro\/hidratare-in-timpul-calatoriei\/\">c\u0103l\u0103toriei<\/a> cu barca la Budva, la un moment dat vei ocoli o st\u00e2nc\u0103 mare, cu multe cl\u0103diri vechi minunate aglomerate \u00een v\u00e2rf. Acesta este Insula Sveti Stefan sau Insula Sf\u00e2ntul \u0218tefan. Nu vei putea cobor\u00ee de pe barc\u0103, a\u0219a c\u0103 va trebui s\u0103 o admiri de la distan\u021b\u0103.<\/p>\n\n\n\n<p>Acest mic sat fortificat a fost construit ini\u021bial pentru a proteja \u00een jur de doisprezece familii de atacurile turce\u0219ti, \u00een secolul al XV-lea. Popula\u021bia sa a crescut la aproximativ 400 de locuitori \u00een urm\u0103toarele trei secole, devenind un adev\u0103rat sat. Cu toate acestea, \u00een perioada comunist\u0103, guvernul iugoslav a achizi\u021bionat-o \u0219i a transformat-o \u00eentr-un hotel de cinci stele, iar fo\u0219tii locuitori au fost reloca\u021bi pe continent.<\/p>\n\n\n\n<p>\u00cen anii &#8217;60 -&#8217;70, Sveti Stefan a fost o destina\u021bie favorita a celebrit\u0103\u021bilor, precum prin\u021besa Margaret, Orson Welles, Sophia Loren \u0219i Elizabeth Taylor, printre multe altele.<\/p>\n\n\n\n<p>Declinul lui Sveti Stefan a venit odat\u0103 cu ruperea Iugoslaviei. Dar, din fericire, guvernul a dorit s\u0103 re\u00eenvie vechiul sat fortificat \u0219i, printr-o ofert\u0103 interna\u021bional\u0103, contractul a fost dat c\u0103tre Aman Resorts pentru o perioad\u0103 de 30 de ani. Sta\u021biunea a fost apoi renovat\u0103 \u0219i redeschis\u0103 \u00een 2009, sub numele de Aman Sveti Stefan Resort.<\/p>\n\n\n\n<p>Investi\u021bia s-a dovedit a fi reu\u0219it\u0103, deoarece sta\u021biunea Aman Sveti Stefan a c\u00e2\u0219tigat premiul Ghidul Gallivanter pentru Hotel of the Year \u00een 2010. De asemenea, a rec\u0103p\u0103tat o parte din atractivitatea sa pentru celebrit\u0103\u021bi, Novak Djokovic aleg\u00e2nd Sveti \u0218tefan pentru nunta sa.<\/p>\n\n\n\n<hr class=\"wp-block-separator has-css-opacity is-style-dots\"\/>\n\n\n\n<figure class=\"wp-block-image size-large\"><img loading=\"lazy\" decoding=\"async\" width=\"792\" height=\"294\" src=\"https:\/\/www.the-travel-bunny.com\/ro\/wp-content\/uploads\/sites\/2\/2021\/05\/budva-stari-grad-pe-litoral-in-muntenegru.jpg\" alt=\"budva stari grad pe litoral in muntenegru\" class=\"wp-image-585\" title=\"\" srcset=\"https:\/\/www.the-travel-bunny.com\/ro\/wp-content\/uploads\/sites\/2\/2021\/05\/budva-stari-grad-pe-litoral-in-muntenegru.jpg 792w, https:\/\/www.the-travel-bunny.com\/ro\/wp-content\/uploads\/sites\/2\/2021\/05\/budva-stari-grad-pe-litoral-in-muntenegru-300x111.jpg 300w, https:\/\/www.the-travel-bunny.com\/ro\/wp-content\/uploads\/sites\/2\/2021\/05\/budva-stari-grad-pe-litoral-in-muntenegru-768x285.jpg 768w\" sizes=\"auto, (max-width: 792px) 100vw, 792px\" \/><figcaption class=\"wp-element-caption\"><em>Pe litoral \u00een Muntenegru Budva Stari Grad<\/em><\/figcaption><\/figure>\n\n\n\n<h3 class=\"wp-block-heading\" id=\"budva-stari-grad-ora\u0219ul-vechi-budva\">Budva Stari Grad (Ora\u0219ul Vechi Budva)<\/h3>\n\n\n\n<p>Am r\u0103mas \u00een portul aglomerat al Budva, plin de b\u0103rci mici \u0219i oameni care \u00eenotau periculos l\u00e2ng\u0103 ei. De acolo, ne-am oprit s\u0103 bem ni\u0219te suc proasp\u0103t stors, sper\u00e2nd c\u0103 Ana se va sim\u021bi mai bine dup\u0103 aceea. V\u00e2nz\u0103torii sunt cu adev\u0103rat prieteno\u0219i \u0219i de fapt \u0219tiu ce combina\u021bii de fructe s\u0103 sugereze pentru r\u0103u de mare, astfel \u00eenc\u00e2t recuperarea este rapid\u0103.<\/p>\n\n\n\n<p>Ne-am \u00eendreptat spre zid, duc\u00e2ndu-ne la Stari Grad, sau Ora\u0219ul Vechi, cu aleile lui \u00eentortocheate \u0219i zidurile antice. Ora\u0219ul are, de asemenea, o serie de muzee \u0219i galerii de art\u0103.<\/p>\n\n\n\n<p>Budva este renumit\u0103 pentru plajele, atrac\u021biile sale culturale \u0219i istoria \u00eendelungat\u0103, fiind locuit\u0103 din timpuri preistorice. De-a lungul anilor, a fost controlat\u0103 de o serie de civiliza\u021bii, inclusiv de romani, bizantini, vene\u021bieni \u0219i austro-unguri. Ast\u0103zi, c\u0103l\u0103tori din \u00eentreaga lume vin \u00een vacan\u021b\u0103 la Budva.<\/p>\n\n\n\n<p>Am fost uimit de modul \u00een care totul mi-a amintit de ora\u0219ele fortificate ale Italiei din zona Toscana. Vei vedea cl\u0103diri cu pere\u021bi acoperi\u021bi \u00een piar\u0103, str\u0103zi \u00eenguste, dr\u0103gu\u021be \u0219i colorate \u0219i chiar aceea\u0219i lumin\u0103 cald\u0103 g\u0103lbuie atunci c\u00e2nd e\u0219ti \u00een vacan\u021b\u0103 pe litoralul \u00een Muntenegru.<\/p>\n\n\n\n<p>\u00cen caz c\u0103 nu \u0219tii, sunt \u00eendr\u0103gostit\u0103 de Italia \u0219i sper s\u0103 tr\u0103iesc \u00eentr-o zi undeva sub soarele Toscanei. A\u0219a c\u0103 m adorat cu adev\u0103rat pe Budva! Cu siguran\u021b\u0103 ar trebui s\u0103 vizitezi acest ora\u0219 c\u00e2nd pleci \u00een concediu pe litoral \u00een Muntenegru.<\/p>\n\n\n\n<figure class=\"wp-block-image size-large\"><img loading=\"lazy\" decoding=\"async\" width=\"792\" height=\"397\" src=\"https:\/\/www.the-travel-bunny.com\/ro\/wp-content\/uploads\/sites\/2\/2021\/05\/cetatea-budva-pe-litoral-in-muntenegru.jpg\" alt=\"cetatea budva pe litoral in muntenegru\" class=\"wp-image-586\" title=\"\" srcset=\"https:\/\/www.the-travel-bunny.com\/ro\/wp-content\/uploads\/sites\/2\/2021\/05\/cetatea-budva-pe-litoral-in-muntenegru.jpg 792w, https:\/\/www.the-travel-bunny.com\/ro\/wp-content\/uploads\/sites\/2\/2021\/05\/cetatea-budva-pe-litoral-in-muntenegru-300x150.jpg 300w, https:\/\/www.the-travel-bunny.com\/ro\/wp-content\/uploads\/sites\/2\/2021\/05\/cetatea-budva-pe-litoral-in-muntenegru-768x385.jpg 768w\" sizes=\"auto, (max-width: 792px) 100vw, 792px\" \/><figcaption class=\"wp-element-caption\"><em>Budva am fost acolo: Cetatea Budva<\/em><\/figcaption><\/figure>\n\n\n\n<h4 class=\"wp-block-heading\" id=\"cetatea-budva\"><strong>Cetatea Budva<\/strong><\/h4>\n\n\n\n<p>\u00cen timp ce e\u0219ti \u00een Budva, nu uita s\u0103 faci o vizit\u0103 la Cetatea Budva. Pe l\u00e2ng\u0103 priveli\u0219tile minunate ale ora\u0219ului \u0219i ale \u00eemprejurimilor sale, vei mai avea ocazia s\u0103 vizitezi \u0219i un mic muzeu \u0219i o bibliotec\u0103. Este obligatoriu s\u0103 vezi dac\u0103 c\u0103l\u0103tore\u0219ti pe litoral \u00een <a href=\"https:\/\/www.the-travel-bunny.com\/ro\/10-zile-in-muntenegru\/\">Muntenegru<\/a>!<\/p>\n\n\n\n<p>Pe l\u00e2ng\u0103 priveli\u0219tile minunate ale ora\u0219ului \u0219i \u00eemprejurimilor sale, Cetatea Budva atrage vizitatori i cu biblioteca sa \u0219i diverse muzee, inclusiv Muzeul Budva \u0219i Muzeul Cet\u0103\u021bii. Este obligatoriu de v\u0103zut pe litoral \u00een Muntenegru!<\/p>\n\n\n\n<p>Pre\u021bul de intrare este de \u20ac2,50, iar biletul are forma unei c\u0103r\u021bi po\u0219tale, cu imagini frumoase ale site-ului \u0219i explica\u021bii cu privire la diferitele p\u0103r\u021bi ale cl\u0103dirii.<\/p>\n\n\n\n<p class=\"has-background\" style=\"background-color:#f5f5f5\"><strong><span style=\"text-decoration: underline;\">Cetatea Budva<\/span><\/strong><br>Deschis \u00eentre orele 09.00 &#8211; 00.00 (mai &#8211; octombrie) sau \u00eentre 09.00 \u0219i 17.00 (noiembrie-aprilie).<br><strong>Biletele<\/strong> cost\u0103 \u20ac2,50 \u0219i arat\u0103 ca o carte po\u0219tal\u0103 cu informa\u021bii despre Cetate.<br><strong>Adres\u0103: <\/strong>Budva, Muntenegru<\/p>\n\n\n\n<hr class=\"wp-block-separator has-css-opacity is-style-dots\"\/>\n\n\n\n<figure class=\"wp-block-image size-large\"><img loading=\"lazy\" decoding=\"async\" width=\"792\" height=\"294\" src=\"https:\/\/www.the-travel-bunny.com\/ro\/wp-content\/uploads\/sites\/2\/2021\/05\/sveti-nikola-pe-litoral-in-muntenegru.jpg\" alt=\"sveti nikola pe litoral in muntenegru\" class=\"wp-image-587\" title=\"\" srcset=\"https:\/\/www.the-travel-bunny.com\/ro\/wp-content\/uploads\/sites\/2\/2021\/05\/sveti-nikola-pe-litoral-in-muntenegru.jpg 792w, https:\/\/www.the-travel-bunny.com\/ro\/wp-content\/uploads\/sites\/2\/2021\/05\/sveti-nikola-pe-litoral-in-muntenegru-300x111.jpg 300w, https:\/\/www.the-travel-bunny.com\/ro\/wp-content\/uploads\/sites\/2\/2021\/05\/sveti-nikola-pe-litoral-in-muntenegru-768x285.jpg 768w\" sizes=\"auto, (max-width: 792px) 100vw, 792px\" \/><figcaption class=\"wp-element-caption\"><em>Pe litoral \u00een Muntenegru: Insula Sveti Nikola aproape de plaja Budva<\/em><\/figcaption><\/figure>\n\n\n\n<h3 class=\"wp-block-heading\" id=\"insula-sveti-nikola-sau-insula-sfantul-nicolae\">Insula Sveti Nikola sau Insula Sf\u00e2ntul Nicolae<\/h3>\n\n\n\n<p>Dup\u0103 plecarea din Budva \u0219i \u00eenainte de a \u00eentoarcerea la Petrovac, barca va opri la Insula Sveti Nikola sau Insula Sf\u00e2ntul Nicolae. Aceast\u0103 mic\u0103 insul\u0103 este o loca\u021bie ideal\u0103 pentru \u00eenot, plaj\u0103 \u0219i sporturi nautice, datorit\u0103 plajelor sale cu nisip \u0219i a apelor curate. O serie de hoteluri de lux, restaurante \u0219i alte atrac\u021bii turistice sunt, de asemenea, situate pe insul\u0103, dar nu acolo unde croaziera la Budva va face o oprire.<\/p>\n\n\n\n<p>Pe insula Sveti Nikola, po\u021bi petrece ceva timp pe plaj\u0103 sau po\u021bi face o baie, bucur\u00e2ndu-te de valuri. Po\u021bi \u00eencerca \u0219i snorkeling dac\u0103 \u021bi-ai adus ochelarii de ap\u0103 cu tine. Prive\u0219te c\u00e2t de frumos este Sveti Nikola:<\/p>\n\n\n\n<figure class=\"wp-block-embed is-type-video is-provider-youtube wp-block-embed-youtube wp-embed-aspect-16-9 wp-has-aspect-ratio\"><div class=\"wp-block-embed__wrapper\">\n<iframe loading=\"lazy\" title=\"Motenegro - Sveti Nikola\" width=\"1200\" height=\"675\" src=\"https:\/\/www.youtube.com\/embed\/7-pu4m4ibo4?feature=oembed\" frameborder=\"0\" allow=\"accelerometer; autoplay; clipboard-write; encrypted-media; gyroscope; picture-in-picture; web-share\" allowfullscreen><\/iframe>\n<\/div><figcaption class=\"wp-element-caption\"><em>Muntenegru am fost acolo: Vizit\u0103 insula Sveti Nikola de pe litoral Muntenegru<\/em><\/figcaption><\/figure>\n\n\n\n<p>C\u00e2t e\u0219ti pe plaj\u0103, ai grij\u0103 unde te a\u0219ezi, deoarece unii dintre pinii de pe aceast\u0103 insul\u0103 mic\u0103 au cuiburi de viespi! Nu ai vrea s\u0103 fii \u00een\u021bepat(\u0103) de o viespe uria\u0219\u0103 atunci c\u00e2nd e\u0219ti \u00een vacan\u021b\u0103 la mare Muntenegru!<\/p>\n\n\n\n<hr class=\"wp-block-separator has-css-opacity is-style-dots\"\/>\n\n\n\n<h3 class=\"wp-block-heading\" id=\"insula-sveta-nedelja-sau-insula-sfanta-nedelia\">Insula Sveta Nedelja sau Insula Sf\u00e2nta Nedelia<\/h3>\n\n\n\n<p>Pe drumul de \u00eentoarcere, va fi o oprire scurt\u0103 l\u00e2ng\u0103 Insula Sveta Nedelja sau Insula Sf\u00e2nta Nedelia, unde vei putea admira o mic\u0103 biseric\u0103 de piatr\u0103, dar de la distan\u021b\u0103. C\u00e2nd ne-am dus noi, am putut admira \u0219i o fat\u0103 care f\u0103cea plaj\u0103 topless.<\/p>\n\n\n\n<hr class=\"wp-block-separator has-css-opacity is-style-wide\"\/>\n\n\n\n<figure class=\"wp-block-image size-large\"><img loading=\"lazy\" decoding=\"async\" width=\"981\" height=\"408\" src=\"https:\/\/www.the-travel-bunny.com\/ro\/wp-content\/uploads\/sites\/2\/2021\/05\/budva-orasul-vechi-pe-litoral-in-muntenegru.jpg\" alt=\"budva orasul vechi pe litoral in muntenegru\" class=\"wp-image-588\" title=\"\" srcset=\"https:\/\/www.the-travel-bunny.com\/ro\/wp-content\/uploads\/sites\/2\/2021\/05\/budva-orasul-vechi-pe-litoral-in-muntenegru.jpg 981w, https:\/\/www.the-travel-bunny.com\/ro\/wp-content\/uploads\/sites\/2\/2021\/05\/budva-orasul-vechi-pe-litoral-in-muntenegru-300x125.jpg 300w, https:\/\/www.the-travel-bunny.com\/ro\/wp-content\/uploads\/sites\/2\/2021\/05\/budva-orasul-vechi-pe-litoral-in-muntenegru-768x319.jpg 768w\" sizes=\"auto, (max-width: 981px) 100vw, 981px\" \/><figcaption class=\"wp-element-caption\"><em>Plimbare prin ora\u0219 dup\u0103 Muntenegru plaja<\/em><\/figcaption><\/figure>\n\n\n\n<h2 class=\"wp-block-heading\" id=\"ce-parte-din-plimbarea-cu-barca-la-budva-\u021bi-a-placut-cel-mai-mult\">Ce \u021bi-a pl\u0103cut cel mai mult din plimbarea cu barca la Budva?<\/h2>\n\n\n\n<p>Insulele Sveti Stefan \u0219i Sveta Nedelja din barc\u0103?<br>Str\u0103zile fermec\u0103toare din Budva \u0219i cetatea Budva?<br>Sau poate \u00eenotatul l\u00e2ng\u0103 insula Sveti Nikola?<\/p>\n\n\n\n<p><strong>Ce te-ar atrage cel mai mult de pe litoral \u00een Muntenegru?<\/strong><\/p>\n\n\n\n<hr class=\"wp-block-separator has-css-opacity is-style-wide\"\/>\n\n\n\n<h2 class=\"wp-block-heading\" id=\"despre-autoare\">Despre autoare<\/h2>\n\n\n\n<div class=\"wp-block-media-text alignwide is-vertically-aligned-top\" style=\"grid-template-columns:15% auto\"><figure class=\"wp-block-media-text__media\"><img loading=\"lazy\" decoding=\"async\" width=\"138\" height=\"140\" src=\"https:\/\/www.the-travel-bunny.com\/ro\/wp-content\/uploads\/sites\/2\/2021\/05\/Mirela-Letailleur-or-The-Travel-Bunny.jpg\" alt=\"Mirela Letailleur sau The Travel Bunny\" class=\"wp-image-481 size-full\" title=\"\"><\/figure><div class=\"wp-block-media-text__content\">\n<p><strong><strong><strong>Mirela Letailleur<\/strong><\/strong><\/strong>&nbsp;este un blogger de c\u0103l\u0103torii din Rom\u00e2nia care locuie\u0219te \u00een Sudul Fran\u021bei. Ea scrie pe blogul de c\u0103l\u0103torii The Travel Bunny despre vacan\u021be la pre\u021buri accesibile \u00een Europa. A creat \u0219i c\u00e2teva&nbsp;<a href=\"https:\/\/www.the-travel-bunny.com\/ro\/ghiduri-de-calatorie\/roma-ghid-turistic\/\">ghiduri turistice<\/a>&nbsp;gratuite \u0219i ador\u0103 s\u0103 ia rolul de ghid local c\u00e2nd viziteaz\u0103 ora\u0219e din Rom\u00e2nia cu prieteni str\u0103ini. Iubitoare de cafea.<\/p>\n\n\n\n<p class=\"has-text-align-right has-small-font-size\"><a href=\"https:\/\/www.the-travel-bunny.com\/ro\/despre-travel-bunny\/mirela-letailleur\/\" class=\"rank-math-link\">Mai multe despre Mirela Letailleur<\/a><\/p>\n<\/div><\/div>\n\n\n<div class=\"wp-block-scriptless-social-sharing-buttons\"><div class=\"scriptlesssocialsharing\"><div class=\"scriptlesssocialsharing__buttons no-icons\"><a class=\"button facebook\" target=\"_blank\" href=\"https:\/\/www.facebook.com\/sharer\/sharer.php?u=https%3A%2F%2Fwww.the-travel-bunny.com%2Fro%2Flitoral-in-muntenegru-barca-budva%2F\" rel=\"noopener noreferrer nofollow\"><span class=\"sss-name\"><span class=\"screen-reader-text\">Share on <\/span>Facebook<\/span><\/a><a class=\"button twitter\" target=\"_blank\" href=\"https:\/\/twitter.com\/intent\/tweet?text=Pe%20litoral%20%C3%AEn%20Muntenegru%3A%20Cu%20barca%20la%20Budva&#038;url=https%3A%2F%2Fwww.the-travel-bunny.com%2Fro%2Flitoral-in-muntenegru-barca-budva%2F&#038;via=mirela_iepurela&#038;related=mirela_iepurela\" rel=\"noopener noreferrer nofollow\"><span class=\"sss-name\"><span class=\"screen-reader-text\">Share on <\/span>X (Twitter)<\/span><\/a><a class=\"button pinterest\" target=\"_blank\" href=\"https:\/\/pinterest.com\/pin\/create\/button\/?url=https%3A%2F%2Fwww.the-travel-bunny.com%2Fro%2Flitoral-in-muntenegru-barca-budva%2F&#038;media=https%3A%2F%2Fwww.the-travel-bunny.com%2Fro%2Fwp-content%2Fuploads%2Fsites%2F2%2F2021%2F05%2Flitoral-in-muntenegru.jpg&#038;description=Pe%20litoral%20%C3%AEn%20Muntenegru%3A%20Cu%20barca%20la%20Budva\" rel=\"noopener noreferrer nofollow\" data-pin-no-hover=\"true\" data-pin-custom=\"true\" data-pin-do=\"skip\" data-pin-description=\"Pe litoral \u00een Muntenegru: Cu barca la Budva\"><span class=\"sss-name\"><span class=\"screen-reader-text\">Share on <\/span>Pinterest<\/span><\/a><a class=\"button whatsapp\" target=\"_blank\" href=\"https:\/\/api.whatsapp.com\/send?text=Pe%20litoral%20%C3%AEn%20Muntenegru%3A%20Cu%20barca%20la%20Budva%20%E2%80%94%20https%3A%2F%2Fwww.the-travel-bunny.com%2Fro%2Flitoral-in-muntenegru-barca-budva%2F\" rel=\"noopener noreferrer nofollow\"><span class=\"sss-name\"><span class=\"screen-reader-text\">Share on <\/span>WhatsApp<\/span><\/a><a class=\"button email\" href=\"mailto:?body=Am%20citit%20acest%20articol%20de%20vacan%C8%9B%C4%83%20%C8%99i%20m-am%20g%C3%A2ndit%20la%20tine.%20Iat%C4%83%20%C8%99i%20link-ul%3A%20https%3A%2F%2Fwww.the-travel-bunny.com%2Fro%2Flitoral-in-muntenegru-barca-budva%2F&#038;subject=Promit%20c%C4%83%20o%20s%C4%83%20%C3%AE%C8%9Bi%20plac%C4%83%3A%20Pe%20litoral%20%C3%AEn%20Muntenegru%3A%20Cu%20barca%20la%20Budva\" rel=\"noopener noreferrer nofollow\" ><span class=\"sss-name\"><span class=\"screen-reader-text\">Share on <\/span>Email<\/span><\/a><\/div><\/div><\/div>\n\n\n<p class=\"has-small-font-size\"><strong>Mai multe de descoperit dup\u0103 ce mergi pe litoral \u00een Muntenegru<\/strong><br><a class=\"rank-math-link\" href=\"https:\/\/www.the-travel-bunny.com\/ro\/ghid-calatorie-in-golful-kotor\/\">C\u0103l\u0103torie \u00een Golful Kotor: Vederi impresionante \u0219i ascunz\u0103tori lini\u0219tite<\/a><br><a class=\"rank-math-link\" href=\"https:\/\/www.the-travel-bunny.com\/ro\/orase-de-pe-litoralul-bulgariei\/\">Viziteaz\u0103 ora\u0219ele de pe litoralul Bulgariei (cu hart\u0103)<\/a><br><a class=\"rank-math-link\" href=\"https:\/\/www.the-travel-bunny.com\/ro\/ce-trebuie-sa-vezi-in-balcani\/\">Ce trebuie s\u0103 vezi \u00een <\/a><a href=\"https:\/\/www.the-travel-bunny.com\/ro\/eticheta\/calatorie-in-balcani\/\">Balcani<\/a><a class=\"rank-math-link\" href=\"https:\/\/www.the-travel-bunny.com\/ro\/ce-trebuie-sa-vezi-in-balcani\/\"> neap\u0103rat<\/a><\/p>\n","protected":false},"excerpt":{"rendered":"<p>Din Albania, am continuat s\u0103 c\u0103l\u0103torim pe litoral \u00een Muntenegru. Am ajuns \u00een apropierea litoralului dup\u0103-amiaza, \u00eentr-o zi cu adev\u0103rat c\u0103lduroas\u0103. Ana \u0219i cu mine st\u0103team pe iarb\u0103, la umbr\u0103, \u00een timp ce Tim c\u0103uta un loc s\u0103 ne caz\u0103m. Dar totul era ocupat, a\u0219a c\u0103 a trebuit s\u0103 c\u0103ut\u0103m \u00een mai multe ora\u0219e p\u00e2n\u0103 am g\u0103sit cazare \u00een Muntenegru. Ne-am cazat l\u00e2nc\u0103 plaja Buljarica, unul dintre pu\u021binele locuri \u00eenc\u0103 nesufocate de turi\u0219ti pe litoral \u00een Muntenegru. Plaja Buljarica pe litoral \u00een Muntenegru Am \u00eemp\u0103r\u021bit o camer\u0103 foarte mic\u0103 la plaja Buljarica, cu un pat dublu \u00eengust \u0219i \u00eenc\u0103 un &#8230; <\/p>\n<p class=\"read-more-container\"><a title=\"Pe litoral \u00een Muntenegru: Cu barca la Budva\" class=\"read-more button\" href=\"https:\/\/www.the-travel-bunny.com\/ro\/litoral-in-muntenegru-barca-budva\/#more-578\" aria-label=\"Cite\u0219te mai multe despre Pe litoral \u00een Muntenegru: Cu barca la Budva\">Read more<\/a><\/p>\n","protected":false},"author":190,"featured_media":579,"comment_status":"closed","ping_status":"closed","sticky":false,"template":"","format":"standard","meta":{"footnotes":""},"categories":[37],"tags":[124],"class_list":["post-578","post","type-post","status-publish","format-standard","has-post-thumbnail","hentry","category-muntenegru","tag-calatorie-in-balcani","resize-featured-image"],"_links":{"self":[{"href":"https:\/\/www.the-travel-bunny.com\/ro\/wp-json\/wp\/v2\/posts\/578","targetHints":{"allow":["GET"]}}],"collection":[{"href":"https:\/\/www.the-travel-bunny.com\/ro\/wp-json\/wp\/v2\/posts"}],"about":[{"href":"https:\/\/www.the-travel-bunny.com\/ro\/wp-json\/wp\/v2\/types\/post"}],"author":[{"embeddable":true,"href":"https:\/\/www.the-travel-bunny.com\/ro\/wp-json\/wp\/v2\/users\/190"}],"replies":[{"embeddable":true,"href":"https:\/\/www.the-travel-bunny.com\/ro\/wp-json\/wp\/v2\/comments?post=578"}],"version-history":[{"count":5,"href":"https:\/\/www.the-travel-bunny.com\/ro\/wp-json\/wp\/v2\/posts\/578\/revisions"}],"predecessor-version":[{"id":10695,"href":"https:\/\/www.the-travel-bunny.com\/ro\/wp-json\/wp\/v2\/posts\/578\/revisions\/10695"}],"wp:featuredmedia":[{"embeddable":true,"href":"https:\/\/www.the-travel-bunny.com\/ro\/wp-json\/wp\/v2\/media\/579"}],"wp:attachment":[{"href":"https:\/\/www.the-travel-bunny.com\/ro\/wp-json\/wp\/v2\/media?parent=578"}],"wp:term":[{"taxonomy":"category","embeddable":true,"href":"https:\/\/www.the-travel-bunny.com\/ro\/wp-json\/wp\/v2\/categories?post=578"},{"taxonomy":"post_tag","embeddable":true,"href":"https:\/\/www.the-travel-bunny.com\/ro\/wp-json\/wp\/v2\/tags?post=578"}],"curies":[{"name":"wp","href":"https:\/\/api.w.org\/{rel}","templated":true}]}}