{"id":628,"date":"2018-06-17T13:10:38","date_gmt":"2018-06-17T13:10:38","guid":{"rendered":"https:\/\/the-travel-bunny-com.lyricalstaging.com\/ro\/?p=628"},"modified":"2025-11-29T06:54:21","modified_gmt":"2025-11-29T06:54:21","slug":"drumetie-podul-bastei-valea-elbei","status":"publish","type":"post","link":"https:\/\/www.the-travel-bunny.com\/ro\/drumetie-podul-bastei-valea-elbei\/","title":{"rendered":"Drume\u021bie la Podul Bastei pe Valea Elbei, \u00een Saxonia Elve\u021bian\u0103"},"content":{"rendered":"\n<div class=\"wp-block-columns is-layout-flex wp-container-core-columns-is-layout-9d6595d7 wp-block-columns-is-layout-flex\">\n<div class=\"wp-block-column is-vertically-aligned-center is-layout-flow wp-block-column-is-layout-flow\">\n<p>Am ajuns s\u0103 merg \u00eentr-o drume\u021bie p\u00e2n\u0103 la Podul Bastei pentru c\u0103 a trebuit s\u0103 lucrez din Saxonia Germania c\u00e2teva zile \u00een aprilie. Aproape de sf\u00e2r\u0219itul s\u0103pt\u0103m\u00e2nii, un coleg neam\u021b a trimis \u00eentrebarea evident\u0103 \u00een timpul pr\u00e2nzului:<\/p>\n\n\n\n<p><em>Ce a\u021bi planificat pentru acest weekend?<\/em><\/p>\n\n\n\n<p>Eu \u0219i colegii mei nu aveam nimic planificat, a\u0219a c\u0103 am cerut sfaturi:<\/p>\n<\/div>\n\n\n\n<div class=\"wp-block-column is-vertically-aligned-center is-layout-flow wp-block-column-is-layout-flow\">\n<div class=\"wp-block-rank-math-toc-block\" id=\"rank-math-toc\"><h2>Ghid de Drume\u021bie la Podul Bastei<\/h2><nav><ul><li class=\"\"><a href=\"#faq-question-1675083188341\">Merit\u0103 s\u0103 vizitezi Podul Bastei?<\/a><\/li><li class=\"\"><a href=\"#inceputem-drume\u021bia-catre-podul-bastei-germania\">\u00cenceputem drume\u021bia c\u0103tre Podul Bastei Germania<\/a><\/li><li class=\"\"><a href=\"#a\u0219a-numita-drume\u021bie-de-40-de-minute-pana-la-podul-bastei\">A\u0219a-numita drume\u021bie de 40 de minute p\u00e2n\u0103 la Podul Bastei<\/a><\/li><li class=\"\"><a href=\"#teaser-podul-bastei-felsenburg-neurathen\">Teaser Podul Bastei: Felsenburg Neurathen<\/a><\/li><li class=\"\"><a href=\"#podul-bastei\">Podul Bastei<\/a><\/li><li class=\"\"><a href=\"#traseul-de-intoarcere-de-la-podul-bastei\">Traseul de \u00eentoarcere de la Podul Bastei<\/a><\/li><li class=\"\"><a href=\"#faq-question-1675083135682\">Cum ajungi la Podul Bastei din Dresda<\/a><\/li><li class=\"\"><a href=\"#faq-question-1675083171338\">Unde g\u0103se\u0219ti parcare la Podul Bastei?<\/a><\/li><li class=\"\"><a href=\"#despre-autor\">Despre autor<\/a><\/li><\/ul><\/nav><\/div>\n<\/div>\n<\/div>\n\n\n\n<p><em><strong>Ar trebui s\u0103 merge\u021bi la Bastei, nu e prea departe. Perfect pentru o plimbare. Frumos. O s\u0103 v\u0103 plac\u0103!<\/strong><\/em><\/p>\n\n\n\n<p>P\u0103rea o destina\u021bie simpatic\u0103, a\u0219a c\u0103 am decis s\u0103 mergem s\u0103 o vizit\u0103m. Nici nu am acordat prea mult\u0103 aten\u021bie restului, pentru c\u0103 \u00eemi plac surprizele, a\u0219a c\u0103 mi-am l\u0103sat colegii s\u0103 se ocupe de detalii.<\/p>\n\n\n\n<hr class=\"wp-block-separator has-css-opacity is-style-wide\"\/>\n\n\n<div id=\"rank-math-faq\" class=\"rank-math-block\">\n<div class=\"rank-math-list \">\n<div id=\"faq-question-1675083188341\" class=\"rank-math-list-item\">\n<h2 class=\"rank-math-question \">Merit\u0103 s\u0103 vizitezi Podul Bastei?<\/h2>\n<div class=\"rank-math-answer \">\n\n<p>Fiecare c\u0103l\u0103tor ar trebui s\u0103 aib\u0103 Podul Bastei \u00een itinerariul s\u0103u de vacan\u021b\u0103 \u00een Germania, deoarece aceast\u0103 atrac\u021bie este un loc cu adev\u0103rat extraordinar. Acest sit binecunoscut ofer\u0103 o panoram\u0103 uimitoare a r\u00e2ului Elba \u0219i a peisajului rural din jur \u0219i este un adev\u0103rat monument al frumuse\u021bii naturale \u0219i semnifica\u021biei istorice a regiunii.<\/p>\n<p>Podul Bastei este o destina\u021bie obligatorie pentru oricine ador\u0103 s\u0103 fie \u00een natur\u0103. Un loc spectaculos pentru drume\u021bii \u0219i explorare este oferit de forma\u021biunile de roc\u0103 de gresie, care s-au format \u00een urma a milenii de eroziune \u0219i intemperii. C\u0103r\u0103rile din jurul Podului Bastei \u00eei vor uimi pe drume\u021bii pasiona\u021bi, dar \u0219i pe cei care doresc o plimbare lini\u0219tit\u0103.<\/p>\n<p>Podul Bastei, o priveli\u0219te unic\u0103 care \u00eenf\u0103\u021bi\u0219eaz\u0103 Germania secolului al XIX-lea, este perfect pentru pasiona\u021bii de istorie. Aceast\u0103 construc\u021bie magnific\u0103, care dateaz\u0103 din anii 1800 \u0219i a fost restaurat\u0103 meticulos de-a lungul anilor, ofer\u0103 o fereastr\u0103 special\u0103 c\u0103tre trecut. Vizitatorii pot descoperi podul \u0219i \u00eemprejurimile din jurul acestuia \u00een timp ce \u00eenva\u021b\u0103 despre trecutul \u0219i semnifica\u021bia cultural\u0103 a Mun\u021bilor Gresie Elbe.<\/p>\n<p>\u00cen cele din urm\u0103, o excursie pe Podul Bastei este o experien\u021b\u0103 cu adev\u0103rat unic\u0103, care ar trebui s\u0103 fie pe itinerariul oricui. Indiferent dac\u0103 e\u0219ti un adev\u0103rat mun\u021boman sau un \u00eencep\u0103tor \u00een drume\u021bii pe munte, acest monument te va uimi.<\/p>\n\n<\/div>\n<\/div>\n<\/div>\n<\/div>\n\n\n<hr class=\"wp-block-separator has-alpha-channel-opacity\"\/>\n\n\n\n<figure class=\"wp-block-image size-full\"><img loading=\"lazy\" decoding=\"async\" width=\"792\" height=\"294\" src=\"https:\/\/www.the-travel-bunny.com\/ro\/wp-content\/uploads\/sites\/2\/2021\/05\/podul-bastei-feribot-peste-elba.jpg\" alt=\"podul bastei feribot peste elba\" class=\"wp-image-630\" title=\"\" srcset=\"https:\/\/www.the-travel-bunny.com\/ro\/wp-content\/uploads\/sites\/2\/2021\/05\/podul-bastei-feribot-peste-elba.jpg 792w, https:\/\/www.the-travel-bunny.com\/ro\/wp-content\/uploads\/sites\/2\/2021\/05\/podul-bastei-feribot-peste-elba-300x111.jpg 300w, https:\/\/www.the-travel-bunny.com\/ro\/wp-content\/uploads\/sites\/2\/2021\/05\/podul-bastei-feribot-peste-elba-768x285.jpg 768w\" sizes=\"auto, (max-width: 792px) 100vw, 792px\" \/><figcaption class=\"wp-element-caption\"><em>R\u00e2ul Elba \u00een drume\u021bia noastr\u0103 c\u0103tre Podul Bastei<\/em><\/figcaption><\/figure>\n\n\n\n<h2 class=\"wp-block-heading\" id=\"inceputem-drume\u021bia-catre-podul-bastei-germania\">\u00cenceputem drume\u021bia c\u0103tre Podul Bastei Germania<\/h2>\n\n\n\n<p>S\u00e2mb\u0103t\u0103 diminea\u021ba, cu mult soare pe cer \u0219i f\u0103r\u0103 prea multe preg\u0103tiri, am plecat spre Bastei, cu ma\u0219ina. Am c\u0103l\u0103torit lejer cu \u00eenc\u0103l\u021b\u0103minte u\u0219oar\u0103, o sticl\u0103 de ap\u0103, ochelari de soare \u0219i o pastil\u0103 Claritine, pentru c\u0103 nasul meu a descoperit c\u0103 a sosit prim\u0103vara.<\/p>\n\n\n\n<p>Am l\u0103sat ma\u0219ina unde am fost \u00eendruma\u021bi s\u0103 o parc\u0103m \u0219i am v\u0103zut un sat plin de culoare de cealalt\u0103 parte a unui r\u00e2u, la baza unei p\u0103duri grozave aflate pe la mijlocul dealului. Era clar deja c\u0103 vom avea ceva de urcat.<\/p>\n\n\n\n<p>Drumul spre Bastei a \u00eenceput de fapt cu o traversare rapid\u0103 a r\u00e2ului cu feribotul. Acestea vin frecvent \u0219i pot transporta o mul\u021bime de pasageri. Cu toate acestea, timpul de a\u0219teptare a fost suficient pentru a remarca c\u0103 am fost printre pu\u021binii care nu aveau bocanci de drume\u021bie, rucsaci mari \u0219i be\u021be de trekking\u2026<\/p>\n\n\n\n<figure class=\"wp-block-image size-full\"><img loading=\"lazy\" decoding=\"async\" width=\"792\" height=\"531\" src=\"https:\/\/www.the-travel-bunny.com\/ro\/wp-content\/uploads\/sites\/2\/2021\/05\/feribot-rathen-raul-elba.jpg\" alt=\"feribot rathen raul elba\" class=\"wp-image-631\" title=\"\" srcset=\"https:\/\/www.the-travel-bunny.com\/ro\/wp-content\/uploads\/sites\/2\/2021\/05\/feribot-rathen-raul-elba.jpg 792w, https:\/\/www.the-travel-bunny.com\/ro\/wp-content\/uploads\/sites\/2\/2021\/05\/feribot-rathen-raul-elba-300x201.jpg 300w, https:\/\/www.the-travel-bunny.com\/ro\/wp-content\/uploads\/sites\/2\/2021\/05\/feribot-rathen-raul-elba-768x515.jpg 768w\" sizes=\"auto, (max-width: 792px) 100vw, 792px\" \/><figcaption class=\"wp-element-caption\"><em>Feribotul peste r\u00e2ul Elba, de la Rathen Bastei<\/em><\/figcaption><\/figure>\n\n\n\n<p class=\"has-background\" style=\"background-color:#f5f5f5\"><strong><span style=\"text-decoration: underline;\">Feribot fluviu Elba, de la Rathen<\/span><\/strong><br><strong>1 noiembrie &#8211; 14 mai:<\/strong> deschis de luni p\u00e2n\u0103 vineri \u00eentre orele 04.30 \u0219i 23.45 \u0219i s\u00e2mb\u0103ta \u0219i duminica \u00eentre orele 05.30 \u0219i 23.45. <strong>15 mai &#8211; 31 octombrie:<\/strong> Feribotoul Elba r\u00e2u e deschis de luni p\u00e2n\u0103 vineri \u00eentre orele 04:30 \u0219i 00:45 \u0219i s\u00e2mb\u0103t\u0103 \u0219i duminic\u0103 \u00eentre orele 05:30 \u0219i 00:45.<br><strong>Biletele dus<\/strong> cost\u0103 1,20 EUR pentru adul\u021bi \u0219i 0,50 EUR pentru copii.<br><strong>Biletele dus-\u00eentors<\/strong> cost\u0103 2,00 EUR pentru adul\u021bi \u0219i 0,80 EUR pentru copii.<\/p>\n\n\n\n<hr class=\"wp-block-separator has-css-opacity is-style-wide\"\/>\n\n\n\n<figure class=\"wp-block-image size-full\"><img loading=\"lazy\" decoding=\"async\" width=\"792\" height=\"263\" src=\"https:\/\/www.the-travel-bunny.com\/ro\/wp-content\/uploads\/sites\/2\/2021\/05\/drumetie-podul-bastei-40-minute.jpg\" alt=\"drumetie podul bastei 40 minute\" class=\"wp-image-632\" title=\"\" srcset=\"https:\/\/www.the-travel-bunny.com\/ro\/wp-content\/uploads\/sites\/2\/2021\/05\/drumetie-podul-bastei-40-minute.jpg 792w, https:\/\/www.the-travel-bunny.com\/ro\/wp-content\/uploads\/sites\/2\/2021\/05\/drumetie-podul-bastei-40-minute-300x100.jpg 300w, https:\/\/www.the-travel-bunny.com\/ro\/wp-content\/uploads\/sites\/2\/2021\/05\/drumetie-podul-bastei-40-minute-768x255.jpg 768w\" sizes=\"auto, (max-width: 792px) 100vw, 792px\" \/><figcaption class=\"wp-element-caption\"><em>Drume\u021bie Bastei Br\u00fccke pe malul r\u00e2ului Elba<\/em><\/figcaption><\/figure>\n\n\n\n<h2 class=\"wp-block-heading\" id=\"a\u0219a-numita-drume\u021bie-de-40-de-minute-pana-la-podul-bastei\">A\u0219a-numita drume\u021bie de <em>40 de minute<\/em> p\u00e2n\u0103 la Podul Bastei<\/h2>\n\n\n\n<p>Am ales cel mai scurt traseu, care ar fi trebuit s\u0103 fie de 40 de minute dac\u0103 e s\u0103 d\u0103m crezare panoului de la cap\u0103tul sc\u0103rilor care urc\u0103 \u00een p\u0103dure. Pe m\u0103sur\u0103 ce avansezi, drumul devine din ce \u00een ce mai abrupt, dar nu trebuie s\u0103 te gr\u0103be\u0219ti, ai parte de o nou\u0103 priveli\u0219te frumoas\u0103 la fiecare cotitur\u0103. O scuz\u0103 at\u00e2t de bun\u0103 pentru a-\u021bi trage sufletul pentru o clip\u0103!<\/p>\n\n\n\n<p><strong>Cu c\u00e2t avansezi mai mult, cu at\u00e2t devine mai interesant<\/strong>. De fiecare dat\u0103 c\u00e2nd crezi c\u0103 ai ajuns \u00een v\u00e2rf, mergi \u00een jurul unei st\u00e2nci pentru a descoperi un loc nou, chiar mai \u00eenalt \u0219i mai mare dec\u00e2t ultimul.<\/p>\n\n\n\n<p>Din c\u00e2nd \u00een c\u00e2nd, am putut vedea c\u00e2teva scrieri sculptate \u00een st\u00e2nci, dar, din p\u0103cate, germana mea se limiteaz\u0103 la <em>Hallo<\/em> \u0219i <em>Danke sch\u00f6n<\/em>.<\/p>\n\n\n\n<p class=\"has-base-background-color has-background\"><strong><span style=\"text-decoration: underline;\">Parcul Na\u021bional Elve\u021bia Saxon\u0103<\/span><\/strong><br>Parcul Na\u021bional Elve\u021bia Saxon\u0103 este deschis 24\/7. Planific\u0103 excursia devreme, totu\u0219i, deoarece devine foarte aglomerat \u00een jurul pr\u00e2nzului. Nu exist\u0103 niciun cost pentru a intra.<\/p>\n\n\n\n<hr class=\"wp-block-separator has-css-opacity is-style-wide\"\/>\n\n\n\n<figure class=\"wp-block-image size-full\"><img loading=\"lazy\" decoding=\"async\" width=\"792\" height=\"262\" src=\"https:\/\/www.the-travel-bunny.com\/ro\/wp-content\/uploads\/sites\/2\/2021\/05\/podul-bastei-felsenburg-neurathen.jpg\" alt=\"podul bastei felsenburg neurathen\" class=\"wp-image-633\" title=\"\" srcset=\"https:\/\/www.the-travel-bunny.com\/ro\/wp-content\/uploads\/sites\/2\/2021\/05\/podul-bastei-felsenburg-neurathen.jpg 792w, https:\/\/www.the-travel-bunny.com\/ro\/wp-content\/uploads\/sites\/2\/2021\/05\/podul-bastei-felsenburg-neurathen-300x99.jpg 300w, https:\/\/www.the-travel-bunny.com\/ro\/wp-content\/uploads\/sites\/2\/2021\/05\/podul-bastei-felsenburg-neurathen-768x254.jpg 768w\" sizes=\"auto, (max-width: 792px) 100vw, 792px\" \/><figcaption class=\"wp-element-caption\"><em>Podul Bastei, R\u00e2ul Elba, Elve\u021bia saxon\u0103<\/em><\/figcaption><\/figure>\n\n\n\n<h2 class=\"wp-block-heading\" id=\"teaser-podul-bastei-felsenburg-neurathen\">Teaser Podul Bastei: Felsenburg Neurathen<\/h2>\n\n\n\n<p>La un moment dat, am dat de un gard de lemn \u00een stil vechi \u0219i un suport. <strong>Pentru 2,00 \u20ac, po\u021bi intra \u00een zona \u00eemprejmuit\u0103 \u0219i merge pe o pasarel\u0103 de fier care leag\u0103 un v\u00e2rf de st\u00e2nc\u0103 de altul<\/strong>. Printre priveli\u0219tile frumoase pe care le vei putea vedea de acolo, se num\u0103r\u0103 \u0219i cel al unui pod maiestuos de piatr\u0103 pierdut \u00een p\u0103dure la o sut\u0103 de metri distan\u021b\u0103.<\/p>\n\n\n\n<p>La distan\u021b\u0103, \u00eentr-o direc\u021bie diferit\u0103, po\u021bi vedea \u0219i o statuie de c\u0103lug\u0103r pe v\u00e2rful unei st\u00e2nci, st\u00e2nd deasupra liniei copacilor. Din c\u00e2nd \u00een c\u00e2nd, po\u021bi observa al\u021bi alpini\u0219ti care merg \u00eentr-o drume\u021bie p\u00e2n\u0103 la Podul Bastei.<\/p>\n\n\n\n<p>\u00cen mai multe locuri, sunt c\u00e2teva g\u0103uri \u00een st\u00e2nci. Astfel, se formeaz\u0103 o coad\u0103 mic\u0103 din care oamenii arunc\u0103 monede \u0219i \u00eencearc\u0103 s\u0103 le nimereasc\u0103 cu acestea. Este fezabil f\u0103r\u0103 prea multe dificult\u0103\u021bi.<\/p>\n\n\n\n<p class=\"has-base-background-color has-background\"><strong><span style=\"text-decoration: underline;\">Felsenburg Neurathen<\/span><\/strong><br>Cetatea Neurathen, sau Felsenburg Neurathen, este deschis\u0103 24 de ore pe zi. Intrarea cost\u0103 de 2,00 euro. Cetatea este situat\u0103 la 01824 Lohmen, Germania.<\/p>\n\n\n\n<hr class=\"wp-block-separator has-css-opacity is-style-wide\"\/>\n\n\n\n<figure class=\"wp-block-image size-full\"><img loading=\"lazy\" decoding=\"async\" width=\"792\" height=\"294\" src=\"https:\/\/www.the-travel-bunny.com\/ro\/wp-content\/uploads\/sites\/2\/2021\/05\/drumetie-la-podul-bastei-saxonia.jpg\" alt=\"drumetie la podul bastei saxonia\" class=\"wp-image-634\" title=\"\" srcset=\"https:\/\/www.the-travel-bunny.com\/ro\/wp-content\/uploads\/sites\/2\/2021\/05\/drumetie-la-podul-bastei-saxonia.jpg 792w, https:\/\/www.the-travel-bunny.com\/ro\/wp-content\/uploads\/sites\/2\/2021\/05\/drumetie-la-podul-bastei-saxonia-300x111.jpg 300w, https:\/\/www.the-travel-bunny.com\/ro\/wp-content\/uploads\/sites\/2\/2021\/05\/drumetie-la-podul-bastei-saxonia-768x285.jpg 768w\" sizes=\"auto, (max-width: 792px) 100vw, 792px\" \/><figcaption class=\"wp-element-caption\"><em>Punctul culminant al drume\u021biei noastre c\u0103tre Podul Bastei<\/em><\/figcaption><\/figure>\n\n\n\n<h2 class=\"wp-block-heading\" id=\"podul-bastei\">Podul Bastei<\/h2>\n\n\n\n<p>Dup\u0103 ce p\u0103r\u0103se\u0219ti zona pl\u0103tit\u0103, po\u021bi arunca o alt\u0103 privire asupra frumoasei v\u0103i de mai jos. Apoi, po\u021bi merge pe podul de piatr\u0103. De acolo, vei vedea ni\u0219te trepte vechi, minuscule, sculptate \u00een st\u00e2nc\u0103, cre\u00e2nd ni\u0219te sc\u0103ri pentru temerari. Din fericire, nu le po\u021bi accesa \u0219i oricum ar fi o nebunie s\u0103 \u00eencerci!<\/p>\n\n\n\n<p>La mai bine de o or\u0103 dup\u0103 ce am p\u0103r\u0103sit satul, am ajuns \u00een cel mai \u00eenalt punct din drume\u021bia noastr\u0103 c\u0103tre Podul Bastei. (Acolo vei g\u0103si un hotel pentru a bea o b\u0103utur\u0103, o \u00eenghe\u021bat\u0103 sau chiar o mas\u0103.) Locul este de fapt un platou \u0219i po\u021bi ajunge acolo \u0219i cu ma\u0219ina. Dar de ce ai vrea s\u0103 ratezi distrac\u021bia urc\u0103rii?<\/p>\n\n\n\n<hr class=\"wp-block-separator has-css-opacity is-style-wide\"\/>\n\n\n\n<figure class=\"wp-block-image size-full\"><img loading=\"lazy\" decoding=\"async\" width=\"792\" height=\"263\" src=\"https:\/\/www.the-travel-bunny.com\/ro\/wp-content\/uploads\/sites\/2\/2021\/05\/traseu-podul-bastei.jpg\" alt=\"traseu podul bastei\" class=\"wp-image-635\" title=\"\" srcset=\"https:\/\/www.the-travel-bunny.com\/ro\/wp-content\/uploads\/sites\/2\/2021\/05\/traseu-podul-bastei.jpg 792w, https:\/\/www.the-travel-bunny.com\/ro\/wp-content\/uploads\/sites\/2\/2021\/05\/traseu-podul-bastei-300x100.jpg 300w, https:\/\/www.the-travel-bunny.com\/ro\/wp-content\/uploads\/sites\/2\/2021\/05\/traseu-podul-bastei-768x255.jpg 768w\" sizes=\"auto, (max-width: 792px) 100vw, 792px\" \/><figcaption class=\"wp-element-caption\"><em>Pe drumul de \u00eentoarcere de pe traseul c\u0103tre Podul Bastei<\/em><\/figcaption><\/figure>\n\n\n\n<h2 class=\"wp-block-heading\" id=\"traseul-de-intoarcere-de-la-podul-bastei\">Traseul de \u00eentoarcere de la Podul Bastei<\/h2>\n\n\n\n<p>Revenind, am fi putut alege acela\u0219i traseu de 40 de minute p\u00e2n\u0103 la Podul Bastei, dar am decis s\u0103 mergem mai mult. \u00ce\u021bi recomand cu c\u0103ldur\u0103 s\u0103 procedezi la fel.<\/p>\n\n\n\n<p>Poteca a continuat pe un drum, dar am plecat s\u0103 explor\u0103m. R\u0103m\u00e2n\u00e2nd c\u00e2t mai aproape de valea pe care am v\u0103zut-o de pe pod (pe partea dreapt\u0103), am ajuns la un minunat punct de belvedere care ne-a permis s\u0103 arunc\u0103m o ultim\u0103 privire asupra podului de piatr\u0103 Bastei \u0219i \u00eemprejurimile sale. Acesta a fost cu siguran\u021b\u0103 cel mai frumos peisaj de p\u00e2n\u0103 acum \u0219i a venit \u0219i cu satisfac\u021bia de a fi aproape singuri \u00een acest loc.<\/p>\n\n\n\n<p>Am urmat p\u00e2n\u0103 la urm\u0103 o potec\u0103 care duce la ni\u0219te sc\u0103ri care coboar\u0103 printre st\u00e2nci, la un defileu \u0219i ni\u0219te mici poieni uimitoare. Prima parte a drume\u021biei c\u0103tre Podul Bastei a inclus o vedere deschis\u0103 asupra v\u0103ii, \u00een timp ce a doua ne-a f\u0103cut s\u0103 ne sim\u021bim mici \u00eentre pere\u021bii de st\u00e2nc\u0103. Pentru mine, aceasta a fost cea mai bun\u0103 parte. Parc\u0103 ie\u0219isem din realitate \u0219i intrasem \u00eentr-un film de aventur\u0103 care se desf\u0103\u0219oar\u0103 \u00een ni\u0219te locuri feerice.<\/p>\n\n\n\n<p>Drume\u021bia \u00een aceast\u0103 ordine a fost, din fericire, cea mai bun\u0103 idee. Nu a fost prea cald pentru a urca diminea\u021ba. \u00cen plus, frigul st\u00e2ncilor \u0219i umiditatea mu\u0219chiului au fost foarte apreciate \u00een timpul dup\u0103-amiezii. La amiaz\u0103, soarele d\u0103dea tot ce-i mai bun.<\/p>\n\n\n\n<p>Excursia s-a \u00eencheiat urm\u0103rind un r\u00e2u pe care se poate \u00eenchiria o barc\u0103 cu v\u00e2sle sau o hidrobiciclet\u0103. Apoi, te \u00eentorci \u00een satul unde restaurantele de pe\u0219te par s\u0103 fie specialitatea.<\/p>\n\n\n\n<hr class=\"wp-block-separator has-alpha-channel-opacity\"\/>\n\n\n<div id=\"rank-math-faq\" class=\"rank-math-block\">\n<div class=\"rank-math-list \">\n<div id=\"faq-question-1675083135682\" class=\"rank-math-list-item\">\n<h2 class=\"rank-math-question \">Cum ajungi la Podul Bastei din Dresda<\/h2>\n<div class=\"rank-math-answer \">\n\n<p>Mun\u021bii de gresie Elba din Germania g\u0103zduiesc Podul Bastei. Po\u021bi ajunge la Podul Bastei cu ma\u0219ina, autobuzul sau trenul.<\/p>\n<p>Dac\u0103 mergi cu ma\u0219ina, \u00eendreapt\u0103-te spre vest din Dresda pe A17 p\u00e2n\u0103 c\u00e2nd ajungi la ie\u0219irea Pirna-Copitz. De acolo, urmeaz\u0103 B172 \u00een direc\u021bia Bad Schandau \u0219i apoi mergi conform indica\u021biilor c\u0103tre Bastei.<\/p>\n<p>Dac\u0103 c\u0103l\u0103tore\u0219ti cu trenul, podul se afl\u0103 la aproximativ 20 de minute de mers pe jos de Lohmen-Bastei, cea mai apropiat\u0103 gar\u0103. Din gar\u0103 se poate ajunge la Podul Bastei \u0219i cu autobuzul din Lohmen.<\/p>\n<p>Exist\u0103 \u0219i autobuzul 171 de la Dresda la Kurort Rathen, care trebuie schimbat apoi cu autobuzul num\u0103rul 173 pentru a merge la Bastei. C\u0103l\u0103toria cu autobuzul dureaz\u0103 aproximativ o or\u0103.<\/p>\n\n<\/div>\n<\/div>\n<\/div>\n<\/div>\n\n\n<hr class=\"wp-block-separator has-alpha-channel-opacity\"\/>\n\n\n<div id=\"rank-math-faq\" class=\"rank-math-block\">\n<div class=\"rank-math-list \">\n<div id=\"faq-question-1675083171338\" class=\"rank-math-list-item\">\n<h2 class=\"rank-math-question \">Unde g\u0103se\u0219ti parcare la Podul Bastei?<\/h2>\n<div class=\"rank-math-answer \">\n\n<p>\u00cen apropierea <a href=\"https:\/\/anothermilestone.eu\/podul-bastei\/\" target=\"_blank\" rel=\"noreferrer noopener\">Podului Bastei<\/a> exista diverse posibilit\u0103\u021bi de parcare. G\u0103se\u0219ti o parcare imens\u0103 l\u00e2ng\u0103 pod \u0219i mai multe locuri de parcare \u00een regiunea \u00eenconjur\u0103toare. Unele parc\u0103ri pot percepe tax\u0103. Cel mai bine este s\u0103 verifici disponibilitatea parc\u0103rilor din timp, mai ales \u00een timpul sezonului turistic de v\u00e2rf. Parcarea \u00een ora\u0219ul vecin Rathen \u0219i luarea autobuzului sau mersul pe jos p\u00e2n\u0103 la Podul Bastei se num\u0103r\u0103 printre alternative.<\/p>\n\n<\/div>\n<\/div>\n<\/div>\n<\/div>\n\n\n<hr class=\"wp-block-separator has-css-opacity is-style-wide\"\/>\n\n\n\n<h2 class=\"wp-block-heading\" id=\"despre-autor\">Despre autor<\/h2>\n\n\n\n<div class=\"wp-block-media-text alignwide is-vertically-aligned-top\" style=\"grid-template-columns:16% auto\"><figure class=\"wp-block-media-text__media\"><img decoding=\"async\" src=\"https:\/\/www.the-travel-bunny.com\/wp-content\/uploads\/2021\/05\/mathieu-letailleur-the-travel-bunny.jpg\" alt=\"mathieu letailleur the travel bunny\" class=\"wp-image-908 size-full\" title=\"\"><\/figure><div class=\"wp-block-media-text__content\">\n<p>Mathieu este c\u0103s\u0103torit cu <a href=\"https:\/\/www.the-travel-bunny.com\/ro\/despre-travel-bunny\/mirela-letailleur\/\" data-type=\"page\" data-id=\"22\">Mirela, The Travel Bunny<\/a>. Inginer francez, Mathieu locuie\u0219te \u00een prezent \u00een Bucure\u0219ti, Rom\u00e2nia. \u00cei place s\u0103 descopere locuri noi \u0219i cum func\u021bioneaz\u0103 diverse lucruri. Expert pizza si tiramisu.<\/p>\n\n\n\n<p>C\u00e2nd i s-a cerut s\u0103 spun\u0103 ceva despre sine, Mathieu a ales un r\u0103spuns scurt \u0219i la obiect. A\u0219a c\u0103 a spus: <em>\u201eCeva\u201d.<\/em><\/p>\n<\/div><\/div>\n\n\n\n<p class=\"has-background\" style=\"background-color:#d5edfb\">\u0218i tu po\u021bi deveni contribuitor pe blogul de c\u0103l\u0103torii The Travel Bunny. <a href=\"https:\/\/www.the-travel-bunny.com\/ro\/despre-travel-bunny\/contribuitor-blog\/\" data-type=\"page\" data-id=\"30\">Trimite  un articol<\/a>!<\/p>\n\n\n<div class=\"wp-block-scriptless-social-sharing-buttons\"><div class=\"scriptlesssocialsharing\"><div class=\"scriptlesssocialsharing__buttons no-icons\"><a class=\"button facebook\" target=\"_blank\" href=\"https:\/\/www.facebook.com\/sharer\/sharer.php?u=https%3A%2F%2Fwww.the-travel-bunny.com%2Fro%2Fdrumetie-podul-bastei-valea-elbei%2F\" rel=\"noopener noreferrer nofollow\"><span class=\"sss-name\"><span class=\"screen-reader-text\">Share on <\/span>Facebook<\/span><\/a><a class=\"button twitter\" target=\"_blank\" href=\"https:\/\/twitter.com\/intent\/tweet?text=Drume%C8%9Bie%20la%20Podul%20Bastei%20pe%20Valea%20Elbei%2C%20%C3%AEn%20Saxonia%20Elve%C8%9Bian%C4%83&#038;url=https%3A%2F%2Fwww.the-travel-bunny.com%2Fro%2Fdrumetie-podul-bastei-valea-elbei%2F&#038;via=mirela_iepurela&#038;related=mirela_iepurela\" rel=\"noopener noreferrer nofollow\"><span class=\"sss-name\"><span class=\"screen-reader-text\">Share on <\/span>X (Twitter)<\/span><\/a><a class=\"button pinterest\" target=\"_blank\" href=\"https:\/\/pinterest.com\/pin\/create\/button\/?url=https%3A%2F%2Fwww.the-travel-bunny.com%2Fro%2Fdrumetie-podul-bastei-valea-elbei%2F&#038;media=https%3A%2F%2Fwww.the-travel-bunny.com%2Fro%2Fwp-content%2Fuploads%2Fsites%2F2%2F2021%2F05%2Fpodul-bastei-germania.jpg&#038;description=Drume%C8%9Bie%20la%20Podul%20Bastei%20pe%20Valea%20Elbei%2C%20%C3%AEn%20Saxonia%20Elve%C8%9Bian%C4%83\" rel=\"noopener noreferrer nofollow\" data-pin-no-hover=\"true\" data-pin-custom=\"true\" data-pin-do=\"skip\" data-pin-description=\"Drume\u021bie la Podul Bastei pe Valea Elbei, \u00een Saxonia Elve\u021bian\u0103\"><span class=\"sss-name\"><span class=\"screen-reader-text\">Share on <\/span>Pinterest<\/span><\/a><a class=\"button whatsapp\" target=\"_blank\" href=\"https:\/\/api.whatsapp.com\/send?text=Drume%C8%9Bie%20la%20Podul%20Bastei%20pe%20Valea%20Elbei%2C%20%C3%AEn%20Saxonia%20Elve%C8%9Bian%C4%83%20%E2%80%94%20https%3A%2F%2Fwww.the-travel-bunny.com%2Fro%2Fdrumetie-podul-bastei-valea-elbei%2F\" rel=\"noopener noreferrer nofollow\"><span class=\"sss-name\"><span class=\"screen-reader-text\">Share on <\/span>WhatsApp<\/span><\/a><a class=\"button email\" href=\"mailto:?body=Am%20citit%20acest%20articol%20de%20vacan%C8%9B%C4%83%20%C8%99i%20m-am%20g%C3%A2ndit%20la%20tine.%20Iat%C4%83%20%C8%99i%20link-ul%3A%20https%3A%2F%2Fwww.the-travel-bunny.com%2Fro%2Fdrumetie-podul-bastei-valea-elbei%2F&#038;subject=Promit%20c%C4%83%20o%20s%C4%83%20%C3%AE%C8%9Bi%20plac%C4%83%3A%20Drume%C8%9Bie%20la%20Podul%20Bastei%20pe%20Valea%20Elbei%2C%20%C3%AEn%20Saxonia%20Elve%C8%9Bian%C4%83\" rel=\"noopener noreferrer nofollow\" ><span class=\"sss-name\"><span class=\"screen-reader-text\">Share on <\/span>Email<\/span><\/a><\/div><\/div><\/div>\n\n\n<p class=\"has-small-font-size\"><strong>Mergi \u00een drume\u021bie la Podul Bastei sau pe alt traseu asem\u0103n\u0103tor? Cite\u0219te \u0219i<\/strong><br><a href=\"https:\/\/www.the-travel-bunny.com\/ro\/cu-rucsacul-in-munti-ghid-incepatori\/\" data-type=\"post\" data-id=\"952\">Cu rucsacul \u00een mun\u021bi: Ghid pentru \u00eencep\u0103tori<\/a><br><a href=\"https:\/\/www.the-travel-bunny.com\/ro\/cum-pregatesti-rucsacul-de-drumetie\/\" data-type=\"post\" data-id=\"1051\">Ce s\u0103 iei \u00een rucsacul de drume\u021bie: 26 articole esen\u021biale<\/a><br><a href=\"https:\/\/www.the-travel-bunny.com\/ro\/bagaj-cu-cortul-la-munte\/\" data-type=\"post\" data-id=\"1053\">De ce am nevoie c\u00e2nd plec cu cortul la munte?<\/a><\/p>\n","protected":false},"excerpt":{"rendered":"<p>Am ajuns s\u0103 merg \u00eentr-o drume\u021bie p\u00e2n\u0103 la Podul Bastei pentru c\u0103 a trebuit s\u0103 lucrez din Saxonia Germania c\u00e2teva zile \u00een aprilie. Aproape de sf\u00e2r\u0219itul s\u0103pt\u0103m\u00e2nii, un coleg neam\u021b a trimis \u00eentrebarea evident\u0103 \u00een timpul pr\u00e2nzului: Ce a\u021bi planificat pentru acest weekend? Eu \u0219i colegii mei nu aveam nimic planificat, a\u0219a c\u0103 am cerut sfaturi: Ar trebui s\u0103 merge\u021bi la Bastei, nu e prea departe. Perfect pentru o plimbare. Frumos. O s\u0103 v\u0103 plac\u0103! P\u0103rea o destina\u021bie simpatic\u0103, a\u0219a c\u0103 am decis s\u0103 mergem s\u0103 o vizit\u0103m. Nici nu am acordat prea mult\u0103 aten\u021bie restului, pentru c\u0103 \u00eemi plac &#8230; <\/p>\n<p class=\"read-more-container\"><a title=\"Drume\u021bie la Podul Bastei pe Valea Elbei, \u00een Saxonia Elve\u021bian\u0103\" class=\"read-more button\" href=\"https:\/\/www.the-travel-bunny.com\/ro\/drumetie-podul-bastei-valea-elbei\/#more-628\" aria-label=\"Cite\u0219te mai multe despre Drume\u021bie la Podul Bastei pe Valea Elbei, \u00een Saxonia Elve\u021bian\u0103\">Read more<\/a><\/p>\n","protected":false},"author":147,"featured_media":629,"comment_status":"closed","ping_status":"closed","sticky":false,"template":"","format":"standard","meta":{"footnotes":""},"categories":[31],"tags":[130],"class_list":["post-628","post","type-post","status-publish","format-standard","has-post-thumbnail","hentry","category-germania","tag-articole-scrise-de-invitati","resize-featured-image"],"_links":{"self":[{"href":"https:\/\/www.the-travel-bunny.com\/ro\/wp-json\/wp\/v2\/posts\/628","targetHints":{"allow":["GET"]}}],"collection":[{"href":"https:\/\/www.the-travel-bunny.com\/ro\/wp-json\/wp\/v2\/posts"}],"about":[{"href":"https:\/\/www.the-travel-bunny.com\/ro\/wp-json\/wp\/v2\/types\/post"}],"author":[{"embeddable":true,"href":"https:\/\/www.the-travel-bunny.com\/ro\/wp-json\/wp\/v2\/users\/147"}],"replies":[{"embeddable":true,"href":"https:\/\/www.the-travel-bunny.com\/ro\/wp-json\/wp\/v2\/comments?post=628"}],"version-history":[{"count":6,"href":"https:\/\/www.the-travel-bunny.com\/ro\/wp-json\/wp\/v2\/posts\/628\/revisions"}],"predecessor-version":[{"id":10701,"href":"https:\/\/www.the-travel-bunny.com\/ro\/wp-json\/wp\/v2\/posts\/628\/revisions\/10701"}],"wp:featuredmedia":[{"embeddable":true,"href":"https:\/\/www.the-travel-bunny.com\/ro\/wp-json\/wp\/v2\/media\/629"}],"wp:attachment":[{"href":"https:\/\/www.the-travel-bunny.com\/ro\/wp-json\/wp\/v2\/media?parent=628"}],"wp:term":[{"taxonomy":"category","embeddable":true,"href":"https:\/\/www.the-travel-bunny.com\/ro\/wp-json\/wp\/v2\/categories?post=628"},{"taxonomy":"post_tag","embeddable":true,"href":"https:\/\/www.the-travel-bunny.com\/ro\/wp-json\/wp\/v2\/tags?post=628"}],"curies":[{"name":"wp","href":"https:\/\/api.w.org\/{rel}","templated":true}]}}