{"id":699,"date":"2018-08-23T06:10:59","date_gmt":"2018-08-23T06:10:59","guid":{"rendered":"https:\/\/the-travel-bunny-com.lyricalstaging.com\/ro\/?p=699"},"modified":"2026-03-25T16:11:29","modified_gmt":"2026-03-25T16:11:29","slug":"centrul-istoric-al-romei-vacanta-roma","status":"publish","type":"post","link":"https:\/\/www.the-travel-bunny.com\/ro\/centrul-istoric-al-romei-vacanta-roma\/","title":{"rendered":"Centrul istoric al Romei \u0219i comorile ascunse din Ora\u0219ul Etern"},"content":{"rendered":"\n<div class=\"wp-block-columns is-layout-flex wp-container-core-columns-is-layout-9d6595d7 wp-block-columns-is-layout-flex\">\n<div class=\"wp-block-column is-vertically-aligned-center is-layout-flow wp-block-column-is-layout-flow\">\n<p>De\u0219i am \u00eenceput devreme a treia zi din <a href=\"https:\/\/www.the-travel-bunny.com\/ro\/eticheta\/vacanta-la-roma\/\">vacan\u021ba la Roma<\/a>, a fost mai pu\u021bin intens\u0103 dec\u00e2t cea de-a doua zi. Cu toate acestea, a fost la fel de interesant\u0103! La urma urmei, eram pe cale s\u0103 explor\u0103m o mare parte din <strong>centrul istoric al Romei<\/strong>!<\/p>\n<\/div>\n\n\n\n<div class=\"wp-block-column is-vertically-aligned-center is-layout-flow wp-block-column-is-layout-flow\" style=\"flex-basis:55%\">\n<div class=\"wp-block-rank-math-toc-block\" id=\"rank-math-toc\"><h2>Vizit\u0103 \u00een centrul istoric al Romei<\/h2><nav><ul><li class=\"\"><a href=\"#faq-question-1671087058573\">Unde este centrul istoric al Romei?<\/a><\/li><li class=\"\"><a href=\"#faq-question-1671089375934\">C\u00e2nd a fost perioada de glorie a Romei?<\/a><\/li><li class=\"\"><a href=\"#ce-sa-vezi-\u0219i-ce-sa-faci-in-centrul-istoric-al-romei\">Ce s\u0103 vezi \u0219i ce s\u0103 faci \u00een centrul istoric al Romei<\/a><\/li><li class=\"\"><a href=\"#fantana-trevi\">F\u00e2nt\u00e2na Trevi<\/a><\/li><li class=\"\"><a href=\"#vino-sa-descoperi-minunile-din-centrul-istoric-al-romei\">Vino s\u0103 descoperi minunile din centrul istoric al Romei<\/a><\/li><li class=\"\"><a href=\"#despre-autoare\">Despre autoare<\/a><\/li><\/ul><\/nav><\/div>\n<\/div>\n<\/div>\n\n\n\n<p>Centrul istoric al Romei este cunoscut \u0219i sub numele de <em>Centro Storico<\/em>. Istoria antic\u0103 \u0219i mo\u0219tenirea cultural\u0103 sunt abundente \u00een centrul istoric al Romei. Colosseumul, Panteonul \u0219i F\u00e2nt\u00e2na Trevi sunt doar c\u00e2teva dintre site-urile celebre din Roma care se afl\u0103 \u00een centrul istoric al Romei.<\/p>\n\n\n\n<p>Centrul vechi al Romei ofer\u0103 mai mult dec\u00e2t o colec\u021bie de atrac\u021bii binecunoscute, totu\u0219i. Este un cartier plin de via\u021b\u0103 \u0219i activ, cu alei pietruite \u00eentortocheate, pie\u021be zgomotoase \u0219i locuri ascunse care abia a\u0219teapt\u0103 s\u0103 fie explorate.<\/p>\n\n\n\n<p>Planul era s\u0103 \u00eenceapem cu Panteonul. Dar, surprize-surprize, am ajuns prea devreme pentru a cuceri Roma, iar Panteonul era \u00eenc\u0103 \u00eenchis! A\u0219a c\u0103 am avut ni\u021bel timp s\u0103 ne trezim lent \u0219i s\u0103 lu\u0103m micul dejun \u00eenainte.<\/p>\n\n\n\n<hr class=\"wp-block-separator has-css-opacity is-style-wide\"\/>\n\n\n<div id=\"rank-math-faq\" class=\"rank-math-block\">\n<div class=\"rank-math-list \">\n<div id=\"faq-question-1671087058573\" class=\"rank-math-list-item\">\n<h2 class=\"rank-math-question \">Unde este centrul istoric al Romei?<\/h2>\n<div class=\"rank-math-answer \">\n\n<p><strong>\u00centre r\u00e2ul Tibru \u0219i vechile ziduri romane, \u00een mijlocul ora\u0219ului, este locul \u00een care vei g\u0103si centrul istoric al Romei.<\/strong> Campo de&#8217; Fiori, Panteonul \u0219i zona Trastevere sunt doar c\u00e2teva dintre cartierele sale. Centrul vechi al Romei g\u0103zduie\u0219te unele dintre cele mai cunoscute structuri ale ora\u0219ului, inclusiv Colosseumul, Forul Roman \u0219i F\u00e2nt\u00e2na Trevi.<\/p>\n<p>Multe dintre cele mai importante institu\u021bii culturale ale Romei, cum ar fi cl\u0103dirile Muzeului Na\u021bional din Roma, sunt, de asemenea, situate \u00een centrul istoric al ora\u0219ului. Cu aleile pietruite \u00eentortocheate, pie\u021bele aglomerate \u0219i istoria bogat\u0103 care dateaz\u0103 din Imperiul Roman, acesta reprezint\u0103 o zon\u0103 dinamic\u0103 \u0219i aglomerat\u0103 a capitalei Italiei.<\/p>\n\n<\/div>\n<\/div>\n<\/div>\n<\/div>\n\n\n<hr class=\"wp-block-separator has-alpha-channel-opacity\"\/>\n\n\n<div id=\"rank-math-faq\" class=\"rank-math-block\">\n<div class=\"rank-math-list \">\n<div id=\"faq-question-1671089375934\" class=\"rank-math-list-item\">\n<h2 class=\"rank-math-question \">C\u00e2nd a fost perioada de glorie a Romei?<\/h2>\n<div class=\"rank-math-answer \">\n\n<p>Imperiul Roman, care a rezistat din 27 \u00ee.Hr. p\u00e2n\u0103 \u00een 476 d.Hr., a fost la apogeu c\u00e2nd Roma \u00eens\u0103\u0219i era \u00een perioada sa de glorie. Roma a devenit unul dintre cele mai importante \u0219i mai influente ora\u0219e din istorie. Avea Colosseumul \u0219i Panteonul, dou\u0103 dintre cele mai cunoscute structuri \u0219i repere din lumea antic\u0103. A fost un centru de art\u0103, cultur\u0103 \u0219i politic\u0103.<\/p>\n<p>Epoca de aur a Romei a luat sf\u00e2r\u0219it odat\u0103 cu pr\u0103bu\u0219irea Imperiului Roman \u00een 476 d.Hr., iar ora\u0219ul a cunoscut o perioad\u0103 de declin \u0219i tulbur\u0103ri politice. Cu toate acestea, \u00een calitate de capital\u0103 a Italiei, Roma continu\u0103 s\u0103 fie un important centru cultural \u0219i istoric.<\/p>\n\n<\/div>\n<\/div>\n<\/div>\n<\/div>\n\n\n<hr class=\"wp-block-separator has-alpha-channel-opacity\"\/>\n\n\n\n<h2 class=\"wp-block-heading\" id=\"ce-sa-vezi-\u0219i-ce-sa-faci-in-centrul-istoric-al-romei\">Ce s\u0103 vezi \u0219i ce s\u0103 faci \u00een centrul istoric al Romei<\/h2>\n\n\n\n<p>Istoria antic\u0103 \u0219i mo\u0219tenirea cultural\u0103 sunt abundente \u00een centrul istoric al Romei. Este destina\u021bia ideal\u0103 pentru orice c\u0103l\u0103tor care dore\u0219te s\u0103 descopere Roma autentic\u0103, cu str\u0103zile pietruite \u00eentortocheate, pizzerii pline de via\u021b\u0103 \u0219i atrac\u021bii celebre.<\/p>\n\n\n\n<p>Cu toate acestea, s\u0103 alegi ce s\u0103 vizitezi \u00een partea veche a Romei ar putea fi dificil, deoarece exist\u0103 at\u00e2t de multe de v\u0103zut \u0219i de f\u0103cut. Pentru a te ajuta s\u0103 profi\u021bi la maximum de un sejur la Roma \u00een aceast\u0103 zon\u0103 intrigant\u0103 a ora\u0219ului, am creat acest ghid de c\u0103l\u0103torie, bazat pe propriul nostru itinerariu:<\/p>\n\n\n\n<div style=\"height:10px\" aria-hidden=\"true\" class=\"wp-block-spacer\"><\/div>\n\n\n\n<h3 class=\"wp-block-heading\" id=\"mic-dejun-langa-pia\u021ba-rotonda-din-centrul-istoric-al-romei\">Ia micul dejun l\u00e2ng\u0103 Piazza della Rotonda, \u00een centrul istoric al Romei<\/h3>\n\n\n\n<p>S\u0103risem peste micul dejun, crez\u00e2nd c\u0103 puteam m\u00e2nca ceva dup\u0103 ce am vizitat Panteonul. <\/p>\n\n\n\n<p>Av\u00e2nd at\u00e2ta timp la dispozi\u021bie, am decis s\u0103 c\u0103ut\u0103m un loc dr\u0103gu\u021b \u00een zon\u0103. <\/p>\n\n\n\n<figure class=\"wp-block-image size-large\"><img loading=\"lazy\" decoding=\"async\" width=\"792\" height=\"294\" src=\"https:\/\/www.the-travel-bunny.com\/ro\/wp-content\/uploads\/sites\/2\/2021\/05\/don-nino-piata-rotonda-in-centrul-istoric-al-romei.jpg\" alt=\"don nino piata rotonda in centrul istoric al romei\" class=\"wp-image-702\" title=\"\" srcset=\"https:\/\/www.the-travel-bunny.com\/ro\/wp-content\/uploads\/sites\/2\/2021\/05\/don-nino-piata-rotonda-in-centrul-istoric-al-romei.jpg 792w, https:\/\/www.the-travel-bunny.com\/ro\/wp-content\/uploads\/sites\/2\/2021\/05\/don-nino-piata-rotonda-in-centrul-istoric-al-romei-300x111.jpg 300w, https:\/\/www.the-travel-bunny.com\/ro\/wp-content\/uploads\/sites\/2\/2021\/05\/don-nino-piata-rotonda-in-centrul-istoric-al-romei-768x285.jpg 768w\" sizes=\"auto, (max-width: 792px) 100vw, 792px\" \/><figcaption class=\"wp-element-caption\"><em>Micul dejun la Don Nino, \u00een centrul istoric al Romei<\/em><\/figcaption><\/figure>\n\n\n\n<p>Chiar l\u00e2ng\u0103 Pia\u021ba Rotonda, am g\u0103sit un loc numit <strong>Don Nino<\/strong>, foarte confortabil, cu cafea \u0219i croissante delicioase. Exact ce aveam nevoie!<\/p>\n\n\n\n<p>La plecare, am observat c\u0103 nu exist\u0103 nicio coad\u0103 la Panteon. \u0218i era un semn pe o strad\u0103 lateral\u0103 care zicea <em>F\u00e2nt\u00e2na Trevi &#8211; 20 de minute<\/em>. Pentru c\u0103 nu ne place aglomera\u021bia, m-am g\u00e2ndit c\u0103 putem prinde zona F\u00e2nt\u00e2nii Trevi (aproape) goal\u0103.<\/p>\n\n\n\n<hr class=\"wp-block-separator has-css-opacity is-style-dots\"\/>\n\n\n\n<figure class=\"wp-block-image size-large\"><img loading=\"lazy\" decoding=\"async\" width=\"792\" height=\"294\" src=\"https:\/\/www.the-travel-bunny.com\/ro\/wp-content\/uploads\/sites\/2\/2021\/05\/fantana-trevi-in-centrul-istoric-al-romei.jpg\" alt=\"fantana trevi in centrul istoric al romei\" class=\"wp-image-703\" title=\"\" srcset=\"https:\/\/www.the-travel-bunny.com\/ro\/wp-content\/uploads\/sites\/2\/2021\/05\/fantana-trevi-in-centrul-istoric-al-romei.jpg 792w, https:\/\/www.the-travel-bunny.com\/ro\/wp-content\/uploads\/sites\/2\/2021\/05\/fantana-trevi-in-centrul-istoric-al-romei-300x111.jpg 300w, https:\/\/www.the-travel-bunny.com\/ro\/wp-content\/uploads\/sites\/2\/2021\/05\/fantana-trevi-in-centrul-istoric-al-romei-768x285.jpg 768w\" sizes=\"auto, (max-width: 792px) 100vw, 792px\" \/><figcaption class=\"wp-element-caption\"><em>Centrul istoric al Romei: F\u00e2nt\u00e2na Trevi<\/em><\/figcaption><\/figure>\n\n\n\n<h2 class=\"wp-block-heading\" id=\"fantana-trevi\">F\u00e2nt\u00e2na Trevi<\/h2>\n\n\n\n<p>Una dintre cele mai recunoscute f\u00e2nt\u00e2ni din lume este Fontana di Trevi. Travertinul de piatr\u0103 a fost folosit pentru a crea f\u00e2nt\u00e2na, care a fost terminat\u0103 \u00een 1762. \u00cen\u0103l\u021bimea \u0219i l\u0103\u021bimea sa sunt de aproximativ 26 de metri \u0219i, respectiv, 49 de metri. Sculpturile reprezent\u00e2nd personaje mitologice, precum zeitatea Oceanus\/Neptun \u0219i carul s\u0103u tras de tritoni \u0219i cai, \u00eenfrumuse\u021beaz\u0103 Fontana di Trevi.<\/p>\n\n\n\n<p>Potrivit legendei, dac\u0103 arunci o moned\u0103 \u00een Fontana di Trevi, vei c\u0103l\u0103tori \u00eenapoi la Roma. Din acest motiv, c\u0103l\u0103torii arunc\u0103 frecvent monede \u00een f\u00e2nt\u00e2n\u0103. Se estimeaz\u0103 c\u0103 \u00een fiecare zi se str\u00e2ng astfel peste 3.000 de euro. Ora\u0219ul str\u00e2nge monedele \u00een mod regulat \u0219i le folose\u0219te pentru a finan\u021ba ac\u021biuni caritabile pentru locuitorii mai pu\u021bin noroco\u0219i ai Romei.<\/p>\n\n\n\n<p>Am avut dreptate: nu era aproape nimeni acolo. Nu este niciodat\u0103 complet goal\u0103. Pentru c\u0103, hai s\u0103 fim sinceri, este e unul dintre acele locuri unde exist\u0103 mereu turi\u0219ti, indiferent de or\u0103. A\u0219a c\u0103 nu a fost La dolce vita, dar a fost ok!<\/p>\n\n\n\n<p>Ne-am uitat \u00een jur, ne-am aruncat monedele \u0219i am f\u0103cut ni\u0219te selfie-uri nereu\u0219ite. De obicei, nu facem selfie-uri, a\u0219a c\u0103 nu avem antrenament. \u0218i nu ne plac nici selfie sticks.<\/p>\n\n\n\n<figure class=\"wp-block-image size-large\"><img loading=\"lazy\" decoding=\"async\" width=\"792\" height=\"798\" src=\"https:\/\/www.the-travel-bunny.com\/ro\/wp-content\/uploads\/sites\/2\/2021\/05\/fontana-di-trevi-in-centrul-istoric-al-romei.jpg\" alt=\"fontana di trevi in centrul istoric al romei\" class=\"wp-image-704\" title=\"\" srcset=\"https:\/\/www.the-travel-bunny.com\/ro\/wp-content\/uploads\/sites\/2\/2021\/05\/fontana-di-trevi-in-centrul-istoric-al-romei.jpg 792w, https:\/\/www.the-travel-bunny.com\/ro\/wp-content\/uploads\/sites\/2\/2021\/05\/fontana-di-trevi-in-centrul-istoric-al-romei-298x300.jpg 298w, https:\/\/www.the-travel-bunny.com\/ro\/wp-content\/uploads\/sites\/2\/2021\/05\/fontana-di-trevi-in-centrul-istoric-al-romei-150x150.jpg 150w, https:\/\/www.the-travel-bunny.com\/ro\/wp-content\/uploads\/sites\/2\/2021\/05\/fontana-di-trevi-in-centrul-istoric-al-romei-768x774.jpg 768w\" sizes=\"auto, (max-width: 792px) 100vw, 792px\" \/><figcaption class=\"wp-element-caption\"><em>La <a class=\"rank-math-link\" href=\"https:\/\/www.the-travel-bunny.com\/ro\/ghiduri-de-calatorie\/roma-ghid-turistic\/fantani-din-roma\/\">F\u00e2nt\u00e2na<\/a> Trevi, \u00een centrul istoric al Romei<\/em><\/figcaption><\/figure>\n\n\n\n<p>Imediat dup\u0103 ce am p\u0103r\u0103sit F\u00e2nt\u00e2na Trevi, mi-am dat seama c\u0103 nasturele rochiei mele s-a desf\u0103cut la spate, dar nu aveam de g\u00e2nd s\u0103 repet\u0103m fotografiile doar pentru asta.<\/p>\n\n\n\n<hr class=\"wp-block-separator has-css-opacity is-style-dots\"\/>\n\n\n\n<h3 class=\"wp-block-heading\" id=\"panteonul\">Panteonul<\/h3>\n\n\n\n<p>Panteonul este un templu roman istoric care a fost terminat \u00een anul 126 d.Hr. Un mausoleu pentru oameni importan\u021bi italieni, Panteonul a fost construit anterior ca un templu pentru zeii Romei Antice. Un portic de coloane corintice mari de granit sus\u021bine exteriorul circular al Panteonului.<\/p>\n\n\n\n<p>\u00cen interior, Panteonul are un acoperi\u0219 \u00een form\u0103 de cupol\u0103 cu o deschidere central\u0103, numit\u0103 <em>oculus<\/em>, prin care lumina p\u0103trunde \u00een structur\u0103. Aceast\u0103 cupol\u0103 este una dintre cele mai remarcabile realiz\u0103ri arhitecturale din lume, deoarece \u00een\u0103l\u021bimea sa este egal\u0103 cu diametrul s\u0103u.<\/p>\n\n\n\n<p>Mai mult, podeaua Panteonului este curbat\u0103, astfel \u00eenc\u00e2t, atunci c\u00e2nd ploaia cade prin ocul, apa nu se adun\u0103 \u0219i nu face b\u0103l\u021bi. \u00cen schimb, se \u00eendreapt\u0103 spre marginile cl\u0103dirii circulare de unde urmeaz\u0103 s\u0103 fie evacuat\u0103.<\/p>\n\n\n\n<p>A\u0219teptam cu ner\u0103bdare ca Mathieu s\u0103 vad\u0103 Panteonul. \u00cei place s\u0103 studieze cum sunt construite lucrurile, a\u0219a c\u0103 a fost interesat de plafon \u0219i de designul podelei.<\/p>\n\n\n\n<p>\u00centregul interior al Panteonului este uluitor, s\u0103 fiu sincer. Motivul pentru care acest templu p\u0103g\u00e2n antic este at\u00e2t de bine conservat? Panteonul a devenit biseric\u0103 \u00een anul 609 d.Hr. Schimbarea scopului a \u00eensemnat men\u021binerea capodopera p\u00e2n\u0103 \u00een ziua de azi. Nu este de mirare c\u0103 acest sit al Patrimoniului Mondial UNESCO este o atrac\u021bie turistic\u0103 popular\u0103 \u00een centrul istoric al Romei.<\/p>\n\n\n\n<figure class=\"wp-block-image size-large\"><img loading=\"lazy\" decoding=\"async\" width=\"792\" height=\"928\" src=\"https:\/\/www.the-travel-bunny.com\/ro\/wp-content\/uploads\/sites\/2\/2021\/05\/panteonul-in-centrul-istoric-al-romei.jpg\" alt=\"panteonul in centrul istoric al romei\" class=\"wp-image-706\" title=\"\" srcset=\"https:\/\/www.the-travel-bunny.com\/ro\/wp-content\/uploads\/sites\/2\/2021\/05\/panteonul-in-centrul-istoric-al-romei.jpg 792w, https:\/\/www.the-travel-bunny.com\/ro\/wp-content\/uploads\/sites\/2\/2021\/05\/panteonul-in-centrul-istoric-al-romei-256x300.jpg 256w, https:\/\/www.the-travel-bunny.com\/ro\/wp-content\/uploads\/sites\/2\/2021\/05\/panteonul-in-centrul-istoric-al-romei-768x900.jpg 768w\" sizes=\"auto, (max-width: 792px) 100vw, 792px\" \/><figcaption class=\"wp-element-caption\"><em><em>Panteonul, \u00een centrul istoric al Romei<\/em><\/em><\/figcaption><\/figure>\n\n\n\n<p>Afar\u0103, \u00een Pia\u021ba Rotonda, \u00een fa\u021ba Panteonului, avem F\u00e2nt\u00e2na Panteonului. Sculptat\u0103 \u00een marmur\u0103 de Leonardo Sormani \u00een 1575, f\u00e2nt\u00e2na este \u00eenalt\u0103 datorit\u0103 ad\u0103ug\u0103rii ulterioare a obeliscul lui Ramses, \u00een 1711.<\/p>\n\n\n\n<hr class=\"wp-block-separator has-css-opacity is-style-dots\"\/>\n\n\n\n<figure class=\"wp-block-image size-large\"><img loading=\"lazy\" decoding=\"async\" width=\"792\" height=\"530\" src=\"https:\/\/www.the-travel-bunny.com\/ro\/wp-content\/uploads\/sites\/2\/2021\/05\/mirela-the-travel-bunny-in-chiesa-di-sant-ignazio-di-loyola-roma.jpg\" alt=\"mirela the travel bunny in chiesa di sant ignazio di loyola roma\" class=\"wp-image-707\" title=\"\" srcset=\"https:\/\/www.the-travel-bunny.com\/ro\/wp-content\/uploads\/sites\/2\/2021\/05\/mirela-the-travel-bunny-in-chiesa-di-sant-ignazio-di-loyola-roma.jpg 792w, https:\/\/www.the-travel-bunny.com\/ro\/wp-content\/uploads\/sites\/2\/2021\/05\/mirela-the-travel-bunny-in-chiesa-di-sant-ignazio-di-loyola-roma-300x201.jpg 300w, https:\/\/www.the-travel-bunny.com\/ro\/wp-content\/uploads\/sites\/2\/2021\/05\/mirela-the-travel-bunny-in-chiesa-di-sant-ignazio-di-loyola-roma-768x514.jpg 768w\" sizes=\"auto, (max-width: 792px) 100vw, 792px\" \/><figcaption class=\"wp-element-caption\"><em>Mathieu \u0219i Mirela The Travel Bunny \u00een Chiesa di Sant\u2019Ignazio di Loyola<\/em><\/figcaption><\/figure>\n\n\n\n<h3 class=\"wp-block-heading\" id=\"biserica-sfantul-igna\u021bio-din-loiola\">Biserica Sf\u00e2ntul Igna\u021biu din Loiola (Chiesa di Sant&#8217;Ignazio di Loyola)<\/h3>\n\n\n\n<p>Un pic mai t\u00e2rziu, am ajuns \u00een minunata <a href=\"https:\/\/www.the-travel-bunny.com\/ro\/ghiduri-de-calatorie\/roma-ghid-turistic\/piete-din-roma\/\">Pia\u021b\u0103<\/a> Sf\u00e2ntul Igna\u021biu. Acolo, am vrut s\u0103 vizit\u0103m o alt\u0103 oper\u0103 de art\u0103 pe care am considerat-o interesant\u0103 pentru Mathieu. Vorbesc despre Biserica Sf\u00e2ntul Igna\u021biu din Loiola (<em>Chiesa di Sant\u2019Ignazio di Loyola<\/em>).<\/p>\n\n\n\n<p>Biserica Sant&#8217;Ignazio din Roma este renumit\u0103 pentru dou\u0103 fresce absolut uimitoare \u00een <em>trompe l&#8217;oeil<\/em>. Una este pe plafonul care poate fi admirat cu u\u0219urin\u021b\u0103 \u00eentr-o oglind\u0103 imens\u0103 bine pozi\u021bionat\u0103. Iar a doua este cupola, care este de fapt o iluzie optic\u0103.<\/p>\n\n\n\n<p>Ambele lucr\u0103ri apar\u021bin lui <a href=\"https:\/\/en.wikipedia.org\/wiki\/Andrea_Pozzo\" target=\"_blank\" aria-label=\"Andrea Pozzo (opens in a new tab)\" rel=\"noreferrer noopener nofollow\" class=\"rank-math-link\">Andrea Pozzo<\/a>.<\/p>\n\n\n\n<hr class=\"wp-block-separator has-css-opacity is-style-dots\"\/>\n\n\n\n<figure class=\"wp-block-image size-large\"><img loading=\"lazy\" decoding=\"async\" width=\"792\" height=\"294\" src=\"https:\/\/www.the-travel-bunny.com\/ro\/wp-content\/uploads\/sites\/2\/2021\/05\/piata-minerva-in-centrul-istoric-al-romei.jpg\" alt=\"piata minerva in centrul istoric al romei\" class=\"wp-image-708\" title=\"\" srcset=\"https:\/\/www.the-travel-bunny.com\/ro\/wp-content\/uploads\/sites\/2\/2021\/05\/piata-minerva-in-centrul-istoric-al-romei.jpg 792w, https:\/\/www.the-travel-bunny.com\/ro\/wp-content\/uploads\/sites\/2\/2021\/05\/piata-minerva-in-centrul-istoric-al-romei-300x111.jpg 300w, https:\/\/www.the-travel-bunny.com\/ro\/wp-content\/uploads\/sites\/2\/2021\/05\/piata-minerva-in-centrul-istoric-al-romei-768x285.jpg 768w\" sizes=\"auto, (max-width: 792px) 100vw, 792px\" \/><figcaption class=\"wp-element-caption\"><em>Poze Roma centru: Pia\u021ba Minerva<\/em><\/figcaption><\/figure>\n\n\n\n<h3 class=\"wp-block-heading\" id=\"pia\u021ba-minerva\">Pia\u021ba Minerva<\/h3>\n\n\n\n<p>Nu departe de Pia\u021ba Sf\u00e2ntul Igna\u021biu g\u0103sim Pia\u021ba Minerva. \u00cen mijlocul s\u0103u, se afl\u0103 <strong>monumentul Elefant \u0219i Obeliscul<\/strong>. Puiul de elefant este opera lui Bernini, \u00een timp ce obeliscul provine din excava\u021biile Templului lui Isis (Iseum).<\/p>\n\n\n\n<p>Mormintele \u0219i lucr\u0103rile de art\u0103 ale Bazilicii Santa Maria Sopra Minerva, care includ o figur\u0103 de Michelangelo a Sfintei Ecaterine din Alexandria, o fac singura biseric\u0103 gotic\u0103 din Roma. Actuala biseric\u0103 a fost terminat\u0103 \u00een secolul al XIII-lea \u0219i a fost ridicat\u0103 pe r\u0103m\u0103\u0219i\u021bele unui vechi Templu al Minervei.<\/p>\n\n\n\n<p>Bazilica Santa Maria Sopra Minerva este remarcabil\u0103 pentru semnifica\u021bia sa istoric\u0103 \u0219i cultural\u0103, pe l\u00e2ng\u0103 valoarea sa arhitectural\u0103 \u0219i artistic\u0103. Este ast\u0103zi o destina\u021bie turistic\u0103 foarte apreciat\u0103 \u0219i a fost anterior inima ordinului dominican din Roma.<\/p>\n\n\n\n<p>Din p\u0103cate, Bazilica Santa Maria Sopra Minerva era \u00een restaurare c\u00e2nd am vizitat noi Roma. Dar dac\u0103 te afli \u00een centrul Romei \u0219i o g\u0103se\u0219ti deschis\u0103, nu rata \u0219ansa de a o vizita!<\/p>\n\n\n\n<hr class=\"wp-block-separator has-css-opacity is-style-dots\"\/>\n\n\n\n<figure class=\"wp-block-image size-large\"><img loading=\"lazy\" decoding=\"async\" width=\"792\" height=\"262\" src=\"https:\/\/www.the-travel-bunny.com\/ro\/wp-content\/uploads\/sites\/2\/2021\/05\/san-luigi-dei-francesi-in-centrul-istoric-al-romei.jpg\" alt=\"san luigi dei francesi in centrul istoric al romei\" class=\"wp-image-720\" title=\"\" srcset=\"https:\/\/www.the-travel-bunny.com\/ro\/wp-content\/uploads\/sites\/2\/2021\/05\/san-luigi-dei-francesi-in-centrul-istoric-al-romei.jpg 792w, https:\/\/www.the-travel-bunny.com\/ro\/wp-content\/uploads\/sites\/2\/2021\/05\/san-luigi-dei-francesi-in-centrul-istoric-al-romei-300x99.jpg 300w, https:\/\/www.the-travel-bunny.com\/ro\/wp-content\/uploads\/sites\/2\/2021\/05\/san-luigi-dei-francesi-in-centrul-istoric-al-romei-768x254.jpg 768w\" sizes=\"auto, (max-width: 792px) 100vw, 792px\" \/><figcaption class=\"wp-element-caption\"><em>Vizit\u0103 centru Roma poze: San Luigi dei Francesi<\/em><\/figcaption><\/figure>\n\n\n\n<h3 class=\"wp-block-heading\" id=\"biserica-sfantul-ludovic-a-francezilor\">Biserica Sf\u00e2ntul Ludovic a Francezilor (Chiesa di San Luigi dei Francesi)<\/h3>\n\n\n\n<p>San Luigi dei Francesi a fost ridicat\u0103 \u00een secolul al XVI-lea pentru comunitatea francez\u0103 din Roma. <em>Chemarea Sf\u00e2ntului Matei, Inspira\u021bia Sf\u00e2ntului Matei<\/em> \u0219i <em>Martiriul Sf\u00e2ntului Matei<\/em> sunt trei dintre picturile lui Caravaggio care sunt prezentate \u00een aceast\u0103 biseric\u0103 dedicat\u0103 Sf\u00e2ntului Ludovic de Toulouse. Aceste opere de art\u0103 sunt considerate printre cele mai bune din Caravaggio \u0219i sunt principala atrac\u021bie pentru vizitatorii catedralei.<\/p>\n\n\n\n<p>Cred c\u0103 ar trebui s\u0103 primesc puncte \u00een plus pentru c\u0103 am dus un francez pe nume Mathieu s\u0103 vad\u0103 toate astea!<\/p>\n\n\n\n<hr class=\"wp-block-separator has-css-opacity is-style-dots\"\/>\n\n\n\n<figure class=\"wp-block-image size-large\"><img loading=\"lazy\" decoding=\"async\" width=\"792\" height=\"196\" src=\"https:\/\/www.the-travel-bunny.com\/ro\/wp-content\/uploads\/sites\/2\/2021\/05\/bazilica-sfantul-augustin-in-centrul-istoric-al-romei.jpg\" alt=\"bazilica sfantul augustin in centrul istoric al romei\" class=\"wp-image-710\" title=\"\" srcset=\"https:\/\/www.the-travel-bunny.com\/ro\/wp-content\/uploads\/sites\/2\/2021\/05\/bazilica-sfantul-augustin-in-centrul-istoric-al-romei.jpg 792w, https:\/\/www.the-travel-bunny.com\/ro\/wp-content\/uploads\/sites\/2\/2021\/05\/bazilica-sfantul-augustin-in-centrul-istoric-al-romei-300x74.jpg 300w, https:\/\/www.the-travel-bunny.com\/ro\/wp-content\/uploads\/sites\/2\/2021\/05\/bazilica-sfantul-augustin-in-centrul-istoric-al-romei-768x190.jpg 768w\" sizes=\"auto, (max-width: 792px) 100vw, 792px\" \/><figcaption class=\"wp-element-caption\"><em>Biserica Sf. Augustin, una dintre cele mai impresionante <a href=\"https:\/\/www.the-travel-bunny.com\/ro\/ghiduri-de-calatorie\/atena-ghid-turistic\/biserici-din-atena\/\">biserici<\/a> din centrul istoric al Romei<\/em><\/figcaption><\/figure>\n\n\n\n<h3 class=\"wp-block-heading\" id=\"bazilica-sfantul-augustin\">Bazilica Sf\u00e2ntul Augustin (Basilica di Sant&#8217;Agostino)<\/h3>\n\n\n\n<p>Aproape de col\u021bul Bisericii San Luigi dei Francesi, vei g\u0103si Bazilica Sf\u00e2ntul Augustin, una dintre primele <a class=\"rank-math-link\" href=\"https:\/\/www.the-travel-bunny.com\/ro\/ghiduri-de-calatorie\/roma-ghid-turistic\/catedrale-bazilici-biserici-din-roma\/\">biserici ale Romei<\/a> \u00een timpul Rena\u0219terii.<\/p>\n\n\n\n<p>Biserica de la \u00eenceputul secolului al XVI-lea \u00eenchinat\u0103 Sf\u00e2ntului Augustin din Hipona este renumit\u0103 pentru capodoperele marilor pictori italieni renascenti\u015fti Rafael \u015fi Caravaggio. Po\u021bi admira o serie de fresce ale lui Rafael \u0219i <em>Madonna del Loretto<\/em>, un tablou de Caravaggio.<\/p>\n\n\n\n<p>Ca \u00eentotdeauna, m-am \u00eendr\u0103gostit de tavane.<\/p>\n\n\n\n<hr class=\"wp-block-separator has-css-opacity is-style-dots\"\/>\n\n\n\n<figure class=\"wp-block-image size-large\"><img loading=\"lazy\" decoding=\"async\" width=\"792\" height=\"262\" src=\"https:\/\/www.the-travel-bunny.com\/ro\/wp-content\/uploads\/sites\/2\/2021\/05\/palatul-altemps-in-centrul-istoric-al-romei.jpg\" alt=\"palatul altemps in centrul istoric al romei\" class=\"wp-image-711\" title=\"\" srcset=\"https:\/\/www.the-travel-bunny.com\/ro\/wp-content\/uploads\/sites\/2\/2021\/05\/palatul-altemps-in-centrul-istoric-al-romei.jpg 792w, https:\/\/www.the-travel-bunny.com\/ro\/wp-content\/uploads\/sites\/2\/2021\/05\/palatul-altemps-in-centrul-istoric-al-romei-300x99.jpg 300w, https:\/\/www.the-travel-bunny.com\/ro\/wp-content\/uploads\/sites\/2\/2021\/05\/palatul-altemps-in-centrul-istoric-al-romei-768x254.jpg 768w\" sizes=\"auto, (max-width: 792px) 100vw, 792px\" \/><figcaption class=\"wp-element-caption\"><em>Palatul Altemps din centrul istoric al Romei<\/em><\/figcaption><\/figure>\n\n\n\n<h3 class=\"wp-block-heading\" id=\"palatul-altemps\">Palatul Altemps (Palazzo Altemps)<\/h3>\n\n\n\n<p>Dup\u0103 ce am p\u0103r\u0103sit Bazilica Sf\u00e2ntul Augustin, ne-am nimerit chiar l\u00e2ng\u0103 Palatul Altemps. Pentru c\u0103 era foarte cald afar\u0103 \u0219i aveam mult timp la dispozi\u021bie p\u00e2n\u0103 la pr\u00e2nz, am decis s\u0103 vizit\u0103m <a class=\"rank-math-link\" href=\"https:\/\/www.the-travel-bunny.com\/ro\/ghiduri-de-calatorie\/roma-ghid-turistic\/muzee-din-roma\/\">Muzeul Na\u021bional Roman<\/a>. \u0218i, la achizi\u021bionarea biletului, am ob\u021binut acces s\u0103 vedem \u0219i Palatul Massimo de la Terme, B\u0103ile lui Diocle\u021bian \u0219i Cripta Balbi. Am ales s\u0103 le vedem \u00een zile diferite, totu\u0219i.<\/p>\n\n\n\n<p>Am constatat c\u0103 Palatul Altemps este o bijuterie \u00een sine, cu multe dintre picturile murale \u0219i plafoanele originale bine conservate. \u0218i exponatele sale au fost interesante, de asemenea, combin\u00e2nd vechiul cu noul.<\/p>\n\n\n\n<hr class=\"wp-block-separator has-css-opacity is-style-dots\"\/>\n\n\n\n<figure class=\"wp-block-image size-large\"><img loading=\"lazy\" decoding=\"async\" width=\"792\" height=\"263\" src=\"https:\/\/www.the-travel-bunny.com\/ro\/wp-content\/uploads\/sites\/2\/2021\/05\/strazile-din-centrul-istoric-al-romei.jpg\" alt=\"strazile din centrul istoric al romei\" class=\"wp-image-713\" title=\"\" srcset=\"https:\/\/www.the-travel-bunny.com\/ro\/wp-content\/uploads\/sites\/2\/2021\/05\/strazile-din-centrul-istoric-al-romei.jpg 792w, https:\/\/www.the-travel-bunny.com\/ro\/wp-content\/uploads\/sites\/2\/2021\/05\/strazile-din-centrul-istoric-al-romei-300x100.jpg 300w, https:\/\/www.the-travel-bunny.com\/ro\/wp-content\/uploads\/sites\/2\/2021\/05\/strazile-din-centrul-istoric-al-romei-768x255.jpg 768w\" sizes=\"auto, (max-width: 792px) 100vw, 792px\" \/><figcaption class=\"wp-element-caption\"><em>Imagini Roma: Str\u0103zile din centrul vechi al Romei<\/em><\/figcaption><\/figure>\n\n\n\n<h3 class=\"wp-block-heading\" id=\"ratacind-pe-strazile-din-centrul-istoric-al-romei\">R\u0103t\u0103cind pe str\u0103zile din centrul istoric al Romei<\/h3>\n\n\n\n<p>La finalul vizitei noastre din Palatul Altemps, ne-am sim\u021bit mai bine fiind afar\u0103, a\u0219a c\u0103 ne-am \u00eentors s\u0103 r\u0103t\u0103cim pe str\u0103zile din centrul istoric al Romei.<\/p>\n\n\n\n<p>A\u0219a cum zice Mathieu, ceea ce este grozav la <a href=\"https:\/\/www.the-travel-bunny.com\/ro\/ghiduri-de-calatorie\/roma-ghid-turistic\/\">Roma<\/a> este c\u0103 de\u0219i te afli \u00eentr-un ora\u0219 imens, de fiecare dat\u0103 c\u00e2nd te pierzi pe <a href=\"https:\/\/www.the-travel-bunny.com\/ro\/ghiduri-de-calatorie\/roma-ghid-turistic\/strazi-din-roma\/\">str\u0103zi<\/a> ai senza\u021bia c\u0103 e\u0219ti \u00eentr-un ora\u0219el de provincie. \u0218i pe m\u0103sur\u0103 ce treci dintr-un Rione \u00een altul, parc\u0103 descoperi un or\u0103\u0219el nou de fiecare dat\u0103.<\/p>\n\n\n\n<hr class=\"wp-block-separator has-css-opacity is-style-dots\"\/>\n\n\n\n<figure class=\"wp-block-image size-large\"><img loading=\"lazy\" decoding=\"async\" width=\"792\" height=\"262\" src=\"https:\/\/www.the-travel-bunny.com\/ro\/wp-content\/uploads\/sites\/2\/2021\/05\/campo-de-fiori-in-in-centrul-istoric-al-romei.jpg\" alt=\"campo de fiori in in centrul istoric al romei\" class=\"wp-image-714\" title=\"\" srcset=\"https:\/\/www.the-travel-bunny.com\/ro\/wp-content\/uploads\/sites\/2\/2021\/05\/campo-de-fiori-in-in-centrul-istoric-al-romei.jpg 792w, https:\/\/www.the-travel-bunny.com\/ro\/wp-content\/uploads\/sites\/2\/2021\/05\/campo-de-fiori-in-in-centrul-istoric-al-romei-300x99.jpg 300w, https:\/\/www.the-travel-bunny.com\/ro\/wp-content\/uploads\/sites\/2\/2021\/05\/campo-de-fiori-in-in-centrul-istoric-al-romei-768x254.jpg 768w\" sizes=\"auto, (max-width: 792px) 100vw, 792px\" \/><figcaption class=\"wp-element-caption\"><em>Imagini cu Roma: Campo de&#8217;Fiori \u00een centrul Romei<\/em><\/figcaption><\/figure>\n\n\n\n<h3 class=\"wp-block-heading\" id=\"campo-de-fiori\">Campo de&#8217; Fiori<\/h3>\n\n\n\n<p>Am ajuns \u00een cele din urm\u0103 la Campo de&#8217; Fiori \u00een Rione Regola.<\/p>\n\n\n\n<p>Campo de&#8217; Fiori este o destina\u021bie turistic\u0103 foarte apreciat\u0103 \u0219i o pia\u021b\u0103 plin\u0103 de via\u021b\u0103, remarcat\u0103 pentru via\u021ba de noapte \u0219i pia\u021ba \u00een aer liber. Zona, care anterior era folosit\u0103 doar pentru v\u00e2nzarea de flori, este flancat\u0103 de structuri din secolele XIV \u0219i XV. \u00cen mijlocul dreptunghiului se afl\u0103 un monument al filozofului Giordano Bruno, ridicat \u00een 1600.<\/p>\n\n\n\n<p>E o pia\u021b\u0103 dr\u0103gu\u021b\u0103, dar av\u00e2nd \u00een vedere c\u0103 to\u021bi ne ziceau s\u0103 mergem acolo, am avut a\u0219tept\u0103ri mai mari. Eu, personal, nu mi-am amintit-o cu din vacan\u021ba anterioar\u0103 la <a href=\"https:\/\/www.the-travel-bunny.com\/ro\/ghiduri-de-calatorie\/roma-ghid-turistic\/gradini-parcuri-din-roma\/\">Roma<\/a>. La fel ca \u00een <a class=\"rank-math-link\" href=\"https:\/\/www.the-travel-bunny.com\/ro\/excursie-de-o-zi-la-bitola-macedonia\/\">Bitola<\/a>, nu mi s-a p\u0103rut cu mult diferit\u0103 de pie\u021bele pe care le v\u0103d acas\u0103 la Bucure\u0219ti.<\/p>\n\n\n\n<hr class=\"wp-block-separator has-css-opacity is-style-dots\"\/>\n\n\n\n<figure class=\"wp-block-image size-large\"><img loading=\"lazy\" decoding=\"async\" width=\"792\" height=\"294\" src=\"https:\/\/www.the-travel-bunny.com\/ro\/wp-content\/uploads\/sites\/2\/2021\/05\/piata-navona-in-centrul-istoric-al-romei.jpg\" alt=\"piata navona in centrul istoric al romei\" class=\"wp-image-715\" title=\"\" srcset=\"https:\/\/www.the-travel-bunny.com\/ro\/wp-content\/uploads\/sites\/2\/2021\/05\/piata-navona-in-centrul-istoric-al-romei.jpg 792w, https:\/\/www.the-travel-bunny.com\/ro\/wp-content\/uploads\/sites\/2\/2021\/05\/piata-navona-in-centrul-istoric-al-romei-300x111.jpg 300w, https:\/\/www.the-travel-bunny.com\/ro\/wp-content\/uploads\/sites\/2\/2021\/05\/piata-navona-in-centrul-istoric-al-romei-768x285.jpg 768w\" sizes=\"auto, (max-width: 792px) 100vw, 792px\" \/><figcaption class=\"wp-element-caption\"><em>Centrul istoric al Romei: <a href=\"https:\/\/www.the-travel-bunny.com\/ro\/ghiduri-de-calatorie\/roma-ghid-turistic\/piete-din-roma\/\">Pia\u021ba<\/a> Navona<\/em><\/figcaption><\/figure>\n\n\n\n<h3 class=\"wp-block-heading\" id=\"pia\u021ba-navona\">Pia\u021ba Navona (Piazza Navona)<\/h3>\n\n\n\n<p>Una dintre cele mai aglomerate pie\u021be din Roma, Piazza Navona este renumit\u0103 at\u00e2t pentru valoarea sa istoric\u0103, c\u00e2t \u0219i pentru valoarea sa estetic\u0103. Are cl\u0103diri din secolele al XVII-lea \u0219i al XVIII-lea \u0219i, chiar \u00een mijlocul pie\u021bei, pute\u021bi admira F\u00e2nt\u00e2na celor Patru R\u00e2uri, de Gian Lorenzo Bernini. Aici se afl\u0103 \u0219i biserica Sant&#8217;Agnese in Agone, pe care Francesco Borromini a proiectat-o. Preferat\u0103 at\u00e2t de localnici, c\u00e2t \u0219i de c\u0103l\u0103tori, Piazza Navona este renumit\u0103 pentru cafenelele \u00een aer liber \u0219i arti\u0219tii de strad\u0103.<\/p>\n\n\n\n<p>Spre deosebire de Campo de\u2019 Fiori, mi-am amintit destul de bine de Piazza Navona de acum zece ani. De\u0219i Fontana dei Quattro Fiumi era \u00een restaurare pe atunci, Piazza nu era mai pu\u021bin impresionant\u0103. Era frumoas\u0103, impun\u0103toare \u0219i curat\u0103.<\/p>\n\n\n\n<p>\u00cen vacan\u021ba anterioar\u0103, am c\u0103l\u0103torit cu p\u0103rin\u021bii mei \u0219i cu o prieten\u0103 de-ale mele, Elena. P\u0103rin\u021bii mei ne-au dus la Tre Scalini unde l-am revoltat pe chelner c\u00e2nd noi doi am cerut pizza (<em>Signorina, acesta este un restaurant! Noi nu servim pizza aici!<\/em>). Am decis s\u0103 mergem cu lasagna \u0219i l-am enervat \u00eenc\u0103 o dat\u0103 pe chelner pentru c\u0103 hr\u0103neam un porumbel cu ni\u0219te firimituri.<\/p>\n\n\n\n<p>\u00cemi amintesc c\u0103 am stat cu tat\u0103l meu pe o banc\u0103 \u00een Piazza Navona, \u00een centrul istoric al Romei, l\u00e2ng\u0103 o c\u0103lug\u0103ri\u021b\u0103. \u0218i ea vorbea italian\u0103 \u0219i el vorbea rom\u00e2ne\u0219te, dar s-au \u00een\u021beles \u0219i au avut o conversa\u021bie destul de lung\u0103.<\/p>\n\n\n\n<figure class=\"wp-block-image size-large\"><img loading=\"lazy\" decoding=\"async\" width=\"792\" height=\"931\" src=\"https:\/\/www.the-travel-bunny.com\/ro\/wp-content\/uploads\/sites\/2\/2021\/05\/piazza-navona-in-centrul-istoric-al-romei.jpg\" alt=\"piazza navona in centrul istoric al romei\" class=\"wp-image-716\" title=\"\" srcset=\"https:\/\/www.the-travel-bunny.com\/ro\/wp-content\/uploads\/sites\/2\/2021\/05\/piazza-navona-in-centrul-istoric-al-romei.jpg 792w, https:\/\/www.the-travel-bunny.com\/ro\/wp-content\/uploads\/sites\/2\/2021\/05\/piazza-navona-in-centrul-istoric-al-romei-255x300.jpg 255w, https:\/\/www.the-travel-bunny.com\/ro\/wp-content\/uploads\/sites\/2\/2021\/05\/piazza-navona-in-centrul-istoric-al-romei-768x903.jpg 768w\" sizes=\"auto, (max-width: 792px) 100vw, 792px\" \/><figcaption class=\"wp-element-caption\"><em>Roma imagini: Pia\u021ba Navona \u00een centru istoric al Romei<\/em><\/figcaption><\/figure>\n\n\n\n<p>De data aceasta, \u00een timp ce m-am bucurat s\u0103 v\u0103d \u00een sf\u00e2r\u0219it dezvelit\u0103 Fontana dei Quattro Fiumi, Piazza Navona p\u0103rea mai pu\u021bin impresionant\u0103, \u00eens\u0103. Era aglomerat\u0103 cu turi\u0219ti \u0219i murdar\u0103. S-a transformat \u00eentr-o zon\u0103 comercial\u0103, cu o mul\u021bime de negustori, \u0219i mai multe terase pe laterale.<\/p>\n\n\n\n<p>Am v\u0103zut Tre Scalini, probabil cel mai faimos restaurant din centrul istoric al Romei, iar umbrelele sale pr\u0103fuite nu p\u0103reau la fel de primitoare ca cu ani \u00een urm\u0103. S-ar putea s\u0103 fie \u00eenc\u0103 faimo\u0219i pentru Tartufo, dar s\u0103 merg la un restaurant scump doar pentru asta nu prea merita, av\u00e2nd \u00een vedere gustul amar pe care l-am avut din aceast\u0103 compara\u021bie.<\/p>\n\n\n\n<p>A\u0219a c\u0103 ne-am \u00eendreptat s\u0103 lu\u0103m pr\u00e2nzul la Da Tonino, tot \u00een centrul istoric al Romei.<\/p>\n\n\n\n<hr class=\"wp-block-separator has-css-opacity is-style-dots\"\/>\n\n\n\n<figure class=\"wp-block-image size-large\"><img loading=\"lazy\" decoding=\"async\" width=\"792\" height=\"262\" src=\"https:\/\/www.the-travel-bunny.com\/ro\/wp-content\/uploads\/sites\/2\/2021\/05\/da-tonino-restaurant-in-in-centrul-istoric-al-romei.jpg\" alt=\"da tonino restaurant in in centrul istoric al romei\" class=\"wp-image-717\" title=\"\" srcset=\"https:\/\/www.the-travel-bunny.com\/ro\/wp-content\/uploads\/sites\/2\/2021\/05\/da-tonino-restaurant-in-in-centrul-istoric-al-romei.jpg 792w, https:\/\/www.the-travel-bunny.com\/ro\/wp-content\/uploads\/sites\/2\/2021\/05\/da-tonino-restaurant-in-in-centrul-istoric-al-romei-300x99.jpg 300w, https:\/\/www.the-travel-bunny.com\/ro\/wp-content\/uploads\/sites\/2\/2021\/05\/da-tonino-restaurant-in-in-centrul-istoric-al-romei-768x254.jpg 768w\" sizes=\"auto, (max-width: 792px) 100vw, 792px\" \/><figcaption class=\"wp-element-caption\"><em>Unde <a href=\"https:\/\/www.the-travel-bunny.com\/ro\/ce-sa-mananci-la-bruxelles-belgia\/\">s\u0103 m\u0103n\u00e2nci<\/a> \u00een centrul Romei: Da Tonino<\/em><\/figcaption><\/figure>\n\n\n\n<h3 class=\"wp-block-heading\" id=\"paste-\u0219i-tiramisu-la-da-tonino-in-centrul-istoric-al-romei\">Paste \u0219i tiramisu la Da Tonino, \u00een centrul istoric al Romei<\/h3>\n\n\n\n<p>Am ajuns la fix la Da Tonino! Era foarte aglomerat \u00een interior \u0219i toat\u0103 suprafa\u021ba era folosit\u0103 la maximum pentru a \u00eenc\u0103pea c\u00e2t mai multe mese \u0219i scaune.<\/p>\n\n\n\n<p>Personalul este extrem de prietenos, iar osp\u0103tarul ne-a sugerat ni\u0219te paste s\u0103 le \u00eencerc\u0103m. A fost o alegere foarte bun\u0103. Ar\u0103tau excelent \u0219i aveau un gust uimitor. Ar\u0103tau at\u00e2t de bine \u00eenc\u00e2t doamna care st\u0103tea la mas\u0103 l\u00e2ng\u0103 noi, care avea deja mai multe farfurii \u00een fa\u021ba ei, ne-a \u00eentrebat cum sunt. Nu m\u0103 \u00een\u021belege gre\u0219it, a fost o doamn\u0103 sl\u0103bu\u021b\u0103, care adora cu adev\u0103rat <a href=\"https:\/\/www.the-travel-bunny.com\/ro\/mancarea-din-chiang-mai-thailanda\/\">m\u00e2ncarea<\/a> italian\u0103 \u0219i voia s\u0103 \u00eencerce totul.<\/p>\n\n\n\n<p>A fost amuzant c\u0103 i-a vorbit chelnerului \u00een francez\u0103. \u0218i c\u00e2nd a vorbit cu Mathieu, a vorbit \u00een englez\u0103 p\u00e2n\u0103 i-am zis lui c\u0103 pot avea o conversa\u021bie \u00een francez\u0103.<\/p>\n\n\n\n<p>Revening la m\u00e2ncare, dup\u0103 ce ne-am terminat pastele \u0219i cea mai mare parte din vin, am cerut \u0219i desert. \u0218i acesta a fost momentul \u00een care Mathieu \u0219i-a \u00eenceput provocarea de a \u00eencerca tiramisu peste tot unde mergem s\u0103 m\u00e2nc\u0103m. Competi\u021bia a fost acerb\u0103 \u00eenc\u0103 de la \u00eenceput, deoarece Da Tonino a stabilit un standard ridicat cu tiramisu de cas\u0103. Cel mai bun tiramisu pe care l-am avut p\u00e2n\u0103 atunci. \u0218i ar\u0103ta \u0219i simpatic!<\/p>\n\n\n\n<p>\u00cenc\u0103 o dat\u0103, am avut mare noroc cu timing-ul. C\u00e2nd am plecat, erau grupuri mici de oameni \u00een fa\u021b\u0103 la Da Tonino \u0219i peste drum, \u00een a\u0219teptare unei mese disponibile.<\/p>\n\n\n\n<hr class=\"wp-block-separator has-css-opacity is-style-dots\"\/>\n\n\n\n<figure class=\"wp-block-image size-large\"><img loading=\"lazy\" decoding=\"async\" width=\"792\" height=\"294\" src=\"https:\/\/www.the-travel-bunny.com\/ro\/wp-content\/uploads\/sites\/2\/2021\/05\/palatul-massimo-la-coloane-in-centrul-istoric-al-romei.jpg\" alt=\"palatul massimo la coloane in centrul istoric al romei\" class=\"wp-image-718\" title=\"\" srcset=\"https:\/\/www.the-travel-bunny.com\/ro\/wp-content\/uploads\/sites\/2\/2021\/05\/palatul-massimo-la-coloane-in-centrul-istoric-al-romei.jpg 792w, https:\/\/www.the-travel-bunny.com\/ro\/wp-content\/uploads\/sites\/2\/2021\/05\/palatul-massimo-la-coloane-in-centrul-istoric-al-romei-300x111.jpg 300w, https:\/\/www.the-travel-bunny.com\/ro\/wp-content\/uploads\/sites\/2\/2021\/05\/palatul-massimo-la-coloane-in-centrul-istoric-al-romei-768x285.jpg 768w\" sizes=\"auto, (max-width: 792px) 100vw, 792px\" \/><figcaption class=\"wp-element-caption\"><em>Centrul istoric al Romei: Palatul Massimo la Coloane<\/em><\/figcaption><\/figure>\n\n\n\n<h3 class=\"wp-block-heading\" id=\"palatul-massimo-la-coloane\">Palatul Massimo la Coloane (Palazzo Massimo alle Colonne)<\/h3>\n\n\n\n<p>Dup\u0103 un pr\u00e2nz delicios la Da Tonino \u00een centrul istoric al Romei, am cobor\u00e2t pe Strada Governo Vecchio p\u00e2n\u0103 la <a href=\"https:\/\/www.the-travel-bunny.com\/ro\/ghiduri-de-calatorie\/roma-ghid-turistic\/vile-palate-in-roma-vacanta\/\" class=\"rank-math-link\">Palatul Massimo la Coloane<\/a>. Este un palat renascentist ridicat de Baldassarre Peruzzi pe locul a trei palate care au ars \u00een 1527. Palatele apar\u021bineau familiei Massimo (vechea familie roman\u0103), de unde \u0219i denumirea.<\/p>\n\n\n\n<hr class=\"wp-block-separator has-css-opacity is-style-dots\"\/>\n\n\n\n<figure class=\"wp-block-image size-large\"><img loading=\"lazy\" decoding=\"async\" width=\"792\" height=\"329\" src=\"https:\/\/www.the-travel-bunny.com\/ro\/wp-content\/uploads\/sites\/2\/2021\/05\/sant-andrea-della-valle-in-centrul-istoric-al-romei.jpg\" alt=\"sant andrea della valle in centrul istoric al romei\" class=\"wp-image-721\" title=\"\" srcset=\"https:\/\/www.the-travel-bunny.com\/ro\/wp-content\/uploads\/sites\/2\/2021\/05\/sant-andrea-della-valle-in-centrul-istoric-al-romei.jpg 792w, https:\/\/www.the-travel-bunny.com\/ro\/wp-content\/uploads\/sites\/2\/2021\/05\/sant-andrea-della-valle-in-centrul-istoric-al-romei-300x125.jpg 300w, https:\/\/www.the-travel-bunny.com\/ro\/wp-content\/uploads\/sites\/2\/2021\/05\/sant-andrea-della-valle-in-centrul-istoric-al-romei-768x319.jpg 768w\" sizes=\"auto, (max-width: 792px) 100vw, 792px\" \/><figcaption class=\"wp-element-caption\"><em>Foto Roma: Basilica di Sant\u2019Andrea della Valle din centrul istoric al Romei<\/em><\/figcaption><\/figure>\n\n\n\n<h3 class=\"wp-block-heading\" id=\"bazilica-sfantul-andrei-din-vale\">Bazilica Sf\u00e2ntul Andrei din Vale (Sant&#8217;Andrea della Valle)<\/h3>\n\n\n\n<p>Din p\u0103cate, c\u0103ldura de afar\u0103 m-a f\u0103cut s\u0103 m\u0103 simt ame\u021bit\u0103. Am traversat strada la Palatul Massimo la Coloane \u0219i m-am a\u0219ezat pe ni\u0219te sc\u0103ri, la umbr\u0103. Mathieu mi-a sugerat s\u0103 intr\u0103m \u00een interiorul bisericii din cap\u0103tul sc\u0103rilor, unde ar trebui s\u0103 fie mai r\u0103coare \u0219i poate o s\u0103 \u00eencep s\u0103 m\u0103 simt mai bine.<\/p>\n\n\n\n<p>Am petrecut mult timp st\u00e2nd jos \u0219i uit\u00e2ndu-m\u0103 doar la picioarele mele p\u00e2n\u0103 m-am sim\u021bit suficient de bine \u00eenc\u00e2t s\u0103 \u00eencep s\u0103 m\u0103 uit \u00een jur cu Mathieu. A fost cu adev\u0103rat impresionant, de\u0219i am g\u0103sit p\u0103pu\u0219a Pruncul Iisus pu\u021bin \u00eenfior\u0103toare. Abia c\u00e2nd ie\u0219eam din biseric\u0103 ne-am dat seama c\u0103 vizitasem Sant\u2019Andrea della Valle, din rione Sant\u2019Eustachio.<\/p>\n\n\n\n<p>Sant\u2019Andrea della Valle, care a fost construit\u0103 \u00eentre secolele al XVI-lea \u0219i al XVII-lea, este renumit\u0103 at\u00e2t pentru arhitectura sa baroc\u0103, c\u00e2t \u0219i pentru lucr\u0103rile unor pictori italieni proeminen\u021bi, inclusiv Caravaggio \u0219i Bernini. Sf. Andrei este cinstit \u00een aceast\u0103 bazilic\u0103, care serve\u0219te \u0219i ca sediu al Arhiconfraternitatii Confesiunii Generale. \u00cen plus, este utilizat\u0103 \u0219i drept fundal pentru ultimul act al operei Tosca a lui Giacomo Puccini.<\/p>\n\n\n\n<p>De\u0219i m\u0103 sim\u021beam pu\u021bin mai bine, am ales s\u0103 ne \u00eentoarcem \u0219i s\u0103 lu\u0103m un pui de somn \u00eenainte de a continua cu explor\u0103rile noastre \u00een centrul istoric al Romei.<\/p>\n\n\n\n<hr class=\"wp-block-separator has-css-opacity is-style-dots\"\/>\n\n\n\n<figure class=\"wp-block-image size-large\"><img loading=\"lazy\" decoding=\"async\" width=\"792\" height=\"595\" src=\"https:\/\/www.the-travel-bunny.com\/ro\/wp-content\/uploads\/sites\/2\/2021\/05\/verso-sera-restaurant-in-centrul-istoric-al-romei.jpg\" alt=\"verso sera restaurant in centrul istoric al romei\" class=\"wp-image-722\" title=\"\" srcset=\"https:\/\/www.the-travel-bunny.com\/ro\/wp-content\/uploads\/sites\/2\/2021\/05\/verso-sera-restaurant-in-centrul-istoric-al-romei.jpg 792w, https:\/\/www.the-travel-bunny.com\/ro\/wp-content\/uploads\/sites\/2\/2021\/05\/verso-sera-restaurant-in-centrul-istoric-al-romei-300x225.jpg 300w, https:\/\/www.the-travel-bunny.com\/ro\/wp-content\/uploads\/sites\/2\/2021\/05\/verso-sera-restaurant-in-centrul-istoric-al-romei-768x577.jpg 768w\" sizes=\"auto, (max-width: 792px) 100vw, 792px\" \/><figcaption class=\"wp-element-caption\"><em>Mathieu Letailleur \u00een Verso Sera, un restaurant excelent din centrul istoric al Romei<\/em><\/figcaption><\/figure>\n\n\n\n<h3 class=\"wp-block-heading\" id=\"cina-la-verso-sera-in-centrul-istoric-al-romei\">Cina la Verso Sera, \u00een centrul istoric al Romei<\/h3>\n\n\n\n<p>Ne-am \u00eentors \u00een centrul istoric al Romei dup\u0103 c\u0103derea nop\u021bii, destul de \u00eenfometa\u021bi. Planul era s\u0103 m\u00e2nc\u0103m la Dar Filettaro, dar era plin de oameni afar\u0103. \u0218i Mathieu nu este chiar fan pe\u0219te.<\/p>\n\n\n\n<p>Am \u00eenceput s\u0103 c\u0103ut\u0103m un alt loc unde s\u0103 m\u00e2nc\u0103m \u0219i am \u00eent\u00e2lnit Hostaria Costanza. Acolo, am mers s\u0103 vorbim pentru o mas\u0103 cu un tip care a\u0219eza ni\u0219te scoici Saint-Jacques pe un platou, \u00een timp ce ne spunea c\u0103 este foarte dificil s\u0103 g\u0103sim ceva \u00een acel moment f\u0103r\u0103 rezervare. A terminat ce f\u0103cea, a aruncat o privire \u0219i ne-a spus scuze, dar nu.<\/p>\n\n\n\n<p>\u00cemi era foarte foame \u0219i peste tot era complet plin. \u0218i apoi am v\u0103zut acest loc cu ni\u0219te lumini\u021be dr\u0103gu\u021be afar\u0103. Mathieu a spus s\u0103 \u00eencerce \u0219i acolo, dar eu <em>nu, pare foarte dr\u0103gu\u021b, nu avem cum s\u0103 g\u0103sim ceva acolo!<\/em><\/p>\n\n\n\n<p>Dar el a \u00eencercat. \u0218i a\u0219a am ajuns s\u0103 lu\u0103m cina la <strong>Verso Sera<\/strong>, \u00een centrul istoric al Romei. Ne a\u0219teptam s\u0103 g\u0103sim ceva \u00een neregul\u0103 cu locul pentru c\u0103 am reu\u0219it s\u0103 ob\u021binem o mas\u0103, dar pur \u0219i simplu nu am reu\u0219it. Era incredibil \u00een interior, aveau o mul\u021bime de op\u021biuni de vin \u0219i \u00eel serveau ca la carte.<\/p>\n\n\n\n<p>\u0218i m\u00e2ncarea! Am luat din nou paste \u0219i au fost delicioase. (Da, de la pizza-pizza-pizza am trecut la paste-paste-paste.) \u0218i, la desert, nu aveau tiramisu, dar am g\u0103sit ceva promi\u021b\u0103tor: mousse de fistic.<\/p>\n\n\n\n<p>Am fost foarte ferici\u021bi c\u0103 am g\u0103sit Verso Sera \u00een centrul istoric al Romei. \u00cel recomand\u0103m din toat\u0103 inima, dac\u0103 vei fi vreodat\u0103 \u00eenfometat(\u0103) l\u00e2ng\u0103 Campo de&#8217;Fiori.<\/p>\n\n\n\n<hr class=\"wp-block-separator has-css-opacity is-style-dots\"\/>\n\n\n\n<h3 class=\"wp-block-heading\" id=\"o-seara-distractiva-in-centrul-istoric-al-romei\">O sear\u0103 distractiv\u0103 \u00een centrul istoric al Romei<\/h3>\n\n\n\n<p>Vorbind despre Campo de&#8217;Fiori, am prins o trup\u0103 care c\u00e2nta coveruri \u00een strad\u0103 (mai ales rock). Erau foarte buni \u0219i carismatici \u0219i adunaser\u0103 mul\u021bime destul de mare. A fost foarte frumos s\u0103 v\u0103d oameni din \u00eentreaga lume c\u00e2nt\u00e2nd \u0219i dans\u00e2nd \u00een strad\u0103, \u00eempreun\u0103.<\/p>\n\n\n\n<p>Ne-am \u00eentors acas\u0103 \u00eentr-o dispozi\u021bie excelent\u0103. Ziua a treia \u00een centrul istoric al Romei a fost minunat\u0103 \u0219i abia o a\u0219teptam pe urm\u0103toarea. Mai ales c\u0103 partea intens\u0103 a vacan\u021bei noastre se cam terminase, iar ce urma era mult mai relaxant.<\/p>\n\n\n\n<hr class=\"wp-block-separator has-alpha-channel-opacity\"\/>\n\n\n\n<h2 class=\"wp-block-heading\" id=\"vino-sa-descoperi-minunile-din-centrul-istoric-al-romei\">Vino s\u0103 descoperi minunile din centrul istoric al Romei<\/h2>\n\n\n\n<p>Centrul istoric este o loca\u021bie excelent\u0103 pentru a \u00eencepe vizita, indiferent dac\u0103 e\u0219ti interesat(\u0103) de istorie sau cultur\u0103, sau pur \u0219i simplu dore\u0219ti s\u0103 vezi Roma autentic\u0103. Aceast\u0103 zon\u0103 incitant\u0103 \u0219i intrigant\u0103 a ora\u0219ului are ceva pentru toat\u0103 lumea, de la vechile bazilici maiestuoase p\u00e2n\u0103 la via\u021ba de noapte \u00eenfloritoare \u0219i spectacole de strad\u0103 surprinz\u0103toare.<\/p>\n\n\n\n<hr class=\"wp-block-separator has-css-opacity is-style-wide\"\/>\n\n\n\n<h2 class=\"wp-block-heading\" id=\"despre-autoare\">Despre autoare<\/h2>\n\n\n\n<div class=\"wp-block-media-text alignwide is-vertically-aligned-top\" style=\"grid-template-columns:15% auto\"><figure class=\"wp-block-media-text__media\"><img loading=\"lazy\" decoding=\"async\" width=\"138\" height=\"140\" src=\"https:\/\/www.the-travel-bunny.com\/ro\/wp-content\/uploads\/sites\/2\/2021\/05\/Mirela-Letailleur-or-The-Travel-Bunny.jpg\" alt=\"Mirela Letailleur sau The Travel Bunny\" class=\"wp-image-481 size-full\" title=\"\"><\/figure><div class=\"wp-block-media-text__content\">\n<p><strong><strong><strong>Mirela Letailleur<\/strong><\/strong><\/strong> este un blogger de c\u0103l\u0103torii din Rom\u00e2nia care locuie\u0219te \u00een Sudul Fran\u021bei. Ea scrie pe blogul de c\u0103l\u0103torii The Travel Bunny despre vacan\u021be la pre\u021buri accesibile \u00een Europa. A creat \u0219i c\u00e2teva <a href=\"https:\/\/www.the-travel-bunny.com\/ro\/ghiduri-de-calatorie\/roma-ghid-turistic\/\">ghiduri turistice<\/a> gratuite \u0219i ador\u0103 s\u0103 ia rolul de ghid local c\u00e2nd viziteaz\u0103 ora\u0219e din Rom\u00e2nia cu prieteni str\u0103ini. Iubitoare de cafea.<\/p>\n\n\n\n<p class=\"has-text-align-right has-small-font-size\"><a href=\"https:\/\/www.the-travel-bunny.com\/ro\/despre-travel-bunny\/mirela-letailleur\/\" class=\"rank-math-link\">Mai multe despre Mirela Letailleur<\/a><\/p>\n<\/div><\/div>\n\n\n<div class=\"wp-block-scriptless-social-sharing-buttons\"><div class=\"scriptlesssocialsharing\"><div class=\"scriptlesssocialsharing__buttons no-icons\"><a class=\"button facebook\" target=\"_blank\" href=\"https:\/\/www.facebook.com\/sharer\/sharer.php?u=https%3A%2F%2Fwww.the-travel-bunny.com%2Fro%2Fcentrul-istoric-al-romei-vacanta-roma%2F\" rel=\"noopener noreferrer nofollow\"><span class=\"sss-name\"><span class=\"screen-reader-text\">Share on <\/span>Facebook<\/span><\/a><a class=\"button twitter\" target=\"_blank\" href=\"https:\/\/twitter.com\/intent\/tweet?text=Centrul%20istoric%20al%20Romei%20%C8%99i%20comorile%20ascunse%20din%20Ora%C8%99ul%20Etern&#038;url=https%3A%2F%2Fwww.the-travel-bunny.com%2Fro%2Fcentrul-istoric-al-romei-vacanta-roma%2F&#038;via=mirela_iepurela&#038;related=mirela_iepurela\" rel=\"noopener noreferrer nofollow\"><span class=\"sss-name\"><span class=\"screen-reader-text\">Share on <\/span>X (Twitter)<\/span><\/a><a class=\"button pinterest\" target=\"_blank\" href=\"https:\/\/pinterest.com\/pin\/create\/button\/?url=https%3A%2F%2Fwww.the-travel-bunny.com%2Fro%2Fcentrul-istoric-al-romei-vacanta-roma%2F&#038;media=https%3A%2F%2Fwww.the-travel-bunny.com%2Fro%2Fwp-content%2Fuploads%2Fsites%2F2%2F2021%2F05%2Fcentrul-istoric-al-romei.jpg&#038;description=Centrul%20istoric%20al%20Romei%20%C8%99i%20comorile%20ascunse%20din%20Ora%C8%99ul%20Etern\" rel=\"noopener noreferrer nofollow\" data-pin-no-hover=\"true\" data-pin-custom=\"true\" data-pin-do=\"skip\" data-pin-description=\"Centrul istoric al Romei \u0219i comorile ascunse din Ora\u0219ul Etern\"><span class=\"sss-name\"><span class=\"screen-reader-text\">Share on <\/span>Pinterest<\/span><\/a><a class=\"button whatsapp\" target=\"_blank\" href=\"https:\/\/api.whatsapp.com\/send?text=Centrul%20istoric%20al%20Romei%20%C8%99i%20comorile%20ascunse%20din%20Ora%C8%99ul%20Etern%20%E2%80%94%20https%3A%2F%2Fwww.the-travel-bunny.com%2Fro%2Fcentrul-istoric-al-romei-vacanta-roma%2F\" rel=\"noopener noreferrer nofollow\"><span class=\"sss-name\"><span class=\"screen-reader-text\">Share on <\/span>WhatsApp<\/span><\/a><a class=\"button email\" href=\"mailto:?body=Am%20citit%20acest%20articol%20de%20vacan%C8%9B%C4%83%20%C8%99i%20m-am%20g%C3%A2ndit%20la%20tine.%20Iat%C4%83%20%C8%99i%20link-ul%3A%20https%3A%2F%2Fwww.the-travel-bunny.com%2Fro%2Fcentrul-istoric-al-romei-vacanta-roma%2F&#038;subject=Promit%20c%C4%83%20o%20s%C4%83%20%C3%AE%C8%9Bi%20plac%C4%83%3A%20Centrul%20istoric%20al%20Romei%20%C8%99i%20comorile%20ascunse%20din%20Ora%C8%99ul%20Etern\" rel=\"noopener noreferrer nofollow\" ><span class=\"sss-name\"><span class=\"screen-reader-text\">Share on <\/span>Email<\/span><\/a><\/div><\/div><\/div>\n\n\n<p class=\"has-small-font-size\"><strong>\u021ai-a pl\u0103cut centrul istoric al Romei? Cite\u0219te \u0219i despre<\/strong><br><a href=\"https:\/\/www.the-travel-bunny.com\/ro\/vacanta-la-roma-colosseum-forum-roman\/\" class=\"rank-math-link\">Colosseum, Forumul Roman &amp; Dealul Palatin<\/a><br><a href=\"https:\/\/www.the-travel-bunny.com\/ro\/din-vatican-in-trastevere-pe-jos-roma\/\" class=\"rank-math-link\">Plimbare din Vatican \u00een Trastevere<\/a><br><a href=\"https:\/\/www.the-travel-bunny.com\/ro\/din-piata-in-piata-in-roma-vacanta\/\" class=\"rank-math-link\">Descoperirea pie\u021belor din Roma<\/a><\/p>\n","protected":false},"excerpt":{"rendered":"<p>De\u0219i am \u00eenceput devreme a treia zi din vacan\u021ba la Roma, a fost mai pu\u021bin intens\u0103 dec\u00e2t cea de-a doua zi. Cu toate acestea, a fost la fel de interesant\u0103! La urma urmei, eram pe cale s\u0103 explor\u0103m o mare parte din centrul istoric al Romei! Centrul istoric al Romei este cunoscut \u0219i sub numele de Centro Storico. Istoria antic\u0103 \u0219i mo\u0219tenirea cultural\u0103 sunt abundente \u00een centrul istoric al Romei. Colosseumul, Panteonul \u0219i F\u00e2nt\u00e2na Trevi sunt doar c\u00e2teva dintre site-urile celebre din Roma care se afl\u0103 \u00een centrul istoric al Romei. Centrul vechi al Romei ofer\u0103 mai mult dec\u00e2t o &#8230; <\/p>\n<p class=\"read-more-container\"><a title=\"Centrul istoric al Romei \u0219i comorile ascunse din Ora\u0219ul Etern\" class=\"read-more button\" href=\"https:\/\/www.the-travel-bunny.com\/ro\/centrul-istoric-al-romei-vacanta-roma\/#more-699\" aria-label=\"Cite\u0219te mai multe despre Centrul istoric al Romei \u0219i comorile ascunse din Ora\u0219ul Etern\">Read more<\/a><\/p>\n","protected":false},"author":190,"featured_media":700,"comment_status":"closed","ping_status":"closed","sticky":false,"template":"","format":"standard","meta":{"footnotes":""},"categories":[34],"tags":[69,61],"class_list":["post-699","post","type-post","status-publish","format-standard","has-post-thumbnail","hentry","category-italia","tag-roma","tag-vacanta-la-roma","resize-featured-image"],"_links":{"self":[{"href":"https:\/\/www.the-travel-bunny.com\/ro\/wp-json\/wp\/v2\/posts\/699","targetHints":{"allow":["GET"]}}],"collection":[{"href":"https:\/\/www.the-travel-bunny.com\/ro\/wp-json\/wp\/v2\/posts"}],"about":[{"href":"https:\/\/www.the-travel-bunny.com\/ro\/wp-json\/wp\/v2\/types\/post"}],"author":[{"embeddable":true,"href":"https:\/\/www.the-travel-bunny.com\/ro\/wp-json\/wp\/v2\/users\/190"}],"replies":[{"embeddable":true,"href":"https:\/\/www.the-travel-bunny.com\/ro\/wp-json\/wp\/v2\/comments?post=699"}],"version-history":[{"count":6,"href":"https:\/\/www.the-travel-bunny.com\/ro\/wp-json\/wp\/v2\/posts\/699\/revisions"}],"predecessor-version":[{"id":11503,"href":"https:\/\/www.the-travel-bunny.com\/ro\/wp-json\/wp\/v2\/posts\/699\/revisions\/11503"}],"wp:featuredmedia":[{"embeddable":true,"href":"https:\/\/www.the-travel-bunny.com\/ro\/wp-json\/wp\/v2\/media\/700"}],"wp:attachment":[{"href":"https:\/\/www.the-travel-bunny.com\/ro\/wp-json\/wp\/v2\/media?parent=699"}],"wp:term":[{"taxonomy":"category","embeddable":true,"href":"https:\/\/www.the-travel-bunny.com\/ro\/wp-json\/wp\/v2\/categories?post=699"},{"taxonomy":"post_tag","embeddable":true,"href":"https:\/\/www.the-travel-bunny.com\/ro\/wp-json\/wp\/v2\/tags?post=699"}],"curies":[{"name":"wp","href":"https:\/\/api.w.org\/{rel}","templated":true}]}}