{"id":724,"date":"2018-11-11T17:31:27","date_gmt":"2018-11-11T17:31:27","guid":{"rendered":"https:\/\/the-travel-bunny-com.lyricalstaging.com\/ro\/?p=724"},"modified":"2025-11-29T06:57:29","modified_gmt":"2025-11-29T06:57:29","slug":"din-piata-in-piata-in-roma-vacanta","status":"publish","type":"post","link":"https:\/\/www.the-travel-bunny.com\/ro\/din-piata-in-piata-in-roma-vacanta\/","title":{"rendered":"Din pia\u021b\u0103 \u00een pia\u021b\u0103 \u00een Roma: itinerariu cele mai frumoase pie\u021be din capitala Italiei"},"content":{"rendered":"\n<div class=\"wp-block-columns is-layout-flex wp-container-core-columns-is-layout-9d6595d7 wp-block-columns-is-layout-flex\">\n<div class=\"wp-block-column is-vertically-aligned-center is-layout-flow wp-block-column-is-layout-flow\">\n<p>Roma este un ora\u0219 bogat \u00een cultur\u0103 \u0219i istorie, iar pie\u021bele sale minunate sunt expresia ideal\u0103 a acestei ambian\u021be pline de via\u021b\u0103. Fiecare pia\u021b\u0103, de la celebra Piazza di Spagna la pitoreasca Piazza di San Silvestro, are propriul farmec si o personalitate aparte. Pie\u021bele din Roma trebuie explorate, indiferent dac\u0103 e\u0219ti un pasionat(\u0103) de istorie \u0219i cultur\u0103 sau \u00ee\u021bi dore\u0219ti s\u0103 vezi adev\u0103rata Roma. Al\u0103tur\u0103-ni-te \u00een timp ce explor\u0103m minunile pie\u021belor frumoase ale Romei \u0219i afl\u0103 de ce joac\u0103 un rol at\u00e2t de important \u00een istoria bogat\u0103 a ora\u0219ului.<\/p>\n\n\n\n<p>Ne-am \u00eenceput diminea\u021ba departe de centrul Capitalei Italiei. Am luat metroul p\u00e2n\u0103 \u00een Piazza del Popolo, unde am vrut s\u0103 ne bucur\u0103m de micul dejun \u00een timp ce admir\u0103m bazilicile gemene \u0219i ne uitam la oameni.<\/p>\n<\/div>\n\n\n\n<div class=\"wp-block-column is-vertically-aligned-center is-layout-flow wp-block-column-is-layout-flow\">\n<div class=\"wp-block-rank-math-toc-block\" id=\"rank-math-toc\"><h2>Plimbare din pia\u021b\u0103 \u00een pia\u021b\u0103 \u00een Roma<\/h2><nav><ul><li class=\"\"><a href=\"#pia\u021ba-poporului\">Pia\u021ba Poporului (Piazza del Popolo)<\/a><\/li><li class=\"\"><a href=\"#tridentul\">Tridentul<\/a><\/li><li class=\"\"><a href=\"#strada-margutta\">Strada Margutta<\/a><\/li><li class=\"\"><a href=\"#pia\u021ba-spaniei-piazza-di-spagna\">Pia\u021ba Spaniei (Piazza di Spagna)<\/a><\/li><li class=\"\"><a href=\"#mausoleul-lui-augustus\">Mausoleul lui Augustus<\/a><\/li><li class=\"\"><a href=\"#pia\u021ba-sfantul-silvestru\">Pia\u021ba Sf\u00e2ntul Silvestru<\/a><\/li><li class=\"\"><a href=\"#pia\u021ba-colonna\">Pia\u021ba Colonna<\/a><\/li><li class=\"\"><a href=\"#pia\u021ba-montecitorio\">Pia\u021ba Montecitorio<\/a><\/li><li class=\"\"><a href=\"#pia\u021ba-din-piatra\">Pia\u021ba din Piatr\u0103<\/a><\/li><li class=\"\"><a href=\"#galeria-sciarra\">Galeria Sciarra<\/a><\/li><li class=\"\"><a href=\"#vicus-caprarius-ora\u0219ul-apei\">Vicus Caprarius &#8211; Ora\u0219ul Apei<\/a><\/li><li class=\"\"><a href=\"#cele-patru-fantani\">Cele Patru F\u00e2nt\u00e2ni<\/a><\/li><li class=\"\"><a href=\"#palatul-massimo-de-la-terme\">Palatul Massimo de la Terme<\/a><\/li><li class=\"\"><a href=\"#pia\u021ba-vene\u021bia\">Pia\u021ba Vene\u021bia<\/a><\/li><li class=\"\"><a href=\"#pia\u021ba-forul-lui-traian\">Pia\u021ba Forul lui Traian<\/a><\/li><li class=\"\"><a href=\"#o-zi-de-neuitat-explorand-pie\u021be-frumoase-din-roma\">O zi de neuitat explor\u00e2nd pie\u021be frumoase din Roma<\/a><\/li><li class=\"\"><a href=\"#faq-question-1671090984014\">Care este cea mai faimoas\u0103 pia\u021b\u0103 din Roma?<\/a><\/li><li class=\"\"><a href=\"#despre-autoare\">Despre autoare<\/a><\/li><\/ul><\/nav><\/div>\n<\/div>\n<\/div>\n\n\n\n<hr class=\"wp-block-separator has-css-opacity is-style-wide\"\/>\n\n\n\n<h2 class=\"wp-block-heading\" id=\"pia\u021ba-poporului\">Pia\u021ba Poporului (Piazza del Popolo)<\/h2>\n\n\n\n<p>Micul dejun \u00een Pia\u021ba Poporului e o decizie proast\u0103. Am plecat de la terasa <strong>Canova<\/strong> \u00eenfometa\u021bi: am a\u0219teptat mult timp, dar nimeni nu a venit s\u0103 ne ia comanda. A\u0219a c\u0103 am mers peste drum, la <strong>Rosati<\/strong>. Aici, am reu\u0219it s\u0103 m\u00e2nc\u0103m. Dar am cheltuit 30 de euro pe un mic dejun\u2026 mic! \u00cen locul \u00een care am mers cu c\u00e2teva zile \u00eenainte, micul dejun a fost aproximativ 8 euro, cu cafele incluse.<\/p>\n\n\n\n<p>Dar b\u0103nuiesc c\u0103 atunci c\u00e2nd te duci la o teras\u0103 \u00eentr-o renumit\u0103 pia\u021b\u0103 \u00een Roma, mergi acolo pentru locul respectiv. Cererea este ridicat\u0103 a\u0219a c\u0103 pre\u021burile sunt, de asemenea, ridicate.<\/p>\n\n\n\n<figure class=\"wp-block-image size-large\"><img loading=\"lazy\" decoding=\"async\" width=\"792\" height=\"261\" src=\"https:\/\/www.the-travel-bunny.com\/ro\/wp-content\/uploads\/sites\/2\/2021\/05\/piazza-del-popolo-piata-in-roma.jpg\" alt=\"piazza del popolo piata in roma\" class=\"wp-image-726\" title=\"\" srcset=\"https:\/\/www.the-travel-bunny.com\/ro\/wp-content\/uploads\/sites\/2\/2021\/05\/piazza-del-popolo-piata-in-roma.jpg 792w, https:\/\/www.the-travel-bunny.com\/ro\/wp-content\/uploads\/sites\/2\/2021\/05\/piazza-del-popolo-piata-in-roma-300x99.jpg 300w, https:\/\/www.the-travel-bunny.com\/ro\/wp-content\/uploads\/sites\/2\/2021\/05\/piazza-del-popolo-piata-in-roma-768x253.jpg 768w\" sizes=\"auto, (max-width: 792px) 100vw, 792px\" \/><figcaption class=\"wp-element-caption\"><em>Piazza del Popolo, o pia\u021b\u0103 \u00een <a href=\"https:\/\/www.the-travel-bunny.com\/ro\/ghiduri-de-calatorie\/roma-ghid-turistic\/gradini-parcuri-din-roma\/\">Roma<\/a> pe care trebuie s\u0103 o vizitezi<\/em><\/figcaption><\/figure>\n\n\n\n<p>Din fericire, lucrurile frumoase pe care le-am v\u0103zut \u00een zon\u0103 ne-au f\u0103cut s\u0103 uit\u0103m de \u00eenceputul nu tocmai perfect al zilei!<\/p>\n\n\n\n<div style=\"height:10px\" aria-hidden=\"true\" class=\"wp-block-spacer\"><\/div>\n\n\n\n<figure class=\"wp-block-image size-large\"><img loading=\"lazy\" decoding=\"async\" width=\"792\" height=\"294\" src=\"https:\/\/www.the-travel-bunny.com\/ro\/wp-content\/uploads\/sites\/2\/2021\/05\/bazilici-piata-poporului-roma.jpg\" alt=\"bazilici piata poporului roma\" class=\"wp-image-727\" title=\"\" srcset=\"https:\/\/www.the-travel-bunny.com\/ro\/wp-content\/uploads\/sites\/2\/2021\/05\/bazilici-piata-poporului-roma.jpg 792w, https:\/\/www.the-travel-bunny.com\/ro\/wp-content\/uploads\/sites\/2\/2021\/05\/bazilici-piata-poporului-roma-300x111.jpg 300w, https:\/\/www.the-travel-bunny.com\/ro\/wp-content\/uploads\/sites\/2\/2021\/05\/bazilici-piata-poporului-roma-768x285.jpg 768w\" sizes=\"auto, (max-width: 792px) 100vw, 792px\" \/><figcaption class=\"wp-element-caption\"><em>Din pia\u021b\u0103 \u00een pia\u021b\u0103 \u00een Roma: Santa Maria in Montesanto \u0219i Santa Maria dei Miracoli <\/em><\/figcaption><\/figure>\n\n\n\n<h3 class=\"wp-block-heading\" id=\"bazilicele-din-pia\u021ba-poporului\">Bazilicele din Pia\u021ba Poporului<\/h3>\n\n\n\n<p>C\u00e2nd intri \u00een pia\u021b\u0103 prin <strong>Poarta Poporului<\/strong>, e o biseric\u0103 \u00een st\u00e2nga ta: <a href=\"https:\/\/www.the-travel-bunny.com\/ro\/ghiduri-de-calatorie\/roma-ghid-turistic\/catedrale-bazilici-biserici-din-roma\/\">Bazilica<\/a> Parohial\u0103 Sf\u00e2nta Maria a Poporului (<em>Basilica Parrocchiale Santa Maria del Popolo<\/em>). Din p\u0103cate, c\u00e2nd am vizitat noi Roma, aceast\u0103 bazilic\u0103 era \u00een curs de restaurare, a\u0219a c\u0103 am s\u0103rit peste ea. Prin urmare, am ratat R<em>\u0103stignirea Sf\u00e2ntului Petru<\/em> a lui Caravaggio.<\/p>\n\n\n\n<p>De la Poarta Poporului, dac\u0103 prive\u0219ti \u00een fa\u021b\u0103, vei vedea Pia\u021ba Poporului \u00eentr-o simetrie perfect\u0103: bazilicile gemene albe pe fundal, desp\u0103r\u021bite de un obelisc \u00een mijlocul pie\u021bei. Aliniate cu obeliscul, vei vedea <strong>F\u00e2nt\u00e2na lui Neptun<\/strong> \u00een dreapta \u0219i <strong>F\u00e2nt\u00e2na Zei\u021bei Roma<\/strong> \u00een st\u00e2nga.<\/p>\n\n\n\n<p>Bazilicele gemene sunt <strong>Sf\u00e2nta Maria din Montesanto<\/strong> \u0219i <strong>Sf\u00e2nta Maria a Miracolelor<\/strong>. De\u0219i \u00eentotdeauna tratate \u00eempreun\u0103, Sf\u00e2nta Maria din Montesanto este o bazilic\u0103 minor\u0103, spre deosebire de geam\u0103na ei. De asemenea, este Biserica Arti\u0219tilor din Roma.<\/p>\n\n\n\n<p>Am v\u0103zut interiorul celor dou\u0103 bazilici repejor \u0219i \u00een lini\u0219te. Le-am vizitat \u00eentr-o duminic\u0103 \u0219i erau slujbe religioase. Acesta este \u0219i motivul pentru care nu avem nicio fotografie cu interiorul lor din aceast\u0103 vacan\u021b\u0103 la Roma.<\/p>\n\n\n\n<hr class=\"wp-block-separator has-css-opacity is-style-dots\"\/>\n\n\n\n<figure class=\"wp-block-image size-large\"><img loading=\"lazy\" decoding=\"async\" width=\"792\" height=\"195\" src=\"https:\/\/www.the-travel-bunny.com\/ro\/wp-content\/uploads\/sites\/2\/2021\/05\/terasa-pincio-roma.jpg\" alt=\"terasa pincio roma\" class=\"wp-image-728\" title=\"\" srcset=\"https:\/\/www.the-travel-bunny.com\/ro\/wp-content\/uploads\/sites\/2\/2021\/05\/terasa-pincio-roma.jpg 792w, https:\/\/www.the-travel-bunny.com\/ro\/wp-content\/uploads\/sites\/2\/2021\/05\/terasa-pincio-roma-300x74.jpg 300w, https:\/\/www.the-travel-bunny.com\/ro\/wp-content\/uploads\/sites\/2\/2021\/05\/terasa-pincio-roma-768x189.jpg 768w\" sizes=\"auto, (max-width: 792px) 100vw, 792px\" \/><figcaption class=\"wp-element-caption\"><em>Terasa Pincio, l\u00e2ng\u0103 Piazza del Popolo<\/em><\/figcaption><\/figure>\n\n\n\n<h3 class=\"wp-block-heading\" id=\"terasa-pincio\">Terasa Pincio<\/h3>\n\n\n\n<p>Dup\u0103 ce am traversat <a class=\"rank-math-link\" href=\"https:\/\/www.the-travel-bunny.com\/ro\/din-vatican-in-trastevere-pe-jos-roma\/\">Roma din Vatican \u00een Trastevere pe jos<\/a>, apoi am r\u0103t\u0103cit pe str\u0103zile din centrul istoric al Romei timp de o zi, te-ai a\u0219tepta s\u0103 fim prea obosi\u021bi pentru un urcu\u0219. Dar ar fi fost p\u0103cat s\u0103 ajungem la Pia\u021ba Poporului \u0219i s\u0103 nu urc\u0103m c\u00e2teva sc\u0103ri spre Gr\u0103dina Pincio.<\/p>\n\n\n\n<p>Terrazza del Pincio ofer\u0103 una dintre cele mai bune vederi asupra centrului istoric al Romei \u0219i a pie\u021belor din jur, din v\u00e2rful Dealul Pincian. Turi\u0219tii \u0219i localnicii folosesc aceast\u0103 teras\u0103 pentru a face fotografii uimitoare \u0219i pentru a se relaxa \u00een cafenelele, restaurantele \u0219i gr\u0103dinile sale.<\/p>\n\n\n\n<p>De pe Terasa Pincio te vei bucura de una dintre cele mai bune priveli\u0219ti, nu numai asupra Pie\u021bei Poporului, ci \u0219i asupra altor c\u00e2teva dintre pia\u021bele Romei. Este un loc minunat pentru a admira Ora\u0219ul Etern, \u00een \u00eentregime. Dup\u0103, te po\u021bi \u00eentoarce lini\u0219tit(\u0103) s\u0103 te plimbi din pia\u021b\u0103 \u00een pia\u021b\u0103 \u00een Roma!<\/p>\n\n\n\n<hr class=\"wp-block-separator has-css-opacity is-style-wide\"\/>\n\n\n\n<h2 class=\"wp-block-heading\" id=\"tridentul\">Tridentul<\/h2>\n\n\n\n<p>Odat\u0103 ce te \u00eentorci \u00een Pia\u021ba Poporului, te afli la baza unui trident. Este format din <strong>trei dintre cele mai importante <a href=\"https:\/\/www.the-travel-bunny.com\/ro\/ghiduri-de-calatorie\/roma-ghid-turistic\/strazi-din-roma\/\">str\u0103zi ale Romei<\/a>: Strada Ripetta, Bulevardul Corso \u0219i Strada Babuino<\/strong>. Dac\u0103 te ui\u021bi pe hart\u0103, vei vedea c\u0103 str\u0103zile care compun tridentul sunt de fapt foarte lungi. La o privire mai atent\u0103, ve\u021bi observa c\u0103 Strada Ripetta \u0219i Strada Babuino se continu\u0103 cu alte str\u0103zi. Bulevardul Corso continu\u0103 \u00eens\u0103 p\u00e2n\u0103 la Pia\u021ba Vene\u021bia. \u0218i acest lucru este impresionant, av\u00e2nd \u00een vedere lungimea \u0219i l\u0103\u021bimea pe care aceast\u0103 bulevard le-a avut chiar de la \u00eenceput. Compar-o cu toate str\u0103zile \u00eenguste, \u0219erpuite, de pe laturile sale \u0219i vei ob\u021bine imaginea de ansamblu!<\/p>\n\n\n\n<p>Am ales s\u0103 continu\u0103m pe Strada Babuino, ajung\u00e2nd pe Strada Margutta.<\/p>\n\n\n\n<hr class=\"wp-block-separator has-css-opacity is-style-wide\"\/>\n\n\n\n<figure class=\"wp-block-image size-large\"><img loading=\"lazy\" decoding=\"async\" width=\"792\" height=\"294\" src=\"https:\/\/www.the-travel-bunny.com\/ro\/wp-content\/uploads\/sites\/2\/2021\/05\/via-margutta-strada-roma-1.jpg\" alt=\"via margutta strada roma\" class=\"wp-image-729\" title=\"\" srcset=\"https:\/\/www.the-travel-bunny.com\/ro\/wp-content\/uploads\/sites\/2\/2021\/05\/via-margutta-strada-roma-1.jpg 792w, https:\/\/www.the-travel-bunny.com\/ro\/wp-content\/uploads\/sites\/2\/2021\/05\/via-margutta-strada-roma-1-300x111.jpg 300w, https:\/\/www.the-travel-bunny.com\/ro\/wp-content\/uploads\/sites\/2\/2021\/05\/via-margutta-strada-roma-1-768x285.jpg 768w\" sizes=\"auto, (max-width: 792px) 100vw, 792px\" \/><figcaption class=\"wp-element-caption\"><em>Din pia\u021b\u0103 \u00een pia\u021b\u0103 \u00een Roma: Strada Margutta<\/em><\/figcaption><\/figure>\n\n\n\n<h2 class=\"wp-block-heading\" id=\"strada-margutta\">Strada Margutta<\/h2>\n\n\n\n<p>Aceast\u0103 strad\u0103 scurt\u0103, acoperit\u0103 cu pietr\u0103 cubic\u0103 \u0219i cu ieder\u0103, ne-a \u00eent\u00e2mpinat cu zeci de standuri fermec\u0103toare ale arti\u0219tilor. Acest lucru nu a fost o surpriz\u0103, deoarece Strada Margutta a fost \u00eentotdeauna locul \u00een care arti\u0219tii au ales s\u0103 tr\u0103iasc\u0103, transform\u00e2nd-o \u00eentr-un adev\u0103rat hub de art\u0103.<\/p>\n\n\n\n<p>Dac\u0103 vrei s\u0103 vezi cum ar\u0103ta strada \u00een trecut, vezi filmul <em>Vacan\u021b\u0103 la Roma<\/em>, cu Audrey Hepburn \u0219i Gregory Peck. Nu vei vedea doar unele dintre cele mai faimoase <a href=\"https:\/\/www.the-travel-bunny.com\/ro\/ghiduri-de-calatorie\/roma-ghid-turistic\/\" class=\"rank-math-link\">obiective turistice din Roma<\/a>, a\u0219a cum erau \u00een anii &#8217;50, dar vei recunoa\u0219te \u0219i Strada Margutta, unde locuie\u0219te personajul lui Gregory Peck.<\/p>\n\n\n\n<p>Cel\u0103lalt cap\u0103t al Str\u0103zii Margutta te duce \u00eenapoi la Strada Babuino. Continu\u0103 s\u0103 mergi pe aceast\u0103 strad\u0103 \u0219i vei ajunge \u00een Pia\u021ba Spaniei. Aceasta este probabil cea mai faimoas\u0103 pia\u021b\u0103 \u00een Roma!<\/p>\n\n\n\n<hr class=\"wp-block-separator has-css-opacity is-style-wide\"\/>\n\n\n\n<figure class=\"wp-block-image size-large\"><img loading=\"lazy\" decoding=\"async\" width=\"792\" height=\"294\" src=\"https:\/\/www.the-travel-bunny.com\/ro\/wp-content\/uploads\/sites\/2\/2021\/05\/treptele-spaniole-piata-in-roma.jpg\" alt=\"treptele spaniole piata in roma\" class=\"wp-image-730\" title=\"\" srcset=\"https:\/\/www.the-travel-bunny.com\/ro\/wp-content\/uploads\/sites\/2\/2021\/05\/treptele-spaniole-piata-in-roma.jpg 792w, https:\/\/www.the-travel-bunny.com\/ro\/wp-content\/uploads\/sites\/2\/2021\/05\/treptele-spaniole-piata-in-roma-300x111.jpg 300w, https:\/\/www.the-travel-bunny.com\/ro\/wp-content\/uploads\/sites\/2\/2021\/05\/treptele-spaniole-piata-in-roma-768x285.jpg 768w\" sizes=\"auto, (max-width: 792px) 100vw, 792px\" \/><figcaption class=\"wp-element-caption\"><em>Din pia\u021b\u0103 \u00een pia\u021b\u0103 \u00een Roma: Pia\u021ba Spania &amp; Treptele Spaniole<\/em><\/figcaption><\/figure>\n\n\n\n<h2 class=\"wp-block-heading\" id=\"pia\u021ba-spaniei-piazza-di-spagna\">Pia\u021ba Spaniei (Piazza di Spagna)<\/h2>\n\n\n\n<p>Ar fi trebuit s\u0103 ne \u00eencepem ziua mai devreme. C\u00e2nd am ajuns \u00een Pia\u021ba Spania Roma, era deja plin\u0103 de turi\u0219ti. Dar era de a\u0219teptat, \u00eentruc\u00e2t Pia\u021ba Spaniei e cea mai vizitat\u0103 pia\u021b\u0103 \u00een Roma.<\/p>\n\n\n\n<p>Pentru c\u0103 lui Mathieu \u00eei displace aglomera\u021bia mai mult dec\u00e2t mie, i-am ar\u0103tat rapid <a class=\"rank-math-link\" href=\"https:\/\/www.the-travel-bunny.com\/ro\/ghiduri-de-calatorie\/roma-ghid-turistic\/piete-din-roma\/\"><strong>Treptele Spaniole<\/strong><\/a> Roma, cu Obeliscul Sallustiano \u0219i Biserica Trinit\u0103\u021bii Mun\u021bilor (<em>Santissima Trinit\u00e0 dei Monti<\/em>) \u00een v\u00e2rf \u0219i <strong><a class=\"rank-math-link\" href=\"https:\/\/www.the-travel-bunny.com\/ro\/ghiduri-de-calatorie\/roma-ghid-turistic\/fantani-din-roma\/\">F\u00e2nt\u00e2na<\/a> Barcaccia<\/strong> la baz\u0103.<\/p>\n\n\n\n<figure class=\"wp-block-image size-large\"><img loading=\"lazy\" decoding=\"async\" width=\"792\" height=\"664\" src=\"https:\/\/www.the-travel-bunny.com\/ro\/wp-content\/uploads\/sites\/2\/2021\/05\/piazza-di-spagna-piata-spaniei-in-roma.jpg\" alt=\"piazza di spagna piata spaniei in roma\" class=\"wp-image-731\" title=\"\" srcset=\"https:\/\/www.the-travel-bunny.com\/ro\/wp-content\/uploads\/sites\/2\/2021\/05\/piazza-di-spagna-piata-spaniei-in-roma.jpg 792w, https:\/\/www.the-travel-bunny.com\/ro\/wp-content\/uploads\/sites\/2\/2021\/05\/piazza-di-spagna-piata-spaniei-in-roma-300x252.jpg 300w, https:\/\/www.the-travel-bunny.com\/ro\/wp-content\/uploads\/sites\/2\/2021\/05\/piazza-di-spagna-piata-spaniei-in-roma-768x644.jpg 768w\" sizes=\"auto, (max-width: 792px) 100vw, 792px\" \/><figcaption class=\"wp-element-caption\"><em>Pia\u021ba Spaniei, probabil cea mai faimoas\u0103 pia\u021b\u0103 \u00een Roma<\/em><\/figcaption><\/figure>\n\n\n\n<p>Vizita gr\u0103bit\u0103 m-a dezam\u0103git un pic pentru c\u0103 am ratat <strong>Obelisco Sallustiano \u0219i Trinita dei Monti<\/strong> de aproape, mai ales c\u0103 \u00een c\u0103l\u0103toria mea anterioar\u0103 biserica era \u00een curs de restaurare. Ziua \u00een care am ales s\u0103 vedem aceast\u0103 parte a Romei a fost \u0219i ea nefericit\u0103, deoarece <strong>Casa Memorial\u0103 Keats-Shelley<\/strong> era \u00eenchis\u0103. Dar oricum, vacan\u021ba la Roma era pentru Mathieu \u0219i doar eu voiam s\u0103 v\u0103 casa poe\u021bilor.<\/p>\n\n\n\n<figure class=\"wp-block-image size-large\"><img loading=\"lazy\" decoding=\"async\" width=\"792\" height=\"294\" src=\"https:\/\/www.the-travel-bunny.com\/ro\/wp-content\/uploads\/sites\/2\/2021\/05\/via-condotti-strada-in-roma.jpg\" alt=\"via condotti strada in roma\" class=\"wp-image-732\" title=\"\" srcset=\"https:\/\/www.the-travel-bunny.com\/ro\/wp-content\/uploads\/sites\/2\/2021\/05\/via-condotti-strada-in-roma.jpg 792w, https:\/\/www.the-travel-bunny.com\/ro\/wp-content\/uploads\/sites\/2\/2021\/05\/via-condotti-strada-in-roma-300x111.jpg 300w, https:\/\/www.the-travel-bunny.com\/ro\/wp-content\/uploads\/sites\/2\/2021\/05\/via-condotti-strada-in-roma-768x285.jpg 768w\" sizes=\"auto, (max-width: 792px) 100vw, 792px\" \/><figcaption class=\"wp-element-caption\"><em>Din pia\u021b\u0103 \u00een pia\u021b\u0103 \u00een Roma:<\/em> <em>Strada Condotti<\/em><\/figcaption><\/figure>\n\n\n\n<p>A\u0219a c\u0103 am privit repejor <strong>Coloana Concep\u021biei Imaculare<\/strong> din Pia\u021ba Mignanelli \u0219i i-am ar\u0103tat rapid <strong>Strada Condotti<\/strong>, plin\u0103 de turi\u0219ti. Poate \u00een\u021beleg aglomera\u021bia din Pia\u021ba Spaniei Roma, dar am avut dificult\u0103\u021bi \u00een a \u00eei \u00een\u021belege pe cei de pe Strada Condotti, care avansau \u00eencet prin mul\u021bime, f\u0103r\u0103 a intra \u00een vreunul dintre magazine.<\/p>\n\n\n\n<figure class=\"wp-block-image size-large\"><img loading=\"lazy\" decoding=\"async\" width=\"792\" height=\"294\" src=\"https:\/\/www.the-travel-bunny.com\/ro\/wp-content\/uploads\/sites\/2\/2021\/05\/via-borgogna-strada-in-roma.jpg\" alt=\"via borgogna strada in roma\" class=\"wp-image-733\" title=\"\" srcset=\"https:\/\/www.the-travel-bunny.com\/ro\/wp-content\/uploads\/sites\/2\/2021\/05\/via-borgogna-strada-in-roma.jpg 792w, https:\/\/www.the-travel-bunny.com\/ro\/wp-content\/uploads\/sites\/2\/2021\/05\/via-borgogna-strada-in-roma-300x111.jpg 300w, https:\/\/www.the-travel-bunny.com\/ro\/wp-content\/uploads\/sites\/2\/2021\/05\/via-borgogna-strada-in-roma-768x285.jpg 768w\" sizes=\"auto, (max-width: 792px) 100vw, 792px\" \/><figcaption class=\"wp-element-caption\"><em>Din pia\u021b\u0103 \u00een pia\u021b\u0103 \u00een Roma:<\/em> <em>Strada Borgogna<\/em><\/figcaption><\/figure>\n\n\n\n<p><strong>Strada Borgogna<\/strong>, paralel\u0103 cu Strada Condotti, era aproape goal\u0103 \u0219i destul de dr\u0103gu\u021b\u0103, a\u0219a c\u0103 am fost perfect\u0103 s\u0103 continu\u0103m plimbarea c\u0103tre BulevardulCorso.<\/p>\n\n\n\n<hr class=\"wp-block-separator has-css-opacity is-style-wide\"\/>\n\n\n\n<h2 class=\"wp-block-heading\" id=\"mausoleul-lui-augustus\">Mausoleul lui Augustus<\/h2>\n\n\n\n<p>De pe Via del Corso, am mers pe Via dei Pontefici pentru a ajunge la morm\u00e2ntul antic cunoscut sub numele de Mausoleul lui Augustus, sau Mausoleo di Augusto, \u00een italian\u0103. Primul \u00eemp\u0103rat roman, Augustus, \u0219i familia sa au fost \u00eengropa\u021bi aici c\u00e2nd a fost construit, \u00een anul 28 \u00ee.Hr.<\/p>\n\n\n\n<p>Una dintre cele mai vechi \u0219i mai cunoscute structuri ale Romei, Mausoleul lui Augustus este o cl\u0103dire eliptic\u0103 masiv\u0103 din c\u0103r\u0103mid\u0103 \u0219i beton, care este \u00eempodobit\u0103 cu sculpturi \u0219i inscrip\u021bii. Unul dintre cele mai spectaculoase morminte din lume, este considerat un exemplu semnificativ de inginerie \u0219i construc\u021bie roman\u0103. De\u0219i foarte vechi, situl este \u00eenc\u0103 \u00een stare foarte bun\u0103.<\/p>\n\n\n\n<p>Din p\u0103cate pentru noi, Mausoleul lui Augustus era \u00een proces de restaurare. A\u0219a c\u0103 i-am aruncat o privire de la distan\u021b\u0103, apoi ne-am \u00eendreptat \u00een jos pe Strada Ripetta, pe \u021b\u0103rmul vestic al Tibrului. Era cald afar\u0103, dar  scurta noastr\u0103 pauz\u0103 de <strong>F\u00e2nt\u00e2na Pianto<\/strong> a fost revigorant\u0103. Dup\u0103 aceea, ne-am plimbat pe str\u0103zi pentru a g\u0103si un loc dr\u0103gu\u021b s\u0103 m\u00e2nc\u0103m ceva mic \u0219i rapid.<\/p>\n\n\n\n<p>Cu toate acestea, nu g\u0103sesc numele locului, iar Google Maps nu m\u0103 ajut\u0103 cu adev\u0103rat. Am g\u0103sit masa la care am stat <a href=\"https:\/\/www.google.com\/maps\/@41.9041331,12.4750135,3a,75y,22.42h,90t\/data=!3m10!1e1!3m8!1s8T8reKs-8kPgymvPW9WEfA!2e0!6s%2F%2Fgeo0.ggpht.com%2Fcbk%3Fpanoid%3D8T8reKs-8kPgymvPW9WEfA%26output%3Dthumbnail%26cb_client%3Dmaps_sv.tactile.gps%26thumb%3D2%26w%3D203%26h%3D100%26yaw%3D8.099528%26pitch%3D0%26thumbfov%3D100!7i13312!8i6656!9m2!1b1!2i48\" target=\"_blank\" aria-label=\" (opens in a new tab)\" rel=\"noreferrer noopener nofollow\" class=\"rank-math-link\">aici<\/a>, dar nu g\u0103sesc intrarea din fa\u021b\u0103. Google Maps arat\u0103 doar restaurante fanteziste acolo \u0219i acesta era un loc mic, o cafenea cu dou\u0103 mese \u00een spate \u0219i c\u00e2teva mese \u00een interior. Oricum, locul era fermec\u0103tor, iar cl\u0103direa de l\u00e2ng\u0103 era impresionant\u0103.<\/p>\n\n\n\n<p>Dup\u0103 ce ne-am terminat panini, am luat- pe Strada Tomacelli \u00eenapoi la Bulevardul Corso.<\/p>\n\n\n\n<hr class=\"wp-block-separator has-css-opacity is-style-wide\"\/>\n\n\n\n<figure class=\"wp-block-image size-large\"><img loading=\"lazy\" decoding=\"async\" width=\"792\" height=\"263\" src=\"https:\/\/www.the-travel-bunny.com\/ro\/wp-content\/uploads\/sites\/2\/2021\/05\/piata-sfantul-silvestru-in-roma.jpg\" alt=\"piata sfantul silvestru in roma\" class=\"wp-image-734\" title=\"\" srcset=\"https:\/\/www.the-travel-bunny.com\/ro\/wp-content\/uploads\/sites\/2\/2021\/05\/piata-sfantul-silvestru-in-roma.jpg 792w, https:\/\/www.the-travel-bunny.com\/ro\/wp-content\/uploads\/sites\/2\/2021\/05\/piata-sfantul-silvestru-in-roma-300x100.jpg 300w, https:\/\/www.the-travel-bunny.com\/ro\/wp-content\/uploads\/sites\/2\/2021\/05\/piata-sfantul-silvestru-in-roma-768x255.jpg 768w\" sizes=\"auto, (max-width: 792px) 100vw, 792px\" \/><figcaption class=\"wp-element-caption\"><em>Roma am fost acolo: Pia\u021ba Sf\u00e2ntul Silvestru, o pia\u021b\u0103 \u00een Roma mai pu\u021bin cunoscut\u0103<\/em><\/figcaption><\/figure>\n\n\n\n<h2 class=\"wp-block-heading\" id=\"pia\u021ba-sfantul-silvestru\">Pia\u021ba Sf\u00e2ntul Silvestru<\/h2>\n\n\n\n<p>Traversarea Bulevardului Corso ne-a adus la Pia\u021ba Sf\u00e2ntul Silvestru. Aici, am dat peste o frumoas\u0103 biseric\u0103, Biserica Sf\u00e2ntul Silvestru din Capite. Curtea ei este absolut uimitoare!<\/p>\n\n\n\n<hr class=\"wp-block-separator has-css-opacity is-style-wide\"\/>\n\n\n\n<figure class=\"wp-block-image size-large\"><img loading=\"lazy\" decoding=\"async\" width=\"792\" height=\"329\" src=\"https:\/\/www.the-travel-bunny.com\/ro\/wp-content\/uploads\/sites\/2\/2021\/05\/piata-colonna-in-roma.jpg\" alt=\"piata colonna in roma\" class=\"wp-image-735\" title=\"\" srcset=\"https:\/\/www.the-travel-bunny.com\/ro\/wp-content\/uploads\/sites\/2\/2021\/05\/piata-colonna-in-roma.jpg 792w, https:\/\/www.the-travel-bunny.com\/ro\/wp-content\/uploads\/sites\/2\/2021\/05\/piata-colonna-in-roma-300x125.jpg 300w, https:\/\/www.the-travel-bunny.com\/ro\/wp-content\/uploads\/sites\/2\/2021\/05\/piata-colonna-in-roma-768x319.jpg 768w\" sizes=\"auto, (max-width: 792px) 100vw, 792px\" \/><figcaption class=\"wp-element-caption\"><em>Pia\u021ba Colonna, o pia\u021b\u0103 \u00een Roma unde po\u021bi fce multe fotografii interesante<\/em><\/figcaption><\/figure>\n\n\n\n<h2 class=\"wp-block-heading\" id=\"pia\u021ba-colonna\">Pia\u021ba Colonna<\/h2>\n\n\n\n<p>Bulevardul Corso ne-a dus \u00een Pia\u021ba Colonna, unde am putut admira <strong>Columna lui Marc Aureliu<\/strong>. Aceast\u0103 column\u0103 este o coloan\u0103 de victorie roman\u0103, modelat\u0103 dup\u0103 Columna lui Traian, pentru a s\u0103rb\u0103tori luptele \u00eemp\u0103ratului Marc Aureliu din zona Dun\u0103rii.<\/p>\n\n\n\n<p>Colonna di Marco Aurelio este o coloan\u0103 roman\u0103 a victoriei modelat\u0103 dup\u0103 Columna lui Traian. Coloana de marmur\u0103 este \u00eempodobit\u0103 cu reliefuri care arat\u0103 cuceririle militare ale \u00eemp\u0103ratului \u00een zona Dun\u0103rii.<\/p>\n\n\n\n<p>Columna lui Marc Aureliu a r\u0103mas pe acest loc \u00eenc\u0103 din anul 193 d.Hr., c\u00e2nd avea \u00een v\u00e2rf o statuie a \u00eemp\u0103ratului. \u00cen 1589, \u00eens\u0103, Papa Sixtus V a ordonat \u00eenlocuirea statuii cu cea a Sf\u00e2ntului Pavel, pe care o putem vedea p\u00e2n\u0103 \u00een zilele noastre.<\/p>\n\n\n\n<p>\u00cen aceast\u0103 pia\u021b\u0103 a Romei, po\u021bi admira \u0219i alte coloane: cele ale Palazzo Chigi din secolul al XVI-lea, casa primului ministru. Acest palat italian este un exemplu semnificativ de arhitectur\u0103 renascentist \u0219i este renumit pentru curtea sa minunat\u0103, care este decorat\u0103 cu picturi murale de Rafael. Palazzo Chigi nu este accesibil publicului larg, dar poate fi admirat din exterior.<\/p>\n\n\n\n<hr class=\"wp-block-separator has-css-opacity is-style-wide\"\/>\n\n\n\n<figure class=\"wp-block-image size-large\"><img loading=\"lazy\" decoding=\"async\" width=\"792\" height=\"294\" src=\"https:\/\/www.the-travel-bunny.com\/ro\/wp-content\/uploads\/sites\/2\/2021\/05\/piata-montecitorio-in-roma.jpg\" alt=\"piata montecitorio in roma\" class=\"wp-image-736\" title=\"\" srcset=\"https:\/\/www.the-travel-bunny.com\/ro\/wp-content\/uploads\/sites\/2\/2021\/05\/piata-montecitorio-in-roma.jpg 792w, https:\/\/www.the-travel-bunny.com\/ro\/wp-content\/uploads\/sites\/2\/2021\/05\/piata-montecitorio-in-roma-300x111.jpg 300w, https:\/\/www.the-travel-bunny.com\/ro\/wp-content\/uploads\/sites\/2\/2021\/05\/piata-montecitorio-in-roma-768x285.jpg 768w\" sizes=\"auto, (max-width: 792px) 100vw, 792px\" \/><figcaption class=\"wp-element-caption\"><em>Din pia\u021b\u0103 \u00een pia\u021b\u0103 \u00een Roma: Pia\u021ba Montecitorio<\/em><\/figcaption><\/figure>\n\n\n\n<h2 class=\"wp-block-heading\" id=\"pia\u021ba-montecitorio\">Pia\u021ba Montecitorio<\/h2>\n\n\n\n<p>La doar c\u00e2\u021biva pa\u0219i de Pia\u021ba Colonna este Pia\u021ba Montecitorio. Aceast\u0103 pia\u021b\u0103 \u00een Roma include impresionantul <strong>Palat Montecitorio<\/strong>, \u00een stil baroc<strong>,<\/strong> construit de Bernini \u00een 1653. Acum g\u0103zduie\u0219te Camera Deputa\u021bilor din Italia.<\/p>\n\n\n\n<p>Tot \u00een aceast\u0103 pia\u021b\u0103 \u00een Roma, vei vedea <strong>Obeliscul Montecitorio<\/strong>, un obeliscul egiptean de granit ro\u0219u. Este cunoscut \u0219i sub numele de <em>Solare<\/em>.<\/p>\n\n\n\n<hr class=\"wp-block-separator has-css-opacity is-style-wide\"\/>\n\n\n\n<figure class=\"wp-block-image size-large\"><img loading=\"lazy\" decoding=\"async\" width=\"792\" height=\"196\" src=\"https:\/\/www.the-travel-bunny.com\/ro\/wp-content\/uploads\/sites\/2\/2021\/05\/piata-din-piatra-in-roma.jpg\" alt=\"piata din piatra in roma\" class=\"wp-image-737\" title=\"\" srcset=\"https:\/\/www.the-travel-bunny.com\/ro\/wp-content\/uploads\/sites\/2\/2021\/05\/piata-din-piatra-in-roma.jpg 792w, https:\/\/www.the-travel-bunny.com\/ro\/wp-content\/uploads\/sites\/2\/2021\/05\/piata-din-piatra-in-roma-300x74.jpg 300w, https:\/\/www.the-travel-bunny.com\/ro\/wp-content\/uploads\/sites\/2\/2021\/05\/piata-din-piatra-in-roma-768x190.jpg 768w\" sizes=\"auto, (max-width: 792px) 100vw, 792px\" \/><figcaption class=\"wp-element-caption\"><em>Piazza di Pietra, o pia\u021b\u0103 \u00een Roma cu cl\u0103diri frumoase \u0219i interesante<\/em><\/figcaption><\/figure>\n\n\n\n<h2 class=\"wp-block-heading\" id=\"pia\u021ba-din-piatra\">Pia\u021ba din Piatr\u0103<\/h2>\n\n\n\n<p>\u00cen aceast\u0103 zon\u0103 chiar treci din pia\u021b\u0103 \u00een pia\u021b\u0103 \u00een Roma! Merg\u00e2nd spre sud din Pia\u021ba Montecitorio, vei descoperi Pia\u021ba de Piatr\u0103. Aici vei vedea un templu construit \u00een anul 145, care a fost \u00eencorporat ulterior \u00eentr-o cl\u0103dire diferit\u0103. (Este realizat \u00eentr-o mod similar cu Teatrul lui Marcellus, v\u0103zut \u00een prima noastr\u0103 zi la Roma.)<\/p>\n\n\n\n<p>Partea veche a cl\u0103dirii este <strong>Templul lui Adrian<\/strong>, ridicat de Antoninus Pius, fiul adoptiv \u0219i succesorul lui Adrian.<\/p>\n\n\n\n<p>Ceea ce mi-a pl\u0103cut foarte mult \u00een Pia\u021ba de Piatr\u0103, a fost cl\u0103direa galben\u0103, p\u0103tat\u0103, l\u00e2ng\u0103 templul lui Adrian. Dar fiecare cu p\u0103s\u0103rica lui!<\/p>\n\n\n\n<hr class=\"wp-block-separator has-css-opacity is-style-wide\"\/>\n\n\n\n<figure class=\"wp-block-image size-large\"><img loading=\"lazy\" decoding=\"async\" width=\"792\" height=\"264\" src=\"https:\/\/www.the-travel-bunny.com\/ro\/wp-content\/uploads\/sites\/2\/2021\/05\/galeria-sciarra-in-roma-italia.jpg\" alt=\"galeria sciarra in roma italia\" class=\"wp-image-739\" title=\"\" srcset=\"https:\/\/www.the-travel-bunny.com\/ro\/wp-content\/uploads\/sites\/2\/2021\/05\/galeria-sciarra-in-roma-italia.jpg 792w, https:\/\/www.the-travel-bunny.com\/ro\/wp-content\/uploads\/sites\/2\/2021\/05\/galeria-sciarra-in-roma-italia-300x100.jpg 300w, https:\/\/www.the-travel-bunny.com\/ro\/wp-content\/uploads\/sites\/2\/2021\/05\/galeria-sciarra-in-roma-italia-768x256.jpg 768w\" sizes=\"auto, (max-width: 792px) 100vw, 792px\" \/><figcaption class=\"wp-element-caption\"><em>Nu este o pia\u021b\u0103 \u00een Roma, dar Galeria Sciarra merit\u0103 o vizit\u0103!<\/em><\/figcaption><\/figure>\n\n\n\n<h2 class=\"wp-block-heading\" id=\"galeria-sciarra\">Galeria Sciarra<\/h2>\n\n\n\n<p>Travers\u00e2nd din nou Bulevardul Corso, dac\u0103 mergi pe Strada Marco Minghetti, vei vedea una dintre comorile ascunse ale Romei. Galeria Sciarra a fost construit\u0103 la sf\u00e2r\u0219itul secolului 19, \u00een stil art nouveau \u0219i este uimitoare!<\/p>\n\n\n\n<hr class=\"wp-block-separator has-css-opacity is-style-wide\"\/>\n\n\n\n<figure class=\"wp-block-image size-large\"><img loading=\"lazy\" decoding=\"async\" width=\"792\" height=\"294\" src=\"https:\/\/www.the-travel-bunny.com\/ro\/wp-content\/uploads\/sites\/2\/2021\/05\/vicus-caprarius-orasul-apei-in-roma.jpg\" alt=\"vicus caprarius orasul apei in roma\" class=\"wp-image-740\" title=\"\" srcset=\"https:\/\/www.the-travel-bunny.com\/ro\/wp-content\/uploads\/sites\/2\/2021\/05\/vicus-caprarius-orasul-apei-in-roma.jpg 792w, https:\/\/www.the-travel-bunny.com\/ro\/wp-content\/uploads\/sites\/2\/2021\/05\/vicus-caprarius-orasul-apei-in-roma-300x111.jpg 300w, https:\/\/www.the-travel-bunny.com\/ro\/wp-content\/uploads\/sites\/2\/2021\/05\/vicus-caprarius-orasul-apei-in-roma-768x285.jpg 768w\" sizes=\"auto, (max-width: 792px) 100vw, 792px\" \/><figcaption class=\"wp-element-caption\"><em>Din pia\u021b\u0103 \u00een pia\u021b\u0103 \u00een Roma: Vicus Caprarius<\/em><\/figcaption><\/figure>\n\n\n\n<h2 class=\"wp-block-heading\" id=\"vicus-caprarius-ora\u0219ul-apei\">Vicus Caprarius &#8211; Ora\u0219ul Apei<\/h2>\n\n\n\n<p>Dup\u0103 Galeria Sciarra, po\u021bi revedea F\u00e2nt\u00e2na Trevi, dac\u0103 nu ai reu\u0219it s\u0103 o prive\u0219ti destul cu o zi \u00eenainte. Sau po\u021bi merge direct pe Vicolo dei Modelli, apoi pe Vicolo del Puttarello. Aceste dou\u0103 str\u0103zi \u00eenguste \u0219i fermec\u0103toare te vor duce la Vicus Caprarius &#8211; Ora\u0219ul Apei.<\/p>\n\n\n\n<p>Acest mic sit arheologic se afl\u0103 sub un cinematograf cam la fel de mic. Nu este doar o vizit\u0103 foarte interesant\u0103, ci \u0219i un ad\u0103post minunat de c\u0103ldura din miezul zilei!<\/p>\n\n\n\n<hr class=\"wp-block-separator has-css-opacity is-style-wide\"\/>\n\n\n\n<figure class=\"wp-block-image size-large\"><img loading=\"lazy\" decoding=\"async\" width=\"792\" height=\"262\" src=\"https:\/\/www.the-travel-bunny.com\/ro\/wp-content\/uploads\/sites\/2\/2021\/05\/cele-patru-fantani-in-roma-italia.jpg\" alt=\"cele patru fantani in roma italia\" class=\"wp-image-741\" title=\"\" srcset=\"https:\/\/www.the-travel-bunny.com\/ro\/wp-content\/uploads\/sites\/2\/2021\/05\/cele-patru-fantani-in-roma-italia.jpg 792w, https:\/\/www.the-travel-bunny.com\/ro\/wp-content\/uploads\/sites\/2\/2021\/05\/cele-patru-fantani-in-roma-italia-300x99.jpg 300w, https:\/\/www.the-travel-bunny.com\/ro\/wp-content\/uploads\/sites\/2\/2021\/05\/cele-patru-fantani-in-roma-italia-768x254.jpg 768w\" sizes=\"auto, (max-width: 792px) 100vw, 792px\" \/><figcaption class=\"wp-element-caption\"><em>Cele Patru F\u00e2nt\u00e2ni, \u00eenconjur\u00e2nd o pia\u021b\u0103 \u00een Roma<\/em><\/figcaption><\/figure>\n\n\n\n<h2 class=\"wp-block-heading\" id=\"cele-patru-fantani\">Cele Patru F\u00e2nt\u00e2ni<\/h2>\n\n\n\n<p>Dup\u0103 ce am <a href=\"https:\/\/www.the-travel-bunny.com\/ro\/100-de-motive-pentru-a-vizita-romania\/\">vizitat<\/a> Vicus Caprarius, am decis s\u0103 ne \u00eendep\u0103rt\u0103m de centrul Romei. Am trecut de <strong>Palatul Quirinal<\/strong> (Palatul Preziden\u021bial) pe Strada Quirinale \u0219i am ajuns la frumoasa intersec\u021bie cu Strada Quattro Fontane. Aici, de fiecare parte a intersec\u021biei, vei vedea o f\u00e2nt\u00e2n\u0103 renascentist\u0103. E una care reprezint\u0103 Tibrul \u00een Roma \u0219i una cu r\u00e2ul Arno din <a href=\"https:\/\/www.the-travel-bunny.com\/ro\/2-zile-in-florenta-itinerariu\/\">Floren\u021ba<\/a>. Celelalte dou\u0103 sunt reprezent\u0103ri ale zei\u021bei Juno, simboliz\u00e2nd puterea, \u0219i ale zei\u021bei Diana, simboliz\u00e2nd castitatea.<\/p>\n\n\n\n<p>L\u00e2ng\u0103 cele Patru F\u00e2nt\u00e2ni, se afl\u0103 \u0219i biserica Biserica Sf\u00e2ntul Carlo la Cele Patru F\u00e2nt\u00e2ni (<em>San Carlo alle Quattro Fontane<\/em> sau <em>San Carlino<\/em>).<\/p>\n\n\n\n<p>Am continuat s\u0103 mergem p\u00e2n\u0103 l\u00e2ng\u0103 Termini. Ne-am oprit aici s\u0103 la un binemeritat pahar de vin ro\u0219u la <strong>Gran Caff\u00e8 del Passeggero<\/strong>, \u00eenainte de a vizita Palatul Massimo de la Terme.<\/p>\n\n\n\n<hr class=\"wp-block-separator has-css-opacity is-style-wide\"\/>\n\n\n\n<figure class=\"wp-block-image size-large\"><img loading=\"lazy\" decoding=\"async\" width=\"792\" height=\"294\" src=\"https:\/\/www.the-travel-bunny.com\/ro\/wp-content\/uploads\/sites\/2\/2021\/05\/palatul-massimo-de-la-terme-in-roma.jpg\" alt=\"palatul massimo de la terme in roma\" class=\"wp-image-742\" title=\"\" srcset=\"https:\/\/www.the-travel-bunny.com\/ro\/wp-content\/uploads\/sites\/2\/2021\/05\/palatul-massimo-de-la-terme-in-roma.jpg 792w, https:\/\/www.the-travel-bunny.com\/ro\/wp-content\/uploads\/sites\/2\/2021\/05\/palatul-massimo-de-la-terme-in-roma-300x111.jpg 300w, https:\/\/www.the-travel-bunny.com\/ro\/wp-content\/uploads\/sites\/2\/2021\/05\/palatul-massimo-de-la-terme-in-roma-768x285.jpg 768w\" sizes=\"auto, (max-width: 792px) 100vw, 792px\" \/><figcaption class=\"wp-element-caption\"><em>Din pia\u021b\u0103 \u00een pia\u021b\u0103 \u00een Roma: \u00cen Palatul Massimo de la Terme<\/em><\/figcaption><\/figure>\n\n\n\n<h2 class=\"wp-block-heading\" id=\"palatul-massimo-de-la-terme\">Palatul Massimo de la Terme<\/h2>\n\n\n\n<p>\u00centruc\u00e2t ne-a pl\u0103cut cu adev\u0103rat vizita la Palatul Altemps \u0219i aveam \u00eenc\u0103 biletele valabile pentru <a href=\"https:\/\/www.the-travel-bunny.com\/ro\/ghiduri-de-calatorie\/roma-ghid-turistic\/muzee-din-roma\/\" class=\"rank-math-link\">Muzeul Na\u021bional Roman<\/a>, am mers la Palatul Massimo de la Terme. Cele patru niveluri ale sale ofer\u0103 o perspectiv\u0103 bun\u0103 asupra artei romane. Subsolul ad\u0103poste\u0219te o colec\u021bie de bijuterii, pietre funerare \u0219i monede romane. La parter \u0219i la primul etaj vei g\u0103si statui \u0219i sculpturi romane \u0219i grece\u0219ti. Iar la etajul doi vei descoperi cele mai bine conservate fresce romane din lume.<\/p>\n\n\n\n<hr class=\"wp-block-separator has-css-opacity is-style-wide\"\/>\n\n\n\n<figure class=\"wp-block-image size-large\"><img loading=\"lazy\" decoding=\"async\" width=\"792\" height=\"294\" src=\"https:\/\/www.the-travel-bunny.com\/ro\/wp-content\/uploads\/sites\/2\/2021\/05\/piata-venetia-in-roma.jpg\" alt=\"piata venetia in roma\" class=\"wp-image-743\" title=\"\" srcset=\"https:\/\/www.the-travel-bunny.com\/ro\/wp-content\/uploads\/sites\/2\/2021\/05\/piata-venetia-in-roma.jpg 792w, https:\/\/www.the-travel-bunny.com\/ro\/wp-content\/uploads\/sites\/2\/2021\/05\/piata-venetia-in-roma-300x111.jpg 300w, https:\/\/www.the-travel-bunny.com\/ro\/wp-content\/uploads\/sites\/2\/2021\/05\/piata-venetia-in-roma-768x285.jpg 768w\" sizes=\"auto, (max-width: 792px) 100vw, 792px\" \/><figcaption class=\"wp-element-caption\"><em>Din pia\u021b\u0103 \u00een pia\u021b\u0103 \u00een Roma: Pia\u021ba Vene\u021bia<\/em><\/figcaption><\/figure>\n\n\n\n<h2 class=\"wp-block-heading\" id=\"pia\u021ba-vene\u021bia\">Pia\u021ba Vene\u021bia<\/h2>\n\n\n\n<p>Seara, ne-am \u00eentors \u00een Pia\u021ba Vene\u021bia Roma, \u00een c\u0103utarea unui restaurant pentru o cin\u0103 bun\u0103. R\u0103t\u0103cind, am g\u0103sit <strong>Il Buco<\/strong>. Era un restaurant de familie, cu o teras\u0103 foarte mic\u0103, ascuns de cl\u0103dirile de l\u00e2ng\u0103 Pia\u021ba Roma Vene\u021bia.<\/p>\n\n\n\n<p>\u00cen timp ce ne a\u0219teptam <a href=\"https:\/\/www.the-travel-bunny.com\/ro\/mancarea-din-chiang-mai-thailanda\/\">m\u00e2ncarea<\/a>, am auzit oamenii de la mas\u0103 de al\u0103turi spun\u00e2ndu-le prietenilor c\u0103 au g\u0103sit acest restaurant din Roma Pia\u021ba Vene\u021bia c\u00e2nd au ajuns pentru prima dat\u0103 la Roma \u0219i le-a pl\u0103cut at\u00e2t de mult \u00eenc\u00e2t s-au \u00eentors acolo \u00een fiecare sear\u0103. Odat\u0103 ce am gustat pastele, am \u00een\u021beles de ce. M\u00e2ncarea era delicioas\u0103!<\/p>\n\n\n\n<hr class=\"wp-block-separator has-css-opacity is-style-wide\"\/>\n\n\n\n<figure class=\"wp-block-image size-large\"><img loading=\"lazy\" decoding=\"async\" width=\"792\" height=\"294\" src=\"https:\/\/www.the-travel-bunny.com\/ro\/wp-content\/uploads\/sites\/2\/2021\/05\/forul-lui-traian-in-roma-italia.jpg\" alt=\"forul lui traian in roma italia\" class=\"wp-image-744\" title=\"\" srcset=\"https:\/\/www.the-travel-bunny.com\/ro\/wp-content\/uploads\/sites\/2\/2021\/05\/forul-lui-traian-in-roma-italia.jpg 792w, https:\/\/www.the-travel-bunny.com\/ro\/wp-content\/uploads\/sites\/2\/2021\/05\/forul-lui-traian-in-roma-italia-300x111.jpg 300w, https:\/\/www.the-travel-bunny.com\/ro\/wp-content\/uploads\/sites\/2\/2021\/05\/forul-lui-traian-in-roma-italia-768x285.jpg 768w\" sizes=\"auto, (max-width: 792px) 100vw, 792px\" \/><figcaption class=\"wp-element-caption\"><em>Din pia\u021b\u0103 \u00een pia\u021b\u0103 \u00een Roma: <a class=\"rank-math-link\" href=\"https:\/\/www.the-travel-bunny.com\/ro\/ghiduri-de-calatorie\/roma-ghid-turistic\/situri-arheologice-din-roma\/\">Forul lui Traian<\/a> din Pia\u021ba lui Traian<\/em><\/figcaption><\/figure>\n\n\n\n<h2 class=\"wp-block-heading\" id=\"pia\u021ba-forul-lui-traian\">Pia\u021ba Forul lui Traian<\/h2>\n\n\n\n<p>Dup\u0103 cin\u0103, am f\u0103cut o scurt\u0103 plimbare p\u00e2n\u0103 la ultima pia\u021b\u0103 \u00een Roma din acea zi: Pia\u021ba Forul lui Traian. Aici, am admirat din dep\u0103rtare <strong>Columna lui Traian<\/strong>, <strong>Forul lui Cezar<\/strong> \u0219i <strong>Forul lui Traian<\/strong>.<\/p>\n\n\n\n<figure class=\"wp-block-image size-large\"><img loading=\"lazy\" decoding=\"async\" width=\"792\" height=\"530\" src=\"https:\/\/www.the-travel-bunny.com\/ro\/wp-content\/uploads\/sites\/2\/2021\/05\/piata-forul-lui-traian-columna-roma.jpg\" alt=\"piata forul lui traian columna roma\" class=\"wp-image-745\" title=\"\" srcset=\"https:\/\/www.the-travel-bunny.com\/ro\/wp-content\/uploads\/sites\/2\/2021\/05\/piata-forul-lui-traian-columna-roma.jpg 792w, https:\/\/www.the-travel-bunny.com\/ro\/wp-content\/uploads\/sites\/2\/2021\/05\/piata-forul-lui-traian-columna-roma-300x201.jpg 300w, https:\/\/www.the-travel-bunny.com\/ro\/wp-content\/uploads\/sites\/2\/2021\/05\/piata-forul-lui-traian-columna-roma-768x514.jpg 768w\" sizes=\"auto, (max-width: 792px) 100vw, 792px\" \/><figcaption class=\"wp-element-caption\"><em>Pia\u021ba Forumul lui Traian, probabil cea mai veche pia\u021b\u0103 \u00een Roma<\/em><\/figcaption><\/figure>\n\n\n\n<hr class=\"wp-block-separator has-alpha-channel-opacity\"\/>\n\n\n\n<h2 class=\"wp-block-heading\" id=\"o-zi-de-neuitat-explorand-pie\u021be-frumoase-din-roma\">O zi de neuitat explor\u00e2nd pie\u021be frumoase din Roma<\/h2>\n\n\n\n<p>Dup\u0103 ce am explorat pie\u021bele pitore\u0219ti ale Romei pentru o zi \u00eentreag\u0103, este evident c\u0103 aceste pie\u021be pline de via\u021b\u0103 sunt o component\u0103 esen\u021bial\u0103 a istoriei \u0219i culturii bogate a ora\u0219ului. Au multe lucruri interesante de v\u0103zut \u0219i de f\u0103cut, iar fiecare pia\u021b\u0103 are propriul farmec \u0219i o personalitate specific\u0103. Aceste pie\u021be din Roma au c\u00e2te ceva pentru fiecare c\u0103l\u0103tor, de la celebra Piazza di Spagna p\u00e2n\u0103 la minunata Piazza Colonna.<\/p>\n\n\n\n<p>Nu lipsesc obiectivele \u0219i experien\u021bele minunate de tr\u0103it \u00een Roma, fie c\u0103 apreciezi arhitectura Palatului Chigi, r\u0103t\u0103ci\u021bi \u00een jurul Terrazza del Corso sau doar v\u0103 bucura\u021bi de atmosfera uneia dintre multe alte pie\u021be atractive ale ora\u0219ului.<\/p>\n\n\n\n<hr class=\"wp-block-separator has-css-opacity is-style-wide\"\/>\n\n\n\n<p>Deci p\u00e2n\u0103 la urm\u0103\u2026<\/p>\n\n\n<div id=\"rank-math-faq\" class=\"rank-math-block\">\n<div class=\"rank-math-list \">\n<div id=\"faq-question-1671090984014\" class=\"rank-math-list-item\">\n<h2 class=\"rank-math-question \">Care este cea mai faimoas\u0103 pia\u021b\u0103 din Roma?<\/h2>\n<div class=\"rank-math-answer \">\n\n<p>Piazza di Spagna, situat\u0103 la baza Treptelor Spaniole, este probabil cea mai faimoas\u0103 pia\u021b\u0103 a Romei. Fontana della Barcaccia, f\u00e2nt\u00e2na uimitoare a pie\u021bei, este binecunoscut\u0103 pentru atractivitatea sa estetic\u0103 \u0219i mediul plin de via\u021b\u0103, care prezint\u0103 frecvent arti\u0219ti stradali \u0219i v\u00e2nz\u0103tori. Ambasada Spaniei \u0219i Biserica Trinit\u00e0 dei Monti se afl\u0103, de asemenea, \u00een aceast\u0103 pia\u021b\u0103 din Roma.<\/p>\n\n<\/div>\n<\/div>\n<\/div>\n<\/div>\n\n\n<hr class=\"wp-block-separator has-alpha-channel-opacity\"\/>\n\n\n\n<h2 class=\"wp-block-heading\" id=\"despre-autoare\">Despre autoare<\/h2>\n\n\n\n<div class=\"wp-block-media-text alignwide is-vertically-aligned-top\" style=\"grid-template-columns:15% auto\"><figure class=\"wp-block-media-text__media\"><img loading=\"lazy\" decoding=\"async\" width=\"138\" height=\"140\" src=\"https:\/\/www.the-travel-bunny.com\/ro\/wp-content\/uploads\/sites\/2\/2021\/05\/Mirela-Letailleur-or-The-Travel-Bunny.jpg\" alt=\"Mirela Letailleur sau The Travel Bunny\" class=\"wp-image-481 size-full\" title=\"\"><\/figure><div class=\"wp-block-media-text__content\">\n<p><strong><strong><strong>Mirela Letailleur<\/strong><\/strong><\/strong> este un blogger de c\u0103l\u0103torii din Rom\u00e2nia care locuie\u0219te \u00een Sudul Fran\u021bei. Ea scrie pe blogul de c\u0103l\u0103torii The Travel Bunny despre vacan\u021be la pre\u021buri accesibile \u00een Europa. A creat \u0219i c\u00e2teva <a href=\"https:\/\/www.the-travel-bunny.com\/ro\/ghiduri-de-calatorie\/roma-ghid-turistic\/\">ghiduri turistice<\/a> gratuite \u0219i ador\u0103 s\u0103 ia rolul de ghid local c\u00e2nd viziteaz\u0103 ora\u0219e din Rom\u00e2nia cu prieteni str\u0103ini. Iubitoare de cafea.<\/p>\n\n\n\n<p class=\"has-text-align-right has-small-font-size\"><a href=\"https:\/\/www.the-travel-bunny.com\/ro\/despre-travel-bunny\/mirela-letailleur\/\" class=\"rank-math-link\">Mai multe despre Mirela Letailleur<\/a><\/p>\n<\/div><\/div>\n\n\n<div class=\"wp-block-scriptless-social-sharing-buttons\"><div class=\"scriptlesssocialsharing\"><div class=\"scriptlesssocialsharing__buttons no-icons\"><a class=\"button facebook\" target=\"_blank\" href=\"https:\/\/www.facebook.com\/sharer\/sharer.php?u=https%3A%2F%2Fwww.the-travel-bunny.com%2Fro%2Fdin-piata-in-piata-in-roma-vacanta%2F\" rel=\"noopener noreferrer nofollow\"><span class=\"sss-name\"><span class=\"screen-reader-text\">Share on <\/span>Facebook<\/span><\/a><a class=\"button twitter\" target=\"_blank\" href=\"https:\/\/twitter.com\/intent\/tweet?text=Din%20pia%C8%9B%C4%83%20%C3%AEn%20pia%C8%9B%C4%83%20%C3%AEn%20Roma%3A%20itinerariu%20cele%20mai%20frumoase%20pie%C8%9Be%20din%20capitala%20Italiei&#038;url=https%3A%2F%2Fwww.the-travel-bunny.com%2Fro%2Fdin-piata-in-piata-in-roma-vacanta%2F&#038;via=mirela_iepurela&#038;related=mirela_iepurela\" rel=\"noopener noreferrer nofollow\"><span class=\"sss-name\"><span class=\"screen-reader-text\">Share on <\/span>X (Twitter)<\/span><\/a><a class=\"button pinterest\" target=\"_blank\" href=\"https:\/\/pinterest.com\/pin\/create\/button\/?url=https%3A%2F%2Fwww.the-travel-bunny.com%2Fro%2Fdin-piata-in-piata-in-roma-vacanta%2F&#038;media=https%3A%2F%2Fwww.the-travel-bunny.com%2Fro%2Fwp-content%2Fuploads%2Fsites%2F2%2F2021%2F05%2Fpiata-in-roma-italia.jpg&#038;description=Din%20pia%C8%9B%C4%83%20%C3%AEn%20pia%C8%9B%C4%83%20%C3%AEn%20Roma%3A%20itinerariu%20cele%20mai%20frumoase%20pie%C8%9Be%20din%20capitala%20Italiei\" rel=\"noopener noreferrer nofollow\" data-pin-no-hover=\"true\" data-pin-custom=\"true\" data-pin-do=\"skip\" data-pin-description=\"Din pia\u021b\u0103 \u00een pia\u021b\u0103 \u00een Roma: itinerariu cele mai frumoase pie\u021be din capitala Italiei\"><span class=\"sss-name\"><span class=\"screen-reader-text\">Share on <\/span>Pinterest<\/span><\/a><a class=\"button whatsapp\" target=\"_blank\" href=\"https:\/\/api.whatsapp.com\/send?text=Din%20pia%C8%9B%C4%83%20%C3%AEn%20pia%C8%9B%C4%83%20%C3%AEn%20Roma%3A%20itinerariu%20cele%20mai%20frumoase%20pie%C8%9Be%20din%20capitala%20Italiei%20%E2%80%94%20https%3A%2F%2Fwww.the-travel-bunny.com%2Fro%2Fdin-piata-in-piata-in-roma-vacanta%2F\" rel=\"noopener noreferrer nofollow\"><span class=\"sss-name\"><span class=\"screen-reader-text\">Share on <\/span>WhatsApp<\/span><\/a><a class=\"button email\" href=\"mailto:?body=Am%20citit%20acest%20articol%20de%20vacan%C8%9B%C4%83%20%C8%99i%20m-am%20g%C3%A2ndit%20la%20tine.%20Iat%C4%83%20%C8%99i%20link-ul%3A%20https%3A%2F%2Fwww.the-travel-bunny.com%2Fro%2Fdin-piata-in-piata-in-roma-vacanta%2F&#038;subject=Promit%20c%C4%83%20o%20s%C4%83%20%C3%AE%C8%9Bi%20plac%C4%83%3A%20Din%20pia%C8%9B%C4%83%20%C3%AEn%20pia%C8%9B%C4%83%20%C3%AEn%20Roma%3A%20itinerariu%20cele%20mai%20frumoase%20pie%C8%9Be%20din%20capitala%20Italiei\" rel=\"noopener noreferrer nofollow\" ><span class=\"sss-name\"><span class=\"screen-reader-text\">Share on <\/span>Email<\/span><\/a><\/div><\/div><\/div>\n\n\n<p class=\"has-small-font-size\"><strong>Mai multe <a href=\"https:\/\/www.the-travel-bunny.com\/ro\/locuri-de-vazut-in-roma-vacanta\/\">de v\u0103zut<\/a> \u00een Roma<\/strong><br><a class=\"rank-math-link\" href=\"https:\/\/www.the-travel-bunny.com\/ro\/vacanta-la-roma-colosseum-forum-roman\/\">Colosseumul, Forumul Roman &amp; Dealul Palatin<\/a><br><a class=\"rank-math-link\" href=\"https:\/\/www.the-travel-bunny.com\/ro\/din-vatican-in-trastevere-pe-jos-roma\/\">Plimbare din Vatican \u00een Trastevere pe jos<\/a><br><a class=\"rank-math-link\" href=\"https:\/\/www.the-travel-bunny.com\/ro\/centrul-istoric-al-romei-vacanta-roma\/\">Obiective turistice din centrul istoric al Romei<\/a><\/p>\n","protected":false},"excerpt":{"rendered":"<p>Roma este un ora\u0219 bogat \u00een cultur\u0103 \u0219i istorie, iar pie\u021bele sale minunate sunt expresia ideal\u0103 a acestei ambian\u021be pline de via\u021b\u0103. Fiecare pia\u021b\u0103, de la celebra Piazza di Spagna la pitoreasca Piazza di San Silvestro, are propriul farmec si o personalitate aparte. Pie\u021bele din Roma trebuie explorate, indiferent dac\u0103 e\u0219ti un pasionat(\u0103) de istorie \u0219i cultur\u0103 sau \u00ee\u021bi dore\u0219ti s\u0103 vezi adev\u0103rata Roma. Al\u0103tur\u0103-ni-te \u00een timp ce explor\u0103m minunile pie\u021belor frumoase ale Romei \u0219i afl\u0103 de ce joac\u0103 un rol at\u00e2t de important \u00een istoria bogat\u0103 a ora\u0219ului. Ne-am \u00eenceput diminea\u021ba departe de centrul Capitalei Italiei. Am luat metroul &#8230; <\/p>\n<p class=\"read-more-container\"><a title=\"Din pia\u021b\u0103 \u00een pia\u021b\u0103 \u00een Roma: itinerariu cele mai frumoase pie\u021be din capitala Italiei\" class=\"read-more button\" href=\"https:\/\/www.the-travel-bunny.com\/ro\/din-piata-in-piata-in-roma-vacanta\/#more-724\" aria-label=\"Cite\u0219te mai multe despre Din pia\u021b\u0103 \u00een pia\u021b\u0103 \u00een Roma: itinerariu cele mai frumoase pie\u021be din capitala Italiei\">Read more<\/a><\/p>\n","protected":false},"author":190,"featured_media":725,"comment_status":"closed","ping_status":"closed","sticky":false,"template":"","format":"standard","meta":{"footnotes":""},"categories":[34],"tags":[69,61],"class_list":["post-724","post","type-post","status-publish","format-standard","has-post-thumbnail","hentry","category-italia","tag-roma","tag-vacanta-la-roma","resize-featured-image"],"_links":{"self":[{"href":"https:\/\/www.the-travel-bunny.com\/ro\/wp-json\/wp\/v2\/posts\/724","targetHints":{"allow":["GET"]}}],"collection":[{"href":"https:\/\/www.the-travel-bunny.com\/ro\/wp-json\/wp\/v2\/posts"}],"about":[{"href":"https:\/\/www.the-travel-bunny.com\/ro\/wp-json\/wp\/v2\/types\/post"}],"author":[{"embeddable":true,"href":"https:\/\/www.the-travel-bunny.com\/ro\/wp-json\/wp\/v2\/users\/190"}],"replies":[{"embeddable":true,"href":"https:\/\/www.the-travel-bunny.com\/ro\/wp-json\/wp\/v2\/comments?post=724"}],"version-history":[{"count":6,"href":"https:\/\/www.the-travel-bunny.com\/ro\/wp-json\/wp\/v2\/posts\/724\/revisions"}],"predecessor-version":[{"id":10705,"href":"https:\/\/www.the-travel-bunny.com\/ro\/wp-json\/wp\/v2\/posts\/724\/revisions\/10705"}],"wp:featuredmedia":[{"embeddable":true,"href":"https:\/\/www.the-travel-bunny.com\/ro\/wp-json\/wp\/v2\/media\/725"}],"wp:attachment":[{"href":"https:\/\/www.the-travel-bunny.com\/ro\/wp-json\/wp\/v2\/media?parent=724"}],"wp:term":[{"taxonomy":"category","embeddable":true,"href":"https:\/\/www.the-travel-bunny.com\/ro\/wp-json\/wp\/v2\/categories?post=724"},{"taxonomy":"post_tag","embeddable":true,"href":"https:\/\/www.the-travel-bunny.com\/ro\/wp-json\/wp\/v2\/tags?post=724"}],"curies":[{"name":"wp","href":"https:\/\/api.w.org\/{rel}","templated":true}]}}