{"id":832,"date":"2018-12-06T13:41:01","date_gmt":"2018-12-06T13:41:01","guid":{"rendered":"https:\/\/the-travel-bunny-com.lyricalstaging.com\/ro\/?p=832"},"modified":"2026-03-27T11:37:42","modified_gmt":"2026-03-27T11:37:42","slug":"obiceiuri-de-craciun-din-europa","status":"publish","type":"post","link":"https:\/\/www.the-travel-bunny.com\/ro\/obiceiuri-de-craciun-din-europa\/","title":{"rendered":"Tradi\u021bii \u0219i obiceiuri de Cr\u0103ciun din Europa"},"content":{"rendered":"\n<div class=\"wp-block-columns is-layout-flex wp-container-core-columns-is-layout-9d6595d7 wp-block-columns-is-layout-flex\">\n<div class=\"wp-block-column is-vertically-aligned-center is-layout-flow wp-block-column-is-layout-flow\">\n<p>Este doar \u00eenceputul lunii decembrie, dar preg\u0103tirile pentru Cr\u0103ciun au \u00eenceput deja peste tot \u00een lume. Cele mai importante bulevarde din ora\u0219ele noastre str\u0103lucesc sub lumini\u021be de Cr\u0103ciun sclipitoare, pie\u021bele de Cr\u0103ciun sunt deschise, magazinele c\u00e2nt\u0103 colinde de Cr\u0103ciun, iar oamenii caut\u0103 deja bradul perfect de decorat acas\u0103.<\/p>\n\n\n\n<p>De\u0219i to\u021bi s\u0103rb\u0103torim aceea\u0219i s\u0103rb\u0103toare, diferitele <strong>tradi\u021bii \u0219i obiceiuri de Cr\u0103ciun din Europa<\/strong> fac ca fiecare s\u0103rb\u0103toare s\u0103 fie special\u0103 \u00een felul ei.<\/p>\n\n\n\n<p>Este momentul perfect pentru a intra \u00een spiritul s\u0103rb\u0103torilor, a\u0219a c\u0103 v\u0103 invit s\u0103 v\u0103 al\u0103tura\u021bi unui tur virtual pentru a descoperi toate <strong>tradi\u021biile de Cr\u0103ciun din Europa<\/strong>!<\/p>\n<\/div>\n\n\n\n<div class=\"wp-block-column is-vertically-aligned-center is-layout-flow wp-block-column-is-layout-flow\">\n<div class=\"wp-block-rank-math-toc-block\" id=\"rank-math-toc\"><h2>Tradi\u021biile de Cr\u0103ciun \u00een Europa<\/h2><nav><ul><li class=\"\"><a href=\"#faq-question-1671185801053\">C\u00e2nd se s\u0103rb\u0103tore\u0219te Cr\u0103ciunul \u00een Europa?<\/a><\/li><li class=\"\"><a href=\"#faq-question-1671186122000\">Care sunt obiceiurile \u0219i tradi\u021biile de Advent \u00een Europa?<\/a><\/li><li class=\"\"><a href=\"#when-is-the-christmas-tree-decorated-in-europe\">C\u00e2nd se \u00eempodobe\u0219te bradul de Cr\u0103ciun \u00een Europa?<\/a><\/li><li class=\"\"><a href=\"#is-santa-the-same-all-over-europe\">Este Mo\u0219 Cr\u0103ciun la fel \u00een toat\u0103 Europa?<\/a><\/li><li class=\"\"><a href=\"#faq-question-1671187696340\">Cu cine \u00ee\u0219i petrec europenii s\u0103rb\u0103torile de Cr\u0103ciun?<\/a><\/li><li class=\"\"><a href=\"#what-are-christmas-feasts-like-in-europe\">Cum sunt mesele de Cr\u0103ciun \u00een Europa?<\/a><\/li><li class=\"\"><a href=\"#special-christmas-customs-and-traditions-in-europe\">Obiceiuri \u0219i tradi\u021bii speciale de Cr\u0103ciun \u00een Europa<\/a><\/li><li class=\"\"><a href=\"#sarbatorirea-tradi\u021biilor-culturale-importan\u021ba-pastrarii-mo\u0219tenirii-noastre-in-perioada-craciunului\">S\u0103rb\u0103torirea tradi\u021biilor culturale: Importan\u021ba p\u0103str\u0103rii mo\u0219tenirii noastre \u00een perioada Cr\u0103ciunului<\/a><\/li><li class=\"\"><a href=\"#special-thanks\">Obiceiuri de Cr\u0103ciun din Europa<\/a><\/li><li class=\"\"><a href=\"#about-the-author\">Despre autor<\/a><\/li><\/ul><\/nav><\/div>\n<\/div>\n<\/div>\n\n\n\n<hr class=\"wp-block-separator has-css-opacity is-style-wide\"\/>\n\n\n\n<figure class=\"wp-block-image size-full\"><img loading=\"lazy\" decoding=\"async\" width=\"792\" height=\"294\" src=\"https:\/\/www.the-travel-bunny.com\/ro\/wp-content\/uploads\/sites\/2\/2021\/05\/cum-se-sarbatoreste-craciunul-in-europa.jpg\" alt=\"cum se sarbatoreste craciunul in europa\" class=\"wp-image-834\" title=\"\" srcset=\"https:\/\/www.the-travel-bunny.com\/ro\/wp-content\/uploads\/sites\/2\/2021\/05\/cum-se-sarbatoreste-craciunul-in-europa.jpg 792w, https:\/\/www.the-travel-bunny.com\/ro\/wp-content\/uploads\/sites\/2\/2021\/05\/cum-se-sarbatoreste-craciunul-in-europa-300x111.jpg 300w, https:\/\/www.the-travel-bunny.com\/ro\/wp-content\/uploads\/sites\/2\/2021\/05\/cum-se-sarbatoreste-craciunul-in-europa-768x285.jpg 768w\" sizes=\"auto, (max-width: 792px) 100vw, 792px\" \/><figcaption class=\"wp-element-caption\"><em>Tradi\u021biile europene de Cr\u0103ciun legate de ziua de Cr\u0103ciun<\/em><\/figcaption><\/figure>\n\n\n<div id=\"rank-math-faq\" class=\"rank-math-block\">\n<div class=\"rank-math-list \">\n<div id=\"faq-question-1671185801053\" class=\"rank-math-list-item\">\n<h2 class=\"rank-math-question \">C\u00e2nd se s\u0103rb\u0103tore\u0219te Cr\u0103ciunul \u00een Europa?<\/h2>\n<div class=\"rank-math-answer \">\n\n<p>Crezi sau nu, nu s\u0103rb\u0103torim to\u021bi Cr\u0103ciunul \u00een aceea\u0219i zi \u00een Europa. Pentru cei mai mul\u021bi dintre noi, Cr\u0103ciunul este pe <strong>25 decembrie, conform calendarului gregorian<\/strong>, folosit de Bisericile Catolice \u0219i unele Biserici Ortodoxe.<\/p>\n<p>Cu toate acestea, \u021b\u0103ri precum Rusia, Armenia, Georgia, Macedonia de Nord, Muntenegru, Serbia \u0219i Kosovo s\u0103rb\u0103toresc Cr\u0103ciunul pe 7 ianuarie, conform calendarului iulian, folosit de multe Biserici Ortodoxe.<\/p>\n<p>Unele \u021b\u0103ri s\u0103rb\u0103toresc Cr\u0103ciunul \u00een ambele date, cum ar fi Belarus, Ucraina, Republica Moldova \u0219i Bosnia \u0219i Her\u021begovina.<\/p>\n<p>\u0218i dac\u0103 nici m\u0103car nu ne putem decide asupra aceleia\u0219i date, po\u021bi \u00eencepe s\u0103-\u021bi imaginezi c\u00e2t de diferite sunt obiceiurile \u0219i tradi\u021biile de Cr\u0103ciun din Europa!<\/p>\n\n<\/div>\n<\/div>\n<\/div>\n<\/div>\n\n\n<hr class=\"wp-block-separator has-css-opacity is-style-wide\"\/>\n\n\n\n<figure class=\"wp-block-image size-full\"><img loading=\"lazy\" decoding=\"async\" width=\"792\" height=\"294\" src=\"https:\/\/www.the-travel-bunny.com\/ro\/wp-content\/uploads\/sites\/2\/2021\/05\/calendar-de-craciun-in-europa.jpg\" alt=\"calendar de craciun in europa\" class=\"wp-image-835\" title=\"\" srcset=\"https:\/\/www.the-travel-bunny.com\/ro\/wp-content\/uploads\/sites\/2\/2021\/05\/calendar-de-craciun-in-europa.jpg 792w, https:\/\/www.the-travel-bunny.com\/ro\/wp-content\/uploads\/sites\/2\/2021\/05\/calendar-de-craciun-in-europa-300x111.jpg 300w, https:\/\/www.the-travel-bunny.com\/ro\/wp-content\/uploads\/sites\/2\/2021\/05\/calendar-de-craciun-in-europa-768x285.jpg 768w\" sizes=\"auto, (max-width: 792px) 100vw, 792px\" \/><figcaption class=\"wp-element-caption\"><em>Obiceiuri \u0219i tradi\u021bii de Advent \u00een Europa<\/em><\/figcaption><\/figure>\n\n\n<div id=\"rank-math-faq\" class=\"rank-math-block\">\n<div class=\"rank-math-list \">\n<div id=\"faq-question-1671186122000\" class=\"rank-math-list-item\">\n<h2 class=\"rank-math-question \">Care sunt obiceiurile \u0219i tradi\u021biile de Advent \u00een Europa?<\/h2>\n<div class=\"rank-math-answer \">\n\n<p><strong>Calendarele de Advent din h\u00e2rtie<\/strong> cu mici delicii sunt cele mai populare \u0219i cele mai u\u0219or de cump\u0103rat sau de f\u0103cut acas\u0103. Cu toate acestea, multe familii din Austria, Belgia \u0219i Danemarca prefer\u0103 frumoasele <strong>coroni\u021be de Advent<\/strong>. Acestea sunt f\u0103cute din crengi de brad, decorate cu panglici sau alte ornamente de Cr\u0103ciun \u0219i patru lum\u00e2n\u0103ri. \u00cen fiecare duminic\u0103 din Advent, se aprinde o lum\u00e2nare, iar membrii familiei c\u00e2nt\u0103 c\u00e2teva colinde cu aceast\u0103 ocazie.<\/p>\n<p>\u00cen Croa\u021bia, lum\u00e2n\u0103rile de pe coroni\u021ba de Advent au culori diferite (mov \u0219i roz) \u0219i semnifica\u021bii diferite (speran\u021b\u0103, pace, bucurie \u0219i iubire). Ca parte a tradi\u021biilor de Cr\u0103ciun din Germania, ei numesc coroni\u021ba de Advent <em><strong>Adventskranz<\/strong><\/em>. O pun de obicei pe \u0219emineele frumoase, create de companiile germane de rafturi.<\/p>\n<p>\u0218i, \u00een unele sate din Elve\u021bia, exist\u0103 un <strong>calendar de Advent \u00een care \u00een fiecare zi este o cas\u0103 diferit\u0103 din ora\u0219<\/strong>. C\u00e2nd \u00eei vine r\u00e2ndul, persoana respectiv\u0103 g\u0103zduie\u0219te o petrecere pentru to\u021bi s\u0103tenii.<\/p>\n\n<\/div>\n<\/div>\n<\/div>\n<\/div>\n\n\n<hr class=\"wp-block-separator has-css-opacity is-style-wide\"\/>\n\n\n\n<figure class=\"wp-block-image size-full\"><img loading=\"lazy\" decoding=\"async\" width=\"792\" height=\"294\" src=\"https:\/\/www.the-travel-bunny.com\/ro\/wp-content\/uploads\/sites\/2\/2021\/05\/pomul-de-craciun-in-europa.jpg\" alt=\"pomul de craciun in europa\" class=\"wp-image-836\" title=\"\" srcset=\"https:\/\/www.the-travel-bunny.com\/ro\/wp-content\/uploads\/sites\/2\/2021\/05\/pomul-de-craciun-in-europa.jpg 792w, https:\/\/www.the-travel-bunny.com\/ro\/wp-content\/uploads\/sites\/2\/2021\/05\/pomul-de-craciun-in-europa-300x111.jpg 300w, https:\/\/www.the-travel-bunny.com\/ro\/wp-content\/uploads\/sites\/2\/2021\/05\/pomul-de-craciun-in-europa-768x285.jpg 768w\" sizes=\"auto, (max-width: 792px) 100vw, 792px\" \/><figcaption class=\"wp-element-caption\"><em>Obiceiuri \u0219i tradi\u021bii europene de iarn\u0103: bradul de Cr\u0103ciun<\/em><\/figcaption><\/figure>\n\n\n\n<h2 class=\"wp-block-heading\" id=\"when-is-the-christmas-tree-decorated-in-europe\">C\u00e2nd se \u00eempodobe\u0219te bradul de Cr\u0103ciun \u00een Europa?<\/h2>\n\n\n\n<p>Mul\u021bi oameni intr\u0103 \u00een spiritul s\u0103rb\u0103torilor devreme \u0219i \u00eencep s\u0103 decoreze bradul chiar de la \u00eenceputul lunii decembrie. Cu toate acestea, exist\u0103 al\u021bii, cum ar fi croa\u021bii, care aleg s\u0103-l \u00eempodobeasc\u0103 <strong>de Sf\u00e2ntul Nicolae<\/strong>, deoarece aceasta nu face parte din obiceiurile \u0219i tradi\u021biile lor locale de Cr\u0103ciun.<\/p>\n\n\n\n<p>Cei mai r\u0103bd\u0103tori sunt locuitorii din Austria, Germania, Ungaria, Polonia \u0219i Finlanda. Ei a\u0219teapt\u0103 s\u0103 \u00eempodobeasc\u0103 bradul <strong>\u00een Ajunul Cr\u0103ciunului.<\/strong><\/p>\n\n\n\n<div style=\"height:10px\" aria-hidden=\"true\" class=\"wp-block-spacer\"><\/div>\n\n\n<div id=\"rank-math-faq\" class=\"rank-math-block\">\n<div class=\"rank-math-list \">\n<div id=\"faq-question-1671186336343\" class=\"rank-math-list-item\">\n<h3 class=\"rank-math-question \">To\u021bi brazii de Cr\u0103ciun sunt la fel \u00een Europa?<\/h3>\n<div class=\"rank-math-answer \">\n\n<p>Cei mai mul\u021bi dintre noi avem un <strong>brad de Cr\u0103ciun ve\u0219nic verde<\/strong>, pe care \u00eel decor\u0103m cu lum\u00e2n\u0103ri electrice \u0219i\/sau ghirlande, globuri str\u0103lucitoare \u0219i\/sau sclipitoare, ornamente de diferite forme \u0219i o stea \u00een v\u00e2rf. Dac\u0103 familia are copii, vei vedea \u0219i dulciuri \u00een brad, ca o recompens\u0103 pentru cei mici (\u0219i nu numai!). De\u0219i acesta face parte din obiceiurile \u0219i tradi\u021biile de Cr\u0103ciun r\u0103sp\u00e2ndite, bradul nu este \u00eentotdeauna acela\u0219i.<\/p>\n<p>Georgienii au <strong><em>Chichilaki<\/em>, un alt tip de brad de Cr\u0103ciun<\/strong>. Nu este unul ve\u0219nic verde, ci este f\u0103cut din lemn uscat \u0219i ras \u00een f\u00e2\u0219ii ondulate pentru a sem\u0103na cu un mic copac. <em>Chichilaki<\/em> este decorat cu fructe mici \u0219i dulciuri.<\/p>\n\n<\/div>\n<\/div>\n<\/div>\n<\/div>\n\n\n<hr class=\"wp-block-separator has-css-opacity is-style-dots\"\/>\n\n\n<div id=\"rank-math-faq\" class=\"rank-math-block\">\n<div class=\"rank-math-list \">\n<div id=\"faq-question-1671186366333\" class=\"rank-math-list-item\">\n<h3 class=\"rank-math-question \">Ce ornamente de Cr\u0103ciun prefer\u0103 europenii?<\/h3>\n<div class=\"rank-math-answer \">\n\n<p>Croa\u021bii prefer\u0103 <strong>ornamentele \u00een form\u0103 de fructe<\/strong>. Asta pentru c\u0103 \u00een trecut obi\u0219nuiau s\u0103 at\u00e2rne fructe reale sau confiate \u00een brazii lor de Cr\u0103ciun.<\/p>\n<p>Se pare c\u0103 exist\u0103 o preferin\u021b\u0103 pentru ornamentele din h\u00e2rtie \u00een unele \u021b\u0103ri. \u00cen Lituania, folosesc ornamente de diferite <strong>forme geometrice<\/strong>, realizate din paie albe din h\u00e2rtie. Norvegienii au mici <strong>co\u0219uri \u00een form\u0103 de inim\u0103<\/strong> \u021besute din f\u00e2\u0219ii de h\u00e2rtie. \u0218i, \u00eentr-o not\u0103 pu\u021bin mai ciudat\u0103, avem <strong>p\u00e2nzele de p\u0103ianjen false<\/strong> folosite de ucraineni \u0219i polonezi pentru a-\u0219i decora brazii de Cr\u0103ciun.<\/p>\n<p>Suedezii \u00ee\u0219i \u00eengrijesc cu aten\u021bie brazii de Cr\u0103ciun \u0219i pun <strong>capre din paie<\/strong> pentru a-i proteja. Iar oamenii din Islanda \u00ee\u0219i folosesc <strong>drapelul na\u021bional<\/strong> ca decora\u021biune, f\u0103c\u00e2nd din m\u00e2ndria na\u021bional\u0103 o parte din obiceiurile \u0219i tradi\u021biile lor de Cr\u0103ciun.<\/p>\n\n<\/div>\n<\/div>\n<\/div>\n<\/div>\n\n\n<hr class=\"wp-block-separator has-alpha-channel-opacity is-style-dots\"\/>\n\n\n<div id=\"rank-math-faq\" class=\"rank-math-block\">\n<div class=\"rank-math-list \">\n<div id=\"faq-question-1671186460808\" class=\"rank-math-list-item\">\n<h3 class=\"rank-math-question \">De ce sunt p\u00e2nzele de p\u0103ianjen o decora\u021biune popular\u0103 de Cr\u0103ciun \u00een Polonia?<\/h3>\n<div class=\"rank-math-answer \">\n\n<p>P\u00e2nzele de p\u0103ianjen false, albe, sunt folosite tradi\u021bional pentru a decora brazii de Cr\u0103ciun \u00een Polonia, \u00een perioada s\u0103rb\u0103torilor de iarn\u0103. Se crede c\u0103 aceast\u0103 tradi\u021bie polonez\u0103 a \u00eenceput \u00een regiunea Silezia, unde <strong>p\u0103ianjenii sunt considera\u021bi un semn de noroc, succes \u0219i bog\u0103\u021bie<\/strong>.<\/p>\n\n<\/div>\n<\/div>\n<\/div>\n<\/div>\n\n\n<hr class=\"wp-block-separator has-css-opacity is-style-wide\"\/>\n\n\n\n<figure class=\"wp-block-image size-full\"><img loading=\"lazy\" decoding=\"async\" width=\"792\" height=\"294\" src=\"https:\/\/www.the-travel-bunny.com\/ro\/wp-content\/uploads\/sites\/2\/2021\/05\/mos-craciun-in-europa.jpg\" alt=\"mos craciun in europa\" class=\"wp-image-837\" title=\"\" srcset=\"https:\/\/www.the-travel-bunny.com\/ro\/wp-content\/uploads\/sites\/2\/2021\/05\/mos-craciun-in-europa.jpg 792w, https:\/\/www.the-travel-bunny.com\/ro\/wp-content\/uploads\/sites\/2\/2021\/05\/mos-craciun-in-europa-300x111.jpg 300w, https:\/\/www.the-travel-bunny.com\/ro\/wp-content\/uploads\/sites\/2\/2021\/05\/mos-craciun-in-europa-768x285.jpg 768w\" sizes=\"auto, (max-width: 792px) 100vw, 792px\" \/><figcaption class=\"wp-element-caption\"><em>Tradi\u021biile \u0219i obiceiurile de iarn\u0103 din Europa: Mo\u0219 Cr\u0103ciun<\/em><\/figcaption><\/figure>\n\n\n\n<h2 class=\"wp-block-heading\" id=\"is-santa-the-same-all-over-europe\">Este Mo\u0219 Cr\u0103ciun la fel \u00een toat\u0103 Europa?<\/h2>\n\n\n\n<p>C\u00e2nd spunem <em>Mo\u0219 Cr\u0103ciun<\/em>, ne g\u00e2ndim de obicei la cineva care seam\u0103n\u0103 cu cel din reclamele de Cr\u0103ciun ale Coca-Cola. Cu toate acestea, \u00een unele \u021b\u0103ri, Mo\u0219 Cr\u0103ciun poate s\u0103 nu fie at\u00e2t de b\u0103tr\u00e2n sau chiar at\u00e2t de prietenos, conform vechilor obiceiuri \u0219i tradi\u021bii de Cr\u0103ciun.<\/p>\n\n\n\n<p>Conform obiceiurilor \u0219i tradi\u021biilor germane \u0219i austriece, exist\u0103 <strong><em>Christkind<\/em><\/strong>, care este un bebelu\u0219 cu p\u0103r auriu frumos \u0219i aripi, simboliz\u00e2ndu-l pe pruncul Iisus. Tot pruncul Iisus aduce cadouri copiilor din Republica Ceh\u0103, unde este numit <strong><em>Je\u017e\u00ed\u0161ek<\/em><\/strong>, \u0219i celor din Slovacia, unde este numit <em><strong>Je\u017e\u00ed\u0161ko<\/strong><\/em>.<\/p>\n\n\n\n<p>Ciprio\u021bii au <strong><em>Ai-Vasilis<\/em><\/strong>, iar grecii au <em><strong>Aghios Vassilis<\/strong><\/em>. Am\u00e2ndoi sunt acela\u0219i Sf\u00e2nt Vasile, care viziteaz\u0103 copiii \u00een noaptea de Anul Nou. Ca \u0219i Mo\u0219 Cr\u0103ciun, ajunge epuizat, se bucur\u0103 de bun\u0103t\u0103\u021bile l\u0103sate sub bradul de Cr\u0103ciun \u0219i las\u0103 cadouri sub el.<\/p>\n\n\n\n<p>Exist\u0103 \u0219i <em><strong>Tovlis Papa sau Tovlis Babua<\/strong><\/em> (<em>Bunicul Z\u0103pezii<\/em>) al georgienilor, care aduce daruri \u00een noaptea de Anul Nou. Este \u00eembr\u0103cat \u00eentr-o mantie groas\u0103 din l\u00e2n\u0103 alb\u0103 de oaie, similar\u0103 cu cea purtat\u0103 de p\u0103storii georgieni, dar de o alt\u0103 culoare. Iar spaniolii din \u021aara Bascilor au <strong><em>Olentzero<\/em><\/strong>, un b\u0103rbat mare \u0219i \u00eendesat, \u00eembr\u0103cat ca un fermier basc \u0219i care fumeaz\u0103 o pip\u0103.<\/p>\n\n\n\n<p>O alt\u0103 variant\u0103 a lui Mo\u0219 Cr\u0103ciun este <em><strong>Julemanden<\/strong><\/em> din Danemarca. El aduce cadouri \u0219i are o sanie, reni \u0219i elfi. Are doar un alt nume, care \u00eenseamn\u0103 <em>Omul Cr\u0103ciunului<\/em>. Acela\u0219i lucru este valabil \u0219i pentru <em><strong>T\u00e9lap\u00f3<\/strong><\/em> (<em>Mo\u0219 Iarna<\/em>) din Ungaria, <em><strong>Ziemassv\u0113tku vec\u012btis<\/strong><\/em> din Letonia, <strong><em>Julenissen<\/em><\/strong> din Norvegia, <strong><em>Pai Natal<\/em><\/strong> din Portugalia \u0219i <strong><em>Babbo Natale<\/em><\/strong> din Italia.<\/p>\n\n\n\n<p>Dar italienii au \u0219i <em><strong>Befana<\/strong><\/em>, o b\u0103tr\u00e2n\u0103 care aduce cadouri \u00een noaptea de Boboteaz\u0103. Ea este principalul aduc\u0103tor de daruri \u00een Italia.<\/p>\n\n\n\n<div style=\"height:10px\" aria-hidden=\"true\" class=\"wp-block-spacer\"><\/div>\n\n\n<div id=\"rank-math-faq\" class=\"rank-math-block\">\n<div class=\"rank-math-list \">\n<div id=\"faq-question-1671187088123\" class=\"rank-math-list-item\">\n<h3 class=\"rank-math-question \">Mo\u0219 Cr\u0103ciun este acela\u0219i cu Sf\u00e2ntul Nicolae?<\/h3>\n<div class=\"rank-math-answer \">\n\n<p>\u00cen unele locuri, este. Pentru copiii din Luxemburg, Belgia \u0219i Republica Ceh\u0103, principalul aduc\u0103tor de daruri este <em><strong>Sinterklass<\/strong><\/em><strong><em> \/ Svat\u00fd Mikul\u00e1\u0161<\/em><\/strong> (Sf\u00e2ntul Nicolae), care aduce cadouri pe 6 decembrie, deoarece Cr\u0103ciunul este o s\u0103rb\u0103toare religioas\u0103 acolo. Copiii \u00ee\u0219i cur\u0103\u021b\u0103 pantofii \u0219i las\u0103 ceva pentru <em>Sinterklaas<\/em> (de exemplu, desene, poezii, dulciuri) \u00een seara de 5 decembrie. \u00cen diminea\u021ba urm\u0103toare, dac\u0103 au fost cumin\u021bi \u00een acel an, pantofii lor sunt umplu\u021bi cu dulciuri \u0219i mici cadouri.<\/p>\n<p>\u00cen unele \u021b\u0103ri, Sf\u00e2ntul Nicolae \u00eei place s\u0103 joace rolul de bun\/poli\u021bist r\u0103u. El aduce un asistent (<em>Krampus<\/em> \u00een Austria \u0219i Croa\u021bia, <em>Zwarte Piet<\/em> \u00een Belgia \u0219i Olanda, <em>Schwarzer Peter<\/em> \u00een Germania). Acesta \u00eel ajut\u0103 uneori s\u0103 livreze cadourile conform instruc\u021biunilor Sf\u00e2ntului Nicolae, dar principalul s\u0103u rol este s\u0103 pedepseasc\u0103 copiii r\u0103i. O face fie l\u0103s\u00e2nd un c\u0103rbune \u00een loc de cadou, fie\u2026 r\u0103pindu-i pe copii \u00eentr-un sac \u0219i duc\u00e2ndu-i \u00een Spania!<\/p>\n<p>\u00cen Republica Ceh\u0103, Sf\u00e2ntul Nicolae este ajutat de \u00eengeri, \u00een timp ce pedepsirea este f\u0103cut\u0103 de demoni.<\/p>\n<p>Oamenii s\u0103rb\u0103toresc cu cadouri at\u00e2t de ziua Sf\u00e2ntului Nicolae, c\u00e2t \u0219i \u00een Ajunul Cr\u0103ciunului, conform obiceiurilor \u0219i tradi\u021biilor din Rom\u00e2nia, Cipru, Germania, Olanda, Elve\u021bia \u0219i Slovacia.<\/p>\n\n<\/div>\n<\/div>\n<\/div>\n<\/div>\n\n\n<hr class=\"wp-block-separator has-alpha-channel-opacity is-style-dots\"\/>\n\n\n<div id=\"rank-math-faq\" class=\"rank-math-block\">\n<div class=\"rank-math-list \">\n<div id=\"faq-question-1671187136502\" class=\"rank-math-list-item\">\n<h3 class=\"rank-math-question \">Mo\u0219 Cr\u0103ciun este cunoscut ca <em>Pai Natal<\/em> \u00een ce \u021bar\u0103 european\u0103?<\/h3>\n<div class=\"rank-math-answer \">\n\n<p>\u00cen Portugalia, folosesc numele <em>Pai Natal<\/em> pentru Mo\u0219 Cr\u0103ciun, numit \u00een mod obi\u0219nuit Santa Claus. Ca \u0219i \u00een alte \u021b\u0103ri europene, Pai Natal este un personaj cunoscut \u00een perioada Cr\u0103ciunului, legat de obiceiul de a schimba daruri \u0219i de a aduce bucurie oamenilor. Copiii trimit adesea scrisori lui Pai Natal \u00een care \u00ee\u0219i exprim\u0103 dorin\u021bele, iar el aduce cadouri copiilor care au fost cumin\u021bi pe tot parcursul anului, \u00een Ajunul Cr\u0103ciunului.<\/p>\n\n<\/div>\n<\/div>\n<\/div>\n<\/div>\n\n\n<hr class=\"wp-block-separator has-alpha-channel-opacity is-style-dots\"\/>\n\n\n<div id=\"rank-math-faq\" class=\"rank-math-block\">\n<div class=\"rank-math-list \">\n<div id=\"faq-question-1671187477971\" class=\"rank-math-list-item\">\n<h3 class=\"rank-math-question \">Cine \u00eel ajut\u0103 pe Julemanden s\u0103 livreze cadouri?<\/h3>\n<div class=\"rank-math-answer \">\n\n<p>Conform legendelor de Cr\u0103ciun daneze, Julemanden este ajutat de un grup de asisten\u021bi numi\u021bi <em>nisser<\/em> (sau elfi) pentru a preg\u0103ti \u0219i livra cadouri copiilor \u00een Ajunul Cr\u0103ciunului. Conform anumitor legende, Julemanden c\u0103l\u0103tore\u0219te \u0219i cu un grup de reni pentru a distribui cadouri copiilor din \u00eentreaga lume. Ace\u0219ti asisten\u021bi sunt adesea prezenta\u021bi ca animale mici, \u0219trengare, cu urechi ascu\u021bite \u0219i c\u0103ciuli\u021be, \u0219i sunt cunoscu\u021bi pentru abilit\u0103\u021bile lor de a crea juc\u0103rii.<\/p>\n\n<\/div>\n<\/div>\n<\/div>\n<\/div>\n\n\n<hr class=\"wp-block-separator has-css-opacity is-style-wide\"\/>\n\n\n<div id=\"rank-math-faq\" class=\"rank-math-block\">\n<div class=\"rank-math-list \">\n<div id=\"faq-question-1671187696340\" class=\"rank-math-list-item\">\n<h2 class=\"rank-math-question \">Cu cine \u00ee\u0219i petrec europenii s\u0103rb\u0103torile de Cr\u0103ciun?<\/h2>\n<div class=\"rank-math-answer \">\n\n<p>Pentru cei mai mul\u021bi dintre noi, <strong>Cr\u0103ciunul este o s\u0103rb\u0103toare de familie<\/strong> \u0219i \u00eel vedem ca pe o oportunitate de a reuni tot \u201eclanul\u201d. Printre \u021b\u0103rile care s\u0103rb\u0103toresc Cr\u0103ciunul cu familia extins\u0103 se num\u0103r\u0103 <strong><a href=\"https:\/\/www.the-travel-bunny.com\/ro\/obiceiuri-de-craciun-din-europa\/\">Albania<\/a><\/strong>, Armenia, Croa\u021bia, Danemarca, Finlanda, Islanda, Luxemburg, Monaco \u0219i Regatul Unit.<\/p>\n<p>Conform tradi\u021biilor de Cr\u0103ciun din Olanda, Polonia \u0219i Belgia, oamenii \u00ee\u0219i petrec Ajunul Cr\u0103ciunului cu familia apropiat\u0103, iar ziua de Cr\u0103ciun vizit\u00e2nd rude \u00eendep\u0103rtate \u0219i prieteni.<\/p>\n\n<\/div>\n<\/div>\n<\/div>\n<\/div>\n\n\n<hr class=\"wp-block-separator has-css-opacity is-style-wide\"\/>\n\n\n\n<figure class=\"wp-block-image size-full\"><img loading=\"lazy\" decoding=\"async\" width=\"792\" height=\"294\" src=\"https:\/\/www.the-travel-bunny.com\/ro\/wp-content\/uploads\/sites\/2\/2021\/05\/masa-de-craciun-in-europa.jpg\" alt=\"masa de craciun in europa\" class=\"wp-image-838\" title=\"\" srcset=\"https:\/\/www.the-travel-bunny.com\/ro\/wp-content\/uploads\/sites\/2\/2021\/05\/masa-de-craciun-in-europa.jpg 792w, https:\/\/www.the-travel-bunny.com\/ro\/wp-content\/uploads\/sites\/2\/2021\/05\/masa-de-craciun-in-europa-300x111.jpg 300w, https:\/\/www.the-travel-bunny.com\/ro\/wp-content\/uploads\/sites\/2\/2021\/05\/masa-de-craciun-in-europa-768x285.jpg 768w\" sizes=\"auto, (max-width: 792px) 100vw, 792px\" \/><figcaption class=\"wp-element-caption\"><em>Tradi\u021bii de s\u0103rb\u0103tori \u00een Europa: cina de Cr\u0103ciun<\/em><\/figcaption><\/figure>\n\n\n\n<h2 class=\"wp-block-heading\" id=\"what-are-christmas-feasts-like-in-europe\">Cum sunt mesele de Cr\u0103ciun \u00een Europa?<\/h2>\n\n\n\n<p>\u00cen multe \u021b\u0103ri europene, oamenii prefer\u0103 s\u0103 aib\u0103 o mas\u0103 mai u\u0219oar\u0103 \u00een Ajunul Cr\u0103ciunului. Cu toate acestea, compenseaz\u0103 cu o cin\u0103 mai bogat\u0103 \u00een ziua de Cr\u0103ciun, unde se bucur\u0103 s\u0103 bea vin ro\u0219u \u0219i s\u0103 se \u00eenfrupte din carne de porc, curcan, g\u00e2sc\u0103 sau ra\u021b\u0103 la cuptor. Al\u0103turi de preparatele lor europene de Cr\u0103ciun, pot avea cartofi fier\u021bi sau cop\u021bi, varz\u0103 ro\u0219ie, sfecl\u0103 ro\u0219ie \u0219i poate pu\u021bin\u0103 dulcea\u021b\u0103 sau sos de afine, \u00een func\u021bie de obiceiurile \u0219i tradi\u021biile locale de Cr\u0103ciun.<\/p>\n\n\n\n<div style=\"height:10px\" aria-hidden=\"true\" class=\"wp-block-spacer\"><\/div>\n\n\n\n<h3 class=\"wp-block-heading\" id=\"some-prefer-a-light-christmas-eve-dinner\">Unii prefer\u0103 o cin\u0103 u\u0219oar\u0103 \u00een Ajunul Cr\u0103ciunului<\/h3>\n\n\n\n<p>Albanezii, de exemplu, au o mas\u0103 u\u0219oar\u0103 \u00een Ajunul Cr\u0103ciunului, f\u0103r\u0103 carne, lactate sau vin. Preparatele lor europene de Cr\u0103ciun sunt preg\u0103tite cu pe\u0219te, legume \u0219i fasole.<\/p>\n\n\n\n<p>Armenii au, de asemenea, o mas\u0103 u\u0219oar\u0103, cu preparate pe baz\u0103 de orez, pe\u0219te \u0219i n\u0103ut, plus <strong><em>supa tanabour<\/em><\/strong>. Supa <em>tanabour<\/em> este f\u0103cut\u0103 cu iaurt.<\/p>\n\n\n\n<hr class=\"wp-block-separator has-css-opacity is-style-dots\"\/>\n\n\n\n<h3 class=\"wp-block-heading\" id=\"others-enjoy-a-heavier-christmas-dinner\">Al\u021bii se bucur\u0103 de o cin\u0103 mai consistent\u0103 de Cr\u0103ciun<\/h3>\n\n\n\n<p>Exist\u0103, \u00eens\u0103, \u021b\u0103ri europene care au o mas\u0103 mai bogat\u0103 \u00een Ajunul Cr\u0103ciunului, cum ar fi Belgia, Fran\u021ba, Slovenia, Spania, Elve\u021bia, Suedia \u0219i Ucraina.<\/p>\n\n\n\n<p>De exemplu, conform tradi\u021biilor de Cr\u0103ciun din Belgia, oamenii au un <em>ap\u00e9ritif<\/em>, const\u00e2nd \u00eentr-o b\u0103utur\u0103 cu c\u00e2teva gust\u0103ri mici, urmat de un aperitiv \u0219i de curcan umplut, v\u00e2nat sau pui.<\/p>\n\n\n\n<p>Respect\u00e2nd tradi\u021biile franceze de Cr\u0103ciun, ace\u0219tia se bucur\u0103 de curcan sau g\u00e2sc\u0103 la cuptor, <em>foie gras<\/em>, multe tipuri de br\u00e2nz\u0103 \u0219i uneori stridii \u0219i homar. Vorbim de obiceiuri \u0219i tradi\u021bii europene de Cr\u0103ciun elegante!<\/p>\n\n\n\n<p>Cei din Spania se bucur\u0103 tradi\u021bional de o mas\u0103 cu <em><strong>pavo trufado de Navidad<\/strong><\/em> (curcan umplut cu trufe), de\u0219i recent par s\u0103 se orienteze din ce \u00een ce mai mult spre fructe de mare.<\/p>\n\n\n\n<p>\u00cen Suedia, pe l\u00e2ng\u0103 pe\u0219te, oamenii pot avea \u0219i <strong><em>c\u00e2rna\u021bi prinskorv<\/em><\/strong>, <strong><em>\u0219unc\u0103 julskinka<\/em><\/strong>, curcan, friptur\u0103 de vit\u0103, <strong><em>cartofi Janssons Frestelse<\/em><\/strong>, br\u00e2nzeturi, salate \u0219i mur\u0103turi. Cu toate acestea, cina lor de Cr\u0103ciun este de obicei un bufet, iar toat\u0103 lumea alege ce m\u0103n\u00e2nc\u0103. Aceasta \u00eenseamn\u0103 c\u0103 nu trebuie s\u0103 treac\u0103 prin toate felurile de m\u00e2ncare preg\u0103tite de gazd\u0103 pentru a respecta obiceiurile \u0219i tradi\u021biile suedeze de Cr\u0103ciun.<\/p>\n\n\n\n<p>Exist\u0103 \u0219i c\u00e2rna\u021bii de s\u00e2nge ai estonienilor, pe care \u00eei m\u0103n\u00e2nc\u0103 al\u0103turi de <em>varz\u0103 murat\u0103<\/em>. Vecinii lor, letonii, m\u0103n\u00e2nc\u0103 pl\u0103cinte mici, maz\u0103re cu sos de sl\u0103nin\u0103, rulouri cu sl\u0103nin\u0103, c\u00e2rna\u021bi \u0219i varz\u0103.<\/p>\n\n\n\n<hr class=\"wp-block-separator has-css-opacity is-style-dots\"\/>\n\n\n\n<h3 class=\"wp-block-heading\" id=\"many-enjoy-fish-for-their-christmas-eve-dinner\">Mul\u021bi se bucur\u0103 de pe\u0219te la cina din Ajunul Cr\u0103ciunului<\/h3>\n\n\n\n<p>Fie c\u0103 este felul principal sau parte a unui osp\u0103\u021b mai mare, pe\u0219tele face parte din preparatele europene de Cr\u0103ciun:<\/p>\n\n\n\n<ul class=\"wp-block-list\">\n<li>Croa\u021bii \u0219i s\u00e2rbii au de obicei <strong>cod uscat <em>bakalar<\/em><\/strong><\/li>\n\n\n\n<li>Italienii se bucur\u0103 \u0219i de <em><strong>cod s\u0103rat baccala<\/strong><\/em>, dar \u0219i de sardine, anghil\u0103, scoici \u0219i calamari<\/li>\n\n\n\n<li>Cehii m\u0103n\u00e2nc\u0103 sup\u0103 de crap \u0219i crap pr\u0103jit cu salat\u0103 de cartofi<\/li>\n\n\n\n<li>Polonezii au \u0219i ei crap, dup\u0103 <em>barszcz<\/em> (sup\u0103 de sfecl\u0103 ro\u0219ie), cu <em>uszka<\/em> (col\u021buna\u0219i) \u0219i <em>krokiety<\/em>. Iar <em>salatka jarzynowa<\/em> este un preparat polonez foarte popular, consumat nu doar de Cr\u0103ciun, ci \u0219i la zile de na\u0219tere \u0219i alte ocazii speciale.<\/li>\n\n\n\n<li>S\u00e2rbii m\u0103n\u00e2nc\u0103 crap, imediat dup\u0103 <em>sup\u0103 de varz\u0103 murat\u0103 kapustnica<\/em><\/li>\n\n\n\n<li>Ungurii se bucur\u0103 de <em>sup\u0103 de pe\u0219te hal\u00e1szl\u00e9<\/em><\/li>\n\n\n\n<li>Portughezii m\u0103n\u00e2nc\u0103 pe\u0219te cod cu cartofi fier\u021bi \u0219i legume<\/li>\n\n\n\n<li>Suedezii se bucur\u0103 de un bufet cu pe\u0219te rece, inclusiv hering, somon <em><strong>gravlax<\/strong><\/em> \u0219i somon afumat.<\/li>\n<\/ul>\n\n\n\n<hr class=\"wp-block-separator has-css-opacity is-style-dots\"\/>\n\n\n\n<h3 class=\"wp-block-heading\" id=\"the-widely-spread-sarma\">R\u0103sp\u00e2nditul <em>sarma<\/em><\/h3>\n\n\n\n<p>Un preparat tradi\u021bional foarte popular \u00een multe \u021b\u0103ri este <em><strong>sarma<\/strong><\/em>, f\u0103cut din carne tocat\u0103 \u00eenvelit\u0103 \u00eentr-o frunz\u0103 de varz\u0103 sau vi\u021b\u0103 de vie. Este un preparat tradi\u021bional de Cr\u0103ciun \u00een Rom\u00e2nia, Ungaria, Bulgaria, Bosnia \u0219i Her\u021begovina, Croa\u021bia, Macedonia \u0219i Serbia. M\u00e2ncatul <em>sarmei<\/em> este, de asemenea, un obicei \u0219i tradi\u021bie suedez\u0103 de Cr\u0103ciun, dar ei o numesc <em><strong>k\u00e5ldolmar<\/strong><\/em>.<\/p>\n\n\n\n<hr class=\"wp-block-separator has-css-opacity is-style-dots\"\/>\n\n\n\n<h3 class=\"wp-block-heading\" id=\"is-there-anything-odd-about-the-christmas-feast\">Exist\u0103 ceva ciudat \u00een leg\u0103tur\u0103 cu osp\u0103\u021bul de Cr\u0103ciun?<\/h3>\n\n\n\n<p>Dac\u0103 te referi la numere ciudate, a\u0219 spune c\u0103 da. \u00cen Bulgaria, gazda preg\u0103te\u0219te un <strong>num\u0103r impar de feluri de m\u00e2ncare<\/strong> (de obicei 7, 9 sau 11) \u0219i invit\u0103 un <strong>num\u0103r impar de oaspe\u021bi<\/strong> la masa de Cr\u0103ciun.<\/p>\n\n\n\n<p>Pentru Belarus, numerele sunt de asemenea importante: trebuie s\u0103 serveasc\u0103 <strong>12 feluri de pe\u0219te, pentru a reprezenta cei 12 Apostoli<\/strong>. Au ciuperci \u0219i legume ca garnituri.<\/p>\n\n\n\n<p>Lituanienii, polonezii, s\u00e2rbii, ucrainenii \u0219i ru\u0219ii au \u0219i ei o cin\u0103 de Cr\u0103ciun bazat\u0103 pe num\u0103rul de 12 Apostoli. Prin urmare, gazda preg\u0103te\u0219te <strong>12 feluri de m\u00e2ncare<\/strong>. De obicei, preparatele lor europene de Cr\u0103ciun nu con\u021bin carne, ou\u0103 sau lactate.<\/p>\n\n\n\n<p>Pe o not\u0103 mai dulce, cei care urmeaz\u0103 tradi\u021biile de Cr\u0103ciun \u00een Fran\u021ba \u0219i Monaco preg\u0103tesc <strong>13 deserturi<\/strong> pentru Iisus \u0219i cei 12 Apostoli, pentru a respecta vechile obiceiuri \u0219i tradi\u021bii de Cr\u0103ciun.<\/p>\n\n\n\n<hr class=\"wp-block-separator has-css-opacity is-style-dots\"\/>\n\n\n\n<figure class=\"wp-block-image size-full\"><img loading=\"lazy\" decoding=\"async\" width=\"792\" height=\"294\" src=\"https:\/\/www.the-travel-bunny.com\/ro\/wp-content\/uploads\/sites\/2\/2021\/05\/decoratiuni-de-craciun-in-europa.jpg\" alt=\"decoratiuni de craciun in europa\" class=\"wp-image-839\" title=\"\" srcset=\"https:\/\/www.the-travel-bunny.com\/ro\/wp-content\/uploads\/sites\/2\/2021\/05\/decoratiuni-de-craciun-in-europa.jpg 792w, https:\/\/www.the-travel-bunny.com\/ro\/wp-content\/uploads\/sites\/2\/2021\/05\/decoratiuni-de-craciun-in-europa-300x111.jpg 300w, https:\/\/www.the-travel-bunny.com\/ro\/wp-content\/uploads\/sites\/2\/2021\/05\/decoratiuni-de-craciun-in-europa-768x285.jpg 768w\" sizes=\"auto, (max-width: 792px) 100vw, 792px\" \/><figcaption class=\"wp-element-caption\"><em>Tradi\u021biile europene de s\u0103rb\u0103tori: masa de Cr\u0103ciun<\/em><\/figcaption><\/figure>\n\n\n<div id=\"rank-math-faq\" class=\"rank-math-block\">\n<div class=\"rank-math-list \">\n<div id=\"faq-question-1671188575582\" class=\"rank-math-list-item\">\n<h3 class=\"rank-math-question \">Exist\u0103 decora\u021biuni tradi\u021bionale pentru masa de Cr\u0103ciun?<\/h3>\n<div class=\"rank-math-answer \">\n\n<p>C\u00e2nd vine vorba de decorarea mesei de Cr\u0103ciun, bulgarii, croa\u021bii, polonezii \u0219i lituanienii pun tradi\u021bional <strong>paie sub fa\u021ba de mas\u0103<\/strong>. Acesta este un obicei despre care se spune c\u0103 aduce culturi bune \u00een anul urm\u0103tor.<\/p>\n<p>Conform obiceiurilor \u0219i tradi\u021biilor locale de Cr\u0103ciun, oamenii din Muntenegru \u0219i Serbia prefer\u0103 s\u0103 pun\u0103 <strong>paie sub masa de Cr\u0103ciun<\/strong>. Acesta este un simbol al scenei na\u0219terii Domnului.<\/p>\n<p>Pe o not\u0103 mai vesel\u0103, britanicii au preg\u0103tit un <strong>pocnitor<\/strong> pentru fiecare oaspete care se al\u0103tur\u0103 mesei.<\/p>\n\n<\/div>\n<\/div>\n<\/div>\n<\/div>\n\n\n<hr class=\"wp-block-separator has-css-opacity is-style-dots\"\/>\n\n\n\n<figure class=\"wp-block-image size-full\"><img loading=\"lazy\" decoding=\"async\" width=\"792\" height=\"294\" src=\"https:\/\/www.the-travel-bunny.com\/ro\/wp-content\/uploads\/sites\/2\/2021\/05\/deserturi-de-craciun-in-europa.jpg\" alt=\"deserturi de craciun in europa\" class=\"wp-image-840\" title=\"\" srcset=\"https:\/\/www.the-travel-bunny.com\/ro\/wp-content\/uploads\/sites\/2\/2021\/05\/deserturi-de-craciun-in-europa.jpg 792w, https:\/\/www.the-travel-bunny.com\/ro\/wp-content\/uploads\/sites\/2\/2021\/05\/deserturi-de-craciun-in-europa-300x111.jpg 300w, https:\/\/www.the-travel-bunny.com\/ro\/wp-content\/uploads\/sites\/2\/2021\/05\/deserturi-de-craciun-in-europa-768x285.jpg 768w\" sizes=\"auto, (max-width: 792px) 100vw, 792px\" \/><figcaption class=\"wp-element-caption\"><em>Deserturi tradi\u021bionale europene de Cr\u0103ciun, cum ar fi b\u00fbche de No\u00ebl<\/em><\/figcaption><\/figure>\n\n\n\n<h3 class=\"wp-block-heading\" id=\"care-sunt-deserturile-tradi\u021bionale-de-craciun-din-europa\">Care sunt deserturile tradi\u021bionale de Cr\u0103ciun din Europa?<\/h3>\n\n\n\n<p>Cei mai mul\u021bi dintre noi se bucur\u0103 s\u0103 m\u0103n\u00e2nce mandarine, fructe uscate, nuci, fursecuri \u0219i turt\u0103 dulce \u00een perioada Cr\u0103ciunului. Cu toate acestea, exist\u0103 mai multe deserturi str\u00e2ns legate de obiceiurile \u0219i tradi\u021biile de Cr\u0103ciun din Europa:<\/p>\n\n\n\n<ul class=\"wp-block-list\">\n<li>Armenii m\u0103n\u00e2nc\u0103 <strong><em>rojik<\/em> dulcea\u021b\u0103 <em>soujuk<\/em><\/strong><\/li>\n\n\n\n<li>Croa\u021bii ador\u0103 s\u0103 se \u00eenfrupte din <em><strong>krafne<\/strong><\/em> \u0219i <em><strong>fritule<\/strong><\/em> tradi\u021bionale, care sunt gogo\u0219i mici umplute cu gem)<\/li>\n\n\n\n<li>Germanii prefer\u0103 <em><strong>stollen<\/strong><\/em>, un cozonac umplut cu fructe uscate \u0219i mar\u021bipan<\/li>\n\n\n\n<li>Grecii au o sl\u0103biciune pentru <em><strong>kataifi<\/strong><\/em> \u00een sirop cu arom\u0103 de l\u0103m\u00e2ie, <strong><em>thiples<\/em> pr\u0103jituri cu miere \u0219i <em>melomakarona<\/em> fursecuri cu miere<\/strong><\/li>\n\n\n\n<li>Italienii se osp\u0103teaz\u0103 cu <strong><em>panettone<\/em><\/strong>, o p\u00e2ine dulce pufoas\u0103, umplut\u0103 cu fructe confiate<\/li>\n\n\n\n<li>Lituanienii se bucur\u0103 de <strong>biscui\u021bii <em>k\u016b\u010diukai<\/em> \u0219i <em>kissel<\/em> sup\u0103 de cire\u0219e<\/strong><\/li>\n\n\n\n<li>Maltezii prefer\u0103 <strong><em>qag\u0127aq tal\u2013g\u0127asel<\/em> inele cu melas\u0103<\/strong> \u0219i o can\u0103 de <em>imbuljuta tal-Qastan<\/em>, o b\u0103utur\u0103 pe baz\u0103 de cacao<\/li>\n\n\n\n<li>Monega\u0219cii ador\u0103 s\u0103 m\u0103n\u00e2nce <em><strong>La Pompe<\/strong><\/em>, o brio\u0219\u0103 dulce cu ulei de m\u0103sline<\/li>\n\n\n\n<li>Norvegienii consum\u0103 <strong><em>Julekak<\/em><\/strong>, o p\u00e2ine dulce cu fructe confiate<\/li>\n\n\n\n<li>Polonezii ador\u0103 <strong><em>piernik<\/em> turt\u0103 dulce<\/strong><\/li>\n\n\n\n<li>Rom\u00e2nii au deliciosul <em><strong>cozonac<\/strong><\/em>, o p\u00e2ine dulce pufoas\u0103, umplut\u0103 cu crem\u0103 de cacao, nuci, stafide \u0219i\/sau fructe confiate \u0219i\/sau rahat<\/li>\n\n\n\n<li>Spaniolii se bucur\u0103 de <strong><em>turr\u00f3n<\/em> nug\u0103 de migdale \u0219i <em>polvorones<\/em> fursecuri cu nuci<\/strong><\/li>\n\n\n\n<li>Suedezii iubesc <strong>fursecurile crocante <em>pepparkakor<\/em> \u0219i <em>risgrynsgr\u00f6t<\/em> (terci de orez)<\/strong><\/li>\n\n\n\n<li>Britanicii se bucur\u0103 de <strong>budinca de Cr\u0103ciun<\/strong> sau <strong>pl\u0103cintele cu fructe<\/strong>.<\/li>\n<\/ul>\n\n\n\n<div style=\"height:10px\" aria-hidden=\"true\" class=\"wp-block-spacer\"><\/div>\n\n\n\n<h4 class=\"wp-block-heading\" id=\"christmas-desserts-without-borders\"><strong>Deserturi europene de Cr\u0103ciun f\u0103r\u0103 frontiere<\/strong><\/h4>\n\n\n\n<p>Exist\u0103, de asemenea, deserturi tradi\u021bionale europene de Cr\u0103ciun care au o r\u0103sp\u00e2ndire mai larg\u0103 dec\u00e2t doar teritoriul unei singure \u021b\u0103ri.<\/p>\n\n\n\n<p>Ungurii \u0219i polonezii au un desert similar, o rulad\u0103 cu semin\u021be de mac, pe care primii o numesc <em><strong>beigli<\/strong><\/em>, iar ceilal\u021bi <em><strong>makowiec<\/strong><\/em>. Ucrainenii \u0219i ru\u0219ii se bucur\u0103 am\u00e2ndoi s\u0103 m\u0103n\u00e2nce <em><strong>kutia<\/strong><\/em> (terci). Iar <em><strong>baklava<\/strong><\/em> este popular\u0103 \u00een Albania, Armenia \u0219i Grecia.<\/p>\n\n\n\n<p><strong><em>La b\u00fbche de No\u00ebl<\/em><\/strong> este o rulad\u0103 de pandi\u0219pan \u00een form\u0103 de buturug\u0103. Pe exterior este acoperit\u0103 cu crem\u0103 de unt cu ciocolat\u0103 \u0219i decorat\u0103 pentru a sem\u0103na cu o buturug\u0103 de Yule. Acesta este un desert popular care face parte din tradi\u021biile de Cr\u0103ciun din \u021b\u0103ri precum Belgia \u0219i Fran\u021ba.<\/p>\n\n\n\n<p>\u00cen Bulgaria, Macedonia, Muntenegru, Serbia \u0219i Cipru, se coace o pr\u0103jitur\u0103 sau o p\u00e2ine special\u0103, conform obiceiurilor de Cr\u0103ciun. Aceasta con\u021bine o moned\u0103, iar cel care o g\u0103se\u0219te se spune c\u0103 va avea noroc \u00een anul ce vine. O varia\u021bie la acest obicei este <em><strong>risalamande<\/strong><\/em> din Danemarca \u0219i Finlanda, un desert de orez \u00een care toate migdalele sunt tocate, cu excep\u021bia uneia. C\u00e2\u0219tig\u0103torul, \u00een acest caz, prime\u0219te un mic cadou, care \u00een trecut era un mic porc de mar\u021bipan. O alt\u0103 varia\u021bie este <em><strong>Bolo Rei<\/strong><\/em> sau <em><strong>Bolo Rainha<\/strong><\/em> din Portugalia.<\/p>\n\n\n\n<p>Exist\u0103 \u0219i <em><strong>galette des rois<\/strong><\/em>. Francezii o m\u0103n\u00e2nc\u0103 pe 6 ianuarie, c\u00e2nd s\u0103rb\u0103toresc <em>La F\u00eate des Rois<\/em>.<\/p>\n\n\n\n<hr class=\"wp-block-separator has-css-opacity is-style-wide\"\/>\n\n\n\n<figure class=\"wp-block-image size-full\"><img loading=\"lazy\" decoding=\"async\" width=\"792\" height=\"294\" src=\"https:\/\/www.the-travel-bunny.com\/ro\/wp-content\/uploads\/sites\/2\/2021\/05\/animale-de-companie-de-craciun.jpg\" alt=\"animale de companie de craciunanimale de companie de craciun\" class=\"wp-image-841\" title=\"\" srcset=\"https:\/\/www.the-travel-bunny.com\/ro\/wp-content\/uploads\/sites\/2\/2021\/05\/animale-de-companie-de-craciun.jpg 792w, https:\/\/www.the-travel-bunny.com\/ro\/wp-content\/uploads\/sites\/2\/2021\/05\/animale-de-companie-de-craciun-300x111.jpg 300w, https:\/\/www.the-travel-bunny.com\/ro\/wp-content\/uploads\/sites\/2\/2021\/05\/animale-de-companie-de-craciun-768x285.jpg 768w\" sizes=\"auto, (max-width: 792px) 100vw, 792px\" \/><figcaption class=\"wp-element-caption\"><em>Obiceiuri \u0219i tradi\u021bii de Cr\u0103ciun \u00een Europa pentru diferite specii<\/em><\/figcaption><\/figure>\n\n\n\n<h2 class=\"wp-block-heading\" id=\"special-christmas-customs-and-traditions-in-europe\">Obiceiuri \u0219i tradi\u021bii speciale de Cr\u0103ciun \u00een Europa<\/h2>\n\n\n\n<div style=\"height:10px\" aria-hidden=\"true\" class=\"wp-block-spacer\"><\/div>\n\n\n\n<h3 class=\"wp-block-heading\" id=\"honoring-the-dead-on-christmas\">Omagiu pentru cei mor\u021bi de Cr\u0103ciun<\/h3>\n\n\n\n<p>\u00cen cimitirele din Finlanda \u0219i Islanda, mormintele sunt decorate cu lumini de Cr\u0103ciun. Cimitirul se transform\u0103 dintr-un loc sumbru \u00eentr-unul cald \u0219i prietenos pe perioada s\u0103rb\u0103torilor de Cr\u0103ciun.<\/p>\n\n\n\n<p>\u00cen Bulgaria \u0219i Belarus, se g\u00e2ndesc \u0219i la cei care au murit. Dup\u0103 osp\u0103\u021bul de Cr\u0103ciun, las\u0103 totul pe mas\u0103, \u00een caz c\u0103 spiritele celor pleca\u021bi se \u00eenfometeaz\u0103 \u00een timpul nop\u021bii.<\/p>\n\n\n\n<p>Lituanienii adaug\u0103 un loc \u00een plus la mas\u0103 dac\u0103 cineva a decedat recent \u0219i uneori aprind o lum\u00e2nare \u00een memoria acestuia, conform obiceiurilor lor de Cr\u0103ciun.<\/p>\n\n\n\n<hr class=\"wp-block-separator has-alpha-channel-opacity is-style-dots\"\/>\n\n\n\n<h3 class=\"wp-block-heading\" id=\"caga-tio-in-andorra-and-spain\">Caga Ti\u00f3 \u00een Andorra \u0219i Spania<\/h3>\n\n\n\n<p>\u00cen Andorra \u0219i \u00een regiunea Catalonia din Spania, \u00eel vei \u00eent\u00e2lni pe <strong><em>Caga Ti\u00f3<\/em><\/strong>, care este un a\u0219a-numit\u2026 bu\u0219tean de f\u0103cut caca. Este doar un bu\u0219tean de lemn, cu dou\u0103 picioare \u00een partea din fa\u021b\u0103, unde este pictat un chip z\u00e2mbitor. Are, de asemenea, o p\u0103l\u0103rie tradi\u021bional\u0103 ro\u0219ie tricotat\u0103 catalan\u0103, numit\u0103 <em>barretina<\/em>, \u0219i o p\u0103tur\u0103 pe spate pentru a-l \u021bine de cald.<\/p>\n\n\n\n<p>\u00cen mod tradi\u021bional, copiii au grij\u0103 de <em>Caga Ti\u00f3<\/em> p\u00e2n\u0103 \u00een Ajunul Cr\u0103ciunului, d\u00e2ndu-i ap\u0103 \u0219i l\u0103s\u00e2ndu-i m\u00e2ncare \u00een fiecare sear\u0103. Cu c\u00e2t au mai mult\u0103 grij\u0103 de <em>Caga Ti\u00f3<\/em>, cu at\u00e2t sunt mai mari \u0219ansele ca acesta s\u0103 fac\u0103 mai multe dulciuri \u0219i mici cadouri \u00een Ajunul Cr\u0103ciunului. \u00cen seara cea mare, \u00eei c\u00e2nt\u0103 \u0219i \u00eel lovesc cu un b\u0103\u021b, apoi verific\u0103 sub p\u0103tur\u0103 s\u0103 vad\u0103 ce bun\u0103t\u0103\u021bi a f\u0103cut bu\u0219teanul.<\/p>\n\n\n\n<hr class=\"wp-block-separator has-css-opacity is-style-dots\"\/>\n\n\n\n<h3 class=\"wp-block-heading\" id=\"throwing-shoes-on-christmas-in-the-czech-republic\">Aruncatul pantofilor de Cr\u0103ciun \u00een Republica Ceh\u0103<\/h3>\n\n\n\n<p>\u00cen Republica Ceh\u0103, exist\u0103 obiceiuri de Cr\u0103ciun legate de aruncarea unui pantof peste um\u0103r \u00een ziua de Cr\u0103ciun. Dac\u0103 aterizeaz\u0103 cu v\u00e2rful \u00eendreptat spre u\u0219\u0103, este un semn c\u0103 te vei c\u0103s\u0103tori \u00een cur\u00e2nd.<\/p>\n\n\n\n<hr class=\"wp-block-separator has-css-opacity is-style-dots\"\/>\n\n\n\n<h3 class=\"wp-block-heading\" id=\"the-first-christmas-guest-in-serbia\">Primul oaspete de Cr\u0103ciun \u00een Serbia<\/h3>\n\n\n\n<p>Se spune c\u0103 prima persoan\u0103 care intr\u0103 \u00een cas\u0103 \u00een ziua de Cr\u0103ciun va aduce noroc familiei care locuie\u0219te acolo. Primul oaspete de Cr\u0103ciun se nume\u0219te <em>polaznik<\/em>, iar vizita este de obicei aranjat\u0103.<\/p>\n\n\n\n<p>Cu toate acestea, dac\u0103 \u00een anul urm\u0103tor dup\u0103 vizita cuiva familia va avea ghinion, ei nu invit\u0103 aceea\u0219i persoan\u0103 s\u0103 fie <em>polaznik<\/em> din nou.<\/p>\n\n\n\n<hr class=\"wp-block-separator has-css-opacity is-style-dots\"\/>\n\n\n\n<h3 class=\"wp-block-heading\" id=\"christmas-is-also-a-holiday-for-small-animals-in-northern-europe\">Cr\u0103ciunul este, de asemenea, o s\u0103rb\u0103toare pentru animalele mici \u00een Europa de Nord<\/h3>\n\n\n\n<p>\u00cen Danemarca, tradi\u021bia spune c\u0103 trebuie s\u0103 dai animalelor o mic\u0103 gustare \u00een Ajunul Cr\u0103ciunului. A\u0219a c\u0103, \u00eenainte de a merge la cina din Ajunul Cr\u0103ciunului, unii oameni fac o plimbare \u00een parc \u0219i hr\u0103nesc p\u0103s\u0103rile. Dac\u0103 sunt suficient de noroco\u0219i s\u0103 locuiasc\u0103 l\u00e2ng\u0103 p\u0103dure, las\u0103 ceva m\u00e2ncare pentru animalele mici.<\/p>\n\n\n\n<p>\u0218i \u00een Finlanda \u0219i Norvegia, face parte din obiceiurile locale de Cr\u0103ciun ca oamenii (\u00een special fermierii) s\u0103 lase gr\u00e2u \u0219i nuci pe crengile copacilor pentru ca p\u0103s\u0103rile s\u0103 m\u0103n\u00e2nce.<\/p>\n\n\n\n<hr class=\"wp-block-separator has-css-opacity is-style-wide\"\/>\n\n\n\n<h2 class=\"wp-block-heading\" id=\"sarbatorirea-tradi\u021biilor-culturale-importan\u021ba-pastrarii-mo\u0219tenirii-noastre-in-perioada-craciunului\">S\u0103rb\u0103torirea tradi\u021biilor culturale: Importan\u021ba p\u0103str\u0103rii mo\u0219tenirii noastre \u00een perioada Cr\u0103ciunului<\/h2>\n\n\n\n<p>Numeroase na\u021biuni s\u0103rb\u0103toresc Cr\u0103ciunul \u00een \u00eentreaga lume \u0219i fiecare are tradi\u021biile \u0219i obiceiurile sale distincte. Obiceiurile de Cr\u0103ciun din Europa variaz\u0103 foarte mult de la na\u021biune la na\u021biune, reflect\u00e2nd culturile \u0219i istoria variat\u0103 a zonei.<\/p>\n\n\n\n<p>Tradi\u021biile culturale sunt esen\u021biale pentru unirea comunit\u0103\u021bilor \u0219i pentru p\u0103strarea identit\u0103\u021bilor distincte ale diferitelor popula\u021bii. Mul\u021bi indivizi se implic\u0103 \u00een ritualuri culturale \u00een timpul s\u0103rb\u0103torilor ca o modalitate de a s\u0103rb\u0103tori \u0219i de a se conecta cu istoria lor.<\/p>\n\n\n\n<p>Din mai multe motive, este esen\u021bial s\u0103 p\u0103str\u0103m obiceiurile \u0219i tradi\u021biile culturale. \u00cen primul r\u00e2nd, ele sus\u021bin supravie\u021buirea \u0219i \u00eenflorirea identit\u0103\u021bilor culturale. Oamenii pot s\u0103 se simt\u0103 mai conecta\u021bi la mo\u0219tenirea lor cultural\u0103 \u0219i s\u0103 transmit\u0103 aceste tradi\u021bii genera\u021biilor viitoare, particip\u00e2nd la evenimente \u0219i activit\u0103\u021bi tradi\u021bionale. Acest lucru este crucial pentru minorit\u0103\u021bile culturale, care pot avea dificult\u0103\u021bi \u00een p\u0103strarea tradi\u021biilor lor din cauza asimil\u0103rii sau a prejudec\u0103\u021bilor.<\/p>\n\n\n\n<p>Tradi\u021biile culturale \u00eei unesc, de asemenea, pe oameni \u0219i ofer\u0103 un sentiment de comunitate. Obiceiurile de s\u0103rb\u0103tori pot ajuta oamenii s\u0103 ob\u021bin\u0103 un sentiment de unitate \u0219i apartenen\u021b\u0103, interac\u021bion\u00e2nd cu al\u021bii care au origini culturale similare.<\/p>\n\n\n\n<p>Sezonul Cr\u0103ciunului, care poate fi o perioad\u0103 stresant\u0103 \u0219i haotic\u0103 pentru mul\u021bi, poate fi f\u0103cut mai suportabil \u0219i familiar prin tradi\u021biile culturale. Participarea la obiceiuri dragi ofer\u0103 siguran\u021b\u0103 \u0219i un sentiment de ancorare \u00eentr-un sezon care poate fi plin de emo\u021bii.<\/p>\n\n\n\n<p>Av\u00e2nd \u00een vedere toate lucrurile, este esen\u021bial s\u0103 p\u0103str\u0103m tradi\u021biile culturale \u00een timpul sezonului de Cr\u0103ciun din mai multe motive, cum ar fi p\u0103strarea identit\u0103\u021bilor culturale, crearea unui sentiment de comunitate \u0219i oferirea de confort \u0219i familiaritate.<\/p>\n\n\n\n<hr class=\"wp-block-separator has-alpha-channel-opacity\"\/>\n\n\n\n<figure class=\"wp-block-image size-full\"><img loading=\"lazy\" decoding=\"async\" width=\"792\" height=\"294\" src=\"https:\/\/www.the-travel-bunny.com\/ro\/wp-content\/uploads\/sites\/2\/2021\/05\/craciun-fericit.jpg\" alt=\"craciun fericit\" class=\"wp-image-842\" title=\"\" srcset=\"https:\/\/www.the-travel-bunny.com\/ro\/wp-content\/uploads\/sites\/2\/2021\/05\/craciun-fericit.jpg 792w, https:\/\/www.the-travel-bunny.com\/ro\/wp-content\/uploads\/sites\/2\/2021\/05\/craciun-fericit-300x111.jpg 300w, https:\/\/www.the-travel-bunny.com\/ro\/wp-content\/uploads\/sites\/2\/2021\/05\/craciun-fericit-768x285.jpg 768w\" sizes=\"auto, (max-width: 792px) 100vw, 792px\" \/><figcaption class=\"wp-element-caption\"><em>Surse pentru obiceiuri \u0219i tradi\u021bii de Cr\u0103ciun \u00een Europa<\/em><\/figcaption><\/figure>\n\n\n\n<h2 class=\"wp-block-heading\" id=\"special-thanks\">Obiceiuri de Cr\u0103ciun din Europa<\/h2>\n\n\n\n<p>Mul\u021bumiri speciale pentru ajutorul oferit cu informa\u021bii pentru crearea acestui articol despre obiceiurile \u0219i tradi\u021biile de Cr\u0103ciun din Europa se \u00eendreapt\u0103 c\u0103tre:<\/p>\n\n\n\n<div class=\"wp-block-columns has-2-columns is-layout-flex wp-container-core-columns-is-layout-9d6595d7 wp-block-columns-is-layout-flex\">\n<div class=\"wp-block-column is-layout-flow wp-block-column-is-layout-flow\">\n<ul class=\"wp-block-list\">\n<li>Why Christmas<\/li>\n\n\n\n<li>World Holiday Traditions<\/li>\n\n\n\n<li>196 Flavors<\/li>\n\n\n\n<li>Adele in Slovenia<\/li>\n\n\n\n<li>Adore Foods<\/li>\n\n\n\n<li>Ask Chef Dennis<\/li>\n\n\n\n<li>Budapest Moms<\/li>\n\n\n\n<li>CataVino<\/li>\n\n\n\n<li>Choose Your Cyprus<\/li>\n\n\n\n<li>Curious Cuisiniere<\/li>\n\n\n\n<li>Family Foodie<\/li>\n\n\n\n<li>Food Emperor<\/li>\n\n\n\n<li>Friendly Nettle<\/li>\n\n\n\n<li>Fun Russian<\/li>\n<\/ul>\n<\/div>\n\n\n\n<div class=\"wp-block-column is-layout-flow wp-block-column-is-layout-flow\">\n<ul class=\"wp-block-list\">\n<li>Maltese Mouthful<\/li>\n\n\n\n<li>My Food Odyssey<\/li>\n\n\n\n<li>My Greek Dish<\/li>\n\n\n\n<li>Natasha\u2019s Kitchen<\/li>\n\n\n\n<li>Nordic Food Living<\/li>\n\n\n\n<li>Oh, the Things We\u2019ll Make!<\/li>\n\n\n\n<li>Polish Housewife<\/li>\n\n\n\n<li>RecipeTin Eats<\/li>\n\n\n\n<li>She Loves Biscotti<\/li>\n\n\n\n<li>Spanish Language Guide<\/li>\n\n\n\n<li>Swedish Food<\/li>\n\n\n\n<li>The Armenian Kitchen<\/li>\n\n\n\n<li>The Spruce Eats<\/li>\n\n\n\n<li>Hello Monaco<\/li>\n<\/ul>\n<\/div>\n<\/div>\n\n\n\n<p>Pentru a afla mai multe despre tradi\u021biile de iarn\u0103 din Europa la cina de Cr\u0103ciun, acceseaz\u0103 <a href=\"http:\/\/jusztravel.com\/2017\/12\/06\/travel-bloggers-reveal-must-try-holiday-food-around-world\" target=\"_blank\" rel=\"noreferrer noopener\">JuszTravel<\/a>.<\/p>\n\n\n\n<hr class=\"wp-block-separator has-css-opacity is-style-wide\"\/>\n\n\n\n<h2 class=\"wp-block-heading\" id=\"about-the-author\">Despre autor<\/h2>\n\n\n\n<div class=\"wp-block-media-text alignwide is-vertically-aligned-top\" style=\"grid-template-columns:15% auto\"><figure class=\"wp-block-media-text__media\"><img loading=\"lazy\" decoding=\"async\" width=\"138\" height=\"140\" src=\"https:\/\/www.the-travel-bunny.com\/ro\/wp-content\/uploads\/sites\/2\/2021\/05\/Mirela-Letailleur-or-The-Travel-Bunny.jpg\" alt=\"Mirela Letailleur sau The Travel Bunny\" class=\"wp-image-481 size-full\" title=\"\"><\/figure><div class=\"wp-block-media-text__content\">\n<p><strong>Mirela Letailleur<\/strong> este o bloggeri\u021b\u0103 de c\u0103l\u0103torii rom\u00e2nc\u0103, care locuie\u0219te \u00een sudul Fran\u021bei. Ea scrie pe blogul de c\u0103l\u0103torii The Travel Bunny despre c\u0103l\u0103torii accesibile \u00een Europa \u0219i este creatoarea unor ghiduri de c\u0103l\u0103torie unice \u0219i gratuite, expert\u0103 \u00een c\u0103l\u0103torii locale. Rezolv\u0103 probleme. Afl\u0103 totul despre cafea.<\/p>\n\n\n\n<p class=\"has-text-align-right has-small-font-size\"><a href=\"https:\/\/www.the-travel-bunny.com\/ro\/despre-travel-bunny\/mirela-letailleur\/\" data-type=\"page\" data-id=\"22\">Cite\u0219te mai multe despre Mirela Letailleur<\/a><\/p>\n<\/div><\/div>\n\n\n<div class=\"wp-block-scriptless-social-sharing-buttons\"><div class=\"scriptlesssocialsharing\"><div class=\"scriptlesssocialsharing__buttons no-icons\"><a class=\"button facebook\" target=\"_blank\" href=\"https:\/\/www.facebook.com\/sharer\/sharer.php?u=https%3A%2F%2Fwww.the-travel-bunny.com%2Fro%2Fobiceiuri-de-craciun-din-europa%2F\" rel=\"noopener noreferrer nofollow\"><span class=\"sss-name\"><span class=\"screen-reader-text\">Share on <\/span>Facebook<\/span><\/a><a class=\"button twitter\" target=\"_blank\" href=\"https:\/\/twitter.com\/intent\/tweet?text=Tradi%C8%9Bii%20%C8%99i%20obiceiuri%20de%20Cr%C4%83ciun%20din%20Europa&#038;url=https%3A%2F%2Fwww.the-travel-bunny.com%2Fro%2Fobiceiuri-de-craciun-din-europa%2F&#038;via=mirela_iepurela&#038;related=mirela_iepurela\" rel=\"noopener noreferrer nofollow\"><span class=\"sss-name\"><span class=\"screen-reader-text\">Share on <\/span>X (Twitter)<\/span><\/a><a class=\"button pinterest\" target=\"_blank\" href=\"https:\/\/pinterest.com\/pin\/create\/button\/?url=https%3A%2F%2Fwww.the-travel-bunny.com%2Fro%2Fobiceiuri-de-craciun-din-europa%2F&#038;media=https%3A%2F%2Fwww.the-travel-bunny.com%2Fro%2Fwp-content%2Fuploads%2Fsites%2F2%2F2021%2F05%2Fobiceiuri-de-craciun-in-europa.jpg&#038;description=Tradi%C8%9Bii%20%C8%99i%20obiceiuri%20de%20Cr%C4%83ciun%20din%20Europa\" rel=\"noopener noreferrer nofollow\" data-pin-no-hover=\"true\" data-pin-custom=\"true\" data-pin-do=\"skip\" data-pin-description=\"Tradi\u021bii \u0219i obiceiuri de Cr\u0103ciun din Europa\"><span class=\"sss-name\"><span class=\"screen-reader-text\">Share on <\/span>Pinterest<\/span><\/a><a class=\"button whatsapp\" target=\"_blank\" href=\"https:\/\/api.whatsapp.com\/send?text=Tradi%C8%9Bii%20%C8%99i%20obiceiuri%20de%20Cr%C4%83ciun%20din%20Europa%20%E2%80%94%20https%3A%2F%2Fwww.the-travel-bunny.com%2Fro%2Fobiceiuri-de-craciun-din-europa%2F\" rel=\"noopener noreferrer nofollow\"><span class=\"sss-name\"><span class=\"screen-reader-text\">Share on <\/span>WhatsApp<\/span><\/a><a class=\"button email\" href=\"mailto:?body=Am%20citit%20acest%20articol%20de%20vacan%C8%9B%C4%83%20%C8%99i%20m-am%20g%C3%A2ndit%20la%20tine.%20Iat%C4%83%20%C8%99i%20link-ul%3A%20https%3A%2F%2Fwww.the-travel-bunny.com%2Fro%2Fobiceiuri-de-craciun-din-europa%2F&#038;subject=Promit%20c%C4%83%20o%20s%C4%83%20%C3%AE%C8%9Bi%20plac%C4%83%3A%20Tradi%C8%9Bii%20%C8%99i%20obiceiuri%20de%20Cr%C4%83ciun%20din%20Europa\" rel=\"noopener noreferrer nofollow\" ><span class=\"sss-name\"><span class=\"screen-reader-text\">Share on <\/span>Email<\/span><\/a><\/div><\/div><\/div>\n\n\n<p class=\"has-small-font-size\"><strong>Dup\u0103 ce ai descoperit obiceiurile \u0219i s\u0103rb\u0103torile de Cr\u0103ciun din Europa, verific\u0103 \u0219i<\/strong><br><a href=\"https:\/\/www.the-travel-bunny.com\/ro\/sarbatoreste-craciunul-in-madrid\/\" data-type=\"post\" data-id=\"870\">3 motive s\u0103 s\u0103rb\u0103tore\u0219ti Cr\u0103ciunul \u00een Madrid<\/a><br><a href=\"https:\/\/www.the-travel-bunny.com\/ro\/bilete-de-avion-ieftine-de-sarbatori\/\" data-type=\"post\" data-id=\"1095\">Cum ob\u021bii bilete de avion ieftine de Cr\u0103ciun<\/a><\/p>\n\n\n\n<p><\/p>\n","protected":false},"excerpt":{"rendered":"<p>Este doar \u00eenceputul lunii decembrie, dar preg\u0103tirile pentru Cr\u0103ciun au \u00eenceput deja peste tot \u00een lume. Cele mai importante bulevarde din ora\u0219ele noastre str\u0103lucesc sub lumini\u021be de Cr\u0103ciun sclipitoare, pie\u021bele de Cr\u0103ciun sunt deschise, magazinele c\u00e2nt\u0103 colinde de Cr\u0103ciun, iar oamenii caut\u0103 deja bradul perfect de decorat acas\u0103. De\u0219i to\u021bi s\u0103rb\u0103torim aceea\u0219i s\u0103rb\u0103toare, diferitele tradi\u021bii \u0219i obiceiuri de Cr\u0103ciun din Europa fac ca fiecare s\u0103rb\u0103toare s\u0103 fie special\u0103 \u00een felul ei. Este momentul perfect pentru a intra \u00een spiritul s\u0103rb\u0103torilor, a\u0219a c\u0103 v\u0103 invit s\u0103 v\u0103 al\u0103tura\u021bi unui tur virtual pentru a descoperi toate tradi\u021biile de Cr\u0103ciun din Europa! C\u00e2nd &#8230; <\/p>\n<p class=\"read-more-container\"><a title=\"Tradi\u021bii \u0219i obiceiuri de Cr\u0103ciun din Europa\" class=\"read-more button\" href=\"https:\/\/www.the-travel-bunny.com\/ro\/obiceiuri-de-craciun-din-europa\/#more-832\" aria-label=\"Cite\u0219te mai multe despre Tradi\u021bii \u0219i obiceiuri de Cr\u0103ciun din Europa\">Read more<\/a><\/p>\n","protected":false},"author":190,"featured_media":833,"comment_status":"closed","ping_status":"closed","sticky":false,"template":"","format":"standard","meta":{"footnotes":""},"categories":[22],"tags":[126,75],"class_list":["post-832","post","type-post","status-publish","format-standard","has-post-thumbnail","hentry","category-europa","tag-bucatarie-locala","tag-obiceiuri-si-traditii","resize-featured-image"],"_links":{"self":[{"href":"https:\/\/www.the-travel-bunny.com\/ro\/wp-json\/wp\/v2\/posts\/832","targetHints":{"allow":["GET"]}}],"collection":[{"href":"https:\/\/www.the-travel-bunny.com\/ro\/wp-json\/wp\/v2\/posts"}],"about":[{"href":"https:\/\/www.the-travel-bunny.com\/ro\/wp-json\/wp\/v2\/types\/post"}],"author":[{"embeddable":true,"href":"https:\/\/www.the-travel-bunny.com\/ro\/wp-json\/wp\/v2\/users\/190"}],"replies":[{"embeddable":true,"href":"https:\/\/www.the-travel-bunny.com\/ro\/wp-json\/wp\/v2\/comments?post=832"}],"version-history":[{"count":6,"href":"https:\/\/www.the-travel-bunny.com\/ro\/wp-json\/wp\/v2\/posts\/832\/revisions"}],"predecessor-version":[{"id":11565,"href":"https:\/\/www.the-travel-bunny.com\/ro\/wp-json\/wp\/v2\/posts\/832\/revisions\/11565"}],"wp:featuredmedia":[{"embeddable":true,"href":"https:\/\/www.the-travel-bunny.com\/ro\/wp-json\/wp\/v2\/media\/833"}],"wp:attachment":[{"href":"https:\/\/www.the-travel-bunny.com\/ro\/wp-json\/wp\/v2\/media?parent=832"}],"wp:term":[{"taxonomy":"category","embeddable":true,"href":"https:\/\/www.the-travel-bunny.com\/ro\/wp-json\/wp\/v2\/categories?post=832"},{"taxonomy":"post_tag","embeddable":true,"href":"https:\/\/www.the-travel-bunny.com\/ro\/wp-json\/wp\/v2\/tags?post=832"}],"curies":[{"name":"wp","href":"https:\/\/api.w.org\/{rel}","templated":true}]}}