{"id":870,"date":"2018-12-20T16:05:57","date_gmt":"2018-12-20T16:05:57","guid":{"rendered":"https:\/\/the-travel-bunny-com.lyricalstaging.com\/ro\/?p=870"},"modified":"2026-03-26T08:52:12","modified_gmt":"2026-03-26T08:52:12","slug":"sarbatoreste-craciunul-in-madrid","status":"publish","type":"post","link":"https:\/\/www.the-travel-bunny.com\/ro\/sarbatoreste-craciunul-in-madrid\/","title":{"rendered":"Itinerar Cr\u0103ciun la Madrid. Ghid pentru vacan\u021ba de iarn\u0103 \u00een Spania 2025"},"content":{"rendered":"\n<div class=\"wp-block-columns are-vertically-aligned-top is-layout-flex wp-container-core-columns-is-layout-9d6595d7 wp-block-columns-is-layout-flex\">\n<div class=\"wp-block-column is-vertically-aligned-top is-layout-flow wp-block-column-is-layout-flow\">\n<p><strong>Cr\u0103ciunul la Madrid<\/strong> are alt\u0103 energie. \u00cen clipa \u00een care se aprind <strong>lumini\u021bele de Cr\u0103ciun Madrid<\/strong> pe Gran V\u00eda \u0219i \u00een Sol, ora\u0219ul \u00eenceteaz\u0103 s\u0103 mai joace rolul toamnei. Din final de noiembrie p\u00e2n\u0103 la \u00eenceput de ianuarie, totul se transform\u0103. Str\u0103zile r\u0103m\u00e2n pline p\u00e2n\u0103 dup\u0103 miezul nop\u021bii. Localnicii stau la coad\u0103 pentru turr\u00f3n \u0219i castane coapte. Show-uri de lumini ocup\u0103 cartiere \u00eentregi. Dac\u0103 vrei un sezon autentic de <strong>Cr\u0103ciun \u00een Spania<\/strong>, aici trebuie s\u0103 ajungi.<\/p>\n\n\n\n<p><strong>Niciun alt loc nu se compar\u0103 cu Madrid de Cr\u0103ciun<\/strong>. Ora\u0219ul instaleaz\u0103 peste 13 milioane de LED-uri pe 240 de str\u0103zi. Fiecare district particip\u0103. \u0218i nu e un joc de lumini aruncat la \u00eent\u00e2mplare. Arhitec\u021bi \u0219i designeri de top preg\u0103tesc fiecare instala\u021bie. Se aprind la final de noiembrie \u0219i r\u0103m\u00e2n active p\u00e2n\u0103 dup\u0103 Ziua Regilor Magi.<\/p>\n<\/div>\n\n\n\n<div class=\"wp-block-column is-vertically-aligned-top is-layout-flow wp-block-column-is-layout-flow\" style=\"flex-basis:60%\">\n<div class=\"wp-block-rank-math-toc-block\" id=\"rank-math-toc\"><h2>Ghid complet Madrid de Cr\u0103ciun<\/h2><nav><ul><li class=\"\"><a href=\"#when-does-madrid-celebrate-christmas\">C\u00e2nd s\u0103rb\u0103tore\u0219te Madridul Cr\u0103ciunul?<\/a><\/li><li class=\"\"><a href=\"#madrid-december-weather-what-to-pack\">Vremea din Madrid \u00een decembrie \u0219i ce s\u0103 \u00eempachetezi<\/a><\/li><li class=\"\"><a href=\"#madrid-christmas-lights-trails-and-city-decorations\">Trasee de lumini \u0219i decora\u021biuni \u00een Madrid de Cr\u0103ciun<\/a><\/li><li class=\"\"><a href=\"#madrids-christmas-markets-with-dates\">Pie\u021bele de Cr\u0103ciun din Madrid cu date pentru 2025<\/a><\/li><li class=\"\"><a href=\"#must-book-christmas-attractions\">Atrac\u021bii de Cr\u0103ciun \u00een Madrid pe care trebuie s\u0103 le rezervi<\/a><\/li><li class=\"\"><a href=\"#what-to-do-in-madrid-on-christmas-day-dec-25\">Ce s\u0103 faci \u00een Madrid de Cr\u0103ciun pe 25 decembrie<\/a><\/li><li class=\"\"><a href=\"#local-traditions-festivities-cultural-experiences\">Tradi\u021bii locale, festivit\u0103\u021bi \u0219i experien\u021be culturale<\/a><\/li><li class=\"\"><a href=\"#what-to-eat-in-madrid-at-christmas-holiday-foods-seasonal-treats\">Ce s\u0103 m\u0103n\u00e2nci \u00een Madrid de Cr\u0103ciun. Preparate de s\u0103rb\u0103tori \u0219i deserturi de sezon<\/a><\/li><li class=\"\"><a href=\"#traditions-in-madrid-during-christmas\">Ghid cazare \u00een Madrid de Cr\u0103ciun<\/a><\/li><li class=\"\"><a href=\"#madrid-christmas-shopping-gifts\">Shopping de Cr\u0103ciun \u00een Madrid \u0219i Idei de Cadouri<\/a><\/li><li class=\"\"><a href=\"#family-friendly-christmas-activities\">Activit\u0103\u021bi de Cr\u0103ciun pentru Familii<\/a><\/li><li class=\"\"><a href=\"#madrid-nightlife-music-and-concerts\">Via\u021ba de noapte din Madrid, muzic\u0103 \u0219i concerte<\/a><\/li><li class=\"\"><a href=\"#getting-around-madrid-at-christmas\">Cum te deplasezi \u00een Madrid de Cr\u0103ciun<\/a><\/li><li class=\"\"><a href=\"#day-trips-from-madrid-during-the-holiday-season\">Excursii de o zi din Madrid \u00een sezonul s\u0103rb\u0103torilor de iarn\u0103<\/a><\/li><li class=\"\"><a href=\"#ch\">\u00centreb\u0103ri frecvente despre Cr\u0103ciunul \u00een Madrid<\/a><\/li><li class=\"\"><a href=\"#find-the-joy-of-christmas-in-madrid-a-festive-destination-for-all\">G\u0103se\u0219te magia de Cr\u0103ciun la Madrid, o destina\u021bie festiv\u0103 pentru to\u021bi<\/a><\/li><li class=\"\"><a href=\"#despre-autoare\">Despre autoare<\/a><\/li><\/ul><\/nav><\/div>\n<\/div>\n<\/div>\n\n\n\n<p><strong>Madrid \u00een perioada Cr\u0103ciunului<\/strong> tr\u0103ie\u0219te intens \u0219i te scoate afar\u0103 din cas\u0103. Uit\u0103 de \u0219emineu \u0219i seri lini\u0219tite. Aici bei ciocolat\u0103 cald\u0103 \u00een pie\u021be, cumperi cadouri de la <strong>pie\u021be de Cr\u0103ciun Madrid<\/strong> sub arcade colorate \u0219i ridici vocea peste fanfarele de pe Calle Mayor. Preferi ceva mai lini\u0219tit? Plimb\u0103-te prin <strong>Parcul Retiro seara<\/strong>. Tot parcul se lumineaz\u0103 pentru sezonul de iarn\u0103.<\/p>\n\n\n\n<p><strong>Ghidul de Cr\u0103ciun Madrid de The Travel Bunny<\/strong> acoper\u0103 totul: ce s\u0103 faci \u00een Madrid de Cr\u0103ciun, unde s\u0103 m\u0103n\u00e2nci, ce este deschis \u00een Madrid de Cr\u0103ciun, cum s\u0103 evi\u021bi aglomera\u021bia, ce tradi\u021bii merit\u0103 \u00eencercate \u0219i unde g\u0103se\u0219ti momente slow chiar \u0219i \u00eentr-un ora\u0219 \u00een mi\u0219care continu\u0103. De la evenimente de Cr\u0103ciun Madrid la atrac\u021bii de Cr\u0103ciun Madrid, ai totul \u00eentr-un singur loc.<\/p>\n\n\n\n<p>Nu exist\u0103 un loc mai bun \u00een care s\u0103 te sim\u021bi \u00een acela\u0219i timp localnic \u0219i uimit de tot ce vezi. Dac\u0103 vrei s\u0103 vezi <strong>Madrid de Cr\u0103ciun plin de lumini, gusturi \u0219i nop\u021bi lungi<\/strong>, \u00eencepe de aici. Planific\u0103 atent \u0219i vei \u00een\u021belege de ce <strong>vacan\u021b\u0103 de iarn\u0103 \u00een Madrid<\/strong> devine un obicei pentru at\u00e2t de mul\u021bi oameni.<\/p>\n\n\n\n<p>Continu\u0103 s\u0103 cite\u0219ti pentru programul pie\u021belor, ce g\u0103se\u0219ti la t\u00e2rgul de Cr\u0103ciun Plaza Mayor, orele de func\u021bionare ale restaurantelor, rutele pentru paradele Regilor Magi Madrid, idei de cadouri de Cr\u0103ciun \u00een Madrid, ponturi despre unde s\u0103 vezi lumini\u021bele de Cr\u0103ciun \u00een Madrid, detalii despre programul Naviluz Madrid, tradi\u021bii locale, ce deserturi tradi\u021bionale spaniole de Cr\u0103ciun s\u0103 cau\u021bi, ce <strong>bel\u00e9nuri Madrid<\/strong> merit\u0103 v\u0103zute \u0219i recomand\u0103ri reale din ora\u0219.<\/p>\n\n\n\n<p>Acesta este <strong>atlasul t\u0103u pentru Madrid de Cr\u0103ciun<\/strong>, p\u00e2n\u0103 la ultimul churro. Planul t\u0103u pentru unde s\u0103 mergi, unde s\u0103 stai \u00een Madrid de Cr\u0103ciun, idei pentru activit\u0103\u021bi de Cr\u0103ciun cu copiii, informa\u021bii despre transportul public de s\u0103rb\u0103tori, ce s\u0103 m\u0103n\u00e2nc<strong> \u00een Madrid de Cr\u0103ciun<\/strong> \u0219i ce s\u0103 por\u021bi iarna \u00een Spania. Gata, \u00eencepe acum planificarea pentru Cr\u0103ciunul t\u0103u \u00een capitala Spaniei!<\/p>\n\n\n\n<p class=\"has-pale-cyan-blue-background-color has-background has-small-font-size\"><strong>Not\u0103:<\/strong>\u00a0Unele dintre linkurile de mai jos sunt linkuri c\u0103tre ofertele partenerilor mei.\u00a0Aceasta \u00eenseamn\u0103 c\u0103, f\u0103r\u0103 costuri suplimentare pentru tine, The Travel Bunny va c\u00e2\u0219tiga un mic comision dac\u0103 achizi\u021bionezi un produs.\u00a0Mul\u021bumesc!<\/p>\n\n\n\n<hr class=\"wp-block-separator has-alpha-channel-opacity\"\/>\n\n\n\n<figure class=\"wp-block-image size-full\"><img loading=\"lazy\" decoding=\"async\" width=\"792\" height=\"294\" src=\"https:\/\/www.the-travel-bunny.com\/ro\/wp-content\/uploads\/sites\/2\/2018\/12\/Targ-de-Craciun-Plaza-Mayor-Madrid-lumini-si-atmosfera-festiva.jpg\" alt=\"Piete de Craciun Madrid in Plaza Mayor cu casute luminate brad urias si cladiri decorate\" class=\"wp-image-10856\" title=\"\" srcset=\"https:\/\/www.the-travel-bunny.com\/ro\/wp-content\/uploads\/sites\/2\/2018\/12\/Targ-de-Craciun-Plaza-Mayor-Madrid-lumini-si-atmosfera-festiva.jpg 792w, https:\/\/www.the-travel-bunny.com\/ro\/wp-content\/uploads\/sites\/2\/2018\/12\/Targ-de-Craciun-Plaza-Mayor-Madrid-lumini-si-atmosfera-festiva-300x111.jpg 300w, https:\/\/www.the-travel-bunny.com\/ro\/wp-content\/uploads\/sites\/2\/2018\/12\/Targ-de-Craciun-Plaza-Mayor-Madrid-lumini-si-atmosfera-festiva-768x285.jpg 768w\" sizes=\"auto, (max-width: 792px) 100vw, 792px\" \/><figcaption class=\"wp-element-caption\"><em>Plaza Mayor devine cel mai emblematic t\u00e2rg de Cr\u0103ciun la Madrid \u00een fiecare decembrie. Tarabele luminate, bradul uria\u0219 \u0219i pia\u021ba plin\u0103 creeaz\u0103 o scen\u0103 clasic\u0103 de s\u0103rb\u0103tori chiar \u00een inima ora\u0219ului.<\/em><\/figcaption><\/figure>\n\n\n\n<h2 class=\"wp-block-heading\" id=\"when-does-madrid-celebrate-christmas\">C\u00e2nd s\u0103rb\u0103tore\u0219te Madridul Cr\u0103ciunul?<\/h2>\n\n\n\n<p><strong>Sezonul de s\u0103rb\u0103tori \u00een Madrid \u00eencepe devreme<\/strong>. A\u0219a cum se \u00eent\u00e2mpl\u0103 \u00een multe destina\u021bii populare de iarn\u0103, atmosfera festiv\u0103 nu a\u0219teapt\u0103 luna decembrie. Totul prinde via\u021b\u0103 la jum\u0103tatea lui noiembrie \u0219i atinge punctul culminant la \u00eenceput de ianuarie, c\u00e2nd are loc <strong>parada Regilor Magi Madrid<\/strong>. Dac\u0103 \u00ee\u021bi planifici vacan\u021ba, momentul conteaz\u0103. Unele dintre cele mai importante <strong>evenimente de Cr\u0103ciun Madrid<\/strong> se \u00eent\u00e2mpl\u0103 \u00eenainte de Ajun, altele trec \u00een noul an. Mai jos g\u0103se\u0219ti calendarul complet al s\u0103rb\u0103torilor din ora\u0219, cu date-cheie pe care orice c\u0103l\u0103tor sau expat ar trebui s\u0103 le \u0219tie.<\/p>\n\n\n\n<div style=\"height:10px\" aria-hidden=\"true\" class=\"wp-block-spacer\"><\/div>\n\n\n\n<h3 class=\"wp-block-heading\" id=\"when-does-madrid-put-up-christmas-lights\">C\u00e2nd aprinde Madrid lumini\u021bele de Cr\u0103ciun?<\/h3>\n\n\n\n<p>Madrid apas\u0103 pe \u00eentrerup\u0103tor pe <strong>22 noiembrie<\/strong>. Atunci primarul deschide oficial <strong><a href=\"https:\/\/www.navidadmadrid.com\/es\/programa\" target=\"_blank\" rel=\"noreferrer noopener\">sezonul festiv din Madrid<\/a><\/strong> \u0219i ora\u0219ul explodeaz\u0103 \u00een peste 13 milioane de LED-uri care lumineaz\u0103 cele 21 de districte. Unii dintre cei mai buni designeri creeaz\u0103 instala\u021biile, iar rutele se schimb\u0103 anual. Totu\u0219i, Gran V\u00eda, Calle de Alcal\u00e1 \u0219i Serrano r\u0103m\u00e2n puncte centrale pentru lumini\u021be de Cr\u0103ciun Madrid.<\/p>\n\n\n\n<p>Dac\u0103 te \u00eentrebi <strong><em>c\u00e2nd se aprind lumini\u021bele de Cr\u0103ciun \u00een Madrid<\/em><\/strong>, ia-le ca pe primul semn al sezonului. Majoritatea cartierelor \u0219i vitrinelor sunt decorate p\u00e2n\u0103 \u00een a treia s\u0103pt\u0103m\u00e2n\u0103 din noiembrie. Bradul apare imediat dup\u0103, iar cel mai mare se afl\u0103 \u00een Puerta del Sol. <\/p>\n\n\n\n<hr class=\"wp-block-separator has-alpha-channel-opacity is-style-dots\"\/>\n\n\n\n<h3 class=\"wp-block-heading\">Zilele Constitu\u021biei \u0219i ale Imaculatei Concep\u021bii<\/h3>\n\n\n\n<p><strong>Sezonul de s\u0103rb\u0103tori din Madrid<\/strong> prinde ritm la \u00eenceputul lui decembrie, odat\u0103 cu dou\u0103 zile libere: <strong>Ziua Constitu\u021biei<\/strong>, pe 6 decembrie, \u0219i <strong>Ziua Imaculatei Concep\u021bii<\/strong>, pe 8 decembrie. Aceste date creeaz\u0103 un weekend prelungit cunoscut pentru c\u0103l\u0103torii interne, magazine aglomerate \u0219i primele pie\u021be de Cr\u0103ciun din Madrid.<\/p>\n\n\n\n<p class=\"has-extra-info-background-color has-background\"><strong>Sfat C\u0103l\u0103torie Madrid de Cr\u0103ciun<\/strong>: Dac\u0103 zbori \u00een s\u0103pt\u0103m\u00e2na aceea, rezerv\u0103 devreme. Trenurile, hotelurile \u0219i zborurile se ocup\u0103 rapid.<\/p>\n\n\n\n<hr class=\"wp-block-separator has-alpha-channel-opacity is-style-dots\"\/>\n\n\n\n<h3 class=\"wp-block-heading\">C\u00e2nd \u00eencepe cu adev\u0103rat Cr\u0103ciunul \u00een Madrid?<\/h3>\n\n\n\n<p>Chiar dac\u0103 lumini\u021bele \u0219i zilele libere vin mai devreme, cei mai mul\u021bi localnici spun c\u0103 <strong>totul \u00eencepe cu Nochebuena, pe 24 decembrie<\/strong>. Aceasta este Ajunul Cr\u0103ciunului, cea mai important\u0103 sear\u0103 \u00een familie. Aici intr\u0103 \u0219i multe tradi\u021bii de Cr\u0103ciun \u00een Madrid, pentru c\u0103 familiile se adun\u0103 la cina principal\u0103 a s\u0103rb\u0103torilor. Str\u0103zile se golesc devreme, magazinele se \u00eenchid, transportul public \u00eencetine\u0219te, iar turi\u0219tii care nu planific\u0103 \u00een avans descoper\u0103 c\u0103 multe restaurante nu mai au locuri.<\/p>\n\n\n\n<hr class=\"wp-block-separator has-alpha-channel-opacity is-style-dots\"\/>\n\n\n\n<h3 class=\"wp-block-heading\">Ziua de Cr\u0103ciun \u00een Madrid<\/h3>\n\n\n\n<p><strong>Ziua de Cr\u0103ciun \u00een Madrid este pe 25 decembrie<\/strong> \u0219i ora\u0219ul se lini\u0219te\u0219te complet. Majoritatea magazinelor \u0219i institu\u021biilor culturale sunt \u00eenchise. Unele restaurante de hotel r\u0103m\u00e2n deschise, la fel \u0219i c\u00e2teva cafenele cu churros precum San Gin\u00e9s, dar cu program redus. Nu este o zi pentru spontaneitate, a\u0219a c\u0103 verific\u0103 programul \u0219i f\u0103-\u021bi rezerv\u0103ri din timp dac\u0103 vrei s\u0103 profi\u021bi de atmosfera din Madrid de Cr\u0103ciun.<\/p>\n\n\n\n<hr class=\"wp-block-separator has-alpha-channel-opacity is-style-dots\"\/>\n\n\n\n<h3 class=\"wp-block-heading\">Revelionul \u00een Madrid sau <em>Nochevieja<\/em><\/h3>\n\n\n\n<p><strong>Revelionul \u00een Madrid<\/strong> \u00eencepe pe 31 decembrie. Cel mai mare party din ora\u0219 are loc la <strong>Puerta del Sol<\/strong>, unde mii de oameni se str\u00e2ng ca s\u0103 m\u0103n\u00e2nce 12 boabe de struguri la miezul nop\u021bii. Dac\u0103 vrei s\u0103 participi, ajungi devreme. Poli\u021bia blocheaz\u0103 accesul c\u00e2nd spa\u021biul se umple. Metro-ul circul\u0103 toat\u0103 noaptea, dar unele str\u0103zi se \u00eenchid. Alege un loc de cazare la care ajungi pe jos sau aflat \u00een zone unde transportul public r\u0103m\u00e2ne deschis.<\/p>\n\n\n\n<hr class=\"wp-block-separator has-alpha-channel-opacity is-style-dots\"\/>\n\n\n\n<h3 class=\"wp-block-heading\">Parada Regilor Magi din Madrid<\/h3>\n\n\n\n<p><strong>Paradele regilor Magi Madrid au loc \u00een seara de 5 ianuarie<\/strong>. Este cel mai important moment din calendarul de <strong>evenimente de Cr\u0103ciun Madrid<\/strong> pentru familii. Care alegorice, dansatori \u0219i cei Trei Regi traverseaz\u0103 ora\u0219ul \u0219i arunc\u0103 bomboane spre mul\u021bime. Traseul principal urmeaz\u0103 adesea Paseo de la Castellana \u0219i se \u00eencheie la Cibeles. Te a\u0219teapt\u0103 str\u0103zi \u00eenchise \u0219i aglomera\u021bie serioas\u0103.<\/p>\n\n\n\n<hr class=\"wp-block-separator has-alpha-channel-opacity is-style-dots\"\/>\n\n\n\n<h3 class=\"wp-block-heading\">Ziua Regilor sau <em>D\u00eda de Reyes<\/em><\/h3>\n\n\n\n<p><strong>D\u00eda de Reyes, pe 6 ianuarie, marcheaz\u0103 finalul sezonului de Cr\u0103ciun \u00een Madrid<\/strong>. Copiii din Spania se trezesc cu daruri de la cei Trei Regi, nu de la Mo\u0219 Cr\u0103ciun. Majoritatea afacerilor r\u0103m\u00e2n \u00eenchise. Cofet\u0103riile epuizeaz\u0103 rapid <strong>rosc\u00f3n de reyes Madrid<\/strong>. Dac\u0103 vrei s\u0103 tr\u0103ie\u0219ti <strong><a href=\"https:\/\/www.the-travel-bunny.com\/ro\/eticheta\/obiceiuri-si-traditii\/\" data-type=\"post_tag\" data-id=\"75\">tradi\u021bia<\/a><\/strong>, ie\u0219i devreme \u0219i intr\u0103 \u00een r\u00e2nd la orice pasteler\u00eda din cartier.<\/p>\n\n\n\n<div style=\"height:10px\" aria-hidden=\"true\" class=\"wp-block-spacer\"><\/div>\n\n\n\n<p>Acestea sunt reperele fixe din <strong>calendarul pie\u021belor \u0219i evenimentelor de Cr\u0103ciun la Madrid<\/strong>. Dac\u0103 pl\u0103nuie\u0219ti o <strong>vacan\u021b\u0103 de iarn\u0103 \u00een Madrid<\/strong>, aceast\u0103 cronologie \u00ee\u021bi ancoreaz\u0103 zborurile, caz\u0103rea \u0219i rezerv\u0103rile. Unele dintre cele mai bune experien\u021be apar cu mult \u00eenainte de Ajun (lumini\u021be, pie\u021be de Cr\u0103ciun, spectacole \u0219i evenimente culturale). Altele, precum zilele dedicate Regilor Magi, prelungesc sezonul p\u00e2n\u0103 \u00een noul an.<\/p>\n\n\n\n<hr class=\"wp-block-separator has-alpha-channel-opacity\"\/>\n\n\n\n<figure class=\"wp-block-image size-full\"><img loading=\"lazy\" decoding=\"async\" width=\"792\" height=\"294\" src=\"https:\/\/www.the-travel-bunny.com\/ro\/wp-content\/uploads\/sites\/2\/2018\/12\/Iarna-in-Madrid-zapada-pe-strazile-orasului-de-Craciun.jpg\" alt=\"Alee acoperita de zapada intre blocuri in Madrid cu copaci pudrati si trotuare albe\" class=\"wp-image-10858\" title=\"\" srcset=\"https:\/\/www.the-travel-bunny.com\/ro\/wp-content\/uploads\/sites\/2\/2018\/12\/Iarna-in-Madrid-zapada-pe-strazile-orasului-de-Craciun.jpg 792w, https:\/\/www.the-travel-bunny.com\/ro\/wp-content\/uploads\/sites\/2\/2018\/12\/Iarna-in-Madrid-zapada-pe-strazile-orasului-de-Craciun-300x111.jpg 300w, https:\/\/www.the-travel-bunny.com\/ro\/wp-content\/uploads\/sites\/2\/2018\/12\/Iarna-in-Madrid-zapada-pe-strazile-orasului-de-Craciun-768x285.jpg 768w\" sizes=\"auto, (max-width: 792px) 100vw, 792px\" \/><figcaption class=\"wp-element-caption\"><em>Ninsoarea abundent\u0103 transform\u0103 un cartier din Madrid \u00eentr-o scen\u0103 de iarn\u0103 rar\u0103. Copacii acoperi\u021bi \u0219i str\u0103zile t\u0103cute surprind o latur\u0103 lini\u0219tit\u0103 a ora\u0219ului pe care nu o vezi des.<\/em><\/figcaption><\/figure>\n\n\n\n<h2 class=\"wp-block-heading\" id=\"madrid-december-weather-what-to-pack\">Vremea din Madrid \u00een decembrie \u0219i ce s\u0103 \u00eempachetezi<\/h2>\n\n\n\n<p><strong>E\u0219ti \u00een vacan\u021b\u0103 la Madrid de Cr\u0103ciun?<\/strong> A\u0219teapt\u0103-te la cer senin, seri reci \u0219i un frig uscat care apare imediat dup\u0103 apus. Fie c\u0103 ie\u0219i la s\u0103 vezi lumini\u021bele de Cr\u0103ciun, sau s\u0103 te plimbi prin pie\u021be, s\u0103 \u00een\u021belegi <strong>vremea \u00een Madrid de Cr\u0103ciun<\/strong> te ajut\u0103 s\u0103 \u00eempachetezi eficient. Sec\u021biunea aceasta din ghidul de Cr\u0103ciun al The Travel Bunny explic\u0103 la ce s\u0103 te a\u0219tep\u021bi de la <strong><a href=\"https:\/\/weather.com\/en-GB\/weather\/monthly\/l\/1e17152a1d91d9b48200f253f825e729b741b326883aaf255ed1951091dc4806\" target=\"_blank\" rel=\"noreferrer noopener\">vreme \u00een decembrie la Madrid<\/a><\/strong>, r\u0103spunde dac\u0103 ninge \u00een Madrid de Cr\u0103ciun \u0219i \u00ee\u021bi ofer\u0103 o list\u0103 realist\u0103 pentru bagaje de iarn\u0103, ca s\u0103 r\u0103m\u00e2i protejat(\u0103) f\u0103r\u0103 s\u0103 exagerezi cu hainele.<\/p>\n\n\n\n<div style=\"height:10px\" aria-hidden=\"true\" class=\"wp-block-spacer\"><\/div>\n\n\n\n<h3 class=\"wp-block-heading\">Cum este vremea \u00een Madrid de Cr\u0103ciun?<\/h3>\n\n\n\n<p><strong>Vremea \u00een Madrid de Cr\u0103ciun<\/strong> e mai rece dec\u00e2t se a\u0219teapt\u0103 mul\u021bi vizitatori. Ora\u0219ul \u00eenghea\u021b\u0103 rar, dar ziua temperaturile se \u00eenv\u00e2rt \u00een jur de 10\u00b0C, iar noaptea coboar\u0103 des spre 3\u00b0C. Iarna e uscat\u0103, iar v\u00e2ntul poate accentua frigul \u00een pie\u021bele deschise sau pe bulevarde precum Gran V\u00eda. \u00cempacheteaz\u0103 haine de iarn\u0103, dar las\u0103 bocancii pentru z\u0103pad\u0103 acas\u0103.<\/p>\n\n\n\n<hr class=\"wp-block-separator has-alpha-channel-opacity is-style-dots\"\/>\n\n\n\n<h3 class=\"wp-block-heading\">Este Madrid rece \u00een decembrie?<\/h3>\n\n\n\n<p>Da, la <strong>Madrid \u00een decembrie<\/strong> frigul se simte, mai ales dac\u0103 vii din <strong><a href=\"https:\/\/www.the-travel-bunny.com\/ro\/categorie\/europa\/spania\/\" data-type=\"category\" data-id=\"43\">Spania<\/a><\/strong> de sud sau din zone de coast\u0103. Altitudinea de aproximativ 650 de metri accentueaz\u0103 senza\u021bia. Dimine\u021bile sunt t\u0103ioase, iar r\u0103coarea persist\u0103 p\u00e2n\u0103 seara. Chiar dac\u0103 ai parte de soare \u00een multe zile, aerul r\u0103m\u00e2ne aspru. Dac\u0103 te \u00eentrebi <strong><em>c\u00e2t de rece este Madrid de Cr\u0103ciun?<\/em><\/strong>, preg\u0103te\u0219te-te pentru iarna castilian\u0103 uscat\u0103.<\/p>\n\n\n\n<hr class=\"wp-block-separator has-alpha-channel-opacity is-style-dots\"\/>\n\n\n\n<h3 class=\"wp-block-heading\">Ninge \u00een Madrid de Cr\u0103ciun?<\/h3>\n\n\n\n<p>Nu, <strong>z\u0103pada \u00een Madrid \u00een decembrie<\/strong> apare foarte rar. Ora\u0219ul se afl\u0103 pe un platou \u0219i prime\u0219te pu\u021bine precipita\u021bii iarna. Po\u021bi vedea brum\u0103 sau lapovi\u021b\u0103 o dat\u0103 sau de dou\u0103 ori pe sezon, dar nu se depune. Dac\u0103 visezi la un Cr\u0103ciun alb, planific\u0103 o excursie de o zi \u00een Sierra de Guadarrama.<\/p>\n\n\n\n<hr class=\"wp-block-separator has-alpha-channel-opacity is-style-dots\"\/>\n\n\n\n<h3 class=\"wp-block-heading\">Ce s\u0103 por\u021bi \u00een Madrid \u00een decembrie<\/h3>\n\n\n\n<p>Localnicii se \u00eembrac\u0103 \u00een straturi \u0219i ar trebui s\u0103 faci \u0219i tu la fel. Dac\u0103 nu \u0219tii <strong>ce s\u0103 por\u021bi \u00een madrid de Cr\u0103ciun<\/strong>, g\u00e2nde\u0219te-te la un tricou termic, pulover, palton c\u0103ptu\u0219it, blugi sau pantaloni \u0219i o e\u0219arf\u0103. Adaug\u0103 m\u0103nu\u0219i \u0219i o c\u0103ciul\u0103 c\u0103lduroas\u0103 pentru plimb\u0103rile de sear\u0103 sau dac\u0103 stai mult afar\u0103 s\u0103 vezi lumini\u021bele de Cr\u0103ciun.<\/p>\n\n\n\n<hr class=\"wp-block-separator has-alpha-channel-opacity is-style-dots\"\/>\n\n\n\n<h3 class=\"wp-block-heading\">Lista de \u00eempachetat pentru iarna \u00een Madrid<\/h3>\n\n\n\n<p><strong>Aceasta este lista ta de baz\u0103 pentru iarna \u00een capitala Spaniei<\/strong>, util\u0103 indiferent dac\u0103 vii pentru un city break obi\u0219nuit sau pentru Cr\u0103ciun la Madrid. Adu cu tine:<\/p>\n\n\n\n<ul class=\"wp-block-list\">\n<li>Hain\u0103 groas\u0103, preferabil rezistent\u0103 la v\u00e2nt<\/li>\n\n\n\n<li>Fular<\/li>\n\n\n\n<li>M\u0103nu\u0219i<\/li>\n\n\n\n<li>Ghete impermeabile sau pantofi solizi pentru mers mult<\/li>\n\n\n\n<li>Straturi termice<\/li>\n\n\n\n<li>Blugi \u00eenchi\u0219i la culoare sau pantaloni c\u0103ptu\u0219i\u021bi<\/li>\n\n\n\n<li>O \u021binut\u0103 smart casual pentru cine mai elegante<\/li>\n\n\n\n<li>O umbrel\u0103 mic\u0103 pentru momentele rare cu stropi<\/li>\n\n\n\n<li>Power bank, pentru c\u0103 frigul descarc\u0103 telefonul mai repede c\u00e2nd stai mult afar\u0103.<\/li>\n<\/ul>\n\n\n\n<hr class=\"wp-block-separator has-alpha-channel-opacity is-style-dots\"\/>\n\n\n\n<h3 class=\"wp-block-heading\">Ce s\u0103 \u00eempachetezi pentru Madrid de Cr\u0103ciun<\/h3>\n\n\n\n<p>Dac\u0103 ajungi \u00een <strong>sezonul de s\u0103rb\u0103tori<\/strong>, g\u00e2nde\u0219te-te la \u021binute de ora\u0219, dar c\u0103lduroase. S\u0103 \u0219tii <strong>ce s\u0103 por\u021bi \u00een Madrid de Cr\u0103ciun<\/strong> te scute\u0219te de bagaj inutil. Nu vei avea nevoie de echipament pentru z\u0103pad\u0103, \u00eens\u0103 vei aprecia op\u021biunile potrivite pentru vizitat \u0219i pentru seri petrecute la cin\u0103, printre lumini\u021be \u0219i prin pie\u021be de Cr\u0103ciun \u00een Madrid. O geant\u0103 crossbody compact\u0103 e mai sigur\u0103 \u00een zone aglomerate precum t\u00e2rguri sau metrou. Las\u0103 tocurile \u0219i adida\u0219ii sub\u021biri acas\u0103.<\/p>\n\n\n\n<hr class=\"wp-block-separator has-alpha-channel-opacity is-style-dots\"\/>\n\n\n\n<h3 class=\"wp-block-heading\">Cum se \u00eembrac\u0103 localnicii din Madrid \u00een decembrie<\/h3>\n\n\n\n<p><strong>Localnicii ador\u0103 paltoanele \u0219i bocancii<\/strong>. Vei vedea de toate, de la peacoat-uri din l\u00e2n\u0103 la jachete din piele. Dac\u0103 vrei stil f\u0103r\u0103 s\u0103 \u00eenghe\u021bi, urmeaz\u0103-le exemplul. Ca s\u0103 \u0219tii mereu <strong>cum s\u0103 te \u00eembraci iarna \u00een Madrid<\/strong>, presupune mereu c\u0103 se va sim\u021bi mai rece seara dec\u00e2t arat\u0103 prognoza. Stratifiaz\u0103 inteligent \u0219i p\u0103streaz\u0103 confortul, mai ales c\u00e2nd te plimbi s\u0103 vezi lumini\u021bele de Cr\u0103ciun \u00een Madrid.<\/p>\n\n\n\n<hr class=\"wp-block-separator has-alpha-channel-opacity is-style-dots\"\/>\n\n\n\n<h3 class=\"wp-block-heading\">Vremea \u00een Madrid de Cr\u0103ciun. Lumina zilei \u0219i condi\u021bii meteo<\/h3>\n\n\n\n<p><strong>Vremea \u00een Madrid de Cr\u0103ciun<\/strong> e de obicei \u00eensorit\u0103 \u0219i rece. Ploaia e rar\u0103. Zilele sunt scurte, cu apus \u00een jurul orei 17:45, ceea ce face planificarea din timp esen\u021bial\u0103. Dac\u0103 vrei lumin\u0103 natural\u0103 pentru fotografii, ie\u0219i din cas\u0103 p\u00e2n\u0103 la mijlocul dimine\u021bii. Seara e perfect\u0103 pentru a admira lumini\u021bele de Cr\u0103ciun, pentru cine relaxate \u0219i pentru plimb\u0103ri prin t\u00e2rgurile de Cr\u0103ciun din Madrid. Dar ia cu tine un palton, indiferent ce spune prognoza!<\/p>\n\n\n\n<hr class=\"wp-block-separator has-alpha-channel-opacity is-style-dots\"\/>\n\n\n\n<h3 class=\"wp-block-heading\">C\u00e2t de scump e Madrid de Cr\u0103ciun?<\/h3>\n\n\n\n<p><strong>C\u00e2t de scump e Madrid \u00een perioada s\u0103rb\u0103torilor<\/strong> depinde de momentul vizitei. Zborurile \u0219i hotelurile cresc semnificativ ca pre\u021b de la jum\u0103tatea lui decembrie p\u00e2n\u0103 pe 6 ianuarie. Rezerv\u0103 devreme ca s\u0103 evi\u021bi tarifele de v\u00e2rf. Restaurantele \u0219i cafenelele nu scumpesc mult, \u00eens\u0103 unele meniuri de s\u0103rb\u0103toare vin cu pre\u021b fix. \u00cen pie\u021be g\u0103se\u0219ti op\u021biuni pentru orice buget, dar obiectele artizanale de calitate nu sunt ieftine. Transportul public r\u0103m\u00e2ne la acela\u0219i tarif, \u00eens\u0103 taxiurile pot fi mai greu de g\u0103sit \u00een zilele de s\u0103rb\u0103toare.<\/p>\n\n\n\n<hr class=\"wp-block-separator has-alpha-channel-opacity\"\/>\n\n\n\n<figure class=\"wp-block-image size-full\"><img loading=\"lazy\" decoding=\"async\" width=\"792\" height=\"263\" src=\"https:\/\/www.the-travel-bunny.com\/ro\/wp-content\/uploads\/sites\/2\/2021\/05\/lumini-craciun-in-madrid.jpg\" alt=\"Luminite de Craciun Madrid strazi decorate si cladiri iluminate\" class=\"wp-image-873\" title=\"\" srcset=\"https:\/\/www.the-travel-bunny.com\/ro\/wp-content\/uploads\/sites\/2\/2021\/05\/lumini-craciun-in-madrid.jpg 792w, https:\/\/www.the-travel-bunny.com\/ro\/wp-content\/uploads\/sites\/2\/2021\/05\/lumini-craciun-in-madrid-300x100.jpg 300w, https:\/\/www.the-travel-bunny.com\/ro\/wp-content\/uploads\/sites\/2\/2021\/05\/lumini-craciun-in-madrid-768x255.jpg 768w\" sizes=\"auto, (max-width: 792px) 100vw, 792px\" \/><figcaption class=\"wp-element-caption\"><em>Madrid ridic\u0103 totul la nivel maxim \u00een perioada Cr\u0103ciunului, cu lumini\u021be care str\u0103lucesc pe fiecare strad\u0103. De la tuneluri luminoase la instala\u021biile create de designeri din Chueca \u0219i celebra fa\u021bad\u0103 El Corte Ingl\u00e9s, ora\u0219ul \u00ee\u0219i construie\u0219te propria atmosfer\u0103 de sezon.<\/em><\/figcaption><\/figure>\n\n\n\n<h2 class=\"wp-block-heading\" id=\"madrid-christmas-lights-trails-and-city-decorations\">Trasee de lumini \u0219i decora\u021biuni \u00een Madrid de Cr\u0103ciun<\/h2>\n\n\n\n<p><strong>Lumini\u021bele de Cr\u0103ciun din Madrid<\/strong> devin punctul central al sezonului. Peste 13 milioane de LED-uri lumineaz\u0103 240 de str\u0103zi \u00een toate cele 21 de districte, iar ora\u0219ul se transform\u0103 \u00eentr-o galerie uria\u0219\u0103 \u00een aer liber. Dac\u0103 vii cu prieteni sau dac\u0103 ai aterizat de cur\u00e2nd ca expat, numai luminile pot face decembrie memorabil. Aici afli cele mai bune zone de v\u0103zut, programul aprinderii \u0219i cum func\u021bioneaz\u0103 <strong>autobuzul Naviluz Madrid<\/strong> dac\u0103 vrei o variant\u0103 f\u0103r\u0103 mers pe jos.<\/p>\n\n\n\n<div style=\"height:10px\" aria-hidden=\"true\" class=\"wp-block-spacer\"><\/div>\n\n\n\n<h3 class=\"wp-block-heading\">Unde s\u0103 vezi lumini\u021bele de Cr\u0103ciun \u00een Madrid<\/h3>\n\n\n\n<p>Cele mai vizitate locuri din ora\u0219 sunt \u0219i cele mai bune ca <strong>s\u0103 vezi lumini\u021bele de Cr\u0103ciun \u00een Madrid<\/strong>. \u00cencepe cu <strong>luminile din Plaza de Espa\u00f1a<\/strong>, unde g\u0103se\u0219ti instala\u021bii de Cr\u0103ciun mari \u0219i spectaculoase pe care localnicii chiar le caut\u0103. Aici te a\u0219teapt\u0103 tuneluri luminoase, arcade pe sub care po\u021bi trece \u0219i instala\u021bii artistice cu muzic\u0103. E o zon\u0103 lini\u0219tit\u0103 pentru \u00eenceput, \u00eenainte s\u0103 intri \u00een zona aglomerat\u0103 a centrului.<\/p>\n\n\n\n<p>De aici, urmeaz\u0103 <strong>luminile de pe Gran Via p\u00e2n\u0103 la Calle Alcal\u00e1<\/strong>. Sunt cele mai fotografiate lumini din ora\u0219. Vei trece pe sub valuri LED animate, arcade tematice \u0219i fa\u021bade \u00eembr\u0103cate \u00een culoare. Opre\u0219te-te pentru churros sau castane coapte dac\u0103 sim\u021bi nevoia unui mic r\u0103gaz.<\/p>\n\n\n\n<blockquote class=\"wp-block-quote is-layout-flow wp-block-quote-is-layout-flow\">\n<p>Vrei cele mai bune fotografii \u0219i zero b\u0103t\u0103i de cap? <strong><a href=\"https:\/\/getyourguide.tpx.lv\/ty15FtSr\" target=\"_blank\" rel=\"noreferrer noopener sponsored\">Rezerv\u0103 acum turul privat cu tuk tuk pentru luminile de Cr\u0103ciun din Madrid<\/a><\/strong> \u0219i plimb\u0103-te relaxat prin str\u0103zile festive ale ora\u0219ului.<\/p>\n<\/blockquote>\n\n\n\n<hr class=\"wp-block-separator has-alpha-channel-opacity is-style-dots\"\/>\n\n\n\n<h3 class=\"wp-block-heading\" id=\"puerta-del-sol-and-calle-preciados\">Bradul de Cr\u0103ciun din Puerta del Sol \u0219i Calle Preciados<\/h3>\n\n\n\n<p>\u00cen centrul traseului se afl\u0103 <strong>Puerta del Sol<\/strong>, casa principalului <strong>brad de Cr\u0103ciun din Madrid<\/strong>. Conul metalic de 35 de metri pulseaz\u0103 \u00een culori \u0219i se sincronizeaz\u0103 cu restul instala\u021biilor. Merit\u0103 v\u0103zut, doar c\u0103 se aglomereaz\u0103 puternic seara. Localnicii vin mai t\u00e2rziu, \u00een jur de ora 22.<\/p>\n\n\n\n<p>Dou\u0103 str\u0103zi importante pornesc din Sol. <strong>Calle Preciados de Cr\u0103ciun<\/strong> este decorat\u0103 cu sfere suspendate \u0219i perdele de lumini de la o cl\u0103dire la alta. <strong>Decora\u021biunile de Cr\u0103ciun de pe Calle Goya<\/strong>, \u00een apropiere de Salamanca, au o estetic\u0103 mai minimalist\u0103, dar tot atent construit\u0103. Magazinele de aici \u00ee\u0219i \u00eempodobesc vitrinele, ceea ce adaug\u0103 un plus de atmosfer\u0103.<\/p>\n\n\n\n<hr class=\"wp-block-separator has-alpha-channel-opacity is-style-dots\"\/>\n\n\n\n<h3 class=\"wp-block-heading\">Barrio de Salamanca \u0219i decora\u021biunile de Cr\u0103ciun de pe Paseo de la Castellana<\/h3>\n\n\n\n<p><strong>Decora\u021biunile de Cr\u0103ciun din Barrio de Salamanca<\/strong> sunt elegante \u0219i atent stilizate. Dac\u0103 vrei cadre mai curate pentru fotografii sau un ritm mai lini\u0219tit, aici le g\u0103se\u0219ti. Din Goya, po\u021bi trece spre zona decorat\u0103 de Cr\u0103ciun <strong>Paseo de la Castellana<\/strong> dedicat\u0103 sezonului, unde arcade uria\u0219e acoper\u0103 bulevardele largi. Luminile sunt mai simple, iar contrastul \u00ee\u021bi diversific\u0103 traseul.<\/p>\n\n\n\n<hr class=\"wp-block-separator has-alpha-channel-opacity is-style-dots\"\/>\n\n\n\n<h3 class=\"wp-block-heading\">Lumini\u021be de Cr\u0103ciun \u00een Parcul Retiro<\/h3>\n\n\n\n<p>Main nou \u00een ultimii ani, <strong>iluminatul de Cr\u0103ciun din Parcul Retiro<\/strong> include acum o re\u021bea de alei luminate \u0219i gr\u0103dini cu sculpturi. Este unul dintre pu\u021binele spa\u021bii verzi din Madrid cu instala\u021bii oficiale \u0219i r\u0103m\u00e2ne lini\u0219tit chiar \u0219i dup\u0103 ora 20. Dac\u0103 vrei un <strong>Cr\u0103ciun la Madrid f\u0103r\u0103 aglomera\u021bie<\/strong>, cu instala\u021bii pe care localnicii le apreciaz\u0103, Retiro e o alegere excelent\u0103.<\/p>\n\n\n\n<blockquote class=\"wp-block-quote is-layout-flow wp-block-quote-is-layout-flow\">\n<p>Vrei o plimbare festiv\u0103 prin str\u0103lucirea de s\u0103rb\u0103tori din Retiro? <strong><a href=\"https:\/\/getyourguide.tpx.lv\/olptIWOD\" target=\"_blank\" rel=\"noreferrer noopener sponsored\">Rezerv\u0103 chiar turul cu bicicleta pentru luminile de Cr\u0103ciun din Parcul Retiro<\/a><\/strong>.<\/p>\n<\/blockquote>\n\n\n\n<hr class=\"wp-block-separator has-alpha-channel-opacity is-style-dots\"\/>\n\n\n\n<h3 class=\"wp-block-heading\">Traseu pe cont propriu \u00eentre Gran V\u00eda \u0219i Cibeles<\/h3>\n\n\n\n<p>Un traseu simplu acoper\u0103 c\u00e2teva dintre cele mai bune lumini\u021be de sezon. <strong>Porne\u0219ti din Plaza de Espa\u00f1a<\/strong>, continui pe <strong>Gran V\u00eda<\/strong>, te opre\u0219ti la <strong>Puerta del Sol<\/strong> pentru bradul de Cr\u0103ciun, apoi urmezi <strong>Calle de Alcal\u00e1 sau Calle Mayor p\u00e2n\u0103 la Cibeles<\/strong> \u0219i termini \u00een <strong>Barrio Salamanca<\/strong>. Bucla dureaz\u0103 cam o or\u0103 la pas lejer \u0219i te duce prin multe zone esen\u021biale, cu destule momente pentru poze, ciocolat\u0103 sau churros. Cel mai bine o faci imediat dup\u0103 apus, c\u00e2nd lumini\u021bele de Cr\u0103ciun din Madrid se aprind \u0219i mul\u021bimea se risipe\u0219te.<\/p>\n\n\n\n<hr class=\"wp-block-separator has-alpha-channel-opacity is-style-dots\"\/>\n\n\n\n<h3 class=\"wp-block-heading\">Turul luminilor cu autobuzul Naviluz Madrid<\/h3>\n\n\n\n<p><strong>Plimbarea cu autobuzul Naviluz Madrid<\/strong> e un tur descoperit, conceput s\u0103 \u00ee\u021bi arate cele mai frumoase lumini de s\u0103rb\u0103tori, \u00eens\u0103 recenziile recente de la localnici \u0219i vizitatori arat\u0103 c\u0103 experien\u021ba nu mai impresioneaz\u0103 pe toat\u0103 lumea. De\u0219i atrage mii de rezerv\u0103ri \u00een fiecare sezon de Cr\u0103ciun \u00een Madrid, ruta actual\u0103 \u0219i experien\u021ba general\u0103 au dezam\u0103git mul\u021bi vizitatori care reveneau \u00een ora\u0219.<\/p>\n\n\n\n<p>Una dintre cele mai mari nemul\u021bumiri este <strong>scurtarea rutei<\/strong>. De\u0219i turul e promovat ca dur\u00e2nd 50 de minute, multe persoane au raportat plimb\u0103ri de doar 20 p\u00e2n\u0103 la 35 de minute. Unele autobuze au s\u0103rit peste str\u0103zi importante, rat\u00e2nd inclusiv <strong>luminile de Cr\u0103ciun de pe Gran V\u00eda<\/strong>, pentru a trece zone slab decorate sau complet neiluminate. Al\u021bii au men\u021bionat lipsa oric\u0103rei descrieri, muzici festive sau orient\u0103ri de baz\u0103. Pentru un bilet \u00eentre 8 \u0219i 15 euro, mul\u021bi au sim\u021bit c\u0103 nu merit\u0103 costul.<\/p>\n\n\n\n<p>Familiile care visau o experien\u021b\u0103 magic\u0103 de s\u0103rb\u0103tori au g\u0103sit uneori un tur gr\u0103bit \u0219i lipsit de farmec. Unii au descris servicii slabe pentru clien\u021bi, \u00eembarcare haotic\u0103 \u0219i schimb\u0103ri de ultim moment ale punctului de plecare. \u00cen sezonul 2025, plecarea nu mai este din <strong>Plaza de Col\u00f3n<\/strong>, ci din apropierea <strong>Muzeului Prado<\/strong>, ceea ce a creat confuzie pentru cei obi\u0219nui\u021bi cu ruta original\u0103.<\/p>\n\n\n\n<p>Dac\u0103 <strong>vizitezi Madrid \u00een perioada s\u0103rb\u0103torilor<\/strong> \u0219i iei \u00een calcul autobuzul Naviluz, re\u021bine c\u0103 locurile trebuie rezervate online, \u00een avans, mai ales \u00een weekend. Totu\u0219i, poate merit\u0103 s\u0103 \u00ee\u021bi temperezi a\u0219tept\u0103rile sau s\u0103 alegi un traseu pe jos. Luminile de pe <strong>Gran V\u00eda, Calle Alcal\u00e1 \u0219i Puerta del Sol<\/strong> sunt u\u0219or accesibile pe jos \u0219i, dup\u0103 mul\u021bi vizitatori, mult mai impresionante dec\u00e2t cele v\u0103zute din autobuz.<\/p>\n\n\n\n<p>Pentru familiile cu copii mici sau pentru cei care nu pot merge mult, autobuzul Naviluz poate r\u0103m\u00e2ne o variant\u0103 comod\u0103. Pentru to\u021bi ceilal\u021bi, o <strong>plimbare \u00eentre Plaza de Espa\u00f1a \u0219i Cibeles<\/strong> ofer\u0103 mai mult\u0103 libertate, poze mai bune \u0219i mai mult\u0103 atmosfer\u0103 de Cr\u0103ciun \u00een Madrid.<\/p>\n\n\n\n<blockquote class=\"wp-block-quote is-layout-flow wp-block-quote-is-layout-flow\">\n<p>Recenziile pentru Naviluz tot se \u00eenr\u0103ut\u0103\u021besc. <strong><a href=\"https:\/\/getyourguide.tpx.lv\/KQOWfOCI\" target=\"_blank\" rel=\"noreferrer noopener sponsored\">Alege Navibus de la Big Bus Madrid<\/a><\/strong> pentru un tur sigur, cu acoperi\u0219 deschis, prin cele mai bune lumini de Cr\u0103ciun ale ora\u0219ului. P\u00e2n\u0103 acum \u00een decembrie a primit numai evalu\u0103ri de 5 stele.<\/p>\n<\/blockquote>\n\n\n\n<hr class=\"wp-block-separator has-alpha-channel-opacity is-style-dots\"\/>\n\n\n\n<h3 class=\"wp-block-heading\">Sfaturi foto pentru decora\u021biunile de Cr\u0103ciun din Madrid<\/h3>\n\n\n\n<p>Cele mai vizitate locuri pentru <strong>poze cu atrac\u021bii de Cr\u0103ciun din Madrid<\/strong> includ bradul din Puerta del Sol, tunelul de lumini din Plaza de Espa\u00f1a, arcadele luminoase de pe Calle Alcal\u00e1 \u0219i str\u0103du\u021bele elegante din Barrio Salamanca. Majoritatea fotografiilor ies cel mai bine \u00eentre 19:00 \u0219i 20:00, imediat dup\u0103 \u00eenserare. \u00cen timpul s\u0103pt\u0103m\u00e2nii e mai pu\u021bin\u0103 lume. Ia o baterie extern\u0103 \u0219i folose\u0219te modul nocturn al telefonului.<\/p>\n\n\n\n<div style=\"height:10px\" aria-hidden=\"true\" class=\"wp-block-spacer\"><\/div>\n\n\n\n<p>Planificarea traseului conteaz\u0103 enorm. Indiferent dac\u0103 alegi s\u0103 mergi pe jos sau s\u0103 rezervi autobuzul, e esen\u021bial s\u0103 vezi <strong>pie\u021bele de Cr\u0103ciun din madrid<\/strong> \u0219i luminile din ora\u0219. Acestea definesc atmosfera ora\u0219ului \u00een perioada s\u0103rb\u0103torilor \u0219i sunt printre cele mai bune lucruri gratuite pe care le po\u021bi face. Creeaz\u0103 o rut\u0103 \u00eentre <strong>luminile de Cr\u0103ciun de pe Gran V\u00eda, Puerta del Sol \u0219i Cibeles<\/strong> \u0219i vei surprinde tot ce are ora\u0219ul mai bun \u00een sezonul de s\u0103rb\u0103tori.<\/p>\n\n\n\n<hr class=\"wp-block-separator has-alpha-channel-opacity\"\/>\n\n\n\n<figure class=\"wp-block-image size-full\"><img loading=\"lazy\" decoding=\"async\" width=\"792\" height=\"294\" src=\"https:\/\/www.the-travel-bunny.com\/ro\/wp-content\/uploads\/sites\/2\/2021\/05\/targ-de-craciun-in-madrid.jpg\" alt=\"Vizitatori care privesc casute decorate cu jucarii si produse de sezon intr un targ de Craciun Madrid\" class=\"wp-image-872\" title=\"\" srcset=\"https:\/\/www.the-travel-bunny.com\/ro\/wp-content\/uploads\/sites\/2\/2021\/05\/targ-de-craciun-in-madrid.jpg 792w, https:\/\/www.the-travel-bunny.com\/ro\/wp-content\/uploads\/sites\/2\/2021\/05\/targ-de-craciun-in-madrid-300x111.jpg 300w, https:\/\/www.the-travel-bunny.com\/ro\/wp-content\/uploads\/sites\/2\/2021\/05\/targ-de-craciun-in-madrid-768x285.jpg 768w\" sizes=\"auto, (max-width: 792px) 100vw, 792px\" \/><figcaption class=\"wp-element-caption\"><em>Vizitatorii se plimb\u0103 printre tarabe la unul dintre pie\u021be de cr\u0103ciun Madrid. Juc\u0103rii, accesorii de iarn\u0103 \u0219i decora\u021biuni de sezon transform\u0103 locul \u00eentr-un spa\u021biu ideal pentru cump\u0103r\u0103turi festive \u0219i cadouri locale.<\/em><\/figcaption><\/figure>\n\n\n\n<h2 class=\"wp-block-heading\" id=\"madrids-christmas-markets-with-dates\">Pie\u021bele de Cr\u0103ciun din Madrid cu date pentru 2025<\/h2>\n\n\n\n<p><strong>Madrid de Cr\u0103ciun<\/strong> prinde via\u021b\u0103 \u00een pie\u021be aglomerate, lumini\u021be \u0219i miros de dulciuri. Din ultimele zile ale lui noiembrie p\u00e2n\u0103 la \u00eenceput de ianuarie, pie\u021bele din ora\u0219 se umplu cu c\u0103su\u021be din lemn \u0219i produse tradi\u021bionale. Dac\u0103 vrei s\u0103 faci cump\u0103r\u0103turi, s\u0103 observi atmosfera sau s\u0103 cau\u021bi deserturi spaniole autentice, aceste locuri \u00ee\u021bi definesc <strong>experien\u021ba de Cr\u0103ciun la Madrid<\/strong>. Mai jos ai loca\u021biile principale pentru 2025, cu ore, perioade \u0219i motive s\u0103 le treci pe list\u0103.<\/p>\n\n\n\n<div style=\"height:10px\" aria-hidden=\"true\" class=\"wp-block-spacer\"><\/div>\n\n\n\n<h3 class=\"wp-block-heading\">T\u00e2rgul de Cr\u0103ciun Plaza Mayor<\/h3>\n\n\n\n<p><strong><a href=\"https:\/\/www.mercadonavidadplazamayor.com\/\" target=\"_blank\" rel=\"noreferrer noopener\">T\u00e2rgul de  Cr\u0103ciun din Plaza Mayor<\/a><\/strong> este cel mai vechi \u0219i mai faimos din ora\u0219. Se desf\u0103\u0219oar\u0103 \u00een pia\u021ba istoric\u0103 din centru, cu deschidere pe <strong>27 noiembrie<\/strong> \u0219i program p\u00e2n\u0103 pe <strong>31 decembrie<\/strong>. Aproximativ o sut\u0103 de tarabe v\u00e2nd figurine pentru bel\u00e9n Madrid (<em>Plaza Mayor Madrid puestos Navidad<\/em>) \u0219i alte scene cu na\u0219terea Domnului, costume de s\u0103rb\u0103tori, ornamente \u0219i dulciuri clasice. <strong>Mercado de Navidad Plaza Mayor<\/strong> se umple rapid \u00een weekend, de aceea o vizit\u0103 \u00eentr-o diminea\u021b\u0103 din timpul s\u0103pt\u0103m\u00e2nii \u00ee\u021bi ofer\u0103 mai mult spa\u021biu \u0219i fotografii mai bune.<\/p>\n\n\n\n<p><strong>Aici g\u0103se\u0219ti cadouri artizanale din Madrid<\/strong>, de la lum\u00e2n\u0103ri f\u0103cute manual la figurine din lut. Majoritatea standurilor sunt deschise <strong>\u00eentre 10.30 \u0219i 21.30<\/strong>, cu program prelungit vinerea \u0219i s\u00e2mb\u0103ta. Zona nu exceleaz\u0103 la m\u00e2ncare, dar este ideal\u0103 dac\u0103 vrei s\u0103 \u0219tii <strong>ce merit\u0103 s\u0103 cumeri din pie\u021be de Cr\u0103ciun la Madrid<\/strong> pentru un suvenir cu specific local.<\/p>\n\n\n\n<blockquote class=\"wp-block-quote is-layout-flow wp-block-quote-is-layout-flow\">\n<p>Vrei s\u0103 \u00een\u021belegi mai bine centrul festiv al Madridului? <strong><a href=\"https:\/\/getyourguide.tpx.lv\/GmTgTBYH\" target=\"_blank\" rel=\"noreferrer noopener sponsored\">Rezerv\u0103 aici turul pietonal al T\u00e2rgului de Cr\u0103ciun din Plaza Mayor<\/a><\/strong> \u0219i descoper\u0103 cele mai bune locuri de sezon al\u0103turi de un ghid local.<\/p>\n<\/blockquote>\n\n\n\n<hr class=\"wp-block-separator has-alpha-channel-opacity is-style-dots\"\/>\n\n\n\n<h3 class=\"wp-block-heading\" id=\"paseo-de-recoletos-craft-fair\">T\u00e2rgul de Artizanat Paseo de Recoletos<\/h3>\n\n\n\n<p><strong>Fiera Mercado de Artisania de pe Paseo de Recoletos<\/strong> ocup\u0103 bulevardul dintre Cibeles \u0219i Plaza de Col\u00f3n. Este o oprire excelent\u0103 pentru cei interesa\u021bi de design tradi\u021bional spaniol \u0219i de obiecte create manual. Tarabele propun ceramic\u0103, produse din lemn, articole din piele \u0219i lucr\u0103ri textile din toat\u0103 Spania. Atmosfera e mai elegant\u0103 dec\u00e2t festiv\u0103, perfect\u0103 pentru cei care caut\u0103 <strong>cadouri autentice la pie\u021be de Cr\u0103ciun din Madrid<\/strong>, care nu par produse \u00een serie.<\/p>\n\n\n\n<p>T\u00e2rguleste deschis \u00eencep\u00e2nd cu 21 noiembroe p\u00e2n\u0103 la \u00eenceputul lui ianuarie. Programul standard este <strong>11.00-21.00<\/strong>. Este unul dintre cele mai bune locuri pentru <strong>cump\u0103r\u0103turi de calitate \u00een Madrid<\/strong>, f\u0103r\u0103 aglomera\u021bia din zonele centrale.<\/p>\n\n\n\n<hr class=\"wp-block-separator has-alpha-channel-opacity is-style-dots\"\/>\n\n\n\n<h3 class=\"wp-block-heading\">T\u00e2rgul de Cr\u0103ciun din Plaza de Col\u00f3n<\/h3>\n\n\n\n<p><strong>T\u00e2rgul de s\u0103rb\u0103tori din Plaza de Col\u00f3n<\/strong> combin\u0103 tarabe cu m\u00e2ncare, activit\u0103\u021bi pentru copii \u0219i standuri cu produse de sezon. Ce o diferen\u021biaz\u0103 este perioada de func\u021bionare. Se deschide de la \u00eenceput de decembrie <strong>p\u00e2n\u0103 pe 6 ianuarie<\/strong>, ceea ce o transform\u0103 aceast\u0103 pia\u021b\u0103 de Cr\u0103ciun \u00eentr-o op\u021biune excelent\u0103 pentru cei care r\u0103m\u00e2n \u00een ora\u0219 dup\u0103 <strong>revelion \u00een Madrid<\/strong>. Dac\u0103 \u00ee\u021bi dore\u0219ti o variant\u0103 mai lini\u0219tit\u0103 dec\u00e2t pie\u021bele centrale, Col\u00f3n este alegerea potrivit\u0103.<\/p>\n\n\n\n<p>Oferta se schimb\u0103 anual, dar de obicei g\u0103se\u0219ti mezeluri, <em>turr\u00f3n<\/em>, ciocolat\u0103 \u0219i vinuri de sezon. E un loc util pentru cei care ajung t\u00e2rziu \u00een Madrid sau pentru localnici care fac cump\u0103r\u0103turi \u00een ultima clip\u0103. Dac\u0103 vrei s\u0103 vizitezi un <strong>t\u00e2rg de Cr\u0103ciun \u00een Madrid la \u00eenceput de ianuarie<\/strong>, acesta \u00ee\u021bi ofer\u0103 cea mai mare flexibilitate.<\/p>\n\n\n\n<hr class=\"wp-block-separator has-alpha-channel-opacity is-style-dots\"\/>\n\n\n\n<h3 class=\"wp-block-heading\">Bouticuri &amp; Pie\u021be de Cr\u0103ciun Alternative<\/h3>\n\n\n\n<p>Pe l\u00e2ng\u0103 pie\u021bele principale, \u00een decembrie apar \u0219i <strong>pie\u021be de Cr\u0103ciun mici, \u00een stil boutique<\/strong>. Unul dintre cele mai populare este <strong>Mercado del Gato<\/strong>, organizat \u00een loca\u021bii precum Westin Palace sau Gran V\u00eda. Aici g\u0103se\u0219ti standuri atent curate, piese de mod\u0103, bijuterii vintage \u0219i produse gourmet. Este o alternativ\u0103 elegant\u0103 la atmosfera tradi\u021bional\u0103 din Plaza Mayor \u0219i o alegere inspirat\u0103 pentru cei care caut\u0103 <strong>pie\u021be cu atrac\u021bii de Cr\u0103ciun Madrid<\/strong> cu o not\u0103 modern\u0103.<\/p>\n\n\n\n<hr class=\"wp-block-separator has-alpha-channel-opacity is-style-dots\"\/>\n\n\n\n<h3 class=\"wp-block-heading\">Calendarul Pie\u021belor de Cr\u0103ciun Madrid 2025<\/h3>\n\n\n\n<figure class=\"wp-block-table is-style-stripes\" style=\"font-size:15px\"><table class=\"has-fixed-layout\"><thead><tr><th>T\u00e2rg de Cr\u0103ciun Madrid<\/th><th>Loca\u021bie<\/th><th>Perioad\u0103<\/th><th>Program<\/th><th>Repere<\/th><\/tr><\/thead><tbody><tr><td><strong>Plaza Mayor Market<\/strong><\/td><td>Plaza Mayor (Centrul Madridului)<\/td><td>27 Nov &#8211; 31 Dec 2025<\/td><td>Duminic\u0103-Joi 10:00-21:00 Vineri-S\u00e2mb\u0103t\u0103 &amp; ajunuri 10:00-22:00 <\/td><td>Cel mai vechi t\u00e2rg de Cr\u0103ciun din Madrid, activ de peste 100 de ani, cu aproximativ <strong>104 c\u0103su\u021be<\/strong> care v\u00e2nd <strong>decora\u021biuni tradi\u021bionale, figurine pentru <em>bel\u00e9n<\/em>, articole haioase<\/strong> \u0219i multe altele. Vizitatorii g\u0103sesc <strong>dulciuri de sezon<\/strong> \u0219i un brad impozant \u00een pia\u021b\u0103. Atmosfera r\u0103m\u00e2ne vie \u0219i potrivit\u0103 pentru toat\u0103 familia, ideal\u0103 pentru <strong>pie\u021be de cr\u0103ciun Madrid<\/strong> \u0219i pentru oricine caut\u0103 un sentiment autentic de <strong>cr\u0103ciun la Madrid<\/strong>.<\/td><\/tr><tr><td><strong>La Navide\u00f1a<\/strong><\/td><td>Plaza de Espa\u00f1a<\/td><td>27 Nov 2025 &#8211; 11 Ian 2026<\/td><td>Luni-Vineri 12:00-22:00; S\u00e2mb\u0103t\u0103, Duminic\u0103 &amp; s\u0103rb\u0103tori 10:00-22:00<\/td><td>Un <strong>sat de Cr\u0103ciun<\/strong> cu <strong>40 de standuri artizanale<\/strong> cu obiecte decorative \u0219i cadouri, organizat \u00een jurul unui <strong>patinoar de 600 m\u00b2<\/strong> \u0219i al unui brad interactiv luminat. Zona include standuri cu m\u00e2ncare (de exemplu, <em>El Alpino<\/em> cu tematic\u0103 alpin\u0103 \u0219i c\u0103su\u021ba cu churros). \u00cen fiecare zi au loc activit\u0103\u021bi pentru familii, spectacole pe ghea\u021b\u0103, Casa lui Mo\u0219 Cr\u0103ciun, muzic\u0103 live \u0219i multe altele, perfecte dac\u0103 te \u00eentrebi <strong>ce s\u0103 faci \u00een Madrid de Cr\u0103ciun<\/strong>.<\/td><\/tr><tr><td><strong>T\u00e2rgul de Cr\u0103ciun din Plaza de Col\u00f3n<\/strong><\/td><td>Plaza de Col\u00f3n (Salamanca\/Centro)<\/td><td>28 Nov 2025 &#8211; 6 Ian 2026<\/td><td>11:00-22:00 zilnic<\/td><td>Parte din <strong>evenimentul Navidades de Col\u00f3n<\/strong>, include Patinoarul Javier Fern\u00e1ndez de 800 m\u00b2 \u0219i peste 40 de c\u0103su\u021be cu produse artizanale, dulciuri \u0219i decora\u021biuni de s\u0103rb\u0103tori. Pia\u021ba g\u0103zduie\u0219te <strong>un <em>bel\u00e9n<\/em> \u00een aer liber \u0219i un carusel vintage pe dou\u0103 niveluri <\/strong>pentru copii. Instala\u021biile luminoase, inclusiv un \u00eenger iluminat de mari dimensiuni, creeaz\u0103 o atmosfer\u0103 magic\u0103 \u00een centrul ora\u0219ului, ideal\u0103 dac\u0103 vrei s\u0103 vezi <strong>lumini\u021be de Cr\u0103ciun Madrid<\/strong> \u0219i alte <strong>atrac\u021bii de Cr\u0103ciun Madrid<\/strong>.<\/td><\/tr><tr><td><strong>El Corte Ingl\u00e9s Nuevos Ministerios<\/strong><\/td><td>\u00cen fa\u021ba El Corte Ingl\u00e9s, Castellana (Nuevos Ministerios)<\/td><td>13 Nov 2025 &#8211; 5 Ian 2026<\/td><td>Luni-Duminic\u0103 12:00-22:00; <strong>24 &amp; 31 Dec<\/strong> 12:00-17:00; <strong>\u00cenchis pe 25 Dec \u0219i 1 Ian<\/strong><\/td><td><strong>Un t\u00e2rg de Cr\u0103ciun pentru iubitorii de m\u00e2ncare<\/strong> organizat de marele magazin, celebru pentru oferta vast\u0103 de <strong>street food gourmet<\/strong>: zeci de food trucks, <strong>churros tradi\u021bionali, turr\u00f3n<\/strong>, plus pop up uri de buc\u0103tari celebri. C\u0103su\u021bele v\u00e2nd decora\u021biuni \u0219i cadouri, cu m\u0103rci precum Disney \u0219i Lego. \u00cen fiecare sear\u0103, fa\u021bada magazinului prinde via\u021b\u0103 printr un spectacol de lumini \u0219i muzic\u0103, foarte popular \u00een r\u00e2ndul tuturor vizitatorilor \u00een perioada <strong>madrid de Cr\u0103ciun<\/strong>.<\/td><\/tr><tr><td><strong>Mercadillo del Gato <\/strong>(t\u00e2rg indoor temporar)<\/td><td>C.C. de los Ej\u00e9rcitos, Gran V\u00eda 13<\/td><td>12 Dec 2025 &#8211; 6 Ian 2026<\/td><td>11:00-21:00 zilnic (nu se \u00eenchide la pr\u00e2nz)<\/td><td>Un <strong>bazar de Cr\u0103ciun foarte cunoscut<\/strong>, dedicat designerilor independen\u021bi \u0219i arti\u0219tilor. Reune\u0219te <strong>peste 60 de standuri<\/strong> cu produse unicat: mod\u0103, accesorii, bijuterii, art\u0103, cosmetice naturale, juc\u0103rii \u0219i decora\u021biuni pentru cas\u0103. Intrarea este gratuit\u0103, ceea ce \u00eel transform\u0103 \u00eentr o oprire excelent\u0103 pentru <strong>cadouri speciale<\/strong> \u0219i sprijinirea artizanilor locali, mai ales dac\u0103 e\u0219ti interesat de suveniruri de Cr\u0103ciun Madrid sau cadouri artizanale Madrid.<\/td><\/tr><tr><td><strong>Feria Mercado de Artesan\u00eda<\/strong> (T\u00e2rgul de Artizanat)<\/td><td>Paseo de Recoletos (\u00eentre Col\u00f3n \u0219i Cibeles)<\/td><td>1 &#8211; 30 Dec 2025<\/td><td>11:00-21:00 zilnic (p\u00e2n\u0103 la 15:00 pe 24 Dec; <strong>\u00cenchis 25 Dec<\/strong>)<\/td><td><strong>Un t\u00e2rg de artizanat cu tradi\u021bie<\/strong>, unde <strong>peste 150 de me\u0219te\u0219ugari<\/strong> din toat\u0103 Spania expun bijuterii, ceramic\u0103, obiecte din piele, juc\u0103rii, ceramic\u0103 decorativ\u0103 \u0219i produse din lemn. T\u00e2rgul, organizat \u00een aer liber din 1988, r\u0103m\u00e2ne un <strong>punct de referin\u021b\u0103 pentru me\u0219te\u0219ugul spaniol <\/strong>tradi\u021bional, amplasat pe un bulevard frumos decorat cu lumini \u0219i muzic\u0103 de s\u0103rb\u0103toare. Un loc excelent pentru cump\u0103r\u0103turi de sezon \u0219i pentru cei interesa\u021bi de <strong>shopping de Cr\u0103ciun Madrid<\/strong>.<\/td><\/tr><\/tbody><\/table><figcaption class=\"wp-element-caption\"><em>Date T\u00e2rguri de Cr\u0103ciun Madrid 2025 Actualizate<\/em><\/figcaption><\/figure>\n\n\n\n<p><strong><em>C\u00e2nd \u00eencepe Cr\u0103ciunul la Madrid \u00een 2025 \u00een pie\u021bele ora\u0219ului?<\/em><\/strong> Pe 27 noiembrie se deschide Plaza Mayor, iar alte <strong>pie\u021be de cr\u0103ciun din Madrid<\/strong> apar \u00een primele zile din decembrie. Dac\u0103 \u00ee\u021bi decorezi un apartament nou sau vrei s\u0103 iei acas\u0103 un obiect cu personalitate, t\u00e2rgurile din Madrid de cr\u0103ciun ofer\u0103 exact atmosfera care trebuie.<\/p>\n\n\n\n<hr class=\"wp-block-separator has-alpha-channel-opacity\"\/>\n\n\n\n<h2 class=\"wp-block-heading\" id=\"must-book-christmas-attractions\">Atrac\u021bii de Cr\u0103ciun \u00een Madrid pe care trebuie s\u0103 le rezervi<\/h2>\n\n\n\n<p><strong>Biletele la evenimente de Cr\u0103ciun Madrid se epuizeaz\u0103 repede<\/strong>, cu s\u0103pt\u0103m\u00e2ni \u00eenainte, mai ales cele cu program fix sau locuri limitate. Dac\u0103 deja \u00ee\u021bi croie\u0219ti deja un <strong><span style=\"text-decoration: underline;\">itinerar Madrid<\/span><\/strong> \u0219i te \u00eentrebi <strong>ce s\u0103 faci \u00een Madrid de Cr\u0103ciun<\/strong>, acestea sunt cele 5 experien\u021be pe care merit\u0103 s\u0103 le rezervi f\u0103r\u0103 ezitare. Fiecare atrac\u021bie are bilet, atrage localnici \u0219i turi\u0219ti \u0219i ajunge la capacitate maxim\u0103 \u00eenainte de mijlocul lui decembrie. Dac\u0103 am\u00e2ni, ratezi tot.<\/p>\n\n\n\n<div style=\"height:10px\" aria-hidden=\"true\" class=\"wp-block-spacer\"><\/div>\n\n\n\n<h3 class=\"wp-block-heading\">Articus Madrid, parcul tematic de Cr\u0103ciun<\/h3>\n\n\n\n<p><strong>Articus Madrid<\/strong> e cea mai mare atrac\u021bie sezonier\u0103 a ora\u0219ului. \u00cen Casa de Campo g\u0103se\u0219ti instala\u021bii luminoase, experien\u021be imersive, zone cu m\u00e2ncare \u0219i spectacole live \u00een acela\u0219i spa\u021biu. Edi\u021bia de anul acesta include mai multe zone cu acces pl\u0103tit, un patinoar \u0219i expozi\u021bii interioare. Familiile apreciaz\u0103 activit\u0103\u021bile pentru copii, iar adul\u021bii se opresc la standurile artizanale \u0219i la street food.<\/p>\n\n\n\n<p>Biletele dispar repede. Unele weekenduri se epuizeaz\u0103 deja la jum\u0103tatea lui noiembrie. Dac\u0103 vrei s[ vizitezi Magical Christmas in Madrid Articus Park \u00een decembrie, rezerv\u0103 din timp.<\/p>\n\n\n\n<hr class=\"wp-block-separator has-alpha-channel-opacity is-style-dots\"\/>\n\n\n\n<h3 class=\"wp-block-heading\">Naturaleza Encendida, spectacolul de lumini din Gr\u0103dina Botanic\u0103<\/h3>\n\n\n\n<p><strong>Naturaleza Encendida Madrid<\/strong> r\u0103m\u00e2ne unul dintre cele mai elegante <strong>festivaluri de iarn\u0103 din Madrid<\/strong>. Gr\u0103dina Botanic\u0103 Regal\u0103 se transform\u0103 \u00eentr-un traseu nocturn cu instala\u021bii artistice, sunet ambiental \u0219i proiec\u021bii tematice. Fiecare edi\u021bie vine cu un concept nou. Intrarea are or\u0103 fix\u0103 \u0219i flux controlat, ceea ce ajut\u0103 la evitarea aglomera\u021biei, dar limiteaz\u0103 num\u0103rul de vizitatori. Cuplurile \u0219i familiile \u00eel aleg des pentru lini\u0219tea pe care o ofer\u0103 \u00een mijlocul agita\u021biei din atrac\u021bii de Cr\u0103ciun Madrid. Rezerv\u0103rile se deschid de obicei \u00een octombrie.<\/p>\n\n\n\n<hr class=\"wp-block-separator has-alpha-channel-opacity is-style-dots\"\/>\n\n\n\n<figure class=\"wp-block-image size-full\"><img loading=\"lazy\" decoding=\"async\" width=\"792\" height=\"294\" src=\"https:\/\/www.the-travel-bunny.com\/ro\/wp-content\/uploads\/sites\/2\/2018\/12\/Naviluz-Madrid-autobuzul-luminilor-de-Craciun.jpg\" alt=\"Autobuzul Naviluz Madrid cu etaj plin de pasageri pregatiti sa admire luminitele de Craciun\" class=\"wp-image-10859\" title=\"\" srcset=\"https:\/\/www.the-travel-bunny.com\/ro\/wp-content\/uploads\/sites\/2\/2018\/12\/Naviluz-Madrid-autobuzul-luminilor-de-Craciun.jpg 792w, https:\/\/www.the-travel-bunny.com\/ro\/wp-content\/uploads\/sites\/2\/2018\/12\/Naviluz-Madrid-autobuzul-luminilor-de-Craciun-300x111.jpg 300w, https:\/\/www.the-travel-bunny.com\/ro\/wp-content\/uploads\/sites\/2\/2018\/12\/Naviluz-Madrid-autobuzul-luminilor-de-Craciun-768x285.jpg 768w\" sizes=\"auto, (max-width: 792px) 100vw, 792px\" \/><figcaption class=\"wp-element-caption\"><em>Autobuzul Naviluz Madrid \u00eei plimb\u0103 pe pasageri printre lumini\u021bele de Cr\u0103ciun Madrid. Acest autobuz etajat de sezon ofer\u0103 tururi nocturne pe str\u0103zile decorate din Madrid de Cr\u0103ciun, din final de noiembrie p\u00e2n\u0103 la \u00eenceput de ianuarie. Diario de Madrid, <a href=\"https:\/\/creativecommons.org\/licenses\/by\/4.0\/\" target=\"_blank\" rel=\"noreferrer noopener\">CC BY 4.0<\/a>, via Wikimedia Commons<\/em><\/figcaption><\/figure>\n\n\n\n<h3 class=\"wp-block-heading\">Naviluz Bus Madrid<\/h3>\n\n\n\n<p><strong>Autobuzul Naviluz Madrid<\/strong> func\u021bioneaz\u0103 ca un tur etajat prin zonele centrale decorate pentru Cr\u0103ciun la Madrid. De\u0219i mul\u021bi \u00eenc\u0103 \u00eel rezerv\u0103, recenziile din 2024 \u0219i 2025 au semnalat probleme. C\u0103l\u0103torii au raportat durate mai scurte, puncte de plecare schimbate \u0219i zone l\u0103sate pe dinafar\u0103. Naviluz autobuz Madrid pleac\u0103 acum <strong>din apropierea Muzeului Prado<\/strong>, nu din Plaza de Col\u00f3n. Nu exist\u0103 comentariu sau muzic\u0103, iar traseul poate s\u0103 nu includ\u0103 Gran V\u00eda. Totu\u0219i, dac\u0103 vrei o pauz\u0103 de la mersul pe jos sau c\u0103l\u0103tore\u0219ti cu copii, poate r\u0103m\u00e2ne o op\u021biune rezonabil\u0103. Biletele se pun \u00een v\u00e2nzare la finalul lui noiembrie \u0219i dispar rapid.<\/p>\n\n\n\n<blockquote class=\"wp-block-quote is-layout-flow wp-block-quote-is-layout-flow\">\n<p>S\u0103tul de dezam\u0103girile Naviluz? <strong><a href=\"https:\/\/getyourguide.tpx.lv\/KQOWfOCI\" target=\"_blank\" rel=\"noreferrer noopener sponsored\">Alege Navibus de la Big Bus Madrid<\/a><\/strong> pentru o experien\u021b\u0103 mai lin\u0103 \u0219i mai spectaculoas\u0103 a luminilor de Cr\u0103ciun, cu locuri garantate. \u00cen decembrie 2025 a primit deja recenzii excelente.<\/p>\n<\/blockquote>\n\n\n\n<hr class=\"wp-block-separator has-alpha-channel-opacity is-style-dots\"\/>\n\n\n\n<h3 class=\"wp-block-heading\">Concerte \u0219i spectacole de Cr\u0103ciun \u00een Madrid<\/h3>\n\n\n\n<p>Calendarul de s\u0103rb\u0103tori include <strong>evenimente de Cr\u0103ciun Madrid<\/strong> precum concerte, balet, flamenco \u0219i piese tematice. S\u0103li populare precum <strong>Madrid Teatro Navidad \u0219i Teatro Real<\/strong> g\u0103zduiesc spectacole clasice, printre care Sp\u0103rg\u0103torul de Nuci sau produc\u021bii spaniole tradi\u021bionale. <strong>Aceste show-uri de Cr\u0103ciun Madrid<\/strong> se ocup\u0103 repede, mai ales \u00een weekend \u0219i \u00een zilele de s\u0103rb\u0103toare. Pre\u021burile variaz\u0103 \u00eentre 15 euro pentru locuri generale \u0219i peste 80 de euro pentru acces VIP. Exist\u0103 \u0219i c\u00e2teva concerte \u00een cazinouri \u0219i cine speciale de flamenco pentru Revelion \u00een Madrid. Po\u021bi g\u0103si <strong>spectacole de flamenco Madrid Cr\u0103ciun<\/strong> pe platforme locale de bilete sau prin concierge-ul hotelului.<\/p>\n\n\n\n<hr class=\"wp-block-separator has-alpha-channel-opacity is-style-dots\"\/>\n\n\n\n<h3 class=\"wp-block-heading\">Evenimente speciale \u00een Madrid \u00een decembrie<\/h3>\n\n\n\n<p>Printre <strong>evenimentele de Cr\u0103ciun Madrid din decembrie<\/strong> se num\u0103r\u0103 festivaluri de patinaj, seri pe rooftop cu DJ \u0219i spectacole unice r\u0103sp\u00e2ndite prin ora\u0219. Exist\u0103 \u0219i <strong>trenuri de s\u0103rb\u0103tori \u00een Madrid pentru copii<\/strong> \u00een anumite cartiere, cu mici trasee tematice. Unele zone pun \u00een scen\u0103 <strong>piese de Cr\u0103ciun<\/strong>, dar biletele se v\u00e2nd de obicei doar local \u0219i \u00een spaniol\u0103. Dac\u0103 te intereseaz\u0103, treci pe la centrele culturale sau verific\u0103 anun\u021burile oficiale ale Prim\u0103riei.<\/p>\n\n\n\n<hr class=\"wp-block-separator has-alpha-channel-opacity is-style-dots\"\/>\n\n\n\n<h3 class=\"wp-block-heading\">Petreceri de Revelion \u00een Madrid<\/h3>\n\n\n\n<p><strong>Petrecerile de Revelion \u00een Madrid<\/strong> sunt luate foarte \u00een serios. Puerta del Sol g\u0103zduie\u0219te num\u0103r\u0103toarea invers\u0103 principal\u0103, dar accesul este limitat. Majoritatea localnicilor aleg baruri de pe acoperi\u0219uri, cluburi sau lounge-uri de hotel cu pachete de b\u0103uturi \u0219i muzic\u0103 live. Dac\u0103 vrei loc garantat \u0219i vedere bun\u0103, rezerv\u0103 cel t\u00e2rziu la mijlocul lui decembrie. De la cine elegante la ringuri de dans active p\u00e2n\u0103 diminea\u021ba, aproape toate loca\u021biile cer bilet \u0219i se v\u00e2nd rapid.<\/p>\n\n\n\n<blockquote class=\"wp-block-quote is-layout-flow wp-block-quote-is-layout-flow\">\n<p>Cau\u021bi cel mai bun mod de a petrece Revelionul \u00een Madrid? <strong><a href=\"https:\/\/getyourguide.tpx.lv\/VUdYcdNK\" target=\"_blank\" rel=\"noreferrer noopener sponsored\">Rezerv\u0103 aici cina de Revelion cu spectacol de flamenco<\/a><\/strong>.<\/p>\n<\/blockquote>\n\n\n\n<div style=\"height:10px\" aria-hidden=\"true\" class=\"wp-block-spacer\"><\/div>\n\n\n\n<p><strong>Atrac\u021biile de Cr\u0103ciun Madrid cu cerere mare<\/strong> merit\u0103 planificate din timp. Dac\u0103 vrei s\u0103 prinzi loc la aceste evenimente de Cr\u0103ciun Madrid, cump\u0103r\u0103 biletele cel t\u00e2rziu la finalul lui noiembrie. Asta conteaz\u0103 \u0219i mai mult pentru Articus, Naviluz Madrid \u0219i Naturaleza Encendida. Odat\u0103 epuizate, rezervele rareori se redeschid.<\/p>\n\n\n\n<hr class=\"wp-block-separator has-alpha-channel-opacity\"\/>\n\n\n\n<figure class=\"wp-block-image size-full\"><img loading=\"lazy\" decoding=\"async\" width=\"792\" height=\"294\" src=\"https:\/\/www.the-travel-bunny.com\/ro\/wp-content\/uploads\/sites\/2\/2018\/12\/Gran-Via-Madrid-luminite-de-Craciun-si-decoruri-festive.jpg\" alt=\"Gran Via Madrid iluminata de sarbatori cu cladiri decorate si instalatii colorate pe timp de noapte\" class=\"wp-image-10860\" title=\"\" srcset=\"https:\/\/www.the-travel-bunny.com\/ro\/wp-content\/uploads\/sites\/2\/2018\/12\/Gran-Via-Madrid-luminite-de-Craciun-si-decoruri-festive.jpg 792w, https:\/\/www.the-travel-bunny.com\/ro\/wp-content\/uploads\/sites\/2\/2018\/12\/Gran-Via-Madrid-luminite-de-Craciun-si-decoruri-festive-300x111.jpg 300w, https:\/\/www.the-travel-bunny.com\/ro\/wp-content\/uploads\/sites\/2\/2018\/12\/Gran-Via-Madrid-luminite-de-Craciun-si-decoruri-festive-768x285.jpg 768w\" sizes=\"auto, (max-width: 792px) 100vw, 792px\" \/><figcaption class=\"wp-element-caption\"><em>Gran V\u00eda str\u0103luce\u0219te cu straturi de lumini\u021be de Cr\u0103ciun Madrid \u0219i decoruri elegante pe cl\u0103diri \u00een sezonul festiv. Axa aceasta iconic\u0103 r\u0103m\u00e2ne aglomerat\u0103 p\u00e2n\u0103 t\u00e2rziu \u0219i ofer\u0103 unul dintre cele mai bune trasee pentru o plimbare printre instala\u021biile de Cr\u0103ciun la Madrid.<\/em><\/figcaption><\/figure>\n\n\n\n<h2 class=\"wp-block-heading\" id=\"what-to-do-in-madrid-on-christmas-day-dec-25\">Ce s\u0103 faci \u00een Madrid de Cr\u0103ciun pe 25 decembrie<\/h2>\n\n\n\n<p>Mul\u021bi vizitatori afla\u021bi pentru prima dat\u0103 \u00een ora\u0219 pun aceea\u0219i \u00eentrebare: <strong><em>ce s\u0103 faci \u00een Madrid de Cr\u0103ciun c\u00e2nd aproape totul se \u00eenchide?<\/em><\/strong> 25 decembrie \u00een Madrid de Cr\u0103ciun este o zi lini\u0219tit\u0103. Trebuie s\u0103 \u0219tii unde s\u0103 mergi ca s\u0103 nu g\u0103se\u0219ti u\u0219i \u00eencuiate. Mai jos g\u0103se\u0219ti locuri pe care te po\u021bi baza, indiferent dac\u0103 e\u0219ti \u00een ora\u0219 ca turist \u00een perioada s\u0103rb\u0103torilor sau locuie\u0219ti aici f\u0103r\u0103 planuri cu familia.<\/p>\n\n\n\n<div style=\"height:10px\" aria-hidden=\"true\" class=\"wp-block-spacer\"><\/div>\n\n\n\n<h3 class=\"wp-block-heading\">Ce este deschis \u00een Madrid de Cr\u0103ciun?<\/h3>\n\n\n\n<p>Pu\u021bine lucruri func\u021bioneaz\u0103, a\u0219a c\u0103 programeaz\u0103 totul cu grij\u0103. Dac\u0103 te \u00eentrebi <strong>ce este deschis \u00een Madrid de Cr\u0103ciun<\/strong>, \u021bine minte lista scurt\u0103: c\u00e2teva cafenele, majoritatea restaurantelor de hotel, Parcul Retiro \u0219i anumite baruri din zone foarte turistice. <strong>Muzeele se \u00eenchid, iar multe pie\u021be de Cr\u0103ciun Madrid se opresc pe 25 decembrie<\/strong>. Magazinele mari, mallurile \u0219i majoritatea buticurilor stau cu lac\u0103tul pe u\u0219\u0103. Rezerv\u0103 mesele \u0219i transportul din timp, mai ales dac\u0103 depinzi de transport public Madrid Cr\u0103ciun.<\/p>\n\n\n\n<hr class=\"wp-block-separator has-alpha-channel-opacity is-style-dots\"\/>\n\n\n\n<h3 class=\"wp-block-heading\">Chocolater\u00eda San Gin\u00e9s deschis\u0103 garantat<\/h3>\n\n\n\n<p>Dac\u0103 ai chef de ceva dulce \u0219i central, mergi la <strong>Chocolater\u00eda San Gin\u00e9s<\/strong>, l\u00e2ng\u0103 Puerta del Sol. Spa\u021biul r\u0103m\u00e2ne deschis non-stop, tot anul. E cel mai sigur loc pentru pofta clasic\u0103 de <strong>churros \u0219i ciocolat\u0103 Madrid Cr\u0103ciun<\/strong>. A\u0219teapt\u0103-te la coad\u0103. Vin aici turi\u0219ti \u0219i localnici c\u00e2nd tot restul ora\u0219ului st\u0103 \u00eenchis.<\/p>\n\n\n\n<hr class=\"wp-block-separator has-alpha-channel-opacity is-style-dots\"\/>\n\n\n\n<h3 class=\"wp-block-heading\">Plimb\u0103ri de Cr\u0103ciun \u00een Madrid<\/h3>\n\n\n\n<p>Ai nevoie de aer curat? <strong>Parcul Retiro<\/strong> este deschis toat\u0103 ziua \u0219i r\u0103m\u00e2ne unul dintre cele mai bune locuri pentru plimb\u0103ri lini\u0219tite \u00een <strong>Madrid \u00een Ziua de Cr\u0103ciun<\/strong>. Zona lacului, gr\u0103dina de trandafiri \u0219i aleile umbrite arat\u0103 calm pe 25. Vei vedea alerg\u0103tori, familii cu copii mici \u0219i localnici care se mai dezmor\u021besc dup\u0103 cina de Nochebuena. Nu e un eveniment, dar atmosfera r\u0103m\u00e2ne fotogenic\u0103 \u0219i tihnit\u0103.<\/p>\n\n\n\n<hr class=\"wp-block-separator has-alpha-channel-opacity is-style-dots\"\/>\n\n\n\n<h3 class=\"wp-block-heading\">Restaurante deschise de Cr\u0103ciun Madrid<\/h3>\n\n\n\n<p>Nu a\u0219tepta ziua de 25 ca s\u0103 decizi unde m\u0103n\u00e2nci. Majoritatea restaurantelor \u00eenchid sau servesc doar clien\u021bi cu rezervare. C\u00e2teva <strong>restaurante deschise de Cr\u0103ciun Madrid<\/strong> includ:<\/p>\n\n\n\n<ul class=\"wp-block-list\">\n<li>La Rotonda (Hotel Westin Palace)<\/li>\n\n\n\n<li>CEBO (Hotel Urban)<\/li>\n\n\n\n<li>Haroma (Heritage Hotel)<\/li>\n\n\n\n<li>Caf\u00e9 de Oriente (l\u00e2ng\u0103 Royal Palace)<\/li>\n\n\n\n<li>Dani Brasserie (Four Seasons)<\/li>\n<\/ul>\n\n\n\n<p>Toate ofer\u0103 meniuri speciale. Majoritatea cer rezerv\u0103ri pl\u0103tite \u00een avans. Sunt op\u021biunile tale sigure de <strong>restaurante deschise \u00een Madrid de Cr\u0103ciun cu mas\u0103 festiv\u0103<\/strong>, cu pre\u021buri ridicate \u0219i atmosfer\u0103 elegant\u0103. Unele hoteluri propun \u0219i variante de <strong>brunch de Cr\u0103ciun \u00een Madrid<\/strong> mai devreme \u00een zi, perfecte pentru cei care vor o experien\u021b\u0103 mai relaxat\u0103 \u00een versiune gastronomic\u0103.<\/p>\n\n\n\n<hr class=\"wp-block-separator has-alpha-channel-opacity is-style-dots\"\/>\n\n\n\n<h3 class=\"wp-block-heading\">Itinerar pentru Cr\u0103ciun \u00een Madrid. P\u0103streaz\u0103-l simplu<\/h3>\n\n\n\n<p>Pentru <strong>itinerarul de Cr\u0103ciun la Madrid<\/strong>, nu complica lucrurile. Ia micul dejun sau o ciocolat\u0103 la San Gin\u00e9s, plimb\u0103-te prin Retiro sau pe l\u00e2ng\u0103 Palacio Real, ia un pr\u00e2nz lung \u00eentr-un restaurant de hotel \u0219i odihne\u0219te-te. Dac\u0103 prinzi o rezervare la un <strong>tur Madrid de Cr\u0103ciun<\/strong>, unele companii private organizeaz\u0103 plimb\u0103ri ghidate sau rute cu tapas \u00een program redus. Sun\u0103 \u00eenainte, pentru c\u0103 disponibilitatea se schimb\u0103 \u00een fiecare an.<\/p>\n\n\n\n<hr class=\"wp-block-separator has-alpha-channel-opacity is-style-dots\"\/>\n\n\n\n<h3 class=\"wp-block-heading\">Ce s\u0103 faci \u00een Madrid de Cr\u0103ciun pe 25 decembrie<\/h3>\n\n\n\n<p>Dac\u0103 c\u0103l\u0103tore\u0219ti cu copii, \u00eenc\u0103 exist\u0103 activit\u0103\u021bi lini\u0219tite de <strong>ce s\u0103 faci \u00een Madrid de Cr\u0103ciun cu familia<\/strong>. Lumini\u021bele de Cr\u0103ciun din Madrid r\u0103m\u00e2n aprinse \u0219i arat\u0103 excelent dup\u0103 l\u0103sarea serii. Unele hoteluri proiecteaz\u0103 filme de Cr\u0103ciun \u00een spa\u021biile comune. Expatria\u021bii se adun\u0103 des pentru cine tip potluck \u00een apartamente \u00eenchiriate sau rezerv\u0103 mese de grup la lan\u021buri hoteliere interna\u021bionale.<\/p>\n\n\n\n<hr class=\"wp-block-separator has-alpha-channel-opacity is-style-dots\"\/>\n\n\n\n<h3 class=\"wp-block-heading\">Este deschis transportul public \u00een Madrid de Cr\u0103ciun?<\/h3>\n\n\n\n<p>Da, dar programul este redus. Vei g\u0103si un <strong>program metrou Madrid Cr\u0103ciun<\/strong> mai scurt dec\u00e2t de obicei. Majoritatea liniilor se \u00eenchid \u00eentre 21:00 \u0219i 22:00. Autobuzele circul\u0103 dup\u0103 orarul de s\u0103rb\u0103tori, cu frecven\u021b\u0103 redus\u0103. Verific\u0103 \u00eentotdeauna site-urile oficiale EMT \u0219i Metro pentru programul actualizat \u00eenainte s\u0103 ie\u0219i.<\/p>\n\n\n\n<div style=\"height:10px\" aria-hidden=\"true\" class=\"wp-block-spacer\"><\/div>\n\n\n\n<p>C\u00e2nd \u0219tii <strong>ce m\u0103n\u00e2nci \u00een Madrid de Cr\u0103ciun<\/strong> \u0219i ce op\u021biuni de activit\u0103\u021bi turistice ai, ziua devine mai u\u0219oar\u0103. Este o zi lini\u0219tit\u0103, dar r\u0103m\u00e2ne pl\u0103cut\u0103 \u0219i u\u0219or de parcurs pe jos dac\u0103 o planifici cu grij\u0103. F\u0103-\u021bi rezerv\u0103ri din timp, preg\u0103te\u0219te variante de rezerv\u0103 \u0219i nu te baza pe inspira\u021bie de moment pentru restaurante. 25 decembrie \u00een Madrid \u00ee\u021bi r\u0103spl\u0103te\u0219te organizarea.<\/p>\n\n\n\n<hr class=\"wp-block-separator has-alpha-channel-opacity\"\/>\n\n\n\n<figure class=\"wp-block-image size-full\"><img loading=\"lazy\" decoding=\"async\" width=\"792\" height=\"294\" src=\"https:\/\/www.the-travel-bunny.com\/ro\/wp-content\/uploads\/sites\/2\/2018\/12\/Belen-Madrid-scena-Nasterii-Domnului-traditie-de-Craciun.jpg\" alt=\"Scena traditionala cu Nasterea Domnului belen Madrid cu figurine in iesle si animale\" class=\"wp-image-10861\" title=\"\" srcset=\"https:\/\/www.the-travel-bunny.com\/ro\/wp-content\/uploads\/sites\/2\/2018\/12\/Belen-Madrid-scena-Nasterii-Domnului-traditie-de-Craciun.jpg 792w, https:\/\/www.the-travel-bunny.com\/ro\/wp-content\/uploads\/sites\/2\/2018\/12\/Belen-Madrid-scena-Nasterii-Domnului-traditie-de-Craciun-300x111.jpg 300w, https:\/\/www.the-travel-bunny.com\/ro\/wp-content\/uploads\/sites\/2\/2018\/12\/Belen-Madrid-scena-Nasterii-Domnului-traditie-de-Craciun-768x285.jpg 768w\" sizes=\"auto, (max-width: 792px) 100vw, 792px\" \/><figcaption class=\"wp-element-caption\"><em>Scenele cu Na\u0219terea Domnului, sau bel\u00e9nele, sunt o parte central\u0103 \u00een tradi\u021bii de Cr\u0103ciun Madrid. Aceste expozi\u021bii detaliate apar \u00een biserici, pie\u021be \u0219i locuin\u021be din tot ora\u0219ul \u00een fiecare decembrie.<\/em><\/figcaption><\/figure>\n\n\n\n<h2 class=\"wp-block-heading\" id=\"local-traditions-festivities-cultural-experiences\">Tradi\u021bii locale, festivit\u0103\u021bi \u0219i experien\u021be culturale<\/h2>\n\n\n\n<p><strong><a href=\"https:\/\/elpais.com\/eps\/2024-12-12\/vivir-la-navidad-en-madrid.html\" target=\"_blank\" rel=\"noreferrer noopener\">Cr\u0103ciunul \u00een Madrid<\/a> \u00eenseamn\u0103 mai mult dec\u00e2t pie\u021be \u0219i lumini\u021be.<\/strong> Ora\u0219ul func\u021bioneaz\u0103 pe baz\u0103 de tradi\u021bie. Dac\u0103 te \u00eentrebi <strong>care sunt tradi\u021biile de Cr\u0103ciun \u00een Madrid<\/strong> \u0219i cum se manifest\u0103 acestea, preg\u0103te\u0219te-te pentru un amestec de ritualuri religioase, festivaluri de strad\u0103 \u0219i cutume vechi de secole. Unele \u00eencep \u00eenainte de 2 decembrie, altele continu\u0103 spre ianuarie. Aici g\u0103se\u0219ti ce trebuie s\u0103 \u0219tii ca s\u0103 prinzi cele mai semnificative \u0219i festive momente ale sezonului de Cr\u0103ciun \u00een Madrid.<\/p>\n\n\n\n<div style=\"height:10px\" aria-hidden=\"true\" class=\"wp-block-spacer\"><\/div>\n\n\n\n<h3 class=\"wp-block-heading\">Loteria de Cr\u0103ciun El Gordo<\/h3>\n\n\n\n<p>Unul dintre cele mai mari evenimente ale perioadei este o tragere la sor\u021bi. <strong>Loteria El Gordo<\/strong> are loc pe 22 decembrie \u0219i este transmis\u0103 \u00een direct \u00een toat\u0103 \u021bara. Cunoscut\u0103 oficial ca <strong>Loteria de Cr\u0103ciun El Gordo<\/strong>, aceasta este cea mai mare loterie din lume ca fond de premii. Familii, colegi \u0219i prieteni cump\u0103r\u0103 bilete \u00eemp\u0103r\u021bite \u00een speran\u021ba unui c\u00e2\u0219tig comun. Copiii de la \u0219coala San Ildefonso c\u00e2nt\u0103 numerele la televiziunea na\u021bional\u0103. Este o institu\u021bie madrilen\u0103. Dac\u0103 e\u0219ti \u00een ora\u0219 \u00een acea diminea\u021b\u0103, vei auzi barurile izbucnind periodic \u00een urale sau oftaturi.<\/p>\n\n\n\n<hr class=\"wp-block-separator has-alpha-channel-opacity is-style-dots\"\/>\n\n\n\n<h3 class=\"wp-block-heading\">Bel\u00e9nes \u0219i scene cu Na\u0219terea Domnului<\/h3>\n\n\n\n<p>Dac\u0103 vrei s\u0103 \u00een\u021belegi <strong>tradi\u021biile speciale de Cr\u0103ciun din Madrid<\/strong>, viziteaz\u0103 bel\u00e9nes \u00een Madrid. Aceste scene includ mult mai mult dec\u00e2t Maria \u0219i Iosif. Vei g\u0103si sate miniaturale cu r\u00e2uri, animale \u0219i personaje de fundal. Multe au elemente \u00een mi\u0219care, iluminare \u0219i chiar cicluri zi-noapte. Printre cele mai populare <strong>scene cu Na\u0219terea Domnului madrid<\/strong> se num\u0103r\u0103 cele instalate \u00een <strong>Palatul Cibeles, Palatul Regal \u0219i Catedrala Almudena<\/strong>.<\/p>\n\n\n\n<p>Nu \u0219tii <strong>unde s\u0103 vezi scenele cu Na\u0219terea Domnului \u00een Madrid<\/strong>? Urmeaz\u0103 traseul Bel\u00e9nes promovat de Ayuntamiento. Sunt deschise zilnic \u00een decembrie \u0219i se viziteaz\u0103 gratuit, de\u0219i \u00een weekend se formeaz\u0103 cozi. Este una dintre cele mai lini\u0219tite \u0219i emo\u021bionante modalit\u0103\u021bi de a experimenta cultura s\u0103rb\u0103torilor \u00een atrac\u021bii de Cr\u0103ciun Madrid.<\/p>\n\n\n\n<blockquote class=\"wp-block-quote is-layout-flow wp-block-quote-is-layout-flow\">\n<p>Descoper\u0103 Madridul festiv la pas \u00eentr-un <strong><a href=\"https:\/\/getyourguide.tpx.lv\/Q97WPVgS\" target=\"_blank\" rel=\"noreferrer noopener sponsored\">tur ghidat de Cr\u0103ciun cu lumini, pie\u021be \u0219i scene cu Na\u0219terea Domnului<\/a><\/strong>. Locurile se ocup\u0103 rapid, a\u0219a c\u0103 rezerv\u0103 acum ca s\u0103 prinzi data dorit\u0103.<\/p>\n<\/blockquote>\n\n\n\n<hr class=\"wp-block-separator has-alpha-channel-opacity is-style-dots\"\/>\n\n\n\n<h3 class=\"wp-block-heading\">Liturghiile de Cr\u0103ciun din Madrid<\/h3>\n\n\n\n<p><strong>Liturghiile de Cr\u0103ciun din Madrid conteaz\u0103 cu adev\u0103rat<\/strong>, iar multe biserici se umplu pe 24 decembrie, mai ales c\u00e2nd vine vorba de <strong>Misa de Cr\u0103ciun Madrid<\/strong> \u0219i de atmosfera de Cr\u0103ciun \u00een Madrid. Dac\u0103 cau\u021bi o slujb\u0103 special\u0103, <strong><a href=\"https:\/\/catedraldelaalmudena.es\/en\" target=\"_blank\" rel=\"noreferrer noopener\">Catedrala Almudena<\/a><\/strong> g\u0103zduie\u0219te o liturghie de sear\u0103 deschis\u0103 publicului. Pentru iubitorii de muzic\u0103, unele biserici organizeaz\u0103 \u0219i <strong>Misa de Cr\u0103ciun Gospel Madrid<\/strong>, cu coruri invitate din SUA sau Africa.<\/p>\n\n\n\n<p>Te \u00eentrebi cum este <strong>slujba de la miezul nop\u021bii \u00een Ajunul Cr\u0103ciunului \u00een Madrid<\/strong>? Tradi\u021bia poart\u0103 numele de <strong><em>La Misa del Gallo<\/em><\/strong>. Nu trebuie s\u0103 fii credincios ca s\u0103 participi, iar majoritatea bisericilor te primesc cu bra\u021bele deschise. \u00cen contextul unui Cr\u0103ciun la madrid autentic, adu o hain\u0103 groas\u0103 \u0219i ajungi devreme. Locurile se ocup\u0103 dup\u0103 principiul primul venit, primul servit.<\/p>\n\n\n\n<hr class=\"wp-block-separator has-alpha-channel-opacity is-style-dots\"\/>\n\n\n\n<h3 class=\"wp-block-heading\">Reyes Magos Madrid &amp; Parada din ianuarie<\/h3>\n\n\n\n<p><strong>Reyes Magos Madrid marcheaz\u0103 adev\u0103rata diminea\u021b\u0103 a cadourilor<\/strong>. Copiii nu g\u0103sesc daruri sub brad pe 25 decembrie, ci abia pe 6 ianuarie, de <strong>D\u00eda de Reyes<\/strong>. \u00cen seara de 5 ianuarie, ora\u0219ul g\u0103zduie\u0219te <strong>Parada Regilor Magi Madrid<\/strong>, un spectacol cu care alegorice ce traverseaz\u0103 <strong>Paseo de la Castellana.<\/strong> Cei trei magi arunc\u0103 bomboane \u00een mul\u021bime, urma\u021bi de fanfare \u0219i dansatori. A\u0219teapt\u0103-te la str\u0103zi \u00eenchise, trafic pietonal intens \u0219i tone de zah\u0103r.<\/p>\n\n\n\n<p>Vrei s\u0103 \u0219tii <strong>cum s\u0103 te bucuri de Reyes Magos \u00een Madrid<\/strong> ca un local? Ajungi devreme pentru un loc bun, mai ales dac\u0103 e\u0219ti cu copii. Ia o saco\u0219\u0103 pentru bomboane \u0219i verific\u0103 <strong>programul Paradei Regilor Madrid<\/strong> ca s\u0103 \u00ee\u021bi planifici traseul. Parada este punctul central al sezonului de s\u0103rb\u0103tori \u0219i una dintre cele mai vesele seri din an.<\/p>\n\n\n\n<blockquote class=\"wp-block-quote is-layout-flow wp-block-quote-is-layout-flow\">\n<p>Te \u00eentrebi cum s\u0103rb\u0103tore\u0219te restul Europei? Am un <strong>ghid complet despre <a href=\"https:\/\/www.the-travel-bunny.com\/ro\/obiceiuri-de-craciun-din-europa\/\" data-type=\"post\" data-id=\"832\">tradi\u021bii \u0219i obiceiuri de Cr\u0103ciun \u00een Europa<\/a><\/strong> care \u00ee\u021bi arat\u0103 diferen\u021bele \u0219i ciud\u0103\u021beniile festive de pe continent.<\/p>\n<\/blockquote>\n\n\n\n<hr class=\"wp-block-separator has-alpha-channel-opacity is-style-dots\"\/>\n\n\n\n<h3 class=\"wp-block-heading\">12 boabe de struguri la miezul nop\u021bii de Revelion \u00een Madrid<\/h3>\n\n\n\n<p><strong>Nochevieja sau Revelionul \u00een Madrid se leag\u0103 str\u00e2ns de obiceiul celor 12 boabe de struguri<\/strong>, m\u00e2ncate la miezul nop\u021bii pentru noroc. Fiecare boab\u0103 marcheaz\u0103 o lun\u0103 din noul an. Localnicii se adun\u0103 \u00een <strong>Puerta del Sol<\/strong> \u0219i urm\u0103resc num\u0103r\u0103toarea oficial\u0103 transmis\u0103 \u00een toat\u0103 \u021bara. Dac\u0103 vrei s\u0103 intri \u00een atmosfera de <strong>Revelion la Puerta del Sol<\/strong>, trebuie s\u0103 ajungi \u00eenainte de ora 21. Accesul se \u00eenchide c\u00e2nd pia\u021ba se umple.<\/p>\n\n\n\n<p>Boabele  de strugure se m\u0103n\u00e2nc\u0103 pe ritmul celor dou\u0103sprezece lovituri de clopot. Sun\u0103 simplu, dar e mai greu dec\u00e2t crezi. Programul de Revelion \u00een Madrid include de obicei acest moment, iar tradi\u021bia celor <strong>12 boabe de strugure de Revelion<\/strong> une\u0219te \u00eentreaga Spanie pentru c\u00e2teva secunde.<\/p>\n\n\n\n<hr class=\"wp-block-separator has-alpha-channel-opacity is-style-dots\"\/>\n\n\n\n<h3 class=\"wp-block-heading\">Ce s\u0103 faci \u00een Madrid pe 1 ianuarie<\/h3>\n\n\n\n<p>Madrid se mi\u0219c\u0103 lent pe 1 ianuarie. Magazinele r\u0103m\u00e2n \u00eenchise, iar str\u0103zile par mai lini\u0219tite. Dac\u0103 te \u00eentrebi <strong>ce s\u0103 faci \u00een Madrid \u00een prima zi a anului<\/strong>, ia-o u\u0219or. Plimb\u0103-te, m\u0103n\u00e2nc\u0103 bine \u0219i recupereaz\u0103 energie. Parcurile, instala\u021biile de lumin\u0103 \u0219i c\u00e2teva cafenele se redeschid dup\u0103-amiaza. <strong>Chocolater\u00eda San Gin\u00e9s<\/strong> func\u021bioneaz\u0103 de obicei, iar brunchurile din hoteluri sunt un restart solid \u00eenainte s\u0103 \u00eenceap\u0103 s\u0103pt\u0103m\u00e2na dedicat\u0103 <strong>reyes magos madrid<\/strong>.<\/p>\n\n\n\n<div style=\"height:10px\" aria-hidden=\"true\" class=\"wp-block-spacer\"><\/div>\n\n\n\n<p><strong>Sezonul de Cr\u0103ciun la Madrid nu se \u00eencheie pe 25 decembrie<\/strong>. De fapt, atunci abia \u00eencepe. De la loteria El Gordo p\u00e2n\u0103 la Parada Regilor Magi, aceste tradi\u021bii modeleaz\u0103 felul \u00een care localnicii tr\u0103iesc s\u0103rb\u0103torile \u0219i cum vizitatorii simt ora\u0219ul. Intr\u0103 \u00een joc \u0219i vei \u00een\u021belege de ce <strong>tradi\u021biile de Cr\u0103ciun din Madrid<\/strong> r\u0103m\u00e2n cu tine mult timp dup\u0103 ce se sting lumini\u021bele.<\/p>\n\n\n\n<hr class=\"wp-block-separator has-alpha-channel-opacity\"\/>\n\n\n\n<figure class=\"wp-block-image size-full\"><img loading=\"lazy\" decoding=\"async\" width=\"792\" height=\"294\" src=\"https:\/\/www.the-travel-bunny.com\/ro\/wp-content\/uploads\/sites\/2\/2018\/12\/Roscon-de-Reyes-Madrid-desert-traditional-spaniol-de-sarbatori.jpg\" alt=\"Roscon de Reyes Madrid prajituri rotunde decorate cu fructe confiate si zahar\" class=\"wp-image-10862\" title=\"\" srcset=\"https:\/\/www.the-travel-bunny.com\/ro\/wp-content\/uploads\/sites\/2\/2018\/12\/Roscon-de-Reyes-Madrid-desert-traditional-spaniol-de-sarbatori.jpg 792w, https:\/\/www.the-travel-bunny.com\/ro\/wp-content\/uploads\/sites\/2\/2018\/12\/Roscon-de-Reyes-Madrid-desert-traditional-spaniol-de-sarbatori-300x111.jpg 300w, https:\/\/www.the-travel-bunny.com\/ro\/wp-content\/uploads\/sites\/2\/2018\/12\/Roscon-de-Reyes-Madrid-desert-traditional-spaniol-de-sarbatori-768x285.jpg 768w\" sizes=\"auto, (max-width: 792px) 100vw, 792px\" \/><figcaption class=\"wp-element-caption\"><em>Rosc\u00f3n de Reyes este cozonacul-emblem\u0103 al Madridului pentru Ziua Regilor. Pres\u0103rat cu fructe confiate \u0219i adesea umplut cu fri\u0219c\u0103, acest desert festiv apare \u00een brut\u0103riile ora\u0219ului la \u00eenceput de ianuarie.<\/em><\/figcaption><\/figure>\n\n\n\n<h2 data-wp-context---core-fit-text=\"core\/fit-text::{&quot;fontSize&quot;:&quot;&quot;}\" data-wp-init---core-fit-text=\"core\/fit-text::callbacks.init\" data-wp-interactive data-wp-style--font-size=\"core\/fit-text::context.fontSize\" class=\"wp-block-heading has-fit-text\" id=\"what-to-eat-in-madrid-at-christmas-holiday-foods-seasonal-treats\">Ce s\u0103 m\u0103n\u00e2nci \u00een Madrid de Cr\u0103ciun. Preparate de s\u0103rb\u0103tori \u0219i deserturi de sezon<\/h2>\n\n\n\n<p><strong>Cr\u0103ciunul la Madrid are arome de zah\u0103r, fructe de mare \u0219i cine servite t\u00e2rziu.<\/strong> Dac\u0103 vrei s\u0103 te bucuri de Madrid de Cr\u0103ciun, s\u0103 \u0219tii ce \u0219i unde m\u0103n\u00e2nci conteaz\u0103 la fel de mult ca lumini\u021bele sau pie\u021bele de Cr\u0103ciun din Madrid. Dac\u0103 ajungi \u00een ora\u0219 \u00een perioada s\u0103rb\u0103torilor, nu rata <strong>preparatele spaniole de Cr\u0103ciun<\/strong> \u0219i locurile unde le g\u0103se\u0219ti. \u021aine cont c\u0103 multe restaurante se \u00eenchid \u00een nop\u021bile importante, astfel c\u0103 rezerv\u0103rile f\u0103cute din timp sunt esen\u021biale, mai ales dac\u0103 cau\u021bi restaurante deschise de Cr\u0103ciun \u00een Madrid.<\/p>\n\n\n\n<div style=\"height:10px\" aria-hidden=\"true\" class=\"wp-block-spacer\"><\/div>\n\n\n\n<h3 class=\"wp-block-heading\">Care este preparatul principal de Cr\u0103ciun \u00een Madrid?<\/h3>\n\n\n\n<p>R\u0103spunsul depinde de dat\u0103. De <strong>Nochebuena<\/strong>, adic\u0103 Ajunul Cr\u0103ciunului, familiile madrilene se a\u0219az\u0103 la mese mari cu <strong>miel la cuptor, fructe de mare sau ambele<\/strong>. Porcu\u0219orul de lapte, platourile cu scoici \u0219i pe\u0219tele la cuptor apar des \u00een farfurii. Vei vedea \u0219i aperitive clasice precum <strong>jam\u00f3n ib\u00e9rico, platouri de br\u00e2nzeturi \u0219i hamsii marinate<\/strong>, servite \u00een ritmul lini\u0219tit al unei seri de Cr\u0103ciun Madrid cu pove\u0219ti la mas\u0103.<\/p>\n\n\n\n<p>Pe 6 ianuarie, ora\u0219ul s\u0103rb\u0103tore\u0219te cu desertul <strong>rosc\u00f3n de reyes<\/strong>, o coroni\u021b\u0103 dulce, nelipsit\u0103 din case \u0219i patiserii.<\/p>\n\n\n\n<p>Dac\u0103 te \u00eentrebi <strong><em>care este m\u00e2ncarea principal\u0103 de Cr\u0103ciun \u00een Madrid<\/em><\/strong>, \u00ee\u021bi sugerez s\u0103 \u00eencepi cu carne fript\u0103 \u0219i s\u0103 \u00eenchei cu un desert colorat cu fructe confiate.<\/p>\n\n\n\n<hr class=\"wp-block-separator has-alpha-channel-opacity is-style-dots\"\/>\n\n\n\n<h3 class=\"wp-block-heading\">Preparatele tradi\u021bionale de Cr\u0103ciun \u00een Madrid. Ce cump\u0103r\u0103 localnicii<\/h3>\n\n\n\n<p>Pie\u021bele se umplu \u00een decembrie cu <strong>m\u00e2ncarea tradi\u021bional\u0103 de Cr\u0103ciun<\/strong> pe care madrilenii ocump\u0103r\u0103 an de an. Vorbim despre <strong>turr\u00f3n Madrid<\/strong> (nuga cu migdale), <strong>polvorones Madrid<\/strong> (fursecuri sf\u0103r\u00e2micioase), <strong>mantecados \u0219i figurine de mar\u021bipan<\/strong>. Aceste deserturi apar \u00een case, birouri \u0219i cafenele pe tot parcursul sezonului, iar cei care fac shopping de Cr\u0103ciun Madrid le adaug\u0103 \u00een co\u0219urile cu daruri.<\/p>\n\n\n\n<p>Le g\u0103se\u0219ti \u0219i \u00een supermarket, \u00eens\u0103 <strong>versiunile artizanale sunt net superioare<\/strong>. Caut\u0103 La Mallorquina, El Riojano sau Pasteler\u00eda El Pozo \u00een Centro, locuri unde tradi\u021bia \u00eenc\u0103 domin\u0103 rafturile \u0219i sezonul de suveniruri de cr\u0103ciun Madrid \u00ee\u0219i g\u0103se\u0219te aroma.<\/p>\n\n\n\n<blockquote class=\"wp-block-quote is-layout-flow wp-block-quote-is-layout-flow\">\n<p>Poft\u0103 de deserturi autentice de Cr\u0103ciun \u0219i pove\u0219ti locale? <strong><a href=\"https:\/\/getyourguide.tpx.lv\/3BEjSnH8\" target=\"_blank\" rel=\"noreferrer noopener sponsored\">Rezerv\u0103 acest tur gastronomic de Cr\u0103ciun \u00een Madrid<\/a><\/strong> \u0219i scap\u0103 de orice b\u0103taie de cap.<\/p>\n<\/blockquote>\n\n\n\n<p class=\"has-extra-info-background-color has-background\"><strong>Sfat Local Madrid de Cr\u0103ciun<\/strong>: Dac\u0103 vrei s\u0103 sim\u021bi atmosfera complet\u0103 de lumini\u021be de cr\u0103ciun Madrid, ia un rosc\u00f3n proasp\u0103t \u0219i savureaz\u0103-l \u00een timp ce te plimbi prin Centro. A\u0219a \u00een\u021belegi gustul adev\u0103rat al s\u0103rb\u0103torilor \u00een capital\u0103.<\/p>\n\n\n\n<hr class=\"wp-block-separator has-alpha-channel-opacity is-style-dots\"\/>\n\n\n\n<figure class=\"wp-block-image size-full\"><img loading=\"lazy\" decoding=\"async\" width=\"792\" height=\"294\" src=\"https:\/\/www.the-travel-bunny.com\/ro\/wp-content\/uploads\/sites\/2\/2018\/12\/Churros-si-ciocolata-Madrid-desert-de-Craciun-traditional.jpg\" alt=\"Churros crocanti serviti cu boluri de ciocolata calda si caramel in Madrid\" class=\"wp-image-10863\" title=\"\" srcset=\"https:\/\/www.the-travel-bunny.com\/ro\/wp-content\/uploads\/sites\/2\/2018\/12\/Churros-si-ciocolata-Madrid-desert-de-Craciun-traditional.jpg 792w, https:\/\/www.the-travel-bunny.com\/ro\/wp-content\/uploads\/sites\/2\/2018\/12\/Churros-si-ciocolata-Madrid-desert-de-Craciun-traditional-300x111.jpg 300w, https:\/\/www.the-travel-bunny.com\/ro\/wp-content\/uploads\/sites\/2\/2018\/12\/Churros-si-ciocolata-Madrid-desert-de-Craciun-traditional-768x285.jpg 768w\" sizes=\"auto, (max-width: 792px) 100vw, 792px\" \/><figcaption class=\"wp-element-caption\"><em>Churros cu ciocolat\u0103 fierbinte r\u0103m\u00e2n unul dintre cele mai gustoase r\u0103sf\u0103\u021buri de sezon din Madrid \u0219i merit\u0103 \u00eencercate dac\u0103 pl\u0103nuie\u0219ti un Cr\u0103ciun la Marid. Le g\u0103se\u0219ti \u00een cafenele din tot ora\u0219ul \u0219i devin \u0219i mai populare \u00een dimine\u021bile de Cr\u0103ciun sau la brunch de Anul Nou.<\/em><\/figcaption><\/figure>\n\n\n\n<h3 class=\"wp-block-heading\">Churros \u0219i ciocolat\u0103 \u00een Madrid de Cr\u0103ciun<\/h3>\n\n\n\n<p>Po\u021bi m\u00e2nca churros oric\u00e2nd \u00een capital\u0103, dar iarna e cel mai bine. \u00cen Madrid de Cr\u0103ciun, <strong>un bol de ciocolat\u0103 groas\u0103 \u0219i fierbinte l\u00e2ng\u0103 churros<\/strong> prinde cel mai bine dup\u0103 o noapte lung\u0103 sau \u00eenainte s\u0103 porne\u0219ti spre pie\u021bele tematice, inclusiv spre cele mai renumite pie\u021be de Cr\u0103ciun din Madrid. Localnicii doar ating churros de ciocolat\u0103, nu \u00eel \u00eeneac\u0103 \u00een ea. <strong><strong>Chocolater\u00eda San Gin\u00e9s<\/strong><\/strong> r\u0103m\u00e2ne reperul ora\u0219ului. Func\u021bioneaz\u0103 zilnic \u0219i se afl\u0103 aproape de Puerta del Sol. Coada avanseaz\u0103 rapid.<\/p>\n\n\n\n<hr class=\"wp-block-separator has-alpha-channel-opacity is-style-dots\"\/>\n\n\n\n<h3 class=\"wp-block-heading\">Rosc\u00f3n de Reyes Madrid \u00een ianuarie<\/h3>\n\n\n\n<p>Nu pleca f\u0103r\u0103 s\u0103 gu\u0219ti celebrul <strong>rosc\u00f3n de reyes Madrid<\/strong>, disponibil doar \u00een jurul datei de 6 ianuarie. Cozonacul \u00een form\u0103 de inel vine acoperit cu zah\u0103r \u0219i fructe confiate. \u00cen interior stau ascunse dou\u0103 surprize. Dac\u0103 g\u0103se\u0219ti juc\u0103ria, por\u021bi coroana. Dac\u0103 dai peste bob, cumperi tu pr\u0103jitura anul urm\u0103tor.<\/p>\n\n\n\n<p>Brut\u0103rii precum <strong>El Horno de San Onofre sau Mallorca<\/strong> propun variante umplute cu fri\u0219c\u0103 sau ciocolat\u0103. Comand\u0103 \u00een avans la \u00eenceput de ianuarie. Se epuizeaz\u0103 rapid.<\/p>\n\n\n\n<hr class=\"wp-block-separator has-alpha-channel-opacity is-style-dots\"\/>\n\n\n\n<h3 class=\"wp-block-heading\"><strong>Restaurante pentru cina de Cr\u0103ciun \u00een Madrid<\/strong><\/h3>\n\n\n\n<p>Dac\u0103 vrei s\u0103 iei masa \u00een ora\u0219 pe 24 sau 25 decembrie, caut\u0103 <strong>restaurante deschise de Cr\u0103ciun Madrid<\/strong> \u00een interiorul hotelurilor. Majoritatea localurilor independente \u00eenchid \u00een ambele seri. Printre cele mai apreciate op\u021biuni pentru o <strong>cin\u0103 festiv\u0103 de Cr\u0103ciun \u00een Madrid<\/strong> se num\u0103r\u0103:<\/p>\n\n\n\n<ul class=\"wp-block-list\">\n<li><strong>La Terraza del Casino<\/strong>, un restaurant rafinat din centrul capitalei, cunoscut pentru meniul s\u0103u special de Cr\u0103ciun, care reune\u0219te preparate interna\u021bionale \u0219i clasice spaniole. Priveli\u0219tea asupra ora\u0219ului completeaz\u0103 experien\u021ba.<\/li>\n\n\n\n<li><strong>La Taberna de Sanl\u00facar<\/strong>, un local mic din zona Chamber\u00ed, renumit pentru preparatele din pe\u0219te \u0219i fructe de mare. Este o alegere excelent\u0103 pentru o mas\u0103 festiv\u0103 datorit\u0103 atmosferei calde \u0219i decorate pentru s\u0103rb\u0103tori.<\/li>\n\n\n\n<li><strong>Casa Lucio<\/strong>, un restaurant de familie din La Latina, apreciat pentru buc\u0103t\u0103ria tradi\u021bional\u0103 spaniol\u0103. O op\u021biune foarte potrivit\u0103 pentru o cin\u0103 de Cr\u0103ciun cu aer autentic.<\/li>\n\n\n\n<li><strong>Santceloni<\/strong>, cu dou\u0103 stele Michelin \u0219i g\u0103zduit de Hotel Hesperia, propune o experien\u021b\u0103 culinar\u0103 rafinat\u0103 centrat\u0103 pe gastronomia spaniol\u0103 contemporan\u0103. Ideal pentru cei care vor o sear\u0103 memorabil\u0103.<\/li>\n\n\n\n<li><strong>El Club Allard<\/strong>, un restaurant din Madrid \u00een vog\u0103 din zona Chamber\u00ed, serve\u0219te un meniu creativ de Cr\u0103ciun cu influen\u021be interna\u021bionale. Decorul elegant \u00eel face o alegere excelent\u0103 pentru un pr\u00e2nz festiv.<\/li>\n<\/ul>\n\n\n\n<p>Caut\u0103 <strong>meniuri de Cr\u0103ciun Madrid<\/strong> cu 5 p\u00e2n\u0103 la 7 feluri, asocieri de vinuri \u0219i un cod vestimentar elegant. Pentru <strong>rezerv\u0103ri cina de ajun Madrid<\/strong>, f\u0103 programarea la \u00eenceput de decembrie. De multe ori se cere plata \u00een avans.<\/p>\n\n\n\n<hr class=\"wp-block-separator has-alpha-channel-opacity is-style-dots\"\/>\n\n\n\n<h3 class=\"wp-block-heading\">Cr\u0103ciun Vegan \u00een Madrid. Unde m\u0103n\u00e2nci vegan \u00een Madrid<\/h3>\n\n\n\n<p>Dac\u0103 vrei op\u021biuni <strong>vegane de Cr\u0103ciun \u00een Madrid<\/strong>, \u00eencearc\u0103 Honest Greens sau Level Veggie Bistro. Ambele preg\u0103tesc meniuri vegetale speciale de Cr\u0103ciun \u0219i accept\u0103 rezerv\u0103ri. Multe restaurante de la hoteluri pot adapta meniurile dac\u0103 anun\u021bi din timp. Nu te baza pe locuri disponibile f\u0103r\u0103 rezervare, mai ales pe 24 \u0219i 25 decembrie.<\/p>\n\n\n\n<hr class=\"wp-block-separator has-alpha-channel-opacity is-style-dots\"\/>\n\n\n\n<h3 class=\"wp-block-heading\">Tapas de Cr\u0103ciun \u00een Madrid &amp; Tururi culinare<\/h3>\n\n\n\n<p>Tapas barurile nu prea func\u021bioneaz\u0103 cu intrare liber\u0103 \u00een ziua de Cr\u0103ciun, \u00eens\u0103 mai multe companii organizeaz\u0103 <strong>tururi tematice \u00een Madrid \u00een preajma Cr\u0103ciunului<\/strong> \u00een zilele de dinainte \u0219i de dup\u0103 s\u0103rb\u0103toare. \u00cen program intr\u0103 taverne istorice, degust\u0103ri de vin \u0219i gust\u0103ri locale. S\u0103 rezervi un <strong>tur culinar \u00een sezonul festiv din Madrid<\/strong> ajut\u0103 mult c\u00e2nd vrei ghidaj prin str\u0103zile aglomerate \u0219i prin programul redus al multor localuri, mai ales dac\u0103 e\u0219ti curios\/curioas\u0103 s\u0103 descoperi partea tradi\u021bional\u0103 a ora\u0219ului \u00eenainte de Revelion \u00een Madrid.<\/p>\n\n\n\n<blockquote class=\"wp-block-quote is-layout-flow wp-block-quote-is-layout-flow\">\n<p>Poft\u0103 de m\u00e2ncare spaniol\u0103 de Cr\u0103ciun \u0219i pove\u0219ti locale? <strong><a href=\"https:\/\/getyourguide.tpx.lv\/3BEjSnH8\" target=\"_blank\" rel=\"noreferrer noopener sponsored\">Rezerv\u0103 acest tur gastronomic de Cr\u0103ciun \u00een Madrid<\/a><\/strong> \u0219i decoper\u0103 m\u00e2ncarea tradi\u021bional\u0103 de s\u0103rb\u0103tori din Spania.<\/p>\n<\/blockquote>\n\n\n\n<div style=\"height:10px\" aria-hidden=\"true\" class=\"wp-block-spacer\"><\/div>\n\n\n\n<p>From roast lamb to turr\u00f3n, holiday meals are central to the Madrid experience. This isn\u2019t the time to wing it. <strong>If you&#8217;re traveling to Madrid over Christmas week, plan where you\u2019ll eat each day<\/strong>. The best dishes are simple, seasonal, and full of tradition. That\u2019s what makes <strong>typical Spanish Christmas treats to try in Madrid<\/strong> feel so local, even when you\u2019re just passing through.<\/p>\n\n\n\n<p>De la miel fript la turr\u00f3n, mesele de s\u0103rb\u0103tori definesc experien\u021ba culinar\u0103 local\u0103. <strong>Planificarea este esen\u021bial\u0103<\/strong>. Dac\u0103 vizitezi Madrid \u00een s\u0103pt\u0103m\u00e2na Cr\u0103ciunului, stabile\u0219te din timp unde vei m\u00e2nca \u00een fiecare zi, mai ales c\u0103 multe restaurante intr\u0103 pe program special de s\u0103rb\u0103tori. Cele mai bune preparate sunt simple, sezoniere \u0219i \u00eenc\u0103rcate de tradi\u021bie, exact motivul pentru care deserturile clasice spaniole \u0219i dulciurile precum turr\u00f3nul \u00ee\u021bi arat\u0103 c\u00e2t de autentic poate fi Madridul \u00een <strong><a href=\"https:\/\/www.the-travel-bunny.com\/ro\/eticheta\/vacante-iarna\/\" data-type=\"post_tag\" data-id=\"57\">perioada vacan\u021bei de iarn\u0103<\/a><\/strong>, chiar dac\u0103 doar treci prin ora\u0219.<\/p>\n\n\n\n<hr class=\"wp-block-separator has-alpha-channel-opacity\"\/>\n\n\n\n<figure class=\"wp-block-image size-full\"><img loading=\"lazy\" decoding=\"async\" width=\"792\" height=\"294\" src=\"https:\/\/www.the-travel-bunny.com\/ro\/wp-content\/uploads\/sites\/2\/2018\/12\/Hotel-in-Madrid-camera-confortabila-pentru-sejur-de-Craciun.jpg\" alt=\"Camera de hotel calda si luminoasa cu pat mare si noptiere pregatita pentru un sejur de Craciun in Madrid\" class=\"wp-image-10864\" title=\"\" srcset=\"https:\/\/www.the-travel-bunny.com\/ro\/wp-content\/uploads\/sites\/2\/2018\/12\/Hotel-in-Madrid-camera-confortabila-pentru-sejur-de-Craciun.jpg 792w, https:\/\/www.the-travel-bunny.com\/ro\/wp-content\/uploads\/sites\/2\/2018\/12\/Hotel-in-Madrid-camera-confortabila-pentru-sejur-de-Craciun-300x111.jpg 300w, https:\/\/www.the-travel-bunny.com\/ro\/wp-content\/uploads\/sites\/2\/2018\/12\/Hotel-in-Madrid-camera-confortabila-pentru-sejur-de-Craciun-768x285.jpg 768w\" sizes=\"auto, (max-width: 792px) 100vw, 792px\" \/><figcaption class=\"wp-element-caption\"><em>G\u0103sirea hotelului potrivit pentru Cr\u0103ciun la Madrid schimb\u0103 complet experien\u021ba. Indiferent dac\u0103 vrei priveli\u0219ti festive sau un loc lini\u0219tit unde s\u0103 te odihne\u0219ti, variantele centrale se ocup\u0103 rapid \u00een decembrie.<\/em><\/figcaption><\/figure>\n\n\n\n<h2 class=\"wp-block-heading\" id=\"traditions-in-madrid-during-christmas\">Ghid cazare \u00een Madrid de Cr\u0103ciun<\/h2>\n\n\n\n<p>Alegerea caz\u0103rii potrivite \u00een perioada s\u0103rb\u0103torilor \u00ee\u021bi poate ridica sau strica vacan\u021ba. Fie c\u0103 vrei confort, atmosfer\u0103 sau un pre\u021b bun, acest <strong>scurt ghid hotelier Madrid de Cr\u0103ciun<\/strong> \u00ee\u021bi ofer\u0103 op\u021biuni bine cotate pentru diferite tipuri de c\u0103l\u0103tori. Toate hotelurile sunt apreciate, centrale \u0219i deschise \u00een sezonul de s\u0103rb\u0103tori. Rezerv\u0103 devreme deoarece cererea cre\u0219te \u00een decembrie.<\/p>\n\n\n\n<div style=\"height:10px\" aria-hidden=\"true\" class=\"wp-block-spacer\"><\/div>\n\n\n\n<h3 class=\"wp-block-heading\">Cele mai bune hoteluri pentru Cr\u0103ciun \u00een Madrid<\/h3>\n\n\n\n<p>Dac\u0103 vrei o zon\u0103 lini\u0219tit\u0103 aproape de tot ce se \u00eent\u00e2mpl\u0103, <strong><a href=\"https:\/\/booking.tpx.lv\/IEZw95tC\" target=\"_blank\" rel=\"noreferrer noopener sponsored\">Radisson Blu Prado<\/a><\/strong> este alegerea ideal\u0103. Se afl\u0103 l\u00e2ng\u0103 Muzeul Prado \u0219i Parcul Retiro, ceea ce \u00ee\u021bi ofer\u0103 <strong>acces rapid la lumini\u021be de Cr\u0103ciun \u00een Madrid, pie\u021be, plimb\u0103ri \u0219i evenimente f\u0103r\u0103 zgomotul mul\u021bimilor<\/strong>. Camerele sunt moderne, iar atmosfera r\u0103m\u00e2ne festiv\u0103 f\u0103r\u0103 excese. O alegere excelent\u0103 pentru cupluri sau persoane care c\u0103l\u0103toresc singure. Dac\u0103 vrei o variant\u0103 sigur\u0103 \u0219i foarte bine pozi\u021bionat\u0103, rezerv\u0103 Radisson Blu Prado \u00eenainte s\u0103 se ocupe totul \u00een decembrie.<\/p>\n\n\n\n<p>Pentru cei care vor s\u0103 investeasc\u0103 \u00eentr-o experien\u021b\u0103 premium, <strong><a href=\"https:\/\/booking.tpx.lv\/n1OaK6dU\" target=\"_blank\" rel=\"noreferrer noopener sponsored\">Mandarin Oriental Ritz Madrid Hotel<\/a> ofer\u0103 elegan\u021b\u0103 clasic\u0103, decor amplu de sezon \u0219i terase cu priveli\u0219ti<\/strong>. Po\u021bi ajunge pe jos la Puerta del Sol \u0219i la Gr\u0103dina Botanic\u0103. Func\u021bioneaz\u0103 perfect pentru c\u0103l\u0103tori care vor un decor complet de s\u0103rb\u0103tori \u0219i servicii pe m\u0103sur\u0103.<\/p>\n\n\n\n<hr class=\"wp-block-separator has-alpha-channel-opacity is-style-dots\"\/>\n\n\n\n<h3 class=\"wp-block-heading\">Hoteluri romantice Madrid Cr\u0103ciun<\/h3>\n\n\n\n<p>Pentru o atmosfer\u0103 de boutique, <strong><a href=\"https:\/\/booking.tpx.lv\/cxXbav4H\" target=\"_blank\" rel=\"noreferrer noopener sponsored\">Only YOU Boutique Hotel<\/a><\/strong> din Chueca este o variant\u0103 puternic\u0103. Interioarele elegante, \u0219emineurile din lounge \u0219i meniul sezonier de cocktailuri \u00eel fac <strong>unul dintre cele mai c\u0103utate hoteluri romantice Madrid Cr\u0103ciun<\/strong>. E aproape de lumini, baruri \u0219i restaurante, dar p\u0103streaz\u0103 o senza\u021bie de intimitate.<\/p>\n\n\n\n<p><strong><a href=\"https:\/\/booking.tpx.lv\/3rSBo3Ck\" target=\"_blank\" rel=\"noreferrer noopener sponsored\">Gran Hotel Ingl\u00e9s<\/a><\/strong> din Barrio de las Letras este o alt\u0103 op\u021biune excelent\u0103. O proprietate restaurat\u0103 din secolul al XIX-lea cu detalii istorice \u0219i servicii de lux. Dac\u0103 vizitezi <strong>Madrid de Cr\u0103ciun \u00een cuplu<\/strong>, g\u0103se\u0219ti aici stil \u0219i o pozi\u021bie foarte bun\u0103.<\/p>\n\n\n\n<hr class=\"wp-block-separator has-alpha-channel-opacity is-style-dots\"\/>\n\n\n\n<h3 class=\"wp-block-heading\">Hoteluri pentru familii Madrid Cr\u0103ciun<\/h3>\n\n\n\n<p>Dac\u0103 c\u0103l\u0103tore\u0219ti cu copii, rezerv\u0103 la <strong><a href=\"https:\/\/booking.tpx.lv\/3xW7t9si\" target=\"_blank\" rel=\"noreferrer noopener sponsored\">Barcel\u00f3 Torre de Madrid<\/a><\/strong>. Situat \u00een Plaza de Espa\u00f1a, e la c\u00e2\u021biva pa\u0219i de tunelul de lumini, patinoar \u0219i pie\u021be. Camerele sunt spa\u021bioase, micul dejun este foarte bun, iar transportul public se afl\u0103 chiar \u00een fa\u021b\u0103. R\u0103m\u00e2ne <strong>unul dintre cele mai bune hoteluri pentru familii Madrid Cr\u0103ciun<\/strong> datorit\u0103 pozi\u021biei \u0219i confortului.<\/p>\n\n\n\n<p><strong><a href=\"https:\/\/booking.tpx.lv\/YGUzHLcJ\" target=\"_blank\" rel=\"noreferrer noopener sponsored\">Novotel Madrid Center<\/a><\/strong> \u00een Salamanca ofer\u0103 camere cvadruple, meniuri pentru copii \u0219i acces u\u0219or c\u0103tre zone mai lini\u0219tite. E modern \u0219i accesibil f\u0103r\u0103 s\u0103 par\u0103 simplu. <strong>Bonus<\/strong>: plimb\u0103ri \u00een Retiro pentru cei mici \u0219i plini de energie.<\/p>\n\n\n\n<hr class=\"wp-block-separator has-alpha-channel-opacity is-style-dots\"\/>\n\n\n\n<h3 class=\"wp-block-heading\">Hoteluri ieftine \u00een centrul Madridului de Cr\u0103ciun<\/h3>\n\n\n\n<p>Pentru c\u0103l\u0103torii aten\u021bi la buget, <strong><a href=\"https:\/\/booking.tpx.lv\/AAY2qq2n\" target=\"_blank\" rel=\"noreferrer noopener sponsored\">Casual del Teatro Madrid<\/a><\/strong> ofer\u0103 camere simple la c\u00e2\u021biva pa\u0219i de Sol. E curat, central \u0219i prinde adesea oferte pentru <strong>hoteluri ieftine Madrid centru Cr\u0103ciun<\/strong> dac\u0103 rezervi \u00eenainte de noiembrie. Loca\u021bia te pune aproape de tot ce \u021bine de Cr\u0103ciun la Madrid, de la lumini\u021be p\u00e2n\u0103 la pie\u021be.<\/p>\n\n\n\n<p>O alt\u0103 alegere inspirat\u0103 este <strong><a href=\"https:\/\/booking.tpx.lv\/zqDzi2Gm\" target=\"_blank\" rel=\"noreferrer noopener sponsored\">Hostal Central Palace Madrid<\/a><\/strong>, cu vedere spre Palatul Regal \u0219i o atmosfer\u0103 surprinz\u0103tor de lini\u0219tit\u0103 pentru o zon\u0103 at\u00e2t de vizitat\u0103. Dac\u0103 vrei <strong>hoteluri ieftine \u00een Madrid de Cr\u0103ciun<\/strong> care nu par un compromis, aceste dou\u0103 variante dep\u0103\u0219esc a\u0219tept\u0103rile.<\/p>\n\n\n\n<div style=\"height:10px\" aria-hidden=\"true\" class=\"wp-block-spacer\"><\/div>\n\n\n\n<p>Nu \u0219tii <strong>unde te cazezi \u00een Madrid de Cr\u0103ciun?<\/strong> Leag\u0103 alegerea de stilul t\u0103u de c\u0103l\u0103torie \u0219i decide dac\u0103 vrei o escapad\u0103 romantic\u0103, o aventur\u0103 cu familia sau un city break festiv s\u0103 petreci Cr\u0103ciunul \u00een Madrid. Toate aceste op\u021biuni r\u0103m\u00e2n deschise \u00een perioada s\u0103rb\u0103torilor, c\u00e2nd ora\u0219ul se umple de <strong>lumini\u021be \u0219i decora\u021biuni de Cr\u0103ciun \u00een Madrid<\/strong>, pie\u021be, evenimente \u0219i agita\u021bie festiv\u0103. Rezerv\u0103 din timp ca s\u0103 evi\u021bi scumpirile de ultim moment \u0219i s\u0103-\u021bi fixezi locul \u00een inima ora\u0219ului.<\/p>\n\n\n\n<hr class=\"wp-block-separator has-alpha-channel-opacity\"\/>\n\n\n\n<figure class=\"wp-block-image size-full\"><img loading=\"lazy\" decoding=\"async\" width=\"792\" height=\"294\" src=\"https:\/\/www.the-travel-bunny.com\/ro\/wp-content\/uploads\/sites\/2\/2018\/12\/Shopping-de-Craciun-Madrid-decoratiuni-si-cadouri-de-sezon.jpg\" alt=\"Calatoare alege sosete decorative si cadouri intr un magazin de Craciun din Madrid\" class=\"wp-image-10865\" title=\"\" srcset=\"https:\/\/www.the-travel-bunny.com\/ro\/wp-content\/uploads\/sites\/2\/2018\/12\/Shopping-de-Craciun-Madrid-decoratiuni-si-cadouri-de-sezon.jpg 792w, https:\/\/www.the-travel-bunny.com\/ro\/wp-content\/uploads\/sites\/2\/2018\/12\/Shopping-de-Craciun-Madrid-decoratiuni-si-cadouri-de-sezon-300x111.jpg 300w, https:\/\/www.the-travel-bunny.com\/ro\/wp-content\/uploads\/sites\/2\/2018\/12\/Shopping-de-Craciun-Madrid-decoratiuni-si-cadouri-de-sezon-768x285.jpg 768w\" sizes=\"auto, (max-width: 792px) 100vw, 792px\" \/><figcaption class=\"wp-element-caption\"><em>Magazinele din Madrid se umplu de decoruri festive \u0219i idei de cadouri pe tot parcursul lunii decembrie. De la ornamente la mici obiecte artizanale, g\u0103se\u0219ti ceva pentru orice tip de cump\u0103r\u0103tor care vine pentru Cr\u0103ciun la Madrid \u0219i sezonul cadourilor.<\/em><\/figcaption><\/figure>\n\n\n\n<h2 class=\"wp-block-heading\" id=\"madrid-christmas-shopping-gifts\">Shopping de Cr\u0103ciun \u00een Madrid \u0219i Idei de Cadouri<\/h2>\n\n\n\n<p><strong>Madrid ia cump\u0103r\u0103turile de Cr\u0103ciun \u00een serios.<\/strong> G\u0103se\u0219ti totul, de la obiecte lucrate manual \u00een standuri temporare p\u00e2n\u0103 la vitrine elaborate \u00een marile magazine, cu geamuri animate \u0219i promo\u021bii nocturne. Dac\u0103 ajungi \u00een ora\u0219 \u00een decembrie, preg\u0103te\u0219te-te at\u00e2t s\u0103 te plimbi, c\u00e2t \u0219i s\u0103 cumperi. Momentul e perfect s\u0103 iei <strong>ornamente de Cr\u0103ciun Madrid<\/strong>, artizanat local \u0219i delicii \u00een edi\u021bie limitat\u0103 pe care nu le vei mai g\u0103si \u00een restul anului.<\/p>\n\n\n\n<div style=\"height:10px\" aria-hidden=\"true\" class=\"wp-block-spacer\"><\/div>\n\n\n\n<h3 class=\"wp-block-heading\">Str\u0103zi de Shopping \u00een Madrid de Cr\u0103ciun<\/h3>\n\n\n\n<p>Pentru str\u0103zi festive pline de lumini \u0219i standuri cu cadouri, \u00eencepe pe <strong>Gran V\u00eda<\/strong> \u0219i continu\u0103 pe <strong>Calle Preciados spre Puerta del Sol<\/strong>. Zona central\u0103 adun\u0103 magazine independente \u0219i branduri mari cu <strong>reduceri sezoniere \u00een magazinele din Madrid<\/strong> pe care le promoveaz\u0103 \u00eenc\u0103 din mijlocul lunii. Dimine\u021bile din timpul s\u0103pt\u0103m\u00e2nii sunt cele mai lini\u0219tite dac\u0103 vrei s\u0103 evi\u021bi aglomera\u021bia. \u00cen jurul lui Sol \u0219i la sta\u021bia Opera g\u0103se\u0219ti \u0219i multe <strong>suveniruri de Cr\u0103ciun Madrid<\/strong> \u00een chio\u0219curi \u0219i magazine specializate.<\/p>\n\n\n\n<hr class=\"wp-block-separator has-alpha-channel-opacity is-style-dots\"\/>\n\n\n\n<h3 class=\"wp-block-heading\">El Corte Ingl\u00e9s Program de S\u0103rb\u0103tori \u0219i Decora\u021biuni<\/h3>\n\n\n\n<p>Cel mai cunoscut lan\u021b de magazine universale din ora\u0219 duce sezonul la nivel maxim. <strong>Decora\u021biunile El Corte Ingl\u00e9s Cr\u0103ciun<\/strong> de la magazinul principal din Castellana includ scene animate pentru copii, vitrine uria\u0219e \u0219i un spectacol amplu de lumini pe fa\u021bad\u0103. Dac\u0103 te intereseaz\u0103 <strong>program El Corte Ingl\u00e9s s\u0103rb\u0103tori<\/strong>, majoritatea magazinelor sunt deschise zilnic \u00eentre 10:00 \u0219i 22:00, cu program redus \u00een 24 \u0219i 31 decembrie \u0219i \u00eenchise pe 25 decembrie \u0219i 1 ianuarie.<\/p>\n\n\n\n<p>Dac\u0103 vrei s\u0103 verifici \u0219i <strong>programul altor centre comerciale pentru reduceri de Cr\u0103ciun \u00een magazinele din Madrid<\/strong> sau, s\u0103 \u0219tii c\u0103 majoritatea urmeaz\u0103 acela\u0219i interval orar, \u00eens\u0103 buticurile mici tind s\u0103 \u00eenchid\u0103 mai devreme f\u0103r\u0103 avertisment. Verific\u0103 mereu programul \u00eenainte s\u0103 porne\u0219ti la drum!<\/p>\n\n\n\n<hr class=\"wp-block-separator has-alpha-channel-opacity is-style-dots\"\/>\n\n\n\n<h3 class=\"wp-block-heading\">Cadouri \u0219i suveniruri artizanale \u00een Madrid<\/h3>\n\n\n\n<p><strong>Cele mai bune cadouri artizanale de Cr\u0103ciun la Madrid<\/strong> vin din pie\u021bele \u0219i t\u00e2rgurile de sezon. Caut\u0103 standuri \u00een <strong>Plaza Mayor, Plaza de Espa\u00f1a \u0219i Col\u00f3n<\/strong> cu ceramic\u0103 lucrat\u0103 manual, produse din piele, s\u0103punuri \u0219i conserve artizanale. Pentru ceva cu adev\u0103rat local, mergi la <strong>Mercado del Gato sau la Feria Mercado de Artesan\u00eda<\/strong>, unde descoperi obiecte unice. Aceste locuri completeaz\u0103 firesc atmosfera de pie\u021be de Cr\u0103ciun Madrid, f\u0103r\u0103 s\u0103 o caute ostentativ.<\/p>\n\n\n\n<p><strong>Figurinele tradi\u021bionale cu Na\u0219terea Domnului<\/strong> r\u0103m\u00e2n cel mai autentic suvenir de t\u00e2rg de Cr\u0103ciun Madrid. Sunt pictate manual, disponibile \u00een toate dimensiunile \u0219i realizate \u00een ateliere de familie din toat\u0103 Spania. Le vezi expuse \u00een pie\u021be \u0219i se \u00eempacheteaz\u0103 u\u0219or pentru avion. Dac\u0103 te intereseaz\u0103 tradi\u021bii locale, caut\u0103 <strong>bel\u00e9n Madrid<\/strong>, adic\u0103 o scen\u0103 complet\u0103 cu Na\u0219terea Domnului.<\/p>\n\n\n\n<hr class=\"wp-block-separator has-alpha-channel-opacity is-style-dots\"\/>\n\n\n\n<h3 class=\"wp-block-heading\">Cadouri dulci \u0219i co\u0219uri gourmet de sezon<\/h3>\n\n\n\n<p>Dac\u0103 vrei ceva de m\u00e2ncare, magazinele din Madrid v\u00e2nd o mul\u021bime de <strong>turr\u00f3n \u0219i cutii festive de ciocolat\u0103 Madrid<\/strong>. La Mallorquina \u0219i El Riojano preg\u0103tesc ambalaje elegante \u0219i produse cu termen lung de valabilitate. Sunt perfecte pentru gazde sau ca mic r\u0103sf\u0103\u021b pe drum. G\u0103se\u0219ti \u0219i co\u0219uri cadou de sezon Madrid, numite <em><strong>cestas de Navidad<\/strong><\/em>, \u00een magazine gourmet \u0219i supermarketuri. Con\u021bin vin, mezeluri, dulciuri \u0219i sosuri, toate gata de oferit.<\/p>\n\n\n\n<hr class=\"wp-block-separator has-alpha-channel-opacity is-style-dots\"\/>\n\n\n\n<h3 class=\"wp-block-heading\">Sfaturi pentru cump\u0103r\u0103turi \u00een Madrid \u00een decembrie<\/h3>\n\n\n\n<ul class=\"wp-block-list\">\n<li>P\u0103streaz\u0103 bonurile. Multe magazine ofer\u0103 perioade extinse de retur p\u00e2n\u0103 la jum\u0103tatea lui ianuarie.<\/li>\n\n\n\n<li><strong>Adev\u0103ratele reduceri de Cr\u0103ciun Madrid<\/strong> \u00eencep abia dup\u0103 6 ianuarie. Dac\u0103 vrei discounturi reale, programeaz\u0103-\u021bi cump\u0103r\u0103turile dup\u0103 Reyes. P\u00e2n\u0103 atunci, pl\u0103te\u0219ti pre\u021b \u00eentreg pentru articolele de sezon, inclusiv \u00een magazinele mari cu decora\u021biuni El Corte Ingl\u00e9s Cr\u0103ciun.<\/li>\n<\/ul>\n\n\n\n<div style=\"height:10px\" aria-hidden=\"true\" class=\"wp-block-spacer\"><\/div>\n\n\n\n<p>Indiferent dac\u0103 alegi cadouri pentru al\u021bii sau te r\u0103sfe\u021bi, <strong>cump\u0103r\u0103turile de Cr\u0103ciun \u00een Madrid<\/strong> \u00eenseamn\u0103 experien\u021b\u0103. Caut\u0103 ornamente, artizanat \u0219i gusturi pe care nu le g\u0103se\u0219ti acas\u0103. Cele mai bune idei sunt adesea la col\u021b de strad\u0103, nu pe rafturi.<\/p>\n\n\n\n<hr class=\"wp-block-separator has-alpha-channel-opacity\"\/>\n\n\n\n<figure class=\"wp-block-image size-full\"><img loading=\"lazy\" decoding=\"async\" width=\"792\" height=\"294\" src=\"https:\/\/www.the-travel-bunny.com\/ro\/wp-content\/uploads\/sites\/2\/2018\/12\/Craciun-in-Madrid-cu-copii-sarbatori-in-familie-atmosfera-festiva.jpg\" alt=\"Copil imbracat in tinuta rosie de Craciun zambind in fata unui brad impodobit\" class=\"wp-image-10866\" title=\"\" srcset=\"https:\/\/www.the-travel-bunny.com\/ro\/wp-content\/uploads\/sites\/2\/2018\/12\/Craciun-in-Madrid-cu-copii-sarbatori-in-familie-atmosfera-festiva.jpg 792w, https:\/\/www.the-travel-bunny.com\/ro\/wp-content\/uploads\/sites\/2\/2018\/12\/Craciun-in-Madrid-cu-copii-sarbatori-in-familie-atmosfera-festiva-300x111.jpg 300w, https:\/\/www.the-travel-bunny.com\/ro\/wp-content\/uploads\/sites\/2\/2018\/12\/Craciun-in-Madrid-cu-copii-sarbatori-in-familie-atmosfera-festiva-768x285.jpg 768w\" sizes=\"auto, (max-width: 792px) 100vw, 792px\" \/><figcaption class=\"wp-element-caption\"><em>Madrid ofer\u0103 multe activit\u0103\u021bi potrivite pentru familii \u00een perioada s\u0103rb\u0103torilor. De la \u00eent\u00e2lniri cu Mo\u0219 Cr\u0103ciun la explorarea lumini\u021belor de Cr\u0103ciun \u00een Madrid, ora\u0219ul devine un loc excelent pentru a s\u0103rb\u0103tori \u00eempreun\u0103 cu copiii.<\/em><\/figcaption><\/figure>\n\n\n\n<h2 class=\"wp-block-heading\" id=\"family-friendly-christmas-activities\">Activit\u0103\u021bi de Cr\u0103ciun pentru Familii<\/h2>\n\n\n\n<p id=\"family-friendly-christmas-activities\"><strong>Madrid e o destina\u021bie bun\u0103 pentru familii \u00een decembrie<\/strong>. Lumini\u021bele r\u0103m\u00e2n aprinse p\u00e2n\u0103 t\u00e2rziu, parcurile r\u0103m\u00e2n deschise, iar ora\u0219ul ridic\u0103 atrac\u021bii \u00eentregi dedicate sezonului. Dac\u0103 ajungi \u00een <strong>Madrid de Cr\u0103ciun cu copiii<\/strong>, nu vei duce lips\u0103 de idei. Activit\u0103\u021bile sunt u\u0219or de f\u0103cut pe jos, festive \u0219i simplu de integrat \u00eentr-un program flexibil.<\/p>\n\n\n\n<div style=\"height:10px\" aria-hidden=\"true\" class=\"wp-block-spacer\"><\/div>\n\n\n\n<h3 class=\"wp-block-heading\">Patinaj pe ghea\u021b\u0103 \u00een Madrid<\/h3>\n\n\n\n<p><strong>Patinajul \u00een Madrid<\/strong> merit\u0103 \u00eencercat dac\u0103 ai copii plini de energie.<strong> Patinoarul de la Plaza de Espa\u00f1a<\/strong> este cel mai mare \u0219i cel mai central, \u00eenconjurat de un mic sat de Cr\u0103ciun \u0219i standuri cu gust\u0103ri. Po\u021bi \u00eenchiria patine, c\u0103\u0219ti \u0219i cadre de sprijin pentru cei mici. Dup\u0103-amiaza se formeaz\u0103 cozi, a\u0219a c\u0103 diminea\u021ba se \u00eenainteaz\u0103 mai repede. <strong>Alte patinoare se g\u0103sesc la Col\u00f3n \u0219i la Matadero Madrid<\/strong>, unde exist\u0103 o variant\u0103 acoperit\u0103, mai mic\u0103, dar \u0219i mai pu\u021bin aglomerat\u0103.<\/p>\n\n\n\n<hr class=\"wp-block-separator has-alpha-channel-opacity is-style-dots\"\/>\n\n\n\n<h3 class=\"wp-block-heading\">\u00cent\u00e2lnire cu Mo\u0219 Cr\u0103ciun \u00een Madrid<\/h3>\n\n\n\n<p>Dac\u0103 cei mici \u00ee\u0219i doresc experien\u021ba complet\u0103 de Polul Nord, planific\u0103 o <strong>vizit\u0103 la spa\u021biile dedicate \u00eent\u00e2lnirilor cu Mo\u0219 Cr\u0103ciun din Madrid<\/strong> din marile centre comerciale precum El Corte Ingl\u00e9s (Castellana) sau La Vaguada. Aceste programe func\u021bioneaz\u0103 de la \u00eenceputul lui decembrie p\u00e2n\u0103 pe 5 ianuarie, cu intervale programate pentru poze \u0219i cutii pentru l\u0103sat cadouri. Nu te a\u0219tepta la discu\u021bii lungi cu Mo\u0219ul, \u00eens\u0103 decorurile sunt festive \u0219i bine puse la punct. \u00cen unele centre culturale, Mo\u0219 Cr\u0103ciun \u00eemparte spa\u021biul cu Reyes Magos Madrid pentru o variant\u0103 local\u0103 a tradi\u021biei darurilor.<\/p>\n\n\n\n<hr class=\"wp-block-separator has-alpha-channel-opacity is-style-dots\"\/>\n\n\n\n<h3 class=\"wp-block-heading\">Evenimente de Cr\u0103ciun pentru Familii<\/h3>\n\n\n\n<p><strong>Spectacolul Cortylandia cu p\u0103pu\u0219i marionete<\/strong> este o tradi\u021bie madrilen\u0103 la care familiile revin an dup\u0103 an. Are loc \u00een fa\u021ba El Corte Ingl\u00e9s de pe Calle Maestro Victoria \u0219i aduce personaje animatronice, copaci c\u00e2nt\u0103tori \u0219i pove\u0219ti \u00een miniatur\u0103 cu tematic\u0103 de s\u0103rb\u0103tori. Spectacolele au loc la fiecare 15 sau 30 de minute \u0219i sunt complet gratuite. Atmosfera este energic\u0103, colorat\u0103 \u0219i ideal\u0103 pentru <strong>evenimente de Cr\u0103ciun Madrid dedicate familiilor<\/strong>.<\/p>\n\n\n\n<p>Multe pie\u021be \u0219i zone centrale creeaz\u0103 spa\u021bii pentru copii, cu carusele, castele gonflabile \u0219i mici spectacole tematice. Program\u0103rile difer\u0103 \u00een func\u021bie de district, iar familiile stabilite aici pot verifica lista de activit\u0103\u021bi a cartierului lor, numit\u0103 <strong><em>programaci\u00f3n navide\u00f1a<\/em><\/strong>, pentru idei de weekend.<\/p>\n\n\n\n<hr class=\"wp-block-separator has-alpha-channel-opacity is-style-dots\"\/>\n\n\n\n<h3 class=\"wp-block-heading\">Parada Regilor \u0219i Carul pentru Copii<\/h3>\n\n\n\n<p><strong>Carul dedicat copiilor din cadrul Reyes Magos Madrid<\/strong> conteaz\u0103 enorm \u00een fiecare parad\u0103 a Regilor Madrid. Pe 5 ianuarie, cei Trei Regi str\u0103bat ora\u0219ul cu dansatori, lumini \u0219i dulciuri, iar un car este construit special pentru cei mici, cu personaje din c\u0103r\u021bi, desene sau pop culture. Dac\u0103 c\u0103l\u0103tore\u0219ti cu un copil mic ori de v\u00e2rst\u0103 \u0219colar\u0103, e bine s\u0103 ajungi devreme, s\u0103 ai la tine o pung\u0103 pentru bomboane \u0219i s\u0103 verifici traseul \u00eenainte s\u0103 pleci spre Parada Regilor Magi \u00een Madrid.<\/p>\n\n\n\n<hr class=\"wp-block-separator has-alpha-channel-opacity is-style-dots\"\/>\n\n\n\n<h3 class=\"wp-block-heading\">V\u00e2n\u0103toare de comori Bel\u00e9n<\/h3>\n\n\n\n<p>Pentru o activitate mai lini\u0219tit\u0103, \u00eencearc\u0103 o <strong>v\u00e2n\u0103toare Bel\u00e9n pe cont propriu<\/strong>. Multe biserici \u0219i centre culturale din Madrid preg\u0103tesc scene elaborate cu bel\u00e9n Madrid, pline de detalii ascunse \u0219i elemente \u00een mi\u0219care. Catedrala Almudena, Palatul Regal \u0219i Centro de la Cibeles sunt trei locuri bune de \u00eenceput. Roag\u0103-\u021bi copilul s\u0103 g\u0103seasc\u0103 brutarul, r\u00e2ul sau caravana de c\u0103mile. Ritmul e lent, surprinz\u0103tor de captivant \u0219i leag\u0103 plimbarea prin ora\u0219 de tradi\u021bia local\u0103 cu scene cu Na\u0219terea Domnului Madrid.<\/p>\n\n\n\n<div style=\"height:10px\" aria-hidden=\"true\" class=\"wp-block-spacer\"><\/div>\n\n\n\n<p>Indiferent dac\u0103 vrei joac\u0103 activ\u0103, descoperiri lini\u0219tite ori spectacol pur, <strong>atrac\u021biile \u0219i evenimentele de Cr\u0103ciun Madrid pentru familii<\/strong> te ajut\u0103 s\u0103 umpli zilele f\u0103r\u0103 stres. \u00cembrac\u0103-te bine, ia gust\u0103ri \u0219i rezerv\u0103 din timp c\u00e2nd se poate. Restul vine de la sine.<\/p>\n\n\n\n<hr class=\"wp-block-separator has-alpha-channel-opacity\"\/>\n\n\n\n<figure class=\"wp-block-image size-full\"><img loading=\"lazy\" decoding=\"async\" width=\"792\" height=\"294\" src=\"https:\/\/www.the-travel-bunny.com\/ro\/wp-content\/uploads\/sites\/2\/2018\/12\/Spectacol-flamenco-Madrid-sezon-de-Craciun-energie-si-culoare.jpg\" alt=\"Dansatoare de flamenco in rochie rosie ampla cu accesorii aurii pe scena alaturi de doi interpreti\" class=\"wp-image-10867\" title=\"\" srcset=\"https:\/\/www.the-travel-bunny.com\/ro\/wp-content\/uploads\/sites\/2\/2018\/12\/Spectacol-flamenco-Madrid-sezon-de-Craciun-energie-si-culoare.jpg 792w, https:\/\/www.the-travel-bunny.com\/ro\/wp-content\/uploads\/sites\/2\/2018\/12\/Spectacol-flamenco-Madrid-sezon-de-Craciun-energie-si-culoare-300x111.jpg 300w, https:\/\/www.the-travel-bunny.com\/ro\/wp-content\/uploads\/sites\/2\/2018\/12\/Spectacol-flamenco-Madrid-sezon-de-Craciun-energie-si-culoare-768x285.jpg 768w\" sizes=\"auto, (max-width: 792px) 100vw, 792px\" \/><figcaption class=\"wp-element-caption\"><em>Spectacolele de flamenco din Madrid cap\u0103t\u0103 un aer festiv \u00een perioada de Cr\u0103ciun la Madrid, c\u00e2nd multe tablaouri propun showuri speciale cu muzic\u0103, dans \u0219i meniuri de sezon.<\/em><\/figcaption><\/figure>\n\n\n\n<h2 class=\"wp-block-heading\" id=\"madrid-nightlife-music-and-concerts\">Via\u021ba de noapte din Madrid, muzic\u0103 \u0219i concerte<\/h2>\n\n\n\n<p><strong>Madrid r\u0103m\u00e2ne zgomotos \u00een decembrie<\/strong>. Chiar dac\u0103 tradi\u021biile de familie \u0219i cinele timpurii domin\u0103 serile, ora\u0219ul continu\u0103 cu nop\u021bi lungi pline de muzic\u0103, dans \u0219i localuri deschise. Dac\u0103 ajungi aici \u00een sezonul s\u0103rb\u0103torilor \u0219i nu \u0219tii <strong>ce s\u0103 faci \u00een Madrid de Cr\u0103ciun<\/strong>, ai mai jos un ghid pentru <strong>muzic\u0103 live \u00een Madrid de Cr\u0103ciun<\/strong>, de la flamenco la concerte clasice \u0219i <strong>petreceri de Revelion \u00een Madrid<\/strong>.<\/p>\n\n\n\n<div style=\"height:10px\" aria-hidden=\"true\" class=\"wp-block-spacer\"><\/div>\n\n\n\n<h3 class=\"wp-block-heading\">Spectacole Flamenco de Cr\u0103ciun \u00een Madrid<\/h3>\n\n\n\n<p>Decembrie vine cu program dens pentru tablaouri. Majoritatea ofer\u0103 <strong>spectacole de flamenco de Cr\u0103ciun \u00een Madrid<\/strong> pe care le po\u021bi rezerva din timp. Locuri populare precum Corral de la Morer\u00eda \u0219i Cardamomo g\u0103zduiesc reprezenta\u021bii de sezon cu muzic\u0103 festiv\u0103 \u0219i meniuri speciale. Atmosfera r\u0103m\u00e2ne intim\u0103 \u0219i intens\u0103. Showurile se \u021bin pe 24 \u0219i 25 decembrie, dar locurile se ocup\u0103 rapid. Rezerv\u0103 devreme dac\u0103 vrei s\u0103 prinzi un <strong>spectacol flamenco \u00een Madrid de Cr\u0103ciun<\/strong>.<\/p>\n\n\n\n<blockquote class=\"wp-block-quote is-layout-flow wp-block-quote-is-layout-flow\">\n<p>Vrei o sear\u0103 de neuitat \u00een Madrid? <strong><a href=\"https:\/\/getyourguide.tpx.lv\/GrrwOHqA\" target=\"_blank\" rel=\"noreferrer noopener sponsored\">Rezerv\u0103 un loc \u00een primul r\u00e2nd la spectacolul live de flamenco Emociones<\/a><\/strong> \u0219i tr\u0103ie\u0219te fiecare ritm din plin.<\/p>\n<\/blockquote>\n\n\n\n<hr class=\"wp-block-separator has-alpha-channel-opacity is-style-dots\"\/>\n\n\n\n<h3 class=\"wp-block-heading\">Muzic\u0103 clasic\u0103 \u0219i concerte de Cr\u0103ciun<\/h3>\n\n\n\n<p>Dac\u0103 preferi o orchestr\u0103 \u00een locul dansului, g\u0103se\u0219ti mai multe op\u021biuni de <strong>concerte de Cr\u0103ciun Madrid<\/strong> r\u0103sp\u00e2ndite prin ora\u0219. S\u0103li mari precum Auditorio Nacional, Fundaci\u00f3n Juan March \u0219i Teatro Monumental prezint\u0103 <strong>programe de muzic\u0103 clasic\u0103 \u00een Madrid<\/strong> dedicate sezonului. Te po\u021bi a\u0219tepta la colinde, simfonii \u0219i piese spaniole tradi\u021bionale.<\/p>\n\n\n\n<p>Dac\u0103 vrei oper\u0103 sau balet, verific\u0103 <strong>programul de s\u0103rb\u0103tori de la Teatro Real<\/strong>. Spectacolele continu\u0103 p\u00e2n\u0103 la final de decembrie \u0219i includ op\u021biuni populare precum Sp\u0103rg\u0103torul de Nuci sau recitaluri tematice. <strong>Programul de oper\u0103 Madrid Cr\u0103ciun<\/strong> se actualizeaz\u0103 anual \u0219i include showuri pentru familii \u0219i produc\u021bii clasice complete.<\/p>\n\n\n\n<hr class=\"wp-block-separator has-alpha-channel-opacity is-style-dots\"\/>\n\n\n\n<h3 class=\"wp-block-heading\">Nop\u021bi de Jazz \u00een Madrid \u00een Decembrie<\/h3>\n\n\n\n<p>Cluburi precum Caf\u00e9 Central \u0219i Sala Clamores p\u0103streaz\u0103 seturile regulate \u00een decembrie. Sunt o alegere excelent\u0103 dac\u0103 vrei b\u0103utur\u0103 \u0219i <strong>muzic\u0103 live \u00een Madrid de Cr\u0103ciun<\/strong>, f\u0103r\u0103 mul\u021bimi uria\u0219e. Unele cluburi g\u0103zduiesc seri tematice sau arti\u0219ti invita\u021bi pentru sezon. Verific\u0103 programul cu c\u00e2teva zile \u00eenainte.<\/p>\n\n\n\n<hr class=\"wp-block-separator has-alpha-channel-opacity is-style-dots\"\/>\n\n\n\n<h3 class=\"wp-block-heading\">Evenimente de Revelion \u00een Madrid<\/h3>\n\n\n\n<p>Dac\u0103 r\u0103m\u00e2i \u00een ora\u0219 p\u00e2n\u0103 pe 31, ai op\u021biuni diverse. <strong>Marile petreceri de Revelion \u00een Madrid<\/strong> \u00eencep \u00een <strong>Puerta del Sol<\/strong>, unde mul\u021bimile se adun\u0103 pentru num\u0103r\u0103toarea invers\u0103. Ajungi la timp dac\u0103 vii p\u00e2n\u0103 la ora 22. Adu <strong>cele 12 boabe de struguri<\/strong> sau cump\u0103r\u0103 un pachet din magazinele din apropiere. La miezul nop\u021bii, urmeaz\u0103 tradi\u021bia localnicilor \u0219i m\u0103n\u00e2nc\u0103 un bob la fiecare b\u0103taie a clopotului. Apoi <strong>ciocne\u0219te un pahar de cava<\/strong>.<\/p>\n\n\n\n<p>Dup\u0103 miezul nop\u021bii, petrecerile continu\u0103 pe acoperi\u0219urile ora\u0219ului \u0219i \u00een baruri. Caut\u0103 <strong><strong>petreceri de Anul Nou \u00een Madrid<\/strong><\/strong> \u00een loca\u021bii precum C\u00edrculo de Bellas Artes sau rooftopul VP Plaza Espa\u00f1a Design. Acestea func\u021bioneaz\u0103 cu bilete, bar deschis \u0219i seturi de DJ. Rezerv\u0103 din timp. F\u0103r\u0103 intrare la fa\u021ba locului.<\/p>\n\n\n\n<hr class=\"wp-block-separator has-alpha-channel-opacity is-style-dots\"\/>\n\n\n\n<h3 class=\"wp-block-heading\">Evenimente de Cr\u0103ciun la Casino Madrid<\/h3>\n\n\n\n<p>Pentru o noapte de s\u0103rb\u0103toare \u00eentr-un cadru rafinat, <strong>evenimentele Casino Madrid includ cine festive cu pre\u021b fix<\/strong>, spectacole \u0219i petreceri cu open bar. Se potrive\u0219te celor care prefer\u0103 s\u0103 petreac\u0103 o sear\u0103 complet\u0103 \u00eentr-un singur loc. Pre\u021burile sunt ridicate, dar serviciile \u0219i loca\u021bia merit\u0103. Exist\u0103 \u0219i cod vestimentar.<\/p>\n\n\n\n<div style=\"height:10px\" aria-hidden=\"true\" class=\"wp-block-spacer\"><\/div>\n\n\n\n<p>Madrid nu se opre\u0219te \u00een perioada s\u0103rb\u0103torilor. De la <strong>concerte de Cr\u0103ciun Madrid<\/strong> la num\u0103r\u0103toarea de pe acoperi\u0219uri \u00een noaptea de Revelion, via\u021ba de noapte continu\u0103 \u00een for\u021b\u0103. Indiferent dac\u0103 preferi opera sau cluburile, planific\u0103 din timp \u0219i f\u0103 o rezervare. Cele mai bune seri se ocup\u0103 rapid.<\/p>\n\n\n\n<hr class=\"wp-block-separator has-alpha-channel-opacity is-style-default\"\/>\n\n\n\n<figure class=\"wp-block-image size-full\"><img loading=\"lazy\" decoding=\"async\" width=\"792\" height=\"294\" src=\"https:\/\/www.the-travel-bunny.com\/ro\/wp-content\/uploads\/sites\/2\/2018\/12\/Trafic-Madrid-de-Craciun-taxiuri-pe-strazile-orasului-lumini-de-sarbatori.jpg\" alt=\"Taxiuri blocate in trafic sub luminite de Craciun albastre pe o strada aglomerata din Madrid\" class=\"wp-image-10868\" title=\"\" srcset=\"https:\/\/www.the-travel-bunny.com\/ro\/wp-content\/uploads\/sites\/2\/2018\/12\/Trafic-Madrid-de-Craciun-taxiuri-pe-strazile-orasului-lumini-de-sarbatori.jpg 792w, https:\/\/www.the-travel-bunny.com\/ro\/wp-content\/uploads\/sites\/2\/2018\/12\/Trafic-Madrid-de-Craciun-taxiuri-pe-strazile-orasului-lumini-de-sarbatori-300x111.jpg 300w, https:\/\/www.the-travel-bunny.com\/ro\/wp-content\/uploads\/sites\/2\/2018\/12\/Trafic-Madrid-de-Craciun-taxiuri-pe-strazile-orasului-lumini-de-sarbatori-768x285.jpg 768w\" sizes=\"auto, (max-width: 792px) 100vw, 792px\" \/><figcaption class=\"wp-element-caption\"><em>Traficul de s\u0103rb\u0103tori se adun\u0103 rapid \u00een centrul Madridului \u00een serile din decembrie. Str\u0103zile se umplu de taxiuri \u0219i ma\u0219ini, pentru c\u0103 localnicii \u0219i vizitatorii pornesc s\u0103 vad\u0103 lumini\u021bele de Cr\u0103ciun Madrid.<\/em><\/figcaption><\/figure>\n\n\n\n<h2 class=\"wp-block-heading\" id=\"getting-around-madrid-at-christmas\">Cum te deplasezi \u00een Madrid de Cr\u0103ciun<\/h2>\n\n\n\n<p id=\"getting-around-madrid-at-christmas\"><strong>Cr\u0103ciun la Madrid vine cu orare speciale \u0219i str\u0103zi \u00eenchise temporar<\/strong>. Dac\u0103 \u00ee\u021bi planifici vizite la muzee, mese festive sau spectacole de lumini, ai nevoie de o strategie clar\u0103 ca s\u0103 te mi\u0219ti prin ora\u0219. Ghidul acesta \u00ee\u021bi arat\u0103 <strong>cum s\u0103 folose\u0219ti transportul public Madrid Cr\u0103ciun<\/strong>, Metro, autobuze \u0219i taxiuri \u00een perioada s\u0103rb\u0103torilor. Include \u0219i sfaturi pentru a ajunge la evenimente precum <strong>parada Regilor Magi Madrid<\/strong> f\u0103r\u0103 stres.<\/p>\n\n\n\n<div style=\"height:10px\" aria-hidden=\"true\" class=\"wp-block-spacer\"><\/div>\n\n\n\n<h3 class=\"wp-block-heading\">Program Transport Public Madrid Cr\u0103ciun<\/h3>\n\n\n\n<p>Da, <strong>transport \u00een comun func\u021bioneaz\u0103 \u00een Madrid de Cr\u0103ciun<\/strong>, dar cu orare reduse. Pe 24 decembrie, metroul \u0219i autobuzele EMT se opresc mai devreme. Conform programului special, ultimele trenuri pleac\u0103 din sta\u021biile centrale \u00een jur de 21:30. Planific\u0103 s\u0103 fii aproape de cas\u0103 sau de hotel \u00een jur de 21:00 dac\u0103 folose\u0219ti transportul public \u00een Ajun.<\/p>\n\n\n\n<hr class=\"wp-block-separator has-alpha-channel-opacity is-style-dots\"\/>\n\n\n\n<h3 class=\"wp-block-heading\">Transport Public Deschis de Cr\u0103ciun \u00een Madrid?<\/h3>\n\n\n\n<p>Da, <strong>transportul public este deschis de Cr\u0103ciun \u00een Madrid<\/strong>, doar c\u0103 opereaz\u0103 limitat. Pe 25 decembrie, autobuzele \u0219i metroul circul\u0103 dup\u0103 un program special de s\u0103rb\u0103tori. <strong>A\u0219teapt\u0103 timpi mai mari \u00eentre vehicule \u0219i mai pu\u021bine linii active.<\/strong> Trenurile pornesc de obicei mai t\u00e2rziu diminea\u021ba, a\u0219a c\u0103 <strong><a href=\"https:\/\/www.metromadrid.es\/en\" target=\"_blank\" rel=\"noreferrer noopener\">verific\u0103 site-ul Metro de Madrid<\/a><\/strong> \u00eenainte s\u0103 pleci. Dac\u0103 zbori, aloc\u0103 timp suplimentar pentru transferul spre aeroport.<\/p>\n\n\n\n<hr class=\"wp-block-separator has-alpha-channel-opacity is-style-dots\"\/>\n\n\n\n<h3 class=\"wp-block-heading\">Program Metro Madrid S\u0103rb\u0103tori<\/h3>\n\n\n\n<p><strong>Program metrou Madrid Cr\u0103ciun<\/strong> variaz\u0103 zilnic \u00eentre 24 decembrie \u0219i 6 ianuarie. Majoritatea liniilor func\u021bioneaz\u0103 dup\u0103 orarul de weekend \u00een zilele lucr\u0103toare care nu sunt s\u0103rb\u0103tori, dar se \u00eenchid devreme \u00een Ajun \u0219i \u00een seara de Revelion. Pe 31 decembrie, metroul circul\u0103 toat\u0103 noaptea pentru petrecerile de <strong>Revelion \u00een Madrid<\/strong>. Sta\u021biile din apropiere de Puerta del Sol se \u00eenchid temporar pentru gestionarea mul\u021bimilor, deci verific\u0103 \u00een prealabil actualiz\u0103rile pentru linia ta.<\/p>\n\n\n\n<hr class=\"wp-block-separator has-alpha-channel-opacity is-style-dots\"\/>\n\n\n\n<h3 class=\"wp-block-heading\">Taxiuri \u00een Madrid de Cr\u0103ciun<\/h3>\n\n\n\n<p>Taxiurile \u0219i aplica\u021biile de tip Uber sau Cabify func\u021bioneaz\u0103 zilnic \u00een sezonul de s\u0103rb\u0103tori. Totu\u0219i, cererea cre\u0219te \u00een orele de cin\u0103 \u0219i \u00een timpul evenimentelor speciale. Dac\u0103 te bazezi pe <strong>taxiuri \u00een Madrid Cr\u0103ciun<\/strong>, rezerv\u0103 din timp \u0219i verific\u0103 tarifele. Pre\u021burile cresc u\u0219or \u00een zilele libere \u0219i la ore t\u00e2rzii.<\/p>\n\n\n\n<hr class=\"wp-block-separator has-alpha-channel-opacity is-style-dots\"\/>\n\n\n\n<h3 class=\"wp-block-heading\">Devieri \u0219i blocaje pentru Parada Regilor<\/h3>\n\n\n\n<p><strong>Parada Regilor Magi<\/strong> din 5 ianuarie schimb\u0103 complet circula\u021bia pe tot traseul ei. Traficul se opre\u0219te din jurul orei 16 p\u00e2n\u0103 t\u00e2rziu \u00een sear\u0103. Afecteaz\u0103 autobuzele, taxiurile \u0219i ma\u0219inile personale. Dac\u0103 vrei s\u0103 o vezi, mergi pe jos sau folose\u0219te sta\u021bii de metrou aflate aproape, dar nu \u00een interiorul zonei restric\u021bionate. <strong>Este cea mai complicat\u0103 sear\u0103 pentru cum te deplasezi \u00een Madrid de Cr\u0103ciun<\/strong>, a\u0219a c\u0103 las\u0103 timp \u00een plus.<\/p>\n\n\n\n<hr class=\"wp-block-separator has-alpha-channel-opacity is-style-dots\"\/>\n\n\n\n<h3 class=\"wp-block-heading\">Sunt atrac\u021biile turistice deschise \u00een ziua de Cr\u0103ciun \u00een Madrid?<\/h3>\n\n\n\n<p><strong>Majoritatea atrac\u021biilor turistice nu sunt deschise \u00een ziua de Cr\u0103ciun \u00een Madrid<\/strong>. Muzeele mari precum Prado, Reina Sof\u00eda \u0219i Thyssen \u00eenchid pe 25 decembrie. Unele parcuri \u0219i pie\u021be r\u0103m\u00e2n deschise, \u00eens\u0103 vizitele \u00een interior trebuie planificate pentru alt\u0103 zi. Cafenelele, churreriile \u0219i c\u00e2teva restaurante de hotel func\u021bioneaz\u0103, dar ora\u0219ul devine foarte lini\u0219tit pentru plimb\u0103ri turistice.<\/p>\n\n\n\n<div style=\"height:10px\" aria-hidden=\"true\" class=\"wp-block-spacer\"><\/div>\n\n\n\n<p><strong>Te po\u021bi descurca f\u0103r\u0103 stres dac\u0103 planifici din timp<\/strong>. Verific\u0103 programul metrou Madrid de Cr\u0103ciun ca s\u0103 nu fii surprins de intervalele reduse, mai ales \u00een ziua de Cr\u0103ciun. Evit\u0103 condusul \u00een orele paradei. Dac\u0103 ai drum \u00een centru \u00een perioada s\u0103rb\u0103torilor, verific\u0103 toate op\u021biunile de <strong>transport public Madrid Cr\u0103ciun<\/strong> pentru a evita blocajele. Ora\u0219ul r\u0103m\u00e2ne accesibil, dar doar dac\u0103 \u0219tii orarele \u0219i rutele. <\/p>\n\n\n\n<hr class=\"wp-block-separator has-alpha-channel-opacity\"\/>\n\n\n\n<figure class=\"wp-block-image size-full\"><img loading=\"lazy\" decoding=\"async\" width=\"792\" height=\"294\" src=\"https:\/\/www.the-travel-bunny.com\/ro\/wp-content\/uploads\/sites\/2\/2018\/12\/Segovia-iarna-excursie-de-o-zi-din-Madrid-peisaj-cu-zapada.jpg\" alt=\"Alcazarul din Segovia acoperit cu zapada vazut prin crengi de brad intr un peisaj de iarna\" class=\"wp-image-10869\" title=\"\" srcset=\"https:\/\/www.the-travel-bunny.com\/ro\/wp-content\/uploads\/sites\/2\/2018\/12\/Segovia-iarna-excursie-de-o-zi-din-Madrid-peisaj-cu-zapada.jpg 792w, https:\/\/www.the-travel-bunny.com\/ro\/wp-content\/uploads\/sites\/2\/2018\/12\/Segovia-iarna-excursie-de-o-zi-din-Madrid-peisaj-cu-zapada-300x111.jpg 300w, https:\/\/www.the-travel-bunny.com\/ro\/wp-content\/uploads\/sites\/2\/2018\/12\/Segovia-iarna-excursie-de-o-zi-din-Madrid-peisaj-cu-zapada-768x285.jpg 768w\" sizes=\"auto, (max-width: 792px) 100vw, 792px\" \/><figcaption class=\"wp-element-caption\"><em>Segovia e o excursie de iarn\u0103 excelent\u0103 din Madrid. Castelul de poveste \u0219i apeductul roman arat\u0103 \u0219i mai spectaculos sub un strat de z\u0103pad\u0103.<\/em><\/figcaption><\/figure>\n\n\n\n<h2 class=\"wp-block-heading\" id=\"day-trips-from-madrid-during-the-holiday-season\">Excursii de o zi din Madrid \u00een sezonul s\u0103rb\u0103torilor de iarn\u0103<\/h2>\n\n\n\n<p>Dac\u0103 stai mai mult de trei sau patru zile \u00een capital\u0103, merit\u0103 s\u0103 ie\u0219i pu\u021bin din ora\u0219. C\u00e2teva localit\u0103\u021bi apropiate ofer\u0103 lumini de s\u0103rb\u0103toare, preparate de iarn\u0103 \u0219i pie\u021be lini\u0219tite f\u0103r\u0103 aglomera\u021bia din Cr\u0103ciun \u00een Madrid. Aceste <strong>excursii de o zi din Madrid \u00een sezonul rece<\/strong> func\u021bioneaz\u0103 bine cu trenul, ma\u0219ina sau tururi organizate \u0219i \u00ee\u021bi arat\u0103 mai clar cultura spaniol\u0103 de s\u0103rb\u0103tori.<\/p>\n\n\n\n<div style=\"height:10px\" aria-hidden=\"true\" class=\"wp-block-spacer\"><\/div>\n\n\n\n<h3 class=\"wp-block-heading\">Experien\u021ba de Cr\u0103ciun \u00een Segovia<\/h3>\n\n\n\n<p><strong>Segovia de Cr\u0103ciun<\/strong> tr\u0103ie\u0219te spiritul s\u0103rb\u0103torilor \u00een jurul apeductului s\u0103u roman. \u00cen fiecare decembrie, acesta se aprinde \u00een tonuri aurii care urm\u0103resc linia arcadelor. Traverseaz\u0103 ora\u0219ul vechi dup\u0103-amiaza t\u00e2rziu pentru a prinde lumina perfect\u0103 \u00eenainte de apus. Restaurantele din Plaza Mayor servesc <strong>purcelu\u0219ul de lapte fript, preparatul emblematic al ora\u0219ului<\/strong>. Nu te a\u0219tepta la pie\u021be de pie\u021be de Cr\u0103ciun ca \u00een Madrid aici, \u00eens\u0103 luminile \u0219i decorul urban fac din aceast\u0103 excursie una excelent\u0103 \u00een sezonul rece. <strong>Lumini\u021bele de Cr\u0103ciun din Segovia<\/strong> r\u0103m\u00e2n aprinse p\u00e2n\u0103 \u00een s\u0103pt\u0103m\u00e2na Reyes.<\/p>\n\n\n\n<blockquote class=\"wp-block-quote is-layout-flow wp-block-quote-is-layout-flow\">\n<p>F\u0103 ca vacan\u021ba ta \u00een Madrid s\u0103 fie de neuitat. <strong><a href=\"https:\/\/getyourguide.tpx.lv\/aWbX2B6J\" target=\"_blank\" rel=\"noreferrer noopener sponsored\">Al\u0103tur\u0103-te acestui tur de o zi \u00een Segovia \u0219i Toledo<\/a><\/strong>, unul dintre cele mai bine v\u00e2ndute, cu preluare direct de la hotel.<\/p>\n<\/blockquote>\n\n\n\n<hr class=\"wp-block-separator has-alpha-channel-opacity is-style-dots\"\/>\n\n\n\n<h3 class=\"wp-block-heading\">Toledo de Cr\u0103ciun<\/h3>\n\n\n\n<p>Pu\u021bine locuri se simt la fel de atemporale ca <strong>Toledo de Cr\u0103ciun<\/strong>. Ora\u0219ul medieval, \u00eenconjurat de ziduri, \u00ee\u0219i \u00eempodobe\u0219te str\u0103du\u021bele \u00eenguste cu lumini \u0219i amplaseaz\u0103 scene cu na\u0219terea Domnului \u00een pie\u021be \u0219i intr\u0103ri de case. G\u0103se\u0219ti un <strong>t\u00e2rg de Cr\u0103ciun Toledo \u00een Plaza de Zocodover<\/strong>, plus concerte \u00een weekend \u0219i v\u00e2nz\u0103tori de ciocolat\u0103 cald\u0103. Ora\u0219ul se descoper\u0103 cel mai bine pe jos \u0219i r\u0103m\u00e2ne <strong>mai lini\u0219tit ca Madrid de Cr\u0103ciun<\/strong> chiar \u0219i \u00een perioada de v\u00e2rf. De multe ori, oficiul de turism organizeaz\u0103 un traseu medieval al scenelor de scene cu Na\u0219terea Domnului, unde elementele sunt redate \u00een m\u0103rime natural\u0103 \u00een centrul istoric.<\/p>\n\n\n\n<hr class=\"wp-block-separator has-alpha-channel-opacity is-style-dots\"\/>\n\n\n\n<h3 class=\"wp-block-heading\">Excursie de s\u0103rb\u0103tori \u00een Alcal\u00e1 de Henares<\/h3>\n\n\n\n<p>Dac\u0103 vrei ceva aproape \u0219i f\u0103r\u0103 agita\u021bie, mergi la <strong>Alcal\u00e1 de Henares de Cr\u0103ciun<\/strong>. Cunoscut pentru universitate \u0219i pentru leg\u0103tura cu Cervantes, ora\u0219ul ridic\u0103 un t\u00e2rg tradi\u021bional \u0219i c\u00e2teva atrac\u021bii de tip fun-fair \u00een pia\u021ba central\u0103. Nu este invadat de turi\u0219ti \u0219i func\u021bioneaz\u0103 perfect pentru o plimbare relaxat\u0103 dup\u0103-amiaza. Pentru c\u0103l\u0103torii care \u00eentreab\u0103 <strong>unde s\u0103 mearg\u0103 l\u00e2ng\u0103 Madrid \u00een vacan\u021ba de iarn\u0103<\/strong>, Alcal\u00e1 ofer\u0103 lumini, atmosfer\u0103 festiv\u0103 \u0219i un centru vechi u\u0219or de explorat.<\/p>\n\n\n\n<hr class=\"wp-block-separator has-alpha-channel-opacity is-style-dots\"\/>\n\n\n\n<h3 class=\"wp-block-heading\">Itinerar de Cr\u0103ciun \u00een ora\u0219e l\u00e2ng\u0103 Madrid<\/h3>\n\n\n\n<p>Planific\u0103 plecarea diminea\u021ba t\u00e2rziu \u0219i \u00eentoarcerea seara. Toate cele trei ora\u0219e sunt accesibile cu trenurile Cercan\u00edas sau regionale din Atocha ori Chamart\u00edn. Dac\u0103 le vizitezi pe toate, \u00eencepe cu Toledo pentru istorie, continu\u0103 cu Segovia pentru gastronomie \u0219i priveli\u0219ti, apoi \u00eencheie cu Alcal\u00e1 pentru o experien\u021b\u0103 mai relaxat\u0103. Aceste <strong>escapade \u00een apropierede Madrid iarna<\/strong> ofer\u0103 un ritm mai lent \u0219i \u00ee\u021bi arat\u0103 cum tr\u0103ie\u0219te Spania sezonul festiv.<\/p>\n\n\n\n<div style=\"height:10px\" aria-hidden=\"true\" class=\"wp-block-spacer\"><\/div>\n\n\n\n<p>Profit\u0103 de perioada s\u0103rb\u0103torilor ca s\u0103 descoperi \u00eemprejurimile capitalei. <strong>Excursiile de iarn\u0103 din Madrid<\/strong> sunt festive, accesibile \u0219i u\u0219or de organizat cu sau f\u0103r\u0103 ma\u0219in\u0103. Luminile r\u0103m\u00e2n aprinse, meniurile devin sezoniere, iar aglomera\u021bia se reduce pe m\u0103sur\u0103 ce te \u00eendep\u0103rtezi de ora\u0219.<\/p>\n\n\n\n<hr class=\"wp-block-separator has-alpha-channel-opacity\"\/>\n\n\n\n<figure class=\"wp-block-image size-full\"><img loading=\"lazy\" decoding=\"async\" width=\"792\" height=\"294\" src=\"https:\/\/www.the-travel-bunny.com\/ro\/wp-content\/uploads\/sites\/2\/2018\/12\/Brad-de-Craciun-Puerta-del-Sol-Madrid-decor-festiv-in-centrul-orasului.jpg\" alt=\"Brad urias de Craciun din structura metalica luminata ziua in Puerta del Sol Madrid inconjurat de cladiri istorice\" class=\"wp-image-10870\" title=\"\" srcset=\"https:\/\/www.the-travel-bunny.com\/ro\/wp-content\/uploads\/sites\/2\/2018\/12\/Brad-de-Craciun-Puerta-del-Sol-Madrid-decor-festiv-in-centrul-orasului.jpg 792w, https:\/\/www.the-travel-bunny.com\/ro\/wp-content\/uploads\/sites\/2\/2018\/12\/Brad-de-Craciun-Puerta-del-Sol-Madrid-decor-festiv-in-centrul-orasului-300x111.jpg 300w, https:\/\/www.the-travel-bunny.com\/ro\/wp-content\/uploads\/sites\/2\/2018\/12\/Brad-de-Craciun-Puerta-del-Sol-Madrid-decor-festiv-in-centrul-orasului-768x285.jpg 768w\" sizes=\"auto, (max-width: 792px) 100vw, 792px\" \/><figcaption class=\"wp-element-caption\"><em>Puerta del Sol din Madrid g\u0103zduie\u0219te \u00een fiecare an unul dintre cei mai \u00eenal\u021bi brazi de Cr\u0103ciun la Madrid. Structura sa metalic\u0103 modern\u0103 lumineaz\u0103 ora\u0219ul dup\u0103 l\u0103sarea serii \u0219i marcheaz\u0103 centrul marilor s\u0103rb\u0103tori din Madrid iarna.<\/em><\/figcaption><\/figure>\n\n\n\n<h2 class=\"wp-block-heading\" id=\"ch\">\u00centreb\u0103ri frecvente despre Cr\u0103ciunul \u00een Madrid<\/h2>\n\n\n\n<p>Dac\u0103 pl\u0103nuie\u0219ti o escapad\u0103 la Madrid \u00een perioada s\u0103rb\u0103torilor, sigur apar \u00eentreb\u0103ri. Sec\u021biunea de mai jos clarific\u0103 cele mai comune nel\u0103muriri ale c\u0103l\u0103torilor \u0219i expa\u021bilor care se preg\u0103tesc de o <strong>vacan\u021b\u0103 de Cr\u0103ciun la Madrid<\/strong>, de lumini\u021bele ora\u0219ului \u0219i de atmosfera intens\u0103 creat\u0103 de pie\u021belele de Cr\u0103ciun din Madrid. De la m\u00e2ncare la aglomera\u021bie \u0219i lumini\u021be de Cr\u0103ciun Madrid, g\u0103se\u0219ti aici cele mai actuale \u0219i detaliate r\u0103spunsuri. Con\u021binut perfect pentru c\u0103ut\u0103ri vocale \u0219i decizii rapide.<\/p>\n\n\n<div id=\"rank-math-faq\" class=\"rank-math-block\">\n<div class=\"rank-math-list \">\n<div id=\"faq-question-1764246358398\" class=\"rank-math-list-item\">\n<h3 class=\"rank-math-question \">Este Madrid o idee bun\u0103 pentru vacan\u021ba de Cr\u0103ciun?<\/h3>\n<div class=\"rank-math-answer \">\n\n<p><strong>Da. Madrid e o destina\u021bie excelent\u0103 pentru o vacan\u021b\u0103 de Cr\u0103ciun<\/strong>, dac\u0103 \u00ee\u021bi plac lumini\u021bele, m\u00e2ncarea de sezon, tradi\u021biile de familie \u0219i activit\u0103\u021bile \u00een aer liber. Perioada se \u00eentinde din final de noiembrie p\u00e2n\u0103 la \u00eenceput de ianuarie \u0219i cuprinde pie\u021be, concerte, parcuri tematice \u0219i celebra parad\u0103 a Regilor Magi. Atmosfera r\u0103m\u00e2ne festiv\u0103 f\u0103r\u0103 s\u0103 devin\u0103 cople\u0219itoare, cu multe op\u021biuni \u00een fiecare zi a s\u0103pt\u0103m\u00e2nii.<\/p>\n\n<\/div>\n<\/div>\n<div id=\"faq-question-1764246378952\" class=\"rank-math-list-item\">\n<h3 class=\"rank-math-question \">Cum este Cr\u0103ciunul \u00een Madrid?<\/h3>\n<div class=\"rank-math-answer \">\n\n<p><strong>Madrid de Cr\u0103ciun<\/strong> \u00eenseamn\u0103 timp cu familia, evenimente publice \u0219i instala\u021bii luminoase r\u0103sp\u00e2ndite \u00een tot ora\u0219ul. G\u0103se\u0219ti muzic\u0103 live, spectacole de p\u0103pu\u0219i, <strong>scene cu Na\u0219terea Domnului la Madrid<\/strong> \u0219i m\u00e2ncare sezonier\u0103 la tot pasul. Str\u0103zile r\u0103m\u00e2n animate p\u00e2n\u0103 t\u00e2rziu. Localnicii ies mult, nu stau \u00een cas\u0103. Te a\u0219teapt\u0103 lumini\u021be \u00een fiecare cartier, por\u021bii t\u00e2rzii de churros cu ciocolat\u0103 \u0219i foarte pu\u021bine costume de Mo\u0219 Cr\u0103ciun. Totul se simte mai tradi\u021bional dec\u00e2t comercial.<\/p>\n\n<\/div>\n<\/div>\n<div id=\"faq-question-1764246398307\" class=\"rank-math-list-item\">\n<h3 class=\"rank-math-question \">Cum s\u0103rb\u0103toresc localnicii Cr\u0103ciunul \u00een Madrid?<\/h3>\n<div class=\"rank-math-answer \">\n\n<p>Localnicii s\u0103rb\u0103toresc <strong>Nochebuena<\/strong> cu o cin\u0103 \u00een familie pe 24 decembrie cu fructe de mare, miel la cuptor \u0219i dulciuri. Cump\u0103r\u0103 bilete la <strong>loteria El Gordo<\/strong>, viziteaz\u0103 <strong>bel\u00e9nes Madrid<\/strong>, iar pe 5 ianuarie urm\u0103resc <strong>Parada Regilor Magi Madrid<\/strong>. Cadourile apar pe 6 ianuarie, nu pe 25. Religia \u0219i familia conteaz\u0103 mai mult dec\u00e2t decora\u021biunile spectaculoase.<\/p>\n\n<\/div>\n<\/div>\n<div id=\"faq-question-1764246700658\" class=\"rank-math-list-item\">\n<h3 class=\"rank-math-question \">Exist\u0103 un mare t\u00e2rg de Cr\u0103ciun \u00een Madrid?<\/h3>\n<div class=\"rank-math-answer \">\n\n<p><strong>Da. T\u00e2rgul de Cr\u0103ciun din Plaza Mayor Madrid<\/strong> este cel mai mare \u0219i cel mai vechi. G\u0103se\u0219ti ornamente, cadouri haioase, figurine \u0219i dulciuri. Nu impresioneaz\u0103 ca dimensiuni fa\u021b\u0103 de t\u00e2rgurile germane, \u00eens\u0103 reprezint\u0103 o parte central\u0103 din identitatea sezonului. Pentru artizanat, mergi la Plaza de Espa\u00f1a sau la Feria Mercado de Artesan\u00eda.<\/p>\n\n<\/div>\n<\/div>\n<div id=\"faq-question-1764246746420\" class=\"rank-math-list-item\">\n<h3 class=\"rank-math-question \">Sunt deschise pie\u021bele de Cr\u0103ciun \u00een Madrid de s\u0103rb\u0103tori?<\/h3>\n<div class=\"rank-math-answer \">\n\n<p><strong>Pie\u021be de Cr\u0103ciun din Madrid nu func\u021bioneaz\u0103 pe 25 decembrie \u0219i 1 ianuarie<\/strong>. \u00cen rest, au program prelungit de s\u0103rb\u0103tori. Pie\u021bele gastronomice indoor, precum San Miguel sau San Ant\u00f3n, pot deschide cu program redus. Verific\u0103 mereu programul exact. \u00cen ziua de Cr\u0103ciun totul st\u0103 \u00eenchis.<\/p>\n\n<\/div>\n<\/div>\n<div id=\"faq-question-1764246837377\" class=\"rank-math-list-item\">\n<h3 class=\"rank-math-question \">Unde vezi lumini\u021be de Cr\u0103ciun \u00een Madrid?<\/h3>\n<div class=\"rank-math-answer \">\n\n<p><strong>Po\u021bi vedea lumini\u021be de Cr\u0103ciun Madrid pe Gran V\u00eda, Calle Alcal\u00e1 \u0219i Plaza de Espa\u00f1a<\/strong>. Puerta del Sol g\u0103zduie\u0219te bradul principal. Barrio de Salamanca afi\u0219eaz\u0103 lumini elegante. Retiro \u0219i Plaza de Cibeles ofer\u0103 instala\u021bii populare. Urmeaz\u0103 harta oficial\u0103 a ora\u0219ului sau plimb\u0103-te pe ruta Gran V\u00eda spre Cibeles. Dac\u0103 vrei exact unde s\u0103 vezi lumini\u021bele de Cr\u0103ciun \u00een Madrid, \u00eencepe cu Sol \u0219i continu\u0103 spre Callao \u0219i Plaza Mayor.<\/p>\n\n<\/div>\n<\/div>\n<div id=\"faq-question-1764246869512\" class=\"rank-math-list-item\">\n<h3 class=\"rank-math-question \">Este Madrid aglomerat de Cr\u0103ciun?<\/h3>\n<div class=\"rank-math-answer \">\n\n<p><strong>Da, Cr\u0103ciunul la Madrid atrage mul\u021bimi serioase<\/strong>. Madrid de Cr\u0103ciun devine intens aglomerat mai ales \u00eentre 22 decembrie \u0219i 6 ianuarie. Zonele precum Puerta del Sol, Gran V\u00eda \u0219i Plaza Mayor se umplu aproape \u00een fiecare sear\u0103. Weekendurile bat clar zilele din timpul s\u0103pt\u0103m\u00e2nii. Dac\u0103 vrei o experien\u021b\u0103 mai lini\u0219tit\u0103, mergi \u00een a doua parte a dimine\u021bii sau dup\u0103 ora 22. Muzeele \u0219i parcurile r\u0103m\u00e2n mai aerisite dec\u00e2t zonele de shopping.<\/p>\n\n<\/div>\n<\/div>\n<div id=\"faq-question-1764246935833\" class=\"rank-math-list-item\">\n<h3 class=\"rank-math-question \">Ce s\u0103 faci \u00een Madrid cu copii de Cr\u0103ciun?<\/h3>\n<div class=\"rank-math-answer \">\n\n<p>Mergi la tunelul de lumini \u0219i <strong>patinoarul din Plaza de Espa\u00f1a<\/strong>, urm\u0103re\u0219te <strong>teatrul de p\u0103pu\u0219i Cortylandia<\/strong> de l\u00e2ng\u0103 Callao \u0219i urc\u0103 \u00een trenule\u021bul sau caruselul festiv din Plaza de Col\u00f3n. Particip\u0103 la <strong>parada Regilor Magi<\/strong> din 5 ianuarie \u0219i \u00eencearc\u0103 un joc de tip scavenger hunt printre scenele de <strong>bel\u00e9n madrid<\/strong> din ora\u0219. Exist\u0103 \u0219i spectacole indoor \u0219i programe speciale \u00een muzee pe durata vacan\u021bei \u0219colare.<\/p>\n\n<\/div>\n<\/div>\n<div id=\"faq-question-1764247147582\" class=\"rank-math-list-item\">\n<h3 class=\"rank-math-question \">Unde sunt cele mai bune hoteluri de Cr\u0103ciun \u00een Madrid?<\/h3>\n<div class=\"rank-math-answer \">\n\n<p>Pentru sezon, <strong>Radisson Blu Prado<\/strong> ofer\u0103 lini\u0219te \u0219i confort, <strong>Only YOU Boutique<\/strong> func\u021bioneaz\u0103 excelent pentru cupluri, iar <strong>Barcel\u00f3 Torre de Madrid<\/strong> este ideal pentru familii. Apropierea de El Corte Ingl\u00e9s \u00ee\u021bi d\u0103 acces rapid la shopping de cr\u0103ciun madrid, iar barurile pe acoperi\u0219, inclusiv cel de la VP Plaza Espa\u00f1a, g\u0103zduiesc petreceri de Revelion \u00een Madrid. F\u0103-\u021bi rezerv\u0103rile din timp.<\/p>\n\n<\/div>\n<\/div>\n<div id=\"faq-question-1764247169131\" class=\"rank-math-list-item\">\n<h3 class=\"rank-math-question \">Ce s\u0103 por\u021bi \u00een Madrid de Cr\u0103ciun?<\/h3>\n<div class=\"rank-math-answer \">\n\n<p>A\u0219teapt\u0103-te la maxime \u00een jur de 10\u00b0C \u0219i minime \u00een jur de 3\u00b0C. Ia o geac\u0103 c\u0103lduroas\u0103, fular, m\u0103nu\u0219i, \u00eenc\u0103l\u021b\u0103minte impermeabil\u0103 \u0219i straturi confortabile. Dac\u0103 nu \u0219tii <strong>ce s\u0103 por\u021bi \u00een Madrid de Cr\u0103ciun<\/strong>, inspir\u0103-te de la localnici: paltoane \u00eenchise la culoare, bocanci, accesorii de iarn\u0103. Nu \u00ee\u021bi trebuie echipament de z\u0103pad\u0103, dar protec\u021bia contra v\u00e2ntului ajut\u0103.<\/p>\n\n<\/div>\n<\/div>\n<div id=\"faq-question-1764247191272\" class=\"rank-math-list-item\">\n<h3 class=\"rank-math-question \">Ninge \u00een Madrid de Cr\u0103ciun?<\/h3>\n<div class=\"rank-math-answer \">\n\n<p>Z\u0103pada apare rar. Po\u021bi prinde brum\u0103 sau ploaie, \u00eens\u0103 ninsoarea nu este obi\u0219nuit\u0103. Pentru z\u0103pad\u0103 adev\u0103rat\u0103, planific\u0103 o excursie de o zi \u00een Sierra de Guadarrama.<\/p>\n\n<\/div>\n<\/div>\n<div id=\"faq-question-1764247248521\" class=\"rank-math-list-item\">\n<h3 class=\"rank-math-question \">Po\u021bi patina pe ghea\u021b\u0103 \u00een Madrid?<\/h3>\n<div class=\"rank-math-answer \">\n\n<p><strong>Da. Patinoarele apar prin tot ora\u0219ul \u00een decembrie<\/strong>. Plaza de Espa\u00f1a g\u0103zduie\u0219te cel mai mare patinoar, urmat de Col\u00f3n \u0219i Matadero. Majoritatea ofer\u0103 \u00eenchiriere de patine \u0219i echipament de siguran\u021b\u0103 pentru copii. Sezonul \u021bine din final de noiembrie p\u00e2n\u0103 la \u00eenceput de ianuarie, perfect pentru <strong>atrac\u021bii de Cr\u0103ciun Madrid<\/strong>.<\/p>\n\n<\/div>\n<\/div>\n<div id=\"faq-question-1764247284036\" class=\"rank-math-list-item\">\n<h3 class=\"rank-math-question \">Po\u021bi \u00eenota \u00een Madrid de Cr\u0103ciun?<\/h3>\n<div class=\"rank-math-answer \">\n\n<p>Piscinele exterioare sunt \u00eenchise, dar <strong>unele hoteluri au piscine interioare \u0219i spa<\/strong>. Afar\u0103 este prea frig. Verific\u0103 op\u021biunile din hoteluri sau rezerv\u0103 o sesiune la spa dac\u0103 vrei neap\u0103rat o baie.<\/p>\n\n<\/div>\n<\/div>\n<div id=\"faq-question-1764247425840\" class=\"rank-math-list-item\">\n<h3 class=\"rank-math-question \">Ce m\u0103n\u00e2nc\u0103 spaniolii la masa de Cr\u0103ciun?<\/h3>\n<div class=\"rank-math-answer \">\n\n<p>Conform celor mai vechi <strong>tradi\u021bii de Cr\u0103ciun Madrid<\/strong>, pe mas\u0103 apar fructe de mare, miel la cuptor, jam\u00f3n ib\u00e9rico \u0219i dulciuri precum turr\u00f3n \u0219i polvorones. Pe 6 ianuarie, se serve\u0219te rosc\u00f3n de reyes. G\u0103se\u0219ti totul \u00een supermarketuri \u0219i cofet\u0103rii din ora\u0219 \u00eenc\u0103 din mijlocul lui decembrie. Dac\u0103 vrei o <strong>cin\u0103 de Nochebuena Madrid<\/strong>, rezerv\u0103 din timp la restaurante deschise de Cr\u0103ciun.<\/p>\n\n<\/div>\n<\/div>\n<div id=\"faq-question-1764247463655\" class=\"rank-math-list-item\">\n<h3 class=\"rank-math-question \">Unde g\u0103se\u0219ti churros \u0219i ciocolat\u0103 de Cr\u0103ciun? Unde sunt cei mai buni churros din Madrid?<\/h3>\n<div class=\"rank-math-answer \">\n\n<p>Pentru cele mai bune churros din sezon, mergi la <strong>Chocolater\u00eda San Gin\u00e9s, deschis\u0103 zilnic inclusiv \u00een s\u0103rb\u0103tori<\/strong>. Multe cafenele servesc churros, dar San Gin\u00e9s r\u0103m\u00e2ne reperul. Maestro Churrero \u0219i Chocolat Madrid sunt urm\u0103toarele op\u021biuni. Tarabe cu churros apar \u0219i prin pie\u021be de Cr\u0103ciun Madrid, \u00een special l\u00e2ng\u0103 Plaza Mayor \u0219i Plaza de Espa\u00f1a.<\/p>\n\n<\/div>\n<\/div>\n<div id=\"faq-question-1764247531648\" class=\"rank-math-list-item\">\n<h3 class=\"rank-math-question \">Ce este deschis \u00een Madrid \u00een ziua de Cr\u0103ciun?<\/h3>\n<div class=\"rank-math-answer \">\n\n<p><strong>Doar c\u00e2teva cafenele, locuri cu churros \u0219i restaurante din hoteluri<\/strong>. Retiro r\u0103m\u00e2ne accesibil pentru plimb\u0103ri. Aproape toate muzeele \u0219i magazinele sunt \u00eenchise. Rezerv\u0103 din timp pentru mese \u0219i a\u0219teapt\u0103-te la un ora\u0219 lini\u0219tit. Transportul public func\u021bioneaz\u0103 cu program redus, deci verific\u0103 \u00eenainte program metrou Madrid Cr\u0103ciun.<\/p>\n\n<\/div>\n<\/div>\n<div id=\"faq-question-1764247549365\" class=\"rank-math-list-item\">\n<h3 class=\"rank-math-question \">Sunt muzeele din Madrid deschise de Cr\u0103ciun?<\/h3>\n<div class=\"rank-math-answer \">\n\n<p><strong>Nu<\/strong>. Prado, Reina Sof\u00eda, Thyssen \u0219i alte muzee mari sunt \u00eenchise pe 25 decembrie \u0219i 1 ianuarie. <strong>Redeschid pe 26 decembrie \u0219i 2 ianuarie<\/strong>.<\/p>\n\n<\/div>\n<\/div>\n<div id=\"faq-question-1764247600083\" class=\"rank-math-list-item\">\n<h3 class=\"rank-math-question \">Este Muzeul Prado deschis de Cr\u0103ciun \u00een Madrid?<\/h3>\n<div class=\"rank-math-answer \">\n\n<p><strong>Nu<\/strong>. Prado este \u00eenchis pe 25 decembrie \u0219i 1 ianuarie. Verific\u0103 site-ul lor oficial dac\u0103 vizitezi \u00een jurul acestor date.<\/p>\n\n<\/div>\n<\/div>\n<div id=\"faq-question-1764247649975\" class=\"rank-math-list-item\">\n<h3 class=\"rank-math-question \">Sunt magazinele deschise de Cr\u0103ciun \u00een Madrid?<\/h3>\n<div class=\"rank-math-answer \">\n\n<p><strong>Majoritatea magazinelor sunt \u00eenchise pe 25 decembrie<\/strong>. Unele mici sau lan\u021buri interna\u021bionale pot deschide c\u00e2teva ore. Totul revine la normal pe 26 decembrie, deseori cu program prelungit pentru reduceri de Cr\u0103ciun \u00een magazinele din madrid. Dac\u0103 vrei shopping sigur, evit\u0103 complet ziua de 25.<\/p>\n\n<\/div>\n<\/div>\n<\/div>\n<\/div>\n\n\n<hr class=\"wp-block-separator has-alpha-channel-opacity\"\/>\n\n\n\n<h2 data-wp-context---core-fit-text=\"core\/fit-text::{&quot;fontSize&quot;:&quot;&quot;}\" data-wp-init---core-fit-text=\"core\/fit-text::callbacks.init\" data-wp-interactive data-wp-style--font-size=\"core\/fit-text::context.fontSize\" class=\"wp-block-heading has-fit-text\" id=\"find-the-joy-of-christmas-in-madrid-a-festive-destination-for-all\">G\u0103se\u0219te magia de Cr\u0103ciun la Madrid, o destina\u021bie festiv\u0103 pentru to\u021bi<\/h2>\n\n\n\n<p><strong>Madrid surprinde rapid pe oricine dore\u0219te s\u0103 petreac\u0103 <a href=\"https:\/\/www.spain.info\/en\/top\/christmas-traditions-spain\/\" target=\"_blank\" rel=\"noreferrer noopener\">Cr\u0103ciunul \u00een Spania<\/a><\/strong> \u0219i s\u0103 intre \u00een spiritul s\u0103rb\u0103torilor. Ora\u0219ul combin\u0103 tradi\u021biile culturale puternice, decorurile luminoase \u0219i o mul\u021bime de evenimente care transform\u0103 o simpl\u0103 vizit\u0103 \u00eentr-o experien\u021b\u0103 memorabil\u0103. De la lumini\u021bele de Cr\u0103ciun Madrid care coloreaz\u0103 bulevardele p\u00e2n\u0103 la pie\u021be de Cr\u0103ciun Madrid precum Plaza Mayor, totul pulseaz\u0103 \u00een ritmul sezonului. Preparatele de sezon, vinul cald \u0219i mirosul de turr\u00f3n te ademenesc la fiecare col\u021b.<\/p>\n\n\n\n<p><strong>Cr\u0103ciunul \u00een Madrid are un farmec aparte<\/strong>. Po\u021bi \u00eencerca o sesiune de patinaj \u00een aer liber, po\u021bi participa la o slujb\u0103 tradi\u021bional\u0103 spaniol\u0103 sau te po\u021bi bucura pur \u0219i simplu de atmosfera cald\u0103 cu o ciocolat\u0103 fierbinte \u00een m\u00e2n\u0103. Ora\u0219ul \u00ee\u021bi ofer\u0103 motive suficiente s\u0103 revii. Descoper\u0103 singur magia unui t\u00e2rg de Cr\u0103ciun Madrid, savureaz\u0103aftmosfera de s\u0103rb\u0103toare \u0219i creeaz\u0103 amintiri care r\u0103m\u00e2n.<\/p>\n\n\n\n<hr class=\"wp-block-separator has-css-opacity is-style-wide\"\/>\n\n\n\n<h2 class=\"wp-block-heading\" id=\"despre-autoare\">Despre autoare<\/h2>\n\n\n\n<div class=\"wp-block-media-text alignwide is-stacked-on-mobile is-vertically-aligned-top\" style=\"grid-template-columns:15% auto\"><figure class=\"wp-block-media-text__media\"><img loading=\"lazy\" decoding=\"async\" width=\"138\" height=\"140\" src=\"https:\/\/www.the-travel-bunny.com\/ro\/wp-content\/uploads\/sites\/2\/2021\/05\/Mirela-Letailleur-or-The-Travel-Bunny.jpg\" alt=\"Mirela Letailleur sau The Travel Bunny\" class=\"wp-image-481 size-full\" title=\"\"><\/figure><div class=\"wp-block-media-text__content\">\n<p class=\"has-small-font-size\">Bun\u0103! Eu sunt <strong><a href=\"https:\/\/www.the-travel-bunny.com\/ro\/despre-travel-bunny\/mirela-letailleur\/\">Mirela Letailleur<\/a>, blogger de c\u0103l\u0103torii \u00een Europa<\/strong>, specializat\u0103 \u00een c\u0103l\u0103torii lente, planificare inteligent\u0103 \u0219i experien\u021be locale. Pe <em>The Travel Bunny<\/em> creez ghiduri care te ajut\u0103 s\u0103 explorezi Europa cu inten\u021bie \u0219i profunzime. Scriu despre itinerarii accesibile, ritm calm de c\u0103l\u0103torie \u0219i experien\u021be culturale reale. Cu r\u0103d\u0103cini \u00een Rom\u00e2nia \u0219i casa \u00een sudul Fran\u021bei, am petrecut ani descoperind ora\u0219e europene, obiceiuri sezoniere \u0219i detalii locale ca s\u0103 \u00eei ajut pe cei care c\u0103l\u0103toresc s\u0103 tr\u0103iasc\u0103 locurile, nu doar s\u0103 le bifeze<\/p>\n<\/div><\/div>\n\n\n\n<hr class=\"wp-block-separator has-alpha-channel-opacity is-style-dots\"\/>\n\n\n\n<div class=\"wp-block-media-text alignwide is-vertically-aligned-top\" style=\"grid-template-columns:15% auto\"><figure class=\"wp-block-media-text__media\"><img loading=\"lazy\" decoding=\"async\" width=\"138\" height=\"138\" src=\"https:\/\/www.the-travel-bunny.com\/ro\/wp-content\/uploads\/sites\/2\/2021\/05\/giulia-lopez-autoare-pe-blogul-de-calatorii-the-travel-bunny.jpg\" alt=\"giulia lopez autoare pe blogul de calatorii the travel bunny\" class=\"wp-image-874 size-full\" title=\"\"><\/figure><div class=\"wp-block-media-text__content\">\n<p class=\"has-small-font-size\">Eu sunt <strong><a href=\"https:\/\/www.the-travel-bunny.com\/ro\/autor\/giulia\/\">Giulia Lopez<\/a>, n\u0103scut\u0103 \u0219i crescut\u0103 \u00een Madrid<\/strong>, pasionat\u0103 de c\u0103l\u0103torii, limbi str\u0103ine \u0219i cafea tare. C\u00e2nd nu c\u00e2nt sau nu \u00eemi planific urm\u0103toarea plecare, \u00eei ajut pe al\u021bii s\u0103 descopere ce are ora\u0219ul meu mai bun. Colaborez cu bloguri de c\u0103l\u0103torie, agen\u021bii \u0219i operatori turistici pentru a oferi perspective locale autentice, mai ales \u00een jurul locurilor culturale, al evenimentelor sezoniere \u0219i al ritmului de zi cu zi din Madrid.<\/p>\n<\/div><\/div>\n\n\n\n<div style=\"height:10px\" aria-hidden=\"true\" class=\"wp-block-spacer\"><\/div>\n\n\n\n<p class=\"has-background has-small-font-size\" style=\"background-color:#d5edfb\">\u0218i tu po\u021bi deveni contribuitor pe blogul de c\u0103l\u0103torii The Travel Bunny. <a href=\"https:\/\/www.the-travel-bunny.com\/ro\/despre-travel-bunny\/contribuitor-blog\/\" data-type=\"page\" data-id=\"30\"><strong>Trimite un articol<\/strong><\/a>!<\/p>\n\n\n\n<hr class=\"wp-block-separator has-css-opacity is-style-wide\"\/>\n\n\n<div class=\"wp-block-scriptless-social-sharing-buttons\"><div class=\"scriptlesssocialsharing\"><div class=\"scriptlesssocialsharing__buttons no-icons\"><a class=\"button facebook\" target=\"_blank\" href=\"https:\/\/www.facebook.com\/sharer\/sharer.php?u=https%3A%2F%2Fwww.the-travel-bunny.com%2Fro%2Fsarbatoreste-craciunul-in-madrid%2F\" rel=\"noopener noreferrer nofollow\"><span class=\"sss-name\"><span class=\"screen-reader-text\">Share on <\/span>Facebook<\/span><\/a><a class=\"button twitter\" target=\"_blank\" href=\"https:\/\/twitter.com\/intent\/tweet?text=Itinerar%20Cr%C4%83ciun%20la%20Madrid.%20Ghid%20pentru%20vacan%C8%9Ba%20de%20iarn%C4%83%20%C3%AEn%20Spania%202025&#038;url=https%3A%2F%2Fwww.the-travel-bunny.com%2Fro%2Fsarbatoreste-craciunul-in-madrid%2F&#038;via=mirela_iepurela&#038;related=mirela_iepurela\" rel=\"noopener noreferrer nofollow\"><span class=\"sss-name\"><span class=\"screen-reader-text\">Share on <\/span>X (Twitter)<\/span><\/a><a class=\"button pinterest\" target=\"_blank\" href=\"https:\/\/pinterest.com\/pin\/create\/button\/?url=https%3A%2F%2Fwww.the-travel-bunny.com%2Fro%2Fsarbatoreste-craciunul-in-madrid%2F&#038;media=https%3A%2F%2Fwww.the-travel-bunny.com%2Fro%2Fwp-content%2Fuploads%2Fsites%2F2%2F2021%2F05%2Fcraciunul-in-madrid-spania.jpg&#038;description=Itinerar%20Cr%C4%83ciun%20la%20Madrid.%20Ghid%20pentru%20vacan%C8%9Ba%20de%20iarn%C4%83%20%C3%AEn%20Spania%202025\" rel=\"noopener noreferrer nofollow\" data-pin-no-hover=\"true\" data-pin-custom=\"true\" data-pin-do=\"skip\" data-pin-description=\"Itinerar Cr\u0103ciun la Madrid. Ghid pentru vacan\u021ba de iarn\u0103 \u00een Spania 2025\"><span class=\"sss-name\"><span class=\"screen-reader-text\">Share on <\/span>Pinterest<\/span><\/a><a class=\"button whatsapp\" target=\"_blank\" href=\"https:\/\/api.whatsapp.com\/send?text=Itinerar%20Cr%C4%83ciun%20la%20Madrid.%20Ghid%20pentru%20vacan%C8%9Ba%20de%20iarn%C4%83%20%C3%AEn%20Spania%202025%20%E2%80%94%20https%3A%2F%2Fwww.the-travel-bunny.com%2Fro%2Fsarbatoreste-craciunul-in-madrid%2F\" rel=\"noopener noreferrer nofollow\"><span class=\"sss-name\"><span class=\"screen-reader-text\">Share on <\/span>WhatsApp<\/span><\/a><a class=\"button email\" href=\"mailto:?body=Am%20citit%20acest%20articol%20de%20vacan%C8%9B%C4%83%20%C8%99i%20m-am%20g%C3%A2ndit%20la%20tine.%20Iat%C4%83%20%C8%99i%20link-ul%3A%20https%3A%2F%2Fwww.the-travel-bunny.com%2Fro%2Fsarbatoreste-craciunul-in-madrid%2F&#038;subject=Promit%20c%C4%83%20o%20s%C4%83%20%C3%AE%C8%9Bi%20plac%C4%83%3A%20Itinerar%20Cr%C4%83ciun%20la%20Madrid.%20Ghid%20pentru%20vacan%C8%9Ba%20de%20iarn%C4%83%20%C3%AEn%20Spania%202025\" rel=\"noopener noreferrer nofollow\" ><span class=\"sss-name\"><span class=\"screen-reader-text\">Share on <\/span>Email<\/span><\/a><\/div><\/div><\/div>\n\n\n<p class=\"has-small-font-size\"><strong>Dup\u0103 ce vizitezi Madrid de Cr\u0103ciun, cite\u0219te \u0219i aceste ghiduri de pe blogul de c\u0103l\u0103torii The Travel Bunny.<\/strong><br><a href=\"https:\/\/www.the-travel-bunny.com\/ro\/obiceiuri-de-craciun-din-europa\/\" data-type=\"post\" data-id=\"832\">Tradi\u021bii \u0219i obiceiuri de Cr\u0103ciun din Europa<\/a><br><a href=\"https:\/\/www.the-travel-bunny.com\/ro\/hoteluri-romantice\/\" data-type=\"post\" data-id=\"4885\">Cele mai romantice hoteluri din lume. Alege\u021bi cea mai bun\u0103 cazare pentru doi<\/a><\/p>\n","protected":false},"excerpt":{"rendered":"<p>Cr\u0103ciunul la Madrid vine cu lumini intense, pie\u021be de sezon \u0219i evenimente culturale r\u0103sp\u00e2ndite prin tot ora\u0219ul. De la bradul imens din Puerta del Sol p\u00e2n\u0103 la tarabele artizanale din Plaza Mayor, Madrid de Cr\u0103ciun p\u0103streaz\u0103 tradi\u021bia \u0219i atmosfera de s\u0103rb\u0103toare \u00eentr-un ritm propriu.<br \/>\nGust\u0103 turr\u00f3n, admir\u0103 scene cu Na\u0219terea Domnului \u0219i plimb\u0103-te prin cartiere decorate precum Gran V\u00eda \u0219i Salamanca, unde lumini\u021bele de Cr\u0103ciun Madrid transform\u0103 serile \u00eentr-un spectacol continuu. Nu rata atrac\u021biile de sezon precum Reyes Magos Madrid, Articus Park \u0219i clasicii churros \u0219i ciocolat\u0103 \u00een diminea\u021ba de Cr\u0103ciun, un ritual dulce care prinde bine oricui.<br \/>\nIndiferent dac\u0103 vii cu familia sau c\u0103l\u0103tore\u0219ti pe cont propriu, ghidul acesta \u00ee\u021bi arat\u0103 tot ce trebuie s\u0103 \u0219tii pentru un Cr\u0103ciun autentic \u00een capitala Spaniei. De la m\u00e2ncare \u0219i cartiere decorate p\u00e2n\u0103 la tradi\u021bii locale, \u00ee\u021bi ofer\u0103 tot ce ai nevoie ca s\u0103 tr\u0103ie\u0219ti Cr\u0103ciunul \u00een madrid ca un localnic.<\/p>\n","protected":false},"author":106,"featured_media":871,"comment_status":"open","ping_status":"closed","sticky":false,"template":"","format":"standard","meta":{"footnotes":""},"categories":[43],"tags":[130,113,75],"class_list":["post-870","post","type-post","status-publish","format-standard","has-post-thumbnail","hentry","category-spania","tag-articole-scrise-de-invitati","tag-madrid","tag-obiceiuri-si-traditii","resize-featured-image"],"_links":{"self":[{"href":"https:\/\/www.the-travel-bunny.com\/ro\/wp-json\/wp\/v2\/posts\/870","targetHints":{"allow":["GET"]}}],"collection":[{"href":"https:\/\/www.the-travel-bunny.com\/ro\/wp-json\/wp\/v2\/posts"}],"about":[{"href":"https:\/\/www.the-travel-bunny.com\/ro\/wp-json\/wp\/v2\/types\/post"}],"author":[{"embeddable":true,"href":"https:\/\/www.the-travel-bunny.com\/ro\/wp-json\/wp\/v2\/users\/106"}],"replies":[{"embeddable":true,"href":"https:\/\/www.the-travel-bunny.com\/ro\/wp-json\/wp\/v2\/comments?post=870"}],"version-history":[{"count":11,"href":"https:\/\/www.the-travel-bunny.com\/ro\/wp-json\/wp\/v2\/posts\/870\/revisions"}],"predecessor-version":[{"id":11548,"href":"https:\/\/www.the-travel-bunny.com\/ro\/wp-json\/wp\/v2\/posts\/870\/revisions\/11548"}],"wp:featuredmedia":[{"embeddable":true,"href":"https:\/\/www.the-travel-bunny.com\/ro\/wp-json\/wp\/v2\/media\/871"}],"wp:attachment":[{"href":"https:\/\/www.the-travel-bunny.com\/ro\/wp-json\/wp\/v2\/media?parent=870"}],"wp:term":[{"taxonomy":"category","embeddable":true,"href":"https:\/\/www.the-travel-bunny.com\/ro\/wp-json\/wp\/v2\/categories?post=870"},{"taxonomy":"post_tag","embeddable":true,"href":"https:\/\/www.the-travel-bunny.com\/ro\/wp-json\/wp\/v2\/tags?post=870"}],"curies":[{"name":"wp","href":"https:\/\/api.w.org\/{rel}","templated":true}]}}