{"id":9245,"date":"2024-12-03T14:19:00","date_gmt":"2024-12-03T14:19:00","guid":{"rendered":"https:\/\/www.the-travel-bunny.com\/ro\/?p=9245"},"modified":"2026-01-30T10:01:01","modified_gmt":"2026-01-30T10:01:01","slug":"sfaturi-de-vacanta-iarna","status":"publish","type":"post","link":"https:\/\/www.the-travel-bunny.com\/ro\/sfaturi-de-vacanta-iarna\/","title":{"rendered":"Sfaturi de Vacan\u021b\u0103 Iarna: Fii \u00een Siguran\u021b\u0103, Stai la Cald \u0219i Bucur\u0103-te de C\u0103l\u0103torie"},"content":{"rendered":"\n<div class=\"wp-block-columns is-layout-flex wp-container-core-columns-is-layout-9d6595d7 wp-block-columns-is-layout-flex\">\n<div class=\"wp-block-column is-vertically-aligned-center is-layout-flow wp-block-column-is-layout-flow\">\n<p>Iarna aduce un farmec aparte \u2014 str\u0103zi acoperite de z\u0103pad\u0103, copaci \u00eenghe\u021ba\u021bi \u0219i lumina cald\u0103 a unui foc dup\u0103 o zi lung\u0103. Dar vacan\u021ba de iarn\u0103 poate fi \u0219i o provocare. Drumurile \u00eenghea\u021b\u0103, vremea \u00ee\u021bi poate da planurile peste cap, iar s\u0103 te men\u021bii cald\u0103 \u0219i confortabil\u0103 pare uneori o misiune imposibil\u0103. Dup\u0103 ani de c\u0103l\u0103torii \u00een sezonul rece \u0219i navigarea terenurilor \u00eenz\u0103pezite, am adunat c\u00e2teva <strong>sfaturi de c\u0103l\u0103torie iarna<\/strong> care fac diferen\u021ba. Acest ghid te va ajuta s\u0103 fii preg\u0103tit\u0103, s\u0103 r\u0103m\u00e2i \u00een siguran\u021b\u0103 \u0219i s\u0103 te bucuri de vacan\u021b\u0103 iarna, fie c\u0103 pleci la schi, faci un road trip cu familia sau \u00eenfrun\u021bi condi\u021biile reci cu un bebelu\u0219.<\/p>\n<\/div>\n\n\n\n<div class=\"wp-block-column is-vertically-aligned-center is-layout-flow wp-block-column-is-layout-flow\">\n<div class=\"wp-block-rank-math-toc-block\" id=\"rank-math-toc\"><h2>Sfaturi de Vacan\u021b\u0103 Iarna<\/h2><nav><ul><li class=\"\"><a href=\"#pregatirea-pentru-vacan\u021ba-de-iarna\">Preg\u0103tirea pentru Vacan\u021ba de Iarn\u0103<\/a><\/li><li class=\"\"><a href=\"#ce-sa-iei-in-bagaje-pentru-vacan\u021ba-de-iarna\">Ce s\u0103 Iei \u00een Bagaje pentru Vacan\u021ba de Iarn\u0103<\/a><\/li><li class=\"\"><a href=\"#pregatirea-vehiculului-\u0219i-siguran\u021ba-in-calatoriile-cu-ma\u0219ina-iarna\">Preg\u0103tirea vehiculului \u0219i siguran\u021ba \u00een c\u0103l\u0103toriile cu ma\u0219ina iarna<\/a><\/li><li class=\"\"><a href=\"#sanatate-\u0219i-siguran\u021ba-in-condi\u021bii-de-iarna\">S\u0103n\u0103tate \u0219i Siguran\u021b\u0103 \u00een Condi\u021bii de Iarn\u0103<\/a><\/li><li class=\"\"><a href=\"#sfaturi-pentru-activita\u021bi-de-iarna-in-aer-liber\">Sfaturi pentru Activit\u0103\u021bi de Iarn\u0103 \u00een Aer Liber<\/a><\/li><li class=\"\"><a href=\"#sfaturi-pentru-vacan\u021ba-de-iarna-cu-copiii-\u0219i-bebelu\u0219ii\">Sfaturi pentru Vacan\u021ba de Iarn\u0103 cu Copiii \u0219i Bebelu\u0219ii<\/a><\/li><li class=\"\"><a href=\"#intrebari-frecvente-despre-vacan\u021ba-de-iarna\">\u00centreb\u0103ri Frecvente despre Vacan\u021ba de Iarn\u0103<\/a><\/li><li class=\"\"><a href=\"#sfaturi-suplimentare-pentru-a-te-bucura-de-vacan\u021ba-de-iarna\">Sfaturi Suplimentare Pentru a Te Bucura de Vacan\u021ba de Iarn\u0103<\/a><\/li><li class=\"\"><a href=\"#despre-autoare\">Despre Autoare<\/a><\/li><\/ul><\/nav><\/div>\n<\/div>\n<\/div>\n\n\n\n<p>Primul lucru pe care trebuie s\u0103-l \u0219tii despre <strong>vacan\u021ba de iarn\u0103<\/strong> este c\u0103 preg\u0103tirea este totul. Ai nevoie de haine potrivite, echipament de \u00eencredere \u0219i un plan bine pus la punct pentru vremea imprevizibil\u0103. \u00ce\u021bi voi \u00eemp\u0103rt\u0103\u0219i lista mea de lucruri esen\u021biale de \u00eempachetat, de la straturi care elimin\u0103 umezeala, p\u00e2n\u0103 la kituri de urgen\u021b\u0103. Vei g\u0103si sfaturi care fac <strong>vacan\u021ba de iarn\u0103 cu copiii<\/strong> mai pu\u021bin stresant\u0103 \u0219i recomand\u0103ri practice pentru <strong>vacan\u021ba de iarn\u0103 cu bebelu\u0219<\/strong>, pentru c\u0103 atunci c\u00e2nd c\u0103l\u0103tore\u0219ti cu cei mici, trebuie s\u0103 fii preg\u0103tit\u0103 pentru orice, mai ales pe vreme rece.<\/p>\n\n\n\n<p>Condusul pe timp de iarn\u0103 necesit\u0103 o aten\u021bie special\u0103. Am \u00eenv\u0103\u021bat c\u0103, chiar \u0219i cele mai bine planificate c\u0103l\u0103torii, pot deveni haotice f\u0103r\u0103 precau\u021biile potrivite pentru drumurile \u00eenghe\u021bate sau viscolul nea\u0219teptat. Acest ghid include sfaturi pentru siguran\u021ba \u00een c\u0103l\u0103toriile de iarn\u0103, precum preg\u0103tirea ma\u0219inii \u0219i strategii de siguran\u021b\u0103 pe drum, care \u00ee\u021bi vor da \u00eencredere la volan.<\/p>\n\n\n\n<p>Iarna nu \u00eenseamn\u0103 doar provoc\u0103ri. Este \u0219i un moment \u00een care s\u0103 \u00eembr\u0103\u021bi\u0219ezi sezonul. De la drume\u021bii pe trasee \u00eenghe\u021bate, p\u00e2n\u0103 la descoperirea festivalurilor locale de iarn\u0103, aceste sfaturi te vor ajuta s\u0103 profi\u021bi la maximum de vacan\u021b\u0103. Scopul nu este doar s\u0103 treci prin vacan\u021ba de iarn\u0103, ci s\u0103 te bucuri pe deplin de ea, chiar \u0219i atunci c\u00e2nd temperaturile scad.<\/p>\n\n\n\n<p>Haide s\u0103 vedem cum te po\u021bi preg\u0103ti pentru urm\u0103toarea ta aventur\u0103 \u00een sezonul rece. Cu aceste sfaturi, vacan\u021ba de iarn\u0103 poate fi c\u00e2t mai lipsit\u0103 de griji \u0219i memorabil\u0103.<\/p>\n\n\n\n<hr class=\"wp-block-separator has-alpha-channel-opacity\"\/>\n\n\n\n<h2 class=\"wp-block-heading\" id=\"pregatirea-pentru-vacan\u021ba-de-iarna\">Preg\u0103tirea pentru Vacan\u021ba de Iarn\u0103<\/h2>\n\n\n\n<p>Vacan\u021ba de iarn\u0103 poate aduce multe surprize, de la drumuri acoperite de z\u0103pad\u0103 la zboruri \u00eent\u00e2rziate, dar pu\u021bin\u0103 planificare poate face diferen\u021ba. Fie c\u0103 te preg\u0103te\u0219ti s\u0103 vizitezi un t\u00e2rg de Cr\u0103ciun festiv sau s\u0103 mergi \u00eentr-o sta\u021biune de schi, aceste sfaturi de c\u0103l\u0103torie iarna te vor ajuta s\u0103 fii preg\u0103tit\u0103, \u00een siguran\u021b\u0103 \u0219i f\u0103r\u0103 stres.<\/p>\n\n\n\n<div style=\"height:10px\" aria-hidden=\"true\" class=\"wp-block-spacer\"><\/div>\n\n\n\n<h3 class=\"wp-block-heading\" id=\"verifica-vremea\">Verific\u0103 Vremea<\/h3>\n\n\n\n<p>Vremea iarna este imprevizibil\u0103, a\u0219a c\u0103 este esen\u021bial s\u0103 fii informat\u0103. \u00centotdeauna \u00eencep prin a verifica prognoza meteo folosind aplica\u021bii de \u00eencredere, precum <em>National Weather Service<\/em>, care ofer\u0103 actualiz\u0103ri detaliate pe ore. Pentru drumuri, verific \u0219i condi\u021biile rutiere \u00een timp real de-a lungul traseului. Salvarea pe telefon a unor site-uri meteo prietenoase cu utilizatorii de mobil \u00ee\u021bi permite s\u0103 verifici rapid schimb\u0103rile nea\u0219teptate atunci c\u00e2nd e\u0219ti pe drum. Acest obicei m-a salvat de multe ori de la a fi luat\u0103 prin surprindere de furtuni de z\u0103pad\u0103 sau drumuri \u00eenghe\u021bate, mai des dec\u00e2t mi-ar pl\u0103cea s\u0103 recunosc.<\/p>\n\n\n\n<p>O regul\u0103 simpl\u0103 este s\u0103 te preg\u0103te\u0219ti pentru cele mai rele scenarii. Dac\u0103 se anun\u021b\u0103 z\u0103pad\u0103 abundent\u0103, ia \u00een considerare am\u00e2narea c\u0103l\u0103toriei sau ajustarea traseului pentru a evita zonele cu risc ridicat. Vei mul\u021bumi pentru aceast\u0103 mic\u0103, dar inteligent\u0103 precau\u021bie mai t\u00e2rziu.<\/p>\n\n\n\n<hr class=\"wp-block-separator has-alpha-channel-opacity is-style-dots\"\/>\n\n\n\n<figure class=\"wp-block-image size-full\"><img loading=\"lazy\" decoding=\"async\" width=\"792\" height=\"294\" src=\"https:\/\/www.the-travel-bunny.com\/ro\/wp-content\/uploads\/sites\/2\/2024\/12\/vacanta-iarna-tren-zapada.jpg\" alt=\"vacanta iarna tren zapada\" class=\"wp-image-9246\" title=\"\" srcset=\"https:\/\/www.the-travel-bunny.com\/ro\/wp-content\/uploads\/sites\/2\/2024\/12\/vacanta-iarna-tren-zapada.jpg 792w, https:\/\/www.the-travel-bunny.com\/ro\/wp-content\/uploads\/sites\/2\/2024\/12\/vacanta-iarna-tren-zapada-300x111.jpg 300w, https:\/\/www.the-travel-bunny.com\/ro\/wp-content\/uploads\/sites\/2\/2024\/12\/vacanta-iarna-tren-zapada-768x285.jpg 768w\" sizes=\"auto, (max-width: 792px) 100vw, 792px\" \/><figcaption class=\"wp-element-caption\"><em>C\u0103l\u0103torind iarna cu trenul poate fi uimitor, dar poate dura \u0219i mai mult dec\u00e2t de obicei<\/em><\/figcaption><\/figure>\n\n\n\n<h3 class=\"wp-block-heading\" id=\"planifica-intarzieri\">Planific\u0103 \u00cent\u00e2rzieri<\/h3>\n\n\n\n<p>\u00cent\u00e2rzierile \u00een timpul vacan\u021bei de iarn\u0103 nu sunt doar posibile, sunt aproape inevitabile. De la zboruri anulate p\u00e2n\u0103 la drumuri \u00eenchise, vacan\u021ba de iarn\u0103 poate fi o adev\u0103rat\u0103 prob\u0103 de r\u0103bdare. Am \u00eenv\u0103\u021bat s\u0103 planific timp suplimentar \u00eentre conexiuni \u0219i s\u0103 aleg bilete flexibile ori de c\u00e2te ori este posibil, mai ales pentru zboruri. Merit\u0103 costul suplimentar pentru a avea posibilitatea de a reprograma f\u0103r\u0103 penaliz\u0103ri.<\/p>\n\n\n\n<p>\u00cempachetarea pentru \u00eent\u00e2rzieri este la fel de important\u0103. \u00centotdeauna iau cu mine gust\u0103ri, ap\u0103 \u0219i ceva care s\u0103 m\u0103 \u021bin\u0103 ocupat\u0103 (sau pe partenerii mei de c\u0103l\u0103torie) \u00een timpul unei a\u0219tept\u0103ri. \u00cenc\u0103rc\u0103toarele portabile \u0219i o baterie suplimentar\u0103 pentru telefon sunt salvatoare \u00een timpul iernii, c\u00e2nd dispozitivele tind s\u0103 \u00ee\u0219i piard\u0103 rapid energia. \u0218i nu uita s\u0103 cau\u021bi op\u021biuni alternative, precum hoteluri din apropiere sau rute alternative. S\u0103 \u0219tii unde s\u0103 mergi dac\u0103 planul original e\u0219ueaz\u0103 \u00ee\u021bi poate salva mult stres.<\/p>\n\n\n\n<hr class=\"wp-block-separator has-alpha-channel-opacity is-style-dots\"\/>\n\n\n\n<h3 class=\"wp-block-heading\" id=\"sfaturi-pentru-zborurile-in-timpul-vacan\u021bei-de-iarna\">Sfaturi pentru Zborurile \u00een Timpul Vacan\u021bei de Iarn\u0103<\/h3>\n\n\n\n<p>Zborurile pe timpul lunilor de iarn\u0103 vin cu propriile provoc\u0103ri. Furtunile de z\u0103pad\u0103 \u0219i condi\u021biile de ghea\u021b\u0103 pot bloca zborurile, iar agita\u021bia din timpul s\u0103rb\u0103torilor transform\u0103 aeroporturile \u00een locuri aglomerate \u0219i haotice. De-a lungul anilor, am dezvoltat c\u00e2teva strategii pentru a c\u0103l\u0103tori mai u\u0219or \u00een <strong>vacan\u021ba de iarn\u0103<\/strong>, \u0219i le \u00eemp\u0103rt\u0103\u0219esc aici, ca s\u0103 fii preg\u0103tit\u0103, indiferent ce surprize aduce iarna.<\/p>\n\n\n\n<p>Un lucru pe care l-am \u00eenv\u0103\u021bat este s\u0103 anticipez \u00eent\u00e2rzierile. Vremea iernii nu respect\u0103 niciun program, iar zborurile tale probabil nici ele nu o vor face. Ori de c\u00e2te ori este posibil, rezerv zboruri diminea\u021ba devreme. Zborurile de diminea\u021b\u0103 tind s\u0103 aib\u0103 mai pu\u021bine \u00eent\u00e2rzieri, deoarece nu sunt afectate de lan\u021bul de perturb\u0103ri de la alte aeroporturi. Pentru c\u0103l\u0103toriile lungi sau cu escale, \u00eemi las mereu mai mult timp \u00eentre zboruri. S\u0103 alerg printr-un aeroport \u00een timpul unei furtuni de z\u0103pad\u0103 nu e ideea mea de distrac\u021bie.<\/p>\n\n\n\n<p><strong>Vacan\u021ba de iarn\u0103 cu copiii<\/strong> poate complica lucrurile \u0219i \u00een ceea ce prive\u0219te bagajele. Aeroporturile sunt cele mai aglomerate \u00een timpul s\u0103rb\u0103torilor, iar pierderea sau \u00eent\u00e2rzierea bagajelor devine o realitate pentru mul\u021bi c\u0103l\u0103tori. Ca s\u0103 evit s\u0103 r\u0103m\u00e2n f\u0103r\u0103 lucrurile esen\u021biale, \u00eemi \u00eempachetez mereu \u00een <a href=\"https:\/\/www.the-travel-bunny.com\/ro\/cum-impachetezi-bagajul-de-cala\/\">bagajul<\/a> de m\u00e2n\u0103 o schimbare de haine, articole de toalet\u0103 \u0219i medicamente. Un \u00eenc\u0103rc\u0103tor portabil pentru telefon este obligatoriu, mai ales c\u0103 prizele din aeroporturi sunt adesea ocupate. Dac\u0103 c\u0103l\u0103tore\u0219ti \u00een <strong>vacan\u021ba de iarn\u0103 cu bebelu\u0219<\/strong>, nu uita s\u0103 adaugi c\u00e2teva juc\u0103rii sau c\u0103r\u021bi pentru a-l \u021bine ocupat \u00een timpul a\u0219tept\u0103rilor lungi.<\/p>\n\n\n\n<p>Am f\u0103cut din verificarea st\u0103rii zborurilor un obicei, mai ales \u00een ziua plec\u0103rii. Aplica\u021biile \u0219i site-urile companiilor aeriene sunt excelente pentru actualiz\u0103ri \u00een timp real, dar nu subestima puterea re\u021belelor sociale. Multe companii aeriene r\u0103spund mai rapid la \u00eentreb\u0103ri pe Twitter sau Instagram dec\u00e2t prin canalele tradi\u021bionale de service clien\u021bi. R\u0103m\u00e2n\u00e2nd informat\u0103, vei avea un avantaj atunci c\u00e2nd trebuie s\u0103 reprogramezi sau s\u0103 ajustezi planurile \u00een cazul unor \u00eentreruperi.<\/p>\n\n\n\n<p>Asigurarea de c\u0103l\u0103torie era ceva la care nu m\u0103 g\u00e2ndeam prea mult \u00een primii ani de c\u0103l\u0103torie, dar acum este de neevitat. Vremea de iarn\u0103 poate anula zborurile \u00een ultimul moment sau te poate l\u0103sa blocat\u0103 \u00eentr-un ora\u0219 nea\u0219teptat. O poli\u021b\u0103 de asigurare potrivit\u0103 poate acoperi aceste cheltuieli, salv\u00e2ndu-te de stres \u0219i costuri suplimentare. \u00ce\u021bi recomand mereu s\u0103 cite\u0219ti detaliile fine ale poli\u021bei pentru a te asigura c\u0103 acoper\u0103 anul\u0103rile sau \u00eent\u00e2rzierile cauzate de vreme.<\/p>\n\n\n\n<p>C\u0103l\u0103toriile cu avionul \u00een vacan\u021ba de iarn\u0103 necesit\u0103 \u0219i un pic de aten\u021bie suplimentar\u0103 la \u00eempachetare. Vremea rece poate face orele lungi \u00een aeroporturi inconfortabile, a\u0219a c\u0103 ia cu tine haine \u00een straturi: o jachet\u0103 u\u0219oar\u0103 sau un fular pe care le po\u021bi da jos u\u0219or sunt perfecte pentru a te \u00eenc\u0103lzi f\u0103r\u0103 s\u0103 transpiri. Dac\u0103 destina\u021bia ta este mult mai rece dec\u00e2t ora\u0219ul de plecare, p\u0103streaz\u0103 haina groas\u0103 \u00een bagajul de m\u00e2n\u0103. Nu este deloc ideal s\u0103 ie\u0219i \u00eentr-o furtun\u0103 de z\u0103pad\u0103 f\u0103r\u0103 echipamentul potrivit, doar pentru c\u0103 bagajul t\u0103u \u00eenregistrat nu a ajuns.<\/p>\n\n\n\n<p>Vacan\u021ba de iarn\u0103 cu avionul nu trebuie s\u0103 fie stresant\u0103 dac\u0103 o abordezi cu pu\u021bin\u0103 preg\u0103tire. \u00cent\u00e2rzierile, pierderea bagajelor \u0219i cozile lungi la securitate pot p\u0103rea inevitabile, dar cu o planificare inteligent\u0103, vei trece mai u\u0219or peste ele \u2014 \u0219i poate chiar vei g\u0103si c\u00e2teva momente nea\u0219teptate de bucurie. P\u00e2n\u0103 la urm\u0103, cine nu ador\u0103 s\u0103 savureze o cafea fierbinte, urm\u0103rind fulgii de z\u0103pad\u0103 pe pista aeroportului?<\/p>\n\n\n\n<hr class=\"wp-block-separator has-alpha-channel-opacity is-style-dots\"\/>\n\n\n\n<h3 class=\"wp-block-heading\" id=\"navigarea-transportului-public-iarna\">Navigarea Transportului Public Iarna<\/h3>\n\n\n\n<p>Transportul public poate fi extrem de util \u00een timpul iernii, atunci c\u00e2nd drumurile acoperite de z\u0103pad\u0103 sau ghea\u021b\u0103 fac condusul dificil, dar vine cu propriile provoc\u0103ri. <em>Din experien\u021ba mea<\/em>, vremea de iarn\u0103 poate perturba orarele autobuzelor \u0219i trenurilor, a\u0219a c\u0103 verificarea actualiz\u0103rilor \u00een mod frecvent este esen\u021bial\u0103. Am \u00eenv\u0103\u021bat s\u0103 m\u0103 \u00eembrac \u00een straturi pentru aceste c\u0103l\u0103torii \u2014 a\u0219teptarea pe un peron \u00eenghe\u021bat sau la o sta\u021bie de autobuz poate fi incomod\u0103, \u00een timp ce interiorul unui tren sau autobuz aglomerat este adesea supra\u00eenc\u0103lzit.<\/p>\n\n\n\n<p>De asemenea, este inteligent s\u0103 ai la tine o mic\u0103 geant\u0103 cu lucruri esen\u021biale, precum ap\u0103, gust\u0103ri \u0219i un \u00eenc\u0103rc\u0103tor portabil, \u00een cazul \u00een care \u00eent\u00e2rzierile te \u021bin mai mult timp dec\u00e2t te a\u0219tep\u021bi. \u00cenc\u0103l\u021b\u0103mintea face o mare diferen\u021b\u0103, deoarece peroanele \u0219i treptele pot fi periculoase \u00een condi\u021bii de ghea\u021b\u0103. S\u0103 ajungi mai devreme dec\u00e2t de obicei ajut\u0103 la evitarea stresului de ultim moment, mai ales atunci c\u00e2nd traseele sau sta\u021biile sunt afectate de opera\u021biunile de desz\u0103pezire. Aglomera\u021bia de iarn\u0103 poate ad\u0103uga \u0219i ea haos, a\u0219a c\u0103 r\u0103bdarea \u2014 \u0219i o str\u00e2ngere ferm\u0103 asupra lucrurilor tale \u2014 este cheia pentru o experien\u021b\u0103 mai lin\u0103.<\/p>\n\n\n\n<hr class=\"wp-block-separator has-alpha-channel-opacity is-style-dots\"\/>\n\n\n\n<figure class=\"wp-block-image size-full\"><img loading=\"lazy\" decoding=\"async\" width=\"792\" height=\"294\" src=\"https:\/\/www.the-travel-bunny.com\/ro\/wp-content\/uploads\/sites\/2\/2024\/12\/destinatii-de-vacanta-iarna-piata-de-Craciun.jpg\" alt=\"destinatii de vacanta iarna piata de Craciun\" class=\"wp-image-9247\" title=\"\" srcset=\"https:\/\/www.the-travel-bunny.com\/ro\/wp-content\/uploads\/sites\/2\/2024\/12\/destinatii-de-vacanta-iarna-piata-de-Craciun.jpg 792w, https:\/\/www.the-travel-bunny.com\/ro\/wp-content\/uploads\/sites\/2\/2024\/12\/destinatii-de-vacanta-iarna-piata-de-Craciun-300x111.jpg 300w, https:\/\/www.the-travel-bunny.com\/ro\/wp-content\/uploads\/sites\/2\/2024\/12\/destinatii-de-vacanta-iarna-piata-de-Craciun-768x285.jpg 768w\" sizes=\"auto, (max-width: 792px) 100vw, 792px\" \/><figcaption class=\"wp-element-caption\"><em>C\u0103uta\u021bi pie\u021be de Cr\u0103ciun \u0219i alte evenimente sezoniere la destina\u021bia dvs. de c\u0103l\u0103torie de iarn\u0103<\/em><\/figcaption><\/figure>\n\n\n\n<h3 class=\"wp-block-heading\" id=\"cunoa\u0219te-destina\u021bia\">Cunoa\u0219te Destina\u021bia<\/h3>\n\n\n\n<p>Vacan\u021ba de iarn\u0103 nu \u00eenseamn\u0103 doar s\u0103 ajungi la destina\u021bie, ci s\u0103 te bucuri la maximum de timpul petrecut acolo. Cercetarea activit\u0103\u021bilor, festivalurilor \u0219i obiceiurilor de iarn\u0103 din zona pe care o vizitezi este una dintre activit\u0103\u021bile mele preferate \u00een preg\u0103tirea unei c\u0103l\u0103torii. De exemplu, am descoperit adev\u0103rate comori ascunse, precum <strong>t\u00e2rguri de Cr\u0103ciun<\/strong> din ora\u0219e mici din Europa, trasee de drume\u021bii cu rachete de z\u0103pad\u0103 \u00een Alpi \u0219i preparate locale de sezon care mi-au f\u0103cut vacan\u021bele de neuitat.<\/p>\n\n\n\n<p>S\u0103 \u0219tii ce se \u00eent\u00e2mpl\u0103 la nivel local te ajut\u0103 \u0219i cu bagajul. Dac\u0103 destina\u021bia ta g\u0103zduie\u0219te evenimente \u00een aer liber, precum patinaj sau festivaluri de z\u0103pad\u0103, vei avea nevoie de cizme impermeabile \u0219i haine termice. Dac\u0103 este mai mult despre experien\u021be \u00een interior, po\u021bi \u00eempacheta mai u\u0219or, dar nu uita accesoriile c\u0103lduroase pentru drumurile scurte. S\u0103 te informezi despre ce se ofer\u0103 la fa\u021ba locului nu doar c\u0103 adaug\u0103 distrac\u021bie c\u0103l\u0103toriei tale, ci \u0219i te asigur\u0103 c\u0103 e\u0219ti preg\u0103tit\u0103 s\u0103 te bucuri la maximum.<\/p>\n\n\n\n<p>Preg\u0103tirea este secretul unei vacan\u021be de iarn\u0103 f\u0103r\u0103 stres. Verific\u00e2nd vremea, planific\u00e2nd \u00eent\u00e2rzierile \u0219i cercet\u00e2nd destina\u021bia, vei transforma provoc\u0103rile posibile ale c\u0103l\u0103toriei \u00een momente gestionabile. Folose\u0219te aceste sfaturi de c\u0103l\u0103torie iarna pentru ca urm\u0103toarea ta c\u0103l\u0103torie s\u0103 fie sigur\u0103, pl\u0103cut\u0103 \u0219i de neuitat.<\/p>\n\n\n\n<hr class=\"wp-block-separator has-alpha-channel-opacity\"\/>\n\n\n\n<figure class=\"wp-block-image size-full\"><img loading=\"lazy\" decoding=\"async\" width=\"792\" height=\"294\" src=\"https:\/\/www.the-travel-bunny.com\/ro\/wp-content\/uploads\/sites\/2\/2024\/12\/Ce-sa-Iei-in-Bagaje-pentru-Vacanta-de-Iarna.jpg\" alt=\"Ce sa Iei \u00een Bagaje pentru Vacanta de Iarna\" class=\"wp-image-9248\" title=\"\" srcset=\"https:\/\/www.the-travel-bunny.com\/ro\/wp-content\/uploads\/sites\/2\/2024\/12\/Ce-sa-Iei-in-Bagaje-pentru-Vacanta-de-Iarna.jpg 792w, https:\/\/www.the-travel-bunny.com\/ro\/wp-content\/uploads\/sites\/2\/2024\/12\/Ce-sa-Iei-in-Bagaje-pentru-Vacanta-de-Iarna-300x111.jpg 300w, https:\/\/www.the-travel-bunny.com\/ro\/wp-content\/uploads\/sites\/2\/2024\/12\/Ce-sa-Iei-in-Bagaje-pentru-Vacanta-de-Iarna-768x285.jpg 768w\" sizes=\"auto, (max-width: 792px) 100vw, 792px\" \/><figcaption class=\"wp-element-caption\"><em>Descoper\u0103 ce treci pe lista de bagaje pentru vacan\u021ba de iarn\u0103 ca s\u0103 \u00ee\u021bi fie cald \u0219i bine<\/em><\/figcaption><\/figure>\n\n\n\n<h2 class=\"wp-block-heading\" id=\"ce-sa-iei-in-bagaje-pentru-vacan\u021ba-de-iarna\">Ce s\u0103 Iei \u00een Bagaje pentru Vacan\u021ba de Iarn\u0103<\/h2>\n\n\n\n<p>\u00cempachetarea bagajelor pentru <strong>vacan\u021ba de iarn\u0103<\/strong> nu trebuie s\u0103 fie complicat\u0103, dar necesit\u0103 pu\u021bin\u0103 planificare. Fie c\u0103 te preg\u0103te\u0219ti pentru aventuri \u00een z\u0103pad\u0103 sau plimb\u0103ri prin ora\u0219e r\u0103coroase, echipamentul potrivit face toat\u0103 diferen\u021ba. Iat\u0103 <strong>sfaturile mele de c\u0103l\u0103torie iarna<\/strong> testate \u0219i verificate, care te vor ajuta s\u0103 r\u0103m\u00e2i cald\u0103, preg\u0103tit\u0103 \u0219i f\u0103r\u0103 stres.<\/p>\n\n\n\n<div style=\"height:10px\" aria-hidden=\"true\" class=\"wp-block-spacer\"><\/div>\n\n\n\n<h3 class=\"wp-block-heading\" id=\"haine-calduroase\">Haine c\u0103lduroase<\/h3>\n\n\n\n<p>\u00cembr\u0103c\u0103mintea pentru iarn\u0103 se bazeaz\u0103 pe straturi. \u00cencepe cu o baz\u0103 bun\u0103: lenjeria termic\u0103 \u0219i \u0219osetele care elimin\u0103 umezeala sunt esen\u021biale pentru a-\u021bi men\u021bine corpul cald \u0219i uscat. Peste acestea, adaug\u0103 straturi izolante, cum ar fi pulovere din l\u00e2n\u0103 sau fleece. \u00cencheie cu un strat exterior rezistent la intemperii, precum o geac\u0103 de puf, pentru a bloca v\u00e2ntul \u0219i z\u0103pada.<\/p>\n\n\n\n<p>Nu neglija accesoriile! O c\u0103ciul\u0103 bun\u0103 poate p\u0103stra surprinz\u0103tor de mult\u0103 c\u0103ldur\u0103, iar m\u0103nu\u0219ile sunt indispensabile dac\u0103 pl\u0103nuie\u0219ti s\u0103 petreci timp afar\u0103. Cizmele impermeabile, cu aderen\u021b\u0103 bun\u0103, sunt un must-have \u2014 picioarele tale \u00ee\u021bi vor mul\u021bumi! Eu \u00eentotdeauna \u00eempachetez o pereche suplimentar\u0103 de m\u0103nu\u0219i \u0219i \u0219osete, pentru c\u0103 echipamentul ud poate transforma o zi minunat\u0103 \u00eentr-una nepl\u0103cut\u0103.<\/p>\n\n\n\n<p>Pentru c\u0103l\u0103toriile mai lungi sau vreme imprevizibil\u0103, \u00ee\u021bi recomand haine care pot avea mai multe utiliz\u0103ri. O geac\u0103 puf u\u0219oar\u0103, care se \u00eempacheteaz\u0103 compact, este perfect\u0103 pentru straturi \u0219i ocup\u0103 foarte pu\u021bin spa\u021biu \u00een bagaj.<\/p>\n\n\n\n<hr class=\"wp-block-separator has-alpha-channel-opacity is-style-dots\"\/>\n\n\n\n<h3 class=\"wp-block-heading\" id=\"kitul-esen\u021bial-pentru-vacan\u021ba-de-iarna\">Kitul esen\u021bial pentru <strong>vacan\u021ba de iarn\u0103<\/strong><\/h3>\n\n\n\n<p>Preg\u0103tirea pentru <strong>vacan\u021ba de iarn\u0103 cu copiii<\/strong> sau <strong>vacan\u021ba de iarn\u0103 cu bebelu\u0219<\/strong> presupune \u0219i asigurarea confortului. Vremea rece poate afecta pielea \u0219i electronicele, a\u0219a c\u0103 e bine s\u0103 ai la tine c\u00e2teva produse esen\u021biale.<\/p>\n\n\n\n<ul class=\"wp-block-list\">\n<li><strong>Crem\u0103 cu protec\u021bie solar\u0103 \u0219i balsam de buze.<\/strong> Poate suna ciudat pentru iarn\u0103, dar z\u0103pada reflect\u0103 razele UV, iar aerul uscat \u00ee\u021bi poate cr\u0103pa rapid buzele.<\/li>\n\n\n\n<li><strong>Crem\u0103 hidratant\u0103.<\/strong> Un tub mic cu crem\u0103 intens hidratant\u0103 \u00ee\u021bi men\u021bine pielea hidratat\u0103 \u0219i previne senza\u021bia nepl\u0103cut\u0103 de piele uscat\u0103 dup\u0103 ore petrecute \u00een frig.<\/li>\n\n\n\n<li><strong>Baterie portabil\u0103.<\/strong> Temperaturile sc\u0103zute descarc\u0103 mai repede bateriile, a\u0219a c\u0103 eu am mereu la mine un acumulator extern \u00eenc\u0103rcat complet. Nu vrei ca telefonul s\u0103 se descarce tocmai c\u00e2nd ai nevoie de hart\u0103 sau informa\u021bii de contact de urgen\u021b\u0103.<\/li>\n<\/ul>\n\n\n\n<p>P\u0103streaz\u0103 acest kit u\u0219or accesibil, \u00een bagajul de m\u00e2n\u0103 sau rucsac, mai ales dac\u0103 petreci timp afar\u0103 sau \u00een tranzit.<\/p>\n\n\n\n<hr class=\"wp-block-separator has-alpha-channel-opacity is-style-dots\"\/>\n\n\n\n<h3 class=\"wp-block-heading\" id=\"echipament-de-urgen\u021ba\">Echipament de urgen\u021b\u0103<\/h3>\n\n\n\n<p>Chiar \u0219i cu cea mai bun\u0103 planificare, <strong>vacan\u021ba de iarn\u0103<\/strong> poate veni cu provoc\u0103ri. \u00cempachetez mereu un mic kit de urgen\u021b\u0103, mai ales pentru excursii cu ma\u0219ina sau vizite \u00een zone mai izolate. Iat\u0103 ce includ:<\/p>\n\n\n\n<ul class=\"wp-block-list\">\n<li><strong>Lantern\u0103 cu baterii de rezerv\u0103.<\/strong> Util\u0103 pentru plimb\u0103ri pe timp de noapte sau pene de curent nea\u0219teptate.<\/li>\n\n\n\n<li><strong>P\u0103turi sau o p\u0103tur\u0103 termic\u0103 de urgen\u021b\u0103.<\/strong> U\u0219oar\u0103, compact\u0103 \u0219i salvatoare dac\u0103 r\u0103m\u00e2i blocat\u0103 \u00een frig.<\/li>\n\n\n\n<li><strong>Gust\u0103ri cu energie mare,<\/strong> precum batoane de cereale sau nuci, pentru a-\u021bi men\u021bine energia dac\u0103 \u00eent\u00e2rzierile sau ocolurile \u00ee\u021bi prelungesc timpul de c\u0103l\u0103torie.<\/li>\n\n\n\n<li><strong>Trus\u0103 de prim ajutor.<\/strong> Include analgezice, plasturi \u0219i orice medicamente necesare pentru tine sau \u00eenso\u021bitorii t\u0103i.<\/li>\n<\/ul>\n\n\n\n<p class=\"has-extra-info-background-color has-background\"><strong>Sustenabilitatea conteaz\u0103<\/strong>. \u00cenlocuie\u0219te sticlele de plastic de unic\u0103 folosin\u021b\u0103 cu sticle reutilizabile, care sunt mai bune pentru mediu \u0219i men\u021bin b\u0103uturile izolate.<\/p>\n\n\n\n<p>\u00cempachetarea inteligent\u0103 pentru <strong>vacan\u021ba de iarn\u0103<\/strong> \u00ee\u021bi permite s\u0103 te bucuri de experien\u021b\u0103, f\u0103r\u0103 s\u0103 \u00ee\u021bi faci griji pentru frig. Cu aceste esen\u021biale, vei fi preg\u0103tit\u0103 pentru orice provocare a sezonului. Ai propriile <strong>sfaturi de c\u0103l\u0103torie iarna<\/strong>? Las\u0103-mi un comentariu \u2014 sunt mereu deschis\u0103 s\u0103 \u00eenv\u0103\u021b ceva nou!<\/p>\n\n\n\n<hr class=\"wp-block-separator has-alpha-channel-opacity\"\/>\n\n\n\n<figure class=\"wp-block-image size-full\"><img loading=\"lazy\" decoding=\"async\" width=\"792\" height=\"294\" src=\"https:\/\/www.the-travel-bunny.com\/ro\/wp-content\/uploads\/sites\/2\/2024\/12\/siguranta-rutiera-iarna-vacanta.jpg\" alt=\"siguranta rutiera iarna vacanta\" class=\"wp-image-9249\" title=\"\" srcset=\"https:\/\/www.the-travel-bunny.com\/ro\/wp-content\/uploads\/sites\/2\/2024\/12\/siguranta-rutiera-iarna-vacanta.jpg 792w, https:\/\/www.the-travel-bunny.com\/ro\/wp-content\/uploads\/sites\/2\/2024\/12\/siguranta-rutiera-iarna-vacanta-300x111.jpg 300w, https:\/\/www.the-travel-bunny.com\/ro\/wp-content\/uploads\/sites\/2\/2024\/12\/siguranta-rutiera-iarna-vacanta-768x285.jpg 768w\" sizes=\"auto, (max-width: 792px) 100vw, 792px\" \/><figcaption class=\"wp-element-caption\"><em>Lua\u021bi toate m\u0103surile necesare pentru siguran\u021ba rutier\u0103 iarna<\/em><\/figcaption><\/figure>\n\n\n\n<h2 class=\"wp-block-heading\" id=\"pregatirea-vehiculului-\u0219i-siguran\u021ba-in-calatoriile-cu-ma\u0219ina-iarna\">Preg\u0103tirea vehiculului \u0219i siguran\u021ba \u00een c\u0103l\u0103toriile cu ma\u0219ina iarna <\/h2>\n\n\n\n<p>C\u00e2nd vine vorba de <strong>vacan\u021ba de iarn\u0103<\/strong>, asigurarea faptului c\u0103 ma\u0219ina este preg\u0103tit\u0103 pentru condi\u021bii meteo reci este nu doar inteligent, ci \u0219i esen\u021bial. Am \u00eenv\u0103\u021bat asta pe pielea mea \u00een timpul unor c\u0103l\u0103torii prin frig \u0219i vreau s\u0103 \u00eemp\u0103rt\u0103\u0219esc cu voi c\u00e2teva <strong>sfaturi de c\u0103l\u0103torie iarna<\/strong> care s\u0103 v\u0103 men\u021bin\u0103 \u00een siguran\u021b\u0103 \u0219i f\u0103r\u0103 stres pe drum.<\/p>\n\n\n\n<div style=\"height:10px\" aria-hidden=\"true\" class=\"wp-block-spacer\"><\/div>\n\n\n\n<h3 class=\"wp-block-heading\" id=\"pregati\u021bi-ma\u0219ina-pentru-iarna\">Preg\u0103ti\u021bi ma\u0219ina pentru iarn\u0103<\/h3>\n\n\n\n<p>\u00cenainte de a pleca, ma\u0219ina necesit\u0103 aten\u021bie. G\u00e2ndi\u021bi-v\u0103 la acest pas ca la o parte din bagajele pentru c\u0103l\u0103torie \u2013 nu a\u021bi pleca f\u0103r\u0103 palton, iar ma\u0219ina voastr\u0103 nu ar trebui s\u0103 plece f\u0103r\u0103 preg\u0103tirea necesar\u0103.<\/p>\n\n\n\n<ul class=\"wp-block-list\">\n<li><strong>Bateria \u0219i lichidele.<\/strong> Temperaturile sc\u0103zute descarc\u0103 bateria ma\u0219inii mai repede dec\u00e2t v\u0103 imagina\u021bi. Testa\u021bi bateria \u0219i asigura\u021bi-v\u0103 c\u0103 este complet \u00eenc\u0103rcat\u0103 \u00eenainte ca temperaturile s\u0103 scad\u0103. Verifica\u021bi nivelul lichidului de r\u0103cire \u0219i asigura\u021bi-v\u0103 c\u0103 raportul cu antigel este corect pentru a preveni \u00eenghe\u021barea.<\/li>\n\n\n\n<li><strong>Anvelope \u0219i \u0219terg\u0103toare.<\/strong> Schimba\u021bi anvelopele cu unele de iarn\u0103 pentru o aderen\u021b\u0103 mai bun\u0103 pe drumurile \u00eenghe\u021bate. Dac\u0103 profilul anvelopelor este uzat, este momentul s\u0103 le \u00eenlocui\u021bi \u2013 alunec\u0103rile nu sunt distractive. \u00cenlocui\u021bi \u0219terg\u0103toarele uzate \u0219i face\u021bi stocul de lichid de parbriz rezistent la \u00eenghe\u021b. Vizibilitatea este crucial\u0103 atunci c\u00e2nd z\u0103pada \u0219i sarea acoper\u0103 parbrizul.<\/li>\n\n\n\n<li><strong>Kit de urgen\u021b\u0103.<\/strong> Preg\u0103ti\u021bi p\u0103turi, o lantern\u0103, alimente neperisabile \u0219i ap\u0103. Ad\u0103uga\u021bi o lopat\u0103 de z\u0103pad\u0103, nisip sau nisip pentru pisici (pentru trac\u021biune), rachete de semnalizare \u0219i spray de dezghe\u021bare. P\u0103stra\u021bi totul \u00een portbagaj \u2013 e mai bine s\u0103 ave\u021bi \u0219i s\u0103 nu folosi\u021bi dec\u00e2t s\u0103 ave\u021bi nevoie \u0219i s\u0103 nu ave\u021bi.<\/li>\n<\/ul>\n\n\n\n<hr class=\"wp-block-separator has-alpha-channel-opacity is-style-dots\"\/>\n\n\n\n<h3 class=\"wp-block-heading\" id=\"conduce\u021bi-responsabil\">Conduce\u021bi responsabil<\/h3>\n\n\n\n<p>Odat\u0103 ce ma\u0219ina este preg\u0103tit\u0103, depinde de voi s\u0103 conduce\u021bi responsabil. Drumurile de iarn\u0103 nu iart\u0103, iar c\u00e2teva ajust\u0103ri ale stilului de condus pot face o mare diferen\u021b\u0103.<\/p>\n\n\n\n<ul class=\"wp-block-list\">\n<li><strong>Lent \u0219i constant.<\/strong> Viteza excesiv\u0103 este riscant\u0103, dar fr\u00e2narea brusc\u0103 poate fi \u0219i mai periculoas\u0103. \u00cen\u021belege\u021bi cum reac\u021bioneaz\u0103 sistemul de fr\u00e2nare al ma\u0219inii \u0219i evita\u021bi opririle bru\u0219te.<\/li>\n\n\n\n<li><strong>Fi\u021bi aten\u021bi la drumuri.<\/strong> Podurile \u0219i pasajele superioare \u00eenghea\u021b\u0103 mai repede dec\u00e2t drumurile obi\u0219nuite. Acestea sunt capcane alunecoase care v\u0103 pot surprinde. Reduce\u021bi viteza c\u00e2nd v\u0103 apropia\u021bi \u0219i fi\u021bi aten\u021bi la ghea\u021ba neagr\u0103.<\/li>\n\n\n\n<li><strong>Reaproviziona\u021bi combustibilul regulat.<\/strong> Un rezervor pe jum\u0103tate gol la temperaturi sub zero grade nu este sigur. Men\u021bine\u021bi rezervorul cel pu\u021bin un sfert plin pentru a evita s\u0103 r\u0103m\u00e2ne\u021bi f\u0103r\u0103 combustibil \u00een caz de \u00eent\u00e2rzieri nea\u0219teptate.<\/li>\n\n\n\n<li><strong>Vizibilitate clar\u0103.<\/strong> Cur\u0103\u021ba\u021bi geamurile, oglinzile \u0219i farurile de ghea\u021b\u0103 \u0219i z\u0103pad\u0103 \u00eenainte de fiecare c\u0103l\u0103torie. De asemenea, \u021bin farurile aprinse, chiar \u0219i pe timpul zilei, pentru ca ceilal\u021bi s\u0103 m\u0103 vad\u0103 prin cea\u021b\u0103.<\/li>\n<\/ul>\n\n\n\n<div style=\"height:10px\" aria-hidden=\"true\" class=\"wp-block-spacer\"><\/div>\n\n\n\n<p>Aceste sfaturi de c\u0103l\u0103torie iarna pot p\u0103rea simple, dar m-au salvat de multe ori din situa\u021bii dificile. Indiferent dac\u0103 merge\u021bi pe autostr\u0103zi acoperite de z\u0103pad\u0103 sau doar v\u0103 \u00eendrepta\u021bi c\u0103tre o reuniune de s\u0103rb\u0103tori, preg\u0103tirea \u0219i pruden\u021ba sunt esen\u021biale. Vacan\u021ba de iarn\u0103 cu copiii sau chiar o simpl\u0103 excursie iarna nu trebuie s\u0103 fie rapid\u0103, ci sigur\u0103. Scopul este s\u0103 ajunge\u021bi la destina\u021bie \u00een siguran\u021b\u0103, pentru a v\u0103 bucura de c\u0103l\u0103torie \u0219i de sezon.<\/p>\n\n\n\n<hr class=\"wp-block-separator has-alpha-channel-opacity\"\/>\n\n\n\n<figure class=\"wp-block-image size-full\"><img loading=\"lazy\" decoding=\"async\" width=\"792\" height=\"294\" src=\"https:\/\/www.the-travel-bunny.com\/ro\/wp-content\/uploads\/sites\/2\/2024\/12\/hidratare-in-conditii-de-iarna.jpg\" alt=\"hidratare in conditii de iarna\" class=\"wp-image-9250\" title=\"\" srcset=\"https:\/\/www.the-travel-bunny.com\/ro\/wp-content\/uploads\/sites\/2\/2024\/12\/hidratare-in-conditii-de-iarna.jpg 792w, https:\/\/www.the-travel-bunny.com\/ro\/wp-content\/uploads\/sites\/2\/2024\/12\/hidratare-in-conditii-de-iarna-300x111.jpg 300w, https:\/\/www.the-travel-bunny.com\/ro\/wp-content\/uploads\/sites\/2\/2024\/12\/hidratare-in-conditii-de-iarna-768x285.jpg 768w\" sizes=\"auto, (max-width: 792px) 100vw, 792px\" \/><figcaption class=\"wp-element-caption\"><em>Este important s\u0103 te hidratezi \u0219i iarna<\/em><\/figcaption><\/figure>\n\n\n\n<h2 class=\"wp-block-heading\" id=\"sanatate-\u0219i-siguran\u021ba-in-condi\u021bii-de-iarna\">S\u0103n\u0103tate \u0219i Siguran\u021b\u0103 \u00een Condi\u021bii de Iarn\u0103<\/h2>\n\n\n\n<p><em>Vacan\u021ba de iarn\u0103<\/em> este captivant\u0103, dar s\u0103 r\u0103m\u00e2i s\u0103n\u0103tos \u0219i \u00een siguran\u021b\u0103 \u00een condi\u021bii dure necesit\u0103 pu\u021bin\u0103 planificare. Aerul rece \u0219i uscat poate fi greu pentru organism, a\u0219a c\u0103 strategiile potrivite fac diferen\u021ba. Iat\u0103 c\u00e2teva <strong>sfaturi de c\u0103l\u0103torie iarna<\/strong> pentru a te ajuta s\u0103 te hidratezi, s\u0103-\u021bi protejezi pielea \u0219i s\u0103 te men\u021bii cald \u00een timp ce te bucuri de aventurile tale.<\/p>\n\n\n\n<hr class=\"wp-block-separator has-alpha-channel-opacity\"\/>\n\n\n\n<h3 class=\"wp-block-heading\" id=\"men\u021bine-te-hidratat\">Men\u021bine-te hidratat<\/h3>\n\n\n\n<p>E u\u0219or s\u0103 ui\u021bi de hidratare c\u00e2nd e frig, dar aerul de iarn\u0103 este extrem de deshidratant. Pierzi umiditate prin respira\u021bie \u0219i piele mai rapid dec\u00e2t \u00een lunile calde. Bea ap\u0103 regulat, chiar dac\u0103 nu sim\u021bi sete. Limiteaz\u0103 consumul de cafea \u0219i alcool \u2014 acestea te deshidrateaz\u0103 \u0219i mai mult \u0219i te pot l\u0103sa lipsit de energie. Eu p\u0103strez mereu la \u00eendem\u00e2n\u0103 o sticl\u0103 reutilizabil\u0103 de ap\u0103 pe care o umplu pe parcursul zilei, fie c\u0103 schiez, fie c\u0103 m\u0103 plimb printr-o pia\u021b\u0103 de Cr\u0103ciun.<\/p>\n\n\n\n<hr class=\"wp-block-separator has-alpha-channel-opacity\"\/>\n\n\n\n<h3 class=\"wp-block-heading\" id=\"precau\u021bii-pentru-sanatate\">Precau\u021bii pentru s\u0103n\u0103tate<\/h3>\n\n\n\n<p>Aeroporturile aglomerate \u0219i spa\u021biile publice din timpul vacan\u021bei de iarn\u0103 sunt adev\u0103rate focare de germeni. \u00cenainte de a porni la drum, f\u0103-\u021bi vaccinurile \u00eempotriva gripei \u0219i COVID pentru a reduce riscul de \u00eemboln\u0103vire. Dac\u0103 destina\u021bia ta este foarte populat\u0103, ia \u00een considerare purtarea unei m\u0103\u0219ti \u2014 e o metod\u0103 simpl\u0103 de a evita r\u0103celile sau alte probleme. Mi s-a p\u0103rut util\u0103 mai ales \u00een timpul zborurilor lungi sau \u00een terminalele aglomerate.<\/p>\n\n\n\n<div style=\"height:10px\" aria-hidden=\"true\" class=\"wp-block-spacer\"><\/div>\n\n\n\n<h3 class=\"wp-block-heading\" id=\"protejeaza-\u021bi-pielea\">Protejeaz\u0103-\u021bi Pielea<\/h3>\n\n\n\n<p>Condi\u021biile de iarn\u0103 pot afecta serios pielea. V\u00e2ntul rece \u0219i umiditatea sc\u0103zut\u0103 o usuc\u0103 \u0219i o crap\u0103, a\u0219a c\u0103 ia cu tine o crem\u0103 hidratant\u0103 bun\u0103 \u0219i un balsam de buze. Acestea sunt indispensabile pentru mine, oriunde merg. \u0218i nu uita de protec\u021bia solar\u0103 \u2014 z\u0103pada reflect\u0103 razele UV \u0219i poate provoca arsuri, chiar \u0219i \u00een zilele \u00eennorate. Un mic tub de crem\u0103 cu SPF ocup\u0103 pu\u021bin spa\u021biu \u00een bagaj, dar \u00ee\u021bi protejeaz\u0103 fa\u021ba \u0219i m\u00e2inile.<\/p>\n\n\n\n<p>Alege produse de \u00eengrijire prietenoase cu mediul, care sunt bl\u00e2nde cu pielea ta \u0219i cu planeta. Caut\u0103 formule biodegradabile care nu afecteaz\u0103 mediul \u00een timpul c\u0103l\u0103toriilor tale.<\/p>\n\n\n\n<hr class=\"wp-block-separator has-alpha-channel-opacity is-style-dots\"\/>\n\n\n\n<h3 class=\"wp-block-heading\" id=\"stai-la-cald\">Stai la Cald<\/h3>\n\n\n\n<p>C\u00e2nd temperaturile scad, totul \u021bine de straturi. Hainele izolate \u0219i \u00eenc\u0103lzitoarele de m\u00e2ini pot fi salvatoare, mai ales dac\u0103 ai activit\u0103\u021bi \u00een aer liber. Evit\u0103 efortul excesiv \u2014 transpira\u021bia te poate r\u0103ci \u0219i cre\u0219te riscul de hipotermie. \u021aine mereu un strat suplimentar \u00een geant\u0103 pentru a r\u0103m\u00e2ne uscat \u0219i cald dac\u0103 vremea se schimb\u0103 brusc.<\/p>\n\n\n\n<hr class=\"wp-block-separator has-alpha-channel-opacity is-style-dots\"\/>\n\n\n\n<h3 class=\"wp-block-heading\" id=\"pregatirea-pentru-crgen\u021be\">Preg\u0103tirea pentru Crgen\u021be<\/h3>\n\n\n\n<p>Vacan\u021ba de iarn\u0103 cu copiii sau vacan\u021ba de iarn\u0103 cu bebelu\u0219 vine cu surprizele ei, a\u0219a c\u0103 preg\u0103tirea pentru neprev\u0103zut \u00ee\u021bi poate salva ziua \u2014 sau mai mult. Planificarea nu ia mult timp, dar poate face diferen\u021ba \u00eentr-o situa\u021bie de urgen\u021b\u0103. Iat\u0103 cum procedez:<\/p>\n\n\n\n<ul class=\"wp-block-list\">\n<li><strong>P\u0103streaz\u0103 la \u00eendem\u00e2n\u0103 contactele \u0219i detaliile de urgen\u021b\u0103.<\/strong> Noteaz\u0103 numerele importante, inclusiv serviciile locale de urgen\u021b\u0103, asisten\u021ba rutier\u0103 \u0219i cazarea. Telefoanele pot r\u0103m\u00e2ne f\u0103r\u0103 baterie sau semnal \u00een zone izolate, a\u0219a c\u0103 o copie fizic\u0103 este salvatoare.<\/li>\n\n\n\n<li><strong>Adaug\u0103 actualiz\u0103rile meteo pe telefon.<\/strong> <a href=\"https:\/\/www.meteoromania.ro\/\" target=\"_blank\" rel=\"noreferrer noopener\">Administra\u021bia Na\u021bional\u0103 de Meteorologie<\/a> sau echivalentele locale sunt perfecte pentru a te informa despre schimb\u0103rile bru\u0219te de vreme. Adaug\u0103 site-ul marcat pe ecranul principal pentru acces rapid.<\/li>\n\n\n\n<li><strong>\u00cenva\u021b\u0103 abilit\u0103\u021bi de baz\u0103 de supravie\u021buire \u00een iarn\u0103.<\/strong> S\u0103 \u0219tii cum s\u0103 te men\u021bii cald dac\u0103 e\u0219ti blocat poate face diferen\u021ba. De exemplu:\n<ul class=\"wp-block-list\">\n<li>Conserv\u0103 mereu c\u0103ldura corporal\u0103 \u2014 folose\u0219te p\u0103turi, stai \u00een ma\u0219in\u0103 \u00een timpul unei furtuni \u0219i evit\u0103 efortul excesiv.<\/li>\n\n\n\n<li>P\u0103streaz\u0103 o p\u0103tur\u0103 de urgen\u021b\u0103, o lantern\u0103 \u0219i gust\u0103ri cu energie mare \u00een ma\u0219in\u0103 sau \u00een rucsac pentru a r\u0103m\u00e2ne confortabil p\u00e2n\u0103 vine ajutorul.<\/li>\n\n\n\n<li>\u00cenva\u021b\u0103 cum s\u0103 semnalizezi pentru asisten\u021b\u0103, fie cu ajutorul unor semnale luminoase, fie f\u0103c\u00e2ndu-te vizibil pentru salvatori.<\/li>\n<\/ul>\n<\/li>\n<\/ul>\n\n\n\n<div style=\"height:10px\" aria-hidden=\"true\" class=\"wp-block-spacer\"><\/div>\n\n\n\n<p>S\u0103 r\u0103m\u00e2i s\u0103n\u0103tos \u0219i confortabil \u00een timpul c\u0103l\u0103toriilor de iarn\u0103 nu e complicat, dar necesit\u0103 pu\u021bin\u0103 aten\u021bie. Bea ap\u0103 regulat, ia cu tine produse esen\u021biale pentru \u00eengrijirea pielii \u0219i \u00eembrac\u0103-te inteligent pentru frig. Aceste <strong>sfaturi de c\u0103l\u0103torie iarna<\/strong> te vor ajuta s\u0103 te bucuri de sezon f\u0103r\u0103 s\u0103-\u021bi faci griji c\u0103 frigul \u00ee\u021bi afecteaz\u0103 s\u0103n\u0103tatea. Fie c\u0103 explorezi trasee acoperite de z\u0103pad\u0103 sau un ora\u0219 nou, s\u0103n\u0103tatea \u0219i siguran\u021ba ta ar trebui s\u0103 fie mereu pe primul loc.<\/p>\n\n\n\n<hr class=\"wp-block-separator has-alpha-channel-opacity\"\/>\n\n\n\n<figure class=\"wp-block-image size-full\"><img loading=\"lazy\" decoding=\"async\" width=\"792\" height=\"294\" src=\"https:\/\/www.the-travel-bunny.com\/ro\/wp-content\/uploads\/sites\/2\/2024\/12\/Sfaturi-pentru-activitati-de-iarna-in-aer-liber.jpg\" alt=\"Sfaturi pentru activitati de iarna in aer liber\" class=\"wp-image-9252\" title=\"\" srcset=\"https:\/\/www.the-travel-bunny.com\/ro\/wp-content\/uploads\/sites\/2\/2024\/12\/Sfaturi-pentru-activitati-de-iarna-in-aer-liber.jpg 792w, https:\/\/www.the-travel-bunny.com\/ro\/wp-content\/uploads\/sites\/2\/2024\/12\/Sfaturi-pentru-activitati-de-iarna-in-aer-liber-300x111.jpg 300w, https:\/\/www.the-travel-bunny.com\/ro\/wp-content\/uploads\/sites\/2\/2024\/12\/Sfaturi-pentru-activitati-de-iarna-in-aer-liber-768x285.jpg 768w\" sizes=\"auto, (max-width: 792px) 100vw, 792px\" \/><figcaption class=\"wp-element-caption\"><em>Urmeaz\u0103 aceste sfaturi pentru activit\u0103\u021bi de iarn\u0103 \u00een aer liber<\/em><\/figcaption><\/figure>\n\n\n\n<h2 class=\"wp-block-heading\" id=\"sfaturi-pentru-activita\u021bi-de-iarna-in-aer-liber\">Sfaturi pentru Activit\u0103\u021bi de Iarn\u0103 \u00een Aer Liber<\/h2>\n\n\n\n<p>Vacan\u021ba de iarn\u0103 poate fi la fel de activ\u0103 pe c\u00e2t este de frumoas\u0103, oferind nenum\u0103rate modalit\u0103\u021bi de a te bucura de sezon. Potecile acoperite de z\u0103pad\u0103, lacurile \u00eenghe\u021bate \u0219i pie\u021bele festive atrag aventurieri de toate tipurile. Fie c\u0103 \u00ee\u021bi pui patinele, fixezi rachetele de z\u0103pad\u0103 sau te \u00eendrep\u021bi spre p\u00e2rtii, activit\u0103\u021bile \u00een aer liber sunt o modalitate excelent\u0103 de a transforma vacan\u021ba de iarn\u0103 \u00eentr-una memorabil\u0103. Iat\u0103 c\u00e2teva <strong>sfaturi de c\u0103l\u0103torie iarna<\/strong> pe care le po\u021bi pune \u00een practic\u0103 pentru a-\u021bi men\u021bine aventurile de iarn\u0103 distractive, sigure \u0219i pline de satisfac\u021bii.<\/p>\n\n\n\n<div style=\"height:10px\" aria-hidden=\"true\" class=\"wp-block-spacer\"><\/div>\n\n\n\n<h3 class=\"wp-block-heading\" id=\"ramai-activ-a-in-siguran\u021ba\">R\u0103m\u00e2i Activ(\u0103) \u00een Siguran\u021b\u0103<\/h3>\n\n\n\n<p>C\u00e2nd pleci la <strong>drume\u021bii cu rachete de z\u0103pad\u0103<\/strong>, schi sau patinaj, preg\u0103tirea este esen\u021bial\u0103. Spune cuiva despre planurile tale, mai ales dac\u0103 explorezi zone izolate. Dac\u0103 se \u00eent\u00e2mpl\u0103 ceva nea\u0219teptat, e bine s\u0103 existe cineva care \u0219tie unde e\u0219ti \u0219i c\u00e2nd te a\u0219tep\u021bi s\u0103 te \u00eentorci.<\/p>\n\n\n\n<p>\u00cenc\u0103l\u021b\u0103mintea nu este negociabil\u0103. Suprafe\u021bele alunecoase sunt peste tot iarna, iar <strong>cizmele antiderapante<\/strong> te pot salva de v\u00e2n\u0103t\u0103i \u2014 sau chiar mai r\u0103u. Am \u00eenv\u0103\u021bat aceast\u0103 lec\u021bie pe pielea mea, c\u00e2nd o frumoas\u0103 potec\u0103 de p\u0103dure s-a transformat \u00eentr-un patinoar dup\u0103 o u\u0219oar\u0103 \u00eenghe\u021bare. Acum, nu plec niciodat\u0103 f\u0103r\u0103 \u00eenc\u0103l\u021b\u0103minte adecvat\u0103.<\/p>\n\n\n\n<p><strong>\u00cempacheteaz\u0103 u\u0219or, dar inteligent.<\/strong> Poart\u0103 \u00eentotdeauna ap\u0103, c\u00e2teva gust\u0103ri bogate \u00een energie \u0219i un mic kit de prim-ajutor. Chiar dac\u0103 e\u0219ti aproape de o sta\u021biune sau de un ora\u0219, vremea se poate schimba rapid. Este mai bine s\u0103 fii preg\u0103tit(\u0103) pentru orice, \u00een timp ce te bucuri de aerul proasp\u0103t.<\/p>\n\n\n\n<hr class=\"wp-block-separator has-alpha-channel-opacity is-style-dots\"\/>\n\n\n\n<h3 class=\"wp-block-heading\" id=\"ramai-activ-a-in-siguran\u021ba-1\">R\u0103m\u00e2i Activ(\u0103) \u00een Siguran\u021b\u0103<\/h3>\n\n\n\n<p>C\u00e2nd pleci la <strong>drume\u021bii cu rachete de z\u0103pad\u0103<\/strong>, schi sau patinaj, preg\u0103tirea este esen\u021bial\u0103. Spune cuiva despre planurile tale, mai ales dac\u0103 explorezi zone izolate. Dac\u0103 se \u00eent\u00e2mpl\u0103 ceva nea\u0219teptat, e bine s\u0103 existe cineva care \u0219tie unde e\u0219ti \u0219i c\u00e2nd te a\u0219tep\u021bi s\u0103 te \u00eentorci.<\/p>\n\n\n\n<p>\u00cenc\u0103l\u021b\u0103mintea nu este negociabil\u0103. Suprafe\u021bele alunecoase sunt peste tot iarna, iar <strong>cizmele antiderapante<\/strong> te pot salva de v\u00e2n\u0103t\u0103i \u2014 sau chiar mai r\u0103u. Am \u00eenv\u0103\u021bat aceast\u0103 lec\u021bie pe pielea mea, c\u00e2nd o frumoas\u0103 potec\u0103 de p\u0103dure s-a transformat \u00eentr-un patinoar dup\u0103 o u\u0219oar\u0103 \u00eenghe\u021bare. Acum, nu plec niciodat\u0103 f\u0103r\u0103 \u00eenc\u0103l\u021b\u0103minte adecvat\u0103.<\/p>\n\n\n\n<p><strong>\u00cempacheteaz\u0103 u\u0219or, dar inteligent.<\/strong> Poart\u0103 \u00eentotdeauna ap\u0103, c\u00e2teva gust\u0103ri bogate \u00een energie \u0219i un mic kit de prim-ajutor. Chiar dac\u0103 e\u0219ti aproape de o sta\u021biune sau de un ora\u0219, vremea se poate schimba rapid. Este mai bine s\u0103 fii preg\u0103tit(\u0103) pentru orice, \u00een timp ce te bucuri de aerul proasp\u0103t.<\/p>\n\n\n\n<hr class=\"wp-block-separator has-alpha-channel-opacity is-style-dots\"\/>\n\n\n\n<h3 class=\"wp-block-heading\" id=\"descopera-sporturile-de-iarna-locale\">Descoper\u0103 Sporturile de Iarn\u0103 Locale<\/h3>\n\n\n\n<p>Unul dintre cele mai bune aspecte ale vacan\u021bei de iarn\u0103 este s\u0103 \u00eencerci activit\u0103\u021bi unice acestui sezon. Schiul \u0219i snowboarding-ul sunt op\u021biuni evidente dac\u0103 e\u0219ti aproape de mun\u021bi, dar nu subestima <strong>drume\u021biile cu rachete de z\u0103pad\u0103<\/strong>. Sunt mai lini\u0219tite, mai pa\u0219nice \u0219i perfecte pentru explorarea potecilor acoperite de z\u0103pad\u0103 neatins\u0103. Patinajul este o alt\u0103 activitate preferat\u0103, fie pe un patinoar din ora\u0219, fie pe un lac \u00eenghe\u021bat de la \u021bar\u0103.<\/p>\n\n\n\n<p>Ce \u00eemi place cel mai mult la vacan\u021ba de iarn\u0103 este s\u0103 descop\u0103r <strong>festivaluri locale sau pie\u021be de sezon<\/strong>. De la vin fiert \u00een satele alpine p\u00e2n\u0103 la sculpturi \u00een ghea\u021b\u0103 \u00een ora\u0219ele scandinave, aceste evenimente ofer\u0103 distrac\u021bie \u0219i o <strong>experien\u021b\u0103 autentic\u0103 a vie\u021bii locale<\/strong>. Ori de c\u00e2te ori \u00eemi planific o c\u0103l\u0103torie, verific \u00eentotdeauna evenimentele sezoniere \u0219i sunt mereu pl\u0103cut surprins\u0103.<\/p>\n\n\n\n<hr class=\"wp-block-separator has-alpha-channel-opacity is-style-dots\"\/>\n\n\n\n<h3 class=\"wp-block-heading\" id=\"descopera-cultura-locala\">Descoper\u0103 Cultura Local\u0103<\/h3>\n\n\n\n<p>Fiecare destina\u021bie s\u0103rb\u0103tore\u0219te iarna \u00een felul s\u0103u unic. Unele g\u0103zduiesc parade festive, \u00een timp ce altele prezint\u0103 sporturi tradi\u021bionale sau delicii culinare. Participarea la aceste obiceiuri \u00ee\u021bi adaug\u0103 profunzime experien\u021bei de c\u0103l\u0103torie, ajut\u00e2ndu-te s\u0103 te conectezi cu oamenii \u0219i tradi\u021biile lor.<\/p>\n\n\n\n<p>Fiecare destina\u021bie are propriile tradi\u021bii de iarn\u0103, iar unele dintre cele mai pre\u021bioase amintiri ale mele provin din <strong>Revelioanele petrecute \u00een nordul Moldovei<\/strong>, c\u00e2nd eram copil. N\u0103scut\u0103 \u0219i crescut\u0103 \u00een Bucure\u0219ti, vizitele \u00een Moldova \u00een timpul s\u0103rb\u0103torilor erau ca o c\u0103l\u0103torie \u00eentr-o alt\u0103 lume. S\u0103tenii se \u00eembr\u0103cau \u00een costume tradi\u021bionale vibrante, iar grupuri de colind\u0103tori mergeau din poart\u0103-n poart\u0103, c\u00e2nt\u00e2nd melodii str\u0103vechi, acompaniate de ritmurile unei tobe din piele de capr\u0103. P\u0103streaz\u0103-\u021bi mintea deschis\u0103 c\u00e2nd explorezi, \u0219i s-ar putea s\u0103 tr\u0103ie\u0219ti ceva la fel de memorabil.<\/p>\n\n\n\n<div style=\"height:10px\" aria-hidden=\"true\" class=\"wp-block-spacer\"><\/div>\n\n\n\n<p>Cel mai bun mod de a profita de <strong>vacan\u021ba de iarn\u0103 cu copiii<\/strong> sau de <strong>vacan\u021ba de iarn\u0103 cu bebelu\u0219ul<\/strong> este s\u0103 g\u0103se\u0219ti un echilibru \u00eentre planificare \u0219i spontaneitate. \u00cempacheteaz\u0103 bine, fii precaut(\u0103) \u0219i las\u0103 loc pentru surprize. Cu abordarea potrivit\u0103, aventurile de iarn\u0103 \u00een aer liber pot deveni unele dintre cele mai pre\u021bioase amintiri de c\u0103l\u0103torie. Iar dac\u0103 cau\u021bi <strong>sfaturi de c\u0103l\u0103torie iarna<\/strong>, urm\u0103re\u0219te \u00een continuare blogul \u2014 \u00eemp\u0103rt\u0103\u0219esc idei \u0219i inspira\u021bie \u00een mod regulat!<\/p>\n\n\n\n<hr class=\"wp-block-separator has-alpha-channel-opacity\"\/>\n\n\n\n<figure class=\"wp-block-image size-full\"><img loading=\"lazy\" decoding=\"async\" width=\"792\" height=\"294\" src=\"https:\/\/www.the-travel-bunny.com\/ro\/wp-content\/uploads\/sites\/2\/2024\/12\/vacanta-de-iarna-cu-bebelus-sau-copii.jpg\" alt=\"vacanta de iarna cu bebelus sau copii\" class=\"wp-image-9253\" title=\"\" srcset=\"https:\/\/www.the-travel-bunny.com\/ro\/wp-content\/uploads\/sites\/2\/2024\/12\/vacanta-de-iarna-cu-bebelus-sau-copii.jpg 792w, https:\/\/www.the-travel-bunny.com\/ro\/wp-content\/uploads\/sites\/2\/2024\/12\/vacanta-de-iarna-cu-bebelus-sau-copii-300x111.jpg 300w, https:\/\/www.the-travel-bunny.com\/ro\/wp-content\/uploads\/sites\/2\/2024\/12\/vacanta-de-iarna-cu-bebelus-sau-copii-768x285.jpg 768w\" sizes=\"auto, (max-width: 792px) 100vw, 792px\" \/><figcaption class=\"wp-element-caption\"><em>Sfaturi pentru vacan\u021ba de iarn\u0103 cu copiii sau vacan\u021ba de iarn\u0103 cu bebelu\u0219<\/em><\/figcaption><\/figure>\n\n\n\n<h2 class=\"wp-block-heading\" id=\"sfaturi-pentru-vacan\u021ba-de-iarna-cu-copiii-\u0219i-bebelu\u0219ii\">Sfaturi pentru Vacan\u021ba de Iarn\u0103 cu Copiii \u0219i Bebelu\u0219ii<\/h2>\n\n\n\n<p>C\u0103l\u0103toriile cu cei mici \u00een timpul lunilor reci pot p\u0103rea cople\u0219itoare, dar, cu pu\u021bin\u0103 preg\u0103tire, pot deveni o experien\u021b\u0103 plin\u0103 de satisfac\u021bii. \u00cen aceast\u0103 sec\u021biune, voi \u00eemp\u0103rt\u0103\u0219i <strong>sfaturi de c\u0103l\u0103torie iarna<\/strong> pentru p\u0103rin\u021bii care se aventureaz\u0103 \u00een vacan\u021be cu copiii, baz\u00e2ndu-m\u0103 pe experien\u021bele mele ca mam\u0103 care a c\u0103l\u0103torit cu un bebelu\u0219 n\u0103scut \u00een sezonul rece.<\/p>\n\n\n\n<div style=\"height:10px\" aria-hidden=\"true\" class=\"wp-block-spacer\"><\/div>\n\n\n\n<h3 class=\"wp-block-heading\" id=\"vacan\u021ba-de-iarna-cu-copiii\">Vacan\u021ba de Iarn\u0103 cu Copiii<\/h3>\n\n\n\n<p>C\u00e2nd c\u0103l\u0103tore\u0219ti cu copiii, preg\u0103tirea este esen\u021bial\u0103. Drumurile lungi, fie cu ma\u0219ina, avionul sau trenul, pot fi obositoare, a\u0219a c\u0103 planificarea corect\u0103 este cheia pentru a-i men\u021bine confortabili \u0219i ocupa\u021bi.<\/p>\n\n\n\n<ul class=\"wp-block-list\">\n<li><strong>Ia obiecte familiare care aduc confort.<\/strong> Juc\u0103rii, c\u0103r\u021bi sau o p\u0103turic\u0103 preferat\u0103 pot ajuta copilul s\u0103 se simt\u0103 mai \u00een siguran\u021b\u0103 \u00een medii necunoscute. Aceste mici detalii pot face o mare diferen\u021b\u0103 \u00een timpul c\u0103l\u0103toriilor lungi sau al \u00eent\u00e2rzierilor.<\/li>\n\n\n\n<li><strong>Planific\u0103 pauze.<\/strong> Copiii devin ner\u0103bd\u0103tori. \u00cemi place s\u0103 includ opriri de odihn\u0103 \u00een timpul c\u0103l\u0103toriilor cu ma\u0219ina sau pauze \u00een itinerar pentru plimb\u0103ri scurte sau activit\u0103\u021bi distractive, cum ar fi o vizit\u0103 la un loc de joac\u0103. Aceste pauze \u00eembun\u0103t\u0103\u021besc starea de spirit a tuturor.<\/li>\n\n\n\n<li><strong>Opteaz\u0103 pentru variante prietenoase cu familia.<\/strong> Alegerea caz\u0103rilor care ofer\u0103 facilit\u0103\u021bi pentru copii, cum ar fi paturi suplimentare sau scaune \u00eenalte, te scap\u0103 de efortul de a c\u0103ra prea multe lucruri. Multe destina\u021bii ofer\u0103 \u0219i activit\u0103\u021bi dedicate copiilor, de la locuri de joac\u0103 \u00een aer liber la muzee interactive.<\/li>\n\n\n\n<li><strong>Gust\u0103rile sunt salvatoare.<\/strong> Poart\u0103 \u00eentotdeauna gust\u0103ri s\u0103n\u0103toase, u\u0219or de m\u00e2ncat \u0219i care nu fac mizerie. Sunt utile \u00een cazul \u00eent\u00e2rzierilor sau atunci c\u00e2nd accesul la m\u00e2ncare este limitat.<\/li>\n<\/ul>\n\n\n\n<hr class=\"wp-block-separator has-alpha-channel-opacity is-style-dots\"\/>\n\n\n\n<h3 class=\"wp-block-heading\" id=\"vacan\u021ba-de-iarna-cu-bebelu\u0219\">Vacan\u021ba de Iarn\u0103 cu Bebelu\u0219<\/h3>\n\n\n\n<p>C\u0103l\u0103toriile cu un bebelu\u0219 necesit\u0103 o planificare diferit\u0103. Din proprie experien\u021b\u0103, av\u00e2nd un copil n\u0103scut iarna, am \u00eenv\u0103\u021bat s\u0103 echilibrez c\u0103ldura, siguran\u021ba \u0219i confortul \u00een condi\u021bii de frig. Iat\u0103 ce func\u021bioneaz\u0103:<\/p>\n\n\n\n<ul class=\"wp-block-list\">\n<li><strong>\u00cembrac\u0103-l \u00een straturi.<\/strong> Bebelu\u0219ii pierd rapid c\u0103ldura, dar se pot supra\u00eenc\u0103lzi u\u0219or \u00een haine groase. \u00cemi \u00eembrac mereu copilul \u00een mai multe straturi sub\u021biri, \u00eencep\u00e2nd cu un body moale, apoi adaug un pulover, colan\u021bi \u0219i o jachet\u0103 adecvat\u0103 vremii. C\u0103ciula \u0219i m\u0103nu\u0219ile sunt obligatorii pe timp de iarn\u0103.<\/li>\n\n\n\n<li><strong>Poart\u0103 provizii suplimentare.<\/strong> Scutecele, \u0219erve\u021belele, laptele praf \u0219i m\u00e2ncarea pentru bebelu\u0219i sunt priorit\u0103\u021bi pe lista mea de bagaje. \u00cent\u00e2rzierile neprev\u0103zute te pot l\u0103sa f\u0103r\u0103 acces la magazine, a\u0219a c\u0103 e mai bine s\u0103 iei c\u00e2te pu\u021bin \u00een plus.<\/li>\n\n\n\n<li><strong>\u00cengrijire pentru pielea bebelu\u0219ului.<\/strong> Aerul rece \u0219i v\u00e2ntul pot irita pielea delicat\u0103. P\u0103strez mereu o crem\u0103 hidratant\u0103 bl\u00e2nd\u0103 \u0219i un balsam de buze pentru copil \u00een geanta de scutece, mai ales \u00een zonele cu z\u0103pad\u0103 sau v\u00e2nt.<\/li>\n\n\n\n<li><strong>Sfaturi practice pentru hr\u0103nire.<\/strong> Vremea rece poate face ca momentul hr\u0103nirii s\u0103 fie mai dificil. Dac\u0103 folose\u0219ti biberon, ia \u00een considerare un \u00eenc\u0103lzitor portabil de biberoane sau un termos cu ap\u0103 cald\u0103 pentru a prepara laptele praf \u00een mers. Dac\u0103 al\u0103ptezi, asigur\u0103-te c\u0103 r\u0103m\u00e2i suficient de \u00eenc\u0103lzit\u0103 pentru a putea hr\u0103ni copilul afar\u0103.<\/li>\n\n\n\n<li><strong>Siguran\u021b\u0103 \u00een ma\u0219in\u0103.<\/strong> Alege haine care asigur\u0103 siguran\u021ba \u00een scaunul auto. De exemplu, ponchourile sunt o alegere excelent\u0103! Ele men\u021bin copilul cald f\u0103r\u0103 a interfera cu centurile scaunului auto, garant\u00e2nd o fixare corect\u0103.<\/li>\n<\/ul>\n\n\n\n<div style=\"height:10px\" aria-hidden=\"true\" class=\"wp-block-spacer\"><\/div>\n\n\n\n<p>Aceste <strong>sfaturi de c\u0103l\u0103torie iarna cu copiii \u0219i bebelu\u0219ii<\/strong> te vor ajuta s\u0103 \u00ee\u021bi organizezi mai bine urm\u0103toarea vacan\u021b\u0103 de familie. Dac\u0103 o iei \u00eencet, \u00eempachetezi inteligent \u0219i r\u0103m\u00e2i flexibil\u0103, c\u0103l\u0103toriile cu cei mici pot fi o bucurie, chiar \u0219i \u00een mijlocul iernii. \u021aine cont de aceste idei practice \u0219i vei fi gata s\u0103 \u00eembr\u0103\u021bi\u0219ezi aventura!<\/p>\n\n\n\n<hr class=\"wp-block-separator has-alpha-channel-opacity\"\/>\n\n\n\n<h2 class=\"wp-block-heading\" id=\"intrebari-frecvente-despre-vacan\u021ba-de-iarna\">\u00centreb\u0103ri Frecvente despre Vacan\u021ba de Iarn\u0103<\/h2>\n\n\n\n<p><strong>Vacan\u021ba de iarn\u0103 poate fi o experien\u021b\u0103 variat\u0103.<\/strong> Peisajele acoperite de z\u0103pad\u0103 care te las\u0103 f\u0103r\u0103 cuvinte contrasteaz\u0103 cu drumurile alunecoase, temperaturile sc\u0103zute \u0219i condi\u021biile imprevizibile care te \u021bin \u00een alert\u0103. Fie c\u0103 \u00ee\u021bi planifici prima <em>vacan\u021b\u0103 de iarn\u0103<\/em> sau e\u0219ti un c\u0103l\u0103tor experimentat \u00een c\u0103utarea unor idei noi, preg\u0103tirea potrivit\u0103 este esen\u021bial\u0103. De la \u00eempachetarea hainelor potrivite la abordarea drumurilor \u00eenghe\u021bate, am adunat r\u0103spunsuri practice la cele mai frecvente \u00eentreb\u0103ri despre <strong>sfaturi de c\u0103l\u0103torie iarna<\/strong>.<\/p>\n\n\n\n<p>Indiferent de destina\u021bie \u2014 fie c\u0103 e vorba de cabane confortabile sau pie\u021be de Cr\u0103ciun aglomerate \u2014 acest FAQ te va ajuta s\u0103 r\u0103m\u00e2i cald, \u00een siguran\u021b\u0103 \u0219i preg\u0103tit s\u0103 \u00eembr\u0103\u021bi\u0219ezi magia sezonului. Hai s\u0103 intr\u0103m \u00een detalii.<\/p>\n\n\n<div id=\"rank-math-faq\" class=\"rank-math-block\">\n<div class=\"rank-math-list \">\n<div id=\"faq-question-1733487698312\" class=\"rank-math-list-item\">\n<h3 class=\"rank-math-question \">Ce ar trebui s\u0103 \u00eempachetez pentru vacan\u021ba de iarn\u0103?<\/h3>\n<div class=\"rank-math-answer \">\n\n<p>\u00cempachetarea bagajelor pentru iarn\u0103 trebuie s\u0103 fie c\u00e2t mai practic\u0103. Straturile sunt aliatul t\u0103u de baz\u0103 \u2014 \u00eencepe cu lenjerie termic\u0103, continu\u0103 cu straturi intermediare respirabile \u0219i adaug\u0103 o geac\u0103 impermeabil\u0103. Cizmele impermeabile sunt obligatorii, mai ales pentru str\u0103zi umede sau trasee \u00eenghe\u021bate. Crema de protec\u021bie solar\u0103 poate p\u0103rea ciudat\u0103 iarna, dar z\u0103pada reflect\u0103 razele UV, deci este la fel de important\u0103 ca vara. Hidratantul \u0219i balsamul de buze te protejeaz\u0103 \u00eempotriva aerului uscat \u0219i a v\u00e2ntului rece, iar proviziile de urgen\u021b\u0103, cum ar fi o lantern\u0103 \u0219i gust\u0103ri neperisabile, te preg\u0103tesc pentru eventuale \u00eent\u00e2rzieri sau devieri.<\/p>\n\n<\/div>\n<\/div>\n<div id=\"faq-question-1733487737257\" class=\"rank-math-list-item\">\n<h3 class=\"rank-math-question \">Cum m\u0103 pot men\u021bine \u00een siguran\u021b\u0103 \u00een c\u0103l\u0103toriile cu ma\u0219ina iarna?<\/h3>\n<div class=\"rank-math-answer \">\n\n<p>C\u0103l\u0103toriile cu ma\u0219ina iarna pot fi distractive, dar vin cu provoc\u0103ri. Primul pas este s\u0103 \u00ee\u021bi preg\u0103te\u0219ti ma\u0219ina pentru iarn\u0103 \u2014 verific\u0103 anvelopele, bateria \u0219i lichidele \u00eenainte de a pleca. P\u0103streaz\u0103 un kit de urgen\u021b\u0103 la \u00eendem\u00e2n\u0103, care s\u0103 includ\u0103 p\u0103turi, gust\u0103ri, ap\u0103 \u0219i o lop\u0103\u021bic\u0103 mic\u0103. Pe drum, alimenteaz\u0103 des pentru a evita s\u0103 r\u0103m\u00e2i f\u0103r\u0103 combustibil, iar condu cu pruden\u021b\u0103 \u2014 por\u021biunile \u00eenghe\u021bate, \u00een special pe poduri, necesit\u0103 aten\u021bie suplimentar\u0103. Anun\u021b\u0103 \u00eentotdeauna pe cineva despre traseul \u0219i ora estimat\u0103 de sosire.<\/p>\n\n<\/div>\n<\/div>\n<div id=\"faq-question-1733487749875\" class=\"rank-math-list-item\">\n<h3 class=\"rank-math-question \">Pot s\u0103 c\u0103l\u0103toresc iarna cu un bebelu\u0219?<\/h3>\n<div class=\"rank-math-answer \">\n\n<p>Da, po\u021bi! <strong>Vacan\u021ba de iarn\u0103 cu bebelu\u0219<\/strong> necesit\u0103 doar pu\u021bin\u0103 planificare suplimentar\u0103. \u00cempacheteaz\u0103 straturi calde \u0219i respirabile pentru cel mic \u0219i nu uita produsele de \u00eengrijire sigure pentru pielea bebelu\u0219ului, pentru a preveni usc\u0103ciunea sau irita\u021biile. Ia cu tine provizii suplimentare \u2014 scutece, formul\u0103 \u0219i haine de schimb \u2014 deoarece \u00eent\u00e2rzierile pot ap\u0103rea. Planific\u0103 opriri regulate pentru a-l men\u021bine confortabil, mai ales pe traseele lungi. Poate necesita mai mult efort, dar s\u0103-i vezi uimirea c\u00e2nd prive\u0219te peisajele acoperite de z\u0103pad\u0103 merit\u0103 din plin.<\/p>\n\n<\/div>\n<\/div>\n<div id=\"faq-question-1733487759179\" class=\"rank-math-list-item\">\n<h3 class=\"rank-math-question \">Ofer\u0103 The Travel Bunny ghiduri pentru destina\u021bii de iarn\u0103?<\/h3>\n<div class=\"rank-math-answer \">\n\n<p>Absolut! De la pie\u021be festive din Europa p\u00e2n\u0103 la refugii acoperite de z\u0103pad\u0103 \u00een mun\u021bi, am scris ghiduri detaliate pline de <strong>sfaturi de c\u0103l\u0103torie iarna<\/strong> \u0219i experien\u021be personale. Dac\u0103 cau\u021bi idei despre unde s\u0103 mergi sau cum s\u0103 profi\u021bi la maximum de c\u0103l\u0103toria ta, consult\u0103 articolele din<strong> <a href=\"https:\/\/www.the-travel-bunny.com\/ro\/eticheta\/vacante-iarna\/\" target=\"_blank\" rel=\"noreferrer noopener\">sec\u021biunea dedicat\u0103 vacan\u021bei de iarn\u0103<\/a><\/strong>. Vei g\u0103si o mul\u021bime de informa\u021bii utile pentru a planifica escapada perfect\u0103.<\/p>\n\n<\/div>\n<\/div>\n<div id=\"faq-question-1733487780478\" class=\"rank-math-list-item\">\n<h3 class=\"rank-math-question \">Cum pot r\u0103m\u00e2ne la curent cu sfaturile de iarn\u0103 de la The Travel Bunny?<\/h3>\n<div class=\"rank-math-answer \">\n\n<p>E simplu! <strong>Aboneaz\u0103-te la newsletter-ul meu<\/strong> pentru a primi sfaturi proaspete direct \u00een inbox sau urm\u0103re\u0219te-m\u0103 pe re\u021belele sociale pentru actualiz\u0103ri, inspira\u021bie \u0219i momente din culisele c\u0103l\u0103toriilor. Mi-ar pl\u0103cea s\u0103 vii al\u0103turi de mine \u00een aceast\u0103 aventur\u0103. <strong>Vacan\u021ba de iarn\u0103<\/strong> poate p\u0103rea o provocare, dar cu aceste sfaturi la \u00eendem\u00e2n\u0103, vei fi bine preg\u0103tit s\u0103 te bucuri de tot ce are sezonul de oferit.<\/p>\n\n<\/div>\n<\/div>\n<\/div>\n<\/div>\n\n\n<hr class=\"wp-block-separator has-alpha-channel-opacity\"\/>\n\n\n\n<h2 class=\"wp-block-heading\" id=\"sfaturi-suplimentare-pentru-a-te-bucura-de-vacan\u021ba-de-iarna\">Sfaturi Suplimentare Pentru a Te Bucura de Vacan\u021ba de Iarn\u0103<\/h2>\n\n\n\n<p><strong>Vacan\u021ba de iarn\u0103<\/strong> poate fi plin\u0103 de surprize. Furtunile de z\u0103pad\u0103 pot \u00eencetini c\u0103l\u0103toria, zborurile pot \u00eent\u00e2rzia, iar uneori te po\u021bi trezi merg\u00e2nd pe poteci \u00eenghe\u021bate, nea\u0219teptate. Dar iat\u0103 care e secretul: <strong>vacan\u021ba de iarn\u0103<\/strong> nu \u00eenseamn\u0103 planuri perfecte, ci \u00eembr\u0103\u021bi\u0219area imprevizibilului \u0219i transformarea acestuia \u00eentr-o parte din aventur\u0103. Cu o atitudine potrivit\u0103 \u0219i c\u00e2teva <strong>sfaturi de c\u0103l\u0103torie iarna<\/strong>, vei fi preg\u0103tit(\u0103) s\u0103 gestionezi orice situa\u021bie.<\/p>\n\n\n\n<p>\u00cent\u00e2rzierile \u0219i schimb\u0103rile de ultim moment nu trebuie s\u0103-\u021bi strice c\u0103l\u0103toria. \u00cen loc s\u0103 te stresezi, trateaz\u0103 aceste momente ca pe ni\u0219te oportunit\u0103\u021bi. O escal\u0103 mai lung\u0103 poate \u00eensemna timp suplimentar pentru a explora o cafenea cochet\u0103 din aeroport sau pentru a schimba c\u00e2teva vorbe cu al\u021bi c\u0103l\u0103tori. O \u00eent\u00e2rziere cauzat\u0103 de vreme \u00ee\u021bi poate oferi \u0219ansa s\u0103 termini acea carte pe care tot o am\u00e2ni. Secretul este s\u0103 \u00eempachetezi pu\u021bin\u0103 r\u0103bdare al\u0103turi de \u0219osetele de l\u00e2n\u0103 \u0219i straturile termice.<\/p>\n\n\n\n<hr class=\"wp-block-separator has-alpha-channel-opacity\"\/>\n\n\n\n<h3 class=\"wp-block-heading\" id=\"fotografiile-din-vacan\u021ba-surprinde-magia-iernii\">Fotografiile din vacan\u021b\u0103: surprinde magia iernii<\/h3>\n\n\n\n<p>\u0218i chiar dac\u0103 <strong>vacan\u021ba de iarn\u0103<\/strong> nu este mereu f\u0103r\u0103 cusur, aproape \u00eentotdeauna este fotogenic\u0103. F\u0103-\u021bi un obicei din a surprinde magia: str\u0103zi acoperite de z\u0103pad\u0103, lumini\u021be sclipitoare sau acea can\u0103 aburind\u0103 de vin fiert \u00eentr-un t\u00e2rg de Cr\u0103ciun. Unele dintre cele mai frumoase fotografii de c\u0103l\u0103torie le-am f\u0103cut \u00een timpul unor ocoluri neplanificate, pe z\u0103pad\u0103. Ia cu tine un aparat foto mic sau asigur\u0103-te c\u0103 telefonul are suficient spa\u021biu de stocare \u0219i nu ezita s\u0103 imortalizezi momentele care fac iarna unic\u0103.<\/p>\n\n\n\n<p class=\"has-extra-info-background-color has-background\">C\u00e2nd rezervi cazarea, d\u0103 prioritate op\u021biunilor eficiente din punct de vedere energetic, cum ar fi hotelurile cu practici sustenabile sau cu certific\u0103ri ecologice. Este un pas mic, dar cu un impact mare asupra reducerii amprentei ecologice \u00een c\u0103l\u0103torii.<\/p>\n\n\n\n<p>Un lucru pe care nu ar trebui s\u0103-l omi\u021bi niciodat\u0103 este <a href=\"https:\/\/www.the-travel-bunny.com\/ro\/asigurarea-de-calatorie-safetywing\/\" data-type=\"post\" data-id=\"4275\">asigurarea de c\u0103l\u0103torie<\/a>. Iarna este imprevizibil\u0103, iar asigurarea \u00ee\u021bi ofer\u0103 lini\u0219te sufleteasc\u0103. Zboruri anulate, bagaje pierdute sau chiar urgen\u021be medicale pot ap\u0103rea, mai ales \u00een condi\u021bii de frig. Av\u00e2nd asigurare, vei fi preg\u0103tit(\u0103) pentru aceste situa\u021bii f\u0103r\u0103 stres suplimentar. Poate c\u0103 nu e cel mai glamouros aspect, dar este absolut esen\u021bial pentru o c\u0103l\u0103torie de iarn\u0103 reu\u0219it\u0103.<\/p>\n\n\n\n<p>\u00cen cele din urm\u0103, <strong>vacan\u021ba de iarn\u0103<\/strong> \u00eenseamn\u0103 s\u0103 g\u0103se\u0219ti bucurie \u00een lucrurile mici, chiar \u0219i atunci c\u00e2nd planurile se schimb\u0103. R\u0103m\u00e2n\u00e2nd flexibil(\u0103), preg\u0103tit(\u0103) \u0219i deschis(\u0103) s\u0103 absorbi frumuse\u021bea din jur, te vei \u00eentoarce acas\u0103 cu multe pove\u0219ti de \u00eemp\u0103rt\u0103\u0219it. A\u0219a c\u0103 \u00eembrac\u0103-te bine, planific\u0103 cu \u00een\u021belepciune \u0219i las\u0103 iarna s\u0103 te surprind\u0103.<\/p>\n\n\n\n<hr class=\"wp-block-separator has-alpha-channel-opacity\"\/>\n\n\n\n<h2 class=\"wp-block-heading\" id=\"despre-autoare\">Despre Autoare<\/h2>\n\n\n\n<div class=\"wp-block-media-text alignwide is-stacked-on-mobile is-vertically-aligned-top\" style=\"grid-template-columns:15% auto\"><figure class=\"wp-block-media-text__media\"><img loading=\"lazy\" decoding=\"async\" width=\"138\" height=\"140\" src=\"https:\/\/www.the-travel-bunny.com\/ro\/wp-content\/uploads\/sites\/2\/2021\/05\/Mirela-Letailleur-or-The-Travel-Bunny.jpg\" alt=\"Mirela Letailleur sau The Travel Bunny\" class=\"wp-image-481 size-full\" title=\"\"><\/figure><div class=\"wp-block-media-text__content\">\n<p class=\"has-small-font-size\">Bun\u0103, sunt <strong>Mirela Letailleur<\/strong>, o bloggeri\u021b\u0103 de c\u0103l\u0103torii n\u0103scut\u0103 \u00een Rom\u00e2nia, stabilit\u0103 acum \u00een sudul Fran\u021bei. Prin blogul meu, <em>The Travel Bunny<\/em>, mi-am propus s\u0103 \u00eemp\u0103rt\u0103\u0219esc sfaturi practice \u0219i accesibile pentru vacan\u021be, f\u0103r\u0103 s\u0103 renun\u021b la experien\u021be de neuitat. Cu ani de explorare prin Europa \u0219i ghiduri de c\u0103l\u0103torie bine documentate, m\u0103 concentrez pe a ajuta aventurierii s\u0103 descopere locuri ascunse, s\u0103 \u00een\u021beleag\u0103 cultura local\u0103 \u0219i s\u0103 se bucure de c\u0103l\u0103torii f\u0103r\u0103 b\u0103t\u0103i de cap sau cheltuieli exagerate. De la escapade urbane accesibile la refugii autentice \u00een natur\u0103, expertiza mea te ajut\u0103 s\u0103 profi\u021bi la maximum de fiecare vacan\u021b\u0103.<\/p>\n\n\n\n<p class=\"has-small-font-size\">C\u00e2nd vine vorba de <strong>sfaturi de c\u0103l\u0103torie iarna<\/strong>, m\u0103 bazez pe experien\u021ba proprie, travers\u00e2nd drumuri \u00eenghe\u021bate, poteci montane \u00eenz\u0103pezite \u0219i pie\u021be de Cr\u0103ciun fermec\u0103toare din \u00eentreaga Europ\u0103. Sunt pasionat\u0103 de combinarea planific\u0103rii inteligente cu perspective locale, pentru a te ajuta s\u0103 r\u0103m\u00e2i cald, \u00een siguran\u021b\u0103 \u0219i f\u0103r\u0103 stres \u2014 fie c\u0103 explorezi peisaje acoperite de z\u0103pad\u0103, fie c\u0103 pleci \u00een <em>vacan\u021ba de iarn\u0103 cu copiii<\/em>. Dac\u0103 \u00ee\u021bi dore\u0219ti o perspectiv\u0103 din interior de la cineva care a fost acolo, a \u00eempachetat tot ce trebuie \u0219i a dep\u0103\u0219it orice provocare, ai ajuns \u00een locul potrivit. Hai s\u0103 transform\u0103m urm\u0103toarea ta <strong>vacan\u021ba de iarn\u0103<\/strong> \u00eentr-o experien\u021b\u0103 de neuitat!<\/p>\n\n\n\n<p class=\"has-text-align-right has-small-font-size\"><a href=\"https:\/\/www.the-travel-bunny.com\/ro\/despre-travel-bunny\/mirela-letailleur\/\" class=\"rank-math-link\">Mai multe despre Mirela Letailleur<\/a><\/p>\n<\/div><\/div>\n\n\n<div class=\"wp-block-scriptless-social-sharing-buttons\"><div class=\"scriptlesssocialsharing\"><div class=\"scriptlesssocialsharing__buttons no-icons\"><a class=\"button facebook\" target=\"_blank\" href=\"https:\/\/www.facebook.com\/sharer\/sharer.php?u=https%3A%2F%2Fwww.the-travel-bunny.com%2Fro%2Fsfaturi-de-vacanta-iarna%2F\" rel=\"noopener noreferrer nofollow\"><span class=\"sss-name\"><span class=\"screen-reader-text\">Share on <\/span>Facebook<\/span><\/a><a class=\"button twitter\" target=\"_blank\" href=\"https:\/\/twitter.com\/intent\/tweet?text=Sfaturi%20de%20Vacan%C8%9B%C4%83%20Iarna%3A%20Fii%20%C3%AEn%20Siguran%C8%9B%C4%83%2C%20Stai%20la%20Cald%20%C8%99i%20Bucur%C4%83-te%20de%20C%C4%83l%C4%83torie&#038;url=https%3A%2F%2Fwww.the-travel-bunny.com%2Fro%2Fsfaturi-de-vacanta-iarna%2F&#038;via=mirela_iepurela&#038;related=mirela_iepurela\" rel=\"noopener noreferrer nofollow\"><span class=\"sss-name\"><span class=\"screen-reader-text\">Share on <\/span>X (Twitter)<\/span><\/a><a class=\"button pinterest\" target=\"_blank\" href=\"https:\/\/pinterest.com\/pin\/create\/button\/?url=https%3A%2F%2Fwww.the-travel-bunny.com%2Fro%2Fsfaturi-de-vacanta-iarna%2F&#038;media=https%3A%2F%2Fwww.the-travel-bunny.com%2Fro%2Fwp-content%2Fuploads%2Fsites%2F2%2F2024%2F12%2Fsfaturi-de-vacanta-iarna.jpg&#038;description=Sfaturi%20de%20Vacan%C8%9B%C4%83%20Iarna%3A%20Fii%20%C3%AEn%20Siguran%C8%9B%C4%83%2C%20Stai%20la%20Cald%20%C8%99i%20Bucur%C4%83-te%20de%20C%C4%83l%C4%83torie\" rel=\"noopener noreferrer nofollow\" data-pin-no-hover=\"true\" data-pin-custom=\"true\" data-pin-do=\"skip\" data-pin-description=\"Sfaturi de Vacan\u021b\u0103 Iarna: Fii \u00een Siguran\u021b\u0103, Stai la Cald \u0219i Bucur\u0103-te de C\u0103l\u0103torie\"><span class=\"sss-name\"><span class=\"screen-reader-text\">Share on <\/span>Pinterest<\/span><\/a><a class=\"button whatsapp\" target=\"_blank\" href=\"https:\/\/api.whatsapp.com\/send?text=Sfaturi%20de%20Vacan%C8%9B%C4%83%20Iarna%3A%20Fii%20%C3%AEn%20Siguran%C8%9B%C4%83%2C%20Stai%20la%20Cald%20%C8%99i%20Bucur%C4%83-te%20de%20C%C4%83l%C4%83torie%20%E2%80%94%20https%3A%2F%2Fwww.the-travel-bunny.com%2Fro%2Fsfaturi-de-vacanta-iarna%2F\" rel=\"noopener noreferrer nofollow\"><span class=\"sss-name\"><span class=\"screen-reader-text\">Share on <\/span>WhatsApp<\/span><\/a><a class=\"button email\" href=\"mailto:?body=Am%20citit%20acest%20articol%20de%20vacan%C8%9B%C4%83%20%C8%99i%20m-am%20g%C3%A2ndit%20la%20tine.%20Iat%C4%83%20%C8%99i%20link-ul%3A%20https%3A%2F%2Fwww.the-travel-bunny.com%2Fro%2Fsfaturi-de-vacanta-iarna%2F&#038;subject=Promit%20c%C4%83%20o%20s%C4%83%20%C3%AE%C8%9Bi%20plac%C4%83%3A%20Sfaturi%20de%20Vacan%C8%9B%C4%83%20Iarna%3A%20Fii%20%C3%AEn%20Siguran%C8%9B%C4%83%2C%20Stai%20la%20Cald%20%C8%99i%20Bucur%C4%83-te%20de%20C%C4%83l%C4%83torie\" rel=\"noopener noreferrer nofollow\" ><span class=\"sss-name\"><span class=\"screen-reader-text\">Share on <\/span>Email<\/span><\/a><\/div><\/div><\/div>\n\n\n<p class=\"has-small-font-size\"><strong>Cu aceste sfaturi de c\u0103l\u0103torie iarna, e\u0219ti gata de plecare! Alege cea mai bun\u0103 destina\u021bie pentru urm\u0103toarea vacan\u021b\u0103 de iarn\u0103<\/strong><br><a href=\"https:\/\/www.the-travel-bunny.com\/ro\/statiuni-de-schi-din-lake-tahoe\/\">Top 15 cele mai bune sta\u021biuni de schi din Lake Tahoe<\/a><br><a href=\"https:\/\/www.the-travel-bunny.com\/ro\/statiuni-de-schi-in-franta\/\">La schi \u00een Fran\u021ba: Top 6 sta\u021biuni de schi \u00een Fran\u021ba<\/a><br><a href=\"https:\/\/www.the-travel-bunny.com\/ro\/vacanta-la-schi-in-bulgaria\/\">Vacan\u021b\u0103 la schi \u00een Bulgaria la Bansko \u0219i Pamporovo<\/a><\/p>\n","protected":false},"excerpt":{"rendered":"<p>Iarna aduce un farmec aparte \u2014 str\u0103zi acoperite de z\u0103pad\u0103, copaci \u00eenghe\u021ba\u021bi \u0219i lumina cald\u0103 a unui foc dup\u0103 o zi lung\u0103. Dar vacan\u021ba de iarn\u0103 poate fi \u0219i o provocare. Drumurile \u00eenghea\u021b\u0103, vremea \u00ee\u021bi poate da planurile peste cap, iar s\u0103 te men\u021bii cald\u0103 \u0219i confortabil\u0103 pare uneori o misiune imposibil\u0103. Dup\u0103 ani de c\u0103l\u0103torii \u00een sezonul rece \u0219i navigarea terenurilor \u00eenz\u0103pezite, am adunat c\u00e2teva sfaturi de c\u0103l\u0103torie iarna care fac diferen\u021ba. Acest ghid te va ajuta s\u0103 fii preg\u0103tit\u0103, s\u0103 r\u0103m\u00e2i \u00een siguran\u021b\u0103 \u0219i s\u0103 te bucuri de vacan\u021b\u0103 iarna, fie c\u0103 pleci la schi, faci un road &#8230; <\/p>\n<p class=\"read-more-container\"><a title=\"Sfaturi de Vacan\u021b\u0103 Iarna: Fii \u00een Siguran\u021b\u0103, Stai la Cald \u0219i Bucur\u0103-te de C\u0103l\u0103torie\" class=\"read-more button\" href=\"https:\/\/www.the-travel-bunny.com\/ro\/sfaturi-de-vacanta-iarna\/#more-9245\" aria-label=\"Cite\u0219te mai multe despre Sfaturi de Vacan\u021b\u0103 Iarna: Fii \u00een Siguran\u021b\u0103, Stai la Cald \u0219i Bucur\u0103-te de C\u0103l\u0103torie\">Read more<\/a><\/p>\n","protected":false},"author":1,"featured_media":9256,"comment_status":"closed","ping_status":"closed","sticky":false,"template":"","format":"standard","meta":{"footnotes":""},"categories":[47],"tags":[60,57],"class_list":["post-9245","post","type-post","status-publish","format-standard","has-post-thumbnail","hentry","category-sfaturi-de-calatorie","tag-vacante-cu-familia","tag-vacante-iarna","resize-featured-image"],"_links":{"self":[{"href":"https:\/\/www.the-travel-bunny.com\/ro\/wp-json\/wp\/v2\/posts\/9245","targetHints":{"allow":["GET"]}}],"collection":[{"href":"https:\/\/www.the-travel-bunny.com\/ro\/wp-json\/wp\/v2\/posts"}],"about":[{"href":"https:\/\/www.the-travel-bunny.com\/ro\/wp-json\/wp\/v2\/types\/post"}],"author":[{"embeddable":true,"href":"https:\/\/www.the-travel-bunny.com\/ro\/wp-json\/wp\/v2\/users\/1"}],"replies":[{"embeddable":true,"href":"https:\/\/www.the-travel-bunny.com\/ro\/wp-json\/wp\/v2\/comments?post=9245"}],"version-history":[{"count":6,"href":"https:\/\/www.the-travel-bunny.com\/ro\/wp-json\/wp\/v2\/posts\/9245\/revisions"}],"predecessor-version":[{"id":11236,"href":"https:\/\/www.the-travel-bunny.com\/ro\/wp-json\/wp\/v2\/posts\/9245\/revisions\/11236"}],"wp:featuredmedia":[{"embeddable":true,"href":"https:\/\/www.the-travel-bunny.com\/ro\/wp-json\/wp\/v2\/media\/9256"}],"wp:attachment":[{"href":"https:\/\/www.the-travel-bunny.com\/ro\/wp-json\/wp\/v2\/media?parent=9245"}],"wp:term":[{"taxonomy":"category","embeddable":true,"href":"https:\/\/www.the-travel-bunny.com\/ro\/wp-json\/wp\/v2\/categories?post=9245"},{"taxonomy":"post_tag","embeddable":true,"href":"https:\/\/www.the-travel-bunny.com\/ro\/wp-json\/wp\/v2\/tags?post=9245"}],"curies":[{"name":"wp","href":"https:\/\/api.w.org\/{rel}","templated":true}]}}